{"id":1006,"date":"2025-01-17T02:22:00","date_gmt":"2025-01-17T01:22:00","guid":{"rendered":"https:\/\/jumeaux91.fr\/blog\/ivan-et-vassily-makarenko-ont-repris-la-creperie-ti-clementine-a-concarneau\/"},"modified":"2025-01-17T02:22:00","modified_gmt":"2025-01-17T01:22:00","slug":"ivan-et-vassily-makarenko-ont-repris-la-creperie-ti-clementine-a-concarneau","status":"publish","type":"post","link":"https:\/\/jumeaux91.fr\/blog\/ivan-et-vassily-makarenko-ont-repris-la-creperie-ti-clementine-a-concarneau\/","title":{"rendered":"Ivan et Vassily Makarenko ont repris la cr\u00eaperie Ti Cl\u00e9mentine \u00e0 Concarneau"},"content":{"rendered":"<div><img decoding=\"async\" src=\"https:\/\/jumeaux91.fr\/blog\/wp-content\/uploads\/2025\/01\/ivan-et-vassily-makarenko-ont-repris-la-creperie-ti-clementine-a-concarneau.jpg\" class=\"ff-og-image-inserted\"><\/div>\n<div>\n<p><a href=\"https:\/\/www.letelegramme.fr\/finistere\/concarneau-29900\/a-concarneau-ti-clementine-devient-un-coffee-shop-et-propose-de-la-location-de-velos-6557612.php\" target=\"_blank\" rel=\"nofollow\">La cr\u00eaperie Ti Cl\u00e9mentine<\/a> vient d\u2019\u00eatre reprise par Ivan et Vassily Makarenko, des fr\u00e8res jumeaux de 28 ans. Ils proposent des cr\u00eapes et galettes pr\u00e9par\u00e9es par Ivan. Un projet professionnel qui a permis aux fr\u00e8res de se retrouver apr\u00e8s s\u2019\u00eatre perdus de vue pendant dix ans.<\/p>\n<\/div>\n<div aria-hidden=\"true\">\n<p>Ivan et Vassily, comme le pr\u00e9nom l\u2019indique, ont des origines russes&nbsp;: \u00ab&nbsp;Mais nous sommes fran\u00e7ais&nbsp;\u00bb, sourit Ivan. Ce dernier travaille depuis 18 ans dans la restauration. Il est arriv\u00e9 en Bretagne il y a dix ans. Quant \u00e0 son fr\u00e8re, apr\u00e8s dix ans de fonction publique, il en a eu assez&nbsp;: \u00ab&nbsp;J\u2019avais tr\u00e8s envie de travailler avec mon fr\u00e8re. On s\u2019est perdu de vue \u00e0 l\u2019\u00e2ge de 18 ans, chacun partant vivre sa vie et, gr\u00e2ce \u00e0 ce projet, nous nous retrouvons \u00e0 nouveau&nbsp;\u00bb.<\/p>\n<h2>\u00ab&nbsp;Nos produits sont frais et locaux&nbsp;\u00bb<\/h2>\n<\/div>\n<div aria-hidden=\"true\">\n<p>Ils ont choisi Concarneau pour s\u2019installer car ils appr\u00e9cient le c\u00f4t\u00e9 paisible, convivial et humain de la ville. Mais il n\u2019y a pas que \u00e7a. \u00ab&nbsp;On a retrouv\u00e9 une photo de nous, quand nous \u00e9tions ados. Nous avons \u00e9t\u00e9 photographi\u00e9s devant la statue en bronze du cormoran qui est juste devant Ti Cl\u00e9mentine. C\u2019est un signe&nbsp;\u00bb, se rem\u00e9morent-ils.<\/p>\n<p>Vassily a suivi une formation de cr\u00eapier \u00e0 l\u2019\u00e9cole de Bertrand Larcher puis a form\u00e9 son fr\u00e8re \u00e0 l\u2019art de la cr\u00eape. La carte propose un large choix de galettes traditionnelles, compl\u00e8tes et sp\u00e9ciales, notamment une Norv\u00e9gienne \u00e0 la truite fum\u00e9e, une Foresti\u00e8re et la fameuse Bretonne aux rillettes de sardines faites maison. \u00ab&nbsp;La farine provient du Moulin de l\u2019\u00c9cluse \u00e0 Pont-Aven. Nos produits sont frais et locaux&nbsp;\u00bb. Au niveau des cr\u00eapes au froment, on se laisse tenter par la tatin, la mari\u00e9e avec marmelade d\u2019oranges am\u00e8res et sauce chocolat ou par des glaces artisanales.<\/p>\n<h3 class=\"titre-note\"><b>Pratique<\/b><\/h3>\n<\/div>\n<div aria-hidden=\"true\">\n<p class=\"note\">L\u2019\u00e9tablissement est ouvert du mardi au dimanche midi pendant quinze jours, puis du mercredi au dimanche tous les midis et le vendredi et samedi soir. Pendant la saison, ouverture 7 jours sur 7. Adresse. Quai de la Croix. T\u00e9l. 02&nbsp;29&nbsp;20&nbsp;98&nbsp;64.<\/p>\n<\/div>\n<p>La chronique se veut g\u00e9n\u00e9r\u00e9e de la fa\u00e7on la plus claire que possible. Dans le cas o\u00f9 vous souhaitez pr\u00e9senter des renseignements compl\u00e9mentaires \u00e0 cet article sur le sujet \u00ab\u00a0Fr\u00e8res jumeaux de l&rsquo;Essonnes\u00a0\u00bb il vous est possible d\u2019\u00e9crire aux contacts indiqu\u00e9s sur notre website. La raison d\u2019\u00eatre de jumeaux91.fr \u00e9tant de rassembler sur le web des posts sur le sujet de Fr\u00e8res jumeaux de l&rsquo;Essonnes puis les diffuser en r\u00e9pondant au mieux aux interrogations des gens. Vous pouvez tirer profit de cet article traitant le sujet \u00ab\u00a0Fr\u00e8res jumeaux de l&rsquo;Essonnes\u00a0\u00bb. Il est concoct\u00e9 par l\u2019\u00e9quipe jumeaux91.fr. Prochainement, nous rendrons accessibles au public d&rsquo;autres informations pertinentes sur le sujet \u00ab\u00a0Fr\u00e8res jumeaux de l&rsquo;Essonnes\u00a0\u00bb. Alors, consultez syst\u00e9matiquement notre blog.<\/p>\n","protected":false},"excerpt":{"rendered":"<p>La cr\u00eaperie Ti Cl\u00e9mentine vient d\u2019\u00eatre reprise par Ivan et Vassily Makarenko, des fr\u00e8res jumeaux de 28 ans. Ils proposent des cr\u00eapes et galettes pr\u00e9par\u00e9es par Ivan. Un projet professionnel qui a permis aux fr\u00e8res de se retrouver apr\u00e8s s\u2019\u00eatre perdus de vue pendant dix ans. Ivan et Vassily, comme le pr\u00e9nom l\u2019indique, ont des&hellip; <a class=\"more-link\" href=\"https:\/\/jumeaux91.fr\/blog\/ivan-et-vassily-makarenko-ont-repris-la-creperie-ti-clementine-a-concarneau\/\">Poursuivre la lecture <span class=\"screen-reader-text\">Ivan et Vassily Makarenko ont repris la cr\u00eaperie Ti Cl\u00e9mentine \u00e0 Concarneau<\/span><\/a><\/p>\n","protected":false},"author":2,"featured_media":1007,"comment_status":"closed","ping_status":"closed","sticky":false,"template":"","format":"standard","meta":{"footnotes":""},"categories":[4],"tags":[],"class_list":["post-1006","post","type-post","status-publish","format-standard","has-post-thumbnail","hentry","category-posts-freres-jumeaux-de-lessonnes","entry"],"yoast_head":"<!-- This site is optimized with the Yoast SEO plugin v27.5 - https:\/\/yoast.com\/product\/yoast-seo-wordpress\/ -->\n<title>Ivan et Vassily Makarenko ont repris la cr\u00eaperie Ti Cl\u00e9mentine \u00e0 Concarneau - JUMEAUX91<\/title>\n<meta name=\"robots\" content=\"index, follow, max-snippet:-1, max-image-preview:large, max-video-preview:-1\" \/>\n<link rel=\"canonical\" href=\"https:\/\/jumeaux91.fr\/blog\/ivan-et-vassily-makarenko-ont-repris-la-creperie-ti-clementine-a-concarneau\/\" \/>\n<meta property=\"og:locale\" content=\"fr_FR\" \/>\n<meta property=\"og:type\" content=\"article\" \/>\n<meta property=\"og:title\" content=\"Ivan et Vassily Makarenko ont repris la cr\u00eaperie Ti Cl\u00e9mentine \u00e0 Concarneau - JUMEAUX91\" \/>\n<meta property=\"og:description\" content=\"La cr\u00eaperie Ti Cl\u00e9mentine vient d\u2019\u00eatre reprise par Ivan et Vassily Makarenko, des fr\u00e8res jumeaux de 28 ans. Ils proposent des cr\u00eapes et galettes pr\u00e9par\u00e9es par Ivan. Un projet professionnel qui a permis aux fr\u00e8res de se retrouver apr\u00e8s s\u2019\u00eatre perdus de vue pendant dix ans. Ivan et Vassily, comme le pr\u00e9nom l\u2019indique, ont des&hellip; Poursuivre la lecture Ivan et Vassily Makarenko ont repris la cr\u00eaperie Ti Cl\u00e9mentine \u00e0 Concarneau\" \/>\n<meta property=\"og:url\" content=\"https:\/\/jumeaux91.fr\/blog\/ivan-et-vassily-makarenko-ont-repris-la-creperie-ti-clementine-a-concarneau\/\" \/>\n<meta property=\"og:site_name\" content=\"JUMEAUX91\" \/>\n<meta property=\"article:published_time\" content=\"2025-01-17T01:22:00+00:00\" \/>\n<meta property=\"og:image\" content=\"https:\/\/jumeaux91.fr\/blog\/wp-content\/uploads\/2025\/01\/ivan-et-vassily-makarenko-ont-repris-la-creperie-ti-clementine-a-concarneau.jpg\" \/>\n<meta name=\"author\" content=\"Claude DAYRES\" \/>\n<meta name=\"twitter:card\" content=\"summary_large_image\" \/>\n<meta name=\"twitter:label1\" content=\"\u00c9crit par\" \/>\n\t<meta name=\"twitter:data1\" content=\"Claude DAYRES\" \/>\n\t<meta name=\"twitter:label2\" content=\"Dur\u00e9e de lecture estim\u00e9e\" \/>\n\t<meta name=\"twitter:data2\" content=\"3 minutes\" \/>\n<script type=\"application\/ld+json\" class=\"yoast-schema-graph\">{\"@context\":\"https:\\\/\\\/schema.org\",\"@graph\":[{\"@type\":\"Article\",\"@id\":\"https:\\\/\\\/jumeaux91.fr\\\/blog\\\/ivan-et-vassily-makarenko-ont-repris-la-creperie-ti-clementine-a-concarneau\\\/#article\",\"isPartOf\":{\"@id\":\"https:\\\/\\\/jumeaux91.fr\\\/blog\\\/ivan-et-vassily-makarenko-ont-repris-la-creperie-ti-clementine-a-concarneau\\\/\"},\"author\":{\"name\":\"Claude DAYRES\",\"@id\":\"https:\\\/\\\/jumeaux91.fr\\\/blog\\\/#\\\/schema\\\/person\\\/21da06e9f119b9f64e5d45dbbd32d3fb\"},\"headline\":\"Ivan et Vassily Makarenko ont repris la cr\u00eaperie Ti Cl\u00e9mentine \u00e0 Concarneau\",\"datePublished\":\"2025-01-17T01:22:00+00:00\",\"mainEntityOfPage\":{\"@id\":\"https:\\\/\\\/jumeaux91.fr\\\/blog\\\/ivan-et-vassily-makarenko-ont-repris-la-creperie-ti-clementine-a-concarneau\\\/\"},\"wordCount\":530,\"publisher\":{\"@id\":\"https:\\\/\\\/jumeaux91.fr\\\/blog\\\/#organization\"},\"image\":{\"@id\":\"https:\\\/\\\/jumeaux91.fr\\\/blog\\\/ivan-et-vassily-makarenko-ont-repris-la-creperie-ti-clementine-a-concarneau\\\/#primaryimage\"},\"thumbnailUrl\":\"https:\\\/\\\/jumeaux91.fr\\\/blog\\\/wp-content\\\/uploads\\\/2025\\\/01\\\/ivan-et-vassily-makarenko-ont-repris-la-creperie-ti-clementine-a-concarneau.jpg\",\"articleSection\":[\"Posts Fr\u00e8res Jumeaux De L'Essonnes:\"],\"inLanguage\":\"fr-FR\"},{\"@type\":\"WebPage\",\"@id\":\"https:\\\/\\\/jumeaux91.fr\\\/blog\\\/ivan-et-vassily-makarenko-ont-repris-la-creperie-ti-clementine-a-concarneau\\\/\",\"url\":\"https:\\\/\\\/jumeaux91.fr\\\/blog\\\/ivan-et-vassily-makarenko-ont-repris-la-creperie-ti-clementine-a-concarneau\\\/\",\"name\":\"Ivan et Vassily Makarenko ont repris la cr\u00eaperie Ti Cl\u00e9mentine \u00e0 Concarneau - JUMEAUX91\",\"isPartOf\":{\"@id\":\"https:\\\/\\\/jumeaux91.fr\\\/blog\\\/#website\"},\"primaryImageOfPage\":{\"@id\":\"https:\\\/\\\/jumeaux91.fr\\\/blog\\\/ivan-et-vassily-makarenko-ont-repris-la-creperie-ti-clementine-a-concarneau\\\/#primaryimage\"},\"image\":{\"@id\":\"https:\\\/\\\/jumeaux91.fr\\\/blog\\\/ivan-et-vassily-makarenko-ont-repris-la-creperie-ti-clementine-a-concarneau\\\/#primaryimage\"},\"thumbnailUrl\":\"https:\\\/\\\/jumeaux91.fr\\\/blog\\\/wp-content\\\/uploads\\\/2025\\\/01\\\/ivan-et-vassily-makarenko-ont-repris-la-creperie-ti-clementine-a-concarneau.jpg\",\"datePublished\":\"2025-01-17T01:22:00+00:00\",\"breadcrumb\":{\"@id\":\"https:\\\/\\\/jumeaux91.fr\\\/blog\\\/ivan-et-vassily-makarenko-ont-repris-la-creperie-ti-clementine-a-concarneau\\\/#breadcrumb\"},\"inLanguage\":\"fr-FR\",\"potentialAction\":[{\"@type\":\"ReadAction\",\"target\":[\"https:\\\/\\\/jumeaux91.fr\\\/blog\\\/ivan-et-vassily-makarenko-ont-repris-la-creperie-ti-clementine-a-concarneau\\\/\"]}]},{\"@type\":\"ImageObject\",\"inLanguage\":\"fr-FR\",\"@id\":\"https:\\\/\\\/jumeaux91.fr\\\/blog\\\/ivan-et-vassily-makarenko-ont-repris-la-creperie-ti-clementine-a-concarneau\\\/#primaryimage\",\"url\":\"https:\\\/\\\/jumeaux91.fr\\\/blog\\\/wp-content\\\/uploads\\\/2025\\\/01\\\/ivan-et-vassily-makarenko-ont-repris-la-creperie-ti-clementine-a-concarneau.jpg\",\"contentUrl\":\"https:\\\/\\\/jumeaux91.fr\\\/blog\\\/wp-content\\\/uploads\\\/2025\\\/01\\\/ivan-et-vassily-makarenko-ont-repris-la-creperie-ti-clementine-a-concarneau.jpg\",\"width\":1200,\"height\":750,\"caption\":\"Ivan et Vassily Makarenko ont repris la cr\u00eaperie Ti Cl\u00e9mentine \u00e0 Concarneau\"},{\"@type\":\"BreadcrumbList\",\"@id\":\"https:\\\/\\\/jumeaux91.fr\\\/blog\\\/ivan-et-vassily-makarenko-ont-repris-la-creperie-ti-clementine-a-concarneau\\\/#breadcrumb\",\"itemListElement\":[{\"@type\":\"ListItem\",\"position\":1,\"name\":\"Accueil\",\"item\":\"https:\\\/\\\/jumeaux91.fr\\\/blog\\\/\"},{\"@type\":\"ListItem\",\"position\":2,\"name\":\"Ivan et Vassily Makarenko ont repris la cr\u00eaperie Ti Cl\u00e9mentine \u00e0 Concarneau\"}]},{\"@type\":\"WebSite\",\"@id\":\"https:\\\/\\\/jumeaux91.fr\\\/blog\\\/#website\",\"url\":\"https:\\\/\\\/jumeaux91.fr\\\/blog\\\/\",\"name\":\"JUMEAUX91\",\"description\":\"Fr\u00e8res jumeaux de l&#039;Essonnes; informations et archives, \u00e0 savoir et retenir.\",\"publisher\":{\"@id\":\"https:\\\/\\\/jumeaux91.fr\\\/blog\\\/#organization\"},\"potentialAction\":[{\"@type\":\"SearchAction\",\"target\":{\"@type\":\"EntryPoint\",\"urlTemplate\":\"https:\\\/\\\/jumeaux91.fr\\\/blog\\\/?s={search_term_string}\"},\"query-input\":{\"@type\":\"PropertyValueSpecification\",\"valueRequired\":true,\"valueName\":\"search_term_string\"}}],\"inLanguage\":\"fr-FR\"},{\"@type\":\"Organization\",\"@id\":\"https:\\\/\\\/jumeaux91.fr\\\/blog\\\/#organization\",\"name\":\"jumeaux91\",\"url\":\"https:\\\/\\\/jumeaux91.fr\\\/blog\\\/\",\"logo\":{\"@type\":\"ImageObject\",\"inLanguage\":\"fr-FR\",\"@id\":\"https:\\\/\\\/jumeaux91.fr\\\/blog\\\/#\\\/schema\\\/logo\\\/image\\\/\",\"url\":\"https:\\\/\\\/jumeaux91.fr\\\/blog\\\/wp-content\\\/uploads\\\/2023\\\/05\\\/cropped-cropped-logoJ_91.png\",\"contentUrl\":\"https:\\\/\\\/jumeaux91.fr\\\/blog\\\/wp-content\\\/uploads\\\/2023\\\/05\\\/cropped-cropped-logoJ_91.png\",\"width\":512,\"height\":512,\"caption\":\"jumeaux91\"},\"image\":{\"@id\":\"https:\\\/\\\/jumeaux91.fr\\\/blog\\\/#\\\/schema\\\/logo\\\/image\\\/\"}},{\"@type\":\"Person\",\"@id\":\"https:\\\/\\\/jumeaux91.fr\\\/blog\\\/#\\\/schema\\\/person\\\/21da06e9f119b9f64e5d45dbbd32d3fb\",\"name\":\"Claude DAYRES\",\"image\":{\"@type\":\"ImageObject\",\"inLanguage\":\"fr-FR\",\"@id\":\"https:\\\/\\\/secure.gravatar.com\\\/avatar\\\/82eb951df6110a2c48d1bfa7a67d1ee6f0cd5df3cbf9c3586dd61e82db7172a5?s=96&d=mm&r=g\",\"url\":\"https:\\\/\\\/secure.gravatar.com\\\/avatar\\\/82eb951df6110a2c48d1bfa7a67d1ee6f0cd5df3cbf9c3586dd61e82db7172a5?s=96&d=mm&r=g\",\"contentUrl\":\"https:\\\/\\\/secure.gravatar.com\\\/avatar\\\/82eb951df6110a2c48d1bfa7a67d1ee6f0cd5df3cbf9c3586dd61e82db7172a5?s=96&d=mm&r=g\",\"caption\":\"Claude DAYRES\"},\"url\":\"https:\\\/\\\/jumeaux91.fr\\\/blog\\\/author\\\/x91claude\\\/\"}]}<\/script>\n<!-- \/ Yoast SEO plugin. -->","yoast_head_json":{"title":"Ivan et Vassily Makarenko ont repris la cr\u00eaperie Ti Cl\u00e9mentine \u00e0 Concarneau - JUMEAUX91","robots":{"index":"index","follow":"follow","max-snippet":"max-snippet:-1","max-image-preview":"max-image-preview:large","max-video-preview":"max-video-preview:-1"},"canonical":"https:\/\/jumeaux91.fr\/blog\/ivan-et-vassily-makarenko-ont-repris-la-creperie-ti-clementine-a-concarneau\/","og_locale":"fr_FR","og_type":"article","og_title":"Ivan et Vassily Makarenko ont repris la cr\u00eaperie Ti Cl\u00e9mentine \u00e0 Concarneau - JUMEAUX91","og_description":"La cr\u00eaperie Ti Cl\u00e9mentine vient d\u2019\u00eatre reprise par Ivan et Vassily Makarenko, des fr\u00e8res jumeaux de 28 ans. Ils proposent des cr\u00eapes et galettes pr\u00e9par\u00e9es par Ivan. Un projet professionnel qui a permis aux fr\u00e8res de se retrouver apr\u00e8s s\u2019\u00eatre perdus de vue pendant dix ans. Ivan et Vassily, comme le pr\u00e9nom l\u2019indique, ont des&hellip; Poursuivre la lecture Ivan et Vassily Makarenko ont repris la cr\u00eaperie Ti Cl\u00e9mentine \u00e0 Concarneau","og_url":"https:\/\/jumeaux91.fr\/blog\/ivan-et-vassily-makarenko-ont-repris-la-creperie-ti-clementine-a-concarneau\/","og_site_name":"JUMEAUX91","article_published_time":"2025-01-17T01:22:00+00:00","og_image":[{"url":"https:\/\/jumeaux91.fr\/blog\/wp-content\/uploads\/2025\/01\/ivan-et-vassily-makarenko-ont-repris-la-creperie-ti-clementine-a-concarneau.jpg","type":"","width":"","height":""}],"author":"Claude DAYRES","twitter_card":"summary_large_image","twitter_misc":{"\u00c9crit par":"Claude DAYRES","Dur\u00e9e de lecture estim\u00e9e":"3 minutes"},"schema":{"@context":"https:\/\/schema.org","@graph":[{"@type":"Article","@id":"https:\/\/jumeaux91.fr\/blog\/ivan-et-vassily-makarenko-ont-repris-la-creperie-ti-clementine-a-concarneau\/#article","isPartOf":{"@id":"https:\/\/jumeaux91.fr\/blog\/ivan-et-vassily-makarenko-ont-repris-la-creperie-ti-clementine-a-concarneau\/"},"author":{"name":"Claude DAYRES","@id":"https:\/\/jumeaux91.fr\/blog\/#\/schema\/person\/21da06e9f119b9f64e5d45dbbd32d3fb"},"headline":"Ivan et Vassily Makarenko ont repris la cr\u00eaperie Ti Cl\u00e9mentine \u00e0 Concarneau","datePublished":"2025-01-17T01:22:00+00:00","mainEntityOfPage":{"@id":"https:\/\/jumeaux91.fr\/blog\/ivan-et-vassily-makarenko-ont-repris-la-creperie-ti-clementine-a-concarneau\/"},"wordCount":530,"publisher":{"@id":"https:\/\/jumeaux91.fr\/blog\/#organization"},"image":{"@id":"https:\/\/jumeaux91.fr\/blog\/ivan-et-vassily-makarenko-ont-repris-la-creperie-ti-clementine-a-concarneau\/#primaryimage"},"thumbnailUrl":"https:\/\/jumeaux91.fr\/blog\/wp-content\/uploads\/2025\/01\/ivan-et-vassily-makarenko-ont-repris-la-creperie-ti-clementine-a-concarneau.jpg","articleSection":["Posts Fr\u00e8res Jumeaux De L'Essonnes:"],"inLanguage":"fr-FR"},{"@type":"WebPage","@id":"https:\/\/jumeaux91.fr\/blog\/ivan-et-vassily-makarenko-ont-repris-la-creperie-ti-clementine-a-concarneau\/","url":"https:\/\/jumeaux91.fr\/blog\/ivan-et-vassily-makarenko-ont-repris-la-creperie-ti-clementine-a-concarneau\/","name":"Ivan et Vassily Makarenko ont repris la cr\u00eaperie Ti Cl\u00e9mentine \u00e0 Concarneau - JUMEAUX91","isPartOf":{"@id":"https:\/\/jumeaux91.fr\/blog\/#website"},"primaryImageOfPage":{"@id":"https:\/\/jumeaux91.fr\/blog\/ivan-et-vassily-makarenko-ont-repris-la-creperie-ti-clementine-a-concarneau\/#primaryimage"},"image":{"@id":"https:\/\/jumeaux91.fr\/blog\/ivan-et-vassily-makarenko-ont-repris-la-creperie-ti-clementine-a-concarneau\/#primaryimage"},"thumbnailUrl":"https:\/\/jumeaux91.fr\/blog\/wp-content\/uploads\/2025\/01\/ivan-et-vassily-makarenko-ont-repris-la-creperie-ti-clementine-a-concarneau.jpg","datePublished":"2025-01-17T01:22:00+00:00","breadcrumb":{"@id":"https:\/\/jumeaux91.fr\/blog\/ivan-et-vassily-makarenko-ont-repris-la-creperie-ti-clementine-a-concarneau\/#breadcrumb"},"inLanguage":"fr-FR","potentialAction":[{"@type":"ReadAction","target":["https:\/\/jumeaux91.fr\/blog\/ivan-et-vassily-makarenko-ont-repris-la-creperie-ti-clementine-a-concarneau\/"]}]},{"@type":"ImageObject","inLanguage":"fr-FR","@id":"https:\/\/jumeaux91.fr\/blog\/ivan-et-vassily-makarenko-ont-repris-la-creperie-ti-clementine-a-concarneau\/#primaryimage","url":"https:\/\/jumeaux91.fr\/blog\/wp-content\/uploads\/2025\/01\/ivan-et-vassily-makarenko-ont-repris-la-creperie-ti-clementine-a-concarneau.jpg","contentUrl":"https:\/\/jumeaux91.fr\/blog\/wp-content\/uploads\/2025\/01\/ivan-et-vassily-makarenko-ont-repris-la-creperie-ti-clementine-a-concarneau.jpg","width":1200,"height":750,"caption":"Ivan et Vassily Makarenko ont repris la cr\u00eaperie Ti Cl\u00e9mentine \u00e0 Concarneau"},{"@type":"BreadcrumbList","@id":"https:\/\/jumeaux91.fr\/blog\/ivan-et-vassily-makarenko-ont-repris-la-creperie-ti-clementine-a-concarneau\/#breadcrumb","itemListElement":[{"@type":"ListItem","position":1,"name":"Accueil","item":"https:\/\/jumeaux91.fr\/blog\/"},{"@type":"ListItem","position":2,"name":"Ivan et Vassily Makarenko ont repris la cr\u00eaperie Ti Cl\u00e9mentine \u00e0 Concarneau"}]},{"@type":"WebSite","@id":"https:\/\/jumeaux91.fr\/blog\/#website","url":"https:\/\/jumeaux91.fr\/blog\/","name":"JUMEAUX91","description":"Fr\u00e8res jumeaux de l&#039;Essonnes; informations et archives, \u00e0 savoir et retenir.","publisher":{"@id":"https:\/\/jumeaux91.fr\/blog\/#organization"},"potentialAction":[{"@type":"SearchAction","target":{"@type":"EntryPoint","urlTemplate":"https:\/\/jumeaux91.fr\/blog\/?s={search_term_string}"},"query-input":{"@type":"PropertyValueSpecification","valueRequired":true,"valueName":"search_term_string"}}],"inLanguage":"fr-FR"},{"@type":"Organization","@id":"https:\/\/jumeaux91.fr\/blog\/#organization","name":"jumeaux91","url":"https:\/\/jumeaux91.fr\/blog\/","logo":{"@type":"ImageObject","inLanguage":"fr-FR","@id":"https:\/\/jumeaux91.fr\/blog\/#\/schema\/logo\/image\/","url":"https:\/\/jumeaux91.fr\/blog\/wp-content\/uploads\/2023\/05\/cropped-cropped-logoJ_91.png","contentUrl":"https:\/\/jumeaux91.fr\/blog\/wp-content\/uploads\/2023\/05\/cropped-cropped-logoJ_91.png","width":512,"height":512,"caption":"jumeaux91"},"image":{"@id":"https:\/\/jumeaux91.fr\/blog\/#\/schema\/logo\/image\/"}},{"@type":"Person","@id":"https:\/\/jumeaux91.fr\/blog\/#\/schema\/person\/21da06e9f119b9f64e5d45dbbd32d3fb","name":"Claude DAYRES","image":{"@type":"ImageObject","inLanguage":"fr-FR","@id":"https:\/\/secure.gravatar.com\/avatar\/82eb951df6110a2c48d1bfa7a67d1ee6f0cd5df3cbf9c3586dd61e82db7172a5?s=96&d=mm&r=g","url":"https:\/\/secure.gravatar.com\/avatar\/82eb951df6110a2c48d1bfa7a67d1ee6f0cd5df3cbf9c3586dd61e82db7172a5?s=96&d=mm&r=g","contentUrl":"https:\/\/secure.gravatar.com\/avatar\/82eb951df6110a2c48d1bfa7a67d1ee6f0cd5df3cbf9c3586dd61e82db7172a5?s=96&d=mm&r=g","caption":"Claude DAYRES"},"url":"https:\/\/jumeaux91.fr\/blog\/author\/x91claude\/"}]}},"_links":{"self":[{"href":"https:\/\/jumeaux91.fr\/blog\/wp-json\/wp\/v2\/posts\/1006","targetHints":{"allow":["GET"]}}],"collection":[{"href":"https:\/\/jumeaux91.fr\/blog\/wp-json\/wp\/v2\/posts"}],"about":[{"href":"https:\/\/jumeaux91.fr\/blog\/wp-json\/wp\/v2\/types\/post"}],"author":[{"embeddable":true,"href":"https:\/\/jumeaux91.fr\/blog\/wp-json\/wp\/v2\/users\/2"}],"replies":[{"embeddable":true,"href":"https:\/\/jumeaux91.fr\/blog\/wp-json\/wp\/v2\/comments?post=1006"}],"version-history":[{"count":0,"href":"https:\/\/jumeaux91.fr\/blog\/wp-json\/wp\/v2\/posts\/1006\/revisions"}],"wp:featuredmedia":[{"embeddable":true,"href":"https:\/\/jumeaux91.fr\/blog\/wp-json\/wp\/v2\/media\/1007"}],"wp:attachment":[{"href":"https:\/\/jumeaux91.fr\/blog\/wp-json\/wp\/v2\/media?parent=1006"}],"wp:term":[{"taxonomy":"category","embeddable":true,"href":"https:\/\/jumeaux91.fr\/blog\/wp-json\/wp\/v2\/categories?post=1006"},{"taxonomy":"post_tag","embeddable":true,"href":"https:\/\/jumeaux91.fr\/blog\/wp-json\/wp\/v2\/tags?post=1006"}],"curies":[{"name":"wp","href":"https:\/\/api.w.org\/{rel}","templated":true}]}}