{"id":1020,"date":"2025-02-10T11:48:00","date_gmt":"2025-02-10T10:48:00","guid":{"rendered":"https:\/\/jumeaux91.fr\/blog\/gemini-choisit-aussi-malte-comme-hub-mica-dans-le-cadre-de-son-expansion-europeenne\/"},"modified":"2025-02-10T11:48:00","modified_gmt":"2025-02-10T10:48:00","slug":"gemini-choisit-aussi-malte-comme-hub-mica-dans-le-cadre-de-son-expansion-europeenne","status":"publish","type":"post","link":"https:\/\/jumeaux91.fr\/blog\/gemini-choisit-aussi-malte-comme-hub-mica-dans-le-cadre-de-son-expansion-europeenne\/","title":{"rendered":"Gemini choisit (aussi ?) Malte comme hub MiCA dans le cadre de son expansion europ\u00e9enne"},"content":{"rendered":"<p><br id=\"sep_para_1\" class=\"sep_para access\"> <\/p>\n<div id=\"para_1\" class=\"para_61449343 resize\">\n<div class=\"photo shadow right\"> <a href=\"void(0)\" rel=\"https:\/\/www.finyear.com\/photo\/art\/grande\/86371351-61449343.jpg?v=1739267015&amp;ibox\" title=\"Gemini choisit (aussi ?) Malte comme hub MiCA dans le cadre de son expansion europ\u00e9enne\" target=\"_blank\" rel=\"nofollow\"><br \/>\n<img decoding=\"async\" class=\"not-responsive\" src=\"https:\/\/jumeaux91.fr\/blog\/wp-content\/uploads\/2025\/02\/gemini-choisit-aussi-malte-comme-hub-mica-dans-le-cadre-de-son-expansion-europeenne.jpg\" alt=\"Gemini choisit (aussi ?) Malte comme hub MiCA dans le cadre de son expansion europ\u00e9enne\" title=\"Gemini choisit (aussi ?) Malte comme hub MiCA dans le cadre de son expansion europ\u00e9enne\"><\/a> <\/div>\n<div class=\"texte\">\n<div class=\"access firstletter\"> \u00ab\u00a0<span>L\u2019approche proactive de Malte visant \u00e0 favoriser l\u2019innovation parmi les soci\u00e9t\u00e9s de technologie financi\u00e8re et d\u2019actifs num\u00e9riques pr\u00e9sente un environnement id\u00e9al pour que Gemini puisse piloter nos op\u00e9rations europ\u00e9ennes.<\/span>\u00a0\u00bb la communication de Gemini plante le d\u00e9cor. <br \/>Ainsi la plateforme d&rsquo;\u00e9change crypto fond\u00e9e par les c\u00e9l\u00e8bres fr\u00e8res jumeaux Winklevoss a elle aussi rejoint le clan des exchanges \u00e0 la recherche de la licence MiCA sous le climat semble-t-il plus propice des autorit\u00e9s maltaises. <br \/>L&rsquo;entreprise rappelle cependant qu&rsquo;\u00e0 Malte, elle a obtenu non pas son premier mais bien son sixi\u00e8me enregistrement de fournisseurs de services d&rsquo;actifs virtuels. Souhaitant ainsi peut-\u00eatre rappeler \u00ab\u00a0s<span>on engagement \u00e0 am\u00e9liorer la conformit\u00e9 r\u00e9glementaire et la croissance europ\u00e9enne\u00a0\u00bb<\/span> <\/p>\n<p>Dans le m\u00eame temps, Gemini officialise le recrutement de cadres sup\u00e9rieurs visant \u00e0 asseoir son d\u00e9veloppement en Europe. <br \/><span>\u00ab\u00a0Parmi ces recrutements figurent Mark Jennings, responsable Europe, Daniel Slutzkin, responsable Royaume-Uni, et Claudio Bedino, responsable de la croissance des consommateurs en Europe. Avec l&rsquo;ouverture de notre bureau \u00e0 Malte, nous pr\u00e9voyons de recruter une \u00e9quipe locale talentueuse pour soutenir notre expansion.\u00a0\u00bb<\/span> <\/p>\n<p>D&rsquo;ici \u00e0 quelques mois, Gemini devrait d\u00e9voiler des fonctionnalit\u00e9s suppl\u00e9mentaires aussi bien pour ses clients particuliers qu&rsquo;institutionnels et devrait renforcer sa pr\u00e9sence locale dans d&rsquo;autres pays d&rsquo;Europe. <\/p>\n<\/div><\/div>\n<\/p><\/div>\n<div id=\"intertitre_2\" class=\"intertitre before_ resize\"> <br class=\"access\"> <\/p>\n<h2 class=\"access\">Mark Jennings, responsable Europe de Gemini<\/h2>\n<\/p><\/div>\n<div id=\"para_2\" class=\"para_61449473 resize\">\n<div class=\"texte\">\n<div class=\"access firstletter\"> <span>\u00ab MiCA est un d\u00e9veloppement r\u00e9glementaire indispensable pour la communaut\u00e9 crypto europ\u00e9enne. Notre d\u00e9cision de faire de Malte notre hub MiCA refl\u00e8te notre engagement \u00e0 respecter les normes r\u00e9glementaires, \u00e0 faire progresser l&rsquo;innovation et \u00e0 fa\u00e7onner l&rsquo;avenir des actifs num\u00e9riques en Europe. Nous esp\u00e9rons qu&rsquo;il servira de mod\u00e8le pour la r\u00e9glementation des crypto-monnaies \u00e0 l&rsquo;\u00e9chelle mondiale. \u00bb<\/span> <\/div>\n<\/p><\/div>\n<\/p><\/div>\n<div id=\"intertitre_3\" class=\"intertitre before_ resize\"> <br class=\"access\"> <\/p>\n<h2 class=\"access\">A PROPOS DE GEMINI<\/h2>\n<\/p><\/div>\n<div id=\"para_3\" class=\"para_61449477 resize\">\n<div class=\"texte\">\n<div class=\"access firstletter\"> Gemini est une plateforme crypto et Web3 internationale fond\u00e9e en 2014 par Cameron et Tyler Winklevoss. Elle offre une large gamme de produits et services cryptos pour les particuliers et les institutions dans plus de 70 pays. Avec ses produits simples, fiables et s\u00e9curis\u00e9s, Gemini inaugure une nouvelle \u00e8re en mati\u00e8re de libert\u00e9 financi\u00e8re, cr\u00e9ative et personnelle. Forte d\u2019une r\u00e9putation reconnue mondialement en termes de s\u00e9curit\u00e9 et de conformit\u00e9 aux r\u00e8gles \u00e9mises par les r\u00e9gulateurs les plus exigeants, la plateforme invite les utilisateurs \u00e0 \u00ab aller l\u00e0 o\u00f9 les euros ne vont pas \u00bb (Go where euros won\u2019t) et \u00e0 devenir des pionniers de cette nouvelle fronti\u00e8re de l&rsquo;innovation financi\u00e8re. <br \/><a class=\"liens\" href=\"https:\/\/www.gemini.com\/eu\" target=\"_blank\" rel=\"nofollow\">Gemini<\/a> <\/div>\n<\/p><\/div>\n<\/p><\/div>\n<div id=\"intertitre_4\" class=\"intertitre before_ resize\"> <br class=\"access\"> <\/p>\n<h2 class=\"access\">lire aussi sur Gemini<\/h2>\n<\/p><\/div>\n<div id=\"para_4\" class=\"para_61449479 resize\">\n<div class=\"hide_module_inside\"> <!-- article_connexe 53944180 --> <\/p>\n<div id=\"mod_53944180\" class=\"mod_53944180 wm-module fullbackground module-article_connexe\">\n<div class=\"entete\">\n<div class=\"fullmod\"> <span>Autres articles<\/span> <\/div>\n<\/div><\/div>\n<\/div><\/div>\n<p> La chronique se veut g\u00e9n\u00e9r\u00e9e de la fa\u00e7on la plus claire que possible. Dans le cas o\u00f9 vous souhaitez pr\u00e9senter des renseignements compl\u00e9mentaires \u00e0 cet article sur le sujet \u00ab\u00a0Fr\u00e8res jumeaux de l&rsquo;Essonnes\u00a0\u00bb il vous est possible d\u2019\u00e9crire aux contacts indiqu\u00e9s sur notre website. La raison d\u2019\u00eatre de jumeaux91.fr \u00e9tant de rassembler sur le web des posts sur le sujet de Fr\u00e8res jumeaux de l&rsquo;Essonnes puis les diffuser en r\u00e9pondant au mieux aux interrogations des gens. Vous pouvez tirer profit de cet article traitant le sujet \u00ab\u00a0Fr\u00e8res jumeaux de l&rsquo;Essonnes\u00a0\u00bb. Il est concoct\u00e9 par l\u2019\u00e9quipe jumeaux91.fr. Prochainement, nous rendrons accessibles au public d&rsquo;autres informations pertinentes sur le sujet \u00ab\u00a0Fr\u00e8res jumeaux de l&rsquo;Essonnes\u00a0\u00bb. Alors, consultez syst\u00e9matiquement notre blog.<\/p>\n","protected":false},"excerpt":{"rendered":"<p>\u00ab\u00a0L\u2019approche proactive de Malte visant \u00e0 favoriser l\u2019innovation parmi les soci\u00e9t\u00e9s de technologie financi\u00e8re et d\u2019actifs num\u00e9riques pr\u00e9sente un environnement id\u00e9al pour que Gemini puisse piloter nos op\u00e9rations europ\u00e9ennes.\u00a0\u00bb la communication de Gemini plante le d\u00e9cor. Ainsi la plateforme d&rsquo;\u00e9change crypto fond\u00e9e par les c\u00e9l\u00e8bres fr\u00e8res jumeaux Winklevoss a elle aussi rejoint le clan des&hellip; <a class=\"more-link\" href=\"https:\/\/jumeaux91.fr\/blog\/gemini-choisit-aussi-malte-comme-hub-mica-dans-le-cadre-de-son-expansion-europeenne\/\">Poursuivre la lecture <span class=\"screen-reader-text\">Gemini choisit (aussi ?) Malte comme hub MiCA dans le cadre de son expansion europ\u00e9enne<\/span><\/a><\/p>\n","protected":false},"author":2,"featured_media":1021,"comment_status":"closed","ping_status":"closed","sticky":false,"template":"","format":"standard","meta":{"footnotes":""},"categories":[4],"tags":[],"class_list":["post-1020","post","type-post","status-publish","format-standard","has-post-thumbnail","hentry","category-posts-freres-jumeaux-de-lessonnes","entry"],"yoast_head":"<!-- This site is optimized with the Yoast SEO plugin v27.5 - https:\/\/yoast.com\/product\/yoast-seo-wordpress\/ -->\n<title>Gemini choisit (aussi ?) Malte comme hub MiCA dans le cadre de son expansion europ\u00e9enne - JUMEAUX91<\/title>\n<meta name=\"robots\" content=\"index, follow, max-snippet:-1, max-image-preview:large, max-video-preview:-1\" \/>\n<link rel=\"canonical\" href=\"https:\/\/jumeaux91.fr\/blog\/gemini-choisit-aussi-malte-comme-hub-mica-dans-le-cadre-de-son-expansion-europeenne\/\" \/>\n<meta property=\"og:locale\" content=\"fr_FR\" \/>\n<meta property=\"og:type\" content=\"article\" \/>\n<meta property=\"og:title\" content=\"Gemini choisit (aussi ?) Malte comme hub MiCA dans le cadre de son expansion europ\u00e9enne - JUMEAUX91\" \/>\n<meta property=\"og:description\" content=\"\u00ab\u00a0L\u2019approche proactive de Malte visant \u00e0 favoriser l\u2019innovation parmi les soci\u00e9t\u00e9s de technologie financi\u00e8re et d\u2019actifs num\u00e9riques pr\u00e9sente un environnement id\u00e9al pour que Gemini puisse piloter nos op\u00e9rations europ\u00e9ennes.\u00a0\u00bb la communication de Gemini plante le d\u00e9cor. Ainsi la plateforme d&rsquo;\u00e9change crypto fond\u00e9e par les c\u00e9l\u00e8bres fr\u00e8res jumeaux Winklevoss a elle aussi rejoint le clan des&hellip; Poursuivre la lecture Gemini choisit (aussi ?) Malte comme hub MiCA dans le cadre de son expansion europ\u00e9enne\" \/>\n<meta property=\"og:url\" content=\"https:\/\/jumeaux91.fr\/blog\/gemini-choisit-aussi-malte-comme-hub-mica-dans-le-cadre-de-son-expansion-europeenne\/\" \/>\n<meta property=\"og:site_name\" content=\"JUMEAUX91\" \/>\n<meta property=\"article:published_time\" content=\"2025-02-10T10:48:00+00:00\" \/>\n<meta property=\"og:image\" content=\"https:\/\/jumeaux91.fr\/blog\/wp-content\/uploads\/2025\/02\/gemini-choisit-aussi-malte-comme-hub-mica-dans-le-cadre-de-son-expansion-europeenne.jpg\" \/>\n<meta name=\"author\" content=\"Claude DAYRES\" \/>\n<meta name=\"twitter:card\" content=\"summary_large_image\" \/>\n<meta name=\"twitter:label1\" content=\"\u00c9crit par\" \/>\n\t<meta name=\"twitter:data1\" content=\"Claude DAYRES\" \/>\n\t<meta name=\"twitter:label2\" content=\"Dur\u00e9e de lecture estim\u00e9e\" \/>\n\t<meta name=\"twitter:data2\" content=\"3 minutes\" \/>\n<script type=\"application\/ld+json\" class=\"yoast-schema-graph\">{\"@context\":\"https:\\\/\\\/schema.org\",\"@graph\":[{\"@type\":\"Article\",\"@id\":\"https:\\\/\\\/jumeaux91.fr\\\/blog\\\/gemini-choisit-aussi-malte-comme-hub-mica-dans-le-cadre-de-son-expansion-europeenne\\\/#article\",\"isPartOf\":{\"@id\":\"https:\\\/\\\/jumeaux91.fr\\\/blog\\\/gemini-choisit-aussi-malte-comme-hub-mica-dans-le-cadre-de-son-expansion-europeenne\\\/\"},\"author\":{\"name\":\"Claude DAYRES\",\"@id\":\"https:\\\/\\\/jumeaux91.fr\\\/blog\\\/#\\\/schema\\\/person\\\/21da06e9f119b9f64e5d45dbbd32d3fb\"},\"headline\":\"Gemini choisit (aussi ?) Malte comme hub MiCA dans le cadre de son expansion europ\u00e9enne\",\"datePublished\":\"2025-02-10T10:48:00+00:00\",\"mainEntityOfPage\":{\"@id\":\"https:\\\/\\\/jumeaux91.fr\\\/blog\\\/gemini-choisit-aussi-malte-comme-hub-mica-dans-le-cadre-de-son-expansion-europeenne\\\/\"},\"wordCount\":585,\"publisher\":{\"@id\":\"https:\\\/\\\/jumeaux91.fr\\\/blog\\\/#organization\"},\"image\":{\"@id\":\"https:\\\/\\\/jumeaux91.fr\\\/blog\\\/gemini-choisit-aussi-malte-comme-hub-mica-dans-le-cadre-de-son-expansion-europeenne\\\/#primaryimage\"},\"thumbnailUrl\":\"https:\\\/\\\/jumeaux91.fr\\\/blog\\\/wp-content\\\/uploads\\\/2025\\\/02\\\/gemini-choisit-aussi-malte-comme-hub-mica-dans-le-cadre-de-son-expansion-europeenne.jpg\",\"articleSection\":[\"Posts Fr\u00e8res Jumeaux De L'Essonnes:\"],\"inLanguage\":\"fr-FR\"},{\"@type\":\"WebPage\",\"@id\":\"https:\\\/\\\/jumeaux91.fr\\\/blog\\\/gemini-choisit-aussi-malte-comme-hub-mica-dans-le-cadre-de-son-expansion-europeenne\\\/\",\"url\":\"https:\\\/\\\/jumeaux91.fr\\\/blog\\\/gemini-choisit-aussi-malte-comme-hub-mica-dans-le-cadre-de-son-expansion-europeenne\\\/\",\"name\":\"Gemini choisit (aussi ?) Malte comme hub MiCA dans le cadre de son expansion europ\u00e9enne - JUMEAUX91\",\"isPartOf\":{\"@id\":\"https:\\\/\\\/jumeaux91.fr\\\/blog\\\/#website\"},\"primaryImageOfPage\":{\"@id\":\"https:\\\/\\\/jumeaux91.fr\\\/blog\\\/gemini-choisit-aussi-malte-comme-hub-mica-dans-le-cadre-de-son-expansion-europeenne\\\/#primaryimage\"},\"image\":{\"@id\":\"https:\\\/\\\/jumeaux91.fr\\\/blog\\\/gemini-choisit-aussi-malte-comme-hub-mica-dans-le-cadre-de-son-expansion-europeenne\\\/#primaryimage\"},\"thumbnailUrl\":\"https:\\\/\\\/jumeaux91.fr\\\/blog\\\/wp-content\\\/uploads\\\/2025\\\/02\\\/gemini-choisit-aussi-malte-comme-hub-mica-dans-le-cadre-de-son-expansion-europeenne.jpg\",\"datePublished\":\"2025-02-10T10:48:00+00:00\",\"breadcrumb\":{\"@id\":\"https:\\\/\\\/jumeaux91.fr\\\/blog\\\/gemini-choisit-aussi-malte-comme-hub-mica-dans-le-cadre-de-son-expansion-europeenne\\\/#breadcrumb\"},\"inLanguage\":\"fr-FR\",\"potentialAction\":[{\"@type\":\"ReadAction\",\"target\":[\"https:\\\/\\\/jumeaux91.fr\\\/blog\\\/gemini-choisit-aussi-malte-comme-hub-mica-dans-le-cadre-de-son-expansion-europeenne\\\/\"]}]},{\"@type\":\"ImageObject\",\"inLanguage\":\"fr-FR\",\"@id\":\"https:\\\/\\\/jumeaux91.fr\\\/blog\\\/gemini-choisit-aussi-malte-comme-hub-mica-dans-le-cadre-de-son-expansion-europeenne\\\/#primaryimage\",\"url\":\"https:\\\/\\\/jumeaux91.fr\\\/blog\\\/wp-content\\\/uploads\\\/2025\\\/02\\\/gemini-choisit-aussi-malte-comme-hub-mica-dans-le-cadre-de-son-expansion-europeenne.jpg\",\"contentUrl\":\"https:\\\/\\\/jumeaux91.fr\\\/blog\\\/wp-content\\\/uploads\\\/2025\\\/02\\\/gemini-choisit-aussi-malte-comme-hub-mica-dans-le-cadre-de-son-expansion-europeenne.jpg\",\"width\":420,\"height\":236,\"caption\":\"Gemini choisit (aussi ?) Malte comme hub MiCA dans le cadre de son expansion europ\u00e9enne\"},{\"@type\":\"BreadcrumbList\",\"@id\":\"https:\\\/\\\/jumeaux91.fr\\\/blog\\\/gemini-choisit-aussi-malte-comme-hub-mica-dans-le-cadre-de-son-expansion-europeenne\\\/#breadcrumb\",\"itemListElement\":[{\"@type\":\"ListItem\",\"position\":1,\"name\":\"Accueil\",\"item\":\"https:\\\/\\\/jumeaux91.fr\\\/blog\\\/\"},{\"@type\":\"ListItem\",\"position\":2,\"name\":\"Gemini choisit (aussi ?) Malte comme hub MiCA dans le cadre de son expansion europ\u00e9enne\"}]},{\"@type\":\"WebSite\",\"@id\":\"https:\\\/\\\/jumeaux91.fr\\\/blog\\\/#website\",\"url\":\"https:\\\/\\\/jumeaux91.fr\\\/blog\\\/\",\"name\":\"JUMEAUX91\",\"description\":\"Fr\u00e8res jumeaux de l&#039;Essonnes; informations et archives, \u00e0 savoir et retenir.\",\"publisher\":{\"@id\":\"https:\\\/\\\/jumeaux91.fr\\\/blog\\\/#organization\"},\"potentialAction\":[{\"@type\":\"SearchAction\",\"target\":{\"@type\":\"EntryPoint\",\"urlTemplate\":\"https:\\\/\\\/jumeaux91.fr\\\/blog\\\/?s={search_term_string}\"},\"query-input\":{\"@type\":\"PropertyValueSpecification\",\"valueRequired\":true,\"valueName\":\"search_term_string\"}}],\"inLanguage\":\"fr-FR\"},{\"@type\":\"Organization\",\"@id\":\"https:\\\/\\\/jumeaux91.fr\\\/blog\\\/#organization\",\"name\":\"jumeaux91\",\"url\":\"https:\\\/\\\/jumeaux91.fr\\\/blog\\\/\",\"logo\":{\"@type\":\"ImageObject\",\"inLanguage\":\"fr-FR\",\"@id\":\"https:\\\/\\\/jumeaux91.fr\\\/blog\\\/#\\\/schema\\\/logo\\\/image\\\/\",\"url\":\"https:\\\/\\\/jumeaux91.fr\\\/blog\\\/wp-content\\\/uploads\\\/2023\\\/05\\\/cropped-cropped-logoJ_91.png\",\"contentUrl\":\"https:\\\/\\\/jumeaux91.fr\\\/blog\\\/wp-content\\\/uploads\\\/2023\\\/05\\\/cropped-cropped-logoJ_91.png\",\"width\":512,\"height\":512,\"caption\":\"jumeaux91\"},\"image\":{\"@id\":\"https:\\\/\\\/jumeaux91.fr\\\/blog\\\/#\\\/schema\\\/logo\\\/image\\\/\"}},{\"@type\":\"Person\",\"@id\":\"https:\\\/\\\/jumeaux91.fr\\\/blog\\\/#\\\/schema\\\/person\\\/21da06e9f119b9f64e5d45dbbd32d3fb\",\"name\":\"Claude DAYRES\",\"image\":{\"@type\":\"ImageObject\",\"inLanguage\":\"fr-FR\",\"@id\":\"https:\\\/\\\/secure.gravatar.com\\\/avatar\\\/82eb951df6110a2c48d1bfa7a67d1ee6f0cd5df3cbf9c3586dd61e82db7172a5?s=96&d=mm&r=g\",\"url\":\"https:\\\/\\\/secure.gravatar.com\\\/avatar\\\/82eb951df6110a2c48d1bfa7a67d1ee6f0cd5df3cbf9c3586dd61e82db7172a5?s=96&d=mm&r=g\",\"contentUrl\":\"https:\\\/\\\/secure.gravatar.com\\\/avatar\\\/82eb951df6110a2c48d1bfa7a67d1ee6f0cd5df3cbf9c3586dd61e82db7172a5?s=96&d=mm&r=g\",\"caption\":\"Claude DAYRES\"},\"url\":\"https:\\\/\\\/jumeaux91.fr\\\/blog\\\/author\\\/x91claude\\\/\"}]}<\/script>\n<!-- \/ Yoast SEO plugin. -->","yoast_head_json":{"title":"Gemini choisit (aussi ?) Malte comme hub MiCA dans le cadre de son expansion europ\u00e9enne - JUMEAUX91","robots":{"index":"index","follow":"follow","max-snippet":"max-snippet:-1","max-image-preview":"max-image-preview:large","max-video-preview":"max-video-preview:-1"},"canonical":"https:\/\/jumeaux91.fr\/blog\/gemini-choisit-aussi-malte-comme-hub-mica-dans-le-cadre-de-son-expansion-europeenne\/","og_locale":"fr_FR","og_type":"article","og_title":"Gemini choisit (aussi ?) Malte comme hub MiCA dans le cadre de son expansion europ\u00e9enne - JUMEAUX91","og_description":"\u00ab\u00a0L\u2019approche proactive de Malte visant \u00e0 favoriser l\u2019innovation parmi les soci\u00e9t\u00e9s de technologie financi\u00e8re et d\u2019actifs num\u00e9riques pr\u00e9sente un environnement id\u00e9al pour que Gemini puisse piloter nos op\u00e9rations europ\u00e9ennes.\u00a0\u00bb la communication de Gemini plante le d\u00e9cor. Ainsi la plateforme d&rsquo;\u00e9change crypto fond\u00e9e par les c\u00e9l\u00e8bres fr\u00e8res jumeaux Winklevoss a elle aussi rejoint le clan des&hellip; Poursuivre la lecture Gemini choisit (aussi ?) Malte comme hub MiCA dans le cadre de son expansion europ\u00e9enne","og_url":"https:\/\/jumeaux91.fr\/blog\/gemini-choisit-aussi-malte-comme-hub-mica-dans-le-cadre-de-son-expansion-europeenne\/","og_site_name":"JUMEAUX91","article_published_time":"2025-02-10T10:48:00+00:00","og_image":[{"url":"https:\/\/jumeaux91.fr\/blog\/wp-content\/uploads\/2025\/02\/gemini-choisit-aussi-malte-comme-hub-mica-dans-le-cadre-de-son-expansion-europeenne.jpg","type":"","width":"","height":""}],"author":"Claude DAYRES","twitter_card":"summary_large_image","twitter_misc":{"\u00c9crit par":"Claude DAYRES","Dur\u00e9e de lecture estim\u00e9e":"3 minutes"},"schema":{"@context":"https:\/\/schema.org","@graph":[{"@type":"Article","@id":"https:\/\/jumeaux91.fr\/blog\/gemini-choisit-aussi-malte-comme-hub-mica-dans-le-cadre-de-son-expansion-europeenne\/#article","isPartOf":{"@id":"https:\/\/jumeaux91.fr\/blog\/gemini-choisit-aussi-malte-comme-hub-mica-dans-le-cadre-de-son-expansion-europeenne\/"},"author":{"name":"Claude DAYRES","@id":"https:\/\/jumeaux91.fr\/blog\/#\/schema\/person\/21da06e9f119b9f64e5d45dbbd32d3fb"},"headline":"Gemini choisit (aussi ?) Malte comme hub MiCA dans le cadre de son expansion europ\u00e9enne","datePublished":"2025-02-10T10:48:00+00:00","mainEntityOfPage":{"@id":"https:\/\/jumeaux91.fr\/blog\/gemini-choisit-aussi-malte-comme-hub-mica-dans-le-cadre-de-son-expansion-europeenne\/"},"wordCount":585,"publisher":{"@id":"https:\/\/jumeaux91.fr\/blog\/#organization"},"image":{"@id":"https:\/\/jumeaux91.fr\/blog\/gemini-choisit-aussi-malte-comme-hub-mica-dans-le-cadre-de-son-expansion-europeenne\/#primaryimage"},"thumbnailUrl":"https:\/\/jumeaux91.fr\/blog\/wp-content\/uploads\/2025\/02\/gemini-choisit-aussi-malte-comme-hub-mica-dans-le-cadre-de-son-expansion-europeenne.jpg","articleSection":["Posts Fr\u00e8res Jumeaux De L'Essonnes:"],"inLanguage":"fr-FR"},{"@type":"WebPage","@id":"https:\/\/jumeaux91.fr\/blog\/gemini-choisit-aussi-malte-comme-hub-mica-dans-le-cadre-de-son-expansion-europeenne\/","url":"https:\/\/jumeaux91.fr\/blog\/gemini-choisit-aussi-malte-comme-hub-mica-dans-le-cadre-de-son-expansion-europeenne\/","name":"Gemini choisit (aussi ?) Malte comme hub MiCA dans le cadre de son expansion europ\u00e9enne - JUMEAUX91","isPartOf":{"@id":"https:\/\/jumeaux91.fr\/blog\/#website"},"primaryImageOfPage":{"@id":"https:\/\/jumeaux91.fr\/blog\/gemini-choisit-aussi-malte-comme-hub-mica-dans-le-cadre-de-son-expansion-europeenne\/#primaryimage"},"image":{"@id":"https:\/\/jumeaux91.fr\/blog\/gemini-choisit-aussi-malte-comme-hub-mica-dans-le-cadre-de-son-expansion-europeenne\/#primaryimage"},"thumbnailUrl":"https:\/\/jumeaux91.fr\/blog\/wp-content\/uploads\/2025\/02\/gemini-choisit-aussi-malte-comme-hub-mica-dans-le-cadre-de-son-expansion-europeenne.jpg","datePublished":"2025-02-10T10:48:00+00:00","breadcrumb":{"@id":"https:\/\/jumeaux91.fr\/blog\/gemini-choisit-aussi-malte-comme-hub-mica-dans-le-cadre-de-son-expansion-europeenne\/#breadcrumb"},"inLanguage":"fr-FR","potentialAction":[{"@type":"ReadAction","target":["https:\/\/jumeaux91.fr\/blog\/gemini-choisit-aussi-malte-comme-hub-mica-dans-le-cadre-de-son-expansion-europeenne\/"]}]},{"@type":"ImageObject","inLanguage":"fr-FR","@id":"https:\/\/jumeaux91.fr\/blog\/gemini-choisit-aussi-malte-comme-hub-mica-dans-le-cadre-de-son-expansion-europeenne\/#primaryimage","url":"https:\/\/jumeaux91.fr\/blog\/wp-content\/uploads\/2025\/02\/gemini-choisit-aussi-malte-comme-hub-mica-dans-le-cadre-de-son-expansion-europeenne.jpg","contentUrl":"https:\/\/jumeaux91.fr\/blog\/wp-content\/uploads\/2025\/02\/gemini-choisit-aussi-malte-comme-hub-mica-dans-le-cadre-de-son-expansion-europeenne.jpg","width":420,"height":236,"caption":"Gemini choisit (aussi ?) Malte comme hub MiCA dans le cadre de son expansion europ\u00e9enne"},{"@type":"BreadcrumbList","@id":"https:\/\/jumeaux91.fr\/blog\/gemini-choisit-aussi-malte-comme-hub-mica-dans-le-cadre-de-son-expansion-europeenne\/#breadcrumb","itemListElement":[{"@type":"ListItem","position":1,"name":"Accueil","item":"https:\/\/jumeaux91.fr\/blog\/"},{"@type":"ListItem","position":2,"name":"Gemini choisit (aussi ?) Malte comme hub MiCA dans le cadre de son expansion europ\u00e9enne"}]},{"@type":"WebSite","@id":"https:\/\/jumeaux91.fr\/blog\/#website","url":"https:\/\/jumeaux91.fr\/blog\/","name":"JUMEAUX91","description":"Fr\u00e8res jumeaux de l&#039;Essonnes; informations et archives, \u00e0 savoir et retenir.","publisher":{"@id":"https:\/\/jumeaux91.fr\/blog\/#organization"},"potentialAction":[{"@type":"SearchAction","target":{"@type":"EntryPoint","urlTemplate":"https:\/\/jumeaux91.fr\/blog\/?s={search_term_string}"},"query-input":{"@type":"PropertyValueSpecification","valueRequired":true,"valueName":"search_term_string"}}],"inLanguage":"fr-FR"},{"@type":"Organization","@id":"https:\/\/jumeaux91.fr\/blog\/#organization","name":"jumeaux91","url":"https:\/\/jumeaux91.fr\/blog\/","logo":{"@type":"ImageObject","inLanguage":"fr-FR","@id":"https:\/\/jumeaux91.fr\/blog\/#\/schema\/logo\/image\/","url":"https:\/\/jumeaux91.fr\/blog\/wp-content\/uploads\/2023\/05\/cropped-cropped-logoJ_91.png","contentUrl":"https:\/\/jumeaux91.fr\/blog\/wp-content\/uploads\/2023\/05\/cropped-cropped-logoJ_91.png","width":512,"height":512,"caption":"jumeaux91"},"image":{"@id":"https:\/\/jumeaux91.fr\/blog\/#\/schema\/logo\/image\/"}},{"@type":"Person","@id":"https:\/\/jumeaux91.fr\/blog\/#\/schema\/person\/21da06e9f119b9f64e5d45dbbd32d3fb","name":"Claude DAYRES","image":{"@type":"ImageObject","inLanguage":"fr-FR","@id":"https:\/\/secure.gravatar.com\/avatar\/82eb951df6110a2c48d1bfa7a67d1ee6f0cd5df3cbf9c3586dd61e82db7172a5?s=96&d=mm&r=g","url":"https:\/\/secure.gravatar.com\/avatar\/82eb951df6110a2c48d1bfa7a67d1ee6f0cd5df3cbf9c3586dd61e82db7172a5?s=96&d=mm&r=g","contentUrl":"https:\/\/secure.gravatar.com\/avatar\/82eb951df6110a2c48d1bfa7a67d1ee6f0cd5df3cbf9c3586dd61e82db7172a5?s=96&d=mm&r=g","caption":"Claude DAYRES"},"url":"https:\/\/jumeaux91.fr\/blog\/author\/x91claude\/"}]}},"_links":{"self":[{"href":"https:\/\/jumeaux91.fr\/blog\/wp-json\/wp\/v2\/posts\/1020","targetHints":{"allow":["GET"]}}],"collection":[{"href":"https:\/\/jumeaux91.fr\/blog\/wp-json\/wp\/v2\/posts"}],"about":[{"href":"https:\/\/jumeaux91.fr\/blog\/wp-json\/wp\/v2\/types\/post"}],"author":[{"embeddable":true,"href":"https:\/\/jumeaux91.fr\/blog\/wp-json\/wp\/v2\/users\/2"}],"replies":[{"embeddable":true,"href":"https:\/\/jumeaux91.fr\/blog\/wp-json\/wp\/v2\/comments?post=1020"}],"version-history":[{"count":0,"href":"https:\/\/jumeaux91.fr\/blog\/wp-json\/wp\/v2\/posts\/1020\/revisions"}],"wp:featuredmedia":[{"embeddable":true,"href":"https:\/\/jumeaux91.fr\/blog\/wp-json\/wp\/v2\/media\/1021"}],"wp:attachment":[{"href":"https:\/\/jumeaux91.fr\/blog\/wp-json\/wp\/v2\/media?parent=1020"}],"wp:term":[{"taxonomy":"category","embeddable":true,"href":"https:\/\/jumeaux91.fr\/blog\/wp-json\/wp\/v2\/categories?post=1020"},{"taxonomy":"post_tag","embeddable":true,"href":"https:\/\/jumeaux91.fr\/blog\/wp-json\/wp\/v2\/tags?post=1020"}],"curies":[{"name":"wp","href":"https:\/\/api.w.org\/{rel}","templated":true}]}}