{"id":1022,"date":"2025-02-11T07:48:00","date_gmt":"2025-02-11T06:48:00","guid":{"rendered":"https:\/\/jumeaux91.fr\/blog\/des-familles-dotages-a-gaza-disent-avoir-recu-des-preuves-de-vie-de-leurs-proches\/"},"modified":"2025-02-11T07:48:00","modified_gmt":"2025-02-11T06:48:00","slug":"des-familles-dotages-a-gaza-disent-avoir-recu-des-preuves-de-vie-de-leurs-proches","status":"publish","type":"post","link":"https:\/\/jumeaux91.fr\/blog\/des-familles-dotages-a-gaza-disent-avoir-recu-des-preuves-de-vie-de-leurs-proches\/","title":{"rendered":"Des familles d&rsquo;otages \u00e0 Gaza disent avoir re\u00e7u des preuves de vie de leurs proches"},"content":{"rendered":"<div><img decoding=\"async\" src=\"https:\/\/jumeaux91.fr\/blog\/wp-content\/uploads\/2025\/02\/des-familles-dotages-a-gaza-disent-avoir-recu-des-preuves-de-vie-de-leurs-proches.jpg\" class=\"ff-og-image-inserted\"><\/div>\n<div>\n<p>Des familles d&rsquo;Isra\u00e9liens encore retenus en otages dans la bande de Gaza ont dit mardi avoir re\u00e7u des signes de vie de leurs proches par des captifs lib\u00e9r\u00e9s ces derni\u00e8res semaines.<\/p>\n<p>Plus de 250 personnes ont \u00e9t\u00e9 enlev\u00e9es le 7 octobre 2023 lors de l&rsquo;attaque sans pr\u00e9c\u00e9dent du mouvement islamiste palestinien Hamas en Isra\u00ebl qui a d\u00e9clench\u00e9 la guerre \u00e0 Gaza.&nbsp;<\/p>\n<p>En vertu d&rsquo;une tr\u00eave entr\u00e9e en vigueur le 19 janvier, 16 otages ont \u00e9t\u00e9 lib\u00e9r\u00e9s et d&rsquo;autres doivent encore l&rsquo;\u00eatre. &nbsp;<\/p>\n<p>Makabit Mayer, la tante de Ziv et Gali Berman, des fr\u00e8res jumeaux de 27 ans, enlev\u00e9s au kibboutz Kfar Aza, a affirm\u00e9 lors d&rsquo;une r\u00e9union au Parlement isra\u00e9lien avoir re\u00e7u une preuve de vie de la part d&rsquo;un ancien otage.<\/p>\n<p>Selon elle, les fr\u00e8res ne sont pas d\u00e9tenus au m\u00eame endroit.<\/p>\n<p>Et Nadav Miran, le fr\u00e8re d&rsquo;Omri Miran, un otage \u00e2g\u00e9 de 47 ans, a affirm\u00e9 au site d&rsquo;information isra\u00e9lien Walla que son fr\u00e8re avait \u00e9t\u00e9 vu en juillet 2024 par un ancien otage, ajoutant ne pas avoir de nouvelles depuis.<\/p>\n<p>La famille d&rsquo;Alon Ohel, enlev\u00e9 dans un abri sur la route pr\u00e8s de R\u00e9\u00efm, dans le sud d&rsquo;Isra\u00ebl, a d\u00e9clar\u00e9 dimanche dans un communiqu\u00e9 avoir re\u00e7u une premi\u00e8re preuve de vie \u00ab\u00a0mais il est bless\u00e9 et ne re\u00e7oit pas de traitement m\u00e9dical\u00a0\u00bb.<\/p>\n<p>Lundi soir, lors d&rsquo;un rassemblement \u00e0 Tel-Aviv marquant le 24e anniversaire de M. Ohel, sa m\u00e8re, Idit Ohel, avait appel\u00e9 le pr\u00e9sident am\u00e9ricain Donald Trump \u00e0 \u00ab\u00a0faire tout ce qui est en [son] pouvoir pour que l&rsquo;accord se poursuive\u00a0\u00bb.<\/p>\n<p>La famille d&rsquo;Eliya Cohen, enlev\u00e9 avec Alon Ohel, a d\u00e9clar\u00e9 lundi que deux otages lib\u00e9r\u00e9s samedi dernier avaient \u00e9t\u00e9 retenus avec lui et qu&rsquo;il \u00e9tait attach\u00e9 avec des cha\u00eenes, souffrait de malnutrition et avait \u00e9t\u00e9 tortur\u00e9.<\/p>\n<p>M. Trump a promis \u00ab\u00a0l&rsquo;enfer\u00a0\u00bb lundi au Hamas s&rsquo;il ne rel\u00e2chait \u00ab\u00a0tous les otages\u00a0\u00bb d&rsquo;ici samedi. Le Hamas avait menac\u00e9 plus t\u00f4t de reporter la prochaine lib\u00e9ration d&rsquo;otages pr\u00e9vue samedi, en accusant Isra\u00ebl de violer l&rsquo;accord de tr\u00eave.<\/p>\n<p>Environ 200 Isra\u00e9liens, dont des proches d&rsquo;otages, ont manifest\u00e9 mardi devant le bureau du Premier ministre \u00e0 J\u00e9rusalem, pour demander \u00e0 ce que l&rsquo;accord soit respect\u00e9.<\/p>\n<p>Depuis le d\u00e9but de la tr\u00eave, 16 otages isra\u00e9liens ont \u00e9t\u00e9 lib\u00e9r\u00e9s, en plus de cinq Tha\u00eflandais (hors accord), en \u00e9change de 765 prisonniers palestiniens. Soixante-treize otages sont toujours retenus \u00e0 Gaza, dont au moins 35 sont morts selon l&rsquo;arm\u00e9e.<\/p>\n<\/div>\n<div> Des familles d&rsquo;Isra\u00e9liens encore retenus en otages dans la bande de Gaza ont dit mardi avoir re\u00e7u des signes de vie de leurs proches par des captifs lib\u00e9r\u00e9s ces derni\u00e8res semaines.<\/p>\n<p>Plus de 250 personnes ont \u00e9t\u00e9 enlev\u00e9es le 7 octobre 2023 lors de l&rsquo;attaque sans pr\u00e9c\u00e9dent du mouvement islamiste palestinien Hamas en Isra\u00ebl qui a d\u00e9clench\u00e9 la&#8230;<\/p>\n<\/div>\n<p>La chronique se veut g\u00e9n\u00e9r\u00e9e de la fa\u00e7on la plus claire que possible. Dans le cas o\u00f9 vous souhaitez pr\u00e9senter des renseignements compl\u00e9mentaires \u00e0 cet article sur le sujet \u00ab\u00a0Fr\u00e8res jumeaux de l&rsquo;Essonnes\u00a0\u00bb il vous est possible d\u2019\u00e9crire aux contacts indiqu\u00e9s sur notre website. La raison d\u2019\u00eatre de jumeaux91.fr \u00e9tant de rassembler sur le web des posts sur le sujet de Fr\u00e8res jumeaux de l&rsquo;Essonnes puis les diffuser en r\u00e9pondant au mieux aux interrogations des gens. Vous pouvez tirer profit de cet article traitant le sujet \u00ab\u00a0Fr\u00e8res jumeaux de l&rsquo;Essonnes\u00a0\u00bb. Il est concoct\u00e9 par l\u2019\u00e9quipe jumeaux91.fr. Prochainement, nous rendrons accessibles au public d&rsquo;autres informations pertinentes sur le sujet \u00ab\u00a0Fr\u00e8res jumeaux de l&rsquo;Essonnes\u00a0\u00bb. Alors, consultez syst\u00e9matiquement notre blog.<\/p>\n","protected":false},"excerpt":{"rendered":"<p>Des familles d&rsquo;Isra\u00e9liens encore retenus en otages dans la bande de Gaza ont dit mardi avoir re\u00e7u des signes de vie de leurs proches par des captifs lib\u00e9r\u00e9s ces derni\u00e8res semaines. Plus de 250 personnes ont \u00e9t\u00e9 enlev\u00e9es le 7 octobre 2023 lors de l&rsquo;attaque sans pr\u00e9c\u00e9dent du mouvement islamiste palestinien Hamas en Isra\u00ebl qui&hellip; <a class=\"more-link\" href=\"https:\/\/jumeaux91.fr\/blog\/des-familles-dotages-a-gaza-disent-avoir-recu-des-preuves-de-vie-de-leurs-proches\/\">Poursuivre la lecture <span class=\"screen-reader-text\">Des familles d&rsquo;otages \u00e0 Gaza disent avoir re\u00e7u des preuves de vie de leurs proches<\/span><\/a><\/p>\n","protected":false},"author":2,"featured_media":1023,"comment_status":"closed","ping_status":"closed","sticky":false,"template":"","format":"standard","meta":{"footnotes":""},"categories":[4],"tags":[],"class_list":["post-1022","post","type-post","status-publish","format-standard","has-post-thumbnail","hentry","category-posts-freres-jumeaux-de-lessonnes","entry"],"yoast_head":"<!-- This site is optimized with the Yoast SEO plugin v27.5 - https:\/\/yoast.com\/product\/yoast-seo-wordpress\/ -->\n<title>Des familles d&#039;otages \u00e0 Gaza disent avoir re\u00e7u des preuves de vie de leurs proches - JUMEAUX91<\/title>\n<meta name=\"robots\" content=\"index, follow, max-snippet:-1, max-image-preview:large, max-video-preview:-1\" \/>\n<link rel=\"canonical\" href=\"https:\/\/jumeaux91.fr\/blog\/des-familles-dotages-a-gaza-disent-avoir-recu-des-preuves-de-vie-de-leurs-proches\/\" \/>\n<meta property=\"og:locale\" content=\"fr_FR\" \/>\n<meta property=\"og:type\" content=\"article\" \/>\n<meta property=\"og:title\" content=\"Des familles d&#039;otages \u00e0 Gaza disent avoir re\u00e7u des preuves de vie de leurs proches - JUMEAUX91\" \/>\n<meta property=\"og:description\" content=\"Des familles d&rsquo;Isra\u00e9liens encore retenus en otages dans la bande de Gaza ont dit mardi avoir re\u00e7u des signes de vie de leurs proches par des captifs lib\u00e9r\u00e9s ces derni\u00e8res semaines. Plus de 250 personnes ont \u00e9t\u00e9 enlev\u00e9es le 7 octobre 2023 lors de l&rsquo;attaque sans pr\u00e9c\u00e9dent du mouvement islamiste palestinien Hamas en Isra\u00ebl qui&hellip; Poursuivre la lecture Des familles d&rsquo;otages \u00e0 Gaza disent avoir re\u00e7u des preuves de vie de leurs proches\" \/>\n<meta property=\"og:url\" content=\"https:\/\/jumeaux91.fr\/blog\/des-familles-dotages-a-gaza-disent-avoir-recu-des-preuves-de-vie-de-leurs-proches\/\" \/>\n<meta property=\"og:site_name\" content=\"JUMEAUX91\" \/>\n<meta property=\"article:published_time\" content=\"2025-02-11T06:48:00+00:00\" \/>\n<meta property=\"og:image\" content=\"https:\/\/jumeaux91.fr\/blog\/wp-content\/uploads\/2025\/02\/des-familles-dotages-a-gaza-disent-avoir-recu-des-preuves-de-vie-de-leurs-proches.jpg\" \/>\n<meta name=\"author\" content=\"Claude DAYRES\" \/>\n<meta name=\"twitter:card\" content=\"summary_large_image\" \/>\n<meta name=\"twitter:label1\" content=\"\u00c9crit par\" \/>\n\t<meta name=\"twitter:data1\" content=\"Claude DAYRES\" \/>\n\t<meta name=\"twitter:label2\" content=\"Dur\u00e9e de lecture estim\u00e9e\" \/>\n\t<meta name=\"twitter:data2\" content=\"3 minutes\" \/>\n<script type=\"application\/ld+json\" class=\"yoast-schema-graph\">{\"@context\":\"https:\\\/\\\/schema.org\",\"@graph\":[{\"@type\":\"Article\",\"@id\":\"https:\\\/\\\/jumeaux91.fr\\\/blog\\\/des-familles-dotages-a-gaza-disent-avoir-recu-des-preuves-de-vie-de-leurs-proches\\\/#article\",\"isPartOf\":{\"@id\":\"https:\\\/\\\/jumeaux91.fr\\\/blog\\\/des-familles-dotages-a-gaza-disent-avoir-recu-des-preuves-de-vie-de-leurs-proches\\\/\"},\"author\":{\"name\":\"Claude DAYRES\",\"@id\":\"https:\\\/\\\/jumeaux91.fr\\\/blog\\\/#\\\/schema\\\/person\\\/21da06e9f119b9f64e5d45dbbd32d3fb\"},\"headline\":\"Des familles d&rsquo;otages \u00e0 Gaza disent avoir re\u00e7u des preuves de vie de leurs proches\",\"datePublished\":\"2025-02-11T06:48:00+00:00\",\"mainEntityOfPage\":{\"@id\":\"https:\\\/\\\/jumeaux91.fr\\\/blog\\\/des-familles-dotages-a-gaza-disent-avoir-recu-des-preuves-de-vie-de-leurs-proches\\\/\"},\"wordCount\":677,\"publisher\":{\"@id\":\"https:\\\/\\\/jumeaux91.fr\\\/blog\\\/#organization\"},\"image\":{\"@id\":\"https:\\\/\\\/jumeaux91.fr\\\/blog\\\/des-familles-dotages-a-gaza-disent-avoir-recu-des-preuves-de-vie-de-leurs-proches\\\/#primaryimage\"},\"thumbnailUrl\":\"https:\\\/\\\/jumeaux91.fr\\\/blog\\\/wp-content\\\/uploads\\\/2025\\\/02\\\/des-familles-dotages-a-gaza-disent-avoir-recu-des-preuves-de-vie-de-leurs-proches.jpg\",\"articleSection\":[\"Posts Fr\u00e8res Jumeaux De L'Essonnes:\"],\"inLanguage\":\"fr-FR\"},{\"@type\":\"WebPage\",\"@id\":\"https:\\\/\\\/jumeaux91.fr\\\/blog\\\/des-familles-dotages-a-gaza-disent-avoir-recu-des-preuves-de-vie-de-leurs-proches\\\/\",\"url\":\"https:\\\/\\\/jumeaux91.fr\\\/blog\\\/des-familles-dotages-a-gaza-disent-avoir-recu-des-preuves-de-vie-de-leurs-proches\\\/\",\"name\":\"Des familles d'otages \u00e0 Gaza disent avoir re\u00e7u des preuves de vie de leurs proches - JUMEAUX91\",\"isPartOf\":{\"@id\":\"https:\\\/\\\/jumeaux91.fr\\\/blog\\\/#website\"},\"primaryImageOfPage\":{\"@id\":\"https:\\\/\\\/jumeaux91.fr\\\/blog\\\/des-familles-dotages-a-gaza-disent-avoir-recu-des-preuves-de-vie-de-leurs-proches\\\/#primaryimage\"},\"image\":{\"@id\":\"https:\\\/\\\/jumeaux91.fr\\\/blog\\\/des-familles-dotages-a-gaza-disent-avoir-recu-des-preuves-de-vie-de-leurs-proches\\\/#primaryimage\"},\"thumbnailUrl\":\"https:\\\/\\\/jumeaux91.fr\\\/blog\\\/wp-content\\\/uploads\\\/2025\\\/02\\\/des-familles-dotages-a-gaza-disent-avoir-recu-des-preuves-de-vie-de-leurs-proches.jpg\",\"datePublished\":\"2025-02-11T06:48:00+00:00\",\"breadcrumb\":{\"@id\":\"https:\\\/\\\/jumeaux91.fr\\\/blog\\\/des-familles-dotages-a-gaza-disent-avoir-recu-des-preuves-de-vie-de-leurs-proches\\\/#breadcrumb\"},\"inLanguage\":\"fr-FR\",\"potentialAction\":[{\"@type\":\"ReadAction\",\"target\":[\"https:\\\/\\\/jumeaux91.fr\\\/blog\\\/des-familles-dotages-a-gaza-disent-avoir-recu-des-preuves-de-vie-de-leurs-proches\\\/\"]}]},{\"@type\":\"ImageObject\",\"inLanguage\":\"fr-FR\",\"@id\":\"https:\\\/\\\/jumeaux91.fr\\\/blog\\\/des-familles-dotages-a-gaza-disent-avoir-recu-des-preuves-de-vie-de-leurs-proches\\\/#primaryimage\",\"url\":\"https:\\\/\\\/jumeaux91.fr\\\/blog\\\/wp-content\\\/uploads\\\/2025\\\/02\\\/des-familles-dotages-a-gaza-disent-avoir-recu-des-preuves-de-vie-de-leurs-proches.jpg\",\"contentUrl\":\"https:\\\/\\\/jumeaux91.fr\\\/blog\\\/wp-content\\\/uploads\\\/2025\\\/02\\\/des-familles-dotages-a-gaza-disent-avoir-recu-des-preuves-de-vie-de-leurs-proches.jpg\",\"width\":800,\"height\":537,\"caption\":\"Des familles d'otages \u00e0 Gaza disent avoir re\u00e7u des preuves de vie de leurs proches\"},{\"@type\":\"BreadcrumbList\",\"@id\":\"https:\\\/\\\/jumeaux91.fr\\\/blog\\\/des-familles-dotages-a-gaza-disent-avoir-recu-des-preuves-de-vie-de-leurs-proches\\\/#breadcrumb\",\"itemListElement\":[{\"@type\":\"ListItem\",\"position\":1,\"name\":\"Accueil\",\"item\":\"https:\\\/\\\/jumeaux91.fr\\\/blog\\\/\"},{\"@type\":\"ListItem\",\"position\":2,\"name\":\"Des familles d&rsquo;otages \u00e0 Gaza disent avoir re\u00e7u des preuves de vie de leurs proches\"}]},{\"@type\":\"WebSite\",\"@id\":\"https:\\\/\\\/jumeaux91.fr\\\/blog\\\/#website\",\"url\":\"https:\\\/\\\/jumeaux91.fr\\\/blog\\\/\",\"name\":\"JUMEAUX91\",\"description\":\"Fr\u00e8res jumeaux de l&#039;Essonnes; informations et archives, \u00e0 savoir et retenir.\",\"publisher\":{\"@id\":\"https:\\\/\\\/jumeaux91.fr\\\/blog\\\/#organization\"},\"potentialAction\":[{\"@type\":\"SearchAction\",\"target\":{\"@type\":\"EntryPoint\",\"urlTemplate\":\"https:\\\/\\\/jumeaux91.fr\\\/blog\\\/?s={search_term_string}\"},\"query-input\":{\"@type\":\"PropertyValueSpecification\",\"valueRequired\":true,\"valueName\":\"search_term_string\"}}],\"inLanguage\":\"fr-FR\"},{\"@type\":\"Organization\",\"@id\":\"https:\\\/\\\/jumeaux91.fr\\\/blog\\\/#organization\",\"name\":\"jumeaux91\",\"url\":\"https:\\\/\\\/jumeaux91.fr\\\/blog\\\/\",\"logo\":{\"@type\":\"ImageObject\",\"inLanguage\":\"fr-FR\",\"@id\":\"https:\\\/\\\/jumeaux91.fr\\\/blog\\\/#\\\/schema\\\/logo\\\/image\\\/\",\"url\":\"https:\\\/\\\/jumeaux91.fr\\\/blog\\\/wp-content\\\/uploads\\\/2023\\\/05\\\/cropped-cropped-logoJ_91.png\",\"contentUrl\":\"https:\\\/\\\/jumeaux91.fr\\\/blog\\\/wp-content\\\/uploads\\\/2023\\\/05\\\/cropped-cropped-logoJ_91.png\",\"width\":512,\"height\":512,\"caption\":\"jumeaux91\"},\"image\":{\"@id\":\"https:\\\/\\\/jumeaux91.fr\\\/blog\\\/#\\\/schema\\\/logo\\\/image\\\/\"}},{\"@type\":\"Person\",\"@id\":\"https:\\\/\\\/jumeaux91.fr\\\/blog\\\/#\\\/schema\\\/person\\\/21da06e9f119b9f64e5d45dbbd32d3fb\",\"name\":\"Claude DAYRES\",\"image\":{\"@type\":\"ImageObject\",\"inLanguage\":\"fr-FR\",\"@id\":\"https:\\\/\\\/secure.gravatar.com\\\/avatar\\\/82eb951df6110a2c48d1bfa7a67d1ee6f0cd5df3cbf9c3586dd61e82db7172a5?s=96&d=mm&r=g\",\"url\":\"https:\\\/\\\/secure.gravatar.com\\\/avatar\\\/82eb951df6110a2c48d1bfa7a67d1ee6f0cd5df3cbf9c3586dd61e82db7172a5?s=96&d=mm&r=g\",\"contentUrl\":\"https:\\\/\\\/secure.gravatar.com\\\/avatar\\\/82eb951df6110a2c48d1bfa7a67d1ee6f0cd5df3cbf9c3586dd61e82db7172a5?s=96&d=mm&r=g\",\"caption\":\"Claude DAYRES\"},\"url\":\"https:\\\/\\\/jumeaux91.fr\\\/blog\\\/author\\\/x91claude\\\/\"}]}<\/script>\n<!-- \/ Yoast SEO plugin. -->","yoast_head_json":{"title":"Des familles d'otages \u00e0 Gaza disent avoir re\u00e7u des preuves de vie de leurs proches - JUMEAUX91","robots":{"index":"index","follow":"follow","max-snippet":"max-snippet:-1","max-image-preview":"max-image-preview:large","max-video-preview":"max-video-preview:-1"},"canonical":"https:\/\/jumeaux91.fr\/blog\/des-familles-dotages-a-gaza-disent-avoir-recu-des-preuves-de-vie-de-leurs-proches\/","og_locale":"fr_FR","og_type":"article","og_title":"Des familles d'otages \u00e0 Gaza disent avoir re\u00e7u des preuves de vie de leurs proches - JUMEAUX91","og_description":"Des familles d&rsquo;Isra\u00e9liens encore retenus en otages dans la bande de Gaza ont dit mardi avoir re\u00e7u des signes de vie de leurs proches par des captifs lib\u00e9r\u00e9s ces derni\u00e8res semaines. Plus de 250 personnes ont \u00e9t\u00e9 enlev\u00e9es le 7 octobre 2023 lors de l&rsquo;attaque sans pr\u00e9c\u00e9dent du mouvement islamiste palestinien Hamas en Isra\u00ebl qui&hellip; Poursuivre la lecture Des familles d&rsquo;otages \u00e0 Gaza disent avoir re\u00e7u des preuves de vie de leurs proches","og_url":"https:\/\/jumeaux91.fr\/blog\/des-familles-dotages-a-gaza-disent-avoir-recu-des-preuves-de-vie-de-leurs-proches\/","og_site_name":"JUMEAUX91","article_published_time":"2025-02-11T06:48:00+00:00","og_image":[{"url":"https:\/\/jumeaux91.fr\/blog\/wp-content\/uploads\/2025\/02\/des-familles-dotages-a-gaza-disent-avoir-recu-des-preuves-de-vie-de-leurs-proches.jpg","type":"","width":"","height":""}],"author":"Claude DAYRES","twitter_card":"summary_large_image","twitter_misc":{"\u00c9crit par":"Claude DAYRES","Dur\u00e9e de lecture estim\u00e9e":"3 minutes"},"schema":{"@context":"https:\/\/schema.org","@graph":[{"@type":"Article","@id":"https:\/\/jumeaux91.fr\/blog\/des-familles-dotages-a-gaza-disent-avoir-recu-des-preuves-de-vie-de-leurs-proches\/#article","isPartOf":{"@id":"https:\/\/jumeaux91.fr\/blog\/des-familles-dotages-a-gaza-disent-avoir-recu-des-preuves-de-vie-de-leurs-proches\/"},"author":{"name":"Claude DAYRES","@id":"https:\/\/jumeaux91.fr\/blog\/#\/schema\/person\/21da06e9f119b9f64e5d45dbbd32d3fb"},"headline":"Des familles d&rsquo;otages \u00e0 Gaza disent avoir re\u00e7u des preuves de vie de leurs proches","datePublished":"2025-02-11T06:48:00+00:00","mainEntityOfPage":{"@id":"https:\/\/jumeaux91.fr\/blog\/des-familles-dotages-a-gaza-disent-avoir-recu-des-preuves-de-vie-de-leurs-proches\/"},"wordCount":677,"publisher":{"@id":"https:\/\/jumeaux91.fr\/blog\/#organization"},"image":{"@id":"https:\/\/jumeaux91.fr\/blog\/des-familles-dotages-a-gaza-disent-avoir-recu-des-preuves-de-vie-de-leurs-proches\/#primaryimage"},"thumbnailUrl":"https:\/\/jumeaux91.fr\/blog\/wp-content\/uploads\/2025\/02\/des-familles-dotages-a-gaza-disent-avoir-recu-des-preuves-de-vie-de-leurs-proches.jpg","articleSection":["Posts Fr\u00e8res Jumeaux De L'Essonnes:"],"inLanguage":"fr-FR"},{"@type":"WebPage","@id":"https:\/\/jumeaux91.fr\/blog\/des-familles-dotages-a-gaza-disent-avoir-recu-des-preuves-de-vie-de-leurs-proches\/","url":"https:\/\/jumeaux91.fr\/blog\/des-familles-dotages-a-gaza-disent-avoir-recu-des-preuves-de-vie-de-leurs-proches\/","name":"Des familles d'otages \u00e0 Gaza disent avoir re\u00e7u des preuves de vie de leurs proches - JUMEAUX91","isPartOf":{"@id":"https:\/\/jumeaux91.fr\/blog\/#website"},"primaryImageOfPage":{"@id":"https:\/\/jumeaux91.fr\/blog\/des-familles-dotages-a-gaza-disent-avoir-recu-des-preuves-de-vie-de-leurs-proches\/#primaryimage"},"image":{"@id":"https:\/\/jumeaux91.fr\/blog\/des-familles-dotages-a-gaza-disent-avoir-recu-des-preuves-de-vie-de-leurs-proches\/#primaryimage"},"thumbnailUrl":"https:\/\/jumeaux91.fr\/blog\/wp-content\/uploads\/2025\/02\/des-familles-dotages-a-gaza-disent-avoir-recu-des-preuves-de-vie-de-leurs-proches.jpg","datePublished":"2025-02-11T06:48:00+00:00","breadcrumb":{"@id":"https:\/\/jumeaux91.fr\/blog\/des-familles-dotages-a-gaza-disent-avoir-recu-des-preuves-de-vie-de-leurs-proches\/#breadcrumb"},"inLanguage":"fr-FR","potentialAction":[{"@type":"ReadAction","target":["https:\/\/jumeaux91.fr\/blog\/des-familles-dotages-a-gaza-disent-avoir-recu-des-preuves-de-vie-de-leurs-proches\/"]}]},{"@type":"ImageObject","inLanguage":"fr-FR","@id":"https:\/\/jumeaux91.fr\/blog\/des-familles-dotages-a-gaza-disent-avoir-recu-des-preuves-de-vie-de-leurs-proches\/#primaryimage","url":"https:\/\/jumeaux91.fr\/blog\/wp-content\/uploads\/2025\/02\/des-familles-dotages-a-gaza-disent-avoir-recu-des-preuves-de-vie-de-leurs-proches.jpg","contentUrl":"https:\/\/jumeaux91.fr\/blog\/wp-content\/uploads\/2025\/02\/des-familles-dotages-a-gaza-disent-avoir-recu-des-preuves-de-vie-de-leurs-proches.jpg","width":800,"height":537,"caption":"Des familles d'otages \u00e0 Gaza disent avoir re\u00e7u des preuves de vie de leurs proches"},{"@type":"BreadcrumbList","@id":"https:\/\/jumeaux91.fr\/blog\/des-familles-dotages-a-gaza-disent-avoir-recu-des-preuves-de-vie-de-leurs-proches\/#breadcrumb","itemListElement":[{"@type":"ListItem","position":1,"name":"Accueil","item":"https:\/\/jumeaux91.fr\/blog\/"},{"@type":"ListItem","position":2,"name":"Des familles d&rsquo;otages \u00e0 Gaza disent avoir re\u00e7u des preuves de vie de leurs proches"}]},{"@type":"WebSite","@id":"https:\/\/jumeaux91.fr\/blog\/#website","url":"https:\/\/jumeaux91.fr\/blog\/","name":"JUMEAUX91","description":"Fr\u00e8res jumeaux de l&#039;Essonnes; informations et archives, \u00e0 savoir et retenir.","publisher":{"@id":"https:\/\/jumeaux91.fr\/blog\/#organization"},"potentialAction":[{"@type":"SearchAction","target":{"@type":"EntryPoint","urlTemplate":"https:\/\/jumeaux91.fr\/blog\/?s={search_term_string}"},"query-input":{"@type":"PropertyValueSpecification","valueRequired":true,"valueName":"search_term_string"}}],"inLanguage":"fr-FR"},{"@type":"Organization","@id":"https:\/\/jumeaux91.fr\/blog\/#organization","name":"jumeaux91","url":"https:\/\/jumeaux91.fr\/blog\/","logo":{"@type":"ImageObject","inLanguage":"fr-FR","@id":"https:\/\/jumeaux91.fr\/blog\/#\/schema\/logo\/image\/","url":"https:\/\/jumeaux91.fr\/blog\/wp-content\/uploads\/2023\/05\/cropped-cropped-logoJ_91.png","contentUrl":"https:\/\/jumeaux91.fr\/blog\/wp-content\/uploads\/2023\/05\/cropped-cropped-logoJ_91.png","width":512,"height":512,"caption":"jumeaux91"},"image":{"@id":"https:\/\/jumeaux91.fr\/blog\/#\/schema\/logo\/image\/"}},{"@type":"Person","@id":"https:\/\/jumeaux91.fr\/blog\/#\/schema\/person\/21da06e9f119b9f64e5d45dbbd32d3fb","name":"Claude DAYRES","image":{"@type":"ImageObject","inLanguage":"fr-FR","@id":"https:\/\/secure.gravatar.com\/avatar\/82eb951df6110a2c48d1bfa7a67d1ee6f0cd5df3cbf9c3586dd61e82db7172a5?s=96&d=mm&r=g","url":"https:\/\/secure.gravatar.com\/avatar\/82eb951df6110a2c48d1bfa7a67d1ee6f0cd5df3cbf9c3586dd61e82db7172a5?s=96&d=mm&r=g","contentUrl":"https:\/\/secure.gravatar.com\/avatar\/82eb951df6110a2c48d1bfa7a67d1ee6f0cd5df3cbf9c3586dd61e82db7172a5?s=96&d=mm&r=g","caption":"Claude DAYRES"},"url":"https:\/\/jumeaux91.fr\/blog\/author\/x91claude\/"}]}},"_links":{"self":[{"href":"https:\/\/jumeaux91.fr\/blog\/wp-json\/wp\/v2\/posts\/1022","targetHints":{"allow":["GET"]}}],"collection":[{"href":"https:\/\/jumeaux91.fr\/blog\/wp-json\/wp\/v2\/posts"}],"about":[{"href":"https:\/\/jumeaux91.fr\/blog\/wp-json\/wp\/v2\/types\/post"}],"author":[{"embeddable":true,"href":"https:\/\/jumeaux91.fr\/blog\/wp-json\/wp\/v2\/users\/2"}],"replies":[{"embeddable":true,"href":"https:\/\/jumeaux91.fr\/blog\/wp-json\/wp\/v2\/comments?post=1022"}],"version-history":[{"count":0,"href":"https:\/\/jumeaux91.fr\/blog\/wp-json\/wp\/v2\/posts\/1022\/revisions"}],"wp:featuredmedia":[{"embeddable":true,"href":"https:\/\/jumeaux91.fr\/blog\/wp-json\/wp\/v2\/media\/1023"}],"wp:attachment":[{"href":"https:\/\/jumeaux91.fr\/blog\/wp-json\/wp\/v2\/media?parent=1022"}],"wp:term":[{"taxonomy":"category","embeddable":true,"href":"https:\/\/jumeaux91.fr\/blog\/wp-json\/wp\/v2\/categories?post=1022"},{"taxonomy":"post_tag","embeddable":true,"href":"https:\/\/jumeaux91.fr\/blog\/wp-json\/wp\/v2\/tags?post=1022"}],"curies":[{"name":"wp","href":"https:\/\/api.w.org\/{rel}","templated":true}]}}