{"id":1059,"date":"2025-03-04T08:40:00","date_gmt":"2025-03-04T07:40:00","guid":{"rendered":"https:\/\/jumeaux91.fr\/blog\/mort-de-jean-louis-debre-de-quoi-sont-decedes-ses-deux-freres-bernard-et-francois-le-meme-jour\/"},"modified":"2025-03-04T08:40:00","modified_gmt":"2025-03-04T07:40:00","slug":"mort-de-jean-louis-debre-de-quoi-sont-decedes-ses-deux-freres-bernard-et-francois-le-meme-jour","status":"publish","type":"post","link":"https:\/\/jumeaux91.fr\/blog\/mort-de-jean-louis-debre-de-quoi-sont-decedes-ses-deux-freres-bernard-et-francois-le-meme-jour\/","title":{"rendered":"Mort de Jean-Louis Debr\u00e9 : de quoi sont d\u00e9c\u00e9d\u00e9s ses deux fr\u00e8res Bernard et Fran\u00e7ois le m\u00eame jour"},"content":{"rendered":"<div><img decoding=\"async\" src=\"https:\/\/jumeaux91.fr\/blog\/wp-content\/uploads\/2025\/03\/mort-de-jean-louis-debre-de-quoi-sont-decedes-ses-deux-freres-bernard-et-francois-le-meme-jour.jpg\" class=\"ff-og-image-inserted\"><\/div>\n<aside class=\"bloc_resume_post\">\n<h2 class=\"bloc_resume_post_title\">EN BREF<\/h2>\n<ul class=\"bloc_resume_post_list\">\n<li><span>Jean-Louis Debr\u00e9, ancien ministre et pr\u00e9sident de<br \/>\nl&rsquo;Assembl\u00e9e nationale, est d\u00e9c\u00e9d\u00e9 le 4 mars 2025 \u00e0 80<br \/>\nans.<\/span><\/li>\n<li><span>Bernard Debr\u00e9, son fr\u00e8re jumeau, est mort d&rsquo;un cancer le<br \/>\n13 septembre 2020, suivi de Fran\u00e7ois Debr\u00e9 quelques heures<br \/>\napr\u00e8s.<\/span><\/li>\n<li><span>Les hommages aux fr\u00e8res Debr\u00e9 soulignent leur engagement<br \/>\npolitique et leurs contributions marquantes \u00e0 la soci\u00e9t\u00e9<br \/>\nfran\u00e7aise.<\/span><\/li>\n<\/ul>\n<\/aside>\n<div class=\"article_body_content\">\n<p><strong>Trois des quatre fils de Michel Debr\u00e9 sont<br \/>\nd\u00e9c\u00e9d\u00e9s\u2026<\/strong> Mardi 4 mars 2025, <a href=\"https:\/\/www.closermag.fr\/politique\/mort-de-jean-louis-debre-qui-etait-la-mere-de-ses-trois-enfants-aujourdhui-decedee-3523951\" target=\"_blank\" rel=\"nofollow\"><br \/>\nJean-Louis Debr\u00e9<\/a> s\u2019est \u00e9teint \u00e0 l\u2019\u00e2ge de 80 ans. Homme<br \/>\npolitique renomm\u00e9, celui-ci avait \u00e9t\u00e9 ministre de l&rsquo;Int\u00e9rieur de<br \/>\n1995 \u00e0 1997 et pr\u00e9sident de l&rsquo;Assembl\u00e9e nationale de 2002 \u00e0 2007.<br \/>\nIl avait ensuite pr\u00e9sid\u00e9 le Conseil constitutionnel de 2007 \u00e0 2016<br \/>\npuis le Conseil sup\u00e9rieur des archives de 2016 \u00e0 sa mort.<\/p>\n<p>Cinq ans plus t\u00f4t, celui-ci avait perdu \u00e0 quelques heures<br \/>\nd\u2019intervalles ses deux fr\u00e8res. <a href=\"https:\/\/www.closermag.fr\/politique\/bernard-debre-cette-mort-qui-avait-marque-a-vie-son-frere-meconnu-francois-1171716#item=1\" target=\"_blank\" rel=\"nofollow\"><br \/>\nBernard Debr\u00e9<\/a>, son jumeau, chirurgien urologue r\u00e9put\u00e9, d\u00e9put\u00e9<br \/>\net ministre, est en effet <strong>d\u00e9c\u00e9d\u00e9 des suites d\u2019un cancer le<br \/>\n13 septembre 2020<\/strong>, \u00e0 l\u2019\u00e2ge de 75 ans. Celui-ci a ensuite<br \/>\n\u00e9t\u00e9 inhum\u00e9 \u00e0 Pr\u00e9failles, le 18 septembre 2020.<\/p>\n<h2>Pluie d\u2019hommages suite \u00e0 la mort de Bernard Debr\u00e9<\/h2>\n<p>Sur X (ex-Twitter), de nombreuses personnalit\u00e9s politiques<br \/>\navaient eu une pens\u00e9e \u00e9mue en apprenant sa disparition. <em>\u00ab\u00a0De<br \/>\nl\u2019h\u00f4pital \u00e0 la politique, <strong>Bernard Debr\u00e9 fut toute sa vie un<br \/>\nhomme d\u2019action.<\/strong> Les Fran\u00e7ais perdent un engag\u00e9, qui, en<br \/>\nh\u00e9ritier du gaullisme, n\u2019h\u00e9sitait jamais \u00e0 sortir des cadres et \u00e0<br \/>\ndire le vrai d\u00e8s qu\u2019il s\u2019agissait de l\u2019int\u00e9r\u00eat du pays. Pens\u00e9es \u00e0<br \/>\nsa famille et \u00e0 ses proches\u00a0\u00bb<\/em>, a avait \u00e9crit Emmanuel<br \/>\nMacron.<\/p>\n<p>De son c\u00f4t\u00e9, Jean Castex, alors Premier ministre, avait partag\u00e9<br \/>\n: <em>\u00ab\u00a0Professeur et \u00e9lu de la Nation, c\u2019est avec la m\u00eame \u00e9nergie<br \/>\nque Bernard Debr\u00e9 soignait les maux de ses patients et ceux de ses<br \/>\nconcitoyens. <strong>Cet humanisme qu&rsquo;il puisait dans ses racines<br \/>\ngaullistes ne le quittera jamais<\/strong>\u00ab\u00a0<\/em>.<\/p>\n<h2 class=\"marfeel_last_h2\">Bernard Debr\u00e9 avait rendu hommage \u00e0 son<br \/>\nfr\u00e8re, Fran\u00e7ois<\/h2>\n<p>Quelques heures apr\u00e8s son fr\u00e8re Bernard, <a href=\"https:\/\/www.closermag.fr\/politique\/mort-de-francois-debre-qui-sont-ses-filles-constance-et-ondine-1171824#item=1\" target=\"_blank\" rel=\"nofollow\"><br \/>\nFran\u00e7ois Debr\u00e9<\/a> s\u2019est quant \u00e0 lui <strong>\u00e9teint \u00e0 l&rsquo;\u00e2ge de 78<br \/>\nans des suites d&rsquo;une longue maladie<\/strong>, chez lui \u00e0<br \/>\nMontlouis-sur-Loire pr\u00e8s de Tours. Celui-ci a \u00e9t\u00e9 inhum\u00e9 le 19<br \/>\nseptembre 2020 au cimeti\u00e8re des Ursulines \u00e0 Amboise.<\/p>\n<p>En 2008, Bernard Debr\u00e9 avait rendu hommage \u00e0 son fr\u00e8re,<br \/>\nFran\u00e7ois, dans les colonnes du Monde. <em>\u00ab\u00a0<strong>C\u2019\u00e9tait le plus<br \/>\nbrillant et le plus dr\u00f4le d\u2019entre nous.<\/strong> Il s\u2019\u00e9tait inscrit<br \/>\nau PSU (Parti socialiste unifi\u00e9, ndlr) par provocation pour notre<br \/>\nfamille gaulliste, mais \u00e9tait un journaliste talentueux, et<br \/>\nn\u2019oubliez pas qu\u2019il a eu le prix Albert-Londres !\u00a0\u00bb<\/em>, avait-il<br \/>\nfait savoir.<\/p>\n<\/p><\/div>\n<p>La chronique se veut g\u00e9n\u00e9r\u00e9e de la fa\u00e7on la plus claire que possible. Dans le cas o\u00f9 vous souhaitez pr\u00e9senter des renseignements compl\u00e9mentaires \u00e0 cet article sur le sujet \u00ab\u00a0Fr\u00e8res jumeaux de l&rsquo;Essonnes\u00a0\u00bb il vous est possible d\u2019\u00e9crire aux contacts indiqu\u00e9s sur notre website. La raison d\u2019\u00eatre de jumeaux91.fr \u00e9tant de rassembler sur le web des posts sur le sujet de Fr\u00e8res jumeaux de l&rsquo;Essonnes puis les diffuser en r\u00e9pondant au mieux aux interrogations des gens. Vous pouvez tirer profit de cet article traitant le sujet \u00ab\u00a0Fr\u00e8res jumeaux de l&rsquo;Essonnes\u00a0\u00bb. Il est concoct\u00e9 par l\u2019\u00e9quipe jumeaux91.fr. Prochainement, nous rendrons accessibles au public d&rsquo;autres informations pertinentes sur le sujet \u00ab\u00a0Fr\u00e8res jumeaux de l&rsquo;Essonnes\u00a0\u00bb. Alors, consultez syst\u00e9matiquement notre blog.<\/p>\n","protected":false},"excerpt":{"rendered":"<p>EN BREF Jean-Louis Debr\u00e9, ancien ministre et pr\u00e9sident de l&rsquo;Assembl\u00e9e nationale, est d\u00e9c\u00e9d\u00e9 le 4 mars 2025 \u00e0 80 ans. Bernard Debr\u00e9, son fr\u00e8re jumeau, est mort d&rsquo;un cancer le 13 septembre 2020, suivi de Fran\u00e7ois Debr\u00e9 quelques heures apr\u00e8s. Les hommages aux fr\u00e8res Debr\u00e9 soulignent leur engagement politique et leurs contributions marquantes \u00e0 la&hellip; <a class=\"more-link\" href=\"https:\/\/jumeaux91.fr\/blog\/mort-de-jean-louis-debre-de-quoi-sont-decedes-ses-deux-freres-bernard-et-francois-le-meme-jour\/\">Poursuivre la lecture <span class=\"screen-reader-text\">Mort de Jean-Louis Debr\u00e9 : de quoi sont d\u00e9c\u00e9d\u00e9s ses deux fr\u00e8res Bernard et Fran\u00e7ois le m\u00eame jour<\/span><\/a><\/p>\n","protected":false},"author":2,"featured_media":1060,"comment_status":"closed","ping_status":"closed","sticky":false,"template":"","format":"standard","meta":{"footnotes":""},"categories":[4],"tags":[],"class_list":["post-1059","post","type-post","status-publish","format-standard","has-post-thumbnail","hentry","category-posts-freres-jumeaux-de-lessonnes","entry"],"yoast_head":"<!-- This site is optimized with the Yoast SEO plugin v27.5 - https:\/\/yoast.com\/product\/yoast-seo-wordpress\/ -->\n<title>Mort de Jean-Louis Debr\u00e9 : de quoi sont d\u00e9c\u00e9d\u00e9s ses deux fr\u00e8res Bernard et Fran\u00e7ois le m\u00eame jour - JUMEAUX91<\/title>\n<meta name=\"robots\" content=\"index, follow, max-snippet:-1, max-image-preview:large, max-video-preview:-1\" \/>\n<link rel=\"canonical\" href=\"https:\/\/jumeaux91.fr\/blog\/mort-de-jean-louis-debre-de-quoi-sont-decedes-ses-deux-freres-bernard-et-francois-le-meme-jour\/\" \/>\n<meta property=\"og:locale\" content=\"fr_FR\" \/>\n<meta property=\"og:type\" content=\"article\" \/>\n<meta property=\"og:title\" content=\"Mort de Jean-Louis Debr\u00e9 : de quoi sont d\u00e9c\u00e9d\u00e9s ses deux fr\u00e8res Bernard et Fran\u00e7ois le m\u00eame jour - JUMEAUX91\" \/>\n<meta property=\"og:description\" content=\"EN BREF Jean-Louis Debr\u00e9, ancien ministre et pr\u00e9sident de l&rsquo;Assembl\u00e9e nationale, est d\u00e9c\u00e9d\u00e9 le 4 mars 2025 \u00e0 80 ans. Bernard Debr\u00e9, son fr\u00e8re jumeau, est mort d&rsquo;un cancer le 13 septembre 2020, suivi de Fran\u00e7ois Debr\u00e9 quelques heures apr\u00e8s. Les hommages aux fr\u00e8res Debr\u00e9 soulignent leur engagement politique et leurs contributions marquantes \u00e0 la&hellip; Poursuivre la lecture Mort de Jean-Louis Debr\u00e9 : de quoi sont d\u00e9c\u00e9d\u00e9s ses deux fr\u00e8res Bernard et Fran\u00e7ois le m\u00eame jour\" \/>\n<meta property=\"og:url\" content=\"https:\/\/jumeaux91.fr\/blog\/mort-de-jean-louis-debre-de-quoi-sont-decedes-ses-deux-freres-bernard-et-francois-le-meme-jour\/\" \/>\n<meta property=\"og:site_name\" content=\"JUMEAUX91\" \/>\n<meta property=\"article:published_time\" content=\"2025-03-04T07:40:00+00:00\" \/>\n<meta property=\"og:image\" content=\"https:\/\/jumeaux91.fr\/blog\/wp-content\/uploads\/2025\/03\/mort-de-jean-louis-debre-de-quoi-sont-decedes-ses-deux-freres-bernard-et-francois-le-meme-jour.jpg\" \/>\n<meta name=\"author\" content=\"Claude DAYRES\" \/>\n<meta name=\"twitter:card\" content=\"summary_large_image\" \/>\n<meta name=\"twitter:label1\" content=\"\u00c9crit par\" \/>\n\t<meta name=\"twitter:data1\" content=\"Claude DAYRES\" \/>\n\t<meta name=\"twitter:label2\" content=\"Dur\u00e9e de lecture estim\u00e9e\" \/>\n\t<meta name=\"twitter:data2\" content=\"3 minutes\" \/>\n<script type=\"application\/ld+json\" class=\"yoast-schema-graph\">{\"@context\":\"https:\\\/\\\/schema.org\",\"@graph\":[{\"@type\":\"Article\",\"@id\":\"https:\\\/\\\/jumeaux91.fr\\\/blog\\\/mort-de-jean-louis-debre-de-quoi-sont-decedes-ses-deux-freres-bernard-et-francois-le-meme-jour\\\/#article\",\"isPartOf\":{\"@id\":\"https:\\\/\\\/jumeaux91.fr\\\/blog\\\/mort-de-jean-louis-debre-de-quoi-sont-decedes-ses-deux-freres-bernard-et-francois-le-meme-jour\\\/\"},\"author\":{\"name\":\"Claude DAYRES\",\"@id\":\"https:\\\/\\\/jumeaux91.fr\\\/blog\\\/#\\\/schema\\\/person\\\/21da06e9f119b9f64e5d45dbbd32d3fb\"},\"headline\":\"Mort de Jean-Louis Debr\u00e9 : de quoi sont d\u00e9c\u00e9d\u00e9s ses deux fr\u00e8res Bernard et Fran\u00e7ois le m\u00eame jour\",\"datePublished\":\"2025-03-04T07:40:00+00:00\",\"mainEntityOfPage\":{\"@id\":\"https:\\\/\\\/jumeaux91.fr\\\/blog\\\/mort-de-jean-louis-debre-de-quoi-sont-decedes-ses-deux-freres-bernard-et-francois-le-meme-jour\\\/\"},\"wordCount\":602,\"publisher\":{\"@id\":\"https:\\\/\\\/jumeaux91.fr\\\/blog\\\/#organization\"},\"image\":{\"@id\":\"https:\\\/\\\/jumeaux91.fr\\\/blog\\\/mort-de-jean-louis-debre-de-quoi-sont-decedes-ses-deux-freres-bernard-et-francois-le-meme-jour\\\/#primaryimage\"},\"thumbnailUrl\":\"https:\\\/\\\/jumeaux91.fr\\\/blog\\\/wp-content\\\/uploads\\\/2025\\\/03\\\/mort-de-jean-louis-debre-de-quoi-sont-decedes-ses-deux-freres-bernard-et-francois-le-meme-jour.jpg\",\"articleSection\":[\"Posts Fr\u00e8res Jumeaux De L'Essonnes:\"],\"inLanguage\":\"fr-FR\"},{\"@type\":\"WebPage\",\"@id\":\"https:\\\/\\\/jumeaux91.fr\\\/blog\\\/mort-de-jean-louis-debre-de-quoi-sont-decedes-ses-deux-freres-bernard-et-francois-le-meme-jour\\\/\",\"url\":\"https:\\\/\\\/jumeaux91.fr\\\/blog\\\/mort-de-jean-louis-debre-de-quoi-sont-decedes-ses-deux-freres-bernard-et-francois-le-meme-jour\\\/\",\"name\":\"Mort de Jean-Louis Debr\u00e9 : de quoi sont d\u00e9c\u00e9d\u00e9s ses deux fr\u00e8res Bernard et Fran\u00e7ois le m\u00eame jour - JUMEAUX91\",\"isPartOf\":{\"@id\":\"https:\\\/\\\/jumeaux91.fr\\\/blog\\\/#website\"},\"primaryImageOfPage\":{\"@id\":\"https:\\\/\\\/jumeaux91.fr\\\/blog\\\/mort-de-jean-louis-debre-de-quoi-sont-decedes-ses-deux-freres-bernard-et-francois-le-meme-jour\\\/#primaryimage\"},\"image\":{\"@id\":\"https:\\\/\\\/jumeaux91.fr\\\/blog\\\/mort-de-jean-louis-debre-de-quoi-sont-decedes-ses-deux-freres-bernard-et-francois-le-meme-jour\\\/#primaryimage\"},\"thumbnailUrl\":\"https:\\\/\\\/jumeaux91.fr\\\/blog\\\/wp-content\\\/uploads\\\/2025\\\/03\\\/mort-de-jean-louis-debre-de-quoi-sont-decedes-ses-deux-freres-bernard-et-francois-le-meme-jour.jpg\",\"datePublished\":\"2025-03-04T07:40:00+00:00\",\"breadcrumb\":{\"@id\":\"https:\\\/\\\/jumeaux91.fr\\\/blog\\\/mort-de-jean-louis-debre-de-quoi-sont-decedes-ses-deux-freres-bernard-et-francois-le-meme-jour\\\/#breadcrumb\"},\"inLanguage\":\"fr-FR\",\"potentialAction\":[{\"@type\":\"ReadAction\",\"target\":[\"https:\\\/\\\/jumeaux91.fr\\\/blog\\\/mort-de-jean-louis-debre-de-quoi-sont-decedes-ses-deux-freres-bernard-et-francois-le-meme-jour\\\/\"]}]},{\"@type\":\"ImageObject\",\"inLanguage\":\"fr-FR\",\"@id\":\"https:\\\/\\\/jumeaux91.fr\\\/blog\\\/mort-de-jean-louis-debre-de-quoi-sont-decedes-ses-deux-freres-bernard-et-francois-le-meme-jour\\\/#primaryimage\",\"url\":\"https:\\\/\\\/jumeaux91.fr\\\/blog\\\/wp-content\\\/uploads\\\/2025\\\/03\\\/mort-de-jean-louis-debre-de-quoi-sont-decedes-ses-deux-freres-bernard-et-francois-le-meme-jour.jpg\",\"contentUrl\":\"https:\\\/\\\/jumeaux91.fr\\\/blog\\\/wp-content\\\/uploads\\\/2025\\\/03\\\/mort-de-jean-louis-debre-de-quoi-sont-decedes-ses-deux-freres-bernard-et-francois-le-meme-jour.jpg\",\"width\":1200,\"height\":801,\"caption\":\"Mort de Jean Louis Debr\u00e9 : de quoi sont d\u00e9c\u00e9d\u00e9s ses deux fr\u00e8res Bernard et Fran\u00e7ois le m\u00eame jour\"},{\"@type\":\"BreadcrumbList\",\"@id\":\"https:\\\/\\\/jumeaux91.fr\\\/blog\\\/mort-de-jean-louis-debre-de-quoi-sont-decedes-ses-deux-freres-bernard-et-francois-le-meme-jour\\\/#breadcrumb\",\"itemListElement\":[{\"@type\":\"ListItem\",\"position\":1,\"name\":\"Accueil\",\"item\":\"https:\\\/\\\/jumeaux91.fr\\\/blog\\\/\"},{\"@type\":\"ListItem\",\"position\":2,\"name\":\"Mort de Jean-Louis Debr\u00e9 : de quoi sont d\u00e9c\u00e9d\u00e9s ses deux fr\u00e8res Bernard et Fran\u00e7ois le m\u00eame jour\"}]},{\"@type\":\"WebSite\",\"@id\":\"https:\\\/\\\/jumeaux91.fr\\\/blog\\\/#website\",\"url\":\"https:\\\/\\\/jumeaux91.fr\\\/blog\\\/\",\"name\":\"JUMEAUX91\",\"description\":\"Fr\u00e8res jumeaux de l&#039;Essonnes; informations et archives, \u00e0 savoir et retenir.\",\"publisher\":{\"@id\":\"https:\\\/\\\/jumeaux91.fr\\\/blog\\\/#organization\"},\"potentialAction\":[{\"@type\":\"SearchAction\",\"target\":{\"@type\":\"EntryPoint\",\"urlTemplate\":\"https:\\\/\\\/jumeaux91.fr\\\/blog\\\/?s={search_term_string}\"},\"query-input\":{\"@type\":\"PropertyValueSpecification\",\"valueRequired\":true,\"valueName\":\"search_term_string\"}}],\"inLanguage\":\"fr-FR\"},{\"@type\":\"Organization\",\"@id\":\"https:\\\/\\\/jumeaux91.fr\\\/blog\\\/#organization\",\"name\":\"jumeaux91\",\"url\":\"https:\\\/\\\/jumeaux91.fr\\\/blog\\\/\",\"logo\":{\"@type\":\"ImageObject\",\"inLanguage\":\"fr-FR\",\"@id\":\"https:\\\/\\\/jumeaux91.fr\\\/blog\\\/#\\\/schema\\\/logo\\\/image\\\/\",\"url\":\"https:\\\/\\\/jumeaux91.fr\\\/blog\\\/wp-content\\\/uploads\\\/2023\\\/05\\\/cropped-cropped-logoJ_91.png\",\"contentUrl\":\"https:\\\/\\\/jumeaux91.fr\\\/blog\\\/wp-content\\\/uploads\\\/2023\\\/05\\\/cropped-cropped-logoJ_91.png\",\"width\":512,\"height\":512,\"caption\":\"jumeaux91\"},\"image\":{\"@id\":\"https:\\\/\\\/jumeaux91.fr\\\/blog\\\/#\\\/schema\\\/logo\\\/image\\\/\"}},{\"@type\":\"Person\",\"@id\":\"https:\\\/\\\/jumeaux91.fr\\\/blog\\\/#\\\/schema\\\/person\\\/21da06e9f119b9f64e5d45dbbd32d3fb\",\"name\":\"Claude DAYRES\",\"image\":{\"@type\":\"ImageObject\",\"inLanguage\":\"fr-FR\",\"@id\":\"https:\\\/\\\/secure.gravatar.com\\\/avatar\\\/82eb951df6110a2c48d1bfa7a67d1ee6f0cd5df3cbf9c3586dd61e82db7172a5?s=96&d=mm&r=g\",\"url\":\"https:\\\/\\\/secure.gravatar.com\\\/avatar\\\/82eb951df6110a2c48d1bfa7a67d1ee6f0cd5df3cbf9c3586dd61e82db7172a5?s=96&d=mm&r=g\",\"contentUrl\":\"https:\\\/\\\/secure.gravatar.com\\\/avatar\\\/82eb951df6110a2c48d1bfa7a67d1ee6f0cd5df3cbf9c3586dd61e82db7172a5?s=96&d=mm&r=g\",\"caption\":\"Claude DAYRES\"},\"url\":\"https:\\\/\\\/jumeaux91.fr\\\/blog\\\/author\\\/x91claude\\\/\"}]}<\/script>\n<!-- \/ Yoast SEO plugin. -->","yoast_head_json":{"title":"Mort de Jean-Louis Debr\u00e9 : de quoi sont d\u00e9c\u00e9d\u00e9s ses deux fr\u00e8res Bernard et Fran\u00e7ois le m\u00eame jour - JUMEAUX91","robots":{"index":"index","follow":"follow","max-snippet":"max-snippet:-1","max-image-preview":"max-image-preview:large","max-video-preview":"max-video-preview:-1"},"canonical":"https:\/\/jumeaux91.fr\/blog\/mort-de-jean-louis-debre-de-quoi-sont-decedes-ses-deux-freres-bernard-et-francois-le-meme-jour\/","og_locale":"fr_FR","og_type":"article","og_title":"Mort de Jean-Louis Debr\u00e9 : de quoi sont d\u00e9c\u00e9d\u00e9s ses deux fr\u00e8res Bernard et Fran\u00e7ois le m\u00eame jour - JUMEAUX91","og_description":"EN BREF Jean-Louis Debr\u00e9, ancien ministre et pr\u00e9sident de l&rsquo;Assembl\u00e9e nationale, est d\u00e9c\u00e9d\u00e9 le 4 mars 2025 \u00e0 80 ans. Bernard Debr\u00e9, son fr\u00e8re jumeau, est mort d&rsquo;un cancer le 13 septembre 2020, suivi de Fran\u00e7ois Debr\u00e9 quelques heures apr\u00e8s. Les hommages aux fr\u00e8res Debr\u00e9 soulignent leur engagement politique et leurs contributions marquantes \u00e0 la&hellip; Poursuivre la lecture Mort de Jean-Louis Debr\u00e9 : de quoi sont d\u00e9c\u00e9d\u00e9s ses deux fr\u00e8res Bernard et Fran\u00e7ois le m\u00eame jour","og_url":"https:\/\/jumeaux91.fr\/blog\/mort-de-jean-louis-debre-de-quoi-sont-decedes-ses-deux-freres-bernard-et-francois-le-meme-jour\/","og_site_name":"JUMEAUX91","article_published_time":"2025-03-04T07:40:00+00:00","og_image":[{"url":"https:\/\/jumeaux91.fr\/blog\/wp-content\/uploads\/2025\/03\/mort-de-jean-louis-debre-de-quoi-sont-decedes-ses-deux-freres-bernard-et-francois-le-meme-jour.jpg","type":"","width":"","height":""}],"author":"Claude DAYRES","twitter_card":"summary_large_image","twitter_misc":{"\u00c9crit par":"Claude DAYRES","Dur\u00e9e de lecture estim\u00e9e":"3 minutes"},"schema":{"@context":"https:\/\/schema.org","@graph":[{"@type":"Article","@id":"https:\/\/jumeaux91.fr\/blog\/mort-de-jean-louis-debre-de-quoi-sont-decedes-ses-deux-freres-bernard-et-francois-le-meme-jour\/#article","isPartOf":{"@id":"https:\/\/jumeaux91.fr\/blog\/mort-de-jean-louis-debre-de-quoi-sont-decedes-ses-deux-freres-bernard-et-francois-le-meme-jour\/"},"author":{"name":"Claude DAYRES","@id":"https:\/\/jumeaux91.fr\/blog\/#\/schema\/person\/21da06e9f119b9f64e5d45dbbd32d3fb"},"headline":"Mort de Jean-Louis Debr\u00e9 : de quoi sont d\u00e9c\u00e9d\u00e9s ses deux fr\u00e8res Bernard et Fran\u00e7ois le m\u00eame jour","datePublished":"2025-03-04T07:40:00+00:00","mainEntityOfPage":{"@id":"https:\/\/jumeaux91.fr\/blog\/mort-de-jean-louis-debre-de-quoi-sont-decedes-ses-deux-freres-bernard-et-francois-le-meme-jour\/"},"wordCount":602,"publisher":{"@id":"https:\/\/jumeaux91.fr\/blog\/#organization"},"image":{"@id":"https:\/\/jumeaux91.fr\/blog\/mort-de-jean-louis-debre-de-quoi-sont-decedes-ses-deux-freres-bernard-et-francois-le-meme-jour\/#primaryimage"},"thumbnailUrl":"https:\/\/jumeaux91.fr\/blog\/wp-content\/uploads\/2025\/03\/mort-de-jean-louis-debre-de-quoi-sont-decedes-ses-deux-freres-bernard-et-francois-le-meme-jour.jpg","articleSection":["Posts Fr\u00e8res Jumeaux De L'Essonnes:"],"inLanguage":"fr-FR"},{"@type":"WebPage","@id":"https:\/\/jumeaux91.fr\/blog\/mort-de-jean-louis-debre-de-quoi-sont-decedes-ses-deux-freres-bernard-et-francois-le-meme-jour\/","url":"https:\/\/jumeaux91.fr\/blog\/mort-de-jean-louis-debre-de-quoi-sont-decedes-ses-deux-freres-bernard-et-francois-le-meme-jour\/","name":"Mort de Jean-Louis Debr\u00e9 : de quoi sont d\u00e9c\u00e9d\u00e9s ses deux fr\u00e8res Bernard et Fran\u00e7ois le m\u00eame jour - JUMEAUX91","isPartOf":{"@id":"https:\/\/jumeaux91.fr\/blog\/#website"},"primaryImageOfPage":{"@id":"https:\/\/jumeaux91.fr\/blog\/mort-de-jean-louis-debre-de-quoi-sont-decedes-ses-deux-freres-bernard-et-francois-le-meme-jour\/#primaryimage"},"image":{"@id":"https:\/\/jumeaux91.fr\/blog\/mort-de-jean-louis-debre-de-quoi-sont-decedes-ses-deux-freres-bernard-et-francois-le-meme-jour\/#primaryimage"},"thumbnailUrl":"https:\/\/jumeaux91.fr\/blog\/wp-content\/uploads\/2025\/03\/mort-de-jean-louis-debre-de-quoi-sont-decedes-ses-deux-freres-bernard-et-francois-le-meme-jour.jpg","datePublished":"2025-03-04T07:40:00+00:00","breadcrumb":{"@id":"https:\/\/jumeaux91.fr\/blog\/mort-de-jean-louis-debre-de-quoi-sont-decedes-ses-deux-freres-bernard-et-francois-le-meme-jour\/#breadcrumb"},"inLanguage":"fr-FR","potentialAction":[{"@type":"ReadAction","target":["https:\/\/jumeaux91.fr\/blog\/mort-de-jean-louis-debre-de-quoi-sont-decedes-ses-deux-freres-bernard-et-francois-le-meme-jour\/"]}]},{"@type":"ImageObject","inLanguage":"fr-FR","@id":"https:\/\/jumeaux91.fr\/blog\/mort-de-jean-louis-debre-de-quoi-sont-decedes-ses-deux-freres-bernard-et-francois-le-meme-jour\/#primaryimage","url":"https:\/\/jumeaux91.fr\/blog\/wp-content\/uploads\/2025\/03\/mort-de-jean-louis-debre-de-quoi-sont-decedes-ses-deux-freres-bernard-et-francois-le-meme-jour.jpg","contentUrl":"https:\/\/jumeaux91.fr\/blog\/wp-content\/uploads\/2025\/03\/mort-de-jean-louis-debre-de-quoi-sont-decedes-ses-deux-freres-bernard-et-francois-le-meme-jour.jpg","width":1200,"height":801,"caption":"Mort de Jean Louis Debr\u00e9 : de quoi sont d\u00e9c\u00e9d\u00e9s ses deux fr\u00e8res Bernard et Fran\u00e7ois le m\u00eame jour"},{"@type":"BreadcrumbList","@id":"https:\/\/jumeaux91.fr\/blog\/mort-de-jean-louis-debre-de-quoi-sont-decedes-ses-deux-freres-bernard-et-francois-le-meme-jour\/#breadcrumb","itemListElement":[{"@type":"ListItem","position":1,"name":"Accueil","item":"https:\/\/jumeaux91.fr\/blog\/"},{"@type":"ListItem","position":2,"name":"Mort de Jean-Louis Debr\u00e9 : de quoi sont d\u00e9c\u00e9d\u00e9s ses deux fr\u00e8res Bernard et Fran\u00e7ois le m\u00eame jour"}]},{"@type":"WebSite","@id":"https:\/\/jumeaux91.fr\/blog\/#website","url":"https:\/\/jumeaux91.fr\/blog\/","name":"JUMEAUX91","description":"Fr\u00e8res jumeaux de l&#039;Essonnes; informations et archives, \u00e0 savoir et retenir.","publisher":{"@id":"https:\/\/jumeaux91.fr\/blog\/#organization"},"potentialAction":[{"@type":"SearchAction","target":{"@type":"EntryPoint","urlTemplate":"https:\/\/jumeaux91.fr\/blog\/?s={search_term_string}"},"query-input":{"@type":"PropertyValueSpecification","valueRequired":true,"valueName":"search_term_string"}}],"inLanguage":"fr-FR"},{"@type":"Organization","@id":"https:\/\/jumeaux91.fr\/blog\/#organization","name":"jumeaux91","url":"https:\/\/jumeaux91.fr\/blog\/","logo":{"@type":"ImageObject","inLanguage":"fr-FR","@id":"https:\/\/jumeaux91.fr\/blog\/#\/schema\/logo\/image\/","url":"https:\/\/jumeaux91.fr\/blog\/wp-content\/uploads\/2023\/05\/cropped-cropped-logoJ_91.png","contentUrl":"https:\/\/jumeaux91.fr\/blog\/wp-content\/uploads\/2023\/05\/cropped-cropped-logoJ_91.png","width":512,"height":512,"caption":"jumeaux91"},"image":{"@id":"https:\/\/jumeaux91.fr\/blog\/#\/schema\/logo\/image\/"}},{"@type":"Person","@id":"https:\/\/jumeaux91.fr\/blog\/#\/schema\/person\/21da06e9f119b9f64e5d45dbbd32d3fb","name":"Claude DAYRES","image":{"@type":"ImageObject","inLanguage":"fr-FR","@id":"https:\/\/secure.gravatar.com\/avatar\/82eb951df6110a2c48d1bfa7a67d1ee6f0cd5df3cbf9c3586dd61e82db7172a5?s=96&d=mm&r=g","url":"https:\/\/secure.gravatar.com\/avatar\/82eb951df6110a2c48d1bfa7a67d1ee6f0cd5df3cbf9c3586dd61e82db7172a5?s=96&d=mm&r=g","contentUrl":"https:\/\/secure.gravatar.com\/avatar\/82eb951df6110a2c48d1bfa7a67d1ee6f0cd5df3cbf9c3586dd61e82db7172a5?s=96&d=mm&r=g","caption":"Claude DAYRES"},"url":"https:\/\/jumeaux91.fr\/blog\/author\/x91claude\/"}]}},"_links":{"self":[{"href":"https:\/\/jumeaux91.fr\/blog\/wp-json\/wp\/v2\/posts\/1059","targetHints":{"allow":["GET"]}}],"collection":[{"href":"https:\/\/jumeaux91.fr\/blog\/wp-json\/wp\/v2\/posts"}],"about":[{"href":"https:\/\/jumeaux91.fr\/blog\/wp-json\/wp\/v2\/types\/post"}],"author":[{"embeddable":true,"href":"https:\/\/jumeaux91.fr\/blog\/wp-json\/wp\/v2\/users\/2"}],"replies":[{"embeddable":true,"href":"https:\/\/jumeaux91.fr\/blog\/wp-json\/wp\/v2\/comments?post=1059"}],"version-history":[{"count":0,"href":"https:\/\/jumeaux91.fr\/blog\/wp-json\/wp\/v2\/posts\/1059\/revisions"}],"wp:featuredmedia":[{"embeddable":true,"href":"https:\/\/jumeaux91.fr\/blog\/wp-json\/wp\/v2\/media\/1060"}],"wp:attachment":[{"href":"https:\/\/jumeaux91.fr\/blog\/wp-json\/wp\/v2\/media?parent=1059"}],"wp:term":[{"taxonomy":"category","embeddable":true,"href":"https:\/\/jumeaux91.fr\/blog\/wp-json\/wp\/v2\/categories?post=1059"},{"taxonomy":"post_tag","embeddable":true,"href":"https:\/\/jumeaux91.fr\/blog\/wp-json\/wp\/v2\/tags?post=1059"}],"curies":[{"name":"wp","href":"https:\/\/api.w.org\/{rel}","templated":true}]}}