{"id":1063,"date":"2025-03-03T21:28:00","date_gmt":"2025-03-03T20:28:00","guid":{"rendered":"https:\/\/jumeaux91.fr\/blog\/jean-louis-debre-lun-des-derniers-gardiens-du-temple\/"},"modified":"2025-03-03T21:28:00","modified_gmt":"2025-03-03T20:28:00","slug":"jean-louis-debre-lun-des-derniers-gardiens-du-temple","status":"publish","type":"post","link":"https:\/\/jumeaux91.fr\/blog\/jean-louis-debre-lun-des-derniers-gardiens-du-temple\/","title":{"rendered":"Jean-Louis Debr\u00e9, l\u2019un des derniers gardiens du Temple"},"content":{"rendered":"<p><!-- --> <\/p>\n<div class=\"chapo\">\n<p><strong><em>\u00ab&nbsp;Chirac doit \u00eatre \u00e0 13% dans les sondages, Balladur est \u00e0 30 ou 40%. Personne ne veut vraiment nous recevoir. Et je lui dis&nbsp;: comment voyez-vous les choses&nbsp;? (\u2026) Ce n&rsquo;est pas tr\u00e8s bon. Et je lui dis&nbsp;: qu&rsquo;est-ce qu&rsquo;on va faire apr\u00e8s&nbsp;? Il me dit&nbsp;: on va ouvrir une agence de voyage. Tu la tiendras et je voyagerai. Et dix secondes apr\u00e8s&nbsp;: non, on va gagner&nbsp;! On est \u00e0 13%.&nbsp;\u00bb (Jean-Louis Debr\u00e9 sur Jacques Chirac).<\/em><\/strong><\/p>\n<\/div>\n<p><span class=\"spip_document_283961 spip_documents spip_documents_center\"><br \/>\n<a href=\"https:\/\/image.over-blog.com\/vWue1ExqY4BAbbJmw7TYrU-9xx4=\/filters:no_upscale()\/image%2F1488922%2F20250304%2Fob_3af5ca_yartidebrejeanlouisd01.jpg\" rel=\"nofollow\" target=\"_blank\"><img decoding=\"async\" src=\"https:\/\/jumeaux91.fr\/blog\/wp-content\/uploads\/2025\/03\/jean-louis-debre-lun-des-derniers-gardiens-du-temple.jpg\" width=\"620\" height=\"349\" alt><\/a><\/span><\/p>\n<p>Une anecdote parmi de tr\u00e8s nombreuses autres qu&rsquo;il aimait raconter, lui le m\u00e9canicien de la <a data-ob-kind=\"custom\" href=\"https:\/\/rakotoarison.over-blog.com\/article-sr-20231004-cinquieme-republique.html\" rel=\"nofollow\" target=\"_blank\">Cinqui\u00e8me R\u00e9publique<\/a>, celui qui \u00e9tait dans le moteur institutionnel de p\u00e8re en fils. C&rsquo;est avec beaucoup de tristesse que j&rsquo;ai appris la mort de <a data-ob-kind=\"custom\" href=\"https:\/\/rakotoarison.over-blog.com\/article-sr-20250304-jean-louis-debre.html\" rel=\"nofollow\" target=\"_blank\">Jean-Louis Debr\u00e9<\/a> dans la nuit du 3 au 4 mars 2025. Il avait <a data-ob-kind=\"custom\" href=\"https:\/\/rakotoarison.over-blog.com\/article-sr-20240930-jean-louis-debre.html\" rel=\"nofollow\" target=\"_blank\">80 ans<\/a>. Il nous manquera, \u00ab\u00a0nous\u00a0\u00bb, tous les Fran\u00e7ais, car il \u00e9tait un visage et un regard irrempla\u00e7able d&rsquo;une certaine id\u00e9e de la vie politique.<\/p>\n<p>Il rejoint son fr\u00e8re jumeau, m\u00e9decin et \u00e9galement homme politique, <a data-ob-kind=\"custom\" href=\"https:\/\/rakotoarison.over-blog.com\/article-sr-20200913-bernard-debre.html\" rel=\"nofollow\" target=\"_blank\">Bernard Debr\u00e9<\/a> mort le 13 septembre 2020 \u00e0 75 ans, quelques heures avant leur grand fr\u00e8re Fran\u00e7ois Debr\u00e9, journaliste, \u00e0 78 ans. De la fratrie, il ne reste plus que Vincent, l&rsquo;a\u00een\u00e9, 86 ans.<\/p>\n<p>Incontestablement, Jean-Louis Debr\u00e9 \u00e9tait issu d&rsquo;une grande famille exceptionnelle, certains diront dynastie, mais en R\u00e9publique, chaque membre n&rsquo;a brill\u00e9 que par son m\u00e9rite personnel, et on l&rsquo;a bien compris en observant les deux fr\u00e8res jumeaux, l&rsquo;un \u00e9tait un homme politique, tandis que l&rsquo;autre \u00e9tait bien plus que cela, un homme d&rsquo;\u00c9tat (c&rsquo;est d&rsquo;ailleurs ainsi que le pr\u00e9sente <a data-ob-kind=\"custom\" href=\"https:\/\/rakotoarison.over-blog.com\/article-sr-20210115-wikipedia.html\" rel=\"nofollow\" target=\"_blank\">Wikip\u00e9dia<\/a>, ce dont je me r\u00e9jouis), comme leur p\u00e8re, <a data-ob-kind=\"custom\" href=\"https:\/\/rakotoarison.over-blog.com\/article-sr-20210802-michel-debre.html\" rel=\"nofollow\" target=\"_blank\">Michel Debr\u00e9<\/a>, auteur de la Constitution de la Cinqui\u00e8me R\u00e9publique et premier Premier Ministre de cette R\u00e9publique et du <a data-ob-kind=\"custom\" href=\"https:\/\/rakotoarison.over-blog.com\/article-sr-20220515-de-gaulle.html\" rel=\"nofollow\" target=\"_blank\">G\u00e9n\u00e9ral De Gaulle<\/a>.<\/p>\n<p>Cette famille, qui \u00e9tait d\u00e9j\u00e0 bien install\u00e9e depuis plusieurs g\u00e9n\u00e9rations, a donn\u00e9 de nombreux grands m\u00e9decins (dont Robert Debr\u00e9, pr\u00e9sent\u00e9 comme le p\u00e8re de la p\u00e9diatrie moderne, le grand-p\u00e8re de Jean-Louis Debr\u00e9), de grandes personnalit\u00e9s politiques, de grands scientifiques et universitaires (Michel Debr\u00e9 \u00e9tait le cousin germain du grand math\u00e9maticien Laurent Schwartz r\u00e9compens\u00e9 par la M\u00e9daille Field, son fr\u00e8re Bernard Schwartz a \u00e9t\u00e9 le directeur de l&rsquo;\u00c9cole des Mines de Nancy, etc.), aussi un grand-rabbin (Simon Debr\u00e9, l&rsquo;arri\u00e8re-grand-p\u00e8re de Jean-Louis Debr\u00e9), aussi de grands artistes (son oncle Olivier Debr\u00e9 \u00e9tait un peintre de l&rsquo;abstrait), sept acad\u00e9miciens, etc.<br \/>&nbsp;<\/p>\n<figure data-widget=\"obimage_widget\"><img decoding=\"async\" alt data-amp-height=\"508\" data-amp-width=\"711\" src=\"https:\/\/jumeaux91.fr\/blog\/wp-content\/uploads\/2025\/03\/jean-louis-debre-lun-des-derniers-gardiens-du-temple-1.jpg\"><\/figure>\n<p>Jean-Louis Debr\u00e9 \u00e9tait adolescent quand son p\u00e8re \u00e9tait \u00e0 Matignon, il connaissait les De Gaulle, leur face publique mais aussi priv\u00e9e. Il ne pouvait \u00eatre que passionn\u00e9 par la politique, car il a baign\u00e9 dans la marmite \u00e9tant petit (comme Ob\u00e9lix), d&rsquo;autant plus que son p\u00e8re \u00e9tait un passionn\u00e9 qui a retransmis le virus de la politique \u00e0 ses enfants. En 1986, les deux fr\u00e8res jumeaux ont \u00e9t\u00e9 \u00e9lus d\u00e9put\u00e9s et ils ont si\u00e9g\u00e9 avec le p\u00e8re qui a pris sa retraite en 1988. Pendant deux ans, il y a eu trois Debr\u00e9 pour le prix d&rsquo;un au Palais-Bourbon&nbsp;!<\/p>\n<p>Mais c&rsquo;est bien avant qu&rsquo;il a vraiment fait la connaissance de <a data-ob-kind=\"custom\" href=\"https:\/\/rakotoarison.over-blog.com\/article-sr-20240926-chirac.html\" rel=\"nofollow\" target=\"_blank\">Jacques Chirac<\/a>, en 1973, \u00e0 une \u00e9poque o\u00f9, jeune homme de 28 ans, il s&rsquo;\u00e9tait pr\u00e9sent\u00e9 aux \u00e9lections l\u00e9gislatives et avait perdu&nbsp;: on ne lui avait pas donn\u00e9 une circonscription en or, il s&rsquo;est d\u00e9men\u00e9 par son m\u00e9rite pour arriver \u00e0 la politique. Jacques Chirac l&rsquo;a \u00e9paul\u00e9, l&rsquo;a coach\u00e9, il \u00e9tait son mentor, en quelque sorte. Et au fil des ann\u00e9es et des d\u00e9cennies, au fil des fid\u00e9lit\u00e9s et des vilenies, Jean-Louis Debr\u00e9 est rest\u00e9 le chiraquien fid\u00e8le, l&rsquo;un des rares jusqu&rsquo;au bout de la route, l&rsquo;un de ses rares visiteurs quand il \u00e9tait malade.<\/p>\n<figure data-widget=\"obimage_widget\"><img decoding=\"async\" alt data-amp-height=\"448\" data-amp-width=\"672\" src=\"https:\/\/jumeaux91.fr\/blog\/wp-content\/uploads\/2025\/03\/jean-louis-debre-lun-des-derniers-gardiens-du-temple-2.jpg\"><\/figure>\n<p> &lt;!&#8211;<\/p>\n<p><ins class=\"adsbygoogle\" style=\"width:300px;height:250px\" data-ad-client=\"ca-pub-9224775418147577\" data-ad-slot=\"6569925872\"><\/ins><br \/>\n (adsbygoogle = window.adsbygoogle || []).push({});<\/p>\n<p>&#8211;&gt;<\/p>\n<p>Docteur en droit, juge d&rsquo;instruction, Jean-Louis Debr\u00e9, au-del\u00e0 de ses mandats de d\u00e9put\u00e9 (son successeur dans sa circonscription fut <a data-ob-kind=\"custom\" href=\"https:\/\/rakotoarison.over-blog.com\/article-sr-20240912-bruno-le-maire.html\" rel=\"nofollow\" target=\"_blank\">Bruno Le Maire<\/a>) et de maire d&rsquo;\u00c9vreux, a assum\u00e9 trois grands mandats dans sa carri\u00e8re politique.<\/p>\n<p>Le premier n&rsquo;\u00e9tait pas une joie et son autorit\u00e9 y \u00e9tait souvent remise en cause&nbsp;: Ministre de l&rsquo;Int\u00e9rieur du 18 mai 1995 au 2 juin 1997, je pourrais m\u00eame dire le premier Ministre de l&rsquo;Int\u00e9rieur de Jacques Chirac Pr\u00e9sident de la R\u00e9publique, mais il aurait sans doute \u00e9t\u00e9 plus utile au Minist\u00e8re de la Justice. Jacques Chirac avait besoin d&rsquo;une personne fiable et fid\u00e8le \u00e0 l&rsquo;Int\u00e9rieur, et Jean-Louis Debr\u00e9, qui n&rsquo;a jamais tutoy\u00e9 le Pr\u00e9sident, n&rsquo;a jamais trahi Jacques Chirac, notamment pendant la campagne pr\u00e9sidentielle de 1995, voir l&rsquo;anecdote en introduction (alors que son fr\u00e8re Bernard Debr\u00e9 soutenait <a data-ob-kind=\"custom\" href=\"https:\/\/rakotoarison.over-blog.com\/article-sr-20240502-balladur.html\" rel=\"nofollow\" target=\"_blank\">\u00c9douard Balladur<\/a>).<\/p>\n<p>Sa deuxi\u00e8me grande responsabilit\u00e9 a \u00e9t\u00e9 d&rsquo;\u00eatre Pr\u00e9sident de l&rsquo;Assembl\u00e9e Nationale du 25 juin 2002 au 4 mars 2007. L\u00e0 encore, rien n&rsquo;\u00e9tait \u00e9vident pour lui et il a r\u00e9ussi \u00e0 convaincre la majorit\u00e9 des d\u00e9put\u00e9s UMP de l&rsquo;\u00e9lire, alors que d&rsquo;autres noms, parfois prestigieux (\u00c9douard Balladur), circulaient pour le perchoir. Ce fut, comme l&rsquo;a rappel\u00e9 sa lointaine successeure <a data-ob-kind=\"custom\" href=\"https:\/\/rakotoarison.over-blog.com\/article-sr-20240718-braun-pivet.html\" rel=\"nofollow\" target=\"_blank\">Ya\u00ebl Braun-Pivet<\/a>, <i>\u00ab&nbsp;l&rsquo;honneur d&rsquo;une vie&nbsp;\u00bb<\/i> et <i>\u00ab&nbsp;cinq ans de bonheur absolu&nbsp;\u00bb<\/i>. Sa passion de la chose politique et son respect des institutions ont conduit Jean-Louis Debr\u00e9 \u00e0 profond\u00e9ment marquer l&rsquo;Assembl\u00e9e Nationale par sa fonction. Depuis 1958, il n&rsquo;y a pas eu beaucoup de Pr\u00e9sidents de l&rsquo;Assembl\u00e9e \u00e0 s&rsquo;\u00eatre autant distingu\u00e9&nbsp;: <a data-ob-kind=\"custom\" href=\"https:\/\/rakotoarison.over-blog.com\/article-sr-20201110-chaban-delmas.html\" rel=\"nofollow\" target=\"_blank\">Jacques Chaban-Delmas<\/a>, <a data-ob-kind=\"custom\" href=\"https:\/\/rakotoarison.over-blog.com\/article-sr-20200107-seguin.html\" rel=\"nofollow\" target=\"_blank\">Philippe S\u00e9guin<\/a>, et lui (et je pourrais rajouter Ya\u00ebl Braun-Pivet et <a data-ob-kind=\"custom\" href=\"https:\/\/rakotoarison.over-blog.com\/article-sr-20240815-mermaz.html\" rel=\"nofollow\" target=\"_blank\">Louis Mermaz<\/a>). Les autres, c&rsquo;\u00e9tait juste une ligne de plus sur leur CV et leurs gratifications&nbsp;; pour Jean-Louis Debr\u00e9, c&rsquo;\u00e9tait faire vivre la repr\u00e9sentation nationale, la moderniser, l&rsquo;incarner, en particulier \u00e0 l&rsquo;\u00e9tranger.<br \/>&nbsp;<\/p>\n<figure data-widget=\"obimage_widget\"><img decoding=\"async\" alt data-amp-height=\"505\" data-amp-width=\"758\" src=\"https:\/\/jumeaux91.fr\/blog\/wp-content\/uploads\/2025\/03\/jean-louis-debre-lun-des-derniers-gardiens-du-temple-3.jpg\"><\/figure>\n<p>Enfin, sa troisi\u00e8me grande responsabilit\u00e9, il a exerc\u00e9 le mandat de Pr\u00e9sident du Conseil Constitutionnel du 5 mars 2007 au 5 mars 2016, de mani\u00e8re passionn\u00e9e mais neutre et impartiale, d&rsquo;autant plus que son gaullisme originel l&rsquo;incitait \u00e0 d\u00e9tester <a data-ob-kind=\"custom\" href=\"https:\/\/rakotoarison.over-blog.com\/article-sr-20250207-sarkozy.html\" rel=\"nofollow\" target=\"_blank\">Nicolas Sarkozy<\/a> et ses attitudes peu gaulliennes (par la suite, apr\u00e8s 2016, il n&rsquo;a pas cach\u00e9 qu&rsquo;il avait vot\u00e9 pour <a data-ob-kind=\"custom\" href=\"https:\/\/rakotoarison.over-blog.com\/article-sr-20240812-hollande.html\" rel=\"nofollow\" target=\"_blank\">Fran\u00e7ois Hollande<\/a> en 2012&nbsp;!). <a data-ob-kind=\"custom\" href=\"https:\/\/rakotoarison.over-blog.com\/article-sr-20210820-laurent-fabius.html\" rel=\"nofollow\" target=\"_blank\">Laurent Fabius<\/a> lui a succ\u00e9d\u00e9 et ce mandat s&rsquo;ach\u00e8ve dans quelques jours au profit de <a data-ob-kind=\"custom\" href=\"https:\/\/rakotoarison.over-blog.com\/article-sr-20250219-richard-ferrand.html\" rel=\"nofollow\" target=\"_blank\">Richard Ferrand<\/a>.<\/p>\n<p>Son p\u00e8re Michel Debr\u00e9 avait d&rsquo;ailleurs refus\u00e9 la proposition du Pr\u00e9sident <a data-ob-kind=\"custom\" href=\"https:\/\/rakotoarison.over-blog.com\/article-sr-20240402-pompidou.html\" rel=\"nofollow\" target=\"_blank\">Georges Pompidou<\/a> de le nommer Pr\u00e9sident du Conseil Constitutionnel en d\u00e9but 1974, il \u00e9tait pourtant sans doute le plus apte \u00e0 assumer cette fonction, mais il se m\u00e9fiait de Georges Pompidou et pensait qu&rsquo;il voulait se d\u00e9barrasser (politiquement) de lui, alors que lui-m\u00eame voulait garder sa libert\u00e9, sa partialit\u00e9, son besoin d&rsquo;influer sur le cours des choses.<\/p>\n<p>Retir\u00e9 de la vie politique en mars 2016, Jean-Louis Debr\u00e9 a fr\u00e9quent\u00e9 r\u00e9guli\u00e8rement le Salon du Livre mais aussi le th\u00e9\u00e2tre. Il a publi\u00e9 quelques livres de t\u00e9moignages et d&rsquo;anecdotes parfois croustillantes, devenu observateur apr\u00e8s acteur, et quelques expos\u00e9s sur des sujets qui l&rsquo;int\u00e9ressaient, comme les femmes qui ont r\u00e9veill\u00e9 la France, un spectacle au th\u00e9\u00e2tre dans une nouvelle vie, culturelle cette fois-ci, commenc\u00e9e en 2022. Son amour pour l&rsquo;histoire l&rsquo;a conduit aussi \u00e0 pr\u00e9sider le Conseil sup\u00e9rieur des archives de 2016 \u00e0 2025, apr\u00e8s deux pr\u00e9d\u00e9cesseurs prestigieux, les historiens <a data-ob-kind=\"custom\" href=\"https:\/\/rakotoarison.over-blog.com\/article-sr-20180930-rene-remond.html\" rel=\"nofollow\" target=\"_blank\">Ren\u00e9 R\u00e9mond<\/a> (1988 \u00e0 2007) et Georgette Elgey (2007 \u00e0 2016).<\/p>\n<figure data-widget=\"obimage_widget\"><img decoding=\"async\" alt data-amp-height=\"476\" data-amp-width=\"840\" src=\"https:\/\/jumeaux91.fr\/blog\/wp-content\/uploads\/2025\/03\/jean-louis-debre-lun-des-derniers-gardiens-du-temple-4.jpg\"><\/figure>\n<p>Je reviens sur la relation de Jean-Louis Debr\u00e9 avec Jacques Chirac qui l&rsquo;a pris sous son aile en 1973 en le nommant conseiller technique au Minist\u00e8re de l&rsquo;Agriculture (leur premi\u00e8re rencontre a eu lieu \u00e0 l&rsquo;a\u00e9roport d&rsquo;Orly en juillet 1967, il avait 22 ans et accompagnait Michel Debr\u00e9 pour accueillir De Gaulle de retour de sa visite officielle au Qu\u00e9bec, le fameux \u00ab\u00a0<a data-ob-kind=\"custom\" href=\"https:\/\/rakotoarison.over-blog.com\/article-sr-20170724-de-gaulle-quebec.html\" rel=\"nofollow\" target=\"_blank\">vive le Qu\u00e9bec libre&nbsp;!<\/a>\u00ab\u00a0). Soutenant comme son p\u00e8re la candidature de Jacques Chaban-Delmas, il a quitt\u00e9 le cabinet de Jacques Chirac (qui soutenait VGE) mais l&rsquo;a r\u00e9int\u00e9gr\u00e9 \u00e0 Matignon apr\u00e8s l&rsquo;\u00e9lection de <a data-ob-kind=\"custom\" href=\"https:\/\/rakotoarison.over-blog.com\/article-sr-20240519-vge.html\" rel=\"nofollow\" target=\"_blank\">Val\u00e9ry Giscard d&rsquo;Estaing<\/a>, jusqu&rsquo;en \u00e9t\u00e9 1976. \u00c0 partir de 1988, Jacques Chirac s&rsquo;est beaucoup repos\u00e9 sur la loyaut\u00e9 de Jean-Louis Debr\u00e9 pour maintenir unies ses troupes du RPR, apr\u00e8s des tentatives de \u00ab\u00a0r\u00e9bellion\u00a0\u00bb interne de <a data-ob-kind=\"custom\" href=\"https:\/\/rakotoarison.over-blog.com\/article-sr-20150703-pasqua.html\" rel=\"nofollow\" target=\"_blank\">Charles Pasqua<\/a>, Philippe S\u00e9guin, puis \u00c9douard Balladur.<\/p>\n<p>Sa libert\u00e9 de ton, sa passion et son engagement ont fait de Jean-Louis Debr\u00e9 l&rsquo;une des personnalit\u00e9s politiques les plus respect\u00e9es de France, \u00e0 qui m\u00eame <a data-ob-kind=\"custom\" href=\"https:\/\/rakotoarison.over-blog.com\/article-sr-20240423-mathilde-panot.html\" rel=\"nofollow\" target=\"_blank\">Mathilde Panot<\/a> a rendu hommage ce matin, un hommage \u00e0 <i>\u00ab&nbsp;un des repr\u00e9sentants majeurs d&rsquo;une droite r\u00e9publicaine qui d\u00e9fendait encore les usages d\u00e9mocratiques&nbsp;\u00bb<\/i>. Il manquera \u00e0 la R\u00e9publique.<\/p>\n<p><a data-ob-kind=\"custom\" href=\"https:\/\/rakotoarison.over-blog.com\/article-sr-20250304-jean-louis-debre.html\" rel=\"nofollow\" target=\"_blank\">Aussi sur le blog.<\/a><\/p>\n<p><a href=\"https:\/\/rakotoarison.over-blog.com\/article-sr-20210702-blog.html\" rel=\"nofollow\" target=\"_blank\">Sylvain Rakotoarison<\/a> (04 mars 2025)<br \/><a href=\"http:\/\/www.rakotoarison.eu\" rel=\"nofollow\" target=\"_blank\">http:\/\/www.rakotoarison.eu<\/a><\/p>\n<p>Pour aller plus loin&nbsp;:<br \/><a data-ob-kind=\"custom\" href=\"https:\/\/rakotoarison.over-blog.com\/article-sr-20250304-jean-louis-debre.html\" rel=\"nofollow\" target=\"_blank\">Jean-Louis Debr\u00e9.<\/a><br \/><a href=\"https:\/\/rakotoarison.over-blog.com\/article-sr-20240930-jean-louis-debre.html\" rel=\"nofollow\" target=\"_blank\">Enfant de la R\u00e9publique (la Cinqui\u00e8me).<\/a><br \/><a href=\"https:\/\/rakotoarison.over-blog.com\/article-sr-20161115-jean-louis-debre.html\" rel=\"nofollow\" target=\"_blank\">Haut perch\u00e9.<\/a><br \/><a href=\"https:\/\/rakotoarison.over-blog.com\/article-sr-20200913-bernard-debre.html\" rel=\"nofollow\" target=\"_blank\">Bernard Debr\u00e9.<\/a><br \/><a href=\"https:\/\/rakotoarison.over-blog.com\/article-sr-20210802-michel-debre.html\" rel=\"nofollow\" target=\"_blank\">Michel Debr\u00e9.<\/a><\/p>\n<figure data-widget=\"obimage_widget\"><img decoding=\"async\" alt data-amp-height=\"427\" data-amp-width=\"640\" src=\"https:\/\/jumeaux91.fr\/blog\/wp-content\/uploads\/2025\/03\/jean-louis-debre-lun-des-derniers-gardiens-du-temple-5.jpg\"><\/figure>\n<p> La chronique se veut g\u00e9n\u00e9r\u00e9e de la fa\u00e7on la plus claire que possible. Dans le cas o\u00f9 vous souhaitez pr\u00e9senter des renseignements compl\u00e9mentaires \u00e0 cet article sur le sujet \u00ab\u00a0Fr\u00e8res jumeaux de l&rsquo;Essonnes\u00a0\u00bb il vous est possible d\u2019\u00e9crire aux contacts indiqu\u00e9s sur notre website. La raison d\u2019\u00eatre de jumeaux91.fr \u00e9tant de rassembler sur le web des posts sur le sujet de Fr\u00e8res jumeaux de l&rsquo;Essonnes puis les diffuser en r\u00e9pondant au mieux aux interrogations des gens. Vous pouvez tirer profit de cet article traitant le sujet \u00ab\u00a0Fr\u00e8res jumeaux de l&rsquo;Essonnes\u00a0\u00bb. Il est concoct\u00e9 par l\u2019\u00e9quipe jumeaux91.fr. Prochainement, nous rendrons accessibles au public d&rsquo;autres informations pertinentes sur le sujet \u00ab\u00a0Fr\u00e8res jumeaux de l&rsquo;Essonnes\u00a0\u00bb. Alors, consultez syst\u00e9matiquement notre blog.<\/p>\n","protected":false},"excerpt":{"rendered":"<p>\u00ab&nbsp;Chirac doit \u00eatre \u00e0 13% dans les sondages, Balladur est \u00e0 30 ou 40%. Personne ne veut vraiment nous recevoir. Et je lui dis&nbsp;: comment voyez-vous les choses&nbsp;? (\u2026) Ce n&rsquo;est pas tr\u00e8s bon. Et je lui dis&nbsp;: qu&rsquo;est-ce qu&rsquo;on va faire apr\u00e8s&nbsp;? Il me dit&nbsp;: on va ouvrir une agence de voyage. Tu la&hellip; <a class=\"more-link\" href=\"https:\/\/jumeaux91.fr\/blog\/jean-louis-debre-lun-des-derniers-gardiens-du-temple\/\">Poursuivre la lecture <span class=\"screen-reader-text\">Jean-Louis Debr\u00e9, l\u2019un des derniers gardiens du Temple<\/span><\/a><\/p>\n","protected":false},"author":2,"featured_media":1064,"comment_status":"closed","ping_status":"closed","sticky":false,"template":"","format":"standard","meta":{"footnotes":""},"categories":[4],"tags":[],"class_list":["post-1063","post","type-post","status-publish","format-standard","has-post-thumbnail","hentry","category-posts-freres-jumeaux-de-lessonnes","entry"],"yoast_head":"<!-- This site is optimized with the Yoast SEO plugin v27.5 - https:\/\/yoast.com\/product\/yoast-seo-wordpress\/ -->\n<title>Jean-Louis Debr\u00e9, l\u2019un des derniers gardiens du Temple - JUMEAUX91<\/title>\n<meta name=\"robots\" content=\"index, follow, max-snippet:-1, max-image-preview:large, max-video-preview:-1\" \/>\n<link rel=\"canonical\" href=\"https:\/\/jumeaux91.fr\/blog\/jean-louis-debre-lun-des-derniers-gardiens-du-temple\/\" \/>\n<meta property=\"og:locale\" content=\"fr_FR\" \/>\n<meta property=\"og:type\" content=\"article\" \/>\n<meta property=\"og:title\" content=\"Jean-Louis Debr\u00e9, l\u2019un des derniers gardiens du Temple - JUMEAUX91\" \/>\n<meta property=\"og:description\" content=\"\u00ab&nbsp;Chirac doit \u00eatre \u00e0 13% dans les sondages, Balladur est \u00e0 30 ou 40%. Personne ne veut vraiment nous recevoir. Et je lui dis&nbsp;: comment voyez-vous les choses&nbsp;? (\u2026) Ce n&rsquo;est pas tr\u00e8s bon. Et je lui dis&nbsp;: qu&rsquo;est-ce qu&rsquo;on va faire apr\u00e8s&nbsp;? Il me dit&nbsp;: on va ouvrir une agence de voyage. Tu la&hellip; Poursuivre la lecture Jean-Louis Debr\u00e9, l\u2019un des derniers gardiens du Temple\" \/>\n<meta property=\"og:url\" content=\"https:\/\/jumeaux91.fr\/blog\/jean-louis-debre-lun-des-derniers-gardiens-du-temple\/\" \/>\n<meta property=\"og:site_name\" content=\"JUMEAUX91\" \/>\n<meta property=\"article:published_time\" content=\"2025-03-03T20:28:00+00:00\" \/>\n<meta property=\"og:image\" content=\"https:\/\/jumeaux91.fr\/blog\/wp-content\/uploads\/2025\/03\/jean-louis-debre-lun-des-derniers-gardiens-du-temple.jpg\" \/>\n<meta name=\"author\" content=\"Claude DAYRES\" \/>\n<meta name=\"twitter:card\" content=\"summary_large_image\" \/>\n<meta name=\"twitter:label1\" content=\"\u00c9crit par\" \/>\n\t<meta name=\"twitter:data1\" content=\"Claude DAYRES\" \/>\n\t<meta name=\"twitter:label2\" content=\"Dur\u00e9e de lecture estim\u00e9e\" \/>\n\t<meta name=\"twitter:data2\" content=\"8 minutes\" \/>\n<script type=\"application\/ld+json\" class=\"yoast-schema-graph\">{\"@context\":\"https:\\\/\\\/schema.org\",\"@graph\":[{\"@type\":\"Article\",\"@id\":\"https:\\\/\\\/jumeaux91.fr\\\/blog\\\/jean-louis-debre-lun-des-derniers-gardiens-du-temple\\\/#article\",\"isPartOf\":{\"@id\":\"https:\\\/\\\/jumeaux91.fr\\\/blog\\\/jean-louis-debre-lun-des-derniers-gardiens-du-temple\\\/\"},\"author\":{\"name\":\"Claude DAYRES\",\"@id\":\"https:\\\/\\\/jumeaux91.fr\\\/blog\\\/#\\\/schema\\\/person\\\/21da06e9f119b9f64e5d45dbbd32d3fb\"},\"headline\":\"Jean-Louis Debr\u00e9, l\u2019un des derniers gardiens du Temple\",\"datePublished\":\"2025-03-03T20:28:00+00:00\",\"mainEntityOfPage\":{\"@id\":\"https:\\\/\\\/jumeaux91.fr\\\/blog\\\/jean-louis-debre-lun-des-derniers-gardiens-du-temple\\\/\"},\"wordCount\":1676,\"publisher\":{\"@id\":\"https:\\\/\\\/jumeaux91.fr\\\/blog\\\/#organization\"},\"image\":{\"@id\":\"https:\\\/\\\/jumeaux91.fr\\\/blog\\\/jean-louis-debre-lun-des-derniers-gardiens-du-temple\\\/#primaryimage\"},\"thumbnailUrl\":\"https:\\\/\\\/jumeaux91.fr\\\/blog\\\/wp-content\\\/uploads\\\/2025\\\/03\\\/jean-louis-debre-lun-des-derniers-gardiens-du-temple.jpg\",\"articleSection\":[\"Posts Fr\u00e8res Jumeaux De L'Essonnes:\"],\"inLanguage\":\"fr-FR\"},{\"@type\":\"WebPage\",\"@id\":\"https:\\\/\\\/jumeaux91.fr\\\/blog\\\/jean-louis-debre-lun-des-derniers-gardiens-du-temple\\\/\",\"url\":\"https:\\\/\\\/jumeaux91.fr\\\/blog\\\/jean-louis-debre-lun-des-derniers-gardiens-du-temple\\\/\",\"name\":\"Jean-Louis Debr\u00e9, l\u2019un des derniers gardiens du Temple - JUMEAUX91\",\"isPartOf\":{\"@id\":\"https:\\\/\\\/jumeaux91.fr\\\/blog\\\/#website\"},\"primaryImageOfPage\":{\"@id\":\"https:\\\/\\\/jumeaux91.fr\\\/blog\\\/jean-louis-debre-lun-des-derniers-gardiens-du-temple\\\/#primaryimage\"},\"image\":{\"@id\":\"https:\\\/\\\/jumeaux91.fr\\\/blog\\\/jean-louis-debre-lun-des-derniers-gardiens-du-temple\\\/#primaryimage\"},\"thumbnailUrl\":\"https:\\\/\\\/jumeaux91.fr\\\/blog\\\/wp-content\\\/uploads\\\/2025\\\/03\\\/jean-louis-debre-lun-des-derniers-gardiens-du-temple.jpg\",\"datePublished\":\"2025-03-03T20:28:00+00:00\",\"breadcrumb\":{\"@id\":\"https:\\\/\\\/jumeaux91.fr\\\/blog\\\/jean-louis-debre-lun-des-derniers-gardiens-du-temple\\\/#breadcrumb\"},\"inLanguage\":\"fr-FR\",\"potentialAction\":[{\"@type\":\"ReadAction\",\"target\":[\"https:\\\/\\\/jumeaux91.fr\\\/blog\\\/jean-louis-debre-lun-des-derniers-gardiens-du-temple\\\/\"]}]},{\"@type\":\"ImageObject\",\"inLanguage\":\"fr-FR\",\"@id\":\"https:\\\/\\\/jumeaux91.fr\\\/blog\\\/jean-louis-debre-lun-des-derniers-gardiens-du-temple\\\/#primaryimage\",\"url\":\"https:\\\/\\\/jumeaux91.fr\\\/blog\\\/wp-content\\\/uploads\\\/2025\\\/03\\\/jean-louis-debre-lun-des-derniers-gardiens-du-temple.jpg\",\"contentUrl\":\"https:\\\/\\\/jumeaux91.fr\\\/blog\\\/wp-content\\\/uploads\\\/2025\\\/03\\\/jean-louis-debre-lun-des-derniers-gardiens-du-temple.jpg\",\"width\":620,\"height\":349,\"caption\":\"Jean Louis Debr\u00e9, l\u2019un des derniers gardiens du Temple\"},{\"@type\":\"BreadcrumbList\",\"@id\":\"https:\\\/\\\/jumeaux91.fr\\\/blog\\\/jean-louis-debre-lun-des-derniers-gardiens-du-temple\\\/#breadcrumb\",\"itemListElement\":[{\"@type\":\"ListItem\",\"position\":1,\"name\":\"Accueil\",\"item\":\"https:\\\/\\\/jumeaux91.fr\\\/blog\\\/\"},{\"@type\":\"ListItem\",\"position\":2,\"name\":\"Jean-Louis Debr\u00e9, l\u2019un des derniers gardiens du Temple\"}]},{\"@type\":\"WebSite\",\"@id\":\"https:\\\/\\\/jumeaux91.fr\\\/blog\\\/#website\",\"url\":\"https:\\\/\\\/jumeaux91.fr\\\/blog\\\/\",\"name\":\"JUMEAUX91\",\"description\":\"Fr\u00e8res jumeaux de l&#039;Essonnes; informations et archives, \u00e0 savoir et retenir.\",\"publisher\":{\"@id\":\"https:\\\/\\\/jumeaux91.fr\\\/blog\\\/#organization\"},\"potentialAction\":[{\"@type\":\"SearchAction\",\"target\":{\"@type\":\"EntryPoint\",\"urlTemplate\":\"https:\\\/\\\/jumeaux91.fr\\\/blog\\\/?s={search_term_string}\"},\"query-input\":{\"@type\":\"PropertyValueSpecification\",\"valueRequired\":true,\"valueName\":\"search_term_string\"}}],\"inLanguage\":\"fr-FR\"},{\"@type\":\"Organization\",\"@id\":\"https:\\\/\\\/jumeaux91.fr\\\/blog\\\/#organization\",\"name\":\"jumeaux91\",\"url\":\"https:\\\/\\\/jumeaux91.fr\\\/blog\\\/\",\"logo\":{\"@type\":\"ImageObject\",\"inLanguage\":\"fr-FR\",\"@id\":\"https:\\\/\\\/jumeaux91.fr\\\/blog\\\/#\\\/schema\\\/logo\\\/image\\\/\",\"url\":\"https:\\\/\\\/jumeaux91.fr\\\/blog\\\/wp-content\\\/uploads\\\/2023\\\/05\\\/cropped-cropped-logoJ_91.png\",\"contentUrl\":\"https:\\\/\\\/jumeaux91.fr\\\/blog\\\/wp-content\\\/uploads\\\/2023\\\/05\\\/cropped-cropped-logoJ_91.png\",\"width\":512,\"height\":512,\"caption\":\"jumeaux91\"},\"image\":{\"@id\":\"https:\\\/\\\/jumeaux91.fr\\\/blog\\\/#\\\/schema\\\/logo\\\/image\\\/\"}},{\"@type\":\"Person\",\"@id\":\"https:\\\/\\\/jumeaux91.fr\\\/blog\\\/#\\\/schema\\\/person\\\/21da06e9f119b9f64e5d45dbbd32d3fb\",\"name\":\"Claude DAYRES\",\"image\":{\"@type\":\"ImageObject\",\"inLanguage\":\"fr-FR\",\"@id\":\"https:\\\/\\\/secure.gravatar.com\\\/avatar\\\/82eb951df6110a2c48d1bfa7a67d1ee6f0cd5df3cbf9c3586dd61e82db7172a5?s=96&d=mm&r=g\",\"url\":\"https:\\\/\\\/secure.gravatar.com\\\/avatar\\\/82eb951df6110a2c48d1bfa7a67d1ee6f0cd5df3cbf9c3586dd61e82db7172a5?s=96&d=mm&r=g\",\"contentUrl\":\"https:\\\/\\\/secure.gravatar.com\\\/avatar\\\/82eb951df6110a2c48d1bfa7a67d1ee6f0cd5df3cbf9c3586dd61e82db7172a5?s=96&d=mm&r=g\",\"caption\":\"Claude DAYRES\"},\"url\":\"https:\\\/\\\/jumeaux91.fr\\\/blog\\\/author\\\/x91claude\\\/\"}]}<\/script>\n<!-- \/ Yoast SEO plugin. -->","yoast_head_json":{"title":"Jean-Louis Debr\u00e9, l\u2019un des derniers gardiens du Temple - JUMEAUX91","robots":{"index":"index","follow":"follow","max-snippet":"max-snippet:-1","max-image-preview":"max-image-preview:large","max-video-preview":"max-video-preview:-1"},"canonical":"https:\/\/jumeaux91.fr\/blog\/jean-louis-debre-lun-des-derniers-gardiens-du-temple\/","og_locale":"fr_FR","og_type":"article","og_title":"Jean-Louis Debr\u00e9, l\u2019un des derniers gardiens du Temple - JUMEAUX91","og_description":"\u00ab&nbsp;Chirac doit \u00eatre \u00e0 13% dans les sondages, Balladur est \u00e0 30 ou 40%. Personne ne veut vraiment nous recevoir. Et je lui dis&nbsp;: comment voyez-vous les choses&nbsp;? (\u2026) Ce n&rsquo;est pas tr\u00e8s bon. Et je lui dis&nbsp;: qu&rsquo;est-ce qu&rsquo;on va faire apr\u00e8s&nbsp;? Il me dit&nbsp;: on va ouvrir une agence de voyage. Tu la&hellip; Poursuivre la lecture Jean-Louis Debr\u00e9, l\u2019un des derniers gardiens du Temple","og_url":"https:\/\/jumeaux91.fr\/blog\/jean-louis-debre-lun-des-derniers-gardiens-du-temple\/","og_site_name":"JUMEAUX91","article_published_time":"2025-03-03T20:28:00+00:00","og_image":[{"url":"https:\/\/jumeaux91.fr\/blog\/wp-content\/uploads\/2025\/03\/jean-louis-debre-lun-des-derniers-gardiens-du-temple.jpg","type":"","width":"","height":""}],"author":"Claude DAYRES","twitter_card":"summary_large_image","twitter_misc":{"\u00c9crit par":"Claude DAYRES","Dur\u00e9e de lecture estim\u00e9e":"8 minutes"},"schema":{"@context":"https:\/\/schema.org","@graph":[{"@type":"Article","@id":"https:\/\/jumeaux91.fr\/blog\/jean-louis-debre-lun-des-derniers-gardiens-du-temple\/#article","isPartOf":{"@id":"https:\/\/jumeaux91.fr\/blog\/jean-louis-debre-lun-des-derniers-gardiens-du-temple\/"},"author":{"name":"Claude DAYRES","@id":"https:\/\/jumeaux91.fr\/blog\/#\/schema\/person\/21da06e9f119b9f64e5d45dbbd32d3fb"},"headline":"Jean-Louis Debr\u00e9, l\u2019un des derniers gardiens du Temple","datePublished":"2025-03-03T20:28:00+00:00","mainEntityOfPage":{"@id":"https:\/\/jumeaux91.fr\/blog\/jean-louis-debre-lun-des-derniers-gardiens-du-temple\/"},"wordCount":1676,"publisher":{"@id":"https:\/\/jumeaux91.fr\/blog\/#organization"},"image":{"@id":"https:\/\/jumeaux91.fr\/blog\/jean-louis-debre-lun-des-derniers-gardiens-du-temple\/#primaryimage"},"thumbnailUrl":"https:\/\/jumeaux91.fr\/blog\/wp-content\/uploads\/2025\/03\/jean-louis-debre-lun-des-derniers-gardiens-du-temple.jpg","articleSection":["Posts Fr\u00e8res Jumeaux De L'Essonnes:"],"inLanguage":"fr-FR"},{"@type":"WebPage","@id":"https:\/\/jumeaux91.fr\/blog\/jean-louis-debre-lun-des-derniers-gardiens-du-temple\/","url":"https:\/\/jumeaux91.fr\/blog\/jean-louis-debre-lun-des-derniers-gardiens-du-temple\/","name":"Jean-Louis Debr\u00e9, l\u2019un des derniers gardiens du Temple - JUMEAUX91","isPartOf":{"@id":"https:\/\/jumeaux91.fr\/blog\/#website"},"primaryImageOfPage":{"@id":"https:\/\/jumeaux91.fr\/blog\/jean-louis-debre-lun-des-derniers-gardiens-du-temple\/#primaryimage"},"image":{"@id":"https:\/\/jumeaux91.fr\/blog\/jean-louis-debre-lun-des-derniers-gardiens-du-temple\/#primaryimage"},"thumbnailUrl":"https:\/\/jumeaux91.fr\/blog\/wp-content\/uploads\/2025\/03\/jean-louis-debre-lun-des-derniers-gardiens-du-temple.jpg","datePublished":"2025-03-03T20:28:00+00:00","breadcrumb":{"@id":"https:\/\/jumeaux91.fr\/blog\/jean-louis-debre-lun-des-derniers-gardiens-du-temple\/#breadcrumb"},"inLanguage":"fr-FR","potentialAction":[{"@type":"ReadAction","target":["https:\/\/jumeaux91.fr\/blog\/jean-louis-debre-lun-des-derniers-gardiens-du-temple\/"]}]},{"@type":"ImageObject","inLanguage":"fr-FR","@id":"https:\/\/jumeaux91.fr\/blog\/jean-louis-debre-lun-des-derniers-gardiens-du-temple\/#primaryimage","url":"https:\/\/jumeaux91.fr\/blog\/wp-content\/uploads\/2025\/03\/jean-louis-debre-lun-des-derniers-gardiens-du-temple.jpg","contentUrl":"https:\/\/jumeaux91.fr\/blog\/wp-content\/uploads\/2025\/03\/jean-louis-debre-lun-des-derniers-gardiens-du-temple.jpg","width":620,"height":349,"caption":"Jean Louis Debr\u00e9, l\u2019un des derniers gardiens du Temple"},{"@type":"BreadcrumbList","@id":"https:\/\/jumeaux91.fr\/blog\/jean-louis-debre-lun-des-derniers-gardiens-du-temple\/#breadcrumb","itemListElement":[{"@type":"ListItem","position":1,"name":"Accueil","item":"https:\/\/jumeaux91.fr\/blog\/"},{"@type":"ListItem","position":2,"name":"Jean-Louis Debr\u00e9, l\u2019un des derniers gardiens du Temple"}]},{"@type":"WebSite","@id":"https:\/\/jumeaux91.fr\/blog\/#website","url":"https:\/\/jumeaux91.fr\/blog\/","name":"JUMEAUX91","description":"Fr\u00e8res jumeaux de l&#039;Essonnes; informations et archives, \u00e0 savoir et retenir.","publisher":{"@id":"https:\/\/jumeaux91.fr\/blog\/#organization"},"potentialAction":[{"@type":"SearchAction","target":{"@type":"EntryPoint","urlTemplate":"https:\/\/jumeaux91.fr\/blog\/?s={search_term_string}"},"query-input":{"@type":"PropertyValueSpecification","valueRequired":true,"valueName":"search_term_string"}}],"inLanguage":"fr-FR"},{"@type":"Organization","@id":"https:\/\/jumeaux91.fr\/blog\/#organization","name":"jumeaux91","url":"https:\/\/jumeaux91.fr\/blog\/","logo":{"@type":"ImageObject","inLanguage":"fr-FR","@id":"https:\/\/jumeaux91.fr\/blog\/#\/schema\/logo\/image\/","url":"https:\/\/jumeaux91.fr\/blog\/wp-content\/uploads\/2023\/05\/cropped-cropped-logoJ_91.png","contentUrl":"https:\/\/jumeaux91.fr\/blog\/wp-content\/uploads\/2023\/05\/cropped-cropped-logoJ_91.png","width":512,"height":512,"caption":"jumeaux91"},"image":{"@id":"https:\/\/jumeaux91.fr\/blog\/#\/schema\/logo\/image\/"}},{"@type":"Person","@id":"https:\/\/jumeaux91.fr\/blog\/#\/schema\/person\/21da06e9f119b9f64e5d45dbbd32d3fb","name":"Claude DAYRES","image":{"@type":"ImageObject","inLanguage":"fr-FR","@id":"https:\/\/secure.gravatar.com\/avatar\/82eb951df6110a2c48d1bfa7a67d1ee6f0cd5df3cbf9c3586dd61e82db7172a5?s=96&d=mm&r=g","url":"https:\/\/secure.gravatar.com\/avatar\/82eb951df6110a2c48d1bfa7a67d1ee6f0cd5df3cbf9c3586dd61e82db7172a5?s=96&d=mm&r=g","contentUrl":"https:\/\/secure.gravatar.com\/avatar\/82eb951df6110a2c48d1bfa7a67d1ee6f0cd5df3cbf9c3586dd61e82db7172a5?s=96&d=mm&r=g","caption":"Claude DAYRES"},"url":"https:\/\/jumeaux91.fr\/blog\/author\/x91claude\/"}]}},"_links":{"self":[{"href":"https:\/\/jumeaux91.fr\/blog\/wp-json\/wp\/v2\/posts\/1063","targetHints":{"allow":["GET"]}}],"collection":[{"href":"https:\/\/jumeaux91.fr\/blog\/wp-json\/wp\/v2\/posts"}],"about":[{"href":"https:\/\/jumeaux91.fr\/blog\/wp-json\/wp\/v2\/types\/post"}],"author":[{"embeddable":true,"href":"https:\/\/jumeaux91.fr\/blog\/wp-json\/wp\/v2\/users\/2"}],"replies":[{"embeddable":true,"href":"https:\/\/jumeaux91.fr\/blog\/wp-json\/wp\/v2\/comments?post=1063"}],"version-history":[{"count":0,"href":"https:\/\/jumeaux91.fr\/blog\/wp-json\/wp\/v2\/posts\/1063\/revisions"}],"wp:featuredmedia":[{"embeddable":true,"href":"https:\/\/jumeaux91.fr\/blog\/wp-json\/wp\/v2\/media\/1064"}],"wp:attachment":[{"href":"https:\/\/jumeaux91.fr\/blog\/wp-json\/wp\/v2\/media?parent=1063"}],"wp:term":[{"taxonomy":"category","embeddable":true,"href":"https:\/\/jumeaux91.fr\/blog\/wp-json\/wp\/v2\/categories?post=1063"},{"taxonomy":"post_tag","embeddable":true,"href":"https:\/\/jumeaux91.fr\/blog\/wp-json\/wp\/v2\/tags?post=1063"}],"curies":[{"name":"wp","href":"https:\/\/api.w.org\/{rel}","templated":true}]}}