{"id":1069,"date":"2025-03-04T06:57:00","date_gmt":"2025-03-04T05:57:00","guid":{"rendered":"https:\/\/jumeaux91.fr\/blog\/mort-de-jean-louis-debre-pourquoi-il-etait-brouille-avec-son-frere-jumeau-bernard\/"},"modified":"2025-03-04T06:57:00","modified_gmt":"2025-03-04T05:57:00","slug":"mort-de-jean-louis-debre-pourquoi-il-etait-brouille-avec-son-frere-jumeau-bernard","status":"publish","type":"post","link":"https:\/\/jumeaux91.fr\/blog\/mort-de-jean-louis-debre-pourquoi-il-etait-brouille-avec-son-frere-jumeau-bernard\/","title":{"rendered":"Mort de Jean-Louis Debr\u00e9 : pourquoi il \u00e9tait brouill\u00e9 avec son fr\u00e8re jumeau, Bernard"},"content":{"rendered":"<div><img decoding=\"async\" src=\"https:\/\/jumeaux91.fr\/blog\/wp-content\/uploads\/2025\/03\/mort-de-jean-louis-debre-pourquoi-il-etait-brouille-avec-son-frere-jumeau-bernard.jpg\" class=\"ff-og-image-inserted\"><\/div>\n<aside class=\"bloc_resume_post\">\n<h2 class=\"bloc_resume_post_title\">EN BREF<\/h2>\n<ul class=\"bloc_resume_post_list\">\n<li><span>Jean-Louis Debr\u00e9 est d\u00e9c\u00e9d\u00e9 le 4 mars 2025 \u00e0 80 ans,<br \/>\nancien ministre et pr\u00e9sident de l&rsquo;Assembl\u00e9e nationale.<\/span><\/li>\n<li><span>Les relations tendues avec son fr\u00e8re jumeau Bernard Debr\u00e9<br \/>\nont marqu\u00e9 sa vie personnelle et politique.<\/span><\/li>\n<li><span>Bernadette Chirac a salu\u00e9 Jean-Louis Debr\u00e9 comme un<br \/>\nserviteur exemplaire et un homme d&rsquo;humanit\u00e9<br \/>\nflamboyante.<\/span><\/li>\n<\/ul>\n<\/aside>\n<div class=\"article_body_content\">\n<p><strong>La classe politique est en deuil\u2026<\/strong> Mardi 4 mars<br \/>\n2025, <a href=\"https:\/\/www.closermag.fr\/people\/mort-de-jean-louis-debre-qui-est-sa-derniere-compagne-valerie-bochenek-3523948\" target=\"_blank\" rel=\"nofollow\"><br \/>\nJean-Louis Debr\u00e9<\/a> s\u2019est \u00e9teint \u00e0 l\u2019\u00e2ge de 80 ans. Fils de Michel<br \/>\nDebr\u00e9, r\u00e9dacteur de la V\u1d49 R\u00e9publique et premier chef de<br \/>\ngouvernement de Charles De Gaulle en 1959, celui-ci avait \u00e9t\u00e9<br \/>\nministre de l&rsquo;Int\u00e9rieur de 1995 \u00e0 1997 et pr\u00e9sident de l&rsquo;Assembl\u00e9e<br \/>\nnationale de 2002 \u00e0 2007. Il avait ensuite pr\u00e9sid\u00e9 le Conseil<br \/>\nconstitutionnel de 2007 \u00e0 2016 puis le Conseil sup\u00e9rieur des<br \/>\narchives de 2016 \u00e0 sa mort.<\/p>\n<p><strong>Cinq ans avant sa disparition, l\u2019homme politique avait<br \/>\nperdu son fr\u00e8re jumeau.<\/strong> Bernard Debr\u00e9, chirurgien urologue<br \/>\nr\u00e9put\u00e9, d\u00e9put\u00e9 et ministre, est en effet d\u00e9c\u00e9d\u00e9 des suites d\u2019un<br \/>\ncancer le 13 septembre 2020, \u00e0 l\u2019\u00e2ge de 75 ans. Si les deux hommes<br \/>\nsont n\u00e9s le m\u00eame jour, ils \u00e9taient tr\u00e8s diff\u00e9rents et la politique<br \/>\nles avait divis\u00e9s. De ce fait, Jean-Louis et Bernard \u00e9taient<br \/>\nbrouill\u00e9s depuis de nombreuses ann\u00e9es.<\/p>\n<h2>Jean-Louis Debr\u00e9, \u00ab\u00a0agressif\u00a0\u00bb ?<\/h2>\n<p>En marge des \u00e9lections l\u00e9gislatives dans les ann\u00e9es 1970-1980,<br \/>\nune concurrence s\u2019\u00e9tait instaur\u00e9e entre eux. Et pour cause, l\u2019un<br \/>\n\u00e9tait pour \u00c9douard Balladur, tandis que l\u2019autre \u00e9tait pour Jacques<br \/>\nChirac. Dans son livre, Un homme d\u2019action : De l\u2019h\u00f4pital \u00e0 la<br \/>\npolitique, <a href=\"https:\/\/www.closermag.fr\/politique\/bernard-debre-le-frere-de-jean-louis-debre-est-mort-1171680#item=1\" target=\"_blank\" rel=\"nofollow\"><br \/>\nBernard Debr\u00e9<\/a> avait \u00e9crit : <em>\u00ab\u00a0<strong>Nos relations se sont<br \/>\ntendues pendant cette p\u00e9riode<\/strong>, sans que je comprenne<br \/>\nvraiment pourquoi et alors m\u00eame que j\u2019\u00e9tais le parrain de son fils.<br \/>\nJean-Louis est m\u00eame franchement devenu agressif en 1986&Prime;<\/em>.<\/p>\n<p>En 2015, Bernard Debr\u00e9 avait d\u00e9j\u00e0 \u00e9voqu\u00e9 leur relation.<br \/>\n<em>\u00ab\u00a0Malgr\u00e9 la r\u00e9ussite politique de mon fr\u00e8re, malgr\u00e9 mes lettres<br \/>\net mes signaux, nos relations sont presque nulles. <strong>Lorsque<br \/>\nj\u2019essaie de lui parler, il se referme.<\/strong> (&#8230;) Il est mon<br \/>\njumeau et j\u2019aurais tant aim\u00e9 avoir avec lui des relations suivies,<br \/>\nplus suivies\u00a0\u00bb<\/em>, avait-il fait savoir avant de pr\u00e9ciser :<br \/>\n<em>\u00ab\u00a0Si nous sommes bien de faux jumeaux au sens biologique, j\u2019ai<br \/>\nle sentiment de ne m\u2019\u00eatre jamais comport\u00e9 en faux fr\u00e8re\u00a0\u00bb<\/em>.<\/p>\n<h2 class=\"marfeel_last_h2\">Bernadette Chirac : \u00ab\u00a0Un homme d\u2019une<br \/>\nhumanit\u00e9 flamboyante\u00a0\u00bb<\/h2>\n<p>Apr\u00e8s l\u2019annonce de la mort de Jean-Louis Debr\u00e9, <a href=\"https:\/\/www.closermag.fr\/bio-people\/biographie-bernadette-chirac-523184\" target=\"_blank\" rel=\"nofollow\"><br \/>\nBernadette Chirac<\/a> a tenu \u00e0 rendre hommage \u00e0 celui qui avait \u00e9t\u00e9<br \/>\nproche fid\u00e8le de son mari. <em>\u00ab\u00a0<strong>Madame Jacques Chirac et<br \/>\ntoute sa famille ont appris avec une profonde tristesse le d\u00e9c\u00e8s de<br \/>\nJean Louis Debr\u00e9.<\/strong> Bernadette Chirac, Claude, Martin et<br \/>\nFr\u00e9d\u00e9ric Salat Baroux expriment \u00e0 sa famille, \u00e0 ses enfants et \u00e0<br \/>\nses proches leurs condol\u00e9ances les plus attrist\u00e9es\u00a0\u00bb<\/em>, peut-on<br \/>\nlire dans un communiqu\u00e9.<\/p>\n<p><em>\u00ab\u00a0Ils saluent <strong>un serviteur exemplaire de la Ve<br \/>\nR\u00e9publique.<\/strong> Un compagnon de toujours de Jacques Chirac. Un<br \/>\nhomme aussi d\u2019une humanit\u00e9 flamboyante\u00a0\u00bb<\/em>, est-il ajout\u00e9.<\/p>\n<\/p><\/div>\n<p>La chronique se veut g\u00e9n\u00e9r\u00e9e de la fa\u00e7on la plus claire que possible. Dans le cas o\u00f9 vous souhaitez pr\u00e9senter des renseignements compl\u00e9mentaires \u00e0 cet article sur le sujet \u00ab\u00a0Fr\u00e8res jumeaux de l&rsquo;Essonnes\u00a0\u00bb il vous est possible d\u2019\u00e9crire aux contacts indiqu\u00e9s sur notre website. La raison d\u2019\u00eatre de jumeaux91.fr \u00e9tant de rassembler sur le web des posts sur le sujet de Fr\u00e8res jumeaux de l&rsquo;Essonnes puis les diffuser en r\u00e9pondant au mieux aux interrogations des gens. Vous pouvez tirer profit de cet article traitant le sujet \u00ab\u00a0Fr\u00e8res jumeaux de l&rsquo;Essonnes\u00a0\u00bb. Il est concoct\u00e9 par l\u2019\u00e9quipe jumeaux91.fr. Prochainement, nous rendrons accessibles au public d&rsquo;autres informations pertinentes sur le sujet \u00ab\u00a0Fr\u00e8res jumeaux de l&rsquo;Essonnes\u00a0\u00bb. Alors, consultez syst\u00e9matiquement notre blog.<\/p>\n","protected":false},"excerpt":{"rendered":"<p>EN BREF Jean-Louis Debr\u00e9 est d\u00e9c\u00e9d\u00e9 le 4 mars 2025 \u00e0 80 ans, ancien ministre et pr\u00e9sident de l&rsquo;Assembl\u00e9e nationale. Les relations tendues avec son fr\u00e8re jumeau Bernard Debr\u00e9 ont marqu\u00e9 sa vie personnelle et politique. Bernadette Chirac a salu\u00e9 Jean-Louis Debr\u00e9 comme un serviteur exemplaire et un homme d&rsquo;humanit\u00e9 flamboyante. La classe politique est&hellip; <a class=\"more-link\" href=\"https:\/\/jumeaux91.fr\/blog\/mort-de-jean-louis-debre-pourquoi-il-etait-brouille-avec-son-frere-jumeau-bernard\/\">Poursuivre la lecture <span class=\"screen-reader-text\">Mort de Jean-Louis Debr\u00e9 : pourquoi il \u00e9tait brouill\u00e9 avec son fr\u00e8re jumeau, Bernard<\/span><\/a><\/p>\n","protected":false},"author":2,"featured_media":1070,"comment_status":"closed","ping_status":"closed","sticky":false,"template":"","format":"standard","meta":{"footnotes":""},"categories":[4],"tags":[],"class_list":["post-1069","post","type-post","status-publish","format-standard","has-post-thumbnail","hentry","category-posts-freres-jumeaux-de-lessonnes","entry"],"yoast_head":"<!-- This site is optimized with the Yoast SEO plugin v27.5 - https:\/\/yoast.com\/product\/yoast-seo-wordpress\/ -->\n<title>Mort de Jean-Louis Debr\u00e9 : pourquoi il \u00e9tait brouill\u00e9 avec son fr\u00e8re jumeau, Bernard - JUMEAUX91<\/title>\n<meta name=\"robots\" content=\"index, follow, max-snippet:-1, max-image-preview:large, max-video-preview:-1\" \/>\n<link rel=\"canonical\" href=\"https:\/\/jumeaux91.fr\/blog\/mort-de-jean-louis-debre-pourquoi-il-etait-brouille-avec-son-frere-jumeau-bernard\/\" \/>\n<meta property=\"og:locale\" content=\"fr_FR\" \/>\n<meta property=\"og:type\" content=\"article\" \/>\n<meta property=\"og:title\" content=\"Mort de Jean-Louis Debr\u00e9 : pourquoi il \u00e9tait brouill\u00e9 avec son fr\u00e8re jumeau, Bernard - JUMEAUX91\" \/>\n<meta property=\"og:description\" content=\"EN BREF Jean-Louis Debr\u00e9 est d\u00e9c\u00e9d\u00e9 le 4 mars 2025 \u00e0 80 ans, ancien ministre et pr\u00e9sident de l&rsquo;Assembl\u00e9e nationale. Les relations tendues avec son fr\u00e8re jumeau Bernard Debr\u00e9 ont marqu\u00e9 sa vie personnelle et politique. Bernadette Chirac a salu\u00e9 Jean-Louis Debr\u00e9 comme un serviteur exemplaire et un homme d&rsquo;humanit\u00e9 flamboyante. La classe politique est&hellip; Poursuivre la lecture Mort de Jean-Louis Debr\u00e9 : pourquoi il \u00e9tait brouill\u00e9 avec son fr\u00e8re jumeau, Bernard\" \/>\n<meta property=\"og:url\" content=\"https:\/\/jumeaux91.fr\/blog\/mort-de-jean-louis-debre-pourquoi-il-etait-brouille-avec-son-frere-jumeau-bernard\/\" \/>\n<meta property=\"og:site_name\" content=\"JUMEAUX91\" \/>\n<meta property=\"article:published_time\" content=\"2025-03-04T05:57:00+00:00\" \/>\n<meta property=\"og:image\" content=\"https:\/\/jumeaux91.fr\/blog\/wp-content\/uploads\/2025\/03\/mort-de-jean-louis-debre-pourquoi-il-etait-brouille-avec-son-frere-jumeau-bernard.jpg\" \/>\n<meta name=\"author\" content=\"Claude DAYRES\" \/>\n<meta name=\"twitter:card\" content=\"summary_large_image\" \/>\n<meta name=\"twitter:label1\" content=\"\u00c9crit par\" \/>\n\t<meta name=\"twitter:data1\" content=\"Claude DAYRES\" \/>\n\t<meta name=\"twitter:label2\" content=\"Dur\u00e9e de lecture estim\u00e9e\" \/>\n\t<meta name=\"twitter:data2\" content=\"3 minutes\" \/>\n<script type=\"application\/ld+json\" class=\"yoast-schema-graph\">{\"@context\":\"https:\\\/\\\/schema.org\",\"@graph\":[{\"@type\":\"Article\",\"@id\":\"https:\\\/\\\/jumeaux91.fr\\\/blog\\\/mort-de-jean-louis-debre-pourquoi-il-etait-brouille-avec-son-frere-jumeau-bernard\\\/#article\",\"isPartOf\":{\"@id\":\"https:\\\/\\\/jumeaux91.fr\\\/blog\\\/mort-de-jean-louis-debre-pourquoi-il-etait-brouille-avec-son-frere-jumeau-bernard\\\/\"},\"author\":{\"name\":\"Claude DAYRES\",\"@id\":\"https:\\\/\\\/jumeaux91.fr\\\/blog\\\/#\\\/schema\\\/person\\\/21da06e9f119b9f64e5d45dbbd32d3fb\"},\"headline\":\"Mort de Jean-Louis Debr\u00e9 : pourquoi il \u00e9tait brouill\u00e9 avec son fr\u00e8re jumeau, Bernard\",\"datePublished\":\"2025-03-04T05:57:00+00:00\",\"mainEntityOfPage\":{\"@id\":\"https:\\\/\\\/jumeaux91.fr\\\/blog\\\/mort-de-jean-louis-debre-pourquoi-il-etait-brouille-avec-son-frere-jumeau-bernard\\\/\"},\"wordCount\":649,\"publisher\":{\"@id\":\"https:\\\/\\\/jumeaux91.fr\\\/blog\\\/#organization\"},\"image\":{\"@id\":\"https:\\\/\\\/jumeaux91.fr\\\/blog\\\/mort-de-jean-louis-debre-pourquoi-il-etait-brouille-avec-son-frere-jumeau-bernard\\\/#primaryimage\"},\"thumbnailUrl\":\"https:\\\/\\\/jumeaux91.fr\\\/blog\\\/wp-content\\\/uploads\\\/2025\\\/03\\\/mort-de-jean-louis-debre-pourquoi-il-etait-brouille-avec-son-frere-jumeau-bernard.jpg\",\"articleSection\":[\"Posts Fr\u00e8res Jumeaux De L'Essonnes:\"],\"inLanguage\":\"fr-FR\"},{\"@type\":\"WebPage\",\"@id\":\"https:\\\/\\\/jumeaux91.fr\\\/blog\\\/mort-de-jean-louis-debre-pourquoi-il-etait-brouille-avec-son-frere-jumeau-bernard\\\/\",\"url\":\"https:\\\/\\\/jumeaux91.fr\\\/blog\\\/mort-de-jean-louis-debre-pourquoi-il-etait-brouille-avec-son-frere-jumeau-bernard\\\/\",\"name\":\"Mort de Jean-Louis Debr\u00e9 : pourquoi il \u00e9tait brouill\u00e9 avec son fr\u00e8re jumeau, Bernard - JUMEAUX91\",\"isPartOf\":{\"@id\":\"https:\\\/\\\/jumeaux91.fr\\\/blog\\\/#website\"},\"primaryImageOfPage\":{\"@id\":\"https:\\\/\\\/jumeaux91.fr\\\/blog\\\/mort-de-jean-louis-debre-pourquoi-il-etait-brouille-avec-son-frere-jumeau-bernard\\\/#primaryimage\"},\"image\":{\"@id\":\"https:\\\/\\\/jumeaux91.fr\\\/blog\\\/mort-de-jean-louis-debre-pourquoi-il-etait-brouille-avec-son-frere-jumeau-bernard\\\/#primaryimage\"},\"thumbnailUrl\":\"https:\\\/\\\/jumeaux91.fr\\\/blog\\\/wp-content\\\/uploads\\\/2025\\\/03\\\/mort-de-jean-louis-debre-pourquoi-il-etait-brouille-avec-son-frere-jumeau-bernard.jpg\",\"datePublished\":\"2025-03-04T05:57:00+00:00\",\"breadcrumb\":{\"@id\":\"https:\\\/\\\/jumeaux91.fr\\\/blog\\\/mort-de-jean-louis-debre-pourquoi-il-etait-brouille-avec-son-frere-jumeau-bernard\\\/#breadcrumb\"},\"inLanguage\":\"fr-FR\",\"potentialAction\":[{\"@type\":\"ReadAction\",\"target\":[\"https:\\\/\\\/jumeaux91.fr\\\/blog\\\/mort-de-jean-louis-debre-pourquoi-il-etait-brouille-avec-son-frere-jumeau-bernard\\\/\"]}]},{\"@type\":\"ImageObject\",\"inLanguage\":\"fr-FR\",\"@id\":\"https:\\\/\\\/jumeaux91.fr\\\/blog\\\/mort-de-jean-louis-debre-pourquoi-il-etait-brouille-avec-son-frere-jumeau-bernard\\\/#primaryimage\",\"url\":\"https:\\\/\\\/jumeaux91.fr\\\/blog\\\/wp-content\\\/uploads\\\/2025\\\/03\\\/mort-de-jean-louis-debre-pourquoi-il-etait-brouille-avec-son-frere-jumeau-bernard.jpg\",\"contentUrl\":\"https:\\\/\\\/jumeaux91.fr\\\/blog\\\/wp-content\\\/uploads\\\/2025\\\/03\\\/mort-de-jean-louis-debre-pourquoi-il-etait-brouille-avec-son-frere-jumeau-bernard.jpg\",\"width\":1200,\"height\":800,\"caption\":\"Mort de Jean Louis Debr\u00e9 : pourquoi il \u00e9tait brouill\u00e9 avec son fr\u00e8re jumeau, Bernard\"},{\"@type\":\"BreadcrumbList\",\"@id\":\"https:\\\/\\\/jumeaux91.fr\\\/blog\\\/mort-de-jean-louis-debre-pourquoi-il-etait-brouille-avec-son-frere-jumeau-bernard\\\/#breadcrumb\",\"itemListElement\":[{\"@type\":\"ListItem\",\"position\":1,\"name\":\"Accueil\",\"item\":\"https:\\\/\\\/jumeaux91.fr\\\/blog\\\/\"},{\"@type\":\"ListItem\",\"position\":2,\"name\":\"Mort de Jean-Louis Debr\u00e9 : pourquoi il \u00e9tait brouill\u00e9 avec son fr\u00e8re jumeau, Bernard\"}]},{\"@type\":\"WebSite\",\"@id\":\"https:\\\/\\\/jumeaux91.fr\\\/blog\\\/#website\",\"url\":\"https:\\\/\\\/jumeaux91.fr\\\/blog\\\/\",\"name\":\"JUMEAUX91\",\"description\":\"Fr\u00e8res jumeaux de l&#039;Essonnes; informations et archives, \u00e0 savoir et retenir.\",\"publisher\":{\"@id\":\"https:\\\/\\\/jumeaux91.fr\\\/blog\\\/#organization\"},\"potentialAction\":[{\"@type\":\"SearchAction\",\"target\":{\"@type\":\"EntryPoint\",\"urlTemplate\":\"https:\\\/\\\/jumeaux91.fr\\\/blog\\\/?s={search_term_string}\"},\"query-input\":{\"@type\":\"PropertyValueSpecification\",\"valueRequired\":true,\"valueName\":\"search_term_string\"}}],\"inLanguage\":\"fr-FR\"},{\"@type\":\"Organization\",\"@id\":\"https:\\\/\\\/jumeaux91.fr\\\/blog\\\/#organization\",\"name\":\"jumeaux91\",\"url\":\"https:\\\/\\\/jumeaux91.fr\\\/blog\\\/\",\"logo\":{\"@type\":\"ImageObject\",\"inLanguage\":\"fr-FR\",\"@id\":\"https:\\\/\\\/jumeaux91.fr\\\/blog\\\/#\\\/schema\\\/logo\\\/image\\\/\",\"url\":\"https:\\\/\\\/jumeaux91.fr\\\/blog\\\/wp-content\\\/uploads\\\/2023\\\/05\\\/cropped-cropped-logoJ_91.png\",\"contentUrl\":\"https:\\\/\\\/jumeaux91.fr\\\/blog\\\/wp-content\\\/uploads\\\/2023\\\/05\\\/cropped-cropped-logoJ_91.png\",\"width\":512,\"height\":512,\"caption\":\"jumeaux91\"},\"image\":{\"@id\":\"https:\\\/\\\/jumeaux91.fr\\\/blog\\\/#\\\/schema\\\/logo\\\/image\\\/\"}},{\"@type\":\"Person\",\"@id\":\"https:\\\/\\\/jumeaux91.fr\\\/blog\\\/#\\\/schema\\\/person\\\/21da06e9f119b9f64e5d45dbbd32d3fb\",\"name\":\"Claude DAYRES\",\"image\":{\"@type\":\"ImageObject\",\"inLanguage\":\"fr-FR\",\"@id\":\"https:\\\/\\\/secure.gravatar.com\\\/avatar\\\/82eb951df6110a2c48d1bfa7a67d1ee6f0cd5df3cbf9c3586dd61e82db7172a5?s=96&d=mm&r=g\",\"url\":\"https:\\\/\\\/secure.gravatar.com\\\/avatar\\\/82eb951df6110a2c48d1bfa7a67d1ee6f0cd5df3cbf9c3586dd61e82db7172a5?s=96&d=mm&r=g\",\"contentUrl\":\"https:\\\/\\\/secure.gravatar.com\\\/avatar\\\/82eb951df6110a2c48d1bfa7a67d1ee6f0cd5df3cbf9c3586dd61e82db7172a5?s=96&d=mm&r=g\",\"caption\":\"Claude DAYRES\"},\"url\":\"https:\\\/\\\/jumeaux91.fr\\\/blog\\\/author\\\/x91claude\\\/\"}]}<\/script>\n<!-- \/ Yoast SEO plugin. -->","yoast_head_json":{"title":"Mort de Jean-Louis Debr\u00e9 : pourquoi il \u00e9tait brouill\u00e9 avec son fr\u00e8re jumeau, Bernard - JUMEAUX91","robots":{"index":"index","follow":"follow","max-snippet":"max-snippet:-1","max-image-preview":"max-image-preview:large","max-video-preview":"max-video-preview:-1"},"canonical":"https:\/\/jumeaux91.fr\/blog\/mort-de-jean-louis-debre-pourquoi-il-etait-brouille-avec-son-frere-jumeau-bernard\/","og_locale":"fr_FR","og_type":"article","og_title":"Mort de Jean-Louis Debr\u00e9 : pourquoi il \u00e9tait brouill\u00e9 avec son fr\u00e8re jumeau, Bernard - JUMEAUX91","og_description":"EN BREF Jean-Louis Debr\u00e9 est d\u00e9c\u00e9d\u00e9 le 4 mars 2025 \u00e0 80 ans, ancien ministre et pr\u00e9sident de l&rsquo;Assembl\u00e9e nationale. Les relations tendues avec son fr\u00e8re jumeau Bernard Debr\u00e9 ont marqu\u00e9 sa vie personnelle et politique. Bernadette Chirac a salu\u00e9 Jean-Louis Debr\u00e9 comme un serviteur exemplaire et un homme d&rsquo;humanit\u00e9 flamboyante. La classe politique est&hellip; Poursuivre la lecture Mort de Jean-Louis Debr\u00e9 : pourquoi il \u00e9tait brouill\u00e9 avec son fr\u00e8re jumeau, Bernard","og_url":"https:\/\/jumeaux91.fr\/blog\/mort-de-jean-louis-debre-pourquoi-il-etait-brouille-avec-son-frere-jumeau-bernard\/","og_site_name":"JUMEAUX91","article_published_time":"2025-03-04T05:57:00+00:00","og_image":[{"url":"https:\/\/jumeaux91.fr\/blog\/wp-content\/uploads\/2025\/03\/mort-de-jean-louis-debre-pourquoi-il-etait-brouille-avec-son-frere-jumeau-bernard.jpg","type":"","width":"","height":""}],"author":"Claude DAYRES","twitter_card":"summary_large_image","twitter_misc":{"\u00c9crit par":"Claude DAYRES","Dur\u00e9e de lecture estim\u00e9e":"3 minutes"},"schema":{"@context":"https:\/\/schema.org","@graph":[{"@type":"Article","@id":"https:\/\/jumeaux91.fr\/blog\/mort-de-jean-louis-debre-pourquoi-il-etait-brouille-avec-son-frere-jumeau-bernard\/#article","isPartOf":{"@id":"https:\/\/jumeaux91.fr\/blog\/mort-de-jean-louis-debre-pourquoi-il-etait-brouille-avec-son-frere-jumeau-bernard\/"},"author":{"name":"Claude DAYRES","@id":"https:\/\/jumeaux91.fr\/blog\/#\/schema\/person\/21da06e9f119b9f64e5d45dbbd32d3fb"},"headline":"Mort de Jean-Louis Debr\u00e9 : pourquoi il \u00e9tait brouill\u00e9 avec son fr\u00e8re jumeau, Bernard","datePublished":"2025-03-04T05:57:00+00:00","mainEntityOfPage":{"@id":"https:\/\/jumeaux91.fr\/blog\/mort-de-jean-louis-debre-pourquoi-il-etait-brouille-avec-son-frere-jumeau-bernard\/"},"wordCount":649,"publisher":{"@id":"https:\/\/jumeaux91.fr\/blog\/#organization"},"image":{"@id":"https:\/\/jumeaux91.fr\/blog\/mort-de-jean-louis-debre-pourquoi-il-etait-brouille-avec-son-frere-jumeau-bernard\/#primaryimage"},"thumbnailUrl":"https:\/\/jumeaux91.fr\/blog\/wp-content\/uploads\/2025\/03\/mort-de-jean-louis-debre-pourquoi-il-etait-brouille-avec-son-frere-jumeau-bernard.jpg","articleSection":["Posts Fr\u00e8res Jumeaux De L'Essonnes:"],"inLanguage":"fr-FR"},{"@type":"WebPage","@id":"https:\/\/jumeaux91.fr\/blog\/mort-de-jean-louis-debre-pourquoi-il-etait-brouille-avec-son-frere-jumeau-bernard\/","url":"https:\/\/jumeaux91.fr\/blog\/mort-de-jean-louis-debre-pourquoi-il-etait-brouille-avec-son-frere-jumeau-bernard\/","name":"Mort de Jean-Louis Debr\u00e9 : pourquoi il \u00e9tait brouill\u00e9 avec son fr\u00e8re jumeau, Bernard - JUMEAUX91","isPartOf":{"@id":"https:\/\/jumeaux91.fr\/blog\/#website"},"primaryImageOfPage":{"@id":"https:\/\/jumeaux91.fr\/blog\/mort-de-jean-louis-debre-pourquoi-il-etait-brouille-avec-son-frere-jumeau-bernard\/#primaryimage"},"image":{"@id":"https:\/\/jumeaux91.fr\/blog\/mort-de-jean-louis-debre-pourquoi-il-etait-brouille-avec-son-frere-jumeau-bernard\/#primaryimage"},"thumbnailUrl":"https:\/\/jumeaux91.fr\/blog\/wp-content\/uploads\/2025\/03\/mort-de-jean-louis-debre-pourquoi-il-etait-brouille-avec-son-frere-jumeau-bernard.jpg","datePublished":"2025-03-04T05:57:00+00:00","breadcrumb":{"@id":"https:\/\/jumeaux91.fr\/blog\/mort-de-jean-louis-debre-pourquoi-il-etait-brouille-avec-son-frere-jumeau-bernard\/#breadcrumb"},"inLanguage":"fr-FR","potentialAction":[{"@type":"ReadAction","target":["https:\/\/jumeaux91.fr\/blog\/mort-de-jean-louis-debre-pourquoi-il-etait-brouille-avec-son-frere-jumeau-bernard\/"]}]},{"@type":"ImageObject","inLanguage":"fr-FR","@id":"https:\/\/jumeaux91.fr\/blog\/mort-de-jean-louis-debre-pourquoi-il-etait-brouille-avec-son-frere-jumeau-bernard\/#primaryimage","url":"https:\/\/jumeaux91.fr\/blog\/wp-content\/uploads\/2025\/03\/mort-de-jean-louis-debre-pourquoi-il-etait-brouille-avec-son-frere-jumeau-bernard.jpg","contentUrl":"https:\/\/jumeaux91.fr\/blog\/wp-content\/uploads\/2025\/03\/mort-de-jean-louis-debre-pourquoi-il-etait-brouille-avec-son-frere-jumeau-bernard.jpg","width":1200,"height":800,"caption":"Mort de Jean Louis Debr\u00e9 : pourquoi il \u00e9tait brouill\u00e9 avec son fr\u00e8re jumeau, Bernard"},{"@type":"BreadcrumbList","@id":"https:\/\/jumeaux91.fr\/blog\/mort-de-jean-louis-debre-pourquoi-il-etait-brouille-avec-son-frere-jumeau-bernard\/#breadcrumb","itemListElement":[{"@type":"ListItem","position":1,"name":"Accueil","item":"https:\/\/jumeaux91.fr\/blog\/"},{"@type":"ListItem","position":2,"name":"Mort de Jean-Louis Debr\u00e9 : pourquoi il \u00e9tait brouill\u00e9 avec son fr\u00e8re jumeau, Bernard"}]},{"@type":"WebSite","@id":"https:\/\/jumeaux91.fr\/blog\/#website","url":"https:\/\/jumeaux91.fr\/blog\/","name":"JUMEAUX91","description":"Fr\u00e8res jumeaux de l&#039;Essonnes; informations et archives, \u00e0 savoir et retenir.","publisher":{"@id":"https:\/\/jumeaux91.fr\/blog\/#organization"},"potentialAction":[{"@type":"SearchAction","target":{"@type":"EntryPoint","urlTemplate":"https:\/\/jumeaux91.fr\/blog\/?s={search_term_string}"},"query-input":{"@type":"PropertyValueSpecification","valueRequired":true,"valueName":"search_term_string"}}],"inLanguage":"fr-FR"},{"@type":"Organization","@id":"https:\/\/jumeaux91.fr\/blog\/#organization","name":"jumeaux91","url":"https:\/\/jumeaux91.fr\/blog\/","logo":{"@type":"ImageObject","inLanguage":"fr-FR","@id":"https:\/\/jumeaux91.fr\/blog\/#\/schema\/logo\/image\/","url":"https:\/\/jumeaux91.fr\/blog\/wp-content\/uploads\/2023\/05\/cropped-cropped-logoJ_91.png","contentUrl":"https:\/\/jumeaux91.fr\/blog\/wp-content\/uploads\/2023\/05\/cropped-cropped-logoJ_91.png","width":512,"height":512,"caption":"jumeaux91"},"image":{"@id":"https:\/\/jumeaux91.fr\/blog\/#\/schema\/logo\/image\/"}},{"@type":"Person","@id":"https:\/\/jumeaux91.fr\/blog\/#\/schema\/person\/21da06e9f119b9f64e5d45dbbd32d3fb","name":"Claude DAYRES","image":{"@type":"ImageObject","inLanguage":"fr-FR","@id":"https:\/\/secure.gravatar.com\/avatar\/82eb951df6110a2c48d1bfa7a67d1ee6f0cd5df3cbf9c3586dd61e82db7172a5?s=96&d=mm&r=g","url":"https:\/\/secure.gravatar.com\/avatar\/82eb951df6110a2c48d1bfa7a67d1ee6f0cd5df3cbf9c3586dd61e82db7172a5?s=96&d=mm&r=g","contentUrl":"https:\/\/secure.gravatar.com\/avatar\/82eb951df6110a2c48d1bfa7a67d1ee6f0cd5df3cbf9c3586dd61e82db7172a5?s=96&d=mm&r=g","caption":"Claude DAYRES"},"url":"https:\/\/jumeaux91.fr\/blog\/author\/x91claude\/"}]}},"_links":{"self":[{"href":"https:\/\/jumeaux91.fr\/blog\/wp-json\/wp\/v2\/posts\/1069","targetHints":{"allow":["GET"]}}],"collection":[{"href":"https:\/\/jumeaux91.fr\/blog\/wp-json\/wp\/v2\/posts"}],"about":[{"href":"https:\/\/jumeaux91.fr\/blog\/wp-json\/wp\/v2\/types\/post"}],"author":[{"embeddable":true,"href":"https:\/\/jumeaux91.fr\/blog\/wp-json\/wp\/v2\/users\/2"}],"replies":[{"embeddable":true,"href":"https:\/\/jumeaux91.fr\/blog\/wp-json\/wp\/v2\/comments?post=1069"}],"version-history":[{"count":0,"href":"https:\/\/jumeaux91.fr\/blog\/wp-json\/wp\/v2\/posts\/1069\/revisions"}],"wp:featuredmedia":[{"embeddable":true,"href":"https:\/\/jumeaux91.fr\/blog\/wp-json\/wp\/v2\/media\/1070"}],"wp:attachment":[{"href":"https:\/\/jumeaux91.fr\/blog\/wp-json\/wp\/v2\/media?parent=1069"}],"wp:term":[{"taxonomy":"category","embeddable":true,"href":"https:\/\/jumeaux91.fr\/blog\/wp-json\/wp\/v2\/categories?post=1069"},{"taxonomy":"post_tag","embeddable":true,"href":"https:\/\/jumeaux91.fr\/blog\/wp-json\/wp\/v2\/tags?post=1069"}],"curies":[{"name":"wp","href":"https:\/\/api.w.org\/{rel}","templated":true}]}}