{"id":1081,"date":"2025-03-11T11:16:00","date_gmt":"2025-03-11T10:16:00","guid":{"rendered":"https:\/\/jumeaux91.fr\/blog\/yvelines-le-jumeau-monozygote-ne-trompera-pas-la-justice-deux-fois\/"},"modified":"2025-03-11T11:16:00","modified_gmt":"2025-03-11T10:16:00","slug":"yvelines-le-jumeau-monozygote-ne-trompera-pas-la-justice-deux-fois","status":"publish","type":"post","link":"https:\/\/jumeaux91.fr\/blog\/yvelines-le-jumeau-monozygote-ne-trompera-pas-la-justice-deux-fois\/","title":{"rendered":"Yvelines : le jumeau monozygote ne trompera pas la Justice deux fois"},"content":{"rendered":"<div><img decoding=\"async\" src=\"https:\/\/jumeaux91.fr\/blog\/wp-content\/uploads\/2025\/03\/yvelines-le-jumeau-monozygote-ne-trompera-pas-la-justice-deux-fois.jpg\" class=\"ff-og-image-inserted\"><\/div>\n<div class=\"ac-article-date\"> Par <strong> <a href=\"https:\/\/actu.fr\/auteur\/f-desserre\" title=\"Consulter tous les articles de Fran\u00e7ois Desserre\" target=\"_blank\" rel=\"nofollow\">Fran\u00e7ois Desserre<\/a> <\/strong> <span> Publi\u00e9 le  11 mars 2025 \u00e0 18h16  <\/span>\n<\/div>\n<p>Brahim ou Yahya. Yahya ou Brahim. Depuis leur enfance, rares sont ceux qui parviennent \u00e0 les diff\u00e9rencier. Et pour cause\u2009: ces fr\u00e8res sont <b>monozygotes<\/b>. Ils se ressemblent comme deux gouttes d\u2019eau. Ils en ont jou\u00e9 \u00e9tant gamins. L\u2019un s\u2019en amuse encore, mais au d\u00e9triment de la Justice.<br \/>Brahim, bient\u00f4t 44&nbsp;ans, a \u00e9cop\u00e9 de 4&nbsp;mois de prison avec maintien en d\u00e9tention au <a href=\"https:\/\/actu.fr\/tag\/tribunal-de-versailles\" target=\"_blank\" rel=\"nofollow\">tribunal de Versailles<\/a>, le mardi 11&nbsp;mars 2025. L\u2019homme avait \u00e9t\u00e9 arr\u00eat\u00e9 \u00e0 Trappes le 28&nbsp;novembre dernier en plein flagrant d\u00e9lit de vol. Il avait soutenu \u00eatre Yahya, allant m\u00eame jusqu\u2019\u00e0 <b>mimer son infirmit\u00e9<\/b> au bras droit. Pour le vol, il avait \u00e9cop\u00e9 de 6&nbsp;mois de prison et la mise \u00e0 ex\u00e9cution de deux autres peines.<\/p>\n<p class=\" wall-content\">Le 8&nbsp;janvier, le v\u00e9ritable Yahya avait \u00e9t\u00e9 contr\u00f4l\u00e9 dans la rue par la police. Les agents s\u2019\u00e9taient \u00e9tonn\u00e9s de le voir ainsi <b>se promener<\/b> alors qu\u2019il devait se trouver en prison. C\u2019est alors que le <a href=\"https:\/\/actu.fr\/faits-divers\/yvelines-il-dupe-facilement-la-justice-pour-aller-en-prison-a-la-place-de-son-frere-handicape_62147136.html\" target=\"_blank\" rel=\"nofollow\">pot aux roses<\/a> avait \u00e9t\u00e9 d\u00e9couvert.<\/p>\n<p class=\" wall-content\">Pour se justifier, Brahim avait expliqu\u00e9 qu\u2019il voulait faire les peines de son fr\u00e8re qui ne supportait pas l\u2019incarc\u00e9ration.<\/p>\n<blockquote class=\"ac-article-quote wall-content\">\n<p>\u00ab\u2009Je suis coupable et je m\u2019excuse.\u2009\u00bb<\/p>\n<footer>Brahim aux juges<\/footer>\n<\/blockquote>\n<div class=\"ac-article-to-read wall-content\">\n<p>\u00c0 lire aussi<\/p>\n<\/div>\n<h2 class=\" wall-content\">Une strat\u00e9gie\u2009?<\/h2>\n<p class=\" wall-content\">La th\u00e9orie du bon samaritain fait tiquer. Car d\u2019un c\u00f4t\u00e9, Brahim a d\u00e9j\u00e0 \u00e9t\u00e9 condamn\u00e9 18&nbsp;fois. Sa strat\u00e9gie aurait pu \u00eatre de se faire passer pour son fr\u00e8re, deux mentions au casier, pour b\u00e9n\u00e9ficier d\u2019une certaine <b>cl\u00e9mence<\/b>. \u00c0 ce jour, il conteste toujours cette id\u00e9e.<\/p>\n<figure id=\"dailymotion-embed-x7dyep\" class=\"ac-embed ac-embed--dailymotion ac-embed--inread3\" data-provider=\"dailymotion\"><figcaption>Vid\u00e9os : en ce moment sur Actu<\/figcaption><\/figure>\n<p class=\" wall-content\">In fine Brahim s\u2019en tire plut\u00f4t \u00e0 bon compte\u2009: le parquet avait r\u00e9clam\u00e9 12&nbsp;mois de d\u00e9tention.<\/p>\n<p class=\" wall-content\">L\u2019histoire ne dit pas si quelqu\u2019un a v\u00e9rifi\u00e9 si le fr\u00e8re \u00e9tait <b>le bon<\/b>. Pour les distinguer, il n\u2019existe que trois facteurs visibles. Brahim a l\u2019oreille droite plus grande que la gauche, un pied plus petit que l\u2019autre et un nez l\u00e9g\u00e8rement de travers suite \u00e0 une fracture.<\/p>\n<p class=\" wall-content\"><i>Suivez toute l\u2019actualit\u00e9 de vos villes et m\u00e9dias favoris en vous inscrivant \u00e0 <a href=\"https:\/\/moncompte.actu.fr\" title=\"D\u00e9couvez Mon Actu\" rel=\"nofollow\" data-trk=\"{&quot;cta&quot;:{&quot;action&quot;:&quot;https:\\\/\\\/moncompte.actu.fr&quot;,&quot;category&quot;:&quot;mon compte&quot;,&quot;from&quot;:&quot;article footer&quot;,&quot;name&quot;:&quot;Mon actu&quot;,&quot;type&quot;:&quot;cta&quot;}}\" target=\"_blank\">Mon Actu<\/a>.<\/i><\/p>\n<ul class=\"ac-article-tag wall-content\">\n<li><a href=\"https:\/\/actu.fr\/tag\/tribunal-de-versailles\" data-trk=\"{&quot;cta&quot;:{&quot;action&quot;:&quot;Tribunal de Versailles&quot;,&quot;category&quot;:&quot;tag&quot;,&quot;from&quot;:&quot;article footer&quot;,&quot;name&quot;:&quot;Tribunal de Versailles&quot;,&quot;type&quot;:&quot;cta&quot;}}\" target=\"_blank\" rel=\"nofollow\">#Tribunal de Versailles<\/a><\/li>\n<\/ul>\n<p> La chronique se veut g\u00e9n\u00e9r\u00e9e de la fa\u00e7on la plus claire que possible. Dans le cas o\u00f9 vous souhaitez pr\u00e9senter des renseignements compl\u00e9mentaires \u00e0 cet article sur le sujet \u00ab\u00a0Fr\u00e8res jumeaux de l&rsquo;Essonnes\u00a0\u00bb il vous est possible d\u2019\u00e9crire aux contacts indiqu\u00e9s sur notre website. La raison d\u2019\u00eatre de jumeaux91.fr \u00e9tant de rassembler sur le web des posts sur le sujet de Fr\u00e8res jumeaux de l&rsquo;Essonnes puis les diffuser en r\u00e9pondant au mieux aux interrogations des gens. Vous pouvez tirer profit de cet article traitant le sujet \u00ab\u00a0Fr\u00e8res jumeaux de l&rsquo;Essonnes\u00a0\u00bb. Il est concoct\u00e9 par l\u2019\u00e9quipe jumeaux91.fr. Prochainement, nous rendrons accessibles au public d&rsquo;autres informations pertinentes sur le sujet \u00ab\u00a0Fr\u00e8res jumeaux de l&rsquo;Essonnes\u00a0\u00bb. Alors, consultez syst\u00e9matiquement notre blog.<\/p>\n","protected":false},"excerpt":{"rendered":"<p>Par Fran\u00e7ois Desserre Publi\u00e9 le 11 mars 2025 \u00e0 18h16 Brahim ou Yahya. Yahya ou Brahim. Depuis leur enfance, rares sont ceux qui parviennent \u00e0 les diff\u00e9rencier. Et pour cause\u2009: ces fr\u00e8res sont monozygotes. Ils se ressemblent comme deux gouttes d\u2019eau. Ils en ont jou\u00e9 \u00e9tant gamins. L\u2019un s\u2019en amuse encore, mais au d\u00e9triment de&hellip; <a class=\"more-link\" href=\"https:\/\/jumeaux91.fr\/blog\/yvelines-le-jumeau-monozygote-ne-trompera-pas-la-justice-deux-fois\/\">Poursuivre la lecture <span class=\"screen-reader-text\">Yvelines : le jumeau monozygote ne trompera pas la Justice deux fois<\/span><\/a><\/p>\n","protected":false},"author":2,"featured_media":1082,"comment_status":"closed","ping_status":"closed","sticky":false,"template":"","format":"standard","meta":{"footnotes":""},"categories":[4],"tags":[],"class_list":["post-1081","post","type-post","status-publish","format-standard","has-post-thumbnail","hentry","category-posts-freres-jumeaux-de-lessonnes","entry"],"yoast_head":"<!-- This site is optimized with the Yoast SEO plugin v27.5 - https:\/\/yoast.com\/product\/yoast-seo-wordpress\/ -->\n<title>Yvelines : le jumeau monozygote ne trompera pas la Justice deux fois - JUMEAUX91<\/title>\n<meta name=\"robots\" content=\"index, follow, max-snippet:-1, max-image-preview:large, max-video-preview:-1\" \/>\n<link rel=\"canonical\" href=\"https:\/\/jumeaux91.fr\/blog\/yvelines-le-jumeau-monozygote-ne-trompera-pas-la-justice-deux-fois\/\" \/>\n<meta property=\"og:locale\" content=\"fr_FR\" \/>\n<meta property=\"og:type\" content=\"article\" \/>\n<meta property=\"og:title\" content=\"Yvelines : le jumeau monozygote ne trompera pas la Justice deux fois - JUMEAUX91\" \/>\n<meta property=\"og:description\" content=\"Par Fran\u00e7ois Desserre Publi\u00e9 le 11 mars 2025 \u00e0 18h16 Brahim ou Yahya. Yahya ou Brahim. Depuis leur enfance, rares sont ceux qui parviennent \u00e0 les diff\u00e9rencier. Et pour cause\u2009: ces fr\u00e8res sont monozygotes. Ils se ressemblent comme deux gouttes d\u2019eau. Ils en ont jou\u00e9 \u00e9tant gamins. L\u2019un s\u2019en amuse encore, mais au d\u00e9triment de&hellip; Poursuivre la lecture Yvelines : le jumeau monozygote ne trompera pas la Justice deux fois\" \/>\n<meta property=\"og:url\" content=\"https:\/\/jumeaux91.fr\/blog\/yvelines-le-jumeau-monozygote-ne-trompera-pas-la-justice-deux-fois\/\" \/>\n<meta property=\"og:site_name\" content=\"JUMEAUX91\" \/>\n<meta property=\"article:published_time\" content=\"2025-03-11T10:16:00+00:00\" \/>\n<meta property=\"og:image\" content=\"https:\/\/jumeaux91.fr\/blog\/wp-content\/uploads\/2025\/03\/yvelines-le-jumeau-monozygote-ne-trompera-pas-la-justice-deux-fois.jpg\" \/>\n<meta name=\"author\" content=\"Claude DAYRES\" \/>\n<meta name=\"twitter:card\" content=\"summary_large_image\" \/>\n<meta name=\"twitter:label1\" content=\"\u00c9crit par\" \/>\n\t<meta name=\"twitter:data1\" content=\"Claude DAYRES\" \/>\n\t<meta name=\"twitter:label2\" content=\"Dur\u00e9e de lecture estim\u00e9e\" \/>\n\t<meta name=\"twitter:data2\" content=\"3 minutes\" \/>\n<script type=\"application\/ld+json\" class=\"yoast-schema-graph\">{\"@context\":\"https:\\\/\\\/schema.org\",\"@graph\":[{\"@type\":\"Article\",\"@id\":\"https:\\\/\\\/jumeaux91.fr\\\/blog\\\/yvelines-le-jumeau-monozygote-ne-trompera-pas-la-justice-deux-fois\\\/#article\",\"isPartOf\":{\"@id\":\"https:\\\/\\\/jumeaux91.fr\\\/blog\\\/yvelines-le-jumeau-monozygote-ne-trompera-pas-la-justice-deux-fois\\\/\"},\"author\":{\"name\":\"Claude DAYRES\",\"@id\":\"https:\\\/\\\/jumeaux91.fr\\\/blog\\\/#\\\/schema\\\/person\\\/21da06e9f119b9f64e5d45dbbd32d3fb\"},\"headline\":\"Yvelines : le jumeau monozygote ne trompera pas la Justice deux fois\",\"datePublished\":\"2025-03-11T10:16:00+00:00\",\"mainEntityOfPage\":{\"@id\":\"https:\\\/\\\/jumeaux91.fr\\\/blog\\\/yvelines-le-jumeau-monozygote-ne-trompera-pas-la-justice-deux-fois\\\/\"},\"wordCount\":533,\"publisher\":{\"@id\":\"https:\\\/\\\/jumeaux91.fr\\\/blog\\\/#organization\"},\"image\":{\"@id\":\"https:\\\/\\\/jumeaux91.fr\\\/blog\\\/yvelines-le-jumeau-monozygote-ne-trompera-pas-la-justice-deux-fois\\\/#primaryimage\"},\"thumbnailUrl\":\"https:\\\/\\\/jumeaux91.fr\\\/blog\\\/wp-content\\\/uploads\\\/2025\\\/03\\\/yvelines-le-jumeau-monozygote-ne-trompera-pas-la-justice-deux-fois.jpg\",\"articleSection\":[\"Posts Fr\u00e8res Jumeaux De L'Essonnes:\"],\"inLanguage\":\"fr-FR\"},{\"@type\":\"WebPage\",\"@id\":\"https:\\\/\\\/jumeaux91.fr\\\/blog\\\/yvelines-le-jumeau-monozygote-ne-trompera-pas-la-justice-deux-fois\\\/\",\"url\":\"https:\\\/\\\/jumeaux91.fr\\\/blog\\\/yvelines-le-jumeau-monozygote-ne-trompera-pas-la-justice-deux-fois\\\/\",\"name\":\"Yvelines : le jumeau monozygote ne trompera pas la Justice deux fois - JUMEAUX91\",\"isPartOf\":{\"@id\":\"https:\\\/\\\/jumeaux91.fr\\\/blog\\\/#website\"},\"primaryImageOfPage\":{\"@id\":\"https:\\\/\\\/jumeaux91.fr\\\/blog\\\/yvelines-le-jumeau-monozygote-ne-trompera-pas-la-justice-deux-fois\\\/#primaryimage\"},\"image\":{\"@id\":\"https:\\\/\\\/jumeaux91.fr\\\/blog\\\/yvelines-le-jumeau-monozygote-ne-trompera-pas-la-justice-deux-fois\\\/#primaryimage\"},\"thumbnailUrl\":\"https:\\\/\\\/jumeaux91.fr\\\/blog\\\/wp-content\\\/uploads\\\/2025\\\/03\\\/yvelines-le-jumeau-monozygote-ne-trompera-pas-la-justice-deux-fois.jpg\",\"datePublished\":\"2025-03-11T10:16:00+00:00\",\"breadcrumb\":{\"@id\":\"https:\\\/\\\/jumeaux91.fr\\\/blog\\\/yvelines-le-jumeau-monozygote-ne-trompera-pas-la-justice-deux-fois\\\/#breadcrumb\"},\"inLanguage\":\"fr-FR\",\"potentialAction\":[{\"@type\":\"ReadAction\",\"target\":[\"https:\\\/\\\/jumeaux91.fr\\\/blog\\\/yvelines-le-jumeau-monozygote-ne-trompera-pas-la-justice-deux-fois\\\/\"]}]},{\"@type\":\"ImageObject\",\"inLanguage\":\"fr-FR\",\"@id\":\"https:\\\/\\\/jumeaux91.fr\\\/blog\\\/yvelines-le-jumeau-monozygote-ne-trompera-pas-la-justice-deux-fois\\\/#primaryimage\",\"url\":\"https:\\\/\\\/jumeaux91.fr\\\/blog\\\/wp-content\\\/uploads\\\/2025\\\/03\\\/yvelines-le-jumeau-monozygote-ne-trompera-pas-la-justice-deux-fois.jpg\",\"contentUrl\":\"https:\\\/\\\/jumeaux91.fr\\\/blog\\\/wp-content\\\/uploads\\\/2025\\\/03\\\/yvelines-le-jumeau-monozygote-ne-trompera-pas-la-justice-deux-fois.jpg\",\"width\":1280,\"height\":960,\"caption\":\"Yvelines : le jumeau monozygote ne trompera pas la Justice deux fois\"},{\"@type\":\"BreadcrumbList\",\"@id\":\"https:\\\/\\\/jumeaux91.fr\\\/blog\\\/yvelines-le-jumeau-monozygote-ne-trompera-pas-la-justice-deux-fois\\\/#breadcrumb\",\"itemListElement\":[{\"@type\":\"ListItem\",\"position\":1,\"name\":\"Accueil\",\"item\":\"https:\\\/\\\/jumeaux91.fr\\\/blog\\\/\"},{\"@type\":\"ListItem\",\"position\":2,\"name\":\"Yvelines : le jumeau monozygote ne trompera pas la Justice deux fois\"}]},{\"@type\":\"WebSite\",\"@id\":\"https:\\\/\\\/jumeaux91.fr\\\/blog\\\/#website\",\"url\":\"https:\\\/\\\/jumeaux91.fr\\\/blog\\\/\",\"name\":\"JUMEAUX91\",\"description\":\"Fr\u00e8res jumeaux de l&#039;Essonnes; informations et archives, \u00e0 savoir et retenir.\",\"publisher\":{\"@id\":\"https:\\\/\\\/jumeaux91.fr\\\/blog\\\/#organization\"},\"potentialAction\":[{\"@type\":\"SearchAction\",\"target\":{\"@type\":\"EntryPoint\",\"urlTemplate\":\"https:\\\/\\\/jumeaux91.fr\\\/blog\\\/?s={search_term_string}\"},\"query-input\":{\"@type\":\"PropertyValueSpecification\",\"valueRequired\":true,\"valueName\":\"search_term_string\"}}],\"inLanguage\":\"fr-FR\"},{\"@type\":\"Organization\",\"@id\":\"https:\\\/\\\/jumeaux91.fr\\\/blog\\\/#organization\",\"name\":\"jumeaux91\",\"url\":\"https:\\\/\\\/jumeaux91.fr\\\/blog\\\/\",\"logo\":{\"@type\":\"ImageObject\",\"inLanguage\":\"fr-FR\",\"@id\":\"https:\\\/\\\/jumeaux91.fr\\\/blog\\\/#\\\/schema\\\/logo\\\/image\\\/\",\"url\":\"https:\\\/\\\/jumeaux91.fr\\\/blog\\\/wp-content\\\/uploads\\\/2023\\\/05\\\/cropped-cropped-logoJ_91.png\",\"contentUrl\":\"https:\\\/\\\/jumeaux91.fr\\\/blog\\\/wp-content\\\/uploads\\\/2023\\\/05\\\/cropped-cropped-logoJ_91.png\",\"width\":512,\"height\":512,\"caption\":\"jumeaux91\"},\"image\":{\"@id\":\"https:\\\/\\\/jumeaux91.fr\\\/blog\\\/#\\\/schema\\\/logo\\\/image\\\/\"}},{\"@type\":\"Person\",\"@id\":\"https:\\\/\\\/jumeaux91.fr\\\/blog\\\/#\\\/schema\\\/person\\\/21da06e9f119b9f64e5d45dbbd32d3fb\",\"name\":\"Claude DAYRES\",\"image\":{\"@type\":\"ImageObject\",\"inLanguage\":\"fr-FR\",\"@id\":\"https:\\\/\\\/secure.gravatar.com\\\/avatar\\\/82eb951df6110a2c48d1bfa7a67d1ee6f0cd5df3cbf9c3586dd61e82db7172a5?s=96&d=mm&r=g\",\"url\":\"https:\\\/\\\/secure.gravatar.com\\\/avatar\\\/82eb951df6110a2c48d1bfa7a67d1ee6f0cd5df3cbf9c3586dd61e82db7172a5?s=96&d=mm&r=g\",\"contentUrl\":\"https:\\\/\\\/secure.gravatar.com\\\/avatar\\\/82eb951df6110a2c48d1bfa7a67d1ee6f0cd5df3cbf9c3586dd61e82db7172a5?s=96&d=mm&r=g\",\"caption\":\"Claude DAYRES\"},\"url\":\"https:\\\/\\\/jumeaux91.fr\\\/blog\\\/author\\\/x91claude\\\/\"}]}<\/script>\n<!-- \/ Yoast SEO plugin. -->","yoast_head_json":{"title":"Yvelines : le jumeau monozygote ne trompera pas la Justice deux fois - JUMEAUX91","robots":{"index":"index","follow":"follow","max-snippet":"max-snippet:-1","max-image-preview":"max-image-preview:large","max-video-preview":"max-video-preview:-1"},"canonical":"https:\/\/jumeaux91.fr\/blog\/yvelines-le-jumeau-monozygote-ne-trompera-pas-la-justice-deux-fois\/","og_locale":"fr_FR","og_type":"article","og_title":"Yvelines : le jumeau monozygote ne trompera pas la Justice deux fois - JUMEAUX91","og_description":"Par Fran\u00e7ois Desserre Publi\u00e9 le 11 mars 2025 \u00e0 18h16 Brahim ou Yahya. Yahya ou Brahim. Depuis leur enfance, rares sont ceux qui parviennent \u00e0 les diff\u00e9rencier. Et pour cause\u2009: ces fr\u00e8res sont monozygotes. Ils se ressemblent comme deux gouttes d\u2019eau. Ils en ont jou\u00e9 \u00e9tant gamins. L\u2019un s\u2019en amuse encore, mais au d\u00e9triment de&hellip; Poursuivre la lecture Yvelines : le jumeau monozygote ne trompera pas la Justice deux fois","og_url":"https:\/\/jumeaux91.fr\/blog\/yvelines-le-jumeau-monozygote-ne-trompera-pas-la-justice-deux-fois\/","og_site_name":"JUMEAUX91","article_published_time":"2025-03-11T10:16:00+00:00","og_image":[{"url":"https:\/\/jumeaux91.fr\/blog\/wp-content\/uploads\/2025\/03\/yvelines-le-jumeau-monozygote-ne-trompera-pas-la-justice-deux-fois.jpg","type":"","width":"","height":""}],"author":"Claude DAYRES","twitter_card":"summary_large_image","twitter_misc":{"\u00c9crit par":"Claude DAYRES","Dur\u00e9e de lecture estim\u00e9e":"3 minutes"},"schema":{"@context":"https:\/\/schema.org","@graph":[{"@type":"Article","@id":"https:\/\/jumeaux91.fr\/blog\/yvelines-le-jumeau-monozygote-ne-trompera-pas-la-justice-deux-fois\/#article","isPartOf":{"@id":"https:\/\/jumeaux91.fr\/blog\/yvelines-le-jumeau-monozygote-ne-trompera-pas-la-justice-deux-fois\/"},"author":{"name":"Claude DAYRES","@id":"https:\/\/jumeaux91.fr\/blog\/#\/schema\/person\/21da06e9f119b9f64e5d45dbbd32d3fb"},"headline":"Yvelines : le jumeau monozygote ne trompera pas la Justice deux fois","datePublished":"2025-03-11T10:16:00+00:00","mainEntityOfPage":{"@id":"https:\/\/jumeaux91.fr\/blog\/yvelines-le-jumeau-monozygote-ne-trompera-pas-la-justice-deux-fois\/"},"wordCount":533,"publisher":{"@id":"https:\/\/jumeaux91.fr\/blog\/#organization"},"image":{"@id":"https:\/\/jumeaux91.fr\/blog\/yvelines-le-jumeau-monozygote-ne-trompera-pas-la-justice-deux-fois\/#primaryimage"},"thumbnailUrl":"https:\/\/jumeaux91.fr\/blog\/wp-content\/uploads\/2025\/03\/yvelines-le-jumeau-monozygote-ne-trompera-pas-la-justice-deux-fois.jpg","articleSection":["Posts Fr\u00e8res Jumeaux De L'Essonnes:"],"inLanguage":"fr-FR"},{"@type":"WebPage","@id":"https:\/\/jumeaux91.fr\/blog\/yvelines-le-jumeau-monozygote-ne-trompera-pas-la-justice-deux-fois\/","url":"https:\/\/jumeaux91.fr\/blog\/yvelines-le-jumeau-monozygote-ne-trompera-pas-la-justice-deux-fois\/","name":"Yvelines : le jumeau monozygote ne trompera pas la Justice deux fois - JUMEAUX91","isPartOf":{"@id":"https:\/\/jumeaux91.fr\/blog\/#website"},"primaryImageOfPage":{"@id":"https:\/\/jumeaux91.fr\/blog\/yvelines-le-jumeau-monozygote-ne-trompera-pas-la-justice-deux-fois\/#primaryimage"},"image":{"@id":"https:\/\/jumeaux91.fr\/blog\/yvelines-le-jumeau-monozygote-ne-trompera-pas-la-justice-deux-fois\/#primaryimage"},"thumbnailUrl":"https:\/\/jumeaux91.fr\/blog\/wp-content\/uploads\/2025\/03\/yvelines-le-jumeau-monozygote-ne-trompera-pas-la-justice-deux-fois.jpg","datePublished":"2025-03-11T10:16:00+00:00","breadcrumb":{"@id":"https:\/\/jumeaux91.fr\/blog\/yvelines-le-jumeau-monozygote-ne-trompera-pas-la-justice-deux-fois\/#breadcrumb"},"inLanguage":"fr-FR","potentialAction":[{"@type":"ReadAction","target":["https:\/\/jumeaux91.fr\/blog\/yvelines-le-jumeau-monozygote-ne-trompera-pas-la-justice-deux-fois\/"]}]},{"@type":"ImageObject","inLanguage":"fr-FR","@id":"https:\/\/jumeaux91.fr\/blog\/yvelines-le-jumeau-monozygote-ne-trompera-pas-la-justice-deux-fois\/#primaryimage","url":"https:\/\/jumeaux91.fr\/blog\/wp-content\/uploads\/2025\/03\/yvelines-le-jumeau-monozygote-ne-trompera-pas-la-justice-deux-fois.jpg","contentUrl":"https:\/\/jumeaux91.fr\/blog\/wp-content\/uploads\/2025\/03\/yvelines-le-jumeau-monozygote-ne-trompera-pas-la-justice-deux-fois.jpg","width":1280,"height":960,"caption":"Yvelines : le jumeau monozygote ne trompera pas la Justice deux fois"},{"@type":"BreadcrumbList","@id":"https:\/\/jumeaux91.fr\/blog\/yvelines-le-jumeau-monozygote-ne-trompera-pas-la-justice-deux-fois\/#breadcrumb","itemListElement":[{"@type":"ListItem","position":1,"name":"Accueil","item":"https:\/\/jumeaux91.fr\/blog\/"},{"@type":"ListItem","position":2,"name":"Yvelines : le jumeau monozygote ne trompera pas la Justice deux fois"}]},{"@type":"WebSite","@id":"https:\/\/jumeaux91.fr\/blog\/#website","url":"https:\/\/jumeaux91.fr\/blog\/","name":"JUMEAUX91","description":"Fr\u00e8res jumeaux de l&#039;Essonnes; informations et archives, \u00e0 savoir et retenir.","publisher":{"@id":"https:\/\/jumeaux91.fr\/blog\/#organization"},"potentialAction":[{"@type":"SearchAction","target":{"@type":"EntryPoint","urlTemplate":"https:\/\/jumeaux91.fr\/blog\/?s={search_term_string}"},"query-input":{"@type":"PropertyValueSpecification","valueRequired":true,"valueName":"search_term_string"}}],"inLanguage":"fr-FR"},{"@type":"Organization","@id":"https:\/\/jumeaux91.fr\/blog\/#organization","name":"jumeaux91","url":"https:\/\/jumeaux91.fr\/blog\/","logo":{"@type":"ImageObject","inLanguage":"fr-FR","@id":"https:\/\/jumeaux91.fr\/blog\/#\/schema\/logo\/image\/","url":"https:\/\/jumeaux91.fr\/blog\/wp-content\/uploads\/2023\/05\/cropped-cropped-logoJ_91.png","contentUrl":"https:\/\/jumeaux91.fr\/blog\/wp-content\/uploads\/2023\/05\/cropped-cropped-logoJ_91.png","width":512,"height":512,"caption":"jumeaux91"},"image":{"@id":"https:\/\/jumeaux91.fr\/blog\/#\/schema\/logo\/image\/"}},{"@type":"Person","@id":"https:\/\/jumeaux91.fr\/blog\/#\/schema\/person\/21da06e9f119b9f64e5d45dbbd32d3fb","name":"Claude DAYRES","image":{"@type":"ImageObject","inLanguage":"fr-FR","@id":"https:\/\/secure.gravatar.com\/avatar\/82eb951df6110a2c48d1bfa7a67d1ee6f0cd5df3cbf9c3586dd61e82db7172a5?s=96&d=mm&r=g","url":"https:\/\/secure.gravatar.com\/avatar\/82eb951df6110a2c48d1bfa7a67d1ee6f0cd5df3cbf9c3586dd61e82db7172a5?s=96&d=mm&r=g","contentUrl":"https:\/\/secure.gravatar.com\/avatar\/82eb951df6110a2c48d1bfa7a67d1ee6f0cd5df3cbf9c3586dd61e82db7172a5?s=96&d=mm&r=g","caption":"Claude DAYRES"},"url":"https:\/\/jumeaux91.fr\/blog\/author\/x91claude\/"}]}},"_links":{"self":[{"href":"https:\/\/jumeaux91.fr\/blog\/wp-json\/wp\/v2\/posts\/1081","targetHints":{"allow":["GET"]}}],"collection":[{"href":"https:\/\/jumeaux91.fr\/blog\/wp-json\/wp\/v2\/posts"}],"about":[{"href":"https:\/\/jumeaux91.fr\/blog\/wp-json\/wp\/v2\/types\/post"}],"author":[{"embeddable":true,"href":"https:\/\/jumeaux91.fr\/blog\/wp-json\/wp\/v2\/users\/2"}],"replies":[{"embeddable":true,"href":"https:\/\/jumeaux91.fr\/blog\/wp-json\/wp\/v2\/comments?post=1081"}],"version-history":[{"count":0,"href":"https:\/\/jumeaux91.fr\/blog\/wp-json\/wp\/v2\/posts\/1081\/revisions"}],"wp:featuredmedia":[{"embeddable":true,"href":"https:\/\/jumeaux91.fr\/blog\/wp-json\/wp\/v2\/media\/1082"}],"wp:attachment":[{"href":"https:\/\/jumeaux91.fr\/blog\/wp-json\/wp\/v2\/media?parent=1081"}],"wp:term":[{"taxonomy":"category","embeddable":true,"href":"https:\/\/jumeaux91.fr\/blog\/wp-json\/wp\/v2\/categories?post=1081"},{"taxonomy":"post_tag","embeddable":true,"href":"https:\/\/jumeaux91.fr\/blog\/wp-json\/wp\/v2\/tags?post=1081"}],"curies":[{"name":"wp","href":"https:\/\/api.w.org\/{rel}","templated":true}]}}