{"id":1088,"date":"2025-03-17T03:24:00","date_gmt":"2025-03-17T02:24:00","guid":{"rendered":"https:\/\/jumeaux91.fr\/blog\/le-mystere-de-la-mort-de-qaadir-et-naazir-retrouves-au-sommet-dune-montagne\/"},"modified":"2025-03-17T03:24:00","modified_gmt":"2025-03-17T02:24:00","slug":"le-mystere-de-la-mort-de-qaadir-et-naazir-retrouves-au-sommet-dune-montagne","status":"publish","type":"post","link":"https:\/\/jumeaux91.fr\/blog\/le-mystere-de-la-mort-de-qaadir-et-naazir-retrouves-au-sommet-dune-montagne\/","title":{"rendered":"Le myst\u00e8re de la mort de Qaadir et Naazir, retrouv\u00e9s au sommet d\u2019une montagne"},"content":{"rendered":"<div><img decoding=\"async\" src=\"https:\/\/jumeaux91.fr\/blog\/wp-content\/uploads\/2025\/03\/le-mystere-de-la-mort-de-qaadir-et-naazir-retrouves-au-sommet-dune-montagne.jpg\" class=\"ff-og-image-inserted\"><\/div>\n<p><span class=\"author no-link\">Jeanne Le Borgne<\/span><span> 17\/03\/2025 \u00e0 10:24<\/span>\n<\/p>\n<p class=\"intro\">Le 8&nbsp;mars, des jumeaux ont \u00e9t\u00e9 retrouv\u00e9s mort sur un sentier de randonn\u00e9e, dans l\u2019\u00c9tat am\u00e9ricain de G\u00e9orgie. Tous deux pr\u00e9sentaient des impacts de balle, mais leur famille refuse de croire en l\u2019hypoth\u00e8se d\u2019un \u00ab&nbsp;meurtre-suicide&nbsp;\u00bb.<\/p>\n<div class=\"rte \">\n<p>\u00ab&nbsp;Il s\u2019est pass\u00e9 quelque chose dans ces montagnes, et on veut des r\u00e9ponses.&nbsp;\u00bb Le 8&nbsp;mars, un randonneur a retrouv\u00e9 les corps sans vie de fr\u00e8res jumeaux, Qaadir et Naazir Lewis, 19&nbsp;ans, au sommet de la montagne Bell, dans l\u2019\u00c9tat am\u00e9ricain de G\u00e9orgie. La veille, les jeunes hommes ne s\u2019\u00e9taient pas pr\u00e9sent\u00e9s \u00e0 l\u2019a\u00e9roport, o\u00f9 ils avaient un vol pour Boston pr\u00e9vu \u00e0 7&nbsp;heures du matin. Les autorit\u00e9s ont imm\u00e9diatement \u00e9mis l\u2019hypoth\u00e8se d\u2019un \u00ab&nbsp;meurtre-suicide&nbsp;\u00bb, selon <a href=\"https:\/\/gbi.georgia.gov\/press-releases\/2025-03-16\/gbi-investigates-deaths-bell-mountain-towns-county\" target=\"_blank\" rel=\"nofollow\">un communiqu\u00e9<\/a> de la police \u00e9tatique de G\u00e9orgie.<\/p>\n<div class=\"lmn-aside lmn-mob\"> <span>Publicit\u00e9<\/span> <\/div>\n<p>Une th\u00e9orie \u00e0 laquelle refusent de croire les proches de&nbsp;Qaadir et Naazir Lewis. Leur oncle et tante ont ainsi affirm\u00e9 aupr\u00e8s de&nbsp;<a href=\"https:\/\/www.youtube.com\/watch?v=hrNNtCQJ3vg\" target=\"_blank\" rel=\"nofollow\">WXIA-TV<\/a>&nbsp;que&nbsp;Qaadir et Naazir \u00e9taient \u00ab&nbsp;ins\u00e9parables&nbsp;\u00bb et \u00e9taient \u00ab&nbsp;tr\u00e8s protecteurs l\u2019un envers l\u2019autre&nbsp;\u00bb. \u00ab&nbsp;Je ne les imagine pas se faire du mal, a insist\u00e9 l\u2019oncle. Je ne les ai jamais vus se battre.&nbsp;\u00bb \u00ab&nbsp;On les conna\u00eet. Ils ne feraient jamais une chose pareille&nbsp;\u00bb, a abond\u00e9 la tante, persuad\u00e9e qu&rsquo;\u00ab&nbsp;il s\u2019est pass\u00e9 quelque chose dans ces montagnes&nbsp;\u00bb. Insistant : \u00ab&nbsp;Et on veut des r\u00e9ponses&nbsp;\u00bb.&nbsp;<\/p>\n<div class=\"lmn-inread lmn-desk\"> <span>La suite apr\u00e8s cette publicit\u00e9<\/span> <\/div>\n<p>\u00ab&nbsp;Comment ont-ils atterri dans les montagnes&nbsp;? Ils ne font pas de randonn\u00e9e et ils n\u2019y sont jamais all\u00e9s&nbsp;\u00bb, a poursuivi la tante endeuill\u00e9e. Preuve que les questions sont encore nombreuses dans cette affaire.<\/p>\n<div class=\"lmn-inread lmn-mob\"> <span>La suite apr\u00e8s cette publicit\u00e9<\/span> <\/div>\n<h2>Cr\u00e9er leur propre ligne de v\u00eatements<\/h2>\n<p>Une autre de leur tante, Yasmine Brawner, a depuis lanc\u00e9 une campagne <a href=\"https:\/\/www.gofundme.com\/f\/qaadir-and-naazir-funeral-service\" target=\"_blank\" rel=\"nofollow\">GoFundMe<\/a> pour \u00ab financer les fun\u00e9railles \u00bb de&nbsp;Qaadir et Naazir Lewis. \u00ab&nbsp;Des rumeurs r\u00e9centes affirmaient qu\u2019ils se seraient suicid\u00e9s. Mes neveux ne feraient pas \u00e7a&nbsp;! Ils venaient d\u2019une famille unie, et les jumeaux avaient tant d\u2019ambition pour leur avenir qu\u2019ils r\u00eavaient de cr\u00e9er leur propre ligne de v\u00eatements&nbsp;\u00bb, \u00e9crit-elle. \u00ab Une enqu\u00eate plus approfondie est n\u00e9cessaire.&nbsp;\u00bb<\/p>\n<\/p><\/div>\n<p> La chronique se veut g\u00e9n\u00e9r\u00e9e de la fa\u00e7on la plus claire que possible. Dans le cas o\u00f9 vous souhaitez pr\u00e9senter des renseignements compl\u00e9mentaires \u00e0 cet article sur le sujet \u00ab\u00a0Fr\u00e8res jumeaux de l&rsquo;Essonnes\u00a0\u00bb il vous est possible d\u2019\u00e9crire aux contacts indiqu\u00e9s sur notre website. La raison d\u2019\u00eatre de jumeaux91.fr \u00e9tant de rassembler sur le web des posts sur le sujet de Fr\u00e8res jumeaux de l&rsquo;Essonnes puis les diffuser en r\u00e9pondant au mieux aux interrogations des gens. Vous pouvez tirer profit de cet article traitant le sujet \u00ab\u00a0Fr\u00e8res jumeaux de l&rsquo;Essonnes\u00a0\u00bb. Il est concoct\u00e9 par l\u2019\u00e9quipe jumeaux91.fr. Prochainement, nous rendrons accessibles au public d&rsquo;autres informations pertinentes sur le sujet \u00ab\u00a0Fr\u00e8res jumeaux de l&rsquo;Essonnes\u00a0\u00bb. Alors, consultez syst\u00e9matiquement notre blog.<\/p>\n","protected":false},"excerpt":{"rendered":"<p>Jeanne Le Borgne 17\/03\/2025 \u00e0 10:24 Le 8&nbsp;mars, des jumeaux ont \u00e9t\u00e9 retrouv\u00e9s mort sur un sentier de randonn\u00e9e, dans l\u2019\u00c9tat am\u00e9ricain de G\u00e9orgie. Tous deux pr\u00e9sentaient des impacts de balle, mais leur famille refuse de croire en l\u2019hypoth\u00e8se d\u2019un \u00ab&nbsp;meurtre-suicide&nbsp;\u00bb. \u00ab&nbsp;Il s\u2019est pass\u00e9 quelque chose dans ces montagnes, et on veut des r\u00e9ponses.&nbsp;\u00bb Le&hellip; <a class=\"more-link\" href=\"https:\/\/jumeaux91.fr\/blog\/le-mystere-de-la-mort-de-qaadir-et-naazir-retrouves-au-sommet-dune-montagne\/\">Poursuivre la lecture <span class=\"screen-reader-text\">Le myst\u00e8re de la mort de Qaadir et Naazir, retrouv\u00e9s au sommet d\u2019une montagne<\/span><\/a><\/p>\n","protected":false},"author":2,"featured_media":1089,"comment_status":"closed","ping_status":"closed","sticky":false,"template":"","format":"standard","meta":{"footnotes":""},"categories":[4],"tags":[],"class_list":["post-1088","post","type-post","status-publish","format-standard","has-post-thumbnail","hentry","category-posts-freres-jumeaux-de-lessonnes","entry"],"yoast_head":"<!-- This site is optimized with the Yoast SEO plugin v27.5 - https:\/\/yoast.com\/product\/yoast-seo-wordpress\/ -->\n<title>Le myst\u00e8re de la mort de Qaadir et Naazir, retrouv\u00e9s au sommet d\u2019une montagne - JUMEAUX91<\/title>\n<meta name=\"robots\" content=\"index, follow, max-snippet:-1, max-image-preview:large, max-video-preview:-1\" \/>\n<link rel=\"canonical\" href=\"https:\/\/jumeaux91.fr\/blog\/le-mystere-de-la-mort-de-qaadir-et-naazir-retrouves-au-sommet-dune-montagne\/\" \/>\n<meta property=\"og:locale\" content=\"fr_FR\" \/>\n<meta property=\"og:type\" content=\"article\" \/>\n<meta property=\"og:title\" content=\"Le myst\u00e8re de la mort de Qaadir et Naazir, retrouv\u00e9s au sommet d\u2019une montagne - JUMEAUX91\" \/>\n<meta property=\"og:description\" content=\"Jeanne Le Borgne 17\/03\/2025 \u00e0 10:24 Le 8&nbsp;mars, des jumeaux ont \u00e9t\u00e9 retrouv\u00e9s mort sur un sentier de randonn\u00e9e, dans l\u2019\u00c9tat am\u00e9ricain de G\u00e9orgie. Tous deux pr\u00e9sentaient des impacts de balle, mais leur famille refuse de croire en l\u2019hypoth\u00e8se d\u2019un \u00ab&nbsp;meurtre-suicide&nbsp;\u00bb. \u00ab&nbsp;Il s\u2019est pass\u00e9 quelque chose dans ces montagnes, et on veut des r\u00e9ponses.&nbsp;\u00bb Le&hellip; Poursuivre la lecture Le myst\u00e8re de la mort de Qaadir et Naazir, retrouv\u00e9s au sommet d\u2019une montagne\" \/>\n<meta property=\"og:url\" content=\"https:\/\/jumeaux91.fr\/blog\/le-mystere-de-la-mort-de-qaadir-et-naazir-retrouves-au-sommet-dune-montagne\/\" \/>\n<meta property=\"og:site_name\" content=\"JUMEAUX91\" \/>\n<meta property=\"article:published_time\" content=\"2025-03-17T02:24:00+00:00\" \/>\n<meta property=\"og:image\" content=\"https:\/\/jumeaux91.fr\/blog\/wp-content\/uploads\/2025\/03\/le-mystere-de-la-mort-de-qaadir-et-naazir-retrouves-au-sommet-dune-montagne.jpg\" \/>\n<meta name=\"author\" content=\"Claude DAYRES\" \/>\n<meta name=\"twitter:card\" content=\"summary_large_image\" \/>\n<meta name=\"twitter:label1\" content=\"\u00c9crit par\" \/>\n\t<meta name=\"twitter:data1\" content=\"Claude DAYRES\" \/>\n\t<meta name=\"twitter:label2\" content=\"Dur\u00e9e de lecture estim\u00e9e\" \/>\n\t<meta name=\"twitter:data2\" content=\"3 minutes\" \/>\n<script type=\"application\/ld+json\" class=\"yoast-schema-graph\">{\"@context\":\"https:\\\/\\\/schema.org\",\"@graph\":[{\"@type\":\"Article\",\"@id\":\"https:\\\/\\\/jumeaux91.fr\\\/blog\\\/le-mystere-de-la-mort-de-qaadir-et-naazir-retrouves-au-sommet-dune-montagne\\\/#article\",\"isPartOf\":{\"@id\":\"https:\\\/\\\/jumeaux91.fr\\\/blog\\\/le-mystere-de-la-mort-de-qaadir-et-naazir-retrouves-au-sommet-dune-montagne\\\/\"},\"author\":{\"name\":\"Claude DAYRES\",\"@id\":\"https:\\\/\\\/jumeaux91.fr\\\/blog\\\/#\\\/schema\\\/person\\\/21da06e9f119b9f64e5d45dbbd32d3fb\"},\"headline\":\"Le myst\u00e8re de la mort de Qaadir et Naazir, retrouv\u00e9s au sommet d\u2019une montagne\",\"datePublished\":\"2025-03-17T02:24:00+00:00\",\"mainEntityOfPage\":{\"@id\":\"https:\\\/\\\/jumeaux91.fr\\\/blog\\\/le-mystere-de-la-mort-de-qaadir-et-naazir-retrouves-au-sommet-dune-montagne\\\/\"},\"wordCount\":569,\"publisher\":{\"@id\":\"https:\\\/\\\/jumeaux91.fr\\\/blog\\\/#organization\"},\"image\":{\"@id\":\"https:\\\/\\\/jumeaux91.fr\\\/blog\\\/le-mystere-de-la-mort-de-qaadir-et-naazir-retrouves-au-sommet-dune-montagne\\\/#primaryimage\"},\"thumbnailUrl\":\"https:\\\/\\\/jumeaux91.fr\\\/blog\\\/wp-content\\\/uploads\\\/2025\\\/03\\\/le-mystere-de-la-mort-de-qaadir-et-naazir-retrouves-au-sommet-dune-montagne.jpg\",\"articleSection\":[\"Posts Fr\u00e8res Jumeaux De L'Essonnes:\"],\"inLanguage\":\"fr-FR\"},{\"@type\":\"WebPage\",\"@id\":\"https:\\\/\\\/jumeaux91.fr\\\/blog\\\/le-mystere-de-la-mort-de-qaadir-et-naazir-retrouves-au-sommet-dune-montagne\\\/\",\"url\":\"https:\\\/\\\/jumeaux91.fr\\\/blog\\\/le-mystere-de-la-mort-de-qaadir-et-naazir-retrouves-au-sommet-dune-montagne\\\/\",\"name\":\"Le myst\u00e8re de la mort de Qaadir et Naazir, retrouv\u00e9s au sommet d\u2019une montagne - JUMEAUX91\",\"isPartOf\":{\"@id\":\"https:\\\/\\\/jumeaux91.fr\\\/blog\\\/#website\"},\"primaryImageOfPage\":{\"@id\":\"https:\\\/\\\/jumeaux91.fr\\\/blog\\\/le-mystere-de-la-mort-de-qaadir-et-naazir-retrouves-au-sommet-dune-montagne\\\/#primaryimage\"},\"image\":{\"@id\":\"https:\\\/\\\/jumeaux91.fr\\\/blog\\\/le-mystere-de-la-mort-de-qaadir-et-naazir-retrouves-au-sommet-dune-montagne\\\/#primaryimage\"},\"thumbnailUrl\":\"https:\\\/\\\/jumeaux91.fr\\\/blog\\\/wp-content\\\/uploads\\\/2025\\\/03\\\/le-mystere-de-la-mort-de-qaadir-et-naazir-retrouves-au-sommet-dune-montagne.jpg\",\"datePublished\":\"2025-03-17T02:24:00+00:00\",\"breadcrumb\":{\"@id\":\"https:\\\/\\\/jumeaux91.fr\\\/blog\\\/le-mystere-de-la-mort-de-qaadir-et-naazir-retrouves-au-sommet-dune-montagne\\\/#breadcrumb\"},\"inLanguage\":\"fr-FR\",\"potentialAction\":[{\"@type\":\"ReadAction\",\"target\":[\"https:\\\/\\\/jumeaux91.fr\\\/blog\\\/le-mystere-de-la-mort-de-qaadir-et-naazir-retrouves-au-sommet-dune-montagne\\\/\"]}]},{\"@type\":\"ImageObject\",\"inLanguage\":\"fr-FR\",\"@id\":\"https:\\\/\\\/jumeaux91.fr\\\/blog\\\/le-mystere-de-la-mort-de-qaadir-et-naazir-retrouves-au-sommet-dune-montagne\\\/#primaryimage\",\"url\":\"https:\\\/\\\/jumeaux91.fr\\\/blog\\\/wp-content\\\/uploads\\\/2025\\\/03\\\/le-mystere-de-la-mort-de-qaadir-et-naazir-retrouves-au-sommet-dune-montagne.jpg\",\"contentUrl\":\"https:\\\/\\\/jumeaux91.fr\\\/blog\\\/wp-content\\\/uploads\\\/2025\\\/03\\\/le-mystere-de-la-mort-de-qaadir-et-naazir-retrouves-au-sommet-dune-montagne.jpg\",\"width\":2500,\"height\":1667,\"caption\":\"Le myst\u00e8re de la mort de Qaadir et Naazir, retrouv\u00e9s au sommet d\u2019une montagne\"},{\"@type\":\"BreadcrumbList\",\"@id\":\"https:\\\/\\\/jumeaux91.fr\\\/blog\\\/le-mystere-de-la-mort-de-qaadir-et-naazir-retrouves-au-sommet-dune-montagne\\\/#breadcrumb\",\"itemListElement\":[{\"@type\":\"ListItem\",\"position\":1,\"name\":\"Accueil\",\"item\":\"https:\\\/\\\/jumeaux91.fr\\\/blog\\\/\"},{\"@type\":\"ListItem\",\"position\":2,\"name\":\"Le myst\u00e8re de la mort de Qaadir et Naazir, retrouv\u00e9s au sommet d\u2019une montagne\"}]},{\"@type\":\"WebSite\",\"@id\":\"https:\\\/\\\/jumeaux91.fr\\\/blog\\\/#website\",\"url\":\"https:\\\/\\\/jumeaux91.fr\\\/blog\\\/\",\"name\":\"JUMEAUX91\",\"description\":\"Fr\u00e8res jumeaux de l&#039;Essonnes; informations et archives, \u00e0 savoir et retenir.\",\"publisher\":{\"@id\":\"https:\\\/\\\/jumeaux91.fr\\\/blog\\\/#organization\"},\"potentialAction\":[{\"@type\":\"SearchAction\",\"target\":{\"@type\":\"EntryPoint\",\"urlTemplate\":\"https:\\\/\\\/jumeaux91.fr\\\/blog\\\/?s={search_term_string}\"},\"query-input\":{\"@type\":\"PropertyValueSpecification\",\"valueRequired\":true,\"valueName\":\"search_term_string\"}}],\"inLanguage\":\"fr-FR\"},{\"@type\":\"Organization\",\"@id\":\"https:\\\/\\\/jumeaux91.fr\\\/blog\\\/#organization\",\"name\":\"jumeaux91\",\"url\":\"https:\\\/\\\/jumeaux91.fr\\\/blog\\\/\",\"logo\":{\"@type\":\"ImageObject\",\"inLanguage\":\"fr-FR\",\"@id\":\"https:\\\/\\\/jumeaux91.fr\\\/blog\\\/#\\\/schema\\\/logo\\\/image\\\/\",\"url\":\"https:\\\/\\\/jumeaux91.fr\\\/blog\\\/wp-content\\\/uploads\\\/2023\\\/05\\\/cropped-cropped-logoJ_91.png\",\"contentUrl\":\"https:\\\/\\\/jumeaux91.fr\\\/blog\\\/wp-content\\\/uploads\\\/2023\\\/05\\\/cropped-cropped-logoJ_91.png\",\"width\":512,\"height\":512,\"caption\":\"jumeaux91\"},\"image\":{\"@id\":\"https:\\\/\\\/jumeaux91.fr\\\/blog\\\/#\\\/schema\\\/logo\\\/image\\\/\"}},{\"@type\":\"Person\",\"@id\":\"https:\\\/\\\/jumeaux91.fr\\\/blog\\\/#\\\/schema\\\/person\\\/21da06e9f119b9f64e5d45dbbd32d3fb\",\"name\":\"Claude DAYRES\",\"image\":{\"@type\":\"ImageObject\",\"inLanguage\":\"fr-FR\",\"@id\":\"https:\\\/\\\/secure.gravatar.com\\\/avatar\\\/82eb951df6110a2c48d1bfa7a67d1ee6f0cd5df3cbf9c3586dd61e82db7172a5?s=96&d=mm&r=g\",\"url\":\"https:\\\/\\\/secure.gravatar.com\\\/avatar\\\/82eb951df6110a2c48d1bfa7a67d1ee6f0cd5df3cbf9c3586dd61e82db7172a5?s=96&d=mm&r=g\",\"contentUrl\":\"https:\\\/\\\/secure.gravatar.com\\\/avatar\\\/82eb951df6110a2c48d1bfa7a67d1ee6f0cd5df3cbf9c3586dd61e82db7172a5?s=96&d=mm&r=g\",\"caption\":\"Claude DAYRES\"},\"url\":\"https:\\\/\\\/jumeaux91.fr\\\/blog\\\/author\\\/x91claude\\\/\"}]}<\/script>\n<!-- \/ Yoast SEO plugin. -->","yoast_head_json":{"title":"Le myst\u00e8re de la mort de Qaadir et Naazir, retrouv\u00e9s au sommet d\u2019une montagne - JUMEAUX91","robots":{"index":"index","follow":"follow","max-snippet":"max-snippet:-1","max-image-preview":"max-image-preview:large","max-video-preview":"max-video-preview:-1"},"canonical":"https:\/\/jumeaux91.fr\/blog\/le-mystere-de-la-mort-de-qaadir-et-naazir-retrouves-au-sommet-dune-montagne\/","og_locale":"fr_FR","og_type":"article","og_title":"Le myst\u00e8re de la mort de Qaadir et Naazir, retrouv\u00e9s au sommet d\u2019une montagne - JUMEAUX91","og_description":"Jeanne Le Borgne 17\/03\/2025 \u00e0 10:24 Le 8&nbsp;mars, des jumeaux ont \u00e9t\u00e9 retrouv\u00e9s mort sur un sentier de randonn\u00e9e, dans l\u2019\u00c9tat am\u00e9ricain de G\u00e9orgie. Tous deux pr\u00e9sentaient des impacts de balle, mais leur famille refuse de croire en l\u2019hypoth\u00e8se d\u2019un \u00ab&nbsp;meurtre-suicide&nbsp;\u00bb. \u00ab&nbsp;Il s\u2019est pass\u00e9 quelque chose dans ces montagnes, et on veut des r\u00e9ponses.&nbsp;\u00bb Le&hellip; Poursuivre la lecture Le myst\u00e8re de la mort de Qaadir et Naazir, retrouv\u00e9s au sommet d\u2019une montagne","og_url":"https:\/\/jumeaux91.fr\/blog\/le-mystere-de-la-mort-de-qaadir-et-naazir-retrouves-au-sommet-dune-montagne\/","og_site_name":"JUMEAUX91","article_published_time":"2025-03-17T02:24:00+00:00","og_image":[{"url":"https:\/\/jumeaux91.fr\/blog\/wp-content\/uploads\/2025\/03\/le-mystere-de-la-mort-de-qaadir-et-naazir-retrouves-au-sommet-dune-montagne.jpg","type":"","width":"","height":""}],"author":"Claude DAYRES","twitter_card":"summary_large_image","twitter_misc":{"\u00c9crit par":"Claude DAYRES","Dur\u00e9e de lecture estim\u00e9e":"3 minutes"},"schema":{"@context":"https:\/\/schema.org","@graph":[{"@type":"Article","@id":"https:\/\/jumeaux91.fr\/blog\/le-mystere-de-la-mort-de-qaadir-et-naazir-retrouves-au-sommet-dune-montagne\/#article","isPartOf":{"@id":"https:\/\/jumeaux91.fr\/blog\/le-mystere-de-la-mort-de-qaadir-et-naazir-retrouves-au-sommet-dune-montagne\/"},"author":{"name":"Claude DAYRES","@id":"https:\/\/jumeaux91.fr\/blog\/#\/schema\/person\/21da06e9f119b9f64e5d45dbbd32d3fb"},"headline":"Le myst\u00e8re de la mort de Qaadir et Naazir, retrouv\u00e9s au sommet d\u2019une montagne","datePublished":"2025-03-17T02:24:00+00:00","mainEntityOfPage":{"@id":"https:\/\/jumeaux91.fr\/blog\/le-mystere-de-la-mort-de-qaadir-et-naazir-retrouves-au-sommet-dune-montagne\/"},"wordCount":569,"publisher":{"@id":"https:\/\/jumeaux91.fr\/blog\/#organization"},"image":{"@id":"https:\/\/jumeaux91.fr\/blog\/le-mystere-de-la-mort-de-qaadir-et-naazir-retrouves-au-sommet-dune-montagne\/#primaryimage"},"thumbnailUrl":"https:\/\/jumeaux91.fr\/blog\/wp-content\/uploads\/2025\/03\/le-mystere-de-la-mort-de-qaadir-et-naazir-retrouves-au-sommet-dune-montagne.jpg","articleSection":["Posts Fr\u00e8res Jumeaux De L'Essonnes:"],"inLanguage":"fr-FR"},{"@type":"WebPage","@id":"https:\/\/jumeaux91.fr\/blog\/le-mystere-de-la-mort-de-qaadir-et-naazir-retrouves-au-sommet-dune-montagne\/","url":"https:\/\/jumeaux91.fr\/blog\/le-mystere-de-la-mort-de-qaadir-et-naazir-retrouves-au-sommet-dune-montagne\/","name":"Le myst\u00e8re de la mort de Qaadir et Naazir, retrouv\u00e9s au sommet d\u2019une montagne - JUMEAUX91","isPartOf":{"@id":"https:\/\/jumeaux91.fr\/blog\/#website"},"primaryImageOfPage":{"@id":"https:\/\/jumeaux91.fr\/blog\/le-mystere-de-la-mort-de-qaadir-et-naazir-retrouves-au-sommet-dune-montagne\/#primaryimage"},"image":{"@id":"https:\/\/jumeaux91.fr\/blog\/le-mystere-de-la-mort-de-qaadir-et-naazir-retrouves-au-sommet-dune-montagne\/#primaryimage"},"thumbnailUrl":"https:\/\/jumeaux91.fr\/blog\/wp-content\/uploads\/2025\/03\/le-mystere-de-la-mort-de-qaadir-et-naazir-retrouves-au-sommet-dune-montagne.jpg","datePublished":"2025-03-17T02:24:00+00:00","breadcrumb":{"@id":"https:\/\/jumeaux91.fr\/blog\/le-mystere-de-la-mort-de-qaadir-et-naazir-retrouves-au-sommet-dune-montagne\/#breadcrumb"},"inLanguage":"fr-FR","potentialAction":[{"@type":"ReadAction","target":["https:\/\/jumeaux91.fr\/blog\/le-mystere-de-la-mort-de-qaadir-et-naazir-retrouves-au-sommet-dune-montagne\/"]}]},{"@type":"ImageObject","inLanguage":"fr-FR","@id":"https:\/\/jumeaux91.fr\/blog\/le-mystere-de-la-mort-de-qaadir-et-naazir-retrouves-au-sommet-dune-montagne\/#primaryimage","url":"https:\/\/jumeaux91.fr\/blog\/wp-content\/uploads\/2025\/03\/le-mystere-de-la-mort-de-qaadir-et-naazir-retrouves-au-sommet-dune-montagne.jpg","contentUrl":"https:\/\/jumeaux91.fr\/blog\/wp-content\/uploads\/2025\/03\/le-mystere-de-la-mort-de-qaadir-et-naazir-retrouves-au-sommet-dune-montagne.jpg","width":2500,"height":1667,"caption":"Le myst\u00e8re de la mort de Qaadir et Naazir, retrouv\u00e9s au sommet d\u2019une montagne"},{"@type":"BreadcrumbList","@id":"https:\/\/jumeaux91.fr\/blog\/le-mystere-de-la-mort-de-qaadir-et-naazir-retrouves-au-sommet-dune-montagne\/#breadcrumb","itemListElement":[{"@type":"ListItem","position":1,"name":"Accueil","item":"https:\/\/jumeaux91.fr\/blog\/"},{"@type":"ListItem","position":2,"name":"Le myst\u00e8re de la mort de Qaadir et Naazir, retrouv\u00e9s au sommet d\u2019une montagne"}]},{"@type":"WebSite","@id":"https:\/\/jumeaux91.fr\/blog\/#website","url":"https:\/\/jumeaux91.fr\/blog\/","name":"JUMEAUX91","description":"Fr\u00e8res jumeaux de l&#039;Essonnes; informations et archives, \u00e0 savoir et retenir.","publisher":{"@id":"https:\/\/jumeaux91.fr\/blog\/#organization"},"potentialAction":[{"@type":"SearchAction","target":{"@type":"EntryPoint","urlTemplate":"https:\/\/jumeaux91.fr\/blog\/?s={search_term_string}"},"query-input":{"@type":"PropertyValueSpecification","valueRequired":true,"valueName":"search_term_string"}}],"inLanguage":"fr-FR"},{"@type":"Organization","@id":"https:\/\/jumeaux91.fr\/blog\/#organization","name":"jumeaux91","url":"https:\/\/jumeaux91.fr\/blog\/","logo":{"@type":"ImageObject","inLanguage":"fr-FR","@id":"https:\/\/jumeaux91.fr\/blog\/#\/schema\/logo\/image\/","url":"https:\/\/jumeaux91.fr\/blog\/wp-content\/uploads\/2023\/05\/cropped-cropped-logoJ_91.png","contentUrl":"https:\/\/jumeaux91.fr\/blog\/wp-content\/uploads\/2023\/05\/cropped-cropped-logoJ_91.png","width":512,"height":512,"caption":"jumeaux91"},"image":{"@id":"https:\/\/jumeaux91.fr\/blog\/#\/schema\/logo\/image\/"}},{"@type":"Person","@id":"https:\/\/jumeaux91.fr\/blog\/#\/schema\/person\/21da06e9f119b9f64e5d45dbbd32d3fb","name":"Claude DAYRES","image":{"@type":"ImageObject","inLanguage":"fr-FR","@id":"https:\/\/secure.gravatar.com\/avatar\/82eb951df6110a2c48d1bfa7a67d1ee6f0cd5df3cbf9c3586dd61e82db7172a5?s=96&d=mm&r=g","url":"https:\/\/secure.gravatar.com\/avatar\/82eb951df6110a2c48d1bfa7a67d1ee6f0cd5df3cbf9c3586dd61e82db7172a5?s=96&d=mm&r=g","contentUrl":"https:\/\/secure.gravatar.com\/avatar\/82eb951df6110a2c48d1bfa7a67d1ee6f0cd5df3cbf9c3586dd61e82db7172a5?s=96&d=mm&r=g","caption":"Claude DAYRES"},"url":"https:\/\/jumeaux91.fr\/blog\/author\/x91claude\/"}]}},"_links":{"self":[{"href":"https:\/\/jumeaux91.fr\/blog\/wp-json\/wp\/v2\/posts\/1088","targetHints":{"allow":["GET"]}}],"collection":[{"href":"https:\/\/jumeaux91.fr\/blog\/wp-json\/wp\/v2\/posts"}],"about":[{"href":"https:\/\/jumeaux91.fr\/blog\/wp-json\/wp\/v2\/types\/post"}],"author":[{"embeddable":true,"href":"https:\/\/jumeaux91.fr\/blog\/wp-json\/wp\/v2\/users\/2"}],"replies":[{"embeddable":true,"href":"https:\/\/jumeaux91.fr\/blog\/wp-json\/wp\/v2\/comments?post=1088"}],"version-history":[{"count":0,"href":"https:\/\/jumeaux91.fr\/blog\/wp-json\/wp\/v2\/posts\/1088\/revisions"}],"wp:featuredmedia":[{"embeddable":true,"href":"https:\/\/jumeaux91.fr\/blog\/wp-json\/wp\/v2\/media\/1089"}],"wp:attachment":[{"href":"https:\/\/jumeaux91.fr\/blog\/wp-json\/wp\/v2\/media?parent=1088"}],"wp:term":[{"taxonomy":"category","embeddable":true,"href":"https:\/\/jumeaux91.fr\/blog\/wp-json\/wp\/v2\/categories?post=1088"},{"taxonomy":"post_tag","embeddable":true,"href":"https:\/\/jumeaux91.fr\/blog\/wp-json\/wp\/v2\/tags?post=1088"}],"curies":[{"name":"wp","href":"https:\/\/api.w.org\/{rel}","templated":true}]}}