{"id":1090,"date":"2025-03-17T23:43:00","date_gmt":"2025-03-17T22:43:00","guid":{"rendered":"https:\/\/jumeaux91.fr\/blog\/alexandra-ehle-du-18-mars-votre-episode-inedit-ce-soir-sur-france-3\/"},"modified":"2025-03-17T23:43:00","modified_gmt":"2025-03-17T22:43:00","slug":"alexandra-ehle-du-18-mars-votre-episode-inedit-ce-soir-sur-france-3","status":"publish","type":"post","link":"https:\/\/jumeaux91.fr\/blog\/alexandra-ehle-du-18-mars-votre-episode-inedit-ce-soir-sur-france-3\/","title":{"rendered":"Alexandra Ehle du 18 mars : votre \u00e9pisode in\u00e9dit ce soir sur France 3"},"content":{"rendered":"<div class=\"code-block code-block-5\">\n<br \/>Publicit\u00e9<br \/> <ins class=\"adsbygoogle\" data-ad-client=\"ca-pub-9220979145366786\" data-ad-slot=\"7594383141\" data-ad-format=\"auto\" data-full-width-responsive=\"true\"><\/ins> <\/div>\n<p><strong>Alexandra Ehle du 18 mars 2025 \u2013<\/strong> Ce mardi soir sur <a href=\"https:\/\/www.stars-actu.fr\/tag\/france-3\/\" rel=\"noopener nofollow\" target=\"_blank\">France 3<\/a>, c\u2019est un \u00e9pisode in\u00e9dit de la s\u00e9rie <a href=\"https:\/\/www.stars-actu.fr\/tag\/alexandraehle\/\" target=\"_blank\" rel=\"noopener nofollow\">Alexandra Ehle<\/a> qui vous attend.<\/p>\n<p>A d\u00e9couvrir d\u00e8s 21h05 sur France 3 ou en replay, streaming vid\u00e9o et avant premi\u00e8re sur <a href=\"https:\/\/www.france.tv\/france-3\/alexandra-ehle\/\" target=\"_blank\" rel=\"noopener noreferrer nofollow\">France.TV<\/a>.<\/p>\n<figure id=\"attachment_151848\" aria-describedby=\"caption-attachment-151848\" class=\"wp-caption aligncenter\"><img decoding=\"async\" data-lazyloaded=\"1\" src=\"https:\/\/jumeaux91.fr\/blog\/wp-content\/uploads\/2025\/03\/alexandra-ehle-du-18-mars-votre-episode-inedit-ce-soir-sur-france-3.jpg\" alt=\"Alexandra Ehle du 18 mars : votre \u00e9pisode in\u00e9dit ce soir sur France 3\" width=\"1200\" height=\"675\" class=\"size-full wp-image-151848\" data-sizes=\"(max-width: 1200px) 100vw, 1200px\"><figcaption id=\"caption-attachment-151848\" class=\"wp-caption-text\">\u00a9 Julie G\u00e9ant \/ FTV<\/figcaption><\/figure>\n<div class=\"code-block code-block-2\">\n<br \/>Publicit\u00e9<br \/> <ins class=\"adsbygoogle\" data-ad-client=\"ca-pub-9220979145366786\" data-ad-slot=\"7594383141\" data-ad-format=\"auto\" data-full-width-responsive=\"true\"><\/ins> <\/div>\n<h2>\u00ab Alexandra Ehle du 18 mars 2025, votre \u00e9pisode \u00ab&nbsp;L\u2019effet miroir&nbsp;\u00bb<\/h2>\n<p>Deux corps sont d\u00e9couverts pr\u00e8s de la plage de Lacanau Oc\u00e9an : les fr\u00e8res jumeaux Gramont, surfeurs embl\u00e9matiques de la r\u00e9gion. Une sc\u00e8ne in\u00e9dite pour l\u2019IML : deux cadavres absolument identiques, de parfaits monozygotes !<\/p>\n<p>Alex d\u00e9couvre qu\u2019ils ont \u00e9t\u00e9 empoisonn\u00e9s le m\u00eame soir, \u00e0 une heure d\u2019intervalle. Mais qui aurait pu s\u2019en prendre \u00e0 ces hommes sans histoire, au point de les \u00e9liminer tous les deux ?<\/p>\n<div class=\"code-block code-block-1\">\n<br \/>Publicit\u00e9<br \/> <ins class=\"adsbygoogle\" data-ad-client=\"ca-pub-9220979145366786\" data-ad-slot=\"7594383141\" data-ad-format=\"auto\" data-full-width-responsive=\"true\"><\/ins> <\/div>\n<p>\u00c0 moins qu\u2019une erreur ne se soit gliss\u00e9e dans le plan du tueur, l\u2019obligeant \u00e0 corriger le tir\u2026<\/p>\n<h3>Le casting<\/h3>\n<p>Avec Julie Depardieu (Alexandra Ehle), Bernard Yerl\u00e8s (Antoine Doisneau), Xavier Guelfi (Th\u00e9o Durrel), Sara Martins (Diane), Sophie Le Tellier (Ludivine Moret), Quentin Baillot (Louis Pinc\u00e9)<\/p>\n<p>Avec la participation de Fran\u00e7ois Berl\u00e9and (Robin Desnoyeux), Perkins Lyautey (Daniel Gramont), Sol\u00e8ne H\u00e9bert (P\u00e9n\u00e9lope), Florence Coste (Lilia Gramont)\u2026<\/p>\n<p>La chronique se veut g\u00e9n\u00e9r\u00e9e de la fa\u00e7on la plus claire que possible. Dans le cas o\u00f9 vous souhaitez pr\u00e9senter des renseignements compl\u00e9mentaires \u00e0 cet article sur le sujet \u00ab\u00a0Fr\u00e8res jumeaux de l&rsquo;Essonnes\u00a0\u00bb il vous est possible d\u2019\u00e9crire aux contacts indiqu\u00e9s sur notre website. La raison d\u2019\u00eatre de jumeaux91.fr \u00e9tant de rassembler sur le web des posts sur le sujet de Fr\u00e8res jumeaux de l&rsquo;Essonnes puis les diffuser en r\u00e9pondant au mieux aux interrogations des gens. Vous pouvez tirer profit de cet article traitant le sujet \u00ab\u00a0Fr\u00e8res jumeaux de l&rsquo;Essonnes\u00a0\u00bb. Il est concoct\u00e9 par l\u2019\u00e9quipe jumeaux91.fr. Prochainement, nous rendrons accessibles au public d&rsquo;autres informations pertinentes sur le sujet \u00ab\u00a0Fr\u00e8res jumeaux de l&rsquo;Essonnes\u00a0\u00bb. Alors, consultez syst\u00e9matiquement notre blog.<\/p>\n","protected":false},"excerpt":{"rendered":"<p>Publicit\u00e9 Alexandra Ehle du 18 mars 2025 \u2013 Ce mardi soir sur France 3, c\u2019est un \u00e9pisode in\u00e9dit de la s\u00e9rie Alexandra Ehle qui vous attend. A d\u00e9couvrir d\u00e8s 21h05 sur France 3 ou en replay, streaming vid\u00e9o et avant premi\u00e8re sur France.TV. \u00a9 Julie G\u00e9ant \/ FTV Publicit\u00e9 \u00ab Alexandra Ehle du 18 mars&hellip; <a class=\"more-link\" href=\"https:\/\/jumeaux91.fr\/blog\/alexandra-ehle-du-18-mars-votre-episode-inedit-ce-soir-sur-france-3\/\">Poursuivre la lecture <span class=\"screen-reader-text\">Alexandra Ehle du 18 mars : votre \u00e9pisode in\u00e9dit ce soir sur France 3<\/span><\/a><\/p>\n","protected":false},"author":2,"featured_media":1091,"comment_status":"closed","ping_status":"closed","sticky":false,"template":"","format":"standard","meta":{"footnotes":""},"categories":[4],"tags":[],"class_list":["post-1090","post","type-post","status-publish","format-standard","has-post-thumbnail","hentry","category-posts-freres-jumeaux-de-lessonnes","entry"],"yoast_head":"<!-- This site is optimized with the Yoast SEO plugin v27.5 - https:\/\/yoast.com\/product\/yoast-seo-wordpress\/ -->\n<title>Alexandra Ehle du 18 mars : votre \u00e9pisode in\u00e9dit ce soir sur France 3 - JUMEAUX91<\/title>\n<meta name=\"robots\" content=\"index, follow, max-snippet:-1, max-image-preview:large, max-video-preview:-1\" \/>\n<link rel=\"canonical\" href=\"https:\/\/jumeaux91.fr\/blog\/alexandra-ehle-du-18-mars-votre-episode-inedit-ce-soir-sur-france-3\/\" \/>\n<meta property=\"og:locale\" content=\"fr_FR\" \/>\n<meta property=\"og:type\" content=\"article\" \/>\n<meta property=\"og:title\" content=\"Alexandra Ehle du 18 mars : votre \u00e9pisode in\u00e9dit ce soir sur France 3 - JUMEAUX91\" \/>\n<meta property=\"og:description\" content=\"Publicit\u00e9 Alexandra Ehle du 18 mars 2025 \u2013 Ce mardi soir sur France 3, c\u2019est un \u00e9pisode in\u00e9dit de la s\u00e9rie Alexandra Ehle qui vous attend. A d\u00e9couvrir d\u00e8s 21h05 sur France 3 ou en replay, streaming vid\u00e9o et avant premi\u00e8re sur France.TV. \u00a9 Julie G\u00e9ant \/ FTV Publicit\u00e9 \u00ab Alexandra Ehle du 18 mars&hellip; Poursuivre la lecture Alexandra Ehle du 18 mars : votre \u00e9pisode in\u00e9dit ce soir sur France 3\" \/>\n<meta property=\"og:url\" content=\"https:\/\/jumeaux91.fr\/blog\/alexandra-ehle-du-18-mars-votre-episode-inedit-ce-soir-sur-france-3\/\" \/>\n<meta property=\"og:site_name\" content=\"JUMEAUX91\" \/>\n<meta property=\"article:published_time\" content=\"2025-03-17T22:43:00+00:00\" \/>\n<meta name=\"author\" content=\"Claude DAYRES\" \/>\n<meta name=\"twitter:card\" content=\"summary_large_image\" \/>\n<meta name=\"twitter:label1\" content=\"\u00c9crit par\" \/>\n\t<meta name=\"twitter:data1\" content=\"Claude DAYRES\" \/>\n\t<meta name=\"twitter:label2\" content=\"Dur\u00e9e de lecture estim\u00e9e\" \/>\n\t<meta name=\"twitter:data2\" content=\"2 minutes\" \/>\n<script type=\"application\/ld+json\" class=\"yoast-schema-graph\">{\"@context\":\"https:\\\/\\\/schema.org\",\"@graph\":[{\"@type\":\"Article\",\"@id\":\"https:\\\/\\\/jumeaux91.fr\\\/blog\\\/alexandra-ehle-du-18-mars-votre-episode-inedit-ce-soir-sur-france-3\\\/#article\",\"isPartOf\":{\"@id\":\"https:\\\/\\\/jumeaux91.fr\\\/blog\\\/alexandra-ehle-du-18-mars-votre-episode-inedit-ce-soir-sur-france-3\\\/\"},\"author\":{\"name\":\"Claude DAYRES\",\"@id\":\"https:\\\/\\\/jumeaux91.fr\\\/blog\\\/#\\\/schema\\\/person\\\/21da06e9f119b9f64e5d45dbbd32d3fb\"},\"headline\":\"Alexandra Ehle du 18 mars : votre \u00e9pisode in\u00e9dit ce soir sur France 3\",\"datePublished\":\"2025-03-17T22:43:00+00:00\",\"mainEntityOfPage\":{\"@id\":\"https:\\\/\\\/jumeaux91.fr\\\/blog\\\/alexandra-ehle-du-18-mars-votre-episode-inedit-ce-soir-sur-france-3\\\/\"},\"wordCount\":364,\"publisher\":{\"@id\":\"https:\\\/\\\/jumeaux91.fr\\\/blog\\\/#organization\"},\"image\":{\"@id\":\"https:\\\/\\\/jumeaux91.fr\\\/blog\\\/alexandra-ehle-du-18-mars-votre-episode-inedit-ce-soir-sur-france-3\\\/#primaryimage\"},\"thumbnailUrl\":\"https:\\\/\\\/jumeaux91.fr\\\/blog\\\/wp-content\\\/uploads\\\/2025\\\/03\\\/alexandra-ehle-du-18-mars-votre-episode-inedit-ce-soir-sur-france-3.jpg\",\"articleSection\":[\"Posts Fr\u00e8res Jumeaux De L'Essonnes:\"],\"inLanguage\":\"fr-FR\"},{\"@type\":\"WebPage\",\"@id\":\"https:\\\/\\\/jumeaux91.fr\\\/blog\\\/alexandra-ehle-du-18-mars-votre-episode-inedit-ce-soir-sur-france-3\\\/\",\"url\":\"https:\\\/\\\/jumeaux91.fr\\\/blog\\\/alexandra-ehle-du-18-mars-votre-episode-inedit-ce-soir-sur-france-3\\\/\",\"name\":\"Alexandra Ehle du 18 mars : votre \u00e9pisode in\u00e9dit ce soir sur France 3 - JUMEAUX91\",\"isPartOf\":{\"@id\":\"https:\\\/\\\/jumeaux91.fr\\\/blog\\\/#website\"},\"primaryImageOfPage\":{\"@id\":\"https:\\\/\\\/jumeaux91.fr\\\/blog\\\/alexandra-ehle-du-18-mars-votre-episode-inedit-ce-soir-sur-france-3\\\/#primaryimage\"},\"image\":{\"@id\":\"https:\\\/\\\/jumeaux91.fr\\\/blog\\\/alexandra-ehle-du-18-mars-votre-episode-inedit-ce-soir-sur-france-3\\\/#primaryimage\"},\"thumbnailUrl\":\"https:\\\/\\\/jumeaux91.fr\\\/blog\\\/wp-content\\\/uploads\\\/2025\\\/03\\\/alexandra-ehle-du-18-mars-votre-episode-inedit-ce-soir-sur-france-3.jpg\",\"datePublished\":\"2025-03-17T22:43:00+00:00\",\"breadcrumb\":{\"@id\":\"https:\\\/\\\/jumeaux91.fr\\\/blog\\\/alexandra-ehle-du-18-mars-votre-episode-inedit-ce-soir-sur-france-3\\\/#breadcrumb\"},\"inLanguage\":\"fr-FR\",\"potentialAction\":[{\"@type\":\"ReadAction\",\"target\":[\"https:\\\/\\\/jumeaux91.fr\\\/blog\\\/alexandra-ehle-du-18-mars-votre-episode-inedit-ce-soir-sur-france-3\\\/\"]}]},{\"@type\":\"ImageObject\",\"inLanguage\":\"fr-FR\",\"@id\":\"https:\\\/\\\/jumeaux91.fr\\\/blog\\\/alexandra-ehle-du-18-mars-votre-episode-inedit-ce-soir-sur-france-3\\\/#primaryimage\",\"url\":\"https:\\\/\\\/jumeaux91.fr\\\/blog\\\/wp-content\\\/uploads\\\/2025\\\/03\\\/alexandra-ehle-du-18-mars-votre-episode-inedit-ce-soir-sur-france-3.jpg\",\"contentUrl\":\"https:\\\/\\\/jumeaux91.fr\\\/blog\\\/wp-content\\\/uploads\\\/2025\\\/03\\\/alexandra-ehle-du-18-mars-votre-episode-inedit-ce-soir-sur-france-3.jpg\",\"width\":1200,\"height\":675,\"caption\":\"Alexandra Ehle du 18 mars : votre \u00e9pisode in\u00e9dit ce soir sur France 3\"},{\"@type\":\"BreadcrumbList\",\"@id\":\"https:\\\/\\\/jumeaux91.fr\\\/blog\\\/alexandra-ehle-du-18-mars-votre-episode-inedit-ce-soir-sur-france-3\\\/#breadcrumb\",\"itemListElement\":[{\"@type\":\"ListItem\",\"position\":1,\"name\":\"Accueil\",\"item\":\"https:\\\/\\\/jumeaux91.fr\\\/blog\\\/\"},{\"@type\":\"ListItem\",\"position\":2,\"name\":\"Alexandra Ehle du 18 mars : votre \u00e9pisode in\u00e9dit ce soir sur France 3\"}]},{\"@type\":\"WebSite\",\"@id\":\"https:\\\/\\\/jumeaux91.fr\\\/blog\\\/#website\",\"url\":\"https:\\\/\\\/jumeaux91.fr\\\/blog\\\/\",\"name\":\"JUMEAUX91\",\"description\":\"Fr\u00e8res jumeaux de l&#039;Essonnes; informations et archives, \u00e0 savoir et retenir.\",\"publisher\":{\"@id\":\"https:\\\/\\\/jumeaux91.fr\\\/blog\\\/#organization\"},\"potentialAction\":[{\"@type\":\"SearchAction\",\"target\":{\"@type\":\"EntryPoint\",\"urlTemplate\":\"https:\\\/\\\/jumeaux91.fr\\\/blog\\\/?s={search_term_string}\"},\"query-input\":{\"@type\":\"PropertyValueSpecification\",\"valueRequired\":true,\"valueName\":\"search_term_string\"}}],\"inLanguage\":\"fr-FR\"},{\"@type\":\"Organization\",\"@id\":\"https:\\\/\\\/jumeaux91.fr\\\/blog\\\/#organization\",\"name\":\"jumeaux91\",\"url\":\"https:\\\/\\\/jumeaux91.fr\\\/blog\\\/\",\"logo\":{\"@type\":\"ImageObject\",\"inLanguage\":\"fr-FR\",\"@id\":\"https:\\\/\\\/jumeaux91.fr\\\/blog\\\/#\\\/schema\\\/logo\\\/image\\\/\",\"url\":\"https:\\\/\\\/jumeaux91.fr\\\/blog\\\/wp-content\\\/uploads\\\/2023\\\/05\\\/cropped-cropped-logoJ_91.png\",\"contentUrl\":\"https:\\\/\\\/jumeaux91.fr\\\/blog\\\/wp-content\\\/uploads\\\/2023\\\/05\\\/cropped-cropped-logoJ_91.png\",\"width\":512,\"height\":512,\"caption\":\"jumeaux91\"},\"image\":{\"@id\":\"https:\\\/\\\/jumeaux91.fr\\\/blog\\\/#\\\/schema\\\/logo\\\/image\\\/\"}},{\"@type\":\"Person\",\"@id\":\"https:\\\/\\\/jumeaux91.fr\\\/blog\\\/#\\\/schema\\\/person\\\/21da06e9f119b9f64e5d45dbbd32d3fb\",\"name\":\"Claude DAYRES\",\"image\":{\"@type\":\"ImageObject\",\"inLanguage\":\"fr-FR\",\"@id\":\"https:\\\/\\\/secure.gravatar.com\\\/avatar\\\/82eb951df6110a2c48d1bfa7a67d1ee6f0cd5df3cbf9c3586dd61e82db7172a5?s=96&d=mm&r=g\",\"url\":\"https:\\\/\\\/secure.gravatar.com\\\/avatar\\\/82eb951df6110a2c48d1bfa7a67d1ee6f0cd5df3cbf9c3586dd61e82db7172a5?s=96&d=mm&r=g\",\"contentUrl\":\"https:\\\/\\\/secure.gravatar.com\\\/avatar\\\/82eb951df6110a2c48d1bfa7a67d1ee6f0cd5df3cbf9c3586dd61e82db7172a5?s=96&d=mm&r=g\",\"caption\":\"Claude DAYRES\"},\"url\":\"https:\\\/\\\/jumeaux91.fr\\\/blog\\\/author\\\/x91claude\\\/\"}]}<\/script>\n<!-- \/ Yoast SEO plugin. -->","yoast_head_json":{"title":"Alexandra Ehle du 18 mars : votre \u00e9pisode in\u00e9dit ce soir sur France 3 - JUMEAUX91","robots":{"index":"index","follow":"follow","max-snippet":"max-snippet:-1","max-image-preview":"max-image-preview:large","max-video-preview":"max-video-preview:-1"},"canonical":"https:\/\/jumeaux91.fr\/blog\/alexandra-ehle-du-18-mars-votre-episode-inedit-ce-soir-sur-france-3\/","og_locale":"fr_FR","og_type":"article","og_title":"Alexandra Ehle du 18 mars : votre \u00e9pisode in\u00e9dit ce soir sur France 3 - JUMEAUX91","og_description":"Publicit\u00e9 Alexandra Ehle du 18 mars 2025 \u2013 Ce mardi soir sur France 3, c\u2019est un \u00e9pisode in\u00e9dit de la s\u00e9rie Alexandra Ehle qui vous attend. A d\u00e9couvrir d\u00e8s 21h05 sur France 3 ou en replay, streaming vid\u00e9o et avant premi\u00e8re sur France.TV. \u00a9 Julie G\u00e9ant \/ FTV Publicit\u00e9 \u00ab Alexandra Ehle du 18 mars&hellip; Poursuivre la lecture Alexandra Ehle du 18 mars : votre \u00e9pisode in\u00e9dit ce soir sur France 3","og_url":"https:\/\/jumeaux91.fr\/blog\/alexandra-ehle-du-18-mars-votre-episode-inedit-ce-soir-sur-france-3\/","og_site_name":"JUMEAUX91","article_published_time":"2025-03-17T22:43:00+00:00","author":"Claude DAYRES","twitter_card":"summary_large_image","twitter_misc":{"\u00c9crit par":"Claude DAYRES","Dur\u00e9e de lecture estim\u00e9e":"2 minutes"},"schema":{"@context":"https:\/\/schema.org","@graph":[{"@type":"Article","@id":"https:\/\/jumeaux91.fr\/blog\/alexandra-ehle-du-18-mars-votre-episode-inedit-ce-soir-sur-france-3\/#article","isPartOf":{"@id":"https:\/\/jumeaux91.fr\/blog\/alexandra-ehle-du-18-mars-votre-episode-inedit-ce-soir-sur-france-3\/"},"author":{"name":"Claude DAYRES","@id":"https:\/\/jumeaux91.fr\/blog\/#\/schema\/person\/21da06e9f119b9f64e5d45dbbd32d3fb"},"headline":"Alexandra Ehle du 18 mars : votre \u00e9pisode in\u00e9dit ce soir sur France 3","datePublished":"2025-03-17T22:43:00+00:00","mainEntityOfPage":{"@id":"https:\/\/jumeaux91.fr\/blog\/alexandra-ehle-du-18-mars-votre-episode-inedit-ce-soir-sur-france-3\/"},"wordCount":364,"publisher":{"@id":"https:\/\/jumeaux91.fr\/blog\/#organization"},"image":{"@id":"https:\/\/jumeaux91.fr\/blog\/alexandra-ehle-du-18-mars-votre-episode-inedit-ce-soir-sur-france-3\/#primaryimage"},"thumbnailUrl":"https:\/\/jumeaux91.fr\/blog\/wp-content\/uploads\/2025\/03\/alexandra-ehle-du-18-mars-votre-episode-inedit-ce-soir-sur-france-3.jpg","articleSection":["Posts Fr\u00e8res Jumeaux De L'Essonnes:"],"inLanguage":"fr-FR"},{"@type":"WebPage","@id":"https:\/\/jumeaux91.fr\/blog\/alexandra-ehle-du-18-mars-votre-episode-inedit-ce-soir-sur-france-3\/","url":"https:\/\/jumeaux91.fr\/blog\/alexandra-ehle-du-18-mars-votre-episode-inedit-ce-soir-sur-france-3\/","name":"Alexandra Ehle du 18 mars : votre \u00e9pisode in\u00e9dit ce soir sur France 3 - JUMEAUX91","isPartOf":{"@id":"https:\/\/jumeaux91.fr\/blog\/#website"},"primaryImageOfPage":{"@id":"https:\/\/jumeaux91.fr\/blog\/alexandra-ehle-du-18-mars-votre-episode-inedit-ce-soir-sur-france-3\/#primaryimage"},"image":{"@id":"https:\/\/jumeaux91.fr\/blog\/alexandra-ehle-du-18-mars-votre-episode-inedit-ce-soir-sur-france-3\/#primaryimage"},"thumbnailUrl":"https:\/\/jumeaux91.fr\/blog\/wp-content\/uploads\/2025\/03\/alexandra-ehle-du-18-mars-votre-episode-inedit-ce-soir-sur-france-3.jpg","datePublished":"2025-03-17T22:43:00+00:00","breadcrumb":{"@id":"https:\/\/jumeaux91.fr\/blog\/alexandra-ehle-du-18-mars-votre-episode-inedit-ce-soir-sur-france-3\/#breadcrumb"},"inLanguage":"fr-FR","potentialAction":[{"@type":"ReadAction","target":["https:\/\/jumeaux91.fr\/blog\/alexandra-ehle-du-18-mars-votre-episode-inedit-ce-soir-sur-france-3\/"]}]},{"@type":"ImageObject","inLanguage":"fr-FR","@id":"https:\/\/jumeaux91.fr\/blog\/alexandra-ehle-du-18-mars-votre-episode-inedit-ce-soir-sur-france-3\/#primaryimage","url":"https:\/\/jumeaux91.fr\/blog\/wp-content\/uploads\/2025\/03\/alexandra-ehle-du-18-mars-votre-episode-inedit-ce-soir-sur-france-3.jpg","contentUrl":"https:\/\/jumeaux91.fr\/blog\/wp-content\/uploads\/2025\/03\/alexandra-ehle-du-18-mars-votre-episode-inedit-ce-soir-sur-france-3.jpg","width":1200,"height":675,"caption":"Alexandra Ehle du 18 mars : votre \u00e9pisode in\u00e9dit ce soir sur France 3"},{"@type":"BreadcrumbList","@id":"https:\/\/jumeaux91.fr\/blog\/alexandra-ehle-du-18-mars-votre-episode-inedit-ce-soir-sur-france-3\/#breadcrumb","itemListElement":[{"@type":"ListItem","position":1,"name":"Accueil","item":"https:\/\/jumeaux91.fr\/blog\/"},{"@type":"ListItem","position":2,"name":"Alexandra Ehle du 18 mars : votre \u00e9pisode in\u00e9dit ce soir sur France 3"}]},{"@type":"WebSite","@id":"https:\/\/jumeaux91.fr\/blog\/#website","url":"https:\/\/jumeaux91.fr\/blog\/","name":"JUMEAUX91","description":"Fr\u00e8res jumeaux de l&#039;Essonnes; informations et archives, \u00e0 savoir et retenir.","publisher":{"@id":"https:\/\/jumeaux91.fr\/blog\/#organization"},"potentialAction":[{"@type":"SearchAction","target":{"@type":"EntryPoint","urlTemplate":"https:\/\/jumeaux91.fr\/blog\/?s={search_term_string}"},"query-input":{"@type":"PropertyValueSpecification","valueRequired":true,"valueName":"search_term_string"}}],"inLanguage":"fr-FR"},{"@type":"Organization","@id":"https:\/\/jumeaux91.fr\/blog\/#organization","name":"jumeaux91","url":"https:\/\/jumeaux91.fr\/blog\/","logo":{"@type":"ImageObject","inLanguage":"fr-FR","@id":"https:\/\/jumeaux91.fr\/blog\/#\/schema\/logo\/image\/","url":"https:\/\/jumeaux91.fr\/blog\/wp-content\/uploads\/2023\/05\/cropped-cropped-logoJ_91.png","contentUrl":"https:\/\/jumeaux91.fr\/blog\/wp-content\/uploads\/2023\/05\/cropped-cropped-logoJ_91.png","width":512,"height":512,"caption":"jumeaux91"},"image":{"@id":"https:\/\/jumeaux91.fr\/blog\/#\/schema\/logo\/image\/"}},{"@type":"Person","@id":"https:\/\/jumeaux91.fr\/blog\/#\/schema\/person\/21da06e9f119b9f64e5d45dbbd32d3fb","name":"Claude DAYRES","image":{"@type":"ImageObject","inLanguage":"fr-FR","@id":"https:\/\/secure.gravatar.com\/avatar\/82eb951df6110a2c48d1bfa7a67d1ee6f0cd5df3cbf9c3586dd61e82db7172a5?s=96&d=mm&r=g","url":"https:\/\/secure.gravatar.com\/avatar\/82eb951df6110a2c48d1bfa7a67d1ee6f0cd5df3cbf9c3586dd61e82db7172a5?s=96&d=mm&r=g","contentUrl":"https:\/\/secure.gravatar.com\/avatar\/82eb951df6110a2c48d1bfa7a67d1ee6f0cd5df3cbf9c3586dd61e82db7172a5?s=96&d=mm&r=g","caption":"Claude DAYRES"},"url":"https:\/\/jumeaux91.fr\/blog\/author\/x91claude\/"}]}},"_links":{"self":[{"href":"https:\/\/jumeaux91.fr\/blog\/wp-json\/wp\/v2\/posts\/1090","targetHints":{"allow":["GET"]}}],"collection":[{"href":"https:\/\/jumeaux91.fr\/blog\/wp-json\/wp\/v2\/posts"}],"about":[{"href":"https:\/\/jumeaux91.fr\/blog\/wp-json\/wp\/v2\/types\/post"}],"author":[{"embeddable":true,"href":"https:\/\/jumeaux91.fr\/blog\/wp-json\/wp\/v2\/users\/2"}],"replies":[{"embeddable":true,"href":"https:\/\/jumeaux91.fr\/blog\/wp-json\/wp\/v2\/comments?post=1090"}],"version-history":[{"count":0,"href":"https:\/\/jumeaux91.fr\/blog\/wp-json\/wp\/v2\/posts\/1090\/revisions"}],"wp:featuredmedia":[{"embeddable":true,"href":"https:\/\/jumeaux91.fr\/blog\/wp-json\/wp\/v2\/media\/1091"}],"wp:attachment":[{"href":"https:\/\/jumeaux91.fr\/blog\/wp-json\/wp\/v2\/media?parent=1090"}],"wp:term":[{"taxonomy":"category","embeddable":true,"href":"https:\/\/jumeaux91.fr\/blog\/wp-json\/wp\/v2\/categories?post=1090"},{"taxonomy":"post_tag","embeddable":true,"href":"https:\/\/jumeaux91.fr\/blog\/wp-json\/wp\/v2\/tags?post=1090"}],"curies":[{"name":"wp","href":"https:\/\/api.w.org\/{rel}","templated":true}]}}