{"id":1093,"date":"2025-03-21T09:22:00","date_gmt":"2025-03-21T08:22:00","guid":{"rendered":"https:\/\/jumeaux91.fr\/blog\/le-bruit-des-cloches-a-lorigine-de-lagression-dun-cure-par-des-jumeaux-de-31-ans-a-auxerre\/"},"modified":"2025-03-21T09:22:00","modified_gmt":"2025-03-21T08:22:00","slug":"le-bruit-des-cloches-a-lorigine-de-lagression-dun-cure-par-des-jumeaux-de-31-ans-a-auxerre","status":"publish","type":"post","link":"https:\/\/jumeaux91.fr\/blog\/le-bruit-des-cloches-a-lorigine-de-lagression-dun-cure-par-des-jumeaux-de-31-ans-a-auxerre\/","title":{"rendered":"Le bruit des cloches \u00e0 l&rsquo;origine de l&rsquo;agression d&rsquo;un cur\u00e9 par des jumeaux de 31 ans \u00e0 Auxerre"},"content":{"rendered":"<div><img decoding=\"async\" src=\"https:\/\/jumeaux91.fr\/blog\/wp-content\/uploads\/2025\/03\/le-bruit-des-cloches-a-lorigine-de-lagression-dun-cure-par-des-jumeaux-de-31-ans-a-auxerre.jpg\" class=\"ff-og-image-inserted\"><\/div>\n<p class=\"typo-p1\">Un instant, on s&rsquo;est demand\u00e9 si le cur\u00e9 n&rsquo;\u00e9tait finalement pas l&rsquo;agresseur. Comme si cet homme d&rsquo;\u00c9glise&nbsp;d&rsquo;un certain \u00e2ge&nbsp;avait r\u00e9ussi \u00e0 ma\u00eetriser deux fr\u00e8res de 31 ans capables, d&rsquo;apr\u00e8s leurs dires, \u00ab de soulever 120 kg&nbsp;au d\u00e9velopp\u00e9-couch\u00e9 \u00bb. Ce sont bien les jumeaux que le tribunal correctionnel d&rsquo;Auxerre a jug\u00e9s&nbsp;responsables, ce vendredi 21 mars 2025, de l&rsquo;agression d&rsquo;un pr\u00eatre en pleine rue \u00e0 Auxerre. Les pr\u00e9venus, qui \u00ab avaient manifestement un probl\u00e8me avec la proximit\u00e9 de l&rsquo;\u00e9glise \u00bb selon le parquet d&rsquo;Auxerre, ont \u00e9t\u00e9 condamn\u00e9s \u00e0 dix mois de prison&nbsp;avec un sursis probatoire.<\/p>\n<p class=\"typo-p1\">Le samedi 22 f\u00e9vrier 2025, apr\u00e8s une nuit de sommeil stopp\u00e9e par le bruit des cloches, l&rsquo;un des fr\u00e8res invective par la fen\u00eatre d&rsquo;un appartement le cur\u00e9, affair\u00e9 \u00e0 l&rsquo;ouverture des grilles : \u00ab C&rsquo;est toi qui ouvres les grilles \u00e0 cette heure ?&nbsp;Tu nous fais chier avec ta religion, religion de merde \u00bb, cite le pr\u00e9sident du tribunal. \u00ab Non, non, je n&rsquo;ai pas dit \u00e7a, indique le suspect&nbsp;\u00e0 la barre. Je lui ai dit : \u00ab\u00a0C&rsquo;est nouveau, vous faites sonner les cloches avant d\u2019ouvrir les portes&#8230;\u00a0\u00bb \u00bb<\/p>\n<h3 class=\"typo-h3\">\u00ab Je veux me d\u00e9fouler sur toi \u00bb<\/h3>\n<p class=\"typo-p1\">La sc\u00e8ne aurait pu s&rsquo;arr\u00eater&nbsp;l\u00e0&nbsp;si le suspect, en qu\u00eate de d\u00e9bats th\u00e9ologiques, pr\u00e9texte-t-il, n&rsquo;\u00e9tait pas descendu \u00e0 la rencontre du cur\u00e9. \u00ab Je ne veux pas parler, je veux me d\u00e9fouler sur toi \u00bb, aurait dit l&rsquo;un des deux fr\u00e8res. L&rsquo;homme d&rsquo;\u00c9glise avance vers eux, \u00ab pour montrer que je n&rsquo;avais pas peur. Moi, ce que je voulais, c&rsquo;est que \u00e7a s&rsquo;arr\u00eate \u00bb. Mais la victime, qui explique aujourd&rsquo;hui \u00ab ne pas avoir d&rsquo;animosit\u00e9 contre les jumeaux \u00bb, est ceintur\u00e9e et mise au sol. \u00ab Ce qu&rsquo;ils ont fait, c&rsquo;est ce qu&rsquo;on voit sur les vid\u00e9os Youtube de MMA \u00bb, assure le cur\u00e9. En face, les jumeaux \u00ab jouent sur les mots, se raccrochent \u00e0 des acrobaties de langage, livrent un r\u00e9cit fabul\u00e9, rel\u00e8ve le minist\u00e8re public. D&rsquo;un c\u00f4t\u00e9, il y a Hulk&nbsp;et de l&rsquo;autre, un cur\u00e9 qui se serait transform\u00e9 en ninja, capable d&rsquo;attraper l&rsquo;un et l&rsquo;autre. \u00bb<\/p>\n<h3 class=\"typo-h3\">Les jumeaux prennent la fuite<\/h3>\n<p class=\"typo-p1\">Apr\u00e8s l&rsquo;agression, les jumeaux disparaissent des radars, avant d&rsquo;\u00eatre retrouv\u00e9s&nbsp;un mois plus tard&nbsp;\u00e0 \u00c9vreux (Normandie), chez leur m\u00e8re, une catholique pratiquante. Les deux fr\u00e8res \u00ab ne sont pas des personnes lambdas \u00bb, d\u00e9taille leur avocate. Un p\u00e8re absent, une m\u00e8re malade, un placement \u00e0 l&rsquo;aide sociale \u00e0 l&rsquo;enfance \u00e0 leurs 6 ans. C&rsquo;est une histoire familiale chaotique que d\u00e9peint le tribunal. Les jeunes trentenaires \u00ab respectent toutes les religions m\u00eame si, avec la vie qu&rsquo;on a eue, c&rsquo;est difficile d&rsquo;\u00eatre croyants \u00bb.<\/p>\n<p class=\"typo-p1\">Des hommes que l&rsquo;homme d&rsquo;\u00c9glise ne \u00ab souhaite pas accabler \u00bb davantage. \u00ab En r\u00e9alit\u00e9, le cur\u00e9 est aussi aum\u00f4nier au Secours catholique et \u00e0 la maison d&rsquo;arr\u00eat d&rsquo;Auxerre, glisse la repr\u00e9sentante du minist\u00e8re public. C&rsquo;est-\u00e0-dire que cette personne consacre du temps \u00e0 des personnes en errance, en situation pr\u00e9caire. Des personnes un peu comme les pr\u00e9venus. \u00bb<\/p>\n<p>La chronique se veut g\u00e9n\u00e9r\u00e9e de la fa\u00e7on la plus claire que possible. Dans le cas o\u00f9 vous souhaitez pr\u00e9senter des renseignements compl\u00e9mentaires \u00e0 cet article sur le sujet \u00ab\u00a0Fr\u00e8res jumeaux de l&rsquo;Essonnes\u00a0\u00bb il vous est possible d\u2019\u00e9crire aux contacts indiqu\u00e9s sur notre website. La raison d\u2019\u00eatre de jumeaux91.fr \u00e9tant de rassembler sur le web des posts sur le sujet de Fr\u00e8res jumeaux de l&rsquo;Essonnes puis les diffuser en r\u00e9pondant au mieux aux interrogations des gens. Vous pouvez tirer profit de cet article traitant le sujet \u00ab\u00a0Fr\u00e8res jumeaux de l&rsquo;Essonnes\u00a0\u00bb. Il est concoct\u00e9 par l\u2019\u00e9quipe jumeaux91.fr. Prochainement, nous rendrons accessibles au public d&rsquo;autres informations pertinentes sur le sujet \u00ab\u00a0Fr\u00e8res jumeaux de l&rsquo;Essonnes\u00a0\u00bb. Alors, consultez syst\u00e9matiquement notre blog.<\/p>\n","protected":false},"excerpt":{"rendered":"<p>Un instant, on s&rsquo;est demand\u00e9 si le cur\u00e9 n&rsquo;\u00e9tait finalement pas l&rsquo;agresseur. Comme si cet homme d&rsquo;\u00c9glise&nbsp;d&rsquo;un certain \u00e2ge&nbsp;avait r\u00e9ussi \u00e0 ma\u00eetriser deux fr\u00e8res de 31 ans capables, d&rsquo;apr\u00e8s leurs dires, \u00ab de soulever 120 kg&nbsp;au d\u00e9velopp\u00e9-couch\u00e9 \u00bb. Ce sont bien les jumeaux que le tribunal correctionnel d&rsquo;Auxerre a jug\u00e9s&nbsp;responsables, ce vendredi 21 mars 2025,&hellip; <a class=\"more-link\" href=\"https:\/\/jumeaux91.fr\/blog\/le-bruit-des-cloches-a-lorigine-de-lagression-dun-cure-par-des-jumeaux-de-31-ans-a-auxerre\/\">Poursuivre la lecture <span class=\"screen-reader-text\">Le bruit des cloches \u00e0 l&rsquo;origine de l&rsquo;agression d&rsquo;un cur\u00e9 par des jumeaux de 31 ans \u00e0 Auxerre<\/span><\/a><\/p>\n","protected":false},"author":2,"featured_media":1094,"comment_status":"closed","ping_status":"closed","sticky":false,"template":"","format":"standard","meta":{"footnotes":""},"categories":[4],"tags":[],"class_list":["post-1093","post","type-post","status-publish","format-standard","has-post-thumbnail","hentry","category-posts-freres-jumeaux-de-lessonnes","entry"],"yoast_head":"<!-- This site is optimized with the Yoast SEO plugin v27.5 - https:\/\/yoast.com\/product\/yoast-seo-wordpress\/ -->\n<title>Le bruit des cloches \u00e0 l&#039;origine de l&#039;agression d&#039;un cur\u00e9 par des jumeaux de 31 ans \u00e0 Auxerre - JUMEAUX91<\/title>\n<meta name=\"robots\" content=\"index, follow, max-snippet:-1, max-image-preview:large, max-video-preview:-1\" \/>\n<link rel=\"canonical\" href=\"https:\/\/jumeaux91.fr\/blog\/le-bruit-des-cloches-a-lorigine-de-lagression-dun-cure-par-des-jumeaux-de-31-ans-a-auxerre\/\" \/>\n<meta property=\"og:locale\" content=\"fr_FR\" \/>\n<meta property=\"og:type\" content=\"article\" \/>\n<meta property=\"og:title\" content=\"Le bruit des cloches \u00e0 l&#039;origine de l&#039;agression d&#039;un cur\u00e9 par des jumeaux de 31 ans \u00e0 Auxerre - JUMEAUX91\" \/>\n<meta property=\"og:description\" content=\"Un instant, on s&rsquo;est demand\u00e9 si le cur\u00e9 n&rsquo;\u00e9tait finalement pas l&rsquo;agresseur. Comme si cet homme d&rsquo;\u00c9glise&nbsp;d&rsquo;un certain \u00e2ge&nbsp;avait r\u00e9ussi \u00e0 ma\u00eetriser deux fr\u00e8res de 31 ans capables, d&rsquo;apr\u00e8s leurs dires, \u00ab de soulever 120 kg&nbsp;au d\u00e9velopp\u00e9-couch\u00e9 \u00bb. Ce sont bien les jumeaux que le tribunal correctionnel d&rsquo;Auxerre a jug\u00e9s&nbsp;responsables, ce vendredi 21 mars 2025,&hellip; Poursuivre la lecture Le bruit des cloches \u00e0 l&rsquo;origine de l&rsquo;agression d&rsquo;un cur\u00e9 par des jumeaux de 31 ans \u00e0 Auxerre\" \/>\n<meta property=\"og:url\" content=\"https:\/\/jumeaux91.fr\/blog\/le-bruit-des-cloches-a-lorigine-de-lagression-dun-cure-par-des-jumeaux-de-31-ans-a-auxerre\/\" \/>\n<meta property=\"og:site_name\" content=\"JUMEAUX91\" \/>\n<meta property=\"article:published_time\" content=\"2025-03-21T08:22:00+00:00\" \/>\n<meta property=\"og:image\" content=\"https:\/\/jumeaux91.fr\/blog\/wp-content\/uploads\/2025\/03\/le-bruit-des-cloches-a-lorigine-de-lagression-dun-cure-par-des-jumeaux-de-31-ans-a-auxerre.jpg\" \/>\n<meta name=\"author\" content=\"Claude DAYRES\" \/>\n<meta name=\"twitter:card\" content=\"summary_large_image\" \/>\n<meta name=\"twitter:label1\" content=\"\u00c9crit par\" \/>\n\t<meta name=\"twitter:data1\" content=\"Claude DAYRES\" \/>\n\t<meta name=\"twitter:label2\" content=\"Dur\u00e9e de lecture estim\u00e9e\" \/>\n\t<meta name=\"twitter:data2\" content=\"3 minutes\" \/>\n<script type=\"application\/ld+json\" class=\"yoast-schema-graph\">{\"@context\":\"https:\\\/\\\/schema.org\",\"@graph\":[{\"@type\":\"Article\",\"@id\":\"https:\\\/\\\/jumeaux91.fr\\\/blog\\\/le-bruit-des-cloches-a-lorigine-de-lagression-dun-cure-par-des-jumeaux-de-31-ans-a-auxerre\\\/#article\",\"isPartOf\":{\"@id\":\"https:\\\/\\\/jumeaux91.fr\\\/blog\\\/le-bruit-des-cloches-a-lorigine-de-lagression-dun-cure-par-des-jumeaux-de-31-ans-a-auxerre\\\/\"},\"author\":{\"name\":\"Claude DAYRES\",\"@id\":\"https:\\\/\\\/jumeaux91.fr\\\/blog\\\/#\\\/schema\\\/person\\\/21da06e9f119b9f64e5d45dbbd32d3fb\"},\"headline\":\"Le bruit des cloches \u00e0 l&rsquo;origine de l&rsquo;agression d&rsquo;un cur\u00e9 par des jumeaux de 31 ans \u00e0 Auxerre\",\"datePublished\":\"2025-03-21T08:22:00+00:00\",\"mainEntityOfPage\":{\"@id\":\"https:\\\/\\\/jumeaux91.fr\\\/blog\\\/le-bruit-des-cloches-a-lorigine-de-lagression-dun-cure-par-des-jumeaux-de-31-ans-a-auxerre\\\/\"},\"wordCount\":712,\"publisher\":{\"@id\":\"https:\\\/\\\/jumeaux91.fr\\\/blog\\\/#organization\"},\"image\":{\"@id\":\"https:\\\/\\\/jumeaux91.fr\\\/blog\\\/le-bruit-des-cloches-a-lorigine-de-lagression-dun-cure-par-des-jumeaux-de-31-ans-a-auxerre\\\/#primaryimage\"},\"thumbnailUrl\":\"https:\\\/\\\/jumeaux91.fr\\\/blog\\\/wp-content\\\/uploads\\\/2025\\\/03\\\/le-bruit-des-cloches-a-lorigine-de-lagression-dun-cure-par-des-jumeaux-de-31-ans-a-auxerre.jpg\",\"articleSection\":[\"Posts Fr\u00e8res Jumeaux De L'Essonnes:\"],\"inLanguage\":\"fr-FR\"},{\"@type\":\"WebPage\",\"@id\":\"https:\\\/\\\/jumeaux91.fr\\\/blog\\\/le-bruit-des-cloches-a-lorigine-de-lagression-dun-cure-par-des-jumeaux-de-31-ans-a-auxerre\\\/\",\"url\":\"https:\\\/\\\/jumeaux91.fr\\\/blog\\\/le-bruit-des-cloches-a-lorigine-de-lagression-dun-cure-par-des-jumeaux-de-31-ans-a-auxerre\\\/\",\"name\":\"Le bruit des cloches \u00e0 l'origine de l'agression d'un cur\u00e9 par des jumeaux de 31 ans \u00e0 Auxerre - JUMEAUX91\",\"isPartOf\":{\"@id\":\"https:\\\/\\\/jumeaux91.fr\\\/blog\\\/#website\"},\"primaryImageOfPage\":{\"@id\":\"https:\\\/\\\/jumeaux91.fr\\\/blog\\\/le-bruit-des-cloches-a-lorigine-de-lagression-dun-cure-par-des-jumeaux-de-31-ans-a-auxerre\\\/#primaryimage\"},\"image\":{\"@id\":\"https:\\\/\\\/jumeaux91.fr\\\/blog\\\/le-bruit-des-cloches-a-lorigine-de-lagression-dun-cure-par-des-jumeaux-de-31-ans-a-auxerre\\\/#primaryimage\"},\"thumbnailUrl\":\"https:\\\/\\\/jumeaux91.fr\\\/blog\\\/wp-content\\\/uploads\\\/2025\\\/03\\\/le-bruit-des-cloches-a-lorigine-de-lagression-dun-cure-par-des-jumeaux-de-31-ans-a-auxerre.jpg\",\"datePublished\":\"2025-03-21T08:22:00+00:00\",\"breadcrumb\":{\"@id\":\"https:\\\/\\\/jumeaux91.fr\\\/blog\\\/le-bruit-des-cloches-a-lorigine-de-lagression-dun-cure-par-des-jumeaux-de-31-ans-a-auxerre\\\/#breadcrumb\"},\"inLanguage\":\"fr-FR\",\"potentialAction\":[{\"@type\":\"ReadAction\",\"target\":[\"https:\\\/\\\/jumeaux91.fr\\\/blog\\\/le-bruit-des-cloches-a-lorigine-de-lagression-dun-cure-par-des-jumeaux-de-31-ans-a-auxerre\\\/\"]}]},{\"@type\":\"ImageObject\",\"inLanguage\":\"fr-FR\",\"@id\":\"https:\\\/\\\/jumeaux91.fr\\\/blog\\\/le-bruit-des-cloches-a-lorigine-de-lagression-dun-cure-par-des-jumeaux-de-31-ans-a-auxerre\\\/#primaryimage\",\"url\":\"https:\\\/\\\/jumeaux91.fr\\\/blog\\\/wp-content\\\/uploads\\\/2025\\\/03\\\/le-bruit-des-cloches-a-lorigine-de-lagression-dun-cure-par-des-jumeaux-de-31-ans-a-auxerre.jpg\",\"contentUrl\":\"https:\\\/\\\/jumeaux91.fr\\\/blog\\\/wp-content\\\/uploads\\\/2025\\\/03\\\/le-bruit-des-cloches-a-lorigine-de-lagression-dun-cure-par-des-jumeaux-de-31-ans-a-auxerre.jpg\",\"width\":1200,\"height\":800,\"caption\":\"Le bruit des cloches \u00e0 l'origine de l'agression d'un cur\u00e9 par des jumeaux de 31 ans \u00e0 Auxerre\"},{\"@type\":\"BreadcrumbList\",\"@id\":\"https:\\\/\\\/jumeaux91.fr\\\/blog\\\/le-bruit-des-cloches-a-lorigine-de-lagression-dun-cure-par-des-jumeaux-de-31-ans-a-auxerre\\\/#breadcrumb\",\"itemListElement\":[{\"@type\":\"ListItem\",\"position\":1,\"name\":\"Accueil\",\"item\":\"https:\\\/\\\/jumeaux91.fr\\\/blog\\\/\"},{\"@type\":\"ListItem\",\"position\":2,\"name\":\"Le bruit des cloches \u00e0 l&rsquo;origine de l&rsquo;agression d&rsquo;un cur\u00e9 par des jumeaux de 31 ans \u00e0 Auxerre\"}]},{\"@type\":\"WebSite\",\"@id\":\"https:\\\/\\\/jumeaux91.fr\\\/blog\\\/#website\",\"url\":\"https:\\\/\\\/jumeaux91.fr\\\/blog\\\/\",\"name\":\"JUMEAUX91\",\"description\":\"Fr\u00e8res jumeaux de l&#039;Essonnes; informations et archives, \u00e0 savoir et retenir.\",\"publisher\":{\"@id\":\"https:\\\/\\\/jumeaux91.fr\\\/blog\\\/#organization\"},\"potentialAction\":[{\"@type\":\"SearchAction\",\"target\":{\"@type\":\"EntryPoint\",\"urlTemplate\":\"https:\\\/\\\/jumeaux91.fr\\\/blog\\\/?s={search_term_string}\"},\"query-input\":{\"@type\":\"PropertyValueSpecification\",\"valueRequired\":true,\"valueName\":\"search_term_string\"}}],\"inLanguage\":\"fr-FR\"},{\"@type\":\"Organization\",\"@id\":\"https:\\\/\\\/jumeaux91.fr\\\/blog\\\/#organization\",\"name\":\"jumeaux91\",\"url\":\"https:\\\/\\\/jumeaux91.fr\\\/blog\\\/\",\"logo\":{\"@type\":\"ImageObject\",\"inLanguage\":\"fr-FR\",\"@id\":\"https:\\\/\\\/jumeaux91.fr\\\/blog\\\/#\\\/schema\\\/logo\\\/image\\\/\",\"url\":\"https:\\\/\\\/jumeaux91.fr\\\/blog\\\/wp-content\\\/uploads\\\/2023\\\/05\\\/cropped-cropped-logoJ_91.png\",\"contentUrl\":\"https:\\\/\\\/jumeaux91.fr\\\/blog\\\/wp-content\\\/uploads\\\/2023\\\/05\\\/cropped-cropped-logoJ_91.png\",\"width\":512,\"height\":512,\"caption\":\"jumeaux91\"},\"image\":{\"@id\":\"https:\\\/\\\/jumeaux91.fr\\\/blog\\\/#\\\/schema\\\/logo\\\/image\\\/\"}},{\"@type\":\"Person\",\"@id\":\"https:\\\/\\\/jumeaux91.fr\\\/blog\\\/#\\\/schema\\\/person\\\/21da06e9f119b9f64e5d45dbbd32d3fb\",\"name\":\"Claude DAYRES\",\"image\":{\"@type\":\"ImageObject\",\"inLanguage\":\"fr-FR\",\"@id\":\"https:\\\/\\\/secure.gravatar.com\\\/avatar\\\/82eb951df6110a2c48d1bfa7a67d1ee6f0cd5df3cbf9c3586dd61e82db7172a5?s=96&d=mm&r=g\",\"url\":\"https:\\\/\\\/secure.gravatar.com\\\/avatar\\\/82eb951df6110a2c48d1bfa7a67d1ee6f0cd5df3cbf9c3586dd61e82db7172a5?s=96&d=mm&r=g\",\"contentUrl\":\"https:\\\/\\\/secure.gravatar.com\\\/avatar\\\/82eb951df6110a2c48d1bfa7a67d1ee6f0cd5df3cbf9c3586dd61e82db7172a5?s=96&d=mm&r=g\",\"caption\":\"Claude DAYRES\"},\"url\":\"https:\\\/\\\/jumeaux91.fr\\\/blog\\\/author\\\/x91claude\\\/\"}]}<\/script>\n<!-- \/ Yoast SEO plugin. -->","yoast_head_json":{"title":"Le bruit des cloches \u00e0 l'origine de l'agression d'un cur\u00e9 par des jumeaux de 31 ans \u00e0 Auxerre - JUMEAUX91","robots":{"index":"index","follow":"follow","max-snippet":"max-snippet:-1","max-image-preview":"max-image-preview:large","max-video-preview":"max-video-preview:-1"},"canonical":"https:\/\/jumeaux91.fr\/blog\/le-bruit-des-cloches-a-lorigine-de-lagression-dun-cure-par-des-jumeaux-de-31-ans-a-auxerre\/","og_locale":"fr_FR","og_type":"article","og_title":"Le bruit des cloches \u00e0 l'origine de l'agression d'un cur\u00e9 par des jumeaux de 31 ans \u00e0 Auxerre - JUMEAUX91","og_description":"Un instant, on s&rsquo;est demand\u00e9 si le cur\u00e9 n&rsquo;\u00e9tait finalement pas l&rsquo;agresseur. Comme si cet homme d&rsquo;\u00c9glise&nbsp;d&rsquo;un certain \u00e2ge&nbsp;avait r\u00e9ussi \u00e0 ma\u00eetriser deux fr\u00e8res de 31 ans capables, d&rsquo;apr\u00e8s leurs dires, \u00ab de soulever 120 kg&nbsp;au d\u00e9velopp\u00e9-couch\u00e9 \u00bb. Ce sont bien les jumeaux que le tribunal correctionnel d&rsquo;Auxerre a jug\u00e9s&nbsp;responsables, ce vendredi 21 mars 2025,&hellip; Poursuivre la lecture Le bruit des cloches \u00e0 l&rsquo;origine de l&rsquo;agression d&rsquo;un cur\u00e9 par des jumeaux de 31 ans \u00e0 Auxerre","og_url":"https:\/\/jumeaux91.fr\/blog\/le-bruit-des-cloches-a-lorigine-de-lagression-dun-cure-par-des-jumeaux-de-31-ans-a-auxerre\/","og_site_name":"JUMEAUX91","article_published_time":"2025-03-21T08:22:00+00:00","og_image":[{"url":"https:\/\/jumeaux91.fr\/blog\/wp-content\/uploads\/2025\/03\/le-bruit-des-cloches-a-lorigine-de-lagression-dun-cure-par-des-jumeaux-de-31-ans-a-auxerre.jpg","type":"","width":"","height":""}],"author":"Claude DAYRES","twitter_card":"summary_large_image","twitter_misc":{"\u00c9crit par":"Claude DAYRES","Dur\u00e9e de lecture estim\u00e9e":"3 minutes"},"schema":{"@context":"https:\/\/schema.org","@graph":[{"@type":"Article","@id":"https:\/\/jumeaux91.fr\/blog\/le-bruit-des-cloches-a-lorigine-de-lagression-dun-cure-par-des-jumeaux-de-31-ans-a-auxerre\/#article","isPartOf":{"@id":"https:\/\/jumeaux91.fr\/blog\/le-bruit-des-cloches-a-lorigine-de-lagression-dun-cure-par-des-jumeaux-de-31-ans-a-auxerre\/"},"author":{"name":"Claude DAYRES","@id":"https:\/\/jumeaux91.fr\/blog\/#\/schema\/person\/21da06e9f119b9f64e5d45dbbd32d3fb"},"headline":"Le bruit des cloches \u00e0 l&rsquo;origine de l&rsquo;agression d&rsquo;un cur\u00e9 par des jumeaux de 31 ans \u00e0 Auxerre","datePublished":"2025-03-21T08:22:00+00:00","mainEntityOfPage":{"@id":"https:\/\/jumeaux91.fr\/blog\/le-bruit-des-cloches-a-lorigine-de-lagression-dun-cure-par-des-jumeaux-de-31-ans-a-auxerre\/"},"wordCount":712,"publisher":{"@id":"https:\/\/jumeaux91.fr\/blog\/#organization"},"image":{"@id":"https:\/\/jumeaux91.fr\/blog\/le-bruit-des-cloches-a-lorigine-de-lagression-dun-cure-par-des-jumeaux-de-31-ans-a-auxerre\/#primaryimage"},"thumbnailUrl":"https:\/\/jumeaux91.fr\/blog\/wp-content\/uploads\/2025\/03\/le-bruit-des-cloches-a-lorigine-de-lagression-dun-cure-par-des-jumeaux-de-31-ans-a-auxerre.jpg","articleSection":["Posts Fr\u00e8res Jumeaux De L'Essonnes:"],"inLanguage":"fr-FR"},{"@type":"WebPage","@id":"https:\/\/jumeaux91.fr\/blog\/le-bruit-des-cloches-a-lorigine-de-lagression-dun-cure-par-des-jumeaux-de-31-ans-a-auxerre\/","url":"https:\/\/jumeaux91.fr\/blog\/le-bruit-des-cloches-a-lorigine-de-lagression-dun-cure-par-des-jumeaux-de-31-ans-a-auxerre\/","name":"Le bruit des cloches \u00e0 l'origine de l'agression d'un cur\u00e9 par des jumeaux de 31 ans \u00e0 Auxerre - JUMEAUX91","isPartOf":{"@id":"https:\/\/jumeaux91.fr\/blog\/#website"},"primaryImageOfPage":{"@id":"https:\/\/jumeaux91.fr\/blog\/le-bruit-des-cloches-a-lorigine-de-lagression-dun-cure-par-des-jumeaux-de-31-ans-a-auxerre\/#primaryimage"},"image":{"@id":"https:\/\/jumeaux91.fr\/blog\/le-bruit-des-cloches-a-lorigine-de-lagression-dun-cure-par-des-jumeaux-de-31-ans-a-auxerre\/#primaryimage"},"thumbnailUrl":"https:\/\/jumeaux91.fr\/blog\/wp-content\/uploads\/2025\/03\/le-bruit-des-cloches-a-lorigine-de-lagression-dun-cure-par-des-jumeaux-de-31-ans-a-auxerre.jpg","datePublished":"2025-03-21T08:22:00+00:00","breadcrumb":{"@id":"https:\/\/jumeaux91.fr\/blog\/le-bruit-des-cloches-a-lorigine-de-lagression-dun-cure-par-des-jumeaux-de-31-ans-a-auxerre\/#breadcrumb"},"inLanguage":"fr-FR","potentialAction":[{"@type":"ReadAction","target":["https:\/\/jumeaux91.fr\/blog\/le-bruit-des-cloches-a-lorigine-de-lagression-dun-cure-par-des-jumeaux-de-31-ans-a-auxerre\/"]}]},{"@type":"ImageObject","inLanguage":"fr-FR","@id":"https:\/\/jumeaux91.fr\/blog\/le-bruit-des-cloches-a-lorigine-de-lagression-dun-cure-par-des-jumeaux-de-31-ans-a-auxerre\/#primaryimage","url":"https:\/\/jumeaux91.fr\/blog\/wp-content\/uploads\/2025\/03\/le-bruit-des-cloches-a-lorigine-de-lagression-dun-cure-par-des-jumeaux-de-31-ans-a-auxerre.jpg","contentUrl":"https:\/\/jumeaux91.fr\/blog\/wp-content\/uploads\/2025\/03\/le-bruit-des-cloches-a-lorigine-de-lagression-dun-cure-par-des-jumeaux-de-31-ans-a-auxerre.jpg","width":1200,"height":800,"caption":"Le bruit des cloches \u00e0 l'origine de l'agression d'un cur\u00e9 par des jumeaux de 31 ans \u00e0 Auxerre"},{"@type":"BreadcrumbList","@id":"https:\/\/jumeaux91.fr\/blog\/le-bruit-des-cloches-a-lorigine-de-lagression-dun-cure-par-des-jumeaux-de-31-ans-a-auxerre\/#breadcrumb","itemListElement":[{"@type":"ListItem","position":1,"name":"Accueil","item":"https:\/\/jumeaux91.fr\/blog\/"},{"@type":"ListItem","position":2,"name":"Le bruit des cloches \u00e0 l&rsquo;origine de l&rsquo;agression d&rsquo;un cur\u00e9 par des jumeaux de 31 ans \u00e0 Auxerre"}]},{"@type":"WebSite","@id":"https:\/\/jumeaux91.fr\/blog\/#website","url":"https:\/\/jumeaux91.fr\/blog\/","name":"JUMEAUX91","description":"Fr\u00e8res jumeaux de l&#039;Essonnes; informations et archives, \u00e0 savoir et retenir.","publisher":{"@id":"https:\/\/jumeaux91.fr\/blog\/#organization"},"potentialAction":[{"@type":"SearchAction","target":{"@type":"EntryPoint","urlTemplate":"https:\/\/jumeaux91.fr\/blog\/?s={search_term_string}"},"query-input":{"@type":"PropertyValueSpecification","valueRequired":true,"valueName":"search_term_string"}}],"inLanguage":"fr-FR"},{"@type":"Organization","@id":"https:\/\/jumeaux91.fr\/blog\/#organization","name":"jumeaux91","url":"https:\/\/jumeaux91.fr\/blog\/","logo":{"@type":"ImageObject","inLanguage":"fr-FR","@id":"https:\/\/jumeaux91.fr\/blog\/#\/schema\/logo\/image\/","url":"https:\/\/jumeaux91.fr\/blog\/wp-content\/uploads\/2023\/05\/cropped-cropped-logoJ_91.png","contentUrl":"https:\/\/jumeaux91.fr\/blog\/wp-content\/uploads\/2023\/05\/cropped-cropped-logoJ_91.png","width":512,"height":512,"caption":"jumeaux91"},"image":{"@id":"https:\/\/jumeaux91.fr\/blog\/#\/schema\/logo\/image\/"}},{"@type":"Person","@id":"https:\/\/jumeaux91.fr\/blog\/#\/schema\/person\/21da06e9f119b9f64e5d45dbbd32d3fb","name":"Claude DAYRES","image":{"@type":"ImageObject","inLanguage":"fr-FR","@id":"https:\/\/secure.gravatar.com\/avatar\/82eb951df6110a2c48d1bfa7a67d1ee6f0cd5df3cbf9c3586dd61e82db7172a5?s=96&d=mm&r=g","url":"https:\/\/secure.gravatar.com\/avatar\/82eb951df6110a2c48d1bfa7a67d1ee6f0cd5df3cbf9c3586dd61e82db7172a5?s=96&d=mm&r=g","contentUrl":"https:\/\/secure.gravatar.com\/avatar\/82eb951df6110a2c48d1bfa7a67d1ee6f0cd5df3cbf9c3586dd61e82db7172a5?s=96&d=mm&r=g","caption":"Claude DAYRES"},"url":"https:\/\/jumeaux91.fr\/blog\/author\/x91claude\/"}]}},"_links":{"self":[{"href":"https:\/\/jumeaux91.fr\/blog\/wp-json\/wp\/v2\/posts\/1093","targetHints":{"allow":["GET"]}}],"collection":[{"href":"https:\/\/jumeaux91.fr\/blog\/wp-json\/wp\/v2\/posts"}],"about":[{"href":"https:\/\/jumeaux91.fr\/blog\/wp-json\/wp\/v2\/types\/post"}],"author":[{"embeddable":true,"href":"https:\/\/jumeaux91.fr\/blog\/wp-json\/wp\/v2\/users\/2"}],"replies":[{"embeddable":true,"href":"https:\/\/jumeaux91.fr\/blog\/wp-json\/wp\/v2\/comments?post=1093"}],"version-history":[{"count":0,"href":"https:\/\/jumeaux91.fr\/blog\/wp-json\/wp\/v2\/posts\/1093\/revisions"}],"wp:featuredmedia":[{"embeddable":true,"href":"https:\/\/jumeaux91.fr\/blog\/wp-json\/wp\/v2\/media\/1094"}],"wp:attachment":[{"href":"https:\/\/jumeaux91.fr\/blog\/wp-json\/wp\/v2\/media?parent=1093"}],"wp:term":[{"taxonomy":"category","embeddable":true,"href":"https:\/\/jumeaux91.fr\/blog\/wp-json\/wp\/v2\/categories?post=1093"},{"taxonomy":"post_tag","embeddable":true,"href":"https:\/\/jumeaux91.fr\/blog\/wp-json\/wp\/v2\/tags?post=1093"}],"curies":[{"name":"wp","href":"https:\/\/api.w.org\/{rel}","templated":true}]}}