{"id":1097,"date":"2025-03-21T09:22:00","date_gmt":"2025-03-21T08:22:00","guid":{"rendered":"https:\/\/jumeaux91.fr\/blog\/tu-nous-fais-chier-avec-ta-religion-reveilles-par-les-cloches-des-jumeaux-agressent-le-cure-devant-son-eglise-a-auxerre\/"},"modified":"2025-03-21T09:22:00","modified_gmt":"2025-03-21T08:22:00","slug":"tu-nous-fais-chier-avec-ta-religion-reveilles-par-les-cloches-des-jumeaux-agressent-le-cure-devant-son-eglise-a-auxerre","status":"publish","type":"post","link":"https:\/\/jumeaux91.fr\/blog\/tu-nous-fais-chier-avec-ta-religion-reveilles-par-les-cloches-des-jumeaux-agressent-le-cure-devant-son-eglise-a-auxerre\/","title":{"rendered":"\u00ab\u00a0Tu nous fais chier avec ta religion\u00a0\u00bb : r\u00e9veill\u00e9s par les cloches, des jumeaux agressent le cur\u00e9 devant son \u00e9glise \u00e0 Auxerre"},"content":{"rendered":"<div><img decoding=\"async\" src=\"https:\/\/jumeaux91.fr\/blog\/wp-content\/uploads\/2025\/03\/tu-nous-fais-chier-avec-ta-religion-reveilles-par-les-cloches-des-jumeaux-agressent-le-cure-devant-son-eglise-a-auxerre.jpg\" class=\"ff-og-image-inserted\"><\/div>\n<p class=\"typo-p1\">Un instant, on s&rsquo;est demand\u00e9 si le cur\u00e9 n&rsquo;\u00e9tait finalement pas l&rsquo;agresseur. Comme si cet homme d&rsquo;\u00c9glise&nbsp;d&rsquo;un certain \u00e2ge&nbsp;avait r\u00e9ussi \u00e0 ma\u00eetriser deux fr\u00e8res de 31 ans capables, d&rsquo;apr\u00e8s leurs dires, \u00ab\u00a0de soulever 120 kg&nbsp;au d\u00e9velopp\u00e9-couch\u00e9\u00a0\u00bb.<\/p>\n<p class=\"typo-p1\">Ce sont bien les jumeaux que le tribunal correctionnel d&rsquo;Auxerre a jug\u00e9s&nbsp;responsables, ce vendredi 21 mars 2025, de l&rsquo;agression d&rsquo;un pr\u00eatre en pleine rue \u00e0 Auxerre. Les pr\u00e9venus, qui \u00ab\u00a0avaient manifestement un probl\u00e8me avec la proximit\u00e9 de l&rsquo;\u00e9glise\u00a0\u00bb,&nbsp;selon le parquet d&rsquo;Auxerre, ont \u00e9t\u00e9 condamn\u00e9s \u00e0 dix mois de prison&nbsp;avec un sursis probatoire.<\/p>\n<p>La chronique se veut g\u00e9n\u00e9r\u00e9e de la fa\u00e7on la plus claire que possible. Dans le cas o\u00f9 vous souhaitez pr\u00e9senter des renseignements compl\u00e9mentaires \u00e0 cet article sur le sujet \u00ab\u00a0Fr\u00e8res jumeaux de l&rsquo;Essonnes\u00a0\u00bb il vous est possible d\u2019\u00e9crire aux contacts indiqu\u00e9s sur notre website. La raison d\u2019\u00eatre de jumeaux91.fr \u00e9tant de rassembler sur le web des posts sur le sujet de Fr\u00e8res jumeaux de l&rsquo;Essonnes puis les diffuser en r\u00e9pondant au mieux aux interrogations des gens. Vous pouvez tirer profit de cet article traitant le sujet \u00ab\u00a0Fr\u00e8res jumeaux de l&rsquo;Essonnes\u00a0\u00bb. Il est concoct\u00e9 par l\u2019\u00e9quipe jumeaux91.fr. Prochainement, nous rendrons accessibles au public d&rsquo;autres informations pertinentes sur le sujet \u00ab\u00a0Fr\u00e8res jumeaux de l&rsquo;Essonnes\u00a0\u00bb. Alors, consultez syst\u00e9matiquement notre blog.<\/p>\n","protected":false},"excerpt":{"rendered":"<p>Un instant, on s&rsquo;est demand\u00e9 si le cur\u00e9 n&rsquo;\u00e9tait finalement pas l&rsquo;agresseur. Comme si cet homme d&rsquo;\u00c9glise&nbsp;d&rsquo;un certain \u00e2ge&nbsp;avait r\u00e9ussi \u00e0 ma\u00eetriser deux fr\u00e8res de 31 ans capables, d&rsquo;apr\u00e8s leurs dires, \u00ab\u00a0de soulever 120 kg&nbsp;au d\u00e9velopp\u00e9-couch\u00e9\u00a0\u00bb. Ce sont bien les jumeaux que le tribunal correctionnel d&rsquo;Auxerre a jug\u00e9s&nbsp;responsables, ce vendredi 21 mars 2025, de l&rsquo;agression&hellip; <a class=\"more-link\" href=\"https:\/\/jumeaux91.fr\/blog\/tu-nous-fais-chier-avec-ta-religion-reveilles-par-les-cloches-des-jumeaux-agressent-le-cure-devant-son-eglise-a-auxerre\/\">Poursuivre la lecture <span class=\"screen-reader-text\">\u00ab\u00a0Tu nous fais chier avec ta religion\u00a0\u00bb : r\u00e9veill\u00e9s par les cloches, des jumeaux agressent le cur\u00e9 devant son \u00e9glise \u00e0 Auxerre<\/span><\/a><\/p>\n","protected":false},"author":2,"featured_media":1098,"comment_status":"closed","ping_status":"closed","sticky":false,"template":"","format":"standard","meta":{"footnotes":""},"categories":[4],"tags":[],"class_list":["post-1097","post","type-post","status-publish","format-standard","has-post-thumbnail","hentry","category-posts-freres-jumeaux-de-lessonnes","entry"],"yoast_head":"<!-- This site is optimized with the Yoast SEO plugin v27.5 - https:\/\/yoast.com\/product\/yoast-seo-wordpress\/ -->\n<title>&quot;Tu nous fais chier avec ta religion&quot; : r\u00e9veill\u00e9s par les cloches, des jumeaux agressent le cur\u00e9 devant son \u00e9glise \u00e0 Auxerre - JUMEAUX91<\/title>\n<meta name=\"robots\" content=\"index, follow, max-snippet:-1, max-image-preview:large, max-video-preview:-1\" \/>\n<link rel=\"canonical\" href=\"https:\/\/jumeaux91.fr\/blog\/tu-nous-fais-chier-avec-ta-religion-reveilles-par-les-cloches-des-jumeaux-agressent-le-cure-devant-son-eglise-a-auxerre\/\" \/>\n<meta property=\"og:locale\" content=\"fr_FR\" \/>\n<meta property=\"og:type\" content=\"article\" \/>\n<meta property=\"og:title\" content=\"&quot;Tu nous fais chier avec ta religion&quot; : r\u00e9veill\u00e9s par les cloches, des jumeaux agressent le cur\u00e9 devant son \u00e9glise \u00e0 Auxerre - JUMEAUX91\" \/>\n<meta property=\"og:description\" content=\"Un instant, on s&rsquo;est demand\u00e9 si le cur\u00e9 n&rsquo;\u00e9tait finalement pas l&rsquo;agresseur. Comme si cet homme d&rsquo;\u00c9glise&nbsp;d&rsquo;un certain \u00e2ge&nbsp;avait r\u00e9ussi \u00e0 ma\u00eetriser deux fr\u00e8res de 31 ans capables, d&rsquo;apr\u00e8s leurs dires, \u00ab\u00a0de soulever 120 kg&nbsp;au d\u00e9velopp\u00e9-couch\u00e9\u00a0\u00bb. Ce sont bien les jumeaux que le tribunal correctionnel d&rsquo;Auxerre a jug\u00e9s&nbsp;responsables, ce vendredi 21 mars 2025, de l&rsquo;agression&hellip; Poursuivre la lecture \u00ab\u00a0Tu nous fais chier avec ta religion\u00a0\u00bb : r\u00e9veill\u00e9s par les cloches, des jumeaux agressent le cur\u00e9 devant son \u00e9glise \u00e0 Auxerre\" \/>\n<meta property=\"og:url\" content=\"https:\/\/jumeaux91.fr\/blog\/tu-nous-fais-chier-avec-ta-religion-reveilles-par-les-cloches-des-jumeaux-agressent-le-cure-devant-son-eglise-a-auxerre\/\" \/>\n<meta property=\"og:site_name\" content=\"JUMEAUX91\" \/>\n<meta property=\"article:published_time\" content=\"2025-03-21T08:22:00+00:00\" \/>\n<meta property=\"og:image\" content=\"https:\/\/jumeaux91.fr\/blog\/wp-content\/uploads\/2025\/03\/tu-nous-fais-chier-avec-ta-religion-reveilles-par-les-cloches-des-jumeaux-agressent-le-cure-devant-son-eglise-a-auxerre.jpg\" \/>\n<meta name=\"author\" content=\"Claude DAYRES\" \/>\n<meta name=\"twitter:card\" content=\"summary_large_image\" \/>\n<meta name=\"twitter:label1\" content=\"\u00c9crit par\" \/>\n\t<meta name=\"twitter:data1\" content=\"Claude DAYRES\" \/>\n\t<meta name=\"twitter:label2\" content=\"Dur\u00e9e de lecture estim\u00e9e\" \/>\n\t<meta name=\"twitter:data2\" content=\"1 minute\" \/>\n<script type=\"application\/ld+json\" class=\"yoast-schema-graph\">{\"@context\":\"https:\\\/\\\/schema.org\",\"@graph\":[{\"@type\":\"Article\",\"@id\":\"https:\\\/\\\/jumeaux91.fr\\\/blog\\\/tu-nous-fais-chier-avec-ta-religion-reveilles-par-les-cloches-des-jumeaux-agressent-le-cure-devant-son-eglise-a-auxerre\\\/#article\",\"isPartOf\":{\"@id\":\"https:\\\/\\\/jumeaux91.fr\\\/blog\\\/tu-nous-fais-chier-avec-ta-religion-reveilles-par-les-cloches-des-jumeaux-agressent-le-cure-devant-son-eglise-a-auxerre\\\/\"},\"author\":{\"name\":\"Claude DAYRES\",\"@id\":\"https:\\\/\\\/jumeaux91.fr\\\/blog\\\/#\\\/schema\\\/person\\\/21da06e9f119b9f64e5d45dbbd32d3fb\"},\"headline\":\"\u00ab\u00a0Tu nous fais chier avec ta religion\u00a0\u00bb : r\u00e9veill\u00e9s par les cloches, des jumeaux agressent le cur\u00e9 devant son \u00e9glise \u00e0 Auxerre\",\"datePublished\":\"2025-03-21T08:22:00+00:00\",\"mainEntityOfPage\":{\"@id\":\"https:\\\/\\\/jumeaux91.fr\\\/blog\\\/tu-nous-fais-chier-avec-ta-religion-reveilles-par-les-cloches-des-jumeaux-agressent-le-cure-devant-son-eglise-a-auxerre\\\/\"},\"wordCount\":276,\"publisher\":{\"@id\":\"https:\\\/\\\/jumeaux91.fr\\\/blog\\\/#organization\"},\"image\":{\"@id\":\"https:\\\/\\\/jumeaux91.fr\\\/blog\\\/tu-nous-fais-chier-avec-ta-religion-reveilles-par-les-cloches-des-jumeaux-agressent-le-cure-devant-son-eglise-a-auxerre\\\/#primaryimage\"},\"thumbnailUrl\":\"https:\\\/\\\/jumeaux91.fr\\\/blog\\\/wp-content\\\/uploads\\\/2025\\\/03\\\/tu-nous-fais-chier-avec-ta-religion-reveilles-par-les-cloches-des-jumeaux-agressent-le-cure-devant-son-eglise-a-auxerre.jpg\",\"articleSection\":[\"Posts Fr\u00e8res Jumeaux De L'Essonnes:\"],\"inLanguage\":\"fr-FR\"},{\"@type\":\"WebPage\",\"@id\":\"https:\\\/\\\/jumeaux91.fr\\\/blog\\\/tu-nous-fais-chier-avec-ta-religion-reveilles-par-les-cloches-des-jumeaux-agressent-le-cure-devant-son-eglise-a-auxerre\\\/\",\"url\":\"https:\\\/\\\/jumeaux91.fr\\\/blog\\\/tu-nous-fais-chier-avec-ta-religion-reveilles-par-les-cloches-des-jumeaux-agressent-le-cure-devant-son-eglise-a-auxerre\\\/\",\"name\":\"\\\"Tu nous fais chier avec ta religion\\\" : r\u00e9veill\u00e9s par les cloches, des jumeaux agressent le cur\u00e9 devant son \u00e9glise \u00e0 Auxerre - JUMEAUX91\",\"isPartOf\":{\"@id\":\"https:\\\/\\\/jumeaux91.fr\\\/blog\\\/#website\"},\"primaryImageOfPage\":{\"@id\":\"https:\\\/\\\/jumeaux91.fr\\\/blog\\\/tu-nous-fais-chier-avec-ta-religion-reveilles-par-les-cloches-des-jumeaux-agressent-le-cure-devant-son-eglise-a-auxerre\\\/#primaryimage\"},\"image\":{\"@id\":\"https:\\\/\\\/jumeaux91.fr\\\/blog\\\/tu-nous-fais-chier-avec-ta-religion-reveilles-par-les-cloches-des-jumeaux-agressent-le-cure-devant-son-eglise-a-auxerre\\\/#primaryimage\"},\"thumbnailUrl\":\"https:\\\/\\\/jumeaux91.fr\\\/blog\\\/wp-content\\\/uploads\\\/2025\\\/03\\\/tu-nous-fais-chier-avec-ta-religion-reveilles-par-les-cloches-des-jumeaux-agressent-le-cure-devant-son-eglise-a-auxerre.jpg\",\"datePublished\":\"2025-03-21T08:22:00+00:00\",\"breadcrumb\":{\"@id\":\"https:\\\/\\\/jumeaux91.fr\\\/blog\\\/tu-nous-fais-chier-avec-ta-religion-reveilles-par-les-cloches-des-jumeaux-agressent-le-cure-devant-son-eglise-a-auxerre\\\/#breadcrumb\"},\"inLanguage\":\"fr-FR\",\"potentialAction\":[{\"@type\":\"ReadAction\",\"target\":[\"https:\\\/\\\/jumeaux91.fr\\\/blog\\\/tu-nous-fais-chier-avec-ta-religion-reveilles-par-les-cloches-des-jumeaux-agressent-le-cure-devant-son-eglise-a-auxerre\\\/\"]}]},{\"@type\":\"ImageObject\",\"inLanguage\":\"fr-FR\",\"@id\":\"https:\\\/\\\/jumeaux91.fr\\\/blog\\\/tu-nous-fais-chier-avec-ta-religion-reveilles-par-les-cloches-des-jumeaux-agressent-le-cure-devant-son-eglise-a-auxerre\\\/#primaryimage\",\"url\":\"https:\\\/\\\/jumeaux91.fr\\\/blog\\\/wp-content\\\/uploads\\\/2025\\\/03\\\/tu-nous-fais-chier-avec-ta-religion-reveilles-par-les-cloches-des-jumeaux-agressent-le-cure-devant-son-eglise-a-auxerre.jpg\",\"contentUrl\":\"https:\\\/\\\/jumeaux91.fr\\\/blog\\\/wp-content\\\/uploads\\\/2025\\\/03\\\/tu-nous-fais-chier-avec-ta-religion-reveilles-par-les-cloches-des-jumeaux-agressent-le-cure-devant-son-eglise-a-auxerre.jpg\",\"width\":1200,\"height\":800,\"caption\":\"\\\"Tu nous fais chier avec ta religion\\\" : r\u00e9veill\u00e9s par les cloches, des jumeaux agressent le cur\u00e9 devant son \u00e9glise \u00e0 Auxerre\"},{\"@type\":\"BreadcrumbList\",\"@id\":\"https:\\\/\\\/jumeaux91.fr\\\/blog\\\/tu-nous-fais-chier-avec-ta-religion-reveilles-par-les-cloches-des-jumeaux-agressent-le-cure-devant-son-eglise-a-auxerre\\\/#breadcrumb\",\"itemListElement\":[{\"@type\":\"ListItem\",\"position\":1,\"name\":\"Accueil\",\"item\":\"https:\\\/\\\/jumeaux91.fr\\\/blog\\\/\"},{\"@type\":\"ListItem\",\"position\":2,\"name\":\"\u00ab\u00a0Tu nous fais chier avec ta religion\u00a0\u00bb : r\u00e9veill\u00e9s par les cloches, des jumeaux agressent le cur\u00e9 devant son \u00e9glise \u00e0 Auxerre\"}]},{\"@type\":\"WebSite\",\"@id\":\"https:\\\/\\\/jumeaux91.fr\\\/blog\\\/#website\",\"url\":\"https:\\\/\\\/jumeaux91.fr\\\/blog\\\/\",\"name\":\"JUMEAUX91\",\"description\":\"Fr\u00e8res jumeaux de l&#039;Essonnes; informations et archives, \u00e0 savoir et retenir.\",\"publisher\":{\"@id\":\"https:\\\/\\\/jumeaux91.fr\\\/blog\\\/#organization\"},\"potentialAction\":[{\"@type\":\"SearchAction\",\"target\":{\"@type\":\"EntryPoint\",\"urlTemplate\":\"https:\\\/\\\/jumeaux91.fr\\\/blog\\\/?s={search_term_string}\"},\"query-input\":{\"@type\":\"PropertyValueSpecification\",\"valueRequired\":true,\"valueName\":\"search_term_string\"}}],\"inLanguage\":\"fr-FR\"},{\"@type\":\"Organization\",\"@id\":\"https:\\\/\\\/jumeaux91.fr\\\/blog\\\/#organization\",\"name\":\"jumeaux91\",\"url\":\"https:\\\/\\\/jumeaux91.fr\\\/blog\\\/\",\"logo\":{\"@type\":\"ImageObject\",\"inLanguage\":\"fr-FR\",\"@id\":\"https:\\\/\\\/jumeaux91.fr\\\/blog\\\/#\\\/schema\\\/logo\\\/image\\\/\",\"url\":\"https:\\\/\\\/jumeaux91.fr\\\/blog\\\/wp-content\\\/uploads\\\/2023\\\/05\\\/cropped-cropped-logoJ_91.png\",\"contentUrl\":\"https:\\\/\\\/jumeaux91.fr\\\/blog\\\/wp-content\\\/uploads\\\/2023\\\/05\\\/cropped-cropped-logoJ_91.png\",\"width\":512,\"height\":512,\"caption\":\"jumeaux91\"},\"image\":{\"@id\":\"https:\\\/\\\/jumeaux91.fr\\\/blog\\\/#\\\/schema\\\/logo\\\/image\\\/\"}},{\"@type\":\"Person\",\"@id\":\"https:\\\/\\\/jumeaux91.fr\\\/blog\\\/#\\\/schema\\\/person\\\/21da06e9f119b9f64e5d45dbbd32d3fb\",\"name\":\"Claude DAYRES\",\"image\":{\"@type\":\"ImageObject\",\"inLanguage\":\"fr-FR\",\"@id\":\"https:\\\/\\\/secure.gravatar.com\\\/avatar\\\/82eb951df6110a2c48d1bfa7a67d1ee6f0cd5df3cbf9c3586dd61e82db7172a5?s=96&d=mm&r=g\",\"url\":\"https:\\\/\\\/secure.gravatar.com\\\/avatar\\\/82eb951df6110a2c48d1bfa7a67d1ee6f0cd5df3cbf9c3586dd61e82db7172a5?s=96&d=mm&r=g\",\"contentUrl\":\"https:\\\/\\\/secure.gravatar.com\\\/avatar\\\/82eb951df6110a2c48d1bfa7a67d1ee6f0cd5df3cbf9c3586dd61e82db7172a5?s=96&d=mm&r=g\",\"caption\":\"Claude DAYRES\"},\"url\":\"https:\\\/\\\/jumeaux91.fr\\\/blog\\\/author\\\/x91claude\\\/\"}]}<\/script>\n<!-- \/ Yoast SEO plugin. -->","yoast_head_json":{"title":"\"Tu nous fais chier avec ta religion\" : r\u00e9veill\u00e9s par les cloches, des jumeaux agressent le cur\u00e9 devant son \u00e9glise \u00e0 Auxerre - JUMEAUX91","robots":{"index":"index","follow":"follow","max-snippet":"max-snippet:-1","max-image-preview":"max-image-preview:large","max-video-preview":"max-video-preview:-1"},"canonical":"https:\/\/jumeaux91.fr\/blog\/tu-nous-fais-chier-avec-ta-religion-reveilles-par-les-cloches-des-jumeaux-agressent-le-cure-devant-son-eglise-a-auxerre\/","og_locale":"fr_FR","og_type":"article","og_title":"\"Tu nous fais chier avec ta religion\" : r\u00e9veill\u00e9s par les cloches, des jumeaux agressent le cur\u00e9 devant son \u00e9glise \u00e0 Auxerre - JUMEAUX91","og_description":"Un instant, on s&rsquo;est demand\u00e9 si le cur\u00e9 n&rsquo;\u00e9tait finalement pas l&rsquo;agresseur. Comme si cet homme d&rsquo;\u00c9glise&nbsp;d&rsquo;un certain \u00e2ge&nbsp;avait r\u00e9ussi \u00e0 ma\u00eetriser deux fr\u00e8res de 31 ans capables, d&rsquo;apr\u00e8s leurs dires, \u00ab\u00a0de soulever 120 kg&nbsp;au d\u00e9velopp\u00e9-couch\u00e9\u00a0\u00bb. Ce sont bien les jumeaux que le tribunal correctionnel d&rsquo;Auxerre a jug\u00e9s&nbsp;responsables, ce vendredi 21 mars 2025, de l&rsquo;agression&hellip; Poursuivre la lecture \u00ab\u00a0Tu nous fais chier avec ta religion\u00a0\u00bb : r\u00e9veill\u00e9s par les cloches, des jumeaux agressent le cur\u00e9 devant son \u00e9glise \u00e0 Auxerre","og_url":"https:\/\/jumeaux91.fr\/blog\/tu-nous-fais-chier-avec-ta-religion-reveilles-par-les-cloches-des-jumeaux-agressent-le-cure-devant-son-eglise-a-auxerre\/","og_site_name":"JUMEAUX91","article_published_time":"2025-03-21T08:22:00+00:00","og_image":[{"url":"https:\/\/jumeaux91.fr\/blog\/wp-content\/uploads\/2025\/03\/tu-nous-fais-chier-avec-ta-religion-reveilles-par-les-cloches-des-jumeaux-agressent-le-cure-devant-son-eglise-a-auxerre.jpg","type":"","width":"","height":""}],"author":"Claude DAYRES","twitter_card":"summary_large_image","twitter_misc":{"\u00c9crit par":"Claude DAYRES","Dur\u00e9e de lecture estim\u00e9e":"1 minute"},"schema":{"@context":"https:\/\/schema.org","@graph":[{"@type":"Article","@id":"https:\/\/jumeaux91.fr\/blog\/tu-nous-fais-chier-avec-ta-religion-reveilles-par-les-cloches-des-jumeaux-agressent-le-cure-devant-son-eglise-a-auxerre\/#article","isPartOf":{"@id":"https:\/\/jumeaux91.fr\/blog\/tu-nous-fais-chier-avec-ta-religion-reveilles-par-les-cloches-des-jumeaux-agressent-le-cure-devant-son-eglise-a-auxerre\/"},"author":{"name":"Claude DAYRES","@id":"https:\/\/jumeaux91.fr\/blog\/#\/schema\/person\/21da06e9f119b9f64e5d45dbbd32d3fb"},"headline":"\u00ab\u00a0Tu nous fais chier avec ta religion\u00a0\u00bb : r\u00e9veill\u00e9s par les cloches, des jumeaux agressent le cur\u00e9 devant son \u00e9glise \u00e0 Auxerre","datePublished":"2025-03-21T08:22:00+00:00","mainEntityOfPage":{"@id":"https:\/\/jumeaux91.fr\/blog\/tu-nous-fais-chier-avec-ta-religion-reveilles-par-les-cloches-des-jumeaux-agressent-le-cure-devant-son-eglise-a-auxerre\/"},"wordCount":276,"publisher":{"@id":"https:\/\/jumeaux91.fr\/blog\/#organization"},"image":{"@id":"https:\/\/jumeaux91.fr\/blog\/tu-nous-fais-chier-avec-ta-religion-reveilles-par-les-cloches-des-jumeaux-agressent-le-cure-devant-son-eglise-a-auxerre\/#primaryimage"},"thumbnailUrl":"https:\/\/jumeaux91.fr\/blog\/wp-content\/uploads\/2025\/03\/tu-nous-fais-chier-avec-ta-religion-reveilles-par-les-cloches-des-jumeaux-agressent-le-cure-devant-son-eglise-a-auxerre.jpg","articleSection":["Posts Fr\u00e8res Jumeaux De L'Essonnes:"],"inLanguage":"fr-FR"},{"@type":"WebPage","@id":"https:\/\/jumeaux91.fr\/blog\/tu-nous-fais-chier-avec-ta-religion-reveilles-par-les-cloches-des-jumeaux-agressent-le-cure-devant-son-eglise-a-auxerre\/","url":"https:\/\/jumeaux91.fr\/blog\/tu-nous-fais-chier-avec-ta-religion-reveilles-par-les-cloches-des-jumeaux-agressent-le-cure-devant-son-eglise-a-auxerre\/","name":"\"Tu nous fais chier avec ta religion\" : r\u00e9veill\u00e9s par les cloches, des jumeaux agressent le cur\u00e9 devant son \u00e9glise \u00e0 Auxerre - JUMEAUX91","isPartOf":{"@id":"https:\/\/jumeaux91.fr\/blog\/#website"},"primaryImageOfPage":{"@id":"https:\/\/jumeaux91.fr\/blog\/tu-nous-fais-chier-avec-ta-religion-reveilles-par-les-cloches-des-jumeaux-agressent-le-cure-devant-son-eglise-a-auxerre\/#primaryimage"},"image":{"@id":"https:\/\/jumeaux91.fr\/blog\/tu-nous-fais-chier-avec-ta-religion-reveilles-par-les-cloches-des-jumeaux-agressent-le-cure-devant-son-eglise-a-auxerre\/#primaryimage"},"thumbnailUrl":"https:\/\/jumeaux91.fr\/blog\/wp-content\/uploads\/2025\/03\/tu-nous-fais-chier-avec-ta-religion-reveilles-par-les-cloches-des-jumeaux-agressent-le-cure-devant-son-eglise-a-auxerre.jpg","datePublished":"2025-03-21T08:22:00+00:00","breadcrumb":{"@id":"https:\/\/jumeaux91.fr\/blog\/tu-nous-fais-chier-avec-ta-religion-reveilles-par-les-cloches-des-jumeaux-agressent-le-cure-devant-son-eglise-a-auxerre\/#breadcrumb"},"inLanguage":"fr-FR","potentialAction":[{"@type":"ReadAction","target":["https:\/\/jumeaux91.fr\/blog\/tu-nous-fais-chier-avec-ta-religion-reveilles-par-les-cloches-des-jumeaux-agressent-le-cure-devant-son-eglise-a-auxerre\/"]}]},{"@type":"ImageObject","inLanguage":"fr-FR","@id":"https:\/\/jumeaux91.fr\/blog\/tu-nous-fais-chier-avec-ta-religion-reveilles-par-les-cloches-des-jumeaux-agressent-le-cure-devant-son-eglise-a-auxerre\/#primaryimage","url":"https:\/\/jumeaux91.fr\/blog\/wp-content\/uploads\/2025\/03\/tu-nous-fais-chier-avec-ta-religion-reveilles-par-les-cloches-des-jumeaux-agressent-le-cure-devant-son-eglise-a-auxerre.jpg","contentUrl":"https:\/\/jumeaux91.fr\/blog\/wp-content\/uploads\/2025\/03\/tu-nous-fais-chier-avec-ta-religion-reveilles-par-les-cloches-des-jumeaux-agressent-le-cure-devant-son-eglise-a-auxerre.jpg","width":1200,"height":800,"caption":"\"Tu nous fais chier avec ta religion\" : r\u00e9veill\u00e9s par les cloches, des jumeaux agressent le cur\u00e9 devant son \u00e9glise \u00e0 Auxerre"},{"@type":"BreadcrumbList","@id":"https:\/\/jumeaux91.fr\/blog\/tu-nous-fais-chier-avec-ta-religion-reveilles-par-les-cloches-des-jumeaux-agressent-le-cure-devant-son-eglise-a-auxerre\/#breadcrumb","itemListElement":[{"@type":"ListItem","position":1,"name":"Accueil","item":"https:\/\/jumeaux91.fr\/blog\/"},{"@type":"ListItem","position":2,"name":"\u00ab\u00a0Tu nous fais chier avec ta religion\u00a0\u00bb : r\u00e9veill\u00e9s par les cloches, des jumeaux agressent le cur\u00e9 devant son \u00e9glise \u00e0 Auxerre"}]},{"@type":"WebSite","@id":"https:\/\/jumeaux91.fr\/blog\/#website","url":"https:\/\/jumeaux91.fr\/blog\/","name":"JUMEAUX91","description":"Fr\u00e8res jumeaux de l&#039;Essonnes; informations et archives, \u00e0 savoir et retenir.","publisher":{"@id":"https:\/\/jumeaux91.fr\/blog\/#organization"},"potentialAction":[{"@type":"SearchAction","target":{"@type":"EntryPoint","urlTemplate":"https:\/\/jumeaux91.fr\/blog\/?s={search_term_string}"},"query-input":{"@type":"PropertyValueSpecification","valueRequired":true,"valueName":"search_term_string"}}],"inLanguage":"fr-FR"},{"@type":"Organization","@id":"https:\/\/jumeaux91.fr\/blog\/#organization","name":"jumeaux91","url":"https:\/\/jumeaux91.fr\/blog\/","logo":{"@type":"ImageObject","inLanguage":"fr-FR","@id":"https:\/\/jumeaux91.fr\/blog\/#\/schema\/logo\/image\/","url":"https:\/\/jumeaux91.fr\/blog\/wp-content\/uploads\/2023\/05\/cropped-cropped-logoJ_91.png","contentUrl":"https:\/\/jumeaux91.fr\/blog\/wp-content\/uploads\/2023\/05\/cropped-cropped-logoJ_91.png","width":512,"height":512,"caption":"jumeaux91"},"image":{"@id":"https:\/\/jumeaux91.fr\/blog\/#\/schema\/logo\/image\/"}},{"@type":"Person","@id":"https:\/\/jumeaux91.fr\/blog\/#\/schema\/person\/21da06e9f119b9f64e5d45dbbd32d3fb","name":"Claude DAYRES","image":{"@type":"ImageObject","inLanguage":"fr-FR","@id":"https:\/\/secure.gravatar.com\/avatar\/82eb951df6110a2c48d1bfa7a67d1ee6f0cd5df3cbf9c3586dd61e82db7172a5?s=96&d=mm&r=g","url":"https:\/\/secure.gravatar.com\/avatar\/82eb951df6110a2c48d1bfa7a67d1ee6f0cd5df3cbf9c3586dd61e82db7172a5?s=96&d=mm&r=g","contentUrl":"https:\/\/secure.gravatar.com\/avatar\/82eb951df6110a2c48d1bfa7a67d1ee6f0cd5df3cbf9c3586dd61e82db7172a5?s=96&d=mm&r=g","caption":"Claude DAYRES"},"url":"https:\/\/jumeaux91.fr\/blog\/author\/x91claude\/"}]}},"_links":{"self":[{"href":"https:\/\/jumeaux91.fr\/blog\/wp-json\/wp\/v2\/posts\/1097","targetHints":{"allow":["GET"]}}],"collection":[{"href":"https:\/\/jumeaux91.fr\/blog\/wp-json\/wp\/v2\/posts"}],"about":[{"href":"https:\/\/jumeaux91.fr\/blog\/wp-json\/wp\/v2\/types\/post"}],"author":[{"embeddable":true,"href":"https:\/\/jumeaux91.fr\/blog\/wp-json\/wp\/v2\/users\/2"}],"replies":[{"embeddable":true,"href":"https:\/\/jumeaux91.fr\/blog\/wp-json\/wp\/v2\/comments?post=1097"}],"version-history":[{"count":0,"href":"https:\/\/jumeaux91.fr\/blog\/wp-json\/wp\/v2\/posts\/1097\/revisions"}],"wp:featuredmedia":[{"embeddable":true,"href":"https:\/\/jumeaux91.fr\/blog\/wp-json\/wp\/v2\/media\/1098"}],"wp:attachment":[{"href":"https:\/\/jumeaux91.fr\/blog\/wp-json\/wp\/v2\/media?parent=1097"}],"wp:term":[{"taxonomy":"category","embeddable":true,"href":"https:\/\/jumeaux91.fr\/blog\/wp-json\/wp\/v2\/categories?post=1097"},{"taxonomy":"post_tag","embeddable":true,"href":"https:\/\/jumeaux91.fr\/blog\/wp-json\/wp\/v2\/tags?post=1097"}],"curies":[{"name":"wp","href":"https:\/\/api.w.org\/{rel}","templated":true}]}}