{"id":1105,"date":"2025-03-27T10:58:00","date_gmt":"2025-03-27T09:58:00","guid":{"rendered":"https:\/\/jumeaux91.fr\/blog\/bras-droit-historique-de-macron-alexis-kohler-va-quitter-ses-fonctions-de-secretaire-general-de-lelysee\/"},"modified":"2025-03-27T10:58:00","modified_gmt":"2025-03-27T09:58:00","slug":"bras-droit-historique-de-macron-alexis-kohler-va-quitter-ses-fonctions-de-secretaire-general-de-lelysee","status":"publish","type":"post","link":"https:\/\/jumeaux91.fr\/blog\/bras-droit-historique-de-macron-alexis-kohler-va-quitter-ses-fonctions-de-secretaire-general-de-lelysee\/","title":{"rendered":"Bras droit historique de Macron, Alexis Kohler va quitter ses fonctions de secr\u00e9taire g\u00e9n\u00e9ral de l\u2019\u00c9lys\u00e9e"},"content":{"rendered":"<div><img decoding=\"async\" src=\"https:\/\/jumeaux91.fr\/blog\/wp-content\/uploads\/2025\/03\/bras-droit-historique-de-macron-alexis-kohler-va-quitter-ses-fonctions-de-secretaire-general-de-lelysee.jpg\" class=\"ff-og-image-inserted\"><\/div>\n<div class=\"related-article base-margin-bottom\"> <span class=\"badge\">Sur le m\u00eame sujet<\/span> <\/div>\n<p>Emmanuel Moulin, ancien directeur du Tr\u00e9sor puis \u00e0 la t\u00eate du cabinet de Gabriel Attal lorsqu\u2019il \u00e9tait Premier ministre, lui succ\u00e9dera le 14&nbsp;avril, a annonc\u00e9 l\u2019\u00c9lys\u00e9e, confirmant une information initialement r\u00e9v\u00e9l\u00e9e par Le Figaro.<\/p>\n<h2 class=\"article-subtitle\">Tournant majeur<\/h2>\n<p>Le tout-puissant secr\u00e9taire g\u00e9n\u00e9ral de l\u2019\u00c9lys\u00e9e, jusqu\u2019ici inamovible collaborateur d\u2019Emmanuel Macron depuis son passage \u00e0 Bercy, va \u00eatre nomm\u00e9 directeur g\u00e9n\u00e9ral adjoint de la Soci\u00e9t\u00e9 G\u00e9n\u00e9rale, a annonc\u00e9 la banque fran\u00e7aise vendredi. Il sera notamment pr\u00e9sident de la banque d\u2019investissement de Soci\u00e9t\u00e9 G\u00e9n\u00e9rale et \u00ab&nbsp;coordonnera [\u2026] les activit\u00e9s de fusions et acquisitions&nbsp;\u00bb et \u00ab&nbsp;de march\u00e9 des capitaux actions&nbsp;\u00bb.<\/p>\n<p>\u00ab&nbsp;Alexis Kohler a mis toute son \u00e9nergie, son talent et sa force de travail hors pair au service de notre projet politique et des Fran\u00e7ais&nbsp;\u00bb, lui a rendu hommage le pr\u00e9sident de la R\u00e9publique dans une d\u00e9claration au Figaro. \u00ab&nbsp;Il a servi notre pays de mani\u00e8re exemplaire ces ann\u00e9es. Je sais combien notre action collective lui doit et je sais qu\u2019il continuera son engagement pour la Nation sous d\u2019autres formes&nbsp;\u00bb, ajoute-t-il.<\/p>\n<div class=\"related-article base-margin-bottom\"> <span class=\"badge\">Sur le m\u00eame sujet<\/span> <\/div>\n<p>Le d\u00e9part de celui qui portait \u00e9galement le surnom de \u00ab&nbsp;vice-pr\u00e9sident&nbsp;\u00bb solde une s\u00e9rie de rumeurs et sp\u00e9culations qui s\u2019\u00e9taient amplifi\u00e9es depuis la fin f\u00e9vrier. Il marque un tournant majeur dans la pr\u00e9sidence Macron, tant la long\u00e9vit\u00e9 et le pouvoir qu\u2019on a pr\u00eat\u00e9s \u00e0 Alexis Kohler apparaissent hors du commun&nbsp;: dans la prestigieuse liste de ses pr\u00e9d\u00e9cesseurs, seul Jean-Louis Bianco &#8211; neuf ans aupr\u00e8s de Fran\u00e7ois Mitterrand &#8211; est rest\u00e9 plus longtemps \u00e0 ce poste strat\u00e9gique.<\/p>\n<p>Ce Strasbourgeois de naissance, \u00e9narque, dipl\u00f4m\u00e9 de l\u2019Essec et de Sciences Po Paris, mari\u00e9 et p\u00e8re de trois enfants, est par ailleurs le seul \u00e0 avoir accompli tout un mandat pr\u00e9sidentiel. Mieux&nbsp;: il a \u00e9t\u00e9 maintenu en poste apr\u00e8s la r\u00e9\u00e9lection, puis apr\u00e8s la dissolution de l\u2019Assembl\u00e9e nationale en juin.<\/p>\n<p>Celui qui f\u00eatera ses 53&nbsp;ans en novembre avait d\u00e9j\u00e0 \u00e9t\u00e9 directeur de cabinet du ministre de l\u2019\u00c9conomie Macron \u00e0 Bercy (2014-2016) &#8211; apr\u00e8s avoir \u00e9t\u00e9 celui de Pierre Moscovici -, \u00e0 telle enseigne que depuis l\u2019irruption en politique du patron, il est difficile d\u2019imaginer l\u2019un sans l\u2019autre.<\/p>\n<h2 class=\"article-subtitle\">\u00ab&nbsp;Le castrateur en chef&nbsp;\u00bb<\/h2>\n<p>Ceux qui ont pr\u00e9tendu contrecarrer son influence aupr\u00e8s du chef de l\u2019\u00c9tat en ont d\u2019ailleurs \u00e9t\u00e9 pour leur peine. Ainsi de la r\u00e9forme des retraites&nbsp;: \u00ab&nbsp;Kohler a quasiment mis sa t\u00eate sur le billot\u2026 Il est n\u00e9vrotique sur la question&nbsp;\u00bb, expliquait \u00e0 l\u2019\u00e9poque un d\u00e9put\u00e9 Renaissance. R\u00e9put\u00e9 pour son ardeur \u00e0 la t\u00e2che, son \u00ab&nbsp;intelligence et sa capacit\u00e9 d\u2019analyse&nbsp;\u00bb, Alexis Kohler cultivait une r\u00e9putation ambivalente.<\/p>\n<p>D\u2019un c\u00f4t\u00e9, garde-fou de mesures \u00e9labor\u00e9es parfois \u00e0 l\u2019emporte-pi\u00e8ce par un chef de l\u2019\u00c9tat r\u00e9put\u00e9 aussi transgressif qu\u2019insoucieux de leur mise en \u0153uvre. De l\u2019autre, garde-barri\u00e8re, celui qui, depuis son bureau attenant, filtrait l\u2019acc\u00e8s \u00e0 celui du pr\u00e9sident &#8211; ce qui lui vaut des inimiti\u00e9s parmi les conseillers. Qui arbitre parfois au nom du patron, quitte \u00e0 \u00eatre vu par un familier du Palais comme \u00ab&nbsp;le castrateur en chef&nbsp;\u00bb.<\/p>\n<div class=\"related-article base-margin-bottom\"> <span class=\"badge\">Sur le m\u00eame sujet<\/span> <\/div>\n<p>Sa loyaut\u00e9 lui avait en tout cas valu d\u2019\u00eatre l\u2019un des premiers \u00e0 \u00eatre mis dans la confidence de l\u2019intention pr\u00e9sidentielle de dissoudre l\u2019Assembl\u00e9e au printemps dernier. Mais son ind\u00e9collable image technocratique a culmin\u00e9 lors de la crise des \u00ab&nbsp;gilets jaunes&nbsp;\u00bb que le secr\u00e9taire g\u00e9n\u00e9ral, selon ses d\u00e9tracteurs, n\u2019aurait pas vu venir.<\/p>\n<p> La chronique se veut g\u00e9n\u00e9r\u00e9e de la fa\u00e7on la plus claire que possible. Dans le cas o\u00f9 vous souhaitez pr\u00e9senter des renseignements compl\u00e9mentaires \u00e0 cet article sur le sujet \u00ab\u00a0Fr\u00e8res jumeaux de l&rsquo;Essonnes\u00a0\u00bb il vous est possible d\u2019\u00e9crire aux contacts indiqu\u00e9s sur notre website. La raison d\u2019\u00eatre de jumeaux91.fr \u00e9tant de rassembler sur le web des posts sur le sujet de Fr\u00e8res jumeaux de l&rsquo;Essonnes puis les diffuser en r\u00e9pondant au mieux aux interrogations des gens. Vous pouvez tirer profit de cet article traitant le sujet \u00ab\u00a0Fr\u00e8res jumeaux de l&rsquo;Essonnes\u00a0\u00bb. Il est concoct\u00e9 par l\u2019\u00e9quipe jumeaux91.fr. Prochainement, nous rendrons accessibles au public d&rsquo;autres informations pertinentes sur le sujet \u00ab\u00a0Fr\u00e8res jumeaux de l&rsquo;Essonnes\u00a0\u00bb. Alors, consultez syst\u00e9matiquement notre blog.<\/p>\n","protected":false},"excerpt":{"rendered":"<p>Sur le m\u00eame sujet Emmanuel Moulin, ancien directeur du Tr\u00e9sor puis \u00e0 la t\u00eate du cabinet de Gabriel Attal lorsqu\u2019il \u00e9tait Premier ministre, lui succ\u00e9dera le 14&nbsp;avril, a annonc\u00e9 l\u2019\u00c9lys\u00e9e, confirmant une information initialement r\u00e9v\u00e9l\u00e9e par Le Figaro. Tournant majeur Le tout-puissant secr\u00e9taire g\u00e9n\u00e9ral de l\u2019\u00c9lys\u00e9e, jusqu\u2019ici inamovible collaborateur d\u2019Emmanuel Macron depuis son passage \u00e0&hellip; <a class=\"more-link\" href=\"https:\/\/jumeaux91.fr\/blog\/bras-droit-historique-de-macron-alexis-kohler-va-quitter-ses-fonctions-de-secretaire-general-de-lelysee\/\">Poursuivre la lecture <span class=\"screen-reader-text\">Bras droit historique de Macron, Alexis Kohler va quitter ses fonctions de secr\u00e9taire g\u00e9n\u00e9ral de l\u2019\u00c9lys\u00e9e<\/span><\/a><\/p>\n","protected":false},"author":2,"featured_media":1106,"comment_status":"closed","ping_status":"closed","sticky":false,"template":"","format":"standard","meta":{"footnotes":""},"categories":[4],"tags":[],"class_list":["post-1105","post","type-post","status-publish","format-standard","has-post-thumbnail","hentry","category-posts-freres-jumeaux-de-lessonnes","entry"],"yoast_head":"<!-- This site is optimized with the Yoast SEO plugin v27.5 - https:\/\/yoast.com\/product\/yoast-seo-wordpress\/ -->\n<title>Bras droit historique de Macron, Alexis Kohler va quitter ses fonctions de secr\u00e9taire g\u00e9n\u00e9ral de l\u2019\u00c9lys\u00e9e - JUMEAUX91<\/title>\n<meta name=\"robots\" content=\"index, follow, max-snippet:-1, max-image-preview:large, max-video-preview:-1\" \/>\n<link rel=\"canonical\" href=\"https:\/\/jumeaux91.fr\/blog\/bras-droit-historique-de-macron-alexis-kohler-va-quitter-ses-fonctions-de-secretaire-general-de-lelysee\/\" \/>\n<meta property=\"og:locale\" content=\"fr_FR\" \/>\n<meta property=\"og:type\" content=\"article\" \/>\n<meta property=\"og:title\" content=\"Bras droit historique de Macron, Alexis Kohler va quitter ses fonctions de secr\u00e9taire g\u00e9n\u00e9ral de l\u2019\u00c9lys\u00e9e - JUMEAUX91\" \/>\n<meta property=\"og:description\" content=\"Sur le m\u00eame sujet Emmanuel Moulin, ancien directeur du Tr\u00e9sor puis \u00e0 la t\u00eate du cabinet de Gabriel Attal lorsqu\u2019il \u00e9tait Premier ministre, lui succ\u00e9dera le 14&nbsp;avril, a annonc\u00e9 l\u2019\u00c9lys\u00e9e, confirmant une information initialement r\u00e9v\u00e9l\u00e9e par Le Figaro. Tournant majeur Le tout-puissant secr\u00e9taire g\u00e9n\u00e9ral de l\u2019\u00c9lys\u00e9e, jusqu\u2019ici inamovible collaborateur d\u2019Emmanuel Macron depuis son passage \u00e0&hellip; Poursuivre la lecture Bras droit historique de Macron, Alexis Kohler va quitter ses fonctions de secr\u00e9taire g\u00e9n\u00e9ral de l\u2019\u00c9lys\u00e9e\" \/>\n<meta property=\"og:url\" content=\"https:\/\/jumeaux91.fr\/blog\/bras-droit-historique-de-macron-alexis-kohler-va-quitter-ses-fonctions-de-secretaire-general-de-lelysee\/\" \/>\n<meta property=\"og:site_name\" content=\"JUMEAUX91\" \/>\n<meta property=\"article:published_time\" content=\"2025-03-27T09:58:00+00:00\" \/>\n<meta property=\"og:image\" content=\"https:\/\/jumeaux91.fr\/blog\/wp-content\/uploads\/2025\/03\/bras-droit-historique-de-macron-alexis-kohler-va-quitter-ses-fonctions-de-secretaire-general-de-lelysee.jpg\" \/>\n<meta name=\"author\" content=\"Claude DAYRES\" \/>\n<meta name=\"twitter:card\" content=\"summary_large_image\" \/>\n<meta name=\"twitter:label1\" content=\"\u00c9crit par\" \/>\n\t<meta name=\"twitter:data1\" content=\"Claude DAYRES\" \/>\n\t<meta name=\"twitter:label2\" content=\"Dur\u00e9e de lecture estim\u00e9e\" \/>\n\t<meta name=\"twitter:data2\" content=\"4 minutes\" \/>\n<script type=\"application\/ld+json\" class=\"yoast-schema-graph\">{\"@context\":\"https:\\\/\\\/schema.org\",\"@graph\":[{\"@type\":\"Article\",\"@id\":\"https:\\\/\\\/jumeaux91.fr\\\/blog\\\/bras-droit-historique-de-macron-alexis-kohler-va-quitter-ses-fonctions-de-secretaire-general-de-lelysee\\\/#article\",\"isPartOf\":{\"@id\":\"https:\\\/\\\/jumeaux91.fr\\\/blog\\\/bras-droit-historique-de-macron-alexis-kohler-va-quitter-ses-fonctions-de-secretaire-general-de-lelysee\\\/\"},\"author\":{\"name\":\"Claude DAYRES\",\"@id\":\"https:\\\/\\\/jumeaux91.fr\\\/blog\\\/#\\\/schema\\\/person\\\/21da06e9f119b9f64e5d45dbbd32d3fb\"},\"headline\":\"Bras droit historique de Macron, Alexis Kohler va quitter ses fonctions de secr\u00e9taire g\u00e9n\u00e9ral de l\u2019\u00c9lys\u00e9e\",\"datePublished\":\"2025-03-27T09:58:00+00:00\",\"mainEntityOfPage\":{\"@id\":\"https:\\\/\\\/jumeaux91.fr\\\/blog\\\/bras-droit-historique-de-macron-alexis-kohler-va-quitter-ses-fonctions-de-secretaire-general-de-lelysee\\\/\"},\"wordCount\":823,\"publisher\":{\"@id\":\"https:\\\/\\\/jumeaux91.fr\\\/blog\\\/#organization\"},\"image\":{\"@id\":\"https:\\\/\\\/jumeaux91.fr\\\/blog\\\/bras-droit-historique-de-macron-alexis-kohler-va-quitter-ses-fonctions-de-secretaire-general-de-lelysee\\\/#primaryimage\"},\"thumbnailUrl\":\"https:\\\/\\\/jumeaux91.fr\\\/blog\\\/wp-content\\\/uploads\\\/2025\\\/03\\\/bras-droit-historique-de-macron-alexis-kohler-va-quitter-ses-fonctions-de-secretaire-general-de-lelysee.jpg\",\"articleSection\":[\"Posts Fr\u00e8res Jumeaux De L'Essonnes:\"],\"inLanguage\":\"fr-FR\"},{\"@type\":\"WebPage\",\"@id\":\"https:\\\/\\\/jumeaux91.fr\\\/blog\\\/bras-droit-historique-de-macron-alexis-kohler-va-quitter-ses-fonctions-de-secretaire-general-de-lelysee\\\/\",\"url\":\"https:\\\/\\\/jumeaux91.fr\\\/blog\\\/bras-droit-historique-de-macron-alexis-kohler-va-quitter-ses-fonctions-de-secretaire-general-de-lelysee\\\/\",\"name\":\"Bras droit historique de Macron, Alexis Kohler va quitter ses fonctions de secr\u00e9taire g\u00e9n\u00e9ral de l\u2019\u00c9lys\u00e9e - JUMEAUX91\",\"isPartOf\":{\"@id\":\"https:\\\/\\\/jumeaux91.fr\\\/blog\\\/#website\"},\"primaryImageOfPage\":{\"@id\":\"https:\\\/\\\/jumeaux91.fr\\\/blog\\\/bras-droit-historique-de-macron-alexis-kohler-va-quitter-ses-fonctions-de-secretaire-general-de-lelysee\\\/#primaryimage\"},\"image\":{\"@id\":\"https:\\\/\\\/jumeaux91.fr\\\/blog\\\/bras-droit-historique-de-macron-alexis-kohler-va-quitter-ses-fonctions-de-secretaire-general-de-lelysee\\\/#primaryimage\"},\"thumbnailUrl\":\"https:\\\/\\\/jumeaux91.fr\\\/blog\\\/wp-content\\\/uploads\\\/2025\\\/03\\\/bras-droit-historique-de-macron-alexis-kohler-va-quitter-ses-fonctions-de-secretaire-general-de-lelysee.jpg\",\"datePublished\":\"2025-03-27T09:58:00+00:00\",\"breadcrumb\":{\"@id\":\"https:\\\/\\\/jumeaux91.fr\\\/blog\\\/bras-droit-historique-de-macron-alexis-kohler-va-quitter-ses-fonctions-de-secretaire-general-de-lelysee\\\/#breadcrumb\"},\"inLanguage\":\"fr-FR\",\"potentialAction\":[{\"@type\":\"ReadAction\",\"target\":[\"https:\\\/\\\/jumeaux91.fr\\\/blog\\\/bras-droit-historique-de-macron-alexis-kohler-va-quitter-ses-fonctions-de-secretaire-general-de-lelysee\\\/\"]}]},{\"@type\":\"ImageObject\",\"inLanguage\":\"fr-FR\",\"@id\":\"https:\\\/\\\/jumeaux91.fr\\\/blog\\\/bras-droit-historique-de-macron-alexis-kohler-va-quitter-ses-fonctions-de-secretaire-general-de-lelysee\\\/#primaryimage\",\"url\":\"https:\\\/\\\/jumeaux91.fr\\\/blog\\\/wp-content\\\/uploads\\\/2025\\\/03\\\/bras-droit-historique-de-macron-alexis-kohler-va-quitter-ses-fonctions-de-secretaire-general-de-lelysee.jpg\",\"contentUrl\":\"https:\\\/\\\/jumeaux91.fr\\\/blog\\\/wp-content\\\/uploads\\\/2025\\\/03\\\/bras-droit-historique-de-macron-alexis-kohler-va-quitter-ses-fonctions-de-secretaire-general-de-lelysee.jpg\",\"width\":1200,\"height\":799,\"caption\":\"Bras droit historique de Macron, Alexis Kohler va quitter ses fonctions de secr\u00e9taire g\u00e9n\u00e9ral de l\u2019\u00c9lys\u00e9e\"},{\"@type\":\"BreadcrumbList\",\"@id\":\"https:\\\/\\\/jumeaux91.fr\\\/blog\\\/bras-droit-historique-de-macron-alexis-kohler-va-quitter-ses-fonctions-de-secretaire-general-de-lelysee\\\/#breadcrumb\",\"itemListElement\":[{\"@type\":\"ListItem\",\"position\":1,\"name\":\"Accueil\",\"item\":\"https:\\\/\\\/jumeaux91.fr\\\/blog\\\/\"},{\"@type\":\"ListItem\",\"position\":2,\"name\":\"Bras droit historique de Macron, Alexis Kohler va quitter ses fonctions de secr\u00e9taire g\u00e9n\u00e9ral de l\u2019\u00c9lys\u00e9e\"}]},{\"@type\":\"WebSite\",\"@id\":\"https:\\\/\\\/jumeaux91.fr\\\/blog\\\/#website\",\"url\":\"https:\\\/\\\/jumeaux91.fr\\\/blog\\\/\",\"name\":\"JUMEAUX91\",\"description\":\"Fr\u00e8res jumeaux de l&#039;Essonnes; informations et archives, \u00e0 savoir et retenir.\",\"publisher\":{\"@id\":\"https:\\\/\\\/jumeaux91.fr\\\/blog\\\/#organization\"},\"potentialAction\":[{\"@type\":\"SearchAction\",\"target\":{\"@type\":\"EntryPoint\",\"urlTemplate\":\"https:\\\/\\\/jumeaux91.fr\\\/blog\\\/?s={search_term_string}\"},\"query-input\":{\"@type\":\"PropertyValueSpecification\",\"valueRequired\":true,\"valueName\":\"search_term_string\"}}],\"inLanguage\":\"fr-FR\"},{\"@type\":\"Organization\",\"@id\":\"https:\\\/\\\/jumeaux91.fr\\\/blog\\\/#organization\",\"name\":\"jumeaux91\",\"url\":\"https:\\\/\\\/jumeaux91.fr\\\/blog\\\/\",\"logo\":{\"@type\":\"ImageObject\",\"inLanguage\":\"fr-FR\",\"@id\":\"https:\\\/\\\/jumeaux91.fr\\\/blog\\\/#\\\/schema\\\/logo\\\/image\\\/\",\"url\":\"https:\\\/\\\/jumeaux91.fr\\\/blog\\\/wp-content\\\/uploads\\\/2023\\\/05\\\/cropped-cropped-logoJ_91.png\",\"contentUrl\":\"https:\\\/\\\/jumeaux91.fr\\\/blog\\\/wp-content\\\/uploads\\\/2023\\\/05\\\/cropped-cropped-logoJ_91.png\",\"width\":512,\"height\":512,\"caption\":\"jumeaux91\"},\"image\":{\"@id\":\"https:\\\/\\\/jumeaux91.fr\\\/blog\\\/#\\\/schema\\\/logo\\\/image\\\/\"}},{\"@type\":\"Person\",\"@id\":\"https:\\\/\\\/jumeaux91.fr\\\/blog\\\/#\\\/schema\\\/person\\\/21da06e9f119b9f64e5d45dbbd32d3fb\",\"name\":\"Claude DAYRES\",\"image\":{\"@type\":\"ImageObject\",\"inLanguage\":\"fr-FR\",\"@id\":\"https:\\\/\\\/secure.gravatar.com\\\/avatar\\\/82eb951df6110a2c48d1bfa7a67d1ee6f0cd5df3cbf9c3586dd61e82db7172a5?s=96&d=mm&r=g\",\"url\":\"https:\\\/\\\/secure.gravatar.com\\\/avatar\\\/82eb951df6110a2c48d1bfa7a67d1ee6f0cd5df3cbf9c3586dd61e82db7172a5?s=96&d=mm&r=g\",\"contentUrl\":\"https:\\\/\\\/secure.gravatar.com\\\/avatar\\\/82eb951df6110a2c48d1bfa7a67d1ee6f0cd5df3cbf9c3586dd61e82db7172a5?s=96&d=mm&r=g\",\"caption\":\"Claude DAYRES\"},\"url\":\"https:\\\/\\\/jumeaux91.fr\\\/blog\\\/author\\\/x91claude\\\/\"}]}<\/script>\n<!-- \/ Yoast SEO plugin. -->","yoast_head_json":{"title":"Bras droit historique de Macron, Alexis Kohler va quitter ses fonctions de secr\u00e9taire g\u00e9n\u00e9ral de l\u2019\u00c9lys\u00e9e - JUMEAUX91","robots":{"index":"index","follow":"follow","max-snippet":"max-snippet:-1","max-image-preview":"max-image-preview:large","max-video-preview":"max-video-preview:-1"},"canonical":"https:\/\/jumeaux91.fr\/blog\/bras-droit-historique-de-macron-alexis-kohler-va-quitter-ses-fonctions-de-secretaire-general-de-lelysee\/","og_locale":"fr_FR","og_type":"article","og_title":"Bras droit historique de Macron, Alexis Kohler va quitter ses fonctions de secr\u00e9taire g\u00e9n\u00e9ral de l\u2019\u00c9lys\u00e9e - JUMEAUX91","og_description":"Sur le m\u00eame sujet Emmanuel Moulin, ancien directeur du Tr\u00e9sor puis \u00e0 la t\u00eate du cabinet de Gabriel Attal lorsqu\u2019il \u00e9tait Premier ministre, lui succ\u00e9dera le 14&nbsp;avril, a annonc\u00e9 l\u2019\u00c9lys\u00e9e, confirmant une information initialement r\u00e9v\u00e9l\u00e9e par Le Figaro. Tournant majeur Le tout-puissant secr\u00e9taire g\u00e9n\u00e9ral de l\u2019\u00c9lys\u00e9e, jusqu\u2019ici inamovible collaborateur d\u2019Emmanuel Macron depuis son passage \u00e0&hellip; Poursuivre la lecture Bras droit historique de Macron, Alexis Kohler va quitter ses fonctions de secr\u00e9taire g\u00e9n\u00e9ral de l\u2019\u00c9lys\u00e9e","og_url":"https:\/\/jumeaux91.fr\/blog\/bras-droit-historique-de-macron-alexis-kohler-va-quitter-ses-fonctions-de-secretaire-general-de-lelysee\/","og_site_name":"JUMEAUX91","article_published_time":"2025-03-27T09:58:00+00:00","og_image":[{"url":"https:\/\/jumeaux91.fr\/blog\/wp-content\/uploads\/2025\/03\/bras-droit-historique-de-macron-alexis-kohler-va-quitter-ses-fonctions-de-secretaire-general-de-lelysee.jpg","type":"","width":"","height":""}],"author":"Claude DAYRES","twitter_card":"summary_large_image","twitter_misc":{"\u00c9crit par":"Claude DAYRES","Dur\u00e9e de lecture estim\u00e9e":"4 minutes"},"schema":{"@context":"https:\/\/schema.org","@graph":[{"@type":"Article","@id":"https:\/\/jumeaux91.fr\/blog\/bras-droit-historique-de-macron-alexis-kohler-va-quitter-ses-fonctions-de-secretaire-general-de-lelysee\/#article","isPartOf":{"@id":"https:\/\/jumeaux91.fr\/blog\/bras-droit-historique-de-macron-alexis-kohler-va-quitter-ses-fonctions-de-secretaire-general-de-lelysee\/"},"author":{"name":"Claude DAYRES","@id":"https:\/\/jumeaux91.fr\/blog\/#\/schema\/person\/21da06e9f119b9f64e5d45dbbd32d3fb"},"headline":"Bras droit historique de Macron, Alexis Kohler va quitter ses fonctions de secr\u00e9taire g\u00e9n\u00e9ral de l\u2019\u00c9lys\u00e9e","datePublished":"2025-03-27T09:58:00+00:00","mainEntityOfPage":{"@id":"https:\/\/jumeaux91.fr\/blog\/bras-droit-historique-de-macron-alexis-kohler-va-quitter-ses-fonctions-de-secretaire-general-de-lelysee\/"},"wordCount":823,"publisher":{"@id":"https:\/\/jumeaux91.fr\/blog\/#organization"},"image":{"@id":"https:\/\/jumeaux91.fr\/blog\/bras-droit-historique-de-macron-alexis-kohler-va-quitter-ses-fonctions-de-secretaire-general-de-lelysee\/#primaryimage"},"thumbnailUrl":"https:\/\/jumeaux91.fr\/blog\/wp-content\/uploads\/2025\/03\/bras-droit-historique-de-macron-alexis-kohler-va-quitter-ses-fonctions-de-secretaire-general-de-lelysee.jpg","articleSection":["Posts Fr\u00e8res Jumeaux De L'Essonnes:"],"inLanguage":"fr-FR"},{"@type":"WebPage","@id":"https:\/\/jumeaux91.fr\/blog\/bras-droit-historique-de-macron-alexis-kohler-va-quitter-ses-fonctions-de-secretaire-general-de-lelysee\/","url":"https:\/\/jumeaux91.fr\/blog\/bras-droit-historique-de-macron-alexis-kohler-va-quitter-ses-fonctions-de-secretaire-general-de-lelysee\/","name":"Bras droit historique de Macron, Alexis Kohler va quitter ses fonctions de secr\u00e9taire g\u00e9n\u00e9ral de l\u2019\u00c9lys\u00e9e - JUMEAUX91","isPartOf":{"@id":"https:\/\/jumeaux91.fr\/blog\/#website"},"primaryImageOfPage":{"@id":"https:\/\/jumeaux91.fr\/blog\/bras-droit-historique-de-macron-alexis-kohler-va-quitter-ses-fonctions-de-secretaire-general-de-lelysee\/#primaryimage"},"image":{"@id":"https:\/\/jumeaux91.fr\/blog\/bras-droit-historique-de-macron-alexis-kohler-va-quitter-ses-fonctions-de-secretaire-general-de-lelysee\/#primaryimage"},"thumbnailUrl":"https:\/\/jumeaux91.fr\/blog\/wp-content\/uploads\/2025\/03\/bras-droit-historique-de-macron-alexis-kohler-va-quitter-ses-fonctions-de-secretaire-general-de-lelysee.jpg","datePublished":"2025-03-27T09:58:00+00:00","breadcrumb":{"@id":"https:\/\/jumeaux91.fr\/blog\/bras-droit-historique-de-macron-alexis-kohler-va-quitter-ses-fonctions-de-secretaire-general-de-lelysee\/#breadcrumb"},"inLanguage":"fr-FR","potentialAction":[{"@type":"ReadAction","target":["https:\/\/jumeaux91.fr\/blog\/bras-droit-historique-de-macron-alexis-kohler-va-quitter-ses-fonctions-de-secretaire-general-de-lelysee\/"]}]},{"@type":"ImageObject","inLanguage":"fr-FR","@id":"https:\/\/jumeaux91.fr\/blog\/bras-droit-historique-de-macron-alexis-kohler-va-quitter-ses-fonctions-de-secretaire-general-de-lelysee\/#primaryimage","url":"https:\/\/jumeaux91.fr\/blog\/wp-content\/uploads\/2025\/03\/bras-droit-historique-de-macron-alexis-kohler-va-quitter-ses-fonctions-de-secretaire-general-de-lelysee.jpg","contentUrl":"https:\/\/jumeaux91.fr\/blog\/wp-content\/uploads\/2025\/03\/bras-droit-historique-de-macron-alexis-kohler-va-quitter-ses-fonctions-de-secretaire-general-de-lelysee.jpg","width":1200,"height":799,"caption":"Bras droit historique de Macron, Alexis Kohler va quitter ses fonctions de secr\u00e9taire g\u00e9n\u00e9ral de l\u2019\u00c9lys\u00e9e"},{"@type":"BreadcrumbList","@id":"https:\/\/jumeaux91.fr\/blog\/bras-droit-historique-de-macron-alexis-kohler-va-quitter-ses-fonctions-de-secretaire-general-de-lelysee\/#breadcrumb","itemListElement":[{"@type":"ListItem","position":1,"name":"Accueil","item":"https:\/\/jumeaux91.fr\/blog\/"},{"@type":"ListItem","position":2,"name":"Bras droit historique de Macron, Alexis Kohler va quitter ses fonctions de secr\u00e9taire g\u00e9n\u00e9ral de l\u2019\u00c9lys\u00e9e"}]},{"@type":"WebSite","@id":"https:\/\/jumeaux91.fr\/blog\/#website","url":"https:\/\/jumeaux91.fr\/blog\/","name":"JUMEAUX91","description":"Fr\u00e8res jumeaux de l&#039;Essonnes; informations et archives, \u00e0 savoir et retenir.","publisher":{"@id":"https:\/\/jumeaux91.fr\/blog\/#organization"},"potentialAction":[{"@type":"SearchAction","target":{"@type":"EntryPoint","urlTemplate":"https:\/\/jumeaux91.fr\/blog\/?s={search_term_string}"},"query-input":{"@type":"PropertyValueSpecification","valueRequired":true,"valueName":"search_term_string"}}],"inLanguage":"fr-FR"},{"@type":"Organization","@id":"https:\/\/jumeaux91.fr\/blog\/#organization","name":"jumeaux91","url":"https:\/\/jumeaux91.fr\/blog\/","logo":{"@type":"ImageObject","inLanguage":"fr-FR","@id":"https:\/\/jumeaux91.fr\/blog\/#\/schema\/logo\/image\/","url":"https:\/\/jumeaux91.fr\/blog\/wp-content\/uploads\/2023\/05\/cropped-cropped-logoJ_91.png","contentUrl":"https:\/\/jumeaux91.fr\/blog\/wp-content\/uploads\/2023\/05\/cropped-cropped-logoJ_91.png","width":512,"height":512,"caption":"jumeaux91"},"image":{"@id":"https:\/\/jumeaux91.fr\/blog\/#\/schema\/logo\/image\/"}},{"@type":"Person","@id":"https:\/\/jumeaux91.fr\/blog\/#\/schema\/person\/21da06e9f119b9f64e5d45dbbd32d3fb","name":"Claude DAYRES","image":{"@type":"ImageObject","inLanguage":"fr-FR","@id":"https:\/\/secure.gravatar.com\/avatar\/82eb951df6110a2c48d1bfa7a67d1ee6f0cd5df3cbf9c3586dd61e82db7172a5?s=96&d=mm&r=g","url":"https:\/\/secure.gravatar.com\/avatar\/82eb951df6110a2c48d1bfa7a67d1ee6f0cd5df3cbf9c3586dd61e82db7172a5?s=96&d=mm&r=g","contentUrl":"https:\/\/secure.gravatar.com\/avatar\/82eb951df6110a2c48d1bfa7a67d1ee6f0cd5df3cbf9c3586dd61e82db7172a5?s=96&d=mm&r=g","caption":"Claude DAYRES"},"url":"https:\/\/jumeaux91.fr\/blog\/author\/x91claude\/"}]}},"_links":{"self":[{"href":"https:\/\/jumeaux91.fr\/blog\/wp-json\/wp\/v2\/posts\/1105","targetHints":{"allow":["GET"]}}],"collection":[{"href":"https:\/\/jumeaux91.fr\/blog\/wp-json\/wp\/v2\/posts"}],"about":[{"href":"https:\/\/jumeaux91.fr\/blog\/wp-json\/wp\/v2\/types\/post"}],"author":[{"embeddable":true,"href":"https:\/\/jumeaux91.fr\/blog\/wp-json\/wp\/v2\/users\/2"}],"replies":[{"embeddable":true,"href":"https:\/\/jumeaux91.fr\/blog\/wp-json\/wp\/v2\/comments?post=1105"}],"version-history":[{"count":0,"href":"https:\/\/jumeaux91.fr\/blog\/wp-json\/wp\/v2\/posts\/1105\/revisions"}],"wp:featuredmedia":[{"embeddable":true,"href":"https:\/\/jumeaux91.fr\/blog\/wp-json\/wp\/v2\/media\/1106"}],"wp:attachment":[{"href":"https:\/\/jumeaux91.fr\/blog\/wp-json\/wp\/v2\/media?parent=1105"}],"wp:term":[{"taxonomy":"category","embeddable":true,"href":"https:\/\/jumeaux91.fr\/blog\/wp-json\/wp\/v2\/categories?post=1105"},{"taxonomy":"post_tag","embeddable":true,"href":"https:\/\/jumeaux91.fr\/blog\/wp-json\/wp\/v2\/tags?post=1105"}],"curies":[{"name":"wp","href":"https:\/\/api.w.org\/{rel}","templated":true}]}}