{"id":1107,"date":"2025-03-28T00:59:00","date_gmt":"2025-03-27T23:59:00","guid":{"rendered":"https:\/\/jumeaux91.fr\/blog\/alexis-kohler-de-lelysee-a-la-societe-generale\/"},"modified":"2025-03-28T00:59:00","modified_gmt":"2025-03-27T23:59:00","slug":"alexis-kohler-de-lelysee-a-la-societe-generale","status":"publish","type":"post","link":"https:\/\/jumeaux91.fr\/blog\/alexis-kohler-de-lelysee-a-la-societe-generale\/","title":{"rendered":"Alexis Kohler, de l\u2019\u00c9lys\u00e9e \u00e0 la Soci\u00e9t\u00e9 G\u00e9n\u00e9rale"},"content":{"rendered":"<div><img decoding=\"async\" src=\"https:\/\/jumeaux91.fr\/blog\/wp-content\/uploads\/2025\/03\/alexis-kohler-de-lelysee-a-la-societe-generale.jpg\" class=\"ff-og-image-inserted\"><\/div>\n<p>Il sera notamment pr\u00e9sident de la banque d\u2019investissement de Soci\u00e9t\u00e9 G\u00e9n\u00e9rale et \u00ab&nbsp;coordonnera [\u2026] les activit\u00e9s de fusions et acquisitions&nbsp;\u00bb et \u00ab&nbsp;de march\u00e9 des capitaux actions&nbsp;\u00bb, selon le communiqu\u00e9 du groupe bancaire.<\/p>\n<div class=\"related-article related-article-premium base-margin-bottom\"> <span class=\"badge\">La r\u00e9daction vous conseille<\/span> <\/div>\n<p>Bras droit historique d\u2019Emmanuel Macron, Alexis Kohler doit quitter mi-avril les fonctions de secr\u00e9taire g\u00e9n\u00e9ral de l\u2019\u00c9lys\u00e9e, un tournant pour les deux hommes parfois compar\u00e9s \u00e0 des fr\u00e8res jumeaux.<\/p>\n<p>Emmanuel Moulin, ancien directeur du Tr\u00e9sor puis \u00e0 la t\u00eate du cabinet de Gabriel Attal lorsqu\u2019il \u00e9tait Premier ministre, lui succ\u00e9dera le 14&nbsp;avril, a annonc\u00e9 l\u2019\u00c9lys\u00e9e, confirmant une information initialement r\u00e9v\u00e9l\u00e9e par <a href=\"https:\/\/www.lefigaro.fr\/politique\/le-secretaire-general-de-l-elysee-alexis-kohler-annonce-son-depart-apres-dix-ans-au-cote-d-emmanuel-macron-20250327\" target=\"_blank\" rel=\"nofollow\">Le Figaro<\/a>.<\/p>\n<p> La chronique se veut g\u00e9n\u00e9r\u00e9e de la fa\u00e7on la plus claire que possible. Dans le cas o\u00f9 vous souhaitez pr\u00e9senter des renseignements compl\u00e9mentaires \u00e0 cet article sur le sujet \u00ab\u00a0Fr\u00e8res jumeaux de l&rsquo;Essonnes\u00a0\u00bb il vous est possible d\u2019\u00e9crire aux contacts indiqu\u00e9s sur notre website. La raison d\u2019\u00eatre de jumeaux91.fr \u00e9tant de rassembler sur le web des posts sur le sujet de Fr\u00e8res jumeaux de l&rsquo;Essonnes puis les diffuser en r\u00e9pondant au mieux aux interrogations des gens. Vous pouvez tirer profit de cet article traitant le sujet \u00ab\u00a0Fr\u00e8res jumeaux de l&rsquo;Essonnes\u00a0\u00bb. Il est concoct\u00e9 par l\u2019\u00e9quipe jumeaux91.fr. Prochainement, nous rendrons accessibles au public d&rsquo;autres informations pertinentes sur le sujet \u00ab\u00a0Fr\u00e8res jumeaux de l&rsquo;Essonnes\u00a0\u00bb. Alors, consultez syst\u00e9matiquement notre blog.<\/p>\n","protected":false},"excerpt":{"rendered":"<p>Il sera notamment pr\u00e9sident de la banque d\u2019investissement de Soci\u00e9t\u00e9 G\u00e9n\u00e9rale et \u00ab&nbsp;coordonnera [\u2026] les activit\u00e9s de fusions et acquisitions&nbsp;\u00bb et \u00ab&nbsp;de march\u00e9 des capitaux actions&nbsp;\u00bb, selon le communiqu\u00e9 du groupe bancaire. La r\u00e9daction vous conseille Bras droit historique d\u2019Emmanuel Macron, Alexis Kohler doit quitter mi-avril les fonctions de secr\u00e9taire g\u00e9n\u00e9ral de l\u2019\u00c9lys\u00e9e, un tournant&hellip; <a class=\"more-link\" href=\"https:\/\/jumeaux91.fr\/blog\/alexis-kohler-de-lelysee-a-la-societe-generale\/\">Poursuivre la lecture <span class=\"screen-reader-text\">Alexis Kohler, de l\u2019\u00c9lys\u00e9e \u00e0 la Soci\u00e9t\u00e9 G\u00e9n\u00e9rale<\/span><\/a><\/p>\n","protected":false},"author":2,"featured_media":1108,"comment_status":"closed","ping_status":"closed","sticky":false,"template":"","format":"standard","meta":{"footnotes":""},"categories":[4],"tags":[],"class_list":["post-1107","post","type-post","status-publish","format-standard","has-post-thumbnail","hentry","category-posts-freres-jumeaux-de-lessonnes","entry"],"yoast_head":"<!-- This site is optimized with the Yoast SEO plugin v27.5 - https:\/\/yoast.com\/product\/yoast-seo-wordpress\/ -->\n<title>Alexis Kohler, de l\u2019\u00c9lys\u00e9e \u00e0 la Soci\u00e9t\u00e9 G\u00e9n\u00e9rale - JUMEAUX91<\/title>\n<meta name=\"robots\" content=\"index, follow, max-snippet:-1, max-image-preview:large, max-video-preview:-1\" \/>\n<link rel=\"canonical\" href=\"https:\/\/jumeaux91.fr\/blog\/alexis-kohler-de-lelysee-a-la-societe-generale\/\" \/>\n<meta property=\"og:locale\" content=\"fr_FR\" \/>\n<meta property=\"og:type\" content=\"article\" \/>\n<meta property=\"og:title\" content=\"Alexis Kohler, de l\u2019\u00c9lys\u00e9e \u00e0 la Soci\u00e9t\u00e9 G\u00e9n\u00e9rale - JUMEAUX91\" \/>\n<meta property=\"og:description\" content=\"Il sera notamment pr\u00e9sident de la banque d\u2019investissement de Soci\u00e9t\u00e9 G\u00e9n\u00e9rale et \u00ab&nbsp;coordonnera [\u2026] les activit\u00e9s de fusions et acquisitions&nbsp;\u00bb et \u00ab&nbsp;de march\u00e9 des capitaux actions&nbsp;\u00bb, selon le communiqu\u00e9 du groupe bancaire. La r\u00e9daction vous conseille Bras droit historique d\u2019Emmanuel Macron, Alexis Kohler doit quitter mi-avril les fonctions de secr\u00e9taire g\u00e9n\u00e9ral de l\u2019\u00c9lys\u00e9e, un tournant&hellip; Poursuivre la lecture Alexis Kohler, de l\u2019\u00c9lys\u00e9e \u00e0 la Soci\u00e9t\u00e9 G\u00e9n\u00e9rale\" \/>\n<meta property=\"og:url\" content=\"https:\/\/jumeaux91.fr\/blog\/alexis-kohler-de-lelysee-a-la-societe-generale\/\" \/>\n<meta property=\"og:site_name\" content=\"JUMEAUX91\" \/>\n<meta property=\"article:published_time\" content=\"2025-03-27T23:59:00+00:00\" \/>\n<meta property=\"og:image\" content=\"https:\/\/jumeaux91.fr\/blog\/wp-content\/uploads\/2025\/03\/alexis-kohler-de-lelysee-a-la-societe-generale.jpg\" \/>\n<meta name=\"author\" content=\"Claude DAYRES\" \/>\n<meta name=\"twitter:card\" content=\"summary_large_image\" \/>\n<meta name=\"twitter:label1\" content=\"\u00c9crit par\" \/>\n\t<meta name=\"twitter:data1\" content=\"Claude DAYRES\" \/>\n\t<meta name=\"twitter:label2\" content=\"Dur\u00e9e de lecture estim\u00e9e\" \/>\n\t<meta name=\"twitter:data2\" content=\"1 minute\" \/>\n<script type=\"application\/ld+json\" class=\"yoast-schema-graph\">{\"@context\":\"https:\\\/\\\/schema.org\",\"@graph\":[{\"@type\":\"Article\",\"@id\":\"https:\\\/\\\/jumeaux91.fr\\\/blog\\\/alexis-kohler-de-lelysee-a-la-societe-generale\\\/#article\",\"isPartOf\":{\"@id\":\"https:\\\/\\\/jumeaux91.fr\\\/blog\\\/alexis-kohler-de-lelysee-a-la-societe-generale\\\/\"},\"author\":{\"name\":\"Claude DAYRES\",\"@id\":\"https:\\\/\\\/jumeaux91.fr\\\/blog\\\/#\\\/schema\\\/person\\\/21da06e9f119b9f64e5d45dbbd32d3fb\"},\"headline\":\"Alexis Kohler, de l\u2019\u00c9lys\u00e9e \u00e0 la Soci\u00e9t\u00e9 G\u00e9n\u00e9rale\",\"datePublished\":\"2025-03-27T23:59:00+00:00\",\"mainEntityOfPage\":{\"@id\":\"https:\\\/\\\/jumeaux91.fr\\\/blog\\\/alexis-kohler-de-lelysee-a-la-societe-generale\\\/\"},\"wordCount\":276,\"publisher\":{\"@id\":\"https:\\\/\\\/jumeaux91.fr\\\/blog\\\/#organization\"},\"image\":{\"@id\":\"https:\\\/\\\/jumeaux91.fr\\\/blog\\\/alexis-kohler-de-lelysee-a-la-societe-generale\\\/#primaryimage\"},\"thumbnailUrl\":\"https:\\\/\\\/jumeaux91.fr\\\/blog\\\/wp-content\\\/uploads\\\/2025\\\/03\\\/alexis-kohler-de-lelysee-a-la-societe-generale.jpg\",\"articleSection\":[\"Posts Fr\u00e8res Jumeaux De L'Essonnes:\"],\"inLanguage\":\"fr-FR\"},{\"@type\":\"WebPage\",\"@id\":\"https:\\\/\\\/jumeaux91.fr\\\/blog\\\/alexis-kohler-de-lelysee-a-la-societe-generale\\\/\",\"url\":\"https:\\\/\\\/jumeaux91.fr\\\/blog\\\/alexis-kohler-de-lelysee-a-la-societe-generale\\\/\",\"name\":\"Alexis Kohler, de l\u2019\u00c9lys\u00e9e \u00e0 la Soci\u00e9t\u00e9 G\u00e9n\u00e9rale - JUMEAUX91\",\"isPartOf\":{\"@id\":\"https:\\\/\\\/jumeaux91.fr\\\/blog\\\/#website\"},\"primaryImageOfPage\":{\"@id\":\"https:\\\/\\\/jumeaux91.fr\\\/blog\\\/alexis-kohler-de-lelysee-a-la-societe-generale\\\/#primaryimage\"},\"image\":{\"@id\":\"https:\\\/\\\/jumeaux91.fr\\\/blog\\\/alexis-kohler-de-lelysee-a-la-societe-generale\\\/#primaryimage\"},\"thumbnailUrl\":\"https:\\\/\\\/jumeaux91.fr\\\/blog\\\/wp-content\\\/uploads\\\/2025\\\/03\\\/alexis-kohler-de-lelysee-a-la-societe-generale.jpg\",\"datePublished\":\"2025-03-27T23:59:00+00:00\",\"breadcrumb\":{\"@id\":\"https:\\\/\\\/jumeaux91.fr\\\/blog\\\/alexis-kohler-de-lelysee-a-la-societe-generale\\\/#breadcrumb\"},\"inLanguage\":\"fr-FR\",\"potentialAction\":[{\"@type\":\"ReadAction\",\"target\":[\"https:\\\/\\\/jumeaux91.fr\\\/blog\\\/alexis-kohler-de-lelysee-a-la-societe-generale\\\/\"]}]},{\"@type\":\"ImageObject\",\"inLanguage\":\"fr-FR\",\"@id\":\"https:\\\/\\\/jumeaux91.fr\\\/blog\\\/alexis-kohler-de-lelysee-a-la-societe-generale\\\/#primaryimage\",\"url\":\"https:\\\/\\\/jumeaux91.fr\\\/blog\\\/wp-content\\\/uploads\\\/2025\\\/03\\\/alexis-kohler-de-lelysee-a-la-societe-generale.jpg\",\"contentUrl\":\"https:\\\/\\\/jumeaux91.fr\\\/blog\\\/wp-content\\\/uploads\\\/2025\\\/03\\\/alexis-kohler-de-lelysee-a-la-societe-generale.jpg\",\"width\":1200,\"height\":717,\"caption\":\"Alexis Kohler, de l\u2019\u00c9lys\u00e9e \u00e0 la Soci\u00e9t\u00e9 G\u00e9n\u00e9rale\"},{\"@type\":\"BreadcrumbList\",\"@id\":\"https:\\\/\\\/jumeaux91.fr\\\/blog\\\/alexis-kohler-de-lelysee-a-la-societe-generale\\\/#breadcrumb\",\"itemListElement\":[{\"@type\":\"ListItem\",\"position\":1,\"name\":\"Accueil\",\"item\":\"https:\\\/\\\/jumeaux91.fr\\\/blog\\\/\"},{\"@type\":\"ListItem\",\"position\":2,\"name\":\"Alexis Kohler, de l\u2019\u00c9lys\u00e9e \u00e0 la Soci\u00e9t\u00e9 G\u00e9n\u00e9rale\"}]},{\"@type\":\"WebSite\",\"@id\":\"https:\\\/\\\/jumeaux91.fr\\\/blog\\\/#website\",\"url\":\"https:\\\/\\\/jumeaux91.fr\\\/blog\\\/\",\"name\":\"JUMEAUX91\",\"description\":\"Fr\u00e8res jumeaux de l&#039;Essonnes; informations et archives, \u00e0 savoir et retenir.\",\"publisher\":{\"@id\":\"https:\\\/\\\/jumeaux91.fr\\\/blog\\\/#organization\"},\"potentialAction\":[{\"@type\":\"SearchAction\",\"target\":{\"@type\":\"EntryPoint\",\"urlTemplate\":\"https:\\\/\\\/jumeaux91.fr\\\/blog\\\/?s={search_term_string}\"},\"query-input\":{\"@type\":\"PropertyValueSpecification\",\"valueRequired\":true,\"valueName\":\"search_term_string\"}}],\"inLanguage\":\"fr-FR\"},{\"@type\":\"Organization\",\"@id\":\"https:\\\/\\\/jumeaux91.fr\\\/blog\\\/#organization\",\"name\":\"jumeaux91\",\"url\":\"https:\\\/\\\/jumeaux91.fr\\\/blog\\\/\",\"logo\":{\"@type\":\"ImageObject\",\"inLanguage\":\"fr-FR\",\"@id\":\"https:\\\/\\\/jumeaux91.fr\\\/blog\\\/#\\\/schema\\\/logo\\\/image\\\/\",\"url\":\"https:\\\/\\\/jumeaux91.fr\\\/blog\\\/wp-content\\\/uploads\\\/2023\\\/05\\\/cropped-cropped-logoJ_91.png\",\"contentUrl\":\"https:\\\/\\\/jumeaux91.fr\\\/blog\\\/wp-content\\\/uploads\\\/2023\\\/05\\\/cropped-cropped-logoJ_91.png\",\"width\":512,\"height\":512,\"caption\":\"jumeaux91\"},\"image\":{\"@id\":\"https:\\\/\\\/jumeaux91.fr\\\/blog\\\/#\\\/schema\\\/logo\\\/image\\\/\"}},{\"@type\":\"Person\",\"@id\":\"https:\\\/\\\/jumeaux91.fr\\\/blog\\\/#\\\/schema\\\/person\\\/21da06e9f119b9f64e5d45dbbd32d3fb\",\"name\":\"Claude DAYRES\",\"image\":{\"@type\":\"ImageObject\",\"inLanguage\":\"fr-FR\",\"@id\":\"https:\\\/\\\/secure.gravatar.com\\\/avatar\\\/82eb951df6110a2c48d1bfa7a67d1ee6f0cd5df3cbf9c3586dd61e82db7172a5?s=96&d=mm&r=g\",\"url\":\"https:\\\/\\\/secure.gravatar.com\\\/avatar\\\/82eb951df6110a2c48d1bfa7a67d1ee6f0cd5df3cbf9c3586dd61e82db7172a5?s=96&d=mm&r=g\",\"contentUrl\":\"https:\\\/\\\/secure.gravatar.com\\\/avatar\\\/82eb951df6110a2c48d1bfa7a67d1ee6f0cd5df3cbf9c3586dd61e82db7172a5?s=96&d=mm&r=g\",\"caption\":\"Claude DAYRES\"},\"url\":\"https:\\\/\\\/jumeaux91.fr\\\/blog\\\/author\\\/x91claude\\\/\"}]}<\/script>\n<!-- \/ Yoast SEO plugin. -->","yoast_head_json":{"title":"Alexis Kohler, de l\u2019\u00c9lys\u00e9e \u00e0 la Soci\u00e9t\u00e9 G\u00e9n\u00e9rale - JUMEAUX91","robots":{"index":"index","follow":"follow","max-snippet":"max-snippet:-1","max-image-preview":"max-image-preview:large","max-video-preview":"max-video-preview:-1"},"canonical":"https:\/\/jumeaux91.fr\/blog\/alexis-kohler-de-lelysee-a-la-societe-generale\/","og_locale":"fr_FR","og_type":"article","og_title":"Alexis Kohler, de l\u2019\u00c9lys\u00e9e \u00e0 la Soci\u00e9t\u00e9 G\u00e9n\u00e9rale - JUMEAUX91","og_description":"Il sera notamment pr\u00e9sident de la banque d\u2019investissement de Soci\u00e9t\u00e9 G\u00e9n\u00e9rale et \u00ab&nbsp;coordonnera [\u2026] les activit\u00e9s de fusions et acquisitions&nbsp;\u00bb et \u00ab&nbsp;de march\u00e9 des capitaux actions&nbsp;\u00bb, selon le communiqu\u00e9 du groupe bancaire. La r\u00e9daction vous conseille Bras droit historique d\u2019Emmanuel Macron, Alexis Kohler doit quitter mi-avril les fonctions de secr\u00e9taire g\u00e9n\u00e9ral de l\u2019\u00c9lys\u00e9e, un tournant&hellip; Poursuivre la lecture Alexis Kohler, de l\u2019\u00c9lys\u00e9e \u00e0 la Soci\u00e9t\u00e9 G\u00e9n\u00e9rale","og_url":"https:\/\/jumeaux91.fr\/blog\/alexis-kohler-de-lelysee-a-la-societe-generale\/","og_site_name":"JUMEAUX91","article_published_time":"2025-03-27T23:59:00+00:00","og_image":[{"url":"https:\/\/jumeaux91.fr\/blog\/wp-content\/uploads\/2025\/03\/alexis-kohler-de-lelysee-a-la-societe-generale.jpg","type":"","width":"","height":""}],"author":"Claude DAYRES","twitter_card":"summary_large_image","twitter_misc":{"\u00c9crit par":"Claude DAYRES","Dur\u00e9e de lecture estim\u00e9e":"1 minute"},"schema":{"@context":"https:\/\/schema.org","@graph":[{"@type":"Article","@id":"https:\/\/jumeaux91.fr\/blog\/alexis-kohler-de-lelysee-a-la-societe-generale\/#article","isPartOf":{"@id":"https:\/\/jumeaux91.fr\/blog\/alexis-kohler-de-lelysee-a-la-societe-generale\/"},"author":{"name":"Claude DAYRES","@id":"https:\/\/jumeaux91.fr\/blog\/#\/schema\/person\/21da06e9f119b9f64e5d45dbbd32d3fb"},"headline":"Alexis Kohler, de l\u2019\u00c9lys\u00e9e \u00e0 la Soci\u00e9t\u00e9 G\u00e9n\u00e9rale","datePublished":"2025-03-27T23:59:00+00:00","mainEntityOfPage":{"@id":"https:\/\/jumeaux91.fr\/blog\/alexis-kohler-de-lelysee-a-la-societe-generale\/"},"wordCount":276,"publisher":{"@id":"https:\/\/jumeaux91.fr\/blog\/#organization"},"image":{"@id":"https:\/\/jumeaux91.fr\/blog\/alexis-kohler-de-lelysee-a-la-societe-generale\/#primaryimage"},"thumbnailUrl":"https:\/\/jumeaux91.fr\/blog\/wp-content\/uploads\/2025\/03\/alexis-kohler-de-lelysee-a-la-societe-generale.jpg","articleSection":["Posts Fr\u00e8res Jumeaux De L'Essonnes:"],"inLanguage":"fr-FR"},{"@type":"WebPage","@id":"https:\/\/jumeaux91.fr\/blog\/alexis-kohler-de-lelysee-a-la-societe-generale\/","url":"https:\/\/jumeaux91.fr\/blog\/alexis-kohler-de-lelysee-a-la-societe-generale\/","name":"Alexis Kohler, de l\u2019\u00c9lys\u00e9e \u00e0 la Soci\u00e9t\u00e9 G\u00e9n\u00e9rale - JUMEAUX91","isPartOf":{"@id":"https:\/\/jumeaux91.fr\/blog\/#website"},"primaryImageOfPage":{"@id":"https:\/\/jumeaux91.fr\/blog\/alexis-kohler-de-lelysee-a-la-societe-generale\/#primaryimage"},"image":{"@id":"https:\/\/jumeaux91.fr\/blog\/alexis-kohler-de-lelysee-a-la-societe-generale\/#primaryimage"},"thumbnailUrl":"https:\/\/jumeaux91.fr\/blog\/wp-content\/uploads\/2025\/03\/alexis-kohler-de-lelysee-a-la-societe-generale.jpg","datePublished":"2025-03-27T23:59:00+00:00","breadcrumb":{"@id":"https:\/\/jumeaux91.fr\/blog\/alexis-kohler-de-lelysee-a-la-societe-generale\/#breadcrumb"},"inLanguage":"fr-FR","potentialAction":[{"@type":"ReadAction","target":["https:\/\/jumeaux91.fr\/blog\/alexis-kohler-de-lelysee-a-la-societe-generale\/"]}]},{"@type":"ImageObject","inLanguage":"fr-FR","@id":"https:\/\/jumeaux91.fr\/blog\/alexis-kohler-de-lelysee-a-la-societe-generale\/#primaryimage","url":"https:\/\/jumeaux91.fr\/blog\/wp-content\/uploads\/2025\/03\/alexis-kohler-de-lelysee-a-la-societe-generale.jpg","contentUrl":"https:\/\/jumeaux91.fr\/blog\/wp-content\/uploads\/2025\/03\/alexis-kohler-de-lelysee-a-la-societe-generale.jpg","width":1200,"height":717,"caption":"Alexis Kohler, de l\u2019\u00c9lys\u00e9e \u00e0 la Soci\u00e9t\u00e9 G\u00e9n\u00e9rale"},{"@type":"BreadcrumbList","@id":"https:\/\/jumeaux91.fr\/blog\/alexis-kohler-de-lelysee-a-la-societe-generale\/#breadcrumb","itemListElement":[{"@type":"ListItem","position":1,"name":"Accueil","item":"https:\/\/jumeaux91.fr\/blog\/"},{"@type":"ListItem","position":2,"name":"Alexis Kohler, de l\u2019\u00c9lys\u00e9e \u00e0 la Soci\u00e9t\u00e9 G\u00e9n\u00e9rale"}]},{"@type":"WebSite","@id":"https:\/\/jumeaux91.fr\/blog\/#website","url":"https:\/\/jumeaux91.fr\/blog\/","name":"JUMEAUX91","description":"Fr\u00e8res jumeaux de l&#039;Essonnes; informations et archives, \u00e0 savoir et retenir.","publisher":{"@id":"https:\/\/jumeaux91.fr\/blog\/#organization"},"potentialAction":[{"@type":"SearchAction","target":{"@type":"EntryPoint","urlTemplate":"https:\/\/jumeaux91.fr\/blog\/?s={search_term_string}"},"query-input":{"@type":"PropertyValueSpecification","valueRequired":true,"valueName":"search_term_string"}}],"inLanguage":"fr-FR"},{"@type":"Organization","@id":"https:\/\/jumeaux91.fr\/blog\/#organization","name":"jumeaux91","url":"https:\/\/jumeaux91.fr\/blog\/","logo":{"@type":"ImageObject","inLanguage":"fr-FR","@id":"https:\/\/jumeaux91.fr\/blog\/#\/schema\/logo\/image\/","url":"https:\/\/jumeaux91.fr\/blog\/wp-content\/uploads\/2023\/05\/cropped-cropped-logoJ_91.png","contentUrl":"https:\/\/jumeaux91.fr\/blog\/wp-content\/uploads\/2023\/05\/cropped-cropped-logoJ_91.png","width":512,"height":512,"caption":"jumeaux91"},"image":{"@id":"https:\/\/jumeaux91.fr\/blog\/#\/schema\/logo\/image\/"}},{"@type":"Person","@id":"https:\/\/jumeaux91.fr\/blog\/#\/schema\/person\/21da06e9f119b9f64e5d45dbbd32d3fb","name":"Claude DAYRES","image":{"@type":"ImageObject","inLanguage":"fr-FR","@id":"https:\/\/secure.gravatar.com\/avatar\/82eb951df6110a2c48d1bfa7a67d1ee6f0cd5df3cbf9c3586dd61e82db7172a5?s=96&d=mm&r=g","url":"https:\/\/secure.gravatar.com\/avatar\/82eb951df6110a2c48d1bfa7a67d1ee6f0cd5df3cbf9c3586dd61e82db7172a5?s=96&d=mm&r=g","contentUrl":"https:\/\/secure.gravatar.com\/avatar\/82eb951df6110a2c48d1bfa7a67d1ee6f0cd5df3cbf9c3586dd61e82db7172a5?s=96&d=mm&r=g","caption":"Claude DAYRES"},"url":"https:\/\/jumeaux91.fr\/blog\/author\/x91claude\/"}]}},"_links":{"self":[{"href":"https:\/\/jumeaux91.fr\/blog\/wp-json\/wp\/v2\/posts\/1107","targetHints":{"allow":["GET"]}}],"collection":[{"href":"https:\/\/jumeaux91.fr\/blog\/wp-json\/wp\/v2\/posts"}],"about":[{"href":"https:\/\/jumeaux91.fr\/blog\/wp-json\/wp\/v2\/types\/post"}],"author":[{"embeddable":true,"href":"https:\/\/jumeaux91.fr\/blog\/wp-json\/wp\/v2\/users\/2"}],"replies":[{"embeddable":true,"href":"https:\/\/jumeaux91.fr\/blog\/wp-json\/wp\/v2\/comments?post=1107"}],"version-history":[{"count":0,"href":"https:\/\/jumeaux91.fr\/blog\/wp-json\/wp\/v2\/posts\/1107\/revisions"}],"wp:featuredmedia":[{"embeddable":true,"href":"https:\/\/jumeaux91.fr\/blog\/wp-json\/wp\/v2\/media\/1108"}],"wp:attachment":[{"href":"https:\/\/jumeaux91.fr\/blog\/wp-json\/wp\/v2\/media?parent=1107"}],"wp:term":[{"taxonomy":"category","embeddable":true,"href":"https:\/\/jumeaux91.fr\/blog\/wp-json\/wp\/v2\/categories?post=1107"},{"taxonomy":"post_tag","embeddable":true,"href":"https:\/\/jumeaux91.fr\/blog\/wp-json\/wp\/v2\/tags?post=1107"}],"curies":[{"name":"wp","href":"https:\/\/api.w.org\/{rel}","templated":true}]}}