{"id":1109,"date":"2025-03-27T09:53:00","date_gmt":"2025-03-27T08:53:00","guid":{"rendered":"https:\/\/jumeaux91.fr\/blog\/qui-est-alexis-kohler-le-bras-droit-du-president-qui-quitte-lelysee-apres-huit-ans\/"},"modified":"2025-03-27T09:53:00","modified_gmt":"2025-03-27T08:53:00","slug":"qui-est-alexis-kohler-le-bras-droit-du-president-qui-quitte-lelysee-apres-huit-ans","status":"publish","type":"post","link":"https:\/\/jumeaux91.fr\/blog\/qui-est-alexis-kohler-le-bras-droit-du-president-qui-quitte-lelysee-apres-huit-ans\/","title":{"rendered":"Qui est Alexis Kohler, le bras droit du pr\u00e9sident qui quitte l&rsquo;Elys\u00e9e apr\u00e8s huit ans"},"content":{"rendered":"<div><img decoding=\"async\" src=\"https:\/\/jumeaux91.fr\/blog\/wp-content\/uploads\/2025\/03\/qui-est-alexis-kohler-le-bras-droit-du-president-qui-quitte-lelysee-apres-huit-ans.jpg\" class=\"ff-og-image-inserted\"><\/div>\n<p class=\"typo-p1\">Bras droit historique d&rsquo;Emmanuel Macron, Alexis Kohler va quitter en avril les fonctions de secr\u00e9taire g\u00e9n\u00e9ral de l&rsquo;\u00c9lys\u00e9e qu&rsquo;il occupait depuis l&rsquo;\u00e9lection du chef de l&rsquo;\u00c9tat, il y a huit ans, un tournant pour les deux hommes, parfois compar\u00e9s \u00e0 des fr\u00e8res jumeaux.<\/p>\n<p class=\"typo-p1\">Emmanuel Moulin, ancien directeur du Tr\u00e9sor puis \u00e0 la t\u00eate du cabinet de Gabriel Attal lorsqu&rsquo;il \u00e9tait Premier ministre, est appel\u00e9 \u00e0 lui succ\u00e9der, a-t-on appris de sources proches du dossier, confirmant une information du <a href=\"https:\/\/www.lefigaro.fr\/politique\/le-secretaire-general-de-l-elysee-alexis-kohler-annonce-son-depart-apres-dix-ans-au-cote-d-emmanuel-macron-20250327\" rel=\"noopener noreferrer nofollow\" target=\"_blank\" class=\"hover:text-primary-hover disabled:text-primary-light focus:text-primary-selected cursor-pointer cursor-pointer text-primary-normal font-semibold text-base inline\">Figaro<\/a>.<\/p>\n<p class=\"typo-p1\">Le Tout-Puissant secr\u00e9taire g\u00e9n\u00e9ral de l&rsquo;\u00c9lys\u00e9e, inamovible collaborateur d&rsquo;Emmanuel Macron depuis son passage \u00e0 Bercy,&nbsp;a officialis\u00e9 son d\u00e9part. L&rsquo;annonce au reste du cabinet \u00e9tait attendue dans la soir\u00e9e, selon une de ces sources. Alexis Kohler s&rsquo;appr\u00eate \u00e0 rejoindre la Soci\u00e9t\u00e9 g\u00e9n\u00e9rale, selon le site <a href=\"https:\/\/www.politico.eu\/article\/alexis-kohler-quitte-lelysee-pour-la-societe-generale-emmanuel-moulin-le-remplace\/?utm_source=RSS_Feed&amp;utm_medium=RSS&amp;utm_campaign=RSS_Syndication\" rel=\"noopener noreferrer nofollow\" target=\"_blank\" class=\"hover:text-primary-hover disabled:text-primary-light focus:text-primary-selected cursor-pointer cursor-pointer text-primary-normal font-semibold text-base inline\">Politico<\/a>.<\/p>\n<h3 class=\"typo-h3\">Le d\u00e9part du&nbsp;\u00ab\u00a0vice-pr\u00e9sident\u00a0\u00bb<\/h3>\n<p class=\"typo-p1\">\u00ab\u00a0Alexis Kohler a mis toute son \u00e9nergie, son talent et sa force de travail hors pair au service de notre projet politique et des Fran\u00e7ais\u00a0\u00bb, lui a rendu hommage Emmanuel Macron dans une d\u00e9claration au Figaro. \u00ab\u00a0Il a servi notre pays de mani\u00e8re exemplaire ces ann\u00e9es. Je sais combien notre action collective lui doit et je sais qu&rsquo;il continuera son engagement pour la Nation sous d&rsquo;autres formes\u00a0\u00bb, ajoute-t-il. Le d\u00e9part de celui qui portait \u00e9galement le surnom de \u00ab\u00a0vice-pr\u00e9sident\u00a0\u00bb solde une s\u00e9rie de rumeurs et sp\u00e9culations qui s&rsquo;\u00e9taient amplifi\u00e9es depuis la fin f\u00e9vrier.<\/p>\n<p class=\"typo-p1\">Il marque un tournant majeur dans la pr\u00e9sidence Macron, tant la long\u00e9vit\u00e9 et le pouvoir qu&rsquo;on a pr\u00eat\u00e9 \u00e0 Alexi Kohler apparaissent hors du commun&nbsp;: dans la prestigieuse liste de ses pr\u00e9d\u00e9cesseurs, seul Jean-Louis Bianco, neuf ans aupr\u00e8s de Fran\u00e7ois Mitterrand, est rest\u00e9 plus longtemps \u00e0 ce poste strat\u00e9gique.<\/p>\n<h3 class=\"typo-h3\">Un technocrate&nbsp;fid\u00e8le \u00e0 Emmanuel Macron.<\/h3>\n<p class=\"typo-p1\">Ce Strasbourgeois de naissance, \u00e9narque, dipl\u00f4m\u00e9 de l&rsquo;Essec et de Sciences Po Paris, mari\u00e9 et p\u00e8re de trois enfants, est par ailleurs le seul \u00e0 avoir accompli tout un mandat pr\u00e9sidentiel. Mieux&nbsp;: il a \u00e9t\u00e9 maintenu en poste apr\u00e8s la r\u00e9\u00e9lection, puis, apr\u00e8s la dissolution.<\/p>\n<p class=\"typo-p1\">Celui qui f\u00eatera ses 53 ans en novembre avait d\u00e9j\u00e0 \u00e9t\u00e9 directeur de cabinet du ministre de l&rsquo;\u00c9conomie Macron \u00e0 Bercy (2014-2016), apr\u00e8s avoir \u00e9t\u00e9 celui de Pierre Moscovici, \u00e0 telle enseigne que depuis l&rsquo;irruption en politique du patron, il est difficile d&rsquo;imaginer l&rsquo;un sans l&rsquo;autre.<\/p>\n<h3 class=\"typo-h3\">\u00ab\u00a0Le castrateur en chef\u00a0\u00bb<\/h3>\n<p class=\"typo-p1\">Ceux qui ont pr\u00e9tendu contrecarrer son influence aupr\u00e8s du chef de l&rsquo;\u00c9tat en ont d&rsquo;ailleurs \u00e9t\u00e9 pour leur peine. Ainsi de la r\u00e9forme des retraites : \u00ab\u00a0Kohler a quasiment mis sa t\u00eate sur le billot&#8230; Il est n\u00e9vrotique sur la question\u00a0\u00bb, expliquait \u00e0 l&rsquo;\u00e9poque un d\u00e9put\u00e9 Renaissance. R\u00e9put\u00e9 pour son ardeur \u00e0 la t\u00e2che, son \u00ab\u00a0intelligence et sa capacit\u00e9 d&rsquo;analyse\u00a0\u00bb, Alexis Kohler cultivait une r\u00e9putation ambivalente.&nbsp;<\/p>\n<p class=\"typo-p1\">D&rsquo;un c\u00f4t\u00e9, garde-fou de mesures \u00e9labor\u00e9es parfois \u00e0 l&#8217;emporte-pi\u00e8ce par un chef de l&rsquo;\u00c9tat r\u00e9put\u00e9 aussi transgressif qu&rsquo;insoucieux de leur mise en \u0153uvre. De l&rsquo;autre, garde-barri\u00e8re, celui qui, depuis son bureau attenant, filtrait l&rsquo;acc\u00e8s \u00e0 celui du pr\u00e9sident, ce qui lui vaut des inimiti\u00e9s parmi les conseillers. Qui arbitre occasionnellement au nom du patron, quitte \u00e0 \u00eatre vu par un familier du Palais comme \u00ab\u00a0le castrateur en chef\u00a0\u00bb.<\/p>\n<p class=\"typo-p1\">Sa loyaut\u00e9 lui avait en tout cas valu d&rsquo;\u00eatre l&rsquo;un des premiers \u00e0 \u00eatre mis dans la confidence de l&rsquo;intention pr\u00e9sidentielle de dissoudre l&rsquo;Assembl\u00e9e au printemps dernier. Mais son ind\u00e9collable image technocratique a culmin\u00e9 lors de la crise des \u00ab\u00a0gilets jaunes\u00a0\u00bb que le secr\u00e9taire g\u00e9n\u00e9ral, selon ses d\u00e9tracteurs, n&rsquo;aurait pas vu venir.<\/p>\n<h3 class=\"typo-h3\">Mis en examen pour prise ill\u00e9gale d&rsquo;int\u00e9r\u00eat<\/h3>\n<p class=\"typo-p1\">Si sa silhouette n&rsquo;appara\u00eet publiquement que lors des annonces de remaniement, sur le perron de l&rsquo;\u00c9lys\u00e9e, son nom a r\u00e9guli\u00e8rement \u00e9t\u00e9 cit\u00e9 dans la chronique judiciaire. Notamment pour l&rsquo;affaire MSC : il est mis en examen depuis 2022 pour prise ill\u00e9gale d&rsquo;int\u00e9r\u00eats, soup\u00e7onn\u00e9 d&rsquo;avoir particip\u00e9 comme haut fonctionnaire de 2009 \u00e0 2016&nbsp;\u00e0 plusieurs d\u00e9cisions relatives \u00e0 cet armateur italo-suisse, fond\u00e9 et dirig\u00e9 par les cousins de sa m\u00e8re, la famille Aponte.&nbsp;<\/p>\n<p class=\"typo-p1\">Pour la cour d&rsquo;appel de Paris, \u00ab\u00a0un pacte de silence\u00a0\u00bb a permis \u00e0 Alexis Kohler de dissimuler ce lien familial. Lui assure n&rsquo;avoir \u00ab\u00a0jamais consid\u00e9r\u00e9 \u00eatre en situation de conflit d&rsquo;int\u00e9r\u00eat\u00a0\u00bb.<\/p>\n<p>La chronique se veut g\u00e9n\u00e9r\u00e9e de la fa\u00e7on la plus claire que possible. Dans le cas o\u00f9 vous souhaitez pr\u00e9senter des renseignements compl\u00e9mentaires \u00e0 cet article sur le sujet \u00ab\u00a0Fr\u00e8res jumeaux de l&rsquo;Essonnes\u00a0\u00bb il vous est possible d\u2019\u00e9crire aux contacts indiqu\u00e9s sur notre website. La raison d\u2019\u00eatre de jumeaux91.fr \u00e9tant de rassembler sur le web des posts sur le sujet de Fr\u00e8res jumeaux de l&rsquo;Essonnes puis les diffuser en r\u00e9pondant au mieux aux interrogations des gens. Vous pouvez tirer profit de cet article traitant le sujet \u00ab\u00a0Fr\u00e8res jumeaux de l&rsquo;Essonnes\u00a0\u00bb. Il est concoct\u00e9 par l\u2019\u00e9quipe jumeaux91.fr. Prochainement, nous rendrons accessibles au public d&rsquo;autres informations pertinentes sur le sujet \u00ab\u00a0Fr\u00e8res jumeaux de l&rsquo;Essonnes\u00a0\u00bb. Alors, consultez syst\u00e9matiquement notre blog.<\/p>\n","protected":false},"excerpt":{"rendered":"<p>Bras droit historique d&rsquo;Emmanuel Macron, Alexis Kohler va quitter en avril les fonctions de secr\u00e9taire g\u00e9n\u00e9ral de l&rsquo;\u00c9lys\u00e9e qu&rsquo;il occupait depuis l&rsquo;\u00e9lection du chef de l&rsquo;\u00c9tat, il y a huit ans, un tournant pour les deux hommes, parfois compar\u00e9s \u00e0 des fr\u00e8res jumeaux. Emmanuel Moulin, ancien directeur du Tr\u00e9sor puis \u00e0 la t\u00eate du cabinet&hellip; <a class=\"more-link\" href=\"https:\/\/jumeaux91.fr\/blog\/qui-est-alexis-kohler-le-bras-droit-du-president-qui-quitte-lelysee-apres-huit-ans\/\">Poursuivre la lecture <span class=\"screen-reader-text\">Qui est Alexis Kohler, le bras droit du pr\u00e9sident qui quitte l&rsquo;Elys\u00e9e apr\u00e8s huit ans<\/span><\/a><\/p>\n","protected":false},"author":2,"featured_media":1110,"comment_status":"closed","ping_status":"closed","sticky":false,"template":"","format":"standard","meta":{"footnotes":""},"categories":[4],"tags":[],"class_list":["post-1109","post","type-post","status-publish","format-standard","has-post-thumbnail","hentry","category-posts-freres-jumeaux-de-lessonnes","entry"],"yoast_head":"<!-- This site is optimized with the Yoast SEO plugin v27.5 - https:\/\/yoast.com\/product\/yoast-seo-wordpress\/ -->\n<title>Qui est Alexis Kohler, le bras droit du pr\u00e9sident qui quitte l&#039;Elys\u00e9e apr\u00e8s huit ans - JUMEAUX91<\/title>\n<meta name=\"robots\" content=\"index, follow, max-snippet:-1, max-image-preview:large, max-video-preview:-1\" \/>\n<link rel=\"canonical\" href=\"https:\/\/jumeaux91.fr\/blog\/qui-est-alexis-kohler-le-bras-droit-du-president-qui-quitte-lelysee-apres-huit-ans\/\" \/>\n<meta property=\"og:locale\" content=\"fr_FR\" \/>\n<meta property=\"og:type\" content=\"article\" \/>\n<meta property=\"og:title\" content=\"Qui est Alexis Kohler, le bras droit du pr\u00e9sident qui quitte l&#039;Elys\u00e9e apr\u00e8s huit ans - JUMEAUX91\" \/>\n<meta property=\"og:description\" content=\"Bras droit historique d&rsquo;Emmanuel Macron, Alexis Kohler va quitter en avril les fonctions de secr\u00e9taire g\u00e9n\u00e9ral de l&rsquo;\u00c9lys\u00e9e qu&rsquo;il occupait depuis l&rsquo;\u00e9lection du chef de l&rsquo;\u00c9tat, il y a huit ans, un tournant pour les deux hommes, parfois compar\u00e9s \u00e0 des fr\u00e8res jumeaux. Emmanuel Moulin, ancien directeur du Tr\u00e9sor puis \u00e0 la t\u00eate du cabinet&hellip; Poursuivre la lecture Qui est Alexis Kohler, le bras droit du pr\u00e9sident qui quitte l&rsquo;Elys\u00e9e apr\u00e8s huit ans\" \/>\n<meta property=\"og:url\" content=\"https:\/\/jumeaux91.fr\/blog\/qui-est-alexis-kohler-le-bras-droit-du-president-qui-quitte-lelysee-apres-huit-ans\/\" \/>\n<meta property=\"og:site_name\" content=\"JUMEAUX91\" \/>\n<meta property=\"article:published_time\" content=\"2025-03-27T08:53:00+00:00\" \/>\n<meta property=\"og:image\" content=\"https:\/\/jumeaux91.fr\/blog\/wp-content\/uploads\/2025\/03\/qui-est-alexis-kohler-le-bras-droit-du-president-qui-quitte-lelysee-apres-huit-ans.jpg\" \/>\n<meta name=\"author\" content=\"Claude DAYRES\" \/>\n<meta name=\"twitter:card\" content=\"summary_large_image\" \/>\n<meta name=\"twitter:label1\" content=\"\u00c9crit par\" \/>\n\t<meta name=\"twitter:data1\" content=\"Claude DAYRES\" \/>\n\t<meta name=\"twitter:label2\" content=\"Dur\u00e9e de lecture estim\u00e9e\" \/>\n\t<meta name=\"twitter:data2\" content=\"4 minutes\" \/>\n<script type=\"application\/ld+json\" class=\"yoast-schema-graph\">{\"@context\":\"https:\\\/\\\/schema.org\",\"@graph\":[{\"@type\":\"Article\",\"@id\":\"https:\\\/\\\/jumeaux91.fr\\\/blog\\\/qui-est-alexis-kohler-le-bras-droit-du-president-qui-quitte-lelysee-apres-huit-ans\\\/#article\",\"isPartOf\":{\"@id\":\"https:\\\/\\\/jumeaux91.fr\\\/blog\\\/qui-est-alexis-kohler-le-bras-droit-du-president-qui-quitte-lelysee-apres-huit-ans\\\/\"},\"author\":{\"name\":\"Claude DAYRES\",\"@id\":\"https:\\\/\\\/jumeaux91.fr\\\/blog\\\/#\\\/schema\\\/person\\\/21da06e9f119b9f64e5d45dbbd32d3fb\"},\"headline\":\"Qui est Alexis Kohler, le bras droit du pr\u00e9sident qui quitte l&rsquo;Elys\u00e9e apr\u00e8s huit ans\",\"datePublished\":\"2025-03-27T08:53:00+00:00\",\"mainEntityOfPage\":{\"@id\":\"https:\\\/\\\/jumeaux91.fr\\\/blog\\\/qui-est-alexis-kohler-le-bras-droit-du-president-qui-quitte-lelysee-apres-huit-ans\\\/\"},\"wordCount\":940,\"publisher\":{\"@id\":\"https:\\\/\\\/jumeaux91.fr\\\/blog\\\/#organization\"},\"image\":{\"@id\":\"https:\\\/\\\/jumeaux91.fr\\\/blog\\\/qui-est-alexis-kohler-le-bras-droit-du-president-qui-quitte-lelysee-apres-huit-ans\\\/#primaryimage\"},\"thumbnailUrl\":\"https:\\\/\\\/jumeaux91.fr\\\/blog\\\/wp-content\\\/uploads\\\/2025\\\/03\\\/qui-est-alexis-kohler-le-bras-droit-du-president-qui-quitte-lelysee-apres-huit-ans.jpg\",\"articleSection\":[\"Posts Fr\u00e8res Jumeaux De L'Essonnes:\"],\"inLanguage\":\"fr-FR\"},{\"@type\":\"WebPage\",\"@id\":\"https:\\\/\\\/jumeaux91.fr\\\/blog\\\/qui-est-alexis-kohler-le-bras-droit-du-president-qui-quitte-lelysee-apres-huit-ans\\\/\",\"url\":\"https:\\\/\\\/jumeaux91.fr\\\/blog\\\/qui-est-alexis-kohler-le-bras-droit-du-president-qui-quitte-lelysee-apres-huit-ans\\\/\",\"name\":\"Qui est Alexis Kohler, le bras droit du pr\u00e9sident qui quitte l'Elys\u00e9e apr\u00e8s huit ans - JUMEAUX91\",\"isPartOf\":{\"@id\":\"https:\\\/\\\/jumeaux91.fr\\\/blog\\\/#website\"},\"primaryImageOfPage\":{\"@id\":\"https:\\\/\\\/jumeaux91.fr\\\/blog\\\/qui-est-alexis-kohler-le-bras-droit-du-president-qui-quitte-lelysee-apres-huit-ans\\\/#primaryimage\"},\"image\":{\"@id\":\"https:\\\/\\\/jumeaux91.fr\\\/blog\\\/qui-est-alexis-kohler-le-bras-droit-du-president-qui-quitte-lelysee-apres-huit-ans\\\/#primaryimage\"},\"thumbnailUrl\":\"https:\\\/\\\/jumeaux91.fr\\\/blog\\\/wp-content\\\/uploads\\\/2025\\\/03\\\/qui-est-alexis-kohler-le-bras-droit-du-president-qui-quitte-lelysee-apres-huit-ans.jpg\",\"datePublished\":\"2025-03-27T08:53:00+00:00\",\"breadcrumb\":{\"@id\":\"https:\\\/\\\/jumeaux91.fr\\\/blog\\\/qui-est-alexis-kohler-le-bras-droit-du-president-qui-quitte-lelysee-apres-huit-ans\\\/#breadcrumb\"},\"inLanguage\":\"fr-FR\",\"potentialAction\":[{\"@type\":\"ReadAction\",\"target\":[\"https:\\\/\\\/jumeaux91.fr\\\/blog\\\/qui-est-alexis-kohler-le-bras-droit-du-president-qui-quitte-lelysee-apres-huit-ans\\\/\"]}]},{\"@type\":\"ImageObject\",\"inLanguage\":\"fr-FR\",\"@id\":\"https:\\\/\\\/jumeaux91.fr\\\/blog\\\/qui-est-alexis-kohler-le-bras-droit-du-president-qui-quitte-lelysee-apres-huit-ans\\\/#primaryimage\",\"url\":\"https:\\\/\\\/jumeaux91.fr\\\/blog\\\/wp-content\\\/uploads\\\/2025\\\/03\\\/qui-est-alexis-kohler-le-bras-droit-du-president-qui-quitte-lelysee-apres-huit-ans.jpg\",\"contentUrl\":\"https:\\\/\\\/jumeaux91.fr\\\/blog\\\/wp-content\\\/uploads\\\/2025\\\/03\\\/qui-est-alexis-kohler-le-bras-droit-du-president-qui-quitte-lelysee-apres-huit-ans.jpg\",\"width\":1200,\"height\":800,\"caption\":\"Qui est Alexis Kohler, le bras droit du pr\u00e9sident qui quitte l'Elys\u00e9e apr\u00e8s huit ans\"},{\"@type\":\"BreadcrumbList\",\"@id\":\"https:\\\/\\\/jumeaux91.fr\\\/blog\\\/qui-est-alexis-kohler-le-bras-droit-du-president-qui-quitte-lelysee-apres-huit-ans\\\/#breadcrumb\",\"itemListElement\":[{\"@type\":\"ListItem\",\"position\":1,\"name\":\"Accueil\",\"item\":\"https:\\\/\\\/jumeaux91.fr\\\/blog\\\/\"},{\"@type\":\"ListItem\",\"position\":2,\"name\":\"Qui est Alexis Kohler, le bras droit du pr\u00e9sident qui quitte l&rsquo;Elys\u00e9e apr\u00e8s huit ans\"}]},{\"@type\":\"WebSite\",\"@id\":\"https:\\\/\\\/jumeaux91.fr\\\/blog\\\/#website\",\"url\":\"https:\\\/\\\/jumeaux91.fr\\\/blog\\\/\",\"name\":\"JUMEAUX91\",\"description\":\"Fr\u00e8res jumeaux de l&#039;Essonnes; informations et archives, \u00e0 savoir et retenir.\",\"publisher\":{\"@id\":\"https:\\\/\\\/jumeaux91.fr\\\/blog\\\/#organization\"},\"potentialAction\":[{\"@type\":\"SearchAction\",\"target\":{\"@type\":\"EntryPoint\",\"urlTemplate\":\"https:\\\/\\\/jumeaux91.fr\\\/blog\\\/?s={search_term_string}\"},\"query-input\":{\"@type\":\"PropertyValueSpecification\",\"valueRequired\":true,\"valueName\":\"search_term_string\"}}],\"inLanguage\":\"fr-FR\"},{\"@type\":\"Organization\",\"@id\":\"https:\\\/\\\/jumeaux91.fr\\\/blog\\\/#organization\",\"name\":\"jumeaux91\",\"url\":\"https:\\\/\\\/jumeaux91.fr\\\/blog\\\/\",\"logo\":{\"@type\":\"ImageObject\",\"inLanguage\":\"fr-FR\",\"@id\":\"https:\\\/\\\/jumeaux91.fr\\\/blog\\\/#\\\/schema\\\/logo\\\/image\\\/\",\"url\":\"https:\\\/\\\/jumeaux91.fr\\\/blog\\\/wp-content\\\/uploads\\\/2023\\\/05\\\/cropped-cropped-logoJ_91.png\",\"contentUrl\":\"https:\\\/\\\/jumeaux91.fr\\\/blog\\\/wp-content\\\/uploads\\\/2023\\\/05\\\/cropped-cropped-logoJ_91.png\",\"width\":512,\"height\":512,\"caption\":\"jumeaux91\"},\"image\":{\"@id\":\"https:\\\/\\\/jumeaux91.fr\\\/blog\\\/#\\\/schema\\\/logo\\\/image\\\/\"}},{\"@type\":\"Person\",\"@id\":\"https:\\\/\\\/jumeaux91.fr\\\/blog\\\/#\\\/schema\\\/person\\\/21da06e9f119b9f64e5d45dbbd32d3fb\",\"name\":\"Claude DAYRES\",\"image\":{\"@type\":\"ImageObject\",\"inLanguage\":\"fr-FR\",\"@id\":\"https:\\\/\\\/secure.gravatar.com\\\/avatar\\\/82eb951df6110a2c48d1bfa7a67d1ee6f0cd5df3cbf9c3586dd61e82db7172a5?s=96&d=mm&r=g\",\"url\":\"https:\\\/\\\/secure.gravatar.com\\\/avatar\\\/82eb951df6110a2c48d1bfa7a67d1ee6f0cd5df3cbf9c3586dd61e82db7172a5?s=96&d=mm&r=g\",\"contentUrl\":\"https:\\\/\\\/secure.gravatar.com\\\/avatar\\\/82eb951df6110a2c48d1bfa7a67d1ee6f0cd5df3cbf9c3586dd61e82db7172a5?s=96&d=mm&r=g\",\"caption\":\"Claude DAYRES\"},\"url\":\"https:\\\/\\\/jumeaux91.fr\\\/blog\\\/author\\\/x91claude\\\/\"}]}<\/script>\n<!-- \/ Yoast SEO plugin. -->","yoast_head_json":{"title":"Qui est Alexis Kohler, le bras droit du pr\u00e9sident qui quitte l'Elys\u00e9e apr\u00e8s huit ans - JUMEAUX91","robots":{"index":"index","follow":"follow","max-snippet":"max-snippet:-1","max-image-preview":"max-image-preview:large","max-video-preview":"max-video-preview:-1"},"canonical":"https:\/\/jumeaux91.fr\/blog\/qui-est-alexis-kohler-le-bras-droit-du-president-qui-quitte-lelysee-apres-huit-ans\/","og_locale":"fr_FR","og_type":"article","og_title":"Qui est Alexis Kohler, le bras droit du pr\u00e9sident qui quitte l'Elys\u00e9e apr\u00e8s huit ans - JUMEAUX91","og_description":"Bras droit historique d&rsquo;Emmanuel Macron, Alexis Kohler va quitter en avril les fonctions de secr\u00e9taire g\u00e9n\u00e9ral de l&rsquo;\u00c9lys\u00e9e qu&rsquo;il occupait depuis l&rsquo;\u00e9lection du chef de l&rsquo;\u00c9tat, il y a huit ans, un tournant pour les deux hommes, parfois compar\u00e9s \u00e0 des fr\u00e8res jumeaux. Emmanuel Moulin, ancien directeur du Tr\u00e9sor puis \u00e0 la t\u00eate du cabinet&hellip; Poursuivre la lecture Qui est Alexis Kohler, le bras droit du pr\u00e9sident qui quitte l&rsquo;Elys\u00e9e apr\u00e8s huit ans","og_url":"https:\/\/jumeaux91.fr\/blog\/qui-est-alexis-kohler-le-bras-droit-du-president-qui-quitte-lelysee-apres-huit-ans\/","og_site_name":"JUMEAUX91","article_published_time":"2025-03-27T08:53:00+00:00","og_image":[{"url":"https:\/\/jumeaux91.fr\/blog\/wp-content\/uploads\/2025\/03\/qui-est-alexis-kohler-le-bras-droit-du-president-qui-quitte-lelysee-apres-huit-ans.jpg","type":"","width":"","height":""}],"author":"Claude DAYRES","twitter_card":"summary_large_image","twitter_misc":{"\u00c9crit par":"Claude DAYRES","Dur\u00e9e de lecture estim\u00e9e":"4 minutes"},"schema":{"@context":"https:\/\/schema.org","@graph":[{"@type":"Article","@id":"https:\/\/jumeaux91.fr\/blog\/qui-est-alexis-kohler-le-bras-droit-du-president-qui-quitte-lelysee-apres-huit-ans\/#article","isPartOf":{"@id":"https:\/\/jumeaux91.fr\/blog\/qui-est-alexis-kohler-le-bras-droit-du-president-qui-quitte-lelysee-apres-huit-ans\/"},"author":{"name":"Claude DAYRES","@id":"https:\/\/jumeaux91.fr\/blog\/#\/schema\/person\/21da06e9f119b9f64e5d45dbbd32d3fb"},"headline":"Qui est Alexis Kohler, le bras droit du pr\u00e9sident qui quitte l&rsquo;Elys\u00e9e apr\u00e8s huit ans","datePublished":"2025-03-27T08:53:00+00:00","mainEntityOfPage":{"@id":"https:\/\/jumeaux91.fr\/blog\/qui-est-alexis-kohler-le-bras-droit-du-president-qui-quitte-lelysee-apres-huit-ans\/"},"wordCount":940,"publisher":{"@id":"https:\/\/jumeaux91.fr\/blog\/#organization"},"image":{"@id":"https:\/\/jumeaux91.fr\/blog\/qui-est-alexis-kohler-le-bras-droit-du-president-qui-quitte-lelysee-apres-huit-ans\/#primaryimage"},"thumbnailUrl":"https:\/\/jumeaux91.fr\/blog\/wp-content\/uploads\/2025\/03\/qui-est-alexis-kohler-le-bras-droit-du-president-qui-quitte-lelysee-apres-huit-ans.jpg","articleSection":["Posts Fr\u00e8res Jumeaux De L'Essonnes:"],"inLanguage":"fr-FR"},{"@type":"WebPage","@id":"https:\/\/jumeaux91.fr\/blog\/qui-est-alexis-kohler-le-bras-droit-du-president-qui-quitte-lelysee-apres-huit-ans\/","url":"https:\/\/jumeaux91.fr\/blog\/qui-est-alexis-kohler-le-bras-droit-du-president-qui-quitte-lelysee-apres-huit-ans\/","name":"Qui est Alexis Kohler, le bras droit du pr\u00e9sident qui quitte l'Elys\u00e9e apr\u00e8s huit ans - JUMEAUX91","isPartOf":{"@id":"https:\/\/jumeaux91.fr\/blog\/#website"},"primaryImageOfPage":{"@id":"https:\/\/jumeaux91.fr\/blog\/qui-est-alexis-kohler-le-bras-droit-du-president-qui-quitte-lelysee-apres-huit-ans\/#primaryimage"},"image":{"@id":"https:\/\/jumeaux91.fr\/blog\/qui-est-alexis-kohler-le-bras-droit-du-president-qui-quitte-lelysee-apres-huit-ans\/#primaryimage"},"thumbnailUrl":"https:\/\/jumeaux91.fr\/blog\/wp-content\/uploads\/2025\/03\/qui-est-alexis-kohler-le-bras-droit-du-president-qui-quitte-lelysee-apres-huit-ans.jpg","datePublished":"2025-03-27T08:53:00+00:00","breadcrumb":{"@id":"https:\/\/jumeaux91.fr\/blog\/qui-est-alexis-kohler-le-bras-droit-du-president-qui-quitte-lelysee-apres-huit-ans\/#breadcrumb"},"inLanguage":"fr-FR","potentialAction":[{"@type":"ReadAction","target":["https:\/\/jumeaux91.fr\/blog\/qui-est-alexis-kohler-le-bras-droit-du-president-qui-quitte-lelysee-apres-huit-ans\/"]}]},{"@type":"ImageObject","inLanguage":"fr-FR","@id":"https:\/\/jumeaux91.fr\/blog\/qui-est-alexis-kohler-le-bras-droit-du-president-qui-quitte-lelysee-apres-huit-ans\/#primaryimage","url":"https:\/\/jumeaux91.fr\/blog\/wp-content\/uploads\/2025\/03\/qui-est-alexis-kohler-le-bras-droit-du-president-qui-quitte-lelysee-apres-huit-ans.jpg","contentUrl":"https:\/\/jumeaux91.fr\/blog\/wp-content\/uploads\/2025\/03\/qui-est-alexis-kohler-le-bras-droit-du-president-qui-quitte-lelysee-apres-huit-ans.jpg","width":1200,"height":800,"caption":"Qui est Alexis Kohler, le bras droit du pr\u00e9sident qui quitte l'Elys\u00e9e apr\u00e8s huit ans"},{"@type":"BreadcrumbList","@id":"https:\/\/jumeaux91.fr\/blog\/qui-est-alexis-kohler-le-bras-droit-du-president-qui-quitte-lelysee-apres-huit-ans\/#breadcrumb","itemListElement":[{"@type":"ListItem","position":1,"name":"Accueil","item":"https:\/\/jumeaux91.fr\/blog\/"},{"@type":"ListItem","position":2,"name":"Qui est Alexis Kohler, le bras droit du pr\u00e9sident qui quitte l&rsquo;Elys\u00e9e apr\u00e8s huit ans"}]},{"@type":"WebSite","@id":"https:\/\/jumeaux91.fr\/blog\/#website","url":"https:\/\/jumeaux91.fr\/blog\/","name":"JUMEAUX91","description":"Fr\u00e8res jumeaux de l&#039;Essonnes; informations et archives, \u00e0 savoir et retenir.","publisher":{"@id":"https:\/\/jumeaux91.fr\/blog\/#organization"},"potentialAction":[{"@type":"SearchAction","target":{"@type":"EntryPoint","urlTemplate":"https:\/\/jumeaux91.fr\/blog\/?s={search_term_string}"},"query-input":{"@type":"PropertyValueSpecification","valueRequired":true,"valueName":"search_term_string"}}],"inLanguage":"fr-FR"},{"@type":"Organization","@id":"https:\/\/jumeaux91.fr\/blog\/#organization","name":"jumeaux91","url":"https:\/\/jumeaux91.fr\/blog\/","logo":{"@type":"ImageObject","inLanguage":"fr-FR","@id":"https:\/\/jumeaux91.fr\/blog\/#\/schema\/logo\/image\/","url":"https:\/\/jumeaux91.fr\/blog\/wp-content\/uploads\/2023\/05\/cropped-cropped-logoJ_91.png","contentUrl":"https:\/\/jumeaux91.fr\/blog\/wp-content\/uploads\/2023\/05\/cropped-cropped-logoJ_91.png","width":512,"height":512,"caption":"jumeaux91"},"image":{"@id":"https:\/\/jumeaux91.fr\/blog\/#\/schema\/logo\/image\/"}},{"@type":"Person","@id":"https:\/\/jumeaux91.fr\/blog\/#\/schema\/person\/21da06e9f119b9f64e5d45dbbd32d3fb","name":"Claude DAYRES","image":{"@type":"ImageObject","inLanguage":"fr-FR","@id":"https:\/\/secure.gravatar.com\/avatar\/82eb951df6110a2c48d1bfa7a67d1ee6f0cd5df3cbf9c3586dd61e82db7172a5?s=96&d=mm&r=g","url":"https:\/\/secure.gravatar.com\/avatar\/82eb951df6110a2c48d1bfa7a67d1ee6f0cd5df3cbf9c3586dd61e82db7172a5?s=96&d=mm&r=g","contentUrl":"https:\/\/secure.gravatar.com\/avatar\/82eb951df6110a2c48d1bfa7a67d1ee6f0cd5df3cbf9c3586dd61e82db7172a5?s=96&d=mm&r=g","caption":"Claude DAYRES"},"url":"https:\/\/jumeaux91.fr\/blog\/author\/x91claude\/"}]}},"_links":{"self":[{"href":"https:\/\/jumeaux91.fr\/blog\/wp-json\/wp\/v2\/posts\/1109","targetHints":{"allow":["GET"]}}],"collection":[{"href":"https:\/\/jumeaux91.fr\/blog\/wp-json\/wp\/v2\/posts"}],"about":[{"href":"https:\/\/jumeaux91.fr\/blog\/wp-json\/wp\/v2\/types\/post"}],"author":[{"embeddable":true,"href":"https:\/\/jumeaux91.fr\/blog\/wp-json\/wp\/v2\/users\/2"}],"replies":[{"embeddable":true,"href":"https:\/\/jumeaux91.fr\/blog\/wp-json\/wp\/v2\/comments?post=1109"}],"version-history":[{"count":0,"href":"https:\/\/jumeaux91.fr\/blog\/wp-json\/wp\/v2\/posts\/1109\/revisions"}],"wp:featuredmedia":[{"embeddable":true,"href":"https:\/\/jumeaux91.fr\/blog\/wp-json\/wp\/v2\/media\/1110"}],"wp:attachment":[{"href":"https:\/\/jumeaux91.fr\/blog\/wp-json\/wp\/v2\/media?parent=1109"}],"wp:term":[{"taxonomy":"category","embeddable":true,"href":"https:\/\/jumeaux91.fr\/blog\/wp-json\/wp\/v2\/categories?post=1109"},{"taxonomy":"post_tag","embeddable":true,"href":"https:\/\/jumeaux91.fr\/blog\/wp-json\/wp\/v2\/tags?post=1109"}],"curies":[{"name":"wp","href":"https:\/\/api.w.org\/{rel}","templated":true}]}}