{"id":1121,"date":"2025-04-04T19:00:00","date_gmt":"2025-04-04T17:00:00","guid":{"rendered":"https:\/\/jumeaux91.fr\/blog\/complications-de-la-grossesse-gemellaire\/"},"modified":"2025-04-04T19:00:00","modified_gmt":"2025-04-04T17:00:00","slug":"complications-de-la-grossesse-gemellaire","status":"publish","type":"post","link":"https:\/\/jumeaux91.fr\/blog\/complications-de-la-grossesse-gemellaire\/","title":{"rendered":"Complications de la grossesse g\u00e9mellaire"},"content":{"rendered":"<div><img decoding=\"async\" src=\"https:\/\/jumeaux91.fr\/blog\/wp-content\/uploads\/2025\/04\/complications-de-la-grossesse-gemellaire.jpg\" class=\"ff-og-image-inserted\"><\/div>\n<p><!-- google_ad_section_start --><\/p>\n<h3> <span class=\"mw-headline\" id=\"Complications_communes\">Complications communes<\/span><\/h3>\n<p>Pr\u00e9maturit\u00e9 et retard de croissance. Un suivi dans une maternit\u00e9 pouvant accueillir des enfants n\u00e9s trop t\u00f4t et hypotrophes est recommand\u00e9.<\/p>\n<h4> <span class=\"mw-headline\" id=\"Jumeau_fant.C3.B4me\"><span class=\"lienGlossaire\"><a href=\"https:\/\/www.techno-science.net\/glossaire-definition\/Jumeau.html\" target=\"_blank\" rel=\"nofollow\">Jumeau<\/a><\/span> fant\u00f4me<\/span><\/h4>\n<p>Certaines \u00e9chographies montrent la pr\u00e9sence de plusieurs f\u0153tus dans les premi\u00e8res semaines de <span class=\"lienGlossaire\"><a href=\"https:\/\/www.techno-science.net\/glossaire-definition\/Grossesse.html\" target=\"_blank\" rel=\"nofollow\">grossesse<\/a><\/span>, mais certains ne parviennent pas \u00e0 terme pour diff\u00e9rentes raisons. \u00c0 ce moment-l\u00e0, on parle de jumeau fant\u00f4me. En terminologie <span class=\"lienGlossaire\"><a href=\"https:\/\/www.techno-science.net\/definition\/2872.html\" target=\"_blank\" rel=\"nofollow\">scientifique<\/a><\/span>, on les nomme \u00ab&nbsp;papyrus&nbsp;\u00bb.<\/p>\n<h3> <span class=\"mw-headline\" id=\"Complications_sp.C3.A9cifiques\">Complications sp\u00e9cifiques<\/span><\/h3>\n<h4> <span class=\"mw-headline\" id=\"Grossesse_monochoriale_monoamniotique_2\">Grossesse monochoriale monoamniotique<\/span><\/h4>\n<h5> <span class=\"mw-headline\" id=\"Fr.C3.A8res_siamois\"><span class=\"lienGlossaire\"><a href=\"https:\/\/www.techno-science.net\/glossaire-definition\/Freres-siamois.html\" target=\"_blank\" rel=\"nofollow\">Fr\u00e8res siamois<\/a><\/span><\/span><\/h5>\n<p>Les fr\u00e8res siamois ou s\u0153urs siamoises sont des jumeaux monozygotes qui ont une partie de leur corps soud\u00e9e. Cette <span class=\"lienGlossaire\"><a href=\"https:\/\/www.techno-science.net\/glossaire-definition\/Situation.html\" target=\"_blank\" rel=\"nofollow\">situation<\/a><\/span>, pr\u00e9sente dans 1 cas sur 100&nbsp;000, survient lorsque le zygote de ces jumeaux ne peut se diviser <span class=\"lienGlossaire\"><a href=\"https:\/\/www.techno-science.net\/glossaire-definition\/Completement.html\" target=\"_blank\" rel=\"nofollow\">compl\u00e8tement<\/a><\/span>. Ce sont majoritairement des filles.<\/p>\n<h5> <span class=\"mw-headline\" id=\"Jumeau_parasite\">Jumeau parasite<\/span><\/h5>\n<p>Parfois, lorsque compar\u00e9 \u00e0 l&rsquo;autre, un des jumeaux ne parvient pas \u00e0 cro\u00eetre suffisamment vite. Dans ce cas, il se comporte tel un parasite pour l&rsquo;autre en l&#8217;emp\u00eachant de continuer sa croissance. En <span class=\"lienGlossaire\"><a href=\"https:\/\/www.techno-science.net\/glossaire-definition\/Pathologie.html\" target=\"_blank\" rel=\"nofollow\">pathologie<\/a><\/span>, c&rsquo;est parfois tr\u00e8s difficile \u00e0 distinguer d&rsquo;un t\u00e9ratome. C&rsquo;est \u00e9galement une situation rare. Ce cas est appel\u00e9 isciopagus. On d\u00e9c\u00e8le cependant un cas, celui d&rsquo;une petite fille Indienne, qui poss\u00e8de 4 bras et 4 jambes et qui a pu se faire op\u00e9rer.<\/p>\n<h2 id=\"ref_8\">Jumeaux chez les animaux<\/h2>\n<p>Les naissances multiples sont communes chez les mammif\u00e8res.<\/p>\n<p>Le record connu (source Guinness World Records) est de 24 petits en une seule port\u00e9e&nbsp;:<\/p>\n<ul>\n<li>Une lapine New Zeland en 1978 au Canada<\/li>\n<li>Une chienne Neopolitan mastiff en 2004 en <span class=\"lienGlossaire\"><a href=\"https:\/\/www.techno-science.net\/glossaire-definition\/Grande-Bretagne.html\" target=\"_blank\" rel=\"nofollow\">Grande-Bretagne<\/a><\/span><\/li>\n<\/ul>\n<h2 id=\"ref_9\">Jumeaux c\u00e9l\u00e8bres<\/h2>\n<p>On trouve des jumeaux tous deux c\u00e9l\u00e8bres dans tous les domaines&nbsp;:<\/p>\n<ul>\n<li>dans la mythologie&nbsp;:<\/li>\n<\/ul>\n<dl>\n<dd>\n<dl>\n<dd>Castor et Pollux (les Dioscures), fils jumeaux de Tyndare et de L\u00e9da<\/dd>\n<dd>R\u00e9mus et Romulus fondateurs l\u00e9gendaires de Rome..<\/dd>\n<\/dl>\n<\/dd>\n<\/dl>\n<ul>\n<li>dans les arts et la culture&nbsp;:<\/li>\n<\/ul>\n<dl>\n<dd>\n<dl>\n<dd>Nicola Sirkis et St\u00e9phane Sirkis, respectivement Chanteur-Guitariste-Parolier-auteur-Compositeur et Guitariste-Compositeur du groupe fran\u00e7ais Indochine.<\/dd>\n<dd>Igor Bogdanoff et Grichka Bogdanoff, producteurs et animateurs de <span class=\"lienGlossaire\"><a href=\"https:\/\/www.techno-science.net\/definition\/10722.html\" target=\"_blank\" rel=\"nofollow\">t\u00e9l\u00e9vision<\/a><\/span><\/dd>\n<dd>Mike et Pete Bishop, chanteurs et respectivement guitariste et bassiste du groupe anglais The Bishops<\/dd>\n<dd>Bill Kaulitz et Tom Kaulitz, respectivement chanteur-auteur et guitariste-compositeur du groupe allemand Tokio Hotel<\/dd>\n<dd>Ashley Olsen et Mary-Kate Olsen, actrices am\u00e9ricaines<\/dd>\n<dd>Dylan Sprouse et Cole Sprouse , acteurs am\u00e9ricains<\/dd>\n<dd>Les Dolly Sisters, Rosie (1892-1970) and Jenny (1892-1941), chanteuses am\u00e9ricaines.<\/dd>\n<dd><span class=\"new\" title=\"Jessica Origliasso (page inexistante)\">Jessica Origliasso<\/span> et Lisa Origliasso du groupe Australien&nbsp;: The Veronicas<\/dd>\n<dd>Alice Burgui\u00e8re et Mathilde Burgui\u00e8re, du groupe fran\u00e7ais Les Ogres de Barback<\/dd>\n<\/dl>\n<\/dd>\n<\/dl>\n<ul>\n<li>dans la politique&nbsp;:<\/li>\n<\/ul>\n<dl>\n<dd>\n<dl>\n<dd>Lech Kaczy\u0144ski, ancien Pr\u00e9sident d\u00e9c\u00e9d\u00e9 de la R\u00e9publique de Pologne et Jaros\u0142aw Kaczy\u0144ski, ancien premier ministre de la R\u00e9publique de Pologne.<\/dd>\n<\/dl>\n<\/dd>\n<\/dl>\n<ul>\n<li>dans la litt\u00e9rature&nbsp;:<\/li>\n<\/ul>\n<dl>\n<dd>\n<dl>\n<dd>George Weasley et Fred Weasley de la saga Harry Potter<\/dd>\n<dd>Maximilian Aue et Una Aue dans le roman <i>Les Bienveillantes<\/i> de Jonathan Littell.<\/dd>\n<\/dl>\n<\/dd>\n<\/dl>\n<ul>\n<li>dans le sport et bien d&rsquo;autres domaines.<\/li>\n<li>sans oublier Abigail et Brittany Hensel, <span class=\"lienGlossaire\"><a href=\"https:\/\/www.techno-science.net\/definition\/2925.html\" target=\"_blank\" rel=\"nofollow\">jumelles<\/a><\/span> siamoises.<\/li>\n<\/ul>\n<p><!-- google_ad_section_end --> La chronique se veut g\u00e9n\u00e9r\u00e9e de la fa\u00e7on la plus claire que possible. Dans le cas o\u00f9 vous souhaitez pr\u00e9senter des renseignements compl\u00e9mentaires \u00e0 cet article sur le sujet \u00ab\u00a0Fr\u00e8res jumeaux de l&rsquo;Essonnes\u00a0\u00bb il vous est possible d\u2019\u00e9crire aux contacts indiqu\u00e9s sur notre website. La raison d\u2019\u00eatre de jumeaux91.fr \u00e9tant de rassembler sur le web des posts sur le sujet de Fr\u00e8res jumeaux de l&rsquo;Essonnes puis les diffuser en r\u00e9pondant au mieux aux interrogations des gens. Vous pouvez tirer profit de cet article traitant le sujet \u00ab\u00a0Fr\u00e8res jumeaux de l&rsquo;Essonnes\u00a0\u00bb. Il est concoct\u00e9 par l\u2019\u00e9quipe jumeaux91.fr. Prochainement, nous rendrons accessibles au public d&rsquo;autres informations pertinentes sur le sujet \u00ab\u00a0Fr\u00e8res jumeaux de l&rsquo;Essonnes\u00a0\u00bb. Alors, consultez syst\u00e9matiquement notre blog.<\/p>\n","protected":false},"excerpt":{"rendered":"<p>Complications communes Pr\u00e9maturit\u00e9 et retard de croissance. Un suivi dans une maternit\u00e9 pouvant accueillir des enfants n\u00e9s trop t\u00f4t et hypotrophes est recommand\u00e9. Jumeau fant\u00f4me Certaines \u00e9chographies montrent la pr\u00e9sence de plusieurs f\u0153tus dans les premi\u00e8res semaines de grossesse, mais certains ne parviennent pas \u00e0 terme pour diff\u00e9rentes raisons. \u00c0 ce moment-l\u00e0, on parle de&hellip; <a class=\"more-link\" href=\"https:\/\/jumeaux91.fr\/blog\/complications-de-la-grossesse-gemellaire\/\">Poursuivre la lecture <span class=\"screen-reader-text\">Complications de la grossesse g\u00e9mellaire<\/span><\/a><\/p>\n","protected":false},"author":2,"featured_media":1122,"comment_status":"closed","ping_status":"closed","sticky":false,"template":"","format":"standard","meta":{"footnotes":""},"categories":[4],"tags":[],"class_list":["post-1121","post","type-post","status-publish","format-standard","has-post-thumbnail","hentry","category-posts-freres-jumeaux-de-lessonnes","entry"],"yoast_head":"<!-- This site is optimized with the Yoast SEO plugin v27.5 - https:\/\/yoast.com\/product\/yoast-seo-wordpress\/ -->\n<title>Complications de la grossesse g\u00e9mellaire - JUMEAUX91<\/title>\n<meta name=\"robots\" content=\"index, follow, max-snippet:-1, max-image-preview:large, max-video-preview:-1\" \/>\n<link rel=\"canonical\" href=\"https:\/\/jumeaux91.fr\/blog\/complications-de-la-grossesse-gemellaire\/\" \/>\n<meta property=\"og:locale\" content=\"fr_FR\" \/>\n<meta property=\"og:type\" content=\"article\" \/>\n<meta property=\"og:title\" content=\"Complications de la grossesse g\u00e9mellaire - JUMEAUX91\" \/>\n<meta property=\"og:description\" content=\"Complications communes Pr\u00e9maturit\u00e9 et retard de croissance. Un suivi dans une maternit\u00e9 pouvant accueillir des enfants n\u00e9s trop t\u00f4t et hypotrophes est recommand\u00e9. Jumeau fant\u00f4me Certaines \u00e9chographies montrent la pr\u00e9sence de plusieurs f\u0153tus dans les premi\u00e8res semaines de grossesse, mais certains ne parviennent pas \u00e0 terme pour diff\u00e9rentes raisons. \u00c0 ce moment-l\u00e0, on parle de&hellip; Poursuivre la lecture Complications de la grossesse g\u00e9mellaire\" \/>\n<meta property=\"og:url\" content=\"https:\/\/jumeaux91.fr\/blog\/complications-de-la-grossesse-gemellaire\/\" \/>\n<meta property=\"og:site_name\" content=\"JUMEAUX91\" \/>\n<meta property=\"article:published_time\" content=\"2025-04-04T17:00:00+00:00\" \/>\n<meta property=\"og:image\" content=\"https:\/\/jumeaux91.fr\/blog\/wp-content\/uploads\/2025\/04\/complications-de-la-grossesse-gemellaire.jpg\" \/>\n<meta name=\"author\" content=\"Claude DAYRES\" \/>\n<meta name=\"twitter:card\" content=\"summary_large_image\" \/>\n<meta name=\"twitter:label1\" content=\"\u00c9crit par\" \/>\n\t<meta name=\"twitter:data1\" content=\"Claude DAYRES\" \/>\n\t<meta name=\"twitter:label2\" content=\"Dur\u00e9e de lecture estim\u00e9e\" \/>\n\t<meta name=\"twitter:data2\" content=\"3 minutes\" \/>\n<script type=\"application\/ld+json\" class=\"yoast-schema-graph\">{\"@context\":\"https:\\\/\\\/schema.org\",\"@graph\":[{\"@type\":\"Article\",\"@id\":\"https:\\\/\\\/jumeaux91.fr\\\/blog\\\/complications-de-la-grossesse-gemellaire\\\/#article\",\"isPartOf\":{\"@id\":\"https:\\\/\\\/jumeaux91.fr\\\/blog\\\/complications-de-la-grossesse-gemellaire\\\/\"},\"author\":{\"name\":\"Claude DAYRES\",\"@id\":\"https:\\\/\\\/jumeaux91.fr\\\/blog\\\/#\\\/schema\\\/person\\\/21da06e9f119b9f64e5d45dbbd32d3fb\"},\"headline\":\"Complications de la grossesse g\u00e9mellaire\",\"datePublished\":\"2025-04-04T17:00:00+00:00\",\"mainEntityOfPage\":{\"@id\":\"https:\\\/\\\/jumeaux91.fr\\\/blog\\\/complications-de-la-grossesse-gemellaire\\\/\"},\"wordCount\":642,\"publisher\":{\"@id\":\"https:\\\/\\\/jumeaux91.fr\\\/blog\\\/#organization\"},\"image\":{\"@id\":\"https:\\\/\\\/jumeaux91.fr\\\/blog\\\/complications-de-la-grossesse-gemellaire\\\/#primaryimage\"},\"thumbnailUrl\":\"https:\\\/\\\/jumeaux91.fr\\\/blog\\\/wp-content\\\/uploads\\\/2025\\\/04\\\/complications-de-la-grossesse-gemellaire.jpg\",\"articleSection\":[\"Posts Fr\u00e8res Jumeaux De L'Essonnes:\"],\"inLanguage\":\"fr-FR\"},{\"@type\":\"WebPage\",\"@id\":\"https:\\\/\\\/jumeaux91.fr\\\/blog\\\/complications-de-la-grossesse-gemellaire\\\/\",\"url\":\"https:\\\/\\\/jumeaux91.fr\\\/blog\\\/complications-de-la-grossesse-gemellaire\\\/\",\"name\":\"Complications de la grossesse g\u00e9mellaire - JUMEAUX91\",\"isPartOf\":{\"@id\":\"https:\\\/\\\/jumeaux91.fr\\\/blog\\\/#website\"},\"primaryImageOfPage\":{\"@id\":\"https:\\\/\\\/jumeaux91.fr\\\/blog\\\/complications-de-la-grossesse-gemellaire\\\/#primaryimage\"},\"image\":{\"@id\":\"https:\\\/\\\/jumeaux91.fr\\\/blog\\\/complications-de-la-grossesse-gemellaire\\\/#primaryimage\"},\"thumbnailUrl\":\"https:\\\/\\\/jumeaux91.fr\\\/blog\\\/wp-content\\\/uploads\\\/2025\\\/04\\\/complications-de-la-grossesse-gemellaire.jpg\",\"datePublished\":\"2025-04-04T17:00:00+00:00\",\"breadcrumb\":{\"@id\":\"https:\\\/\\\/jumeaux91.fr\\\/blog\\\/complications-de-la-grossesse-gemellaire\\\/#breadcrumb\"},\"inLanguage\":\"fr-FR\",\"potentialAction\":[{\"@type\":\"ReadAction\",\"target\":[\"https:\\\/\\\/jumeaux91.fr\\\/blog\\\/complications-de-la-grossesse-gemellaire\\\/\"]}]},{\"@type\":\"ImageObject\",\"inLanguage\":\"fr-FR\",\"@id\":\"https:\\\/\\\/jumeaux91.fr\\\/blog\\\/complications-de-la-grossesse-gemellaire\\\/#primaryimage\",\"url\":\"https:\\\/\\\/jumeaux91.fr\\\/blog\\\/wp-content\\\/uploads\\\/2025\\\/04\\\/complications-de-la-grossesse-gemellaire.jpg\",\"contentUrl\":\"https:\\\/\\\/jumeaux91.fr\\\/blog\\\/wp-content\\\/uploads\\\/2025\\\/04\\\/complications-de-la-grossesse-gemellaire.jpg\",\"width\":1200,\"height\":1769,\"caption\":\"Complications de la grossesse g\u00e9mellaire\"},{\"@type\":\"BreadcrumbList\",\"@id\":\"https:\\\/\\\/jumeaux91.fr\\\/blog\\\/complications-de-la-grossesse-gemellaire\\\/#breadcrumb\",\"itemListElement\":[{\"@type\":\"ListItem\",\"position\":1,\"name\":\"Accueil\",\"item\":\"https:\\\/\\\/jumeaux91.fr\\\/blog\\\/\"},{\"@type\":\"ListItem\",\"position\":2,\"name\":\"Complications de la grossesse g\u00e9mellaire\"}]},{\"@type\":\"WebSite\",\"@id\":\"https:\\\/\\\/jumeaux91.fr\\\/blog\\\/#website\",\"url\":\"https:\\\/\\\/jumeaux91.fr\\\/blog\\\/\",\"name\":\"JUMEAUX91\",\"description\":\"Fr\u00e8res jumeaux de l&#039;Essonnes; informations et archives, \u00e0 savoir et retenir.\",\"publisher\":{\"@id\":\"https:\\\/\\\/jumeaux91.fr\\\/blog\\\/#organization\"},\"potentialAction\":[{\"@type\":\"SearchAction\",\"target\":{\"@type\":\"EntryPoint\",\"urlTemplate\":\"https:\\\/\\\/jumeaux91.fr\\\/blog\\\/?s={search_term_string}\"},\"query-input\":{\"@type\":\"PropertyValueSpecification\",\"valueRequired\":true,\"valueName\":\"search_term_string\"}}],\"inLanguage\":\"fr-FR\"},{\"@type\":\"Organization\",\"@id\":\"https:\\\/\\\/jumeaux91.fr\\\/blog\\\/#organization\",\"name\":\"jumeaux91\",\"url\":\"https:\\\/\\\/jumeaux91.fr\\\/blog\\\/\",\"logo\":{\"@type\":\"ImageObject\",\"inLanguage\":\"fr-FR\",\"@id\":\"https:\\\/\\\/jumeaux91.fr\\\/blog\\\/#\\\/schema\\\/logo\\\/image\\\/\",\"url\":\"https:\\\/\\\/jumeaux91.fr\\\/blog\\\/wp-content\\\/uploads\\\/2023\\\/05\\\/cropped-cropped-logoJ_91.png\",\"contentUrl\":\"https:\\\/\\\/jumeaux91.fr\\\/blog\\\/wp-content\\\/uploads\\\/2023\\\/05\\\/cropped-cropped-logoJ_91.png\",\"width\":512,\"height\":512,\"caption\":\"jumeaux91\"},\"image\":{\"@id\":\"https:\\\/\\\/jumeaux91.fr\\\/blog\\\/#\\\/schema\\\/logo\\\/image\\\/\"}},{\"@type\":\"Person\",\"@id\":\"https:\\\/\\\/jumeaux91.fr\\\/blog\\\/#\\\/schema\\\/person\\\/21da06e9f119b9f64e5d45dbbd32d3fb\",\"name\":\"Claude DAYRES\",\"image\":{\"@type\":\"ImageObject\",\"inLanguage\":\"fr-FR\",\"@id\":\"https:\\\/\\\/secure.gravatar.com\\\/avatar\\\/82eb951df6110a2c48d1bfa7a67d1ee6f0cd5df3cbf9c3586dd61e82db7172a5?s=96&d=mm&r=g\",\"url\":\"https:\\\/\\\/secure.gravatar.com\\\/avatar\\\/82eb951df6110a2c48d1bfa7a67d1ee6f0cd5df3cbf9c3586dd61e82db7172a5?s=96&d=mm&r=g\",\"contentUrl\":\"https:\\\/\\\/secure.gravatar.com\\\/avatar\\\/82eb951df6110a2c48d1bfa7a67d1ee6f0cd5df3cbf9c3586dd61e82db7172a5?s=96&d=mm&r=g\",\"caption\":\"Claude DAYRES\"},\"url\":\"https:\\\/\\\/jumeaux91.fr\\\/blog\\\/author\\\/x91claude\\\/\"}]}<\/script>\n<!-- \/ Yoast SEO plugin. -->","yoast_head_json":{"title":"Complications de la grossesse g\u00e9mellaire - JUMEAUX91","robots":{"index":"index","follow":"follow","max-snippet":"max-snippet:-1","max-image-preview":"max-image-preview:large","max-video-preview":"max-video-preview:-1"},"canonical":"https:\/\/jumeaux91.fr\/blog\/complications-de-la-grossesse-gemellaire\/","og_locale":"fr_FR","og_type":"article","og_title":"Complications de la grossesse g\u00e9mellaire - JUMEAUX91","og_description":"Complications communes Pr\u00e9maturit\u00e9 et retard de croissance. Un suivi dans une maternit\u00e9 pouvant accueillir des enfants n\u00e9s trop t\u00f4t et hypotrophes est recommand\u00e9. Jumeau fant\u00f4me Certaines \u00e9chographies montrent la pr\u00e9sence de plusieurs f\u0153tus dans les premi\u00e8res semaines de grossesse, mais certains ne parviennent pas \u00e0 terme pour diff\u00e9rentes raisons. \u00c0 ce moment-l\u00e0, on parle de&hellip; Poursuivre la lecture Complications de la grossesse g\u00e9mellaire","og_url":"https:\/\/jumeaux91.fr\/blog\/complications-de-la-grossesse-gemellaire\/","og_site_name":"JUMEAUX91","article_published_time":"2025-04-04T17:00:00+00:00","og_image":[{"url":"https:\/\/jumeaux91.fr\/blog\/wp-content\/uploads\/2025\/04\/complications-de-la-grossesse-gemellaire.jpg","type":"","width":"","height":""}],"author":"Claude DAYRES","twitter_card":"summary_large_image","twitter_misc":{"\u00c9crit par":"Claude DAYRES","Dur\u00e9e de lecture estim\u00e9e":"3 minutes"},"schema":{"@context":"https:\/\/schema.org","@graph":[{"@type":"Article","@id":"https:\/\/jumeaux91.fr\/blog\/complications-de-la-grossesse-gemellaire\/#article","isPartOf":{"@id":"https:\/\/jumeaux91.fr\/blog\/complications-de-la-grossesse-gemellaire\/"},"author":{"name":"Claude DAYRES","@id":"https:\/\/jumeaux91.fr\/blog\/#\/schema\/person\/21da06e9f119b9f64e5d45dbbd32d3fb"},"headline":"Complications de la grossesse g\u00e9mellaire","datePublished":"2025-04-04T17:00:00+00:00","mainEntityOfPage":{"@id":"https:\/\/jumeaux91.fr\/blog\/complications-de-la-grossesse-gemellaire\/"},"wordCount":642,"publisher":{"@id":"https:\/\/jumeaux91.fr\/blog\/#organization"},"image":{"@id":"https:\/\/jumeaux91.fr\/blog\/complications-de-la-grossesse-gemellaire\/#primaryimage"},"thumbnailUrl":"https:\/\/jumeaux91.fr\/blog\/wp-content\/uploads\/2025\/04\/complications-de-la-grossesse-gemellaire.jpg","articleSection":["Posts Fr\u00e8res Jumeaux De L'Essonnes:"],"inLanguage":"fr-FR"},{"@type":"WebPage","@id":"https:\/\/jumeaux91.fr\/blog\/complications-de-la-grossesse-gemellaire\/","url":"https:\/\/jumeaux91.fr\/blog\/complications-de-la-grossesse-gemellaire\/","name":"Complications de la grossesse g\u00e9mellaire - JUMEAUX91","isPartOf":{"@id":"https:\/\/jumeaux91.fr\/blog\/#website"},"primaryImageOfPage":{"@id":"https:\/\/jumeaux91.fr\/blog\/complications-de-la-grossesse-gemellaire\/#primaryimage"},"image":{"@id":"https:\/\/jumeaux91.fr\/blog\/complications-de-la-grossesse-gemellaire\/#primaryimage"},"thumbnailUrl":"https:\/\/jumeaux91.fr\/blog\/wp-content\/uploads\/2025\/04\/complications-de-la-grossesse-gemellaire.jpg","datePublished":"2025-04-04T17:00:00+00:00","breadcrumb":{"@id":"https:\/\/jumeaux91.fr\/blog\/complications-de-la-grossesse-gemellaire\/#breadcrumb"},"inLanguage":"fr-FR","potentialAction":[{"@type":"ReadAction","target":["https:\/\/jumeaux91.fr\/blog\/complications-de-la-grossesse-gemellaire\/"]}]},{"@type":"ImageObject","inLanguage":"fr-FR","@id":"https:\/\/jumeaux91.fr\/blog\/complications-de-la-grossesse-gemellaire\/#primaryimage","url":"https:\/\/jumeaux91.fr\/blog\/wp-content\/uploads\/2025\/04\/complications-de-la-grossesse-gemellaire.jpg","contentUrl":"https:\/\/jumeaux91.fr\/blog\/wp-content\/uploads\/2025\/04\/complications-de-la-grossesse-gemellaire.jpg","width":1200,"height":1769,"caption":"Complications de la grossesse g\u00e9mellaire"},{"@type":"BreadcrumbList","@id":"https:\/\/jumeaux91.fr\/blog\/complications-de-la-grossesse-gemellaire\/#breadcrumb","itemListElement":[{"@type":"ListItem","position":1,"name":"Accueil","item":"https:\/\/jumeaux91.fr\/blog\/"},{"@type":"ListItem","position":2,"name":"Complications de la grossesse g\u00e9mellaire"}]},{"@type":"WebSite","@id":"https:\/\/jumeaux91.fr\/blog\/#website","url":"https:\/\/jumeaux91.fr\/blog\/","name":"JUMEAUX91","description":"Fr\u00e8res jumeaux de l&#039;Essonnes; informations et archives, \u00e0 savoir et retenir.","publisher":{"@id":"https:\/\/jumeaux91.fr\/blog\/#organization"},"potentialAction":[{"@type":"SearchAction","target":{"@type":"EntryPoint","urlTemplate":"https:\/\/jumeaux91.fr\/blog\/?s={search_term_string}"},"query-input":{"@type":"PropertyValueSpecification","valueRequired":true,"valueName":"search_term_string"}}],"inLanguage":"fr-FR"},{"@type":"Organization","@id":"https:\/\/jumeaux91.fr\/blog\/#organization","name":"jumeaux91","url":"https:\/\/jumeaux91.fr\/blog\/","logo":{"@type":"ImageObject","inLanguage":"fr-FR","@id":"https:\/\/jumeaux91.fr\/blog\/#\/schema\/logo\/image\/","url":"https:\/\/jumeaux91.fr\/blog\/wp-content\/uploads\/2023\/05\/cropped-cropped-logoJ_91.png","contentUrl":"https:\/\/jumeaux91.fr\/blog\/wp-content\/uploads\/2023\/05\/cropped-cropped-logoJ_91.png","width":512,"height":512,"caption":"jumeaux91"},"image":{"@id":"https:\/\/jumeaux91.fr\/blog\/#\/schema\/logo\/image\/"}},{"@type":"Person","@id":"https:\/\/jumeaux91.fr\/blog\/#\/schema\/person\/21da06e9f119b9f64e5d45dbbd32d3fb","name":"Claude DAYRES","image":{"@type":"ImageObject","inLanguage":"fr-FR","@id":"https:\/\/secure.gravatar.com\/avatar\/82eb951df6110a2c48d1bfa7a67d1ee6f0cd5df3cbf9c3586dd61e82db7172a5?s=96&d=mm&r=g","url":"https:\/\/secure.gravatar.com\/avatar\/82eb951df6110a2c48d1bfa7a67d1ee6f0cd5df3cbf9c3586dd61e82db7172a5?s=96&d=mm&r=g","contentUrl":"https:\/\/secure.gravatar.com\/avatar\/82eb951df6110a2c48d1bfa7a67d1ee6f0cd5df3cbf9c3586dd61e82db7172a5?s=96&d=mm&r=g","caption":"Claude DAYRES"},"url":"https:\/\/jumeaux91.fr\/blog\/author\/x91claude\/"}]}},"_links":{"self":[{"href":"https:\/\/jumeaux91.fr\/blog\/wp-json\/wp\/v2\/posts\/1121","targetHints":{"allow":["GET"]}}],"collection":[{"href":"https:\/\/jumeaux91.fr\/blog\/wp-json\/wp\/v2\/posts"}],"about":[{"href":"https:\/\/jumeaux91.fr\/blog\/wp-json\/wp\/v2\/types\/post"}],"author":[{"embeddable":true,"href":"https:\/\/jumeaux91.fr\/blog\/wp-json\/wp\/v2\/users\/2"}],"replies":[{"embeddable":true,"href":"https:\/\/jumeaux91.fr\/blog\/wp-json\/wp\/v2\/comments?post=1121"}],"version-history":[{"count":0,"href":"https:\/\/jumeaux91.fr\/blog\/wp-json\/wp\/v2\/posts\/1121\/revisions"}],"wp:featuredmedia":[{"embeddable":true,"href":"https:\/\/jumeaux91.fr\/blog\/wp-json\/wp\/v2\/media\/1122"}],"wp:attachment":[{"href":"https:\/\/jumeaux91.fr\/blog\/wp-json\/wp\/v2\/media?parent=1121"}],"wp:term":[{"taxonomy":"category","embeddable":true,"href":"https:\/\/jumeaux91.fr\/blog\/wp-json\/wp\/v2\/categories?post=1121"},{"taxonomy":"post_tag","embeddable":true,"href":"https:\/\/jumeaux91.fr\/blog\/wp-json\/wp\/v2\/tags?post=1121"}],"curies":[{"name":"wp","href":"https:\/\/api.w.org\/{rel}","templated":true}]}}