{"id":1145,"date":"2025-04-15T11:46:00","date_gmt":"2025-04-15T09:46:00","guid":{"rendered":"https:\/\/jumeaux91.fr\/blog\/sinners-le-melange-des-genres-les-tops-et-les-flops-cine-de-la-semaine\/"},"modified":"2025-04-15T11:46:00","modified_gmt":"2025-04-15T09:46:00","slug":"sinners-le-melange-des-genres-les-tops-et-les-flops-cine-de-la-semaine","status":"publish","type":"post","link":"https:\/\/jumeaux91.fr\/blog\/sinners-le-melange-des-genres-les-tops-et-les-flops-cine-de-la-semaine\/","title":{"rendered":"Sinners, Le M\u00e9lange des genres\u2026 Les tops et les flops cin\u00e9 de la semaine"},"content":{"rendered":"<div><img decoding=\"async\" src=\"https:\/\/jumeaux91.fr\/blog\/wp-content\/uploads\/2025\/04\/sinners-le-melange-des-genres-les-tops-et-les-flops-cine-de-la-semaine.jpg\" class=\"ff-og-image-inserted\"><\/div>\n<p><span><span><span><span><span><span><span><strong><span>De Ryan Coogler, avec Michael B. Jordan, Jack O\u2019Connell. 2h11.<\/span><\/strong><\/span><\/span><\/span><\/span><\/span><\/span><\/span><\/p>\n<p><span><span><span><span><span><span><span><span>En 1932, dans l\u2019\u00c9tat du Mississippi, des fr\u00e8res jumeaux, Smoke et Stack, d\u00e9cident de racheter une vieille scierie, et de la transformer en club de blues pour divertir la communaut\u00e9 afro-am\u00e9ricaine locale, qui travaille dans les champs de coton la journ\u00e9e. Une nuit, la f\u00eate d\u00e9rape quand des intrus frappent \u00e0 leur porte&nbsp;: ce sont des vampires&nbsp;! Sortez l\u2019eau b\u00e9nite, les gousses d\u2019ail et les pieux&nbsp;: ce drame historique, o\u00f9 il est question de prohibition, de s\u00e9gr\u00e9gation, de lynchage et du Ku Klux Klan, amorce un virage inattendu en basculant sans pr\u00e9venir dans l\u2019horreur, un peu \u00e0 la fa\u00e7on d\u2019<em>Une nuit en enfer <\/em>(1996), de Robert Rodriguez. <\/span><\/span><\/span><\/span><\/span><\/span><\/span><\/span><\/p>\n<div>\n<p class=\"MsoNoSpacing\"><span><span><span><span><span><span><span><span>Un objet hybride, curieux et envo\u00fbtant, qui se d\u00e9roule selon une unit\u00e9 de lieu et de temps, enrichi du folklore de l\u2019\u00e9poque, et marque le retour du tandem form\u00e9 par le r\u00e9alisateur Ryan Coogler et l\u2019acteur Michael&nbsp;B. Jordan, apr\u00e8s <em>Fruitvale Station<\/em> (2013), <em>Creed<\/em> (2015) et <em>Black Panther<\/em> (2018). En d\u00e9pit de quelques longueurs, le r\u00e9sultat est plut\u00f4t jouissif.<strong> S.&nbsp;B.<\/strong><\/span><\/span><\/span><\/span><\/span><\/span><\/span><\/span><\/p>\n<p>[embedded content]<\/p>\n<hr>\n<h3><span><span><span><span><span><span><span><strong><span><\/span><\/strong><\/span><\/span><\/span><\/span><\/span><\/span><\/span><span><span><span><span><span><span><span><strong><span>Le M\u00e9lange des genres&nbsp;<\/span>\u2605\u2605<span><\/span><\/strong><\/span><\/span><\/span><\/span><\/span><\/span><\/span><\/h3>\n<p class=\"MsoNoSpacing\"><span><span><span><span><span><span><span><strong><span>De Michel Leclerc, avec L\u00e9a Drucker, Benjamin Lavernhe. 1h43.<\/span><\/strong><\/span><\/span><\/span><\/span><\/span><\/span><\/span><\/p>\n<div class=\"lmn-inread lmn-desk\"> <span>La suite apr\u00e8s cette publicit\u00e9<\/span> <\/div>\n<p class=\"MsoNoSpacing\"><span><span><span><span><span><span><span><span>Il est probable que le r\u00e9alisateur blanc de plus de cinquante ans ne se fasse pas que des ami(e) s avec ce <em>M\u00e9lange des genres<\/em> o\u00f9 il interroge les relations hommes femmes dans notre soci\u00e9t\u00e9 post MeToo. Il y met en sc\u00e8ne une flic infiltr\u00e9e qui accuse de viol un com\u00e9dien rat\u00e9 vivant dans l\u2019ombre de sa conjointe afin de prot\u00e9ger sa couverture au sein du collectif f\u00e9ministe sur lequel elle enqu\u00eate. En r\u00e9sulte une com\u00e9die polici\u00e8re et soci\u00e9tale pertinente, maligne et narquoise qui caricature le f\u00e9minisme militant sans jamais le d\u00e9l\u00e9gitimer, \u00e0 l\u2019inverse du masculinisme, afin d\u2019encourager le dialogue dans une soci\u00e9t\u00e9 crisp\u00e9e o\u00f9 les hommes sont un peu d\u00e9pass\u00e9s. <\/span><\/span><\/span><\/span><\/span><\/span><\/span><\/span><\/p>\n<p class=\"MsoNoSpacing\"><span><span><span><span><span><span><span><span>Si l\u2019intrigue prend un peu de temps \u00e0 se mettre en place, si les parenth\u00e8ses oniriques avec Vincent Delerm sont dispensables, comme sa sc\u00e8ne d\u2019amour finale dans un lieu singulier, elle amuse beaucoup tout en faisant, loin du virilisme ringard, l\u2019\u00e9loge de la douceur. C\u2019est un formidable Benjamin Lavernhe (r\u00e9compens\u00e9 \u00e0 l\u2019Alpe d\u2019Huez) qui figure celui-ci face \u00e0 une L\u00e9a Drucker ne l\u2019\u00e9tant pas moins en flic pr\u00eate \u00e0 tout pour boucler son investigation. <strong>Bap. T.<\/strong><\/span><\/span><\/span><\/span><\/span><\/span><\/span><\/span><\/p>\n<p>[embedded content]<\/p>\n<hr>\n<h3><span><span><span><span><span><span><span><strong><span><\/span><\/strong><\/span><\/span><\/span><\/span><\/span><\/span><\/span><span><span><span><span><span><span><span><strong><span>Oxana&nbsp;<\/span>\u2605<span><\/span><\/strong><\/span><\/span><\/span><\/span><\/span><\/span><\/span><\/h3>\n<p class=\"MsoNoSpacing\"><span><span><span><span><span><span><span><strong><span>De Charl\u00e8ne Favier, avec Albina Korzh, Maryna Koshkina. 1h43.<\/span><\/strong><\/span><\/span><\/span><\/span><\/span><\/span><\/span><\/p>\n<p class=\"MsoNoSpacing\"><span><span><span><span><span><span><span><span>Quatre ans apr\u00e8s <em>Slalom<\/em>, son premier long m\u00e9trage tr\u00e8s r\u00e9ussi sur les violences sexuelles dans le sport, Charl\u00e8ne Favier s\u2019int\u00e9resse cette fois au destin aussi romanesque que tragique d\u2019Oksana Chatchko, artiste peintre et cofondatrice du mouvement Femen (2008) ayant d\u00e9fi\u00e9 Vladimir Poutine et le pr\u00e9sident bi\u00e9lorusse Alexandre Loukachenko avant de s\u2019exiler en France en 2013 puis de s\u2019y donner la mort cinq ans plus tard. <\/span><\/span><\/span><\/span><\/span><\/span><\/span><\/span><\/p>\n<p class=\"MsoNoSpacing\"><span><span><span><span><span><span><span><span>Un personnage courageux, beau et fragile que la r\u00e9alisatrice portraiture dans un va-et-vient temporel de l\u2019Ukraine \u00e0 Paris, comme des fragments de vie composant un tableau qui \u00e9voque les peintures religieuses de celle-ci. Le film p\u00e2tit h\u00e9las de son audacieuse structure, la femme complexe peinant \u00e0 vraiment percer derri\u00e8re la militante iconis\u00e9e malgr\u00e9 la prestation d\u2019Albina Korzh. <strong>Bap. T.<\/strong><\/span><\/span><\/span><\/span><\/span><\/span><\/span><\/span><\/p>\n<p>[embedded content]<\/p>\n<hr>\n<h3><span><span><span><span><span><span><span><strong><span><\/span><\/strong><\/span><\/span><\/span><\/span><\/span><\/span><\/span><span><span><span><span><span><span><span><strong><span>Comment devenir riche (gr\u00e2ce \u00e0 sa grand-m\u00e8re) <\/span>\u2605<span><\/span><\/strong><\/span><\/span><\/span><\/span><\/span><\/span><\/span><\/h3>\n<p class=\"MsoNoSpacing\"><span><span><span><span><span><span><span><strong><span>De Pat Boonnitipat, avec Putthipong Assaratanakul, Usha Seamkkum. 2h05.<\/span><\/strong><\/span><\/span><\/span><\/span><\/span><\/span><\/span><\/p>\n<p class=\"MsoNoSpacing\"><span><span><span><span><span><span><span><span>Un jeune homme d\u00e9sireux de faire carri\u00e8re dans les jeux en ligne apprend que sa grand-m\u00e8re est atteinte d\u2019un cancer incurable. Il tente de se rapprocher d\u2019elle non sans arri\u00e8re-pens\u00e9es p\u00e9cuniaires. Immense succ\u00e8s en Tha\u00eflande mais \u00e9galement ailleurs en Asie, ce premier long m\u00e9trage, on s\u2019en doute, verra son jeune antih\u00e9ros passer de la cupidit\u00e9 \u00e0 une r\u00e9elle affection envers sa mamie loin d\u2019\u00eatre dupe et riche. <\/span><\/span><\/span><\/span><\/span><\/span><\/span><\/span><\/p>\n<p class=\"MsoNoSpacing\"><span><span><span><span><span><span><span><span>L\u2019\u00e9tude des relations intrafamiliales dans une soci\u00e9t\u00e9 de plus en plus individualiste est int\u00e9ressante, mais cette com\u00e9die dramatique trop lin\u00e9aire aux notes de piano omnipr\u00e9sentes se r\u00e9v\u00e8le plus tendre que vraiment dr\u00f4le. Longuette \u00e9galement. <strong>Bap. T.<\/strong><\/span><\/span><\/span><\/span><\/span><\/span><\/span><\/span><\/p>\n<p>[embedded content]<\/p>\n<hr>\n<h3><span><span><span><span><span><span><span><strong><span><\/span><\/strong><\/span><\/span><\/span><\/span><\/span><\/span><\/span><span><span><span><span><span><span><span><strong><span>La R\u00e9paration<\/span><\/strong><\/span><\/span><\/span><\/span><\/span><\/span><\/span><\/h3>\n<p class=\"MsoNoSpacing\"><span><span><span><span><span><span><span><strong><span>De R\u00e9gis Wargnier, avec Julia de Nunez, Clovis Cornillac. 1h44.<\/span><\/strong><\/span><\/span><\/span><\/span><\/span><\/span><\/span><\/p>\n<p class=\"MsoNoSpacing\"><span><span><span><span><span><span><span><span>Dix ans que le cin\u00e9aste oscaris\u00e9 en 1991 pour <em>Indochine<\/em> n\u2019avait pas tourn\u00e9 un film. Son retour avec<em> La R\u00e9paration <\/em>d\u00e9\u00e7oit malgr\u00e9 une entame all\u00e9chante&nbsp;: les disparitions d\u2019un chef renomm\u00e9, quelques heures avant l\u2019attribution de sa troisi\u00e8me \u00e9toile si convoit\u00e9e, et de son second tomb\u00e9 amoureux de sa fille vou\u00e9e \u00e0 lui succ\u00e9der \u00e0 la t\u00eate du restaurant breton. C\u2019est autour de la jeune femme, interpr\u00e9t\u00e9e avec plus ou moins de justesse par Julia de Nunez (<em>Bardot<\/em>), que s\u2019articule le r\u00e9cit, quand deux ans plus tard celle-ci s\u2019envole pour Ta\u00efwan apr\u00e8s avoir re\u00e7u une myst\u00e9rieuse invitation. <\/span><\/span><\/span><\/span><\/span><\/span><\/span><\/span><\/p>\n<p class=\"MsoNoSpacing\"><span><span><span><span><span><span><span><span>R\u00e9gis Wargnier m\u00eale les genres comme ses personnages les saveurs, mais la mayonnaise ne prend pas. Si l\u00e0 encore il fait dans la belle image, on s\u2019ennuie ferme face \u00e0 son romanesque dat\u00e9 et son intrigue mal ficel\u00e9e aux myst\u00e8res trop vite \u00e9vent\u00e9s et d\u00e9ceptifs. Les r\u00e9alisateurs chevronn\u00e9s ne sont pas toujours semblables aux grands vins. <strong>Bap. T.<\/strong><\/span><\/span><\/span><\/span><\/span><\/span><\/span><\/span><\/p>\n<p>[embedded content]<\/p>\n<hr>\n<h3><span><span><span><span><span><span><span><strong><span><\/span><\/strong><\/span><\/span><\/span><\/span><\/span><\/span><\/span><span><span><span><span><span><span><span><strong><span>Aimons-nous vivants<\/span><\/strong><\/span><\/span><\/span><\/span><\/span><\/span><\/span><\/h3>\n<p class=\"MsoNoSpacing\"><span><span><span><span><span><span><span><strong><span>De Jean-Pierre Am\u00e9ris, avec Val\u00e9rie Lemercier, G\u00e9rard Darmon. 1h30.<\/span><\/strong><\/span><\/span><\/span><\/span><\/span><\/span><\/span><\/p>\n<p class=\"MsoNoSpacing\"><span><span><span><span><span><span><span><span>Depuis son AVC lors d\u2019un concert, Antoine Toussaint, ancienne gloire de la chanson fran\u00e7aise, est d\u00e9cid\u00e9 \u00e0 en finir par crainte qu\u2019un second lui enl\u00e8ve toutes ses facult\u00e9s. Dans le train pour Gen\u00e8ve, il rencontre l\u2019une de ses fans, Victoire, passag\u00e8re envahissante qui va s\u2019\u00e9vertuer \u00e0 contrarier son objectif funeste. S\u2019appuyant sur un ressort de com\u00e9die classique, le duo mal assorti, Jean-Pierre Am\u00e9ris tente de faire rire autour de la fin de vie. L\u2019initiative e\u00fbt \u00e9t\u00e9 audacieuse si ce sujet tr\u00e8s actuel ne servait pas seulement de pr\u00e9texte au d\u00e9roul\u00e9 d\u2019une farce ringarde d\u00e9nu\u00e9e de la moindre ambition formelle et d\u2019originalit\u00e9. L\u2019abattage de Val\u00e9rie Lemercier et la bougonnerie famili\u00e8re de G\u00e9rard Darmon n\u2019y changeront rien. <strong>Bap. T.<\/strong><\/span><\/span><\/span><\/span><\/span><\/span><\/span><\/span><\/p>\n<p>[embedded content]<\/p><\/div>\n<p>La chronique se veut g\u00e9n\u00e9r\u00e9e de la fa\u00e7on la plus claire que possible. Dans le cas o\u00f9 vous souhaitez pr\u00e9senter des renseignements compl\u00e9mentaires \u00e0 cet article sur le sujet \u00ab\u00a0Fr\u00e8res jumeaux de l&rsquo;Essonnes\u00a0\u00bb il vous est possible d\u2019\u00e9crire aux contacts indiqu\u00e9s sur notre website. La raison d\u2019\u00eatre de jumeaux91.fr \u00e9tant de rassembler sur le web des posts sur le sujet de Fr\u00e8res jumeaux de l&rsquo;Essonnes puis les diffuser en r\u00e9pondant au mieux aux interrogations des gens. Vous pouvez tirer profit de cet article traitant le sujet \u00ab\u00a0Fr\u00e8res jumeaux de l&rsquo;Essonnes\u00a0\u00bb. Il est concoct\u00e9 par l\u2019\u00e9quipe jumeaux91.fr. Prochainement, nous rendrons accessibles au public d&rsquo;autres informations pertinentes sur le sujet \u00ab\u00a0Fr\u00e8res jumeaux de l&rsquo;Essonnes\u00a0\u00bb. Alors, consultez syst\u00e9matiquement notre blog.<\/p>\n","protected":false},"excerpt":{"rendered":"<p>De Ryan Coogler, avec Michael B. Jordan, Jack O\u2019Connell. 2h11. En 1932, dans l\u2019\u00c9tat du Mississippi, des fr\u00e8res jumeaux, Smoke et Stack, d\u00e9cident de racheter une vieille scierie, et de la transformer en club de blues pour divertir la communaut\u00e9 afro-am\u00e9ricaine locale, qui travaille dans les champs de coton la journ\u00e9e. Une nuit, la f\u00eate&hellip; <a class=\"more-link\" href=\"https:\/\/jumeaux91.fr\/blog\/sinners-le-melange-des-genres-les-tops-et-les-flops-cine-de-la-semaine\/\">Poursuivre la lecture <span class=\"screen-reader-text\">Sinners, Le M\u00e9lange des genres\u2026 Les tops et les flops cin\u00e9 de la semaine<\/span><\/a><\/p>\n","protected":false},"author":2,"featured_media":1146,"comment_status":"closed","ping_status":"closed","sticky":false,"template":"","format":"standard","meta":{"footnotes":""},"categories":[4],"tags":[],"class_list":["post-1145","post","type-post","status-publish","format-standard","has-post-thumbnail","hentry","category-posts-freres-jumeaux-de-lessonnes","entry"],"yoast_head":"<!-- This site is optimized with the Yoast SEO plugin v27.5 - https:\/\/yoast.com\/product\/yoast-seo-wordpress\/ -->\n<title>Sinners, Le M\u00e9lange des genres\u2026 Les tops et les flops cin\u00e9 de la semaine - JUMEAUX91<\/title>\n<meta name=\"robots\" content=\"index, follow, max-snippet:-1, max-image-preview:large, max-video-preview:-1\" \/>\n<link rel=\"canonical\" href=\"https:\/\/jumeaux91.fr\/blog\/sinners-le-melange-des-genres-les-tops-et-les-flops-cine-de-la-semaine\/\" \/>\n<meta property=\"og:locale\" content=\"fr_FR\" \/>\n<meta property=\"og:type\" content=\"article\" \/>\n<meta property=\"og:title\" content=\"Sinners, Le M\u00e9lange des genres\u2026 Les tops et les flops cin\u00e9 de la semaine - JUMEAUX91\" \/>\n<meta property=\"og:description\" content=\"De Ryan Coogler, avec Michael B. Jordan, Jack O\u2019Connell. 2h11. En 1932, dans l\u2019\u00c9tat du Mississippi, des fr\u00e8res jumeaux, Smoke et Stack, d\u00e9cident de racheter une vieille scierie, et de la transformer en club de blues pour divertir la communaut\u00e9 afro-am\u00e9ricaine locale, qui travaille dans les champs de coton la journ\u00e9e. Une nuit, la f\u00eate&hellip; Poursuivre la lecture Sinners, Le M\u00e9lange des genres\u2026 Les tops et les flops cin\u00e9 de la semaine\" \/>\n<meta property=\"og:url\" content=\"https:\/\/jumeaux91.fr\/blog\/sinners-le-melange-des-genres-les-tops-et-les-flops-cine-de-la-semaine\/\" \/>\n<meta property=\"og:site_name\" content=\"JUMEAUX91\" \/>\n<meta property=\"article:published_time\" content=\"2025-04-15T09:46:00+00:00\" \/>\n<meta property=\"og:image\" content=\"https:\/\/jumeaux91.fr\/blog\/wp-content\/uploads\/2025\/04\/sinners-le-melange-des-genres-les-tops-et-les-flops-cine-de-la-semaine.jpg\" \/>\n<meta name=\"author\" content=\"Claude DAYRES\" \/>\n<meta name=\"twitter:card\" content=\"summary_large_image\" \/>\n<meta name=\"twitter:label1\" content=\"\u00c9crit par\" \/>\n\t<meta name=\"twitter:data1\" content=\"Claude DAYRES\" \/>\n\t<meta name=\"twitter:label2\" content=\"Dur\u00e9e de lecture estim\u00e9e\" \/>\n\t<meta name=\"twitter:data2\" content=\"6 minutes\" \/>\n<script type=\"application\/ld+json\" class=\"yoast-schema-graph\">{\"@context\":\"https:\\\/\\\/schema.org\",\"@graph\":[{\"@type\":\"Article\",\"@id\":\"https:\\\/\\\/jumeaux91.fr\\\/blog\\\/sinners-le-melange-des-genres-les-tops-et-les-flops-cine-de-la-semaine\\\/#article\",\"isPartOf\":{\"@id\":\"https:\\\/\\\/jumeaux91.fr\\\/blog\\\/sinners-le-melange-des-genres-les-tops-et-les-flops-cine-de-la-semaine\\\/\"},\"author\":{\"name\":\"Claude DAYRES\",\"@id\":\"https:\\\/\\\/jumeaux91.fr\\\/blog\\\/#\\\/schema\\\/person\\\/21da06e9f119b9f64e5d45dbbd32d3fb\"},\"headline\":\"Sinners, Le M\u00e9lange des genres\u2026 Les tops et les flops cin\u00e9 de la semaine\",\"datePublished\":\"2025-04-15T09:46:00+00:00\",\"mainEntityOfPage\":{\"@id\":\"https:\\\/\\\/jumeaux91.fr\\\/blog\\\/sinners-le-melange-des-genres-les-tops-et-les-flops-cine-de-la-semaine\\\/\"},\"wordCount\":1255,\"publisher\":{\"@id\":\"https:\\\/\\\/jumeaux91.fr\\\/blog\\\/#organization\"},\"image\":{\"@id\":\"https:\\\/\\\/jumeaux91.fr\\\/blog\\\/sinners-le-melange-des-genres-les-tops-et-les-flops-cine-de-la-semaine\\\/#primaryimage\"},\"thumbnailUrl\":\"https:\\\/\\\/jumeaux91.fr\\\/blog\\\/wp-content\\\/uploads\\\/2025\\\/04\\\/sinners-le-melange-des-genres-les-tops-et-les-flops-cine-de-la-semaine.jpg\",\"articleSection\":[\"Posts Fr\u00e8res Jumeaux De L'Essonnes:\"],\"inLanguage\":\"fr-FR\"},{\"@type\":\"WebPage\",\"@id\":\"https:\\\/\\\/jumeaux91.fr\\\/blog\\\/sinners-le-melange-des-genres-les-tops-et-les-flops-cine-de-la-semaine\\\/\",\"url\":\"https:\\\/\\\/jumeaux91.fr\\\/blog\\\/sinners-le-melange-des-genres-les-tops-et-les-flops-cine-de-la-semaine\\\/\",\"name\":\"Sinners, Le M\u00e9lange des genres\u2026 Les tops et les flops cin\u00e9 de la semaine - JUMEAUX91\",\"isPartOf\":{\"@id\":\"https:\\\/\\\/jumeaux91.fr\\\/blog\\\/#website\"},\"primaryImageOfPage\":{\"@id\":\"https:\\\/\\\/jumeaux91.fr\\\/blog\\\/sinners-le-melange-des-genres-les-tops-et-les-flops-cine-de-la-semaine\\\/#primaryimage\"},\"image\":{\"@id\":\"https:\\\/\\\/jumeaux91.fr\\\/blog\\\/sinners-le-melange-des-genres-les-tops-et-les-flops-cine-de-la-semaine\\\/#primaryimage\"},\"thumbnailUrl\":\"https:\\\/\\\/jumeaux91.fr\\\/blog\\\/wp-content\\\/uploads\\\/2025\\\/04\\\/sinners-le-melange-des-genres-les-tops-et-les-flops-cine-de-la-semaine.jpg\",\"datePublished\":\"2025-04-15T09:46:00+00:00\",\"breadcrumb\":{\"@id\":\"https:\\\/\\\/jumeaux91.fr\\\/blog\\\/sinners-le-melange-des-genres-les-tops-et-les-flops-cine-de-la-semaine\\\/#breadcrumb\"},\"inLanguage\":\"fr-FR\",\"potentialAction\":[{\"@type\":\"ReadAction\",\"target\":[\"https:\\\/\\\/jumeaux91.fr\\\/blog\\\/sinners-le-melange-des-genres-les-tops-et-les-flops-cine-de-la-semaine\\\/\"]}]},{\"@type\":\"ImageObject\",\"inLanguage\":\"fr-FR\",\"@id\":\"https:\\\/\\\/jumeaux91.fr\\\/blog\\\/sinners-le-melange-des-genres-les-tops-et-les-flops-cine-de-la-semaine\\\/#primaryimage\",\"url\":\"https:\\\/\\\/jumeaux91.fr\\\/blog\\\/wp-content\\\/uploads\\\/2025\\\/04\\\/sinners-le-melange-des-genres-les-tops-et-les-flops-cine-de-la-semaine.jpg\",\"contentUrl\":\"https:\\\/\\\/jumeaux91.fr\\\/blog\\\/wp-content\\\/uploads\\\/2025\\\/04\\\/sinners-le-melange-des-genres-les-tops-et-les-flops-cine-de-la-semaine.jpg\",\"width\":1024,\"height\":682,\"caption\":\"Sinners, Le M\u00e9lange des genres\u2026 Les tops et les flops cin\u00e9 de la semaine\"},{\"@type\":\"BreadcrumbList\",\"@id\":\"https:\\\/\\\/jumeaux91.fr\\\/blog\\\/sinners-le-melange-des-genres-les-tops-et-les-flops-cine-de-la-semaine\\\/#breadcrumb\",\"itemListElement\":[{\"@type\":\"ListItem\",\"position\":1,\"name\":\"Accueil\",\"item\":\"https:\\\/\\\/jumeaux91.fr\\\/blog\\\/\"},{\"@type\":\"ListItem\",\"position\":2,\"name\":\"Sinners, Le M\u00e9lange des genres\u2026 Les tops et les flops cin\u00e9 de la semaine\"}]},{\"@type\":\"WebSite\",\"@id\":\"https:\\\/\\\/jumeaux91.fr\\\/blog\\\/#website\",\"url\":\"https:\\\/\\\/jumeaux91.fr\\\/blog\\\/\",\"name\":\"JUMEAUX91\",\"description\":\"Fr\u00e8res jumeaux de l&#039;Essonnes; informations et archives, \u00e0 savoir et retenir.\",\"publisher\":{\"@id\":\"https:\\\/\\\/jumeaux91.fr\\\/blog\\\/#organization\"},\"potentialAction\":[{\"@type\":\"SearchAction\",\"target\":{\"@type\":\"EntryPoint\",\"urlTemplate\":\"https:\\\/\\\/jumeaux91.fr\\\/blog\\\/?s={search_term_string}\"},\"query-input\":{\"@type\":\"PropertyValueSpecification\",\"valueRequired\":true,\"valueName\":\"search_term_string\"}}],\"inLanguage\":\"fr-FR\"},{\"@type\":\"Organization\",\"@id\":\"https:\\\/\\\/jumeaux91.fr\\\/blog\\\/#organization\",\"name\":\"jumeaux91\",\"url\":\"https:\\\/\\\/jumeaux91.fr\\\/blog\\\/\",\"logo\":{\"@type\":\"ImageObject\",\"inLanguage\":\"fr-FR\",\"@id\":\"https:\\\/\\\/jumeaux91.fr\\\/blog\\\/#\\\/schema\\\/logo\\\/image\\\/\",\"url\":\"https:\\\/\\\/jumeaux91.fr\\\/blog\\\/wp-content\\\/uploads\\\/2023\\\/05\\\/cropped-cropped-logoJ_91.png\",\"contentUrl\":\"https:\\\/\\\/jumeaux91.fr\\\/blog\\\/wp-content\\\/uploads\\\/2023\\\/05\\\/cropped-cropped-logoJ_91.png\",\"width\":512,\"height\":512,\"caption\":\"jumeaux91\"},\"image\":{\"@id\":\"https:\\\/\\\/jumeaux91.fr\\\/blog\\\/#\\\/schema\\\/logo\\\/image\\\/\"}},{\"@type\":\"Person\",\"@id\":\"https:\\\/\\\/jumeaux91.fr\\\/blog\\\/#\\\/schema\\\/person\\\/21da06e9f119b9f64e5d45dbbd32d3fb\",\"name\":\"Claude DAYRES\",\"image\":{\"@type\":\"ImageObject\",\"inLanguage\":\"fr-FR\",\"@id\":\"https:\\\/\\\/secure.gravatar.com\\\/avatar\\\/82eb951df6110a2c48d1bfa7a67d1ee6f0cd5df3cbf9c3586dd61e82db7172a5?s=96&d=mm&r=g\",\"url\":\"https:\\\/\\\/secure.gravatar.com\\\/avatar\\\/82eb951df6110a2c48d1bfa7a67d1ee6f0cd5df3cbf9c3586dd61e82db7172a5?s=96&d=mm&r=g\",\"contentUrl\":\"https:\\\/\\\/secure.gravatar.com\\\/avatar\\\/82eb951df6110a2c48d1bfa7a67d1ee6f0cd5df3cbf9c3586dd61e82db7172a5?s=96&d=mm&r=g\",\"caption\":\"Claude DAYRES\"},\"url\":\"https:\\\/\\\/jumeaux91.fr\\\/blog\\\/author\\\/x91claude\\\/\"}]}<\/script>\n<!-- \/ Yoast SEO plugin. -->","yoast_head_json":{"title":"Sinners, Le M\u00e9lange des genres\u2026 Les tops et les flops cin\u00e9 de la semaine - JUMEAUX91","robots":{"index":"index","follow":"follow","max-snippet":"max-snippet:-1","max-image-preview":"max-image-preview:large","max-video-preview":"max-video-preview:-1"},"canonical":"https:\/\/jumeaux91.fr\/blog\/sinners-le-melange-des-genres-les-tops-et-les-flops-cine-de-la-semaine\/","og_locale":"fr_FR","og_type":"article","og_title":"Sinners, Le M\u00e9lange des genres\u2026 Les tops et les flops cin\u00e9 de la semaine - JUMEAUX91","og_description":"De Ryan Coogler, avec Michael B. Jordan, Jack O\u2019Connell. 2h11. En 1932, dans l\u2019\u00c9tat du Mississippi, des fr\u00e8res jumeaux, Smoke et Stack, d\u00e9cident de racheter une vieille scierie, et de la transformer en club de blues pour divertir la communaut\u00e9 afro-am\u00e9ricaine locale, qui travaille dans les champs de coton la journ\u00e9e. Une nuit, la f\u00eate&hellip; Poursuivre la lecture Sinners, Le M\u00e9lange des genres\u2026 Les tops et les flops cin\u00e9 de la semaine","og_url":"https:\/\/jumeaux91.fr\/blog\/sinners-le-melange-des-genres-les-tops-et-les-flops-cine-de-la-semaine\/","og_site_name":"JUMEAUX91","article_published_time":"2025-04-15T09:46:00+00:00","og_image":[{"url":"https:\/\/jumeaux91.fr\/blog\/wp-content\/uploads\/2025\/04\/sinners-le-melange-des-genres-les-tops-et-les-flops-cine-de-la-semaine.jpg","type":"","width":"","height":""}],"author":"Claude DAYRES","twitter_card":"summary_large_image","twitter_misc":{"\u00c9crit par":"Claude DAYRES","Dur\u00e9e de lecture estim\u00e9e":"6 minutes"},"schema":{"@context":"https:\/\/schema.org","@graph":[{"@type":"Article","@id":"https:\/\/jumeaux91.fr\/blog\/sinners-le-melange-des-genres-les-tops-et-les-flops-cine-de-la-semaine\/#article","isPartOf":{"@id":"https:\/\/jumeaux91.fr\/blog\/sinners-le-melange-des-genres-les-tops-et-les-flops-cine-de-la-semaine\/"},"author":{"name":"Claude DAYRES","@id":"https:\/\/jumeaux91.fr\/blog\/#\/schema\/person\/21da06e9f119b9f64e5d45dbbd32d3fb"},"headline":"Sinners, Le M\u00e9lange des genres\u2026 Les tops et les flops cin\u00e9 de la semaine","datePublished":"2025-04-15T09:46:00+00:00","mainEntityOfPage":{"@id":"https:\/\/jumeaux91.fr\/blog\/sinners-le-melange-des-genres-les-tops-et-les-flops-cine-de-la-semaine\/"},"wordCount":1255,"publisher":{"@id":"https:\/\/jumeaux91.fr\/blog\/#organization"},"image":{"@id":"https:\/\/jumeaux91.fr\/blog\/sinners-le-melange-des-genres-les-tops-et-les-flops-cine-de-la-semaine\/#primaryimage"},"thumbnailUrl":"https:\/\/jumeaux91.fr\/blog\/wp-content\/uploads\/2025\/04\/sinners-le-melange-des-genres-les-tops-et-les-flops-cine-de-la-semaine.jpg","articleSection":["Posts Fr\u00e8res Jumeaux De L'Essonnes:"],"inLanguage":"fr-FR"},{"@type":"WebPage","@id":"https:\/\/jumeaux91.fr\/blog\/sinners-le-melange-des-genres-les-tops-et-les-flops-cine-de-la-semaine\/","url":"https:\/\/jumeaux91.fr\/blog\/sinners-le-melange-des-genres-les-tops-et-les-flops-cine-de-la-semaine\/","name":"Sinners, Le M\u00e9lange des genres\u2026 Les tops et les flops cin\u00e9 de la semaine - JUMEAUX91","isPartOf":{"@id":"https:\/\/jumeaux91.fr\/blog\/#website"},"primaryImageOfPage":{"@id":"https:\/\/jumeaux91.fr\/blog\/sinners-le-melange-des-genres-les-tops-et-les-flops-cine-de-la-semaine\/#primaryimage"},"image":{"@id":"https:\/\/jumeaux91.fr\/blog\/sinners-le-melange-des-genres-les-tops-et-les-flops-cine-de-la-semaine\/#primaryimage"},"thumbnailUrl":"https:\/\/jumeaux91.fr\/blog\/wp-content\/uploads\/2025\/04\/sinners-le-melange-des-genres-les-tops-et-les-flops-cine-de-la-semaine.jpg","datePublished":"2025-04-15T09:46:00+00:00","breadcrumb":{"@id":"https:\/\/jumeaux91.fr\/blog\/sinners-le-melange-des-genres-les-tops-et-les-flops-cine-de-la-semaine\/#breadcrumb"},"inLanguage":"fr-FR","potentialAction":[{"@type":"ReadAction","target":["https:\/\/jumeaux91.fr\/blog\/sinners-le-melange-des-genres-les-tops-et-les-flops-cine-de-la-semaine\/"]}]},{"@type":"ImageObject","inLanguage":"fr-FR","@id":"https:\/\/jumeaux91.fr\/blog\/sinners-le-melange-des-genres-les-tops-et-les-flops-cine-de-la-semaine\/#primaryimage","url":"https:\/\/jumeaux91.fr\/blog\/wp-content\/uploads\/2025\/04\/sinners-le-melange-des-genres-les-tops-et-les-flops-cine-de-la-semaine.jpg","contentUrl":"https:\/\/jumeaux91.fr\/blog\/wp-content\/uploads\/2025\/04\/sinners-le-melange-des-genres-les-tops-et-les-flops-cine-de-la-semaine.jpg","width":1024,"height":682,"caption":"Sinners, Le M\u00e9lange des genres\u2026 Les tops et les flops cin\u00e9 de la semaine"},{"@type":"BreadcrumbList","@id":"https:\/\/jumeaux91.fr\/blog\/sinners-le-melange-des-genres-les-tops-et-les-flops-cine-de-la-semaine\/#breadcrumb","itemListElement":[{"@type":"ListItem","position":1,"name":"Accueil","item":"https:\/\/jumeaux91.fr\/blog\/"},{"@type":"ListItem","position":2,"name":"Sinners, Le M\u00e9lange des genres\u2026 Les tops et les flops cin\u00e9 de la semaine"}]},{"@type":"WebSite","@id":"https:\/\/jumeaux91.fr\/blog\/#website","url":"https:\/\/jumeaux91.fr\/blog\/","name":"JUMEAUX91","description":"Fr\u00e8res jumeaux de l&#039;Essonnes; informations et archives, \u00e0 savoir et retenir.","publisher":{"@id":"https:\/\/jumeaux91.fr\/blog\/#organization"},"potentialAction":[{"@type":"SearchAction","target":{"@type":"EntryPoint","urlTemplate":"https:\/\/jumeaux91.fr\/blog\/?s={search_term_string}"},"query-input":{"@type":"PropertyValueSpecification","valueRequired":true,"valueName":"search_term_string"}}],"inLanguage":"fr-FR"},{"@type":"Organization","@id":"https:\/\/jumeaux91.fr\/blog\/#organization","name":"jumeaux91","url":"https:\/\/jumeaux91.fr\/blog\/","logo":{"@type":"ImageObject","inLanguage":"fr-FR","@id":"https:\/\/jumeaux91.fr\/blog\/#\/schema\/logo\/image\/","url":"https:\/\/jumeaux91.fr\/blog\/wp-content\/uploads\/2023\/05\/cropped-cropped-logoJ_91.png","contentUrl":"https:\/\/jumeaux91.fr\/blog\/wp-content\/uploads\/2023\/05\/cropped-cropped-logoJ_91.png","width":512,"height":512,"caption":"jumeaux91"},"image":{"@id":"https:\/\/jumeaux91.fr\/blog\/#\/schema\/logo\/image\/"}},{"@type":"Person","@id":"https:\/\/jumeaux91.fr\/blog\/#\/schema\/person\/21da06e9f119b9f64e5d45dbbd32d3fb","name":"Claude DAYRES","image":{"@type":"ImageObject","inLanguage":"fr-FR","@id":"https:\/\/secure.gravatar.com\/avatar\/82eb951df6110a2c48d1bfa7a67d1ee6f0cd5df3cbf9c3586dd61e82db7172a5?s=96&d=mm&r=g","url":"https:\/\/secure.gravatar.com\/avatar\/82eb951df6110a2c48d1bfa7a67d1ee6f0cd5df3cbf9c3586dd61e82db7172a5?s=96&d=mm&r=g","contentUrl":"https:\/\/secure.gravatar.com\/avatar\/82eb951df6110a2c48d1bfa7a67d1ee6f0cd5df3cbf9c3586dd61e82db7172a5?s=96&d=mm&r=g","caption":"Claude DAYRES"},"url":"https:\/\/jumeaux91.fr\/blog\/author\/x91claude\/"}]}},"_links":{"self":[{"href":"https:\/\/jumeaux91.fr\/blog\/wp-json\/wp\/v2\/posts\/1145","targetHints":{"allow":["GET"]}}],"collection":[{"href":"https:\/\/jumeaux91.fr\/blog\/wp-json\/wp\/v2\/posts"}],"about":[{"href":"https:\/\/jumeaux91.fr\/blog\/wp-json\/wp\/v2\/types\/post"}],"author":[{"embeddable":true,"href":"https:\/\/jumeaux91.fr\/blog\/wp-json\/wp\/v2\/users\/2"}],"replies":[{"embeddable":true,"href":"https:\/\/jumeaux91.fr\/blog\/wp-json\/wp\/v2\/comments?post=1145"}],"version-history":[{"count":0,"href":"https:\/\/jumeaux91.fr\/blog\/wp-json\/wp\/v2\/posts\/1145\/revisions"}],"wp:featuredmedia":[{"embeddable":true,"href":"https:\/\/jumeaux91.fr\/blog\/wp-json\/wp\/v2\/media\/1146"}],"wp:attachment":[{"href":"https:\/\/jumeaux91.fr\/blog\/wp-json\/wp\/v2\/media?parent=1145"}],"wp:term":[{"taxonomy":"category","embeddable":true,"href":"https:\/\/jumeaux91.fr\/blog\/wp-json\/wp\/v2\/categories?post=1145"},{"taxonomy":"post_tag","embeddable":true,"href":"https:\/\/jumeaux91.fr\/blog\/wp-json\/wp\/v2\/tags?post=1145"}],"curies":[{"name":"wp","href":"https:\/\/api.w.org\/{rel}","templated":true}]}}