{"id":1149,"date":"2025-04-15T04:19:00","date_gmt":"2025-04-15T02:19:00","guid":{"rendered":"https:\/\/jumeaux91.fr\/blog\/le-sacre-des-freres-jussen-au-theatre-des-champs-elysees\/"},"modified":"2025-04-15T04:19:00","modified_gmt":"2025-04-15T02:19:00","slug":"le-sacre-des-freres-jussen-au-theatre-des-champs-elysees","status":"publish","type":"post","link":"https:\/\/jumeaux91.fr\/blog\/le-sacre-des-freres-jussen-au-theatre-des-champs-elysees\/","title":{"rendered":"Le sacre des fr\u00e8res Jussen au Th\u00e9\u00e2tre des Champs-\u00c9lys\u00e9es"},"content":{"rendered":"<p class=\"MsoNormal\">L&rsquo;un a 16 ans, l&rsquo;autre 13, tous deux casqu\u00e9s de blond viking, on les prend pour des jumeaux. C&rsquo;est \u00e0 Li\u00e8ge \u00e0 l&rsquo;automne 2009 qu&rsquo;on entend pour la premi\u00e8re fois Lucas et Arthur Jussen, pour ce qui est leur premier r\u00e9cital hors de leurs Pays-Bas natals. Il aura fallu attendre plus de quinze ans pour qu\u2019on les retrouve tels que la maturit\u00e9 ne les pas chang\u00e9s au Th\u00e9\u00e2tre des Champs-\u00c9lys\u00e9es (o\u00f9 ils avaient fait leurs d\u00e9buts \u00e0 l\u2019invitation de Jeanine Roze il y a deux ans). Les absents ce soir auront eu bien tort, tant les qualit\u00e9s des deux fr\u00e8res musiciens se sont d\u00e9ploy\u00e9es, d\u00e9multipli\u00e9es dans un programme exceptionnellement dense.<\/p>\n<div class=\"article-inline-image-nowrap article-inline-image-setwidth\">\n<div class=\"pil-image-outer\">\n<div data-width=\"520\" data-height=\"340\" data-sweetspoth=\"50\" data-sweetspotv=\"50\" data-key=\"421301\" class=\"pil-container article-inline-image-nowrap pil-fill pil-nocaption-nocredit plcarousel-has-big-image\">\n<div class=\"pil-wrapper\">\n<img decoding=\"async\" src=\"https:\/\/jumeaux91.fr\/blog\/wp-content\/uploads\/2025\/04\/le-sacre-des-freres-jussen-au-theatre-des-champs-elysees.jpg\" alt=\"Lucas et Arthur Jussen &amp;copy; Jesaja Hizkia\">\n<\/div>\n<\/div>\n<p>Lucas et Arthur Jussen<\/p>\n<p>\u00a9 Jesaja Hizkia<\/p>\n<\/div>\n<\/div>\n<p class=\"MsoNormal\">Lucas et Arthur Jussen sont les anti-Lab\u00e8que. Autant les s\u0153urs jouent de leurs individualit\u00e9s, de leurs diff\u00e9rences (et c&rsquo;est pour cela qu&rsquo;on les aime depuis si longtemps), autant les fr\u00e8res Jussen sont dans une osmose, une communion telles que, les yeux ferm\u00e9s, on est incapable de les distinguer.<\/p>\n<p class=\"MsoNormal\">Dans le joli <em>Allegro brillant<\/em> de Felix Mendelssohn (un <em>Andante<\/em> suivi d&rsquo;un scherzo elfique), on remarque vite la perfection de l&rsquo;accord entre les deux pianistes, surtout dans une \u0153uvre pleine de broderies, o\u00f9 le moindre d\u00e9calage s&rsquo;entendrait aussit\u00f4t. L&rsquo;un et l&rsquo;autre jouent au fond du clavier, la douceur n&rsquo;est jamais superficielle, la puissance jamais brutale. La salle, qui est loin d&rsquo;\u00eatre comble, applaudit poliment.<\/p>\n<p class=\"MsoNormal\">Ce qui va suivre est une autre paire de manches, rien moins qu&rsquo;un chef-d&rsquo;\u0153uvre de Franz Schubert \u2013 ils sont nombreux en cette derni\u00e8re ann\u00e9e de la vie du compositeur&nbsp;\u2013, le couronnement de toute cette musique d&rsquo;amiti\u00e9, o\u00f9 l&rsquo;on se confie c\u00f4te \u00e0 c\u00f4te, c\u0153ur \u00e0 c\u0153ur, \u00e0 quatre mains&nbsp;: la <em>Fantaisie D.940<\/em>. Les toutes premi\u00e8res mesures disent tout&nbsp;: trop lent, trop appuy\u00e9 et c&rsquo;est l&rsquo;affliction d\u00e9monstrative, trop \u00e9vanescent et c&rsquo;est l&rsquo;eau de rose.<\/p>\n<p class=\"MsoNormal\">Les Jussen trouvent d&#8217;embl\u00e9e le ton juste et n&rsquo;oublient pas que, comme chez Mozart, Schubert n&rsquo;est jamais univoque. Sit\u00f4t d\u00e9livr\u00e9e cette confidence douloureuse, le compositeur reprend espoir, ouvre l&rsquo;horizon dans une sorte d&rsquo;aimable l\u00e4ndler. La m\u00eame alternance d&rsquo;\u00e9ruptions de r\u00e9volte et d&rsquo;\u00e9clairs d&rsquo;optimisme irrigue le <em>Largo<\/em> puis l&rsquo;<em>Allegro vivace<\/em> qui suit, avant que la boucle ne se referme, par une grande fugue sombre et lancinante.<\/p>\n<p class=\"MsoNormal\">On ne sait qu&rsquo;admirer le plus dans l&rsquo;interpr\u00e9tation des deux fr\u00e8res hollandais, tant la communion de pens\u00e9e et de jeu est id\u00e9ale. Cela ne cogne jamais, ils osent quelques rubatos, quelques acc\u00e9l\u00e9rations pour relancer le discours. On voudrait ne pas applaudir, rester dans cet \u00e9tat de semi-conscience o\u00f9 nous plonge irr\u00e9m\u00e9diablement cette <em>Fantaisie<\/em> qui est ce soir un \u00e9tat de gr\u00e2ce.&nbsp;<\/p>\n<p class=\"MsoNormal\">Passer de Schubert \u00e0 Ravel, du quatre mains aux deux pianos, ne pose en apparence aucune difficult\u00e9 aux fr\u00e8res Jussen. S\u2019il faut \u00e9mettre une critique, disons qu&rsquo;on e\u00fbt pr\u00e9f\u00e9r\u00e9 un d\u00e9but plus myst\u00e9rieux, impalpable, dans les tr\u00e9fonds du premier piano pour <em>La Valse<\/em> de Ravel, mais les \u00ab&nbsp;nu\u00e9es tourbillonnantes&nbsp;\u00bb imagin\u00e9es par le compositeur vont prendre sous les doigts du duo toutes les teintes de sensualit\u00e9, de trouble, d&rsquo;inqui\u00e9tude jusqu&rsquo;au d\u00e9sastre final, sans jamais verser dans le vulgaire ou le rel\u00e2ch\u00e9. Et quelle osmose, quelle fusion entre les duettistes, respirant d&rsquo;un m\u00eame mouvement, retenant ou acc\u00e9l\u00e9rant jusqu&rsquo;au malaise cette infernale mesure \u00e0 trois temps&nbsp;! La salle \u00e9clate dans une ovation digne de pop stars&#8230;<\/p>\n<p><em>\u00ab&nbsp;Personne ne le joue ni avec la subtilit\u00e9, la pr\u00e9cision, la justesse sans cesse renouvel\u00e9e de l&rsquo;allure et des tempos, ni avec l&rsquo;\u00e9quilibre ph\u00e9nom\u00e9nal des fr\u00e8res Jussen&nbsp;\u00bb.<\/em> Qu&rsquo;ajouter au commentaire que faisait <a href=\"https:\/\/bachtrack.com\/fr_FR\/critique-lucas-arthur-jussen-theatre-des-champs-elysees-paris-mars-2023\" target=\"_blank\" rel=\"nofollow\">Alain Lompech il y a deux ans<\/a> du <em>Sacre du printemps <\/em>donn\u00e9 en deuxi\u00e8me partie&nbsp;? Priv\u00e9e du solo de basson, du mart\u00e8lement des cordes, des timbales de la \u00ab&nbsp;Danse sacrale&nbsp;\u00bb, bref de toute la luxuriance de l&rsquo;orchestre de Stravinsky, cette version ne para\u00eet pourtant pas \u00ab&nbsp;r\u00e9duite&nbsp;\u00bb \u00e0 deux pianos tant l&rsquo;imagination sonore, l&rsquo;amplitude du nuancier des deux pianistes est \u00e9poustouflante. C&rsquo;est une ambiance de fin de match qui les cueille \u00e0 l&rsquo;issue de ce <em>Sacre<\/em>, \u00e0 laquelle ils r\u00e9pondront par l&rsquo;\u00e9l\u00e9vation spirituelle d&rsquo;un extrait de la <em>Passion selon saint Matthieu<\/em> de Bach.<\/p>\n<p><em>Ce concert a \u00e9t\u00e9 organis\u00e9 par Jeanine Roze Production.<\/em><\/p>\n<p>*****<span class=\"icon-help star-info\"><\/span><\/p>\n<p>La chronique se veut g\u00e9n\u00e9r\u00e9e de la fa\u00e7on la plus claire que possible. Dans le cas o\u00f9 vous souhaitez pr\u00e9senter des renseignements compl\u00e9mentaires \u00e0 cet article sur le sujet \u00ab\u00a0Fr\u00e8res jumeaux de l&rsquo;Essonnes\u00a0\u00bb il vous est possible d\u2019\u00e9crire aux contacts indiqu\u00e9s sur notre website. La raison d\u2019\u00eatre de jumeaux91.fr \u00e9tant de rassembler sur le web des posts sur le sujet de Fr\u00e8res jumeaux de l&rsquo;Essonnes puis les diffuser en r\u00e9pondant au mieux aux interrogations des gens. Vous pouvez tirer profit de cet article traitant le sujet \u00ab\u00a0Fr\u00e8res jumeaux de l&rsquo;Essonnes\u00a0\u00bb. Il est concoct\u00e9 par l\u2019\u00e9quipe jumeaux91.fr. Prochainement, nous rendrons accessibles au public d&rsquo;autres informations pertinentes sur le sujet \u00ab\u00a0Fr\u00e8res jumeaux de l&rsquo;Essonnes\u00a0\u00bb. Alors, consultez syst\u00e9matiquement notre blog.<\/p>\n","protected":false},"excerpt":{"rendered":"<p>L&rsquo;un a 16 ans, l&rsquo;autre 13, tous deux casqu\u00e9s de blond viking, on les prend pour des jumeaux. C&rsquo;est \u00e0 Li\u00e8ge \u00e0 l&rsquo;automne 2009 qu&rsquo;on entend pour la premi\u00e8re fois Lucas et Arthur Jussen, pour ce qui est leur premier r\u00e9cital hors de leurs Pays-Bas natals. Il aura fallu attendre plus de quinze ans pour&hellip; <a class=\"more-link\" href=\"https:\/\/jumeaux91.fr\/blog\/le-sacre-des-freres-jussen-au-theatre-des-champs-elysees\/\">Poursuivre la lecture <span class=\"screen-reader-text\">Le sacre des fr\u00e8res Jussen au Th\u00e9\u00e2tre des Champs-\u00c9lys\u00e9es<\/span><\/a><\/p>\n","protected":false},"author":2,"featured_media":1150,"comment_status":"closed","ping_status":"closed","sticky":false,"template":"","format":"standard","meta":{"footnotes":""},"categories":[4],"tags":[],"class_list":["post-1149","post","type-post","status-publish","format-standard","has-post-thumbnail","hentry","category-posts-freres-jumeaux-de-lessonnes","entry"],"yoast_head":"<!-- This site is optimized with the Yoast SEO plugin v27.5 - https:\/\/yoast.com\/product\/yoast-seo-wordpress\/ -->\n<title>Le sacre des fr\u00e8res Jussen au Th\u00e9\u00e2tre des Champs-\u00c9lys\u00e9es - JUMEAUX91<\/title>\n<meta name=\"robots\" content=\"index, follow, max-snippet:-1, max-image-preview:large, max-video-preview:-1\" \/>\n<link rel=\"canonical\" href=\"https:\/\/jumeaux91.fr\/blog\/le-sacre-des-freres-jussen-au-theatre-des-champs-elysees\/\" \/>\n<meta property=\"og:locale\" content=\"fr_FR\" \/>\n<meta property=\"og:type\" content=\"article\" \/>\n<meta property=\"og:title\" content=\"Le sacre des fr\u00e8res Jussen au Th\u00e9\u00e2tre des Champs-\u00c9lys\u00e9es - JUMEAUX91\" \/>\n<meta property=\"og:description\" content=\"L&rsquo;un a 16 ans, l&rsquo;autre 13, tous deux casqu\u00e9s de blond viking, on les prend pour des jumeaux. C&rsquo;est \u00e0 Li\u00e8ge \u00e0 l&rsquo;automne 2009 qu&rsquo;on entend pour la premi\u00e8re fois Lucas et Arthur Jussen, pour ce qui est leur premier r\u00e9cital hors de leurs Pays-Bas natals. Il aura fallu attendre plus de quinze ans pour&hellip; Poursuivre la lecture Le sacre des fr\u00e8res Jussen au Th\u00e9\u00e2tre des Champs-\u00c9lys\u00e9es\" \/>\n<meta property=\"og:url\" content=\"https:\/\/jumeaux91.fr\/blog\/le-sacre-des-freres-jussen-au-theatre-des-champs-elysees\/\" \/>\n<meta property=\"og:site_name\" content=\"JUMEAUX91\" \/>\n<meta property=\"article:published_time\" content=\"2025-04-15T02:19:00+00:00\" \/>\n<meta property=\"og:image\" content=\"https:\/\/jumeaux91.fr\/blog\/wp-content\/uploads\/2025\/04\/le-sacre-des-freres-jussen-au-theatre-des-champs-elysees.jpg\" \/>\n<meta name=\"author\" content=\"Claude DAYRES\" \/>\n<meta name=\"twitter:card\" content=\"summary_large_image\" \/>\n<meta name=\"twitter:label1\" content=\"\u00c9crit par\" \/>\n\t<meta name=\"twitter:data1\" content=\"Claude DAYRES\" \/>\n\t<meta name=\"twitter:label2\" content=\"Dur\u00e9e de lecture estim\u00e9e\" \/>\n\t<meta name=\"twitter:data2\" content=\"4 minutes\" \/>\n<script type=\"application\/ld+json\" class=\"yoast-schema-graph\">{\"@context\":\"https:\\\/\\\/schema.org\",\"@graph\":[{\"@type\":\"Article\",\"@id\":\"https:\\\/\\\/jumeaux91.fr\\\/blog\\\/le-sacre-des-freres-jussen-au-theatre-des-champs-elysees\\\/#article\",\"isPartOf\":{\"@id\":\"https:\\\/\\\/jumeaux91.fr\\\/blog\\\/le-sacre-des-freres-jussen-au-theatre-des-champs-elysees\\\/\"},\"author\":{\"name\":\"Claude DAYRES\",\"@id\":\"https:\\\/\\\/jumeaux91.fr\\\/blog\\\/#\\\/schema\\\/person\\\/21da06e9f119b9f64e5d45dbbd32d3fb\"},\"headline\":\"Le sacre des fr\u00e8res Jussen au Th\u00e9\u00e2tre des Champs-\u00c9lys\u00e9es\",\"datePublished\":\"2025-04-15T02:19:00+00:00\",\"mainEntityOfPage\":{\"@id\":\"https:\\\/\\\/jumeaux91.fr\\\/blog\\\/le-sacre-des-freres-jussen-au-theatre-des-champs-elysees\\\/\"},\"wordCount\":950,\"publisher\":{\"@id\":\"https:\\\/\\\/jumeaux91.fr\\\/blog\\\/#organization\"},\"image\":{\"@id\":\"https:\\\/\\\/jumeaux91.fr\\\/blog\\\/le-sacre-des-freres-jussen-au-theatre-des-champs-elysees\\\/#primaryimage\"},\"thumbnailUrl\":\"https:\\\/\\\/jumeaux91.fr\\\/blog\\\/wp-content\\\/uploads\\\/2025\\\/04\\\/le-sacre-des-freres-jussen-au-theatre-des-champs-elysees.jpg\",\"articleSection\":[\"Posts Fr\u00e8res Jumeaux De L'Essonnes:\"],\"inLanguage\":\"fr-FR\"},{\"@type\":\"WebPage\",\"@id\":\"https:\\\/\\\/jumeaux91.fr\\\/blog\\\/le-sacre-des-freres-jussen-au-theatre-des-champs-elysees\\\/\",\"url\":\"https:\\\/\\\/jumeaux91.fr\\\/blog\\\/le-sacre-des-freres-jussen-au-theatre-des-champs-elysees\\\/\",\"name\":\"Le sacre des fr\u00e8res Jussen au Th\u00e9\u00e2tre des Champs-\u00c9lys\u00e9es - JUMEAUX91\",\"isPartOf\":{\"@id\":\"https:\\\/\\\/jumeaux91.fr\\\/blog\\\/#website\"},\"primaryImageOfPage\":{\"@id\":\"https:\\\/\\\/jumeaux91.fr\\\/blog\\\/le-sacre-des-freres-jussen-au-theatre-des-champs-elysees\\\/#primaryimage\"},\"image\":{\"@id\":\"https:\\\/\\\/jumeaux91.fr\\\/blog\\\/le-sacre-des-freres-jussen-au-theatre-des-champs-elysees\\\/#primaryimage\"},\"thumbnailUrl\":\"https:\\\/\\\/jumeaux91.fr\\\/blog\\\/wp-content\\\/uploads\\\/2025\\\/04\\\/le-sacre-des-freres-jussen-au-theatre-des-champs-elysees.jpg\",\"datePublished\":\"2025-04-15T02:19:00+00:00\",\"breadcrumb\":{\"@id\":\"https:\\\/\\\/jumeaux91.fr\\\/blog\\\/le-sacre-des-freres-jussen-au-theatre-des-champs-elysees\\\/#breadcrumb\"},\"inLanguage\":\"fr-FR\",\"potentialAction\":[{\"@type\":\"ReadAction\",\"target\":[\"https:\\\/\\\/jumeaux91.fr\\\/blog\\\/le-sacre-des-freres-jussen-au-theatre-des-champs-elysees\\\/\"]}]},{\"@type\":\"ImageObject\",\"inLanguage\":\"fr-FR\",\"@id\":\"https:\\\/\\\/jumeaux91.fr\\\/blog\\\/le-sacre-des-freres-jussen-au-theatre-des-champs-elysees\\\/#primaryimage\",\"url\":\"https:\\\/\\\/jumeaux91.fr\\\/blog\\\/wp-content\\\/uploads\\\/2025\\\/04\\\/le-sacre-des-freres-jussen-au-theatre-des-champs-elysees.jpg\",\"contentUrl\":\"https:\\\/\\\/jumeaux91.fr\\\/blog\\\/wp-content\\\/uploads\\\/2025\\\/04\\\/le-sacre-des-freres-jussen-au-theatre-des-champs-elysees.jpg\",\"width\":520,\"height\":340,\"caption\":\"Le sacre des fr\u00e8res Jussen au Th\u00e9\u00e2tre des Champs \u00c9lys\u00e9es\"},{\"@type\":\"BreadcrumbList\",\"@id\":\"https:\\\/\\\/jumeaux91.fr\\\/blog\\\/le-sacre-des-freres-jussen-au-theatre-des-champs-elysees\\\/#breadcrumb\",\"itemListElement\":[{\"@type\":\"ListItem\",\"position\":1,\"name\":\"Accueil\",\"item\":\"https:\\\/\\\/jumeaux91.fr\\\/blog\\\/\"},{\"@type\":\"ListItem\",\"position\":2,\"name\":\"Le sacre des fr\u00e8res Jussen au Th\u00e9\u00e2tre des Champs-\u00c9lys\u00e9es\"}]},{\"@type\":\"WebSite\",\"@id\":\"https:\\\/\\\/jumeaux91.fr\\\/blog\\\/#website\",\"url\":\"https:\\\/\\\/jumeaux91.fr\\\/blog\\\/\",\"name\":\"JUMEAUX91\",\"description\":\"Fr\u00e8res jumeaux de l&#039;Essonnes; informations et archives, \u00e0 savoir et retenir.\",\"publisher\":{\"@id\":\"https:\\\/\\\/jumeaux91.fr\\\/blog\\\/#organization\"},\"potentialAction\":[{\"@type\":\"SearchAction\",\"target\":{\"@type\":\"EntryPoint\",\"urlTemplate\":\"https:\\\/\\\/jumeaux91.fr\\\/blog\\\/?s={search_term_string}\"},\"query-input\":{\"@type\":\"PropertyValueSpecification\",\"valueRequired\":true,\"valueName\":\"search_term_string\"}}],\"inLanguage\":\"fr-FR\"},{\"@type\":\"Organization\",\"@id\":\"https:\\\/\\\/jumeaux91.fr\\\/blog\\\/#organization\",\"name\":\"jumeaux91\",\"url\":\"https:\\\/\\\/jumeaux91.fr\\\/blog\\\/\",\"logo\":{\"@type\":\"ImageObject\",\"inLanguage\":\"fr-FR\",\"@id\":\"https:\\\/\\\/jumeaux91.fr\\\/blog\\\/#\\\/schema\\\/logo\\\/image\\\/\",\"url\":\"https:\\\/\\\/jumeaux91.fr\\\/blog\\\/wp-content\\\/uploads\\\/2023\\\/05\\\/cropped-cropped-logoJ_91.png\",\"contentUrl\":\"https:\\\/\\\/jumeaux91.fr\\\/blog\\\/wp-content\\\/uploads\\\/2023\\\/05\\\/cropped-cropped-logoJ_91.png\",\"width\":512,\"height\":512,\"caption\":\"jumeaux91\"},\"image\":{\"@id\":\"https:\\\/\\\/jumeaux91.fr\\\/blog\\\/#\\\/schema\\\/logo\\\/image\\\/\"}},{\"@type\":\"Person\",\"@id\":\"https:\\\/\\\/jumeaux91.fr\\\/blog\\\/#\\\/schema\\\/person\\\/21da06e9f119b9f64e5d45dbbd32d3fb\",\"name\":\"Claude DAYRES\",\"image\":{\"@type\":\"ImageObject\",\"inLanguage\":\"fr-FR\",\"@id\":\"https:\\\/\\\/secure.gravatar.com\\\/avatar\\\/82eb951df6110a2c48d1bfa7a67d1ee6f0cd5df3cbf9c3586dd61e82db7172a5?s=96&d=mm&r=g\",\"url\":\"https:\\\/\\\/secure.gravatar.com\\\/avatar\\\/82eb951df6110a2c48d1bfa7a67d1ee6f0cd5df3cbf9c3586dd61e82db7172a5?s=96&d=mm&r=g\",\"contentUrl\":\"https:\\\/\\\/secure.gravatar.com\\\/avatar\\\/82eb951df6110a2c48d1bfa7a67d1ee6f0cd5df3cbf9c3586dd61e82db7172a5?s=96&d=mm&r=g\",\"caption\":\"Claude DAYRES\"},\"url\":\"https:\\\/\\\/jumeaux91.fr\\\/blog\\\/author\\\/x91claude\\\/\"}]}<\/script>\n<!-- \/ Yoast SEO plugin. -->","yoast_head_json":{"title":"Le sacre des fr\u00e8res Jussen au Th\u00e9\u00e2tre des Champs-\u00c9lys\u00e9es - JUMEAUX91","robots":{"index":"index","follow":"follow","max-snippet":"max-snippet:-1","max-image-preview":"max-image-preview:large","max-video-preview":"max-video-preview:-1"},"canonical":"https:\/\/jumeaux91.fr\/blog\/le-sacre-des-freres-jussen-au-theatre-des-champs-elysees\/","og_locale":"fr_FR","og_type":"article","og_title":"Le sacre des fr\u00e8res Jussen au Th\u00e9\u00e2tre des Champs-\u00c9lys\u00e9es - JUMEAUX91","og_description":"L&rsquo;un a 16 ans, l&rsquo;autre 13, tous deux casqu\u00e9s de blond viking, on les prend pour des jumeaux. C&rsquo;est \u00e0 Li\u00e8ge \u00e0 l&rsquo;automne 2009 qu&rsquo;on entend pour la premi\u00e8re fois Lucas et Arthur Jussen, pour ce qui est leur premier r\u00e9cital hors de leurs Pays-Bas natals. Il aura fallu attendre plus de quinze ans pour&hellip; Poursuivre la lecture Le sacre des fr\u00e8res Jussen au Th\u00e9\u00e2tre des Champs-\u00c9lys\u00e9es","og_url":"https:\/\/jumeaux91.fr\/blog\/le-sacre-des-freres-jussen-au-theatre-des-champs-elysees\/","og_site_name":"JUMEAUX91","article_published_time":"2025-04-15T02:19:00+00:00","og_image":[{"url":"https:\/\/jumeaux91.fr\/blog\/wp-content\/uploads\/2025\/04\/le-sacre-des-freres-jussen-au-theatre-des-champs-elysees.jpg","type":"","width":"","height":""}],"author":"Claude DAYRES","twitter_card":"summary_large_image","twitter_misc":{"\u00c9crit par":"Claude DAYRES","Dur\u00e9e de lecture estim\u00e9e":"4 minutes"},"schema":{"@context":"https:\/\/schema.org","@graph":[{"@type":"Article","@id":"https:\/\/jumeaux91.fr\/blog\/le-sacre-des-freres-jussen-au-theatre-des-champs-elysees\/#article","isPartOf":{"@id":"https:\/\/jumeaux91.fr\/blog\/le-sacre-des-freres-jussen-au-theatre-des-champs-elysees\/"},"author":{"name":"Claude DAYRES","@id":"https:\/\/jumeaux91.fr\/blog\/#\/schema\/person\/21da06e9f119b9f64e5d45dbbd32d3fb"},"headline":"Le sacre des fr\u00e8res Jussen au Th\u00e9\u00e2tre des Champs-\u00c9lys\u00e9es","datePublished":"2025-04-15T02:19:00+00:00","mainEntityOfPage":{"@id":"https:\/\/jumeaux91.fr\/blog\/le-sacre-des-freres-jussen-au-theatre-des-champs-elysees\/"},"wordCount":950,"publisher":{"@id":"https:\/\/jumeaux91.fr\/blog\/#organization"},"image":{"@id":"https:\/\/jumeaux91.fr\/blog\/le-sacre-des-freres-jussen-au-theatre-des-champs-elysees\/#primaryimage"},"thumbnailUrl":"https:\/\/jumeaux91.fr\/blog\/wp-content\/uploads\/2025\/04\/le-sacre-des-freres-jussen-au-theatre-des-champs-elysees.jpg","articleSection":["Posts Fr\u00e8res Jumeaux De L'Essonnes:"],"inLanguage":"fr-FR"},{"@type":"WebPage","@id":"https:\/\/jumeaux91.fr\/blog\/le-sacre-des-freres-jussen-au-theatre-des-champs-elysees\/","url":"https:\/\/jumeaux91.fr\/blog\/le-sacre-des-freres-jussen-au-theatre-des-champs-elysees\/","name":"Le sacre des fr\u00e8res Jussen au Th\u00e9\u00e2tre des Champs-\u00c9lys\u00e9es - JUMEAUX91","isPartOf":{"@id":"https:\/\/jumeaux91.fr\/blog\/#website"},"primaryImageOfPage":{"@id":"https:\/\/jumeaux91.fr\/blog\/le-sacre-des-freres-jussen-au-theatre-des-champs-elysees\/#primaryimage"},"image":{"@id":"https:\/\/jumeaux91.fr\/blog\/le-sacre-des-freres-jussen-au-theatre-des-champs-elysees\/#primaryimage"},"thumbnailUrl":"https:\/\/jumeaux91.fr\/blog\/wp-content\/uploads\/2025\/04\/le-sacre-des-freres-jussen-au-theatre-des-champs-elysees.jpg","datePublished":"2025-04-15T02:19:00+00:00","breadcrumb":{"@id":"https:\/\/jumeaux91.fr\/blog\/le-sacre-des-freres-jussen-au-theatre-des-champs-elysees\/#breadcrumb"},"inLanguage":"fr-FR","potentialAction":[{"@type":"ReadAction","target":["https:\/\/jumeaux91.fr\/blog\/le-sacre-des-freres-jussen-au-theatre-des-champs-elysees\/"]}]},{"@type":"ImageObject","inLanguage":"fr-FR","@id":"https:\/\/jumeaux91.fr\/blog\/le-sacre-des-freres-jussen-au-theatre-des-champs-elysees\/#primaryimage","url":"https:\/\/jumeaux91.fr\/blog\/wp-content\/uploads\/2025\/04\/le-sacre-des-freres-jussen-au-theatre-des-champs-elysees.jpg","contentUrl":"https:\/\/jumeaux91.fr\/blog\/wp-content\/uploads\/2025\/04\/le-sacre-des-freres-jussen-au-theatre-des-champs-elysees.jpg","width":520,"height":340,"caption":"Le sacre des fr\u00e8res Jussen au Th\u00e9\u00e2tre des Champs \u00c9lys\u00e9es"},{"@type":"BreadcrumbList","@id":"https:\/\/jumeaux91.fr\/blog\/le-sacre-des-freres-jussen-au-theatre-des-champs-elysees\/#breadcrumb","itemListElement":[{"@type":"ListItem","position":1,"name":"Accueil","item":"https:\/\/jumeaux91.fr\/blog\/"},{"@type":"ListItem","position":2,"name":"Le sacre des fr\u00e8res Jussen au Th\u00e9\u00e2tre des Champs-\u00c9lys\u00e9es"}]},{"@type":"WebSite","@id":"https:\/\/jumeaux91.fr\/blog\/#website","url":"https:\/\/jumeaux91.fr\/blog\/","name":"JUMEAUX91","description":"Fr\u00e8res jumeaux de l&#039;Essonnes; informations et archives, \u00e0 savoir et retenir.","publisher":{"@id":"https:\/\/jumeaux91.fr\/blog\/#organization"},"potentialAction":[{"@type":"SearchAction","target":{"@type":"EntryPoint","urlTemplate":"https:\/\/jumeaux91.fr\/blog\/?s={search_term_string}"},"query-input":{"@type":"PropertyValueSpecification","valueRequired":true,"valueName":"search_term_string"}}],"inLanguage":"fr-FR"},{"@type":"Organization","@id":"https:\/\/jumeaux91.fr\/blog\/#organization","name":"jumeaux91","url":"https:\/\/jumeaux91.fr\/blog\/","logo":{"@type":"ImageObject","inLanguage":"fr-FR","@id":"https:\/\/jumeaux91.fr\/blog\/#\/schema\/logo\/image\/","url":"https:\/\/jumeaux91.fr\/blog\/wp-content\/uploads\/2023\/05\/cropped-cropped-logoJ_91.png","contentUrl":"https:\/\/jumeaux91.fr\/blog\/wp-content\/uploads\/2023\/05\/cropped-cropped-logoJ_91.png","width":512,"height":512,"caption":"jumeaux91"},"image":{"@id":"https:\/\/jumeaux91.fr\/blog\/#\/schema\/logo\/image\/"}},{"@type":"Person","@id":"https:\/\/jumeaux91.fr\/blog\/#\/schema\/person\/21da06e9f119b9f64e5d45dbbd32d3fb","name":"Claude DAYRES","image":{"@type":"ImageObject","inLanguage":"fr-FR","@id":"https:\/\/secure.gravatar.com\/avatar\/82eb951df6110a2c48d1bfa7a67d1ee6f0cd5df3cbf9c3586dd61e82db7172a5?s=96&d=mm&r=g","url":"https:\/\/secure.gravatar.com\/avatar\/82eb951df6110a2c48d1bfa7a67d1ee6f0cd5df3cbf9c3586dd61e82db7172a5?s=96&d=mm&r=g","contentUrl":"https:\/\/secure.gravatar.com\/avatar\/82eb951df6110a2c48d1bfa7a67d1ee6f0cd5df3cbf9c3586dd61e82db7172a5?s=96&d=mm&r=g","caption":"Claude DAYRES"},"url":"https:\/\/jumeaux91.fr\/blog\/author\/x91claude\/"}]}},"_links":{"self":[{"href":"https:\/\/jumeaux91.fr\/blog\/wp-json\/wp\/v2\/posts\/1149","targetHints":{"allow":["GET"]}}],"collection":[{"href":"https:\/\/jumeaux91.fr\/blog\/wp-json\/wp\/v2\/posts"}],"about":[{"href":"https:\/\/jumeaux91.fr\/blog\/wp-json\/wp\/v2\/types\/post"}],"author":[{"embeddable":true,"href":"https:\/\/jumeaux91.fr\/blog\/wp-json\/wp\/v2\/users\/2"}],"replies":[{"embeddable":true,"href":"https:\/\/jumeaux91.fr\/blog\/wp-json\/wp\/v2\/comments?post=1149"}],"version-history":[{"count":0,"href":"https:\/\/jumeaux91.fr\/blog\/wp-json\/wp\/v2\/posts\/1149\/revisions"}],"wp:featuredmedia":[{"embeddable":true,"href":"https:\/\/jumeaux91.fr\/blog\/wp-json\/wp\/v2\/media\/1150"}],"wp:attachment":[{"href":"https:\/\/jumeaux91.fr\/blog\/wp-json\/wp\/v2\/media?parent=1149"}],"wp:term":[{"taxonomy":"category","embeddable":true,"href":"https:\/\/jumeaux91.fr\/blog\/wp-json\/wp\/v2\/categories?post=1149"},{"taxonomy":"post_tag","embeddable":true,"href":"https:\/\/jumeaux91.fr\/blog\/wp-json\/wp\/v2\/tags?post=1149"}],"curies":[{"name":"wp","href":"https:\/\/api.w.org\/{rel}","templated":true}]}}