{"id":1165,"date":"2025-04-24T22:11:00","date_gmt":"2025-04-24T20:11:00","guid":{"rendered":"https:\/\/jumeaux91.fr\/blog\/saint-alban-la-commune-va-accueillir-ses-jumeaux-venus-de-loin\/"},"modified":"2025-04-24T22:11:00","modified_gmt":"2025-04-24T20:11:00","slug":"saint-alban-la-commune-va-accueillir-ses-jumeaux-venus-de-loin","status":"publish","type":"post","link":"https:\/\/jumeaux91.fr\/blog\/saint-alban-la-commune-va-accueillir-ses-jumeaux-venus-de-loin\/","title":{"rendered":"Saint-Alban. La commune va accueillir ses \u00ab\u00a0jumeaux\u00a0\u00bb venus de loin"},"content":{"rendered":"<div><img decoding=\"async\" src=\"https:\/\/jumeaux91.fr\/blog\/wp-content\/uploads\/2025\/04\/saint-alban-la-commune-va-accueillir-ses-jumeaux-venus-de-loin.jpg\" class=\"ff-og-image-inserted\"><\/div>\n<p> <span class=\"article-full__chapo-label hide-on-small-only\">l&rsquo;essentiel<\/span> \u00c0 l\u2019invitation de la municipalit\u00e9, des repr\u00e9sentants de Salgareda (Italie) et de Brzeziny (Pologne) seront \u00e0 Saint-Alban, du 1er au 4 mai prochains. <\/p>\n<div> <!-- Pub DFP Position [outstream] --> <\/p>\n<p>Pour r\u00e9pondre \u00e0 l\u2019accueil extr\u00eamement chaleureux des jumeaux, le comit\u00e9 de jumelage de Saint-Alban a donn\u00e9 le meilleur, tant dans le domaine de la d\u00e9coration de la ville que dans la mise sur pied du programme. La d\u00e9coration d\u2019abord, afin que nul ne puisse ignorer cet \u00e9change, verra, avec l\u2019aide des services techniques, les ronds-points se parer aux couleurs de trois pays, tout comme la place du 19 mars et les axes principaux. Apr\u00e8s leur r\u00e9ception \u00e0 l\u2019a\u00e9roport de Toulouse-Blagnac jeudi 1er, les d\u00e9l\u00e9gations conduites par leur maire respectif, seront re\u00e7ues officiellement \u00e0 17 heures en mairie par Alain Susigan, maire, et son conseil municipal. \u00c0 18 heures, un ap\u00e9ritif sera offert \u00e0 toute la population. Ce moment sera agr\u00e9ment\u00e9 des interventions les associations saint-albanaises Les Zillumin\u00e9s, de la PGA et du FLEP, associations avec lesquelles le comit\u00e9 de jumelage \u00e0 l\u2019habitude de travailler comme avec les amis du comit\u00e9 des f\u00eates. <\/p>\n<h2 class=\"txt-int\">Quatre jours de festivit\u00e9s<\/h2>\n<p>Apr\u00e8s avoir donn\u00e9 la main au service, celui-ci proposera, d\u00e8s 20 heures, un repas champ\u00eatre autour de son barbecue g\u00e9ant. En effet, un m\u00e9choui cuisin\u00e9 par le restaurant \u00ab\u00a0La Rose des Sables\u00a0\u00bb sera au c\u0153ur de ce repas et permettra \u00e0 cette soir\u00e9e de se poursuivre dans une ambiance conviviale. Vendredi 2, d\u00e9part pour Montauban o\u00f9, des bords du Tarn \u00e0 la Place Nationale et du mus\u00e9e Ingres aux pittoresques rues du centre-ville, d\u00e9l\u00e9gations et familles d\u2019accueil passeront leur journ\u00e9e accompagn\u00e9s d\u2019un guide, sans oublier la pause d\u00e9jeuner au restaurant. <\/p>\n<p><!-- Pub DFP Position [article] --> <\/p>\n<p>Apr\u00e8s un repos m\u00e9rit\u00e9 dans les familles, samedi 3, d\u00e9part pour A\u00e9roscopia. Apr\u00e8s-midi libre, avec une visite de Toulouse possible\u2026 Un repas de cl\u00f4ture \u00e0 la salle des f\u00eates, \u00e0 19 h 30, ravira les papilles des convives avant que le groupe \u00ab\u00a0Tanto Pe\u2019Cant\u00e0\u00a0\u00bb ne vienne caresser leurs oreilles et donne envie aux plus courageux d\u2019esquisser quelques pas de danse. Dimanche 4 mai, moment du d\u00e9part en matin\u00e9e pour les Italiens et l\u2019apr\u00e8s-midi pour les Polonais. Quatre journ\u00e9es d\u2019amiti\u00e9 dont chacun devrait garder un souvenir \u00e9mu notamment ceux qui, pour la premi\u00e8re fois, auront ouvert leur maison et partag\u00e9 leur intimit\u00e9 avec ceux qui, le 1er mai, \u00e9taient des inconnus et le 4 des s\u0153urs ou des fr\u00e8res. Seule la magie des jumelages rend possible un tel miracle\u2026<\/p>\n<\/p><\/div>\n<p>La chronique se veut g\u00e9n\u00e9r\u00e9e de la fa\u00e7on la plus claire que possible. Dans le cas o\u00f9 vous souhaitez pr\u00e9senter des renseignements compl\u00e9mentaires \u00e0 cet article sur le sujet \u00ab\u00a0Fr\u00e8res jumeaux de l&rsquo;Essonnes\u00a0\u00bb il vous est possible d\u2019\u00e9crire aux contacts indiqu\u00e9s sur notre website. La raison d\u2019\u00eatre de jumeaux91.fr \u00e9tant de rassembler sur le web des posts sur le sujet de Fr\u00e8res jumeaux de l&rsquo;Essonnes puis les diffuser en r\u00e9pondant au mieux aux interrogations des gens. Vous pouvez tirer profit de cet article traitant le sujet \u00ab\u00a0Fr\u00e8res jumeaux de l&rsquo;Essonnes\u00a0\u00bb. Il est concoct\u00e9 par l\u2019\u00e9quipe jumeaux91.fr. Prochainement, nous rendrons accessibles au public d&rsquo;autres informations pertinentes sur le sujet \u00ab\u00a0Fr\u00e8res jumeaux de l&rsquo;Essonnes\u00a0\u00bb. Alors, consultez syst\u00e9matiquement notre blog.<\/p>\n","protected":false},"excerpt":{"rendered":"<p>l&rsquo;essentiel \u00c0 l\u2019invitation de la municipalit\u00e9, des repr\u00e9sentants de Salgareda (Italie) et de Brzeziny (Pologne) seront \u00e0 Saint-Alban, du 1er au 4 mai prochains. Pour r\u00e9pondre \u00e0 l\u2019accueil extr\u00eamement chaleureux des jumeaux, le comit\u00e9 de jumelage de Saint-Alban a donn\u00e9 le meilleur, tant dans le domaine de la d\u00e9coration de la ville que dans la&hellip; <a class=\"more-link\" href=\"https:\/\/jumeaux91.fr\/blog\/saint-alban-la-commune-va-accueillir-ses-jumeaux-venus-de-loin\/\">Poursuivre la lecture <span class=\"screen-reader-text\">Saint-Alban. La commune va accueillir ses \u00ab\u00a0jumeaux\u00a0\u00bb venus de loin<\/span><\/a><\/p>\n","protected":false},"author":2,"featured_media":1166,"comment_status":"closed","ping_status":"closed","sticky":false,"template":"","format":"standard","meta":{"footnotes":""},"categories":[4],"tags":[],"class_list":["post-1165","post","type-post","status-publish","format-standard","has-post-thumbnail","hentry","category-posts-freres-jumeaux-de-lessonnes","entry"],"yoast_head":"<!-- This site is optimized with the Yoast SEO plugin v27.5 - https:\/\/yoast.com\/product\/yoast-seo-wordpress\/ -->\n<title>Saint-Alban. La commune va accueillir ses &quot;jumeaux&quot; venus de loin - JUMEAUX91<\/title>\n<meta name=\"robots\" content=\"index, follow, max-snippet:-1, max-image-preview:large, max-video-preview:-1\" \/>\n<link rel=\"canonical\" href=\"https:\/\/jumeaux91.fr\/blog\/saint-alban-la-commune-va-accueillir-ses-jumeaux-venus-de-loin\/\" \/>\n<meta property=\"og:locale\" content=\"fr_FR\" \/>\n<meta property=\"og:type\" content=\"article\" \/>\n<meta property=\"og:title\" content=\"Saint-Alban. La commune va accueillir ses &quot;jumeaux&quot; venus de loin - JUMEAUX91\" \/>\n<meta property=\"og:description\" content=\"l&rsquo;essentiel \u00c0 l\u2019invitation de la municipalit\u00e9, des repr\u00e9sentants de Salgareda (Italie) et de Brzeziny (Pologne) seront \u00e0 Saint-Alban, du 1er au 4 mai prochains. Pour r\u00e9pondre \u00e0 l\u2019accueil extr\u00eamement chaleureux des jumeaux, le comit\u00e9 de jumelage de Saint-Alban a donn\u00e9 le meilleur, tant dans le domaine de la d\u00e9coration de la ville que dans la&hellip; Poursuivre la lecture Saint-Alban. La commune va accueillir ses \u00ab\u00a0jumeaux\u00a0\u00bb venus de loin\" \/>\n<meta property=\"og:url\" content=\"https:\/\/jumeaux91.fr\/blog\/saint-alban-la-commune-va-accueillir-ses-jumeaux-venus-de-loin\/\" \/>\n<meta property=\"og:site_name\" content=\"JUMEAUX91\" \/>\n<meta property=\"article:published_time\" content=\"2025-04-24T20:11:00+00:00\" \/>\n<meta property=\"og:image\" content=\"https:\/\/jumeaux91.fr\/blog\/wp-content\/uploads\/2025\/04\/saint-alban-la-commune-va-accueillir-ses-jumeaux-venus-de-loin.jpg\" \/>\n<meta name=\"author\" content=\"Claude DAYRES\" \/>\n<meta name=\"twitter:card\" content=\"summary_large_image\" \/>\n<meta name=\"twitter:label1\" content=\"\u00c9crit par\" \/>\n\t<meta name=\"twitter:data1\" content=\"Claude DAYRES\" \/>\n\t<meta name=\"twitter:label2\" content=\"Dur\u00e9e de lecture estim\u00e9e\" \/>\n\t<meta name=\"twitter:data2\" content=\"3 minutes\" \/>\n<script type=\"application\/ld+json\" class=\"yoast-schema-graph\">{\"@context\":\"https:\\\/\\\/schema.org\",\"@graph\":[{\"@type\":\"Article\",\"@id\":\"https:\\\/\\\/jumeaux91.fr\\\/blog\\\/saint-alban-la-commune-va-accueillir-ses-jumeaux-venus-de-loin\\\/#article\",\"isPartOf\":{\"@id\":\"https:\\\/\\\/jumeaux91.fr\\\/blog\\\/saint-alban-la-commune-va-accueillir-ses-jumeaux-venus-de-loin\\\/\"},\"author\":{\"name\":\"Claude DAYRES\",\"@id\":\"https:\\\/\\\/jumeaux91.fr\\\/blog\\\/#\\\/schema\\\/person\\\/21da06e9f119b9f64e5d45dbbd32d3fb\"},\"headline\":\"Saint-Alban. La commune va accueillir ses \u00ab\u00a0jumeaux\u00a0\u00bb venus de loin\",\"datePublished\":\"2025-04-24T20:11:00+00:00\",\"mainEntityOfPage\":{\"@id\":\"https:\\\/\\\/jumeaux91.fr\\\/blog\\\/saint-alban-la-commune-va-accueillir-ses-jumeaux-venus-de-loin\\\/\"},\"wordCount\":581,\"publisher\":{\"@id\":\"https:\\\/\\\/jumeaux91.fr\\\/blog\\\/#organization\"},\"image\":{\"@id\":\"https:\\\/\\\/jumeaux91.fr\\\/blog\\\/saint-alban-la-commune-va-accueillir-ses-jumeaux-venus-de-loin\\\/#primaryimage\"},\"thumbnailUrl\":\"https:\\\/\\\/jumeaux91.fr\\\/blog\\\/wp-content\\\/uploads\\\/2025\\\/04\\\/saint-alban-la-commune-va-accueillir-ses-jumeaux-venus-de-loin.jpg\",\"articleSection\":[\"Posts Fr\u00e8res Jumeaux De L'Essonnes:\"],\"inLanguage\":\"fr-FR\"},{\"@type\":\"WebPage\",\"@id\":\"https:\\\/\\\/jumeaux91.fr\\\/blog\\\/saint-alban-la-commune-va-accueillir-ses-jumeaux-venus-de-loin\\\/\",\"url\":\"https:\\\/\\\/jumeaux91.fr\\\/blog\\\/saint-alban-la-commune-va-accueillir-ses-jumeaux-venus-de-loin\\\/\",\"name\":\"Saint-Alban. La commune va accueillir ses \\\"jumeaux\\\" venus de loin - JUMEAUX91\",\"isPartOf\":{\"@id\":\"https:\\\/\\\/jumeaux91.fr\\\/blog\\\/#website\"},\"primaryImageOfPage\":{\"@id\":\"https:\\\/\\\/jumeaux91.fr\\\/blog\\\/saint-alban-la-commune-va-accueillir-ses-jumeaux-venus-de-loin\\\/#primaryimage\"},\"image\":{\"@id\":\"https:\\\/\\\/jumeaux91.fr\\\/blog\\\/saint-alban-la-commune-va-accueillir-ses-jumeaux-venus-de-loin\\\/#primaryimage\"},\"thumbnailUrl\":\"https:\\\/\\\/jumeaux91.fr\\\/blog\\\/wp-content\\\/uploads\\\/2025\\\/04\\\/saint-alban-la-commune-va-accueillir-ses-jumeaux-venus-de-loin.jpg\",\"datePublished\":\"2025-04-24T20:11:00+00:00\",\"breadcrumb\":{\"@id\":\"https:\\\/\\\/jumeaux91.fr\\\/blog\\\/saint-alban-la-commune-va-accueillir-ses-jumeaux-venus-de-loin\\\/#breadcrumb\"},\"inLanguage\":\"fr-FR\",\"potentialAction\":[{\"@type\":\"ReadAction\",\"target\":[\"https:\\\/\\\/jumeaux91.fr\\\/blog\\\/saint-alban-la-commune-va-accueillir-ses-jumeaux-venus-de-loin\\\/\"]}]},{\"@type\":\"ImageObject\",\"inLanguage\":\"fr-FR\",\"@id\":\"https:\\\/\\\/jumeaux91.fr\\\/blog\\\/saint-alban-la-commune-va-accueillir-ses-jumeaux-venus-de-loin\\\/#primaryimage\",\"url\":\"https:\\\/\\\/jumeaux91.fr\\\/blog\\\/wp-content\\\/uploads\\\/2025\\\/04\\\/saint-alban-la-commune-va-accueillir-ses-jumeaux-venus-de-loin.jpg\",\"contentUrl\":\"https:\\\/\\\/jumeaux91.fr\\\/blog\\\/wp-content\\\/uploads\\\/2025\\\/04\\\/saint-alban-la-commune-va-accueillir-ses-jumeaux-venus-de-loin.jpg\",\"width\":885,\"height\":500,\"caption\":\"Saint Alban\"},{\"@type\":\"BreadcrumbList\",\"@id\":\"https:\\\/\\\/jumeaux91.fr\\\/blog\\\/saint-alban-la-commune-va-accueillir-ses-jumeaux-venus-de-loin\\\/#breadcrumb\",\"itemListElement\":[{\"@type\":\"ListItem\",\"position\":1,\"name\":\"Accueil\",\"item\":\"https:\\\/\\\/jumeaux91.fr\\\/blog\\\/\"},{\"@type\":\"ListItem\",\"position\":2,\"name\":\"Saint-Alban. La commune va accueillir ses \u00ab\u00a0jumeaux\u00a0\u00bb venus de loin\"}]},{\"@type\":\"WebSite\",\"@id\":\"https:\\\/\\\/jumeaux91.fr\\\/blog\\\/#website\",\"url\":\"https:\\\/\\\/jumeaux91.fr\\\/blog\\\/\",\"name\":\"JUMEAUX91\",\"description\":\"Fr\u00e8res jumeaux de l&#039;Essonnes; informations et archives, \u00e0 savoir et retenir.\",\"publisher\":{\"@id\":\"https:\\\/\\\/jumeaux91.fr\\\/blog\\\/#organization\"},\"potentialAction\":[{\"@type\":\"SearchAction\",\"target\":{\"@type\":\"EntryPoint\",\"urlTemplate\":\"https:\\\/\\\/jumeaux91.fr\\\/blog\\\/?s={search_term_string}\"},\"query-input\":{\"@type\":\"PropertyValueSpecification\",\"valueRequired\":true,\"valueName\":\"search_term_string\"}}],\"inLanguage\":\"fr-FR\"},{\"@type\":\"Organization\",\"@id\":\"https:\\\/\\\/jumeaux91.fr\\\/blog\\\/#organization\",\"name\":\"jumeaux91\",\"url\":\"https:\\\/\\\/jumeaux91.fr\\\/blog\\\/\",\"logo\":{\"@type\":\"ImageObject\",\"inLanguage\":\"fr-FR\",\"@id\":\"https:\\\/\\\/jumeaux91.fr\\\/blog\\\/#\\\/schema\\\/logo\\\/image\\\/\",\"url\":\"https:\\\/\\\/jumeaux91.fr\\\/blog\\\/wp-content\\\/uploads\\\/2023\\\/05\\\/cropped-cropped-logoJ_91.png\",\"contentUrl\":\"https:\\\/\\\/jumeaux91.fr\\\/blog\\\/wp-content\\\/uploads\\\/2023\\\/05\\\/cropped-cropped-logoJ_91.png\",\"width\":512,\"height\":512,\"caption\":\"jumeaux91\"},\"image\":{\"@id\":\"https:\\\/\\\/jumeaux91.fr\\\/blog\\\/#\\\/schema\\\/logo\\\/image\\\/\"}},{\"@type\":\"Person\",\"@id\":\"https:\\\/\\\/jumeaux91.fr\\\/blog\\\/#\\\/schema\\\/person\\\/21da06e9f119b9f64e5d45dbbd32d3fb\",\"name\":\"Claude DAYRES\",\"image\":{\"@type\":\"ImageObject\",\"inLanguage\":\"fr-FR\",\"@id\":\"https:\\\/\\\/secure.gravatar.com\\\/avatar\\\/82eb951df6110a2c48d1bfa7a67d1ee6f0cd5df3cbf9c3586dd61e82db7172a5?s=96&d=mm&r=g\",\"url\":\"https:\\\/\\\/secure.gravatar.com\\\/avatar\\\/82eb951df6110a2c48d1bfa7a67d1ee6f0cd5df3cbf9c3586dd61e82db7172a5?s=96&d=mm&r=g\",\"contentUrl\":\"https:\\\/\\\/secure.gravatar.com\\\/avatar\\\/82eb951df6110a2c48d1bfa7a67d1ee6f0cd5df3cbf9c3586dd61e82db7172a5?s=96&d=mm&r=g\",\"caption\":\"Claude DAYRES\"},\"url\":\"https:\\\/\\\/jumeaux91.fr\\\/blog\\\/author\\\/x91claude\\\/\"}]}<\/script>\n<!-- \/ Yoast SEO plugin. -->","yoast_head_json":{"title":"Saint-Alban. La commune va accueillir ses \"jumeaux\" venus de loin - JUMEAUX91","robots":{"index":"index","follow":"follow","max-snippet":"max-snippet:-1","max-image-preview":"max-image-preview:large","max-video-preview":"max-video-preview:-1"},"canonical":"https:\/\/jumeaux91.fr\/blog\/saint-alban-la-commune-va-accueillir-ses-jumeaux-venus-de-loin\/","og_locale":"fr_FR","og_type":"article","og_title":"Saint-Alban. La commune va accueillir ses \"jumeaux\" venus de loin - JUMEAUX91","og_description":"l&rsquo;essentiel \u00c0 l\u2019invitation de la municipalit\u00e9, des repr\u00e9sentants de Salgareda (Italie) et de Brzeziny (Pologne) seront \u00e0 Saint-Alban, du 1er au 4 mai prochains. Pour r\u00e9pondre \u00e0 l\u2019accueil extr\u00eamement chaleureux des jumeaux, le comit\u00e9 de jumelage de Saint-Alban a donn\u00e9 le meilleur, tant dans le domaine de la d\u00e9coration de la ville que dans la&hellip; Poursuivre la lecture Saint-Alban. La commune va accueillir ses \u00ab\u00a0jumeaux\u00a0\u00bb venus de loin","og_url":"https:\/\/jumeaux91.fr\/blog\/saint-alban-la-commune-va-accueillir-ses-jumeaux-venus-de-loin\/","og_site_name":"JUMEAUX91","article_published_time":"2025-04-24T20:11:00+00:00","og_image":[{"url":"https:\/\/jumeaux91.fr\/blog\/wp-content\/uploads\/2025\/04\/saint-alban-la-commune-va-accueillir-ses-jumeaux-venus-de-loin.jpg","type":"","width":"","height":""}],"author":"Claude DAYRES","twitter_card":"summary_large_image","twitter_misc":{"\u00c9crit par":"Claude DAYRES","Dur\u00e9e de lecture estim\u00e9e":"3 minutes"},"schema":{"@context":"https:\/\/schema.org","@graph":[{"@type":"Article","@id":"https:\/\/jumeaux91.fr\/blog\/saint-alban-la-commune-va-accueillir-ses-jumeaux-venus-de-loin\/#article","isPartOf":{"@id":"https:\/\/jumeaux91.fr\/blog\/saint-alban-la-commune-va-accueillir-ses-jumeaux-venus-de-loin\/"},"author":{"name":"Claude DAYRES","@id":"https:\/\/jumeaux91.fr\/blog\/#\/schema\/person\/21da06e9f119b9f64e5d45dbbd32d3fb"},"headline":"Saint-Alban. La commune va accueillir ses \u00ab\u00a0jumeaux\u00a0\u00bb venus de loin","datePublished":"2025-04-24T20:11:00+00:00","mainEntityOfPage":{"@id":"https:\/\/jumeaux91.fr\/blog\/saint-alban-la-commune-va-accueillir-ses-jumeaux-venus-de-loin\/"},"wordCount":581,"publisher":{"@id":"https:\/\/jumeaux91.fr\/blog\/#organization"},"image":{"@id":"https:\/\/jumeaux91.fr\/blog\/saint-alban-la-commune-va-accueillir-ses-jumeaux-venus-de-loin\/#primaryimage"},"thumbnailUrl":"https:\/\/jumeaux91.fr\/blog\/wp-content\/uploads\/2025\/04\/saint-alban-la-commune-va-accueillir-ses-jumeaux-venus-de-loin.jpg","articleSection":["Posts Fr\u00e8res Jumeaux De L'Essonnes:"],"inLanguage":"fr-FR"},{"@type":"WebPage","@id":"https:\/\/jumeaux91.fr\/blog\/saint-alban-la-commune-va-accueillir-ses-jumeaux-venus-de-loin\/","url":"https:\/\/jumeaux91.fr\/blog\/saint-alban-la-commune-va-accueillir-ses-jumeaux-venus-de-loin\/","name":"Saint-Alban. La commune va accueillir ses \"jumeaux\" venus de loin - JUMEAUX91","isPartOf":{"@id":"https:\/\/jumeaux91.fr\/blog\/#website"},"primaryImageOfPage":{"@id":"https:\/\/jumeaux91.fr\/blog\/saint-alban-la-commune-va-accueillir-ses-jumeaux-venus-de-loin\/#primaryimage"},"image":{"@id":"https:\/\/jumeaux91.fr\/blog\/saint-alban-la-commune-va-accueillir-ses-jumeaux-venus-de-loin\/#primaryimage"},"thumbnailUrl":"https:\/\/jumeaux91.fr\/blog\/wp-content\/uploads\/2025\/04\/saint-alban-la-commune-va-accueillir-ses-jumeaux-venus-de-loin.jpg","datePublished":"2025-04-24T20:11:00+00:00","breadcrumb":{"@id":"https:\/\/jumeaux91.fr\/blog\/saint-alban-la-commune-va-accueillir-ses-jumeaux-venus-de-loin\/#breadcrumb"},"inLanguage":"fr-FR","potentialAction":[{"@type":"ReadAction","target":["https:\/\/jumeaux91.fr\/blog\/saint-alban-la-commune-va-accueillir-ses-jumeaux-venus-de-loin\/"]}]},{"@type":"ImageObject","inLanguage":"fr-FR","@id":"https:\/\/jumeaux91.fr\/blog\/saint-alban-la-commune-va-accueillir-ses-jumeaux-venus-de-loin\/#primaryimage","url":"https:\/\/jumeaux91.fr\/blog\/wp-content\/uploads\/2025\/04\/saint-alban-la-commune-va-accueillir-ses-jumeaux-venus-de-loin.jpg","contentUrl":"https:\/\/jumeaux91.fr\/blog\/wp-content\/uploads\/2025\/04\/saint-alban-la-commune-va-accueillir-ses-jumeaux-venus-de-loin.jpg","width":885,"height":500,"caption":"Saint Alban"},{"@type":"BreadcrumbList","@id":"https:\/\/jumeaux91.fr\/blog\/saint-alban-la-commune-va-accueillir-ses-jumeaux-venus-de-loin\/#breadcrumb","itemListElement":[{"@type":"ListItem","position":1,"name":"Accueil","item":"https:\/\/jumeaux91.fr\/blog\/"},{"@type":"ListItem","position":2,"name":"Saint-Alban. La commune va accueillir ses \u00ab\u00a0jumeaux\u00a0\u00bb venus de loin"}]},{"@type":"WebSite","@id":"https:\/\/jumeaux91.fr\/blog\/#website","url":"https:\/\/jumeaux91.fr\/blog\/","name":"JUMEAUX91","description":"Fr\u00e8res jumeaux de l&#039;Essonnes; informations et archives, \u00e0 savoir et retenir.","publisher":{"@id":"https:\/\/jumeaux91.fr\/blog\/#organization"},"potentialAction":[{"@type":"SearchAction","target":{"@type":"EntryPoint","urlTemplate":"https:\/\/jumeaux91.fr\/blog\/?s={search_term_string}"},"query-input":{"@type":"PropertyValueSpecification","valueRequired":true,"valueName":"search_term_string"}}],"inLanguage":"fr-FR"},{"@type":"Organization","@id":"https:\/\/jumeaux91.fr\/blog\/#organization","name":"jumeaux91","url":"https:\/\/jumeaux91.fr\/blog\/","logo":{"@type":"ImageObject","inLanguage":"fr-FR","@id":"https:\/\/jumeaux91.fr\/blog\/#\/schema\/logo\/image\/","url":"https:\/\/jumeaux91.fr\/blog\/wp-content\/uploads\/2023\/05\/cropped-cropped-logoJ_91.png","contentUrl":"https:\/\/jumeaux91.fr\/blog\/wp-content\/uploads\/2023\/05\/cropped-cropped-logoJ_91.png","width":512,"height":512,"caption":"jumeaux91"},"image":{"@id":"https:\/\/jumeaux91.fr\/blog\/#\/schema\/logo\/image\/"}},{"@type":"Person","@id":"https:\/\/jumeaux91.fr\/blog\/#\/schema\/person\/21da06e9f119b9f64e5d45dbbd32d3fb","name":"Claude DAYRES","image":{"@type":"ImageObject","inLanguage":"fr-FR","@id":"https:\/\/secure.gravatar.com\/avatar\/82eb951df6110a2c48d1bfa7a67d1ee6f0cd5df3cbf9c3586dd61e82db7172a5?s=96&d=mm&r=g","url":"https:\/\/secure.gravatar.com\/avatar\/82eb951df6110a2c48d1bfa7a67d1ee6f0cd5df3cbf9c3586dd61e82db7172a5?s=96&d=mm&r=g","contentUrl":"https:\/\/secure.gravatar.com\/avatar\/82eb951df6110a2c48d1bfa7a67d1ee6f0cd5df3cbf9c3586dd61e82db7172a5?s=96&d=mm&r=g","caption":"Claude DAYRES"},"url":"https:\/\/jumeaux91.fr\/blog\/author\/x91claude\/"}]}},"_links":{"self":[{"href":"https:\/\/jumeaux91.fr\/blog\/wp-json\/wp\/v2\/posts\/1165","targetHints":{"allow":["GET"]}}],"collection":[{"href":"https:\/\/jumeaux91.fr\/blog\/wp-json\/wp\/v2\/posts"}],"about":[{"href":"https:\/\/jumeaux91.fr\/blog\/wp-json\/wp\/v2\/types\/post"}],"author":[{"embeddable":true,"href":"https:\/\/jumeaux91.fr\/blog\/wp-json\/wp\/v2\/users\/2"}],"replies":[{"embeddable":true,"href":"https:\/\/jumeaux91.fr\/blog\/wp-json\/wp\/v2\/comments?post=1165"}],"version-history":[{"count":0,"href":"https:\/\/jumeaux91.fr\/blog\/wp-json\/wp\/v2\/posts\/1165\/revisions"}],"wp:featuredmedia":[{"embeddable":true,"href":"https:\/\/jumeaux91.fr\/blog\/wp-json\/wp\/v2\/media\/1166"}],"wp:attachment":[{"href":"https:\/\/jumeaux91.fr\/blog\/wp-json\/wp\/v2\/media?parent=1165"}],"wp:term":[{"taxonomy":"category","embeddable":true,"href":"https:\/\/jumeaux91.fr\/blog\/wp-json\/wp\/v2\/categories?post=1165"},{"taxonomy":"post_tag","embeddable":true,"href":"https:\/\/jumeaux91.fr\/blog\/wp-json\/wp\/v2\/tags?post=1165"}],"curies":[{"name":"wp","href":"https:\/\/api.w.org\/{rel}","templated":true}]}}