{"id":1170,"date":"2025-04-26T07:53:00","date_gmt":"2025-04-26T05:53:00","guid":{"rendered":"https:\/\/jumeaux91.fr\/blog\/de-la-piste-aux-gradins-dans-les-traces-de-leur-pere-les-freres-borlee-deviennent-entraineurs\/"},"modified":"2025-04-26T07:53:00","modified_gmt":"2025-04-26T05:53:00","slug":"de-la-piste-aux-gradins-dans-les-traces-de-leur-pere-les-freres-borlee-deviennent-entraineurs","status":"publish","type":"post","link":"https:\/\/jumeaux91.fr\/blog\/de-la-piste-aux-gradins-dans-les-traces-de-leur-pere-les-freres-borlee-deviennent-entraineurs\/","title":{"rendered":"De la piste aux gradins, dans les traces de leur p\u00e8re : les fr\u00e8res Borl\u00e9e deviennent entra\u00eeneurs"},"content":{"rendered":"<div><img decoding=\"async\" src=\"https:\/\/jumeaux91.fr\/blog\/wp-content\/uploads\/2025\/04\/de-la-piste-aux-gradins-dans-les-traces-de-leur-pere-les-freres-borlee-deviennent-entraineurs.jpg\" class=\"ff-og-image-inserted\"><\/div>\n<div data-elbcontext=\"area:link\" data-elb-navigation=\"url:#href\">\n<p>Loin des stades depuis l\u2019\u00e9t\u00e9 dernier, les fr\u00e8res <strong>Borl\u00e9e<\/strong> n\u2019ont pas tourn\u00e9 le dos \u00e0 l\u2019athl\u00e9tisme pour autant. Kevin et Jonathan entra\u00eenent d\u00e9sormais plusieurs athl\u00e8tes qui \u00e9taient avant sous la houlette de\u2026 <strong>Jacques Borl\u00e9e<\/strong>. Un passage de t\u00e9moin qui permet \u00e0 ces prot\u00e9g\u00e9s de poursuivre leur progression. C\u2019est en tout cas ce qu\u2019avance <strong>Jonathan Sacoor<\/strong>.<\/p>\n<p>\u00ab\u00a0<span><em>Ils sont super enthousiastes et je suis \u00e9galement tr\u00e8s satisfait de la collaboration<\/em>\u00a0\u00bb a expliqu\u00e9 le sp\u00e9cialiste du 400 m\u00e8tres \u00e0 nos confr\u00e8res de Sporza. Les jumeaux s\u2019occupent \u00e9galement de leur fr\u00e8re Dylan ainsi que de <strong>Daniel Segers<\/strong>.<\/span><\/p>\n<p>Reste d\u00e9sormais \u00e0 voir si cette nouvelle \u00e9tape de leur carri\u00e8re sera fructueuse pour les Borl\u00e9e. Premiers \u00e9l\u00e9ments de r\u00e9ponse au&nbsp;Challenge mondial des relais en Chine dans deux semaines.<\/p>\n<\/div>\n<p>La chronique se veut g\u00e9n\u00e9r\u00e9e de la fa\u00e7on la plus claire que possible. Dans le cas o\u00f9 vous souhaitez pr\u00e9senter des renseignements compl\u00e9mentaires \u00e0 cet article sur le sujet \u00ab\u00a0Fr\u00e8res jumeaux de l&rsquo;Essonnes\u00a0\u00bb il vous est possible d\u2019\u00e9crire aux contacts indiqu\u00e9s sur notre website. La raison d\u2019\u00eatre de jumeaux91.fr \u00e9tant de rassembler sur le web des posts sur le sujet de Fr\u00e8res jumeaux de l&rsquo;Essonnes puis les diffuser en r\u00e9pondant au mieux aux interrogations des gens. Vous pouvez tirer profit de cet article traitant le sujet \u00ab\u00a0Fr\u00e8res jumeaux de l&rsquo;Essonnes\u00a0\u00bb. Il est concoct\u00e9 par l\u2019\u00e9quipe jumeaux91.fr. Prochainement, nous rendrons accessibles au public d&rsquo;autres informations pertinentes sur le sujet \u00ab\u00a0Fr\u00e8res jumeaux de l&rsquo;Essonnes\u00a0\u00bb. Alors, consultez syst\u00e9matiquement notre blog.<\/p>\n","protected":false},"excerpt":{"rendered":"<p>Loin des stades depuis l\u2019\u00e9t\u00e9 dernier, les fr\u00e8res Borl\u00e9e n\u2019ont pas tourn\u00e9 le dos \u00e0 l\u2019athl\u00e9tisme pour autant. Kevin et Jonathan entra\u00eenent d\u00e9sormais plusieurs athl\u00e8tes qui \u00e9taient avant sous la houlette de\u2026 Jacques Borl\u00e9e. Un passage de t\u00e9moin qui permet \u00e0 ces prot\u00e9g\u00e9s de poursuivre leur progression. C\u2019est en tout cas ce qu\u2019avance Jonathan Sacoor.&hellip; <a class=\"more-link\" href=\"https:\/\/jumeaux91.fr\/blog\/de-la-piste-aux-gradins-dans-les-traces-de-leur-pere-les-freres-borlee-deviennent-entraineurs\/\">Poursuivre la lecture <span class=\"screen-reader-text\">De la piste aux gradins, dans les traces de leur p\u00e8re : les fr\u00e8res Borl\u00e9e deviennent entra\u00eeneurs<\/span><\/a><\/p>\n","protected":false},"author":2,"featured_media":1171,"comment_status":"closed","ping_status":"closed","sticky":false,"template":"","format":"standard","meta":{"footnotes":""},"categories":[4],"tags":[],"class_list":["post-1170","post","type-post","status-publish","format-standard","has-post-thumbnail","hentry","category-posts-freres-jumeaux-de-lessonnes","entry"],"yoast_head":"<!-- This site is optimized with the Yoast SEO plugin v27.5 - https:\/\/yoast.com\/product\/yoast-seo-wordpress\/ -->\n<title>De la piste aux gradins, dans les traces de leur p\u00e8re : les fr\u00e8res Borl\u00e9e deviennent entra\u00eeneurs - JUMEAUX91<\/title>\n<meta name=\"robots\" content=\"index, follow, max-snippet:-1, max-image-preview:large, max-video-preview:-1\" \/>\n<link rel=\"canonical\" href=\"https:\/\/jumeaux91.fr\/blog\/de-la-piste-aux-gradins-dans-les-traces-de-leur-pere-les-freres-borlee-deviennent-entraineurs\/\" \/>\n<meta property=\"og:locale\" content=\"fr_FR\" \/>\n<meta property=\"og:type\" content=\"article\" \/>\n<meta property=\"og:title\" content=\"De la piste aux gradins, dans les traces de leur p\u00e8re : les fr\u00e8res Borl\u00e9e deviennent entra\u00eeneurs - JUMEAUX91\" \/>\n<meta property=\"og:description\" content=\"Loin des stades depuis l\u2019\u00e9t\u00e9 dernier, les fr\u00e8res Borl\u00e9e n\u2019ont pas tourn\u00e9 le dos \u00e0 l\u2019athl\u00e9tisme pour autant. Kevin et Jonathan entra\u00eenent d\u00e9sormais plusieurs athl\u00e8tes qui \u00e9taient avant sous la houlette de\u2026 Jacques Borl\u00e9e. Un passage de t\u00e9moin qui permet \u00e0 ces prot\u00e9g\u00e9s de poursuivre leur progression. C\u2019est en tout cas ce qu\u2019avance Jonathan Sacoor.&hellip; Poursuivre la lecture De la piste aux gradins, dans les traces de leur p\u00e8re : les fr\u00e8res Borl\u00e9e deviennent entra\u00eeneurs\" \/>\n<meta property=\"og:url\" content=\"https:\/\/jumeaux91.fr\/blog\/de-la-piste-aux-gradins-dans-les-traces-de-leur-pere-les-freres-borlee-deviennent-entraineurs\/\" \/>\n<meta property=\"og:site_name\" content=\"JUMEAUX91\" \/>\n<meta property=\"article:published_time\" content=\"2025-04-26T05:53:00+00:00\" \/>\n<meta property=\"og:image\" content=\"https:\/\/jumeaux91.fr\/blog\/wp-content\/uploads\/2025\/04\/de-la-piste-aux-gradins-dans-les-traces-de-leur-pere-les-freres-borlee-deviennent-entraineurs.jpg\" \/>\n<meta name=\"author\" content=\"Claude DAYRES\" \/>\n<meta name=\"twitter:card\" content=\"summary_large_image\" \/>\n<meta name=\"twitter:label1\" content=\"\u00c9crit par\" \/>\n\t<meta name=\"twitter:data1\" content=\"Claude DAYRES\" \/>\n\t<meta name=\"twitter:label2\" content=\"Dur\u00e9e de lecture estim\u00e9e\" \/>\n\t<meta name=\"twitter:data2\" content=\"1 minute\" \/>\n<script type=\"application\/ld+json\" class=\"yoast-schema-graph\">{\"@context\":\"https:\\\/\\\/schema.org\",\"@graph\":[{\"@type\":\"Article\",\"@id\":\"https:\\\/\\\/jumeaux91.fr\\\/blog\\\/de-la-piste-aux-gradins-dans-les-traces-de-leur-pere-les-freres-borlee-deviennent-entraineurs\\\/#article\",\"isPartOf\":{\"@id\":\"https:\\\/\\\/jumeaux91.fr\\\/blog\\\/de-la-piste-aux-gradins-dans-les-traces-de-leur-pere-les-freres-borlee-deviennent-entraineurs\\\/\"},\"author\":{\"name\":\"Claude DAYRES\",\"@id\":\"https:\\\/\\\/jumeaux91.fr\\\/blog\\\/#\\\/schema\\\/person\\\/21da06e9f119b9f64e5d45dbbd32d3fb\"},\"headline\":\"De la piste aux gradins, dans les traces de leur p\u00e8re : les fr\u00e8res Borl\u00e9e deviennent entra\u00eeneurs\",\"datePublished\":\"2025-04-26T05:53:00+00:00\",\"mainEntityOfPage\":{\"@id\":\"https:\\\/\\\/jumeaux91.fr\\\/blog\\\/de-la-piste-aux-gradins-dans-les-traces-de-leur-pere-les-freres-borlee-deviennent-entraineurs\\\/\"},\"wordCount\":304,\"publisher\":{\"@id\":\"https:\\\/\\\/jumeaux91.fr\\\/blog\\\/#organization\"},\"image\":{\"@id\":\"https:\\\/\\\/jumeaux91.fr\\\/blog\\\/de-la-piste-aux-gradins-dans-les-traces-de-leur-pere-les-freres-borlee-deviennent-entraineurs\\\/#primaryimage\"},\"thumbnailUrl\":\"https:\\\/\\\/jumeaux91.fr\\\/blog\\\/wp-content\\\/uploads\\\/2025\\\/04\\\/de-la-piste-aux-gradins-dans-les-traces-de-leur-pere-les-freres-borlee-deviennent-entraineurs.jpg\",\"articleSection\":[\"Posts Fr\u00e8res Jumeaux De L'Essonnes:\"],\"inLanguage\":\"fr-FR\"},{\"@type\":\"WebPage\",\"@id\":\"https:\\\/\\\/jumeaux91.fr\\\/blog\\\/de-la-piste-aux-gradins-dans-les-traces-de-leur-pere-les-freres-borlee-deviennent-entraineurs\\\/\",\"url\":\"https:\\\/\\\/jumeaux91.fr\\\/blog\\\/de-la-piste-aux-gradins-dans-les-traces-de-leur-pere-les-freres-borlee-deviennent-entraineurs\\\/\",\"name\":\"De la piste aux gradins, dans les traces de leur p\u00e8re : les fr\u00e8res Borl\u00e9e deviennent entra\u00eeneurs - JUMEAUX91\",\"isPartOf\":{\"@id\":\"https:\\\/\\\/jumeaux91.fr\\\/blog\\\/#website\"},\"primaryImageOfPage\":{\"@id\":\"https:\\\/\\\/jumeaux91.fr\\\/blog\\\/de-la-piste-aux-gradins-dans-les-traces-de-leur-pere-les-freres-borlee-deviennent-entraineurs\\\/#primaryimage\"},\"image\":{\"@id\":\"https:\\\/\\\/jumeaux91.fr\\\/blog\\\/de-la-piste-aux-gradins-dans-les-traces-de-leur-pere-les-freres-borlee-deviennent-entraineurs\\\/#primaryimage\"},\"thumbnailUrl\":\"https:\\\/\\\/jumeaux91.fr\\\/blog\\\/wp-content\\\/uploads\\\/2025\\\/04\\\/de-la-piste-aux-gradins-dans-les-traces-de-leur-pere-les-freres-borlee-deviennent-entraineurs.jpg\",\"datePublished\":\"2025-04-26T05:53:00+00:00\",\"breadcrumb\":{\"@id\":\"https:\\\/\\\/jumeaux91.fr\\\/blog\\\/de-la-piste-aux-gradins-dans-les-traces-de-leur-pere-les-freres-borlee-deviennent-entraineurs\\\/#breadcrumb\"},\"inLanguage\":\"fr-FR\",\"potentialAction\":[{\"@type\":\"ReadAction\",\"target\":[\"https:\\\/\\\/jumeaux91.fr\\\/blog\\\/de-la-piste-aux-gradins-dans-les-traces-de-leur-pere-les-freres-borlee-deviennent-entraineurs\\\/\"]}]},{\"@type\":\"ImageObject\",\"inLanguage\":\"fr-FR\",\"@id\":\"https:\\\/\\\/jumeaux91.fr\\\/blog\\\/de-la-piste-aux-gradins-dans-les-traces-de-leur-pere-les-freres-borlee-deviennent-entraineurs\\\/#primaryimage\",\"url\":\"https:\\\/\\\/jumeaux91.fr\\\/blog\\\/wp-content\\\/uploads\\\/2025\\\/04\\\/de-la-piste-aux-gradins-dans-les-traces-de-leur-pere-les-freres-borlee-deviennent-entraineurs.jpg\",\"contentUrl\":\"https:\\\/\\\/jumeaux91.fr\\\/blog\\\/wp-content\\\/uploads\\\/2025\\\/04\\\/de-la-piste-aux-gradins-dans-les-traces-de-leur-pere-les-freres-borlee-deviennent-entraineurs.jpg\",\"width\":1920,\"height\":1080,\"caption\":\"De la piste aux gradins, dans les traces de leur p\u00e8re : les fr\u00e8res Borl\u00e9e deviennent entra\u00eeneurs\"},{\"@type\":\"BreadcrumbList\",\"@id\":\"https:\\\/\\\/jumeaux91.fr\\\/blog\\\/de-la-piste-aux-gradins-dans-les-traces-de-leur-pere-les-freres-borlee-deviennent-entraineurs\\\/#breadcrumb\",\"itemListElement\":[{\"@type\":\"ListItem\",\"position\":1,\"name\":\"Accueil\",\"item\":\"https:\\\/\\\/jumeaux91.fr\\\/blog\\\/\"},{\"@type\":\"ListItem\",\"position\":2,\"name\":\"De la piste aux gradins, dans les traces de leur p\u00e8re : les fr\u00e8res Borl\u00e9e deviennent entra\u00eeneurs\"}]},{\"@type\":\"WebSite\",\"@id\":\"https:\\\/\\\/jumeaux91.fr\\\/blog\\\/#website\",\"url\":\"https:\\\/\\\/jumeaux91.fr\\\/blog\\\/\",\"name\":\"JUMEAUX91\",\"description\":\"Fr\u00e8res jumeaux de l&#039;Essonnes; informations et archives, \u00e0 savoir et retenir.\",\"publisher\":{\"@id\":\"https:\\\/\\\/jumeaux91.fr\\\/blog\\\/#organization\"},\"potentialAction\":[{\"@type\":\"SearchAction\",\"target\":{\"@type\":\"EntryPoint\",\"urlTemplate\":\"https:\\\/\\\/jumeaux91.fr\\\/blog\\\/?s={search_term_string}\"},\"query-input\":{\"@type\":\"PropertyValueSpecification\",\"valueRequired\":true,\"valueName\":\"search_term_string\"}}],\"inLanguage\":\"fr-FR\"},{\"@type\":\"Organization\",\"@id\":\"https:\\\/\\\/jumeaux91.fr\\\/blog\\\/#organization\",\"name\":\"jumeaux91\",\"url\":\"https:\\\/\\\/jumeaux91.fr\\\/blog\\\/\",\"logo\":{\"@type\":\"ImageObject\",\"inLanguage\":\"fr-FR\",\"@id\":\"https:\\\/\\\/jumeaux91.fr\\\/blog\\\/#\\\/schema\\\/logo\\\/image\\\/\",\"url\":\"https:\\\/\\\/jumeaux91.fr\\\/blog\\\/wp-content\\\/uploads\\\/2023\\\/05\\\/cropped-cropped-logoJ_91.png\",\"contentUrl\":\"https:\\\/\\\/jumeaux91.fr\\\/blog\\\/wp-content\\\/uploads\\\/2023\\\/05\\\/cropped-cropped-logoJ_91.png\",\"width\":512,\"height\":512,\"caption\":\"jumeaux91\"},\"image\":{\"@id\":\"https:\\\/\\\/jumeaux91.fr\\\/blog\\\/#\\\/schema\\\/logo\\\/image\\\/\"}},{\"@type\":\"Person\",\"@id\":\"https:\\\/\\\/jumeaux91.fr\\\/blog\\\/#\\\/schema\\\/person\\\/21da06e9f119b9f64e5d45dbbd32d3fb\",\"name\":\"Claude DAYRES\",\"image\":{\"@type\":\"ImageObject\",\"inLanguage\":\"fr-FR\",\"@id\":\"https:\\\/\\\/secure.gravatar.com\\\/avatar\\\/82eb951df6110a2c48d1bfa7a67d1ee6f0cd5df3cbf9c3586dd61e82db7172a5?s=96&d=mm&r=g\",\"url\":\"https:\\\/\\\/secure.gravatar.com\\\/avatar\\\/82eb951df6110a2c48d1bfa7a67d1ee6f0cd5df3cbf9c3586dd61e82db7172a5?s=96&d=mm&r=g\",\"contentUrl\":\"https:\\\/\\\/secure.gravatar.com\\\/avatar\\\/82eb951df6110a2c48d1bfa7a67d1ee6f0cd5df3cbf9c3586dd61e82db7172a5?s=96&d=mm&r=g\",\"caption\":\"Claude DAYRES\"},\"url\":\"https:\\\/\\\/jumeaux91.fr\\\/blog\\\/author\\\/x91claude\\\/\"}]}<\/script>\n<!-- \/ Yoast SEO plugin. -->","yoast_head_json":{"title":"De la piste aux gradins, dans les traces de leur p\u00e8re : les fr\u00e8res Borl\u00e9e deviennent entra\u00eeneurs - JUMEAUX91","robots":{"index":"index","follow":"follow","max-snippet":"max-snippet:-1","max-image-preview":"max-image-preview:large","max-video-preview":"max-video-preview:-1"},"canonical":"https:\/\/jumeaux91.fr\/blog\/de-la-piste-aux-gradins-dans-les-traces-de-leur-pere-les-freres-borlee-deviennent-entraineurs\/","og_locale":"fr_FR","og_type":"article","og_title":"De la piste aux gradins, dans les traces de leur p\u00e8re : les fr\u00e8res Borl\u00e9e deviennent entra\u00eeneurs - JUMEAUX91","og_description":"Loin des stades depuis l\u2019\u00e9t\u00e9 dernier, les fr\u00e8res Borl\u00e9e n\u2019ont pas tourn\u00e9 le dos \u00e0 l\u2019athl\u00e9tisme pour autant. Kevin et Jonathan entra\u00eenent d\u00e9sormais plusieurs athl\u00e8tes qui \u00e9taient avant sous la houlette de\u2026 Jacques Borl\u00e9e. Un passage de t\u00e9moin qui permet \u00e0 ces prot\u00e9g\u00e9s de poursuivre leur progression. C\u2019est en tout cas ce qu\u2019avance Jonathan Sacoor.&hellip; Poursuivre la lecture De la piste aux gradins, dans les traces de leur p\u00e8re : les fr\u00e8res Borl\u00e9e deviennent entra\u00eeneurs","og_url":"https:\/\/jumeaux91.fr\/blog\/de-la-piste-aux-gradins-dans-les-traces-de-leur-pere-les-freres-borlee-deviennent-entraineurs\/","og_site_name":"JUMEAUX91","article_published_time":"2025-04-26T05:53:00+00:00","og_image":[{"url":"https:\/\/jumeaux91.fr\/blog\/wp-content\/uploads\/2025\/04\/de-la-piste-aux-gradins-dans-les-traces-de-leur-pere-les-freres-borlee-deviennent-entraineurs.jpg","type":"","width":"","height":""}],"author":"Claude DAYRES","twitter_card":"summary_large_image","twitter_misc":{"\u00c9crit par":"Claude DAYRES","Dur\u00e9e de lecture estim\u00e9e":"1 minute"},"schema":{"@context":"https:\/\/schema.org","@graph":[{"@type":"Article","@id":"https:\/\/jumeaux91.fr\/blog\/de-la-piste-aux-gradins-dans-les-traces-de-leur-pere-les-freres-borlee-deviennent-entraineurs\/#article","isPartOf":{"@id":"https:\/\/jumeaux91.fr\/blog\/de-la-piste-aux-gradins-dans-les-traces-de-leur-pere-les-freres-borlee-deviennent-entraineurs\/"},"author":{"name":"Claude DAYRES","@id":"https:\/\/jumeaux91.fr\/blog\/#\/schema\/person\/21da06e9f119b9f64e5d45dbbd32d3fb"},"headline":"De la piste aux gradins, dans les traces de leur p\u00e8re : les fr\u00e8res Borl\u00e9e deviennent entra\u00eeneurs","datePublished":"2025-04-26T05:53:00+00:00","mainEntityOfPage":{"@id":"https:\/\/jumeaux91.fr\/blog\/de-la-piste-aux-gradins-dans-les-traces-de-leur-pere-les-freres-borlee-deviennent-entraineurs\/"},"wordCount":304,"publisher":{"@id":"https:\/\/jumeaux91.fr\/blog\/#organization"},"image":{"@id":"https:\/\/jumeaux91.fr\/blog\/de-la-piste-aux-gradins-dans-les-traces-de-leur-pere-les-freres-borlee-deviennent-entraineurs\/#primaryimage"},"thumbnailUrl":"https:\/\/jumeaux91.fr\/blog\/wp-content\/uploads\/2025\/04\/de-la-piste-aux-gradins-dans-les-traces-de-leur-pere-les-freres-borlee-deviennent-entraineurs.jpg","articleSection":["Posts Fr\u00e8res Jumeaux De L'Essonnes:"],"inLanguage":"fr-FR"},{"@type":"WebPage","@id":"https:\/\/jumeaux91.fr\/blog\/de-la-piste-aux-gradins-dans-les-traces-de-leur-pere-les-freres-borlee-deviennent-entraineurs\/","url":"https:\/\/jumeaux91.fr\/blog\/de-la-piste-aux-gradins-dans-les-traces-de-leur-pere-les-freres-borlee-deviennent-entraineurs\/","name":"De la piste aux gradins, dans les traces de leur p\u00e8re : les fr\u00e8res Borl\u00e9e deviennent entra\u00eeneurs - JUMEAUX91","isPartOf":{"@id":"https:\/\/jumeaux91.fr\/blog\/#website"},"primaryImageOfPage":{"@id":"https:\/\/jumeaux91.fr\/blog\/de-la-piste-aux-gradins-dans-les-traces-de-leur-pere-les-freres-borlee-deviennent-entraineurs\/#primaryimage"},"image":{"@id":"https:\/\/jumeaux91.fr\/blog\/de-la-piste-aux-gradins-dans-les-traces-de-leur-pere-les-freres-borlee-deviennent-entraineurs\/#primaryimage"},"thumbnailUrl":"https:\/\/jumeaux91.fr\/blog\/wp-content\/uploads\/2025\/04\/de-la-piste-aux-gradins-dans-les-traces-de-leur-pere-les-freres-borlee-deviennent-entraineurs.jpg","datePublished":"2025-04-26T05:53:00+00:00","breadcrumb":{"@id":"https:\/\/jumeaux91.fr\/blog\/de-la-piste-aux-gradins-dans-les-traces-de-leur-pere-les-freres-borlee-deviennent-entraineurs\/#breadcrumb"},"inLanguage":"fr-FR","potentialAction":[{"@type":"ReadAction","target":["https:\/\/jumeaux91.fr\/blog\/de-la-piste-aux-gradins-dans-les-traces-de-leur-pere-les-freres-borlee-deviennent-entraineurs\/"]}]},{"@type":"ImageObject","inLanguage":"fr-FR","@id":"https:\/\/jumeaux91.fr\/blog\/de-la-piste-aux-gradins-dans-les-traces-de-leur-pere-les-freres-borlee-deviennent-entraineurs\/#primaryimage","url":"https:\/\/jumeaux91.fr\/blog\/wp-content\/uploads\/2025\/04\/de-la-piste-aux-gradins-dans-les-traces-de-leur-pere-les-freres-borlee-deviennent-entraineurs.jpg","contentUrl":"https:\/\/jumeaux91.fr\/blog\/wp-content\/uploads\/2025\/04\/de-la-piste-aux-gradins-dans-les-traces-de-leur-pere-les-freres-borlee-deviennent-entraineurs.jpg","width":1920,"height":1080,"caption":"De la piste aux gradins, dans les traces de leur p\u00e8re : les fr\u00e8res Borl\u00e9e deviennent entra\u00eeneurs"},{"@type":"BreadcrumbList","@id":"https:\/\/jumeaux91.fr\/blog\/de-la-piste-aux-gradins-dans-les-traces-de-leur-pere-les-freres-borlee-deviennent-entraineurs\/#breadcrumb","itemListElement":[{"@type":"ListItem","position":1,"name":"Accueil","item":"https:\/\/jumeaux91.fr\/blog\/"},{"@type":"ListItem","position":2,"name":"De la piste aux gradins, dans les traces de leur p\u00e8re : les fr\u00e8res Borl\u00e9e deviennent entra\u00eeneurs"}]},{"@type":"WebSite","@id":"https:\/\/jumeaux91.fr\/blog\/#website","url":"https:\/\/jumeaux91.fr\/blog\/","name":"JUMEAUX91","description":"Fr\u00e8res jumeaux de l&#039;Essonnes; informations et archives, \u00e0 savoir et retenir.","publisher":{"@id":"https:\/\/jumeaux91.fr\/blog\/#organization"},"potentialAction":[{"@type":"SearchAction","target":{"@type":"EntryPoint","urlTemplate":"https:\/\/jumeaux91.fr\/blog\/?s={search_term_string}"},"query-input":{"@type":"PropertyValueSpecification","valueRequired":true,"valueName":"search_term_string"}}],"inLanguage":"fr-FR"},{"@type":"Organization","@id":"https:\/\/jumeaux91.fr\/blog\/#organization","name":"jumeaux91","url":"https:\/\/jumeaux91.fr\/blog\/","logo":{"@type":"ImageObject","inLanguage":"fr-FR","@id":"https:\/\/jumeaux91.fr\/blog\/#\/schema\/logo\/image\/","url":"https:\/\/jumeaux91.fr\/blog\/wp-content\/uploads\/2023\/05\/cropped-cropped-logoJ_91.png","contentUrl":"https:\/\/jumeaux91.fr\/blog\/wp-content\/uploads\/2023\/05\/cropped-cropped-logoJ_91.png","width":512,"height":512,"caption":"jumeaux91"},"image":{"@id":"https:\/\/jumeaux91.fr\/blog\/#\/schema\/logo\/image\/"}},{"@type":"Person","@id":"https:\/\/jumeaux91.fr\/blog\/#\/schema\/person\/21da06e9f119b9f64e5d45dbbd32d3fb","name":"Claude DAYRES","image":{"@type":"ImageObject","inLanguage":"fr-FR","@id":"https:\/\/secure.gravatar.com\/avatar\/82eb951df6110a2c48d1bfa7a67d1ee6f0cd5df3cbf9c3586dd61e82db7172a5?s=96&d=mm&r=g","url":"https:\/\/secure.gravatar.com\/avatar\/82eb951df6110a2c48d1bfa7a67d1ee6f0cd5df3cbf9c3586dd61e82db7172a5?s=96&d=mm&r=g","contentUrl":"https:\/\/secure.gravatar.com\/avatar\/82eb951df6110a2c48d1bfa7a67d1ee6f0cd5df3cbf9c3586dd61e82db7172a5?s=96&d=mm&r=g","caption":"Claude DAYRES"},"url":"https:\/\/jumeaux91.fr\/blog\/author\/x91claude\/"}]}},"_links":{"self":[{"href":"https:\/\/jumeaux91.fr\/blog\/wp-json\/wp\/v2\/posts\/1170","targetHints":{"allow":["GET"]}}],"collection":[{"href":"https:\/\/jumeaux91.fr\/blog\/wp-json\/wp\/v2\/posts"}],"about":[{"href":"https:\/\/jumeaux91.fr\/blog\/wp-json\/wp\/v2\/types\/post"}],"author":[{"embeddable":true,"href":"https:\/\/jumeaux91.fr\/blog\/wp-json\/wp\/v2\/users\/2"}],"replies":[{"embeddable":true,"href":"https:\/\/jumeaux91.fr\/blog\/wp-json\/wp\/v2\/comments?post=1170"}],"version-history":[{"count":0,"href":"https:\/\/jumeaux91.fr\/blog\/wp-json\/wp\/v2\/posts\/1170\/revisions"}],"wp:featuredmedia":[{"embeddable":true,"href":"https:\/\/jumeaux91.fr\/blog\/wp-json\/wp\/v2\/media\/1171"}],"wp:attachment":[{"href":"https:\/\/jumeaux91.fr\/blog\/wp-json\/wp\/v2\/media?parent=1170"}],"wp:term":[{"taxonomy":"category","embeddable":true,"href":"https:\/\/jumeaux91.fr\/blog\/wp-json\/wp\/v2\/categories?post=1170"},{"taxonomy":"post_tag","embeddable":true,"href":"https:\/\/jumeaux91.fr\/blog\/wp-json\/wp\/v2\/tags?post=1170"}],"curies":[{"name":"wp","href":"https:\/\/api.w.org\/{rel}","templated":true}]}}