{"id":1187,"date":"2025-05-07T04:22:00","date_gmt":"2025-05-07T02:22:00","guid":{"rendered":"https:\/\/jumeaux91.fr\/blog\/cest-dune-telle-violence-un-adolescent-de-17-ans-poignarde-a-mort-son-frere-jumeau\/"},"modified":"2025-05-07T04:22:00","modified_gmt":"2025-05-07T02:22:00","slug":"cest-dune-telle-violence-un-adolescent-de-17-ans-poignarde-a-mort-son-frere-jumeau","status":"publish","type":"post","link":"https:\/\/jumeaux91.fr\/blog\/cest-dune-telle-violence-un-adolescent-de-17-ans-poignarde-a-mort-son-frere-jumeau\/","title":{"rendered":"\u00ab\u00a0C\u2019est d\u2019une telle violence\u2026\u00a0\u00bb Un adolescent de 17 ans poignarde \u00e0 mort son fr\u00e8re jumeau"},"content":{"rendered":"<div><img decoding=\"async\" src=\"https:\/\/jumeaux91.fr\/blog\/wp-content\/uploads\/2025\/05\/cest-dune-telle-violence-un-adolescent-de-17-ans-poignarde-a-mort-son-frere-jumeau.jpg\" class=\"ff-og-image-inserted\"><\/div>\n<p> <span class=\"article-full__chapo-label hide-on-small-only\">l&rsquo;essentiel<\/span> Une querelle entre des fr\u00e8res jumeaux de 17 ans a vir\u00e9 au drame ce mardi \u00e0 Villeneuve-la-Garenne (Hauts-de-Seine). L\u2019un d\u2019eux a succomb\u00e9 \u00e0 une blessure \u00e0 la gorge. Son fr\u00e8re a \u00e9t\u00e9 interpell\u00e9 peu apr\u00e8s. <\/p>\n<div> <!-- Pub DFP Position [outstream] --> <\/p>\n<p>L\u2019incompr\u00e9hension domine \u00e0 Villeneuve-la-Garenne (Hauts-de-Seine), o\u00f9 un fratricide a boulevers\u00e9 un quartier r\u00e9put\u00e9 calme. Ce mardi peu apr\u00e8s midi, une dispute a \u00e9clat\u00e9 dans un appartement r\u00e9nov\u00e9 des quartiers sud, relate <a href=\"https:\/\/www.leparisien.fr\/hauts-de-seine-92\/entre-jumeaux-cela-semble-encore-plus-aberrant-a-villeneuve-la-dispute-entre-freres-tourne-au-fratricide-06-05-2025-JKKYMSO5ABBMHD3JCBHWSRZFXY.php\" target=\"_blank\" rel=\"nofollow\">Le Parisien<\/a>. Des fr\u00e8res jumeaux de 17 ans s\u2019y trouvaient. L\u2019un d\u2019eux aurait poignard\u00e9 l\u2019autre \u00e0 la gorge.<\/p>\n<p>Gri\u00e8vement bless\u00e9e, la victime s\u2019est effondr\u00e9e \u00e0 l\u2019ext\u00e9rieur, all\u00e9e des Fr\u00e8res-Lumi\u00e8re. Malgr\u00e9 l\u2019intervention des secours, elle n\u2019a pas surv\u00e9cu. Moins d\u2019une heure plus tard, son fr\u00e8re a \u00e9t\u00e9 interpell\u00e9 pr\u00e8s de la mosqu\u00e9e du quartier, \u00e0 200 m\u00e8tres des faits, alors qu\u2019il se trouvait avec leur p\u00e8re. Leur m\u00e8re, possiblement t\u00e9moin de la sc\u00e8ne, \u00e9tait en \u00e9tat de choc.<\/p>\n<p><!-- Pub DFP Position [article] --> <\/p>\n<h2 class=\"txt-int\">Un terrible drame familial<\/h2>\n<p>Une enqu\u00eate pour homicide volontaire a \u00e9t\u00e9 ouverte par le parquet de Nanterre et confi\u00e9e au SDPJ 92. Le maire, Pascal Pelain (UDI), a exprim\u00e9 sa stupeur&nbsp;: \u00ab\u00a0C\u2019est d\u2019une telle violence\u2026 un terrible drame familial.\u00a0\u00bb&nbsp;La famille, selon lui, n\u2019\u00e9tait pas connue des services de la ville.<\/p>\n<p>Dans le quartier, le choc est immense. \u00ab\u00a0D\u00e9j\u00e0, un crime, c\u2019est dur \u00e0 croire\u2026 mais entre jumeaux, c\u2019est encore plus aberrant\u00a0\u00bb, souffle une riveraine. Beaucoup d\u00e9crivent des adolescents discrets et sans histoire.<\/p>\n<\/p><\/div>\n<p>La chronique se veut g\u00e9n\u00e9r\u00e9e de la fa\u00e7on la plus claire que possible. Dans le cas o\u00f9 vous souhaitez pr\u00e9senter des renseignements compl\u00e9mentaires \u00e0 cet article sur le sujet \u00ab\u00a0Fr\u00e8res jumeaux de l&rsquo;Essonnes\u00a0\u00bb il vous est possible d\u2019\u00e9crire aux contacts indiqu\u00e9s sur notre website. La raison d\u2019\u00eatre de jumeaux91.fr \u00e9tant de rassembler sur le web des posts sur le sujet de Fr\u00e8res jumeaux de l&rsquo;Essonnes puis les diffuser en r\u00e9pondant au mieux aux interrogations des gens. Vous pouvez tirer profit de cet article traitant le sujet \u00ab\u00a0Fr\u00e8res jumeaux de l&rsquo;Essonnes\u00a0\u00bb. Il est concoct\u00e9 par l\u2019\u00e9quipe jumeaux91.fr. Prochainement, nous rendrons accessibles au public d&rsquo;autres informations pertinentes sur le sujet \u00ab\u00a0Fr\u00e8res jumeaux de l&rsquo;Essonnes\u00a0\u00bb. Alors, consultez syst\u00e9matiquement notre blog.<\/p>\n","protected":false},"excerpt":{"rendered":"<p>l&rsquo;essentiel Une querelle entre des fr\u00e8res jumeaux de 17 ans a vir\u00e9 au drame ce mardi \u00e0 Villeneuve-la-Garenne (Hauts-de-Seine). L\u2019un d\u2019eux a succomb\u00e9 \u00e0 une blessure \u00e0 la gorge. Son fr\u00e8re a \u00e9t\u00e9 interpell\u00e9 peu apr\u00e8s. L\u2019incompr\u00e9hension domine \u00e0 Villeneuve-la-Garenne (Hauts-de-Seine), o\u00f9 un fratricide a boulevers\u00e9 un quartier r\u00e9put\u00e9 calme. Ce mardi peu apr\u00e8s midi,&hellip; <a class=\"more-link\" href=\"https:\/\/jumeaux91.fr\/blog\/cest-dune-telle-violence-un-adolescent-de-17-ans-poignarde-a-mort-son-frere-jumeau\/\">Poursuivre la lecture <span class=\"screen-reader-text\">\u00ab\u00a0C\u2019est d\u2019une telle violence\u2026\u00a0\u00bb Un adolescent de 17 ans poignarde \u00e0 mort son fr\u00e8re jumeau<\/span><\/a><\/p>\n","protected":false},"author":2,"featured_media":1188,"comment_status":"closed","ping_status":"closed","sticky":false,"template":"","format":"standard","meta":{"footnotes":""},"categories":[4],"tags":[],"class_list":["post-1187","post","type-post","status-publish","format-standard","has-post-thumbnail","hentry","category-posts-freres-jumeaux-de-lessonnes","entry"],"yoast_head":"<!-- This site is optimized with the Yoast SEO plugin v27.5 - https:\/\/yoast.com\/product\/yoast-seo-wordpress\/ -->\n<title>&quot;C\u2019est d\u2019une telle violence\u2026&quot; Un adolescent de 17 ans poignarde \u00e0 mort son fr\u00e8re jumeau - JUMEAUX91<\/title>\n<meta name=\"robots\" content=\"index, follow, max-snippet:-1, max-image-preview:large, max-video-preview:-1\" \/>\n<link rel=\"canonical\" href=\"https:\/\/jumeaux91.fr\/blog\/cest-dune-telle-violence-un-adolescent-de-17-ans-poignarde-a-mort-son-frere-jumeau\/\" \/>\n<meta property=\"og:locale\" content=\"fr_FR\" \/>\n<meta property=\"og:type\" content=\"article\" \/>\n<meta property=\"og:title\" content=\"&quot;C\u2019est d\u2019une telle violence\u2026&quot; Un adolescent de 17 ans poignarde \u00e0 mort son fr\u00e8re jumeau - JUMEAUX91\" \/>\n<meta property=\"og:description\" content=\"l&rsquo;essentiel Une querelle entre des fr\u00e8res jumeaux de 17 ans a vir\u00e9 au drame ce mardi \u00e0 Villeneuve-la-Garenne (Hauts-de-Seine). L\u2019un d\u2019eux a succomb\u00e9 \u00e0 une blessure \u00e0 la gorge. Son fr\u00e8re a \u00e9t\u00e9 interpell\u00e9 peu apr\u00e8s. L\u2019incompr\u00e9hension domine \u00e0 Villeneuve-la-Garenne (Hauts-de-Seine), o\u00f9 un fratricide a boulevers\u00e9 un quartier r\u00e9put\u00e9 calme. Ce mardi peu apr\u00e8s midi,&hellip; Poursuivre la lecture \u00ab\u00a0C\u2019est d\u2019une telle violence\u2026\u00a0\u00bb Un adolescent de 17 ans poignarde \u00e0 mort son fr\u00e8re jumeau\" \/>\n<meta property=\"og:url\" content=\"https:\/\/jumeaux91.fr\/blog\/cest-dune-telle-violence-un-adolescent-de-17-ans-poignarde-a-mort-son-frere-jumeau\/\" \/>\n<meta property=\"og:site_name\" content=\"JUMEAUX91\" \/>\n<meta property=\"article:published_time\" content=\"2025-05-07T02:22:00+00:00\" \/>\n<meta property=\"og:image\" content=\"https:\/\/jumeaux91.fr\/blog\/wp-content\/uploads\/2025\/05\/cest-dune-telle-violence-un-adolescent-de-17-ans-poignarde-a-mort-son-frere-jumeau.jpg\" \/>\n<meta name=\"author\" content=\"Claude DAYRES\" \/>\n<meta name=\"twitter:card\" content=\"summary_large_image\" \/>\n<meta name=\"twitter:label1\" content=\"\u00c9crit par\" \/>\n\t<meta name=\"twitter:data1\" content=\"Claude DAYRES\" \/>\n\t<meta name=\"twitter:label2\" content=\"Dur\u00e9e de lecture estim\u00e9e\" \/>\n\t<meta name=\"twitter:data2\" content=\"2 minutes\" \/>\n<script type=\"application\/ld+json\" class=\"yoast-schema-graph\">{\"@context\":\"https:\\\/\\\/schema.org\",\"@graph\":[{\"@type\":\"Article\",\"@id\":\"https:\\\/\\\/jumeaux91.fr\\\/blog\\\/cest-dune-telle-violence-un-adolescent-de-17-ans-poignarde-a-mort-son-frere-jumeau\\\/#article\",\"isPartOf\":{\"@id\":\"https:\\\/\\\/jumeaux91.fr\\\/blog\\\/cest-dune-telle-violence-un-adolescent-de-17-ans-poignarde-a-mort-son-frere-jumeau\\\/\"},\"author\":{\"name\":\"Claude DAYRES\",\"@id\":\"https:\\\/\\\/jumeaux91.fr\\\/blog\\\/#\\\/schema\\\/person\\\/21da06e9f119b9f64e5d45dbbd32d3fb\"},\"headline\":\"\u00ab\u00a0C\u2019est d\u2019une telle violence\u2026\u00a0\u00bb Un adolescent de 17 ans poignarde \u00e0 mort son fr\u00e8re jumeau\",\"datePublished\":\"2025-05-07T02:22:00+00:00\",\"mainEntityOfPage\":{\"@id\":\"https:\\\/\\\/jumeaux91.fr\\\/blog\\\/cest-dune-telle-violence-un-adolescent-de-17-ans-poignarde-a-mort-son-frere-jumeau\\\/\"},\"wordCount\":419,\"publisher\":{\"@id\":\"https:\\\/\\\/jumeaux91.fr\\\/blog\\\/#organization\"},\"image\":{\"@id\":\"https:\\\/\\\/jumeaux91.fr\\\/blog\\\/cest-dune-telle-violence-un-adolescent-de-17-ans-poignarde-a-mort-son-frere-jumeau\\\/#primaryimage\"},\"thumbnailUrl\":\"https:\\\/\\\/jumeaux91.fr\\\/blog\\\/wp-content\\\/uploads\\\/2025\\\/05\\\/cest-dune-telle-violence-un-adolescent-de-17-ans-poignarde-a-mort-son-frere-jumeau.jpg\",\"articleSection\":[\"Posts Fr\u00e8res Jumeaux De L'Essonnes:\"],\"inLanguage\":\"fr-FR\"},{\"@type\":\"WebPage\",\"@id\":\"https:\\\/\\\/jumeaux91.fr\\\/blog\\\/cest-dune-telle-violence-un-adolescent-de-17-ans-poignarde-a-mort-son-frere-jumeau\\\/\",\"url\":\"https:\\\/\\\/jumeaux91.fr\\\/blog\\\/cest-dune-telle-violence-un-adolescent-de-17-ans-poignarde-a-mort-son-frere-jumeau\\\/\",\"name\":\"\\\"C\u2019est d\u2019une telle violence\u2026\\\" Un adolescent de 17 ans poignarde \u00e0 mort son fr\u00e8re jumeau - JUMEAUX91\",\"isPartOf\":{\"@id\":\"https:\\\/\\\/jumeaux91.fr\\\/blog\\\/#website\"},\"primaryImageOfPage\":{\"@id\":\"https:\\\/\\\/jumeaux91.fr\\\/blog\\\/cest-dune-telle-violence-un-adolescent-de-17-ans-poignarde-a-mort-son-frere-jumeau\\\/#primaryimage\"},\"image\":{\"@id\":\"https:\\\/\\\/jumeaux91.fr\\\/blog\\\/cest-dune-telle-violence-un-adolescent-de-17-ans-poignarde-a-mort-son-frere-jumeau\\\/#primaryimage\"},\"thumbnailUrl\":\"https:\\\/\\\/jumeaux91.fr\\\/blog\\\/wp-content\\\/uploads\\\/2025\\\/05\\\/cest-dune-telle-violence-un-adolescent-de-17-ans-poignarde-a-mort-son-frere-jumeau.jpg\",\"datePublished\":\"2025-05-07T02:22:00+00:00\",\"breadcrumb\":{\"@id\":\"https:\\\/\\\/jumeaux91.fr\\\/blog\\\/cest-dune-telle-violence-un-adolescent-de-17-ans-poignarde-a-mort-son-frere-jumeau\\\/#breadcrumb\"},\"inLanguage\":\"fr-FR\",\"potentialAction\":[{\"@type\":\"ReadAction\",\"target\":[\"https:\\\/\\\/jumeaux91.fr\\\/blog\\\/cest-dune-telle-violence-un-adolescent-de-17-ans-poignarde-a-mort-son-frere-jumeau\\\/\"]}]},{\"@type\":\"ImageObject\",\"inLanguage\":\"fr-FR\",\"@id\":\"https:\\\/\\\/jumeaux91.fr\\\/blog\\\/cest-dune-telle-violence-un-adolescent-de-17-ans-poignarde-a-mort-son-frere-jumeau\\\/#primaryimage\",\"url\":\"https:\\\/\\\/jumeaux91.fr\\\/blog\\\/wp-content\\\/uploads\\\/2025\\\/05\\\/cest-dune-telle-violence-un-adolescent-de-17-ans-poignarde-a-mort-son-frere-jumeau.jpg\",\"contentUrl\":\"https:\\\/\\\/jumeaux91.fr\\\/blog\\\/wp-content\\\/uploads\\\/2025\\\/05\\\/cest-dune-telle-violence-un-adolescent-de-17-ans-poignarde-a-mort-son-frere-jumeau.jpg\",\"width\":885,\"height\":500,\"caption\":\"\\\"C\u2019est d\u2019une telle violence\u2026\\\" Un adolescent de 17 ans poignarde \u00e0 mort son fr\u00e8re jumeau\"},{\"@type\":\"BreadcrumbList\",\"@id\":\"https:\\\/\\\/jumeaux91.fr\\\/blog\\\/cest-dune-telle-violence-un-adolescent-de-17-ans-poignarde-a-mort-son-frere-jumeau\\\/#breadcrumb\",\"itemListElement\":[{\"@type\":\"ListItem\",\"position\":1,\"name\":\"Accueil\",\"item\":\"https:\\\/\\\/jumeaux91.fr\\\/blog\\\/\"},{\"@type\":\"ListItem\",\"position\":2,\"name\":\"\u00ab\u00a0C\u2019est d\u2019une telle violence\u2026\u00a0\u00bb Un adolescent de 17 ans poignarde \u00e0 mort son fr\u00e8re jumeau\"}]},{\"@type\":\"WebSite\",\"@id\":\"https:\\\/\\\/jumeaux91.fr\\\/blog\\\/#website\",\"url\":\"https:\\\/\\\/jumeaux91.fr\\\/blog\\\/\",\"name\":\"JUMEAUX91\",\"description\":\"Fr\u00e8res jumeaux de l&#039;Essonnes; informations et archives, \u00e0 savoir et retenir.\",\"publisher\":{\"@id\":\"https:\\\/\\\/jumeaux91.fr\\\/blog\\\/#organization\"},\"potentialAction\":[{\"@type\":\"SearchAction\",\"target\":{\"@type\":\"EntryPoint\",\"urlTemplate\":\"https:\\\/\\\/jumeaux91.fr\\\/blog\\\/?s={search_term_string}\"},\"query-input\":{\"@type\":\"PropertyValueSpecification\",\"valueRequired\":true,\"valueName\":\"search_term_string\"}}],\"inLanguage\":\"fr-FR\"},{\"@type\":\"Organization\",\"@id\":\"https:\\\/\\\/jumeaux91.fr\\\/blog\\\/#organization\",\"name\":\"jumeaux91\",\"url\":\"https:\\\/\\\/jumeaux91.fr\\\/blog\\\/\",\"logo\":{\"@type\":\"ImageObject\",\"inLanguage\":\"fr-FR\",\"@id\":\"https:\\\/\\\/jumeaux91.fr\\\/blog\\\/#\\\/schema\\\/logo\\\/image\\\/\",\"url\":\"https:\\\/\\\/jumeaux91.fr\\\/blog\\\/wp-content\\\/uploads\\\/2023\\\/05\\\/cropped-cropped-logoJ_91.png\",\"contentUrl\":\"https:\\\/\\\/jumeaux91.fr\\\/blog\\\/wp-content\\\/uploads\\\/2023\\\/05\\\/cropped-cropped-logoJ_91.png\",\"width\":512,\"height\":512,\"caption\":\"jumeaux91\"},\"image\":{\"@id\":\"https:\\\/\\\/jumeaux91.fr\\\/blog\\\/#\\\/schema\\\/logo\\\/image\\\/\"}},{\"@type\":\"Person\",\"@id\":\"https:\\\/\\\/jumeaux91.fr\\\/blog\\\/#\\\/schema\\\/person\\\/21da06e9f119b9f64e5d45dbbd32d3fb\",\"name\":\"Claude DAYRES\",\"image\":{\"@type\":\"ImageObject\",\"inLanguage\":\"fr-FR\",\"@id\":\"https:\\\/\\\/secure.gravatar.com\\\/avatar\\\/82eb951df6110a2c48d1bfa7a67d1ee6f0cd5df3cbf9c3586dd61e82db7172a5?s=96&d=mm&r=g\",\"url\":\"https:\\\/\\\/secure.gravatar.com\\\/avatar\\\/82eb951df6110a2c48d1bfa7a67d1ee6f0cd5df3cbf9c3586dd61e82db7172a5?s=96&d=mm&r=g\",\"contentUrl\":\"https:\\\/\\\/secure.gravatar.com\\\/avatar\\\/82eb951df6110a2c48d1bfa7a67d1ee6f0cd5df3cbf9c3586dd61e82db7172a5?s=96&d=mm&r=g\",\"caption\":\"Claude DAYRES\"},\"url\":\"https:\\\/\\\/jumeaux91.fr\\\/blog\\\/author\\\/x91claude\\\/\"}]}<\/script>\n<!-- \/ Yoast SEO plugin. -->","yoast_head_json":{"title":"\"C\u2019est d\u2019une telle violence\u2026\" Un adolescent de 17 ans poignarde \u00e0 mort son fr\u00e8re jumeau - JUMEAUX91","robots":{"index":"index","follow":"follow","max-snippet":"max-snippet:-1","max-image-preview":"max-image-preview:large","max-video-preview":"max-video-preview:-1"},"canonical":"https:\/\/jumeaux91.fr\/blog\/cest-dune-telle-violence-un-adolescent-de-17-ans-poignarde-a-mort-son-frere-jumeau\/","og_locale":"fr_FR","og_type":"article","og_title":"\"C\u2019est d\u2019une telle violence\u2026\" Un adolescent de 17 ans poignarde \u00e0 mort son fr\u00e8re jumeau - JUMEAUX91","og_description":"l&rsquo;essentiel Une querelle entre des fr\u00e8res jumeaux de 17 ans a vir\u00e9 au drame ce mardi \u00e0 Villeneuve-la-Garenne (Hauts-de-Seine). L\u2019un d\u2019eux a succomb\u00e9 \u00e0 une blessure \u00e0 la gorge. Son fr\u00e8re a \u00e9t\u00e9 interpell\u00e9 peu apr\u00e8s. L\u2019incompr\u00e9hension domine \u00e0 Villeneuve-la-Garenne (Hauts-de-Seine), o\u00f9 un fratricide a boulevers\u00e9 un quartier r\u00e9put\u00e9 calme. Ce mardi peu apr\u00e8s midi,&hellip; Poursuivre la lecture \u00ab\u00a0C\u2019est d\u2019une telle violence\u2026\u00a0\u00bb Un adolescent de 17 ans poignarde \u00e0 mort son fr\u00e8re jumeau","og_url":"https:\/\/jumeaux91.fr\/blog\/cest-dune-telle-violence-un-adolescent-de-17-ans-poignarde-a-mort-son-frere-jumeau\/","og_site_name":"JUMEAUX91","article_published_time":"2025-05-07T02:22:00+00:00","og_image":[{"url":"https:\/\/jumeaux91.fr\/blog\/wp-content\/uploads\/2025\/05\/cest-dune-telle-violence-un-adolescent-de-17-ans-poignarde-a-mort-son-frere-jumeau.jpg","type":"","width":"","height":""}],"author":"Claude DAYRES","twitter_card":"summary_large_image","twitter_misc":{"\u00c9crit par":"Claude DAYRES","Dur\u00e9e de lecture estim\u00e9e":"2 minutes"},"schema":{"@context":"https:\/\/schema.org","@graph":[{"@type":"Article","@id":"https:\/\/jumeaux91.fr\/blog\/cest-dune-telle-violence-un-adolescent-de-17-ans-poignarde-a-mort-son-frere-jumeau\/#article","isPartOf":{"@id":"https:\/\/jumeaux91.fr\/blog\/cest-dune-telle-violence-un-adolescent-de-17-ans-poignarde-a-mort-son-frere-jumeau\/"},"author":{"name":"Claude DAYRES","@id":"https:\/\/jumeaux91.fr\/blog\/#\/schema\/person\/21da06e9f119b9f64e5d45dbbd32d3fb"},"headline":"\u00ab\u00a0C\u2019est d\u2019une telle violence\u2026\u00a0\u00bb Un adolescent de 17 ans poignarde \u00e0 mort son fr\u00e8re jumeau","datePublished":"2025-05-07T02:22:00+00:00","mainEntityOfPage":{"@id":"https:\/\/jumeaux91.fr\/blog\/cest-dune-telle-violence-un-adolescent-de-17-ans-poignarde-a-mort-son-frere-jumeau\/"},"wordCount":419,"publisher":{"@id":"https:\/\/jumeaux91.fr\/blog\/#organization"},"image":{"@id":"https:\/\/jumeaux91.fr\/blog\/cest-dune-telle-violence-un-adolescent-de-17-ans-poignarde-a-mort-son-frere-jumeau\/#primaryimage"},"thumbnailUrl":"https:\/\/jumeaux91.fr\/blog\/wp-content\/uploads\/2025\/05\/cest-dune-telle-violence-un-adolescent-de-17-ans-poignarde-a-mort-son-frere-jumeau.jpg","articleSection":["Posts Fr\u00e8res Jumeaux De L'Essonnes:"],"inLanguage":"fr-FR"},{"@type":"WebPage","@id":"https:\/\/jumeaux91.fr\/blog\/cest-dune-telle-violence-un-adolescent-de-17-ans-poignarde-a-mort-son-frere-jumeau\/","url":"https:\/\/jumeaux91.fr\/blog\/cest-dune-telle-violence-un-adolescent-de-17-ans-poignarde-a-mort-son-frere-jumeau\/","name":"\"C\u2019est d\u2019une telle violence\u2026\" Un adolescent de 17 ans poignarde \u00e0 mort son fr\u00e8re jumeau - JUMEAUX91","isPartOf":{"@id":"https:\/\/jumeaux91.fr\/blog\/#website"},"primaryImageOfPage":{"@id":"https:\/\/jumeaux91.fr\/blog\/cest-dune-telle-violence-un-adolescent-de-17-ans-poignarde-a-mort-son-frere-jumeau\/#primaryimage"},"image":{"@id":"https:\/\/jumeaux91.fr\/blog\/cest-dune-telle-violence-un-adolescent-de-17-ans-poignarde-a-mort-son-frere-jumeau\/#primaryimage"},"thumbnailUrl":"https:\/\/jumeaux91.fr\/blog\/wp-content\/uploads\/2025\/05\/cest-dune-telle-violence-un-adolescent-de-17-ans-poignarde-a-mort-son-frere-jumeau.jpg","datePublished":"2025-05-07T02:22:00+00:00","breadcrumb":{"@id":"https:\/\/jumeaux91.fr\/blog\/cest-dune-telle-violence-un-adolescent-de-17-ans-poignarde-a-mort-son-frere-jumeau\/#breadcrumb"},"inLanguage":"fr-FR","potentialAction":[{"@type":"ReadAction","target":["https:\/\/jumeaux91.fr\/blog\/cest-dune-telle-violence-un-adolescent-de-17-ans-poignarde-a-mort-son-frere-jumeau\/"]}]},{"@type":"ImageObject","inLanguage":"fr-FR","@id":"https:\/\/jumeaux91.fr\/blog\/cest-dune-telle-violence-un-adolescent-de-17-ans-poignarde-a-mort-son-frere-jumeau\/#primaryimage","url":"https:\/\/jumeaux91.fr\/blog\/wp-content\/uploads\/2025\/05\/cest-dune-telle-violence-un-adolescent-de-17-ans-poignarde-a-mort-son-frere-jumeau.jpg","contentUrl":"https:\/\/jumeaux91.fr\/blog\/wp-content\/uploads\/2025\/05\/cest-dune-telle-violence-un-adolescent-de-17-ans-poignarde-a-mort-son-frere-jumeau.jpg","width":885,"height":500,"caption":"\"C\u2019est d\u2019une telle violence\u2026\" Un adolescent de 17 ans poignarde \u00e0 mort son fr\u00e8re jumeau"},{"@type":"BreadcrumbList","@id":"https:\/\/jumeaux91.fr\/blog\/cest-dune-telle-violence-un-adolescent-de-17-ans-poignarde-a-mort-son-frere-jumeau\/#breadcrumb","itemListElement":[{"@type":"ListItem","position":1,"name":"Accueil","item":"https:\/\/jumeaux91.fr\/blog\/"},{"@type":"ListItem","position":2,"name":"\u00ab\u00a0C\u2019est d\u2019une telle violence\u2026\u00a0\u00bb Un adolescent de 17 ans poignarde \u00e0 mort son fr\u00e8re jumeau"}]},{"@type":"WebSite","@id":"https:\/\/jumeaux91.fr\/blog\/#website","url":"https:\/\/jumeaux91.fr\/blog\/","name":"JUMEAUX91","description":"Fr\u00e8res jumeaux de l&#039;Essonnes; informations et archives, \u00e0 savoir et retenir.","publisher":{"@id":"https:\/\/jumeaux91.fr\/blog\/#organization"},"potentialAction":[{"@type":"SearchAction","target":{"@type":"EntryPoint","urlTemplate":"https:\/\/jumeaux91.fr\/blog\/?s={search_term_string}"},"query-input":{"@type":"PropertyValueSpecification","valueRequired":true,"valueName":"search_term_string"}}],"inLanguage":"fr-FR"},{"@type":"Organization","@id":"https:\/\/jumeaux91.fr\/blog\/#organization","name":"jumeaux91","url":"https:\/\/jumeaux91.fr\/blog\/","logo":{"@type":"ImageObject","inLanguage":"fr-FR","@id":"https:\/\/jumeaux91.fr\/blog\/#\/schema\/logo\/image\/","url":"https:\/\/jumeaux91.fr\/blog\/wp-content\/uploads\/2023\/05\/cropped-cropped-logoJ_91.png","contentUrl":"https:\/\/jumeaux91.fr\/blog\/wp-content\/uploads\/2023\/05\/cropped-cropped-logoJ_91.png","width":512,"height":512,"caption":"jumeaux91"},"image":{"@id":"https:\/\/jumeaux91.fr\/blog\/#\/schema\/logo\/image\/"}},{"@type":"Person","@id":"https:\/\/jumeaux91.fr\/blog\/#\/schema\/person\/21da06e9f119b9f64e5d45dbbd32d3fb","name":"Claude DAYRES","image":{"@type":"ImageObject","inLanguage":"fr-FR","@id":"https:\/\/secure.gravatar.com\/avatar\/82eb951df6110a2c48d1bfa7a67d1ee6f0cd5df3cbf9c3586dd61e82db7172a5?s=96&d=mm&r=g","url":"https:\/\/secure.gravatar.com\/avatar\/82eb951df6110a2c48d1bfa7a67d1ee6f0cd5df3cbf9c3586dd61e82db7172a5?s=96&d=mm&r=g","contentUrl":"https:\/\/secure.gravatar.com\/avatar\/82eb951df6110a2c48d1bfa7a67d1ee6f0cd5df3cbf9c3586dd61e82db7172a5?s=96&d=mm&r=g","caption":"Claude DAYRES"},"url":"https:\/\/jumeaux91.fr\/blog\/author\/x91claude\/"}]}},"_links":{"self":[{"href":"https:\/\/jumeaux91.fr\/blog\/wp-json\/wp\/v2\/posts\/1187","targetHints":{"allow":["GET"]}}],"collection":[{"href":"https:\/\/jumeaux91.fr\/blog\/wp-json\/wp\/v2\/posts"}],"about":[{"href":"https:\/\/jumeaux91.fr\/blog\/wp-json\/wp\/v2\/types\/post"}],"author":[{"embeddable":true,"href":"https:\/\/jumeaux91.fr\/blog\/wp-json\/wp\/v2\/users\/2"}],"replies":[{"embeddable":true,"href":"https:\/\/jumeaux91.fr\/blog\/wp-json\/wp\/v2\/comments?post=1187"}],"version-history":[{"count":0,"href":"https:\/\/jumeaux91.fr\/blog\/wp-json\/wp\/v2\/posts\/1187\/revisions"}],"wp:featuredmedia":[{"embeddable":true,"href":"https:\/\/jumeaux91.fr\/blog\/wp-json\/wp\/v2\/media\/1188"}],"wp:attachment":[{"href":"https:\/\/jumeaux91.fr\/blog\/wp-json\/wp\/v2\/media?parent=1187"}],"wp:term":[{"taxonomy":"category","embeddable":true,"href":"https:\/\/jumeaux91.fr\/blog\/wp-json\/wp\/v2\/categories?post=1187"},{"taxonomy":"post_tag","embeddable":true,"href":"https:\/\/jumeaux91.fr\/blog\/wp-json\/wp\/v2\/tags?post=1187"}],"curies":[{"name":"wp","href":"https:\/\/api.w.org\/{rel}","templated":true}]}}