{"id":1189,"date":"2025-05-07T05:29:00","date_gmt":"2025-05-07T03:29:00","guid":{"rendered":"https:\/\/jumeaux91.fr\/blog\/hauts-de-seine-un-ado-de-17-ans-soupconne-davoir-egorge-son-frere-jumeau\/"},"modified":"2025-05-07T05:29:00","modified_gmt":"2025-05-07T03:29:00","slug":"hauts-de-seine-un-ado-de-17-ans-soupconne-davoir-egorge-son-frere-jumeau","status":"publish","type":"post","link":"https:\/\/jumeaux91.fr\/blog\/hauts-de-seine-un-ado-de-17-ans-soupconne-davoir-egorge-son-frere-jumeau\/","title":{"rendered":"Hauts-de-Seine : Un ado de 17 ans soup\u00e7onn\u00e9 d\u2019avoir \u00e9gorg\u00e9 son fr\u00e8re jumeau"},"content":{"rendered":"<h4 class=\"wp-block-heading has-text-align-center\">Une dispute entre deux fr\u00e8res jumeaux a tourn\u00e9 au drame ce mardi midi. Une enqu\u00eate pour homicide volontaire a \u00e9t\u00e9 ouverte.<\/h4>\n<hr class=\"wp-block-separator has-text-color has-vivid-cyan-blue-color has-alpha-channel-opacity has-vivid-cyan-blue-background-color has-background is-style-wide\">\n<p class=\"has-drop-cap\">Une dispute entre deux fr\u00e8res jumeaux a tourn\u00e9 au drame ce mardi \u00e0 Villeneuve-la-Garenne dans les Hauts-de-Seine. Selon l\u2019AFP qui r\u00e9v\u00e8le l\u2019information, un adolescent de 17 ans a tu\u00e9 son fr\u00e8re jumeau apr\u00e8s lui avoir port\u00e9 un coup de couteau \u00e0 la gorge. <\/p>\n<p>L\u2019adolescent a ensuite pris la fuite. Les \u00e9quipes du SAMU ont \u00e9t\u00e9 d\u00e9p\u00each\u00e9es au domicile familial pour prendre en charge la victime dont le d\u00e9c\u00e8s a \u00e9t\u00e9 constat\u00e9 aux environs de 13H00. <\/p>\n<p>Sur place, la police a retrouv\u00e9 un couteau ensanglant\u00e9. Le mis en cause a quant \u00e0 lui \u00e9t\u00e9 interpell\u00e9 quelques instants plus tard. <\/p>\n<p>Une enqu\u00eate a \u00e9t\u00e9 ouverte par le parquet de Nanterre. Le motif de la dispute reste pour le moment inconnu.<\/p>\n<div class=\"wp-block-post-author-name\"><a href=\"https:\/\/www.actu-mag.fr\/author\/la-redaction\/\" target=\"_self\" class=\"wp-block-post-author-name__link\" rel=\"nofollow\">La R\u00e9daction<\/a><\/div>\n<p> La chronique se veut g\u00e9n\u00e9r\u00e9e de la fa\u00e7on la plus claire que possible. Dans le cas o\u00f9 vous souhaitez pr\u00e9senter des renseignements compl\u00e9mentaires \u00e0 cet article sur le sujet \u00ab\u00a0Fr\u00e8res jumeaux de l&rsquo;Essonnes\u00a0\u00bb il vous est possible d\u2019\u00e9crire aux contacts indiqu\u00e9s sur notre website. La raison d\u2019\u00eatre de jumeaux91.fr \u00e9tant de rassembler sur le web des posts sur le sujet de Fr\u00e8res jumeaux de l&rsquo;Essonnes puis les diffuser en r\u00e9pondant au mieux aux interrogations des gens. Vous pouvez tirer profit de cet article traitant le sujet \u00ab\u00a0Fr\u00e8res jumeaux de l&rsquo;Essonnes\u00a0\u00bb. Il est concoct\u00e9 par l\u2019\u00e9quipe jumeaux91.fr. Prochainement, nous rendrons accessibles au public d&rsquo;autres informations pertinentes sur le sujet \u00ab\u00a0Fr\u00e8res jumeaux de l&rsquo;Essonnes\u00a0\u00bb. Alors, consultez syst\u00e9matiquement notre blog.<\/p>\n","protected":false},"excerpt":{"rendered":"<p>Une dispute entre deux fr\u00e8res jumeaux a tourn\u00e9 au drame ce mardi midi. Une enqu\u00eate pour homicide volontaire a \u00e9t\u00e9 ouverte. Une dispute entre deux fr\u00e8res jumeaux a tourn\u00e9 au drame ce mardi \u00e0 Villeneuve-la-Garenne dans les Hauts-de-Seine. Selon l\u2019AFP qui r\u00e9v\u00e8le l\u2019information, un adolescent de 17 ans a tu\u00e9 son fr\u00e8re jumeau apr\u00e8s lui&hellip; <a class=\"more-link\" href=\"https:\/\/jumeaux91.fr\/blog\/hauts-de-seine-un-ado-de-17-ans-soupconne-davoir-egorge-son-frere-jumeau\/\">Poursuivre la lecture <span class=\"screen-reader-text\">Hauts-de-Seine : Un ado de 17 ans soup\u00e7onn\u00e9 d\u2019avoir \u00e9gorg\u00e9 son fr\u00e8re jumeau<\/span><\/a><\/p>\n","protected":false},"author":2,"featured_media":0,"comment_status":"closed","ping_status":"closed","sticky":false,"template":"","format":"standard","meta":{"footnotes":""},"categories":[4],"tags":[],"class_list":["post-1189","post","type-post","status-publish","format-standard","hentry","category-posts-freres-jumeaux-de-lessonnes","entry"],"yoast_head":"<!-- This site is optimized with the Yoast SEO plugin v27.5 - https:\/\/yoast.com\/product\/yoast-seo-wordpress\/ -->\n<title>Hauts-de-Seine : Un ado de 17 ans soup\u00e7onn\u00e9 d\u2019avoir \u00e9gorg\u00e9 son fr\u00e8re jumeau - JUMEAUX91<\/title>\n<meta name=\"robots\" content=\"index, follow, max-snippet:-1, max-image-preview:large, max-video-preview:-1\" \/>\n<link rel=\"canonical\" href=\"https:\/\/jumeaux91.fr\/blog\/hauts-de-seine-un-ado-de-17-ans-soupconne-davoir-egorge-son-frere-jumeau\/\" \/>\n<meta property=\"og:locale\" content=\"fr_FR\" \/>\n<meta property=\"og:type\" content=\"article\" \/>\n<meta property=\"og:title\" content=\"Hauts-de-Seine : Un ado de 17 ans soup\u00e7onn\u00e9 d\u2019avoir \u00e9gorg\u00e9 son fr\u00e8re jumeau - JUMEAUX91\" \/>\n<meta property=\"og:description\" content=\"Une dispute entre deux fr\u00e8res jumeaux a tourn\u00e9 au drame ce mardi midi. Une enqu\u00eate pour homicide volontaire a \u00e9t\u00e9 ouverte. Une dispute entre deux fr\u00e8res jumeaux a tourn\u00e9 au drame ce mardi \u00e0 Villeneuve-la-Garenne dans les Hauts-de-Seine. Selon l\u2019AFP qui r\u00e9v\u00e8le l\u2019information, un adolescent de 17 ans a tu\u00e9 son fr\u00e8re jumeau apr\u00e8s lui&hellip; Poursuivre la lecture Hauts-de-Seine : Un ado de 17 ans soup\u00e7onn\u00e9 d\u2019avoir \u00e9gorg\u00e9 son fr\u00e8re jumeau\" \/>\n<meta property=\"og:url\" content=\"https:\/\/jumeaux91.fr\/blog\/hauts-de-seine-un-ado-de-17-ans-soupconne-davoir-egorge-son-frere-jumeau\/\" \/>\n<meta property=\"og:site_name\" content=\"JUMEAUX91\" \/>\n<meta property=\"article:published_time\" content=\"2025-05-07T03:29:00+00:00\" \/>\n<meta name=\"author\" content=\"Claude DAYRES\" \/>\n<meta name=\"twitter:card\" content=\"summary_large_image\" \/>\n<meta name=\"twitter:label1\" content=\"\u00c9crit par\" \/>\n\t<meta name=\"twitter:data1\" content=\"Claude DAYRES\" \/>\n\t<meta name=\"twitter:label2\" content=\"Dur\u00e9e de lecture estim\u00e9e\" \/>\n\t<meta name=\"twitter:data2\" content=\"1 minute\" \/>\n<script type=\"application\/ld+json\" class=\"yoast-schema-graph\">{\"@context\":\"https:\\\/\\\/schema.org\",\"@graph\":[{\"@type\":\"Article\",\"@id\":\"https:\\\/\\\/jumeaux91.fr\\\/blog\\\/hauts-de-seine-un-ado-de-17-ans-soupconne-davoir-egorge-son-frere-jumeau\\\/#article\",\"isPartOf\":{\"@id\":\"https:\\\/\\\/jumeaux91.fr\\\/blog\\\/hauts-de-seine-un-ado-de-17-ans-soupconne-davoir-egorge-son-frere-jumeau\\\/\"},\"author\":{\"name\":\"Claude DAYRES\",\"@id\":\"https:\\\/\\\/jumeaux91.fr\\\/blog\\\/#\\\/schema\\\/person\\\/21da06e9f119b9f64e5d45dbbd32d3fb\"},\"headline\":\"Hauts-de-Seine : Un ado de 17 ans soup\u00e7onn\u00e9 d\u2019avoir \u00e9gorg\u00e9 son fr\u00e8re jumeau\",\"datePublished\":\"2025-05-07T03:29:00+00:00\",\"mainEntityOfPage\":{\"@id\":\"https:\\\/\\\/jumeaux91.fr\\\/blog\\\/hauts-de-seine-un-ado-de-17-ans-soupconne-davoir-egorge-son-frere-jumeau\\\/\"},\"wordCount\":307,\"publisher\":{\"@id\":\"https:\\\/\\\/jumeaux91.fr\\\/blog\\\/#organization\"},\"articleSection\":[\"Posts Fr\u00e8res Jumeaux De L'Essonnes:\"],\"inLanguage\":\"fr-FR\"},{\"@type\":\"WebPage\",\"@id\":\"https:\\\/\\\/jumeaux91.fr\\\/blog\\\/hauts-de-seine-un-ado-de-17-ans-soupconne-davoir-egorge-son-frere-jumeau\\\/\",\"url\":\"https:\\\/\\\/jumeaux91.fr\\\/blog\\\/hauts-de-seine-un-ado-de-17-ans-soupconne-davoir-egorge-son-frere-jumeau\\\/\",\"name\":\"Hauts-de-Seine : Un ado de 17 ans soup\u00e7onn\u00e9 d\u2019avoir \u00e9gorg\u00e9 son fr\u00e8re jumeau - JUMEAUX91\",\"isPartOf\":{\"@id\":\"https:\\\/\\\/jumeaux91.fr\\\/blog\\\/#website\"},\"datePublished\":\"2025-05-07T03:29:00+00:00\",\"breadcrumb\":{\"@id\":\"https:\\\/\\\/jumeaux91.fr\\\/blog\\\/hauts-de-seine-un-ado-de-17-ans-soupconne-davoir-egorge-son-frere-jumeau\\\/#breadcrumb\"},\"inLanguage\":\"fr-FR\",\"potentialAction\":[{\"@type\":\"ReadAction\",\"target\":[\"https:\\\/\\\/jumeaux91.fr\\\/blog\\\/hauts-de-seine-un-ado-de-17-ans-soupconne-davoir-egorge-son-frere-jumeau\\\/\"]}]},{\"@type\":\"BreadcrumbList\",\"@id\":\"https:\\\/\\\/jumeaux91.fr\\\/blog\\\/hauts-de-seine-un-ado-de-17-ans-soupconne-davoir-egorge-son-frere-jumeau\\\/#breadcrumb\",\"itemListElement\":[{\"@type\":\"ListItem\",\"position\":1,\"name\":\"Accueil\",\"item\":\"https:\\\/\\\/jumeaux91.fr\\\/blog\\\/\"},{\"@type\":\"ListItem\",\"position\":2,\"name\":\"Hauts-de-Seine : Un ado de 17 ans soup\u00e7onn\u00e9 d\u2019avoir \u00e9gorg\u00e9 son fr\u00e8re jumeau\"}]},{\"@type\":\"WebSite\",\"@id\":\"https:\\\/\\\/jumeaux91.fr\\\/blog\\\/#website\",\"url\":\"https:\\\/\\\/jumeaux91.fr\\\/blog\\\/\",\"name\":\"JUMEAUX91\",\"description\":\"Fr\u00e8res jumeaux de l&#039;Essonnes; informations et archives, \u00e0 savoir et retenir.\",\"publisher\":{\"@id\":\"https:\\\/\\\/jumeaux91.fr\\\/blog\\\/#organization\"},\"potentialAction\":[{\"@type\":\"SearchAction\",\"target\":{\"@type\":\"EntryPoint\",\"urlTemplate\":\"https:\\\/\\\/jumeaux91.fr\\\/blog\\\/?s={search_term_string}\"},\"query-input\":{\"@type\":\"PropertyValueSpecification\",\"valueRequired\":true,\"valueName\":\"search_term_string\"}}],\"inLanguage\":\"fr-FR\"},{\"@type\":\"Organization\",\"@id\":\"https:\\\/\\\/jumeaux91.fr\\\/blog\\\/#organization\",\"name\":\"jumeaux91\",\"url\":\"https:\\\/\\\/jumeaux91.fr\\\/blog\\\/\",\"logo\":{\"@type\":\"ImageObject\",\"inLanguage\":\"fr-FR\",\"@id\":\"https:\\\/\\\/jumeaux91.fr\\\/blog\\\/#\\\/schema\\\/logo\\\/image\\\/\",\"url\":\"https:\\\/\\\/jumeaux91.fr\\\/blog\\\/wp-content\\\/uploads\\\/2023\\\/05\\\/cropped-cropped-logoJ_91.png\",\"contentUrl\":\"https:\\\/\\\/jumeaux91.fr\\\/blog\\\/wp-content\\\/uploads\\\/2023\\\/05\\\/cropped-cropped-logoJ_91.png\",\"width\":512,\"height\":512,\"caption\":\"jumeaux91\"},\"image\":{\"@id\":\"https:\\\/\\\/jumeaux91.fr\\\/blog\\\/#\\\/schema\\\/logo\\\/image\\\/\"}},{\"@type\":\"Person\",\"@id\":\"https:\\\/\\\/jumeaux91.fr\\\/blog\\\/#\\\/schema\\\/person\\\/21da06e9f119b9f64e5d45dbbd32d3fb\",\"name\":\"Claude DAYRES\",\"image\":{\"@type\":\"ImageObject\",\"inLanguage\":\"fr-FR\",\"@id\":\"https:\\\/\\\/secure.gravatar.com\\\/avatar\\\/82eb951df6110a2c48d1bfa7a67d1ee6f0cd5df3cbf9c3586dd61e82db7172a5?s=96&d=mm&r=g\",\"url\":\"https:\\\/\\\/secure.gravatar.com\\\/avatar\\\/82eb951df6110a2c48d1bfa7a67d1ee6f0cd5df3cbf9c3586dd61e82db7172a5?s=96&d=mm&r=g\",\"contentUrl\":\"https:\\\/\\\/secure.gravatar.com\\\/avatar\\\/82eb951df6110a2c48d1bfa7a67d1ee6f0cd5df3cbf9c3586dd61e82db7172a5?s=96&d=mm&r=g\",\"caption\":\"Claude DAYRES\"},\"url\":\"https:\\\/\\\/jumeaux91.fr\\\/blog\\\/author\\\/x91claude\\\/\"}]}<\/script>\n<!-- \/ Yoast SEO plugin. -->","yoast_head_json":{"title":"Hauts-de-Seine : Un ado de 17 ans soup\u00e7onn\u00e9 d\u2019avoir \u00e9gorg\u00e9 son fr\u00e8re jumeau - JUMEAUX91","robots":{"index":"index","follow":"follow","max-snippet":"max-snippet:-1","max-image-preview":"max-image-preview:large","max-video-preview":"max-video-preview:-1"},"canonical":"https:\/\/jumeaux91.fr\/blog\/hauts-de-seine-un-ado-de-17-ans-soupconne-davoir-egorge-son-frere-jumeau\/","og_locale":"fr_FR","og_type":"article","og_title":"Hauts-de-Seine : Un ado de 17 ans soup\u00e7onn\u00e9 d\u2019avoir \u00e9gorg\u00e9 son fr\u00e8re jumeau - JUMEAUX91","og_description":"Une dispute entre deux fr\u00e8res jumeaux a tourn\u00e9 au drame ce mardi midi. Une enqu\u00eate pour homicide volontaire a \u00e9t\u00e9 ouverte. Une dispute entre deux fr\u00e8res jumeaux a tourn\u00e9 au drame ce mardi \u00e0 Villeneuve-la-Garenne dans les Hauts-de-Seine. Selon l\u2019AFP qui r\u00e9v\u00e8le l\u2019information, un adolescent de 17 ans a tu\u00e9 son fr\u00e8re jumeau apr\u00e8s lui&hellip; Poursuivre la lecture Hauts-de-Seine : Un ado de 17 ans soup\u00e7onn\u00e9 d\u2019avoir \u00e9gorg\u00e9 son fr\u00e8re jumeau","og_url":"https:\/\/jumeaux91.fr\/blog\/hauts-de-seine-un-ado-de-17-ans-soupconne-davoir-egorge-son-frere-jumeau\/","og_site_name":"JUMEAUX91","article_published_time":"2025-05-07T03:29:00+00:00","author":"Claude DAYRES","twitter_card":"summary_large_image","twitter_misc":{"\u00c9crit par":"Claude DAYRES","Dur\u00e9e de lecture estim\u00e9e":"1 minute"},"schema":{"@context":"https:\/\/schema.org","@graph":[{"@type":"Article","@id":"https:\/\/jumeaux91.fr\/blog\/hauts-de-seine-un-ado-de-17-ans-soupconne-davoir-egorge-son-frere-jumeau\/#article","isPartOf":{"@id":"https:\/\/jumeaux91.fr\/blog\/hauts-de-seine-un-ado-de-17-ans-soupconne-davoir-egorge-son-frere-jumeau\/"},"author":{"name":"Claude DAYRES","@id":"https:\/\/jumeaux91.fr\/blog\/#\/schema\/person\/21da06e9f119b9f64e5d45dbbd32d3fb"},"headline":"Hauts-de-Seine : Un ado de 17 ans soup\u00e7onn\u00e9 d\u2019avoir \u00e9gorg\u00e9 son fr\u00e8re jumeau","datePublished":"2025-05-07T03:29:00+00:00","mainEntityOfPage":{"@id":"https:\/\/jumeaux91.fr\/blog\/hauts-de-seine-un-ado-de-17-ans-soupconne-davoir-egorge-son-frere-jumeau\/"},"wordCount":307,"publisher":{"@id":"https:\/\/jumeaux91.fr\/blog\/#organization"},"articleSection":["Posts Fr\u00e8res Jumeaux De L'Essonnes:"],"inLanguage":"fr-FR"},{"@type":"WebPage","@id":"https:\/\/jumeaux91.fr\/blog\/hauts-de-seine-un-ado-de-17-ans-soupconne-davoir-egorge-son-frere-jumeau\/","url":"https:\/\/jumeaux91.fr\/blog\/hauts-de-seine-un-ado-de-17-ans-soupconne-davoir-egorge-son-frere-jumeau\/","name":"Hauts-de-Seine : Un ado de 17 ans soup\u00e7onn\u00e9 d\u2019avoir \u00e9gorg\u00e9 son fr\u00e8re jumeau - JUMEAUX91","isPartOf":{"@id":"https:\/\/jumeaux91.fr\/blog\/#website"},"datePublished":"2025-05-07T03:29:00+00:00","breadcrumb":{"@id":"https:\/\/jumeaux91.fr\/blog\/hauts-de-seine-un-ado-de-17-ans-soupconne-davoir-egorge-son-frere-jumeau\/#breadcrumb"},"inLanguage":"fr-FR","potentialAction":[{"@type":"ReadAction","target":["https:\/\/jumeaux91.fr\/blog\/hauts-de-seine-un-ado-de-17-ans-soupconne-davoir-egorge-son-frere-jumeau\/"]}]},{"@type":"BreadcrumbList","@id":"https:\/\/jumeaux91.fr\/blog\/hauts-de-seine-un-ado-de-17-ans-soupconne-davoir-egorge-son-frere-jumeau\/#breadcrumb","itemListElement":[{"@type":"ListItem","position":1,"name":"Accueil","item":"https:\/\/jumeaux91.fr\/blog\/"},{"@type":"ListItem","position":2,"name":"Hauts-de-Seine : Un ado de 17 ans soup\u00e7onn\u00e9 d\u2019avoir \u00e9gorg\u00e9 son fr\u00e8re jumeau"}]},{"@type":"WebSite","@id":"https:\/\/jumeaux91.fr\/blog\/#website","url":"https:\/\/jumeaux91.fr\/blog\/","name":"JUMEAUX91","description":"Fr\u00e8res jumeaux de l&#039;Essonnes; informations et archives, \u00e0 savoir et retenir.","publisher":{"@id":"https:\/\/jumeaux91.fr\/blog\/#organization"},"potentialAction":[{"@type":"SearchAction","target":{"@type":"EntryPoint","urlTemplate":"https:\/\/jumeaux91.fr\/blog\/?s={search_term_string}"},"query-input":{"@type":"PropertyValueSpecification","valueRequired":true,"valueName":"search_term_string"}}],"inLanguage":"fr-FR"},{"@type":"Organization","@id":"https:\/\/jumeaux91.fr\/blog\/#organization","name":"jumeaux91","url":"https:\/\/jumeaux91.fr\/blog\/","logo":{"@type":"ImageObject","inLanguage":"fr-FR","@id":"https:\/\/jumeaux91.fr\/blog\/#\/schema\/logo\/image\/","url":"https:\/\/jumeaux91.fr\/blog\/wp-content\/uploads\/2023\/05\/cropped-cropped-logoJ_91.png","contentUrl":"https:\/\/jumeaux91.fr\/blog\/wp-content\/uploads\/2023\/05\/cropped-cropped-logoJ_91.png","width":512,"height":512,"caption":"jumeaux91"},"image":{"@id":"https:\/\/jumeaux91.fr\/blog\/#\/schema\/logo\/image\/"}},{"@type":"Person","@id":"https:\/\/jumeaux91.fr\/blog\/#\/schema\/person\/21da06e9f119b9f64e5d45dbbd32d3fb","name":"Claude DAYRES","image":{"@type":"ImageObject","inLanguage":"fr-FR","@id":"https:\/\/secure.gravatar.com\/avatar\/82eb951df6110a2c48d1bfa7a67d1ee6f0cd5df3cbf9c3586dd61e82db7172a5?s=96&d=mm&r=g","url":"https:\/\/secure.gravatar.com\/avatar\/82eb951df6110a2c48d1bfa7a67d1ee6f0cd5df3cbf9c3586dd61e82db7172a5?s=96&d=mm&r=g","contentUrl":"https:\/\/secure.gravatar.com\/avatar\/82eb951df6110a2c48d1bfa7a67d1ee6f0cd5df3cbf9c3586dd61e82db7172a5?s=96&d=mm&r=g","caption":"Claude DAYRES"},"url":"https:\/\/jumeaux91.fr\/blog\/author\/x91claude\/"}]}},"_links":{"self":[{"href":"https:\/\/jumeaux91.fr\/blog\/wp-json\/wp\/v2\/posts\/1189","targetHints":{"allow":["GET"]}}],"collection":[{"href":"https:\/\/jumeaux91.fr\/blog\/wp-json\/wp\/v2\/posts"}],"about":[{"href":"https:\/\/jumeaux91.fr\/blog\/wp-json\/wp\/v2\/types\/post"}],"author":[{"embeddable":true,"href":"https:\/\/jumeaux91.fr\/blog\/wp-json\/wp\/v2\/users\/2"}],"replies":[{"embeddable":true,"href":"https:\/\/jumeaux91.fr\/blog\/wp-json\/wp\/v2\/comments?post=1189"}],"version-history":[{"count":0,"href":"https:\/\/jumeaux91.fr\/blog\/wp-json\/wp\/v2\/posts\/1189\/revisions"}],"wp:attachment":[{"href":"https:\/\/jumeaux91.fr\/blog\/wp-json\/wp\/v2\/media?parent=1189"}],"wp:term":[{"taxonomy":"category","embeddable":true,"href":"https:\/\/jumeaux91.fr\/blog\/wp-json\/wp\/v2\/categories?post=1189"},{"taxonomy":"post_tag","embeddable":true,"href":"https:\/\/jumeaux91.fr\/blog\/wp-json\/wp\/v2\/tags?post=1189"}],"curies":[{"name":"wp","href":"https:\/\/api.w.org\/{rel}","templated":true}]}}