{"id":1195,"date":"2025-05-09T05:12:00","date_gmt":"2025-05-09T03:12:00","guid":{"rendered":"https:\/\/jumeaux91.fr\/blog\/adolescent-de-17-ans-tue-a-villeneuve-la-garenne-son-frere-jumeau-mis-en-examen-et-incarcere\/"},"modified":"2025-05-09T05:12:00","modified_gmt":"2025-05-09T03:12:00","slug":"adolescent-de-17-ans-tue-a-villeneuve-la-garenne-son-frere-jumeau-mis-en-examen-et-incarcere","status":"publish","type":"post","link":"https:\/\/jumeaux91.fr\/blog\/adolescent-de-17-ans-tue-a-villeneuve-la-garenne-son-frere-jumeau-mis-en-examen-et-incarcere\/","title":{"rendered":"Adolescent de 17 ans tu\u00e9 \u00e0 Villeneuve-la-Garenne : son fr\u00e8re jumeau mis en examen et incarc\u00e9r\u00e9"},"content":{"rendered":"<div><img decoding=\"async\" src=\"https:\/\/jumeaux91.fr\/blog\/wp-content\/uploads\/2025\/05\/adolescent-de-17-ans-tue-a-villeneuve-la-garenne-son-frere-jumeau-mis-en-examen-et-incarcere.jpg\" class=\"ff-og-image-inserted\"><\/div>\n<div class=\"ac-article-date\"> Par <strong> <a href=\"https:\/\/actu.fr\/auteur\/antoine-blanchet\" title=\"Consulter tous les articles de Antoine Blanchet\" target=\"_blank\" rel=\"nofollow\">Antoine Blanchet<\/a> <\/strong> <span> Publi\u00e9 le  9 mai 2025 \u00e0 12h13  <\/span>\n<\/div>\n<p>Deux fr\u00e8res. L\u2019un d\u00e9c\u00e9d\u00e9. L\u2019autre en prison. Jeudi 8&nbsp;mai 2025, un adolescent de 17&nbsp;ans<strong> a \u00e9t\u00e9 mis en examen et plac\u00e9 en d\u00e9tention provisoire<\/strong>, nous indique le parquet de <a href=\"https:\/\/actu.fr\/ile-de-france\/nanterre_92050\" target=\"_blank\" rel=\"nofollow\">Nanterre<\/a>. Ce dernier aurait tu\u00e9 son fr\u00e8re jumeau mardi \u00e0 <a href=\"https:\/\/actu.fr\/ile-de-france\/villeneuve-la-garenne_92078\" target=\"_blank\" rel=\"nofollow\">Villeneuve-la-Garenne<\/a> (<a href=\"https:\/\/actu.fr\/ile-de-france\/hauts-de-seine_92\" target=\"_blank\" rel=\"nofollow\">Hauts-de-Seine<\/a>). Une dispute familiale serait \u00e0 l\u2019origine du drame.<\/p>\n<div class=\"ac-article-to-read wall-content\">\n<p>\u00c0 lire aussi<\/p>\n<\/div>\n<h2 class=\" wall-content\">Un coup de couteau \u00e0 la gorge<\/h2>\n<p class=\" wall-content\">Le drame s\u2019est nou\u00e9 dans l\u2019appartement familial, situ\u00e9<strong> all\u00e9e des Fr\u00e8res-Lumi\u00e8res<\/strong>. Lors d\u2019une altercation, le mis en examen aurait frapp\u00e9 son fr\u00e8re avec un couteau au niveau de la gorge. La victime est parvenue \u00e0 quitter le logement et s\u2019est effondr\u00e9e dans la vie. Elle n\u2019a pas pu \u00eatre r\u00e9anim\u00e9e.&nbsp;Son fr\u00e8re jumeau a tr\u00e8s vite \u00e9t\u00e9 interpell\u00e9.<\/p>\n<p class=\" wall-content\"><i>Suivez toute l\u2019actualit\u00e9 de vos villes et m\u00e9dias favoris en vous inscrivant \u00e0 <a href=\"https:\/\/moncompte.actu.fr\" title=\"D\u00e9couvez Mon Actu\" rel=\"nofollow\" data-trk=\"{&quot;cta&quot;:{&quot;action&quot;:&quot;https:\\\/\\\/moncompte.actu.fr&quot;,&quot;category&quot;:&quot;mon compte&quot;,&quot;from&quot;:&quot;article footer&quot;,&quot;name&quot;:&quot;Mon actu&quot;,&quot;type&quot;:&quot;cta&quot;}}\" target=\"_blank\">Mon Actu<\/a>.<\/i><\/p>\n<ul class=\"ac-article-tag wall-content\">\n<li><a href=\"https:\/\/actu.fr\/tag\/justice\" data-trk=\"{&quot;cta&quot;:{&quot;action&quot;:&quot;Justice&quot;,&quot;category&quot;:&quot;tag&quot;,&quot;from&quot;:&quot;article footer&quot;,&quot;name&quot;:&quot;Justice&quot;,&quot;type&quot;:&quot;cta&quot;}}\" target=\"_blank\" rel=\"nofollow\">#Justice<\/a><\/li>\n<li><a href=\"https:\/\/actu.fr\/tag\/meurtre\" data-trk=\"{&quot;cta&quot;:{&quot;action&quot;:&quot;Meurtre&quot;,&quot;category&quot;:&quot;tag&quot;,&quot;from&quot;:&quot;article footer&quot;,&quot;name&quot;:&quot;Meurtre&quot;,&quot;type&quot;:&quot;cta&quot;}}\" target=\"_blank\" rel=\"nofollow\">#Meurtre<\/a><\/li>\n<\/ul>\n<p> La chronique se veut g\u00e9n\u00e9r\u00e9e de la fa\u00e7on la plus claire que possible. Dans le cas o\u00f9 vous souhaitez pr\u00e9senter des renseignements compl\u00e9mentaires \u00e0 cet article sur le sujet \u00ab\u00a0Fr\u00e8res jumeaux de l&rsquo;Essonnes\u00a0\u00bb il vous est possible d\u2019\u00e9crire aux contacts indiqu\u00e9s sur notre website. La raison d\u2019\u00eatre de jumeaux91.fr \u00e9tant de rassembler sur le web des posts sur le sujet de Fr\u00e8res jumeaux de l&rsquo;Essonnes puis les diffuser en r\u00e9pondant au mieux aux interrogations des gens. Vous pouvez tirer profit de cet article traitant le sujet \u00ab\u00a0Fr\u00e8res jumeaux de l&rsquo;Essonnes\u00a0\u00bb. Il est concoct\u00e9 par l\u2019\u00e9quipe jumeaux91.fr. Prochainement, nous rendrons accessibles au public d&rsquo;autres informations pertinentes sur le sujet \u00ab\u00a0Fr\u00e8res jumeaux de l&rsquo;Essonnes\u00a0\u00bb. Alors, consultez syst\u00e9matiquement notre blog.<\/p>\n","protected":false},"excerpt":{"rendered":"<p>Par Antoine Blanchet Publi\u00e9 le 9 mai 2025 \u00e0 12h13 Deux fr\u00e8res. L\u2019un d\u00e9c\u00e9d\u00e9. L\u2019autre en prison. Jeudi 8&nbsp;mai 2025, un adolescent de 17&nbsp;ans a \u00e9t\u00e9 mis en examen et plac\u00e9 en d\u00e9tention provisoire, nous indique le parquet de Nanterre. Ce dernier aurait tu\u00e9 son fr\u00e8re jumeau mardi \u00e0 Villeneuve-la-Garenne (Hauts-de-Seine). Une dispute familiale serait&hellip; <a class=\"more-link\" href=\"https:\/\/jumeaux91.fr\/blog\/adolescent-de-17-ans-tue-a-villeneuve-la-garenne-son-frere-jumeau-mis-en-examen-et-incarcere\/\">Poursuivre la lecture <span class=\"screen-reader-text\">Adolescent de 17 ans tu\u00e9 \u00e0 Villeneuve-la-Garenne : son fr\u00e8re jumeau mis en examen et incarc\u00e9r\u00e9<\/span><\/a><\/p>\n","protected":false},"author":2,"featured_media":1196,"comment_status":"closed","ping_status":"closed","sticky":false,"template":"","format":"standard","meta":{"footnotes":""},"categories":[4],"tags":[],"class_list":["post-1195","post","type-post","status-publish","format-standard","has-post-thumbnail","hentry","category-posts-freres-jumeaux-de-lessonnes","entry"],"yoast_head":"<!-- This site is optimized with the Yoast SEO plugin v27.5 - https:\/\/yoast.com\/product\/yoast-seo-wordpress\/ -->\n<title>Adolescent de 17 ans tu\u00e9 \u00e0 Villeneuve-la-Garenne : son fr\u00e8re jumeau mis en examen et incarc\u00e9r\u00e9 - JUMEAUX91<\/title>\n<meta name=\"robots\" content=\"index, follow, max-snippet:-1, max-image-preview:large, max-video-preview:-1\" \/>\n<link rel=\"canonical\" href=\"https:\/\/jumeaux91.fr\/blog\/adolescent-de-17-ans-tue-a-villeneuve-la-garenne-son-frere-jumeau-mis-en-examen-et-incarcere\/\" \/>\n<meta property=\"og:locale\" content=\"fr_FR\" \/>\n<meta property=\"og:type\" content=\"article\" \/>\n<meta property=\"og:title\" content=\"Adolescent de 17 ans tu\u00e9 \u00e0 Villeneuve-la-Garenne : son fr\u00e8re jumeau mis en examen et incarc\u00e9r\u00e9 - JUMEAUX91\" \/>\n<meta property=\"og:description\" content=\"Par Antoine Blanchet Publi\u00e9 le 9 mai 2025 \u00e0 12h13 Deux fr\u00e8res. L\u2019un d\u00e9c\u00e9d\u00e9. L\u2019autre en prison. Jeudi 8&nbsp;mai 2025, un adolescent de 17&nbsp;ans a \u00e9t\u00e9 mis en examen et plac\u00e9 en d\u00e9tention provisoire, nous indique le parquet de Nanterre. Ce dernier aurait tu\u00e9 son fr\u00e8re jumeau mardi \u00e0 Villeneuve-la-Garenne (Hauts-de-Seine). Une dispute familiale serait&hellip; Poursuivre la lecture Adolescent de 17 ans tu\u00e9 \u00e0 Villeneuve-la-Garenne : son fr\u00e8re jumeau mis en examen et incarc\u00e9r\u00e9\" \/>\n<meta property=\"og:url\" content=\"https:\/\/jumeaux91.fr\/blog\/adolescent-de-17-ans-tue-a-villeneuve-la-garenne-son-frere-jumeau-mis-en-examen-et-incarcere\/\" \/>\n<meta property=\"og:site_name\" content=\"JUMEAUX91\" \/>\n<meta property=\"article:published_time\" content=\"2025-05-09T03:12:00+00:00\" \/>\n<meta property=\"og:image\" content=\"https:\/\/jumeaux91.fr\/blog\/wp-content\/uploads\/2025\/05\/adolescent-de-17-ans-tue-a-villeneuve-la-garenne-son-frere-jumeau-mis-en-examen-et-incarcere.jpg\" \/>\n<meta name=\"author\" content=\"Claude DAYRES\" \/>\n<meta name=\"twitter:card\" content=\"summary_large_image\" \/>\n<meta name=\"twitter:label1\" content=\"\u00c9crit par\" \/>\n\t<meta name=\"twitter:data1\" content=\"Claude DAYRES\" \/>\n\t<meta name=\"twitter:label2\" content=\"Dur\u00e9e de lecture estim\u00e9e\" \/>\n\t<meta name=\"twitter:data2\" content=\"1 minute\" \/>\n<script type=\"application\/ld+json\" class=\"yoast-schema-graph\">{\"@context\":\"https:\\\/\\\/schema.org\",\"@graph\":[{\"@type\":\"Article\",\"@id\":\"https:\\\/\\\/jumeaux91.fr\\\/blog\\\/adolescent-de-17-ans-tue-a-villeneuve-la-garenne-son-frere-jumeau-mis-en-examen-et-incarcere\\\/#article\",\"isPartOf\":{\"@id\":\"https:\\\/\\\/jumeaux91.fr\\\/blog\\\/adolescent-de-17-ans-tue-a-villeneuve-la-garenne-son-frere-jumeau-mis-en-examen-et-incarcere\\\/\"},\"author\":{\"name\":\"Claude DAYRES\",\"@id\":\"https:\\\/\\\/jumeaux91.fr\\\/blog\\\/#\\\/schema\\\/person\\\/21da06e9f119b9f64e5d45dbbd32d3fb\"},\"headline\":\"Adolescent de 17 ans tu\u00e9 \u00e0 Villeneuve-la-Garenne : son fr\u00e8re jumeau mis en examen et incarc\u00e9r\u00e9\",\"datePublished\":\"2025-05-09T03:12:00+00:00\",\"mainEntityOfPage\":{\"@id\":\"https:\\\/\\\/jumeaux91.fr\\\/blog\\\/adolescent-de-17-ans-tue-a-villeneuve-la-garenne-son-frere-jumeau-mis-en-examen-et-incarcere\\\/\"},\"wordCount\":315,\"publisher\":{\"@id\":\"https:\\\/\\\/jumeaux91.fr\\\/blog\\\/#organization\"},\"image\":{\"@id\":\"https:\\\/\\\/jumeaux91.fr\\\/blog\\\/adolescent-de-17-ans-tue-a-villeneuve-la-garenne-son-frere-jumeau-mis-en-examen-et-incarcere\\\/#primaryimage\"},\"thumbnailUrl\":\"https:\\\/\\\/jumeaux91.fr\\\/blog\\\/wp-content\\\/uploads\\\/2025\\\/05\\\/adolescent-de-17-ans-tue-a-villeneuve-la-garenne-son-frere-jumeau-mis-en-examen-et-incarcere.jpg\",\"articleSection\":[\"Posts Fr\u00e8res Jumeaux De L'Essonnes:\"],\"inLanguage\":\"fr-FR\"},{\"@type\":\"WebPage\",\"@id\":\"https:\\\/\\\/jumeaux91.fr\\\/blog\\\/adolescent-de-17-ans-tue-a-villeneuve-la-garenne-son-frere-jumeau-mis-en-examen-et-incarcere\\\/\",\"url\":\"https:\\\/\\\/jumeaux91.fr\\\/blog\\\/adolescent-de-17-ans-tue-a-villeneuve-la-garenne-son-frere-jumeau-mis-en-examen-et-incarcere\\\/\",\"name\":\"Adolescent de 17 ans tu\u00e9 \u00e0 Villeneuve-la-Garenne : son fr\u00e8re jumeau mis en examen et incarc\u00e9r\u00e9 - JUMEAUX91\",\"isPartOf\":{\"@id\":\"https:\\\/\\\/jumeaux91.fr\\\/blog\\\/#website\"},\"primaryImageOfPage\":{\"@id\":\"https:\\\/\\\/jumeaux91.fr\\\/blog\\\/adolescent-de-17-ans-tue-a-villeneuve-la-garenne-son-frere-jumeau-mis-en-examen-et-incarcere\\\/#primaryimage\"},\"image\":{\"@id\":\"https:\\\/\\\/jumeaux91.fr\\\/blog\\\/adolescent-de-17-ans-tue-a-villeneuve-la-garenne-son-frere-jumeau-mis-en-examen-et-incarcere\\\/#primaryimage\"},\"thumbnailUrl\":\"https:\\\/\\\/jumeaux91.fr\\\/blog\\\/wp-content\\\/uploads\\\/2025\\\/05\\\/adolescent-de-17-ans-tue-a-villeneuve-la-garenne-son-frere-jumeau-mis-en-examen-et-incarcere.jpg\",\"datePublished\":\"2025-05-09T03:12:00+00:00\",\"breadcrumb\":{\"@id\":\"https:\\\/\\\/jumeaux91.fr\\\/blog\\\/adolescent-de-17-ans-tue-a-villeneuve-la-garenne-son-frere-jumeau-mis-en-examen-et-incarcere\\\/#breadcrumb\"},\"inLanguage\":\"fr-FR\",\"potentialAction\":[{\"@type\":\"ReadAction\",\"target\":[\"https:\\\/\\\/jumeaux91.fr\\\/blog\\\/adolescent-de-17-ans-tue-a-villeneuve-la-garenne-son-frere-jumeau-mis-en-examen-et-incarcere\\\/\"]}]},{\"@type\":\"ImageObject\",\"inLanguage\":\"fr-FR\",\"@id\":\"https:\\\/\\\/jumeaux91.fr\\\/blog\\\/adolescent-de-17-ans-tue-a-villeneuve-la-garenne-son-frere-jumeau-mis-en-examen-et-incarcere\\\/#primaryimage\",\"url\":\"https:\\\/\\\/jumeaux91.fr\\\/blog\\\/wp-content\\\/uploads\\\/2025\\\/05\\\/adolescent-de-17-ans-tue-a-villeneuve-la-garenne-son-frere-jumeau-mis-en-examen-et-incarcere.jpg\",\"contentUrl\":\"https:\\\/\\\/jumeaux91.fr\\\/blog\\\/wp-content\\\/uploads\\\/2025\\\/05\\\/adolescent-de-17-ans-tue-a-villeneuve-la-garenne-son-frere-jumeau-mis-en-examen-et-incarcere.jpg\",\"width\":1280,\"height\":960,\"caption\":\"Adolescent de 17 ans tu\u00e9 \u00e0 Villeneuve la Garenne : son fr\u00e8re jumeau mis en examen et incarc\u00e9r\u00e9\"},{\"@type\":\"BreadcrumbList\",\"@id\":\"https:\\\/\\\/jumeaux91.fr\\\/blog\\\/adolescent-de-17-ans-tue-a-villeneuve-la-garenne-son-frere-jumeau-mis-en-examen-et-incarcere\\\/#breadcrumb\",\"itemListElement\":[{\"@type\":\"ListItem\",\"position\":1,\"name\":\"Accueil\",\"item\":\"https:\\\/\\\/jumeaux91.fr\\\/blog\\\/\"},{\"@type\":\"ListItem\",\"position\":2,\"name\":\"Adolescent de 17 ans tu\u00e9 \u00e0 Villeneuve-la-Garenne : son fr\u00e8re jumeau mis en examen et incarc\u00e9r\u00e9\"}]},{\"@type\":\"WebSite\",\"@id\":\"https:\\\/\\\/jumeaux91.fr\\\/blog\\\/#website\",\"url\":\"https:\\\/\\\/jumeaux91.fr\\\/blog\\\/\",\"name\":\"JUMEAUX91\",\"description\":\"Fr\u00e8res jumeaux de l&#039;Essonnes; informations et archives, \u00e0 savoir et retenir.\",\"publisher\":{\"@id\":\"https:\\\/\\\/jumeaux91.fr\\\/blog\\\/#organization\"},\"potentialAction\":[{\"@type\":\"SearchAction\",\"target\":{\"@type\":\"EntryPoint\",\"urlTemplate\":\"https:\\\/\\\/jumeaux91.fr\\\/blog\\\/?s={search_term_string}\"},\"query-input\":{\"@type\":\"PropertyValueSpecification\",\"valueRequired\":true,\"valueName\":\"search_term_string\"}}],\"inLanguage\":\"fr-FR\"},{\"@type\":\"Organization\",\"@id\":\"https:\\\/\\\/jumeaux91.fr\\\/blog\\\/#organization\",\"name\":\"jumeaux91\",\"url\":\"https:\\\/\\\/jumeaux91.fr\\\/blog\\\/\",\"logo\":{\"@type\":\"ImageObject\",\"inLanguage\":\"fr-FR\",\"@id\":\"https:\\\/\\\/jumeaux91.fr\\\/blog\\\/#\\\/schema\\\/logo\\\/image\\\/\",\"url\":\"https:\\\/\\\/jumeaux91.fr\\\/blog\\\/wp-content\\\/uploads\\\/2023\\\/05\\\/cropped-cropped-logoJ_91.png\",\"contentUrl\":\"https:\\\/\\\/jumeaux91.fr\\\/blog\\\/wp-content\\\/uploads\\\/2023\\\/05\\\/cropped-cropped-logoJ_91.png\",\"width\":512,\"height\":512,\"caption\":\"jumeaux91\"},\"image\":{\"@id\":\"https:\\\/\\\/jumeaux91.fr\\\/blog\\\/#\\\/schema\\\/logo\\\/image\\\/\"}},{\"@type\":\"Person\",\"@id\":\"https:\\\/\\\/jumeaux91.fr\\\/blog\\\/#\\\/schema\\\/person\\\/21da06e9f119b9f64e5d45dbbd32d3fb\",\"name\":\"Claude DAYRES\",\"image\":{\"@type\":\"ImageObject\",\"inLanguage\":\"fr-FR\",\"@id\":\"https:\\\/\\\/secure.gravatar.com\\\/avatar\\\/82eb951df6110a2c48d1bfa7a67d1ee6f0cd5df3cbf9c3586dd61e82db7172a5?s=96&d=mm&r=g\",\"url\":\"https:\\\/\\\/secure.gravatar.com\\\/avatar\\\/82eb951df6110a2c48d1bfa7a67d1ee6f0cd5df3cbf9c3586dd61e82db7172a5?s=96&d=mm&r=g\",\"contentUrl\":\"https:\\\/\\\/secure.gravatar.com\\\/avatar\\\/82eb951df6110a2c48d1bfa7a67d1ee6f0cd5df3cbf9c3586dd61e82db7172a5?s=96&d=mm&r=g\",\"caption\":\"Claude DAYRES\"},\"url\":\"https:\\\/\\\/jumeaux91.fr\\\/blog\\\/author\\\/x91claude\\\/\"}]}<\/script>\n<!-- \/ Yoast SEO plugin. -->","yoast_head_json":{"title":"Adolescent de 17 ans tu\u00e9 \u00e0 Villeneuve-la-Garenne : son fr\u00e8re jumeau mis en examen et incarc\u00e9r\u00e9 - JUMEAUX91","robots":{"index":"index","follow":"follow","max-snippet":"max-snippet:-1","max-image-preview":"max-image-preview:large","max-video-preview":"max-video-preview:-1"},"canonical":"https:\/\/jumeaux91.fr\/blog\/adolescent-de-17-ans-tue-a-villeneuve-la-garenne-son-frere-jumeau-mis-en-examen-et-incarcere\/","og_locale":"fr_FR","og_type":"article","og_title":"Adolescent de 17 ans tu\u00e9 \u00e0 Villeneuve-la-Garenne : son fr\u00e8re jumeau mis en examen et incarc\u00e9r\u00e9 - JUMEAUX91","og_description":"Par Antoine Blanchet Publi\u00e9 le 9 mai 2025 \u00e0 12h13 Deux fr\u00e8res. L\u2019un d\u00e9c\u00e9d\u00e9. L\u2019autre en prison. Jeudi 8&nbsp;mai 2025, un adolescent de 17&nbsp;ans a \u00e9t\u00e9 mis en examen et plac\u00e9 en d\u00e9tention provisoire, nous indique le parquet de Nanterre. Ce dernier aurait tu\u00e9 son fr\u00e8re jumeau mardi \u00e0 Villeneuve-la-Garenne (Hauts-de-Seine). Une dispute familiale serait&hellip; Poursuivre la lecture Adolescent de 17 ans tu\u00e9 \u00e0 Villeneuve-la-Garenne : son fr\u00e8re jumeau mis en examen et incarc\u00e9r\u00e9","og_url":"https:\/\/jumeaux91.fr\/blog\/adolescent-de-17-ans-tue-a-villeneuve-la-garenne-son-frere-jumeau-mis-en-examen-et-incarcere\/","og_site_name":"JUMEAUX91","article_published_time":"2025-05-09T03:12:00+00:00","og_image":[{"url":"https:\/\/jumeaux91.fr\/blog\/wp-content\/uploads\/2025\/05\/adolescent-de-17-ans-tue-a-villeneuve-la-garenne-son-frere-jumeau-mis-en-examen-et-incarcere.jpg","type":"","width":"","height":""}],"author":"Claude DAYRES","twitter_card":"summary_large_image","twitter_misc":{"\u00c9crit par":"Claude DAYRES","Dur\u00e9e de lecture estim\u00e9e":"1 minute"},"schema":{"@context":"https:\/\/schema.org","@graph":[{"@type":"Article","@id":"https:\/\/jumeaux91.fr\/blog\/adolescent-de-17-ans-tue-a-villeneuve-la-garenne-son-frere-jumeau-mis-en-examen-et-incarcere\/#article","isPartOf":{"@id":"https:\/\/jumeaux91.fr\/blog\/adolescent-de-17-ans-tue-a-villeneuve-la-garenne-son-frere-jumeau-mis-en-examen-et-incarcere\/"},"author":{"name":"Claude DAYRES","@id":"https:\/\/jumeaux91.fr\/blog\/#\/schema\/person\/21da06e9f119b9f64e5d45dbbd32d3fb"},"headline":"Adolescent de 17 ans tu\u00e9 \u00e0 Villeneuve-la-Garenne : son fr\u00e8re jumeau mis en examen et incarc\u00e9r\u00e9","datePublished":"2025-05-09T03:12:00+00:00","mainEntityOfPage":{"@id":"https:\/\/jumeaux91.fr\/blog\/adolescent-de-17-ans-tue-a-villeneuve-la-garenne-son-frere-jumeau-mis-en-examen-et-incarcere\/"},"wordCount":315,"publisher":{"@id":"https:\/\/jumeaux91.fr\/blog\/#organization"},"image":{"@id":"https:\/\/jumeaux91.fr\/blog\/adolescent-de-17-ans-tue-a-villeneuve-la-garenne-son-frere-jumeau-mis-en-examen-et-incarcere\/#primaryimage"},"thumbnailUrl":"https:\/\/jumeaux91.fr\/blog\/wp-content\/uploads\/2025\/05\/adolescent-de-17-ans-tue-a-villeneuve-la-garenne-son-frere-jumeau-mis-en-examen-et-incarcere.jpg","articleSection":["Posts Fr\u00e8res Jumeaux De L'Essonnes:"],"inLanguage":"fr-FR"},{"@type":"WebPage","@id":"https:\/\/jumeaux91.fr\/blog\/adolescent-de-17-ans-tue-a-villeneuve-la-garenne-son-frere-jumeau-mis-en-examen-et-incarcere\/","url":"https:\/\/jumeaux91.fr\/blog\/adolescent-de-17-ans-tue-a-villeneuve-la-garenne-son-frere-jumeau-mis-en-examen-et-incarcere\/","name":"Adolescent de 17 ans tu\u00e9 \u00e0 Villeneuve-la-Garenne : son fr\u00e8re jumeau mis en examen et incarc\u00e9r\u00e9 - JUMEAUX91","isPartOf":{"@id":"https:\/\/jumeaux91.fr\/blog\/#website"},"primaryImageOfPage":{"@id":"https:\/\/jumeaux91.fr\/blog\/adolescent-de-17-ans-tue-a-villeneuve-la-garenne-son-frere-jumeau-mis-en-examen-et-incarcere\/#primaryimage"},"image":{"@id":"https:\/\/jumeaux91.fr\/blog\/adolescent-de-17-ans-tue-a-villeneuve-la-garenne-son-frere-jumeau-mis-en-examen-et-incarcere\/#primaryimage"},"thumbnailUrl":"https:\/\/jumeaux91.fr\/blog\/wp-content\/uploads\/2025\/05\/adolescent-de-17-ans-tue-a-villeneuve-la-garenne-son-frere-jumeau-mis-en-examen-et-incarcere.jpg","datePublished":"2025-05-09T03:12:00+00:00","breadcrumb":{"@id":"https:\/\/jumeaux91.fr\/blog\/adolescent-de-17-ans-tue-a-villeneuve-la-garenne-son-frere-jumeau-mis-en-examen-et-incarcere\/#breadcrumb"},"inLanguage":"fr-FR","potentialAction":[{"@type":"ReadAction","target":["https:\/\/jumeaux91.fr\/blog\/adolescent-de-17-ans-tue-a-villeneuve-la-garenne-son-frere-jumeau-mis-en-examen-et-incarcere\/"]}]},{"@type":"ImageObject","inLanguage":"fr-FR","@id":"https:\/\/jumeaux91.fr\/blog\/adolescent-de-17-ans-tue-a-villeneuve-la-garenne-son-frere-jumeau-mis-en-examen-et-incarcere\/#primaryimage","url":"https:\/\/jumeaux91.fr\/blog\/wp-content\/uploads\/2025\/05\/adolescent-de-17-ans-tue-a-villeneuve-la-garenne-son-frere-jumeau-mis-en-examen-et-incarcere.jpg","contentUrl":"https:\/\/jumeaux91.fr\/blog\/wp-content\/uploads\/2025\/05\/adolescent-de-17-ans-tue-a-villeneuve-la-garenne-son-frere-jumeau-mis-en-examen-et-incarcere.jpg","width":1280,"height":960,"caption":"Adolescent de 17 ans tu\u00e9 \u00e0 Villeneuve la Garenne : son fr\u00e8re jumeau mis en examen et incarc\u00e9r\u00e9"},{"@type":"BreadcrumbList","@id":"https:\/\/jumeaux91.fr\/blog\/adolescent-de-17-ans-tue-a-villeneuve-la-garenne-son-frere-jumeau-mis-en-examen-et-incarcere\/#breadcrumb","itemListElement":[{"@type":"ListItem","position":1,"name":"Accueil","item":"https:\/\/jumeaux91.fr\/blog\/"},{"@type":"ListItem","position":2,"name":"Adolescent de 17 ans tu\u00e9 \u00e0 Villeneuve-la-Garenne : son fr\u00e8re jumeau mis en examen et incarc\u00e9r\u00e9"}]},{"@type":"WebSite","@id":"https:\/\/jumeaux91.fr\/blog\/#website","url":"https:\/\/jumeaux91.fr\/blog\/","name":"JUMEAUX91","description":"Fr\u00e8res jumeaux de l&#039;Essonnes; informations et archives, \u00e0 savoir et retenir.","publisher":{"@id":"https:\/\/jumeaux91.fr\/blog\/#organization"},"potentialAction":[{"@type":"SearchAction","target":{"@type":"EntryPoint","urlTemplate":"https:\/\/jumeaux91.fr\/blog\/?s={search_term_string}"},"query-input":{"@type":"PropertyValueSpecification","valueRequired":true,"valueName":"search_term_string"}}],"inLanguage":"fr-FR"},{"@type":"Organization","@id":"https:\/\/jumeaux91.fr\/blog\/#organization","name":"jumeaux91","url":"https:\/\/jumeaux91.fr\/blog\/","logo":{"@type":"ImageObject","inLanguage":"fr-FR","@id":"https:\/\/jumeaux91.fr\/blog\/#\/schema\/logo\/image\/","url":"https:\/\/jumeaux91.fr\/blog\/wp-content\/uploads\/2023\/05\/cropped-cropped-logoJ_91.png","contentUrl":"https:\/\/jumeaux91.fr\/blog\/wp-content\/uploads\/2023\/05\/cropped-cropped-logoJ_91.png","width":512,"height":512,"caption":"jumeaux91"},"image":{"@id":"https:\/\/jumeaux91.fr\/blog\/#\/schema\/logo\/image\/"}},{"@type":"Person","@id":"https:\/\/jumeaux91.fr\/blog\/#\/schema\/person\/21da06e9f119b9f64e5d45dbbd32d3fb","name":"Claude DAYRES","image":{"@type":"ImageObject","inLanguage":"fr-FR","@id":"https:\/\/secure.gravatar.com\/avatar\/82eb951df6110a2c48d1bfa7a67d1ee6f0cd5df3cbf9c3586dd61e82db7172a5?s=96&d=mm&r=g","url":"https:\/\/secure.gravatar.com\/avatar\/82eb951df6110a2c48d1bfa7a67d1ee6f0cd5df3cbf9c3586dd61e82db7172a5?s=96&d=mm&r=g","contentUrl":"https:\/\/secure.gravatar.com\/avatar\/82eb951df6110a2c48d1bfa7a67d1ee6f0cd5df3cbf9c3586dd61e82db7172a5?s=96&d=mm&r=g","caption":"Claude DAYRES"},"url":"https:\/\/jumeaux91.fr\/blog\/author\/x91claude\/"}]}},"_links":{"self":[{"href":"https:\/\/jumeaux91.fr\/blog\/wp-json\/wp\/v2\/posts\/1195","targetHints":{"allow":["GET"]}}],"collection":[{"href":"https:\/\/jumeaux91.fr\/blog\/wp-json\/wp\/v2\/posts"}],"about":[{"href":"https:\/\/jumeaux91.fr\/blog\/wp-json\/wp\/v2\/types\/post"}],"author":[{"embeddable":true,"href":"https:\/\/jumeaux91.fr\/blog\/wp-json\/wp\/v2\/users\/2"}],"replies":[{"embeddable":true,"href":"https:\/\/jumeaux91.fr\/blog\/wp-json\/wp\/v2\/comments?post=1195"}],"version-history":[{"count":0,"href":"https:\/\/jumeaux91.fr\/blog\/wp-json\/wp\/v2\/posts\/1195\/revisions"}],"wp:featuredmedia":[{"embeddable":true,"href":"https:\/\/jumeaux91.fr\/blog\/wp-json\/wp\/v2\/media\/1196"}],"wp:attachment":[{"href":"https:\/\/jumeaux91.fr\/blog\/wp-json\/wp\/v2\/media?parent=1195"}],"wp:term":[{"taxonomy":"category","embeddable":true,"href":"https:\/\/jumeaux91.fr\/blog\/wp-json\/wp\/v2\/categories?post=1195"},{"taxonomy":"post_tag","embeddable":true,"href":"https:\/\/jumeaux91.fr\/blog\/wp-json\/wp\/v2\/tags?post=1195"}],"curies":[{"name":"wp","href":"https:\/\/api.w.org\/{rel}","templated":true}]}}