{"id":1198,"date":"2025-05-07T03:35:00","date_gmt":"2025-05-07T01:35:00","guid":{"rendered":"https:\/\/jumeaux91.fr\/blog\/un-adolescent-de-17-ans-soupconne-davoir-egorge-son-jumeau-apres-une-dispute-place-en-garde-a-vue-dans-les-hauts-de-seine\/"},"modified":"2025-05-07T03:35:00","modified_gmt":"2025-05-07T01:35:00","slug":"un-adolescent-de-17-ans-soupconne-davoir-egorge-son-jumeau-apres-une-dispute-place-en-garde-a-vue-dans-les-hauts-de-seine","status":"publish","type":"post","link":"https:\/\/jumeaux91.fr\/blog\/un-adolescent-de-17-ans-soupconne-davoir-egorge-son-jumeau-apres-une-dispute-place-en-garde-a-vue-dans-les-hauts-de-seine\/","title":{"rendered":"Un adolescent de 17 ans soup\u00e7onn\u00e9 d\u2019avoir \u00e9gorg\u00e9 son jumeau apr\u00e8s une dispute plac\u00e9 en garde \u00e0 vue dans les Hauts-de-Seine"},"content":{"rendered":"<div><img decoding=\"async\" src=\"https:\/\/jumeaux91.fr\/blog\/wp-content\/uploads\/2025\/05\/un-adolescent-de-17-ans-soupconne-davoir-egorge-son-jumeau-apres-une-dispute-place-en-garde-a-vue-dans-les-hauts-de-seine.jpg\" class=\"ff-og-image-inserted\"><\/div>\n<div>\n<p>Selon les premiers \u00e9l\u00e9ments de l\u2019enqu\u00eate, au cours d\u2019une dispute entre deux <a href=\"https:\/\/www.laprovence.com\/article\/sports\/2789072602793215\/football-national-adem-et-bilel-tafni-les-freres-jumeaux-prometteurs-daubagne\" target=\"_blank\" rel=\"nofollow\">fr\u00e8res jumeaux<\/a> mardi midi, l\u2019un d\u2019eux a port\u00e9 un coup de couteau \u00e0 la gorge de l\u2019autre avant de prendre la fuite.<\/p>\n<\/div>\n<div>\n<p>Le m\u00e9decin du SAMU a constat\u00e9 vers 13H00 le d\u00e9c\u00e8s de la victime, qui avait \u00e9t\u00e9 retrouv\u00e9e au domicile familial.<\/p>\n<\/div>\n<div>\n<h2>Le p\u00e8re interpell\u00e9<\/h2>\n<p>Les policiers ont d\u00e9couvert un couteau ensanglant\u00e9 sur place.<\/p>\n<p>Le mis en cause, retrouv\u00e9 par son p\u00e8re, a ensuite \u00e9t\u00e9 interpell\u00e9 sans incident, indique la m\u00eame source polici\u00e8re.<\/p>\n<\/div>\n<div>\n<p><em>\u00ab\u00a0Je vous confirme que le parquet de Nanterre, apr\u00e8s s\u2019\u00eatre d\u00e9plac\u00e9 sur les lieux, a ouvert une enqu\u00eate en flagrance pour homicide volontaire, confi\u00e9e au SDPJ 92 (Service d\u00e9partemental de police judiciaire de Nanterre, NDLR)\u00a0\u00bb<\/em>, indique pour sa part le minist\u00e8re public qui exclut de communiquer plus amplement<em> \u00ab\u00a0compte tenu d\u2019une mesure de garde \u00e0 vue en cours\u00a0\u00bb.<\/em><\/p>\n<\/div>\n<p>La chronique se veut g\u00e9n\u00e9r\u00e9e de la fa\u00e7on la plus claire que possible. Dans le cas o\u00f9 vous souhaitez pr\u00e9senter des renseignements compl\u00e9mentaires \u00e0 cet article sur le sujet \u00ab\u00a0Fr\u00e8res jumeaux de l&rsquo;Essonnes\u00a0\u00bb il vous est possible d\u2019\u00e9crire aux contacts indiqu\u00e9s sur notre website. La raison d\u2019\u00eatre de jumeaux91.fr \u00e9tant de rassembler sur le web des posts sur le sujet de Fr\u00e8res jumeaux de l&rsquo;Essonnes puis les diffuser en r\u00e9pondant au mieux aux interrogations des gens. Vous pouvez tirer profit de cet article traitant le sujet \u00ab\u00a0Fr\u00e8res jumeaux de l&rsquo;Essonnes\u00a0\u00bb. Il est concoct\u00e9 par l\u2019\u00e9quipe jumeaux91.fr. Prochainement, nous rendrons accessibles au public d&rsquo;autres informations pertinentes sur le sujet \u00ab\u00a0Fr\u00e8res jumeaux de l&rsquo;Essonnes\u00a0\u00bb. Alors, consultez syst\u00e9matiquement notre blog.<\/p>\n","protected":false},"excerpt":{"rendered":"<p>Selon les premiers \u00e9l\u00e9ments de l\u2019enqu\u00eate, au cours d\u2019une dispute entre deux fr\u00e8res jumeaux mardi midi, l\u2019un d\u2019eux a port\u00e9 un coup de couteau \u00e0 la gorge de l\u2019autre avant de prendre la fuite. Le m\u00e9decin du SAMU a constat\u00e9 vers 13H00 le d\u00e9c\u00e8s de la victime, qui avait \u00e9t\u00e9 retrouv\u00e9e au domicile familial. Le&hellip; <a class=\"more-link\" href=\"https:\/\/jumeaux91.fr\/blog\/un-adolescent-de-17-ans-soupconne-davoir-egorge-son-jumeau-apres-une-dispute-place-en-garde-a-vue-dans-les-hauts-de-seine\/\">Poursuivre la lecture <span class=\"screen-reader-text\">Un adolescent de 17 ans soup\u00e7onn\u00e9 d\u2019avoir \u00e9gorg\u00e9 son jumeau apr\u00e8s une dispute plac\u00e9 en garde \u00e0 vue dans les Hauts-de-Seine<\/span><\/a><\/p>\n","protected":false},"author":2,"featured_media":1199,"comment_status":"closed","ping_status":"closed","sticky":false,"template":"","format":"standard","meta":{"footnotes":""},"categories":[4],"tags":[],"class_list":["post-1198","post","type-post","status-publish","format-standard","has-post-thumbnail","hentry","category-posts-freres-jumeaux-de-lessonnes","entry"],"yoast_head":"<!-- This site is optimized with the Yoast SEO plugin v27.5 - https:\/\/yoast.com\/product\/yoast-seo-wordpress\/ -->\n<title>Un adolescent de 17 ans soup\u00e7onn\u00e9 d\u2019avoir \u00e9gorg\u00e9 son jumeau apr\u00e8s une dispute plac\u00e9 en garde \u00e0 vue dans les Hauts-de-Seine - JUMEAUX91<\/title>\n<meta name=\"robots\" content=\"index, follow, max-snippet:-1, max-image-preview:large, max-video-preview:-1\" \/>\n<link rel=\"canonical\" href=\"https:\/\/jumeaux91.fr\/blog\/un-adolescent-de-17-ans-soupconne-davoir-egorge-son-jumeau-apres-une-dispute-place-en-garde-a-vue-dans-les-hauts-de-seine\/\" \/>\n<meta property=\"og:locale\" content=\"fr_FR\" \/>\n<meta property=\"og:type\" content=\"article\" \/>\n<meta property=\"og:title\" content=\"Un adolescent de 17 ans soup\u00e7onn\u00e9 d\u2019avoir \u00e9gorg\u00e9 son jumeau apr\u00e8s une dispute plac\u00e9 en garde \u00e0 vue dans les Hauts-de-Seine - JUMEAUX91\" \/>\n<meta property=\"og:description\" content=\"Selon les premiers \u00e9l\u00e9ments de l\u2019enqu\u00eate, au cours d\u2019une dispute entre deux fr\u00e8res jumeaux mardi midi, l\u2019un d\u2019eux a port\u00e9 un coup de couteau \u00e0 la gorge de l\u2019autre avant de prendre la fuite. Le m\u00e9decin du SAMU a constat\u00e9 vers 13H00 le d\u00e9c\u00e8s de la victime, qui avait \u00e9t\u00e9 retrouv\u00e9e au domicile familial. Le&hellip; Poursuivre la lecture Un adolescent de 17 ans soup\u00e7onn\u00e9 d\u2019avoir \u00e9gorg\u00e9 son jumeau apr\u00e8s une dispute plac\u00e9 en garde \u00e0 vue dans les Hauts-de-Seine\" \/>\n<meta property=\"og:url\" content=\"https:\/\/jumeaux91.fr\/blog\/un-adolescent-de-17-ans-soupconne-davoir-egorge-son-jumeau-apres-une-dispute-place-en-garde-a-vue-dans-les-hauts-de-seine\/\" \/>\n<meta property=\"og:site_name\" content=\"JUMEAUX91\" \/>\n<meta property=\"article:published_time\" content=\"2025-05-07T01:35:00+00:00\" \/>\n<meta property=\"og:image\" content=\"https:\/\/jumeaux91.fr\/blog\/wp-content\/uploads\/2025\/05\/un-adolescent-de-17-ans-soupconne-davoir-egorge-son-jumeau-apres-une-dispute-place-en-garde-a-vue-dans-les-hauts-de-seine.jpg\" \/>\n<meta name=\"author\" content=\"Claude DAYRES\" \/>\n<meta name=\"twitter:card\" content=\"summary_large_image\" \/>\n<meta name=\"twitter:label1\" content=\"\u00c9crit par\" \/>\n\t<meta name=\"twitter:data1\" content=\"Claude DAYRES\" \/>\n\t<meta name=\"twitter:label2\" content=\"Dur\u00e9e de lecture estim\u00e9e\" \/>\n\t<meta name=\"twitter:data2\" content=\"1 minute\" \/>\n<script type=\"application\/ld+json\" class=\"yoast-schema-graph\">{\"@context\":\"https:\\\/\\\/schema.org\",\"@graph\":[{\"@type\":\"Article\",\"@id\":\"https:\\\/\\\/jumeaux91.fr\\\/blog\\\/un-adolescent-de-17-ans-soupconne-davoir-egorge-son-jumeau-apres-une-dispute-place-en-garde-a-vue-dans-les-hauts-de-seine\\\/#article\",\"isPartOf\":{\"@id\":\"https:\\\/\\\/jumeaux91.fr\\\/blog\\\/un-adolescent-de-17-ans-soupconne-davoir-egorge-son-jumeau-apres-une-dispute-place-en-garde-a-vue-dans-les-hauts-de-seine\\\/\"},\"author\":{\"name\":\"Claude DAYRES\",\"@id\":\"https:\\\/\\\/jumeaux91.fr\\\/blog\\\/#\\\/schema\\\/person\\\/21da06e9f119b9f64e5d45dbbd32d3fb\"},\"headline\":\"Un adolescent de 17 ans soup\u00e7onn\u00e9 d\u2019avoir \u00e9gorg\u00e9 son jumeau apr\u00e8s une dispute plac\u00e9 en garde \u00e0 vue dans les Hauts-de-Seine\",\"datePublished\":\"2025-05-07T01:35:00+00:00\",\"mainEntityOfPage\":{\"@id\":\"https:\\\/\\\/jumeaux91.fr\\\/blog\\\/un-adolescent-de-17-ans-soupconne-davoir-egorge-son-jumeau-apres-une-dispute-place-en-garde-a-vue-dans-les-hauts-de-seine\\\/\"},\"wordCount\":326,\"publisher\":{\"@id\":\"https:\\\/\\\/jumeaux91.fr\\\/blog\\\/#organization\"},\"image\":{\"@id\":\"https:\\\/\\\/jumeaux91.fr\\\/blog\\\/un-adolescent-de-17-ans-soupconne-davoir-egorge-son-jumeau-apres-une-dispute-place-en-garde-a-vue-dans-les-hauts-de-seine\\\/#primaryimage\"},\"thumbnailUrl\":\"https:\\\/\\\/jumeaux91.fr\\\/blog\\\/wp-content\\\/uploads\\\/2025\\\/05\\\/un-adolescent-de-17-ans-soupconne-davoir-egorge-son-jumeau-apres-une-dispute-place-en-garde-a-vue-dans-les-hauts-de-seine.jpg\",\"articleSection\":[\"Posts Fr\u00e8res Jumeaux De L'Essonnes:\"],\"inLanguage\":\"fr-FR\"},{\"@type\":\"WebPage\",\"@id\":\"https:\\\/\\\/jumeaux91.fr\\\/blog\\\/un-adolescent-de-17-ans-soupconne-davoir-egorge-son-jumeau-apres-une-dispute-place-en-garde-a-vue-dans-les-hauts-de-seine\\\/\",\"url\":\"https:\\\/\\\/jumeaux91.fr\\\/blog\\\/un-adolescent-de-17-ans-soupconne-davoir-egorge-son-jumeau-apres-une-dispute-place-en-garde-a-vue-dans-les-hauts-de-seine\\\/\",\"name\":\"Un adolescent de 17 ans soup\u00e7onn\u00e9 d\u2019avoir \u00e9gorg\u00e9 son jumeau apr\u00e8s une dispute plac\u00e9 en garde \u00e0 vue dans les Hauts-de-Seine - JUMEAUX91\",\"isPartOf\":{\"@id\":\"https:\\\/\\\/jumeaux91.fr\\\/blog\\\/#website\"},\"primaryImageOfPage\":{\"@id\":\"https:\\\/\\\/jumeaux91.fr\\\/blog\\\/un-adolescent-de-17-ans-soupconne-davoir-egorge-son-jumeau-apres-une-dispute-place-en-garde-a-vue-dans-les-hauts-de-seine\\\/#primaryimage\"},\"image\":{\"@id\":\"https:\\\/\\\/jumeaux91.fr\\\/blog\\\/un-adolescent-de-17-ans-soupconne-davoir-egorge-son-jumeau-apres-une-dispute-place-en-garde-a-vue-dans-les-hauts-de-seine\\\/#primaryimage\"},\"thumbnailUrl\":\"https:\\\/\\\/jumeaux91.fr\\\/blog\\\/wp-content\\\/uploads\\\/2025\\\/05\\\/un-adolescent-de-17-ans-soupconne-davoir-egorge-son-jumeau-apres-une-dispute-place-en-garde-a-vue-dans-les-hauts-de-seine.jpg\",\"datePublished\":\"2025-05-07T01:35:00+00:00\",\"breadcrumb\":{\"@id\":\"https:\\\/\\\/jumeaux91.fr\\\/blog\\\/un-adolescent-de-17-ans-soupconne-davoir-egorge-son-jumeau-apres-une-dispute-place-en-garde-a-vue-dans-les-hauts-de-seine\\\/#breadcrumb\"},\"inLanguage\":\"fr-FR\",\"potentialAction\":[{\"@type\":\"ReadAction\",\"target\":[\"https:\\\/\\\/jumeaux91.fr\\\/blog\\\/un-adolescent-de-17-ans-soupconne-davoir-egorge-son-jumeau-apres-une-dispute-place-en-garde-a-vue-dans-les-hauts-de-seine\\\/\"]}]},{\"@type\":\"ImageObject\",\"inLanguage\":\"fr-FR\",\"@id\":\"https:\\\/\\\/jumeaux91.fr\\\/blog\\\/un-adolescent-de-17-ans-soupconne-davoir-egorge-son-jumeau-apres-une-dispute-place-en-garde-a-vue-dans-les-hauts-de-seine\\\/#primaryimage\",\"url\":\"https:\\\/\\\/jumeaux91.fr\\\/blog\\\/wp-content\\\/uploads\\\/2025\\\/05\\\/un-adolescent-de-17-ans-soupconne-davoir-egorge-son-jumeau-apres-une-dispute-place-en-garde-a-vue-dans-les-hauts-de-seine.jpg\",\"contentUrl\":\"https:\\\/\\\/jumeaux91.fr\\\/blog\\\/wp-content\\\/uploads\\\/2025\\\/05\\\/un-adolescent-de-17-ans-soupconne-davoir-egorge-son-jumeau-apres-une-dispute-place-en-garde-a-vue-dans-les-hauts-de-seine.jpg\",\"width\":1000,\"height\":563,\"caption\":\"Un adolescent de 17 ans soup\u00e7onn\u00e9 d\u2019avoir \u00e9gorg\u00e9 son jumeau apr\u00e8s une dispute plac\u00e9 en garde \u00e0 vue dans les Hauts de Seine\"},{\"@type\":\"BreadcrumbList\",\"@id\":\"https:\\\/\\\/jumeaux91.fr\\\/blog\\\/un-adolescent-de-17-ans-soupconne-davoir-egorge-son-jumeau-apres-une-dispute-place-en-garde-a-vue-dans-les-hauts-de-seine\\\/#breadcrumb\",\"itemListElement\":[{\"@type\":\"ListItem\",\"position\":1,\"name\":\"Accueil\",\"item\":\"https:\\\/\\\/jumeaux91.fr\\\/blog\\\/\"},{\"@type\":\"ListItem\",\"position\":2,\"name\":\"Un adolescent de 17 ans soup\u00e7onn\u00e9 d\u2019avoir \u00e9gorg\u00e9 son jumeau apr\u00e8s une dispute plac\u00e9 en garde \u00e0 vue dans les Hauts-de-Seine\"}]},{\"@type\":\"WebSite\",\"@id\":\"https:\\\/\\\/jumeaux91.fr\\\/blog\\\/#website\",\"url\":\"https:\\\/\\\/jumeaux91.fr\\\/blog\\\/\",\"name\":\"JUMEAUX91\",\"description\":\"Fr\u00e8res jumeaux de l&#039;Essonnes; informations et archives, \u00e0 savoir et retenir.\",\"publisher\":{\"@id\":\"https:\\\/\\\/jumeaux91.fr\\\/blog\\\/#organization\"},\"potentialAction\":[{\"@type\":\"SearchAction\",\"target\":{\"@type\":\"EntryPoint\",\"urlTemplate\":\"https:\\\/\\\/jumeaux91.fr\\\/blog\\\/?s={search_term_string}\"},\"query-input\":{\"@type\":\"PropertyValueSpecification\",\"valueRequired\":true,\"valueName\":\"search_term_string\"}}],\"inLanguage\":\"fr-FR\"},{\"@type\":\"Organization\",\"@id\":\"https:\\\/\\\/jumeaux91.fr\\\/blog\\\/#organization\",\"name\":\"jumeaux91\",\"url\":\"https:\\\/\\\/jumeaux91.fr\\\/blog\\\/\",\"logo\":{\"@type\":\"ImageObject\",\"inLanguage\":\"fr-FR\",\"@id\":\"https:\\\/\\\/jumeaux91.fr\\\/blog\\\/#\\\/schema\\\/logo\\\/image\\\/\",\"url\":\"https:\\\/\\\/jumeaux91.fr\\\/blog\\\/wp-content\\\/uploads\\\/2023\\\/05\\\/cropped-cropped-logoJ_91.png\",\"contentUrl\":\"https:\\\/\\\/jumeaux91.fr\\\/blog\\\/wp-content\\\/uploads\\\/2023\\\/05\\\/cropped-cropped-logoJ_91.png\",\"width\":512,\"height\":512,\"caption\":\"jumeaux91\"},\"image\":{\"@id\":\"https:\\\/\\\/jumeaux91.fr\\\/blog\\\/#\\\/schema\\\/logo\\\/image\\\/\"}},{\"@type\":\"Person\",\"@id\":\"https:\\\/\\\/jumeaux91.fr\\\/blog\\\/#\\\/schema\\\/person\\\/21da06e9f119b9f64e5d45dbbd32d3fb\",\"name\":\"Claude DAYRES\",\"image\":{\"@type\":\"ImageObject\",\"inLanguage\":\"fr-FR\",\"@id\":\"https:\\\/\\\/secure.gravatar.com\\\/avatar\\\/82eb951df6110a2c48d1bfa7a67d1ee6f0cd5df3cbf9c3586dd61e82db7172a5?s=96&d=mm&r=g\",\"url\":\"https:\\\/\\\/secure.gravatar.com\\\/avatar\\\/82eb951df6110a2c48d1bfa7a67d1ee6f0cd5df3cbf9c3586dd61e82db7172a5?s=96&d=mm&r=g\",\"contentUrl\":\"https:\\\/\\\/secure.gravatar.com\\\/avatar\\\/82eb951df6110a2c48d1bfa7a67d1ee6f0cd5df3cbf9c3586dd61e82db7172a5?s=96&d=mm&r=g\",\"caption\":\"Claude DAYRES\"},\"url\":\"https:\\\/\\\/jumeaux91.fr\\\/blog\\\/author\\\/x91claude\\\/\"}]}<\/script>\n<!-- \/ Yoast SEO plugin. -->","yoast_head_json":{"title":"Un adolescent de 17 ans soup\u00e7onn\u00e9 d\u2019avoir \u00e9gorg\u00e9 son jumeau apr\u00e8s une dispute plac\u00e9 en garde \u00e0 vue dans les Hauts-de-Seine - JUMEAUX91","robots":{"index":"index","follow":"follow","max-snippet":"max-snippet:-1","max-image-preview":"max-image-preview:large","max-video-preview":"max-video-preview:-1"},"canonical":"https:\/\/jumeaux91.fr\/blog\/un-adolescent-de-17-ans-soupconne-davoir-egorge-son-jumeau-apres-une-dispute-place-en-garde-a-vue-dans-les-hauts-de-seine\/","og_locale":"fr_FR","og_type":"article","og_title":"Un adolescent de 17 ans soup\u00e7onn\u00e9 d\u2019avoir \u00e9gorg\u00e9 son jumeau apr\u00e8s une dispute plac\u00e9 en garde \u00e0 vue dans les Hauts-de-Seine - JUMEAUX91","og_description":"Selon les premiers \u00e9l\u00e9ments de l\u2019enqu\u00eate, au cours d\u2019une dispute entre deux fr\u00e8res jumeaux mardi midi, l\u2019un d\u2019eux a port\u00e9 un coup de couteau \u00e0 la gorge de l\u2019autre avant de prendre la fuite. Le m\u00e9decin du SAMU a constat\u00e9 vers 13H00 le d\u00e9c\u00e8s de la victime, qui avait \u00e9t\u00e9 retrouv\u00e9e au domicile familial. Le&hellip; Poursuivre la lecture Un adolescent de 17 ans soup\u00e7onn\u00e9 d\u2019avoir \u00e9gorg\u00e9 son jumeau apr\u00e8s une dispute plac\u00e9 en garde \u00e0 vue dans les Hauts-de-Seine","og_url":"https:\/\/jumeaux91.fr\/blog\/un-adolescent-de-17-ans-soupconne-davoir-egorge-son-jumeau-apres-une-dispute-place-en-garde-a-vue-dans-les-hauts-de-seine\/","og_site_name":"JUMEAUX91","article_published_time":"2025-05-07T01:35:00+00:00","og_image":[{"url":"https:\/\/jumeaux91.fr\/blog\/wp-content\/uploads\/2025\/05\/un-adolescent-de-17-ans-soupconne-davoir-egorge-son-jumeau-apres-une-dispute-place-en-garde-a-vue-dans-les-hauts-de-seine.jpg","type":"","width":"","height":""}],"author":"Claude DAYRES","twitter_card":"summary_large_image","twitter_misc":{"\u00c9crit par":"Claude DAYRES","Dur\u00e9e de lecture estim\u00e9e":"1 minute"},"schema":{"@context":"https:\/\/schema.org","@graph":[{"@type":"Article","@id":"https:\/\/jumeaux91.fr\/blog\/un-adolescent-de-17-ans-soupconne-davoir-egorge-son-jumeau-apres-une-dispute-place-en-garde-a-vue-dans-les-hauts-de-seine\/#article","isPartOf":{"@id":"https:\/\/jumeaux91.fr\/blog\/un-adolescent-de-17-ans-soupconne-davoir-egorge-son-jumeau-apres-une-dispute-place-en-garde-a-vue-dans-les-hauts-de-seine\/"},"author":{"name":"Claude DAYRES","@id":"https:\/\/jumeaux91.fr\/blog\/#\/schema\/person\/21da06e9f119b9f64e5d45dbbd32d3fb"},"headline":"Un adolescent de 17 ans soup\u00e7onn\u00e9 d\u2019avoir \u00e9gorg\u00e9 son jumeau apr\u00e8s une dispute plac\u00e9 en garde \u00e0 vue dans les Hauts-de-Seine","datePublished":"2025-05-07T01:35:00+00:00","mainEntityOfPage":{"@id":"https:\/\/jumeaux91.fr\/blog\/un-adolescent-de-17-ans-soupconne-davoir-egorge-son-jumeau-apres-une-dispute-place-en-garde-a-vue-dans-les-hauts-de-seine\/"},"wordCount":326,"publisher":{"@id":"https:\/\/jumeaux91.fr\/blog\/#organization"},"image":{"@id":"https:\/\/jumeaux91.fr\/blog\/un-adolescent-de-17-ans-soupconne-davoir-egorge-son-jumeau-apres-une-dispute-place-en-garde-a-vue-dans-les-hauts-de-seine\/#primaryimage"},"thumbnailUrl":"https:\/\/jumeaux91.fr\/blog\/wp-content\/uploads\/2025\/05\/un-adolescent-de-17-ans-soupconne-davoir-egorge-son-jumeau-apres-une-dispute-place-en-garde-a-vue-dans-les-hauts-de-seine.jpg","articleSection":["Posts Fr\u00e8res Jumeaux De L'Essonnes:"],"inLanguage":"fr-FR"},{"@type":"WebPage","@id":"https:\/\/jumeaux91.fr\/blog\/un-adolescent-de-17-ans-soupconne-davoir-egorge-son-jumeau-apres-une-dispute-place-en-garde-a-vue-dans-les-hauts-de-seine\/","url":"https:\/\/jumeaux91.fr\/blog\/un-adolescent-de-17-ans-soupconne-davoir-egorge-son-jumeau-apres-une-dispute-place-en-garde-a-vue-dans-les-hauts-de-seine\/","name":"Un adolescent de 17 ans soup\u00e7onn\u00e9 d\u2019avoir \u00e9gorg\u00e9 son jumeau apr\u00e8s une dispute plac\u00e9 en garde \u00e0 vue dans les Hauts-de-Seine - JUMEAUX91","isPartOf":{"@id":"https:\/\/jumeaux91.fr\/blog\/#website"},"primaryImageOfPage":{"@id":"https:\/\/jumeaux91.fr\/blog\/un-adolescent-de-17-ans-soupconne-davoir-egorge-son-jumeau-apres-une-dispute-place-en-garde-a-vue-dans-les-hauts-de-seine\/#primaryimage"},"image":{"@id":"https:\/\/jumeaux91.fr\/blog\/un-adolescent-de-17-ans-soupconne-davoir-egorge-son-jumeau-apres-une-dispute-place-en-garde-a-vue-dans-les-hauts-de-seine\/#primaryimage"},"thumbnailUrl":"https:\/\/jumeaux91.fr\/blog\/wp-content\/uploads\/2025\/05\/un-adolescent-de-17-ans-soupconne-davoir-egorge-son-jumeau-apres-une-dispute-place-en-garde-a-vue-dans-les-hauts-de-seine.jpg","datePublished":"2025-05-07T01:35:00+00:00","breadcrumb":{"@id":"https:\/\/jumeaux91.fr\/blog\/un-adolescent-de-17-ans-soupconne-davoir-egorge-son-jumeau-apres-une-dispute-place-en-garde-a-vue-dans-les-hauts-de-seine\/#breadcrumb"},"inLanguage":"fr-FR","potentialAction":[{"@type":"ReadAction","target":["https:\/\/jumeaux91.fr\/blog\/un-adolescent-de-17-ans-soupconne-davoir-egorge-son-jumeau-apres-une-dispute-place-en-garde-a-vue-dans-les-hauts-de-seine\/"]}]},{"@type":"ImageObject","inLanguage":"fr-FR","@id":"https:\/\/jumeaux91.fr\/blog\/un-adolescent-de-17-ans-soupconne-davoir-egorge-son-jumeau-apres-une-dispute-place-en-garde-a-vue-dans-les-hauts-de-seine\/#primaryimage","url":"https:\/\/jumeaux91.fr\/blog\/wp-content\/uploads\/2025\/05\/un-adolescent-de-17-ans-soupconne-davoir-egorge-son-jumeau-apres-une-dispute-place-en-garde-a-vue-dans-les-hauts-de-seine.jpg","contentUrl":"https:\/\/jumeaux91.fr\/blog\/wp-content\/uploads\/2025\/05\/un-adolescent-de-17-ans-soupconne-davoir-egorge-son-jumeau-apres-une-dispute-place-en-garde-a-vue-dans-les-hauts-de-seine.jpg","width":1000,"height":563,"caption":"Un adolescent de 17 ans soup\u00e7onn\u00e9 d\u2019avoir \u00e9gorg\u00e9 son jumeau apr\u00e8s une dispute plac\u00e9 en garde \u00e0 vue dans les Hauts de Seine"},{"@type":"BreadcrumbList","@id":"https:\/\/jumeaux91.fr\/blog\/un-adolescent-de-17-ans-soupconne-davoir-egorge-son-jumeau-apres-une-dispute-place-en-garde-a-vue-dans-les-hauts-de-seine\/#breadcrumb","itemListElement":[{"@type":"ListItem","position":1,"name":"Accueil","item":"https:\/\/jumeaux91.fr\/blog\/"},{"@type":"ListItem","position":2,"name":"Un adolescent de 17 ans soup\u00e7onn\u00e9 d\u2019avoir \u00e9gorg\u00e9 son jumeau apr\u00e8s une dispute plac\u00e9 en garde \u00e0 vue dans les Hauts-de-Seine"}]},{"@type":"WebSite","@id":"https:\/\/jumeaux91.fr\/blog\/#website","url":"https:\/\/jumeaux91.fr\/blog\/","name":"JUMEAUX91","description":"Fr\u00e8res jumeaux de l&#039;Essonnes; informations et archives, \u00e0 savoir et retenir.","publisher":{"@id":"https:\/\/jumeaux91.fr\/blog\/#organization"},"potentialAction":[{"@type":"SearchAction","target":{"@type":"EntryPoint","urlTemplate":"https:\/\/jumeaux91.fr\/blog\/?s={search_term_string}"},"query-input":{"@type":"PropertyValueSpecification","valueRequired":true,"valueName":"search_term_string"}}],"inLanguage":"fr-FR"},{"@type":"Organization","@id":"https:\/\/jumeaux91.fr\/blog\/#organization","name":"jumeaux91","url":"https:\/\/jumeaux91.fr\/blog\/","logo":{"@type":"ImageObject","inLanguage":"fr-FR","@id":"https:\/\/jumeaux91.fr\/blog\/#\/schema\/logo\/image\/","url":"https:\/\/jumeaux91.fr\/blog\/wp-content\/uploads\/2023\/05\/cropped-cropped-logoJ_91.png","contentUrl":"https:\/\/jumeaux91.fr\/blog\/wp-content\/uploads\/2023\/05\/cropped-cropped-logoJ_91.png","width":512,"height":512,"caption":"jumeaux91"},"image":{"@id":"https:\/\/jumeaux91.fr\/blog\/#\/schema\/logo\/image\/"}},{"@type":"Person","@id":"https:\/\/jumeaux91.fr\/blog\/#\/schema\/person\/21da06e9f119b9f64e5d45dbbd32d3fb","name":"Claude DAYRES","image":{"@type":"ImageObject","inLanguage":"fr-FR","@id":"https:\/\/secure.gravatar.com\/avatar\/82eb951df6110a2c48d1bfa7a67d1ee6f0cd5df3cbf9c3586dd61e82db7172a5?s=96&d=mm&r=g","url":"https:\/\/secure.gravatar.com\/avatar\/82eb951df6110a2c48d1bfa7a67d1ee6f0cd5df3cbf9c3586dd61e82db7172a5?s=96&d=mm&r=g","contentUrl":"https:\/\/secure.gravatar.com\/avatar\/82eb951df6110a2c48d1bfa7a67d1ee6f0cd5df3cbf9c3586dd61e82db7172a5?s=96&d=mm&r=g","caption":"Claude DAYRES"},"url":"https:\/\/jumeaux91.fr\/blog\/author\/x91claude\/"}]}},"_links":{"self":[{"href":"https:\/\/jumeaux91.fr\/blog\/wp-json\/wp\/v2\/posts\/1198","targetHints":{"allow":["GET"]}}],"collection":[{"href":"https:\/\/jumeaux91.fr\/blog\/wp-json\/wp\/v2\/posts"}],"about":[{"href":"https:\/\/jumeaux91.fr\/blog\/wp-json\/wp\/v2\/types\/post"}],"author":[{"embeddable":true,"href":"https:\/\/jumeaux91.fr\/blog\/wp-json\/wp\/v2\/users\/2"}],"replies":[{"embeddable":true,"href":"https:\/\/jumeaux91.fr\/blog\/wp-json\/wp\/v2\/comments?post=1198"}],"version-history":[{"count":0,"href":"https:\/\/jumeaux91.fr\/blog\/wp-json\/wp\/v2\/posts\/1198\/revisions"}],"wp:featuredmedia":[{"embeddable":true,"href":"https:\/\/jumeaux91.fr\/blog\/wp-json\/wp\/v2\/media\/1199"}],"wp:attachment":[{"href":"https:\/\/jumeaux91.fr\/blog\/wp-json\/wp\/v2\/media?parent=1198"}],"wp:term":[{"taxonomy":"category","embeddable":true,"href":"https:\/\/jumeaux91.fr\/blog\/wp-json\/wp\/v2\/categories?post=1198"},{"taxonomy":"post_tag","embeddable":true,"href":"https:\/\/jumeaux91.fr\/blog\/wp-json\/wp\/v2\/tags?post=1198"}],"curies":[{"name":"wp","href":"https:\/\/api.w.org\/{rel}","templated":true}]}}