{"id":1200,"date":"2025-05-07T02:37:00","date_gmt":"2025-05-07T00:37:00","guid":{"rendered":"https:\/\/jumeaux91.fr\/blog\/hauts-de-seine-un-adolescent-de-17-ans-soupconne-davoir-egorge-son-jumeau-au-cours-dune-dispute\/"},"modified":"2025-05-07T02:37:00","modified_gmt":"2025-05-07T00:37:00","slug":"hauts-de-seine-un-adolescent-de-17-ans-soupconne-davoir-egorge-son-jumeau-au-cours-dune-dispute","status":"publish","type":"post","link":"https:\/\/jumeaux91.fr\/blog\/hauts-de-seine-un-adolescent-de-17-ans-soupconne-davoir-egorge-son-jumeau-au-cours-dune-dispute\/","title":{"rendered":"Hauts-de-Seine Un adolescent de 17 ans soup\u00e7onn\u00e9 d&rsquo;avoir \u00e9gorg\u00e9 son jumeau au cours d&rsquo;une dispute"},"content":{"rendered":"<div><img decoding=\"async\" src=\"https:\/\/jumeaux91.fr\/blog\/wp-content\/uploads\/2025\/05\/hauts-de-seine-un-adolescent-de-17-ans-soupconne-davoir-egorge-son-jumeau-au-cours-dune-dispute.jpg\" class=\"ff-og-image-inserted\"><\/div>\n<div>\n<p>Un adolescent de 17 ans a \u00e9t\u00e9 plac\u00e9 en garde \u00e0 vue mardi, soup\u00e7onn\u00e9 d&rsquo;avoir \u00e9gorg\u00e9 son jumeau \u00e0 Villeneuve-la-Garenne (Hauts-de-Seine), selon une source polici\u00e8re, le parquet de Nanterre confirmant l&rsquo;ouverture d&rsquo;une enqu\u00eate.<\/p>\n<\/div>\n<div id>\n<div class=\"consentModule_text\">\n<p>Ce contenu est bloqu\u00e9 car vous n&rsquo;avez pas accept\u00e9 les cookies et autres traceurs.<\/p>\n<p>En cliquant sur <span class=\"bold\">\u00ab J\u2019accepte \u00bb<\/span>, les cookies et autres traceurs seront d\u00e9pos\u00e9s et vous pourrez visualiser les contenus <span class=\"consentModule_purpose\"><\/span> (<a href=\"https:\/\/www.ledauphine.com\/faits-divers-justice\/2025\/05\/07\/un-adolescent-de-17-ans-soupconne-d-avoir-egorge-son-jumeau-au-cours-d-une-dispute\" class=\"consentModule_policy\" target=\"_blank\" title=\"Consulter la politique de protection des donn\u00e9es du fournisseur\" rel=\"nofollow\">plus d&rsquo;informations<\/a>).<\/p>\n<p>En cliquant sur <span class=\"bold\">\u00ab J\u2019accepte tous les cookies \u00bb<\/span>, vous autorisez des d\u00e9p\u00f4ts de cookies et autres traceurs pour le stockage de vos donn\u00e9es sur nos sites et applications \u00e0 des fins de personnalisation et de ciblage publicitaire.<\/p>\n<p class=\"consentModule_secondaryText\">Vous gardez la possibilit\u00e9 de retirer votre consentement \u00e0 tout moment en consultant notre <a href=\"https:\/\/www.ledauphine.com\/protection-des-donnees\" target=\"_blank\" title=\"Consulter notre politique de protection des donn\u00e9es\" rel=\"nofollow\">politique de protection des donn\u00e9es<\/a>. <br \/><a href=\"Didomi.notice.show()\" class=\"consentModule_cmp\" target=\"_blank\" rel=\"nofollow\">G\u00e9rer mes choix<\/a> <\/p>\n<p> <button class=\"acceptConsent\" id title=\"J'accepte\">J&rsquo;accepte<\/button> <button class=\"acceptAllConsent\" id title=\"J'accepte tous les cookies\">J&rsquo;accepte tous les cookies<\/button> <\/p>\n<\/p><\/div>\n<\/div>\n<div>\n<p>Selon les premiers \u00e9l\u00e9ments de l&rsquo;enqu\u00eate, au cours d&rsquo;une dispute entre deux fr\u00e8res jumeaux mardi midi, l&rsquo;un d&rsquo;eux a port\u00e9 un coup de couteau \u00e0 la gorge de l&rsquo;autre avant de prendre la fuite. Le m\u00e9decin du SAMU a constat\u00e9 vers 13h00 le d\u00e9c\u00e8s de la victime, qui avait \u00e9t\u00e9 retrouv\u00e9e au domicile familial.<\/p>\n<h2>Couteau ensanglant\u00e9 sur place<\/h2>\n<p>Les policiers ont d\u00e9couvert un couteau ensanglant\u00e9 sur place. Le mis en cause, retrouv\u00e9 par son p\u00e8re, a ensuite \u00e9t\u00e9 interpell\u00e9 sans incident, indique la m\u00eame source polici\u00e8re.<\/p>\n<\/div>\n<div>\n<p>\u00ab Je vous confirme que le parquet de Nanterre, apr\u00e8s s\u2019\u00eatre d\u00e9plac\u00e9 sur les lieux, a ouvert une enqu\u00eate en flagrance pour homicide volontaire, confi\u00e9e au SDPJ 92 (Service d\u00e9partemental de police judiciaire de Nanterre, NDLR) \u00bb, indique pour sa part le minist\u00e8re public qui exclut de communiquer plus amplement \u00ab compte tenu d&rsquo;une mesure de garde \u00e0 vue en cours \u00bb.<\/p>\n<\/div>\n<p>La chronique se veut g\u00e9n\u00e9r\u00e9e de la fa\u00e7on la plus claire que possible. Dans le cas o\u00f9 vous souhaitez pr\u00e9senter des renseignements compl\u00e9mentaires \u00e0 cet article sur le sujet \u00ab\u00a0Fr\u00e8res jumeaux de l&rsquo;Essonnes\u00a0\u00bb il vous est possible d\u2019\u00e9crire aux contacts indiqu\u00e9s sur notre website. La raison d\u2019\u00eatre de jumeaux91.fr \u00e9tant de rassembler sur le web des posts sur le sujet de Fr\u00e8res jumeaux de l&rsquo;Essonnes puis les diffuser en r\u00e9pondant au mieux aux interrogations des gens. Vous pouvez tirer profit de cet article traitant le sujet \u00ab\u00a0Fr\u00e8res jumeaux de l&rsquo;Essonnes\u00a0\u00bb. Il est concoct\u00e9 par l\u2019\u00e9quipe jumeaux91.fr. Prochainement, nous rendrons accessibles au public d&rsquo;autres informations pertinentes sur le sujet \u00ab\u00a0Fr\u00e8res jumeaux de l&rsquo;Essonnes\u00a0\u00bb. Alors, consultez syst\u00e9matiquement notre blog.<\/p>\n","protected":false},"excerpt":{"rendered":"<p>Un adolescent de 17 ans a \u00e9t\u00e9 plac\u00e9 en garde \u00e0 vue mardi, soup\u00e7onn\u00e9 d&rsquo;avoir \u00e9gorg\u00e9 son jumeau \u00e0 Villeneuve-la-Garenne (Hauts-de-Seine), selon une source polici\u00e8re, le parquet de Nanterre confirmant l&rsquo;ouverture d&rsquo;une enqu\u00eate. Ce contenu est bloqu\u00e9 car vous n&rsquo;avez pas accept\u00e9 les cookies et autres traceurs. En cliquant sur \u00ab J\u2019accepte \u00bb, les cookies&hellip; <a class=\"more-link\" href=\"https:\/\/jumeaux91.fr\/blog\/hauts-de-seine-un-adolescent-de-17-ans-soupconne-davoir-egorge-son-jumeau-au-cours-dune-dispute\/\">Poursuivre la lecture <span class=\"screen-reader-text\">Hauts-de-Seine Un adolescent de 17 ans soup\u00e7onn\u00e9 d&rsquo;avoir \u00e9gorg\u00e9 son jumeau au cours d&rsquo;une dispute<\/span><\/a><\/p>\n","protected":false},"author":2,"featured_media":1201,"comment_status":"closed","ping_status":"closed","sticky":false,"template":"","format":"standard","meta":{"footnotes":""},"categories":[4],"tags":[],"class_list":["post-1200","post","type-post","status-publish","format-standard","has-post-thumbnail","hentry","category-posts-freres-jumeaux-de-lessonnes","entry"],"yoast_head":"<!-- This site is optimized with the Yoast SEO plugin v27.5 - https:\/\/yoast.com\/product\/yoast-seo-wordpress\/ -->\n<title>Hauts-de-Seine Un adolescent de 17 ans soup\u00e7onn\u00e9 d&#039;avoir \u00e9gorg\u00e9 son jumeau au cours d&#039;une dispute - JUMEAUX91<\/title>\n<meta name=\"robots\" content=\"index, follow, max-snippet:-1, max-image-preview:large, max-video-preview:-1\" \/>\n<link rel=\"canonical\" href=\"https:\/\/jumeaux91.fr\/blog\/hauts-de-seine-un-adolescent-de-17-ans-soupconne-davoir-egorge-son-jumeau-au-cours-dune-dispute\/\" \/>\n<meta property=\"og:locale\" content=\"fr_FR\" \/>\n<meta property=\"og:type\" content=\"article\" \/>\n<meta property=\"og:title\" content=\"Hauts-de-Seine Un adolescent de 17 ans soup\u00e7onn\u00e9 d&#039;avoir \u00e9gorg\u00e9 son jumeau au cours d&#039;une dispute - JUMEAUX91\" \/>\n<meta property=\"og:description\" content=\"Un adolescent de 17 ans a \u00e9t\u00e9 plac\u00e9 en garde \u00e0 vue mardi, soup\u00e7onn\u00e9 d&rsquo;avoir \u00e9gorg\u00e9 son jumeau \u00e0 Villeneuve-la-Garenne (Hauts-de-Seine), selon une source polici\u00e8re, le parquet de Nanterre confirmant l&rsquo;ouverture d&rsquo;une enqu\u00eate. Ce contenu est bloqu\u00e9 car vous n&rsquo;avez pas accept\u00e9 les cookies et autres traceurs. En cliquant sur \u00ab J\u2019accepte \u00bb, les cookies&hellip; Poursuivre la lecture Hauts-de-Seine Un adolescent de 17 ans soup\u00e7onn\u00e9 d&rsquo;avoir \u00e9gorg\u00e9 son jumeau au cours d&rsquo;une dispute\" \/>\n<meta property=\"og:url\" content=\"https:\/\/jumeaux91.fr\/blog\/hauts-de-seine-un-adolescent-de-17-ans-soupconne-davoir-egorge-son-jumeau-au-cours-dune-dispute\/\" \/>\n<meta property=\"og:site_name\" content=\"JUMEAUX91\" \/>\n<meta property=\"article:published_time\" content=\"2025-05-07T00:37:00+00:00\" \/>\n<meta property=\"og:image\" content=\"https:\/\/jumeaux91.fr\/blog\/wp-content\/uploads\/2025\/05\/hauts-de-seine-un-adolescent-de-17-ans-soupconne-davoir-egorge-son-jumeau-au-cours-dune-dispute.jpg\" \/>\n<meta name=\"author\" content=\"Claude DAYRES\" \/>\n<meta name=\"twitter:card\" content=\"summary_large_image\" \/>\n<meta name=\"twitter:label1\" content=\"\u00c9crit par\" \/>\n\t<meta name=\"twitter:data1\" content=\"Claude DAYRES\" \/>\n\t<meta name=\"twitter:label2\" content=\"Dur\u00e9e de lecture estim\u00e9e\" \/>\n\t<meta name=\"twitter:data2\" content=\"2 minutes\" \/>\n<script type=\"application\/ld+json\" class=\"yoast-schema-graph\">{\"@context\":\"https:\\\/\\\/schema.org\",\"@graph\":[{\"@type\":\"Article\",\"@id\":\"https:\\\/\\\/jumeaux91.fr\\\/blog\\\/hauts-de-seine-un-adolescent-de-17-ans-soupconne-davoir-egorge-son-jumeau-au-cours-dune-dispute\\\/#article\",\"isPartOf\":{\"@id\":\"https:\\\/\\\/jumeaux91.fr\\\/blog\\\/hauts-de-seine-un-adolescent-de-17-ans-soupconne-davoir-egorge-son-jumeau-au-cours-dune-dispute\\\/\"},\"author\":{\"name\":\"Claude DAYRES\",\"@id\":\"https:\\\/\\\/jumeaux91.fr\\\/blog\\\/#\\\/schema\\\/person\\\/21da06e9f119b9f64e5d45dbbd32d3fb\"},\"headline\":\"Hauts-de-Seine Un adolescent de 17 ans soup\u00e7onn\u00e9 d&rsquo;avoir \u00e9gorg\u00e9 son jumeau au cours d&rsquo;une dispute\",\"datePublished\":\"2025-05-07T00:37:00+00:00\",\"mainEntityOfPage\":{\"@id\":\"https:\\\/\\\/jumeaux91.fr\\\/blog\\\/hauts-de-seine-un-adolescent-de-17-ans-soupconne-davoir-egorge-son-jumeau-au-cours-dune-dispute\\\/\"},\"wordCount\":464,\"publisher\":{\"@id\":\"https:\\\/\\\/jumeaux91.fr\\\/blog\\\/#organization\"},\"image\":{\"@id\":\"https:\\\/\\\/jumeaux91.fr\\\/blog\\\/hauts-de-seine-un-adolescent-de-17-ans-soupconne-davoir-egorge-son-jumeau-au-cours-dune-dispute\\\/#primaryimage\"},\"thumbnailUrl\":\"https:\\\/\\\/jumeaux91.fr\\\/blog\\\/wp-content\\\/uploads\\\/2025\\\/05\\\/hauts-de-seine-un-adolescent-de-17-ans-soupconne-davoir-egorge-son-jumeau-au-cours-dune-dispute.jpg\",\"articleSection\":[\"Posts Fr\u00e8res Jumeaux De L'Essonnes:\"],\"inLanguage\":\"fr-FR\"},{\"@type\":\"WebPage\",\"@id\":\"https:\\\/\\\/jumeaux91.fr\\\/blog\\\/hauts-de-seine-un-adolescent-de-17-ans-soupconne-davoir-egorge-son-jumeau-au-cours-dune-dispute\\\/\",\"url\":\"https:\\\/\\\/jumeaux91.fr\\\/blog\\\/hauts-de-seine-un-adolescent-de-17-ans-soupconne-davoir-egorge-son-jumeau-au-cours-dune-dispute\\\/\",\"name\":\"Hauts-de-Seine Un adolescent de 17 ans soup\u00e7onn\u00e9 d'avoir \u00e9gorg\u00e9 son jumeau au cours d'une dispute - JUMEAUX91\",\"isPartOf\":{\"@id\":\"https:\\\/\\\/jumeaux91.fr\\\/blog\\\/#website\"},\"primaryImageOfPage\":{\"@id\":\"https:\\\/\\\/jumeaux91.fr\\\/blog\\\/hauts-de-seine-un-adolescent-de-17-ans-soupconne-davoir-egorge-son-jumeau-au-cours-dune-dispute\\\/#primaryimage\"},\"image\":{\"@id\":\"https:\\\/\\\/jumeaux91.fr\\\/blog\\\/hauts-de-seine-un-adolescent-de-17-ans-soupconne-davoir-egorge-son-jumeau-au-cours-dune-dispute\\\/#primaryimage\"},\"thumbnailUrl\":\"https:\\\/\\\/jumeaux91.fr\\\/blog\\\/wp-content\\\/uploads\\\/2025\\\/05\\\/hauts-de-seine-un-adolescent-de-17-ans-soupconne-davoir-egorge-son-jumeau-au-cours-dune-dispute.jpg\",\"datePublished\":\"2025-05-07T00:37:00+00:00\",\"breadcrumb\":{\"@id\":\"https:\\\/\\\/jumeaux91.fr\\\/blog\\\/hauts-de-seine-un-adolescent-de-17-ans-soupconne-davoir-egorge-son-jumeau-au-cours-dune-dispute\\\/#breadcrumb\"},\"inLanguage\":\"fr-FR\",\"potentialAction\":[{\"@type\":\"ReadAction\",\"target\":[\"https:\\\/\\\/jumeaux91.fr\\\/blog\\\/hauts-de-seine-un-adolescent-de-17-ans-soupconne-davoir-egorge-son-jumeau-au-cours-dune-dispute\\\/\"]}]},{\"@type\":\"ImageObject\",\"inLanguage\":\"fr-FR\",\"@id\":\"https:\\\/\\\/jumeaux91.fr\\\/blog\\\/hauts-de-seine-un-adolescent-de-17-ans-soupconne-davoir-egorge-son-jumeau-au-cours-dune-dispute\\\/#primaryimage\",\"url\":\"https:\\\/\\\/jumeaux91.fr\\\/blog\\\/wp-content\\\/uploads\\\/2025\\\/05\\\/hauts-de-seine-un-adolescent-de-17-ans-soupconne-davoir-egorge-son-jumeau-au-cours-dune-dispute.jpg\",\"contentUrl\":\"https:\\\/\\\/jumeaux91.fr\\\/blog\\\/wp-content\\\/uploads\\\/2025\\\/05\\\/hauts-de-seine-un-adolescent-de-17-ans-soupconne-davoir-egorge-son-jumeau-au-cours-dune-dispute.jpg\",\"width\":1200,\"height\":630,\"caption\":\"Hauts de Seine Un adolescent de 17 ans soup\u00e7onn\u00e9 d'avoir \u00e9gorg\u00e9 son jumeau au cours d'une dispute\"},{\"@type\":\"BreadcrumbList\",\"@id\":\"https:\\\/\\\/jumeaux91.fr\\\/blog\\\/hauts-de-seine-un-adolescent-de-17-ans-soupconne-davoir-egorge-son-jumeau-au-cours-dune-dispute\\\/#breadcrumb\",\"itemListElement\":[{\"@type\":\"ListItem\",\"position\":1,\"name\":\"Accueil\",\"item\":\"https:\\\/\\\/jumeaux91.fr\\\/blog\\\/\"},{\"@type\":\"ListItem\",\"position\":2,\"name\":\"Hauts-de-Seine Un adolescent de 17 ans soup\u00e7onn\u00e9 d&rsquo;avoir \u00e9gorg\u00e9 son jumeau au cours d&rsquo;une dispute\"}]},{\"@type\":\"WebSite\",\"@id\":\"https:\\\/\\\/jumeaux91.fr\\\/blog\\\/#website\",\"url\":\"https:\\\/\\\/jumeaux91.fr\\\/blog\\\/\",\"name\":\"JUMEAUX91\",\"description\":\"Fr\u00e8res jumeaux de l&#039;Essonnes; informations et archives, \u00e0 savoir et retenir.\",\"publisher\":{\"@id\":\"https:\\\/\\\/jumeaux91.fr\\\/blog\\\/#organization\"},\"potentialAction\":[{\"@type\":\"SearchAction\",\"target\":{\"@type\":\"EntryPoint\",\"urlTemplate\":\"https:\\\/\\\/jumeaux91.fr\\\/blog\\\/?s={search_term_string}\"},\"query-input\":{\"@type\":\"PropertyValueSpecification\",\"valueRequired\":true,\"valueName\":\"search_term_string\"}}],\"inLanguage\":\"fr-FR\"},{\"@type\":\"Organization\",\"@id\":\"https:\\\/\\\/jumeaux91.fr\\\/blog\\\/#organization\",\"name\":\"jumeaux91\",\"url\":\"https:\\\/\\\/jumeaux91.fr\\\/blog\\\/\",\"logo\":{\"@type\":\"ImageObject\",\"inLanguage\":\"fr-FR\",\"@id\":\"https:\\\/\\\/jumeaux91.fr\\\/blog\\\/#\\\/schema\\\/logo\\\/image\\\/\",\"url\":\"https:\\\/\\\/jumeaux91.fr\\\/blog\\\/wp-content\\\/uploads\\\/2023\\\/05\\\/cropped-cropped-logoJ_91.png\",\"contentUrl\":\"https:\\\/\\\/jumeaux91.fr\\\/blog\\\/wp-content\\\/uploads\\\/2023\\\/05\\\/cropped-cropped-logoJ_91.png\",\"width\":512,\"height\":512,\"caption\":\"jumeaux91\"},\"image\":{\"@id\":\"https:\\\/\\\/jumeaux91.fr\\\/blog\\\/#\\\/schema\\\/logo\\\/image\\\/\"}},{\"@type\":\"Person\",\"@id\":\"https:\\\/\\\/jumeaux91.fr\\\/blog\\\/#\\\/schema\\\/person\\\/21da06e9f119b9f64e5d45dbbd32d3fb\",\"name\":\"Claude DAYRES\",\"image\":{\"@type\":\"ImageObject\",\"inLanguage\":\"fr-FR\",\"@id\":\"https:\\\/\\\/secure.gravatar.com\\\/avatar\\\/82eb951df6110a2c48d1bfa7a67d1ee6f0cd5df3cbf9c3586dd61e82db7172a5?s=96&d=mm&r=g\",\"url\":\"https:\\\/\\\/secure.gravatar.com\\\/avatar\\\/82eb951df6110a2c48d1bfa7a67d1ee6f0cd5df3cbf9c3586dd61e82db7172a5?s=96&d=mm&r=g\",\"contentUrl\":\"https:\\\/\\\/secure.gravatar.com\\\/avatar\\\/82eb951df6110a2c48d1bfa7a67d1ee6f0cd5df3cbf9c3586dd61e82db7172a5?s=96&d=mm&r=g\",\"caption\":\"Claude DAYRES\"},\"url\":\"https:\\\/\\\/jumeaux91.fr\\\/blog\\\/author\\\/x91claude\\\/\"}]}<\/script>\n<!-- \/ Yoast SEO plugin. -->","yoast_head_json":{"title":"Hauts-de-Seine Un adolescent de 17 ans soup\u00e7onn\u00e9 d'avoir \u00e9gorg\u00e9 son jumeau au cours d'une dispute - JUMEAUX91","robots":{"index":"index","follow":"follow","max-snippet":"max-snippet:-1","max-image-preview":"max-image-preview:large","max-video-preview":"max-video-preview:-1"},"canonical":"https:\/\/jumeaux91.fr\/blog\/hauts-de-seine-un-adolescent-de-17-ans-soupconne-davoir-egorge-son-jumeau-au-cours-dune-dispute\/","og_locale":"fr_FR","og_type":"article","og_title":"Hauts-de-Seine Un adolescent de 17 ans soup\u00e7onn\u00e9 d'avoir \u00e9gorg\u00e9 son jumeau au cours d'une dispute - JUMEAUX91","og_description":"Un adolescent de 17 ans a \u00e9t\u00e9 plac\u00e9 en garde \u00e0 vue mardi, soup\u00e7onn\u00e9 d&rsquo;avoir \u00e9gorg\u00e9 son jumeau \u00e0 Villeneuve-la-Garenne (Hauts-de-Seine), selon une source polici\u00e8re, le parquet de Nanterre confirmant l&rsquo;ouverture d&rsquo;une enqu\u00eate. Ce contenu est bloqu\u00e9 car vous n&rsquo;avez pas accept\u00e9 les cookies et autres traceurs. En cliquant sur \u00ab J\u2019accepte \u00bb, les cookies&hellip; Poursuivre la lecture Hauts-de-Seine Un adolescent de 17 ans soup\u00e7onn\u00e9 d&rsquo;avoir \u00e9gorg\u00e9 son jumeau au cours d&rsquo;une dispute","og_url":"https:\/\/jumeaux91.fr\/blog\/hauts-de-seine-un-adolescent-de-17-ans-soupconne-davoir-egorge-son-jumeau-au-cours-dune-dispute\/","og_site_name":"JUMEAUX91","article_published_time":"2025-05-07T00:37:00+00:00","og_image":[{"url":"https:\/\/jumeaux91.fr\/blog\/wp-content\/uploads\/2025\/05\/hauts-de-seine-un-adolescent-de-17-ans-soupconne-davoir-egorge-son-jumeau-au-cours-dune-dispute.jpg","type":"","width":"","height":""}],"author":"Claude DAYRES","twitter_card":"summary_large_image","twitter_misc":{"\u00c9crit par":"Claude DAYRES","Dur\u00e9e de lecture estim\u00e9e":"2 minutes"},"schema":{"@context":"https:\/\/schema.org","@graph":[{"@type":"Article","@id":"https:\/\/jumeaux91.fr\/blog\/hauts-de-seine-un-adolescent-de-17-ans-soupconne-davoir-egorge-son-jumeau-au-cours-dune-dispute\/#article","isPartOf":{"@id":"https:\/\/jumeaux91.fr\/blog\/hauts-de-seine-un-adolescent-de-17-ans-soupconne-davoir-egorge-son-jumeau-au-cours-dune-dispute\/"},"author":{"name":"Claude DAYRES","@id":"https:\/\/jumeaux91.fr\/blog\/#\/schema\/person\/21da06e9f119b9f64e5d45dbbd32d3fb"},"headline":"Hauts-de-Seine Un adolescent de 17 ans soup\u00e7onn\u00e9 d&rsquo;avoir \u00e9gorg\u00e9 son jumeau au cours d&rsquo;une dispute","datePublished":"2025-05-07T00:37:00+00:00","mainEntityOfPage":{"@id":"https:\/\/jumeaux91.fr\/blog\/hauts-de-seine-un-adolescent-de-17-ans-soupconne-davoir-egorge-son-jumeau-au-cours-dune-dispute\/"},"wordCount":464,"publisher":{"@id":"https:\/\/jumeaux91.fr\/blog\/#organization"},"image":{"@id":"https:\/\/jumeaux91.fr\/blog\/hauts-de-seine-un-adolescent-de-17-ans-soupconne-davoir-egorge-son-jumeau-au-cours-dune-dispute\/#primaryimage"},"thumbnailUrl":"https:\/\/jumeaux91.fr\/blog\/wp-content\/uploads\/2025\/05\/hauts-de-seine-un-adolescent-de-17-ans-soupconne-davoir-egorge-son-jumeau-au-cours-dune-dispute.jpg","articleSection":["Posts Fr\u00e8res Jumeaux De L'Essonnes:"],"inLanguage":"fr-FR"},{"@type":"WebPage","@id":"https:\/\/jumeaux91.fr\/blog\/hauts-de-seine-un-adolescent-de-17-ans-soupconne-davoir-egorge-son-jumeau-au-cours-dune-dispute\/","url":"https:\/\/jumeaux91.fr\/blog\/hauts-de-seine-un-adolescent-de-17-ans-soupconne-davoir-egorge-son-jumeau-au-cours-dune-dispute\/","name":"Hauts-de-Seine Un adolescent de 17 ans soup\u00e7onn\u00e9 d'avoir \u00e9gorg\u00e9 son jumeau au cours d'une dispute - JUMEAUX91","isPartOf":{"@id":"https:\/\/jumeaux91.fr\/blog\/#website"},"primaryImageOfPage":{"@id":"https:\/\/jumeaux91.fr\/blog\/hauts-de-seine-un-adolescent-de-17-ans-soupconne-davoir-egorge-son-jumeau-au-cours-dune-dispute\/#primaryimage"},"image":{"@id":"https:\/\/jumeaux91.fr\/blog\/hauts-de-seine-un-adolescent-de-17-ans-soupconne-davoir-egorge-son-jumeau-au-cours-dune-dispute\/#primaryimage"},"thumbnailUrl":"https:\/\/jumeaux91.fr\/blog\/wp-content\/uploads\/2025\/05\/hauts-de-seine-un-adolescent-de-17-ans-soupconne-davoir-egorge-son-jumeau-au-cours-dune-dispute.jpg","datePublished":"2025-05-07T00:37:00+00:00","breadcrumb":{"@id":"https:\/\/jumeaux91.fr\/blog\/hauts-de-seine-un-adolescent-de-17-ans-soupconne-davoir-egorge-son-jumeau-au-cours-dune-dispute\/#breadcrumb"},"inLanguage":"fr-FR","potentialAction":[{"@type":"ReadAction","target":["https:\/\/jumeaux91.fr\/blog\/hauts-de-seine-un-adolescent-de-17-ans-soupconne-davoir-egorge-son-jumeau-au-cours-dune-dispute\/"]}]},{"@type":"ImageObject","inLanguage":"fr-FR","@id":"https:\/\/jumeaux91.fr\/blog\/hauts-de-seine-un-adolescent-de-17-ans-soupconne-davoir-egorge-son-jumeau-au-cours-dune-dispute\/#primaryimage","url":"https:\/\/jumeaux91.fr\/blog\/wp-content\/uploads\/2025\/05\/hauts-de-seine-un-adolescent-de-17-ans-soupconne-davoir-egorge-son-jumeau-au-cours-dune-dispute.jpg","contentUrl":"https:\/\/jumeaux91.fr\/blog\/wp-content\/uploads\/2025\/05\/hauts-de-seine-un-adolescent-de-17-ans-soupconne-davoir-egorge-son-jumeau-au-cours-dune-dispute.jpg","width":1200,"height":630,"caption":"Hauts de Seine Un adolescent de 17 ans soup\u00e7onn\u00e9 d'avoir \u00e9gorg\u00e9 son jumeau au cours d'une dispute"},{"@type":"BreadcrumbList","@id":"https:\/\/jumeaux91.fr\/blog\/hauts-de-seine-un-adolescent-de-17-ans-soupconne-davoir-egorge-son-jumeau-au-cours-dune-dispute\/#breadcrumb","itemListElement":[{"@type":"ListItem","position":1,"name":"Accueil","item":"https:\/\/jumeaux91.fr\/blog\/"},{"@type":"ListItem","position":2,"name":"Hauts-de-Seine Un adolescent de 17 ans soup\u00e7onn\u00e9 d&rsquo;avoir \u00e9gorg\u00e9 son jumeau au cours d&rsquo;une dispute"}]},{"@type":"WebSite","@id":"https:\/\/jumeaux91.fr\/blog\/#website","url":"https:\/\/jumeaux91.fr\/blog\/","name":"JUMEAUX91","description":"Fr\u00e8res jumeaux de l&#039;Essonnes; informations et archives, \u00e0 savoir et retenir.","publisher":{"@id":"https:\/\/jumeaux91.fr\/blog\/#organization"},"potentialAction":[{"@type":"SearchAction","target":{"@type":"EntryPoint","urlTemplate":"https:\/\/jumeaux91.fr\/blog\/?s={search_term_string}"},"query-input":{"@type":"PropertyValueSpecification","valueRequired":true,"valueName":"search_term_string"}}],"inLanguage":"fr-FR"},{"@type":"Organization","@id":"https:\/\/jumeaux91.fr\/blog\/#organization","name":"jumeaux91","url":"https:\/\/jumeaux91.fr\/blog\/","logo":{"@type":"ImageObject","inLanguage":"fr-FR","@id":"https:\/\/jumeaux91.fr\/blog\/#\/schema\/logo\/image\/","url":"https:\/\/jumeaux91.fr\/blog\/wp-content\/uploads\/2023\/05\/cropped-cropped-logoJ_91.png","contentUrl":"https:\/\/jumeaux91.fr\/blog\/wp-content\/uploads\/2023\/05\/cropped-cropped-logoJ_91.png","width":512,"height":512,"caption":"jumeaux91"},"image":{"@id":"https:\/\/jumeaux91.fr\/blog\/#\/schema\/logo\/image\/"}},{"@type":"Person","@id":"https:\/\/jumeaux91.fr\/blog\/#\/schema\/person\/21da06e9f119b9f64e5d45dbbd32d3fb","name":"Claude DAYRES","image":{"@type":"ImageObject","inLanguage":"fr-FR","@id":"https:\/\/secure.gravatar.com\/avatar\/82eb951df6110a2c48d1bfa7a67d1ee6f0cd5df3cbf9c3586dd61e82db7172a5?s=96&d=mm&r=g","url":"https:\/\/secure.gravatar.com\/avatar\/82eb951df6110a2c48d1bfa7a67d1ee6f0cd5df3cbf9c3586dd61e82db7172a5?s=96&d=mm&r=g","contentUrl":"https:\/\/secure.gravatar.com\/avatar\/82eb951df6110a2c48d1bfa7a67d1ee6f0cd5df3cbf9c3586dd61e82db7172a5?s=96&d=mm&r=g","caption":"Claude DAYRES"},"url":"https:\/\/jumeaux91.fr\/blog\/author\/x91claude\/"}]}},"_links":{"self":[{"href":"https:\/\/jumeaux91.fr\/blog\/wp-json\/wp\/v2\/posts\/1200","targetHints":{"allow":["GET"]}}],"collection":[{"href":"https:\/\/jumeaux91.fr\/blog\/wp-json\/wp\/v2\/posts"}],"about":[{"href":"https:\/\/jumeaux91.fr\/blog\/wp-json\/wp\/v2\/types\/post"}],"author":[{"embeddable":true,"href":"https:\/\/jumeaux91.fr\/blog\/wp-json\/wp\/v2\/users\/2"}],"replies":[{"embeddable":true,"href":"https:\/\/jumeaux91.fr\/blog\/wp-json\/wp\/v2\/comments?post=1200"}],"version-history":[{"count":0,"href":"https:\/\/jumeaux91.fr\/blog\/wp-json\/wp\/v2\/posts\/1200\/revisions"}],"wp:featuredmedia":[{"embeddable":true,"href":"https:\/\/jumeaux91.fr\/blog\/wp-json\/wp\/v2\/media\/1201"}],"wp:attachment":[{"href":"https:\/\/jumeaux91.fr\/blog\/wp-json\/wp\/v2\/media?parent=1200"}],"wp:term":[{"taxonomy":"category","embeddable":true,"href":"https:\/\/jumeaux91.fr\/blog\/wp-json\/wp\/v2\/categories?post=1200"},{"taxonomy":"post_tag","embeddable":true,"href":"https:\/\/jumeaux91.fr\/blog\/wp-json\/wp\/v2\/tags?post=1200"}],"curies":[{"name":"wp","href":"https:\/\/api.w.org\/{rel}","templated":true}]}}