{"id":1202,"date":"2025-05-10T17:05:00","date_gmt":"2025-05-10T15:05:00","guid":{"rendered":"https:\/\/jumeaux91.fr\/blog\/il-y-a-90-ans-naissaient-les-freres-saudek-artistes-tcheques-legendaires\/"},"modified":"2025-05-10T17:05:00","modified_gmt":"2025-05-10T15:05:00","slug":"il-y-a-90-ans-naissaient-les-freres-saudek-artistes-tcheques-legendaires","status":"publish","type":"post","link":"https:\/\/jumeaux91.fr\/blog\/il-y-a-90-ans-naissaient-les-freres-saudek-artistes-tcheques-legendaires\/","title":{"rendered":"Il y a 90 ans naissaient les fr\u00e8res Saudek, artistes tch\u00e8ques l\u00e9gendaires"},"content":{"rendered":"<p><!-- label is hidden --> <!-- Multi-value field --> <!-- Single-value field --> <\/p>\n<h2>K\u00e1ja Saudek, le roi de la BD tch\u00e8que<\/h2>\n<p><!-- wa data-asset-id=\"681b56ed0f7684.66873945\" data-asset-type=\"image\" --><\/p>\n<div class=\"wysiwyg-asset asset-type-image image__small_img_right asset-image-id-5068690\"><a href=\"https:\/\/francais.radio.cz\/sites\/default\/files\/styles\/rcz_lightbox_v2\/public\/images\/saudek_muriel_a_andele.jpg?itok=QKtpGm4Y&amp;timestamp=1746805587\" class=\"photoswipe\" data-size=\"1706x1280\" data-overlay-title=\"Le BD Muriel et les anges | Photo: Barbora N\u011bmcov\u00e1, Radio Prague Int.\" target=\"_blank\" rel=\"nofollow\"><br \/>\n<!--[if IE 9]&gt;<video>&lt;![endif]--><\/p>\n<p><!--[if IE 9]&gt;<\/video>&lt;![endif]--><br \/>\n<!--[if lt IE 9]&gt;--><br \/>\n<img decoding=\"async\" src=\"https:\/\/francais.radio.cz\/sites\/default\/files\/styles\/\/public\/images\/saudek_muriel_a_andele.jpg?itok=2wFA3pCW&amp;timestamp=1746805587\" alt=\"Le BD Muriel et les anges | Photo: Barbora N\u011bmcov\u00e1, Radio Prague Int.\" title=\"Le BD Muriel et les anges | Photo: Barbora N\u011bmcov\u00e1, Radio Prague Int.\" \/><\/p>\n<p><!--[if !lt IE 9]&gt;&gt;--><br \/>\n<img alt=\"Le BD Muriel et les anges | Photo: Barbora N\u011bmcov\u00e1, Radio Prague Int.\" title=\"Le BD Muriel et les anges | Photo: Barbora N\u011bmcov\u00e1, Radio Prague Int.\"><br \/>\n&lt;!&#8211;<br \/>\n<\/a><\/p>\n<p><span class=\"img-metadata__title\">Le BD Muriel et les anges<\/span><span class=\"img-metadata__spacer\">|<\/span><span class=\"img-metadata__authoring-info\">Photo: Barbora N\u011bmcov\u00e1, Radio Prague Int.<\/span><\/p>\n<\/div>\n<p><!-- \/wa --><\/p>\n<p>Pionnier de la bande dessin\u00e9e tch\u00e8que, K\u00e1ja Saudek a un style inimitable. Sa ligne nette et dynamique, ses exag\u00e9rations et son ironie, son sens de l\u2019\u00e9rotique et son humour bien \u00e0 lui forment un langage visuel qui a su toucher plusieurs g\u00e9n\u00e9rations.<\/p>\n<p>En 2009, l\u2019une de ses oeuvres les plus connues, Muriel a and\u011bl\u00e9 (1969), est d\u00e9sign\u00e9e meilleure BD tch\u00e8que de tous les temps. K\u00e1ja Saudek se fait \u00e9galement conna\u00eetre en tant que graphiste et typographe, ses cr\u00e9ations apparaissant dans des magazines et des films ainsi que sur des affiches.<\/p>\n<p>Malheureusement, l\u2019histoire de sa vie n\u2019est pas seulement un triomphe, mais aussi une trag\u00e9die&nbsp;: en&nbsp;2006, il tombe dans le coma et d\u00e9c\u00e8de en&nbsp;2015.<\/p>\n<p><!-- wa data-asset-id=\"681b5701b63d43.80963495\" data-asset-type=\"image\" --><\/p>\n<div class=\"wysiwyg-asset asset-type-image image__big_img asset-image-id-5583303\"><a href=\"https:\/\/francais.radio.cz\/sites\/default\/files\/styles\/rcz_lightbox_v2\/public\/images\/0616cfa7a53fd43cf4c3ab41c016fd82.jpg?itok=QQxXcLHk&amp;timestamp=1746805949\" class=\"photoswipe\" data-size=\"1706x1280\" data-overlay-title=\"Photo: Romana Joudalov\u00e1, \u010cRo\" target=\"_blank\" rel=\"nofollow\"><br \/>\n<!--[if IE 9]&gt;<video>&lt;![endif]--><\/p>\n<p><!--[if IE 9]&gt;<\/video>&lt;![endif]--><br \/>\n<!--[if lt IE 9]&gt;--><br \/>\n<img decoding=\"async\" src=\"https:\/\/francais.radio.cz\/sites\/default\/files\/styles\/\/public\/images\/0616cfa7a53fd43cf4c3ab41c016fd82.jpg?itok=wUci1UyM&amp;timestamp=1746805949\" alt=\"Photo: Romana Joudalov\u00e1, \u010cRo\" title=\"Photo: Romana Joudalov\u00e1, \u010cRo\" \/><\/p>\n<p><!--[if !lt IE 9]&gt;&gt;--><br \/>\n<img alt=\"Photo: Romana Joudalov\u00e1, \u010cRo\" title=\"Photo: Romana Joudalov\u00e1, \u010cRo\"><br \/>\n&lt;!&#8211;<br \/>\n<\/a><\/p>\n<p><span class=\"img-metadata__authoring-info\">Photo: Romana Joudalov\u00e1, \u010cRo<\/span><\/p>\n<\/div>\n<p><!-- \/wa --><\/p>\n<h2>Jan Saudek, le rebelle de la photographie tch\u00e8que<\/h2>\n<p><!-- wa data-asset-id=\"681b571dde24e0.89785914\" data-asset-type=\"image\" --><\/p>\n<div class=\"wysiwyg-asset asset-type-image image__small_img_left asset-image-id-5583313\"><a href=\"https:\/\/francais.radio.cz\/sites\/default\/files\/styles\/rcz_lightbox_v2\/public\/images\/5cb534bf47e8a59cd52fc20335cdb62b.jpg?itok=2_T9N17E&amp;timestamp=1746805643\" class=\"photoswipe\" data-size=\"1890x1280\" data-overlay-title=\"Jan Saudek | Photo: Jana Myslive\u010dkov\u00e1, \u010cRo\" target=\"_blank\" rel=\"nofollow\"><br \/>\n<!--[if IE 9]&gt;<video>&lt;![endif]--><\/p>\n<p><!--[if IE 9]&gt;<\/video>&lt;![endif]--><br \/>\n<!--[if lt IE 9]&gt;--><br \/>\n<img decoding=\"async\" src=\"https:\/\/francais.radio.cz\/sites\/default\/files\/styles\/\/public\/images\/5cb534bf47e8a59cd52fc20335cdb62b.jpg?itok=jAKklhGt&amp;timestamp=1746805643\" alt=\"Jan Saudek | Photo: Jana Myslive\u010dkov\u00e1, \u010cRo\" title=\"Jan Saudek | Photo: Jana Myslive\u010dkov\u00e1, \u010cRo\" \/><\/p>\n<p><!--[if !lt IE 9]&gt;&gt;--><br \/>\n<img alt=\"Jan Saudek | Photo: Jana Myslive\u010dkov\u00e1, \u010cRo\" title=\"Jan Saudek | Photo: Jana Myslive\u010dkov\u00e1, \u010cRo\"><br \/>\n&lt;!&#8211;<br \/>\n<\/a><\/p>\n<p><span class=\"img-metadata__title\">Jan Saudek<\/span><span class=\"img-metadata__spacer\">|<\/span><span class=\"img-metadata__authoring-info\">Photo: Jana Myslive\u010dkov\u00e1, \u010cRo<\/span><\/p>\n<\/div>\n<p><!-- \/wa --><\/p>\n<p>Jan Saudek illustre parfaitement l\u2019exemple de l\u2019artiste qui devient une c\u00e9l\u00e9brit\u00e9 de notori\u00e9t\u00e9 mondiale. Ses photos tr\u00e8s stylis\u00e9es de femmes nues devant un c\u00e9l\u00e8bre mur qui s\u2019\u00e9caille sont devenues l\u00e9gendaires, tout comme sa vision non conventionnelle de la beaut\u00e9 du corps humain.<\/p>\n<p>A partir de 1977, il se met \u00e0 la photo couleur, cr\u00e9ant ainsi son style visuel unique. Son \u0153uvre a connu beaucoup de succ\u00e8s en France et aux Etats-Unis, o\u00f9 il a expos\u00e9 \u00e0 plusieurs reprises et obtenu des r\u00e9compenses prestigieuses, dont l\u2019ordre nationale de la L\u00e9gion d\u2019honneur.<\/p>\n<p>Jan est connu non seulement en tant qu\u2019artiste, mais aussi en tant que provocateur : il a toujours aim\u00e9 les femmes, la vie et la libert\u00e9. Et bien qu\u2019il se consacre aujourd&rsquo;hui davantage \u00e0 la peinture, son nom continue de r\u00e9sonner dans le monde de la culture tch\u00e8que. M\u00eame \u00e0 90&nbsp;ans, il d\u00e9borde d\u2019\u00e9nergie. A l\u2019occasion de son anniversaire, une exposition r\u00e9trospective de ses photographies a \u00e9t\u00e9 ouverte au palais Vald\u0161t\u011bjn \u00e0 Prague.<\/p>\n<p><!-- wa data-asset-id=\"681b572797ae61.22642296\" data-asset-type=\"image\" --><\/p>\n<div class=\"wysiwyg-asset asset-type-image image__big_img asset-image-id-5583312\"><a href=\"https:\/\/francais.radio.cz\/sites\/default\/files\/styles\/rcz_lightbox_v2\/public\/images\/53d52ee9c67b94bc8397051eca84432e.jpg?itok=Dz8OOWDy&amp;timestamp=1746805693\" class=\"photoswipe\" data-size=\"1799x721\" data-overlay-title=\"Photo: Filip Fojt\u00edk, MFDNES + LN \/ Profimedia\" target=\"_blank\" rel=\"nofollow\"><br \/>\n<!--[if IE 9]&gt;<video>&lt;![endif]--><\/p>\n<p><!--[if IE 9]&gt;<\/video>&lt;![endif]--><br \/>\n<!--[if lt IE 9]&gt;--><br \/>\n<img decoding=\"async\" src=\"https:\/\/francais.radio.cz\/sites\/default\/files\/styles\/\/public\/images\/53d52ee9c67b94bc8397051eca84432e.jpg?itok=XtcGbJW8&amp;timestamp=1746805693\" alt=\"Photo: Filip Fojt\u00edk, MFDNES + LN \/ Profimedia\" title=\"Photo: Filip Fojt\u00edk, MFDNES + LN \/ Profimedia\" \/><\/p>\n<p><!--[if !lt IE 9]&gt;&gt;--><br \/>\n<img alt=\"Photo: Filip Fojt\u00edk, MFDNES + LN \/ Profimedia\" title=\"Photo: Filip Fojt\u00edk, MFDNES + LN \/ Profimedia\"><br \/>\n&lt;!&#8211;<br \/>\n<\/a><\/p>\n<p><span class=\"img-metadata__authoring-info\">Photo: Filip Fojt\u00edk, MFDNES + LN \/ Profimedia<\/span><\/p>\n<\/div>\n<p><!-- \/wa --><\/p>\n<h2>L\u2019h\u00e9ritage des fr\u00e8res Saudek<\/h2>\n<p>Les fr\u00e8res Saudek restent un symbole de la libert\u00e9 artistique, d\u2019une \u00e9nergie sans bornes et d\u2019une passion pour la cr\u00e9ation. K\u00e1ja Saudek d\u00e9finissait la bande dessin\u00e9e tch\u00e8que&nbsp;; son fr\u00e8re Jan a incarn\u00e9 la photographie ind\u00e9pendante.<\/p>\n<p>Et m\u00eame si les chemins des deux fr\u00e8res jumeaux se sont s\u00e9par\u00e9s, leur r\u00f4le et leur influence dans le monde de l\u2019art tch\u00e8que est ind\u00e9niable.<\/p>\n<p><!-- wa data-asset-id=\"681b575c81cb46.85206560\" data-asset-type=\"image\" --><\/p>\n<div class=\"wysiwyg-asset asset-type-image image__big_img asset-image-id-5583295\"><a href=\"https:\/\/francais.radio.cz\/sites\/default\/files\/styles\/rcz_lightbox_v2\/public\/images\/eaa87d207e9311f8e29556a68a9c2fd2.jpg?itok=Enbd73ib&amp;timestamp=1746805743\" class=\"photoswipe\" data-size=\"1485x1280\" data-overlay-title=\"Jan et Karel Saudek | Photo: Vladislav Galgonek, \u010cTK\" target=\"_blank\" rel=\"nofollow\"><br \/>\n<!--[if IE 9]&gt;<video>&lt;![endif]--><\/p>\n<p><!--[if IE 9]&gt;<\/video>&lt;![endif]--><br \/>\n<!--[if lt IE 9]&gt;--><br \/>\n<img decoding=\"async\" src=\"https:\/\/francais.radio.cz\/sites\/default\/files\/styles\/\/public\/images\/eaa87d207e9311f8e29556a68a9c2fd2.jpg?itok=wejXV5Cj&amp;timestamp=1746805743\" alt=\"Jan et Karel Saudek | Photo: Vladislav Galgonek, \u010cTK\" title=\"Jan et Karel Saudek | Photo: Vladislav Galgonek, \u010cTK\" \/><\/p>\n<p><!--[if !lt IE 9]&gt;&gt;--><br \/>\n<img alt=\"Jan et Karel Saudek | Photo: Vladislav Galgonek, \u010cTK\" title=\"Jan et Karel Saudek | Photo: Vladislav Galgonek, \u010cTK\"><br \/>\n&lt;!&#8211;<br \/>\n<\/a><\/p>\n<p><span class=\"img-metadata__title\">Jan et Karel Saudek<\/span><span class=\"img-metadata__spacer\">|<\/span><span class=\"img-metadata__authoring-info\">Photo: Vladislav Galgonek, \u010cTK<\/span><\/p>\n<\/div>\n<p><!-- \/wa --> La chronique se veut g\u00e9n\u00e9r\u00e9e de la fa\u00e7on la plus claire que possible. Dans le cas o\u00f9 vous souhaitez pr\u00e9senter des renseignements compl\u00e9mentaires \u00e0 cet article sur le sujet \u00ab\u00a0Fr\u00e8res jumeaux de l&rsquo;Essonnes\u00a0\u00bb il vous est possible d\u2019\u00e9crire aux contacts indiqu\u00e9s sur notre website. La raison d\u2019\u00eatre de jumeaux91.fr \u00e9tant de rassembler sur le web des posts sur le sujet de Fr\u00e8res jumeaux de l&rsquo;Essonnes puis les diffuser en r\u00e9pondant au mieux aux interrogations des gens. Vous pouvez tirer profit de cet article traitant le sujet \u00ab\u00a0Fr\u00e8res jumeaux de l&rsquo;Essonnes\u00a0\u00bb. Il est concoct\u00e9 par l\u2019\u00e9quipe jumeaux91.fr. Prochainement, nous rendrons accessibles au public d&rsquo;autres informations pertinentes sur le sujet \u00ab\u00a0Fr\u00e8res jumeaux de l&rsquo;Essonnes\u00a0\u00bb. Alors, consultez syst\u00e9matiquement notre blog.<\/p>\n","protected":false},"excerpt":{"rendered":"<p>K\u00e1ja Saudek, le roi de la BD tch\u00e8que &lt;!&#8211; Le BD Muriel et les anges|Photo: Barbora N\u011bmcov\u00e1, Radio Prague Int. Pionnier de la bande dessin\u00e9e tch\u00e8que, K\u00e1ja Saudek a un style inimitable. Sa ligne nette et dynamique, ses exag\u00e9rations et son ironie, son sens de l\u2019\u00e9rotique et son humour bien \u00e0 lui forment un langage&hellip; <a class=\"more-link\" href=\"https:\/\/jumeaux91.fr\/blog\/il-y-a-90-ans-naissaient-les-freres-saudek-artistes-tcheques-legendaires\/\">Poursuivre la lecture <span class=\"screen-reader-text\">Il y a 90 ans naissaient les fr\u00e8res Saudek, artistes tch\u00e8ques l\u00e9gendaires<\/span><\/a><\/p>\n","protected":false},"author":2,"featured_media":0,"comment_status":"closed","ping_status":"closed","sticky":false,"template":"","format":"standard","meta":{"footnotes":""},"categories":[4],"tags":[],"class_list":["post-1202","post","type-post","status-publish","format-standard","hentry","category-posts-freres-jumeaux-de-lessonnes","entry"],"yoast_head":"<!-- This site is optimized with the Yoast SEO plugin v27.5 - https:\/\/yoast.com\/product\/yoast-seo-wordpress\/ -->\n<title>Il y a 90 ans naissaient les fr\u00e8res Saudek, artistes tch\u00e8ques l\u00e9gendaires - JUMEAUX91<\/title>\n<meta name=\"robots\" content=\"index, follow, max-snippet:-1, max-image-preview:large, max-video-preview:-1\" \/>\n<link rel=\"canonical\" href=\"https:\/\/jumeaux91.fr\/blog\/il-y-a-90-ans-naissaient-les-freres-saudek-artistes-tcheques-legendaires\/\" \/>\n<meta property=\"og:locale\" content=\"fr_FR\" \/>\n<meta property=\"og:type\" content=\"article\" \/>\n<meta property=\"og:title\" content=\"Il y a 90 ans naissaient les fr\u00e8res Saudek, artistes tch\u00e8ques l\u00e9gendaires - JUMEAUX91\" \/>\n<meta property=\"og:description\" content=\"K\u00e1ja Saudek, le roi de la BD tch\u00e8que &lt;!&#8211; Le BD Muriel et les anges|Photo: Barbora N\u011bmcov\u00e1, Radio Prague Int. Pionnier de la bande dessin\u00e9e tch\u00e8que, K\u00e1ja Saudek a un style inimitable. Sa ligne nette et dynamique, ses exag\u00e9rations et son ironie, son sens de l\u2019\u00e9rotique et son humour bien \u00e0 lui forment un langage&hellip; Poursuivre la lecture Il y a 90 ans naissaient les fr\u00e8res Saudek, artistes tch\u00e8ques l\u00e9gendaires\" \/>\n<meta property=\"og:url\" content=\"https:\/\/jumeaux91.fr\/blog\/il-y-a-90-ans-naissaient-les-freres-saudek-artistes-tcheques-legendaires\/\" \/>\n<meta property=\"og:site_name\" content=\"JUMEAUX91\" \/>\n<meta property=\"article:published_time\" content=\"2025-05-10T15:05:00+00:00\" \/>\n<meta property=\"og:image\" content=\"https:\/\/francais.radio.cz\/sites\/default\/files\/styles\/\/public\/images\/saudek_muriel_a_andele.jpg?itok=2wFA3pCW&amp;timestamp=1746805587\" \/>\n<meta name=\"author\" content=\"Claude DAYRES\" \/>\n<meta name=\"twitter:card\" content=\"summary_large_image\" \/>\n<meta name=\"twitter:label1\" content=\"\u00c9crit par\" \/>\n\t<meta name=\"twitter:data1\" content=\"Claude DAYRES\" \/>\n\t<meta name=\"twitter:label2\" content=\"Dur\u00e9e de lecture estim\u00e9e\" \/>\n\t<meta name=\"twitter:data2\" content=\"3 minutes\" \/>\n<script type=\"application\/ld+json\" class=\"yoast-schema-graph\">{\"@context\":\"https:\\\/\\\/schema.org\",\"@graph\":[{\"@type\":\"Article\",\"@id\":\"https:\\\/\\\/jumeaux91.fr\\\/blog\\\/il-y-a-90-ans-naissaient-les-freres-saudek-artistes-tcheques-legendaires\\\/#article\",\"isPartOf\":{\"@id\":\"https:\\\/\\\/jumeaux91.fr\\\/blog\\\/il-y-a-90-ans-naissaient-les-freres-saudek-artistes-tcheques-legendaires\\\/\"},\"author\":{\"name\":\"Claude DAYRES\",\"@id\":\"https:\\\/\\\/jumeaux91.fr\\\/blog\\\/#\\\/schema\\\/person\\\/21da06e9f119b9f64e5d45dbbd32d3fb\"},\"headline\":\"Il y a 90 ans naissaient les fr\u00e8res Saudek, artistes tch\u00e8ques l\u00e9gendaires\",\"datePublished\":\"2025-05-10T15:05:00+00:00\",\"mainEntityOfPage\":{\"@id\":\"https:\\\/\\\/jumeaux91.fr\\\/blog\\\/il-y-a-90-ans-naissaient-les-freres-saudek-artistes-tcheques-legendaires\\\/\"},\"wordCount\":626,\"publisher\":{\"@id\":\"https:\\\/\\\/jumeaux91.fr\\\/blog\\\/#organization\"},\"image\":{\"@id\":\"https:\\\/\\\/jumeaux91.fr\\\/blog\\\/il-y-a-90-ans-naissaient-les-freres-saudek-artistes-tcheques-legendaires\\\/#primaryimage\"},\"thumbnailUrl\":\"https:\\\/\\\/francais.radio.cz\\\/sites\\\/default\\\/files\\\/styles\\\/\\\/public\\\/images\\\/saudek_muriel_a_andele.jpg?itok=2wFA3pCW&amp;timestamp=1746805587\",\"articleSection\":[\"Posts Fr\u00e8res Jumeaux De L'Essonnes:\"],\"inLanguage\":\"fr-FR\"},{\"@type\":\"WebPage\",\"@id\":\"https:\\\/\\\/jumeaux91.fr\\\/blog\\\/il-y-a-90-ans-naissaient-les-freres-saudek-artistes-tcheques-legendaires\\\/\",\"url\":\"https:\\\/\\\/jumeaux91.fr\\\/blog\\\/il-y-a-90-ans-naissaient-les-freres-saudek-artistes-tcheques-legendaires\\\/\",\"name\":\"Il y a 90 ans naissaient les fr\u00e8res Saudek, artistes tch\u00e8ques l\u00e9gendaires - JUMEAUX91\",\"isPartOf\":{\"@id\":\"https:\\\/\\\/jumeaux91.fr\\\/blog\\\/#website\"},\"primaryImageOfPage\":{\"@id\":\"https:\\\/\\\/jumeaux91.fr\\\/blog\\\/il-y-a-90-ans-naissaient-les-freres-saudek-artistes-tcheques-legendaires\\\/#primaryimage\"},\"image\":{\"@id\":\"https:\\\/\\\/jumeaux91.fr\\\/blog\\\/il-y-a-90-ans-naissaient-les-freres-saudek-artistes-tcheques-legendaires\\\/#primaryimage\"},\"thumbnailUrl\":\"https:\\\/\\\/francais.radio.cz\\\/sites\\\/default\\\/files\\\/styles\\\/\\\/public\\\/images\\\/saudek_muriel_a_andele.jpg?itok=2wFA3pCW&amp;timestamp=1746805587\",\"datePublished\":\"2025-05-10T15:05:00+00:00\",\"breadcrumb\":{\"@id\":\"https:\\\/\\\/jumeaux91.fr\\\/blog\\\/il-y-a-90-ans-naissaient-les-freres-saudek-artistes-tcheques-legendaires\\\/#breadcrumb\"},\"inLanguage\":\"fr-FR\",\"potentialAction\":[{\"@type\":\"ReadAction\",\"target\":[\"https:\\\/\\\/jumeaux91.fr\\\/blog\\\/il-y-a-90-ans-naissaient-les-freres-saudek-artistes-tcheques-legendaires\\\/\"]}]},{\"@type\":\"ImageObject\",\"inLanguage\":\"fr-FR\",\"@id\":\"https:\\\/\\\/jumeaux91.fr\\\/blog\\\/il-y-a-90-ans-naissaient-les-freres-saudek-artistes-tcheques-legendaires\\\/#primaryimage\",\"url\":\"https:\\\/\\\/francais.radio.cz\\\/sites\\\/default\\\/files\\\/styles\\\/\\\/public\\\/images\\\/saudek_muriel_a_andele.jpg?itok=2wFA3pCW&amp;timestamp=1746805587\",\"contentUrl\":\"https:\\\/\\\/francais.radio.cz\\\/sites\\\/default\\\/files\\\/styles\\\/\\\/public\\\/images\\\/saudek_muriel_a_andele.jpg?itok=2wFA3pCW&amp;timestamp=1746805587\"},{\"@type\":\"BreadcrumbList\",\"@id\":\"https:\\\/\\\/jumeaux91.fr\\\/blog\\\/il-y-a-90-ans-naissaient-les-freres-saudek-artistes-tcheques-legendaires\\\/#breadcrumb\",\"itemListElement\":[{\"@type\":\"ListItem\",\"position\":1,\"name\":\"Accueil\",\"item\":\"https:\\\/\\\/jumeaux91.fr\\\/blog\\\/\"},{\"@type\":\"ListItem\",\"position\":2,\"name\":\"Il y a 90 ans naissaient les fr\u00e8res Saudek, artistes tch\u00e8ques l\u00e9gendaires\"}]},{\"@type\":\"WebSite\",\"@id\":\"https:\\\/\\\/jumeaux91.fr\\\/blog\\\/#website\",\"url\":\"https:\\\/\\\/jumeaux91.fr\\\/blog\\\/\",\"name\":\"JUMEAUX91\",\"description\":\"Fr\u00e8res jumeaux de l&#039;Essonnes; informations et archives, \u00e0 savoir et retenir.\",\"publisher\":{\"@id\":\"https:\\\/\\\/jumeaux91.fr\\\/blog\\\/#organization\"},\"potentialAction\":[{\"@type\":\"SearchAction\",\"target\":{\"@type\":\"EntryPoint\",\"urlTemplate\":\"https:\\\/\\\/jumeaux91.fr\\\/blog\\\/?s={search_term_string}\"},\"query-input\":{\"@type\":\"PropertyValueSpecification\",\"valueRequired\":true,\"valueName\":\"search_term_string\"}}],\"inLanguage\":\"fr-FR\"},{\"@type\":\"Organization\",\"@id\":\"https:\\\/\\\/jumeaux91.fr\\\/blog\\\/#organization\",\"name\":\"jumeaux91\",\"url\":\"https:\\\/\\\/jumeaux91.fr\\\/blog\\\/\",\"logo\":{\"@type\":\"ImageObject\",\"inLanguage\":\"fr-FR\",\"@id\":\"https:\\\/\\\/jumeaux91.fr\\\/blog\\\/#\\\/schema\\\/logo\\\/image\\\/\",\"url\":\"https:\\\/\\\/jumeaux91.fr\\\/blog\\\/wp-content\\\/uploads\\\/2023\\\/05\\\/cropped-cropped-logoJ_91.png\",\"contentUrl\":\"https:\\\/\\\/jumeaux91.fr\\\/blog\\\/wp-content\\\/uploads\\\/2023\\\/05\\\/cropped-cropped-logoJ_91.png\",\"width\":512,\"height\":512,\"caption\":\"jumeaux91\"},\"image\":{\"@id\":\"https:\\\/\\\/jumeaux91.fr\\\/blog\\\/#\\\/schema\\\/logo\\\/image\\\/\"}},{\"@type\":\"Person\",\"@id\":\"https:\\\/\\\/jumeaux91.fr\\\/blog\\\/#\\\/schema\\\/person\\\/21da06e9f119b9f64e5d45dbbd32d3fb\",\"name\":\"Claude DAYRES\",\"image\":{\"@type\":\"ImageObject\",\"inLanguage\":\"fr-FR\",\"@id\":\"https:\\\/\\\/secure.gravatar.com\\\/avatar\\\/82eb951df6110a2c48d1bfa7a67d1ee6f0cd5df3cbf9c3586dd61e82db7172a5?s=96&d=mm&r=g\",\"url\":\"https:\\\/\\\/secure.gravatar.com\\\/avatar\\\/82eb951df6110a2c48d1bfa7a67d1ee6f0cd5df3cbf9c3586dd61e82db7172a5?s=96&d=mm&r=g\",\"contentUrl\":\"https:\\\/\\\/secure.gravatar.com\\\/avatar\\\/82eb951df6110a2c48d1bfa7a67d1ee6f0cd5df3cbf9c3586dd61e82db7172a5?s=96&d=mm&r=g\",\"caption\":\"Claude DAYRES\"},\"url\":\"https:\\\/\\\/jumeaux91.fr\\\/blog\\\/author\\\/x91claude\\\/\"}]}<\/script>\n<!-- \/ Yoast SEO plugin. -->","yoast_head_json":{"title":"Il y a 90 ans naissaient les fr\u00e8res Saudek, artistes tch\u00e8ques l\u00e9gendaires - JUMEAUX91","robots":{"index":"index","follow":"follow","max-snippet":"max-snippet:-1","max-image-preview":"max-image-preview:large","max-video-preview":"max-video-preview:-1"},"canonical":"https:\/\/jumeaux91.fr\/blog\/il-y-a-90-ans-naissaient-les-freres-saudek-artistes-tcheques-legendaires\/","og_locale":"fr_FR","og_type":"article","og_title":"Il y a 90 ans naissaient les fr\u00e8res Saudek, artistes tch\u00e8ques l\u00e9gendaires - JUMEAUX91","og_description":"K\u00e1ja Saudek, le roi de la BD tch\u00e8que &lt;!&#8211; Le BD Muriel et les anges|Photo: Barbora N\u011bmcov\u00e1, Radio Prague Int. Pionnier de la bande dessin\u00e9e tch\u00e8que, K\u00e1ja Saudek a un style inimitable. Sa ligne nette et dynamique, ses exag\u00e9rations et son ironie, son sens de l\u2019\u00e9rotique et son humour bien \u00e0 lui forment un langage&hellip; Poursuivre la lecture Il y a 90 ans naissaient les fr\u00e8res Saudek, artistes tch\u00e8ques l\u00e9gendaires","og_url":"https:\/\/jumeaux91.fr\/blog\/il-y-a-90-ans-naissaient-les-freres-saudek-artistes-tcheques-legendaires\/","og_site_name":"JUMEAUX91","article_published_time":"2025-05-10T15:05:00+00:00","og_image":[{"url":"https:\/\/francais.radio.cz\/sites\/default\/files\/styles\/\/public\/images\/saudek_muriel_a_andele.jpg?itok=2wFA3pCW&amp;timestamp=1746805587","type":"","width":"","height":""}],"author":"Claude DAYRES","twitter_card":"summary_large_image","twitter_misc":{"\u00c9crit par":"Claude DAYRES","Dur\u00e9e de lecture estim\u00e9e":"3 minutes"},"schema":{"@context":"https:\/\/schema.org","@graph":[{"@type":"Article","@id":"https:\/\/jumeaux91.fr\/blog\/il-y-a-90-ans-naissaient-les-freres-saudek-artistes-tcheques-legendaires\/#article","isPartOf":{"@id":"https:\/\/jumeaux91.fr\/blog\/il-y-a-90-ans-naissaient-les-freres-saudek-artistes-tcheques-legendaires\/"},"author":{"name":"Claude DAYRES","@id":"https:\/\/jumeaux91.fr\/blog\/#\/schema\/person\/21da06e9f119b9f64e5d45dbbd32d3fb"},"headline":"Il y a 90 ans naissaient les fr\u00e8res Saudek, artistes tch\u00e8ques l\u00e9gendaires","datePublished":"2025-05-10T15:05:00+00:00","mainEntityOfPage":{"@id":"https:\/\/jumeaux91.fr\/blog\/il-y-a-90-ans-naissaient-les-freres-saudek-artistes-tcheques-legendaires\/"},"wordCount":626,"publisher":{"@id":"https:\/\/jumeaux91.fr\/blog\/#organization"},"image":{"@id":"https:\/\/jumeaux91.fr\/blog\/il-y-a-90-ans-naissaient-les-freres-saudek-artistes-tcheques-legendaires\/#primaryimage"},"thumbnailUrl":"https:\/\/francais.radio.cz\/sites\/default\/files\/styles\/\/public\/images\/saudek_muriel_a_andele.jpg?itok=2wFA3pCW&amp;timestamp=1746805587","articleSection":["Posts Fr\u00e8res Jumeaux De L'Essonnes:"],"inLanguage":"fr-FR"},{"@type":"WebPage","@id":"https:\/\/jumeaux91.fr\/blog\/il-y-a-90-ans-naissaient-les-freres-saudek-artistes-tcheques-legendaires\/","url":"https:\/\/jumeaux91.fr\/blog\/il-y-a-90-ans-naissaient-les-freres-saudek-artistes-tcheques-legendaires\/","name":"Il y a 90 ans naissaient les fr\u00e8res Saudek, artistes tch\u00e8ques l\u00e9gendaires - JUMEAUX91","isPartOf":{"@id":"https:\/\/jumeaux91.fr\/blog\/#website"},"primaryImageOfPage":{"@id":"https:\/\/jumeaux91.fr\/blog\/il-y-a-90-ans-naissaient-les-freres-saudek-artistes-tcheques-legendaires\/#primaryimage"},"image":{"@id":"https:\/\/jumeaux91.fr\/blog\/il-y-a-90-ans-naissaient-les-freres-saudek-artistes-tcheques-legendaires\/#primaryimage"},"thumbnailUrl":"https:\/\/francais.radio.cz\/sites\/default\/files\/styles\/\/public\/images\/saudek_muriel_a_andele.jpg?itok=2wFA3pCW&amp;timestamp=1746805587","datePublished":"2025-05-10T15:05:00+00:00","breadcrumb":{"@id":"https:\/\/jumeaux91.fr\/blog\/il-y-a-90-ans-naissaient-les-freres-saudek-artistes-tcheques-legendaires\/#breadcrumb"},"inLanguage":"fr-FR","potentialAction":[{"@type":"ReadAction","target":["https:\/\/jumeaux91.fr\/blog\/il-y-a-90-ans-naissaient-les-freres-saudek-artistes-tcheques-legendaires\/"]}]},{"@type":"ImageObject","inLanguage":"fr-FR","@id":"https:\/\/jumeaux91.fr\/blog\/il-y-a-90-ans-naissaient-les-freres-saudek-artistes-tcheques-legendaires\/#primaryimage","url":"https:\/\/francais.radio.cz\/sites\/default\/files\/styles\/\/public\/images\/saudek_muriel_a_andele.jpg?itok=2wFA3pCW&amp;timestamp=1746805587","contentUrl":"https:\/\/francais.radio.cz\/sites\/default\/files\/styles\/\/public\/images\/saudek_muriel_a_andele.jpg?itok=2wFA3pCW&amp;timestamp=1746805587"},{"@type":"BreadcrumbList","@id":"https:\/\/jumeaux91.fr\/blog\/il-y-a-90-ans-naissaient-les-freres-saudek-artistes-tcheques-legendaires\/#breadcrumb","itemListElement":[{"@type":"ListItem","position":1,"name":"Accueil","item":"https:\/\/jumeaux91.fr\/blog\/"},{"@type":"ListItem","position":2,"name":"Il y a 90 ans naissaient les fr\u00e8res Saudek, artistes tch\u00e8ques l\u00e9gendaires"}]},{"@type":"WebSite","@id":"https:\/\/jumeaux91.fr\/blog\/#website","url":"https:\/\/jumeaux91.fr\/blog\/","name":"JUMEAUX91","description":"Fr\u00e8res jumeaux de l&#039;Essonnes; informations et archives, \u00e0 savoir et retenir.","publisher":{"@id":"https:\/\/jumeaux91.fr\/blog\/#organization"},"potentialAction":[{"@type":"SearchAction","target":{"@type":"EntryPoint","urlTemplate":"https:\/\/jumeaux91.fr\/blog\/?s={search_term_string}"},"query-input":{"@type":"PropertyValueSpecification","valueRequired":true,"valueName":"search_term_string"}}],"inLanguage":"fr-FR"},{"@type":"Organization","@id":"https:\/\/jumeaux91.fr\/blog\/#organization","name":"jumeaux91","url":"https:\/\/jumeaux91.fr\/blog\/","logo":{"@type":"ImageObject","inLanguage":"fr-FR","@id":"https:\/\/jumeaux91.fr\/blog\/#\/schema\/logo\/image\/","url":"https:\/\/jumeaux91.fr\/blog\/wp-content\/uploads\/2023\/05\/cropped-cropped-logoJ_91.png","contentUrl":"https:\/\/jumeaux91.fr\/blog\/wp-content\/uploads\/2023\/05\/cropped-cropped-logoJ_91.png","width":512,"height":512,"caption":"jumeaux91"},"image":{"@id":"https:\/\/jumeaux91.fr\/blog\/#\/schema\/logo\/image\/"}},{"@type":"Person","@id":"https:\/\/jumeaux91.fr\/blog\/#\/schema\/person\/21da06e9f119b9f64e5d45dbbd32d3fb","name":"Claude DAYRES","image":{"@type":"ImageObject","inLanguage":"fr-FR","@id":"https:\/\/secure.gravatar.com\/avatar\/82eb951df6110a2c48d1bfa7a67d1ee6f0cd5df3cbf9c3586dd61e82db7172a5?s=96&d=mm&r=g","url":"https:\/\/secure.gravatar.com\/avatar\/82eb951df6110a2c48d1bfa7a67d1ee6f0cd5df3cbf9c3586dd61e82db7172a5?s=96&d=mm&r=g","contentUrl":"https:\/\/secure.gravatar.com\/avatar\/82eb951df6110a2c48d1bfa7a67d1ee6f0cd5df3cbf9c3586dd61e82db7172a5?s=96&d=mm&r=g","caption":"Claude DAYRES"},"url":"https:\/\/jumeaux91.fr\/blog\/author\/x91claude\/"}]}},"_links":{"self":[{"href":"https:\/\/jumeaux91.fr\/blog\/wp-json\/wp\/v2\/posts\/1202","targetHints":{"allow":["GET"]}}],"collection":[{"href":"https:\/\/jumeaux91.fr\/blog\/wp-json\/wp\/v2\/posts"}],"about":[{"href":"https:\/\/jumeaux91.fr\/blog\/wp-json\/wp\/v2\/types\/post"}],"author":[{"embeddable":true,"href":"https:\/\/jumeaux91.fr\/blog\/wp-json\/wp\/v2\/users\/2"}],"replies":[{"embeddable":true,"href":"https:\/\/jumeaux91.fr\/blog\/wp-json\/wp\/v2\/comments?post=1202"}],"version-history":[{"count":0,"href":"https:\/\/jumeaux91.fr\/blog\/wp-json\/wp\/v2\/posts\/1202\/revisions"}],"wp:attachment":[{"href":"https:\/\/jumeaux91.fr\/blog\/wp-json\/wp\/v2\/media?parent=1202"}],"wp:term":[{"taxonomy":"category","embeddable":true,"href":"https:\/\/jumeaux91.fr\/blog\/wp-json\/wp\/v2\/categories?post=1202"},{"taxonomy":"post_tag","embeddable":true,"href":"https:\/\/jumeaux91.fr\/blog\/wp-json\/wp\/v2\/tags?post=1202"}],"curies":[{"name":"wp","href":"https:\/\/api.w.org\/{rel}","templated":true}]}}