{"id":1203,"date":"2025-05-07T03:02:00","date_gmt":"2025-05-07T01:02:00","guid":{"rendered":"https:\/\/jumeaux91.fr\/blog\/dans-les-hauts-de-seine-un-adolescent-de-17-ans-egorge-son-frere-jumeau-en-pleine-rue\/"},"modified":"2025-05-07T03:02:00","modified_gmt":"2025-05-07T01:02:00","slug":"dans-les-hauts-de-seine-un-adolescent-de-17-ans-egorge-son-frere-jumeau-en-pleine-rue","status":"publish","type":"post","link":"https:\/\/jumeaux91.fr\/blog\/dans-les-hauts-de-seine-un-adolescent-de-17-ans-egorge-son-frere-jumeau-en-pleine-rue\/","title":{"rendered":"Dans les Hauts-de-Seine, un adolescent de 17 ans \u00e9gorge son fr\u00e8re jumeau en pleine rue"},"content":{"rendered":"<div><img decoding=\"async\" src=\"https:\/\/jumeaux91.fr\/blog\/wp-content\/uploads\/2025\/05\/dans-les-hauts-de-seine-un-adolescent-de-17-ans-egorge-son-frere-jumeau-en-pleine-rue.jpg\" class=\"ff-og-image-inserted\"><\/div>\n<p>Selon les premiers \u00e9l\u00e9ments de l\u2019enqu\u00eate, l\u2019un d\u2019eux a port\u00e9 un coup de couteau \u00e0 la gorge de l\u2019autre avant de prendre la fuite.<\/p>\n<div data-agora-connect-urls=\"{&quot;baseUrl&quot;:&quot;https:\\\/\\\/connect.lefigaro.fr&quot;}\" data-component=\"fig-content-body\" data-context=\"was @visible\" data-id=\"bGVmaWdhcm8uZnJfXzFmMDJhYTkyLWI5YzEtNjhiNC05Zjk3LTFmZGRlOTQwYjFiOV9fTmV3c0ZsYXNo\" data-module=\"fig-body\" data-premium=\"false\">\n<p class=\"fig-paragraph\">Un adolescent de 17 ans a \u00e9t\u00e9 plac\u00e9 en garde \u00e0 vue mardi, soup\u00e7onn\u00e9 d\u2019avoir \u00e9gorg\u00e9 son jumeau \u00e0 Villeneuve-la-Garenne (<a href=\"http:\/\/www.lefigaro.fr\/nice\/l-ex-prefet-des-hauts-de-seine-nomme-dans-les-alpes-maritimes-pour-remplacer-hugues-moutouh-20250429\" target=\"_blank\" data-fig-type=\"NewsFlash\" rel=\"noopener nofollow\" data-gtm-custom-categorie=\"navigation\" data-gtm-custom-action=\"crossclick\" data-gtm-custom-label=\"Contextuel\" data-gtm-event=\"customEventSPE\" data-fig-domain=\"LEFIGARO\">Hauts-de-Seine<\/a>), a appris l\u2019AFP de source polici\u00e8re, le parquet de Nanterre confirmant l\u2019ouverture d\u2019une enqu\u00eate.<\/p>\n<p class=\"fig-paragraph\">Selon les premiers \u00e9l\u00e9ments de l\u2019enqu\u00eate, au cours d\u2019une dispute entre deux&nbsp;<a href=\"http:\/\/www.lefigaro.fr\/faits-divers\/laval-un-homme-de-30-ans-mortellement-poignarde-son-frere-jumeau-blesse-20241125\" target=\"_blank\" data-fig-type=\"NewsFlash\" rel=\"noopener nofollow\" data-gtm-custom-categorie=\"navigation\" data-gtm-custom-action=\"crossclick\" data-gtm-custom-label=\"Contextuel\" data-gtm-event=\"customEventSPE\" data-fig-domain=\"LEFIGARO\">fr\u00e8res jumeaux<\/a>&nbsp;mardi midi, l\u2019un d\u2019eux a port\u00e9 un coup de couteau \u00e0 la gorge de l\u2019autre avant de prendre la fuite. Le m\u00e9decin du SAMU a constat\u00e9 vers 13h le d\u00e9c\u00e8s de la victime, qui avait \u00e9t\u00e9 retrouv\u00e9e au domicile familial. Les policiers ont d\u00e9couvert un couteau ensanglant\u00e9 sur place.<\/p>\n<h2 class=\"fig-body-heading\" id=\"subhead-9f81ca77-c798-4a65-949b-feda9397afa5\">\u00abLe parquet de Nanterre a ouvert une enqu\u00eate en flagrance pour homicide volontaire\u00bb<\/h2>\n<p class=\"fig-paragraph\">Le mis en cause, retrouv\u00e9 par son p\u00e8re, a ensuite \u00e9t\u00e9 interpell\u00e9 sans incident, indique la m\u00eame source polici\u00e8re. <em>\u00abJe vous confirme que le parquet de Nanterre, apr\u00e8s s\u2019\u00eatre d\u00e9plac\u00e9 sur les lieux, a ouvert une enqu\u00eate en flagrance pour&nbsp;<\/em><a href=\"http:\/\/www.lefigaro.fr\/flash-actu\/un-homme-de-20-ans-mis-en-examen-pour-homicide-volontaire-en-etat-d-ivresse-a-la-sortie-d-une-boite-de-nuit-20240924\" target=\"_blank\" data-fig-type=\"NewsFlash\" rel=\"noopener nofollow\" data-gtm-custom-categorie=\"navigation\" data-gtm-custom-action=\"crossclick\" data-gtm-custom-label=\"Contextuel\" data-gtm-event=\"customEventSPE\" data-fig-domain=\"LEFIGARO\"><em>homicide volontaire<\/em><\/a> <em>, confi\u00e9e au SDPJ 92 (Service d\u00e9partemental de police judiciaire de Nanterre, NDLR)\u00bb<\/em>, indique pour sa part le minist\u00e8re public qui exclut de communiquer plus amplement <em>\u00abcompte tenu d\u2019une mesure de garde \u00e0 vue en cours\u00bb<\/em>.<\/p>\n<p class=\"fig-paragraph\">N\u00e9s tous les deux le 5 juillet 2007, les deux fr\u00e8res ont commenc\u00e9 \u00e0 se disputer dans l\u2019appartement de leurs parents ce mardi en fin de matin\u00e9e, avant de descendre dans la rue, aux alentours de 12h30. Les motifs de l\u2019altercation ne sont pas encore connus, mais la victime a \u00e9t\u00e9 retrouv\u00e9e quelques minutes plus tard au sol, une plaie b\u00e9ante \u00e0 la gorge. Il n\u2019a pas surv\u00e9cu \u00e0 ses blessures.<\/p>\n<\/p><\/div>\n<p>La chronique se veut g\u00e9n\u00e9r\u00e9e de la fa\u00e7on la plus claire que possible. Dans le cas o\u00f9 vous souhaitez pr\u00e9senter des renseignements compl\u00e9mentaires \u00e0 cet article sur le sujet \u00ab\u00a0Fr\u00e8res jumeaux de l&rsquo;Essonnes\u00a0\u00bb il vous est possible d\u2019\u00e9crire aux contacts indiqu\u00e9s sur notre website. La raison d\u2019\u00eatre de jumeaux91.fr \u00e9tant de rassembler sur le web des posts sur le sujet de Fr\u00e8res jumeaux de l&rsquo;Essonnes puis les diffuser en r\u00e9pondant au mieux aux interrogations des gens. Vous pouvez tirer profit de cet article traitant le sujet \u00ab\u00a0Fr\u00e8res jumeaux de l&rsquo;Essonnes\u00a0\u00bb. Il est concoct\u00e9 par l\u2019\u00e9quipe jumeaux91.fr. Prochainement, nous rendrons accessibles au public d&rsquo;autres informations pertinentes sur le sujet \u00ab\u00a0Fr\u00e8res jumeaux de l&rsquo;Essonnes\u00a0\u00bb. Alors, consultez syst\u00e9matiquement notre blog.<\/p>\n","protected":false},"excerpt":{"rendered":"<p>Selon les premiers \u00e9l\u00e9ments de l\u2019enqu\u00eate, l\u2019un d\u2019eux a port\u00e9 un coup de couteau \u00e0 la gorge de l\u2019autre avant de prendre la fuite. Un adolescent de 17 ans a \u00e9t\u00e9 plac\u00e9 en garde \u00e0 vue mardi, soup\u00e7onn\u00e9 d\u2019avoir \u00e9gorg\u00e9 son jumeau \u00e0 Villeneuve-la-Garenne (Hauts-de-Seine), a appris l\u2019AFP de source polici\u00e8re, le parquet de Nanterre&hellip; <a class=\"more-link\" href=\"https:\/\/jumeaux91.fr\/blog\/dans-les-hauts-de-seine-un-adolescent-de-17-ans-egorge-son-frere-jumeau-en-pleine-rue\/\">Poursuivre la lecture <span class=\"screen-reader-text\">Dans les Hauts-de-Seine, un adolescent de 17 ans \u00e9gorge son fr\u00e8re jumeau en pleine rue<\/span><\/a><\/p>\n","protected":false},"author":2,"featured_media":1204,"comment_status":"closed","ping_status":"closed","sticky":false,"template":"","format":"standard","meta":{"footnotes":""},"categories":[4],"tags":[],"class_list":["post-1203","post","type-post","status-publish","format-standard","has-post-thumbnail","hentry","category-posts-freres-jumeaux-de-lessonnes","entry"],"yoast_head":"<!-- This site is optimized with the Yoast SEO plugin v27.5 - https:\/\/yoast.com\/product\/yoast-seo-wordpress\/ -->\n<title>Dans les Hauts-de-Seine, un adolescent de 17 ans \u00e9gorge son fr\u00e8re jumeau en pleine rue - JUMEAUX91<\/title>\n<meta name=\"robots\" content=\"index, follow, max-snippet:-1, max-image-preview:large, max-video-preview:-1\" \/>\n<link rel=\"canonical\" href=\"https:\/\/jumeaux91.fr\/blog\/dans-les-hauts-de-seine-un-adolescent-de-17-ans-egorge-son-frere-jumeau-en-pleine-rue\/\" \/>\n<meta property=\"og:locale\" content=\"fr_FR\" \/>\n<meta property=\"og:type\" content=\"article\" \/>\n<meta property=\"og:title\" content=\"Dans les Hauts-de-Seine, un adolescent de 17 ans \u00e9gorge son fr\u00e8re jumeau en pleine rue - JUMEAUX91\" \/>\n<meta property=\"og:description\" content=\"Selon les premiers \u00e9l\u00e9ments de l\u2019enqu\u00eate, l\u2019un d\u2019eux a port\u00e9 un coup de couteau \u00e0 la gorge de l\u2019autre avant de prendre la fuite. Un adolescent de 17 ans a \u00e9t\u00e9 plac\u00e9 en garde \u00e0 vue mardi, soup\u00e7onn\u00e9 d\u2019avoir \u00e9gorg\u00e9 son jumeau \u00e0 Villeneuve-la-Garenne (Hauts-de-Seine), a appris l\u2019AFP de source polici\u00e8re, le parquet de Nanterre&hellip; Poursuivre la lecture Dans les Hauts-de-Seine, un adolescent de 17 ans \u00e9gorge son fr\u00e8re jumeau en pleine rue\" \/>\n<meta property=\"og:url\" content=\"https:\/\/jumeaux91.fr\/blog\/dans-les-hauts-de-seine-un-adolescent-de-17-ans-egorge-son-frere-jumeau-en-pleine-rue\/\" \/>\n<meta property=\"og:site_name\" content=\"JUMEAUX91\" \/>\n<meta property=\"article:published_time\" content=\"2025-05-07T01:02:00+00:00\" \/>\n<meta property=\"og:image\" content=\"https:\/\/jumeaux91.fr\/blog\/wp-content\/uploads\/2025\/05\/dans-les-hauts-de-seine-un-adolescent-de-17-ans-egorge-son-frere-jumeau-en-pleine-rue.jpg\" \/>\n<meta name=\"author\" content=\"Claude DAYRES\" \/>\n<meta name=\"twitter:card\" content=\"summary_large_image\" \/>\n<meta name=\"twitter:label1\" content=\"\u00c9crit par\" \/>\n\t<meta name=\"twitter:data1\" content=\"Claude DAYRES\" \/>\n\t<meta name=\"twitter:label2\" content=\"Dur\u00e9e de lecture estim\u00e9e\" \/>\n\t<meta name=\"twitter:data2\" content=\"2 minutes\" \/>\n<script type=\"application\/ld+json\" class=\"yoast-schema-graph\">{\"@context\":\"https:\\\/\\\/schema.org\",\"@graph\":[{\"@type\":\"Article\",\"@id\":\"https:\\\/\\\/jumeaux91.fr\\\/blog\\\/dans-les-hauts-de-seine-un-adolescent-de-17-ans-egorge-son-frere-jumeau-en-pleine-rue\\\/#article\",\"isPartOf\":{\"@id\":\"https:\\\/\\\/jumeaux91.fr\\\/blog\\\/dans-les-hauts-de-seine-un-adolescent-de-17-ans-egorge-son-frere-jumeau-en-pleine-rue\\\/\"},\"author\":{\"name\":\"Claude DAYRES\",\"@id\":\"https:\\\/\\\/jumeaux91.fr\\\/blog\\\/#\\\/schema\\\/person\\\/21da06e9f119b9f64e5d45dbbd32d3fb\"},\"headline\":\"Dans les Hauts-de-Seine, un adolescent de 17 ans \u00e9gorge son fr\u00e8re jumeau en pleine rue\",\"datePublished\":\"2025-05-07T01:02:00+00:00\",\"mainEntityOfPage\":{\"@id\":\"https:\\\/\\\/jumeaux91.fr\\\/blog\\\/dans-les-hauts-de-seine-un-adolescent-de-17-ans-egorge-son-frere-jumeau-en-pleine-rue\\\/\"},\"wordCount\":475,\"publisher\":{\"@id\":\"https:\\\/\\\/jumeaux91.fr\\\/blog\\\/#organization\"},\"image\":{\"@id\":\"https:\\\/\\\/jumeaux91.fr\\\/blog\\\/dans-les-hauts-de-seine-un-adolescent-de-17-ans-egorge-son-frere-jumeau-en-pleine-rue\\\/#primaryimage\"},\"thumbnailUrl\":\"https:\\\/\\\/jumeaux91.fr\\\/blog\\\/wp-content\\\/uploads\\\/2025\\\/05\\\/dans-les-hauts-de-seine-un-adolescent-de-17-ans-egorge-son-frere-jumeau-en-pleine-rue.jpg\",\"articleSection\":[\"Posts Fr\u00e8res Jumeaux De L'Essonnes:\"],\"inLanguage\":\"fr-FR\"},{\"@type\":\"WebPage\",\"@id\":\"https:\\\/\\\/jumeaux91.fr\\\/blog\\\/dans-les-hauts-de-seine-un-adolescent-de-17-ans-egorge-son-frere-jumeau-en-pleine-rue\\\/\",\"url\":\"https:\\\/\\\/jumeaux91.fr\\\/blog\\\/dans-les-hauts-de-seine-un-adolescent-de-17-ans-egorge-son-frere-jumeau-en-pleine-rue\\\/\",\"name\":\"Dans les Hauts-de-Seine, un adolescent de 17 ans \u00e9gorge son fr\u00e8re jumeau en pleine rue - JUMEAUX91\",\"isPartOf\":{\"@id\":\"https:\\\/\\\/jumeaux91.fr\\\/blog\\\/#website\"},\"primaryImageOfPage\":{\"@id\":\"https:\\\/\\\/jumeaux91.fr\\\/blog\\\/dans-les-hauts-de-seine-un-adolescent-de-17-ans-egorge-son-frere-jumeau-en-pleine-rue\\\/#primaryimage\"},\"image\":{\"@id\":\"https:\\\/\\\/jumeaux91.fr\\\/blog\\\/dans-les-hauts-de-seine-un-adolescent-de-17-ans-egorge-son-frere-jumeau-en-pleine-rue\\\/#primaryimage\"},\"thumbnailUrl\":\"https:\\\/\\\/jumeaux91.fr\\\/blog\\\/wp-content\\\/uploads\\\/2025\\\/05\\\/dans-les-hauts-de-seine-un-adolescent-de-17-ans-egorge-son-frere-jumeau-en-pleine-rue.jpg\",\"datePublished\":\"2025-05-07T01:02:00+00:00\",\"breadcrumb\":{\"@id\":\"https:\\\/\\\/jumeaux91.fr\\\/blog\\\/dans-les-hauts-de-seine-un-adolescent-de-17-ans-egorge-son-frere-jumeau-en-pleine-rue\\\/#breadcrumb\"},\"inLanguage\":\"fr-FR\",\"potentialAction\":[{\"@type\":\"ReadAction\",\"target\":[\"https:\\\/\\\/jumeaux91.fr\\\/blog\\\/dans-les-hauts-de-seine-un-adolescent-de-17-ans-egorge-son-frere-jumeau-en-pleine-rue\\\/\"]}]},{\"@type\":\"ImageObject\",\"inLanguage\":\"fr-FR\",\"@id\":\"https:\\\/\\\/jumeaux91.fr\\\/blog\\\/dans-les-hauts-de-seine-un-adolescent-de-17-ans-egorge-son-frere-jumeau-en-pleine-rue\\\/#primaryimage\",\"url\":\"https:\\\/\\\/jumeaux91.fr\\\/blog\\\/wp-content\\\/uploads\\\/2025\\\/05\\\/dans-les-hauts-de-seine-un-adolescent-de-17-ans-egorge-son-frere-jumeau-en-pleine-rue.jpg\",\"contentUrl\":\"https:\\\/\\\/jumeaux91.fr\\\/blog\\\/wp-content\\\/uploads\\\/2025\\\/05\\\/dans-les-hauts-de-seine-un-adolescent-de-17-ans-egorge-son-frere-jumeau-en-pleine-rue.jpg\",\"width\":1200,\"height\":630,\"caption\":\"Dans les Hauts de Seine, un adolescent de 17 ans \u00e9gorge son fr\u00e8re jumeau en pleine rue\"},{\"@type\":\"BreadcrumbList\",\"@id\":\"https:\\\/\\\/jumeaux91.fr\\\/blog\\\/dans-les-hauts-de-seine-un-adolescent-de-17-ans-egorge-son-frere-jumeau-en-pleine-rue\\\/#breadcrumb\",\"itemListElement\":[{\"@type\":\"ListItem\",\"position\":1,\"name\":\"Accueil\",\"item\":\"https:\\\/\\\/jumeaux91.fr\\\/blog\\\/\"},{\"@type\":\"ListItem\",\"position\":2,\"name\":\"Dans les Hauts-de-Seine, un adolescent de 17 ans \u00e9gorge son fr\u00e8re jumeau en pleine rue\"}]},{\"@type\":\"WebSite\",\"@id\":\"https:\\\/\\\/jumeaux91.fr\\\/blog\\\/#website\",\"url\":\"https:\\\/\\\/jumeaux91.fr\\\/blog\\\/\",\"name\":\"JUMEAUX91\",\"description\":\"Fr\u00e8res jumeaux de l&#039;Essonnes; informations et archives, \u00e0 savoir et retenir.\",\"publisher\":{\"@id\":\"https:\\\/\\\/jumeaux91.fr\\\/blog\\\/#organization\"},\"potentialAction\":[{\"@type\":\"SearchAction\",\"target\":{\"@type\":\"EntryPoint\",\"urlTemplate\":\"https:\\\/\\\/jumeaux91.fr\\\/blog\\\/?s={search_term_string}\"},\"query-input\":{\"@type\":\"PropertyValueSpecification\",\"valueRequired\":true,\"valueName\":\"search_term_string\"}}],\"inLanguage\":\"fr-FR\"},{\"@type\":\"Organization\",\"@id\":\"https:\\\/\\\/jumeaux91.fr\\\/blog\\\/#organization\",\"name\":\"jumeaux91\",\"url\":\"https:\\\/\\\/jumeaux91.fr\\\/blog\\\/\",\"logo\":{\"@type\":\"ImageObject\",\"inLanguage\":\"fr-FR\",\"@id\":\"https:\\\/\\\/jumeaux91.fr\\\/blog\\\/#\\\/schema\\\/logo\\\/image\\\/\",\"url\":\"https:\\\/\\\/jumeaux91.fr\\\/blog\\\/wp-content\\\/uploads\\\/2023\\\/05\\\/cropped-cropped-logoJ_91.png\",\"contentUrl\":\"https:\\\/\\\/jumeaux91.fr\\\/blog\\\/wp-content\\\/uploads\\\/2023\\\/05\\\/cropped-cropped-logoJ_91.png\",\"width\":512,\"height\":512,\"caption\":\"jumeaux91\"},\"image\":{\"@id\":\"https:\\\/\\\/jumeaux91.fr\\\/blog\\\/#\\\/schema\\\/logo\\\/image\\\/\"}},{\"@type\":\"Person\",\"@id\":\"https:\\\/\\\/jumeaux91.fr\\\/blog\\\/#\\\/schema\\\/person\\\/21da06e9f119b9f64e5d45dbbd32d3fb\",\"name\":\"Claude DAYRES\",\"image\":{\"@type\":\"ImageObject\",\"inLanguage\":\"fr-FR\",\"@id\":\"https:\\\/\\\/secure.gravatar.com\\\/avatar\\\/82eb951df6110a2c48d1bfa7a67d1ee6f0cd5df3cbf9c3586dd61e82db7172a5?s=96&d=mm&r=g\",\"url\":\"https:\\\/\\\/secure.gravatar.com\\\/avatar\\\/82eb951df6110a2c48d1bfa7a67d1ee6f0cd5df3cbf9c3586dd61e82db7172a5?s=96&d=mm&r=g\",\"contentUrl\":\"https:\\\/\\\/secure.gravatar.com\\\/avatar\\\/82eb951df6110a2c48d1bfa7a67d1ee6f0cd5df3cbf9c3586dd61e82db7172a5?s=96&d=mm&r=g\",\"caption\":\"Claude DAYRES\"},\"url\":\"https:\\\/\\\/jumeaux91.fr\\\/blog\\\/author\\\/x91claude\\\/\"}]}<\/script>\n<!-- \/ Yoast SEO plugin. -->","yoast_head_json":{"title":"Dans les Hauts-de-Seine, un adolescent de 17 ans \u00e9gorge son fr\u00e8re jumeau en pleine rue - JUMEAUX91","robots":{"index":"index","follow":"follow","max-snippet":"max-snippet:-1","max-image-preview":"max-image-preview:large","max-video-preview":"max-video-preview:-1"},"canonical":"https:\/\/jumeaux91.fr\/blog\/dans-les-hauts-de-seine-un-adolescent-de-17-ans-egorge-son-frere-jumeau-en-pleine-rue\/","og_locale":"fr_FR","og_type":"article","og_title":"Dans les Hauts-de-Seine, un adolescent de 17 ans \u00e9gorge son fr\u00e8re jumeau en pleine rue - JUMEAUX91","og_description":"Selon les premiers \u00e9l\u00e9ments de l\u2019enqu\u00eate, l\u2019un d\u2019eux a port\u00e9 un coup de couteau \u00e0 la gorge de l\u2019autre avant de prendre la fuite. Un adolescent de 17 ans a \u00e9t\u00e9 plac\u00e9 en garde \u00e0 vue mardi, soup\u00e7onn\u00e9 d\u2019avoir \u00e9gorg\u00e9 son jumeau \u00e0 Villeneuve-la-Garenne (Hauts-de-Seine), a appris l\u2019AFP de source polici\u00e8re, le parquet de Nanterre&hellip; Poursuivre la lecture Dans les Hauts-de-Seine, un adolescent de 17 ans \u00e9gorge son fr\u00e8re jumeau en pleine rue","og_url":"https:\/\/jumeaux91.fr\/blog\/dans-les-hauts-de-seine-un-adolescent-de-17-ans-egorge-son-frere-jumeau-en-pleine-rue\/","og_site_name":"JUMEAUX91","article_published_time":"2025-05-07T01:02:00+00:00","og_image":[{"url":"https:\/\/jumeaux91.fr\/blog\/wp-content\/uploads\/2025\/05\/dans-les-hauts-de-seine-un-adolescent-de-17-ans-egorge-son-frere-jumeau-en-pleine-rue.jpg","type":"","width":"","height":""}],"author":"Claude DAYRES","twitter_card":"summary_large_image","twitter_misc":{"\u00c9crit par":"Claude DAYRES","Dur\u00e9e de lecture estim\u00e9e":"2 minutes"},"schema":{"@context":"https:\/\/schema.org","@graph":[{"@type":"Article","@id":"https:\/\/jumeaux91.fr\/blog\/dans-les-hauts-de-seine-un-adolescent-de-17-ans-egorge-son-frere-jumeau-en-pleine-rue\/#article","isPartOf":{"@id":"https:\/\/jumeaux91.fr\/blog\/dans-les-hauts-de-seine-un-adolescent-de-17-ans-egorge-son-frere-jumeau-en-pleine-rue\/"},"author":{"name":"Claude DAYRES","@id":"https:\/\/jumeaux91.fr\/blog\/#\/schema\/person\/21da06e9f119b9f64e5d45dbbd32d3fb"},"headline":"Dans les Hauts-de-Seine, un adolescent de 17 ans \u00e9gorge son fr\u00e8re jumeau en pleine rue","datePublished":"2025-05-07T01:02:00+00:00","mainEntityOfPage":{"@id":"https:\/\/jumeaux91.fr\/blog\/dans-les-hauts-de-seine-un-adolescent-de-17-ans-egorge-son-frere-jumeau-en-pleine-rue\/"},"wordCount":475,"publisher":{"@id":"https:\/\/jumeaux91.fr\/blog\/#organization"},"image":{"@id":"https:\/\/jumeaux91.fr\/blog\/dans-les-hauts-de-seine-un-adolescent-de-17-ans-egorge-son-frere-jumeau-en-pleine-rue\/#primaryimage"},"thumbnailUrl":"https:\/\/jumeaux91.fr\/blog\/wp-content\/uploads\/2025\/05\/dans-les-hauts-de-seine-un-adolescent-de-17-ans-egorge-son-frere-jumeau-en-pleine-rue.jpg","articleSection":["Posts Fr\u00e8res Jumeaux De L'Essonnes:"],"inLanguage":"fr-FR"},{"@type":"WebPage","@id":"https:\/\/jumeaux91.fr\/blog\/dans-les-hauts-de-seine-un-adolescent-de-17-ans-egorge-son-frere-jumeau-en-pleine-rue\/","url":"https:\/\/jumeaux91.fr\/blog\/dans-les-hauts-de-seine-un-adolescent-de-17-ans-egorge-son-frere-jumeau-en-pleine-rue\/","name":"Dans les Hauts-de-Seine, un adolescent de 17 ans \u00e9gorge son fr\u00e8re jumeau en pleine rue - JUMEAUX91","isPartOf":{"@id":"https:\/\/jumeaux91.fr\/blog\/#website"},"primaryImageOfPage":{"@id":"https:\/\/jumeaux91.fr\/blog\/dans-les-hauts-de-seine-un-adolescent-de-17-ans-egorge-son-frere-jumeau-en-pleine-rue\/#primaryimage"},"image":{"@id":"https:\/\/jumeaux91.fr\/blog\/dans-les-hauts-de-seine-un-adolescent-de-17-ans-egorge-son-frere-jumeau-en-pleine-rue\/#primaryimage"},"thumbnailUrl":"https:\/\/jumeaux91.fr\/blog\/wp-content\/uploads\/2025\/05\/dans-les-hauts-de-seine-un-adolescent-de-17-ans-egorge-son-frere-jumeau-en-pleine-rue.jpg","datePublished":"2025-05-07T01:02:00+00:00","breadcrumb":{"@id":"https:\/\/jumeaux91.fr\/blog\/dans-les-hauts-de-seine-un-adolescent-de-17-ans-egorge-son-frere-jumeau-en-pleine-rue\/#breadcrumb"},"inLanguage":"fr-FR","potentialAction":[{"@type":"ReadAction","target":["https:\/\/jumeaux91.fr\/blog\/dans-les-hauts-de-seine-un-adolescent-de-17-ans-egorge-son-frere-jumeau-en-pleine-rue\/"]}]},{"@type":"ImageObject","inLanguage":"fr-FR","@id":"https:\/\/jumeaux91.fr\/blog\/dans-les-hauts-de-seine-un-adolescent-de-17-ans-egorge-son-frere-jumeau-en-pleine-rue\/#primaryimage","url":"https:\/\/jumeaux91.fr\/blog\/wp-content\/uploads\/2025\/05\/dans-les-hauts-de-seine-un-adolescent-de-17-ans-egorge-son-frere-jumeau-en-pleine-rue.jpg","contentUrl":"https:\/\/jumeaux91.fr\/blog\/wp-content\/uploads\/2025\/05\/dans-les-hauts-de-seine-un-adolescent-de-17-ans-egorge-son-frere-jumeau-en-pleine-rue.jpg","width":1200,"height":630,"caption":"Dans les Hauts de Seine, un adolescent de 17 ans \u00e9gorge son fr\u00e8re jumeau en pleine rue"},{"@type":"BreadcrumbList","@id":"https:\/\/jumeaux91.fr\/blog\/dans-les-hauts-de-seine-un-adolescent-de-17-ans-egorge-son-frere-jumeau-en-pleine-rue\/#breadcrumb","itemListElement":[{"@type":"ListItem","position":1,"name":"Accueil","item":"https:\/\/jumeaux91.fr\/blog\/"},{"@type":"ListItem","position":2,"name":"Dans les Hauts-de-Seine, un adolescent de 17 ans \u00e9gorge son fr\u00e8re jumeau en pleine rue"}]},{"@type":"WebSite","@id":"https:\/\/jumeaux91.fr\/blog\/#website","url":"https:\/\/jumeaux91.fr\/blog\/","name":"JUMEAUX91","description":"Fr\u00e8res jumeaux de l&#039;Essonnes; informations et archives, \u00e0 savoir et retenir.","publisher":{"@id":"https:\/\/jumeaux91.fr\/blog\/#organization"},"potentialAction":[{"@type":"SearchAction","target":{"@type":"EntryPoint","urlTemplate":"https:\/\/jumeaux91.fr\/blog\/?s={search_term_string}"},"query-input":{"@type":"PropertyValueSpecification","valueRequired":true,"valueName":"search_term_string"}}],"inLanguage":"fr-FR"},{"@type":"Organization","@id":"https:\/\/jumeaux91.fr\/blog\/#organization","name":"jumeaux91","url":"https:\/\/jumeaux91.fr\/blog\/","logo":{"@type":"ImageObject","inLanguage":"fr-FR","@id":"https:\/\/jumeaux91.fr\/blog\/#\/schema\/logo\/image\/","url":"https:\/\/jumeaux91.fr\/blog\/wp-content\/uploads\/2023\/05\/cropped-cropped-logoJ_91.png","contentUrl":"https:\/\/jumeaux91.fr\/blog\/wp-content\/uploads\/2023\/05\/cropped-cropped-logoJ_91.png","width":512,"height":512,"caption":"jumeaux91"},"image":{"@id":"https:\/\/jumeaux91.fr\/blog\/#\/schema\/logo\/image\/"}},{"@type":"Person","@id":"https:\/\/jumeaux91.fr\/blog\/#\/schema\/person\/21da06e9f119b9f64e5d45dbbd32d3fb","name":"Claude DAYRES","image":{"@type":"ImageObject","inLanguage":"fr-FR","@id":"https:\/\/secure.gravatar.com\/avatar\/82eb951df6110a2c48d1bfa7a67d1ee6f0cd5df3cbf9c3586dd61e82db7172a5?s=96&d=mm&r=g","url":"https:\/\/secure.gravatar.com\/avatar\/82eb951df6110a2c48d1bfa7a67d1ee6f0cd5df3cbf9c3586dd61e82db7172a5?s=96&d=mm&r=g","contentUrl":"https:\/\/secure.gravatar.com\/avatar\/82eb951df6110a2c48d1bfa7a67d1ee6f0cd5df3cbf9c3586dd61e82db7172a5?s=96&d=mm&r=g","caption":"Claude DAYRES"},"url":"https:\/\/jumeaux91.fr\/blog\/author\/x91claude\/"}]}},"_links":{"self":[{"href":"https:\/\/jumeaux91.fr\/blog\/wp-json\/wp\/v2\/posts\/1203","targetHints":{"allow":["GET"]}}],"collection":[{"href":"https:\/\/jumeaux91.fr\/blog\/wp-json\/wp\/v2\/posts"}],"about":[{"href":"https:\/\/jumeaux91.fr\/blog\/wp-json\/wp\/v2\/types\/post"}],"author":[{"embeddable":true,"href":"https:\/\/jumeaux91.fr\/blog\/wp-json\/wp\/v2\/users\/2"}],"replies":[{"embeddable":true,"href":"https:\/\/jumeaux91.fr\/blog\/wp-json\/wp\/v2\/comments?post=1203"}],"version-history":[{"count":0,"href":"https:\/\/jumeaux91.fr\/blog\/wp-json\/wp\/v2\/posts\/1203\/revisions"}],"wp:featuredmedia":[{"embeddable":true,"href":"https:\/\/jumeaux91.fr\/blog\/wp-json\/wp\/v2\/media\/1204"}],"wp:attachment":[{"href":"https:\/\/jumeaux91.fr\/blog\/wp-json\/wp\/v2\/media?parent=1203"}],"wp:term":[{"taxonomy":"category","embeddable":true,"href":"https:\/\/jumeaux91.fr\/blog\/wp-json\/wp\/v2\/categories?post=1203"},{"taxonomy":"post_tag","embeddable":true,"href":"https:\/\/jumeaux91.fr\/blog\/wp-json\/wp\/v2\/tags?post=1203"}],"curies":[{"name":"wp","href":"https:\/\/api.w.org\/{rel}","templated":true}]}}