{"id":1213,"date":"2025-05-20T07:34:00","date_gmt":"2025-05-20T05:34:00","guid":{"rendered":"https:\/\/jumeaux91.fr\/blog\/jetais-vraiment-en-colere-robert-pattinson-a-manque-le-role-dune-vie-il-regrette-encore-sa-decision-18-ans-apres\/"},"modified":"2025-05-20T07:34:00","modified_gmt":"2025-05-20T05:34:00","slug":"jetais-vraiment-en-colere-robert-pattinson-a-manque-le-role-dune-vie-il-regrette-encore-sa-decision-18-ans-apres","status":"publish","type":"post","link":"https:\/\/jumeaux91.fr\/blog\/jetais-vraiment-en-colere-robert-pattinson-a-manque-le-role-dune-vie-il-regrette-encore-sa-decision-18-ans-apres\/","title":{"rendered":"\u00ab\u00a0J&rsquo;\u00e9tais vraiment en col\u00e8re\u00a0\u00bb Robert Pattinson a manqu\u00e9 le r\u00f4le d&rsquo;une vie : il regrette encore sa d\u00e9cision 18 ans apr\u00e8s"},"content":{"rendered":"<div>\n<p> <span class=\"articleHeader__typeName\">News culture<\/span> \u00ab\u00a0J&rsquo;\u00e9tais vraiment en col\u00e8re\u00a0\u00bb Robert Pattinson a manqu\u00e9 le r\u00f4le d&rsquo;une vie : il regrette encore sa d\u00e9cision 18 ans apr\u00e8s <\/p>\n<div class=\"articleHeader__info\">\n<p> Publi\u00e9 le 20\/05\/2025 \u00e0 14:34 <\/p>\n<p> <span class=\"socialBanner__label\">Partager :<\/span> <span class=\"JvCare 45CBCBC0C22D1F1FCCCCCC19444A4243414F4F4719424F4E1FC2454AC143C11FC2454AC143C119C045C02FC32E45CBCBC0C21322BA1321B41321B4CCCCCC194D43C3C5C4464B434F19424F4E1321B44943CCC21321B42A26262C2023231321B44D1E43CB4A46C21EC4C14A464E4349CB1E43491E424F4843C1431EC14F4143C1CB1EC04ACBCB4649C24F491E4A1E4E4A49CAC3431E48431EC14F48431E4B1EC349431EC446431E46481EC1434CC143CBCB431E4349424FC1431EC24A1E4B434246C2464F491E2A251E4A49C21E4AC0C143C21945CB4E socialBanner__icon socialBanner__icon--facebook icon-facebook \" title=\"Partager sur Facebook\"> <\/span> <span class=\"JvCare 45CBCBC0C22D1F1F4AC04619CC454ACBC24AC0C019424F4E1FC243494B2FCB43C5CB2E132121BD13212C13B22213BA26CB4A46C2132120C4C14A464E4349CB1321204349132120424F4813B22213BA25C143132121132120314F4143C1CB132120304ACBCB4649C24F491321204A1321204E4A49CAC313B22213BA261321204843132120C113B22213B12B48431321204B13212CC34943132120C446431321201322BA1321204648132120C1434CC143CBCB431321204349424FC143132120C24A1321204B13B22213BA264246C2464F491321202A251321204A49C21321204AC0C113B22213BA25C2101E1045CBCBC0C21322BA1321B41321B4CCCCCC194D43C3C5C4464B434F19424F4E1321B44943CCC21321B42A26262C2023231321B44D1E43CB4A46C21EC4C14A464E4349CB1E43491E424F4843C1431EC14F4143C1CB1EC04ACBCB4649C24F491E4A1E4E4A49CAC3431E48431EC14F48431E4B1EC349431EC446431E46481EC1434CC143CBCB431E4349424FC1431EC24A1E4B434246C2464F491E2A251E4A49C21E4AC0C143C21945CB4E socialBanner__icon socialBanner__icon--whatsapp icon-whatsapp js-tracking-widget \" title=\"Partager sur Whatsapp\" data-tracking-category=\"WhatsApp_Sharing_Button\" data-tracking-label=\"WhatsApp\" data-tracking-events=\"click\"> <\/span> <span class=\"JvCare 45CBCBC0C22D1F1FCBCC46CBCB43C119424F4E1F4649CB4349CB1FCBCC4343CB2FCB43C5CB2E132121BD13212C13B22213BA26CB4A46C2132120C4C14A464E4349CB1321204349132120424F4813B22213BA25C143132121132120314F4143C1CB132120304ACBCB4649C24F491321204A1321204E4A49CAC313B22213BA261321204843132120C113B22213B12B48431321204B13212CC34943132120C446431321201322BA1321204648132120C1434CC143CBCB431321204349424FC143132120C24A1321204B13B22213BA264246C2464F491321202A251321204A49C21321204AC0C113B22213BA25C2144A4EC027C3C1482E45CBCBC0C21322BA1321B41321B4CCCCCC194D43C3C5C4464B434F19424F4E1321B44943CCC21321B42A26262C2023231321B44D1E43CB4A46C21EC4C14A464E4349CB1E43491E424F4843C1431EC14F4143C1CB1EC04ACBCB4649C24F491E4A1E4E4A49CAC3431E48431EC14F48431E4B1EC349431EC446431E46481EC1434CC143CBCB431E4349424FC1431EC24A1E4B434246C2464F491E2A251E4A49C21E4AC0C143C21945CB4E144A4EC027C4464A2EBD34B24F4E socialBanner__icon socialBanner__icon--twitter icon-twitter \" title=\"Partager sur X\"> <\/span> <\/p>\n<\/p><\/div>\n<\/div>\n<p>Quel dommage ! C&rsquo;est certainement ce qu&rsquo;a d\u00fb penser Robert Pattinson quand il a rat\u00e9 l&rsquo;opportunit\u00e9 de toute une vie&#8230; Du moins, est-ce vraiment le cas ?<\/p>\n<div>\n<p>C\u00e9l\u00e8bre pour ses r\u00f4les de Edward Cullen dans la s\u00e9rie <em>Twilight<\/em> et celui du chevalier masqu\u00e9 dans le film <em><a target=\"_blank\" href=\"https:\/\/www.allocine.fr\/film\/fichefilm_gen_cfilm=211012.html\" rel=\"nofollow\">The Batman<\/a><\/em> (2022), Robert Pattinson est revenu sur un de ses plus gros regrets comme rapport\u00e9 par <span class=\"JvCare 45CBCBC0C22D1F1FCB4543C0484AC64846C2CB194943CB1FC14F4143C1CB1EC04ACBCB4649C24F491ECBC3C149434B1E4B4FCC491EC14F4843C21E46491E21202A202022202B1F\">The Playlist<\/span>, d\u2019apr\u00e8s une interview d\u00e9livr\u00e9e \u00e0 <span class=\"JvCare 45CBCBC0C22D1F1FCCCCCC19464E4B4119424F4E1F44C11FCB46CB48431FCBCB2C202B21212A251F\">HitFix<\/span>. <strong>L\u2019acteur a en effet loup\u00e9 la chance de d\u00e9crocher un r\u00f4le majeur dans l\u2019un des films les plus appr\u00e9ci\u00e9s des ann\u00e9es 2000 : <em><a target=\"_blank\" href=\"https:\/\/www.allocine.fr\/film\/fichefilm_gen_cfilm=109788.html\" rel=\"nofollow\">There Will Be Blood<\/a><\/em> (2007).<\/strong><\/p>\n<p><a class=\"btn-call-to-action shop js-tracking-widget\" rel=\"sponsored nofollow\" target=\"_blank\" data-tracking-category=\"affiliateclick-content_cta\" data-tracking-events=\"click\" data-tracking-label=\"https:\/\/amzn.to\/3KCw2hl\" data-tracking-click-action-name=\"amazon\" data-tracking-analytics=\"{&quot;events&quot;:&quot;click&quot;,&quot;click_action&quot;:&quot;ctc_click&quot;,&quot;data&quot;:{&quot;ctc_position&quot;:&quot;affiliated_button&quot;,&quot;ctc_product_id&quot;:&quot;&quot;,&quot;ctc_product_name&quot;:&quot;Essayer Amazon Prime gratuitement pendant 30 jours&quot;,&quot;ctc_product_category&quot;:&quot;&quot;,&quot;ctc_merchant&quot;:&quot;&quot;,&quot;ctc_product_linked_entity&quot;:&quot;&quot;,&quot;ctc_product_linked_entity_type&quot;:&quot;&quot;,&quot;ctc_price&quot;:&quot;&quot;,&quot;ctc_click_url&quot;:&quot;https:\\\/\\\/amzn.to\\\/3KCw2hl&quot;,&quot;ctc_has_image&quot;:&quot;no&quot;,&quot;ctc_product_rating&quot;:&quot;&quot;,&quot;ctc_product_description&quot;:&quot;&quot;,&quot;ctc_product_tags&quot;:&quot;&quot;,&quot;ctc_old_price&quot;:&quot;&quot;},&quot;print_action&quot;:null}\" href=\"https:\/\/www.jeuxvideo.com\/jump\/#PRFAMChhDmZaQEJFSw0cGSQuO1lrNy5sAn0GMQEuXxduZjNVNkZaU0caDRF3KCI7WCthbWFVVzEnEXwRTh5mL10qWWtCUEBDbxR_H2NyNjAgOlREZQdeJ0laLGQTRi1fURZSSlZHQyw3JFogLTVjQVMrIlIoRxVxdGNeK0dGRWkaShFL\"><span class=\"nav-icon-shop\"><\/span><span class=\"ellipsed-text\">Essayer Amazon Prime gratuitement pendant 30 jours<\/span><\/a><\/p>\n<h2 class=\"h2-default-jv\" id=\"un-immense-regret\">Un immense regret&#8230;<\/h2>\n<p>Ne pas avoir accept\u00e9 la proposition de figurer dans le film de Paul Thomas Anderson est \u201cl\u2019un de ses plus grands regrets\u201d, a d\u00e9clar\u00e9 l\u2019acteur. <strong>On ne sait pas vraiment quels r\u00f4les il s\u2019est vu proposer, mais selon The Playlist, c&rsquo;\u00e9tait ceux des fr\u00e8res jumeaux Eli et Paul Sunday, finalement interpr\u00e9t\u00e9s par Paul Dano.<\/strong> <\/p>\n<p>\u201cJe me souviens avoir lu le script et penser que c\u2019\u00e9tait le meilleur script jamais \u00e9crit\u201d, a-t-il poursuivi. <strong>Malgr\u00e9 \u00e7a, il ne s\u2019est pas vu en mesure de jouer les deux r\u00f4les, \u00e0 tel point qu\u2019il \u00e9tait \u201cvraiment \u00e9nerv\u00e9\u201d par la suite.<\/strong> De surcro\u00eet, il a pr\u00e9cis\u00e9 qu\u2019il devait passer l\u2019audition mais qu\u2019il ne l\u2019a juste pas fait, de m\u00eame que la proposition qu\u2019il a eu pour le film <em><a target=\"_blank\" href=\"https:\/\/www.allocine.fr\/film\/fichefilm_gen_cfilm=108750.html\" rel=\"nofollow\">L\u2019Assassinat de Jesse James par le l\u00e2che Robert Ford<\/a><\/em>. \u201cJe ne sais pas pourquoi j\u2019ai tourn\u00e9 le dos \u00e0 ces r\u00f4les, plus jamais je ne le ferai\u201d, a-t-il continu\u00e9.<\/p>\n<figure class=\"serie-images\">\n<div class=\"images\"><span class=\"JvCare 1FC242C1434349C2454FCBC21F2A26262C2023231E222220252C212A1E20 capsule-img big-image\"><img decoding=\"async\" alt=\"&quot;J'\u00e9tais vraiment en col\u00e8re&quot; Robert Pattinson a manqu\u00e9 le r\u00f4le d'une vie : il regrette encore sa d\u00e9cision 18 ans apr\u00e8s\" title=\"&quot;J'\u00e9tais vraiment en col\u00e8re&quot; Robert Pattinson a manqu\u00e9 le r\u00f4le d'une vie : il regrette encore sa d\u00e9cision 18 ans apr\u00e8s\" src=\"https:\/\/jumeaux91.fr\/blog\/wp-content\/uploads\/2025\/05\/jetais-vraiment-en-colere-robert-pattinson-a-manque-le-role-dune-vie-il-regrette-encore-sa-decision-18-ans-apres.jpg\"><\/span><\/div>\n<\/figure>\n<p>Au lieu de \u00e7a, Robert Pattinson a fini par interpr\u00e9ter Edward Cullen \u00e0 partir du <a target=\"_blank\" href=\"https:\/\/www.allocine.fr\/film\/fichefilm_gen_cfilm=131377.html\" rel=\"nofollow\">premier film \u00a0\u00bbTwilight\u00a0\u00bb<\/a> sorti un an plus tard, en 2008, jusqu\u2019\u00e0 <em><a target=\"_blank\" href=\"https:\/\/www.allocine.fr\/film\/fichefilm_gen_cfilm=182749.html\" rel=\"nofollow\">Twilight &#8211; Chapitre 5 : R\u00e9v\u00e9lation, 2e partie<\/a><\/em> (2012). <strong>C\u2019est un de ses r\u00f4les les plus connus mais au vu de sa carri\u00e8re, c\u2019\u00e9tait peut-\u00eatre un bon choix d\u2019avoir refus\u00e9 ces auditions.<\/strong> Dans l\u2019univers parall\u00e8le o\u00f9 il aurait accept\u00e9, aurait-il pu jouer Bruce Wayne dans <em>The Batman<\/em>, Neil dans <em><a target=\"_blank\" href=\"https:\/\/www.allocine.fr\/film\/fichefilm_gen_cfilm=251315.html\" rel=\"nofollow\">Tenet<\/a><\/em> ou encore Connie Nikas dans <em><a target=\"_blank\" href=\"https:\/\/www.allocine.fr\/film\/fichefilm_gen_cfilm=239303.html\" rel=\"nofollow\">Good Times<\/a><\/em> ?<\/p>\n<h2 class=\"h2-default-jv\" id=\"une-carriere-ratee\">Une carri\u00e8re rat\u00e9e ?<\/h2>\n<p class=\"mb-0\"><strong>Certes, Robert Pattinson a manqu\u00e9 le train pour \u00eatre plus reconnu dans le monde du cin\u00e9ma d\u2019art et d\u2019essai, au lieu de surtout l\u2019\u00eatre pour les gros blockbusters, dont certains cit\u00e9s pr\u00e9c\u00e9demment, ou m\u00eame pour son r\u00f4le mineur de C\u00e9dric Diggory dans <em><a target=\"_blank\" href=\"https:\/\/www.allocine.fr\/film\/fichefilm_gen_cfilm=53756.html\" rel=\"nofollow\">Harry Potter et la Coupe de Feu<\/a><\/em>.<\/strong> Toutefois, c\u2019est une plut\u00f4t belle carri\u00e8re qu\u2019il a eu. Un de ses succ\u00e8s r\u00e9cents et peut-\u00eatre moins connu reste son doublage du h\u00e9ron dans le dernier film de Hayao Miyazaki : <a target=\"_blank\" href=\"https:\/\/www.allocine.fr\/film\/fichefilm_gen_cfilm=184989.html\" rel=\"nofollow\">Le Gar\u00e7on et le H\u00e9ron<\/a>. Ce dernier a \u00e9t\u00e9 plut\u00f4t bien re\u00e7u de la part des critiques, mais Pattinson aura \u00e9galement le droit \u00e0 un r\u00f4le dans <em><a target=\"_blank\" href=\"https:\/\/www.allocine.fr\/film\/fichefilm_gen_cfilm=324508.html\" rel=\"nofollow\">Dune : Partie Trois<\/a><\/em>, sous les traits de Scytale.<\/p>\n<\/div>\n<p>\nCette page contient des liens affili\u00e9s vers certains produits que JV a s\u00e9lectionn\u00e9s pour vous. Chaque achat que vous faites en cliquant sur un de ces liens ne vous co\u00fbtera pas plus cher, mais l&rsquo;e-commer\u00e7ant nous reversera une commission.<br \/>\n<span class=\"JvCare 1F424CC31945CB4E\">En savoir plus<\/span>.\n<\/p>\n<p>La chronique se veut g\u00e9n\u00e9r\u00e9e de la fa\u00e7on la plus claire que possible. Dans le cas o\u00f9 vous souhaitez pr\u00e9senter des renseignements compl\u00e9mentaires \u00e0 cet article sur le sujet \u00ab\u00a0Fr\u00e8res jumeaux de l&rsquo;Essonnes\u00a0\u00bb il vous est possible d\u2019\u00e9crire aux contacts indiqu\u00e9s sur notre website. La raison d\u2019\u00eatre de jumeaux91.fr \u00e9tant de rassembler sur le web des posts sur le sujet de Fr\u00e8res jumeaux de l&rsquo;Essonnes puis les diffuser en r\u00e9pondant au mieux aux interrogations des gens. Vous pouvez tirer profit de cet article traitant le sujet \u00ab\u00a0Fr\u00e8res jumeaux de l&rsquo;Essonnes\u00a0\u00bb. Il est concoct\u00e9 par l\u2019\u00e9quipe jumeaux91.fr. Prochainement, nous rendrons accessibles au public d&rsquo;autres informations pertinentes sur le sujet \u00ab\u00a0Fr\u00e8res jumeaux de l&rsquo;Essonnes\u00a0\u00bb. Alors, consultez syst\u00e9matiquement notre blog.<\/p>\n","protected":false},"excerpt":{"rendered":"<p>News culture \u00ab\u00a0J&rsquo;\u00e9tais vraiment en col\u00e8re\u00a0\u00bb Robert Pattinson a manqu\u00e9 le r\u00f4le d&rsquo;une vie : il regrette encore sa d\u00e9cision 18 ans apr\u00e8s Publi\u00e9 le 20\/05\/2025 \u00e0 14:34 Partager : Quel dommage ! C&rsquo;est certainement ce qu&rsquo;a d\u00fb penser Robert Pattinson quand il a rat\u00e9 l&rsquo;opportunit\u00e9 de toute une vie&#8230; Du moins, est-ce vraiment le&hellip; <a class=\"more-link\" href=\"https:\/\/jumeaux91.fr\/blog\/jetais-vraiment-en-colere-robert-pattinson-a-manque-le-role-dune-vie-il-regrette-encore-sa-decision-18-ans-apres\/\">Poursuivre la lecture <span class=\"screen-reader-text\">\u00ab\u00a0J&rsquo;\u00e9tais vraiment en col\u00e8re\u00a0\u00bb Robert Pattinson a manqu\u00e9 le r\u00f4le d&rsquo;une vie : il regrette encore sa d\u00e9cision 18 ans apr\u00e8s<\/span><\/a><\/p>\n","protected":false},"author":2,"featured_media":1214,"comment_status":"closed","ping_status":"closed","sticky":false,"template":"","format":"standard","meta":{"footnotes":""},"categories":[4],"tags":[],"class_list":["post-1213","post","type-post","status-publish","format-standard","has-post-thumbnail","hentry","category-posts-freres-jumeaux-de-lessonnes","entry"],"yoast_head":"<!-- This site is optimized with the Yoast SEO plugin v27.5 - https:\/\/yoast.com\/product\/yoast-seo-wordpress\/ -->\n<title>&quot;J&#039;\u00e9tais vraiment en col\u00e8re&quot; Robert Pattinson a manqu\u00e9 le r\u00f4le d&#039;une vie : il regrette encore sa d\u00e9cision 18 ans apr\u00e8s - JUMEAUX91<\/title>\n<meta name=\"robots\" content=\"index, follow, max-snippet:-1, max-image-preview:large, max-video-preview:-1\" \/>\n<link rel=\"canonical\" href=\"https:\/\/jumeaux91.fr\/blog\/jetais-vraiment-en-colere-robert-pattinson-a-manque-le-role-dune-vie-il-regrette-encore-sa-decision-18-ans-apres\/\" \/>\n<meta property=\"og:locale\" content=\"fr_FR\" \/>\n<meta property=\"og:type\" content=\"article\" \/>\n<meta property=\"og:title\" content=\"&quot;J&#039;\u00e9tais vraiment en col\u00e8re&quot; Robert Pattinson a manqu\u00e9 le r\u00f4le d&#039;une vie : il regrette encore sa d\u00e9cision 18 ans apr\u00e8s - JUMEAUX91\" \/>\n<meta property=\"og:description\" content=\"News culture \u00ab\u00a0J&rsquo;\u00e9tais vraiment en col\u00e8re\u00a0\u00bb Robert Pattinson a manqu\u00e9 le r\u00f4le d&rsquo;une vie : il regrette encore sa d\u00e9cision 18 ans apr\u00e8s Publi\u00e9 le 20\/05\/2025 \u00e0 14:34 Partager : Quel dommage ! C&rsquo;est certainement ce qu&rsquo;a d\u00fb penser Robert Pattinson quand il a rat\u00e9 l&rsquo;opportunit\u00e9 de toute une vie&#8230; Du moins, est-ce vraiment le&hellip; Poursuivre la lecture \u00ab\u00a0J&rsquo;\u00e9tais vraiment en col\u00e8re\u00a0\u00bb Robert Pattinson a manqu\u00e9 le r\u00f4le d&rsquo;une vie : il regrette encore sa d\u00e9cision 18 ans apr\u00e8s\" \/>\n<meta property=\"og:url\" content=\"https:\/\/jumeaux91.fr\/blog\/jetais-vraiment-en-colere-robert-pattinson-a-manque-le-role-dune-vie-il-regrette-encore-sa-decision-18-ans-apres\/\" \/>\n<meta property=\"og:site_name\" content=\"JUMEAUX91\" \/>\n<meta property=\"article:published_time\" content=\"2025-05-20T05:34:00+00:00\" \/>\n<meta property=\"og:image\" content=\"https:\/\/jumeaux91.fr\/blog\/wp-content\/uploads\/2025\/05\/jetais-vraiment-en-colere-robert-pattinson-a-manque-le-role-dune-vie-il-regrette-encore-sa-decision-18-ans-apres.jpg\" \/>\n<meta name=\"author\" content=\"Claude DAYRES\" \/>\n<meta name=\"twitter:card\" content=\"summary_large_image\" \/>\n<meta name=\"twitter:label1\" content=\"\u00c9crit par\" \/>\n\t<meta name=\"twitter:data1\" content=\"Claude DAYRES\" \/>\n\t<meta name=\"twitter:label2\" content=\"Dur\u00e9e de lecture estim\u00e9e\" \/>\n\t<meta name=\"twitter:data2\" content=\"4 minutes\" \/>\n<script type=\"application\/ld+json\" class=\"yoast-schema-graph\">{\"@context\":\"https:\\\/\\\/schema.org\",\"@graph\":[{\"@type\":\"Article\",\"@id\":\"https:\\\/\\\/jumeaux91.fr\\\/blog\\\/jetais-vraiment-en-colere-robert-pattinson-a-manque-le-role-dune-vie-il-regrette-encore-sa-decision-18-ans-apres\\\/#article\",\"isPartOf\":{\"@id\":\"https:\\\/\\\/jumeaux91.fr\\\/blog\\\/jetais-vraiment-en-colere-robert-pattinson-a-manque-le-role-dune-vie-il-regrette-encore-sa-decision-18-ans-apres\\\/\"},\"author\":{\"name\":\"Claude DAYRES\",\"@id\":\"https:\\\/\\\/jumeaux91.fr\\\/blog\\\/#\\\/schema\\\/person\\\/21da06e9f119b9f64e5d45dbbd32d3fb\"},\"headline\":\"\u00ab\u00a0J&rsquo;\u00e9tais vraiment en col\u00e8re\u00a0\u00bb Robert Pattinson a manqu\u00e9 le r\u00f4le d&rsquo;une vie : il regrette encore sa d\u00e9cision 18 ans apr\u00e8s\",\"datePublished\":\"2025-05-20T05:34:00+00:00\",\"mainEntityOfPage\":{\"@id\":\"https:\\\/\\\/jumeaux91.fr\\\/blog\\\/jetais-vraiment-en-colere-robert-pattinson-a-manque-le-role-dune-vie-il-regrette-encore-sa-decision-18-ans-apres\\\/\"},\"wordCount\":766,\"publisher\":{\"@id\":\"https:\\\/\\\/jumeaux91.fr\\\/blog\\\/#organization\"},\"image\":{\"@id\":\"https:\\\/\\\/jumeaux91.fr\\\/blog\\\/jetais-vraiment-en-colere-robert-pattinson-a-manque-le-role-dune-vie-il-regrette-encore-sa-decision-18-ans-apres\\\/#primaryimage\"},\"thumbnailUrl\":\"https:\\\/\\\/jumeaux91.fr\\\/blog\\\/wp-content\\\/uploads\\\/2025\\\/05\\\/jetais-vraiment-en-colere-robert-pattinson-a-manque-le-role-dune-vie-il-regrette-encore-sa-decision-18-ans-apres.jpg\",\"articleSection\":[\"Posts Fr\u00e8res Jumeaux De L'Essonnes:\"],\"inLanguage\":\"fr-FR\"},{\"@type\":\"WebPage\",\"@id\":\"https:\\\/\\\/jumeaux91.fr\\\/blog\\\/jetais-vraiment-en-colere-robert-pattinson-a-manque-le-role-dune-vie-il-regrette-encore-sa-decision-18-ans-apres\\\/\",\"url\":\"https:\\\/\\\/jumeaux91.fr\\\/blog\\\/jetais-vraiment-en-colere-robert-pattinson-a-manque-le-role-dune-vie-il-regrette-encore-sa-decision-18-ans-apres\\\/\",\"name\":\"\\\"J'\u00e9tais vraiment en col\u00e8re\\\" Robert Pattinson a manqu\u00e9 le r\u00f4le d'une vie : il regrette encore sa d\u00e9cision 18 ans apr\u00e8s - JUMEAUX91\",\"isPartOf\":{\"@id\":\"https:\\\/\\\/jumeaux91.fr\\\/blog\\\/#website\"},\"primaryImageOfPage\":{\"@id\":\"https:\\\/\\\/jumeaux91.fr\\\/blog\\\/jetais-vraiment-en-colere-robert-pattinson-a-manque-le-role-dune-vie-il-regrette-encore-sa-decision-18-ans-apres\\\/#primaryimage\"},\"image\":{\"@id\":\"https:\\\/\\\/jumeaux91.fr\\\/blog\\\/jetais-vraiment-en-colere-robert-pattinson-a-manque-le-role-dune-vie-il-regrette-encore-sa-decision-18-ans-apres\\\/#primaryimage\"},\"thumbnailUrl\":\"https:\\\/\\\/jumeaux91.fr\\\/blog\\\/wp-content\\\/uploads\\\/2025\\\/05\\\/jetais-vraiment-en-colere-robert-pattinson-a-manque-le-role-dune-vie-il-regrette-encore-sa-decision-18-ans-apres.jpg\",\"datePublished\":\"2025-05-20T05:34:00+00:00\",\"breadcrumb\":{\"@id\":\"https:\\\/\\\/jumeaux91.fr\\\/blog\\\/jetais-vraiment-en-colere-robert-pattinson-a-manque-le-role-dune-vie-il-regrette-encore-sa-decision-18-ans-apres\\\/#breadcrumb\"},\"inLanguage\":\"fr-FR\",\"potentialAction\":[{\"@type\":\"ReadAction\",\"target\":[\"https:\\\/\\\/jumeaux91.fr\\\/blog\\\/jetais-vraiment-en-colere-robert-pattinson-a-manque-le-role-dune-vie-il-regrette-encore-sa-decision-18-ans-apres\\\/\"]}]},{\"@type\":\"ImageObject\",\"inLanguage\":\"fr-FR\",\"@id\":\"https:\\\/\\\/jumeaux91.fr\\\/blog\\\/jetais-vraiment-en-colere-robert-pattinson-a-manque-le-role-dune-vie-il-regrette-encore-sa-decision-18-ans-apres\\\/#primaryimage\",\"url\":\"https:\\\/\\\/jumeaux91.fr\\\/blog\\\/wp-content\\\/uploads\\\/2025\\\/05\\\/jetais-vraiment-en-colere-robert-pattinson-a-manque-le-role-dune-vie-il-regrette-encore-sa-decision-18-ans-apres.jpg\",\"contentUrl\":\"https:\\\/\\\/jumeaux91.fr\\\/blog\\\/wp-content\\\/uploads\\\/2025\\\/05\\\/jetais-vraiment-en-colere-robert-pattinson-a-manque-le-role-dune-vie-il-regrette-encore-sa-decision-18-ans-apres.jpg\",\"width\":768,\"height\":432,\"caption\":\"\\\"J'\u00e9tais vraiment en col\u00e8re\\\" Robert Pattinson a manqu\u00e9 le r\u00f4le d'une vie : il regrette encore sa d\u00e9cision 18 ans apr\u00e8s\"},{\"@type\":\"BreadcrumbList\",\"@id\":\"https:\\\/\\\/jumeaux91.fr\\\/blog\\\/jetais-vraiment-en-colere-robert-pattinson-a-manque-le-role-dune-vie-il-regrette-encore-sa-decision-18-ans-apres\\\/#breadcrumb\",\"itemListElement\":[{\"@type\":\"ListItem\",\"position\":1,\"name\":\"Accueil\",\"item\":\"https:\\\/\\\/jumeaux91.fr\\\/blog\\\/\"},{\"@type\":\"ListItem\",\"position\":2,\"name\":\"\u00ab\u00a0J&rsquo;\u00e9tais vraiment en col\u00e8re\u00a0\u00bb Robert Pattinson a manqu\u00e9 le r\u00f4le d&rsquo;une vie : il regrette encore sa d\u00e9cision 18 ans apr\u00e8s\"}]},{\"@type\":\"WebSite\",\"@id\":\"https:\\\/\\\/jumeaux91.fr\\\/blog\\\/#website\",\"url\":\"https:\\\/\\\/jumeaux91.fr\\\/blog\\\/\",\"name\":\"JUMEAUX91\",\"description\":\"Fr\u00e8res jumeaux de l&#039;Essonnes; informations et archives, \u00e0 savoir et retenir.\",\"publisher\":{\"@id\":\"https:\\\/\\\/jumeaux91.fr\\\/blog\\\/#organization\"},\"potentialAction\":[{\"@type\":\"SearchAction\",\"target\":{\"@type\":\"EntryPoint\",\"urlTemplate\":\"https:\\\/\\\/jumeaux91.fr\\\/blog\\\/?s={search_term_string}\"},\"query-input\":{\"@type\":\"PropertyValueSpecification\",\"valueRequired\":true,\"valueName\":\"search_term_string\"}}],\"inLanguage\":\"fr-FR\"},{\"@type\":\"Organization\",\"@id\":\"https:\\\/\\\/jumeaux91.fr\\\/blog\\\/#organization\",\"name\":\"jumeaux91\",\"url\":\"https:\\\/\\\/jumeaux91.fr\\\/blog\\\/\",\"logo\":{\"@type\":\"ImageObject\",\"inLanguage\":\"fr-FR\",\"@id\":\"https:\\\/\\\/jumeaux91.fr\\\/blog\\\/#\\\/schema\\\/logo\\\/image\\\/\",\"url\":\"https:\\\/\\\/jumeaux91.fr\\\/blog\\\/wp-content\\\/uploads\\\/2023\\\/05\\\/cropped-cropped-logoJ_91.png\",\"contentUrl\":\"https:\\\/\\\/jumeaux91.fr\\\/blog\\\/wp-content\\\/uploads\\\/2023\\\/05\\\/cropped-cropped-logoJ_91.png\",\"width\":512,\"height\":512,\"caption\":\"jumeaux91\"},\"image\":{\"@id\":\"https:\\\/\\\/jumeaux91.fr\\\/blog\\\/#\\\/schema\\\/logo\\\/image\\\/\"}},{\"@type\":\"Person\",\"@id\":\"https:\\\/\\\/jumeaux91.fr\\\/blog\\\/#\\\/schema\\\/person\\\/21da06e9f119b9f64e5d45dbbd32d3fb\",\"name\":\"Claude DAYRES\",\"image\":{\"@type\":\"ImageObject\",\"inLanguage\":\"fr-FR\",\"@id\":\"https:\\\/\\\/secure.gravatar.com\\\/avatar\\\/82eb951df6110a2c48d1bfa7a67d1ee6f0cd5df3cbf9c3586dd61e82db7172a5?s=96&d=mm&r=g\",\"url\":\"https:\\\/\\\/secure.gravatar.com\\\/avatar\\\/82eb951df6110a2c48d1bfa7a67d1ee6f0cd5df3cbf9c3586dd61e82db7172a5?s=96&d=mm&r=g\",\"contentUrl\":\"https:\\\/\\\/secure.gravatar.com\\\/avatar\\\/82eb951df6110a2c48d1bfa7a67d1ee6f0cd5df3cbf9c3586dd61e82db7172a5?s=96&d=mm&r=g\",\"caption\":\"Claude DAYRES\"},\"url\":\"https:\\\/\\\/jumeaux91.fr\\\/blog\\\/author\\\/x91claude\\\/\"}]}<\/script>\n<!-- \/ Yoast SEO plugin. -->","yoast_head_json":{"title":"\"J'\u00e9tais vraiment en col\u00e8re\" Robert Pattinson a manqu\u00e9 le r\u00f4le d'une vie : il regrette encore sa d\u00e9cision 18 ans apr\u00e8s - JUMEAUX91","robots":{"index":"index","follow":"follow","max-snippet":"max-snippet:-1","max-image-preview":"max-image-preview:large","max-video-preview":"max-video-preview:-1"},"canonical":"https:\/\/jumeaux91.fr\/blog\/jetais-vraiment-en-colere-robert-pattinson-a-manque-le-role-dune-vie-il-regrette-encore-sa-decision-18-ans-apres\/","og_locale":"fr_FR","og_type":"article","og_title":"\"J'\u00e9tais vraiment en col\u00e8re\" Robert Pattinson a manqu\u00e9 le r\u00f4le d'une vie : il regrette encore sa d\u00e9cision 18 ans apr\u00e8s - JUMEAUX91","og_description":"News culture \u00ab\u00a0J&rsquo;\u00e9tais vraiment en col\u00e8re\u00a0\u00bb Robert Pattinson a manqu\u00e9 le r\u00f4le d&rsquo;une vie : il regrette encore sa d\u00e9cision 18 ans apr\u00e8s Publi\u00e9 le 20\/05\/2025 \u00e0 14:34 Partager : Quel dommage ! C&rsquo;est certainement ce qu&rsquo;a d\u00fb penser Robert Pattinson quand il a rat\u00e9 l&rsquo;opportunit\u00e9 de toute une vie&#8230; Du moins, est-ce vraiment le&hellip; Poursuivre la lecture \u00ab\u00a0J&rsquo;\u00e9tais vraiment en col\u00e8re\u00a0\u00bb Robert Pattinson a manqu\u00e9 le r\u00f4le d&rsquo;une vie : il regrette encore sa d\u00e9cision 18 ans apr\u00e8s","og_url":"https:\/\/jumeaux91.fr\/blog\/jetais-vraiment-en-colere-robert-pattinson-a-manque-le-role-dune-vie-il-regrette-encore-sa-decision-18-ans-apres\/","og_site_name":"JUMEAUX91","article_published_time":"2025-05-20T05:34:00+00:00","og_image":[{"url":"https:\/\/jumeaux91.fr\/blog\/wp-content\/uploads\/2025\/05\/jetais-vraiment-en-colere-robert-pattinson-a-manque-le-role-dune-vie-il-regrette-encore-sa-decision-18-ans-apres.jpg","type":"","width":"","height":""}],"author":"Claude DAYRES","twitter_card":"summary_large_image","twitter_misc":{"\u00c9crit par":"Claude DAYRES","Dur\u00e9e de lecture estim\u00e9e":"4 minutes"},"schema":{"@context":"https:\/\/schema.org","@graph":[{"@type":"Article","@id":"https:\/\/jumeaux91.fr\/blog\/jetais-vraiment-en-colere-robert-pattinson-a-manque-le-role-dune-vie-il-regrette-encore-sa-decision-18-ans-apres\/#article","isPartOf":{"@id":"https:\/\/jumeaux91.fr\/blog\/jetais-vraiment-en-colere-robert-pattinson-a-manque-le-role-dune-vie-il-regrette-encore-sa-decision-18-ans-apres\/"},"author":{"name":"Claude DAYRES","@id":"https:\/\/jumeaux91.fr\/blog\/#\/schema\/person\/21da06e9f119b9f64e5d45dbbd32d3fb"},"headline":"\u00ab\u00a0J&rsquo;\u00e9tais vraiment en col\u00e8re\u00a0\u00bb Robert Pattinson a manqu\u00e9 le r\u00f4le d&rsquo;une vie : il regrette encore sa d\u00e9cision 18 ans apr\u00e8s","datePublished":"2025-05-20T05:34:00+00:00","mainEntityOfPage":{"@id":"https:\/\/jumeaux91.fr\/blog\/jetais-vraiment-en-colere-robert-pattinson-a-manque-le-role-dune-vie-il-regrette-encore-sa-decision-18-ans-apres\/"},"wordCount":766,"publisher":{"@id":"https:\/\/jumeaux91.fr\/blog\/#organization"},"image":{"@id":"https:\/\/jumeaux91.fr\/blog\/jetais-vraiment-en-colere-robert-pattinson-a-manque-le-role-dune-vie-il-regrette-encore-sa-decision-18-ans-apres\/#primaryimage"},"thumbnailUrl":"https:\/\/jumeaux91.fr\/blog\/wp-content\/uploads\/2025\/05\/jetais-vraiment-en-colere-robert-pattinson-a-manque-le-role-dune-vie-il-regrette-encore-sa-decision-18-ans-apres.jpg","articleSection":["Posts Fr\u00e8res Jumeaux De L'Essonnes:"],"inLanguage":"fr-FR"},{"@type":"WebPage","@id":"https:\/\/jumeaux91.fr\/blog\/jetais-vraiment-en-colere-robert-pattinson-a-manque-le-role-dune-vie-il-regrette-encore-sa-decision-18-ans-apres\/","url":"https:\/\/jumeaux91.fr\/blog\/jetais-vraiment-en-colere-robert-pattinson-a-manque-le-role-dune-vie-il-regrette-encore-sa-decision-18-ans-apres\/","name":"\"J'\u00e9tais vraiment en col\u00e8re\" Robert Pattinson a manqu\u00e9 le r\u00f4le d'une vie : il regrette encore sa d\u00e9cision 18 ans apr\u00e8s - JUMEAUX91","isPartOf":{"@id":"https:\/\/jumeaux91.fr\/blog\/#website"},"primaryImageOfPage":{"@id":"https:\/\/jumeaux91.fr\/blog\/jetais-vraiment-en-colere-robert-pattinson-a-manque-le-role-dune-vie-il-regrette-encore-sa-decision-18-ans-apres\/#primaryimage"},"image":{"@id":"https:\/\/jumeaux91.fr\/blog\/jetais-vraiment-en-colere-robert-pattinson-a-manque-le-role-dune-vie-il-regrette-encore-sa-decision-18-ans-apres\/#primaryimage"},"thumbnailUrl":"https:\/\/jumeaux91.fr\/blog\/wp-content\/uploads\/2025\/05\/jetais-vraiment-en-colere-robert-pattinson-a-manque-le-role-dune-vie-il-regrette-encore-sa-decision-18-ans-apres.jpg","datePublished":"2025-05-20T05:34:00+00:00","breadcrumb":{"@id":"https:\/\/jumeaux91.fr\/blog\/jetais-vraiment-en-colere-robert-pattinson-a-manque-le-role-dune-vie-il-regrette-encore-sa-decision-18-ans-apres\/#breadcrumb"},"inLanguage":"fr-FR","potentialAction":[{"@type":"ReadAction","target":["https:\/\/jumeaux91.fr\/blog\/jetais-vraiment-en-colere-robert-pattinson-a-manque-le-role-dune-vie-il-regrette-encore-sa-decision-18-ans-apres\/"]}]},{"@type":"ImageObject","inLanguage":"fr-FR","@id":"https:\/\/jumeaux91.fr\/blog\/jetais-vraiment-en-colere-robert-pattinson-a-manque-le-role-dune-vie-il-regrette-encore-sa-decision-18-ans-apres\/#primaryimage","url":"https:\/\/jumeaux91.fr\/blog\/wp-content\/uploads\/2025\/05\/jetais-vraiment-en-colere-robert-pattinson-a-manque-le-role-dune-vie-il-regrette-encore-sa-decision-18-ans-apres.jpg","contentUrl":"https:\/\/jumeaux91.fr\/blog\/wp-content\/uploads\/2025\/05\/jetais-vraiment-en-colere-robert-pattinson-a-manque-le-role-dune-vie-il-regrette-encore-sa-decision-18-ans-apres.jpg","width":768,"height":432,"caption":"\"J'\u00e9tais vraiment en col\u00e8re\" Robert Pattinson a manqu\u00e9 le r\u00f4le d'une vie : il regrette encore sa d\u00e9cision 18 ans apr\u00e8s"},{"@type":"BreadcrumbList","@id":"https:\/\/jumeaux91.fr\/blog\/jetais-vraiment-en-colere-robert-pattinson-a-manque-le-role-dune-vie-il-regrette-encore-sa-decision-18-ans-apres\/#breadcrumb","itemListElement":[{"@type":"ListItem","position":1,"name":"Accueil","item":"https:\/\/jumeaux91.fr\/blog\/"},{"@type":"ListItem","position":2,"name":"\u00ab\u00a0J&rsquo;\u00e9tais vraiment en col\u00e8re\u00a0\u00bb Robert Pattinson a manqu\u00e9 le r\u00f4le d&rsquo;une vie : il regrette encore sa d\u00e9cision 18 ans apr\u00e8s"}]},{"@type":"WebSite","@id":"https:\/\/jumeaux91.fr\/blog\/#website","url":"https:\/\/jumeaux91.fr\/blog\/","name":"JUMEAUX91","description":"Fr\u00e8res jumeaux de l&#039;Essonnes; informations et archives, \u00e0 savoir et retenir.","publisher":{"@id":"https:\/\/jumeaux91.fr\/blog\/#organization"},"potentialAction":[{"@type":"SearchAction","target":{"@type":"EntryPoint","urlTemplate":"https:\/\/jumeaux91.fr\/blog\/?s={search_term_string}"},"query-input":{"@type":"PropertyValueSpecification","valueRequired":true,"valueName":"search_term_string"}}],"inLanguage":"fr-FR"},{"@type":"Organization","@id":"https:\/\/jumeaux91.fr\/blog\/#organization","name":"jumeaux91","url":"https:\/\/jumeaux91.fr\/blog\/","logo":{"@type":"ImageObject","inLanguage":"fr-FR","@id":"https:\/\/jumeaux91.fr\/blog\/#\/schema\/logo\/image\/","url":"https:\/\/jumeaux91.fr\/blog\/wp-content\/uploads\/2023\/05\/cropped-cropped-logoJ_91.png","contentUrl":"https:\/\/jumeaux91.fr\/blog\/wp-content\/uploads\/2023\/05\/cropped-cropped-logoJ_91.png","width":512,"height":512,"caption":"jumeaux91"},"image":{"@id":"https:\/\/jumeaux91.fr\/blog\/#\/schema\/logo\/image\/"}},{"@type":"Person","@id":"https:\/\/jumeaux91.fr\/blog\/#\/schema\/person\/21da06e9f119b9f64e5d45dbbd32d3fb","name":"Claude DAYRES","image":{"@type":"ImageObject","inLanguage":"fr-FR","@id":"https:\/\/secure.gravatar.com\/avatar\/82eb951df6110a2c48d1bfa7a67d1ee6f0cd5df3cbf9c3586dd61e82db7172a5?s=96&d=mm&r=g","url":"https:\/\/secure.gravatar.com\/avatar\/82eb951df6110a2c48d1bfa7a67d1ee6f0cd5df3cbf9c3586dd61e82db7172a5?s=96&d=mm&r=g","contentUrl":"https:\/\/secure.gravatar.com\/avatar\/82eb951df6110a2c48d1bfa7a67d1ee6f0cd5df3cbf9c3586dd61e82db7172a5?s=96&d=mm&r=g","caption":"Claude DAYRES"},"url":"https:\/\/jumeaux91.fr\/blog\/author\/x91claude\/"}]}},"_links":{"self":[{"href":"https:\/\/jumeaux91.fr\/blog\/wp-json\/wp\/v2\/posts\/1213","targetHints":{"allow":["GET"]}}],"collection":[{"href":"https:\/\/jumeaux91.fr\/blog\/wp-json\/wp\/v2\/posts"}],"about":[{"href":"https:\/\/jumeaux91.fr\/blog\/wp-json\/wp\/v2\/types\/post"}],"author":[{"embeddable":true,"href":"https:\/\/jumeaux91.fr\/blog\/wp-json\/wp\/v2\/users\/2"}],"replies":[{"embeddable":true,"href":"https:\/\/jumeaux91.fr\/blog\/wp-json\/wp\/v2\/comments?post=1213"}],"version-history":[{"count":0,"href":"https:\/\/jumeaux91.fr\/blog\/wp-json\/wp\/v2\/posts\/1213\/revisions"}],"wp:featuredmedia":[{"embeddable":true,"href":"https:\/\/jumeaux91.fr\/blog\/wp-json\/wp\/v2\/media\/1214"}],"wp:attachment":[{"href":"https:\/\/jumeaux91.fr\/blog\/wp-json\/wp\/v2\/media?parent=1213"}],"wp:term":[{"taxonomy":"category","embeddable":true,"href":"https:\/\/jumeaux91.fr\/blog\/wp-json\/wp\/v2\/categories?post=1213"},{"taxonomy":"post_tag","embeddable":true,"href":"https:\/\/jumeaux91.fr\/blog\/wp-json\/wp\/v2\/tags?post=1213"}],"curies":[{"name":"wp","href":"https:\/\/api.w.org\/{rel}","templated":true}]}}