{"id":1217,"date":"2025-05-19T11:03:00","date_gmt":"2025-05-19T09:03:00","guid":{"rendered":"https:\/\/jumeaux91.fr\/blog\/cannes-gaza-subit-le-genocide-le-plus-horrible-de-lhistoire-moderne-declarent-les-freres-nasser-sur-scene\/"},"modified":"2025-05-19T11:03:00","modified_gmt":"2025-05-19T09:03:00","slug":"cannes-gaza-subit-le-genocide-le-plus-horrible-de-lhistoire-moderne-declarent-les-freres-nasser-sur-scene","status":"publish","type":"post","link":"https:\/\/jumeaux91.fr\/blog\/cannes-gaza-subit-le-genocide-le-plus-horrible-de-lhistoire-moderne-declarent-les-freres-nasser-sur-scene\/","title":{"rendered":"Cannes : \u00ab\u00a0Gaza subit le g\u00e9nocide le plus horrible de l&rsquo;histoire moderne\u00a0\u00bb, d\u00e9clarent les fr\u00e8res Nasser sur sc\u00e8ne"},"content":{"rendered":"<div><img decoding=\"async\" src=\"https:\/\/jumeaux91.fr\/blog\/wp-content\/uploads\/2025\/05\/cannes-gaza-subit-le-genocide-le-plus-horrible-de-lhistoire-moderne-declarent-les-freres-nasser-sur-scene.png\" class=\"ff-og-image-inserted\"><\/div>\n<p class data-is=\"component-paragraph\">Le 78e \u00e9dition du Festival de Cannes a de nouveau \u00e9t\u00e9 marqu\u00e9e par des propos pol\u00e9miques concernant la guerre \u00e0 Gaza. Lors de la projection du film \u00ab\u00a0Il \u00e9tait une fois \u00e0 Gaza\u00a0\u00bb, les r\u00e9alisateurs jumeaux Arab et Tarzan Nasser ont d\u00e9clar\u00e9 d&#8217;embl\u00e9e dans leur discours d&rsquo;introduction que \u00ab\u00a0Gaza subit le g\u00e9nocide le plus grand et le plus horrible de l&rsquo;histoire moderne\u00a0\u00bb, d\u00e9clenchant un tonnerre d&rsquo;applaudissements dans la salle comble du palais des festivals.<\/p>\n<p class data-is=\"component-paragraph\">\u00ab\u00a0Je ne sais pas s&rsquo;il existe des mots pour exprimer nos sentiments en tant que Gazaouis. Apr\u00e8s plus d&rsquo;un an et huit mois d\u00e9j\u00e0, Gaza est en proie \u00e0 un g\u00e9nocide. Isra\u00ebl a tu\u00e9 plus de 60 000 personnes \u00e0 ce jour, et ces massacres continuent de se produire chaque jour. Nous devons en parler et y mettre fin. Je pense que le silence est un crime. J&rsquo;esp\u00e8re que ce g\u00e9nocide prendra bient\u00f4t fin\u00a0\u00bb, ont affirm\u00e9 les cin\u00e9astes face \u00e0 une audience visiblement \u00e9mue.<\/p>\n<p class data-is=\"component-paragraph\">\u00ab\u00a0Il \u00e9tait une fois \u00e0 Gaza\u00a0\u00bb est pr\u00e9sent\u00e9 comme une com\u00e9die noire qui met en sc\u00e8ne deux trafiquants de drogue confront\u00e9s \u00e0 des probl\u00e8mes avec les autorit\u00e9s locales de Gaza en 2007. L&rsquo;intrigue prend un tournant inattendu lorsque l&rsquo;un des protagonistes devient la vedette d&rsquo;un film sur la r\u00e9sistance contre Isra\u00ebl.&nbsp;Cette \u0153uvre s&rsquo;inscrit dans une s\u00e9lection de films abordant le conflit isra\u00e9lo-palestinien pr\u00e9sent\u00e9s cette ann\u00e9e \u00e0 Cannes.<\/p>\n<p class data-is=\"component-paragraph\">Les fr\u00e8res Nasser ont \u00e9galement \u00e9voqu\u00e9 leurs deux fr\u00e8res pr\u00e9sents dans la salle : \u00ab\u00a0Ils ont surv\u00e9cu et ont r\u00e9ussi \u00e0 quitter le nord de Gaza. Les d\u00e9tails sont choquants. Quand viendra le moment, lorsque nous entendrons ces histoires, ce sera une grande honte pour l&rsquo;humanit\u00e9. Nous ne devons pas cesser d&rsquo;en parler.\u00a0\u00bb<\/p>\n<p class data-is=\"component-paragraph\">Les r\u00e9alisateurs ont par ailleurs rendu hommage \u00e0 Fatma Hassouna, une photographe de presse palestinienne d\u00e9c\u00e9d\u00e9e le 16 avril dernier, selon le festival, lors d&rsquo;un bombardement isra\u00e9lien. Un documentaire sur son travail, pr\u00e9sentant des r\u00e9cits de Gaza \u00e0 travers le regard de Palestiniens vivant dans l&rsquo;enclave, figure \u00e9galement dans la s\u00e9lection cannoise.<\/p>\n<p class data-is=\"component-paragraph\">\u00ab\u00a0Nous avons tous entendu parler d&rsquo;elle. Je pense qu&rsquo;elle a eu de la chance d&rsquo;avoir r\u00e9ussi \u00e0 laisser derri\u00e8re elle une petite partie de sa vie et \u00e0 devenir une h\u00e9ro\u00efne aux yeux de certains\u00a0\u00bb, ont-ils conclu.<\/p>\n<p class data-is=\"component-paragraph\">Cette manifestation s&rsquo;ajoute \u00e0 une s\u00e9rie de prises de position politiques qui ont marqu\u00e9 l&rsquo;\u00e9dition 2025 du Festival de Cannes, transformant la Croisette en tribune pour des causes g\u00e9opolitiques controvers\u00e9es.<\/p>\n<p>La chronique se veut g\u00e9n\u00e9r\u00e9e de la fa\u00e7on la plus claire que possible. Dans le cas o\u00f9 vous souhaitez pr\u00e9senter des renseignements compl\u00e9mentaires \u00e0 cet article sur le sujet \u00ab\u00a0Fr\u00e8res jumeaux de l&rsquo;Essonnes\u00a0\u00bb il vous est possible d\u2019\u00e9crire aux contacts indiqu\u00e9s sur notre website. La raison d\u2019\u00eatre de jumeaux91.fr \u00e9tant de rassembler sur le web des posts sur le sujet de Fr\u00e8res jumeaux de l&rsquo;Essonnes puis les diffuser en r\u00e9pondant au mieux aux interrogations des gens. Vous pouvez tirer profit de cet article traitant le sujet \u00ab\u00a0Fr\u00e8res jumeaux de l&rsquo;Essonnes\u00a0\u00bb. Il est concoct\u00e9 par l\u2019\u00e9quipe jumeaux91.fr. Prochainement, nous rendrons accessibles au public d&rsquo;autres informations pertinentes sur le sujet \u00ab\u00a0Fr\u00e8res jumeaux de l&rsquo;Essonnes\u00a0\u00bb. Alors, consultez syst\u00e9matiquement notre blog.<\/p>\n","protected":false},"excerpt":{"rendered":"<p>Le 78e \u00e9dition du Festival de Cannes a de nouveau \u00e9t\u00e9 marqu\u00e9e par des propos pol\u00e9miques concernant la guerre \u00e0 Gaza. Lors de la projection du film \u00ab\u00a0Il \u00e9tait une fois \u00e0 Gaza\u00a0\u00bb, les r\u00e9alisateurs jumeaux Arab et Tarzan Nasser ont d\u00e9clar\u00e9 d&#8217;embl\u00e9e dans leur discours d&rsquo;introduction que \u00ab\u00a0Gaza subit le g\u00e9nocide le plus grand&hellip; <a class=\"more-link\" href=\"https:\/\/jumeaux91.fr\/blog\/cannes-gaza-subit-le-genocide-le-plus-horrible-de-lhistoire-moderne-declarent-les-freres-nasser-sur-scene\/\">Poursuivre la lecture <span class=\"screen-reader-text\">Cannes : \u00ab\u00a0Gaza subit le g\u00e9nocide le plus horrible de l&rsquo;histoire moderne\u00a0\u00bb, d\u00e9clarent les fr\u00e8res Nasser sur sc\u00e8ne<\/span><\/a><\/p>\n","protected":false},"author":2,"featured_media":1218,"comment_status":"closed","ping_status":"closed","sticky":false,"template":"","format":"standard","meta":{"footnotes":""},"categories":[4],"tags":[],"class_list":["post-1217","post","type-post","status-publish","format-standard","has-post-thumbnail","hentry","category-posts-freres-jumeaux-de-lessonnes","entry"],"yoast_head":"<!-- This site is optimized with the Yoast SEO plugin v27.5 - https:\/\/yoast.com\/product\/yoast-seo-wordpress\/ -->\n<title>Cannes : &quot;Gaza subit le g\u00e9nocide le plus horrible de l&#039;histoire moderne&quot;, d\u00e9clarent les fr\u00e8res Nasser sur sc\u00e8ne - JUMEAUX91<\/title>\n<meta name=\"robots\" content=\"index, follow, max-snippet:-1, max-image-preview:large, max-video-preview:-1\" \/>\n<link rel=\"canonical\" href=\"https:\/\/jumeaux91.fr\/blog\/cannes-gaza-subit-le-genocide-le-plus-horrible-de-lhistoire-moderne-declarent-les-freres-nasser-sur-scene\/\" \/>\n<meta property=\"og:locale\" content=\"fr_FR\" \/>\n<meta property=\"og:type\" content=\"article\" \/>\n<meta property=\"og:title\" content=\"Cannes : &quot;Gaza subit le g\u00e9nocide le plus horrible de l&#039;histoire moderne&quot;, d\u00e9clarent les fr\u00e8res Nasser sur sc\u00e8ne - JUMEAUX91\" \/>\n<meta property=\"og:description\" content=\"Le 78e \u00e9dition du Festival de Cannes a de nouveau \u00e9t\u00e9 marqu\u00e9e par des propos pol\u00e9miques concernant la guerre \u00e0 Gaza. Lors de la projection du film \u00ab\u00a0Il \u00e9tait une fois \u00e0 Gaza\u00a0\u00bb, les r\u00e9alisateurs jumeaux Arab et Tarzan Nasser ont d\u00e9clar\u00e9 d&#8217;embl\u00e9e dans leur discours d&rsquo;introduction que \u00ab\u00a0Gaza subit le g\u00e9nocide le plus grand&hellip; Poursuivre la lecture Cannes : \u00ab\u00a0Gaza subit le g\u00e9nocide le plus horrible de l&rsquo;histoire moderne\u00a0\u00bb, d\u00e9clarent les fr\u00e8res Nasser sur sc\u00e8ne\" \/>\n<meta property=\"og:url\" content=\"https:\/\/jumeaux91.fr\/blog\/cannes-gaza-subit-le-genocide-le-plus-horrible-de-lhistoire-moderne-declarent-les-freres-nasser-sur-scene\/\" \/>\n<meta property=\"og:site_name\" content=\"JUMEAUX91\" \/>\n<meta property=\"article:published_time\" content=\"2025-05-19T09:03:00+00:00\" \/>\n<meta property=\"og:image\" content=\"https:\/\/jumeaux91.fr\/blog\/wp-content\/uploads\/2025\/05\/cannes-gaza-subit-le-genocide-le-plus-horrible-de-lhistoire-moderne-declarent-les-freres-nasser-sur-scene.png\" \/>\n<meta name=\"author\" content=\"Claude DAYRES\" \/>\n<meta name=\"twitter:card\" content=\"summary_large_image\" \/>\n<meta name=\"twitter:label1\" content=\"\u00c9crit par\" \/>\n\t<meta name=\"twitter:data1\" content=\"Claude DAYRES\" \/>\n\t<meta name=\"twitter:label2\" content=\"Dur\u00e9e de lecture estim\u00e9e\" \/>\n\t<meta name=\"twitter:data2\" content=\"3 minutes\" \/>\n<script type=\"application\/ld+json\" class=\"yoast-schema-graph\">{\"@context\":\"https:\\\/\\\/schema.org\",\"@graph\":[{\"@type\":\"Article\",\"@id\":\"https:\\\/\\\/jumeaux91.fr\\\/blog\\\/cannes-gaza-subit-le-genocide-le-plus-horrible-de-lhistoire-moderne-declarent-les-freres-nasser-sur-scene\\\/#article\",\"isPartOf\":{\"@id\":\"https:\\\/\\\/jumeaux91.fr\\\/blog\\\/cannes-gaza-subit-le-genocide-le-plus-horrible-de-lhistoire-moderne-declarent-les-freres-nasser-sur-scene\\\/\"},\"author\":{\"name\":\"Claude DAYRES\",\"@id\":\"https:\\\/\\\/jumeaux91.fr\\\/blog\\\/#\\\/schema\\\/person\\\/21da06e9f119b9f64e5d45dbbd32d3fb\"},\"headline\":\"Cannes : \u00ab\u00a0Gaza subit le g\u00e9nocide le plus horrible de l&rsquo;histoire moderne\u00a0\u00bb, d\u00e9clarent les fr\u00e8res Nasser sur sc\u00e8ne\",\"datePublished\":\"2025-05-19T09:03:00+00:00\",\"mainEntityOfPage\":{\"@id\":\"https:\\\/\\\/jumeaux91.fr\\\/blog\\\/cannes-gaza-subit-le-genocide-le-plus-horrible-de-lhistoire-moderne-declarent-les-freres-nasser-sur-scene\\\/\"},\"wordCount\":609,\"publisher\":{\"@id\":\"https:\\\/\\\/jumeaux91.fr\\\/blog\\\/#organization\"},\"image\":{\"@id\":\"https:\\\/\\\/jumeaux91.fr\\\/blog\\\/cannes-gaza-subit-le-genocide-le-plus-horrible-de-lhistoire-moderne-declarent-les-freres-nasser-sur-scene\\\/#primaryimage\"},\"thumbnailUrl\":\"https:\\\/\\\/jumeaux91.fr\\\/blog\\\/wp-content\\\/uploads\\\/2025\\\/05\\\/cannes-gaza-subit-le-genocide-le-plus-horrible-de-lhistoire-moderne-declarent-les-freres-nasser-sur-scene.png\",\"articleSection\":[\"Posts Fr\u00e8res Jumeaux De L'Essonnes:\"],\"inLanguage\":\"fr-FR\"},{\"@type\":\"WebPage\",\"@id\":\"https:\\\/\\\/jumeaux91.fr\\\/blog\\\/cannes-gaza-subit-le-genocide-le-plus-horrible-de-lhistoire-moderne-declarent-les-freres-nasser-sur-scene\\\/\",\"url\":\"https:\\\/\\\/jumeaux91.fr\\\/blog\\\/cannes-gaza-subit-le-genocide-le-plus-horrible-de-lhistoire-moderne-declarent-les-freres-nasser-sur-scene\\\/\",\"name\":\"Cannes : \\\"Gaza subit le g\u00e9nocide le plus horrible de l'histoire moderne\\\", d\u00e9clarent les fr\u00e8res Nasser sur sc\u00e8ne - JUMEAUX91\",\"isPartOf\":{\"@id\":\"https:\\\/\\\/jumeaux91.fr\\\/blog\\\/#website\"},\"primaryImageOfPage\":{\"@id\":\"https:\\\/\\\/jumeaux91.fr\\\/blog\\\/cannes-gaza-subit-le-genocide-le-plus-horrible-de-lhistoire-moderne-declarent-les-freres-nasser-sur-scene\\\/#primaryimage\"},\"image\":{\"@id\":\"https:\\\/\\\/jumeaux91.fr\\\/blog\\\/cannes-gaza-subit-le-genocide-le-plus-horrible-de-lhistoire-moderne-declarent-les-freres-nasser-sur-scene\\\/#primaryimage\"},\"thumbnailUrl\":\"https:\\\/\\\/jumeaux91.fr\\\/blog\\\/wp-content\\\/uploads\\\/2025\\\/05\\\/cannes-gaza-subit-le-genocide-le-plus-horrible-de-lhistoire-moderne-declarent-les-freres-nasser-sur-scene.png\",\"datePublished\":\"2025-05-19T09:03:00+00:00\",\"breadcrumb\":{\"@id\":\"https:\\\/\\\/jumeaux91.fr\\\/blog\\\/cannes-gaza-subit-le-genocide-le-plus-horrible-de-lhistoire-moderne-declarent-les-freres-nasser-sur-scene\\\/#breadcrumb\"},\"inLanguage\":\"fr-FR\",\"potentialAction\":[{\"@type\":\"ReadAction\",\"target\":[\"https:\\\/\\\/jumeaux91.fr\\\/blog\\\/cannes-gaza-subit-le-genocide-le-plus-horrible-de-lhistoire-moderne-declarent-les-freres-nasser-sur-scene\\\/\"]}]},{\"@type\":\"ImageObject\",\"inLanguage\":\"fr-FR\",\"@id\":\"https:\\\/\\\/jumeaux91.fr\\\/blog\\\/cannes-gaza-subit-le-genocide-le-plus-horrible-de-lhistoire-moderne-declarent-les-freres-nasser-sur-scene\\\/#primaryimage\",\"url\":\"https:\\\/\\\/jumeaux91.fr\\\/blog\\\/wp-content\\\/uploads\\\/2025\\\/05\\\/cannes-gaza-subit-le-genocide-le-plus-horrible-de-lhistoire-moderne-declarent-les-freres-nasser-sur-scene.png\",\"contentUrl\":\"https:\\\/\\\/jumeaux91.fr\\\/blog\\\/wp-content\\\/uploads\\\/2025\\\/05\\\/cannes-gaza-subit-le-genocide-le-plus-horrible-de-lhistoire-moderne-declarent-les-freres-nasser-sur-scene.png\",\"width\":1158,\"height\":729,\"caption\":\"Cannes : \\\"Gaza subit le g\u00e9nocide le plus horrible de l'histoire moderne\\\", d\u00e9clarent les fr\u00e8res Nasser sur sc\u00e8ne\"},{\"@type\":\"BreadcrumbList\",\"@id\":\"https:\\\/\\\/jumeaux91.fr\\\/blog\\\/cannes-gaza-subit-le-genocide-le-plus-horrible-de-lhistoire-moderne-declarent-les-freres-nasser-sur-scene\\\/#breadcrumb\",\"itemListElement\":[{\"@type\":\"ListItem\",\"position\":1,\"name\":\"Accueil\",\"item\":\"https:\\\/\\\/jumeaux91.fr\\\/blog\\\/\"},{\"@type\":\"ListItem\",\"position\":2,\"name\":\"Cannes : \u00ab\u00a0Gaza subit le g\u00e9nocide le plus horrible de l&rsquo;histoire moderne\u00a0\u00bb, d\u00e9clarent les fr\u00e8res Nasser sur sc\u00e8ne\"}]},{\"@type\":\"WebSite\",\"@id\":\"https:\\\/\\\/jumeaux91.fr\\\/blog\\\/#website\",\"url\":\"https:\\\/\\\/jumeaux91.fr\\\/blog\\\/\",\"name\":\"JUMEAUX91\",\"description\":\"Fr\u00e8res jumeaux de l&#039;Essonnes; informations et archives, \u00e0 savoir et retenir.\",\"publisher\":{\"@id\":\"https:\\\/\\\/jumeaux91.fr\\\/blog\\\/#organization\"},\"potentialAction\":[{\"@type\":\"SearchAction\",\"target\":{\"@type\":\"EntryPoint\",\"urlTemplate\":\"https:\\\/\\\/jumeaux91.fr\\\/blog\\\/?s={search_term_string}\"},\"query-input\":{\"@type\":\"PropertyValueSpecification\",\"valueRequired\":true,\"valueName\":\"search_term_string\"}}],\"inLanguage\":\"fr-FR\"},{\"@type\":\"Organization\",\"@id\":\"https:\\\/\\\/jumeaux91.fr\\\/blog\\\/#organization\",\"name\":\"jumeaux91\",\"url\":\"https:\\\/\\\/jumeaux91.fr\\\/blog\\\/\",\"logo\":{\"@type\":\"ImageObject\",\"inLanguage\":\"fr-FR\",\"@id\":\"https:\\\/\\\/jumeaux91.fr\\\/blog\\\/#\\\/schema\\\/logo\\\/image\\\/\",\"url\":\"https:\\\/\\\/jumeaux91.fr\\\/blog\\\/wp-content\\\/uploads\\\/2023\\\/05\\\/cropped-cropped-logoJ_91.png\",\"contentUrl\":\"https:\\\/\\\/jumeaux91.fr\\\/blog\\\/wp-content\\\/uploads\\\/2023\\\/05\\\/cropped-cropped-logoJ_91.png\",\"width\":512,\"height\":512,\"caption\":\"jumeaux91\"},\"image\":{\"@id\":\"https:\\\/\\\/jumeaux91.fr\\\/blog\\\/#\\\/schema\\\/logo\\\/image\\\/\"}},{\"@type\":\"Person\",\"@id\":\"https:\\\/\\\/jumeaux91.fr\\\/blog\\\/#\\\/schema\\\/person\\\/21da06e9f119b9f64e5d45dbbd32d3fb\",\"name\":\"Claude DAYRES\",\"image\":{\"@type\":\"ImageObject\",\"inLanguage\":\"fr-FR\",\"@id\":\"https:\\\/\\\/secure.gravatar.com\\\/avatar\\\/82eb951df6110a2c48d1bfa7a67d1ee6f0cd5df3cbf9c3586dd61e82db7172a5?s=96&d=mm&r=g\",\"url\":\"https:\\\/\\\/secure.gravatar.com\\\/avatar\\\/82eb951df6110a2c48d1bfa7a67d1ee6f0cd5df3cbf9c3586dd61e82db7172a5?s=96&d=mm&r=g\",\"contentUrl\":\"https:\\\/\\\/secure.gravatar.com\\\/avatar\\\/82eb951df6110a2c48d1bfa7a67d1ee6f0cd5df3cbf9c3586dd61e82db7172a5?s=96&d=mm&r=g\",\"caption\":\"Claude DAYRES\"},\"url\":\"https:\\\/\\\/jumeaux91.fr\\\/blog\\\/author\\\/x91claude\\\/\"}]}<\/script>\n<!-- \/ Yoast SEO plugin. -->","yoast_head_json":{"title":"Cannes : \"Gaza subit le g\u00e9nocide le plus horrible de l'histoire moderne\", d\u00e9clarent les fr\u00e8res Nasser sur sc\u00e8ne - JUMEAUX91","robots":{"index":"index","follow":"follow","max-snippet":"max-snippet:-1","max-image-preview":"max-image-preview:large","max-video-preview":"max-video-preview:-1"},"canonical":"https:\/\/jumeaux91.fr\/blog\/cannes-gaza-subit-le-genocide-le-plus-horrible-de-lhistoire-moderne-declarent-les-freres-nasser-sur-scene\/","og_locale":"fr_FR","og_type":"article","og_title":"Cannes : \"Gaza subit le g\u00e9nocide le plus horrible de l'histoire moderne\", d\u00e9clarent les fr\u00e8res Nasser sur sc\u00e8ne - JUMEAUX91","og_description":"Le 78e \u00e9dition du Festival de Cannes a de nouveau \u00e9t\u00e9 marqu\u00e9e par des propos pol\u00e9miques concernant la guerre \u00e0 Gaza. Lors de la projection du film \u00ab\u00a0Il \u00e9tait une fois \u00e0 Gaza\u00a0\u00bb, les r\u00e9alisateurs jumeaux Arab et Tarzan Nasser ont d\u00e9clar\u00e9 d&#8217;embl\u00e9e dans leur discours d&rsquo;introduction que \u00ab\u00a0Gaza subit le g\u00e9nocide le plus grand&hellip; Poursuivre la lecture Cannes : \u00ab\u00a0Gaza subit le g\u00e9nocide le plus horrible de l&rsquo;histoire moderne\u00a0\u00bb, d\u00e9clarent les fr\u00e8res Nasser sur sc\u00e8ne","og_url":"https:\/\/jumeaux91.fr\/blog\/cannes-gaza-subit-le-genocide-le-plus-horrible-de-lhistoire-moderne-declarent-les-freres-nasser-sur-scene\/","og_site_name":"JUMEAUX91","article_published_time":"2025-05-19T09:03:00+00:00","og_image":[{"url":"https:\/\/jumeaux91.fr\/blog\/wp-content\/uploads\/2025\/05\/cannes-gaza-subit-le-genocide-le-plus-horrible-de-lhistoire-moderne-declarent-les-freres-nasser-sur-scene.png","type":"","width":"","height":""}],"author":"Claude DAYRES","twitter_card":"summary_large_image","twitter_misc":{"\u00c9crit par":"Claude DAYRES","Dur\u00e9e de lecture estim\u00e9e":"3 minutes"},"schema":{"@context":"https:\/\/schema.org","@graph":[{"@type":"Article","@id":"https:\/\/jumeaux91.fr\/blog\/cannes-gaza-subit-le-genocide-le-plus-horrible-de-lhistoire-moderne-declarent-les-freres-nasser-sur-scene\/#article","isPartOf":{"@id":"https:\/\/jumeaux91.fr\/blog\/cannes-gaza-subit-le-genocide-le-plus-horrible-de-lhistoire-moderne-declarent-les-freres-nasser-sur-scene\/"},"author":{"name":"Claude DAYRES","@id":"https:\/\/jumeaux91.fr\/blog\/#\/schema\/person\/21da06e9f119b9f64e5d45dbbd32d3fb"},"headline":"Cannes : \u00ab\u00a0Gaza subit le g\u00e9nocide le plus horrible de l&rsquo;histoire moderne\u00a0\u00bb, d\u00e9clarent les fr\u00e8res Nasser sur sc\u00e8ne","datePublished":"2025-05-19T09:03:00+00:00","mainEntityOfPage":{"@id":"https:\/\/jumeaux91.fr\/blog\/cannes-gaza-subit-le-genocide-le-plus-horrible-de-lhistoire-moderne-declarent-les-freres-nasser-sur-scene\/"},"wordCount":609,"publisher":{"@id":"https:\/\/jumeaux91.fr\/blog\/#organization"},"image":{"@id":"https:\/\/jumeaux91.fr\/blog\/cannes-gaza-subit-le-genocide-le-plus-horrible-de-lhistoire-moderne-declarent-les-freres-nasser-sur-scene\/#primaryimage"},"thumbnailUrl":"https:\/\/jumeaux91.fr\/blog\/wp-content\/uploads\/2025\/05\/cannes-gaza-subit-le-genocide-le-plus-horrible-de-lhistoire-moderne-declarent-les-freres-nasser-sur-scene.png","articleSection":["Posts Fr\u00e8res Jumeaux De L'Essonnes:"],"inLanguage":"fr-FR"},{"@type":"WebPage","@id":"https:\/\/jumeaux91.fr\/blog\/cannes-gaza-subit-le-genocide-le-plus-horrible-de-lhistoire-moderne-declarent-les-freres-nasser-sur-scene\/","url":"https:\/\/jumeaux91.fr\/blog\/cannes-gaza-subit-le-genocide-le-plus-horrible-de-lhistoire-moderne-declarent-les-freres-nasser-sur-scene\/","name":"Cannes : \"Gaza subit le g\u00e9nocide le plus horrible de l'histoire moderne\", d\u00e9clarent les fr\u00e8res Nasser sur sc\u00e8ne - JUMEAUX91","isPartOf":{"@id":"https:\/\/jumeaux91.fr\/blog\/#website"},"primaryImageOfPage":{"@id":"https:\/\/jumeaux91.fr\/blog\/cannes-gaza-subit-le-genocide-le-plus-horrible-de-lhistoire-moderne-declarent-les-freres-nasser-sur-scene\/#primaryimage"},"image":{"@id":"https:\/\/jumeaux91.fr\/blog\/cannes-gaza-subit-le-genocide-le-plus-horrible-de-lhistoire-moderne-declarent-les-freres-nasser-sur-scene\/#primaryimage"},"thumbnailUrl":"https:\/\/jumeaux91.fr\/blog\/wp-content\/uploads\/2025\/05\/cannes-gaza-subit-le-genocide-le-plus-horrible-de-lhistoire-moderne-declarent-les-freres-nasser-sur-scene.png","datePublished":"2025-05-19T09:03:00+00:00","breadcrumb":{"@id":"https:\/\/jumeaux91.fr\/blog\/cannes-gaza-subit-le-genocide-le-plus-horrible-de-lhistoire-moderne-declarent-les-freres-nasser-sur-scene\/#breadcrumb"},"inLanguage":"fr-FR","potentialAction":[{"@type":"ReadAction","target":["https:\/\/jumeaux91.fr\/blog\/cannes-gaza-subit-le-genocide-le-plus-horrible-de-lhistoire-moderne-declarent-les-freres-nasser-sur-scene\/"]}]},{"@type":"ImageObject","inLanguage":"fr-FR","@id":"https:\/\/jumeaux91.fr\/blog\/cannes-gaza-subit-le-genocide-le-plus-horrible-de-lhistoire-moderne-declarent-les-freres-nasser-sur-scene\/#primaryimage","url":"https:\/\/jumeaux91.fr\/blog\/wp-content\/uploads\/2025\/05\/cannes-gaza-subit-le-genocide-le-plus-horrible-de-lhistoire-moderne-declarent-les-freres-nasser-sur-scene.png","contentUrl":"https:\/\/jumeaux91.fr\/blog\/wp-content\/uploads\/2025\/05\/cannes-gaza-subit-le-genocide-le-plus-horrible-de-lhistoire-moderne-declarent-les-freres-nasser-sur-scene.png","width":1158,"height":729,"caption":"Cannes : \"Gaza subit le g\u00e9nocide le plus horrible de l'histoire moderne\", d\u00e9clarent les fr\u00e8res Nasser sur sc\u00e8ne"},{"@type":"BreadcrumbList","@id":"https:\/\/jumeaux91.fr\/blog\/cannes-gaza-subit-le-genocide-le-plus-horrible-de-lhistoire-moderne-declarent-les-freres-nasser-sur-scene\/#breadcrumb","itemListElement":[{"@type":"ListItem","position":1,"name":"Accueil","item":"https:\/\/jumeaux91.fr\/blog\/"},{"@type":"ListItem","position":2,"name":"Cannes : \u00ab\u00a0Gaza subit le g\u00e9nocide le plus horrible de l&rsquo;histoire moderne\u00a0\u00bb, d\u00e9clarent les fr\u00e8res Nasser sur sc\u00e8ne"}]},{"@type":"WebSite","@id":"https:\/\/jumeaux91.fr\/blog\/#website","url":"https:\/\/jumeaux91.fr\/blog\/","name":"JUMEAUX91","description":"Fr\u00e8res jumeaux de l&#039;Essonnes; informations et archives, \u00e0 savoir et retenir.","publisher":{"@id":"https:\/\/jumeaux91.fr\/blog\/#organization"},"potentialAction":[{"@type":"SearchAction","target":{"@type":"EntryPoint","urlTemplate":"https:\/\/jumeaux91.fr\/blog\/?s={search_term_string}"},"query-input":{"@type":"PropertyValueSpecification","valueRequired":true,"valueName":"search_term_string"}}],"inLanguage":"fr-FR"},{"@type":"Organization","@id":"https:\/\/jumeaux91.fr\/blog\/#organization","name":"jumeaux91","url":"https:\/\/jumeaux91.fr\/blog\/","logo":{"@type":"ImageObject","inLanguage":"fr-FR","@id":"https:\/\/jumeaux91.fr\/blog\/#\/schema\/logo\/image\/","url":"https:\/\/jumeaux91.fr\/blog\/wp-content\/uploads\/2023\/05\/cropped-cropped-logoJ_91.png","contentUrl":"https:\/\/jumeaux91.fr\/blog\/wp-content\/uploads\/2023\/05\/cropped-cropped-logoJ_91.png","width":512,"height":512,"caption":"jumeaux91"},"image":{"@id":"https:\/\/jumeaux91.fr\/blog\/#\/schema\/logo\/image\/"}},{"@type":"Person","@id":"https:\/\/jumeaux91.fr\/blog\/#\/schema\/person\/21da06e9f119b9f64e5d45dbbd32d3fb","name":"Claude DAYRES","image":{"@type":"ImageObject","inLanguage":"fr-FR","@id":"https:\/\/secure.gravatar.com\/avatar\/82eb951df6110a2c48d1bfa7a67d1ee6f0cd5df3cbf9c3586dd61e82db7172a5?s=96&d=mm&r=g","url":"https:\/\/secure.gravatar.com\/avatar\/82eb951df6110a2c48d1bfa7a67d1ee6f0cd5df3cbf9c3586dd61e82db7172a5?s=96&d=mm&r=g","contentUrl":"https:\/\/secure.gravatar.com\/avatar\/82eb951df6110a2c48d1bfa7a67d1ee6f0cd5df3cbf9c3586dd61e82db7172a5?s=96&d=mm&r=g","caption":"Claude DAYRES"},"url":"https:\/\/jumeaux91.fr\/blog\/author\/x91claude\/"}]}},"_links":{"self":[{"href":"https:\/\/jumeaux91.fr\/blog\/wp-json\/wp\/v2\/posts\/1217","targetHints":{"allow":["GET"]}}],"collection":[{"href":"https:\/\/jumeaux91.fr\/blog\/wp-json\/wp\/v2\/posts"}],"about":[{"href":"https:\/\/jumeaux91.fr\/blog\/wp-json\/wp\/v2\/types\/post"}],"author":[{"embeddable":true,"href":"https:\/\/jumeaux91.fr\/blog\/wp-json\/wp\/v2\/users\/2"}],"replies":[{"embeddable":true,"href":"https:\/\/jumeaux91.fr\/blog\/wp-json\/wp\/v2\/comments?post=1217"}],"version-history":[{"count":0,"href":"https:\/\/jumeaux91.fr\/blog\/wp-json\/wp\/v2\/posts\/1217\/revisions"}],"wp:featuredmedia":[{"embeddable":true,"href":"https:\/\/jumeaux91.fr\/blog\/wp-json\/wp\/v2\/media\/1218"}],"wp:attachment":[{"href":"https:\/\/jumeaux91.fr\/blog\/wp-json\/wp\/v2\/media?parent=1217"}],"wp:term":[{"taxonomy":"category","embeddable":true,"href":"https:\/\/jumeaux91.fr\/blog\/wp-json\/wp\/v2\/categories?post=1217"},{"taxonomy":"post_tag","embeddable":true,"href":"https:\/\/jumeaux91.fr\/blog\/wp-json\/wp\/v2\/tags?post=1217"}],"curies":[{"name":"wp","href":"https:\/\/api.w.org\/{rel}","templated":true}]}}