{"id":1229,"date":"2025-05-16T05:00:00","date_gmt":"2025-05-16T03:00:00","guid":{"rendered":"https:\/\/jumeaux91.fr\/blog\/les-oeufs-derwan-multiplient-les-investissements-pour-devenir-incontournables-en-bretagne\/"},"modified":"2025-05-16T05:00:00","modified_gmt":"2025-05-16T03:00:00","slug":"les-oeufs-derwan-multiplient-les-investissements-pour-devenir-incontournables-en-bretagne","status":"publish","type":"post","link":"https:\/\/jumeaux91.fr\/blog\/les-oeufs-derwan-multiplient-les-investissements-pour-devenir-incontournables-en-bretagne\/","title":{"rendered":"Les \u0152ufs d\u2019Erwan multiplient les investissements pour devenir incontournables en Bretagne"},"content":{"rendered":"<p>Lorsqu\u2019en 2012 les fr\u00e8res jumeaux Nicolas et S\u00e9bastien Saliou ont int\u00e9gr\u00e9 l\u2019entreprise cr\u00e9\u00e9e par leur grand-p\u00e8re, Raymond, et d\u00e9velopp\u00e9 par leur p\u00e8re Pierrick, ce dernier \u00e9tait inquiet de voir ses deux fils, qui menaient leur carri\u00e8re d\u2019ing\u00e9nieurs agricoles ailleurs, revenir dans les C\u00f4tes-d\u2019Armor. La soci\u00e9t\u00e9 Les \u0152ufs d\u2019Erwan (avec Les \u0152ufs d\u2019Armor pour la partie produits et conditionnement, et Pors Bodiou par sa partie distribution), bas\u00e9e \u00e0 Minihy-Tr\u00e9guier, qui produit et conditionne des \u0153ufs coquilles, affichait alors 400 000 euros de chiffre d\u2019affaires. \u00ab\u00a0Ils arrivaient avec leurs deux familles, allait-il pouvoir les faire vivre ?\u00a0\u00bb, se souvient Pierrick Saliou, aujourd\u2019hui \u00e0 la retraite mais qui joue le r\u00f4le de conseiller officieux de ses enfants.<\/p>\n<h3>Un centre de conditionnement ouvert en 2022<\/h3>\n<p>Aujourd\u2019hui, alors que Les \u0152ufs d\u2019Erwan (45 salari\u00e9s) a r\u00e9alis\u00e9 un chiffre d\u2019affaires de 21 millions d\u2019euros en 2024, a produit 18 % des \u0153ufs consomm\u00e9s en Bretagne et va en conditionner 30 % en 2026, le Costarmoricain peut \u00eatre rassur\u00e9. Cette croissance a \u00e9t\u00e9 port\u00e9e par la hausse des ventes d\u2019\u0153ufs en coquille, prot\u00e9ine bon march\u00e9 pl\u00e9biscit\u00e9e par les consommateurs. Mais aussi et surtout par une s\u00e9rie d\u2019investissements r\u00e9alis\u00e9s par les deux dirigeants, \u00e0 commencer par un centre de conditionnement de 3 200 m\u00b2, ouvert en septembre 2022.<\/p>\n<div data-embed-button=\"image_media\" data-entity-embed-display=\"view_mode:media.landscape\" data-entity-type=\"media\" data-entity-uuid=\"bc50f39f-d103-4f53-b09e-5214dd160d21\" data-langcode=\"fr\" data-entity-embed-display-settings=\"[]\" class=\"embedded-entity\">\n<figure class=\"figure media-image\">     <img decoding=\"async\" alt loading=\"lazy\" width=\"635\" height=\"397\" src=\"https:\/\/jumeaux91.fr\/blog\/wp-content\/uploads\/2025\/05\/les-oeufs-derwan-multiplient-les-investissements-pour-devenir-incontournables-en-bretagne.jpg\"><figcaption class=\"figure-caption\"> Le centre de conditionnement des \u0152ufs d\u2019Erwan, situ\u00e9 \u00e0 Minihy-Tr\u00e9guier, passera d\u2019une capacit\u00e9 de 100 millions d\u2019\u0153ufs conditionn\u00e9s en 2022 \u00e0 200 millions d\u2019\u0153ufs en 2026 \u2014 Photo : Matthieu Leman <\/figcaption><\/figure>\n<\/div>\n<h3>1 000 m\u00b2 de panneaux photovolta\u00efques pour s\u00e9curiser le site<\/h3>\n<p>Cet \u00e9quipement qui a co\u00fbt\u00e9 3,5 millions d\u2019euros s\u2019est vite r\u00e9v\u00e9l\u00e9 trop petit. Dimensionn\u00e9 pour conditionner 100 millions d\u2019\u0153ufs par an, il en a trait\u00e9 115 millions en 2024, apr\u00e8s des extensions et investissements en automatisme. \u00ab\u00a0Nous avons investi 1 million d\u2019euros pour six robots de conditionnement, et 300 000 euros pour l\u2019automatisation du nettoyage des alv\u00e9oles (dans lesquelles les \u0153ufs sont plac\u00e9s, NDLR)\u00a0\u00bb, raconte Nicolas Saliou.<\/p>\n<p>Une extension de stockage des emballages (350 000 euros d\u2019investissement), en 2024, et la pose sur 1 000 m\u00b2 de panneaux photovolta\u00efques, cette ann\u00e9e, \u00ab\u00a0pour assurer la s\u00e9curisation \u00e9nerg\u00e9tique du site\u00a0\u00bb participent \u00e0 cette mont\u00e9e en puissance. Comme une autre extension de 250 m\u00b2 de la partie exp\u00e9dition (250 000 euros d\u2019investissement) cette ann\u00e9e. Et ce n\u2019est pas fini puisque l\u2019objectif est de conditionner 125 millions d\u2019\u0153ufs en 2025 et 170 millions en 2026.<\/p>\n<h3>Un potentiel de 200 millions d\u2019\u0153ufs conditionn\u00e9s par an<\/h3>\n<p>\u00ab\u00a0Nous allons investir 2,5 millions d\u2019euros en 2026 pour remplacer notre machine actuelle, qui a une capacit\u00e9 de 60 000 \u0153ufs conditionn\u00e9s par heure, par une autre de 120 000 \u0153ufs par heure, soit un potentiel de 200 millions d\u2019\u0153ufs conditionn\u00e9s par an\u00a0\u00bb, annonce S\u00e9bastien Saliou.<\/p>\n<p>Pour participer \u00e0 cette augmentation de la capacit\u00e9 de ce centre de conditionnement, qui aura doubl\u00e9 entre 2022 et 2026, Les \u0152ufs d\u2019Erwan investissent \u00e9galement dans l\u2019amont. Pour s\u00e9curiser ses approvisionnements, la PME costarmoricaine a acquis deux nouveaux sites de pontes. L\u2019un \u00e0 Minihy-Tr\u00e9guier, install\u00e9 dans un b\u00e2timent existant tout pr\u00e8s du si\u00e8ge et du centre de conditionnement de l\u2019entreprise, compte 33 000 poules pondeuses. Il a \u00e9t\u00e9 mis en service en mars. Le second, de 76 000 poules, est situ\u00e9 \u00e0 Plouec-du-Trieux (C\u00f4tes-d\u2019Armor) et devrait rouvrir apr\u00e8s travaux \u00e0 la fin de l\u2019ann\u00e9e.<\/p>\n<h3>320 000 poules pondeuses<\/h3>\n<p>\u00ab\u00a0Ces acquisitions et travaux auront n\u00e9cessit\u00e9 au total un investissement de 4,5 millions d\u2019euros, dont 3,5 millions d\u2018euros en mat\u00e9riel, entre emballeuses, robotisation de la distribution d\u2019aliments, voli\u00e8res\u2026\u00a0\u00bb, note Pierrick Saliou. Avec ces deux nouveaux sites de production, Les \u0152ufs d\u2019Erwan en compte huit pour 320 000 poules pondeuses. Avec ce nouvel apport, la part des \u0153ufs conditionn\u00e9s par la PME qui viennent de ses propres \u00e9levages s\u2019\u00e9l\u00e8vera \u00e0 55 %. Le reste vient d\u2019autres \u00e9leveurs en direct ou par l\u2019interm\u00e9diaire d\u2019organisations de producteurs comme Le Gouessant.<\/p>\n<h3>12 millions d\u2019euros pour automatiser les sites de production<\/h3>\n<p>\u00ab\u00a0Tous nos sites sont automatis\u00e9s. Pour cela, nous avons investi plus de 12 millions d\u2019euros\u00a0\u00bb, note encore Nicolas Saliou. Des poules qui vivent au sol (55 %), en plein air (30 %) ou suivant la fili\u00e8re bio, alors que 100 % d\u2019entre elles se trouvaient en cage en 2012. \u00ab\u00a0Nous avons pris le bon chemin car les \u0153ufs provenant de poules en cage ne pourront plus \u00eatre vendus en grande surface \u00e0 partir de la fin de l\u2019ann\u00e9e\u00a0\u00bb, se f\u00e9licite S\u00e9bastien Saliou.<\/p>\n<p>Or, la GMS constitue 90 % des clients des \u0152ufs d\u2019Erwan, le reste \u00e9tant destin\u00e9 \u00e0 la restauration hors domicile. \u00ab\u00a0Nous fournissons toutes les enseignes pr\u00e9sentes en Bretagne, sauf les hard discounters\u00a0\u00bb, pointe Nicolas Saliou. 80 % des \u0153ufs sont vendus sous Marques de distributeurs (MDD). \u00ab\u00a0En octobre 2024, nous avons sign\u00e9 avec Intermarch\u00e9 un accord pour fournir environ 40 millions d\u2019\u0153ufs sous la marque MDD Volae sur les d\u00e9partements des C\u00f4tes-d&rsquo;Armor, du Finist\u00e8re et du Morbihan\u00a0\u00bb, annonce S\u00e9bastien Saliou. Un gros contrat qui p\u00e8se pr\u00e8s de 20 % du chiffre d\u2019affaires de la PME costarmoricaine.<\/p>\n<h3>Trois marques propres<\/h3>\n<p>Les \u0152ufs d\u2019Erwan poss\u00e8dent \u00e9galement trois marques propres : Keryann et La Croix Verte pour les centrales d\u2019achat, et Les \u0152ufs d\u2019Erwan pour les magasins contractualis\u00e9s en direct (30 % du total). \u00ab\u00a0Ces derniers sont des locaux, pour lesquels nous assurons la mise en rayon, un service suppl\u00e9mentaire\u00a0\u00bb, souligne Pierrick Saliou. Trois d\u00e9p\u00f4ts, au centre de conditionnement de Minihy-Tr\u00e9guier, \u00e0 Ruca (C\u00f4tes-d\u2019Armor) et \u00e0 Saint-Gilles (Ille-et-Vilaine), sont affect\u00e9s \u00e0 ces ventes directes.<\/p>\n<h3>Aller chercher les 50 % de parts de march\u00e9 en Bretagne<\/h3>\n<p>Aller chercher de nouveaux contrats de MDD constitue la priorit\u00e9 commerciale de l\u2019entreprise. \u00ab\u00a0Entrer dans les centrales avec nos marques propres a \u00e9t\u00e9 un long travail, raconte Nicolas Saliou. Nous avons propos\u00e9 ensuite de produire sous MDD, ce qui nous a oblig\u00e9s \u00e0 monter en r\u00e9gime et en comp\u00e9tence, en obtenant notamment le label International Food Standard. Nous en sommes au stade 2 et continuons. Nous ne sommes qu\u2019une dizaine d\u2019op\u00e9rateurs \u00e0 livrer des MDD en France, \u00e7a nous a fait passer un cap.\u00a0\u00bb<\/p>\n<p>Profitant d\u2019un march\u00e9 dynamique, notamment depuis la Covid, les deux fr\u00e8res veulent devenir \u00ab\u00a0incontournables\u00a0\u00bb dans les C\u00f4tes-d\u2019Armor, premier d\u00e9partement fran\u00e7ais en nombre de poules pondeuses, et en Bretagne. \u00ab\u00a0Nous aurons 30 % de parts de march\u00e9 en 2026, ce serait bien d\u2019atteindre 50 %. Apr\u00e8s, il faudra savoir freiner la machine, souffler et asseoir tout \u00e7a\u00a0\u00bb, conclut le dirigeant.<\/p>\n<p> La chronique se veut g\u00e9n\u00e9r\u00e9e de la fa\u00e7on la plus claire que possible. Dans le cas o\u00f9 vous souhaitez pr\u00e9senter des renseignements compl\u00e9mentaires \u00e0 cet article sur le sujet \u00ab\u00a0Fr\u00e8res jumeaux de l&rsquo;Essonnes\u00a0\u00bb il vous est possible d\u2019\u00e9crire aux contacts indiqu\u00e9s sur notre website. La raison d\u2019\u00eatre de jumeaux91.fr \u00e9tant de rassembler sur le web des posts sur le sujet de Fr\u00e8res jumeaux de l&rsquo;Essonnes puis les diffuser en r\u00e9pondant au mieux aux interrogations des gens. Vous pouvez tirer profit de cet article traitant le sujet \u00ab\u00a0Fr\u00e8res jumeaux de l&rsquo;Essonnes\u00a0\u00bb. Il est concoct\u00e9 par l\u2019\u00e9quipe jumeaux91.fr. Prochainement, nous rendrons accessibles au public d&rsquo;autres informations pertinentes sur le sujet \u00ab\u00a0Fr\u00e8res jumeaux de l&rsquo;Essonnes\u00a0\u00bb. Alors, consultez syst\u00e9matiquement notre blog.<\/p>\n","protected":false},"excerpt":{"rendered":"<p>Lorsqu\u2019en 2012 les fr\u00e8res jumeaux Nicolas et S\u00e9bastien Saliou ont int\u00e9gr\u00e9 l\u2019entreprise cr\u00e9\u00e9e par leur grand-p\u00e8re, Raymond, et d\u00e9velopp\u00e9 par leur p\u00e8re Pierrick, ce dernier \u00e9tait inquiet de voir ses deux fils, qui menaient leur carri\u00e8re d\u2019ing\u00e9nieurs agricoles ailleurs, revenir dans les C\u00f4tes-d\u2019Armor. La soci\u00e9t\u00e9 Les \u0152ufs d\u2019Erwan (avec Les \u0152ufs d\u2019Armor pour la partie&hellip; <a class=\"more-link\" href=\"https:\/\/jumeaux91.fr\/blog\/les-oeufs-derwan-multiplient-les-investissements-pour-devenir-incontournables-en-bretagne\/\">Poursuivre la lecture <span class=\"screen-reader-text\">Les \u0152ufs d\u2019Erwan multiplient les investissements pour devenir incontournables en Bretagne<\/span><\/a><\/p>\n","protected":false},"author":2,"featured_media":1230,"comment_status":"closed","ping_status":"closed","sticky":false,"template":"","format":"standard","meta":{"footnotes":""},"categories":[4],"tags":[],"class_list":["post-1229","post","type-post","status-publish","format-standard","has-post-thumbnail","hentry","category-posts-freres-jumeaux-de-lessonnes","entry"],"yoast_head":"<!-- This site is optimized with the Yoast SEO plugin v27.5 - https:\/\/yoast.com\/product\/yoast-seo-wordpress\/ -->\n<title>Les \u0152ufs d\u2019Erwan multiplient les investissements pour devenir incontournables en Bretagne - JUMEAUX91<\/title>\n<meta name=\"robots\" content=\"index, follow, max-snippet:-1, max-image-preview:large, max-video-preview:-1\" \/>\n<link rel=\"canonical\" href=\"https:\/\/jumeaux91.fr\/blog\/les-oeufs-derwan-multiplient-les-investissements-pour-devenir-incontournables-en-bretagne\/\" \/>\n<meta property=\"og:locale\" content=\"fr_FR\" \/>\n<meta property=\"og:type\" content=\"article\" \/>\n<meta property=\"og:title\" content=\"Les \u0152ufs d\u2019Erwan multiplient les investissements pour devenir incontournables en Bretagne - JUMEAUX91\" \/>\n<meta property=\"og:description\" content=\"Lorsqu\u2019en 2012 les fr\u00e8res jumeaux Nicolas et S\u00e9bastien Saliou ont int\u00e9gr\u00e9 l\u2019entreprise cr\u00e9\u00e9e par leur grand-p\u00e8re, Raymond, et d\u00e9velopp\u00e9 par leur p\u00e8re Pierrick, ce dernier \u00e9tait inquiet de voir ses deux fils, qui menaient leur carri\u00e8re d\u2019ing\u00e9nieurs agricoles ailleurs, revenir dans les C\u00f4tes-d\u2019Armor. La soci\u00e9t\u00e9 Les \u0152ufs d\u2019Erwan (avec Les \u0152ufs d\u2019Armor pour la partie&hellip; Poursuivre la lecture Les \u0152ufs d\u2019Erwan multiplient les investissements pour devenir incontournables en Bretagne\" \/>\n<meta property=\"og:url\" content=\"https:\/\/jumeaux91.fr\/blog\/les-oeufs-derwan-multiplient-les-investissements-pour-devenir-incontournables-en-bretagne\/\" \/>\n<meta property=\"og:site_name\" content=\"JUMEAUX91\" \/>\n<meta property=\"article:published_time\" content=\"2025-05-16T03:00:00+00:00\" \/>\n<meta property=\"og:image\" content=\"https:\/\/jumeaux91.fr\/blog\/wp-content\/uploads\/2025\/05\/les-oeufs-derwan-multiplient-les-investissements-pour-devenir-incontournables-en-bretagne.jpg\" \/>\n<meta name=\"author\" content=\"Claude DAYRES\" \/>\n<meta name=\"twitter:card\" content=\"summary_large_image\" \/>\n<meta name=\"twitter:label1\" content=\"\u00c9crit par\" \/>\n\t<meta name=\"twitter:data1\" content=\"Claude DAYRES\" \/>\n\t<meta name=\"twitter:label2\" content=\"Dur\u00e9e de lecture estim\u00e9e\" \/>\n\t<meta name=\"twitter:data2\" content=\"6 minutes\" \/>\n<script type=\"application\/ld+json\" class=\"yoast-schema-graph\">{\"@context\":\"https:\\\/\\\/schema.org\",\"@graph\":[{\"@type\":\"Article\",\"@id\":\"https:\\\/\\\/jumeaux91.fr\\\/blog\\\/les-oeufs-derwan-multiplient-les-investissements-pour-devenir-incontournables-en-bretagne\\\/#article\",\"isPartOf\":{\"@id\":\"https:\\\/\\\/jumeaux91.fr\\\/blog\\\/les-oeufs-derwan-multiplient-les-investissements-pour-devenir-incontournables-en-bretagne\\\/\"},\"author\":{\"name\":\"Claude DAYRES\",\"@id\":\"https:\\\/\\\/jumeaux91.fr\\\/blog\\\/#\\\/schema\\\/person\\\/21da06e9f119b9f64e5d45dbbd32d3fb\"},\"headline\":\"Les \u0152ufs d\u2019Erwan multiplient les investissements pour devenir incontournables en Bretagne\",\"datePublished\":\"2025-05-16T03:00:00+00:00\",\"mainEntityOfPage\":{\"@id\":\"https:\\\/\\\/jumeaux91.fr\\\/blog\\\/les-oeufs-derwan-multiplient-les-investissements-pour-devenir-incontournables-en-bretagne\\\/\"},\"wordCount\":1239,\"publisher\":{\"@id\":\"https:\\\/\\\/jumeaux91.fr\\\/blog\\\/#organization\"},\"image\":{\"@id\":\"https:\\\/\\\/jumeaux91.fr\\\/blog\\\/les-oeufs-derwan-multiplient-les-investissements-pour-devenir-incontournables-en-bretagne\\\/#primaryimage\"},\"thumbnailUrl\":\"https:\\\/\\\/jumeaux91.fr\\\/blog\\\/wp-content\\\/uploads\\\/2025\\\/05\\\/les-oeufs-derwan-multiplient-les-investissements-pour-devenir-incontournables-en-bretagne.jpg\",\"articleSection\":[\"Posts Fr\u00e8res Jumeaux De L'Essonnes:\"],\"inLanguage\":\"fr-FR\"},{\"@type\":\"WebPage\",\"@id\":\"https:\\\/\\\/jumeaux91.fr\\\/blog\\\/les-oeufs-derwan-multiplient-les-investissements-pour-devenir-incontournables-en-bretagne\\\/\",\"url\":\"https:\\\/\\\/jumeaux91.fr\\\/blog\\\/les-oeufs-derwan-multiplient-les-investissements-pour-devenir-incontournables-en-bretagne\\\/\",\"name\":\"Les \u0152ufs d\u2019Erwan multiplient les investissements pour devenir incontournables en Bretagne - JUMEAUX91\",\"isPartOf\":{\"@id\":\"https:\\\/\\\/jumeaux91.fr\\\/blog\\\/#website\"},\"primaryImageOfPage\":{\"@id\":\"https:\\\/\\\/jumeaux91.fr\\\/blog\\\/les-oeufs-derwan-multiplient-les-investissements-pour-devenir-incontournables-en-bretagne\\\/#primaryimage\"},\"image\":{\"@id\":\"https:\\\/\\\/jumeaux91.fr\\\/blog\\\/les-oeufs-derwan-multiplient-les-investissements-pour-devenir-incontournables-en-bretagne\\\/#primaryimage\"},\"thumbnailUrl\":\"https:\\\/\\\/jumeaux91.fr\\\/blog\\\/wp-content\\\/uploads\\\/2025\\\/05\\\/les-oeufs-derwan-multiplient-les-investissements-pour-devenir-incontournables-en-bretagne.jpg\",\"datePublished\":\"2025-05-16T03:00:00+00:00\",\"breadcrumb\":{\"@id\":\"https:\\\/\\\/jumeaux91.fr\\\/blog\\\/les-oeufs-derwan-multiplient-les-investissements-pour-devenir-incontournables-en-bretagne\\\/#breadcrumb\"},\"inLanguage\":\"fr-FR\",\"potentialAction\":[{\"@type\":\"ReadAction\",\"target\":[\"https:\\\/\\\/jumeaux91.fr\\\/blog\\\/les-oeufs-derwan-multiplient-les-investissements-pour-devenir-incontournables-en-bretagne\\\/\"]}]},{\"@type\":\"ImageObject\",\"inLanguage\":\"fr-FR\",\"@id\":\"https:\\\/\\\/jumeaux91.fr\\\/blog\\\/les-oeufs-derwan-multiplient-les-investissements-pour-devenir-incontournables-en-bretagne\\\/#primaryimage\",\"url\":\"https:\\\/\\\/jumeaux91.fr\\\/blog\\\/wp-content\\\/uploads\\\/2025\\\/05\\\/les-oeufs-derwan-multiplient-les-investissements-pour-devenir-incontournables-en-bretagne.jpg\",\"contentUrl\":\"https:\\\/\\\/jumeaux91.fr\\\/blog\\\/wp-content\\\/uploads\\\/2025\\\/05\\\/les-oeufs-derwan-multiplient-les-investissements-pour-devenir-incontournables-en-bretagne.jpg\",\"width\":635,\"height\":397,\"caption\":\"Les \u0152ufs d\u2019Erwan multiplient les investissements pour devenir incontournables en Bretagne\"},{\"@type\":\"BreadcrumbList\",\"@id\":\"https:\\\/\\\/jumeaux91.fr\\\/blog\\\/les-oeufs-derwan-multiplient-les-investissements-pour-devenir-incontournables-en-bretagne\\\/#breadcrumb\",\"itemListElement\":[{\"@type\":\"ListItem\",\"position\":1,\"name\":\"Accueil\",\"item\":\"https:\\\/\\\/jumeaux91.fr\\\/blog\\\/\"},{\"@type\":\"ListItem\",\"position\":2,\"name\":\"Les \u0152ufs d\u2019Erwan multiplient les investissements pour devenir incontournables en Bretagne\"}]},{\"@type\":\"WebSite\",\"@id\":\"https:\\\/\\\/jumeaux91.fr\\\/blog\\\/#website\",\"url\":\"https:\\\/\\\/jumeaux91.fr\\\/blog\\\/\",\"name\":\"JUMEAUX91\",\"description\":\"Fr\u00e8res jumeaux de l&#039;Essonnes; informations et archives, \u00e0 savoir et retenir.\",\"publisher\":{\"@id\":\"https:\\\/\\\/jumeaux91.fr\\\/blog\\\/#organization\"},\"potentialAction\":[{\"@type\":\"SearchAction\",\"target\":{\"@type\":\"EntryPoint\",\"urlTemplate\":\"https:\\\/\\\/jumeaux91.fr\\\/blog\\\/?s={search_term_string}\"},\"query-input\":{\"@type\":\"PropertyValueSpecification\",\"valueRequired\":true,\"valueName\":\"search_term_string\"}}],\"inLanguage\":\"fr-FR\"},{\"@type\":\"Organization\",\"@id\":\"https:\\\/\\\/jumeaux91.fr\\\/blog\\\/#organization\",\"name\":\"jumeaux91\",\"url\":\"https:\\\/\\\/jumeaux91.fr\\\/blog\\\/\",\"logo\":{\"@type\":\"ImageObject\",\"inLanguage\":\"fr-FR\",\"@id\":\"https:\\\/\\\/jumeaux91.fr\\\/blog\\\/#\\\/schema\\\/logo\\\/image\\\/\",\"url\":\"https:\\\/\\\/jumeaux91.fr\\\/blog\\\/wp-content\\\/uploads\\\/2023\\\/05\\\/cropped-cropped-logoJ_91.png\",\"contentUrl\":\"https:\\\/\\\/jumeaux91.fr\\\/blog\\\/wp-content\\\/uploads\\\/2023\\\/05\\\/cropped-cropped-logoJ_91.png\",\"width\":512,\"height\":512,\"caption\":\"jumeaux91\"},\"image\":{\"@id\":\"https:\\\/\\\/jumeaux91.fr\\\/blog\\\/#\\\/schema\\\/logo\\\/image\\\/\"}},{\"@type\":\"Person\",\"@id\":\"https:\\\/\\\/jumeaux91.fr\\\/blog\\\/#\\\/schema\\\/person\\\/21da06e9f119b9f64e5d45dbbd32d3fb\",\"name\":\"Claude DAYRES\",\"image\":{\"@type\":\"ImageObject\",\"inLanguage\":\"fr-FR\",\"@id\":\"https:\\\/\\\/secure.gravatar.com\\\/avatar\\\/82eb951df6110a2c48d1bfa7a67d1ee6f0cd5df3cbf9c3586dd61e82db7172a5?s=96&d=mm&r=g\",\"url\":\"https:\\\/\\\/secure.gravatar.com\\\/avatar\\\/82eb951df6110a2c48d1bfa7a67d1ee6f0cd5df3cbf9c3586dd61e82db7172a5?s=96&d=mm&r=g\",\"contentUrl\":\"https:\\\/\\\/secure.gravatar.com\\\/avatar\\\/82eb951df6110a2c48d1bfa7a67d1ee6f0cd5df3cbf9c3586dd61e82db7172a5?s=96&d=mm&r=g\",\"caption\":\"Claude DAYRES\"},\"url\":\"https:\\\/\\\/jumeaux91.fr\\\/blog\\\/author\\\/x91claude\\\/\"}]}<\/script>\n<!-- \/ Yoast SEO plugin. -->","yoast_head_json":{"title":"Les \u0152ufs d\u2019Erwan multiplient les investissements pour devenir incontournables en Bretagne - JUMEAUX91","robots":{"index":"index","follow":"follow","max-snippet":"max-snippet:-1","max-image-preview":"max-image-preview:large","max-video-preview":"max-video-preview:-1"},"canonical":"https:\/\/jumeaux91.fr\/blog\/les-oeufs-derwan-multiplient-les-investissements-pour-devenir-incontournables-en-bretagne\/","og_locale":"fr_FR","og_type":"article","og_title":"Les \u0152ufs d\u2019Erwan multiplient les investissements pour devenir incontournables en Bretagne - JUMEAUX91","og_description":"Lorsqu\u2019en 2012 les fr\u00e8res jumeaux Nicolas et S\u00e9bastien Saliou ont int\u00e9gr\u00e9 l\u2019entreprise cr\u00e9\u00e9e par leur grand-p\u00e8re, Raymond, et d\u00e9velopp\u00e9 par leur p\u00e8re Pierrick, ce dernier \u00e9tait inquiet de voir ses deux fils, qui menaient leur carri\u00e8re d\u2019ing\u00e9nieurs agricoles ailleurs, revenir dans les C\u00f4tes-d\u2019Armor. La soci\u00e9t\u00e9 Les \u0152ufs d\u2019Erwan (avec Les \u0152ufs d\u2019Armor pour la partie&hellip; Poursuivre la lecture Les \u0152ufs d\u2019Erwan multiplient les investissements pour devenir incontournables en Bretagne","og_url":"https:\/\/jumeaux91.fr\/blog\/les-oeufs-derwan-multiplient-les-investissements-pour-devenir-incontournables-en-bretagne\/","og_site_name":"JUMEAUX91","article_published_time":"2025-05-16T03:00:00+00:00","og_image":[{"url":"https:\/\/jumeaux91.fr\/blog\/wp-content\/uploads\/2025\/05\/les-oeufs-derwan-multiplient-les-investissements-pour-devenir-incontournables-en-bretagne.jpg","type":"","width":"","height":""}],"author":"Claude DAYRES","twitter_card":"summary_large_image","twitter_misc":{"\u00c9crit par":"Claude DAYRES","Dur\u00e9e de lecture estim\u00e9e":"6 minutes"},"schema":{"@context":"https:\/\/schema.org","@graph":[{"@type":"Article","@id":"https:\/\/jumeaux91.fr\/blog\/les-oeufs-derwan-multiplient-les-investissements-pour-devenir-incontournables-en-bretagne\/#article","isPartOf":{"@id":"https:\/\/jumeaux91.fr\/blog\/les-oeufs-derwan-multiplient-les-investissements-pour-devenir-incontournables-en-bretagne\/"},"author":{"name":"Claude DAYRES","@id":"https:\/\/jumeaux91.fr\/blog\/#\/schema\/person\/21da06e9f119b9f64e5d45dbbd32d3fb"},"headline":"Les \u0152ufs d\u2019Erwan multiplient les investissements pour devenir incontournables en Bretagne","datePublished":"2025-05-16T03:00:00+00:00","mainEntityOfPage":{"@id":"https:\/\/jumeaux91.fr\/blog\/les-oeufs-derwan-multiplient-les-investissements-pour-devenir-incontournables-en-bretagne\/"},"wordCount":1239,"publisher":{"@id":"https:\/\/jumeaux91.fr\/blog\/#organization"},"image":{"@id":"https:\/\/jumeaux91.fr\/blog\/les-oeufs-derwan-multiplient-les-investissements-pour-devenir-incontournables-en-bretagne\/#primaryimage"},"thumbnailUrl":"https:\/\/jumeaux91.fr\/blog\/wp-content\/uploads\/2025\/05\/les-oeufs-derwan-multiplient-les-investissements-pour-devenir-incontournables-en-bretagne.jpg","articleSection":["Posts Fr\u00e8res Jumeaux De L'Essonnes:"],"inLanguage":"fr-FR"},{"@type":"WebPage","@id":"https:\/\/jumeaux91.fr\/blog\/les-oeufs-derwan-multiplient-les-investissements-pour-devenir-incontournables-en-bretagne\/","url":"https:\/\/jumeaux91.fr\/blog\/les-oeufs-derwan-multiplient-les-investissements-pour-devenir-incontournables-en-bretagne\/","name":"Les \u0152ufs d\u2019Erwan multiplient les investissements pour devenir incontournables en Bretagne - JUMEAUX91","isPartOf":{"@id":"https:\/\/jumeaux91.fr\/blog\/#website"},"primaryImageOfPage":{"@id":"https:\/\/jumeaux91.fr\/blog\/les-oeufs-derwan-multiplient-les-investissements-pour-devenir-incontournables-en-bretagne\/#primaryimage"},"image":{"@id":"https:\/\/jumeaux91.fr\/blog\/les-oeufs-derwan-multiplient-les-investissements-pour-devenir-incontournables-en-bretagne\/#primaryimage"},"thumbnailUrl":"https:\/\/jumeaux91.fr\/blog\/wp-content\/uploads\/2025\/05\/les-oeufs-derwan-multiplient-les-investissements-pour-devenir-incontournables-en-bretagne.jpg","datePublished":"2025-05-16T03:00:00+00:00","breadcrumb":{"@id":"https:\/\/jumeaux91.fr\/blog\/les-oeufs-derwan-multiplient-les-investissements-pour-devenir-incontournables-en-bretagne\/#breadcrumb"},"inLanguage":"fr-FR","potentialAction":[{"@type":"ReadAction","target":["https:\/\/jumeaux91.fr\/blog\/les-oeufs-derwan-multiplient-les-investissements-pour-devenir-incontournables-en-bretagne\/"]}]},{"@type":"ImageObject","inLanguage":"fr-FR","@id":"https:\/\/jumeaux91.fr\/blog\/les-oeufs-derwan-multiplient-les-investissements-pour-devenir-incontournables-en-bretagne\/#primaryimage","url":"https:\/\/jumeaux91.fr\/blog\/wp-content\/uploads\/2025\/05\/les-oeufs-derwan-multiplient-les-investissements-pour-devenir-incontournables-en-bretagne.jpg","contentUrl":"https:\/\/jumeaux91.fr\/blog\/wp-content\/uploads\/2025\/05\/les-oeufs-derwan-multiplient-les-investissements-pour-devenir-incontournables-en-bretagne.jpg","width":635,"height":397,"caption":"Les \u0152ufs d\u2019Erwan multiplient les investissements pour devenir incontournables en Bretagne"},{"@type":"BreadcrumbList","@id":"https:\/\/jumeaux91.fr\/blog\/les-oeufs-derwan-multiplient-les-investissements-pour-devenir-incontournables-en-bretagne\/#breadcrumb","itemListElement":[{"@type":"ListItem","position":1,"name":"Accueil","item":"https:\/\/jumeaux91.fr\/blog\/"},{"@type":"ListItem","position":2,"name":"Les \u0152ufs d\u2019Erwan multiplient les investissements pour devenir incontournables en Bretagne"}]},{"@type":"WebSite","@id":"https:\/\/jumeaux91.fr\/blog\/#website","url":"https:\/\/jumeaux91.fr\/blog\/","name":"JUMEAUX91","description":"Fr\u00e8res jumeaux de l&#039;Essonnes; informations et archives, \u00e0 savoir et retenir.","publisher":{"@id":"https:\/\/jumeaux91.fr\/blog\/#organization"},"potentialAction":[{"@type":"SearchAction","target":{"@type":"EntryPoint","urlTemplate":"https:\/\/jumeaux91.fr\/blog\/?s={search_term_string}"},"query-input":{"@type":"PropertyValueSpecification","valueRequired":true,"valueName":"search_term_string"}}],"inLanguage":"fr-FR"},{"@type":"Organization","@id":"https:\/\/jumeaux91.fr\/blog\/#organization","name":"jumeaux91","url":"https:\/\/jumeaux91.fr\/blog\/","logo":{"@type":"ImageObject","inLanguage":"fr-FR","@id":"https:\/\/jumeaux91.fr\/blog\/#\/schema\/logo\/image\/","url":"https:\/\/jumeaux91.fr\/blog\/wp-content\/uploads\/2023\/05\/cropped-cropped-logoJ_91.png","contentUrl":"https:\/\/jumeaux91.fr\/blog\/wp-content\/uploads\/2023\/05\/cropped-cropped-logoJ_91.png","width":512,"height":512,"caption":"jumeaux91"},"image":{"@id":"https:\/\/jumeaux91.fr\/blog\/#\/schema\/logo\/image\/"}},{"@type":"Person","@id":"https:\/\/jumeaux91.fr\/blog\/#\/schema\/person\/21da06e9f119b9f64e5d45dbbd32d3fb","name":"Claude DAYRES","image":{"@type":"ImageObject","inLanguage":"fr-FR","@id":"https:\/\/secure.gravatar.com\/avatar\/82eb951df6110a2c48d1bfa7a67d1ee6f0cd5df3cbf9c3586dd61e82db7172a5?s=96&d=mm&r=g","url":"https:\/\/secure.gravatar.com\/avatar\/82eb951df6110a2c48d1bfa7a67d1ee6f0cd5df3cbf9c3586dd61e82db7172a5?s=96&d=mm&r=g","contentUrl":"https:\/\/secure.gravatar.com\/avatar\/82eb951df6110a2c48d1bfa7a67d1ee6f0cd5df3cbf9c3586dd61e82db7172a5?s=96&d=mm&r=g","caption":"Claude DAYRES"},"url":"https:\/\/jumeaux91.fr\/blog\/author\/x91claude\/"}]}},"_links":{"self":[{"href":"https:\/\/jumeaux91.fr\/blog\/wp-json\/wp\/v2\/posts\/1229","targetHints":{"allow":["GET"]}}],"collection":[{"href":"https:\/\/jumeaux91.fr\/blog\/wp-json\/wp\/v2\/posts"}],"about":[{"href":"https:\/\/jumeaux91.fr\/blog\/wp-json\/wp\/v2\/types\/post"}],"author":[{"embeddable":true,"href":"https:\/\/jumeaux91.fr\/blog\/wp-json\/wp\/v2\/users\/2"}],"replies":[{"embeddable":true,"href":"https:\/\/jumeaux91.fr\/blog\/wp-json\/wp\/v2\/comments?post=1229"}],"version-history":[{"count":0,"href":"https:\/\/jumeaux91.fr\/blog\/wp-json\/wp\/v2\/posts\/1229\/revisions"}],"wp:featuredmedia":[{"embeddable":true,"href":"https:\/\/jumeaux91.fr\/blog\/wp-json\/wp\/v2\/media\/1230"}],"wp:attachment":[{"href":"https:\/\/jumeaux91.fr\/blog\/wp-json\/wp\/v2\/media?parent=1229"}],"wp:term":[{"taxonomy":"category","embeddable":true,"href":"https:\/\/jumeaux91.fr\/blog\/wp-json\/wp\/v2\/categories?post=1229"},{"taxonomy":"post_tag","embeddable":true,"href":"https:\/\/jumeaux91.fr\/blog\/wp-json\/wp\/v2\/tags?post=1229"}],"curies":[{"name":"wp","href":"https:\/\/api.w.org\/{rel}","templated":true}]}}