{"id":1275,"date":"2025-06-03T03:43:00","date_gmt":"2025-06-03T01:43:00","guid":{"rendered":"https:\/\/jumeaux91.fr\/blog\/maddie-mccann-que-deviennent-son-frere-et-sa-soeur-les-jumeaux-sean-et-amelie-mccann\/"},"modified":"2025-06-03T03:43:00","modified_gmt":"2025-06-03T01:43:00","slug":"maddie-mccann-que-deviennent-son-frere-et-sa-soeur-les-jumeaux-sean-et-amelie-mccann","status":"publish","type":"post","link":"https:\/\/jumeaux91.fr\/blog\/maddie-mccann-que-deviennent-son-frere-et-sa-soeur-les-jumeaux-sean-et-amelie-mccann\/","title":{"rendered":"Maddie McCann : que deviennent son fr\u00e8re et sa s\u0153ur, les jumeaux Sean et Amelie McCann"},"content":{"rendered":"<div><img decoding=\"async\" src=\"https:\/\/jumeaux91.fr\/blog\/wp-content\/uploads\/2025\/06\/maddie-mccann-que-deviennent-son-frere-et-sa-soeur-les-jumeaux-sean-et-amelie-mccann.jpg\" class=\"ff-og-image-inserted\"><\/div>\n<p>Le visage de <a href=\"https:\/\/www.femmeactuelle.fr\/actu\/news-actu\/affaire-maddie-mccann-retour-sur-le-recit-dune-disparition-diaporama-2151168\" target=\"_blank\" rel=\"nofollow\">Madeleine McCann<\/a> est d\u00e9sormais connu du monde entier. Mais ce n&rsquo;est pas le cas de son fr\u00e8re et de sa s\u0153ur, tr\u00e8s discrets, et dont certains m\u00e9connaissent m\u00eame l&rsquo;existence. Et pour cause, depuis la disparition de la petite fille le soir du 3 mai 2007 dans son logement de vacances, peu d&rsquo;informations ont \u00e9t\u00e9 diffus\u00e9es \u00e0 leur propos. La famille \u00e9tait alors en vacances \u00e0 Praia da Luz, une ville au sud du Portugal. Les parents sont sortis d\u00eener au restaurant laissant leur fille dormir. Mais elle n&rsquo;\u00e9tait pas seule ce soir-l\u00e0 dans l&rsquo;appartement, \u00e0 se reposer paisiblement. Son petit fr\u00e8re et sa petite s\u0153ur, des jumeaux, \u00e2g\u00e9s de 2 ans de moins qu&rsquo;elle, \u00e9taient \u00e9galement dans une pi\u00e8ce voisine. D&rsquo;apr\u00e8s le journal britannique <a href=\"https:\/\/www.dailymail.co.uk\/news\/article-11702375\/Missing-Madeleine-McCanns-twin-brother-sister-turn-18-today.html\" rel=\"nofollow\" target=\"_blank\"><em>Daily Mail<\/em><\/a>, ils sont n\u00e9s le 1er f\u00e9vrier 2005 et sont donc aujourd&rsquo;hui \u00e2g\u00e9s de 20 ans quand leur grande s\u0153ur en aurait 22. lls ont grandi \u00e0 Rothley, <a href=\"https:\/\/www.femmeactuelle.fr\/actu\/news-actu\/madeleine-continue-de-vivre-en-nous-les-parents-de-maddie-mccann-sortent-du-silence-18-ans-apres-sa-disparition-2192495\" target=\"_blank\" rel=\"nofollow\">aupr\u00e8s de leurs parents<\/a>, une petite ville anglaise du Leicestershire, \u00e0 2 heures et demie au nord de Londres.<\/p>\n<h2 class=\"no-inject-ads\" id=\"3d7if\">Qui sont Amelie McCann et Sean McCann, la s\u0153ur et le fr\u00e8re de Maddie ?<\/h2>\n<p>Le bonheur familial d&rsquo;avoir 3 enfants fut de courte dur\u00e9e pour Kate et Gerry McCann. Dans ses m\u00e9moires, la maman \u00e9crit en effet \u00e0 propos de la naissance de ses jumeaux : \u00ab\u00a0<em>Soudain, nous \u00e9tions une famille de cinq. Quelle chance nous avons eue.<\/em>\u00a0\u00bb Ces mots sont repris par un compte Instagram de soutien \u00e0 la recherche de Maddie, publiant des photos de toute la famille. Cette tribu, la maman de 57 ans aujourd&rsquo;hui, souhaite plus que jamais reconstituer. Son mari, ses deux autres enfants aussi semblent garder espoir : \u00ab\u00a0<em>Leur seul souhait est que leur grande s\u0153ur rentre \u00e0 la maison<\/em>\u00ab\u00a0, a d\u00e9clar\u00e9 un ami de la famille <a href=\"https:\/\/www.thesun.co.uk\/news\/5473303\/madeleine-mccanns-parents-celebrate-twins-becoming-teens-with-prayers-for-missing-daughter-wherever-she-is\/\" target=\"_blank\" rel=\"nofollow\">au <\/a><a href=\"https:\/\/www.thesun.co.uk\/news\/5473303\/madeleine-mccanns-parents-celebrate-twins-becoming-teens-with-prayers-for-missing-daughter-wherever-she-is\/\" rel=\"nofollow\" target=\"_blank\"><em>Sun<\/em><\/a><em> <\/em>en 2017 alors qu&rsquo;ils f\u00eataient leurs 13 ans. Un compte Instagram de soutien aux recherches de Maddie a notamment repris cette phrase de Sean, qu&rsquo;il aurait formul\u00e9e en 2011 alors \u00e2g\u00e9 de 6 ans : \u00ab\u00a0<em>Quand on sera plus grand, Amelie et moi on recherchera Madeleine<\/em>\u00ab\u00a0. Car les enfants ont \u00e9t\u00e9 mis au courant de l&rsquo;affaire et suivraient de pr\u00e8s ses \u00e9volutions, d&rsquo;apr\u00e8s Kate McCann.<\/p>\n<figure data-type=\"media\" data-key=\"epu49\" data-site=\"Instagram\">\n<blockquote class=\"instagram-media\" data-instgrm-captioned data-instgrm-permalink=\"https:\/\/www.instagram.com\/reel\/CoH9_rnD64I\/?utm_source=ig_embed&amp;utm_campaign=loading\" data-instgrm-version=\"14\"><\/blockquote>\n<\/figure>\n<p>Le <em>Daily Mail<\/em> rapporte que les jumeaux auraient r\u00e9alis\u00e9 leur scolarit\u00e9 dans une \u00e9cole catholique de Loughborough, toujours dans le comt\u00e9 du Leicestershire. Ils \u00e9taient en sixi\u00e8me et derni\u00e8re ann\u00e9e au printemps 2023. Aujourd&rsquo;hui, on n&rsquo;en sait pas plus sur leur parcours. Aucune photo publique n&rsquo;a \u00e9t\u00e9 diffus\u00e9e, la famille souhaitant rester discr\u00e8te et les pr\u00e9server. Seul un clich\u00e9 d&rsquo;Amelie a \u00e9t\u00e9 publi\u00e9 le 3 mai 2023, \u00e0 l&rsquo;occasion des 16 ans de la disparition de Maddie, qui aurait eu 20 ans quelques jours plus tard. Elle a \u00e9t\u00e9 photographi\u00e9e aux c\u00f4t\u00e9s de sa m\u00e8re lors de la c\u00e9r\u00e9monie organis\u00e9e dans le village natal britannique de Rothley. Elle, comme son fr\u00e8re, seraient tr\u00e8s port\u00e9s sur le sport, d&rsquo;apr\u00e8s un magazine australien. <a href=\"https:\/\/www.nowtolove.com.au\/lifestyle\/parenting\/madeleine-mccann-siblings-now-54704\/\" rel=\"nofollow\" target=\"_blank\"><em>Now to love<\/em><\/a> \u00e9voque \u00ab\u00a0<em>des athl\u00e8tes en herbe, participant \u00e0 des championnats de natation, des triathlons et des courses de cross-country.<\/em>\u00ab\u00a0<\/p>\n<p>Dix-huit ans apr\u00e8s la disparition de Maddie, les enqu\u00eateurs n&rsquo;ont toujours aucune trace d&rsquo;elle. <a href=\"https:\/\/www.femmeactuelle.fr\/actu\/news-actu\/disparition-de-maddie-mccann-des-nouvelles-recherches-et-perquisitions-lancees-des-mardi-2193832\" target=\"_blank\" rel=\"nofollow\">De nouvelles recherches et perquisitions<\/a> ont lieu ce mardi 3 juin et jusqu&rsquo;au vendredi 6 juin au Portugal, pr\u00e8s de la station baln\u00e9aire o\u00f9 elle \u00e9tait en vacances.<\/p>\n<div class=\"article-frame no-inject-ads\" data-type=\"DEFAULT\">\n<div class=\"article-frame-wrapper\">\n<p>\u00c0 lire aussi :<\/p>\n<\/p><\/div>\n<\/p><\/div>\n<p> La chronique se veut g\u00e9n\u00e9r\u00e9e de la fa\u00e7on la plus claire que possible. Dans le cas o\u00f9 vous souhaitez pr\u00e9senter des renseignements compl\u00e9mentaires \u00e0 cet article sur le sujet \u00ab\u00a0Fr\u00e8res jumeaux de l&rsquo;Essonnes\u00a0\u00bb il vous est possible d\u2019\u00e9crire aux contacts indiqu\u00e9s sur notre website. La raison d\u2019\u00eatre de jumeaux91.fr \u00e9tant de rassembler sur le web des posts sur le sujet de Fr\u00e8res jumeaux de l&rsquo;Essonnes puis les diffuser en r\u00e9pondant au mieux aux interrogations des gens. Vous pouvez tirer profit de cet article traitant le sujet \u00ab\u00a0Fr\u00e8res jumeaux de l&rsquo;Essonnes\u00a0\u00bb. Il est concoct\u00e9 par l\u2019\u00e9quipe jumeaux91.fr. Prochainement, nous rendrons accessibles au public d&rsquo;autres informations pertinentes sur le sujet \u00ab\u00a0Fr\u00e8res jumeaux de l&rsquo;Essonnes\u00a0\u00bb. Alors, consultez syst\u00e9matiquement notre blog.<\/p>\n","protected":false},"excerpt":{"rendered":"<p>Le visage de Madeleine McCann est d\u00e9sormais connu du monde entier. Mais ce n&rsquo;est pas le cas de son fr\u00e8re et de sa s\u0153ur, tr\u00e8s discrets, et dont certains m\u00e9connaissent m\u00eame l&rsquo;existence. Et pour cause, depuis la disparition de la petite fille le soir du 3 mai 2007 dans son logement de vacances, peu d&rsquo;informations&hellip; <a class=\"more-link\" href=\"https:\/\/jumeaux91.fr\/blog\/maddie-mccann-que-deviennent-son-frere-et-sa-soeur-les-jumeaux-sean-et-amelie-mccann\/\">Poursuivre la lecture <span class=\"screen-reader-text\">Maddie McCann : que deviennent son fr\u00e8re et sa s\u0153ur, les jumeaux Sean et Amelie McCann<\/span><\/a><\/p>\n","protected":false},"author":2,"featured_media":1276,"comment_status":"closed","ping_status":"closed","sticky":false,"template":"","format":"standard","meta":{"footnotes":""},"categories":[4],"tags":[],"class_list":["post-1275","post","type-post","status-publish","format-standard","has-post-thumbnail","hentry","category-posts-freres-jumeaux-de-lessonnes","entry"],"yoast_head":"<!-- This site is optimized with the Yoast SEO plugin v27.5 - https:\/\/yoast.com\/product\/yoast-seo-wordpress\/ -->\n<title>Maddie McCann : que deviennent son fr\u00e8re et sa s\u0153ur, les jumeaux Sean et Amelie McCann - JUMEAUX91<\/title>\n<meta name=\"robots\" content=\"index, follow, max-snippet:-1, max-image-preview:large, max-video-preview:-1\" \/>\n<link rel=\"canonical\" href=\"https:\/\/jumeaux91.fr\/blog\/maddie-mccann-que-deviennent-son-frere-et-sa-soeur-les-jumeaux-sean-et-amelie-mccann\/\" \/>\n<meta property=\"og:locale\" content=\"fr_FR\" \/>\n<meta property=\"og:type\" content=\"article\" \/>\n<meta property=\"og:title\" content=\"Maddie McCann : que deviennent son fr\u00e8re et sa s\u0153ur, les jumeaux Sean et Amelie McCann - JUMEAUX91\" \/>\n<meta property=\"og:description\" content=\"Le visage de Madeleine McCann est d\u00e9sormais connu du monde entier. Mais ce n&rsquo;est pas le cas de son fr\u00e8re et de sa s\u0153ur, tr\u00e8s discrets, et dont certains m\u00e9connaissent m\u00eame l&rsquo;existence. Et pour cause, depuis la disparition de la petite fille le soir du 3 mai 2007 dans son logement de vacances, peu d&rsquo;informations&hellip; Poursuivre la lecture Maddie McCann : que deviennent son fr\u00e8re et sa s\u0153ur, les jumeaux Sean et Amelie McCann\" \/>\n<meta property=\"og:url\" content=\"https:\/\/jumeaux91.fr\/blog\/maddie-mccann-que-deviennent-son-frere-et-sa-soeur-les-jumeaux-sean-et-amelie-mccann\/\" \/>\n<meta property=\"og:site_name\" content=\"JUMEAUX91\" \/>\n<meta property=\"article:published_time\" content=\"2025-06-03T01:43:00+00:00\" \/>\n<meta property=\"og:image\" content=\"https:\/\/jumeaux91.fr\/blog\/wp-content\/uploads\/2025\/06\/maddie-mccann-que-deviennent-son-frere-et-sa-soeur-les-jumeaux-sean-et-amelie-mccann.jpg\" \/>\n<meta name=\"author\" content=\"Claude DAYRES\" \/>\n<meta name=\"twitter:card\" content=\"summary_large_image\" \/>\n<meta name=\"twitter:label1\" content=\"\u00c9crit par\" \/>\n\t<meta name=\"twitter:data1\" content=\"Claude DAYRES\" \/>\n\t<meta name=\"twitter:label2\" content=\"Dur\u00e9e de lecture estim\u00e9e\" \/>\n\t<meta name=\"twitter:data2\" content=\"4 minutes\" \/>\n<script type=\"application\/ld+json\" class=\"yoast-schema-graph\">{\"@context\":\"https:\\\/\\\/schema.org\",\"@graph\":[{\"@type\":\"Article\",\"@id\":\"https:\\\/\\\/jumeaux91.fr\\\/blog\\\/maddie-mccann-que-deviennent-son-frere-et-sa-soeur-les-jumeaux-sean-et-amelie-mccann\\\/#article\",\"isPartOf\":{\"@id\":\"https:\\\/\\\/jumeaux91.fr\\\/blog\\\/maddie-mccann-que-deviennent-son-frere-et-sa-soeur-les-jumeaux-sean-et-amelie-mccann\\\/\"},\"author\":{\"name\":\"Claude DAYRES\",\"@id\":\"https:\\\/\\\/jumeaux91.fr\\\/blog\\\/#\\\/schema\\\/person\\\/21da06e9f119b9f64e5d45dbbd32d3fb\"},\"headline\":\"Maddie McCann : que deviennent son fr\u00e8re et sa s\u0153ur, les jumeaux Sean et Amelie McCann\",\"datePublished\":\"2025-06-03T01:43:00+00:00\",\"mainEntityOfPage\":{\"@id\":\"https:\\\/\\\/jumeaux91.fr\\\/blog\\\/maddie-mccann-que-deviennent-son-frere-et-sa-soeur-les-jumeaux-sean-et-amelie-mccann\\\/\"},\"wordCount\":748,\"publisher\":{\"@id\":\"https:\\\/\\\/jumeaux91.fr\\\/blog\\\/#organization\"},\"image\":{\"@id\":\"https:\\\/\\\/jumeaux91.fr\\\/blog\\\/maddie-mccann-que-deviennent-son-frere-et-sa-soeur-les-jumeaux-sean-et-amelie-mccann\\\/#primaryimage\"},\"thumbnailUrl\":\"https:\\\/\\\/jumeaux91.fr\\\/blog\\\/wp-content\\\/uploads\\\/2025\\\/06\\\/maddie-mccann-que-deviennent-son-frere-et-sa-soeur-les-jumeaux-sean-et-amelie-mccann.jpg\",\"articleSection\":[\"Posts Fr\u00e8res Jumeaux De L'Essonnes:\"],\"inLanguage\":\"fr-FR\"},{\"@type\":\"WebPage\",\"@id\":\"https:\\\/\\\/jumeaux91.fr\\\/blog\\\/maddie-mccann-que-deviennent-son-frere-et-sa-soeur-les-jumeaux-sean-et-amelie-mccann\\\/\",\"url\":\"https:\\\/\\\/jumeaux91.fr\\\/blog\\\/maddie-mccann-que-deviennent-son-frere-et-sa-soeur-les-jumeaux-sean-et-amelie-mccann\\\/\",\"name\":\"Maddie McCann : que deviennent son fr\u00e8re et sa s\u0153ur, les jumeaux Sean et Amelie McCann - JUMEAUX91\",\"isPartOf\":{\"@id\":\"https:\\\/\\\/jumeaux91.fr\\\/blog\\\/#website\"},\"primaryImageOfPage\":{\"@id\":\"https:\\\/\\\/jumeaux91.fr\\\/blog\\\/maddie-mccann-que-deviennent-son-frere-et-sa-soeur-les-jumeaux-sean-et-amelie-mccann\\\/#primaryimage\"},\"image\":{\"@id\":\"https:\\\/\\\/jumeaux91.fr\\\/blog\\\/maddie-mccann-que-deviennent-son-frere-et-sa-soeur-les-jumeaux-sean-et-amelie-mccann\\\/#primaryimage\"},\"thumbnailUrl\":\"https:\\\/\\\/jumeaux91.fr\\\/blog\\\/wp-content\\\/uploads\\\/2025\\\/06\\\/maddie-mccann-que-deviennent-son-frere-et-sa-soeur-les-jumeaux-sean-et-amelie-mccann.jpg\",\"datePublished\":\"2025-06-03T01:43:00+00:00\",\"breadcrumb\":{\"@id\":\"https:\\\/\\\/jumeaux91.fr\\\/blog\\\/maddie-mccann-que-deviennent-son-frere-et-sa-soeur-les-jumeaux-sean-et-amelie-mccann\\\/#breadcrumb\"},\"inLanguage\":\"fr-FR\",\"potentialAction\":[{\"@type\":\"ReadAction\",\"target\":[\"https:\\\/\\\/jumeaux91.fr\\\/blog\\\/maddie-mccann-que-deviennent-son-frere-et-sa-soeur-les-jumeaux-sean-et-amelie-mccann\\\/\"]}]},{\"@type\":\"ImageObject\",\"inLanguage\":\"fr-FR\",\"@id\":\"https:\\\/\\\/jumeaux91.fr\\\/blog\\\/maddie-mccann-que-deviennent-son-frere-et-sa-soeur-les-jumeaux-sean-et-amelie-mccann\\\/#primaryimage\",\"url\":\"https:\\\/\\\/jumeaux91.fr\\\/blog\\\/wp-content\\\/uploads\\\/2025\\\/06\\\/maddie-mccann-que-deviennent-son-frere-et-sa-soeur-les-jumeaux-sean-et-amelie-mccann.jpg\",\"contentUrl\":\"https:\\\/\\\/jumeaux91.fr\\\/blog\\\/wp-content\\\/uploads\\\/2025\\\/06\\\/maddie-mccann-que-deviennent-son-frere-et-sa-soeur-les-jumeaux-sean-et-amelie-mccann.jpg\",\"width\":1200,\"height\":631,\"caption\":\"Maddie McCann : que deviennent son fr\u00e8re et sa s\u0153ur, les jumeaux Sean et Amelie McCann\"},{\"@type\":\"BreadcrumbList\",\"@id\":\"https:\\\/\\\/jumeaux91.fr\\\/blog\\\/maddie-mccann-que-deviennent-son-frere-et-sa-soeur-les-jumeaux-sean-et-amelie-mccann\\\/#breadcrumb\",\"itemListElement\":[{\"@type\":\"ListItem\",\"position\":1,\"name\":\"Accueil\",\"item\":\"https:\\\/\\\/jumeaux91.fr\\\/blog\\\/\"},{\"@type\":\"ListItem\",\"position\":2,\"name\":\"Maddie McCann : que deviennent son fr\u00e8re et sa s\u0153ur, les jumeaux Sean et Amelie McCann\"}]},{\"@type\":\"WebSite\",\"@id\":\"https:\\\/\\\/jumeaux91.fr\\\/blog\\\/#website\",\"url\":\"https:\\\/\\\/jumeaux91.fr\\\/blog\\\/\",\"name\":\"JUMEAUX91\",\"description\":\"Fr\u00e8res jumeaux de l&#039;Essonnes; informations et archives, \u00e0 savoir et retenir.\",\"publisher\":{\"@id\":\"https:\\\/\\\/jumeaux91.fr\\\/blog\\\/#organization\"},\"potentialAction\":[{\"@type\":\"SearchAction\",\"target\":{\"@type\":\"EntryPoint\",\"urlTemplate\":\"https:\\\/\\\/jumeaux91.fr\\\/blog\\\/?s={search_term_string}\"},\"query-input\":{\"@type\":\"PropertyValueSpecification\",\"valueRequired\":true,\"valueName\":\"search_term_string\"}}],\"inLanguage\":\"fr-FR\"},{\"@type\":\"Organization\",\"@id\":\"https:\\\/\\\/jumeaux91.fr\\\/blog\\\/#organization\",\"name\":\"jumeaux91\",\"url\":\"https:\\\/\\\/jumeaux91.fr\\\/blog\\\/\",\"logo\":{\"@type\":\"ImageObject\",\"inLanguage\":\"fr-FR\",\"@id\":\"https:\\\/\\\/jumeaux91.fr\\\/blog\\\/#\\\/schema\\\/logo\\\/image\\\/\",\"url\":\"https:\\\/\\\/jumeaux91.fr\\\/blog\\\/wp-content\\\/uploads\\\/2023\\\/05\\\/cropped-cropped-logoJ_91.png\",\"contentUrl\":\"https:\\\/\\\/jumeaux91.fr\\\/blog\\\/wp-content\\\/uploads\\\/2023\\\/05\\\/cropped-cropped-logoJ_91.png\",\"width\":512,\"height\":512,\"caption\":\"jumeaux91\"},\"image\":{\"@id\":\"https:\\\/\\\/jumeaux91.fr\\\/blog\\\/#\\\/schema\\\/logo\\\/image\\\/\"}},{\"@type\":\"Person\",\"@id\":\"https:\\\/\\\/jumeaux91.fr\\\/blog\\\/#\\\/schema\\\/person\\\/21da06e9f119b9f64e5d45dbbd32d3fb\",\"name\":\"Claude DAYRES\",\"image\":{\"@type\":\"ImageObject\",\"inLanguage\":\"fr-FR\",\"@id\":\"https:\\\/\\\/secure.gravatar.com\\\/avatar\\\/82eb951df6110a2c48d1bfa7a67d1ee6f0cd5df3cbf9c3586dd61e82db7172a5?s=96&d=mm&r=g\",\"url\":\"https:\\\/\\\/secure.gravatar.com\\\/avatar\\\/82eb951df6110a2c48d1bfa7a67d1ee6f0cd5df3cbf9c3586dd61e82db7172a5?s=96&d=mm&r=g\",\"contentUrl\":\"https:\\\/\\\/secure.gravatar.com\\\/avatar\\\/82eb951df6110a2c48d1bfa7a67d1ee6f0cd5df3cbf9c3586dd61e82db7172a5?s=96&d=mm&r=g\",\"caption\":\"Claude DAYRES\"},\"url\":\"https:\\\/\\\/jumeaux91.fr\\\/blog\\\/author\\\/x91claude\\\/\"}]}<\/script>\n<!-- \/ Yoast SEO plugin. -->","yoast_head_json":{"title":"Maddie McCann : que deviennent son fr\u00e8re et sa s\u0153ur, les jumeaux Sean et Amelie McCann - JUMEAUX91","robots":{"index":"index","follow":"follow","max-snippet":"max-snippet:-1","max-image-preview":"max-image-preview:large","max-video-preview":"max-video-preview:-1"},"canonical":"https:\/\/jumeaux91.fr\/blog\/maddie-mccann-que-deviennent-son-frere-et-sa-soeur-les-jumeaux-sean-et-amelie-mccann\/","og_locale":"fr_FR","og_type":"article","og_title":"Maddie McCann : que deviennent son fr\u00e8re et sa s\u0153ur, les jumeaux Sean et Amelie McCann - JUMEAUX91","og_description":"Le visage de Madeleine McCann est d\u00e9sormais connu du monde entier. Mais ce n&rsquo;est pas le cas de son fr\u00e8re et de sa s\u0153ur, tr\u00e8s discrets, et dont certains m\u00e9connaissent m\u00eame l&rsquo;existence. Et pour cause, depuis la disparition de la petite fille le soir du 3 mai 2007 dans son logement de vacances, peu d&rsquo;informations&hellip; Poursuivre la lecture Maddie McCann : que deviennent son fr\u00e8re et sa s\u0153ur, les jumeaux Sean et Amelie McCann","og_url":"https:\/\/jumeaux91.fr\/blog\/maddie-mccann-que-deviennent-son-frere-et-sa-soeur-les-jumeaux-sean-et-amelie-mccann\/","og_site_name":"JUMEAUX91","article_published_time":"2025-06-03T01:43:00+00:00","og_image":[{"url":"https:\/\/jumeaux91.fr\/blog\/wp-content\/uploads\/2025\/06\/maddie-mccann-que-deviennent-son-frere-et-sa-soeur-les-jumeaux-sean-et-amelie-mccann.jpg","type":"","width":"","height":""}],"author":"Claude DAYRES","twitter_card":"summary_large_image","twitter_misc":{"\u00c9crit par":"Claude DAYRES","Dur\u00e9e de lecture estim\u00e9e":"4 minutes"},"schema":{"@context":"https:\/\/schema.org","@graph":[{"@type":"Article","@id":"https:\/\/jumeaux91.fr\/blog\/maddie-mccann-que-deviennent-son-frere-et-sa-soeur-les-jumeaux-sean-et-amelie-mccann\/#article","isPartOf":{"@id":"https:\/\/jumeaux91.fr\/blog\/maddie-mccann-que-deviennent-son-frere-et-sa-soeur-les-jumeaux-sean-et-amelie-mccann\/"},"author":{"name":"Claude DAYRES","@id":"https:\/\/jumeaux91.fr\/blog\/#\/schema\/person\/21da06e9f119b9f64e5d45dbbd32d3fb"},"headline":"Maddie McCann : que deviennent son fr\u00e8re et sa s\u0153ur, les jumeaux Sean et Amelie McCann","datePublished":"2025-06-03T01:43:00+00:00","mainEntityOfPage":{"@id":"https:\/\/jumeaux91.fr\/blog\/maddie-mccann-que-deviennent-son-frere-et-sa-soeur-les-jumeaux-sean-et-amelie-mccann\/"},"wordCount":748,"publisher":{"@id":"https:\/\/jumeaux91.fr\/blog\/#organization"},"image":{"@id":"https:\/\/jumeaux91.fr\/blog\/maddie-mccann-que-deviennent-son-frere-et-sa-soeur-les-jumeaux-sean-et-amelie-mccann\/#primaryimage"},"thumbnailUrl":"https:\/\/jumeaux91.fr\/blog\/wp-content\/uploads\/2025\/06\/maddie-mccann-que-deviennent-son-frere-et-sa-soeur-les-jumeaux-sean-et-amelie-mccann.jpg","articleSection":["Posts Fr\u00e8res Jumeaux De L'Essonnes:"],"inLanguage":"fr-FR"},{"@type":"WebPage","@id":"https:\/\/jumeaux91.fr\/blog\/maddie-mccann-que-deviennent-son-frere-et-sa-soeur-les-jumeaux-sean-et-amelie-mccann\/","url":"https:\/\/jumeaux91.fr\/blog\/maddie-mccann-que-deviennent-son-frere-et-sa-soeur-les-jumeaux-sean-et-amelie-mccann\/","name":"Maddie McCann : que deviennent son fr\u00e8re et sa s\u0153ur, les jumeaux Sean et Amelie McCann - JUMEAUX91","isPartOf":{"@id":"https:\/\/jumeaux91.fr\/blog\/#website"},"primaryImageOfPage":{"@id":"https:\/\/jumeaux91.fr\/blog\/maddie-mccann-que-deviennent-son-frere-et-sa-soeur-les-jumeaux-sean-et-amelie-mccann\/#primaryimage"},"image":{"@id":"https:\/\/jumeaux91.fr\/blog\/maddie-mccann-que-deviennent-son-frere-et-sa-soeur-les-jumeaux-sean-et-amelie-mccann\/#primaryimage"},"thumbnailUrl":"https:\/\/jumeaux91.fr\/blog\/wp-content\/uploads\/2025\/06\/maddie-mccann-que-deviennent-son-frere-et-sa-soeur-les-jumeaux-sean-et-amelie-mccann.jpg","datePublished":"2025-06-03T01:43:00+00:00","breadcrumb":{"@id":"https:\/\/jumeaux91.fr\/blog\/maddie-mccann-que-deviennent-son-frere-et-sa-soeur-les-jumeaux-sean-et-amelie-mccann\/#breadcrumb"},"inLanguage":"fr-FR","potentialAction":[{"@type":"ReadAction","target":["https:\/\/jumeaux91.fr\/blog\/maddie-mccann-que-deviennent-son-frere-et-sa-soeur-les-jumeaux-sean-et-amelie-mccann\/"]}]},{"@type":"ImageObject","inLanguage":"fr-FR","@id":"https:\/\/jumeaux91.fr\/blog\/maddie-mccann-que-deviennent-son-frere-et-sa-soeur-les-jumeaux-sean-et-amelie-mccann\/#primaryimage","url":"https:\/\/jumeaux91.fr\/blog\/wp-content\/uploads\/2025\/06\/maddie-mccann-que-deviennent-son-frere-et-sa-soeur-les-jumeaux-sean-et-amelie-mccann.jpg","contentUrl":"https:\/\/jumeaux91.fr\/blog\/wp-content\/uploads\/2025\/06\/maddie-mccann-que-deviennent-son-frere-et-sa-soeur-les-jumeaux-sean-et-amelie-mccann.jpg","width":1200,"height":631,"caption":"Maddie McCann : que deviennent son fr\u00e8re et sa s\u0153ur, les jumeaux Sean et Amelie McCann"},{"@type":"BreadcrumbList","@id":"https:\/\/jumeaux91.fr\/blog\/maddie-mccann-que-deviennent-son-frere-et-sa-soeur-les-jumeaux-sean-et-amelie-mccann\/#breadcrumb","itemListElement":[{"@type":"ListItem","position":1,"name":"Accueil","item":"https:\/\/jumeaux91.fr\/blog\/"},{"@type":"ListItem","position":2,"name":"Maddie McCann : que deviennent son fr\u00e8re et sa s\u0153ur, les jumeaux Sean et Amelie McCann"}]},{"@type":"WebSite","@id":"https:\/\/jumeaux91.fr\/blog\/#website","url":"https:\/\/jumeaux91.fr\/blog\/","name":"JUMEAUX91","description":"Fr\u00e8res jumeaux de l&#039;Essonnes; informations et archives, \u00e0 savoir et retenir.","publisher":{"@id":"https:\/\/jumeaux91.fr\/blog\/#organization"},"potentialAction":[{"@type":"SearchAction","target":{"@type":"EntryPoint","urlTemplate":"https:\/\/jumeaux91.fr\/blog\/?s={search_term_string}"},"query-input":{"@type":"PropertyValueSpecification","valueRequired":true,"valueName":"search_term_string"}}],"inLanguage":"fr-FR"},{"@type":"Organization","@id":"https:\/\/jumeaux91.fr\/blog\/#organization","name":"jumeaux91","url":"https:\/\/jumeaux91.fr\/blog\/","logo":{"@type":"ImageObject","inLanguage":"fr-FR","@id":"https:\/\/jumeaux91.fr\/blog\/#\/schema\/logo\/image\/","url":"https:\/\/jumeaux91.fr\/blog\/wp-content\/uploads\/2023\/05\/cropped-cropped-logoJ_91.png","contentUrl":"https:\/\/jumeaux91.fr\/blog\/wp-content\/uploads\/2023\/05\/cropped-cropped-logoJ_91.png","width":512,"height":512,"caption":"jumeaux91"},"image":{"@id":"https:\/\/jumeaux91.fr\/blog\/#\/schema\/logo\/image\/"}},{"@type":"Person","@id":"https:\/\/jumeaux91.fr\/blog\/#\/schema\/person\/21da06e9f119b9f64e5d45dbbd32d3fb","name":"Claude DAYRES","image":{"@type":"ImageObject","inLanguage":"fr-FR","@id":"https:\/\/secure.gravatar.com\/avatar\/82eb951df6110a2c48d1bfa7a67d1ee6f0cd5df3cbf9c3586dd61e82db7172a5?s=96&d=mm&r=g","url":"https:\/\/secure.gravatar.com\/avatar\/82eb951df6110a2c48d1bfa7a67d1ee6f0cd5df3cbf9c3586dd61e82db7172a5?s=96&d=mm&r=g","contentUrl":"https:\/\/secure.gravatar.com\/avatar\/82eb951df6110a2c48d1bfa7a67d1ee6f0cd5df3cbf9c3586dd61e82db7172a5?s=96&d=mm&r=g","caption":"Claude DAYRES"},"url":"https:\/\/jumeaux91.fr\/blog\/author\/x91claude\/"}]}},"_links":{"self":[{"href":"https:\/\/jumeaux91.fr\/blog\/wp-json\/wp\/v2\/posts\/1275","targetHints":{"allow":["GET"]}}],"collection":[{"href":"https:\/\/jumeaux91.fr\/blog\/wp-json\/wp\/v2\/posts"}],"about":[{"href":"https:\/\/jumeaux91.fr\/blog\/wp-json\/wp\/v2\/types\/post"}],"author":[{"embeddable":true,"href":"https:\/\/jumeaux91.fr\/blog\/wp-json\/wp\/v2\/users\/2"}],"replies":[{"embeddable":true,"href":"https:\/\/jumeaux91.fr\/blog\/wp-json\/wp\/v2\/comments?post=1275"}],"version-history":[{"count":0,"href":"https:\/\/jumeaux91.fr\/blog\/wp-json\/wp\/v2\/posts\/1275\/revisions"}],"wp:featuredmedia":[{"embeddable":true,"href":"https:\/\/jumeaux91.fr\/blog\/wp-json\/wp\/v2\/media\/1276"}],"wp:attachment":[{"href":"https:\/\/jumeaux91.fr\/blog\/wp-json\/wp\/v2\/media?parent=1275"}],"wp:term":[{"taxonomy":"category","embeddable":true,"href":"https:\/\/jumeaux91.fr\/blog\/wp-json\/wp\/v2\/categories?post=1275"},{"taxonomy":"post_tag","embeddable":true,"href":"https:\/\/jumeaux91.fr\/blog\/wp-json\/wp\/v2\/tags?post=1275"}],"curies":[{"name":"wp","href":"https:\/\/api.w.org\/{rel}","templated":true}]}}