{"id":1281,"date":"2025-06-04T07:15:00","date_gmt":"2025-06-04T05:15:00","guid":{"rendered":"https:\/\/jumeaux91.fr\/blog\/thyez-gold-groupe-phare-des-annees-80-en-concert-gratuit\/"},"modified":"2025-06-04T07:15:00","modified_gmt":"2025-06-04T05:15:00","slug":"thyez-gold-groupe-phare-des-annees-80-en-concert-gratuit","status":"publish","type":"post","link":"https:\/\/jumeaux91.fr\/blog\/thyez-gold-groupe-phare-des-annees-80-en-concert-gratuit\/","title":{"rendered":"Thyez Gold, groupe phare des ann\u00e9es 80, en concert gratuit"},"content":{"rendered":"<div><img decoding=\"async\" src=\"https:\/\/jumeaux91.fr\/blog\/wp-content\/uploads\/2025\/06\/thyez-gold-groupe-phare-des-annees-80-en-concert-gratuit.jpg\" class=\"ff-og-image-inserted\"><\/div>\n<p>Les accords de synth\u00e9, coupes mulet et clips sous fond de lumi\u00e8res color\u00e9es font leur grand retour chez les b\u00e9b\u00e9s de l\u2019an 2000. Pour ceux qui se d\u00e9hanchent aujourd\u2019hui sur les rythmiques des ann\u00e9es 80 et les nostalgiques de <em>Capitaine Abandonn\u00e9<\/em> , le groupe <a href=\"https:\/\/www.cluses-montagnes-tourisme.com\/evenement\/gold-part-en-live\/\" target=\"_blank\" rel=\"nofollow\"> Gold fera vibrer la sc\u00e8ne du Forum des lacs pour un concert gratuit, <\/a> transformant Thyez en ville de lumi\u00e8re\u2026<\/p>\n<p>Ce groupe mythique s\u2019est form\u00e9 dans les ann\u00e9es 60 \u00e0 Toulouse et a su m\u00e9langer rock et soul pour gagner le c\u0153ur des Fran\u00e7ais. Le hit <em>Plus Pr\u00e8s des \u00c9toiles<\/em> s\u2019est hiss\u00e9 au Top 50 pendant plusieurs mois, tandis que <em>Ville Lumi\u00e8re<\/em> s\u2019est class\u00e9 dans les sommets du hit-parade en 1986.<\/p>\n<p>Avant de vous replonger dans les ann\u00e9es Gold, le groupe local Alavolo, compos\u00e9 de deux fr\u00e8res jumeaux, assurera la premi\u00e8re partie du concert avec des chansons fran\u00e7aises aux influences rock. DJ Malik continuera \u00e0 faire monter l\u2019ambiance avant le groupe des ann\u00e9es 80. Un bar sera ouvert de 18&nbsp;h&nbsp;30 \u00e0 23&nbsp;h&nbsp;30 et des food trucks permettront de profiter de hot-dog, pizza, grillades, sandwichs et sp\u00e9cialit\u00e9s asiatiques.<\/p>\n<p class=\"note\">Concert. Vendredi 6&nbsp;juin \u00e0 partir de 19&nbsp;h au Forum des lacs. Gratuit. Plateforme r\u00e9serv\u00e9e aux personnes \u00e0 mobilit\u00e9 r\u00e9duite install\u00e9e. Navettes gratuites aller-retour au d\u00e9part de Cluses, Scionzier, Marnaz.<\/p>\n<p>La chronique se veut g\u00e9n\u00e9r\u00e9e de la fa\u00e7on la plus claire que possible. Dans le cas o\u00f9 vous souhaitez pr\u00e9senter des renseignements compl\u00e9mentaires \u00e0 cet article sur le sujet \u00ab\u00a0Fr\u00e8res jumeaux de l&rsquo;Essonnes\u00a0\u00bb il vous est possible d\u2019\u00e9crire aux contacts indiqu\u00e9s sur notre website. La raison d\u2019\u00eatre de jumeaux91.fr \u00e9tant de rassembler sur le web des posts sur le sujet de Fr\u00e8res jumeaux de l&rsquo;Essonnes puis les diffuser en r\u00e9pondant au mieux aux interrogations des gens. Vous pouvez tirer profit de cet article traitant le sujet \u00ab\u00a0Fr\u00e8res jumeaux de l&rsquo;Essonnes\u00a0\u00bb. Il est concoct\u00e9 par l\u2019\u00e9quipe jumeaux91.fr. Prochainement, nous rendrons accessibles au public d&rsquo;autres informations pertinentes sur le sujet \u00ab\u00a0Fr\u00e8res jumeaux de l&rsquo;Essonnes\u00a0\u00bb. Alors, consultez syst\u00e9matiquement notre blog.<\/p>\n","protected":false},"excerpt":{"rendered":"<p>Les accords de synth\u00e9, coupes mulet et clips sous fond de lumi\u00e8res color\u00e9es font leur grand retour chez les b\u00e9b\u00e9s de l\u2019an 2000. Pour ceux qui se d\u00e9hanchent aujourd\u2019hui sur les rythmiques des ann\u00e9es 80 et les nostalgiques de Capitaine Abandonn\u00e9 , le groupe Gold fera vibrer la sc\u00e8ne du Forum des lacs pour un&hellip; <a class=\"more-link\" href=\"https:\/\/jumeaux91.fr\/blog\/thyez-gold-groupe-phare-des-annees-80-en-concert-gratuit\/\">Poursuivre la lecture <span class=\"screen-reader-text\">Thyez Gold, groupe phare des ann\u00e9es 80, en concert gratuit<\/span><\/a><\/p>\n","protected":false},"author":2,"featured_media":1282,"comment_status":"closed","ping_status":"closed","sticky":false,"template":"","format":"standard","meta":{"footnotes":""},"categories":[4],"tags":[],"class_list":["post-1281","post","type-post","status-publish","format-standard","has-post-thumbnail","hentry","category-posts-freres-jumeaux-de-lessonnes","entry"],"yoast_head":"<!-- This site is optimized with the Yoast SEO plugin v27.5 - https:\/\/yoast.com\/product\/yoast-seo-wordpress\/ -->\n<title>Thyez Gold, groupe phare des ann\u00e9es 80, en concert gratuit - JUMEAUX91<\/title>\n<meta name=\"robots\" content=\"index, follow, max-snippet:-1, max-image-preview:large, max-video-preview:-1\" \/>\n<link rel=\"canonical\" href=\"https:\/\/jumeaux91.fr\/blog\/thyez-gold-groupe-phare-des-annees-80-en-concert-gratuit\/\" \/>\n<meta property=\"og:locale\" content=\"fr_FR\" \/>\n<meta property=\"og:type\" content=\"article\" \/>\n<meta property=\"og:title\" content=\"Thyez Gold, groupe phare des ann\u00e9es 80, en concert gratuit - JUMEAUX91\" \/>\n<meta property=\"og:description\" content=\"Les accords de synth\u00e9, coupes mulet et clips sous fond de lumi\u00e8res color\u00e9es font leur grand retour chez les b\u00e9b\u00e9s de l\u2019an 2000. Pour ceux qui se d\u00e9hanchent aujourd\u2019hui sur les rythmiques des ann\u00e9es 80 et les nostalgiques de Capitaine Abandonn\u00e9 , le groupe Gold fera vibrer la sc\u00e8ne du Forum des lacs pour un&hellip; Poursuivre la lecture Thyez Gold, groupe phare des ann\u00e9es 80, en concert gratuit\" \/>\n<meta property=\"og:url\" content=\"https:\/\/jumeaux91.fr\/blog\/thyez-gold-groupe-phare-des-annees-80-en-concert-gratuit\/\" \/>\n<meta property=\"og:site_name\" content=\"JUMEAUX91\" \/>\n<meta property=\"article:published_time\" content=\"2025-06-04T05:15:00+00:00\" \/>\n<meta property=\"og:image\" content=\"https:\/\/jumeaux91.fr\/blog\/wp-content\/uploads\/2025\/06\/thyez-gold-groupe-phare-des-annees-80-en-concert-gratuit.jpg\" \/>\n<meta name=\"author\" content=\"Claude DAYRES\" \/>\n<meta name=\"twitter:card\" content=\"summary_large_image\" \/>\n<meta name=\"twitter:label1\" content=\"\u00c9crit par\" \/>\n\t<meta name=\"twitter:data1\" content=\"Claude DAYRES\" \/>\n\t<meta name=\"twitter:label2\" content=\"Dur\u00e9e de lecture estim\u00e9e\" \/>\n\t<meta name=\"twitter:data2\" content=\"2 minutes\" \/>\n<script type=\"application\/ld+json\" class=\"yoast-schema-graph\">{\"@context\":\"https:\\\/\\\/schema.org\",\"@graph\":[{\"@type\":\"Article\",\"@id\":\"https:\\\/\\\/jumeaux91.fr\\\/blog\\\/thyez-gold-groupe-phare-des-annees-80-en-concert-gratuit\\\/#article\",\"isPartOf\":{\"@id\":\"https:\\\/\\\/jumeaux91.fr\\\/blog\\\/thyez-gold-groupe-phare-des-annees-80-en-concert-gratuit\\\/\"},\"author\":{\"name\":\"Claude DAYRES\",\"@id\":\"https:\\\/\\\/jumeaux91.fr\\\/blog\\\/#\\\/schema\\\/person\\\/21da06e9f119b9f64e5d45dbbd32d3fb\"},\"headline\":\"Thyez Gold, groupe phare des ann\u00e9es 80, en concert gratuit\",\"datePublished\":\"2025-06-04T05:15:00+00:00\",\"mainEntityOfPage\":{\"@id\":\"https:\\\/\\\/jumeaux91.fr\\\/blog\\\/thyez-gold-groupe-phare-des-annees-80-en-concert-gratuit\\\/\"},\"wordCount\":384,\"publisher\":{\"@id\":\"https:\\\/\\\/jumeaux91.fr\\\/blog\\\/#organization\"},\"image\":{\"@id\":\"https:\\\/\\\/jumeaux91.fr\\\/blog\\\/thyez-gold-groupe-phare-des-annees-80-en-concert-gratuit\\\/#primaryimage\"},\"thumbnailUrl\":\"https:\\\/\\\/jumeaux91.fr\\\/blog\\\/wp-content\\\/uploads\\\/2025\\\/06\\\/thyez-gold-groupe-phare-des-annees-80-en-concert-gratuit.jpg\",\"articleSection\":[\"Posts Fr\u00e8res Jumeaux De L'Essonnes:\"],\"inLanguage\":\"fr-FR\"},{\"@type\":\"WebPage\",\"@id\":\"https:\\\/\\\/jumeaux91.fr\\\/blog\\\/thyez-gold-groupe-phare-des-annees-80-en-concert-gratuit\\\/\",\"url\":\"https:\\\/\\\/jumeaux91.fr\\\/blog\\\/thyez-gold-groupe-phare-des-annees-80-en-concert-gratuit\\\/\",\"name\":\"Thyez Gold, groupe phare des ann\u00e9es 80, en concert gratuit - JUMEAUX91\",\"isPartOf\":{\"@id\":\"https:\\\/\\\/jumeaux91.fr\\\/blog\\\/#website\"},\"primaryImageOfPage\":{\"@id\":\"https:\\\/\\\/jumeaux91.fr\\\/blog\\\/thyez-gold-groupe-phare-des-annees-80-en-concert-gratuit\\\/#primaryimage\"},\"image\":{\"@id\":\"https:\\\/\\\/jumeaux91.fr\\\/blog\\\/thyez-gold-groupe-phare-des-annees-80-en-concert-gratuit\\\/#primaryimage\"},\"thumbnailUrl\":\"https:\\\/\\\/jumeaux91.fr\\\/blog\\\/wp-content\\\/uploads\\\/2025\\\/06\\\/thyez-gold-groupe-phare-des-annees-80-en-concert-gratuit.jpg\",\"datePublished\":\"2025-06-04T05:15:00+00:00\",\"breadcrumb\":{\"@id\":\"https:\\\/\\\/jumeaux91.fr\\\/blog\\\/thyez-gold-groupe-phare-des-annees-80-en-concert-gratuit\\\/#breadcrumb\"},\"inLanguage\":\"fr-FR\",\"potentialAction\":[{\"@type\":\"ReadAction\",\"target\":[\"https:\\\/\\\/jumeaux91.fr\\\/blog\\\/thyez-gold-groupe-phare-des-annees-80-en-concert-gratuit\\\/\"]}]},{\"@type\":\"ImageObject\",\"inLanguage\":\"fr-FR\",\"@id\":\"https:\\\/\\\/jumeaux91.fr\\\/blog\\\/thyez-gold-groupe-phare-des-annees-80-en-concert-gratuit\\\/#primaryimage\",\"url\":\"https:\\\/\\\/jumeaux91.fr\\\/blog\\\/wp-content\\\/uploads\\\/2025\\\/06\\\/thyez-gold-groupe-phare-des-annees-80-en-concert-gratuit.jpg\",\"contentUrl\":\"https:\\\/\\\/jumeaux91.fr\\\/blog\\\/wp-content\\\/uploads\\\/2025\\\/06\\\/thyez-gold-groupe-phare-des-annees-80-en-concert-gratuit.jpg\",\"width\":1200,\"height\":630,\"caption\":\"Thyez Gold, groupe phare des ann\u00e9es 80, en concert gratuit\"},{\"@type\":\"BreadcrumbList\",\"@id\":\"https:\\\/\\\/jumeaux91.fr\\\/blog\\\/thyez-gold-groupe-phare-des-annees-80-en-concert-gratuit\\\/#breadcrumb\",\"itemListElement\":[{\"@type\":\"ListItem\",\"position\":1,\"name\":\"Accueil\",\"item\":\"https:\\\/\\\/jumeaux91.fr\\\/blog\\\/\"},{\"@type\":\"ListItem\",\"position\":2,\"name\":\"Thyez Gold, groupe phare des ann\u00e9es 80, en concert gratuit\"}]},{\"@type\":\"WebSite\",\"@id\":\"https:\\\/\\\/jumeaux91.fr\\\/blog\\\/#website\",\"url\":\"https:\\\/\\\/jumeaux91.fr\\\/blog\\\/\",\"name\":\"JUMEAUX91\",\"description\":\"Fr\u00e8res jumeaux de l&#039;Essonnes; informations et archives, \u00e0 savoir et retenir.\",\"publisher\":{\"@id\":\"https:\\\/\\\/jumeaux91.fr\\\/blog\\\/#organization\"},\"potentialAction\":[{\"@type\":\"SearchAction\",\"target\":{\"@type\":\"EntryPoint\",\"urlTemplate\":\"https:\\\/\\\/jumeaux91.fr\\\/blog\\\/?s={search_term_string}\"},\"query-input\":{\"@type\":\"PropertyValueSpecification\",\"valueRequired\":true,\"valueName\":\"search_term_string\"}}],\"inLanguage\":\"fr-FR\"},{\"@type\":\"Organization\",\"@id\":\"https:\\\/\\\/jumeaux91.fr\\\/blog\\\/#organization\",\"name\":\"jumeaux91\",\"url\":\"https:\\\/\\\/jumeaux91.fr\\\/blog\\\/\",\"logo\":{\"@type\":\"ImageObject\",\"inLanguage\":\"fr-FR\",\"@id\":\"https:\\\/\\\/jumeaux91.fr\\\/blog\\\/#\\\/schema\\\/logo\\\/image\\\/\",\"url\":\"https:\\\/\\\/jumeaux91.fr\\\/blog\\\/wp-content\\\/uploads\\\/2023\\\/05\\\/cropped-cropped-logoJ_91.png\",\"contentUrl\":\"https:\\\/\\\/jumeaux91.fr\\\/blog\\\/wp-content\\\/uploads\\\/2023\\\/05\\\/cropped-cropped-logoJ_91.png\",\"width\":512,\"height\":512,\"caption\":\"jumeaux91\"},\"image\":{\"@id\":\"https:\\\/\\\/jumeaux91.fr\\\/blog\\\/#\\\/schema\\\/logo\\\/image\\\/\"}},{\"@type\":\"Person\",\"@id\":\"https:\\\/\\\/jumeaux91.fr\\\/blog\\\/#\\\/schema\\\/person\\\/21da06e9f119b9f64e5d45dbbd32d3fb\",\"name\":\"Claude DAYRES\",\"image\":{\"@type\":\"ImageObject\",\"inLanguage\":\"fr-FR\",\"@id\":\"https:\\\/\\\/secure.gravatar.com\\\/avatar\\\/82eb951df6110a2c48d1bfa7a67d1ee6f0cd5df3cbf9c3586dd61e82db7172a5?s=96&d=mm&r=g\",\"url\":\"https:\\\/\\\/secure.gravatar.com\\\/avatar\\\/82eb951df6110a2c48d1bfa7a67d1ee6f0cd5df3cbf9c3586dd61e82db7172a5?s=96&d=mm&r=g\",\"contentUrl\":\"https:\\\/\\\/secure.gravatar.com\\\/avatar\\\/82eb951df6110a2c48d1bfa7a67d1ee6f0cd5df3cbf9c3586dd61e82db7172a5?s=96&d=mm&r=g\",\"caption\":\"Claude DAYRES\"},\"url\":\"https:\\\/\\\/jumeaux91.fr\\\/blog\\\/author\\\/x91claude\\\/\"}]}<\/script>\n<!-- \/ Yoast SEO plugin. -->","yoast_head_json":{"title":"Thyez Gold, groupe phare des ann\u00e9es 80, en concert gratuit - JUMEAUX91","robots":{"index":"index","follow":"follow","max-snippet":"max-snippet:-1","max-image-preview":"max-image-preview:large","max-video-preview":"max-video-preview:-1"},"canonical":"https:\/\/jumeaux91.fr\/blog\/thyez-gold-groupe-phare-des-annees-80-en-concert-gratuit\/","og_locale":"fr_FR","og_type":"article","og_title":"Thyez Gold, groupe phare des ann\u00e9es 80, en concert gratuit - JUMEAUX91","og_description":"Les accords de synth\u00e9, coupes mulet et clips sous fond de lumi\u00e8res color\u00e9es font leur grand retour chez les b\u00e9b\u00e9s de l\u2019an 2000. Pour ceux qui se d\u00e9hanchent aujourd\u2019hui sur les rythmiques des ann\u00e9es 80 et les nostalgiques de Capitaine Abandonn\u00e9 , le groupe Gold fera vibrer la sc\u00e8ne du Forum des lacs pour un&hellip; Poursuivre la lecture Thyez Gold, groupe phare des ann\u00e9es 80, en concert gratuit","og_url":"https:\/\/jumeaux91.fr\/blog\/thyez-gold-groupe-phare-des-annees-80-en-concert-gratuit\/","og_site_name":"JUMEAUX91","article_published_time":"2025-06-04T05:15:00+00:00","og_image":[{"url":"https:\/\/jumeaux91.fr\/blog\/wp-content\/uploads\/2025\/06\/thyez-gold-groupe-phare-des-annees-80-en-concert-gratuit.jpg","type":"","width":"","height":""}],"author":"Claude DAYRES","twitter_card":"summary_large_image","twitter_misc":{"\u00c9crit par":"Claude DAYRES","Dur\u00e9e de lecture estim\u00e9e":"2 minutes"},"schema":{"@context":"https:\/\/schema.org","@graph":[{"@type":"Article","@id":"https:\/\/jumeaux91.fr\/blog\/thyez-gold-groupe-phare-des-annees-80-en-concert-gratuit\/#article","isPartOf":{"@id":"https:\/\/jumeaux91.fr\/blog\/thyez-gold-groupe-phare-des-annees-80-en-concert-gratuit\/"},"author":{"name":"Claude DAYRES","@id":"https:\/\/jumeaux91.fr\/blog\/#\/schema\/person\/21da06e9f119b9f64e5d45dbbd32d3fb"},"headline":"Thyez Gold, groupe phare des ann\u00e9es 80, en concert gratuit","datePublished":"2025-06-04T05:15:00+00:00","mainEntityOfPage":{"@id":"https:\/\/jumeaux91.fr\/blog\/thyez-gold-groupe-phare-des-annees-80-en-concert-gratuit\/"},"wordCount":384,"publisher":{"@id":"https:\/\/jumeaux91.fr\/blog\/#organization"},"image":{"@id":"https:\/\/jumeaux91.fr\/blog\/thyez-gold-groupe-phare-des-annees-80-en-concert-gratuit\/#primaryimage"},"thumbnailUrl":"https:\/\/jumeaux91.fr\/blog\/wp-content\/uploads\/2025\/06\/thyez-gold-groupe-phare-des-annees-80-en-concert-gratuit.jpg","articleSection":["Posts Fr\u00e8res Jumeaux De L'Essonnes:"],"inLanguage":"fr-FR"},{"@type":"WebPage","@id":"https:\/\/jumeaux91.fr\/blog\/thyez-gold-groupe-phare-des-annees-80-en-concert-gratuit\/","url":"https:\/\/jumeaux91.fr\/blog\/thyez-gold-groupe-phare-des-annees-80-en-concert-gratuit\/","name":"Thyez Gold, groupe phare des ann\u00e9es 80, en concert gratuit - JUMEAUX91","isPartOf":{"@id":"https:\/\/jumeaux91.fr\/blog\/#website"},"primaryImageOfPage":{"@id":"https:\/\/jumeaux91.fr\/blog\/thyez-gold-groupe-phare-des-annees-80-en-concert-gratuit\/#primaryimage"},"image":{"@id":"https:\/\/jumeaux91.fr\/blog\/thyez-gold-groupe-phare-des-annees-80-en-concert-gratuit\/#primaryimage"},"thumbnailUrl":"https:\/\/jumeaux91.fr\/blog\/wp-content\/uploads\/2025\/06\/thyez-gold-groupe-phare-des-annees-80-en-concert-gratuit.jpg","datePublished":"2025-06-04T05:15:00+00:00","breadcrumb":{"@id":"https:\/\/jumeaux91.fr\/blog\/thyez-gold-groupe-phare-des-annees-80-en-concert-gratuit\/#breadcrumb"},"inLanguage":"fr-FR","potentialAction":[{"@type":"ReadAction","target":["https:\/\/jumeaux91.fr\/blog\/thyez-gold-groupe-phare-des-annees-80-en-concert-gratuit\/"]}]},{"@type":"ImageObject","inLanguage":"fr-FR","@id":"https:\/\/jumeaux91.fr\/blog\/thyez-gold-groupe-phare-des-annees-80-en-concert-gratuit\/#primaryimage","url":"https:\/\/jumeaux91.fr\/blog\/wp-content\/uploads\/2025\/06\/thyez-gold-groupe-phare-des-annees-80-en-concert-gratuit.jpg","contentUrl":"https:\/\/jumeaux91.fr\/blog\/wp-content\/uploads\/2025\/06\/thyez-gold-groupe-phare-des-annees-80-en-concert-gratuit.jpg","width":1200,"height":630,"caption":"Thyez Gold, groupe phare des ann\u00e9es 80, en concert gratuit"},{"@type":"BreadcrumbList","@id":"https:\/\/jumeaux91.fr\/blog\/thyez-gold-groupe-phare-des-annees-80-en-concert-gratuit\/#breadcrumb","itemListElement":[{"@type":"ListItem","position":1,"name":"Accueil","item":"https:\/\/jumeaux91.fr\/blog\/"},{"@type":"ListItem","position":2,"name":"Thyez Gold, groupe phare des ann\u00e9es 80, en concert gratuit"}]},{"@type":"WebSite","@id":"https:\/\/jumeaux91.fr\/blog\/#website","url":"https:\/\/jumeaux91.fr\/blog\/","name":"JUMEAUX91","description":"Fr\u00e8res jumeaux de l&#039;Essonnes; informations et archives, \u00e0 savoir et retenir.","publisher":{"@id":"https:\/\/jumeaux91.fr\/blog\/#organization"},"potentialAction":[{"@type":"SearchAction","target":{"@type":"EntryPoint","urlTemplate":"https:\/\/jumeaux91.fr\/blog\/?s={search_term_string}"},"query-input":{"@type":"PropertyValueSpecification","valueRequired":true,"valueName":"search_term_string"}}],"inLanguage":"fr-FR"},{"@type":"Organization","@id":"https:\/\/jumeaux91.fr\/blog\/#organization","name":"jumeaux91","url":"https:\/\/jumeaux91.fr\/blog\/","logo":{"@type":"ImageObject","inLanguage":"fr-FR","@id":"https:\/\/jumeaux91.fr\/blog\/#\/schema\/logo\/image\/","url":"https:\/\/jumeaux91.fr\/blog\/wp-content\/uploads\/2023\/05\/cropped-cropped-logoJ_91.png","contentUrl":"https:\/\/jumeaux91.fr\/blog\/wp-content\/uploads\/2023\/05\/cropped-cropped-logoJ_91.png","width":512,"height":512,"caption":"jumeaux91"},"image":{"@id":"https:\/\/jumeaux91.fr\/blog\/#\/schema\/logo\/image\/"}},{"@type":"Person","@id":"https:\/\/jumeaux91.fr\/blog\/#\/schema\/person\/21da06e9f119b9f64e5d45dbbd32d3fb","name":"Claude DAYRES","image":{"@type":"ImageObject","inLanguage":"fr-FR","@id":"https:\/\/secure.gravatar.com\/avatar\/82eb951df6110a2c48d1bfa7a67d1ee6f0cd5df3cbf9c3586dd61e82db7172a5?s=96&d=mm&r=g","url":"https:\/\/secure.gravatar.com\/avatar\/82eb951df6110a2c48d1bfa7a67d1ee6f0cd5df3cbf9c3586dd61e82db7172a5?s=96&d=mm&r=g","contentUrl":"https:\/\/secure.gravatar.com\/avatar\/82eb951df6110a2c48d1bfa7a67d1ee6f0cd5df3cbf9c3586dd61e82db7172a5?s=96&d=mm&r=g","caption":"Claude DAYRES"},"url":"https:\/\/jumeaux91.fr\/blog\/author\/x91claude\/"}]}},"_links":{"self":[{"href":"https:\/\/jumeaux91.fr\/blog\/wp-json\/wp\/v2\/posts\/1281","targetHints":{"allow":["GET"]}}],"collection":[{"href":"https:\/\/jumeaux91.fr\/blog\/wp-json\/wp\/v2\/posts"}],"about":[{"href":"https:\/\/jumeaux91.fr\/blog\/wp-json\/wp\/v2\/types\/post"}],"author":[{"embeddable":true,"href":"https:\/\/jumeaux91.fr\/blog\/wp-json\/wp\/v2\/users\/2"}],"replies":[{"embeddable":true,"href":"https:\/\/jumeaux91.fr\/blog\/wp-json\/wp\/v2\/comments?post=1281"}],"version-history":[{"count":0,"href":"https:\/\/jumeaux91.fr\/blog\/wp-json\/wp\/v2\/posts\/1281\/revisions"}],"wp:featuredmedia":[{"embeddable":true,"href":"https:\/\/jumeaux91.fr\/blog\/wp-json\/wp\/v2\/media\/1282"}],"wp:attachment":[{"href":"https:\/\/jumeaux91.fr\/blog\/wp-json\/wp\/v2\/media?parent=1281"}],"wp:term":[{"taxonomy":"category","embeddable":true,"href":"https:\/\/jumeaux91.fr\/blog\/wp-json\/wp\/v2\/categories?post=1281"},{"taxonomy":"post_tag","embeddable":true,"href":"https:\/\/jumeaux91.fr\/blog\/wp-json\/wp\/v2\/tags?post=1281"}],"curies":[{"name":"wp","href":"https:\/\/api.w.org\/{rel}","templated":true}]}}