{"id":1283,"date":"2025-06-03T23:32:00","date_gmt":"2025-06-03T21:32:00","guid":{"rendered":"https:\/\/jumeaux91.fr\/blog\/a-11-ans-leur-fille-a-deja-subi-20-lourdes-operations-ils-attaquent-le-chu-de-rennes-apres-une-erreur-medicale-et-racontent-leur-souffrance\/"},"modified":"2025-06-03T23:32:00","modified_gmt":"2025-06-03T21:32:00","slug":"a-11-ans-leur-fille-a-deja-subi-20-lourdes-operations-ils-attaquent-le-chu-de-rennes-apres-une-erreur-medicale-et-racontent-leur-souffrance","status":"publish","type":"post","link":"https:\/\/jumeaux91.fr\/blog\/a-11-ans-leur-fille-a-deja-subi-20-lourdes-operations-ils-attaquent-le-chu-de-rennes-apres-une-erreur-medicale-et-racontent-leur-souffrance\/","title":{"rendered":"\u00c0 11 ans, leur fille a d\u00e9j\u00e0 subi 20 lourdes op\u00e9rations : ils attaquent le CHU de Rennes apr\u00e8s une erreur m\u00e9dicale et racontent leur souffrance"},"content":{"rendered":"<div><img decoding=\"async\" src=\"https:\/\/jumeaux91.fr\/blog\/wp-content\/uploads\/2025\/06\/a-11-ans-leur-fille-a-deja-subi-20-lourdes-operations-ils-attaquent-le-chu-de-rennes-apres-une-erreur-medicale-et-racontent-leur-souffrance.jpg\" class=\"ff-og-image-inserted\"><\/div>\n<div>\n<p>\u00ab \u00c7a ne finit jamais. On ne se doutait pas que notre fille allait devoir endurer toutes ces \u00e9preuves. Son courage est une le\u00e7on. Dans quelques jours, sans m\u00eame terminer l\u2019ann\u00e9e scolaire, elle devra subir deux nouvelles op\u00e9rations. On approchera la vingtaine alors qu\u2019elle vient de f\u00eater ses onze ans. \u00bb<\/p>\n<\/div>\n<div aria-hidden=\"true\">\n<p>C\u2019est main dans la main que M\u00e9lissa et Cedric, <span>les parents de jumeaux n\u00e9s grands pr\u00e9matur\u00e9s, le 12 mars 2014 \u00e0 l\u2019H\u00f4pital sud \u00e0 Rennes, racontent comment leur vie et celle de leur famille \u00e0 basculer. Quatre jours apr\u00e8s la naissance de leurs jumeaux, u<\/span>n cath\u00e9ter intraveineux est pos\u00e9 sur le pied de leur fille. Le nouveau-n\u00e9 qui p\u00e8se moins d\u2019un kilo a besoin d\u2019aide pour s\u2019alimenter. Un goutte-\u00e0-goutte avec une solution d\u2019hydratation lui est donc pos\u00e9.<\/p>\n<h2>Le bandage occulte la n\u00e9crose<\/h2>\n<p>\u00ab Ce soir-l\u00e0, vers 20 h, je m\u2019aper\u00e7ois qu\u2019Inaya gesticule anormalement, son respirateur remonte vers ses yeux et une grosse boule s\u2019est form\u00e9e sur le haut de sa cuisse \u00bb, explique M\u00e9lissa, sa m\u00e8re. \u00ab Je demande que l\u2019infirmi\u00e8re qui s\u2019occupe exclusivement de ma fille vienne. Moi, je ne peux pas toucher ma fille qui est sous la couveuse. L\u2019infirmi\u00e8re arrive 20 minutes plus tard et me rassure. Sans d\u00e9coller le bandage. Je retourne dans ma chambre. Nerveuse, je me convaincs que je suis trop fatigu\u00e9e pour \u00eatre lucide. \u00bb<\/p>\n<\/div>\n<div aria-hidden=\"true\">\n<p>Vers minuit, lors d\u2019un nouveau passage de l\u2019infirmi\u00e8re, de tr\u00e8s lourdes l\u00e9sions cutan\u00e9es sont d\u00e9couvertes. Le contenu de la perfusion s\u2018est diffus\u00e9 hors de la veine et dans les tissus. L\u2019enfant souffre d\u2019une n\u00e9crose du pied gauche et d\u2019une \u00ab isch\u00e9mie \u00bb, un manque d\u2019irrigation par le sang, conclut le rapport m\u00e9dical lu lors de l\u2019audience devant le tribunal administratif de Rennes le 16 mai dernier. Les parents demandent r\u00e9paration au Centre Hospitalier Universitaire (CHU) de Rennes. Le rapporteur public a pr\u00e9conis\u00e9 de condamner l\u2019\u00e9tablissement \u00e0 verser 175 000 \u20ac de dommages et int\u00e9r\u00eats. La d\u00e9cision sera rendue mi juin.<\/p>\n<h2>Nouvelles op\u00e9rations<\/h2>\n<\/div>\n<div aria-hidden=\"true\">\n<p>Aujourd\u2019hui, \u00e2g\u00e9e de 11 ans, la fillette conserve de lourdes s\u00e9quelles sur la jambe et le pied. Son mollet est atrophi\u00e9, son pied aussi. Et sa jambe est plus courte de 8 cm par rapport \u00e0 l\u2019autre. Dans quelques jours, Inaya rejoindra de nouveau l\u2019h\u00f4pital Necker \u00e0 Paris o\u00f9 elle est suivie depuis sept ans. Pour redonner de l\u2019\u00e9lasticit\u00e9 \u00e0 la peau de son mollet, de la peau de son cr\u00e2ne lui sera pr\u00e9lev\u00e9 puis r\u00e9implant\u00e9.<\/p>\n<\/div>\n<div aria-hidden=\"true\">\n<p>\u00ab On va devoir lui raser les cheveux alors qu\u2019elle a des cheveux longs\u2026 Elle devra faire sa rentr\u00e9e de septembre avec des cheveux tr\u00e8s courts\u2026 \u00c0 11 ans, elle fait davantage attention au regard des autres. Mais c\u2019est une battante. Son courage nous emporte. Nous et ses deux fr\u00e8res. Nos m\u00e8res \u00e0 tous les deux \u00e9taient aides soignantes \u00e0 l\u2019h\u00f4pital. On comprend que la m\u00e9decine n\u2019est pas une science exacte et qu\u2019il peut y avoir des erreurs. Mais on a eu du mal \u00e0 comprendre ce qui s\u2019\u00e9tait pass\u00e9 et on a eu toutes les peines du monde \u00e0 r\u00e9cup\u00e9rer le dossier m\u00e9dical o\u00f9 il manque de tr\u00e8s nombreuses pages\u2026 On nous a conseill\u00e9 sans m\u00e9nagement d\u2019amputer la jambe de notre fille. Cela devant elle et ses deux fr\u00e8res. Le tout, lors d\u2019un rendez-vous exp\u00e9di\u00e9. Certes sa jambe est tr\u00e8s handicap\u00e9e mais elle peut marcher et m\u00eame courir un peu&#8230; \u00e0 sa fa\u00e7on. Maintenant, on esp\u00e8re que les op\u00e9rations de cet \u00e9t\u00e9 puissent permettre \u00e0 sa jambe de grandir lors de son adolescence. \u00bb<\/p>\n<\/div>\n<p>La chronique se veut g\u00e9n\u00e9r\u00e9e de la fa\u00e7on la plus claire que possible. Dans le cas o\u00f9 vous souhaitez pr\u00e9senter des renseignements compl\u00e9mentaires \u00e0 cet article sur le sujet \u00ab\u00a0Fr\u00e8res jumeaux de l&rsquo;Essonnes\u00a0\u00bb il vous est possible d\u2019\u00e9crire aux contacts indiqu\u00e9s sur notre website. La raison d\u2019\u00eatre de jumeaux91.fr \u00e9tant de rassembler sur le web des posts sur le sujet de Fr\u00e8res jumeaux de l&rsquo;Essonnes puis les diffuser en r\u00e9pondant au mieux aux interrogations des gens. Vous pouvez tirer profit de cet article traitant le sujet \u00ab\u00a0Fr\u00e8res jumeaux de l&rsquo;Essonnes\u00a0\u00bb. Il est concoct\u00e9 par l\u2019\u00e9quipe jumeaux91.fr. Prochainement, nous rendrons accessibles au public d&rsquo;autres informations pertinentes sur le sujet \u00ab\u00a0Fr\u00e8res jumeaux de l&rsquo;Essonnes\u00a0\u00bb. Alors, consultez syst\u00e9matiquement notre blog.<\/p>\n","protected":false},"excerpt":{"rendered":"<p>\u00ab \u00c7a ne finit jamais. On ne se doutait pas que notre fille allait devoir endurer toutes ces \u00e9preuves. Son courage est une le\u00e7on. Dans quelques jours, sans m\u00eame terminer l\u2019ann\u00e9e scolaire, elle devra subir deux nouvelles op\u00e9rations. On approchera la vingtaine alors qu\u2019elle vient de f\u00eater ses onze ans. \u00bb C\u2019est main dans la&hellip; <a class=\"more-link\" href=\"https:\/\/jumeaux91.fr\/blog\/a-11-ans-leur-fille-a-deja-subi-20-lourdes-operations-ils-attaquent-le-chu-de-rennes-apres-une-erreur-medicale-et-racontent-leur-souffrance\/\">Poursuivre la lecture <span class=\"screen-reader-text\">\u00c0 11 ans, leur fille a d\u00e9j\u00e0 subi 20 lourdes op\u00e9rations : ils attaquent le CHU de Rennes apr\u00e8s une erreur m\u00e9dicale et racontent leur souffrance<\/span><\/a><\/p>\n","protected":false},"author":2,"featured_media":1284,"comment_status":"closed","ping_status":"closed","sticky":false,"template":"","format":"standard","meta":{"footnotes":""},"categories":[4],"tags":[],"class_list":["post-1283","post","type-post","status-publish","format-standard","has-post-thumbnail","hentry","category-posts-freres-jumeaux-de-lessonnes","entry"],"yoast_head":"<!-- This site is optimized with the Yoast SEO plugin v27.5 - https:\/\/yoast.com\/product\/yoast-seo-wordpress\/ -->\n<title>\u00c0 11 ans, leur fille a d\u00e9j\u00e0 subi 20 lourdes op\u00e9rations : ils attaquent le CHU de Rennes apr\u00e8s une erreur m\u00e9dicale et racontent leur souffrance - JUMEAUX91<\/title>\n<meta name=\"robots\" content=\"index, follow, max-snippet:-1, max-image-preview:large, max-video-preview:-1\" \/>\n<link rel=\"canonical\" href=\"https:\/\/jumeaux91.fr\/blog\/a-11-ans-leur-fille-a-deja-subi-20-lourdes-operations-ils-attaquent-le-chu-de-rennes-apres-une-erreur-medicale-et-racontent-leur-souffrance\/\" \/>\n<meta property=\"og:locale\" content=\"fr_FR\" \/>\n<meta property=\"og:type\" content=\"article\" \/>\n<meta property=\"og:title\" content=\"\u00c0 11 ans, leur fille a d\u00e9j\u00e0 subi 20 lourdes op\u00e9rations : ils attaquent le CHU de Rennes apr\u00e8s une erreur m\u00e9dicale et racontent leur souffrance - JUMEAUX91\" \/>\n<meta property=\"og:description\" content=\"\u00ab \u00c7a ne finit jamais. On ne se doutait pas que notre fille allait devoir endurer toutes ces \u00e9preuves. Son courage est une le\u00e7on. Dans quelques jours, sans m\u00eame terminer l\u2019ann\u00e9e scolaire, elle devra subir deux nouvelles op\u00e9rations. On approchera la vingtaine alors qu\u2019elle vient de f\u00eater ses onze ans. \u00bb C\u2019est main dans la&hellip; Poursuivre la lecture \u00c0 11 ans, leur fille a d\u00e9j\u00e0 subi 20 lourdes op\u00e9rations : ils attaquent le CHU de Rennes apr\u00e8s une erreur m\u00e9dicale et racontent leur souffrance\" \/>\n<meta property=\"og:url\" content=\"https:\/\/jumeaux91.fr\/blog\/a-11-ans-leur-fille-a-deja-subi-20-lourdes-operations-ils-attaquent-le-chu-de-rennes-apres-une-erreur-medicale-et-racontent-leur-souffrance\/\" \/>\n<meta property=\"og:site_name\" content=\"JUMEAUX91\" \/>\n<meta property=\"article:published_time\" content=\"2025-06-03T21:32:00+00:00\" \/>\n<meta property=\"og:image\" content=\"https:\/\/jumeaux91.fr\/blog\/wp-content\/uploads\/2025\/06\/a-11-ans-leur-fille-a-deja-subi-20-lourdes-operations-ils-attaquent-le-chu-de-rennes-apres-une-erreur-medicale-et-racontent-leur-souffrance.jpg\" \/>\n<meta name=\"author\" content=\"Claude DAYRES\" \/>\n<meta name=\"twitter:card\" content=\"summary_large_image\" \/>\n<meta name=\"twitter:label1\" content=\"\u00c9crit par\" \/>\n\t<meta name=\"twitter:data1\" content=\"Claude DAYRES\" \/>\n\t<meta name=\"twitter:label2\" content=\"Dur\u00e9e de lecture estim\u00e9e\" \/>\n\t<meta name=\"twitter:data2\" content=\"4 minutes\" \/>\n<script type=\"application\/ld+json\" class=\"yoast-schema-graph\">{\"@context\":\"https:\\\/\\\/schema.org\",\"@graph\":[{\"@type\":\"Article\",\"@id\":\"https:\\\/\\\/jumeaux91.fr\\\/blog\\\/a-11-ans-leur-fille-a-deja-subi-20-lourdes-operations-ils-attaquent-le-chu-de-rennes-apres-une-erreur-medicale-et-racontent-leur-souffrance\\\/#article\",\"isPartOf\":{\"@id\":\"https:\\\/\\\/jumeaux91.fr\\\/blog\\\/a-11-ans-leur-fille-a-deja-subi-20-lourdes-operations-ils-attaquent-le-chu-de-rennes-apres-une-erreur-medicale-et-racontent-leur-souffrance\\\/\"},\"author\":{\"name\":\"Claude DAYRES\",\"@id\":\"https:\\\/\\\/jumeaux91.fr\\\/blog\\\/#\\\/schema\\\/person\\\/21da06e9f119b9f64e5d45dbbd32d3fb\"},\"headline\":\"\u00c0 11 ans, leur fille a d\u00e9j\u00e0 subi 20 lourdes op\u00e9rations : ils attaquent le CHU de Rennes apr\u00e8s une erreur m\u00e9dicale et racontent leur souffrance\",\"datePublished\":\"2025-06-03T21:32:00+00:00\",\"mainEntityOfPage\":{\"@id\":\"https:\\\/\\\/jumeaux91.fr\\\/blog\\\/a-11-ans-leur-fille-a-deja-subi-20-lourdes-operations-ils-attaquent-le-chu-de-rennes-apres-une-erreur-medicale-et-racontent-leur-souffrance\\\/\"},\"wordCount\":803,\"publisher\":{\"@id\":\"https:\\\/\\\/jumeaux91.fr\\\/blog\\\/#organization\"},\"image\":{\"@id\":\"https:\\\/\\\/jumeaux91.fr\\\/blog\\\/a-11-ans-leur-fille-a-deja-subi-20-lourdes-operations-ils-attaquent-le-chu-de-rennes-apres-une-erreur-medicale-et-racontent-leur-souffrance\\\/#primaryimage\"},\"thumbnailUrl\":\"https:\\\/\\\/jumeaux91.fr\\\/blog\\\/wp-content\\\/uploads\\\/2025\\\/06\\\/a-11-ans-leur-fille-a-deja-subi-20-lourdes-operations-ils-attaquent-le-chu-de-rennes-apres-une-erreur-medicale-et-racontent-leur-souffrance.jpg\",\"articleSection\":[\"Posts Fr\u00e8res Jumeaux De L'Essonnes:\"],\"inLanguage\":\"fr-FR\"},{\"@type\":\"WebPage\",\"@id\":\"https:\\\/\\\/jumeaux91.fr\\\/blog\\\/a-11-ans-leur-fille-a-deja-subi-20-lourdes-operations-ils-attaquent-le-chu-de-rennes-apres-une-erreur-medicale-et-racontent-leur-souffrance\\\/\",\"url\":\"https:\\\/\\\/jumeaux91.fr\\\/blog\\\/a-11-ans-leur-fille-a-deja-subi-20-lourdes-operations-ils-attaquent-le-chu-de-rennes-apres-une-erreur-medicale-et-racontent-leur-souffrance\\\/\",\"name\":\"\u00c0 11 ans, leur fille a d\u00e9j\u00e0 subi 20 lourdes op\u00e9rations : ils attaquent le CHU de Rennes apr\u00e8s une erreur m\u00e9dicale et racontent leur souffrance - JUMEAUX91\",\"isPartOf\":{\"@id\":\"https:\\\/\\\/jumeaux91.fr\\\/blog\\\/#website\"},\"primaryImageOfPage\":{\"@id\":\"https:\\\/\\\/jumeaux91.fr\\\/blog\\\/a-11-ans-leur-fille-a-deja-subi-20-lourdes-operations-ils-attaquent-le-chu-de-rennes-apres-une-erreur-medicale-et-racontent-leur-souffrance\\\/#primaryimage\"},\"image\":{\"@id\":\"https:\\\/\\\/jumeaux91.fr\\\/blog\\\/a-11-ans-leur-fille-a-deja-subi-20-lourdes-operations-ils-attaquent-le-chu-de-rennes-apres-une-erreur-medicale-et-racontent-leur-souffrance\\\/#primaryimage\"},\"thumbnailUrl\":\"https:\\\/\\\/jumeaux91.fr\\\/blog\\\/wp-content\\\/uploads\\\/2025\\\/06\\\/a-11-ans-leur-fille-a-deja-subi-20-lourdes-operations-ils-attaquent-le-chu-de-rennes-apres-une-erreur-medicale-et-racontent-leur-souffrance.jpg\",\"datePublished\":\"2025-06-03T21:32:00+00:00\",\"breadcrumb\":{\"@id\":\"https:\\\/\\\/jumeaux91.fr\\\/blog\\\/a-11-ans-leur-fille-a-deja-subi-20-lourdes-operations-ils-attaquent-le-chu-de-rennes-apres-une-erreur-medicale-et-racontent-leur-souffrance\\\/#breadcrumb\"},\"inLanguage\":\"fr-FR\",\"potentialAction\":[{\"@type\":\"ReadAction\",\"target\":[\"https:\\\/\\\/jumeaux91.fr\\\/blog\\\/a-11-ans-leur-fille-a-deja-subi-20-lourdes-operations-ils-attaquent-le-chu-de-rennes-apres-une-erreur-medicale-et-racontent-leur-souffrance\\\/\"]}]},{\"@type\":\"ImageObject\",\"inLanguage\":\"fr-FR\",\"@id\":\"https:\\\/\\\/jumeaux91.fr\\\/blog\\\/a-11-ans-leur-fille-a-deja-subi-20-lourdes-operations-ils-attaquent-le-chu-de-rennes-apres-une-erreur-medicale-et-racontent-leur-souffrance\\\/#primaryimage\",\"url\":\"https:\\\/\\\/jumeaux91.fr\\\/blog\\\/wp-content\\\/uploads\\\/2025\\\/06\\\/a-11-ans-leur-fille-a-deja-subi-20-lourdes-operations-ils-attaquent-le-chu-de-rennes-apres-une-erreur-medicale-et-racontent-leur-souffrance.jpg\",\"contentUrl\":\"https:\\\/\\\/jumeaux91.fr\\\/blog\\\/wp-content\\\/uploads\\\/2025\\\/06\\\/a-11-ans-leur-fille-a-deja-subi-20-lourdes-operations-ils-attaquent-le-chu-de-rennes-apres-une-erreur-medicale-et-racontent-leur-souffrance.jpg\",\"width\":1200,\"height\":750,\"caption\":\"\u00c0 11 ans, leur fille a d\u00e9j\u00e0 subi 20 lourdes op\u00e9rations : ils attaquent le CHU de Rennes apr\u00e8s une erreur m\u00e9dicale et racontent leur souffrance\"},{\"@type\":\"BreadcrumbList\",\"@id\":\"https:\\\/\\\/jumeaux91.fr\\\/blog\\\/a-11-ans-leur-fille-a-deja-subi-20-lourdes-operations-ils-attaquent-le-chu-de-rennes-apres-une-erreur-medicale-et-racontent-leur-souffrance\\\/#breadcrumb\",\"itemListElement\":[{\"@type\":\"ListItem\",\"position\":1,\"name\":\"Accueil\",\"item\":\"https:\\\/\\\/jumeaux91.fr\\\/blog\\\/\"},{\"@type\":\"ListItem\",\"position\":2,\"name\":\"\u00c0 11 ans, leur fille a d\u00e9j\u00e0 subi 20 lourdes op\u00e9rations : ils attaquent le CHU de Rennes apr\u00e8s une erreur m\u00e9dicale et racontent leur souffrance\"}]},{\"@type\":\"WebSite\",\"@id\":\"https:\\\/\\\/jumeaux91.fr\\\/blog\\\/#website\",\"url\":\"https:\\\/\\\/jumeaux91.fr\\\/blog\\\/\",\"name\":\"JUMEAUX91\",\"description\":\"Fr\u00e8res jumeaux de l&#039;Essonnes; informations et archives, \u00e0 savoir et retenir.\",\"publisher\":{\"@id\":\"https:\\\/\\\/jumeaux91.fr\\\/blog\\\/#organization\"},\"potentialAction\":[{\"@type\":\"SearchAction\",\"target\":{\"@type\":\"EntryPoint\",\"urlTemplate\":\"https:\\\/\\\/jumeaux91.fr\\\/blog\\\/?s={search_term_string}\"},\"query-input\":{\"@type\":\"PropertyValueSpecification\",\"valueRequired\":true,\"valueName\":\"search_term_string\"}}],\"inLanguage\":\"fr-FR\"},{\"@type\":\"Organization\",\"@id\":\"https:\\\/\\\/jumeaux91.fr\\\/blog\\\/#organization\",\"name\":\"jumeaux91\",\"url\":\"https:\\\/\\\/jumeaux91.fr\\\/blog\\\/\",\"logo\":{\"@type\":\"ImageObject\",\"inLanguage\":\"fr-FR\",\"@id\":\"https:\\\/\\\/jumeaux91.fr\\\/blog\\\/#\\\/schema\\\/logo\\\/image\\\/\",\"url\":\"https:\\\/\\\/jumeaux91.fr\\\/blog\\\/wp-content\\\/uploads\\\/2023\\\/05\\\/cropped-cropped-logoJ_91.png\",\"contentUrl\":\"https:\\\/\\\/jumeaux91.fr\\\/blog\\\/wp-content\\\/uploads\\\/2023\\\/05\\\/cropped-cropped-logoJ_91.png\",\"width\":512,\"height\":512,\"caption\":\"jumeaux91\"},\"image\":{\"@id\":\"https:\\\/\\\/jumeaux91.fr\\\/blog\\\/#\\\/schema\\\/logo\\\/image\\\/\"}},{\"@type\":\"Person\",\"@id\":\"https:\\\/\\\/jumeaux91.fr\\\/blog\\\/#\\\/schema\\\/person\\\/21da06e9f119b9f64e5d45dbbd32d3fb\",\"name\":\"Claude DAYRES\",\"image\":{\"@type\":\"ImageObject\",\"inLanguage\":\"fr-FR\",\"@id\":\"https:\\\/\\\/secure.gravatar.com\\\/avatar\\\/82eb951df6110a2c48d1bfa7a67d1ee6f0cd5df3cbf9c3586dd61e82db7172a5?s=96&d=mm&r=g\",\"url\":\"https:\\\/\\\/secure.gravatar.com\\\/avatar\\\/82eb951df6110a2c48d1bfa7a67d1ee6f0cd5df3cbf9c3586dd61e82db7172a5?s=96&d=mm&r=g\",\"contentUrl\":\"https:\\\/\\\/secure.gravatar.com\\\/avatar\\\/82eb951df6110a2c48d1bfa7a67d1ee6f0cd5df3cbf9c3586dd61e82db7172a5?s=96&d=mm&r=g\",\"caption\":\"Claude DAYRES\"},\"url\":\"https:\\\/\\\/jumeaux91.fr\\\/blog\\\/author\\\/x91claude\\\/\"}]}<\/script>\n<!-- \/ Yoast SEO plugin. -->","yoast_head_json":{"title":"\u00c0 11 ans, leur fille a d\u00e9j\u00e0 subi 20 lourdes op\u00e9rations : ils attaquent le CHU de Rennes apr\u00e8s une erreur m\u00e9dicale et racontent leur souffrance - JUMEAUX91","robots":{"index":"index","follow":"follow","max-snippet":"max-snippet:-1","max-image-preview":"max-image-preview:large","max-video-preview":"max-video-preview:-1"},"canonical":"https:\/\/jumeaux91.fr\/blog\/a-11-ans-leur-fille-a-deja-subi-20-lourdes-operations-ils-attaquent-le-chu-de-rennes-apres-une-erreur-medicale-et-racontent-leur-souffrance\/","og_locale":"fr_FR","og_type":"article","og_title":"\u00c0 11 ans, leur fille a d\u00e9j\u00e0 subi 20 lourdes op\u00e9rations : ils attaquent le CHU de Rennes apr\u00e8s une erreur m\u00e9dicale et racontent leur souffrance - JUMEAUX91","og_description":"\u00ab \u00c7a ne finit jamais. On ne se doutait pas que notre fille allait devoir endurer toutes ces \u00e9preuves. Son courage est une le\u00e7on. Dans quelques jours, sans m\u00eame terminer l\u2019ann\u00e9e scolaire, elle devra subir deux nouvelles op\u00e9rations. On approchera la vingtaine alors qu\u2019elle vient de f\u00eater ses onze ans. \u00bb C\u2019est main dans la&hellip; Poursuivre la lecture \u00c0 11 ans, leur fille a d\u00e9j\u00e0 subi 20 lourdes op\u00e9rations : ils attaquent le CHU de Rennes apr\u00e8s une erreur m\u00e9dicale et racontent leur souffrance","og_url":"https:\/\/jumeaux91.fr\/blog\/a-11-ans-leur-fille-a-deja-subi-20-lourdes-operations-ils-attaquent-le-chu-de-rennes-apres-une-erreur-medicale-et-racontent-leur-souffrance\/","og_site_name":"JUMEAUX91","article_published_time":"2025-06-03T21:32:00+00:00","og_image":[{"url":"https:\/\/jumeaux91.fr\/blog\/wp-content\/uploads\/2025\/06\/a-11-ans-leur-fille-a-deja-subi-20-lourdes-operations-ils-attaquent-le-chu-de-rennes-apres-une-erreur-medicale-et-racontent-leur-souffrance.jpg","type":"","width":"","height":""}],"author":"Claude DAYRES","twitter_card":"summary_large_image","twitter_misc":{"\u00c9crit par":"Claude DAYRES","Dur\u00e9e de lecture estim\u00e9e":"4 minutes"},"schema":{"@context":"https:\/\/schema.org","@graph":[{"@type":"Article","@id":"https:\/\/jumeaux91.fr\/blog\/a-11-ans-leur-fille-a-deja-subi-20-lourdes-operations-ils-attaquent-le-chu-de-rennes-apres-une-erreur-medicale-et-racontent-leur-souffrance\/#article","isPartOf":{"@id":"https:\/\/jumeaux91.fr\/blog\/a-11-ans-leur-fille-a-deja-subi-20-lourdes-operations-ils-attaquent-le-chu-de-rennes-apres-une-erreur-medicale-et-racontent-leur-souffrance\/"},"author":{"name":"Claude DAYRES","@id":"https:\/\/jumeaux91.fr\/blog\/#\/schema\/person\/21da06e9f119b9f64e5d45dbbd32d3fb"},"headline":"\u00c0 11 ans, leur fille a d\u00e9j\u00e0 subi 20 lourdes op\u00e9rations : ils attaquent le CHU de Rennes apr\u00e8s une erreur m\u00e9dicale et racontent leur souffrance","datePublished":"2025-06-03T21:32:00+00:00","mainEntityOfPage":{"@id":"https:\/\/jumeaux91.fr\/blog\/a-11-ans-leur-fille-a-deja-subi-20-lourdes-operations-ils-attaquent-le-chu-de-rennes-apres-une-erreur-medicale-et-racontent-leur-souffrance\/"},"wordCount":803,"publisher":{"@id":"https:\/\/jumeaux91.fr\/blog\/#organization"},"image":{"@id":"https:\/\/jumeaux91.fr\/blog\/a-11-ans-leur-fille-a-deja-subi-20-lourdes-operations-ils-attaquent-le-chu-de-rennes-apres-une-erreur-medicale-et-racontent-leur-souffrance\/#primaryimage"},"thumbnailUrl":"https:\/\/jumeaux91.fr\/blog\/wp-content\/uploads\/2025\/06\/a-11-ans-leur-fille-a-deja-subi-20-lourdes-operations-ils-attaquent-le-chu-de-rennes-apres-une-erreur-medicale-et-racontent-leur-souffrance.jpg","articleSection":["Posts Fr\u00e8res Jumeaux De L'Essonnes:"],"inLanguage":"fr-FR"},{"@type":"WebPage","@id":"https:\/\/jumeaux91.fr\/blog\/a-11-ans-leur-fille-a-deja-subi-20-lourdes-operations-ils-attaquent-le-chu-de-rennes-apres-une-erreur-medicale-et-racontent-leur-souffrance\/","url":"https:\/\/jumeaux91.fr\/blog\/a-11-ans-leur-fille-a-deja-subi-20-lourdes-operations-ils-attaquent-le-chu-de-rennes-apres-une-erreur-medicale-et-racontent-leur-souffrance\/","name":"\u00c0 11 ans, leur fille a d\u00e9j\u00e0 subi 20 lourdes op\u00e9rations : ils attaquent le CHU de Rennes apr\u00e8s une erreur m\u00e9dicale et racontent leur souffrance - JUMEAUX91","isPartOf":{"@id":"https:\/\/jumeaux91.fr\/blog\/#website"},"primaryImageOfPage":{"@id":"https:\/\/jumeaux91.fr\/blog\/a-11-ans-leur-fille-a-deja-subi-20-lourdes-operations-ils-attaquent-le-chu-de-rennes-apres-une-erreur-medicale-et-racontent-leur-souffrance\/#primaryimage"},"image":{"@id":"https:\/\/jumeaux91.fr\/blog\/a-11-ans-leur-fille-a-deja-subi-20-lourdes-operations-ils-attaquent-le-chu-de-rennes-apres-une-erreur-medicale-et-racontent-leur-souffrance\/#primaryimage"},"thumbnailUrl":"https:\/\/jumeaux91.fr\/blog\/wp-content\/uploads\/2025\/06\/a-11-ans-leur-fille-a-deja-subi-20-lourdes-operations-ils-attaquent-le-chu-de-rennes-apres-une-erreur-medicale-et-racontent-leur-souffrance.jpg","datePublished":"2025-06-03T21:32:00+00:00","breadcrumb":{"@id":"https:\/\/jumeaux91.fr\/blog\/a-11-ans-leur-fille-a-deja-subi-20-lourdes-operations-ils-attaquent-le-chu-de-rennes-apres-une-erreur-medicale-et-racontent-leur-souffrance\/#breadcrumb"},"inLanguage":"fr-FR","potentialAction":[{"@type":"ReadAction","target":["https:\/\/jumeaux91.fr\/blog\/a-11-ans-leur-fille-a-deja-subi-20-lourdes-operations-ils-attaquent-le-chu-de-rennes-apres-une-erreur-medicale-et-racontent-leur-souffrance\/"]}]},{"@type":"ImageObject","inLanguage":"fr-FR","@id":"https:\/\/jumeaux91.fr\/blog\/a-11-ans-leur-fille-a-deja-subi-20-lourdes-operations-ils-attaquent-le-chu-de-rennes-apres-une-erreur-medicale-et-racontent-leur-souffrance\/#primaryimage","url":"https:\/\/jumeaux91.fr\/blog\/wp-content\/uploads\/2025\/06\/a-11-ans-leur-fille-a-deja-subi-20-lourdes-operations-ils-attaquent-le-chu-de-rennes-apres-une-erreur-medicale-et-racontent-leur-souffrance.jpg","contentUrl":"https:\/\/jumeaux91.fr\/blog\/wp-content\/uploads\/2025\/06\/a-11-ans-leur-fille-a-deja-subi-20-lourdes-operations-ils-attaquent-le-chu-de-rennes-apres-une-erreur-medicale-et-racontent-leur-souffrance.jpg","width":1200,"height":750,"caption":"\u00c0 11 ans, leur fille a d\u00e9j\u00e0 subi 20 lourdes op\u00e9rations : ils attaquent le CHU de Rennes apr\u00e8s une erreur m\u00e9dicale et racontent leur souffrance"},{"@type":"BreadcrumbList","@id":"https:\/\/jumeaux91.fr\/blog\/a-11-ans-leur-fille-a-deja-subi-20-lourdes-operations-ils-attaquent-le-chu-de-rennes-apres-une-erreur-medicale-et-racontent-leur-souffrance\/#breadcrumb","itemListElement":[{"@type":"ListItem","position":1,"name":"Accueil","item":"https:\/\/jumeaux91.fr\/blog\/"},{"@type":"ListItem","position":2,"name":"\u00c0 11 ans, leur fille a d\u00e9j\u00e0 subi 20 lourdes op\u00e9rations : ils attaquent le CHU de Rennes apr\u00e8s une erreur m\u00e9dicale et racontent leur souffrance"}]},{"@type":"WebSite","@id":"https:\/\/jumeaux91.fr\/blog\/#website","url":"https:\/\/jumeaux91.fr\/blog\/","name":"JUMEAUX91","description":"Fr\u00e8res jumeaux de l&#039;Essonnes; informations et archives, \u00e0 savoir et retenir.","publisher":{"@id":"https:\/\/jumeaux91.fr\/blog\/#organization"},"potentialAction":[{"@type":"SearchAction","target":{"@type":"EntryPoint","urlTemplate":"https:\/\/jumeaux91.fr\/blog\/?s={search_term_string}"},"query-input":{"@type":"PropertyValueSpecification","valueRequired":true,"valueName":"search_term_string"}}],"inLanguage":"fr-FR"},{"@type":"Organization","@id":"https:\/\/jumeaux91.fr\/blog\/#organization","name":"jumeaux91","url":"https:\/\/jumeaux91.fr\/blog\/","logo":{"@type":"ImageObject","inLanguage":"fr-FR","@id":"https:\/\/jumeaux91.fr\/blog\/#\/schema\/logo\/image\/","url":"https:\/\/jumeaux91.fr\/blog\/wp-content\/uploads\/2023\/05\/cropped-cropped-logoJ_91.png","contentUrl":"https:\/\/jumeaux91.fr\/blog\/wp-content\/uploads\/2023\/05\/cropped-cropped-logoJ_91.png","width":512,"height":512,"caption":"jumeaux91"},"image":{"@id":"https:\/\/jumeaux91.fr\/blog\/#\/schema\/logo\/image\/"}},{"@type":"Person","@id":"https:\/\/jumeaux91.fr\/blog\/#\/schema\/person\/21da06e9f119b9f64e5d45dbbd32d3fb","name":"Claude DAYRES","image":{"@type":"ImageObject","inLanguage":"fr-FR","@id":"https:\/\/secure.gravatar.com\/avatar\/82eb951df6110a2c48d1bfa7a67d1ee6f0cd5df3cbf9c3586dd61e82db7172a5?s=96&d=mm&r=g","url":"https:\/\/secure.gravatar.com\/avatar\/82eb951df6110a2c48d1bfa7a67d1ee6f0cd5df3cbf9c3586dd61e82db7172a5?s=96&d=mm&r=g","contentUrl":"https:\/\/secure.gravatar.com\/avatar\/82eb951df6110a2c48d1bfa7a67d1ee6f0cd5df3cbf9c3586dd61e82db7172a5?s=96&d=mm&r=g","caption":"Claude DAYRES"},"url":"https:\/\/jumeaux91.fr\/blog\/author\/x91claude\/"}]}},"_links":{"self":[{"href":"https:\/\/jumeaux91.fr\/blog\/wp-json\/wp\/v2\/posts\/1283","targetHints":{"allow":["GET"]}}],"collection":[{"href":"https:\/\/jumeaux91.fr\/blog\/wp-json\/wp\/v2\/posts"}],"about":[{"href":"https:\/\/jumeaux91.fr\/blog\/wp-json\/wp\/v2\/types\/post"}],"author":[{"embeddable":true,"href":"https:\/\/jumeaux91.fr\/blog\/wp-json\/wp\/v2\/users\/2"}],"replies":[{"embeddable":true,"href":"https:\/\/jumeaux91.fr\/blog\/wp-json\/wp\/v2\/comments?post=1283"}],"version-history":[{"count":0,"href":"https:\/\/jumeaux91.fr\/blog\/wp-json\/wp\/v2\/posts\/1283\/revisions"}],"wp:featuredmedia":[{"embeddable":true,"href":"https:\/\/jumeaux91.fr\/blog\/wp-json\/wp\/v2\/media\/1284"}],"wp:attachment":[{"href":"https:\/\/jumeaux91.fr\/blog\/wp-json\/wp\/v2\/media?parent=1283"}],"wp:term":[{"taxonomy":"category","embeddable":true,"href":"https:\/\/jumeaux91.fr\/blog\/wp-json\/wp\/v2\/categories?post=1283"},{"taxonomy":"post_tag","embeddable":true,"href":"https:\/\/jumeaux91.fr\/blog\/wp-json\/wp\/v2\/tags?post=1283"}],"curies":[{"name":"wp","href":"https:\/\/api.w.org\/{rel}","templated":true}]}}