{"id":1329,"date":"2025-06-13T09:33:00","date_gmt":"2025-06-13T07:33:00","guid":{"rendered":"https:\/\/jumeaux91.fr\/blog\/tehere-et-tehau-les-jumeaux-pilotes-dair-tahiti\/"},"modified":"2025-06-13T09:33:00","modified_gmt":"2025-06-13T07:33:00","slug":"tehere-et-tehau-les-jumeaux-pilotes-dair-tahiti","status":"publish","type":"post","link":"https:\/\/jumeaux91.fr\/blog\/tehere-et-tehau-les-jumeaux-pilotes-dair-tahiti\/","title":{"rendered":"Tehere et Tehau, les jumeaux pilotes d\u2019Air Tahiti"},"content":{"rendered":"<p><img decoding=\"async\" loading=\"lazy\" class=\"alignnone size-full wp-image-464784\" src=\"https:\/\/jumeaux91.fr\/blog\/wp-content\/uploads\/2025\/06\/tehere-et-tehau-les-jumeaux-pilotes-dair-tahiti.jpg\" alt width=\"800\" height=\"512\"><\/p>\n<p><strong>Les jumeaux Tehere et Tehau Brinckfieldt sont tous deux devenus pilotes de ligne chez Air Tahiti. C\u2019est un r\u00eave d\u2019enfance devenu r\u00e9alit\u00e9 pour ces jeunes hommes de 23 ans, qui ont fait tout leur parcours ensemble. Apr\u00e8s avoir termin\u00e9 leur formation localement \u00e0 C3P, ils ont r\u00e9ussi \u00e0 int\u00e9grer la compagnie cette ann\u00e9e, \u00e0 trois mois d\u2019intervalle. Ils ont d\u00e9j\u00e0 effectu\u00e9 leurs premiers vols sur ATR et s\u2019appr\u00eatent maintenant \u00e0 affronter la saison du mara\u2019amu.<\/strong><\/p>\n<p>Un objectif de longue date atteint pour Tehere et Tehau, qui sont devenus pilotes de ligne chez Air Tahiti en f\u00e9vrier et mai dernier.<em> \u00ab D\u00e9j\u00e0 petits, on allait tous les week-ends voir les avions d\u00e9coller \u00bb<\/em>, confie Tehere. Une passion commune transmise par leur grand-p\u00e8re, qui leur avait offert leur livre de chevet, <em>L\u2019Aviation \u00e0 Tahiti<\/em>.<\/p>\n<p>Une fois le bac S en poche, les deux fr\u00e8res ont tout de suite d\u00e9but\u00e9 leur formation \u00e0 C3P, interrompue par le Covid. Licence de pilote priv\u00e9 (PPL), puis de pilote de ligne (ATPL) en poche\u2014 le <em>\u00ab code de la route pour les pilotes \u00bb<\/em> \u2014 ils entament la formation professionnelle compos\u00e9e de la licence de pilote commercial (CPL), de la qualification instruments (IRME) et de la MCC (Multi Crew Coordination). <em>\u00ab Une fois toutes ces licences obtenues, on est devenus aptes \u00e0 se pr\u00e9senter \u00e0 des s\u00e9lections de personnel navigant dans le monde entier \u00bb,<\/em> explique Tehere.<\/p>\n<p>Un succ\u00e8s que Tehau attribue \u00e0 leur travail en tandem : <em>\u00ab C\u2019est vrai qu\u2019on se compl\u00e9tait un peu, surtout pendant la TPL th\u00e9orique. Tehere me donnait ses conseils dans les mati\u00e8res o\u00f9 il excellait. Et moi, pareil, j\u2019ai essay\u00e9 de faire de m\u00eame. On s\u2019est beaucoup aid\u00e9s, on s\u2019est toujours tir\u00e9s vers le haut. C\u2019est toujours d\u2019actualit\u00e9 : aujourd\u2019hui, apr\u00e8s les vols, on s\u2019appelle r\u00e9guli\u00e8rement pour faire un point sur ce qui a \u00e9t\u00e9, ce qui n\u2019a pas \u00e9t\u00e9. \u00c7a aide \u00e9norm\u00e9ment d\u2019avoir un fr\u00e8re jumeau. C\u2019est comme si on volait deux fois \u00e0 chaque vol. \u00bb<\/em><\/p>\n<p><audio class=\"wp-audio-shortcode\" id=\"audio-464777-4\" preload=\"none\" controls=\"controls\"><a href=\"https:\/\/www.radio1.pf\/cms\/wp-content\/uploads\/2025\/06\/JUMEAUX-PILOTES-01.wav\" target=\"_blank\" rel=\"nofollow\">https:\/\/www.radio1.pf\/cms\/wp-content\/uploads\/2025\/06\/JUMEAUX-PILOTES-01.wav<\/a><\/audio><\/p>\n<p>Covid, probl\u00e8mes financiers\u2026 Les deux fr\u00e8res ont travers\u00e9 des phases compliqu\u00e9es et ils ont mis de c\u00f4t\u00e9 leurs autres passions, le football et la p\u00eache sous-marine <em>\u00ab pour pr\u00e9server les tympans. \u00bb<\/em> Pourtant,<em> \u00ab mentalement, on n\u2019a jamais baiss\u00e9 les bras (\u2026). On savait qu\u2019on \u00e9tait l\u00e0 pour r\u00e9aliser notre r\u00eave \u00bb<\/em>, dit Tehau. Ils sont reconnaissants de l\u2019aide qu\u2019ils ont re\u00e7ue, rajoute Tehere : <em>\u00ab On a eu beaucoup de chance pendant notre formation. On a eu la chance de croiser le chemin de plusieurs personnes qui ont accept\u00e9 de nous aider, qui nous ont guid\u00e9, et c\u2019est pour \u00e7a qu\u2019on est tr\u00e8s reconnaissants. \u00bb<\/em><\/p>\n<p><audio class=\"wp-audio-shortcode\" id=\"audio-464777-5\" preload=\"none\" controls=\"controls\"><a href=\"https:\/\/www.radio1.pf\/cms\/wp-content\/uploads\/2025\/06\/JUMEAUX-PILOTES-02.wav\" target=\"_blank\" rel=\"nofollow\">https:\/\/www.radio1.pf\/cms\/wp-content\/uploads\/2025\/06\/JUMEAUX-PILOTES-02.wav<\/a><\/audio><\/p>\n<p>Aujourd\u2019hui pilotes chez Air Tahiti, ils ne cachent pas leur plaisir : <em>\u00ab Int\u00e9grer Air Tahiti, c\u2019est vraiment un r\u00eave d\u2019enfant. On a vu cet avion d\u00e9coller au flamboyant depuis qu\u2019on a trois ans, c\u2019est un objectif de longue date. Air Tahiti, \u00e7a repr\u00e9sente le lien entre les \u00eeles (\u2026) int\u00e9grer une compagnie avec une telle promesse, c\u2019est quelque chose qui me tient vraiment \u00e0 c\u0153ur. \u00bb<\/em><\/p>\n<p><audio class=\"wp-audio-shortcode\" id=\"audio-464777-6\" preload=\"none\" controls=\"controls\"><a href=\"https:\/\/www.radio1.pf\/cms\/wp-content\/uploads\/2025\/06\/JUMEAUX-PILOTES-03.wav\" target=\"_blank\" rel=\"nofollow\">https:\/\/www.radio1.pf\/cms\/wp-content\/uploads\/2025\/06\/JUMEAUX-PILOTES-03.wav<\/a><\/audio><\/p>\n<p>La suite ? <em>\u00ab Se perfectionner sur ce r\u00e9seau et cette machine \u00bb<\/em>, pour Tehere. Un avis partag\u00e9 par son fr\u00e8re : <em>\u00ab face aux variations m\u00e9t\u00e9orologiques de la Polyn\u00e9sie, telles que le mara\u2019amu, qui peut \u00eatre tr\u00e8s impressionnant lorsqu\u2019on le vit, mieux vaut avoir une bonne ma\u00eetrise. \u00bb<\/em><\/p>\n<p><img decoding=\"async\" loading=\"lazy\" class=\"alignnone size-full wp-image-464783\" src=\"https:\/\/jumeaux91.fr\/blog\/wp-content\/uploads\/2025\/06\/tehere-et-tehau-les-jumeaux-pilotes-dair-tahiti-1.jpg\" alt width=\"512\" height=\"800\"><\/p>\n<p>La chronique se veut g\u00e9n\u00e9r\u00e9e de la fa\u00e7on la plus claire que possible. Dans le cas o\u00f9 vous souhaitez pr\u00e9senter des renseignements compl\u00e9mentaires \u00e0 cet article sur le sujet \u00ab\u00a0Fr\u00e8res jumeaux de l&rsquo;Essonnes\u00a0\u00bb il vous est possible d\u2019\u00e9crire aux contacts indiqu\u00e9s sur notre website. La raison d\u2019\u00eatre de jumeaux91.fr \u00e9tant de rassembler sur le web des posts sur le sujet de Fr\u00e8res jumeaux de l&rsquo;Essonnes puis les diffuser en r\u00e9pondant au mieux aux interrogations des gens. Vous pouvez tirer profit de cet article traitant le sujet \u00ab\u00a0Fr\u00e8res jumeaux de l&rsquo;Essonnes\u00a0\u00bb. Il est concoct\u00e9 par l\u2019\u00e9quipe jumeaux91.fr. Prochainement, nous rendrons accessibles au public d&rsquo;autres informations pertinentes sur le sujet \u00ab\u00a0Fr\u00e8res jumeaux de l&rsquo;Essonnes\u00a0\u00bb. Alors, consultez syst\u00e9matiquement notre blog.<\/p>\n","protected":false},"excerpt":{"rendered":"<p>Les jumeaux Tehere et Tehau Brinckfieldt sont tous deux devenus pilotes de ligne chez Air Tahiti. C\u2019est un r\u00eave d\u2019enfance devenu r\u00e9alit\u00e9 pour ces jeunes hommes de 23 ans, qui ont fait tout leur parcours ensemble. Apr\u00e8s avoir termin\u00e9 leur formation localement \u00e0 C3P, ils ont r\u00e9ussi \u00e0 int\u00e9grer la compagnie cette ann\u00e9e, \u00e0 trois&hellip; <a class=\"more-link\" href=\"https:\/\/jumeaux91.fr\/blog\/tehere-et-tehau-les-jumeaux-pilotes-dair-tahiti\/\">Poursuivre la lecture <span class=\"screen-reader-text\">Tehere et Tehau, les jumeaux pilotes d\u2019Air Tahiti<\/span><\/a><\/p>\n","protected":false},"author":2,"featured_media":1330,"comment_status":"closed","ping_status":"closed","sticky":false,"template":"","format":"standard","meta":{"footnotes":""},"categories":[4],"tags":[],"class_list":["post-1329","post","type-post","status-publish","format-standard","has-post-thumbnail","hentry","category-posts-freres-jumeaux-de-lessonnes","entry"],"yoast_head":"<!-- This site is optimized with the Yoast SEO plugin v27.5 - https:\/\/yoast.com\/product\/yoast-seo-wordpress\/ -->\n<title>Tehere et Tehau, les jumeaux pilotes d\u2019Air Tahiti - JUMEAUX91<\/title>\n<meta name=\"robots\" content=\"index, follow, max-snippet:-1, max-image-preview:large, max-video-preview:-1\" \/>\n<link rel=\"canonical\" href=\"https:\/\/jumeaux91.fr\/blog\/tehere-et-tehau-les-jumeaux-pilotes-dair-tahiti\/\" \/>\n<meta property=\"og:locale\" content=\"fr_FR\" \/>\n<meta property=\"og:type\" content=\"article\" \/>\n<meta property=\"og:title\" content=\"Tehere et Tehau, les jumeaux pilotes d\u2019Air Tahiti - JUMEAUX91\" \/>\n<meta property=\"og:description\" content=\"Les jumeaux Tehere et Tehau Brinckfieldt sont tous deux devenus pilotes de ligne chez Air Tahiti. C\u2019est un r\u00eave d\u2019enfance devenu r\u00e9alit\u00e9 pour ces jeunes hommes de 23 ans, qui ont fait tout leur parcours ensemble. Apr\u00e8s avoir termin\u00e9 leur formation localement \u00e0 C3P, ils ont r\u00e9ussi \u00e0 int\u00e9grer la compagnie cette ann\u00e9e, \u00e0 trois&hellip; Poursuivre la lecture Tehere et Tehau, les jumeaux pilotes d\u2019Air Tahiti\" \/>\n<meta property=\"og:url\" content=\"https:\/\/jumeaux91.fr\/blog\/tehere-et-tehau-les-jumeaux-pilotes-dair-tahiti\/\" \/>\n<meta property=\"og:site_name\" content=\"JUMEAUX91\" \/>\n<meta property=\"article:published_time\" content=\"2025-06-13T07:33:00+00:00\" \/>\n<meta name=\"author\" content=\"Claude DAYRES\" \/>\n<meta name=\"twitter:card\" content=\"summary_large_image\" \/>\n<meta name=\"twitter:label1\" content=\"\u00c9crit par\" \/>\n\t<meta name=\"twitter:data1\" content=\"Claude DAYRES\" \/>\n\t<meta name=\"twitter:label2\" content=\"Dur\u00e9e de lecture estim\u00e9e\" \/>\n\t<meta name=\"twitter:data2\" content=\"4 minutes\" \/>\n<script type=\"application\/ld+json\" class=\"yoast-schema-graph\">{\"@context\":\"https:\\\/\\\/schema.org\",\"@graph\":[{\"@type\":\"Article\",\"@id\":\"https:\\\/\\\/jumeaux91.fr\\\/blog\\\/tehere-et-tehau-les-jumeaux-pilotes-dair-tahiti\\\/#article\",\"isPartOf\":{\"@id\":\"https:\\\/\\\/jumeaux91.fr\\\/blog\\\/tehere-et-tehau-les-jumeaux-pilotes-dair-tahiti\\\/\"},\"author\":{\"name\":\"Claude DAYRES\",\"@id\":\"https:\\\/\\\/jumeaux91.fr\\\/blog\\\/#\\\/schema\\\/person\\\/21da06e9f119b9f64e5d45dbbd32d3fb\"},\"headline\":\"Tehere et Tehau, les jumeaux pilotes d\u2019Air Tahiti\",\"datePublished\":\"2025-06-13T07:33:00+00:00\",\"mainEntityOfPage\":{\"@id\":\"https:\\\/\\\/jumeaux91.fr\\\/blog\\\/tehere-et-tehau-les-jumeaux-pilotes-dair-tahiti\\\/\"},\"wordCount\":771,\"publisher\":{\"@id\":\"https:\\\/\\\/jumeaux91.fr\\\/blog\\\/#organization\"},\"image\":{\"@id\":\"https:\\\/\\\/jumeaux91.fr\\\/blog\\\/tehere-et-tehau-les-jumeaux-pilotes-dair-tahiti\\\/#primaryimage\"},\"thumbnailUrl\":\"https:\\\/\\\/jumeaux91.fr\\\/blog\\\/wp-content\\\/uploads\\\/2025\\\/06\\\/tehere-et-tehau-les-jumeaux-pilotes-dair-tahiti.jpg\",\"articleSection\":[\"Posts Fr\u00e8res Jumeaux De L'Essonnes:\"],\"inLanguage\":\"fr-FR\"},{\"@type\":\"WebPage\",\"@id\":\"https:\\\/\\\/jumeaux91.fr\\\/blog\\\/tehere-et-tehau-les-jumeaux-pilotes-dair-tahiti\\\/\",\"url\":\"https:\\\/\\\/jumeaux91.fr\\\/blog\\\/tehere-et-tehau-les-jumeaux-pilotes-dair-tahiti\\\/\",\"name\":\"Tehere et Tehau, les jumeaux pilotes d\u2019Air Tahiti - JUMEAUX91\",\"isPartOf\":{\"@id\":\"https:\\\/\\\/jumeaux91.fr\\\/blog\\\/#website\"},\"primaryImageOfPage\":{\"@id\":\"https:\\\/\\\/jumeaux91.fr\\\/blog\\\/tehere-et-tehau-les-jumeaux-pilotes-dair-tahiti\\\/#primaryimage\"},\"image\":{\"@id\":\"https:\\\/\\\/jumeaux91.fr\\\/blog\\\/tehere-et-tehau-les-jumeaux-pilotes-dair-tahiti\\\/#primaryimage\"},\"thumbnailUrl\":\"https:\\\/\\\/jumeaux91.fr\\\/blog\\\/wp-content\\\/uploads\\\/2025\\\/06\\\/tehere-et-tehau-les-jumeaux-pilotes-dair-tahiti.jpg\",\"datePublished\":\"2025-06-13T07:33:00+00:00\",\"breadcrumb\":{\"@id\":\"https:\\\/\\\/jumeaux91.fr\\\/blog\\\/tehere-et-tehau-les-jumeaux-pilotes-dair-tahiti\\\/#breadcrumb\"},\"inLanguage\":\"fr-FR\",\"potentialAction\":[{\"@type\":\"ReadAction\",\"target\":[\"https:\\\/\\\/jumeaux91.fr\\\/blog\\\/tehere-et-tehau-les-jumeaux-pilotes-dair-tahiti\\\/\"]}]},{\"@type\":\"ImageObject\",\"inLanguage\":\"fr-FR\",\"@id\":\"https:\\\/\\\/jumeaux91.fr\\\/blog\\\/tehere-et-tehau-les-jumeaux-pilotes-dair-tahiti\\\/#primaryimage\",\"url\":\"https:\\\/\\\/jumeaux91.fr\\\/blog\\\/wp-content\\\/uploads\\\/2025\\\/06\\\/tehere-et-tehau-les-jumeaux-pilotes-dair-tahiti.jpg\",\"contentUrl\":\"https:\\\/\\\/jumeaux91.fr\\\/blog\\\/wp-content\\\/uploads\\\/2025\\\/06\\\/tehere-et-tehau-les-jumeaux-pilotes-dair-tahiti.jpg\",\"width\":800,\"height\":512,\"caption\":\"Tehere et Tehau, les jumeaux pilotes d\u2019Air Tahiti\"},{\"@type\":\"BreadcrumbList\",\"@id\":\"https:\\\/\\\/jumeaux91.fr\\\/blog\\\/tehere-et-tehau-les-jumeaux-pilotes-dair-tahiti\\\/#breadcrumb\",\"itemListElement\":[{\"@type\":\"ListItem\",\"position\":1,\"name\":\"Accueil\",\"item\":\"https:\\\/\\\/jumeaux91.fr\\\/blog\\\/\"},{\"@type\":\"ListItem\",\"position\":2,\"name\":\"Tehere et Tehau, les jumeaux pilotes d\u2019Air Tahiti\"}]},{\"@type\":\"WebSite\",\"@id\":\"https:\\\/\\\/jumeaux91.fr\\\/blog\\\/#website\",\"url\":\"https:\\\/\\\/jumeaux91.fr\\\/blog\\\/\",\"name\":\"JUMEAUX91\",\"description\":\"Fr\u00e8res jumeaux de l&#039;Essonnes; informations et archives, \u00e0 savoir et retenir.\",\"publisher\":{\"@id\":\"https:\\\/\\\/jumeaux91.fr\\\/blog\\\/#organization\"},\"potentialAction\":[{\"@type\":\"SearchAction\",\"target\":{\"@type\":\"EntryPoint\",\"urlTemplate\":\"https:\\\/\\\/jumeaux91.fr\\\/blog\\\/?s={search_term_string}\"},\"query-input\":{\"@type\":\"PropertyValueSpecification\",\"valueRequired\":true,\"valueName\":\"search_term_string\"}}],\"inLanguage\":\"fr-FR\"},{\"@type\":\"Organization\",\"@id\":\"https:\\\/\\\/jumeaux91.fr\\\/blog\\\/#organization\",\"name\":\"jumeaux91\",\"url\":\"https:\\\/\\\/jumeaux91.fr\\\/blog\\\/\",\"logo\":{\"@type\":\"ImageObject\",\"inLanguage\":\"fr-FR\",\"@id\":\"https:\\\/\\\/jumeaux91.fr\\\/blog\\\/#\\\/schema\\\/logo\\\/image\\\/\",\"url\":\"https:\\\/\\\/jumeaux91.fr\\\/blog\\\/wp-content\\\/uploads\\\/2023\\\/05\\\/cropped-cropped-logoJ_91.png\",\"contentUrl\":\"https:\\\/\\\/jumeaux91.fr\\\/blog\\\/wp-content\\\/uploads\\\/2023\\\/05\\\/cropped-cropped-logoJ_91.png\",\"width\":512,\"height\":512,\"caption\":\"jumeaux91\"},\"image\":{\"@id\":\"https:\\\/\\\/jumeaux91.fr\\\/blog\\\/#\\\/schema\\\/logo\\\/image\\\/\"}},{\"@type\":\"Person\",\"@id\":\"https:\\\/\\\/jumeaux91.fr\\\/blog\\\/#\\\/schema\\\/person\\\/21da06e9f119b9f64e5d45dbbd32d3fb\",\"name\":\"Claude DAYRES\",\"image\":{\"@type\":\"ImageObject\",\"inLanguage\":\"fr-FR\",\"@id\":\"https:\\\/\\\/secure.gravatar.com\\\/avatar\\\/82eb951df6110a2c48d1bfa7a67d1ee6f0cd5df3cbf9c3586dd61e82db7172a5?s=96&d=mm&r=g\",\"url\":\"https:\\\/\\\/secure.gravatar.com\\\/avatar\\\/82eb951df6110a2c48d1bfa7a67d1ee6f0cd5df3cbf9c3586dd61e82db7172a5?s=96&d=mm&r=g\",\"contentUrl\":\"https:\\\/\\\/secure.gravatar.com\\\/avatar\\\/82eb951df6110a2c48d1bfa7a67d1ee6f0cd5df3cbf9c3586dd61e82db7172a5?s=96&d=mm&r=g\",\"caption\":\"Claude DAYRES\"},\"url\":\"https:\\\/\\\/jumeaux91.fr\\\/blog\\\/author\\\/x91claude\\\/\"}]}<\/script>\n<!-- \/ Yoast SEO plugin. -->","yoast_head_json":{"title":"Tehere et Tehau, les jumeaux pilotes d\u2019Air Tahiti - JUMEAUX91","robots":{"index":"index","follow":"follow","max-snippet":"max-snippet:-1","max-image-preview":"max-image-preview:large","max-video-preview":"max-video-preview:-1"},"canonical":"https:\/\/jumeaux91.fr\/blog\/tehere-et-tehau-les-jumeaux-pilotes-dair-tahiti\/","og_locale":"fr_FR","og_type":"article","og_title":"Tehere et Tehau, les jumeaux pilotes d\u2019Air Tahiti - JUMEAUX91","og_description":"Les jumeaux Tehere et Tehau Brinckfieldt sont tous deux devenus pilotes de ligne chez Air Tahiti. C\u2019est un r\u00eave d\u2019enfance devenu r\u00e9alit\u00e9 pour ces jeunes hommes de 23 ans, qui ont fait tout leur parcours ensemble. Apr\u00e8s avoir termin\u00e9 leur formation localement \u00e0 C3P, ils ont r\u00e9ussi \u00e0 int\u00e9grer la compagnie cette ann\u00e9e, \u00e0 trois&hellip; Poursuivre la lecture Tehere et Tehau, les jumeaux pilotes d\u2019Air Tahiti","og_url":"https:\/\/jumeaux91.fr\/blog\/tehere-et-tehau-les-jumeaux-pilotes-dair-tahiti\/","og_site_name":"JUMEAUX91","article_published_time":"2025-06-13T07:33:00+00:00","author":"Claude DAYRES","twitter_card":"summary_large_image","twitter_misc":{"\u00c9crit par":"Claude DAYRES","Dur\u00e9e de lecture estim\u00e9e":"4 minutes"},"schema":{"@context":"https:\/\/schema.org","@graph":[{"@type":"Article","@id":"https:\/\/jumeaux91.fr\/blog\/tehere-et-tehau-les-jumeaux-pilotes-dair-tahiti\/#article","isPartOf":{"@id":"https:\/\/jumeaux91.fr\/blog\/tehere-et-tehau-les-jumeaux-pilotes-dair-tahiti\/"},"author":{"name":"Claude DAYRES","@id":"https:\/\/jumeaux91.fr\/blog\/#\/schema\/person\/21da06e9f119b9f64e5d45dbbd32d3fb"},"headline":"Tehere et Tehau, les jumeaux pilotes d\u2019Air Tahiti","datePublished":"2025-06-13T07:33:00+00:00","mainEntityOfPage":{"@id":"https:\/\/jumeaux91.fr\/blog\/tehere-et-tehau-les-jumeaux-pilotes-dair-tahiti\/"},"wordCount":771,"publisher":{"@id":"https:\/\/jumeaux91.fr\/blog\/#organization"},"image":{"@id":"https:\/\/jumeaux91.fr\/blog\/tehere-et-tehau-les-jumeaux-pilotes-dair-tahiti\/#primaryimage"},"thumbnailUrl":"https:\/\/jumeaux91.fr\/blog\/wp-content\/uploads\/2025\/06\/tehere-et-tehau-les-jumeaux-pilotes-dair-tahiti.jpg","articleSection":["Posts Fr\u00e8res Jumeaux De L'Essonnes:"],"inLanguage":"fr-FR"},{"@type":"WebPage","@id":"https:\/\/jumeaux91.fr\/blog\/tehere-et-tehau-les-jumeaux-pilotes-dair-tahiti\/","url":"https:\/\/jumeaux91.fr\/blog\/tehere-et-tehau-les-jumeaux-pilotes-dair-tahiti\/","name":"Tehere et Tehau, les jumeaux pilotes d\u2019Air Tahiti - JUMEAUX91","isPartOf":{"@id":"https:\/\/jumeaux91.fr\/blog\/#website"},"primaryImageOfPage":{"@id":"https:\/\/jumeaux91.fr\/blog\/tehere-et-tehau-les-jumeaux-pilotes-dair-tahiti\/#primaryimage"},"image":{"@id":"https:\/\/jumeaux91.fr\/blog\/tehere-et-tehau-les-jumeaux-pilotes-dair-tahiti\/#primaryimage"},"thumbnailUrl":"https:\/\/jumeaux91.fr\/blog\/wp-content\/uploads\/2025\/06\/tehere-et-tehau-les-jumeaux-pilotes-dair-tahiti.jpg","datePublished":"2025-06-13T07:33:00+00:00","breadcrumb":{"@id":"https:\/\/jumeaux91.fr\/blog\/tehere-et-tehau-les-jumeaux-pilotes-dair-tahiti\/#breadcrumb"},"inLanguage":"fr-FR","potentialAction":[{"@type":"ReadAction","target":["https:\/\/jumeaux91.fr\/blog\/tehere-et-tehau-les-jumeaux-pilotes-dair-tahiti\/"]}]},{"@type":"ImageObject","inLanguage":"fr-FR","@id":"https:\/\/jumeaux91.fr\/blog\/tehere-et-tehau-les-jumeaux-pilotes-dair-tahiti\/#primaryimage","url":"https:\/\/jumeaux91.fr\/blog\/wp-content\/uploads\/2025\/06\/tehere-et-tehau-les-jumeaux-pilotes-dair-tahiti.jpg","contentUrl":"https:\/\/jumeaux91.fr\/blog\/wp-content\/uploads\/2025\/06\/tehere-et-tehau-les-jumeaux-pilotes-dair-tahiti.jpg","width":800,"height":512,"caption":"Tehere et Tehau, les jumeaux pilotes d\u2019Air Tahiti"},{"@type":"BreadcrumbList","@id":"https:\/\/jumeaux91.fr\/blog\/tehere-et-tehau-les-jumeaux-pilotes-dair-tahiti\/#breadcrumb","itemListElement":[{"@type":"ListItem","position":1,"name":"Accueil","item":"https:\/\/jumeaux91.fr\/blog\/"},{"@type":"ListItem","position":2,"name":"Tehere et Tehau, les jumeaux pilotes d\u2019Air Tahiti"}]},{"@type":"WebSite","@id":"https:\/\/jumeaux91.fr\/blog\/#website","url":"https:\/\/jumeaux91.fr\/blog\/","name":"JUMEAUX91","description":"Fr\u00e8res jumeaux de l&#039;Essonnes; informations et archives, \u00e0 savoir et retenir.","publisher":{"@id":"https:\/\/jumeaux91.fr\/blog\/#organization"},"potentialAction":[{"@type":"SearchAction","target":{"@type":"EntryPoint","urlTemplate":"https:\/\/jumeaux91.fr\/blog\/?s={search_term_string}"},"query-input":{"@type":"PropertyValueSpecification","valueRequired":true,"valueName":"search_term_string"}}],"inLanguage":"fr-FR"},{"@type":"Organization","@id":"https:\/\/jumeaux91.fr\/blog\/#organization","name":"jumeaux91","url":"https:\/\/jumeaux91.fr\/blog\/","logo":{"@type":"ImageObject","inLanguage":"fr-FR","@id":"https:\/\/jumeaux91.fr\/blog\/#\/schema\/logo\/image\/","url":"https:\/\/jumeaux91.fr\/blog\/wp-content\/uploads\/2023\/05\/cropped-cropped-logoJ_91.png","contentUrl":"https:\/\/jumeaux91.fr\/blog\/wp-content\/uploads\/2023\/05\/cropped-cropped-logoJ_91.png","width":512,"height":512,"caption":"jumeaux91"},"image":{"@id":"https:\/\/jumeaux91.fr\/blog\/#\/schema\/logo\/image\/"}},{"@type":"Person","@id":"https:\/\/jumeaux91.fr\/blog\/#\/schema\/person\/21da06e9f119b9f64e5d45dbbd32d3fb","name":"Claude DAYRES","image":{"@type":"ImageObject","inLanguage":"fr-FR","@id":"https:\/\/secure.gravatar.com\/avatar\/82eb951df6110a2c48d1bfa7a67d1ee6f0cd5df3cbf9c3586dd61e82db7172a5?s=96&d=mm&r=g","url":"https:\/\/secure.gravatar.com\/avatar\/82eb951df6110a2c48d1bfa7a67d1ee6f0cd5df3cbf9c3586dd61e82db7172a5?s=96&d=mm&r=g","contentUrl":"https:\/\/secure.gravatar.com\/avatar\/82eb951df6110a2c48d1bfa7a67d1ee6f0cd5df3cbf9c3586dd61e82db7172a5?s=96&d=mm&r=g","caption":"Claude DAYRES"},"url":"https:\/\/jumeaux91.fr\/blog\/author\/x91claude\/"}]}},"_links":{"self":[{"href":"https:\/\/jumeaux91.fr\/blog\/wp-json\/wp\/v2\/posts\/1329","targetHints":{"allow":["GET"]}}],"collection":[{"href":"https:\/\/jumeaux91.fr\/blog\/wp-json\/wp\/v2\/posts"}],"about":[{"href":"https:\/\/jumeaux91.fr\/blog\/wp-json\/wp\/v2\/types\/post"}],"author":[{"embeddable":true,"href":"https:\/\/jumeaux91.fr\/blog\/wp-json\/wp\/v2\/users\/2"}],"replies":[{"embeddable":true,"href":"https:\/\/jumeaux91.fr\/blog\/wp-json\/wp\/v2\/comments?post=1329"}],"version-history":[{"count":0,"href":"https:\/\/jumeaux91.fr\/blog\/wp-json\/wp\/v2\/posts\/1329\/revisions"}],"wp:featuredmedia":[{"embeddable":true,"href":"https:\/\/jumeaux91.fr\/blog\/wp-json\/wp\/v2\/media\/1330"}],"wp:attachment":[{"href":"https:\/\/jumeaux91.fr\/blog\/wp-json\/wp\/v2\/media?parent=1329"}],"wp:term":[{"taxonomy":"category","embeddable":true,"href":"https:\/\/jumeaux91.fr\/blog\/wp-json\/wp\/v2\/categories?post=1329"},{"taxonomy":"post_tag","embeddable":true,"href":"https:\/\/jumeaux91.fr\/blog\/wp-json\/wp\/v2\/tags?post=1329"}],"curies":[{"name":"wp","href":"https:\/\/api.w.org\/{rel}","templated":true}]}}