{"id":1336,"date":"2025-06-15T05:37:00","date_gmt":"2025-06-15T03:37:00","guid":{"rendered":"https:\/\/jumeaux91.fr\/blog\/soupconne-davoir-tue-son-frere-jumeau-un-homme-mis-en-examen-pour-meurtre-et-ecroue-en-ille-et-vilaine\/"},"modified":"2025-06-15T05:37:00","modified_gmt":"2025-06-15T03:37:00","slug":"soupconne-davoir-tue-son-frere-jumeau-un-homme-mis-en-examen-pour-meurtre-et-ecroue-en-ille-et-vilaine","status":"publish","type":"post","link":"https:\/\/jumeaux91.fr\/blog\/soupconne-davoir-tue-son-frere-jumeau-un-homme-mis-en-examen-pour-meurtre-et-ecroue-en-ille-et-vilaine\/","title":{"rendered":"Soup\u00e7onn\u00e9 d\u2019avoir tu\u00e9 son fr\u00e8re jumeau, un homme mis en examen pour meurtre et \u00e9crou\u00e9 en Ille-et-Vilaine"},"content":{"rendered":"<div><img decoding=\"async\" src=\"https:\/\/jumeaux91.fr\/blog\/wp-content\/uploads\/2025\/06\/soupconne-davoir-tue-son-frere-jumeau-un-homme-mis-en-examen-pour-meurtre-et-ecroue-en-ille-et-vilaine.jpg\" class=\"ff-og-image-inserted\"><\/div>\n<div>\n<p>La victime, un homme \u00e2g\u00e9 de 36 ans a \u00e9t\u00e9 d\u00e9couverte, mercredi 11 juin, dans la ferme familiale situ\u00e9e \u00e0 Erc\u00e9-en-Lam\u00e9e (35), une commune proche de Bain-de-Bretagne. Le corps pr\u00e9sentant des traces de violences, le magistrat de permanence du parquet a confi\u00e9 l\u2019enqu\u00eate \u00e0 la brigade de recherches de Redon.<\/p>\n<h2>Des \u00ab violences r\u00e9guli\u00e8res \u00bb sur \u00ab fond d\u2019alcool \u00bb<\/h2>\n<\/div>\n<div>\n<p>\u00ab Les investigations ont permis d\u2019\u00e9tablir que le d\u00e9c\u00e8s \u00e9tait cons\u00e9cutif \u00e0 une sc\u00e8ne de violence ayant oppos\u00e9 la victime \u00e0 son fr\u00e8re jumeau, dans un contexte de disputes et violences r\u00e9guli\u00e8res entre les deux fr\u00e8res, sur fond d\u2019alcool \u00bb a expliqu\u00e9 Fr\u00e9d\u00e9ric Teillet, le procureur de la R\u00e9publique de Rennes, \u00e0 l\u2019AFP confirmant une information de nos confr\u00e8res de <a href=\"https:\/\/www.ouest-france.fr\/societe\/faits-divers\/un-homme-de-36-ans-decouvert-mort-en-ille-et-vilaine-son-frere-jumeau-suspecte-de-lavoir-tue-b7cd612c-494d-11f0-b660-c6a4d2b5307d\" target=\"_blank\" rel=\"nofollow\">Ouest-France<\/a>.<\/p>\n<p>L\u2019homme soup\u00e7onn\u00e9 d\u2019\u00eatre l\u2019auteur des faits a \u00e9t\u00e9 interpell\u00e9 sur les lieux de la d\u00e9couverte du corps et plac\u00e9 en garde \u00e0 vue. Pr\u00e9sent\u00e9 ce vendredi au parquet de Rennes il a \u00e9t\u00e9 mis en examen pour \u00ab meurtre aggrav\u00e9 \u00bb (par personne en \u00e9tat d\u2019ivresse) et plac\u00e9 en d\u00e9tention provisoire.<\/p>\n<\/div>\n<div>\n<p>Une information judiciaire a \u00e9t\u00e9 ouverte dans le cadre de cette affaire.<\/p>\n<\/div>\n<p>La chronique se veut g\u00e9n\u00e9r\u00e9e de la fa\u00e7on la plus claire que possible. Dans le cas o\u00f9 vous souhaitez pr\u00e9senter des renseignements compl\u00e9mentaires \u00e0 cet article sur le sujet \u00ab\u00a0Fr\u00e8res jumeaux de l&rsquo;Essonnes\u00a0\u00bb il vous est possible d\u2019\u00e9crire aux contacts indiqu\u00e9s sur notre website. La raison d\u2019\u00eatre de jumeaux91.fr \u00e9tant de rassembler sur le web des posts sur le sujet de Fr\u00e8res jumeaux de l&rsquo;Essonnes puis les diffuser en r\u00e9pondant au mieux aux interrogations des gens. Vous pouvez tirer profit de cet article traitant le sujet \u00ab\u00a0Fr\u00e8res jumeaux de l&rsquo;Essonnes\u00a0\u00bb. Il est concoct\u00e9 par l\u2019\u00e9quipe jumeaux91.fr. Prochainement, nous rendrons accessibles au public d&rsquo;autres informations pertinentes sur le sujet \u00ab\u00a0Fr\u00e8res jumeaux de l&rsquo;Essonnes\u00a0\u00bb. Alors, consultez syst\u00e9matiquement notre blog.<\/p>\n","protected":false},"excerpt":{"rendered":"<p>La victime, un homme \u00e2g\u00e9 de 36 ans a \u00e9t\u00e9 d\u00e9couverte, mercredi 11 juin, dans la ferme familiale situ\u00e9e \u00e0 Erc\u00e9-en-Lam\u00e9e (35), une commune proche de Bain-de-Bretagne. Le corps pr\u00e9sentant des traces de violences, le magistrat de permanence du parquet a confi\u00e9 l\u2019enqu\u00eate \u00e0 la brigade de recherches de Redon. Des \u00ab violences r\u00e9guli\u00e8res \u00bb&hellip; <a class=\"more-link\" href=\"https:\/\/jumeaux91.fr\/blog\/soupconne-davoir-tue-son-frere-jumeau-un-homme-mis-en-examen-pour-meurtre-et-ecroue-en-ille-et-vilaine\/\">Poursuivre la lecture <span class=\"screen-reader-text\">Soup\u00e7onn\u00e9 d\u2019avoir tu\u00e9 son fr\u00e8re jumeau, un homme mis en examen pour meurtre et \u00e9crou\u00e9 en Ille-et-Vilaine<\/span><\/a><\/p>\n","protected":false},"author":2,"featured_media":1337,"comment_status":"closed","ping_status":"closed","sticky":false,"template":"","format":"standard","meta":{"footnotes":""},"categories":[4],"tags":[],"class_list":["post-1336","post","type-post","status-publish","format-standard","has-post-thumbnail","hentry","category-posts-freres-jumeaux-de-lessonnes","entry"],"yoast_head":"<!-- This site is optimized with the Yoast SEO plugin v27.5 - https:\/\/yoast.com\/product\/yoast-seo-wordpress\/ -->\n<title>Soup\u00e7onn\u00e9 d\u2019avoir tu\u00e9 son fr\u00e8re jumeau, un homme mis en examen pour meurtre et \u00e9crou\u00e9 en Ille-et-Vilaine - JUMEAUX91<\/title>\n<meta name=\"robots\" content=\"index, follow, max-snippet:-1, max-image-preview:large, max-video-preview:-1\" \/>\n<link rel=\"canonical\" href=\"https:\/\/jumeaux91.fr\/blog\/soupconne-davoir-tue-son-frere-jumeau-un-homme-mis-en-examen-pour-meurtre-et-ecroue-en-ille-et-vilaine\/\" \/>\n<meta property=\"og:locale\" content=\"fr_FR\" \/>\n<meta property=\"og:type\" content=\"article\" \/>\n<meta property=\"og:title\" content=\"Soup\u00e7onn\u00e9 d\u2019avoir tu\u00e9 son fr\u00e8re jumeau, un homme mis en examen pour meurtre et \u00e9crou\u00e9 en Ille-et-Vilaine - JUMEAUX91\" \/>\n<meta property=\"og:description\" content=\"La victime, un homme \u00e2g\u00e9 de 36 ans a \u00e9t\u00e9 d\u00e9couverte, mercredi 11 juin, dans la ferme familiale situ\u00e9e \u00e0 Erc\u00e9-en-Lam\u00e9e (35), une commune proche de Bain-de-Bretagne. Le corps pr\u00e9sentant des traces de violences, le magistrat de permanence du parquet a confi\u00e9 l\u2019enqu\u00eate \u00e0 la brigade de recherches de Redon. Des \u00ab violences r\u00e9guli\u00e8res \u00bb&hellip; Poursuivre la lecture Soup\u00e7onn\u00e9 d\u2019avoir tu\u00e9 son fr\u00e8re jumeau, un homme mis en examen pour meurtre et \u00e9crou\u00e9 en Ille-et-Vilaine\" \/>\n<meta property=\"og:url\" content=\"https:\/\/jumeaux91.fr\/blog\/soupconne-davoir-tue-son-frere-jumeau-un-homme-mis-en-examen-pour-meurtre-et-ecroue-en-ille-et-vilaine\/\" \/>\n<meta property=\"og:site_name\" content=\"JUMEAUX91\" \/>\n<meta property=\"article:published_time\" content=\"2025-06-15T03:37:00+00:00\" \/>\n<meta property=\"og:image\" content=\"https:\/\/jumeaux91.fr\/blog\/wp-content\/uploads\/2025\/06\/soupconne-davoir-tue-son-frere-jumeau-un-homme-mis-en-examen-pour-meurtre-et-ecroue-en-ille-et-vilaine.jpg\" \/>\n<meta name=\"author\" content=\"Claude DAYRES\" \/>\n<meta name=\"twitter:card\" content=\"summary_large_image\" \/>\n<meta name=\"twitter:label1\" content=\"\u00c9crit par\" \/>\n\t<meta name=\"twitter:data1\" content=\"Claude DAYRES\" \/>\n\t<meta name=\"twitter:label2\" content=\"Dur\u00e9e de lecture estim\u00e9e\" \/>\n\t<meta name=\"twitter:data2\" content=\"2 minutes\" \/>\n<script type=\"application\/ld+json\" class=\"yoast-schema-graph\">{\"@context\":\"https:\\\/\\\/schema.org\",\"@graph\":[{\"@type\":\"Article\",\"@id\":\"https:\\\/\\\/jumeaux91.fr\\\/blog\\\/soupconne-davoir-tue-son-frere-jumeau-un-homme-mis-en-examen-pour-meurtre-et-ecroue-en-ille-et-vilaine\\\/#article\",\"isPartOf\":{\"@id\":\"https:\\\/\\\/jumeaux91.fr\\\/blog\\\/soupconne-davoir-tue-son-frere-jumeau-un-homme-mis-en-examen-pour-meurtre-et-ecroue-en-ille-et-vilaine\\\/\"},\"author\":{\"name\":\"Claude DAYRES\",\"@id\":\"https:\\\/\\\/jumeaux91.fr\\\/blog\\\/#\\\/schema\\\/person\\\/21da06e9f119b9f64e5d45dbbd32d3fb\"},\"headline\":\"Soup\u00e7onn\u00e9 d\u2019avoir tu\u00e9 son fr\u00e8re jumeau, un homme mis en examen pour meurtre et \u00e9crou\u00e9 en Ille-et-Vilaine\",\"datePublished\":\"2025-06-15T03:37:00+00:00\",\"mainEntityOfPage\":{\"@id\":\"https:\\\/\\\/jumeaux91.fr\\\/blog\\\/soupconne-davoir-tue-son-frere-jumeau-un-homme-mis-en-examen-pour-meurtre-et-ecroue-en-ille-et-vilaine\\\/\"},\"wordCount\":359,\"publisher\":{\"@id\":\"https:\\\/\\\/jumeaux91.fr\\\/blog\\\/#organization\"},\"image\":{\"@id\":\"https:\\\/\\\/jumeaux91.fr\\\/blog\\\/soupconne-davoir-tue-son-frere-jumeau-un-homme-mis-en-examen-pour-meurtre-et-ecroue-en-ille-et-vilaine\\\/#primaryimage\"},\"thumbnailUrl\":\"https:\\\/\\\/jumeaux91.fr\\\/blog\\\/wp-content\\\/uploads\\\/2025\\\/06\\\/soupconne-davoir-tue-son-frere-jumeau-un-homme-mis-en-examen-pour-meurtre-et-ecroue-en-ille-et-vilaine.jpg\",\"articleSection\":[\"Posts Fr\u00e8res Jumeaux De L'Essonnes:\"],\"inLanguage\":\"fr-FR\"},{\"@type\":\"WebPage\",\"@id\":\"https:\\\/\\\/jumeaux91.fr\\\/blog\\\/soupconne-davoir-tue-son-frere-jumeau-un-homme-mis-en-examen-pour-meurtre-et-ecroue-en-ille-et-vilaine\\\/\",\"url\":\"https:\\\/\\\/jumeaux91.fr\\\/blog\\\/soupconne-davoir-tue-son-frere-jumeau-un-homme-mis-en-examen-pour-meurtre-et-ecroue-en-ille-et-vilaine\\\/\",\"name\":\"Soup\u00e7onn\u00e9 d\u2019avoir tu\u00e9 son fr\u00e8re jumeau, un homme mis en examen pour meurtre et \u00e9crou\u00e9 en Ille-et-Vilaine - JUMEAUX91\",\"isPartOf\":{\"@id\":\"https:\\\/\\\/jumeaux91.fr\\\/blog\\\/#website\"},\"primaryImageOfPage\":{\"@id\":\"https:\\\/\\\/jumeaux91.fr\\\/blog\\\/soupconne-davoir-tue-son-frere-jumeau-un-homme-mis-en-examen-pour-meurtre-et-ecroue-en-ille-et-vilaine\\\/#primaryimage\"},\"image\":{\"@id\":\"https:\\\/\\\/jumeaux91.fr\\\/blog\\\/soupconne-davoir-tue-son-frere-jumeau-un-homme-mis-en-examen-pour-meurtre-et-ecroue-en-ille-et-vilaine\\\/#primaryimage\"},\"thumbnailUrl\":\"https:\\\/\\\/jumeaux91.fr\\\/blog\\\/wp-content\\\/uploads\\\/2025\\\/06\\\/soupconne-davoir-tue-son-frere-jumeau-un-homme-mis-en-examen-pour-meurtre-et-ecroue-en-ille-et-vilaine.jpg\",\"datePublished\":\"2025-06-15T03:37:00+00:00\",\"breadcrumb\":{\"@id\":\"https:\\\/\\\/jumeaux91.fr\\\/blog\\\/soupconne-davoir-tue-son-frere-jumeau-un-homme-mis-en-examen-pour-meurtre-et-ecroue-en-ille-et-vilaine\\\/#breadcrumb\"},\"inLanguage\":\"fr-FR\",\"potentialAction\":[{\"@type\":\"ReadAction\",\"target\":[\"https:\\\/\\\/jumeaux91.fr\\\/blog\\\/soupconne-davoir-tue-son-frere-jumeau-un-homme-mis-en-examen-pour-meurtre-et-ecroue-en-ille-et-vilaine\\\/\"]}]},{\"@type\":\"ImageObject\",\"inLanguage\":\"fr-FR\",\"@id\":\"https:\\\/\\\/jumeaux91.fr\\\/blog\\\/soupconne-davoir-tue-son-frere-jumeau-un-homme-mis-en-examen-pour-meurtre-et-ecroue-en-ille-et-vilaine\\\/#primaryimage\",\"url\":\"https:\\\/\\\/jumeaux91.fr\\\/blog\\\/wp-content\\\/uploads\\\/2025\\\/06\\\/soupconne-davoir-tue-son-frere-jumeau-un-homme-mis-en-examen-pour-meurtre-et-ecroue-en-ille-et-vilaine.jpg\",\"contentUrl\":\"https:\\\/\\\/jumeaux91.fr\\\/blog\\\/wp-content\\\/uploads\\\/2025\\\/06\\\/soupconne-davoir-tue-son-frere-jumeau-un-homme-mis-en-examen-pour-meurtre-et-ecroue-en-ille-et-vilaine.jpg\",\"width\":1200,\"height\":750,\"caption\":\"Soup\u00e7onn\u00e9 d\u2019avoir tu\u00e9 son fr\u00e8re jumeau, un homme mis en examen pour meurtre et \u00e9crou\u00e9 en Ille et Vilaine\"},{\"@type\":\"BreadcrumbList\",\"@id\":\"https:\\\/\\\/jumeaux91.fr\\\/blog\\\/soupconne-davoir-tue-son-frere-jumeau-un-homme-mis-en-examen-pour-meurtre-et-ecroue-en-ille-et-vilaine\\\/#breadcrumb\",\"itemListElement\":[{\"@type\":\"ListItem\",\"position\":1,\"name\":\"Accueil\",\"item\":\"https:\\\/\\\/jumeaux91.fr\\\/blog\\\/\"},{\"@type\":\"ListItem\",\"position\":2,\"name\":\"Soup\u00e7onn\u00e9 d\u2019avoir tu\u00e9 son fr\u00e8re jumeau, un homme mis en examen pour meurtre et \u00e9crou\u00e9 en Ille-et-Vilaine\"}]},{\"@type\":\"WebSite\",\"@id\":\"https:\\\/\\\/jumeaux91.fr\\\/blog\\\/#website\",\"url\":\"https:\\\/\\\/jumeaux91.fr\\\/blog\\\/\",\"name\":\"JUMEAUX91\",\"description\":\"Fr\u00e8res jumeaux de l&#039;Essonnes; informations et archives, \u00e0 savoir et retenir.\",\"publisher\":{\"@id\":\"https:\\\/\\\/jumeaux91.fr\\\/blog\\\/#organization\"},\"potentialAction\":[{\"@type\":\"SearchAction\",\"target\":{\"@type\":\"EntryPoint\",\"urlTemplate\":\"https:\\\/\\\/jumeaux91.fr\\\/blog\\\/?s={search_term_string}\"},\"query-input\":{\"@type\":\"PropertyValueSpecification\",\"valueRequired\":true,\"valueName\":\"search_term_string\"}}],\"inLanguage\":\"fr-FR\"},{\"@type\":\"Organization\",\"@id\":\"https:\\\/\\\/jumeaux91.fr\\\/blog\\\/#organization\",\"name\":\"jumeaux91\",\"url\":\"https:\\\/\\\/jumeaux91.fr\\\/blog\\\/\",\"logo\":{\"@type\":\"ImageObject\",\"inLanguage\":\"fr-FR\",\"@id\":\"https:\\\/\\\/jumeaux91.fr\\\/blog\\\/#\\\/schema\\\/logo\\\/image\\\/\",\"url\":\"https:\\\/\\\/jumeaux91.fr\\\/blog\\\/wp-content\\\/uploads\\\/2023\\\/05\\\/cropped-cropped-logoJ_91.png\",\"contentUrl\":\"https:\\\/\\\/jumeaux91.fr\\\/blog\\\/wp-content\\\/uploads\\\/2023\\\/05\\\/cropped-cropped-logoJ_91.png\",\"width\":512,\"height\":512,\"caption\":\"jumeaux91\"},\"image\":{\"@id\":\"https:\\\/\\\/jumeaux91.fr\\\/blog\\\/#\\\/schema\\\/logo\\\/image\\\/\"}},{\"@type\":\"Person\",\"@id\":\"https:\\\/\\\/jumeaux91.fr\\\/blog\\\/#\\\/schema\\\/person\\\/21da06e9f119b9f64e5d45dbbd32d3fb\",\"name\":\"Claude DAYRES\",\"image\":{\"@type\":\"ImageObject\",\"inLanguage\":\"fr-FR\",\"@id\":\"https:\\\/\\\/secure.gravatar.com\\\/avatar\\\/82eb951df6110a2c48d1bfa7a67d1ee6f0cd5df3cbf9c3586dd61e82db7172a5?s=96&d=mm&r=g\",\"url\":\"https:\\\/\\\/secure.gravatar.com\\\/avatar\\\/82eb951df6110a2c48d1bfa7a67d1ee6f0cd5df3cbf9c3586dd61e82db7172a5?s=96&d=mm&r=g\",\"contentUrl\":\"https:\\\/\\\/secure.gravatar.com\\\/avatar\\\/82eb951df6110a2c48d1bfa7a67d1ee6f0cd5df3cbf9c3586dd61e82db7172a5?s=96&d=mm&r=g\",\"caption\":\"Claude DAYRES\"},\"url\":\"https:\\\/\\\/jumeaux91.fr\\\/blog\\\/author\\\/x91claude\\\/\"}]}<\/script>\n<!-- \/ Yoast SEO plugin. -->","yoast_head_json":{"title":"Soup\u00e7onn\u00e9 d\u2019avoir tu\u00e9 son fr\u00e8re jumeau, un homme mis en examen pour meurtre et \u00e9crou\u00e9 en Ille-et-Vilaine - JUMEAUX91","robots":{"index":"index","follow":"follow","max-snippet":"max-snippet:-1","max-image-preview":"max-image-preview:large","max-video-preview":"max-video-preview:-1"},"canonical":"https:\/\/jumeaux91.fr\/blog\/soupconne-davoir-tue-son-frere-jumeau-un-homme-mis-en-examen-pour-meurtre-et-ecroue-en-ille-et-vilaine\/","og_locale":"fr_FR","og_type":"article","og_title":"Soup\u00e7onn\u00e9 d\u2019avoir tu\u00e9 son fr\u00e8re jumeau, un homme mis en examen pour meurtre et \u00e9crou\u00e9 en Ille-et-Vilaine - JUMEAUX91","og_description":"La victime, un homme \u00e2g\u00e9 de 36 ans a \u00e9t\u00e9 d\u00e9couverte, mercredi 11 juin, dans la ferme familiale situ\u00e9e \u00e0 Erc\u00e9-en-Lam\u00e9e (35), une commune proche de Bain-de-Bretagne. Le corps pr\u00e9sentant des traces de violences, le magistrat de permanence du parquet a confi\u00e9 l\u2019enqu\u00eate \u00e0 la brigade de recherches de Redon. Des \u00ab violences r\u00e9guli\u00e8res \u00bb&hellip; Poursuivre la lecture Soup\u00e7onn\u00e9 d\u2019avoir tu\u00e9 son fr\u00e8re jumeau, un homme mis en examen pour meurtre et \u00e9crou\u00e9 en Ille-et-Vilaine","og_url":"https:\/\/jumeaux91.fr\/blog\/soupconne-davoir-tue-son-frere-jumeau-un-homme-mis-en-examen-pour-meurtre-et-ecroue-en-ille-et-vilaine\/","og_site_name":"JUMEAUX91","article_published_time":"2025-06-15T03:37:00+00:00","og_image":[{"url":"https:\/\/jumeaux91.fr\/blog\/wp-content\/uploads\/2025\/06\/soupconne-davoir-tue-son-frere-jumeau-un-homme-mis-en-examen-pour-meurtre-et-ecroue-en-ille-et-vilaine.jpg","type":"","width":"","height":""}],"author":"Claude DAYRES","twitter_card":"summary_large_image","twitter_misc":{"\u00c9crit par":"Claude DAYRES","Dur\u00e9e de lecture estim\u00e9e":"2 minutes"},"schema":{"@context":"https:\/\/schema.org","@graph":[{"@type":"Article","@id":"https:\/\/jumeaux91.fr\/blog\/soupconne-davoir-tue-son-frere-jumeau-un-homme-mis-en-examen-pour-meurtre-et-ecroue-en-ille-et-vilaine\/#article","isPartOf":{"@id":"https:\/\/jumeaux91.fr\/blog\/soupconne-davoir-tue-son-frere-jumeau-un-homme-mis-en-examen-pour-meurtre-et-ecroue-en-ille-et-vilaine\/"},"author":{"name":"Claude DAYRES","@id":"https:\/\/jumeaux91.fr\/blog\/#\/schema\/person\/21da06e9f119b9f64e5d45dbbd32d3fb"},"headline":"Soup\u00e7onn\u00e9 d\u2019avoir tu\u00e9 son fr\u00e8re jumeau, un homme mis en examen pour meurtre et \u00e9crou\u00e9 en Ille-et-Vilaine","datePublished":"2025-06-15T03:37:00+00:00","mainEntityOfPage":{"@id":"https:\/\/jumeaux91.fr\/blog\/soupconne-davoir-tue-son-frere-jumeau-un-homme-mis-en-examen-pour-meurtre-et-ecroue-en-ille-et-vilaine\/"},"wordCount":359,"publisher":{"@id":"https:\/\/jumeaux91.fr\/blog\/#organization"},"image":{"@id":"https:\/\/jumeaux91.fr\/blog\/soupconne-davoir-tue-son-frere-jumeau-un-homme-mis-en-examen-pour-meurtre-et-ecroue-en-ille-et-vilaine\/#primaryimage"},"thumbnailUrl":"https:\/\/jumeaux91.fr\/blog\/wp-content\/uploads\/2025\/06\/soupconne-davoir-tue-son-frere-jumeau-un-homme-mis-en-examen-pour-meurtre-et-ecroue-en-ille-et-vilaine.jpg","articleSection":["Posts Fr\u00e8res Jumeaux De L'Essonnes:"],"inLanguage":"fr-FR"},{"@type":"WebPage","@id":"https:\/\/jumeaux91.fr\/blog\/soupconne-davoir-tue-son-frere-jumeau-un-homme-mis-en-examen-pour-meurtre-et-ecroue-en-ille-et-vilaine\/","url":"https:\/\/jumeaux91.fr\/blog\/soupconne-davoir-tue-son-frere-jumeau-un-homme-mis-en-examen-pour-meurtre-et-ecroue-en-ille-et-vilaine\/","name":"Soup\u00e7onn\u00e9 d\u2019avoir tu\u00e9 son fr\u00e8re jumeau, un homme mis en examen pour meurtre et \u00e9crou\u00e9 en Ille-et-Vilaine - JUMEAUX91","isPartOf":{"@id":"https:\/\/jumeaux91.fr\/blog\/#website"},"primaryImageOfPage":{"@id":"https:\/\/jumeaux91.fr\/blog\/soupconne-davoir-tue-son-frere-jumeau-un-homme-mis-en-examen-pour-meurtre-et-ecroue-en-ille-et-vilaine\/#primaryimage"},"image":{"@id":"https:\/\/jumeaux91.fr\/blog\/soupconne-davoir-tue-son-frere-jumeau-un-homme-mis-en-examen-pour-meurtre-et-ecroue-en-ille-et-vilaine\/#primaryimage"},"thumbnailUrl":"https:\/\/jumeaux91.fr\/blog\/wp-content\/uploads\/2025\/06\/soupconne-davoir-tue-son-frere-jumeau-un-homme-mis-en-examen-pour-meurtre-et-ecroue-en-ille-et-vilaine.jpg","datePublished":"2025-06-15T03:37:00+00:00","breadcrumb":{"@id":"https:\/\/jumeaux91.fr\/blog\/soupconne-davoir-tue-son-frere-jumeau-un-homme-mis-en-examen-pour-meurtre-et-ecroue-en-ille-et-vilaine\/#breadcrumb"},"inLanguage":"fr-FR","potentialAction":[{"@type":"ReadAction","target":["https:\/\/jumeaux91.fr\/blog\/soupconne-davoir-tue-son-frere-jumeau-un-homme-mis-en-examen-pour-meurtre-et-ecroue-en-ille-et-vilaine\/"]}]},{"@type":"ImageObject","inLanguage":"fr-FR","@id":"https:\/\/jumeaux91.fr\/blog\/soupconne-davoir-tue-son-frere-jumeau-un-homme-mis-en-examen-pour-meurtre-et-ecroue-en-ille-et-vilaine\/#primaryimage","url":"https:\/\/jumeaux91.fr\/blog\/wp-content\/uploads\/2025\/06\/soupconne-davoir-tue-son-frere-jumeau-un-homme-mis-en-examen-pour-meurtre-et-ecroue-en-ille-et-vilaine.jpg","contentUrl":"https:\/\/jumeaux91.fr\/blog\/wp-content\/uploads\/2025\/06\/soupconne-davoir-tue-son-frere-jumeau-un-homme-mis-en-examen-pour-meurtre-et-ecroue-en-ille-et-vilaine.jpg","width":1200,"height":750,"caption":"Soup\u00e7onn\u00e9 d\u2019avoir tu\u00e9 son fr\u00e8re jumeau, un homme mis en examen pour meurtre et \u00e9crou\u00e9 en Ille et Vilaine"},{"@type":"BreadcrumbList","@id":"https:\/\/jumeaux91.fr\/blog\/soupconne-davoir-tue-son-frere-jumeau-un-homme-mis-en-examen-pour-meurtre-et-ecroue-en-ille-et-vilaine\/#breadcrumb","itemListElement":[{"@type":"ListItem","position":1,"name":"Accueil","item":"https:\/\/jumeaux91.fr\/blog\/"},{"@type":"ListItem","position":2,"name":"Soup\u00e7onn\u00e9 d\u2019avoir tu\u00e9 son fr\u00e8re jumeau, un homme mis en examen pour meurtre et \u00e9crou\u00e9 en Ille-et-Vilaine"}]},{"@type":"WebSite","@id":"https:\/\/jumeaux91.fr\/blog\/#website","url":"https:\/\/jumeaux91.fr\/blog\/","name":"JUMEAUX91","description":"Fr\u00e8res jumeaux de l&#039;Essonnes; informations et archives, \u00e0 savoir et retenir.","publisher":{"@id":"https:\/\/jumeaux91.fr\/blog\/#organization"},"potentialAction":[{"@type":"SearchAction","target":{"@type":"EntryPoint","urlTemplate":"https:\/\/jumeaux91.fr\/blog\/?s={search_term_string}"},"query-input":{"@type":"PropertyValueSpecification","valueRequired":true,"valueName":"search_term_string"}}],"inLanguage":"fr-FR"},{"@type":"Organization","@id":"https:\/\/jumeaux91.fr\/blog\/#organization","name":"jumeaux91","url":"https:\/\/jumeaux91.fr\/blog\/","logo":{"@type":"ImageObject","inLanguage":"fr-FR","@id":"https:\/\/jumeaux91.fr\/blog\/#\/schema\/logo\/image\/","url":"https:\/\/jumeaux91.fr\/blog\/wp-content\/uploads\/2023\/05\/cropped-cropped-logoJ_91.png","contentUrl":"https:\/\/jumeaux91.fr\/blog\/wp-content\/uploads\/2023\/05\/cropped-cropped-logoJ_91.png","width":512,"height":512,"caption":"jumeaux91"},"image":{"@id":"https:\/\/jumeaux91.fr\/blog\/#\/schema\/logo\/image\/"}},{"@type":"Person","@id":"https:\/\/jumeaux91.fr\/blog\/#\/schema\/person\/21da06e9f119b9f64e5d45dbbd32d3fb","name":"Claude DAYRES","image":{"@type":"ImageObject","inLanguage":"fr-FR","@id":"https:\/\/secure.gravatar.com\/avatar\/82eb951df6110a2c48d1bfa7a67d1ee6f0cd5df3cbf9c3586dd61e82db7172a5?s=96&d=mm&r=g","url":"https:\/\/secure.gravatar.com\/avatar\/82eb951df6110a2c48d1bfa7a67d1ee6f0cd5df3cbf9c3586dd61e82db7172a5?s=96&d=mm&r=g","contentUrl":"https:\/\/secure.gravatar.com\/avatar\/82eb951df6110a2c48d1bfa7a67d1ee6f0cd5df3cbf9c3586dd61e82db7172a5?s=96&d=mm&r=g","caption":"Claude DAYRES"},"url":"https:\/\/jumeaux91.fr\/blog\/author\/x91claude\/"}]}},"_links":{"self":[{"href":"https:\/\/jumeaux91.fr\/blog\/wp-json\/wp\/v2\/posts\/1336","targetHints":{"allow":["GET"]}}],"collection":[{"href":"https:\/\/jumeaux91.fr\/blog\/wp-json\/wp\/v2\/posts"}],"about":[{"href":"https:\/\/jumeaux91.fr\/blog\/wp-json\/wp\/v2\/types\/post"}],"author":[{"embeddable":true,"href":"https:\/\/jumeaux91.fr\/blog\/wp-json\/wp\/v2\/users\/2"}],"replies":[{"embeddable":true,"href":"https:\/\/jumeaux91.fr\/blog\/wp-json\/wp\/v2\/comments?post=1336"}],"version-history":[{"count":0,"href":"https:\/\/jumeaux91.fr\/blog\/wp-json\/wp\/v2\/posts\/1336\/revisions"}],"wp:featuredmedia":[{"embeddable":true,"href":"https:\/\/jumeaux91.fr\/blog\/wp-json\/wp\/v2\/media\/1337"}],"wp:attachment":[{"href":"https:\/\/jumeaux91.fr\/blog\/wp-json\/wp\/v2\/media?parent=1336"}],"wp:term":[{"taxonomy":"category","embeddable":true,"href":"https:\/\/jumeaux91.fr\/blog\/wp-json\/wp\/v2\/categories?post=1336"},{"taxonomy":"post_tag","embeddable":true,"href":"https:\/\/jumeaux91.fr\/blog\/wp-json\/wp\/v2\/tags?post=1336"}],"curies":[{"name":"wp","href":"https:\/\/api.w.org\/{rel}","templated":true}]}}