{"id":1340,"date":"2025-06-15T04:26:00","date_gmt":"2025-06-15T02:26:00","guid":{"rendered":"https:\/\/jumeaux91.fr\/blog\/ille-et-vilaine-un-homme-mis-en-examen-pour-meurtre-apres-la-mort-de-son-frere-jumeau\/"},"modified":"2025-06-15T04:26:00","modified_gmt":"2025-06-15T02:26:00","slug":"ille-et-vilaine-un-homme-mis-en-examen-pour-meurtre-apres-la-mort-de-son-frere-jumeau","status":"publish","type":"post","link":"https:\/\/jumeaux91.fr\/blog\/ille-et-vilaine-un-homme-mis-en-examen-pour-meurtre-apres-la-mort-de-son-frere-jumeau\/","title":{"rendered":"Ille-et-Vilaine: un homme mis en examen pour meurtre apr\u00e8s la mort de son fr\u00e8re jumeau"},"content":{"rendered":"<div><img decoding=\"async\" src=\"https:\/\/jumeaux91.fr\/blog\/wp-content\/uploads\/2025\/06\/ille-et-vilaine-un-homme-mis-en-examen-pour-meurtre-apres-la-mort-de-son-frere-jumeau.jpg\" class=\"ff-og-image-inserted\"><\/div>\n<p>Le corps sans vie d&rsquo;un homme de 36 a \u00e9t\u00e9 retrouv\u00e9 mercredi \u00e0 Erc\u00e9-en-Lam\u00e9e pr\u00e8s de Rennes (Ille-et-Vilaine). Son fr\u00e8re jumeau a \u00e9t\u00e9 mis en examen pour meurtre \u00e0 la suite d'\u00a0\u00bbune sc\u00e8ne de violence\u00a0\u00bb.<\/p>\n<p>Un homme a \u00e9t\u00e9 mis en examen pour meurtre \u00e0 la suite d'\u00a0\u00bbune sc\u00e8ne de violence\u00a0\u00bb ayant caus\u00e9 la mort de son fr\u00e8re jumeau \u00e0 Erc\u00e9-en-Lam\u00e9e (Ille-et-Vilaine), a annonc\u00e9 ce dimanche 15 juin \u00e0 l&rsquo;AFP le parquet de Rennes.<\/p>\n<p>Mercredi, le corps sans vie d&rsquo;un homme de 36 ans \u00ab\u00a0pr\u00e9sentant des traces de violences\u00a0\u00bb a \u00e9t\u00e9 d\u00e9couvert \u00e0 son domicile dans cette commune situ\u00e9e \u00e0 une trentaine de kilom\u00e8tres au sud de Rennes, a indiqu\u00e9 le procureur de la R\u00e9publique de cette ville, Fr\u00e9deric Teillet, confirmant des informations du quotidien r\u00e9gional Ouest-France.<\/p>\n<h2 class=\"subheading\" id=\"apo51\">\u00ab\u00a0Le d\u00e9c\u00e8s est cons\u00e9cutif \u00e0 une sc\u00e8ne de violence\u00a0\u00bb<\/h2>\n<p>\u00ab\u00a0Les investigations ont permis d&rsquo;\u00e9tablir que le d\u00e9c\u00e8s est cons\u00e9cutif \u00e0 une sc\u00e8ne de violence ayant oppos\u00e9 la victime \u00e0 son fr\u00e8re jumeau, dans un contexte de disputes et violences r\u00e9guli\u00e8res entre les deux fr\u00e8res, sur fond d&rsquo;alcool\u00a0\u00bb, a-t-il affirm\u00e9.<\/p>\n<p>Le fr\u00e8re jumeau de la victime a \u00e9t\u00e9 \u00ab\u00a0interpell\u00e9 sur les lieux lors de la d\u00e9couverte du corps\u00a0\u00bb, a ajout\u00e9 le magistrat. Il a \u00e9t\u00e9 mis en examen vendredi \u00ab\u00a0pour meurtre aggrav\u00e9 (par personne en \u00e9tat d&rsquo;ivresse) et plac\u00e9 en d\u00e9tention provisoire conform\u00e9ment aux r\u00e9quisitions du parquet\u00a0\u00bb, a pr\u00e9cis\u00e9 Fr\u00e9deric Teillet.<\/p>\n<div class=\"block_signature_parent\" id=\"block_signature_parent\">\n<div class=\"block_signature signature_marque\">\n<p><span class=\"author_name\">J.Bro avec AFP<\/span><\/p>\n<\/div>\n<\/div>\n<p>La chronique se veut g\u00e9n\u00e9r\u00e9e de la fa\u00e7on la plus claire que possible. Dans le cas o\u00f9 vous souhaitez pr\u00e9senter des renseignements compl\u00e9mentaires \u00e0 cet article sur le sujet \u00ab\u00a0Fr\u00e8res jumeaux de l&rsquo;Essonnes\u00a0\u00bb il vous est possible d\u2019\u00e9crire aux contacts indiqu\u00e9s sur notre website. La raison d\u2019\u00eatre de jumeaux91.fr \u00e9tant de rassembler sur le web des posts sur le sujet de Fr\u00e8res jumeaux de l&rsquo;Essonnes puis les diffuser en r\u00e9pondant au mieux aux interrogations des gens. Vous pouvez tirer profit de cet article traitant le sujet \u00ab\u00a0Fr\u00e8res jumeaux de l&rsquo;Essonnes\u00a0\u00bb. Il est concoct\u00e9 par l\u2019\u00e9quipe jumeaux91.fr. Prochainement, nous rendrons accessibles au public d&rsquo;autres informations pertinentes sur le sujet \u00ab\u00a0Fr\u00e8res jumeaux de l&rsquo;Essonnes\u00a0\u00bb. Alors, consultez syst\u00e9matiquement notre blog.<\/p>\n","protected":false},"excerpt":{"rendered":"<p>Le corps sans vie d&rsquo;un homme de 36 a \u00e9t\u00e9 retrouv\u00e9 mercredi \u00e0 Erc\u00e9-en-Lam\u00e9e pr\u00e8s de Rennes (Ille-et-Vilaine). Son fr\u00e8re jumeau a \u00e9t\u00e9 mis en examen pour meurtre \u00e0 la suite d&rsquo;\u00a0\u00bbune sc\u00e8ne de violence\u00a0\u00bb. Un homme a \u00e9t\u00e9 mis en examen pour meurtre \u00e0 la suite d&rsquo;\u00a0\u00bbune sc\u00e8ne de violence\u00a0\u00bb ayant caus\u00e9 la mort&hellip; <a class=\"more-link\" href=\"https:\/\/jumeaux91.fr\/blog\/ille-et-vilaine-un-homme-mis-en-examen-pour-meurtre-apres-la-mort-de-son-frere-jumeau\/\">Poursuivre la lecture <span class=\"screen-reader-text\">Ille-et-Vilaine: un homme mis en examen pour meurtre apr\u00e8s la mort de son fr\u00e8re jumeau<\/span><\/a><\/p>\n","protected":false},"author":2,"featured_media":1341,"comment_status":"closed","ping_status":"closed","sticky":false,"template":"","format":"standard","meta":{"footnotes":""},"categories":[4],"tags":[],"class_list":["post-1340","post","type-post","status-publish","format-standard","has-post-thumbnail","hentry","category-posts-freres-jumeaux-de-lessonnes","entry"],"yoast_head":"<!-- This site is optimized with the Yoast SEO plugin v27.5 - https:\/\/yoast.com\/product\/yoast-seo-wordpress\/ -->\n<title>Ille-et-Vilaine: un homme mis en examen pour meurtre apr\u00e8s la mort de son fr\u00e8re jumeau - JUMEAUX91<\/title>\n<meta name=\"robots\" content=\"index, follow, max-snippet:-1, max-image-preview:large, max-video-preview:-1\" \/>\n<link rel=\"canonical\" href=\"https:\/\/jumeaux91.fr\/blog\/ille-et-vilaine-un-homme-mis-en-examen-pour-meurtre-apres-la-mort-de-son-frere-jumeau\/\" \/>\n<meta property=\"og:locale\" content=\"fr_FR\" \/>\n<meta property=\"og:type\" content=\"article\" \/>\n<meta property=\"og:title\" content=\"Ille-et-Vilaine: un homme mis en examen pour meurtre apr\u00e8s la mort de son fr\u00e8re jumeau - JUMEAUX91\" \/>\n<meta property=\"og:description\" content=\"Le corps sans vie d&rsquo;un homme de 36 a \u00e9t\u00e9 retrouv\u00e9 mercredi \u00e0 Erc\u00e9-en-Lam\u00e9e pr\u00e8s de Rennes (Ille-et-Vilaine). Son fr\u00e8re jumeau a \u00e9t\u00e9 mis en examen pour meurtre \u00e0 la suite d&#039;\u00a0\u00bbune sc\u00e8ne de violence\u00a0\u00bb. Un homme a \u00e9t\u00e9 mis en examen pour meurtre \u00e0 la suite d&#039;\u00a0\u00bbune sc\u00e8ne de violence\u00a0\u00bb ayant caus\u00e9 la mort&hellip; Poursuivre la lecture Ille-et-Vilaine: un homme mis en examen pour meurtre apr\u00e8s la mort de son fr\u00e8re jumeau\" \/>\n<meta property=\"og:url\" content=\"https:\/\/jumeaux91.fr\/blog\/ille-et-vilaine-un-homme-mis-en-examen-pour-meurtre-apres-la-mort-de-son-frere-jumeau\/\" \/>\n<meta property=\"og:site_name\" content=\"JUMEAUX91\" \/>\n<meta property=\"article:published_time\" content=\"2025-06-15T02:26:00+00:00\" \/>\n<meta property=\"og:image\" content=\"https:\/\/jumeaux91.fr\/blog\/wp-content\/uploads\/2025\/06\/ille-et-vilaine-un-homme-mis-en-examen-pour-meurtre-apres-la-mort-de-son-frere-jumeau.jpg\" \/>\n<meta name=\"author\" content=\"Claude DAYRES\" \/>\n<meta name=\"twitter:card\" content=\"summary_large_image\" \/>\n<meta name=\"twitter:label1\" content=\"\u00c9crit par\" \/>\n\t<meta name=\"twitter:data1\" content=\"Claude DAYRES\" \/>\n\t<meta name=\"twitter:label2\" content=\"Dur\u00e9e de lecture estim\u00e9e\" \/>\n\t<meta name=\"twitter:data2\" content=\"2 minutes\" \/>\n<script type=\"application\/ld+json\" class=\"yoast-schema-graph\">{\"@context\":\"https:\\\/\\\/schema.org\",\"@graph\":[{\"@type\":\"Article\",\"@id\":\"https:\\\/\\\/jumeaux91.fr\\\/blog\\\/ille-et-vilaine-un-homme-mis-en-examen-pour-meurtre-apres-la-mort-de-son-frere-jumeau\\\/#article\",\"isPartOf\":{\"@id\":\"https:\\\/\\\/jumeaux91.fr\\\/blog\\\/ille-et-vilaine-un-homme-mis-en-examen-pour-meurtre-apres-la-mort-de-son-frere-jumeau\\\/\"},\"author\":{\"name\":\"Claude DAYRES\",\"@id\":\"https:\\\/\\\/jumeaux91.fr\\\/blog\\\/#\\\/schema\\\/person\\\/21da06e9f119b9f64e5d45dbbd32d3fb\"},\"headline\":\"Ille-et-Vilaine: un homme mis en examen pour meurtre apr\u00e8s la mort de son fr\u00e8re jumeau\",\"datePublished\":\"2025-06-15T02:26:00+00:00\",\"mainEntityOfPage\":{\"@id\":\"https:\\\/\\\/jumeaux91.fr\\\/blog\\\/ille-et-vilaine-un-homme-mis-en-examen-pour-meurtre-apres-la-mort-de-son-frere-jumeau\\\/\"},\"wordCount\":417,\"publisher\":{\"@id\":\"https:\\\/\\\/jumeaux91.fr\\\/blog\\\/#organization\"},\"image\":{\"@id\":\"https:\\\/\\\/jumeaux91.fr\\\/blog\\\/ille-et-vilaine-un-homme-mis-en-examen-pour-meurtre-apres-la-mort-de-son-frere-jumeau\\\/#primaryimage\"},\"thumbnailUrl\":\"https:\\\/\\\/jumeaux91.fr\\\/blog\\\/wp-content\\\/uploads\\\/2025\\\/06\\\/ille-et-vilaine-un-homme-mis-en-examen-pour-meurtre-apres-la-mort-de-son-frere-jumeau.jpg\",\"articleSection\":[\"Posts Fr\u00e8res Jumeaux De L'Essonnes:\"],\"inLanguage\":\"fr-FR\"},{\"@type\":\"WebPage\",\"@id\":\"https:\\\/\\\/jumeaux91.fr\\\/blog\\\/ille-et-vilaine-un-homme-mis-en-examen-pour-meurtre-apres-la-mort-de-son-frere-jumeau\\\/\",\"url\":\"https:\\\/\\\/jumeaux91.fr\\\/blog\\\/ille-et-vilaine-un-homme-mis-en-examen-pour-meurtre-apres-la-mort-de-son-frere-jumeau\\\/\",\"name\":\"Ille-et-Vilaine: un homme mis en examen pour meurtre apr\u00e8s la mort de son fr\u00e8re jumeau - JUMEAUX91\",\"isPartOf\":{\"@id\":\"https:\\\/\\\/jumeaux91.fr\\\/blog\\\/#website\"},\"primaryImageOfPage\":{\"@id\":\"https:\\\/\\\/jumeaux91.fr\\\/blog\\\/ille-et-vilaine-un-homme-mis-en-examen-pour-meurtre-apres-la-mort-de-son-frere-jumeau\\\/#primaryimage\"},\"image\":{\"@id\":\"https:\\\/\\\/jumeaux91.fr\\\/blog\\\/ille-et-vilaine-un-homme-mis-en-examen-pour-meurtre-apres-la-mort-de-son-frere-jumeau\\\/#primaryimage\"},\"thumbnailUrl\":\"https:\\\/\\\/jumeaux91.fr\\\/blog\\\/wp-content\\\/uploads\\\/2025\\\/06\\\/ille-et-vilaine-un-homme-mis-en-examen-pour-meurtre-apres-la-mort-de-son-frere-jumeau.jpg\",\"datePublished\":\"2025-06-15T02:26:00+00:00\",\"breadcrumb\":{\"@id\":\"https:\\\/\\\/jumeaux91.fr\\\/blog\\\/ille-et-vilaine-un-homme-mis-en-examen-pour-meurtre-apres-la-mort-de-son-frere-jumeau\\\/#breadcrumb\"},\"inLanguage\":\"fr-FR\",\"potentialAction\":[{\"@type\":\"ReadAction\",\"target\":[\"https:\\\/\\\/jumeaux91.fr\\\/blog\\\/ille-et-vilaine-un-homme-mis-en-examen-pour-meurtre-apres-la-mort-de-son-frere-jumeau\\\/\"]}]},{\"@type\":\"ImageObject\",\"inLanguage\":\"fr-FR\",\"@id\":\"https:\\\/\\\/jumeaux91.fr\\\/blog\\\/ille-et-vilaine-un-homme-mis-en-examen-pour-meurtre-apres-la-mort-de-son-frere-jumeau\\\/#primaryimage\",\"url\":\"https:\\\/\\\/jumeaux91.fr\\\/blog\\\/wp-content\\\/uploads\\\/2025\\\/06\\\/ille-et-vilaine-un-homme-mis-en-examen-pour-meurtre-apres-la-mort-de-son-frere-jumeau.jpg\",\"contentUrl\":\"https:\\\/\\\/jumeaux91.fr\\\/blog\\\/wp-content\\\/uploads\\\/2025\\\/06\\\/ille-et-vilaine-un-homme-mis-en-examen-pour-meurtre-apres-la-mort-de-son-frere-jumeau.jpg\",\"width\":1056,\"height\":594,\"caption\":\"Ille et Vilaine: un homme mis en examen pour meurtre apr\u00e8s la mort de son fr\u00e8re jumeau\"},{\"@type\":\"BreadcrumbList\",\"@id\":\"https:\\\/\\\/jumeaux91.fr\\\/blog\\\/ille-et-vilaine-un-homme-mis-en-examen-pour-meurtre-apres-la-mort-de-son-frere-jumeau\\\/#breadcrumb\",\"itemListElement\":[{\"@type\":\"ListItem\",\"position\":1,\"name\":\"Accueil\",\"item\":\"https:\\\/\\\/jumeaux91.fr\\\/blog\\\/\"},{\"@type\":\"ListItem\",\"position\":2,\"name\":\"Ille-et-Vilaine: un homme mis en examen pour meurtre apr\u00e8s la mort de son fr\u00e8re jumeau\"}]},{\"@type\":\"WebSite\",\"@id\":\"https:\\\/\\\/jumeaux91.fr\\\/blog\\\/#website\",\"url\":\"https:\\\/\\\/jumeaux91.fr\\\/blog\\\/\",\"name\":\"JUMEAUX91\",\"description\":\"Fr\u00e8res jumeaux de l&#039;Essonnes; informations et archives, \u00e0 savoir et retenir.\",\"publisher\":{\"@id\":\"https:\\\/\\\/jumeaux91.fr\\\/blog\\\/#organization\"},\"potentialAction\":[{\"@type\":\"SearchAction\",\"target\":{\"@type\":\"EntryPoint\",\"urlTemplate\":\"https:\\\/\\\/jumeaux91.fr\\\/blog\\\/?s={search_term_string}\"},\"query-input\":{\"@type\":\"PropertyValueSpecification\",\"valueRequired\":true,\"valueName\":\"search_term_string\"}}],\"inLanguage\":\"fr-FR\"},{\"@type\":\"Organization\",\"@id\":\"https:\\\/\\\/jumeaux91.fr\\\/blog\\\/#organization\",\"name\":\"jumeaux91\",\"url\":\"https:\\\/\\\/jumeaux91.fr\\\/blog\\\/\",\"logo\":{\"@type\":\"ImageObject\",\"inLanguage\":\"fr-FR\",\"@id\":\"https:\\\/\\\/jumeaux91.fr\\\/blog\\\/#\\\/schema\\\/logo\\\/image\\\/\",\"url\":\"https:\\\/\\\/jumeaux91.fr\\\/blog\\\/wp-content\\\/uploads\\\/2023\\\/05\\\/cropped-cropped-logoJ_91.png\",\"contentUrl\":\"https:\\\/\\\/jumeaux91.fr\\\/blog\\\/wp-content\\\/uploads\\\/2023\\\/05\\\/cropped-cropped-logoJ_91.png\",\"width\":512,\"height\":512,\"caption\":\"jumeaux91\"},\"image\":{\"@id\":\"https:\\\/\\\/jumeaux91.fr\\\/blog\\\/#\\\/schema\\\/logo\\\/image\\\/\"}},{\"@type\":\"Person\",\"@id\":\"https:\\\/\\\/jumeaux91.fr\\\/blog\\\/#\\\/schema\\\/person\\\/21da06e9f119b9f64e5d45dbbd32d3fb\",\"name\":\"Claude DAYRES\",\"image\":{\"@type\":\"ImageObject\",\"inLanguage\":\"fr-FR\",\"@id\":\"https:\\\/\\\/secure.gravatar.com\\\/avatar\\\/82eb951df6110a2c48d1bfa7a67d1ee6f0cd5df3cbf9c3586dd61e82db7172a5?s=96&d=mm&r=g\",\"url\":\"https:\\\/\\\/secure.gravatar.com\\\/avatar\\\/82eb951df6110a2c48d1bfa7a67d1ee6f0cd5df3cbf9c3586dd61e82db7172a5?s=96&d=mm&r=g\",\"contentUrl\":\"https:\\\/\\\/secure.gravatar.com\\\/avatar\\\/82eb951df6110a2c48d1bfa7a67d1ee6f0cd5df3cbf9c3586dd61e82db7172a5?s=96&d=mm&r=g\",\"caption\":\"Claude DAYRES\"},\"url\":\"https:\\\/\\\/jumeaux91.fr\\\/blog\\\/author\\\/x91claude\\\/\"}]}<\/script>\n<!-- \/ Yoast SEO plugin. -->","yoast_head_json":{"title":"Ille-et-Vilaine: un homme mis en examen pour meurtre apr\u00e8s la mort de son fr\u00e8re jumeau - JUMEAUX91","robots":{"index":"index","follow":"follow","max-snippet":"max-snippet:-1","max-image-preview":"max-image-preview:large","max-video-preview":"max-video-preview:-1"},"canonical":"https:\/\/jumeaux91.fr\/blog\/ille-et-vilaine-un-homme-mis-en-examen-pour-meurtre-apres-la-mort-de-son-frere-jumeau\/","og_locale":"fr_FR","og_type":"article","og_title":"Ille-et-Vilaine: un homme mis en examen pour meurtre apr\u00e8s la mort de son fr\u00e8re jumeau - JUMEAUX91","og_description":"Le corps sans vie d&rsquo;un homme de 36 a \u00e9t\u00e9 retrouv\u00e9 mercredi \u00e0 Erc\u00e9-en-Lam\u00e9e pr\u00e8s de Rennes (Ille-et-Vilaine). Son fr\u00e8re jumeau a \u00e9t\u00e9 mis en examen pour meurtre \u00e0 la suite d'\u00a0\u00bbune sc\u00e8ne de violence\u00a0\u00bb. Un homme a \u00e9t\u00e9 mis en examen pour meurtre \u00e0 la suite d'\u00a0\u00bbune sc\u00e8ne de violence\u00a0\u00bb ayant caus\u00e9 la mort&hellip; Poursuivre la lecture Ille-et-Vilaine: un homme mis en examen pour meurtre apr\u00e8s la mort de son fr\u00e8re jumeau","og_url":"https:\/\/jumeaux91.fr\/blog\/ille-et-vilaine-un-homme-mis-en-examen-pour-meurtre-apres-la-mort-de-son-frere-jumeau\/","og_site_name":"JUMEAUX91","article_published_time":"2025-06-15T02:26:00+00:00","og_image":[{"url":"https:\/\/jumeaux91.fr\/blog\/wp-content\/uploads\/2025\/06\/ille-et-vilaine-un-homme-mis-en-examen-pour-meurtre-apres-la-mort-de-son-frere-jumeau.jpg","type":"","width":"","height":""}],"author":"Claude DAYRES","twitter_card":"summary_large_image","twitter_misc":{"\u00c9crit par":"Claude DAYRES","Dur\u00e9e de lecture estim\u00e9e":"2 minutes"},"schema":{"@context":"https:\/\/schema.org","@graph":[{"@type":"Article","@id":"https:\/\/jumeaux91.fr\/blog\/ille-et-vilaine-un-homme-mis-en-examen-pour-meurtre-apres-la-mort-de-son-frere-jumeau\/#article","isPartOf":{"@id":"https:\/\/jumeaux91.fr\/blog\/ille-et-vilaine-un-homme-mis-en-examen-pour-meurtre-apres-la-mort-de-son-frere-jumeau\/"},"author":{"name":"Claude DAYRES","@id":"https:\/\/jumeaux91.fr\/blog\/#\/schema\/person\/21da06e9f119b9f64e5d45dbbd32d3fb"},"headline":"Ille-et-Vilaine: un homme mis en examen pour meurtre apr\u00e8s la mort de son fr\u00e8re jumeau","datePublished":"2025-06-15T02:26:00+00:00","mainEntityOfPage":{"@id":"https:\/\/jumeaux91.fr\/blog\/ille-et-vilaine-un-homme-mis-en-examen-pour-meurtre-apres-la-mort-de-son-frere-jumeau\/"},"wordCount":417,"publisher":{"@id":"https:\/\/jumeaux91.fr\/blog\/#organization"},"image":{"@id":"https:\/\/jumeaux91.fr\/blog\/ille-et-vilaine-un-homme-mis-en-examen-pour-meurtre-apres-la-mort-de-son-frere-jumeau\/#primaryimage"},"thumbnailUrl":"https:\/\/jumeaux91.fr\/blog\/wp-content\/uploads\/2025\/06\/ille-et-vilaine-un-homme-mis-en-examen-pour-meurtre-apres-la-mort-de-son-frere-jumeau.jpg","articleSection":["Posts Fr\u00e8res Jumeaux De L'Essonnes:"],"inLanguage":"fr-FR"},{"@type":"WebPage","@id":"https:\/\/jumeaux91.fr\/blog\/ille-et-vilaine-un-homme-mis-en-examen-pour-meurtre-apres-la-mort-de-son-frere-jumeau\/","url":"https:\/\/jumeaux91.fr\/blog\/ille-et-vilaine-un-homme-mis-en-examen-pour-meurtre-apres-la-mort-de-son-frere-jumeau\/","name":"Ille-et-Vilaine: un homme mis en examen pour meurtre apr\u00e8s la mort de son fr\u00e8re jumeau - JUMEAUX91","isPartOf":{"@id":"https:\/\/jumeaux91.fr\/blog\/#website"},"primaryImageOfPage":{"@id":"https:\/\/jumeaux91.fr\/blog\/ille-et-vilaine-un-homme-mis-en-examen-pour-meurtre-apres-la-mort-de-son-frere-jumeau\/#primaryimage"},"image":{"@id":"https:\/\/jumeaux91.fr\/blog\/ille-et-vilaine-un-homme-mis-en-examen-pour-meurtre-apres-la-mort-de-son-frere-jumeau\/#primaryimage"},"thumbnailUrl":"https:\/\/jumeaux91.fr\/blog\/wp-content\/uploads\/2025\/06\/ille-et-vilaine-un-homme-mis-en-examen-pour-meurtre-apres-la-mort-de-son-frere-jumeau.jpg","datePublished":"2025-06-15T02:26:00+00:00","breadcrumb":{"@id":"https:\/\/jumeaux91.fr\/blog\/ille-et-vilaine-un-homme-mis-en-examen-pour-meurtre-apres-la-mort-de-son-frere-jumeau\/#breadcrumb"},"inLanguage":"fr-FR","potentialAction":[{"@type":"ReadAction","target":["https:\/\/jumeaux91.fr\/blog\/ille-et-vilaine-un-homme-mis-en-examen-pour-meurtre-apres-la-mort-de-son-frere-jumeau\/"]}]},{"@type":"ImageObject","inLanguage":"fr-FR","@id":"https:\/\/jumeaux91.fr\/blog\/ille-et-vilaine-un-homme-mis-en-examen-pour-meurtre-apres-la-mort-de-son-frere-jumeau\/#primaryimage","url":"https:\/\/jumeaux91.fr\/blog\/wp-content\/uploads\/2025\/06\/ille-et-vilaine-un-homme-mis-en-examen-pour-meurtre-apres-la-mort-de-son-frere-jumeau.jpg","contentUrl":"https:\/\/jumeaux91.fr\/blog\/wp-content\/uploads\/2025\/06\/ille-et-vilaine-un-homme-mis-en-examen-pour-meurtre-apres-la-mort-de-son-frere-jumeau.jpg","width":1056,"height":594,"caption":"Ille et Vilaine: un homme mis en examen pour meurtre apr\u00e8s la mort de son fr\u00e8re jumeau"},{"@type":"BreadcrumbList","@id":"https:\/\/jumeaux91.fr\/blog\/ille-et-vilaine-un-homme-mis-en-examen-pour-meurtre-apres-la-mort-de-son-frere-jumeau\/#breadcrumb","itemListElement":[{"@type":"ListItem","position":1,"name":"Accueil","item":"https:\/\/jumeaux91.fr\/blog\/"},{"@type":"ListItem","position":2,"name":"Ille-et-Vilaine: un homme mis en examen pour meurtre apr\u00e8s la mort de son fr\u00e8re jumeau"}]},{"@type":"WebSite","@id":"https:\/\/jumeaux91.fr\/blog\/#website","url":"https:\/\/jumeaux91.fr\/blog\/","name":"JUMEAUX91","description":"Fr\u00e8res jumeaux de l&#039;Essonnes; informations et archives, \u00e0 savoir et retenir.","publisher":{"@id":"https:\/\/jumeaux91.fr\/blog\/#organization"},"potentialAction":[{"@type":"SearchAction","target":{"@type":"EntryPoint","urlTemplate":"https:\/\/jumeaux91.fr\/blog\/?s={search_term_string}"},"query-input":{"@type":"PropertyValueSpecification","valueRequired":true,"valueName":"search_term_string"}}],"inLanguage":"fr-FR"},{"@type":"Organization","@id":"https:\/\/jumeaux91.fr\/blog\/#organization","name":"jumeaux91","url":"https:\/\/jumeaux91.fr\/blog\/","logo":{"@type":"ImageObject","inLanguage":"fr-FR","@id":"https:\/\/jumeaux91.fr\/blog\/#\/schema\/logo\/image\/","url":"https:\/\/jumeaux91.fr\/blog\/wp-content\/uploads\/2023\/05\/cropped-cropped-logoJ_91.png","contentUrl":"https:\/\/jumeaux91.fr\/blog\/wp-content\/uploads\/2023\/05\/cropped-cropped-logoJ_91.png","width":512,"height":512,"caption":"jumeaux91"},"image":{"@id":"https:\/\/jumeaux91.fr\/blog\/#\/schema\/logo\/image\/"}},{"@type":"Person","@id":"https:\/\/jumeaux91.fr\/blog\/#\/schema\/person\/21da06e9f119b9f64e5d45dbbd32d3fb","name":"Claude DAYRES","image":{"@type":"ImageObject","inLanguage":"fr-FR","@id":"https:\/\/secure.gravatar.com\/avatar\/82eb951df6110a2c48d1bfa7a67d1ee6f0cd5df3cbf9c3586dd61e82db7172a5?s=96&d=mm&r=g","url":"https:\/\/secure.gravatar.com\/avatar\/82eb951df6110a2c48d1bfa7a67d1ee6f0cd5df3cbf9c3586dd61e82db7172a5?s=96&d=mm&r=g","contentUrl":"https:\/\/secure.gravatar.com\/avatar\/82eb951df6110a2c48d1bfa7a67d1ee6f0cd5df3cbf9c3586dd61e82db7172a5?s=96&d=mm&r=g","caption":"Claude DAYRES"},"url":"https:\/\/jumeaux91.fr\/blog\/author\/x91claude\/"}]}},"_links":{"self":[{"href":"https:\/\/jumeaux91.fr\/blog\/wp-json\/wp\/v2\/posts\/1340","targetHints":{"allow":["GET"]}}],"collection":[{"href":"https:\/\/jumeaux91.fr\/blog\/wp-json\/wp\/v2\/posts"}],"about":[{"href":"https:\/\/jumeaux91.fr\/blog\/wp-json\/wp\/v2\/types\/post"}],"author":[{"embeddable":true,"href":"https:\/\/jumeaux91.fr\/blog\/wp-json\/wp\/v2\/users\/2"}],"replies":[{"embeddable":true,"href":"https:\/\/jumeaux91.fr\/blog\/wp-json\/wp\/v2\/comments?post=1340"}],"version-history":[{"count":0,"href":"https:\/\/jumeaux91.fr\/blog\/wp-json\/wp\/v2\/posts\/1340\/revisions"}],"wp:featuredmedia":[{"embeddable":true,"href":"https:\/\/jumeaux91.fr\/blog\/wp-json\/wp\/v2\/media\/1341"}],"wp:attachment":[{"href":"https:\/\/jumeaux91.fr\/blog\/wp-json\/wp\/v2\/media?parent=1340"}],"wp:term":[{"taxonomy":"category","embeddable":true,"href":"https:\/\/jumeaux91.fr\/blog\/wp-json\/wp\/v2\/categories?post=1340"},{"taxonomy":"post_tag","embeddable":true,"href":"https:\/\/jumeaux91.fr\/blog\/wp-json\/wp\/v2\/tags?post=1340"}],"curies":[{"name":"wp","href":"https:\/\/api.w.org\/{rel}","templated":true}]}}