{"id":1346,"date":"2025-06-15T19:00:00","date_gmt":"2025-06-15T17:00:00","guid":{"rendered":"https:\/\/jumeaux91.fr\/blog\/on-les-entendait-se-hurler-dessus-dans-une-ferme-au-sud-de-rennes-le-huis-clos-entre-freres-jumeaux-tourne-au-meurtre\/"},"modified":"2025-06-15T19:00:00","modified_gmt":"2025-06-15T17:00:00","slug":"on-les-entendait-se-hurler-dessus-dans-une-ferme-au-sud-de-rennes-le-huis-clos-entre-freres-jumeaux-tourne-au-meurtre","status":"publish","type":"post","link":"https:\/\/jumeaux91.fr\/blog\/on-les-entendait-se-hurler-dessus-dans-une-ferme-au-sud-de-rennes-le-huis-clos-entre-freres-jumeaux-tourne-au-meurtre\/","title":{"rendered":"\u00ab On les entendait se hurler dessus \u00bb : dans une ferme au sud de Rennes, le huis clos entre fr\u00e8res jumeaux tourne au meurtre"},"content":{"rendered":"<div><img decoding=\"async\" src=\"https:\/\/jumeaux91.fr\/blog\/wp-content\/uploads\/2025\/06\/on-les-entendait-se-hurler-dessus-dans-une-ferme-au-sud-de-rennes-le-huis-clos-entre-freres-jumeaux-tourne-au-meurtre.jpg\" class=\"ff-og-image-inserted\"><\/div>\n<div>\n<p>\u00ab Notre maison est situ\u00e9e \u00e0 environ 150 m de chez eux, explique une septuag\u00e9naire. Mais malgr\u00e9 la distance, on les entendait se hurler dessus. Il y avait des p\u00e9riodes plus calmes et les disputes repartaient de plus belle. \u00c7a durait depuis des ann\u00e9es. \u00bb<\/p>\n<\/div>\n<div aria-hidden=\"true\">\n<p>Au Tertre de la Motte, dans la campagne d\u2019Erc\u00e9-en-Lam\u00e9e (35), \u00e0 50 km au sud de Rennes, le drame qui s\u2019est jou\u00e9 dans la nuit de mardi 10 \u00e0 mercredi 11 juin ne surprend pas les voisins.<\/p>\n<p>Ce jour-l\u00e0, apr\u00e8s une nouvelle dispute sur fond d\u2019alcool, Christophe Pouessel, 36 ans, a \u00e9t\u00e9 tu\u00e9. Vendredi 13 juin, son jumeau, St\u00e9phane, a \u00e9t\u00e9 mis en examen pour meurtre aggrav\u00e9 par personne en \u00e9tat d\u2019ivresse et plac\u00e9 en d\u00e9tention provisoire.<\/p>\n<\/div>\n<div aria-hidden=\"true\">\n<p>D\u2019apr\u00e8s des voisins qui vivent pr\u00e8s de la famille Pouessel depuis des ann\u00e9es, l\u2019entente entre les fr\u00e8res s\u2019\u00e9tait d\u00e9t\u00e9rior\u00e9e au gr\u00e9 des d\u00e9cisions qu\u2019ils devaient prendre ensemble pour g\u00e9rer la ferme familiale o\u00f9 ils travaillaient tous les deux. Une exploitation de taille moyenne d\u2019une centaine d\u2019hectares et un peu plus de 80 vaches laiti\u00e8res. \u00ab Les jumeaux s\u2019\u00e9taient partag\u00e9 les champs mais ils devaient faire fonctionner ensemble le Gaec. Cela cr\u00e9ait des disputes. Ils \u00e9taient tous les deux cog\u00e9rants. Par contre, ce sont des bosseurs. Leurs champs sont bien cultiv\u00e9s. Et leur b\u00e9tail bien soign\u00e9\u2026\u00bb \ufeff<\/p>\n<h2>Feutres et vieilles bouteilles<\/h2>\n<\/div>\n<div aria-hidden=\"true\">\n<p>Sur l\u2019exploitation, un mobile-home blanc pos\u00e9 en face des stabulations semble faire office de bureau. Sur la table, on aper\u00e7oit de nombreuses bouteilles de vin mousseux ou de champagne, des vieilles factures et un gros paquet de feutres dont les couleurs tranchent dans l\u2019environnement gris\u00e2tre. De m\u00eame, en face du vieux corps de ferme qui tombe en ruine, une belle structure de jeux en bois pour enfant avec prise d\u2019escalade, toboggan couvert, balan\u00e7oire et cabane perch\u00e9e. Christophe, la victime, \u00e9tait en effet p\u00e8re et venait r\u00e9cemment de se s\u00e9parer de la m\u00e8re, \u00ab ce qui n\u2019avait pas arrang\u00e9 son moral \u00bb, souffle une voisine.<\/p>\n<p>Le huis clos ne s\u2019arr\u00eatait pas \u00e0 leur travail. Les fr\u00e8res jumeaux \u00e9taient tous les deux rest\u00e9s vivre sur place. Christophe habitait la maison n\u00e9obretonne du haut de la parcelle. St\u00e9phane vivait dans le vieux corps de ferme. \u00ab Que vont devenir les parents des jumeaux ?, s\u2019inqui\u00e8te une voisine. L\u2019un est en prison, l\u2019autre d\u00e9c\u00e9d\u00e9\u2026 La ferme risque d\u2019\u00eatre vendue\u2026 Une vie de labeur et il ne reste, pour ainsi dire, rien. \u00bb<\/p>\n<h2>Le souvenir de l\u2019affaire Magali Blandin<\/h2>\n<p>Dans cette commune de 1 500 habitants, o\u00f9 la famille Pouessel exploite des terres depuis des g\u00e9n\u00e9rations, ce meurtre r\u00e9veille de mauvais souvenirs. En f\u00e9vrier 2021, les habitants des environs avaient d\u00e9j\u00e0 v\u00e9cu de pr\u00e8s le meurtre de Magali Blandin. Cette m\u00e8re de quatre enfants avait \u00e9t\u00e9 assassin\u00e9e \u00e0 Montauban-de-Bretagne (35) par son mari avec la complicit\u00e9 du p\u00e8re et de la m\u00e8re de ce dernier, anciens agriculteurs. Tous trois s\u2019\u00e9taient ensuite suicid\u00e9s.<\/p>\n<p>Magali Blandin, dont la famille habite les environs, avait \u00e9t\u00e9 inhum\u00e9e \u00e0 Erc\u00e9-en-Lam\u00e9e, commune touch\u00e9e par cette nouvelle d\u00e9flagration, quatre ans apr\u00e8s.<\/p>\n<\/div>\n<p>La chronique se veut g\u00e9n\u00e9r\u00e9e de la fa\u00e7on la plus claire que possible. Dans le cas o\u00f9 vous souhaitez pr\u00e9senter des renseignements compl\u00e9mentaires \u00e0 cet article sur le sujet \u00ab\u00a0Fr\u00e8res jumeaux de l&rsquo;Essonnes\u00a0\u00bb il vous est possible d\u2019\u00e9crire aux contacts indiqu\u00e9s sur notre website. La raison d\u2019\u00eatre de jumeaux91.fr \u00e9tant de rassembler sur le web des posts sur le sujet de Fr\u00e8res jumeaux de l&rsquo;Essonnes puis les diffuser en r\u00e9pondant au mieux aux interrogations des gens. Vous pouvez tirer profit de cet article traitant le sujet \u00ab\u00a0Fr\u00e8res jumeaux de l&rsquo;Essonnes\u00a0\u00bb. Il est concoct\u00e9 par l\u2019\u00e9quipe jumeaux91.fr. Prochainement, nous rendrons accessibles au public d&rsquo;autres informations pertinentes sur le sujet \u00ab\u00a0Fr\u00e8res jumeaux de l&rsquo;Essonnes\u00a0\u00bb. Alors, consultez syst\u00e9matiquement notre blog.<\/p>\n","protected":false},"excerpt":{"rendered":"<p>\u00ab Notre maison est situ\u00e9e \u00e0 environ 150 m de chez eux, explique une septuag\u00e9naire. Mais malgr\u00e9 la distance, on les entendait se hurler dessus. Il y avait des p\u00e9riodes plus calmes et les disputes repartaient de plus belle. \u00c7a durait depuis des ann\u00e9es. \u00bb Au Tertre de la Motte, dans la campagne d\u2019Erc\u00e9-en-Lam\u00e9e (35),&hellip; <a class=\"more-link\" href=\"https:\/\/jumeaux91.fr\/blog\/on-les-entendait-se-hurler-dessus-dans-une-ferme-au-sud-de-rennes-le-huis-clos-entre-freres-jumeaux-tourne-au-meurtre\/\">Poursuivre la lecture <span class=\"screen-reader-text\">\u00ab On les entendait se hurler dessus \u00bb : dans une ferme au sud de Rennes, le huis clos entre fr\u00e8res jumeaux tourne au meurtre<\/span><\/a><\/p>\n","protected":false},"author":2,"featured_media":1347,"comment_status":"closed","ping_status":"closed","sticky":false,"template":"","format":"standard","meta":{"footnotes":""},"categories":[4],"tags":[],"class_list":["post-1346","post","type-post","status-publish","format-standard","has-post-thumbnail","hentry","category-posts-freres-jumeaux-de-lessonnes","entry"],"yoast_head":"<!-- This site is optimized with the Yoast SEO plugin v27.5 - https:\/\/yoast.com\/product\/yoast-seo-wordpress\/ -->\n<title>\u00ab On les entendait se hurler dessus \u00bb : dans une ferme au sud de Rennes, le huis clos entre fr\u00e8res jumeaux tourne au meurtre - JUMEAUX91<\/title>\n<meta name=\"robots\" content=\"index, follow, max-snippet:-1, max-image-preview:large, max-video-preview:-1\" \/>\n<link rel=\"canonical\" href=\"https:\/\/jumeaux91.fr\/blog\/on-les-entendait-se-hurler-dessus-dans-une-ferme-au-sud-de-rennes-le-huis-clos-entre-freres-jumeaux-tourne-au-meurtre\/\" \/>\n<meta property=\"og:locale\" content=\"fr_FR\" \/>\n<meta property=\"og:type\" content=\"article\" \/>\n<meta property=\"og:title\" content=\"\u00ab On les entendait se hurler dessus \u00bb : dans une ferme au sud de Rennes, le huis clos entre fr\u00e8res jumeaux tourne au meurtre - JUMEAUX91\" \/>\n<meta property=\"og:description\" content=\"\u00ab Notre maison est situ\u00e9e \u00e0 environ 150 m de chez eux, explique une septuag\u00e9naire. Mais malgr\u00e9 la distance, on les entendait se hurler dessus. Il y avait des p\u00e9riodes plus calmes et les disputes repartaient de plus belle. \u00c7a durait depuis des ann\u00e9es. \u00bb Au Tertre de la Motte, dans la campagne d\u2019Erc\u00e9-en-Lam\u00e9e (35),&hellip; Poursuivre la lecture \u00ab On les entendait se hurler dessus \u00bb : dans une ferme au sud de Rennes, le huis clos entre fr\u00e8res jumeaux tourne au meurtre\" \/>\n<meta property=\"og:url\" content=\"https:\/\/jumeaux91.fr\/blog\/on-les-entendait-se-hurler-dessus-dans-une-ferme-au-sud-de-rennes-le-huis-clos-entre-freres-jumeaux-tourne-au-meurtre\/\" \/>\n<meta property=\"og:site_name\" content=\"JUMEAUX91\" \/>\n<meta property=\"article:published_time\" content=\"2025-06-15T17:00:00+00:00\" \/>\n<meta property=\"og:image\" content=\"https:\/\/jumeaux91.fr\/blog\/wp-content\/uploads\/2025\/06\/on-les-entendait-se-hurler-dessus-dans-une-ferme-au-sud-de-rennes-le-huis-clos-entre-freres-jumeaux-tourne-au-meurtre.jpg\" \/>\n<meta name=\"author\" content=\"Claude DAYRES\" \/>\n<meta name=\"twitter:card\" content=\"summary_large_image\" \/>\n<meta name=\"twitter:label1\" content=\"\u00c9crit par\" \/>\n\t<meta name=\"twitter:data1\" content=\"Claude DAYRES\" \/>\n\t<meta name=\"twitter:label2\" content=\"Dur\u00e9e de lecture estim\u00e9e\" \/>\n\t<meta name=\"twitter:data2\" content=\"3 minutes\" \/>\n<script type=\"application\/ld+json\" class=\"yoast-schema-graph\">{\"@context\":\"https:\\\/\\\/schema.org\",\"@graph\":[{\"@type\":\"Article\",\"@id\":\"https:\\\/\\\/jumeaux91.fr\\\/blog\\\/on-les-entendait-se-hurler-dessus-dans-une-ferme-au-sud-de-rennes-le-huis-clos-entre-freres-jumeaux-tourne-au-meurtre\\\/#article\",\"isPartOf\":{\"@id\":\"https:\\\/\\\/jumeaux91.fr\\\/blog\\\/on-les-entendait-se-hurler-dessus-dans-une-ferme-au-sud-de-rennes-le-huis-clos-entre-freres-jumeaux-tourne-au-meurtre\\\/\"},\"author\":{\"name\":\"Claude DAYRES\",\"@id\":\"https:\\\/\\\/jumeaux91.fr\\\/blog\\\/#\\\/schema\\\/person\\\/21da06e9f119b9f64e5d45dbbd32d3fb\"},\"headline\":\"\u00ab On les entendait se hurler dessus \u00bb : dans une ferme au sud de Rennes, le huis clos entre fr\u00e8res jumeaux tourne au meurtre\",\"datePublished\":\"2025-06-15T17:00:00+00:00\",\"mainEntityOfPage\":{\"@id\":\"https:\\\/\\\/jumeaux91.fr\\\/blog\\\/on-les-entendait-se-hurler-dessus-dans-une-ferme-au-sud-de-rennes-le-huis-clos-entre-freres-jumeaux-tourne-au-meurtre\\\/\"},\"wordCount\":716,\"publisher\":{\"@id\":\"https:\\\/\\\/jumeaux91.fr\\\/blog\\\/#organization\"},\"image\":{\"@id\":\"https:\\\/\\\/jumeaux91.fr\\\/blog\\\/on-les-entendait-se-hurler-dessus-dans-une-ferme-au-sud-de-rennes-le-huis-clos-entre-freres-jumeaux-tourne-au-meurtre\\\/#primaryimage\"},\"thumbnailUrl\":\"https:\\\/\\\/jumeaux91.fr\\\/blog\\\/wp-content\\\/uploads\\\/2025\\\/06\\\/on-les-entendait-se-hurler-dessus-dans-une-ferme-au-sud-de-rennes-le-huis-clos-entre-freres-jumeaux-tourne-au-meurtre.jpg\",\"articleSection\":[\"Posts Fr\u00e8res Jumeaux De L'Essonnes:\"],\"inLanguage\":\"fr-FR\"},{\"@type\":\"WebPage\",\"@id\":\"https:\\\/\\\/jumeaux91.fr\\\/blog\\\/on-les-entendait-se-hurler-dessus-dans-une-ferme-au-sud-de-rennes-le-huis-clos-entre-freres-jumeaux-tourne-au-meurtre\\\/\",\"url\":\"https:\\\/\\\/jumeaux91.fr\\\/blog\\\/on-les-entendait-se-hurler-dessus-dans-une-ferme-au-sud-de-rennes-le-huis-clos-entre-freres-jumeaux-tourne-au-meurtre\\\/\",\"name\":\"\u00ab On les entendait se hurler dessus \u00bb : dans une ferme au sud de Rennes, le huis clos entre fr\u00e8res jumeaux tourne au meurtre - JUMEAUX91\",\"isPartOf\":{\"@id\":\"https:\\\/\\\/jumeaux91.fr\\\/blog\\\/#website\"},\"primaryImageOfPage\":{\"@id\":\"https:\\\/\\\/jumeaux91.fr\\\/blog\\\/on-les-entendait-se-hurler-dessus-dans-une-ferme-au-sud-de-rennes-le-huis-clos-entre-freres-jumeaux-tourne-au-meurtre\\\/#primaryimage\"},\"image\":{\"@id\":\"https:\\\/\\\/jumeaux91.fr\\\/blog\\\/on-les-entendait-se-hurler-dessus-dans-une-ferme-au-sud-de-rennes-le-huis-clos-entre-freres-jumeaux-tourne-au-meurtre\\\/#primaryimage\"},\"thumbnailUrl\":\"https:\\\/\\\/jumeaux91.fr\\\/blog\\\/wp-content\\\/uploads\\\/2025\\\/06\\\/on-les-entendait-se-hurler-dessus-dans-une-ferme-au-sud-de-rennes-le-huis-clos-entre-freres-jumeaux-tourne-au-meurtre.jpg\",\"datePublished\":\"2025-06-15T17:00:00+00:00\",\"breadcrumb\":{\"@id\":\"https:\\\/\\\/jumeaux91.fr\\\/blog\\\/on-les-entendait-se-hurler-dessus-dans-une-ferme-au-sud-de-rennes-le-huis-clos-entre-freres-jumeaux-tourne-au-meurtre\\\/#breadcrumb\"},\"inLanguage\":\"fr-FR\",\"potentialAction\":[{\"@type\":\"ReadAction\",\"target\":[\"https:\\\/\\\/jumeaux91.fr\\\/blog\\\/on-les-entendait-se-hurler-dessus-dans-une-ferme-au-sud-de-rennes-le-huis-clos-entre-freres-jumeaux-tourne-au-meurtre\\\/\"]}]},{\"@type\":\"ImageObject\",\"inLanguage\":\"fr-FR\",\"@id\":\"https:\\\/\\\/jumeaux91.fr\\\/blog\\\/on-les-entendait-se-hurler-dessus-dans-une-ferme-au-sud-de-rennes-le-huis-clos-entre-freres-jumeaux-tourne-au-meurtre\\\/#primaryimage\",\"url\":\"https:\\\/\\\/jumeaux91.fr\\\/blog\\\/wp-content\\\/uploads\\\/2025\\\/06\\\/on-les-entendait-se-hurler-dessus-dans-une-ferme-au-sud-de-rennes-le-huis-clos-entre-freres-jumeaux-tourne-au-meurtre.jpg\",\"contentUrl\":\"https:\\\/\\\/jumeaux91.fr\\\/blog\\\/wp-content\\\/uploads\\\/2025\\\/06\\\/on-les-entendait-se-hurler-dessus-dans-une-ferme-au-sud-de-rennes-le-huis-clos-entre-freres-jumeaux-tourne-au-meurtre.jpg\",\"width\":1200,\"height\":750,\"caption\":\"\u00ab On les entendait se hurler dessus \u00bb : dans une ferme au sud de Rennes, le huis clos entre fr\u00e8res jumeaux tourne au meurtre\"},{\"@type\":\"BreadcrumbList\",\"@id\":\"https:\\\/\\\/jumeaux91.fr\\\/blog\\\/on-les-entendait-se-hurler-dessus-dans-une-ferme-au-sud-de-rennes-le-huis-clos-entre-freres-jumeaux-tourne-au-meurtre\\\/#breadcrumb\",\"itemListElement\":[{\"@type\":\"ListItem\",\"position\":1,\"name\":\"Accueil\",\"item\":\"https:\\\/\\\/jumeaux91.fr\\\/blog\\\/\"},{\"@type\":\"ListItem\",\"position\":2,\"name\":\"\u00ab On les entendait se hurler dessus \u00bb : dans une ferme au sud de Rennes, le huis clos entre fr\u00e8res jumeaux tourne au meurtre\"}]},{\"@type\":\"WebSite\",\"@id\":\"https:\\\/\\\/jumeaux91.fr\\\/blog\\\/#website\",\"url\":\"https:\\\/\\\/jumeaux91.fr\\\/blog\\\/\",\"name\":\"JUMEAUX91\",\"description\":\"Fr\u00e8res jumeaux de l&#039;Essonnes; informations et archives, \u00e0 savoir et retenir.\",\"publisher\":{\"@id\":\"https:\\\/\\\/jumeaux91.fr\\\/blog\\\/#organization\"},\"potentialAction\":[{\"@type\":\"SearchAction\",\"target\":{\"@type\":\"EntryPoint\",\"urlTemplate\":\"https:\\\/\\\/jumeaux91.fr\\\/blog\\\/?s={search_term_string}\"},\"query-input\":{\"@type\":\"PropertyValueSpecification\",\"valueRequired\":true,\"valueName\":\"search_term_string\"}}],\"inLanguage\":\"fr-FR\"},{\"@type\":\"Organization\",\"@id\":\"https:\\\/\\\/jumeaux91.fr\\\/blog\\\/#organization\",\"name\":\"jumeaux91\",\"url\":\"https:\\\/\\\/jumeaux91.fr\\\/blog\\\/\",\"logo\":{\"@type\":\"ImageObject\",\"inLanguage\":\"fr-FR\",\"@id\":\"https:\\\/\\\/jumeaux91.fr\\\/blog\\\/#\\\/schema\\\/logo\\\/image\\\/\",\"url\":\"https:\\\/\\\/jumeaux91.fr\\\/blog\\\/wp-content\\\/uploads\\\/2023\\\/05\\\/cropped-cropped-logoJ_91.png\",\"contentUrl\":\"https:\\\/\\\/jumeaux91.fr\\\/blog\\\/wp-content\\\/uploads\\\/2023\\\/05\\\/cropped-cropped-logoJ_91.png\",\"width\":512,\"height\":512,\"caption\":\"jumeaux91\"},\"image\":{\"@id\":\"https:\\\/\\\/jumeaux91.fr\\\/blog\\\/#\\\/schema\\\/logo\\\/image\\\/\"}},{\"@type\":\"Person\",\"@id\":\"https:\\\/\\\/jumeaux91.fr\\\/blog\\\/#\\\/schema\\\/person\\\/21da06e9f119b9f64e5d45dbbd32d3fb\",\"name\":\"Claude DAYRES\",\"image\":{\"@type\":\"ImageObject\",\"inLanguage\":\"fr-FR\",\"@id\":\"https:\\\/\\\/secure.gravatar.com\\\/avatar\\\/82eb951df6110a2c48d1bfa7a67d1ee6f0cd5df3cbf9c3586dd61e82db7172a5?s=96&d=mm&r=g\",\"url\":\"https:\\\/\\\/secure.gravatar.com\\\/avatar\\\/82eb951df6110a2c48d1bfa7a67d1ee6f0cd5df3cbf9c3586dd61e82db7172a5?s=96&d=mm&r=g\",\"contentUrl\":\"https:\\\/\\\/secure.gravatar.com\\\/avatar\\\/82eb951df6110a2c48d1bfa7a67d1ee6f0cd5df3cbf9c3586dd61e82db7172a5?s=96&d=mm&r=g\",\"caption\":\"Claude DAYRES\"},\"url\":\"https:\\\/\\\/jumeaux91.fr\\\/blog\\\/author\\\/x91claude\\\/\"}]}<\/script>\n<!-- \/ Yoast SEO plugin. -->","yoast_head_json":{"title":"\u00ab On les entendait se hurler dessus \u00bb : dans une ferme au sud de Rennes, le huis clos entre fr\u00e8res jumeaux tourne au meurtre - JUMEAUX91","robots":{"index":"index","follow":"follow","max-snippet":"max-snippet:-1","max-image-preview":"max-image-preview:large","max-video-preview":"max-video-preview:-1"},"canonical":"https:\/\/jumeaux91.fr\/blog\/on-les-entendait-se-hurler-dessus-dans-une-ferme-au-sud-de-rennes-le-huis-clos-entre-freres-jumeaux-tourne-au-meurtre\/","og_locale":"fr_FR","og_type":"article","og_title":"\u00ab On les entendait se hurler dessus \u00bb : dans une ferme au sud de Rennes, le huis clos entre fr\u00e8res jumeaux tourne au meurtre - JUMEAUX91","og_description":"\u00ab Notre maison est situ\u00e9e \u00e0 environ 150 m de chez eux, explique une septuag\u00e9naire. Mais malgr\u00e9 la distance, on les entendait se hurler dessus. Il y avait des p\u00e9riodes plus calmes et les disputes repartaient de plus belle. \u00c7a durait depuis des ann\u00e9es. \u00bb Au Tertre de la Motte, dans la campagne d\u2019Erc\u00e9-en-Lam\u00e9e (35),&hellip; Poursuivre la lecture \u00ab On les entendait se hurler dessus \u00bb : dans une ferme au sud de Rennes, le huis clos entre fr\u00e8res jumeaux tourne au meurtre","og_url":"https:\/\/jumeaux91.fr\/blog\/on-les-entendait-se-hurler-dessus-dans-une-ferme-au-sud-de-rennes-le-huis-clos-entre-freres-jumeaux-tourne-au-meurtre\/","og_site_name":"JUMEAUX91","article_published_time":"2025-06-15T17:00:00+00:00","og_image":[{"url":"https:\/\/jumeaux91.fr\/blog\/wp-content\/uploads\/2025\/06\/on-les-entendait-se-hurler-dessus-dans-une-ferme-au-sud-de-rennes-le-huis-clos-entre-freres-jumeaux-tourne-au-meurtre.jpg","type":"","width":"","height":""}],"author":"Claude DAYRES","twitter_card":"summary_large_image","twitter_misc":{"\u00c9crit par":"Claude DAYRES","Dur\u00e9e de lecture estim\u00e9e":"3 minutes"},"schema":{"@context":"https:\/\/schema.org","@graph":[{"@type":"Article","@id":"https:\/\/jumeaux91.fr\/blog\/on-les-entendait-se-hurler-dessus-dans-une-ferme-au-sud-de-rennes-le-huis-clos-entre-freres-jumeaux-tourne-au-meurtre\/#article","isPartOf":{"@id":"https:\/\/jumeaux91.fr\/blog\/on-les-entendait-se-hurler-dessus-dans-une-ferme-au-sud-de-rennes-le-huis-clos-entre-freres-jumeaux-tourne-au-meurtre\/"},"author":{"name":"Claude DAYRES","@id":"https:\/\/jumeaux91.fr\/blog\/#\/schema\/person\/21da06e9f119b9f64e5d45dbbd32d3fb"},"headline":"\u00ab On les entendait se hurler dessus \u00bb : dans une ferme au sud de Rennes, le huis clos entre fr\u00e8res jumeaux tourne au meurtre","datePublished":"2025-06-15T17:00:00+00:00","mainEntityOfPage":{"@id":"https:\/\/jumeaux91.fr\/blog\/on-les-entendait-se-hurler-dessus-dans-une-ferme-au-sud-de-rennes-le-huis-clos-entre-freres-jumeaux-tourne-au-meurtre\/"},"wordCount":716,"publisher":{"@id":"https:\/\/jumeaux91.fr\/blog\/#organization"},"image":{"@id":"https:\/\/jumeaux91.fr\/blog\/on-les-entendait-se-hurler-dessus-dans-une-ferme-au-sud-de-rennes-le-huis-clos-entre-freres-jumeaux-tourne-au-meurtre\/#primaryimage"},"thumbnailUrl":"https:\/\/jumeaux91.fr\/blog\/wp-content\/uploads\/2025\/06\/on-les-entendait-se-hurler-dessus-dans-une-ferme-au-sud-de-rennes-le-huis-clos-entre-freres-jumeaux-tourne-au-meurtre.jpg","articleSection":["Posts Fr\u00e8res Jumeaux De L'Essonnes:"],"inLanguage":"fr-FR"},{"@type":"WebPage","@id":"https:\/\/jumeaux91.fr\/blog\/on-les-entendait-se-hurler-dessus-dans-une-ferme-au-sud-de-rennes-le-huis-clos-entre-freres-jumeaux-tourne-au-meurtre\/","url":"https:\/\/jumeaux91.fr\/blog\/on-les-entendait-se-hurler-dessus-dans-une-ferme-au-sud-de-rennes-le-huis-clos-entre-freres-jumeaux-tourne-au-meurtre\/","name":"\u00ab On les entendait se hurler dessus \u00bb : dans une ferme au sud de Rennes, le huis clos entre fr\u00e8res jumeaux tourne au meurtre - JUMEAUX91","isPartOf":{"@id":"https:\/\/jumeaux91.fr\/blog\/#website"},"primaryImageOfPage":{"@id":"https:\/\/jumeaux91.fr\/blog\/on-les-entendait-se-hurler-dessus-dans-une-ferme-au-sud-de-rennes-le-huis-clos-entre-freres-jumeaux-tourne-au-meurtre\/#primaryimage"},"image":{"@id":"https:\/\/jumeaux91.fr\/blog\/on-les-entendait-se-hurler-dessus-dans-une-ferme-au-sud-de-rennes-le-huis-clos-entre-freres-jumeaux-tourne-au-meurtre\/#primaryimage"},"thumbnailUrl":"https:\/\/jumeaux91.fr\/blog\/wp-content\/uploads\/2025\/06\/on-les-entendait-se-hurler-dessus-dans-une-ferme-au-sud-de-rennes-le-huis-clos-entre-freres-jumeaux-tourne-au-meurtre.jpg","datePublished":"2025-06-15T17:00:00+00:00","breadcrumb":{"@id":"https:\/\/jumeaux91.fr\/blog\/on-les-entendait-se-hurler-dessus-dans-une-ferme-au-sud-de-rennes-le-huis-clos-entre-freres-jumeaux-tourne-au-meurtre\/#breadcrumb"},"inLanguage":"fr-FR","potentialAction":[{"@type":"ReadAction","target":["https:\/\/jumeaux91.fr\/blog\/on-les-entendait-se-hurler-dessus-dans-une-ferme-au-sud-de-rennes-le-huis-clos-entre-freres-jumeaux-tourne-au-meurtre\/"]}]},{"@type":"ImageObject","inLanguage":"fr-FR","@id":"https:\/\/jumeaux91.fr\/blog\/on-les-entendait-se-hurler-dessus-dans-une-ferme-au-sud-de-rennes-le-huis-clos-entre-freres-jumeaux-tourne-au-meurtre\/#primaryimage","url":"https:\/\/jumeaux91.fr\/blog\/wp-content\/uploads\/2025\/06\/on-les-entendait-se-hurler-dessus-dans-une-ferme-au-sud-de-rennes-le-huis-clos-entre-freres-jumeaux-tourne-au-meurtre.jpg","contentUrl":"https:\/\/jumeaux91.fr\/blog\/wp-content\/uploads\/2025\/06\/on-les-entendait-se-hurler-dessus-dans-une-ferme-au-sud-de-rennes-le-huis-clos-entre-freres-jumeaux-tourne-au-meurtre.jpg","width":1200,"height":750,"caption":"\u00ab On les entendait se hurler dessus \u00bb : dans une ferme au sud de Rennes, le huis clos entre fr\u00e8res jumeaux tourne au meurtre"},{"@type":"BreadcrumbList","@id":"https:\/\/jumeaux91.fr\/blog\/on-les-entendait-se-hurler-dessus-dans-une-ferme-au-sud-de-rennes-le-huis-clos-entre-freres-jumeaux-tourne-au-meurtre\/#breadcrumb","itemListElement":[{"@type":"ListItem","position":1,"name":"Accueil","item":"https:\/\/jumeaux91.fr\/blog\/"},{"@type":"ListItem","position":2,"name":"\u00ab On les entendait se hurler dessus \u00bb : dans une ferme au sud de Rennes, le huis clos entre fr\u00e8res jumeaux tourne au meurtre"}]},{"@type":"WebSite","@id":"https:\/\/jumeaux91.fr\/blog\/#website","url":"https:\/\/jumeaux91.fr\/blog\/","name":"JUMEAUX91","description":"Fr\u00e8res jumeaux de l&#039;Essonnes; informations et archives, \u00e0 savoir et retenir.","publisher":{"@id":"https:\/\/jumeaux91.fr\/blog\/#organization"},"potentialAction":[{"@type":"SearchAction","target":{"@type":"EntryPoint","urlTemplate":"https:\/\/jumeaux91.fr\/blog\/?s={search_term_string}"},"query-input":{"@type":"PropertyValueSpecification","valueRequired":true,"valueName":"search_term_string"}}],"inLanguage":"fr-FR"},{"@type":"Organization","@id":"https:\/\/jumeaux91.fr\/blog\/#organization","name":"jumeaux91","url":"https:\/\/jumeaux91.fr\/blog\/","logo":{"@type":"ImageObject","inLanguage":"fr-FR","@id":"https:\/\/jumeaux91.fr\/blog\/#\/schema\/logo\/image\/","url":"https:\/\/jumeaux91.fr\/blog\/wp-content\/uploads\/2023\/05\/cropped-cropped-logoJ_91.png","contentUrl":"https:\/\/jumeaux91.fr\/blog\/wp-content\/uploads\/2023\/05\/cropped-cropped-logoJ_91.png","width":512,"height":512,"caption":"jumeaux91"},"image":{"@id":"https:\/\/jumeaux91.fr\/blog\/#\/schema\/logo\/image\/"}},{"@type":"Person","@id":"https:\/\/jumeaux91.fr\/blog\/#\/schema\/person\/21da06e9f119b9f64e5d45dbbd32d3fb","name":"Claude DAYRES","image":{"@type":"ImageObject","inLanguage":"fr-FR","@id":"https:\/\/secure.gravatar.com\/avatar\/82eb951df6110a2c48d1bfa7a67d1ee6f0cd5df3cbf9c3586dd61e82db7172a5?s=96&d=mm&r=g","url":"https:\/\/secure.gravatar.com\/avatar\/82eb951df6110a2c48d1bfa7a67d1ee6f0cd5df3cbf9c3586dd61e82db7172a5?s=96&d=mm&r=g","contentUrl":"https:\/\/secure.gravatar.com\/avatar\/82eb951df6110a2c48d1bfa7a67d1ee6f0cd5df3cbf9c3586dd61e82db7172a5?s=96&d=mm&r=g","caption":"Claude DAYRES"},"url":"https:\/\/jumeaux91.fr\/blog\/author\/x91claude\/"}]}},"_links":{"self":[{"href":"https:\/\/jumeaux91.fr\/blog\/wp-json\/wp\/v2\/posts\/1346","targetHints":{"allow":["GET"]}}],"collection":[{"href":"https:\/\/jumeaux91.fr\/blog\/wp-json\/wp\/v2\/posts"}],"about":[{"href":"https:\/\/jumeaux91.fr\/blog\/wp-json\/wp\/v2\/types\/post"}],"author":[{"embeddable":true,"href":"https:\/\/jumeaux91.fr\/blog\/wp-json\/wp\/v2\/users\/2"}],"replies":[{"embeddable":true,"href":"https:\/\/jumeaux91.fr\/blog\/wp-json\/wp\/v2\/comments?post=1346"}],"version-history":[{"count":0,"href":"https:\/\/jumeaux91.fr\/blog\/wp-json\/wp\/v2\/posts\/1346\/revisions"}],"wp:featuredmedia":[{"embeddable":true,"href":"https:\/\/jumeaux91.fr\/blog\/wp-json\/wp\/v2\/media\/1347"}],"wp:attachment":[{"href":"https:\/\/jumeaux91.fr\/blog\/wp-json\/wp\/v2\/media?parent=1346"}],"wp:term":[{"taxonomy":"category","embeddable":true,"href":"https:\/\/jumeaux91.fr\/blog\/wp-json\/wp\/v2\/categories?post=1346"},{"taxonomy":"post_tag","embeddable":true,"href":"https:\/\/jumeaux91.fr\/blog\/wp-json\/wp\/v2\/tags?post=1346"}],"curies":[{"name":"wp","href":"https:\/\/api.w.org\/{rel}","templated":true}]}}