{"id":1350,"date":"2025-06-16T07:16:00","date_gmt":"2025-06-16T05:16:00","guid":{"rendered":"https:\/\/jumeaux91.fr\/blog\/se-tuer-entre-freres-cest-terrible-un-agriculteur-de-36-ans-suspecte-davoir-tue-son-jumeau-interpelle-une-enquete-pour-meurtre-ouverte\/"},"modified":"2025-06-16T07:16:00","modified_gmt":"2025-06-16T05:16:00","slug":"se-tuer-entre-freres-cest-terrible-un-agriculteur-de-36-ans-suspecte-davoir-tue-son-jumeau-interpelle-une-enquete-pour-meurtre-ouverte","status":"publish","type":"post","link":"https:\/\/jumeaux91.fr\/blog\/se-tuer-entre-freres-cest-terrible-un-agriculteur-de-36-ans-suspecte-davoir-tue-son-jumeau-interpelle-une-enquete-pour-meurtre-ouverte\/","title":{"rendered":"\u00ab\u00a0Se tuer entre fr\u00e8res c\u2019est terrible\u00a0\u00bb : un agriculteur de 36 ans suspect\u00e9 d\u2019avoir tu\u00e9 son jumeau interpell\u00e9, une enqu\u00eate pour \u00ab\u00a0meurtre\u00a0\u00bb ouverte"},"content":{"rendered":"<div><img decoding=\"async\" src=\"https:\/\/jumeaux91.fr\/blog\/wp-content\/uploads\/2025\/06\/se-tuer-entre-freres-cest-terrible-un-agriculteur-de-36-ans-suspecte-davoir-tue-son-jumeau-interpelle-une-enquete-pour-meurtre-ouverte.jpg\" class=\"ff-og-image-inserted\"><\/div>\n<p> <span class=\"article-full__chapo-label hide-on-small-only\">l&rsquo;essentiel<\/span> Le corps d\u2019un homme de 36 ans a \u00e9t\u00e9 retrouv\u00e9 sans vie \u00e0 son domicile, sur la commune d\u2019Erc\u00e9e-en-Lam\u00e9e (Ille-et-Vilaine). Le fr\u00e8re jumeau de la victime a \u00e9t\u00e9 interpell\u00e9 et plac\u00e9 en garde \u00e0 vue. Celui-ci a finalement \u00e9t\u00e9 plac\u00e9 en d\u00e9tention provisoire. <\/p>\n<div> <!-- Pub DFP Position [outstream] --> <\/p>\n<p>\u00ab\u00a0C\u2019est tr\u00e8s difficile de se dire qu\u2019un tel \u00e9pisode de violence peut se produire si pr\u00e8s de chez nous\u00a0\u00bb. Paroles d\u2019Isabelle Bertin, maire d\u2019Erc\u00e9-en-Lam\u00e9e (Ille-et-Vilaine). Dans cette commune de 1&nbsp;500 habitants, l\u2019\u00e9moi reste vif apr\u00e8s la mort d\u2019un homme de 36 ans \u00e0 son domicile, mercredi 11&nbsp;juin dernier. Sur place, l\u2019enqu\u00eate s\u2019oriente vers une dispute fatale entre fr\u00e8res jumeaux&nbsp;: le fr\u00e8re de la victime, lui aussi fermier, a \u00e9t\u00e9 interpell\u00e9 sur place, dans le domicile de la victime, lors de la d\u00e9couverte du corps.<\/p>\n<p>Dans les faits, lors de sa d\u00e9couverte, le corps de la victime pr\u00e9sentait \u00ab\u00a0des traces de violence\u00a0\u00bb&nbsp;: \u00ab\u00a0Les investigations ont permis d\u2019\u00e9tablir que le d\u00e9c\u00e8s est cons\u00e9cutif \u00e0 une sc\u00e8ne de violence ayant oppos\u00e9 la victime \u00e0 son fr\u00e8re jumeau, dans un contexte de disputes et violences r\u00e9guli\u00e8res entre les deux fr\u00e8res, sur fond d\u2019alcool\u00a0\u00bb, a indiqu\u00e9&nbsp;le procureur de la R\u00e9publique de Rennes, Fr\u00e9d\u00e9ric Teillet, aupr\u00e8s de nos confr\u00e8res de <a href=\"https:\/\/www.ouest-france.fr\/societe\/faits-divers\/un-agriculteur-suspecte-davoir-tue-son-frere-jumeau-en-bretagne-ca-nous-touche-tous-c16da572-49d2-11f0-b660-c6a4d2b5307d\" target=\"_blank\" rel=\"nofollow\"><em>Ouest-France<\/em><\/a>. Le suspect, St\u00e9phane P., a \u00e9t\u00e9 plac\u00e9 en garde \u00e0 vue puis&nbsp;d\u00e9f\u00e9r\u00e9 au palais de justice par le parquet. Celui-ci a \u00e9t\u00e9 mis en examen&nbsp;pour \u00ab\u00a0meurtre aggrav\u00e9\u00a0\u00bb par personne en \u00e9tat d\u2019ivresse avant d\u2019\u00eatre plac\u00e9 en&nbsp;d\u00e9tention provisoire.<\/p>\n<p><!-- Pub DFP Position [article] --> <\/p>\n<p>Dans la commune&nbsp;d\u2019Erc\u00e9-en-Lam\u00e9e, la situation de ces deux fr\u00e8res \u00e9tait connue&nbsp;: ces derniers vivaient dans une certaine pr\u00e9carit\u00e9. \u00ab\u00a0Se tuer entre fr\u00e8res c\u2019est terrible\u00a0\u00bb, t\u00e9moignait une retrait\u00e9e, choqu\u00e9e, aupr\u00e8s de nos confr\u00e8res. Une enqu\u00eate est en cours, celle-ci a \u00e9t\u00e9 confi\u00e9e&nbsp;\u00e0 la brigade de recherches de Redon.<\/p>\n<\/p><\/div>\n<p>La chronique se veut g\u00e9n\u00e9r\u00e9e de la fa\u00e7on la plus claire que possible. Dans le cas o\u00f9 vous souhaitez pr\u00e9senter des renseignements compl\u00e9mentaires \u00e0 cet article sur le sujet \u00ab\u00a0Fr\u00e8res jumeaux de l&rsquo;Essonnes\u00a0\u00bb il vous est possible d\u2019\u00e9crire aux contacts indiqu\u00e9s sur notre website. La raison d\u2019\u00eatre de jumeaux91.fr \u00e9tant de rassembler sur le web des posts sur le sujet de Fr\u00e8res jumeaux de l&rsquo;Essonnes puis les diffuser en r\u00e9pondant au mieux aux interrogations des gens. Vous pouvez tirer profit de cet article traitant le sujet \u00ab\u00a0Fr\u00e8res jumeaux de l&rsquo;Essonnes\u00a0\u00bb. Il est concoct\u00e9 par l\u2019\u00e9quipe jumeaux91.fr. Prochainement, nous rendrons accessibles au public d&rsquo;autres informations pertinentes sur le sujet \u00ab\u00a0Fr\u00e8res jumeaux de l&rsquo;Essonnes\u00a0\u00bb. Alors, consultez syst\u00e9matiquement notre blog.<\/p>\n","protected":false},"excerpt":{"rendered":"<p>l&rsquo;essentiel Le corps d\u2019un homme de 36 ans a \u00e9t\u00e9 retrouv\u00e9 sans vie \u00e0 son domicile, sur la commune d\u2019Erc\u00e9e-en-Lam\u00e9e (Ille-et-Vilaine). Le fr\u00e8re jumeau de la victime a \u00e9t\u00e9 interpell\u00e9 et plac\u00e9 en garde \u00e0 vue. Celui-ci a finalement \u00e9t\u00e9 plac\u00e9 en d\u00e9tention provisoire. \u00ab\u00a0C\u2019est tr\u00e8s difficile de se dire qu\u2019un tel \u00e9pisode de violence&hellip; <a class=\"more-link\" href=\"https:\/\/jumeaux91.fr\/blog\/se-tuer-entre-freres-cest-terrible-un-agriculteur-de-36-ans-suspecte-davoir-tue-son-jumeau-interpelle-une-enquete-pour-meurtre-ouverte\/\">Poursuivre la lecture <span class=\"screen-reader-text\">\u00ab\u00a0Se tuer entre fr\u00e8res c\u2019est terrible\u00a0\u00bb : un agriculteur de 36 ans suspect\u00e9 d\u2019avoir tu\u00e9 son jumeau interpell\u00e9, une enqu\u00eate pour \u00ab\u00a0meurtre\u00a0\u00bb ouverte<\/span><\/a><\/p>\n","protected":false},"author":2,"featured_media":1351,"comment_status":"closed","ping_status":"closed","sticky":false,"template":"","format":"standard","meta":{"footnotes":""},"categories":[4],"tags":[],"class_list":["post-1350","post","type-post","status-publish","format-standard","has-post-thumbnail","hentry","category-posts-freres-jumeaux-de-lessonnes","entry"],"yoast_head":"<!-- This site is optimized with the Yoast SEO plugin v27.5 - https:\/\/yoast.com\/product\/yoast-seo-wordpress\/ -->\n<title>&quot;Se tuer entre fr\u00e8res c\u2019est terrible&quot; : un agriculteur de 36 ans suspect\u00e9 d\u2019avoir tu\u00e9 son jumeau interpell\u00e9, une enqu\u00eate pour &quot;meurtre&quot; ouverte - JUMEAUX91<\/title>\n<meta name=\"robots\" content=\"index, follow, max-snippet:-1, max-image-preview:large, max-video-preview:-1\" \/>\n<link rel=\"canonical\" href=\"https:\/\/jumeaux91.fr\/blog\/se-tuer-entre-freres-cest-terrible-un-agriculteur-de-36-ans-suspecte-davoir-tue-son-jumeau-interpelle-une-enquete-pour-meurtre-ouverte\/\" \/>\n<meta property=\"og:locale\" content=\"fr_FR\" \/>\n<meta property=\"og:type\" content=\"article\" \/>\n<meta property=\"og:title\" content=\"&quot;Se tuer entre fr\u00e8res c\u2019est terrible&quot; : un agriculteur de 36 ans suspect\u00e9 d\u2019avoir tu\u00e9 son jumeau interpell\u00e9, une enqu\u00eate pour &quot;meurtre&quot; ouverte - JUMEAUX91\" \/>\n<meta property=\"og:description\" content=\"l&rsquo;essentiel Le corps d\u2019un homme de 36 ans a \u00e9t\u00e9 retrouv\u00e9 sans vie \u00e0 son domicile, sur la commune d\u2019Erc\u00e9e-en-Lam\u00e9e (Ille-et-Vilaine). Le fr\u00e8re jumeau de la victime a \u00e9t\u00e9 interpell\u00e9 et plac\u00e9 en garde \u00e0 vue. Celui-ci a finalement \u00e9t\u00e9 plac\u00e9 en d\u00e9tention provisoire. \u00ab\u00a0C\u2019est tr\u00e8s difficile de se dire qu\u2019un tel \u00e9pisode de violence&hellip; Poursuivre la lecture \u00ab\u00a0Se tuer entre fr\u00e8res c\u2019est terrible\u00a0\u00bb : un agriculteur de 36 ans suspect\u00e9 d\u2019avoir tu\u00e9 son jumeau interpell\u00e9, une enqu\u00eate pour \u00ab\u00a0meurtre\u00a0\u00bb ouverte\" \/>\n<meta property=\"og:url\" content=\"https:\/\/jumeaux91.fr\/blog\/se-tuer-entre-freres-cest-terrible-un-agriculteur-de-36-ans-suspecte-davoir-tue-son-jumeau-interpelle-une-enquete-pour-meurtre-ouverte\/\" \/>\n<meta property=\"og:site_name\" content=\"JUMEAUX91\" \/>\n<meta property=\"article:published_time\" content=\"2025-06-16T05:16:00+00:00\" \/>\n<meta property=\"og:image\" content=\"https:\/\/jumeaux91.fr\/blog\/wp-content\/uploads\/2025\/06\/se-tuer-entre-freres-cest-terrible-un-agriculteur-de-36-ans-suspecte-davoir-tue-son-jumeau-interpelle-une-enquete-pour-meurtre-ouverte.jpg\" \/>\n<meta name=\"author\" content=\"Claude DAYRES\" \/>\n<meta name=\"twitter:card\" content=\"summary_large_image\" \/>\n<meta name=\"twitter:label1\" content=\"\u00c9crit par\" \/>\n\t<meta name=\"twitter:data1\" content=\"Claude DAYRES\" \/>\n\t<meta name=\"twitter:label2\" content=\"Dur\u00e9e de lecture estim\u00e9e\" \/>\n\t<meta name=\"twitter:data2\" content=\"2 minutes\" \/>\n<script type=\"application\/ld+json\" class=\"yoast-schema-graph\">{\"@context\":\"https:\\\/\\\/schema.org\",\"@graph\":[{\"@type\":\"Article\",\"@id\":\"https:\\\/\\\/jumeaux91.fr\\\/blog\\\/se-tuer-entre-freres-cest-terrible-un-agriculteur-de-36-ans-suspecte-davoir-tue-son-jumeau-interpelle-une-enquete-pour-meurtre-ouverte\\\/#article\",\"isPartOf\":{\"@id\":\"https:\\\/\\\/jumeaux91.fr\\\/blog\\\/se-tuer-entre-freres-cest-terrible-un-agriculteur-de-36-ans-suspecte-davoir-tue-son-jumeau-interpelle-une-enquete-pour-meurtre-ouverte\\\/\"},\"author\":{\"name\":\"Claude DAYRES\",\"@id\":\"https:\\\/\\\/jumeaux91.fr\\\/blog\\\/#\\\/schema\\\/person\\\/21da06e9f119b9f64e5d45dbbd32d3fb\"},\"headline\":\"\u00ab\u00a0Se tuer entre fr\u00e8res c\u2019est terrible\u00a0\u00bb : un agriculteur de 36 ans suspect\u00e9 d\u2019avoir tu\u00e9 son jumeau interpell\u00e9, une enqu\u00eate pour \u00ab\u00a0meurtre\u00a0\u00bb ouverte\",\"datePublished\":\"2025-06-16T05:16:00+00:00\",\"mainEntityOfPage\":{\"@id\":\"https:\\\/\\\/jumeaux91.fr\\\/blog\\\/se-tuer-entre-freres-cest-terrible-un-agriculteur-de-36-ans-suspecte-davoir-tue-son-jumeau-interpelle-une-enquete-pour-meurtre-ouverte\\\/\"},\"wordCount\":515,\"publisher\":{\"@id\":\"https:\\\/\\\/jumeaux91.fr\\\/blog\\\/#organization\"},\"image\":{\"@id\":\"https:\\\/\\\/jumeaux91.fr\\\/blog\\\/se-tuer-entre-freres-cest-terrible-un-agriculteur-de-36-ans-suspecte-davoir-tue-son-jumeau-interpelle-une-enquete-pour-meurtre-ouverte\\\/#primaryimage\"},\"thumbnailUrl\":\"https:\\\/\\\/jumeaux91.fr\\\/blog\\\/wp-content\\\/uploads\\\/2025\\\/06\\\/se-tuer-entre-freres-cest-terrible-un-agriculteur-de-36-ans-suspecte-davoir-tue-son-jumeau-interpelle-une-enquete-pour-meurtre-ouverte.jpg\",\"articleSection\":[\"Posts Fr\u00e8res Jumeaux De L'Essonnes:\"],\"inLanguage\":\"fr-FR\"},{\"@type\":\"WebPage\",\"@id\":\"https:\\\/\\\/jumeaux91.fr\\\/blog\\\/se-tuer-entre-freres-cest-terrible-un-agriculteur-de-36-ans-suspecte-davoir-tue-son-jumeau-interpelle-une-enquete-pour-meurtre-ouverte\\\/\",\"url\":\"https:\\\/\\\/jumeaux91.fr\\\/blog\\\/se-tuer-entre-freres-cest-terrible-un-agriculteur-de-36-ans-suspecte-davoir-tue-son-jumeau-interpelle-une-enquete-pour-meurtre-ouverte\\\/\",\"name\":\"\\\"Se tuer entre fr\u00e8res c\u2019est terrible\\\" : un agriculteur de 36 ans suspect\u00e9 d\u2019avoir tu\u00e9 son jumeau interpell\u00e9, une enqu\u00eate pour \\\"meurtre\\\" ouverte - JUMEAUX91\",\"isPartOf\":{\"@id\":\"https:\\\/\\\/jumeaux91.fr\\\/blog\\\/#website\"},\"primaryImageOfPage\":{\"@id\":\"https:\\\/\\\/jumeaux91.fr\\\/blog\\\/se-tuer-entre-freres-cest-terrible-un-agriculteur-de-36-ans-suspecte-davoir-tue-son-jumeau-interpelle-une-enquete-pour-meurtre-ouverte\\\/#primaryimage\"},\"image\":{\"@id\":\"https:\\\/\\\/jumeaux91.fr\\\/blog\\\/se-tuer-entre-freres-cest-terrible-un-agriculteur-de-36-ans-suspecte-davoir-tue-son-jumeau-interpelle-une-enquete-pour-meurtre-ouverte\\\/#primaryimage\"},\"thumbnailUrl\":\"https:\\\/\\\/jumeaux91.fr\\\/blog\\\/wp-content\\\/uploads\\\/2025\\\/06\\\/se-tuer-entre-freres-cest-terrible-un-agriculteur-de-36-ans-suspecte-davoir-tue-son-jumeau-interpelle-une-enquete-pour-meurtre-ouverte.jpg\",\"datePublished\":\"2025-06-16T05:16:00+00:00\",\"breadcrumb\":{\"@id\":\"https:\\\/\\\/jumeaux91.fr\\\/blog\\\/se-tuer-entre-freres-cest-terrible-un-agriculteur-de-36-ans-suspecte-davoir-tue-son-jumeau-interpelle-une-enquete-pour-meurtre-ouverte\\\/#breadcrumb\"},\"inLanguage\":\"fr-FR\",\"potentialAction\":[{\"@type\":\"ReadAction\",\"target\":[\"https:\\\/\\\/jumeaux91.fr\\\/blog\\\/se-tuer-entre-freres-cest-terrible-un-agriculteur-de-36-ans-suspecte-davoir-tue-son-jumeau-interpelle-une-enquete-pour-meurtre-ouverte\\\/\"]}]},{\"@type\":\"ImageObject\",\"inLanguage\":\"fr-FR\",\"@id\":\"https:\\\/\\\/jumeaux91.fr\\\/blog\\\/se-tuer-entre-freres-cest-terrible-un-agriculteur-de-36-ans-suspecte-davoir-tue-son-jumeau-interpelle-une-enquete-pour-meurtre-ouverte\\\/#primaryimage\",\"url\":\"https:\\\/\\\/jumeaux91.fr\\\/blog\\\/wp-content\\\/uploads\\\/2025\\\/06\\\/se-tuer-entre-freres-cest-terrible-un-agriculteur-de-36-ans-suspecte-davoir-tue-son-jumeau-interpelle-une-enquete-pour-meurtre-ouverte.jpg\",\"contentUrl\":\"https:\\\/\\\/jumeaux91.fr\\\/blog\\\/wp-content\\\/uploads\\\/2025\\\/06\\\/se-tuer-entre-freres-cest-terrible-un-agriculteur-de-36-ans-suspecte-davoir-tue-son-jumeau-interpelle-une-enquete-pour-meurtre-ouverte.jpg\",\"width\":885,\"height\":500,\"caption\":\"\\\"Se tuer entre fr\u00e8res c\u2019est terrible\\\" : un agriculteur de 36 ans suspect\u00e9 d\u2019avoir tu\u00e9 son jumeau interpell\u00e9, une enqu\u00eate pour \\\"meurtre\\\" ouverte\"},{\"@type\":\"BreadcrumbList\",\"@id\":\"https:\\\/\\\/jumeaux91.fr\\\/blog\\\/se-tuer-entre-freres-cest-terrible-un-agriculteur-de-36-ans-suspecte-davoir-tue-son-jumeau-interpelle-une-enquete-pour-meurtre-ouverte\\\/#breadcrumb\",\"itemListElement\":[{\"@type\":\"ListItem\",\"position\":1,\"name\":\"Accueil\",\"item\":\"https:\\\/\\\/jumeaux91.fr\\\/blog\\\/\"},{\"@type\":\"ListItem\",\"position\":2,\"name\":\"\u00ab\u00a0Se tuer entre fr\u00e8res c\u2019est terrible\u00a0\u00bb : un agriculteur de 36 ans suspect\u00e9 d\u2019avoir tu\u00e9 son jumeau interpell\u00e9, une enqu\u00eate pour \u00ab\u00a0meurtre\u00a0\u00bb ouverte\"}]},{\"@type\":\"WebSite\",\"@id\":\"https:\\\/\\\/jumeaux91.fr\\\/blog\\\/#website\",\"url\":\"https:\\\/\\\/jumeaux91.fr\\\/blog\\\/\",\"name\":\"JUMEAUX91\",\"description\":\"Fr\u00e8res jumeaux de l&#039;Essonnes; informations et archives, \u00e0 savoir et retenir.\",\"publisher\":{\"@id\":\"https:\\\/\\\/jumeaux91.fr\\\/blog\\\/#organization\"},\"potentialAction\":[{\"@type\":\"SearchAction\",\"target\":{\"@type\":\"EntryPoint\",\"urlTemplate\":\"https:\\\/\\\/jumeaux91.fr\\\/blog\\\/?s={search_term_string}\"},\"query-input\":{\"@type\":\"PropertyValueSpecification\",\"valueRequired\":true,\"valueName\":\"search_term_string\"}}],\"inLanguage\":\"fr-FR\"},{\"@type\":\"Organization\",\"@id\":\"https:\\\/\\\/jumeaux91.fr\\\/blog\\\/#organization\",\"name\":\"jumeaux91\",\"url\":\"https:\\\/\\\/jumeaux91.fr\\\/blog\\\/\",\"logo\":{\"@type\":\"ImageObject\",\"inLanguage\":\"fr-FR\",\"@id\":\"https:\\\/\\\/jumeaux91.fr\\\/blog\\\/#\\\/schema\\\/logo\\\/image\\\/\",\"url\":\"https:\\\/\\\/jumeaux91.fr\\\/blog\\\/wp-content\\\/uploads\\\/2023\\\/05\\\/cropped-cropped-logoJ_91.png\",\"contentUrl\":\"https:\\\/\\\/jumeaux91.fr\\\/blog\\\/wp-content\\\/uploads\\\/2023\\\/05\\\/cropped-cropped-logoJ_91.png\",\"width\":512,\"height\":512,\"caption\":\"jumeaux91\"},\"image\":{\"@id\":\"https:\\\/\\\/jumeaux91.fr\\\/blog\\\/#\\\/schema\\\/logo\\\/image\\\/\"}},{\"@type\":\"Person\",\"@id\":\"https:\\\/\\\/jumeaux91.fr\\\/blog\\\/#\\\/schema\\\/person\\\/21da06e9f119b9f64e5d45dbbd32d3fb\",\"name\":\"Claude DAYRES\",\"image\":{\"@type\":\"ImageObject\",\"inLanguage\":\"fr-FR\",\"@id\":\"https:\\\/\\\/secure.gravatar.com\\\/avatar\\\/82eb951df6110a2c48d1bfa7a67d1ee6f0cd5df3cbf9c3586dd61e82db7172a5?s=96&d=mm&r=g\",\"url\":\"https:\\\/\\\/secure.gravatar.com\\\/avatar\\\/82eb951df6110a2c48d1bfa7a67d1ee6f0cd5df3cbf9c3586dd61e82db7172a5?s=96&d=mm&r=g\",\"contentUrl\":\"https:\\\/\\\/secure.gravatar.com\\\/avatar\\\/82eb951df6110a2c48d1bfa7a67d1ee6f0cd5df3cbf9c3586dd61e82db7172a5?s=96&d=mm&r=g\",\"caption\":\"Claude DAYRES\"},\"url\":\"https:\\\/\\\/jumeaux91.fr\\\/blog\\\/author\\\/x91claude\\\/\"}]}<\/script>\n<!-- \/ Yoast SEO plugin. -->","yoast_head_json":{"title":"\"Se tuer entre fr\u00e8res c\u2019est terrible\" : un agriculteur de 36 ans suspect\u00e9 d\u2019avoir tu\u00e9 son jumeau interpell\u00e9, une enqu\u00eate pour \"meurtre\" ouverte - JUMEAUX91","robots":{"index":"index","follow":"follow","max-snippet":"max-snippet:-1","max-image-preview":"max-image-preview:large","max-video-preview":"max-video-preview:-1"},"canonical":"https:\/\/jumeaux91.fr\/blog\/se-tuer-entre-freres-cest-terrible-un-agriculteur-de-36-ans-suspecte-davoir-tue-son-jumeau-interpelle-une-enquete-pour-meurtre-ouverte\/","og_locale":"fr_FR","og_type":"article","og_title":"\"Se tuer entre fr\u00e8res c\u2019est terrible\" : un agriculteur de 36 ans suspect\u00e9 d\u2019avoir tu\u00e9 son jumeau interpell\u00e9, une enqu\u00eate pour \"meurtre\" ouverte - JUMEAUX91","og_description":"l&rsquo;essentiel Le corps d\u2019un homme de 36 ans a \u00e9t\u00e9 retrouv\u00e9 sans vie \u00e0 son domicile, sur la commune d\u2019Erc\u00e9e-en-Lam\u00e9e (Ille-et-Vilaine). Le fr\u00e8re jumeau de la victime a \u00e9t\u00e9 interpell\u00e9 et plac\u00e9 en garde \u00e0 vue. Celui-ci a finalement \u00e9t\u00e9 plac\u00e9 en d\u00e9tention provisoire. \u00ab\u00a0C\u2019est tr\u00e8s difficile de se dire qu\u2019un tel \u00e9pisode de violence&hellip; Poursuivre la lecture \u00ab\u00a0Se tuer entre fr\u00e8res c\u2019est terrible\u00a0\u00bb : un agriculteur de 36 ans suspect\u00e9 d\u2019avoir tu\u00e9 son jumeau interpell\u00e9, une enqu\u00eate pour \u00ab\u00a0meurtre\u00a0\u00bb ouverte","og_url":"https:\/\/jumeaux91.fr\/blog\/se-tuer-entre-freres-cest-terrible-un-agriculteur-de-36-ans-suspecte-davoir-tue-son-jumeau-interpelle-une-enquete-pour-meurtre-ouverte\/","og_site_name":"JUMEAUX91","article_published_time":"2025-06-16T05:16:00+00:00","og_image":[{"url":"https:\/\/jumeaux91.fr\/blog\/wp-content\/uploads\/2025\/06\/se-tuer-entre-freres-cest-terrible-un-agriculteur-de-36-ans-suspecte-davoir-tue-son-jumeau-interpelle-une-enquete-pour-meurtre-ouverte.jpg","type":"","width":"","height":""}],"author":"Claude DAYRES","twitter_card":"summary_large_image","twitter_misc":{"\u00c9crit par":"Claude DAYRES","Dur\u00e9e de lecture estim\u00e9e":"2 minutes"},"schema":{"@context":"https:\/\/schema.org","@graph":[{"@type":"Article","@id":"https:\/\/jumeaux91.fr\/blog\/se-tuer-entre-freres-cest-terrible-un-agriculteur-de-36-ans-suspecte-davoir-tue-son-jumeau-interpelle-une-enquete-pour-meurtre-ouverte\/#article","isPartOf":{"@id":"https:\/\/jumeaux91.fr\/blog\/se-tuer-entre-freres-cest-terrible-un-agriculteur-de-36-ans-suspecte-davoir-tue-son-jumeau-interpelle-une-enquete-pour-meurtre-ouverte\/"},"author":{"name":"Claude DAYRES","@id":"https:\/\/jumeaux91.fr\/blog\/#\/schema\/person\/21da06e9f119b9f64e5d45dbbd32d3fb"},"headline":"\u00ab\u00a0Se tuer entre fr\u00e8res c\u2019est terrible\u00a0\u00bb : un agriculteur de 36 ans suspect\u00e9 d\u2019avoir tu\u00e9 son jumeau interpell\u00e9, une enqu\u00eate pour \u00ab\u00a0meurtre\u00a0\u00bb ouverte","datePublished":"2025-06-16T05:16:00+00:00","mainEntityOfPage":{"@id":"https:\/\/jumeaux91.fr\/blog\/se-tuer-entre-freres-cest-terrible-un-agriculteur-de-36-ans-suspecte-davoir-tue-son-jumeau-interpelle-une-enquete-pour-meurtre-ouverte\/"},"wordCount":515,"publisher":{"@id":"https:\/\/jumeaux91.fr\/blog\/#organization"},"image":{"@id":"https:\/\/jumeaux91.fr\/blog\/se-tuer-entre-freres-cest-terrible-un-agriculteur-de-36-ans-suspecte-davoir-tue-son-jumeau-interpelle-une-enquete-pour-meurtre-ouverte\/#primaryimage"},"thumbnailUrl":"https:\/\/jumeaux91.fr\/blog\/wp-content\/uploads\/2025\/06\/se-tuer-entre-freres-cest-terrible-un-agriculteur-de-36-ans-suspecte-davoir-tue-son-jumeau-interpelle-une-enquete-pour-meurtre-ouverte.jpg","articleSection":["Posts Fr\u00e8res Jumeaux De L'Essonnes:"],"inLanguage":"fr-FR"},{"@type":"WebPage","@id":"https:\/\/jumeaux91.fr\/blog\/se-tuer-entre-freres-cest-terrible-un-agriculteur-de-36-ans-suspecte-davoir-tue-son-jumeau-interpelle-une-enquete-pour-meurtre-ouverte\/","url":"https:\/\/jumeaux91.fr\/blog\/se-tuer-entre-freres-cest-terrible-un-agriculteur-de-36-ans-suspecte-davoir-tue-son-jumeau-interpelle-une-enquete-pour-meurtre-ouverte\/","name":"\"Se tuer entre fr\u00e8res c\u2019est terrible\" : un agriculteur de 36 ans suspect\u00e9 d\u2019avoir tu\u00e9 son jumeau interpell\u00e9, une enqu\u00eate pour \"meurtre\" ouverte - JUMEAUX91","isPartOf":{"@id":"https:\/\/jumeaux91.fr\/blog\/#website"},"primaryImageOfPage":{"@id":"https:\/\/jumeaux91.fr\/blog\/se-tuer-entre-freres-cest-terrible-un-agriculteur-de-36-ans-suspecte-davoir-tue-son-jumeau-interpelle-une-enquete-pour-meurtre-ouverte\/#primaryimage"},"image":{"@id":"https:\/\/jumeaux91.fr\/blog\/se-tuer-entre-freres-cest-terrible-un-agriculteur-de-36-ans-suspecte-davoir-tue-son-jumeau-interpelle-une-enquete-pour-meurtre-ouverte\/#primaryimage"},"thumbnailUrl":"https:\/\/jumeaux91.fr\/blog\/wp-content\/uploads\/2025\/06\/se-tuer-entre-freres-cest-terrible-un-agriculteur-de-36-ans-suspecte-davoir-tue-son-jumeau-interpelle-une-enquete-pour-meurtre-ouverte.jpg","datePublished":"2025-06-16T05:16:00+00:00","breadcrumb":{"@id":"https:\/\/jumeaux91.fr\/blog\/se-tuer-entre-freres-cest-terrible-un-agriculteur-de-36-ans-suspecte-davoir-tue-son-jumeau-interpelle-une-enquete-pour-meurtre-ouverte\/#breadcrumb"},"inLanguage":"fr-FR","potentialAction":[{"@type":"ReadAction","target":["https:\/\/jumeaux91.fr\/blog\/se-tuer-entre-freres-cest-terrible-un-agriculteur-de-36-ans-suspecte-davoir-tue-son-jumeau-interpelle-une-enquete-pour-meurtre-ouverte\/"]}]},{"@type":"ImageObject","inLanguage":"fr-FR","@id":"https:\/\/jumeaux91.fr\/blog\/se-tuer-entre-freres-cest-terrible-un-agriculteur-de-36-ans-suspecte-davoir-tue-son-jumeau-interpelle-une-enquete-pour-meurtre-ouverte\/#primaryimage","url":"https:\/\/jumeaux91.fr\/blog\/wp-content\/uploads\/2025\/06\/se-tuer-entre-freres-cest-terrible-un-agriculteur-de-36-ans-suspecte-davoir-tue-son-jumeau-interpelle-une-enquete-pour-meurtre-ouverte.jpg","contentUrl":"https:\/\/jumeaux91.fr\/blog\/wp-content\/uploads\/2025\/06\/se-tuer-entre-freres-cest-terrible-un-agriculteur-de-36-ans-suspecte-davoir-tue-son-jumeau-interpelle-une-enquete-pour-meurtre-ouverte.jpg","width":885,"height":500,"caption":"\"Se tuer entre fr\u00e8res c\u2019est terrible\" : un agriculteur de 36 ans suspect\u00e9 d\u2019avoir tu\u00e9 son jumeau interpell\u00e9, une enqu\u00eate pour \"meurtre\" ouverte"},{"@type":"BreadcrumbList","@id":"https:\/\/jumeaux91.fr\/blog\/se-tuer-entre-freres-cest-terrible-un-agriculteur-de-36-ans-suspecte-davoir-tue-son-jumeau-interpelle-une-enquete-pour-meurtre-ouverte\/#breadcrumb","itemListElement":[{"@type":"ListItem","position":1,"name":"Accueil","item":"https:\/\/jumeaux91.fr\/blog\/"},{"@type":"ListItem","position":2,"name":"\u00ab\u00a0Se tuer entre fr\u00e8res c\u2019est terrible\u00a0\u00bb : un agriculteur de 36 ans suspect\u00e9 d\u2019avoir tu\u00e9 son jumeau interpell\u00e9, une enqu\u00eate pour \u00ab\u00a0meurtre\u00a0\u00bb ouverte"}]},{"@type":"WebSite","@id":"https:\/\/jumeaux91.fr\/blog\/#website","url":"https:\/\/jumeaux91.fr\/blog\/","name":"JUMEAUX91","description":"Fr\u00e8res jumeaux de l&#039;Essonnes; informations et archives, \u00e0 savoir et retenir.","publisher":{"@id":"https:\/\/jumeaux91.fr\/blog\/#organization"},"potentialAction":[{"@type":"SearchAction","target":{"@type":"EntryPoint","urlTemplate":"https:\/\/jumeaux91.fr\/blog\/?s={search_term_string}"},"query-input":{"@type":"PropertyValueSpecification","valueRequired":true,"valueName":"search_term_string"}}],"inLanguage":"fr-FR"},{"@type":"Organization","@id":"https:\/\/jumeaux91.fr\/blog\/#organization","name":"jumeaux91","url":"https:\/\/jumeaux91.fr\/blog\/","logo":{"@type":"ImageObject","inLanguage":"fr-FR","@id":"https:\/\/jumeaux91.fr\/blog\/#\/schema\/logo\/image\/","url":"https:\/\/jumeaux91.fr\/blog\/wp-content\/uploads\/2023\/05\/cropped-cropped-logoJ_91.png","contentUrl":"https:\/\/jumeaux91.fr\/blog\/wp-content\/uploads\/2023\/05\/cropped-cropped-logoJ_91.png","width":512,"height":512,"caption":"jumeaux91"},"image":{"@id":"https:\/\/jumeaux91.fr\/blog\/#\/schema\/logo\/image\/"}},{"@type":"Person","@id":"https:\/\/jumeaux91.fr\/blog\/#\/schema\/person\/21da06e9f119b9f64e5d45dbbd32d3fb","name":"Claude DAYRES","image":{"@type":"ImageObject","inLanguage":"fr-FR","@id":"https:\/\/secure.gravatar.com\/avatar\/82eb951df6110a2c48d1bfa7a67d1ee6f0cd5df3cbf9c3586dd61e82db7172a5?s=96&d=mm&r=g","url":"https:\/\/secure.gravatar.com\/avatar\/82eb951df6110a2c48d1bfa7a67d1ee6f0cd5df3cbf9c3586dd61e82db7172a5?s=96&d=mm&r=g","contentUrl":"https:\/\/secure.gravatar.com\/avatar\/82eb951df6110a2c48d1bfa7a67d1ee6f0cd5df3cbf9c3586dd61e82db7172a5?s=96&d=mm&r=g","caption":"Claude DAYRES"},"url":"https:\/\/jumeaux91.fr\/blog\/author\/x91claude\/"}]}},"_links":{"self":[{"href":"https:\/\/jumeaux91.fr\/blog\/wp-json\/wp\/v2\/posts\/1350","targetHints":{"allow":["GET"]}}],"collection":[{"href":"https:\/\/jumeaux91.fr\/blog\/wp-json\/wp\/v2\/posts"}],"about":[{"href":"https:\/\/jumeaux91.fr\/blog\/wp-json\/wp\/v2\/types\/post"}],"author":[{"embeddable":true,"href":"https:\/\/jumeaux91.fr\/blog\/wp-json\/wp\/v2\/users\/2"}],"replies":[{"embeddable":true,"href":"https:\/\/jumeaux91.fr\/blog\/wp-json\/wp\/v2\/comments?post=1350"}],"version-history":[{"count":0,"href":"https:\/\/jumeaux91.fr\/blog\/wp-json\/wp\/v2\/posts\/1350\/revisions"}],"wp:featuredmedia":[{"embeddable":true,"href":"https:\/\/jumeaux91.fr\/blog\/wp-json\/wp\/v2\/media\/1351"}],"wp:attachment":[{"href":"https:\/\/jumeaux91.fr\/blog\/wp-json\/wp\/v2\/media?parent=1350"}],"wp:term":[{"taxonomy":"category","embeddable":true,"href":"https:\/\/jumeaux91.fr\/blog\/wp-json\/wp\/v2\/categories?post=1350"},{"taxonomy":"post_tag","embeddable":true,"href":"https:\/\/jumeaux91.fr\/blog\/wp-json\/wp\/v2\/tags?post=1350"}],"curies":[{"name":"wp","href":"https:\/\/api.w.org\/{rel}","templated":true}]}}