{"id":1366,"date":"2025-06-23T07:59:00","date_gmt":"2025-06-23T05:59:00","guid":{"rendered":"https:\/\/jumeaux91.fr\/blog\/porter-un-chapeau-ou-une-casquette-peut-il-provoquer-une-chute-de-cheveux\/"},"modified":"2025-06-23T07:59:00","modified_gmt":"2025-06-23T05:59:00","slug":"porter-un-chapeau-ou-une-casquette-peut-il-provoquer-une-chute-de-cheveux","status":"publish","type":"post","link":"https:\/\/jumeaux91.fr\/blog\/porter-un-chapeau-ou-une-casquette-peut-il-provoquer-une-chute-de-cheveux\/","title":{"rendered":"Porter un chapeau ou une casquette peut-il provoquer une chute de cheveux"},"content":{"rendered":"<div><img decoding=\"async\" src=\"https:\/\/jumeaux91.fr\/blog\/wp-content\/uploads\/2025\/06\/porter-un-chapeau-ou-une-casquette-peut-il-provoquer-une-chute-de-cheveux.jpg\" class=\"ff-og-image-inserted\"><\/div>\n<div><title \/><\/p>\n<p class=\"rev-margin-0 rev-text-sm-bold\">La r\u00e9daction n&rsquo;a pas particip\u00e9 \u00e0 la r\u00e9alisation de ce contenu<\/p>\n<\/div>\n<div id=\"ob-article-body\">\n<div class=\"body-text\">\n<p>Il n\u2019existe aucune \u00e9tude scientifique digne de ce nom qui attesterait d\u2019un lien \u00e9vident entre le port d\u2019un chapeau et la perte des cheveux. Dermatologue \u00e0 Cleveland (Ohio \u2013 Etats-Unis) et membre de l\u2019Acad\u00e9mie am\u00e9ricaine de Sermatologie, le Dr John Anthony retient deux travaux r\u00e9alis\u00e9s sur le sujet, aupr\u00e8s de jumeaux \u00ab&nbsp;<em>identiques<\/em>&nbsp;\u00bb.&nbsp; L\u2019une a r\u00e9v\u00e9l\u00e9 que les hommes portant un chapeau quotidiennement perdaient moins de cheveux au niveau des tempes que leurs fr\u00e8res n\u2019en portant jamais. L\u2019autre sugg\u00e9rant effectivement que l&rsquo;absence de chapeau \u00e9tait associ\u00e9e \u00ab&nbsp;<em>\u00e0 une perte de cheveux accrue chez les femmes<\/em>&nbsp;\u00bb&nbsp;!<\/p>\n<\/div>\n<p><h2><strong>Eviter de serrer\u2026<\/strong><strong>&nbsp;<\/strong><\/h2>\n<\/p>\n<div class=\"body-text\">\n<p>La science appara\u00eet donc tr\u00e8s partag\u00e9e sur le sujet car il peut exister quelques nuances. Le Dr Anthony met en garde contre le fait de porter casquette ou bonnet de fa\u00e7on trop serr\u00e9e sur le cr\u00e2ne, au point de provoquer des d\u00e9mangeaisons voire une inflammation du cuir chevelu. Dans pareils cas, \u00ab&nbsp;<em>il est possible d\u2019observer une diminution de l&rsquo;afflux sanguin vers les follicules pileux, les stressant ou leur appliquant une tension excessive<\/em> \u00bb, pr\u00e9cise-t-il.<\/p>\n<\/div>\n<p><h2><strong>Des pinces plut\u00f4t que les chapeaux<\/strong><strong>&nbsp;<\/strong><\/h2>\n<\/p>\n<div class=\"body-text\">\n<p>Autre nuance&nbsp;: des \u00e9tudes ont fait \u00e9tat d\u2019une perte de cheveux chez les femmes qui ont l&rsquo;habitude de s\u2019attacher les cheveux en formant une queue de cheval ou des tresses afin de bien les maintenir sous un chapeau. Mais dans ce cas, le risque \u00e9ventuel ne viendrait pas du couvre-chef en lui-m\u00eame mais bien de la fa\u00e7on d\u2019attacher les cheveux. Et ce, par \u00ab&nbsp;<em>un syst\u00e8me qui tire trop fort au point de stresser les racines et entra\u00eener une perte capillaire <\/em>\u00bb, ajoute le dermatologue.<\/p>\n<\/div>\n<p><h2><strong>Le cas des infirmi\u00e8res<\/strong><strong>&nbsp;<\/strong><\/h2>\n<\/p>\n<div class=\"body-text\">\n<p>Les sp\u00e9cialistes parlent ainsi d\u2019alop\u00e9cie de traction. Dans la litt\u00e9rature scientifique, des cas ont ainsi \u00e9t\u00e9 rapport\u00e9s chez des infirmi\u00e8res, la faute aux pinces de fixation de leur calotte ou bonnet. Des pinces qui tendaient \u00e0 exercer une tension chronique sur les cheveux, jusqu\u2019\u00e0 alt\u00e9rer les follicules pileux.<\/p>\n<\/div>\n<div class=\"body-text\">\n<p>En conclusion, le Dr Anthony leur formule un conseil de bons sens&nbsp;: \u00ab&nbsp;<em>utilisez des \u00e9pingles (plut\u00f4t que des pinces, n.d.l.r.) pour fixer votre couvre-chef<\/em>&nbsp;\u00bb. Il s\u2019agit en quelque sorte d\u2019\u00e9liminer la source de tension du cheveu. Et \u00e0 la moindre question, interroger votre m\u00e9decin traitant ou un dermatologue.<\/p>\n<\/div>\n<section class=\"relative z-10\"><\/section>\n<div class=\"body-text\">\n<p>Source : https:\/\/health.clevelandclinic.org &#8211; Annales de dermatologie et de v\u00e9n\u00e9r\u00e9ologie (2013) 140, 304-314.<\/p>\n<\/div>\n<\/div>\n<p>La chronique se veut g\u00e9n\u00e9r\u00e9e de la fa\u00e7on la plus claire que possible. Dans le cas o\u00f9 vous souhaitez pr\u00e9senter des renseignements compl\u00e9mentaires \u00e0 cet article sur le sujet \u00ab\u00a0Fr\u00e8res jumeaux de l&rsquo;Essonnes\u00a0\u00bb il vous est possible d\u2019\u00e9crire aux contacts indiqu\u00e9s sur notre website. La raison d\u2019\u00eatre de jumeaux91.fr \u00e9tant de rassembler sur le web des posts sur le sujet de Fr\u00e8res jumeaux de l&rsquo;Essonnes puis les diffuser en r\u00e9pondant au mieux aux interrogations des gens. Vous pouvez tirer profit de cet article traitant le sujet \u00ab\u00a0Fr\u00e8res jumeaux de l&rsquo;Essonnes\u00a0\u00bb. Il est concoct\u00e9 par l\u2019\u00e9quipe jumeaux91.fr. Prochainement, nous rendrons accessibles au public d&rsquo;autres informations pertinentes sur le sujet \u00ab\u00a0Fr\u00e8res jumeaux de l&rsquo;Essonnes\u00a0\u00bb. Alors, consultez syst\u00e9matiquement notre blog.<\/p>\n","protected":false},"excerpt":{"rendered":"<p>La r\u00e9daction n&rsquo;a pas particip\u00e9 \u00e0 la r\u00e9alisation de ce contenu Il n\u2019existe aucune \u00e9tude scientifique digne de ce nom qui attesterait d\u2019un lien \u00e9vident entre le port d\u2019un chapeau et la perte des cheveux. Dermatologue \u00e0 Cleveland (Ohio \u2013 Etats-Unis) et membre de l\u2019Acad\u00e9mie am\u00e9ricaine de Sermatologie, le Dr John Anthony retient deux travaux&hellip; <a class=\"more-link\" href=\"https:\/\/jumeaux91.fr\/blog\/porter-un-chapeau-ou-une-casquette-peut-il-provoquer-une-chute-de-cheveux\/\">Poursuivre la lecture <span class=\"screen-reader-text\">Porter un chapeau ou une casquette peut-il provoquer une chute de cheveux<\/span><\/a><\/p>\n","protected":false},"author":2,"featured_media":1367,"comment_status":"closed","ping_status":"closed","sticky":false,"template":"","format":"standard","meta":{"footnotes":""},"categories":[4],"tags":[],"class_list":["post-1366","post","type-post","status-publish","format-standard","has-post-thumbnail","hentry","category-posts-freres-jumeaux-de-lessonnes","entry"],"yoast_head":"<!-- This site is optimized with the Yoast SEO plugin v27.5 - https:\/\/yoast.com\/product\/yoast-seo-wordpress\/ -->\n<title>Porter un chapeau ou une casquette peut-il provoquer une chute de cheveux - JUMEAUX91<\/title>\n<meta name=\"robots\" content=\"index, follow, max-snippet:-1, max-image-preview:large, max-video-preview:-1\" \/>\n<link rel=\"canonical\" href=\"https:\/\/jumeaux91.fr\/blog\/porter-un-chapeau-ou-une-casquette-peut-il-provoquer-une-chute-de-cheveux\/\" \/>\n<meta property=\"og:locale\" content=\"fr_FR\" \/>\n<meta property=\"og:type\" content=\"article\" \/>\n<meta property=\"og:title\" content=\"Porter un chapeau ou une casquette peut-il provoquer une chute de cheveux - JUMEAUX91\" \/>\n<meta property=\"og:description\" content=\"La r\u00e9daction n&rsquo;a pas particip\u00e9 \u00e0 la r\u00e9alisation de ce contenu Il n\u2019existe aucune \u00e9tude scientifique digne de ce nom qui attesterait d\u2019un lien \u00e9vident entre le port d\u2019un chapeau et la perte des cheveux. Dermatologue \u00e0 Cleveland (Ohio \u2013 Etats-Unis) et membre de l\u2019Acad\u00e9mie am\u00e9ricaine de Sermatologie, le Dr John Anthony retient deux travaux&hellip; Poursuivre la lecture Porter un chapeau ou une casquette peut-il provoquer une chute de cheveux\" \/>\n<meta property=\"og:url\" content=\"https:\/\/jumeaux91.fr\/blog\/porter-un-chapeau-ou-une-casquette-peut-il-provoquer-une-chute-de-cheveux\/\" \/>\n<meta property=\"og:site_name\" content=\"JUMEAUX91\" \/>\n<meta property=\"article:published_time\" content=\"2025-06-23T05:59:00+00:00\" \/>\n<meta property=\"og:image\" content=\"https:\/\/jumeaux91.fr\/blog\/wp-content\/uploads\/2025\/06\/porter-un-chapeau-ou-une-casquette-peut-il-provoquer-une-chute-de-cheveux.jpg\" \/>\n<meta name=\"author\" content=\"Claude DAYRES\" \/>\n<meta name=\"twitter:card\" content=\"summary_large_image\" \/>\n<meta name=\"twitter:label1\" content=\"\u00c9crit par\" \/>\n\t<meta name=\"twitter:data1\" content=\"Claude DAYRES\" \/>\n\t<meta name=\"twitter:label2\" content=\"Dur\u00e9e de lecture estim\u00e9e\" \/>\n\t<meta name=\"twitter:data2\" content=\"3 minutes\" \/>\n<script type=\"application\/ld+json\" class=\"yoast-schema-graph\">{\"@context\":\"https:\\\/\\\/schema.org\",\"@graph\":[{\"@type\":\"Article\",\"@id\":\"https:\\\/\\\/jumeaux91.fr\\\/blog\\\/porter-un-chapeau-ou-une-casquette-peut-il-provoquer-une-chute-de-cheveux\\\/#article\",\"isPartOf\":{\"@id\":\"https:\\\/\\\/jumeaux91.fr\\\/blog\\\/porter-un-chapeau-ou-une-casquette-peut-il-provoquer-une-chute-de-cheveux\\\/\"},\"author\":{\"name\":\"Claude DAYRES\",\"@id\":\"https:\\\/\\\/jumeaux91.fr\\\/blog\\\/#\\\/schema\\\/person\\\/21da06e9f119b9f64e5d45dbbd32d3fb\"},\"headline\":\"Porter un chapeau ou une casquette peut-il provoquer une chute de cheveux\",\"datePublished\":\"2025-06-23T05:59:00+00:00\",\"mainEntityOfPage\":{\"@id\":\"https:\\\/\\\/jumeaux91.fr\\\/blog\\\/porter-un-chapeau-ou-une-casquette-peut-il-provoquer-une-chute-de-cheveux\\\/\"},\"wordCount\":601,\"publisher\":{\"@id\":\"https:\\\/\\\/jumeaux91.fr\\\/blog\\\/#organization\"},\"image\":{\"@id\":\"https:\\\/\\\/jumeaux91.fr\\\/blog\\\/porter-un-chapeau-ou-une-casquette-peut-il-provoquer-une-chute-de-cheveux\\\/#primaryimage\"},\"thumbnailUrl\":\"https:\\\/\\\/jumeaux91.fr\\\/blog\\\/wp-content\\\/uploads\\\/2025\\\/06\\\/porter-un-chapeau-ou-une-casquette-peut-il-provoquer-une-chute-de-cheveux.jpg\",\"articleSection\":[\"Posts Fr\u00e8res Jumeaux De L'Essonnes:\"],\"inLanguage\":\"fr-FR\"},{\"@type\":\"WebPage\",\"@id\":\"https:\\\/\\\/jumeaux91.fr\\\/blog\\\/porter-un-chapeau-ou-une-casquette-peut-il-provoquer-une-chute-de-cheveux\\\/\",\"url\":\"https:\\\/\\\/jumeaux91.fr\\\/blog\\\/porter-un-chapeau-ou-une-casquette-peut-il-provoquer-une-chute-de-cheveux\\\/\",\"name\":\"Porter un chapeau ou une casquette peut-il provoquer une chute de cheveux - JUMEAUX91\",\"isPartOf\":{\"@id\":\"https:\\\/\\\/jumeaux91.fr\\\/blog\\\/#website\"},\"primaryImageOfPage\":{\"@id\":\"https:\\\/\\\/jumeaux91.fr\\\/blog\\\/porter-un-chapeau-ou-une-casquette-peut-il-provoquer-une-chute-de-cheveux\\\/#primaryimage\"},\"image\":{\"@id\":\"https:\\\/\\\/jumeaux91.fr\\\/blog\\\/porter-un-chapeau-ou-une-casquette-peut-il-provoquer-une-chute-de-cheveux\\\/#primaryimage\"},\"thumbnailUrl\":\"https:\\\/\\\/jumeaux91.fr\\\/blog\\\/wp-content\\\/uploads\\\/2025\\\/06\\\/porter-un-chapeau-ou-une-casquette-peut-il-provoquer-une-chute-de-cheveux.jpg\",\"datePublished\":\"2025-06-23T05:59:00+00:00\",\"breadcrumb\":{\"@id\":\"https:\\\/\\\/jumeaux91.fr\\\/blog\\\/porter-un-chapeau-ou-une-casquette-peut-il-provoquer-une-chute-de-cheveux\\\/#breadcrumb\"},\"inLanguage\":\"fr-FR\",\"potentialAction\":[{\"@type\":\"ReadAction\",\"target\":[\"https:\\\/\\\/jumeaux91.fr\\\/blog\\\/porter-un-chapeau-ou-une-casquette-peut-il-provoquer-une-chute-de-cheveux\\\/\"]}]},{\"@type\":\"ImageObject\",\"inLanguage\":\"fr-FR\",\"@id\":\"https:\\\/\\\/jumeaux91.fr\\\/blog\\\/porter-un-chapeau-ou-une-casquette-peut-il-provoquer-une-chute-de-cheveux\\\/#primaryimage\",\"url\":\"https:\\\/\\\/jumeaux91.fr\\\/blog\\\/wp-content\\\/uploads\\\/2025\\\/06\\\/porter-un-chapeau-ou-une-casquette-peut-il-provoquer-une-chute-de-cheveux.jpg\",\"contentUrl\":\"https:\\\/\\\/jumeaux91.fr\\\/blog\\\/wp-content\\\/uploads\\\/2025\\\/06\\\/porter-un-chapeau-ou-une-casquette-peut-il-provoquer-une-chute-de-cheveux.jpg\",\"width\":1920,\"height\":1279,\"caption\":\"Porter un chapeau ou une casquette peut il provoquer une chute de cheveux\"},{\"@type\":\"BreadcrumbList\",\"@id\":\"https:\\\/\\\/jumeaux91.fr\\\/blog\\\/porter-un-chapeau-ou-une-casquette-peut-il-provoquer-une-chute-de-cheveux\\\/#breadcrumb\",\"itemListElement\":[{\"@type\":\"ListItem\",\"position\":1,\"name\":\"Accueil\",\"item\":\"https:\\\/\\\/jumeaux91.fr\\\/blog\\\/\"},{\"@type\":\"ListItem\",\"position\":2,\"name\":\"Porter un chapeau ou une casquette peut-il provoquer une chute de cheveux\"}]},{\"@type\":\"WebSite\",\"@id\":\"https:\\\/\\\/jumeaux91.fr\\\/blog\\\/#website\",\"url\":\"https:\\\/\\\/jumeaux91.fr\\\/blog\\\/\",\"name\":\"JUMEAUX91\",\"description\":\"Fr\u00e8res jumeaux de l&#039;Essonnes; informations et archives, \u00e0 savoir et retenir.\",\"publisher\":{\"@id\":\"https:\\\/\\\/jumeaux91.fr\\\/blog\\\/#organization\"},\"potentialAction\":[{\"@type\":\"SearchAction\",\"target\":{\"@type\":\"EntryPoint\",\"urlTemplate\":\"https:\\\/\\\/jumeaux91.fr\\\/blog\\\/?s={search_term_string}\"},\"query-input\":{\"@type\":\"PropertyValueSpecification\",\"valueRequired\":true,\"valueName\":\"search_term_string\"}}],\"inLanguage\":\"fr-FR\"},{\"@type\":\"Organization\",\"@id\":\"https:\\\/\\\/jumeaux91.fr\\\/blog\\\/#organization\",\"name\":\"jumeaux91\",\"url\":\"https:\\\/\\\/jumeaux91.fr\\\/blog\\\/\",\"logo\":{\"@type\":\"ImageObject\",\"inLanguage\":\"fr-FR\",\"@id\":\"https:\\\/\\\/jumeaux91.fr\\\/blog\\\/#\\\/schema\\\/logo\\\/image\\\/\",\"url\":\"https:\\\/\\\/jumeaux91.fr\\\/blog\\\/wp-content\\\/uploads\\\/2023\\\/05\\\/cropped-cropped-logoJ_91.png\",\"contentUrl\":\"https:\\\/\\\/jumeaux91.fr\\\/blog\\\/wp-content\\\/uploads\\\/2023\\\/05\\\/cropped-cropped-logoJ_91.png\",\"width\":512,\"height\":512,\"caption\":\"jumeaux91\"},\"image\":{\"@id\":\"https:\\\/\\\/jumeaux91.fr\\\/blog\\\/#\\\/schema\\\/logo\\\/image\\\/\"}},{\"@type\":\"Person\",\"@id\":\"https:\\\/\\\/jumeaux91.fr\\\/blog\\\/#\\\/schema\\\/person\\\/21da06e9f119b9f64e5d45dbbd32d3fb\",\"name\":\"Claude DAYRES\",\"image\":{\"@type\":\"ImageObject\",\"inLanguage\":\"fr-FR\",\"@id\":\"https:\\\/\\\/secure.gravatar.com\\\/avatar\\\/82eb951df6110a2c48d1bfa7a67d1ee6f0cd5df3cbf9c3586dd61e82db7172a5?s=96&d=mm&r=g\",\"url\":\"https:\\\/\\\/secure.gravatar.com\\\/avatar\\\/82eb951df6110a2c48d1bfa7a67d1ee6f0cd5df3cbf9c3586dd61e82db7172a5?s=96&d=mm&r=g\",\"contentUrl\":\"https:\\\/\\\/secure.gravatar.com\\\/avatar\\\/82eb951df6110a2c48d1bfa7a67d1ee6f0cd5df3cbf9c3586dd61e82db7172a5?s=96&d=mm&r=g\",\"caption\":\"Claude DAYRES\"},\"url\":\"https:\\\/\\\/jumeaux91.fr\\\/blog\\\/author\\\/x91claude\\\/\"}]}<\/script>\n<!-- \/ Yoast SEO plugin. -->","yoast_head_json":{"title":"Porter un chapeau ou une casquette peut-il provoquer une chute de cheveux - JUMEAUX91","robots":{"index":"index","follow":"follow","max-snippet":"max-snippet:-1","max-image-preview":"max-image-preview:large","max-video-preview":"max-video-preview:-1"},"canonical":"https:\/\/jumeaux91.fr\/blog\/porter-un-chapeau-ou-une-casquette-peut-il-provoquer-une-chute-de-cheveux\/","og_locale":"fr_FR","og_type":"article","og_title":"Porter un chapeau ou une casquette peut-il provoquer une chute de cheveux - JUMEAUX91","og_description":"La r\u00e9daction n&rsquo;a pas particip\u00e9 \u00e0 la r\u00e9alisation de ce contenu Il n\u2019existe aucune \u00e9tude scientifique digne de ce nom qui attesterait d\u2019un lien \u00e9vident entre le port d\u2019un chapeau et la perte des cheveux. Dermatologue \u00e0 Cleveland (Ohio \u2013 Etats-Unis) et membre de l\u2019Acad\u00e9mie am\u00e9ricaine de Sermatologie, le Dr John Anthony retient deux travaux&hellip; Poursuivre la lecture Porter un chapeau ou une casquette peut-il provoquer une chute de cheveux","og_url":"https:\/\/jumeaux91.fr\/blog\/porter-un-chapeau-ou-une-casquette-peut-il-provoquer-une-chute-de-cheveux\/","og_site_name":"JUMEAUX91","article_published_time":"2025-06-23T05:59:00+00:00","og_image":[{"url":"https:\/\/jumeaux91.fr\/blog\/wp-content\/uploads\/2025\/06\/porter-un-chapeau-ou-une-casquette-peut-il-provoquer-une-chute-de-cheveux.jpg","type":"","width":"","height":""}],"author":"Claude DAYRES","twitter_card":"summary_large_image","twitter_misc":{"\u00c9crit par":"Claude DAYRES","Dur\u00e9e de lecture estim\u00e9e":"3 minutes"},"schema":{"@context":"https:\/\/schema.org","@graph":[{"@type":"Article","@id":"https:\/\/jumeaux91.fr\/blog\/porter-un-chapeau-ou-une-casquette-peut-il-provoquer-une-chute-de-cheveux\/#article","isPartOf":{"@id":"https:\/\/jumeaux91.fr\/blog\/porter-un-chapeau-ou-une-casquette-peut-il-provoquer-une-chute-de-cheveux\/"},"author":{"name":"Claude DAYRES","@id":"https:\/\/jumeaux91.fr\/blog\/#\/schema\/person\/21da06e9f119b9f64e5d45dbbd32d3fb"},"headline":"Porter un chapeau ou une casquette peut-il provoquer une chute de cheveux","datePublished":"2025-06-23T05:59:00+00:00","mainEntityOfPage":{"@id":"https:\/\/jumeaux91.fr\/blog\/porter-un-chapeau-ou-une-casquette-peut-il-provoquer-une-chute-de-cheveux\/"},"wordCount":601,"publisher":{"@id":"https:\/\/jumeaux91.fr\/blog\/#organization"},"image":{"@id":"https:\/\/jumeaux91.fr\/blog\/porter-un-chapeau-ou-une-casquette-peut-il-provoquer-une-chute-de-cheveux\/#primaryimage"},"thumbnailUrl":"https:\/\/jumeaux91.fr\/blog\/wp-content\/uploads\/2025\/06\/porter-un-chapeau-ou-une-casquette-peut-il-provoquer-une-chute-de-cheveux.jpg","articleSection":["Posts Fr\u00e8res Jumeaux De L'Essonnes:"],"inLanguage":"fr-FR"},{"@type":"WebPage","@id":"https:\/\/jumeaux91.fr\/blog\/porter-un-chapeau-ou-une-casquette-peut-il-provoquer-une-chute-de-cheveux\/","url":"https:\/\/jumeaux91.fr\/blog\/porter-un-chapeau-ou-une-casquette-peut-il-provoquer-une-chute-de-cheveux\/","name":"Porter un chapeau ou une casquette peut-il provoquer une chute de cheveux - JUMEAUX91","isPartOf":{"@id":"https:\/\/jumeaux91.fr\/blog\/#website"},"primaryImageOfPage":{"@id":"https:\/\/jumeaux91.fr\/blog\/porter-un-chapeau-ou-une-casquette-peut-il-provoquer-une-chute-de-cheveux\/#primaryimage"},"image":{"@id":"https:\/\/jumeaux91.fr\/blog\/porter-un-chapeau-ou-une-casquette-peut-il-provoquer-une-chute-de-cheveux\/#primaryimage"},"thumbnailUrl":"https:\/\/jumeaux91.fr\/blog\/wp-content\/uploads\/2025\/06\/porter-un-chapeau-ou-une-casquette-peut-il-provoquer-une-chute-de-cheveux.jpg","datePublished":"2025-06-23T05:59:00+00:00","breadcrumb":{"@id":"https:\/\/jumeaux91.fr\/blog\/porter-un-chapeau-ou-une-casquette-peut-il-provoquer-une-chute-de-cheveux\/#breadcrumb"},"inLanguage":"fr-FR","potentialAction":[{"@type":"ReadAction","target":["https:\/\/jumeaux91.fr\/blog\/porter-un-chapeau-ou-une-casquette-peut-il-provoquer-une-chute-de-cheveux\/"]}]},{"@type":"ImageObject","inLanguage":"fr-FR","@id":"https:\/\/jumeaux91.fr\/blog\/porter-un-chapeau-ou-une-casquette-peut-il-provoquer-une-chute-de-cheveux\/#primaryimage","url":"https:\/\/jumeaux91.fr\/blog\/wp-content\/uploads\/2025\/06\/porter-un-chapeau-ou-une-casquette-peut-il-provoquer-une-chute-de-cheveux.jpg","contentUrl":"https:\/\/jumeaux91.fr\/blog\/wp-content\/uploads\/2025\/06\/porter-un-chapeau-ou-une-casquette-peut-il-provoquer-une-chute-de-cheveux.jpg","width":1920,"height":1279,"caption":"Porter un chapeau ou une casquette peut il provoquer une chute de cheveux"},{"@type":"BreadcrumbList","@id":"https:\/\/jumeaux91.fr\/blog\/porter-un-chapeau-ou-une-casquette-peut-il-provoquer-une-chute-de-cheveux\/#breadcrumb","itemListElement":[{"@type":"ListItem","position":1,"name":"Accueil","item":"https:\/\/jumeaux91.fr\/blog\/"},{"@type":"ListItem","position":2,"name":"Porter un chapeau ou une casquette peut-il provoquer une chute de cheveux"}]},{"@type":"WebSite","@id":"https:\/\/jumeaux91.fr\/blog\/#website","url":"https:\/\/jumeaux91.fr\/blog\/","name":"JUMEAUX91","description":"Fr\u00e8res jumeaux de l&#039;Essonnes; informations et archives, \u00e0 savoir et retenir.","publisher":{"@id":"https:\/\/jumeaux91.fr\/blog\/#organization"},"potentialAction":[{"@type":"SearchAction","target":{"@type":"EntryPoint","urlTemplate":"https:\/\/jumeaux91.fr\/blog\/?s={search_term_string}"},"query-input":{"@type":"PropertyValueSpecification","valueRequired":true,"valueName":"search_term_string"}}],"inLanguage":"fr-FR"},{"@type":"Organization","@id":"https:\/\/jumeaux91.fr\/blog\/#organization","name":"jumeaux91","url":"https:\/\/jumeaux91.fr\/blog\/","logo":{"@type":"ImageObject","inLanguage":"fr-FR","@id":"https:\/\/jumeaux91.fr\/blog\/#\/schema\/logo\/image\/","url":"https:\/\/jumeaux91.fr\/blog\/wp-content\/uploads\/2023\/05\/cropped-cropped-logoJ_91.png","contentUrl":"https:\/\/jumeaux91.fr\/blog\/wp-content\/uploads\/2023\/05\/cropped-cropped-logoJ_91.png","width":512,"height":512,"caption":"jumeaux91"},"image":{"@id":"https:\/\/jumeaux91.fr\/blog\/#\/schema\/logo\/image\/"}},{"@type":"Person","@id":"https:\/\/jumeaux91.fr\/blog\/#\/schema\/person\/21da06e9f119b9f64e5d45dbbd32d3fb","name":"Claude DAYRES","image":{"@type":"ImageObject","inLanguage":"fr-FR","@id":"https:\/\/secure.gravatar.com\/avatar\/82eb951df6110a2c48d1bfa7a67d1ee6f0cd5df3cbf9c3586dd61e82db7172a5?s=96&d=mm&r=g","url":"https:\/\/secure.gravatar.com\/avatar\/82eb951df6110a2c48d1bfa7a67d1ee6f0cd5df3cbf9c3586dd61e82db7172a5?s=96&d=mm&r=g","contentUrl":"https:\/\/secure.gravatar.com\/avatar\/82eb951df6110a2c48d1bfa7a67d1ee6f0cd5df3cbf9c3586dd61e82db7172a5?s=96&d=mm&r=g","caption":"Claude DAYRES"},"url":"https:\/\/jumeaux91.fr\/blog\/author\/x91claude\/"}]}},"_links":{"self":[{"href":"https:\/\/jumeaux91.fr\/blog\/wp-json\/wp\/v2\/posts\/1366","targetHints":{"allow":["GET"]}}],"collection":[{"href":"https:\/\/jumeaux91.fr\/blog\/wp-json\/wp\/v2\/posts"}],"about":[{"href":"https:\/\/jumeaux91.fr\/blog\/wp-json\/wp\/v2\/types\/post"}],"author":[{"embeddable":true,"href":"https:\/\/jumeaux91.fr\/blog\/wp-json\/wp\/v2\/users\/2"}],"replies":[{"embeddable":true,"href":"https:\/\/jumeaux91.fr\/blog\/wp-json\/wp\/v2\/comments?post=1366"}],"version-history":[{"count":0,"href":"https:\/\/jumeaux91.fr\/blog\/wp-json\/wp\/v2\/posts\/1366\/revisions"}],"wp:featuredmedia":[{"embeddable":true,"href":"https:\/\/jumeaux91.fr\/blog\/wp-json\/wp\/v2\/media\/1367"}],"wp:attachment":[{"href":"https:\/\/jumeaux91.fr\/blog\/wp-json\/wp\/v2\/media?parent=1366"}],"wp:term":[{"taxonomy":"category","embeddable":true,"href":"https:\/\/jumeaux91.fr\/blog\/wp-json\/wp\/v2\/categories?post=1366"},{"taxonomy":"post_tag","embeddable":true,"href":"https:\/\/jumeaux91.fr\/blog\/wp-json\/wp\/v2\/tags?post=1366"}],"curies":[{"name":"wp","href":"https:\/\/api.w.org\/{rel}","templated":true}]}}