{"id":1376,"date":"2025-06-25T09:20:00","date_gmt":"2025-06-25T07:20:00","guid":{"rendered":"https:\/\/jumeaux91.fr\/blog\/cette-serie-pourtant-tres-ancienne-realise-un-carton-daudience-inattendu-sur-france-3\/"},"modified":"2025-06-25T09:20:00","modified_gmt":"2025-06-25T07:20:00","slug":"cette-serie-pourtant-tres-ancienne-realise-un-carton-daudience-inattendu-sur-france-3","status":"publish","type":"post","link":"https:\/\/jumeaux91.fr\/blog\/cette-serie-pourtant-tres-ancienne-realise-un-carton-daudience-inattendu-sur-france-3\/","title":{"rendered":"Cette s\u00e9rie pourtant tr\u00e8s ancienne r\u00e9alise un carton d\u2019audience inattendu sur France 3"},"content":{"rendered":"<div><img decoding=\"async\" src=\"https:\/\/jumeaux91.fr\/blog\/wp-content\/uploads\/2025\/06\/cette-serie-pourtant-tres-ancienne-realise-un-carton-daudience-inattendu-sur-france-3.jpg\" class=\"ff-og-image-inserted\"><\/div>\n<div>\n<div class=\"flex article--details\">\n<p> <span class=\"publie\">Publi\u00e9 le 25\/06\/2025 \u00e0 16:20<\/span> <\/p>\n<\/p><\/div>\n<p><strong> <i>Rex<\/i> <\/strong> est diffus\u00e9e chaque jour sur France 3. La s\u00e9rie continue de r\u00e9aliser de tr\u00e8s bons scores en termes d\u2019audiences sur la cha\u00eene malgr\u00e9 son anciennet\u00e9.<\/p>\n<\/p><\/div>\n<div>\n<p>La s\u00e9rie <a href=\"https:\/\/www.toutelatele.com\/rex-1535\" target=\"_blank\" rel=\"nofollow\"><strong> <i>Rex<\/i> <\/strong><\/a>, o\u00f9 <a href=\"https:\/\/www.toutelatele.com\/rex-chien-flic-les-revelations-sur-la-nouvelle-version-succes-d-audience-sur-france-3-176599\" class=\"spip_in\" target=\"_blank\" rel=\"nofollow\">de nouveaux in\u00e9dits sont pr\u00e9vus cette ann\u00e9e<\/a>, est diffus\u00e9e chaque apr\u00e8s-midi du lundi au vendredi sur France 3. La fiction, avec <strong>Tobias Moretti<\/strong>, <a href=\"https:\/\/www.toutelatele.com\/cette-serie-de-france-3-bat-des-records-d-audiences-contre-toute-attente-177243\" class=\"spip_in\" target=\"_blank\" rel=\"nofollow\">continue de f\u00e9d\u00e9rer le public sur la cha\u00eene<\/a>. Ce mardi 24 juin 2025, trois \u00e9pisodes de la saison 6 \u00e9taient diffus\u00e9s.<\/p>\n<p>Dans le premier \u00e9pisode, intitul\u00e9 \u00ab&nbsp;Fr\u00e8res jumeaux&nbsp;\u00bb, les t\u00e9l\u00e9spectateurs ont d\u00e9couvert un corps enti\u00e8rement calcin\u00e9 dans une grotte de l\u2019agglom\u00e9ration viennoise. Les recherches, elles, ont d\u00e9but\u00e9, mais identifier ce cadavre est une t\u00e2che compliqu\u00e9e. Le commissaire <strong>Alexander Brandtner<\/strong> et son coll\u00e8gue voient leurs investigations les emmener chez Paul Tomek. Mais le myst\u00e8re plane autour de ce dernier, qui est absent alors que son fr\u00e8re jumeau semble tr\u00e8s heureux.<\/p>\n<h2 class=\"spip\">\nRex&nbsp;: Plein gaz et L\u2019assassin de la pleine lune sur France 3<\/h2>\n<p>Dans le deuxi\u00e8me \u00e9pisode, intitul\u00e9 \u00ab&nbsp;Plein gaz&nbsp;\u00bb, <strong>Herbert Baumann<\/strong> est retrouv\u00e9 mort alors qu\u2019il \u00e9tait dans son bureau. Brandtner finit par d\u00e9couvrir que la victime avait rendu service \u00e0 plusieurs personnes en donnant de fortes sommes d\u2019argent, notamment \u00e0 Martin. Ce dernier est un pilote de kart qui a acquis une popularit\u00e9 locale.<\/p>\n<p>Enfin, dans l\u2019\u00e9pisode \u00ab&nbsp;L\u2019assassin de la pleine lune&nbsp;\u00bb, une peur s\u2019empare de la population viennoise apr\u00e8s qu\u2019un tueur en s\u00e9rie frappe chaque soir de pleine lune. Le meurtrier ne semble s\u2019attaquer qu\u2019aux femmes et suit toujours le m\u00eame rituel, en d\u00e9posant leurs d\u00e9pouilles dans des cimeti\u00e8res. Alexander Brandtner, avec Rex, surveille tous les cimeti\u00e8res de Vienne.<\/p>\n<h2 class=\"spip\">\nRex a toujours la cote sur France 3<\/h2>\n<p>Ces trois \u00e9pisodes ont r\u00e9uni 917 000, 950 000 et 944 000 t\u00e9l\u00e9spectateurs, soit 15% (2e cha\u00eene nationale), 16,8% (leader), et 18,1% (leader) de part de march\u00e9 sur les personnes \u00e2g\u00e9es de quatre ans et plus.<\/p>\n<p>Du c\u00f4t\u00e9 des cibles commerciales, ces trois rendez-vous ont r\u00e9alis\u00e9 1%, 2,6% et 4,6% de part de march\u00e9 aupr\u00e8s des femmes responsables des achats de moins de 50 ans. Des scores qui sont au-dessus de la moyenne journali\u00e8re de la cha\u00eene, qui est de 1,8% de part d\u2019audience sur cette cible.<\/p>\n<p>Malgr\u00e9 son anciennet\u00e9, la s\u00e9rie a donc r\u00e9alis\u00e9 un carton d\u2019audience inattendu sur France 3.<\/p>\n<\/p><\/div>\n<p>La chronique se veut g\u00e9n\u00e9r\u00e9e de la fa\u00e7on la plus claire que possible. Dans le cas o\u00f9 vous souhaitez pr\u00e9senter des renseignements compl\u00e9mentaires \u00e0 cet article sur le sujet \u00ab\u00a0Fr\u00e8res jumeaux de l&rsquo;Essonnes\u00a0\u00bb il vous est possible d\u2019\u00e9crire aux contacts indiqu\u00e9s sur notre website. La raison d\u2019\u00eatre de jumeaux91.fr \u00e9tant de rassembler sur le web des posts sur le sujet de Fr\u00e8res jumeaux de l&rsquo;Essonnes puis les diffuser en r\u00e9pondant au mieux aux interrogations des gens. Vous pouvez tirer profit de cet article traitant le sujet \u00ab\u00a0Fr\u00e8res jumeaux de l&rsquo;Essonnes\u00a0\u00bb. Il est concoct\u00e9 par l\u2019\u00e9quipe jumeaux91.fr. Prochainement, nous rendrons accessibles au public d&rsquo;autres informations pertinentes sur le sujet \u00ab\u00a0Fr\u00e8res jumeaux de l&rsquo;Essonnes\u00a0\u00bb. Alors, consultez syst\u00e9matiquement notre blog.<\/p>\n","protected":false},"excerpt":{"rendered":"<p>Publi\u00e9 le 25\/06\/2025 \u00e0 16:20 Rex est diffus\u00e9e chaque jour sur France 3. La s\u00e9rie continue de r\u00e9aliser de tr\u00e8s bons scores en termes d\u2019audiences sur la cha\u00eene malgr\u00e9 son anciennet\u00e9. La s\u00e9rie Rex , o\u00f9 de nouveaux in\u00e9dits sont pr\u00e9vus cette ann\u00e9e, est diffus\u00e9e chaque apr\u00e8s-midi du lundi au vendredi sur France 3. La&hellip; <a class=\"more-link\" href=\"https:\/\/jumeaux91.fr\/blog\/cette-serie-pourtant-tres-ancienne-realise-un-carton-daudience-inattendu-sur-france-3\/\">Poursuivre la lecture <span class=\"screen-reader-text\">Cette s\u00e9rie pourtant tr\u00e8s ancienne r\u00e9alise un carton d\u2019audience inattendu sur France 3<\/span><\/a><\/p>\n","protected":false},"author":2,"featured_media":1377,"comment_status":"closed","ping_status":"closed","sticky":false,"template":"","format":"standard","meta":{"footnotes":""},"categories":[4],"tags":[],"class_list":["post-1376","post","type-post","status-publish","format-standard","has-post-thumbnail","hentry","category-posts-freres-jumeaux-de-lessonnes","entry"],"yoast_head":"<!-- This site is optimized with the Yoast SEO plugin v27.5 - https:\/\/yoast.com\/product\/yoast-seo-wordpress\/ -->\n<title>Cette s\u00e9rie pourtant tr\u00e8s ancienne r\u00e9alise un carton d\u2019audience inattendu sur France 3 - JUMEAUX91<\/title>\n<meta name=\"robots\" content=\"index, follow, max-snippet:-1, max-image-preview:large, max-video-preview:-1\" \/>\n<link rel=\"canonical\" href=\"https:\/\/jumeaux91.fr\/blog\/cette-serie-pourtant-tres-ancienne-realise-un-carton-daudience-inattendu-sur-france-3\/\" \/>\n<meta property=\"og:locale\" content=\"fr_FR\" \/>\n<meta property=\"og:type\" content=\"article\" \/>\n<meta property=\"og:title\" content=\"Cette s\u00e9rie pourtant tr\u00e8s ancienne r\u00e9alise un carton d\u2019audience inattendu sur France 3 - JUMEAUX91\" \/>\n<meta property=\"og:description\" content=\"Publi\u00e9 le 25\/06\/2025 \u00e0 16:20 Rex est diffus\u00e9e chaque jour sur France 3. La s\u00e9rie continue de r\u00e9aliser de tr\u00e8s bons scores en termes d\u2019audiences sur la cha\u00eene malgr\u00e9 son anciennet\u00e9. La s\u00e9rie Rex , o\u00f9 de nouveaux in\u00e9dits sont pr\u00e9vus cette ann\u00e9e, est diffus\u00e9e chaque apr\u00e8s-midi du lundi au vendredi sur France 3. La&hellip; Poursuivre la lecture Cette s\u00e9rie pourtant tr\u00e8s ancienne r\u00e9alise un carton d\u2019audience inattendu sur France 3\" \/>\n<meta property=\"og:url\" content=\"https:\/\/jumeaux91.fr\/blog\/cette-serie-pourtant-tres-ancienne-realise-un-carton-daudience-inattendu-sur-france-3\/\" \/>\n<meta property=\"og:site_name\" content=\"JUMEAUX91\" \/>\n<meta property=\"article:published_time\" content=\"2025-06-25T07:20:00+00:00\" \/>\n<meta property=\"og:image\" content=\"https:\/\/jumeaux91.fr\/blog\/wp-content\/uploads\/2025\/06\/cette-serie-pourtant-tres-ancienne-realise-un-carton-daudience-inattendu-sur-france-3.jpg\" \/>\n<meta name=\"author\" content=\"Claude DAYRES\" \/>\n<meta name=\"twitter:card\" content=\"summary_large_image\" \/>\n<meta name=\"twitter:label1\" content=\"\u00c9crit par\" \/>\n\t<meta name=\"twitter:data1\" content=\"Claude DAYRES\" \/>\n\t<meta name=\"twitter:label2\" content=\"Dur\u00e9e de lecture estim\u00e9e\" \/>\n\t<meta name=\"twitter:data2\" content=\"3 minutes\" \/>\n<script type=\"application\/ld+json\" class=\"yoast-schema-graph\">{\"@context\":\"https:\\\/\\\/schema.org\",\"@graph\":[{\"@type\":\"Article\",\"@id\":\"https:\\\/\\\/jumeaux91.fr\\\/blog\\\/cette-serie-pourtant-tres-ancienne-realise-un-carton-daudience-inattendu-sur-france-3\\\/#article\",\"isPartOf\":{\"@id\":\"https:\\\/\\\/jumeaux91.fr\\\/blog\\\/cette-serie-pourtant-tres-ancienne-realise-un-carton-daudience-inattendu-sur-france-3\\\/\"},\"author\":{\"name\":\"Claude DAYRES\",\"@id\":\"https:\\\/\\\/jumeaux91.fr\\\/blog\\\/#\\\/schema\\\/person\\\/21da06e9f119b9f64e5d45dbbd32d3fb\"},\"headline\":\"Cette s\u00e9rie pourtant tr\u00e8s ancienne r\u00e9alise un carton d\u2019audience inattendu sur France 3\",\"datePublished\":\"2025-06-25T07:20:00+00:00\",\"mainEntityOfPage\":{\"@id\":\"https:\\\/\\\/jumeaux91.fr\\\/blog\\\/cette-serie-pourtant-tres-ancienne-realise-un-carton-daudience-inattendu-sur-france-3\\\/\"},\"wordCount\":575,\"publisher\":{\"@id\":\"https:\\\/\\\/jumeaux91.fr\\\/blog\\\/#organization\"},\"image\":{\"@id\":\"https:\\\/\\\/jumeaux91.fr\\\/blog\\\/cette-serie-pourtant-tres-ancienne-realise-un-carton-daudience-inattendu-sur-france-3\\\/#primaryimage\"},\"thumbnailUrl\":\"https:\\\/\\\/jumeaux91.fr\\\/blog\\\/wp-content\\\/uploads\\\/2025\\\/06\\\/cette-serie-pourtant-tres-ancienne-realise-un-carton-daudience-inattendu-sur-france-3.jpg\",\"articleSection\":[\"Posts Fr\u00e8res Jumeaux De L'Essonnes:\"],\"inLanguage\":\"fr-FR\"},{\"@type\":\"WebPage\",\"@id\":\"https:\\\/\\\/jumeaux91.fr\\\/blog\\\/cette-serie-pourtant-tres-ancienne-realise-un-carton-daudience-inattendu-sur-france-3\\\/\",\"url\":\"https:\\\/\\\/jumeaux91.fr\\\/blog\\\/cette-serie-pourtant-tres-ancienne-realise-un-carton-daudience-inattendu-sur-france-3\\\/\",\"name\":\"Cette s\u00e9rie pourtant tr\u00e8s ancienne r\u00e9alise un carton d\u2019audience inattendu sur France 3 - JUMEAUX91\",\"isPartOf\":{\"@id\":\"https:\\\/\\\/jumeaux91.fr\\\/blog\\\/#website\"},\"primaryImageOfPage\":{\"@id\":\"https:\\\/\\\/jumeaux91.fr\\\/blog\\\/cette-serie-pourtant-tres-ancienne-realise-un-carton-daudience-inattendu-sur-france-3\\\/#primaryimage\"},\"image\":{\"@id\":\"https:\\\/\\\/jumeaux91.fr\\\/blog\\\/cette-serie-pourtant-tres-ancienne-realise-un-carton-daudience-inattendu-sur-france-3\\\/#primaryimage\"},\"thumbnailUrl\":\"https:\\\/\\\/jumeaux91.fr\\\/blog\\\/wp-content\\\/uploads\\\/2025\\\/06\\\/cette-serie-pourtant-tres-ancienne-realise-un-carton-daudience-inattendu-sur-france-3.jpg\",\"datePublished\":\"2025-06-25T07:20:00+00:00\",\"breadcrumb\":{\"@id\":\"https:\\\/\\\/jumeaux91.fr\\\/blog\\\/cette-serie-pourtant-tres-ancienne-realise-un-carton-daudience-inattendu-sur-france-3\\\/#breadcrumb\"},\"inLanguage\":\"fr-FR\",\"potentialAction\":[{\"@type\":\"ReadAction\",\"target\":[\"https:\\\/\\\/jumeaux91.fr\\\/blog\\\/cette-serie-pourtant-tres-ancienne-realise-un-carton-daudience-inattendu-sur-france-3\\\/\"]}]},{\"@type\":\"ImageObject\",\"inLanguage\":\"fr-FR\",\"@id\":\"https:\\\/\\\/jumeaux91.fr\\\/blog\\\/cette-serie-pourtant-tres-ancienne-realise-un-carton-daudience-inattendu-sur-france-3\\\/#primaryimage\",\"url\":\"https:\\\/\\\/jumeaux91.fr\\\/blog\\\/wp-content\\\/uploads\\\/2025\\\/06\\\/cette-serie-pourtant-tres-ancienne-realise-un-carton-daudience-inattendu-sur-france-3.jpg\",\"contentUrl\":\"https:\\\/\\\/jumeaux91.fr\\\/blog\\\/wp-content\\\/uploads\\\/2025\\\/06\\\/cette-serie-pourtant-tres-ancienne-realise-un-carton-daudience-inattendu-sur-france-3.jpg\",\"width\":1200,\"height\":640,\"caption\":\"Cette s\u00e9rie pourtant tr\u00e8s ancienne r\u00e9alise un carton d\u2019audience inattendu sur France 3\"},{\"@type\":\"BreadcrumbList\",\"@id\":\"https:\\\/\\\/jumeaux91.fr\\\/blog\\\/cette-serie-pourtant-tres-ancienne-realise-un-carton-daudience-inattendu-sur-france-3\\\/#breadcrumb\",\"itemListElement\":[{\"@type\":\"ListItem\",\"position\":1,\"name\":\"Accueil\",\"item\":\"https:\\\/\\\/jumeaux91.fr\\\/blog\\\/\"},{\"@type\":\"ListItem\",\"position\":2,\"name\":\"Cette s\u00e9rie pourtant tr\u00e8s ancienne r\u00e9alise un carton d\u2019audience inattendu sur France 3\"}]},{\"@type\":\"WebSite\",\"@id\":\"https:\\\/\\\/jumeaux91.fr\\\/blog\\\/#website\",\"url\":\"https:\\\/\\\/jumeaux91.fr\\\/blog\\\/\",\"name\":\"JUMEAUX91\",\"description\":\"Fr\u00e8res jumeaux de l&#039;Essonnes; informations et archives, \u00e0 savoir et retenir.\",\"publisher\":{\"@id\":\"https:\\\/\\\/jumeaux91.fr\\\/blog\\\/#organization\"},\"potentialAction\":[{\"@type\":\"SearchAction\",\"target\":{\"@type\":\"EntryPoint\",\"urlTemplate\":\"https:\\\/\\\/jumeaux91.fr\\\/blog\\\/?s={search_term_string}\"},\"query-input\":{\"@type\":\"PropertyValueSpecification\",\"valueRequired\":true,\"valueName\":\"search_term_string\"}}],\"inLanguage\":\"fr-FR\"},{\"@type\":\"Organization\",\"@id\":\"https:\\\/\\\/jumeaux91.fr\\\/blog\\\/#organization\",\"name\":\"jumeaux91\",\"url\":\"https:\\\/\\\/jumeaux91.fr\\\/blog\\\/\",\"logo\":{\"@type\":\"ImageObject\",\"inLanguage\":\"fr-FR\",\"@id\":\"https:\\\/\\\/jumeaux91.fr\\\/blog\\\/#\\\/schema\\\/logo\\\/image\\\/\",\"url\":\"https:\\\/\\\/jumeaux91.fr\\\/blog\\\/wp-content\\\/uploads\\\/2023\\\/05\\\/cropped-cropped-logoJ_91.png\",\"contentUrl\":\"https:\\\/\\\/jumeaux91.fr\\\/blog\\\/wp-content\\\/uploads\\\/2023\\\/05\\\/cropped-cropped-logoJ_91.png\",\"width\":512,\"height\":512,\"caption\":\"jumeaux91\"},\"image\":{\"@id\":\"https:\\\/\\\/jumeaux91.fr\\\/blog\\\/#\\\/schema\\\/logo\\\/image\\\/\"}},{\"@type\":\"Person\",\"@id\":\"https:\\\/\\\/jumeaux91.fr\\\/blog\\\/#\\\/schema\\\/person\\\/21da06e9f119b9f64e5d45dbbd32d3fb\",\"name\":\"Claude DAYRES\",\"image\":{\"@type\":\"ImageObject\",\"inLanguage\":\"fr-FR\",\"@id\":\"https:\\\/\\\/secure.gravatar.com\\\/avatar\\\/82eb951df6110a2c48d1bfa7a67d1ee6f0cd5df3cbf9c3586dd61e82db7172a5?s=96&d=mm&r=g\",\"url\":\"https:\\\/\\\/secure.gravatar.com\\\/avatar\\\/82eb951df6110a2c48d1bfa7a67d1ee6f0cd5df3cbf9c3586dd61e82db7172a5?s=96&d=mm&r=g\",\"contentUrl\":\"https:\\\/\\\/secure.gravatar.com\\\/avatar\\\/82eb951df6110a2c48d1bfa7a67d1ee6f0cd5df3cbf9c3586dd61e82db7172a5?s=96&d=mm&r=g\",\"caption\":\"Claude DAYRES\"},\"url\":\"https:\\\/\\\/jumeaux91.fr\\\/blog\\\/author\\\/x91claude\\\/\"}]}<\/script>\n<!-- \/ Yoast SEO plugin. -->","yoast_head_json":{"title":"Cette s\u00e9rie pourtant tr\u00e8s ancienne r\u00e9alise un carton d\u2019audience inattendu sur France 3 - JUMEAUX91","robots":{"index":"index","follow":"follow","max-snippet":"max-snippet:-1","max-image-preview":"max-image-preview:large","max-video-preview":"max-video-preview:-1"},"canonical":"https:\/\/jumeaux91.fr\/blog\/cette-serie-pourtant-tres-ancienne-realise-un-carton-daudience-inattendu-sur-france-3\/","og_locale":"fr_FR","og_type":"article","og_title":"Cette s\u00e9rie pourtant tr\u00e8s ancienne r\u00e9alise un carton d\u2019audience inattendu sur France 3 - JUMEAUX91","og_description":"Publi\u00e9 le 25\/06\/2025 \u00e0 16:20 Rex est diffus\u00e9e chaque jour sur France 3. La s\u00e9rie continue de r\u00e9aliser de tr\u00e8s bons scores en termes d\u2019audiences sur la cha\u00eene malgr\u00e9 son anciennet\u00e9. La s\u00e9rie Rex , o\u00f9 de nouveaux in\u00e9dits sont pr\u00e9vus cette ann\u00e9e, est diffus\u00e9e chaque apr\u00e8s-midi du lundi au vendredi sur France 3. La&hellip; Poursuivre la lecture Cette s\u00e9rie pourtant tr\u00e8s ancienne r\u00e9alise un carton d\u2019audience inattendu sur France 3","og_url":"https:\/\/jumeaux91.fr\/blog\/cette-serie-pourtant-tres-ancienne-realise-un-carton-daudience-inattendu-sur-france-3\/","og_site_name":"JUMEAUX91","article_published_time":"2025-06-25T07:20:00+00:00","og_image":[{"url":"https:\/\/jumeaux91.fr\/blog\/wp-content\/uploads\/2025\/06\/cette-serie-pourtant-tres-ancienne-realise-un-carton-daudience-inattendu-sur-france-3.jpg","type":"","width":"","height":""}],"author":"Claude DAYRES","twitter_card":"summary_large_image","twitter_misc":{"\u00c9crit par":"Claude DAYRES","Dur\u00e9e de lecture estim\u00e9e":"3 minutes"},"schema":{"@context":"https:\/\/schema.org","@graph":[{"@type":"Article","@id":"https:\/\/jumeaux91.fr\/blog\/cette-serie-pourtant-tres-ancienne-realise-un-carton-daudience-inattendu-sur-france-3\/#article","isPartOf":{"@id":"https:\/\/jumeaux91.fr\/blog\/cette-serie-pourtant-tres-ancienne-realise-un-carton-daudience-inattendu-sur-france-3\/"},"author":{"name":"Claude DAYRES","@id":"https:\/\/jumeaux91.fr\/blog\/#\/schema\/person\/21da06e9f119b9f64e5d45dbbd32d3fb"},"headline":"Cette s\u00e9rie pourtant tr\u00e8s ancienne r\u00e9alise un carton d\u2019audience inattendu sur France 3","datePublished":"2025-06-25T07:20:00+00:00","mainEntityOfPage":{"@id":"https:\/\/jumeaux91.fr\/blog\/cette-serie-pourtant-tres-ancienne-realise-un-carton-daudience-inattendu-sur-france-3\/"},"wordCount":575,"publisher":{"@id":"https:\/\/jumeaux91.fr\/blog\/#organization"},"image":{"@id":"https:\/\/jumeaux91.fr\/blog\/cette-serie-pourtant-tres-ancienne-realise-un-carton-daudience-inattendu-sur-france-3\/#primaryimage"},"thumbnailUrl":"https:\/\/jumeaux91.fr\/blog\/wp-content\/uploads\/2025\/06\/cette-serie-pourtant-tres-ancienne-realise-un-carton-daudience-inattendu-sur-france-3.jpg","articleSection":["Posts Fr\u00e8res Jumeaux De L'Essonnes:"],"inLanguage":"fr-FR"},{"@type":"WebPage","@id":"https:\/\/jumeaux91.fr\/blog\/cette-serie-pourtant-tres-ancienne-realise-un-carton-daudience-inattendu-sur-france-3\/","url":"https:\/\/jumeaux91.fr\/blog\/cette-serie-pourtant-tres-ancienne-realise-un-carton-daudience-inattendu-sur-france-3\/","name":"Cette s\u00e9rie pourtant tr\u00e8s ancienne r\u00e9alise un carton d\u2019audience inattendu sur France 3 - JUMEAUX91","isPartOf":{"@id":"https:\/\/jumeaux91.fr\/blog\/#website"},"primaryImageOfPage":{"@id":"https:\/\/jumeaux91.fr\/blog\/cette-serie-pourtant-tres-ancienne-realise-un-carton-daudience-inattendu-sur-france-3\/#primaryimage"},"image":{"@id":"https:\/\/jumeaux91.fr\/blog\/cette-serie-pourtant-tres-ancienne-realise-un-carton-daudience-inattendu-sur-france-3\/#primaryimage"},"thumbnailUrl":"https:\/\/jumeaux91.fr\/blog\/wp-content\/uploads\/2025\/06\/cette-serie-pourtant-tres-ancienne-realise-un-carton-daudience-inattendu-sur-france-3.jpg","datePublished":"2025-06-25T07:20:00+00:00","breadcrumb":{"@id":"https:\/\/jumeaux91.fr\/blog\/cette-serie-pourtant-tres-ancienne-realise-un-carton-daudience-inattendu-sur-france-3\/#breadcrumb"},"inLanguage":"fr-FR","potentialAction":[{"@type":"ReadAction","target":["https:\/\/jumeaux91.fr\/blog\/cette-serie-pourtant-tres-ancienne-realise-un-carton-daudience-inattendu-sur-france-3\/"]}]},{"@type":"ImageObject","inLanguage":"fr-FR","@id":"https:\/\/jumeaux91.fr\/blog\/cette-serie-pourtant-tres-ancienne-realise-un-carton-daudience-inattendu-sur-france-3\/#primaryimage","url":"https:\/\/jumeaux91.fr\/blog\/wp-content\/uploads\/2025\/06\/cette-serie-pourtant-tres-ancienne-realise-un-carton-daudience-inattendu-sur-france-3.jpg","contentUrl":"https:\/\/jumeaux91.fr\/blog\/wp-content\/uploads\/2025\/06\/cette-serie-pourtant-tres-ancienne-realise-un-carton-daudience-inattendu-sur-france-3.jpg","width":1200,"height":640,"caption":"Cette s\u00e9rie pourtant tr\u00e8s ancienne r\u00e9alise un carton d\u2019audience inattendu sur France 3"},{"@type":"BreadcrumbList","@id":"https:\/\/jumeaux91.fr\/blog\/cette-serie-pourtant-tres-ancienne-realise-un-carton-daudience-inattendu-sur-france-3\/#breadcrumb","itemListElement":[{"@type":"ListItem","position":1,"name":"Accueil","item":"https:\/\/jumeaux91.fr\/blog\/"},{"@type":"ListItem","position":2,"name":"Cette s\u00e9rie pourtant tr\u00e8s ancienne r\u00e9alise un carton d\u2019audience inattendu sur France 3"}]},{"@type":"WebSite","@id":"https:\/\/jumeaux91.fr\/blog\/#website","url":"https:\/\/jumeaux91.fr\/blog\/","name":"JUMEAUX91","description":"Fr\u00e8res jumeaux de l&#039;Essonnes; informations et archives, \u00e0 savoir et retenir.","publisher":{"@id":"https:\/\/jumeaux91.fr\/blog\/#organization"},"potentialAction":[{"@type":"SearchAction","target":{"@type":"EntryPoint","urlTemplate":"https:\/\/jumeaux91.fr\/blog\/?s={search_term_string}"},"query-input":{"@type":"PropertyValueSpecification","valueRequired":true,"valueName":"search_term_string"}}],"inLanguage":"fr-FR"},{"@type":"Organization","@id":"https:\/\/jumeaux91.fr\/blog\/#organization","name":"jumeaux91","url":"https:\/\/jumeaux91.fr\/blog\/","logo":{"@type":"ImageObject","inLanguage":"fr-FR","@id":"https:\/\/jumeaux91.fr\/blog\/#\/schema\/logo\/image\/","url":"https:\/\/jumeaux91.fr\/blog\/wp-content\/uploads\/2023\/05\/cropped-cropped-logoJ_91.png","contentUrl":"https:\/\/jumeaux91.fr\/blog\/wp-content\/uploads\/2023\/05\/cropped-cropped-logoJ_91.png","width":512,"height":512,"caption":"jumeaux91"},"image":{"@id":"https:\/\/jumeaux91.fr\/blog\/#\/schema\/logo\/image\/"}},{"@type":"Person","@id":"https:\/\/jumeaux91.fr\/blog\/#\/schema\/person\/21da06e9f119b9f64e5d45dbbd32d3fb","name":"Claude DAYRES","image":{"@type":"ImageObject","inLanguage":"fr-FR","@id":"https:\/\/secure.gravatar.com\/avatar\/82eb951df6110a2c48d1bfa7a67d1ee6f0cd5df3cbf9c3586dd61e82db7172a5?s=96&d=mm&r=g","url":"https:\/\/secure.gravatar.com\/avatar\/82eb951df6110a2c48d1bfa7a67d1ee6f0cd5df3cbf9c3586dd61e82db7172a5?s=96&d=mm&r=g","contentUrl":"https:\/\/secure.gravatar.com\/avatar\/82eb951df6110a2c48d1bfa7a67d1ee6f0cd5df3cbf9c3586dd61e82db7172a5?s=96&d=mm&r=g","caption":"Claude DAYRES"},"url":"https:\/\/jumeaux91.fr\/blog\/author\/x91claude\/"}]}},"_links":{"self":[{"href":"https:\/\/jumeaux91.fr\/blog\/wp-json\/wp\/v2\/posts\/1376","targetHints":{"allow":["GET"]}}],"collection":[{"href":"https:\/\/jumeaux91.fr\/blog\/wp-json\/wp\/v2\/posts"}],"about":[{"href":"https:\/\/jumeaux91.fr\/blog\/wp-json\/wp\/v2\/types\/post"}],"author":[{"embeddable":true,"href":"https:\/\/jumeaux91.fr\/blog\/wp-json\/wp\/v2\/users\/2"}],"replies":[{"embeddable":true,"href":"https:\/\/jumeaux91.fr\/blog\/wp-json\/wp\/v2\/comments?post=1376"}],"version-history":[{"count":0,"href":"https:\/\/jumeaux91.fr\/blog\/wp-json\/wp\/v2\/posts\/1376\/revisions"}],"wp:featuredmedia":[{"embeddable":true,"href":"https:\/\/jumeaux91.fr\/blog\/wp-json\/wp\/v2\/media\/1377"}],"wp:attachment":[{"href":"https:\/\/jumeaux91.fr\/blog\/wp-json\/wp\/v2\/media?parent=1376"}],"wp:term":[{"taxonomy":"category","embeddable":true,"href":"https:\/\/jumeaux91.fr\/blog\/wp-json\/wp\/v2\/categories?post=1376"},{"taxonomy":"post_tag","embeddable":true,"href":"https:\/\/jumeaux91.fr\/blog\/wp-json\/wp\/v2\/tags?post=1376"}],"curies":[{"name":"wp","href":"https:\/\/api.w.org\/{rel}","templated":true}]}}