{"id":1383,"date":"2025-06-27T03:30:00","date_gmt":"2025-06-27T01:30:00","guid":{"rendered":"https:\/\/jumeaux91.fr\/blog\/des-freres-accusent-leur-mere-complotiste-apres-la-mort-de-leur-soeur-atteinte-dun-cancer\/"},"modified":"2025-06-27T03:30:00","modified_gmt":"2025-06-27T01:30:00","slug":"des-freres-accusent-leur-mere-complotiste-apres-la-mort-de-leur-soeur-atteinte-dun-cancer","status":"publish","type":"post","link":"https:\/\/jumeaux91.fr\/blog\/des-freres-accusent-leur-mere-complotiste-apres-la-mort-de-leur-soeur-atteinte-dun-cancer\/","title":{"rendered":"Des fr\u00e8res accusent leur m\u00e8re complotiste, apr\u00e8s la mort de leur soeur atteinte d&rsquo;un cancer"},"content":{"rendered":"<div><img decoding=\"async\" src=\"https:\/\/jumeaux91.fr\/blog\/wp-content\/uploads\/2025\/06\/des-freres-accusent-leur-mere-complotiste-apres-la-mort-de-leur-soeur-atteinte-dun-cancer.jpg\" class=\"ff-og-image-inserted\"><\/div>\n<p>A 23 ans, Paloma est morte d&rsquo;un cancer au Royaume-Uni, apr\u00e8s avoir refus\u00e9 une chimioth\u00e9rapie, et ses fr\u00e8res bl\u00e2ment leur m\u00e8re, influenceuse complotiste. Ils esp\u00e8rent qu&rsquo;une enqu\u00eate le mois prochain contribuera \u00e0 \u00e9tablir la v\u00e9rit\u00e9.<\/p>\n<p>Paloma, d\u00e9c\u00e9d\u00e9e l&rsquo;\u00e9t\u00e9 dernier d&rsquo;une crise cardiaque, \u00ab\u00a0\u00e9tait nourrie de fausses informations\u00a0\u00bb, explique son fr\u00e8re jumeau Gabriel Shemirani \u00e0 l&rsquo;AFP. \u00ab\u00a0Notre m\u00e8re s&rsquo;opposait aux traitements m\u00e9dicaux qui auraient pu la sauver\u00a0\u00bb.<\/p>\n<p>Kate Shemirani, une ancienne infirmi\u00e8re interdite d&rsquo;exercice, est connue sur les r\u00e9seaux sociaux pour ses prises de position contre les vaccins et la chimioth\u00e9rapie &#8211; qu&rsquo;elle traite de \u00ab\u00a0poison\u00a0\u00bb ou de \u00ab\u00a0gaz moutarde\u00a0\u00bb &#8211; et pour sa promotion de traitements alternatifs non prouv\u00e9s.<\/p>\n<p>Paloma \u00e9tait tomb\u00e9e malade en 2023 \u00e0 22 ans, peu apr\u00e8s la fin de ses \u00e9tudes universitaires, atteinte d&rsquo;un lymphome non hodgkinien, cancer \u00ab\u00a0tr\u00e8s traitable\u00a0\u00bb, selon le syst\u00e8me public de sant\u00e9 britannique (NHS).<\/p>\n<p>Mais Paloma avait refus\u00e9 la chimioth\u00e9rapie, influenc\u00e9e selon Gabriel par leur m\u00e8re favorable aux traitements alternatifs. Elle avait choisi un traitement controvers\u00e9 \u00e0 base de lavements et jus de l\u00e9gumes et elle est morte chez sa m\u00e8re en juillet 2024.<\/p>\n<p>Selon Cancer Research UK, il n&rsquo;existe \u00ab\u00a0aucune preuve scientifique\u00a0\u00bb que cette m\u00e9thode Gerson puisse traiter le cancer.<\/p>\n<p>Avec son fr\u00e8re a\u00een\u00e9 Sebastian, Gabriel avait saisi la justice dans les derniers mois de Paloma, pour qu&rsquo;elle soit vue par un m\u00e9decin, et avait \u00e9galement sollicit\u00e9 les services sociaux et la police.<\/p>\n<p>Une enqu\u00eate doit s&rsquo;ouvrir le 28 juillet.<\/p>\n<p>\u00ab\u00a0Je veux que le m\u00e9decin l\u00e9giste dise pourquoi elle est morte, et que ce soit suivi d&rsquo;une enqu\u00eate de police\u00a0\u00bb, dit Gabriel \u00e0 l&rsquo;AFP.<\/p>\n<p>&#8211; Graines d&rsquo;abricot &#8211;<\/p>\n<p>Sa m\u00e8re, sollicit\u00e9e par l&rsquo;AFP, n&rsquo;a pas donn\u00e9 suite.<\/p>\n<p>Sur X, elle a affirm\u00e9 que sa fille n&rsquo;avait \u00ab\u00a0jamais \u00e9t\u00e9 contrainte\u00a0\u00bb et a pr\u00e9sent\u00e9 une lettre d&rsquo;avril 2024, dans laquelle la jeune femme indiquait qu&rsquo;elle n&rsquo;avait \u00ab\u00a0subi aucun abus de la part de (sa) m\u00e8re\u00a0\u00bb avec laquelle elle \u00e9tait retourn\u00e9e vivre. Paloma avait aussi mis en doute son diagnostic.<\/p>\n<p>Pour Kate Shemirani, sa fille est morte en raison \u00ab\u00a0d&rsquo;une cha\u00eene de graves erreurs m\u00e9dicales, de violations de la loi sur le consentement, de falsifications de dossiers m\u00e9dicaux et de l&rsquo;utilisation imprudente de m\u00e9dicaments d&rsquo;urgence\u00a0\u00bb.<\/p>\n<p>La BBC a consacr\u00e9 cette semaine un \u00e9pisode de son \u00e9mission phare Panorama et un podcast d&rsquo;investigation \u00e0 l&rsquo;histoire de Paloma.<\/p>\n<p>\u00ab\u00a0Ma m\u00e8re est une complotiste nationale qui a appel\u00e9 \u00e0 pendre m\u00e9decins et infirmiers\u00a0\u00bb, raconte Gabriel, \u00e9tudiant \u00e0 la London School of Economics \u00e0 Londres, en expliquant qu&rsquo;il avait grandi berc\u00e9 par des th\u00e9ories du complot, \u00e9mises par ses parents.<\/p>\n<p>Suspendue de Twitter en 2022 pour ses propos sur le Covid, sa m\u00e8re a \u00e9t\u00e9 r\u00e9int\u00e9gr\u00e9e sur X en 2023. Elle y compte plus de 81.000 abonn\u00e9s, 28.000 sur Facebook et 21.000 sur Instagram.<\/p>\n<p>Son site internet propose des consultations payantes et vend des graines d&rsquo;abricot et des vitamines.<\/p>\n<p>Gabriel Shemirani appelle \u00e0 un meilleur encadrement des contenus m\u00e9dicaux sur les r\u00e9seaux sociaux.<\/p>\n<p>\u00ab\u00a0On ne devrait pas pouvoir formuler des affirmations m\u00e9dicales allant \u00e0 l&rsquo;encontre du consensus scientifique, et il devrait y avoir un organisme tiers tenant les plateformes responsables en termes de contenus m\u00e9dicaux\u00a0\u00bb, ajoute-t-il.<\/p>\n<p>am\/bd\/alm\/bow<\/p>\n<p>X<\/p>\n<p> La chronique se veut g\u00e9n\u00e9r\u00e9e de la fa\u00e7on la plus claire que possible. Dans le cas o\u00f9 vous souhaitez pr\u00e9senter des renseignements compl\u00e9mentaires \u00e0 cet article sur le sujet \u00ab\u00a0Fr\u00e8res jumeaux de l&rsquo;Essonnes\u00a0\u00bb il vous est possible d\u2019\u00e9crire aux contacts indiqu\u00e9s sur notre website. La raison d\u2019\u00eatre de jumeaux91.fr \u00e9tant de rassembler sur le web des posts sur le sujet de Fr\u00e8res jumeaux de l&rsquo;Essonnes puis les diffuser en r\u00e9pondant au mieux aux interrogations des gens. Vous pouvez tirer profit de cet article traitant le sujet \u00ab\u00a0Fr\u00e8res jumeaux de l&rsquo;Essonnes\u00a0\u00bb. Il est concoct\u00e9 par l\u2019\u00e9quipe jumeaux91.fr. Prochainement, nous rendrons accessibles au public d&rsquo;autres informations pertinentes sur le sujet \u00ab\u00a0Fr\u00e8res jumeaux de l&rsquo;Essonnes\u00a0\u00bb. Alors, consultez syst\u00e9matiquement notre blog.<\/p>\n","protected":false},"excerpt":{"rendered":"<p>A 23 ans, Paloma est morte d&rsquo;un cancer au Royaume-Uni, apr\u00e8s avoir refus\u00e9 une chimioth\u00e9rapie, et ses fr\u00e8res bl\u00e2ment leur m\u00e8re, influenceuse complotiste. Ils esp\u00e8rent qu&rsquo;une enqu\u00eate le mois prochain contribuera \u00e0 \u00e9tablir la v\u00e9rit\u00e9. Paloma, d\u00e9c\u00e9d\u00e9e l&rsquo;\u00e9t\u00e9 dernier d&rsquo;une crise cardiaque, \u00ab\u00a0\u00e9tait nourrie de fausses informations\u00a0\u00bb, explique son fr\u00e8re jumeau Gabriel Shemirani \u00e0 l&rsquo;AFP.&hellip; <a class=\"more-link\" href=\"https:\/\/jumeaux91.fr\/blog\/des-freres-accusent-leur-mere-complotiste-apres-la-mort-de-leur-soeur-atteinte-dun-cancer\/\">Poursuivre la lecture <span class=\"screen-reader-text\">Des fr\u00e8res accusent leur m\u00e8re complotiste, apr\u00e8s la mort de leur soeur atteinte d&rsquo;un cancer<\/span><\/a><\/p>\n","protected":false},"author":2,"featured_media":1384,"comment_status":"closed","ping_status":"closed","sticky":false,"template":"","format":"standard","meta":{"footnotes":""},"categories":[4],"tags":[],"class_list":["post-1383","post","type-post","status-publish","format-standard","has-post-thumbnail","hentry","category-posts-freres-jumeaux-de-lessonnes","entry"],"yoast_head":"<!-- This site is optimized with the Yoast SEO plugin v27.5 - https:\/\/yoast.com\/product\/yoast-seo-wordpress\/ -->\n<title>Des fr\u00e8res accusent leur m\u00e8re complotiste, apr\u00e8s la mort de leur soeur atteinte d&#039;un cancer - JUMEAUX91<\/title>\n<meta name=\"robots\" content=\"index, follow, max-snippet:-1, max-image-preview:large, max-video-preview:-1\" \/>\n<link rel=\"canonical\" href=\"https:\/\/jumeaux91.fr\/blog\/des-freres-accusent-leur-mere-complotiste-apres-la-mort-de-leur-soeur-atteinte-dun-cancer\/\" \/>\n<meta property=\"og:locale\" content=\"fr_FR\" \/>\n<meta property=\"og:type\" content=\"article\" \/>\n<meta property=\"og:title\" content=\"Des fr\u00e8res accusent leur m\u00e8re complotiste, apr\u00e8s la mort de leur soeur atteinte d&#039;un cancer - JUMEAUX91\" \/>\n<meta property=\"og:description\" content=\"A 23 ans, Paloma est morte d&rsquo;un cancer au Royaume-Uni, apr\u00e8s avoir refus\u00e9 une chimioth\u00e9rapie, et ses fr\u00e8res bl\u00e2ment leur m\u00e8re, influenceuse complotiste. Ils esp\u00e8rent qu&rsquo;une enqu\u00eate le mois prochain contribuera \u00e0 \u00e9tablir la v\u00e9rit\u00e9. Paloma, d\u00e9c\u00e9d\u00e9e l&rsquo;\u00e9t\u00e9 dernier d&rsquo;une crise cardiaque, \u00ab\u00a0\u00e9tait nourrie de fausses informations\u00a0\u00bb, explique son fr\u00e8re jumeau Gabriel Shemirani \u00e0 l&rsquo;AFP.&hellip; Poursuivre la lecture Des fr\u00e8res accusent leur m\u00e8re complotiste, apr\u00e8s la mort de leur soeur atteinte d&rsquo;un cancer\" \/>\n<meta property=\"og:url\" content=\"https:\/\/jumeaux91.fr\/blog\/des-freres-accusent-leur-mere-complotiste-apres-la-mort-de-leur-soeur-atteinte-dun-cancer\/\" \/>\n<meta property=\"og:site_name\" content=\"JUMEAUX91\" \/>\n<meta property=\"article:published_time\" content=\"2025-06-27T01:30:00+00:00\" \/>\n<meta property=\"og:image\" content=\"https:\/\/jumeaux91.fr\/blog\/wp-content\/uploads\/2025\/06\/des-freres-accusent-leur-mere-complotiste-apres-la-mort-de-leur-soeur-atteinte-dun-cancer.jpg\" \/>\n<meta name=\"author\" content=\"Claude DAYRES\" \/>\n<meta name=\"twitter:card\" content=\"summary_large_image\" \/>\n<meta name=\"twitter:label1\" content=\"\u00c9crit par\" \/>\n\t<meta name=\"twitter:data1\" content=\"Claude DAYRES\" \/>\n\t<meta name=\"twitter:label2\" content=\"Dur\u00e9e de lecture estim\u00e9e\" \/>\n\t<meta name=\"twitter:data2\" content=\"3 minutes\" \/>\n<script type=\"application\/ld+json\" class=\"yoast-schema-graph\">{\"@context\":\"https:\\\/\\\/schema.org\",\"@graph\":[{\"@type\":\"Article\",\"@id\":\"https:\\\/\\\/jumeaux91.fr\\\/blog\\\/des-freres-accusent-leur-mere-complotiste-apres-la-mort-de-leur-soeur-atteinte-dun-cancer\\\/#article\",\"isPartOf\":{\"@id\":\"https:\\\/\\\/jumeaux91.fr\\\/blog\\\/des-freres-accusent-leur-mere-complotiste-apres-la-mort-de-leur-soeur-atteinte-dun-cancer\\\/\"},\"author\":{\"name\":\"Claude DAYRES\",\"@id\":\"https:\\\/\\\/jumeaux91.fr\\\/blog\\\/#\\\/schema\\\/person\\\/21da06e9f119b9f64e5d45dbbd32d3fb\"},\"headline\":\"Des fr\u00e8res accusent leur m\u00e8re complotiste, apr\u00e8s la mort de leur soeur atteinte d&rsquo;un cancer\",\"datePublished\":\"2025-06-27T01:30:00+00:00\",\"mainEntityOfPage\":{\"@id\":\"https:\\\/\\\/jumeaux91.fr\\\/blog\\\/des-freres-accusent-leur-mere-complotiste-apres-la-mort-de-leur-soeur-atteinte-dun-cancer\\\/\"},\"wordCount\":744,\"publisher\":{\"@id\":\"https:\\\/\\\/jumeaux91.fr\\\/blog\\\/#organization\"},\"image\":{\"@id\":\"https:\\\/\\\/jumeaux91.fr\\\/blog\\\/des-freres-accusent-leur-mere-complotiste-apres-la-mort-de-leur-soeur-atteinte-dun-cancer\\\/#primaryimage\"},\"thumbnailUrl\":\"https:\\\/\\\/jumeaux91.fr\\\/blog\\\/wp-content\\\/uploads\\\/2025\\\/06\\\/des-freres-accusent-leur-mere-complotiste-apres-la-mort-de-leur-soeur-atteinte-dun-cancer.jpg\",\"articleSection\":[\"Posts Fr\u00e8res Jumeaux De L'Essonnes:\"],\"inLanguage\":\"fr-FR\"},{\"@type\":\"WebPage\",\"@id\":\"https:\\\/\\\/jumeaux91.fr\\\/blog\\\/des-freres-accusent-leur-mere-complotiste-apres-la-mort-de-leur-soeur-atteinte-dun-cancer\\\/\",\"url\":\"https:\\\/\\\/jumeaux91.fr\\\/blog\\\/des-freres-accusent-leur-mere-complotiste-apres-la-mort-de-leur-soeur-atteinte-dun-cancer\\\/\",\"name\":\"Des fr\u00e8res accusent leur m\u00e8re complotiste, apr\u00e8s la mort de leur soeur atteinte d'un cancer - JUMEAUX91\",\"isPartOf\":{\"@id\":\"https:\\\/\\\/jumeaux91.fr\\\/blog\\\/#website\"},\"primaryImageOfPage\":{\"@id\":\"https:\\\/\\\/jumeaux91.fr\\\/blog\\\/des-freres-accusent-leur-mere-complotiste-apres-la-mort-de-leur-soeur-atteinte-dun-cancer\\\/#primaryimage\"},\"image\":{\"@id\":\"https:\\\/\\\/jumeaux91.fr\\\/blog\\\/des-freres-accusent-leur-mere-complotiste-apres-la-mort-de-leur-soeur-atteinte-dun-cancer\\\/#primaryimage\"},\"thumbnailUrl\":\"https:\\\/\\\/jumeaux91.fr\\\/blog\\\/wp-content\\\/uploads\\\/2025\\\/06\\\/des-freres-accusent-leur-mere-complotiste-apres-la-mort-de-leur-soeur-atteinte-dun-cancer.jpg\",\"datePublished\":\"2025-06-27T01:30:00+00:00\",\"breadcrumb\":{\"@id\":\"https:\\\/\\\/jumeaux91.fr\\\/blog\\\/des-freres-accusent-leur-mere-complotiste-apres-la-mort-de-leur-soeur-atteinte-dun-cancer\\\/#breadcrumb\"},\"inLanguage\":\"fr-FR\",\"potentialAction\":[{\"@type\":\"ReadAction\",\"target\":[\"https:\\\/\\\/jumeaux91.fr\\\/blog\\\/des-freres-accusent-leur-mere-complotiste-apres-la-mort-de-leur-soeur-atteinte-dun-cancer\\\/\"]}]},{\"@type\":\"ImageObject\",\"inLanguage\":\"fr-FR\",\"@id\":\"https:\\\/\\\/jumeaux91.fr\\\/blog\\\/des-freres-accusent-leur-mere-complotiste-apres-la-mort-de-leur-soeur-atteinte-dun-cancer\\\/#primaryimage\",\"url\":\"https:\\\/\\\/jumeaux91.fr\\\/blog\\\/wp-content\\\/uploads\\\/2025\\\/06\\\/des-freres-accusent-leur-mere-complotiste-apres-la-mort-de-leur-soeur-atteinte-dun-cancer.jpg\",\"contentUrl\":\"https:\\\/\\\/jumeaux91.fr\\\/blog\\\/wp-content\\\/uploads\\\/2025\\\/06\\\/des-freres-accusent-leur-mere-complotiste-apres-la-mort-de-leur-soeur-atteinte-dun-cancer.jpg\",\"width\":2000,\"height\":1125,\"caption\":\"Des fr\u00e8res accusent leur m\u00e8re complotiste, apr\u00e8s la mort de leur soeur atteinte d'un cancer\"},{\"@type\":\"BreadcrumbList\",\"@id\":\"https:\\\/\\\/jumeaux91.fr\\\/blog\\\/des-freres-accusent-leur-mere-complotiste-apres-la-mort-de-leur-soeur-atteinte-dun-cancer\\\/#breadcrumb\",\"itemListElement\":[{\"@type\":\"ListItem\",\"position\":1,\"name\":\"Accueil\",\"item\":\"https:\\\/\\\/jumeaux91.fr\\\/blog\\\/\"},{\"@type\":\"ListItem\",\"position\":2,\"name\":\"Des fr\u00e8res accusent leur m\u00e8re complotiste, apr\u00e8s la mort de leur soeur atteinte d&rsquo;un cancer\"}]},{\"@type\":\"WebSite\",\"@id\":\"https:\\\/\\\/jumeaux91.fr\\\/blog\\\/#website\",\"url\":\"https:\\\/\\\/jumeaux91.fr\\\/blog\\\/\",\"name\":\"JUMEAUX91\",\"description\":\"Fr\u00e8res jumeaux de l&#039;Essonnes; informations et archives, \u00e0 savoir et retenir.\",\"publisher\":{\"@id\":\"https:\\\/\\\/jumeaux91.fr\\\/blog\\\/#organization\"},\"potentialAction\":[{\"@type\":\"SearchAction\",\"target\":{\"@type\":\"EntryPoint\",\"urlTemplate\":\"https:\\\/\\\/jumeaux91.fr\\\/blog\\\/?s={search_term_string}\"},\"query-input\":{\"@type\":\"PropertyValueSpecification\",\"valueRequired\":true,\"valueName\":\"search_term_string\"}}],\"inLanguage\":\"fr-FR\"},{\"@type\":\"Organization\",\"@id\":\"https:\\\/\\\/jumeaux91.fr\\\/blog\\\/#organization\",\"name\":\"jumeaux91\",\"url\":\"https:\\\/\\\/jumeaux91.fr\\\/blog\\\/\",\"logo\":{\"@type\":\"ImageObject\",\"inLanguage\":\"fr-FR\",\"@id\":\"https:\\\/\\\/jumeaux91.fr\\\/blog\\\/#\\\/schema\\\/logo\\\/image\\\/\",\"url\":\"https:\\\/\\\/jumeaux91.fr\\\/blog\\\/wp-content\\\/uploads\\\/2023\\\/05\\\/cropped-cropped-logoJ_91.png\",\"contentUrl\":\"https:\\\/\\\/jumeaux91.fr\\\/blog\\\/wp-content\\\/uploads\\\/2023\\\/05\\\/cropped-cropped-logoJ_91.png\",\"width\":512,\"height\":512,\"caption\":\"jumeaux91\"},\"image\":{\"@id\":\"https:\\\/\\\/jumeaux91.fr\\\/blog\\\/#\\\/schema\\\/logo\\\/image\\\/\"}},{\"@type\":\"Person\",\"@id\":\"https:\\\/\\\/jumeaux91.fr\\\/blog\\\/#\\\/schema\\\/person\\\/21da06e9f119b9f64e5d45dbbd32d3fb\",\"name\":\"Claude DAYRES\",\"image\":{\"@type\":\"ImageObject\",\"inLanguage\":\"fr-FR\",\"@id\":\"https:\\\/\\\/secure.gravatar.com\\\/avatar\\\/82eb951df6110a2c48d1bfa7a67d1ee6f0cd5df3cbf9c3586dd61e82db7172a5?s=96&d=mm&r=g\",\"url\":\"https:\\\/\\\/secure.gravatar.com\\\/avatar\\\/82eb951df6110a2c48d1bfa7a67d1ee6f0cd5df3cbf9c3586dd61e82db7172a5?s=96&d=mm&r=g\",\"contentUrl\":\"https:\\\/\\\/secure.gravatar.com\\\/avatar\\\/82eb951df6110a2c48d1bfa7a67d1ee6f0cd5df3cbf9c3586dd61e82db7172a5?s=96&d=mm&r=g\",\"caption\":\"Claude DAYRES\"},\"url\":\"https:\\\/\\\/jumeaux91.fr\\\/blog\\\/author\\\/x91claude\\\/\"}]}<\/script>\n<!-- \/ Yoast SEO plugin. -->","yoast_head_json":{"title":"Des fr\u00e8res accusent leur m\u00e8re complotiste, apr\u00e8s la mort de leur soeur atteinte d'un cancer - JUMEAUX91","robots":{"index":"index","follow":"follow","max-snippet":"max-snippet:-1","max-image-preview":"max-image-preview:large","max-video-preview":"max-video-preview:-1"},"canonical":"https:\/\/jumeaux91.fr\/blog\/des-freres-accusent-leur-mere-complotiste-apres-la-mort-de-leur-soeur-atteinte-dun-cancer\/","og_locale":"fr_FR","og_type":"article","og_title":"Des fr\u00e8res accusent leur m\u00e8re complotiste, apr\u00e8s la mort de leur soeur atteinte d'un cancer - JUMEAUX91","og_description":"A 23 ans, Paloma est morte d&rsquo;un cancer au Royaume-Uni, apr\u00e8s avoir refus\u00e9 une chimioth\u00e9rapie, et ses fr\u00e8res bl\u00e2ment leur m\u00e8re, influenceuse complotiste. Ils esp\u00e8rent qu&rsquo;une enqu\u00eate le mois prochain contribuera \u00e0 \u00e9tablir la v\u00e9rit\u00e9. Paloma, d\u00e9c\u00e9d\u00e9e l&rsquo;\u00e9t\u00e9 dernier d&rsquo;une crise cardiaque, \u00ab\u00a0\u00e9tait nourrie de fausses informations\u00a0\u00bb, explique son fr\u00e8re jumeau Gabriel Shemirani \u00e0 l&rsquo;AFP.&hellip; Poursuivre la lecture Des fr\u00e8res accusent leur m\u00e8re complotiste, apr\u00e8s la mort de leur soeur atteinte d&rsquo;un cancer","og_url":"https:\/\/jumeaux91.fr\/blog\/des-freres-accusent-leur-mere-complotiste-apres-la-mort-de-leur-soeur-atteinte-dun-cancer\/","og_site_name":"JUMEAUX91","article_published_time":"2025-06-27T01:30:00+00:00","og_image":[{"url":"https:\/\/jumeaux91.fr\/blog\/wp-content\/uploads\/2025\/06\/des-freres-accusent-leur-mere-complotiste-apres-la-mort-de-leur-soeur-atteinte-dun-cancer.jpg","type":"","width":"","height":""}],"author":"Claude DAYRES","twitter_card":"summary_large_image","twitter_misc":{"\u00c9crit par":"Claude DAYRES","Dur\u00e9e de lecture estim\u00e9e":"3 minutes"},"schema":{"@context":"https:\/\/schema.org","@graph":[{"@type":"Article","@id":"https:\/\/jumeaux91.fr\/blog\/des-freres-accusent-leur-mere-complotiste-apres-la-mort-de-leur-soeur-atteinte-dun-cancer\/#article","isPartOf":{"@id":"https:\/\/jumeaux91.fr\/blog\/des-freres-accusent-leur-mere-complotiste-apres-la-mort-de-leur-soeur-atteinte-dun-cancer\/"},"author":{"name":"Claude DAYRES","@id":"https:\/\/jumeaux91.fr\/blog\/#\/schema\/person\/21da06e9f119b9f64e5d45dbbd32d3fb"},"headline":"Des fr\u00e8res accusent leur m\u00e8re complotiste, apr\u00e8s la mort de leur soeur atteinte d&rsquo;un cancer","datePublished":"2025-06-27T01:30:00+00:00","mainEntityOfPage":{"@id":"https:\/\/jumeaux91.fr\/blog\/des-freres-accusent-leur-mere-complotiste-apres-la-mort-de-leur-soeur-atteinte-dun-cancer\/"},"wordCount":744,"publisher":{"@id":"https:\/\/jumeaux91.fr\/blog\/#organization"},"image":{"@id":"https:\/\/jumeaux91.fr\/blog\/des-freres-accusent-leur-mere-complotiste-apres-la-mort-de-leur-soeur-atteinte-dun-cancer\/#primaryimage"},"thumbnailUrl":"https:\/\/jumeaux91.fr\/blog\/wp-content\/uploads\/2025\/06\/des-freres-accusent-leur-mere-complotiste-apres-la-mort-de-leur-soeur-atteinte-dun-cancer.jpg","articleSection":["Posts Fr\u00e8res Jumeaux De L'Essonnes:"],"inLanguage":"fr-FR"},{"@type":"WebPage","@id":"https:\/\/jumeaux91.fr\/blog\/des-freres-accusent-leur-mere-complotiste-apres-la-mort-de-leur-soeur-atteinte-dun-cancer\/","url":"https:\/\/jumeaux91.fr\/blog\/des-freres-accusent-leur-mere-complotiste-apres-la-mort-de-leur-soeur-atteinte-dun-cancer\/","name":"Des fr\u00e8res accusent leur m\u00e8re complotiste, apr\u00e8s la mort de leur soeur atteinte d'un cancer - JUMEAUX91","isPartOf":{"@id":"https:\/\/jumeaux91.fr\/blog\/#website"},"primaryImageOfPage":{"@id":"https:\/\/jumeaux91.fr\/blog\/des-freres-accusent-leur-mere-complotiste-apres-la-mort-de-leur-soeur-atteinte-dun-cancer\/#primaryimage"},"image":{"@id":"https:\/\/jumeaux91.fr\/blog\/des-freres-accusent-leur-mere-complotiste-apres-la-mort-de-leur-soeur-atteinte-dun-cancer\/#primaryimage"},"thumbnailUrl":"https:\/\/jumeaux91.fr\/blog\/wp-content\/uploads\/2025\/06\/des-freres-accusent-leur-mere-complotiste-apres-la-mort-de-leur-soeur-atteinte-dun-cancer.jpg","datePublished":"2025-06-27T01:30:00+00:00","breadcrumb":{"@id":"https:\/\/jumeaux91.fr\/blog\/des-freres-accusent-leur-mere-complotiste-apres-la-mort-de-leur-soeur-atteinte-dun-cancer\/#breadcrumb"},"inLanguage":"fr-FR","potentialAction":[{"@type":"ReadAction","target":["https:\/\/jumeaux91.fr\/blog\/des-freres-accusent-leur-mere-complotiste-apres-la-mort-de-leur-soeur-atteinte-dun-cancer\/"]}]},{"@type":"ImageObject","inLanguage":"fr-FR","@id":"https:\/\/jumeaux91.fr\/blog\/des-freres-accusent-leur-mere-complotiste-apres-la-mort-de-leur-soeur-atteinte-dun-cancer\/#primaryimage","url":"https:\/\/jumeaux91.fr\/blog\/wp-content\/uploads\/2025\/06\/des-freres-accusent-leur-mere-complotiste-apres-la-mort-de-leur-soeur-atteinte-dun-cancer.jpg","contentUrl":"https:\/\/jumeaux91.fr\/blog\/wp-content\/uploads\/2025\/06\/des-freres-accusent-leur-mere-complotiste-apres-la-mort-de-leur-soeur-atteinte-dun-cancer.jpg","width":2000,"height":1125,"caption":"Des fr\u00e8res accusent leur m\u00e8re complotiste, apr\u00e8s la mort de leur soeur atteinte d'un cancer"},{"@type":"BreadcrumbList","@id":"https:\/\/jumeaux91.fr\/blog\/des-freres-accusent-leur-mere-complotiste-apres-la-mort-de-leur-soeur-atteinte-dun-cancer\/#breadcrumb","itemListElement":[{"@type":"ListItem","position":1,"name":"Accueil","item":"https:\/\/jumeaux91.fr\/blog\/"},{"@type":"ListItem","position":2,"name":"Des fr\u00e8res accusent leur m\u00e8re complotiste, apr\u00e8s la mort de leur soeur atteinte d&rsquo;un cancer"}]},{"@type":"WebSite","@id":"https:\/\/jumeaux91.fr\/blog\/#website","url":"https:\/\/jumeaux91.fr\/blog\/","name":"JUMEAUX91","description":"Fr\u00e8res jumeaux de l&#039;Essonnes; informations et archives, \u00e0 savoir et retenir.","publisher":{"@id":"https:\/\/jumeaux91.fr\/blog\/#organization"},"potentialAction":[{"@type":"SearchAction","target":{"@type":"EntryPoint","urlTemplate":"https:\/\/jumeaux91.fr\/blog\/?s={search_term_string}"},"query-input":{"@type":"PropertyValueSpecification","valueRequired":true,"valueName":"search_term_string"}}],"inLanguage":"fr-FR"},{"@type":"Organization","@id":"https:\/\/jumeaux91.fr\/blog\/#organization","name":"jumeaux91","url":"https:\/\/jumeaux91.fr\/blog\/","logo":{"@type":"ImageObject","inLanguage":"fr-FR","@id":"https:\/\/jumeaux91.fr\/blog\/#\/schema\/logo\/image\/","url":"https:\/\/jumeaux91.fr\/blog\/wp-content\/uploads\/2023\/05\/cropped-cropped-logoJ_91.png","contentUrl":"https:\/\/jumeaux91.fr\/blog\/wp-content\/uploads\/2023\/05\/cropped-cropped-logoJ_91.png","width":512,"height":512,"caption":"jumeaux91"},"image":{"@id":"https:\/\/jumeaux91.fr\/blog\/#\/schema\/logo\/image\/"}},{"@type":"Person","@id":"https:\/\/jumeaux91.fr\/blog\/#\/schema\/person\/21da06e9f119b9f64e5d45dbbd32d3fb","name":"Claude DAYRES","image":{"@type":"ImageObject","inLanguage":"fr-FR","@id":"https:\/\/secure.gravatar.com\/avatar\/82eb951df6110a2c48d1bfa7a67d1ee6f0cd5df3cbf9c3586dd61e82db7172a5?s=96&d=mm&r=g","url":"https:\/\/secure.gravatar.com\/avatar\/82eb951df6110a2c48d1bfa7a67d1ee6f0cd5df3cbf9c3586dd61e82db7172a5?s=96&d=mm&r=g","contentUrl":"https:\/\/secure.gravatar.com\/avatar\/82eb951df6110a2c48d1bfa7a67d1ee6f0cd5df3cbf9c3586dd61e82db7172a5?s=96&d=mm&r=g","caption":"Claude DAYRES"},"url":"https:\/\/jumeaux91.fr\/blog\/author\/x91claude\/"}]}},"_links":{"self":[{"href":"https:\/\/jumeaux91.fr\/blog\/wp-json\/wp\/v2\/posts\/1383","targetHints":{"allow":["GET"]}}],"collection":[{"href":"https:\/\/jumeaux91.fr\/blog\/wp-json\/wp\/v2\/posts"}],"about":[{"href":"https:\/\/jumeaux91.fr\/blog\/wp-json\/wp\/v2\/types\/post"}],"author":[{"embeddable":true,"href":"https:\/\/jumeaux91.fr\/blog\/wp-json\/wp\/v2\/users\/2"}],"replies":[{"embeddable":true,"href":"https:\/\/jumeaux91.fr\/blog\/wp-json\/wp\/v2\/comments?post=1383"}],"version-history":[{"count":0,"href":"https:\/\/jumeaux91.fr\/blog\/wp-json\/wp\/v2\/posts\/1383\/revisions"}],"wp:featuredmedia":[{"embeddable":true,"href":"https:\/\/jumeaux91.fr\/blog\/wp-json\/wp\/v2\/media\/1384"}],"wp:attachment":[{"href":"https:\/\/jumeaux91.fr\/blog\/wp-json\/wp\/v2\/media?parent=1383"}],"wp:term":[{"taxonomy":"category","embeddable":true,"href":"https:\/\/jumeaux91.fr\/blog\/wp-json\/wp\/v2\/categories?post=1383"},{"taxonomy":"post_tag","embeddable":true,"href":"https:\/\/jumeaux91.fr\/blog\/wp-json\/wp\/v2\/tags?post=1383"}],"curies":[{"name":"wp","href":"https:\/\/api.w.org\/{rel}","templated":true}]}}