{"id":1386,"date":"2025-06-15T12:42:00","date_gmt":"2025-06-15T10:42:00","guid":{"rendered":"https:\/\/jumeaux91.fr\/blog\/ille-et-vilaine-un-agriculteur-mis-en-examen-pour-le-meurtre-de-son-frere-jumeau-a-erce-en-lamee\/"},"modified":"2025-06-15T12:42:00","modified_gmt":"2025-06-15T10:42:00","slug":"ille-et-vilaine-un-agriculteur-mis-en-examen-pour-le-meurtre-de-son-frere-jumeau-a-erce-en-lamee","status":"publish","type":"post","link":"https:\/\/jumeaux91.fr\/blog\/ille-et-vilaine-un-agriculteur-mis-en-examen-pour-le-meurtre-de-son-frere-jumeau-a-erce-en-lamee\/","title":{"rendered":"Ille-et-Vilaine : un agriculteur mis en examen pour le meurtre de son fr\u00e8re jumeau \u00e0 Erc\u00e9-en-Lam\u00e9e"},"content":{"rendered":"<p><!-- image --><\/p>\n<div class=\"td-post-featured-image\"><a href=\"https:\/\/jumeaux91.fr\/blog\/wp-content\/uploads\/2025\/06\/ille-et-vilaine-un-agriculteur-mis-en-examen-pour-le-meurtre-de-son-frere-jumeau-a-erce-en-lamee-5.jpg\" data-caption><\/p>\n<p><img decoding=\"async\" width=\"696\" height=\"464\" class=\"entry-thumb td-modal-image\" src=\"https:\/\/jumeaux91.fr\/blog\/wp-content\/uploads\/2025\/06\/ille-et-vilaine-un-agriculteur-mis-en-examen-pour-le-meurtre-de-son-frere-jumeau-a-erce-en-lamee.jpg\" alt=\"gendarmerie\"><\/p>\n<p><\/a><\/div>\n<p> <!-- content --><\/p>\n<p><strong>Une trag\u00e9die familiale a secou\u00e9 le sud de l\u2019Ille-et-Vilaine.&nbsp;Mercredi 11 juin 2025, le corps sans vie d\u2019un homme de 36 ans a \u00e9t\u00e9 d\u00e9couvert dans la ferme familiale d\u2019Erc\u00e9-en-Lam\u00e9e, commune rurale situ\u00e9e au sud de Rennes. Tr\u00e8s rapidement, les soup\u00e7ons se sont port\u00e9s sur son fr\u00e8re jumeau, \u00e9galement agriculteur. Ce dernier a \u00e9t\u00e9 interpell\u00e9 sur les lieux, plac\u00e9 en garde \u00e0 vue, puis mis en examen pour meurtre le vendredi 13 juin. Il a \u00e9t\u00e9 depuis plac\u00e9 en d\u00e9tention provisoire.<\/strong><\/p>\n<h3 class=\"wp-block-heading\">Une dispute qui tourne au drame<\/h3>\n<p>Selon le parquet de Rennes, les premi\u00e8res constatations laissent appara\u00eetre \u00ab une sc\u00e8ne de violences \u00bb particuli\u00e8rement violente. Le procureur a pr\u00e9cis\u00e9 que les deux fr\u00e8res vivaient et travaillaient ensemble dans l\u2019exploitation familiale, et que leur relation \u00e9tait marqu\u00e9e depuis longtemps par des tensions r\u00e9currentes. Plusieurs t\u00e9moins ont \u00e9voqu\u00e9 des conflits r\u00e9guliers, parfois \u00e9maill\u00e9s d\u2019altercations physiques, sur fond d\u2019alcool et de d\u00e9saccords professionnels. L\u2019autopsie pratiqu\u00e9e sur le corps de la victime a confirm\u00e9 une mort violente, cons\u00e9cutive \u00e0 des coups port\u00e9s. Les r\u00e9sultats toxicologiques sont en cours, tout comme les analyses de police technique et scientifique dans le corps de ferme o\u00f9 s\u2019est d\u00e9roul\u00e9 le drame.<\/p>\n<h3 class=\"wp-block-heading\">Un village sous le choc<\/h3>\n<p>\u00c0 Erc\u00e9-en-Lam\u00e9e, commune d\u2019un peu plus de 1 300 habitants, la nouvelle a profond\u00e9ment boulevers\u00e9 les habitants. Plusieurs d\u2019entre eux d\u00e9crivent les deux fr\u00e8res comme discrets, bien qu\u2019on les sache parfois \u00ab&nbsp;conflictuels&nbsp;\u00bb. L\u2019un d\u2019eux confie : \u00ab On les voyait ensemble aux champs ou sur le march\u00e9, on savait qu\u2019il y avait des tensions, mais jamais on n\u2019aurait imagin\u00e9 une telle issue. \u00bb<\/p>\n<h3 class=\"wp-block-heading\">La justice prudente sur les motivations<\/h3>\n<p>L\u2019enqu\u00eate, confi\u00e9e \u00e0 la brigade de recherches de la gendarmerie de Redon, doit encore d\u00e9terminer les circonstances pr\u00e9cises de l\u2019altercation fatale. Le procureur de la R\u00e9publique a pr\u00e9cis\u00e9 que, \u00ab m\u00eame s\u2019il existe des ant\u00e9c\u00e9dents de violences entre les deux hommes \u00bb, il reste \u00e0 \u00e9tablir si le geste a \u00e9t\u00e9 pr\u00e9m\u00e9dit\u00e9 ou s\u2019il s\u2019agit d\u2019un passage \u00e0 l\u2019acte impulsif lors d\u2019une \u00e9ni\u00e8me dispute. \u00c0 ce stade, l\u2019homme mis en cause n\u2019a pas reconnu les faits dans leur int\u00e9gralit\u00e9 mais n\u2019a pas ni\u00e9 sa participation \u00e0 la sc\u00e8ne. Il est d\u00e9sormais poursuivi pour homicide volontaire.<\/p>\n<h3 class=\"wp-block-heading\">Un drame familial aux racines profondes<\/h3>\n<p>Cette affaire soul\u00e8ve la question des tensions intrafamiliales dans le monde rural, parfois accentu\u00e9es par l\u2019isolement, les difficult\u00e9s \u00e9conomiques et la promiscuit\u00e9 au sein des exploitations. Elle met aussi en lumi\u00e8re les trag\u00e9dies silencieuses qui peuvent couver dans certaines fratries, jusqu\u2019au point de rupture. La suite de l\u2019enqu\u00eate devra pr\u00e9ciser les responsabilit\u00e9s et faire la lumi\u00e8re sur l\u2019encha\u00eenement exact des faits. D\u2019ici l\u00e0, c\u2019est tout un village qui reste dans l\u2019incompr\u00e9hension face \u00e0 la mort d\u2019un homme\u2026 par la main de son jumeau.<\/p>\n<p> La chronique se veut g\u00e9n\u00e9r\u00e9e de la fa\u00e7on la plus claire que possible. Dans le cas o\u00f9 vous souhaitez pr\u00e9senter des renseignements compl\u00e9mentaires \u00e0 cet article sur le sujet \u00ab\u00a0Fr\u00e8res jumeaux de l&rsquo;Essonnes\u00a0\u00bb il vous est possible d\u2019\u00e9crire aux contacts indiqu\u00e9s sur notre website. La raison d\u2019\u00eatre de jumeaux91.fr \u00e9tant de rassembler sur le web des posts sur le sujet de Fr\u00e8res jumeaux de l&rsquo;Essonnes puis les diffuser en r\u00e9pondant au mieux aux interrogations des gens. Vous pouvez tirer profit de cet article traitant le sujet \u00ab\u00a0Fr\u00e8res jumeaux de l&rsquo;Essonnes\u00a0\u00bb. Il est concoct\u00e9 par l\u2019\u00e9quipe jumeaux91.fr. Prochainement, nous rendrons accessibles au public d&rsquo;autres informations pertinentes sur le sujet \u00ab\u00a0Fr\u00e8res jumeaux de l&rsquo;Essonnes\u00a0\u00bb. Alors, consultez syst\u00e9matiquement notre blog.<\/p>\n","protected":false},"excerpt":{"rendered":"<p>Une trag\u00e9die familiale a secou\u00e9 le sud de l\u2019Ille-et-Vilaine.&nbsp;Mercredi 11 juin 2025, le corps sans vie d\u2019un homme de 36 ans a \u00e9t\u00e9 d\u00e9couvert dans la ferme familiale d\u2019Erc\u00e9-en-Lam\u00e9e, commune rurale situ\u00e9e au sud de Rennes. Tr\u00e8s rapidement, les soup\u00e7ons se sont port\u00e9s sur son fr\u00e8re jumeau, \u00e9galement agriculteur. Ce dernier a \u00e9t\u00e9 interpell\u00e9 sur&hellip; <a class=\"more-link\" href=\"https:\/\/jumeaux91.fr\/blog\/ille-et-vilaine-un-agriculteur-mis-en-examen-pour-le-meurtre-de-son-frere-jumeau-a-erce-en-lamee\/\">Poursuivre la lecture <span class=\"screen-reader-text\">Ille-et-Vilaine : un agriculteur mis en examen pour le meurtre de son fr\u00e8re jumeau \u00e0 Erc\u00e9-en-Lam\u00e9e<\/span><\/a><\/p>\n","protected":false},"author":2,"featured_media":1387,"comment_status":"closed","ping_status":"closed","sticky":false,"template":"","format":"standard","meta":{"footnotes":""},"categories":[4],"tags":[],"class_list":["post-1386","post","type-post","status-publish","format-standard","has-post-thumbnail","hentry","category-posts-freres-jumeaux-de-lessonnes","entry"],"yoast_head":"<!-- This site is optimized with the Yoast SEO plugin v27.5 - https:\/\/yoast.com\/product\/yoast-seo-wordpress\/ -->\n<title>Ille-et-Vilaine : un agriculteur mis en examen pour le meurtre de son fr\u00e8re jumeau \u00e0 Erc\u00e9-en-Lam\u00e9e - JUMEAUX91<\/title>\n<meta name=\"robots\" content=\"index, follow, max-snippet:-1, max-image-preview:large, max-video-preview:-1\" \/>\n<link rel=\"canonical\" href=\"https:\/\/jumeaux91.fr\/blog\/ille-et-vilaine-un-agriculteur-mis-en-examen-pour-le-meurtre-de-son-frere-jumeau-a-erce-en-lamee\/\" \/>\n<meta property=\"og:locale\" content=\"fr_FR\" \/>\n<meta property=\"og:type\" content=\"article\" \/>\n<meta property=\"og:title\" content=\"Ille-et-Vilaine : un agriculteur mis en examen pour le meurtre de son fr\u00e8re jumeau \u00e0 Erc\u00e9-en-Lam\u00e9e - JUMEAUX91\" \/>\n<meta property=\"og:description\" content=\"Une trag\u00e9die familiale a secou\u00e9 le sud de l\u2019Ille-et-Vilaine.&nbsp;Mercredi 11 juin 2025, le corps sans vie d\u2019un homme de 36 ans a \u00e9t\u00e9 d\u00e9couvert dans la ferme familiale d\u2019Erc\u00e9-en-Lam\u00e9e, commune rurale situ\u00e9e au sud de Rennes. Tr\u00e8s rapidement, les soup\u00e7ons se sont port\u00e9s sur son fr\u00e8re jumeau, \u00e9galement agriculteur. Ce dernier a \u00e9t\u00e9 interpell\u00e9 sur&hellip; Poursuivre la lecture Ille-et-Vilaine : un agriculteur mis en examen pour le meurtre de son fr\u00e8re jumeau \u00e0 Erc\u00e9-en-Lam\u00e9e\" \/>\n<meta property=\"og:url\" content=\"https:\/\/jumeaux91.fr\/blog\/ille-et-vilaine-un-agriculteur-mis-en-examen-pour-le-meurtre-de-son-frere-jumeau-a-erce-en-lamee\/\" \/>\n<meta property=\"og:site_name\" content=\"JUMEAUX91\" \/>\n<meta property=\"article:published_time\" content=\"2025-06-15T10:42:00+00:00\" \/>\n<meta property=\"og:image\" content=\"https:\/\/jumeaux91.fr\/blog\/wp-content\/uploads\/2025\/06\/ille-et-vilaine-un-agriculteur-mis-en-examen-pour-le-meurtre-de-son-frere-jumeau-a-erce-en-lamee.jpg\" \/>\n<meta name=\"author\" content=\"Claude DAYRES\" \/>\n<meta name=\"twitter:card\" content=\"summary_large_image\" \/>\n<meta name=\"twitter:label1\" content=\"\u00c9crit par\" \/>\n\t<meta name=\"twitter:data1\" content=\"Claude DAYRES\" \/>\n\t<meta name=\"twitter:label2\" content=\"Dur\u00e9e de lecture estim\u00e9e\" \/>\n\t<meta name=\"twitter:data2\" content=\"3 minutes\" \/>\n<script type=\"application\/ld+json\" class=\"yoast-schema-graph\">{\"@context\":\"https:\\\/\\\/schema.org\",\"@graph\":[{\"@type\":\"Article\",\"@id\":\"https:\\\/\\\/jumeaux91.fr\\\/blog\\\/ille-et-vilaine-un-agriculteur-mis-en-examen-pour-le-meurtre-de-son-frere-jumeau-a-erce-en-lamee\\\/#article\",\"isPartOf\":{\"@id\":\"https:\\\/\\\/jumeaux91.fr\\\/blog\\\/ille-et-vilaine-un-agriculteur-mis-en-examen-pour-le-meurtre-de-son-frere-jumeau-a-erce-en-lamee\\\/\"},\"author\":{\"name\":\"Claude DAYRES\",\"@id\":\"https:\\\/\\\/jumeaux91.fr\\\/blog\\\/#\\\/schema\\\/person\\\/21da06e9f119b9f64e5d45dbbd32d3fb\"},\"headline\":\"Ille-et-Vilaine : un agriculteur mis en examen pour le meurtre de son fr\u00e8re jumeau \u00e0 Erc\u00e9-en-Lam\u00e9e\",\"datePublished\":\"2025-06-15T10:42:00+00:00\",\"mainEntityOfPage\":{\"@id\":\"https:\\\/\\\/jumeaux91.fr\\\/blog\\\/ille-et-vilaine-un-agriculteur-mis-en-examen-pour-le-meurtre-de-son-frere-jumeau-a-erce-en-lamee\\\/\"},\"wordCount\":680,\"publisher\":{\"@id\":\"https:\\\/\\\/jumeaux91.fr\\\/blog\\\/#organization\"},\"image\":{\"@id\":\"https:\\\/\\\/jumeaux91.fr\\\/blog\\\/ille-et-vilaine-un-agriculteur-mis-en-examen-pour-le-meurtre-de-son-frere-jumeau-a-erce-en-lamee\\\/#primaryimage\"},\"thumbnailUrl\":\"https:\\\/\\\/jumeaux91.fr\\\/blog\\\/wp-content\\\/uploads\\\/2025\\\/06\\\/ille-et-vilaine-un-agriculteur-mis-en-examen-pour-le-meurtre-de-son-frere-jumeau-a-erce-en-lamee.jpg\",\"articleSection\":[\"Posts Fr\u00e8res Jumeaux De L'Essonnes:\"],\"inLanguage\":\"fr-FR\"},{\"@type\":\"WebPage\",\"@id\":\"https:\\\/\\\/jumeaux91.fr\\\/blog\\\/ille-et-vilaine-un-agriculteur-mis-en-examen-pour-le-meurtre-de-son-frere-jumeau-a-erce-en-lamee\\\/\",\"url\":\"https:\\\/\\\/jumeaux91.fr\\\/blog\\\/ille-et-vilaine-un-agriculteur-mis-en-examen-pour-le-meurtre-de-son-frere-jumeau-a-erce-en-lamee\\\/\",\"name\":\"Ille-et-Vilaine : un agriculteur mis en examen pour le meurtre de son fr\u00e8re jumeau \u00e0 Erc\u00e9-en-Lam\u00e9e - JUMEAUX91\",\"isPartOf\":{\"@id\":\"https:\\\/\\\/jumeaux91.fr\\\/blog\\\/#website\"},\"primaryImageOfPage\":{\"@id\":\"https:\\\/\\\/jumeaux91.fr\\\/blog\\\/ille-et-vilaine-un-agriculteur-mis-en-examen-pour-le-meurtre-de-son-frere-jumeau-a-erce-en-lamee\\\/#primaryimage\"},\"image\":{\"@id\":\"https:\\\/\\\/jumeaux91.fr\\\/blog\\\/ille-et-vilaine-un-agriculteur-mis-en-examen-pour-le-meurtre-de-son-frere-jumeau-a-erce-en-lamee\\\/#primaryimage\"},\"thumbnailUrl\":\"https:\\\/\\\/jumeaux91.fr\\\/blog\\\/wp-content\\\/uploads\\\/2025\\\/06\\\/ille-et-vilaine-un-agriculteur-mis-en-examen-pour-le-meurtre-de-son-frere-jumeau-a-erce-en-lamee.jpg\",\"datePublished\":\"2025-06-15T10:42:00+00:00\",\"breadcrumb\":{\"@id\":\"https:\\\/\\\/jumeaux91.fr\\\/blog\\\/ille-et-vilaine-un-agriculteur-mis-en-examen-pour-le-meurtre-de-son-frere-jumeau-a-erce-en-lamee\\\/#breadcrumb\"},\"inLanguage\":\"fr-FR\",\"potentialAction\":[{\"@type\":\"ReadAction\",\"target\":[\"https:\\\/\\\/jumeaux91.fr\\\/blog\\\/ille-et-vilaine-un-agriculteur-mis-en-examen-pour-le-meurtre-de-son-frere-jumeau-a-erce-en-lamee\\\/\"]}]},{\"@type\":\"ImageObject\",\"inLanguage\":\"fr-FR\",\"@id\":\"https:\\\/\\\/jumeaux91.fr\\\/blog\\\/ille-et-vilaine-un-agriculteur-mis-en-examen-pour-le-meurtre-de-son-frere-jumeau-a-erce-en-lamee\\\/#primaryimage\",\"url\":\"https:\\\/\\\/jumeaux91.fr\\\/blog\\\/wp-content\\\/uploads\\\/2025\\\/06\\\/ille-et-vilaine-un-agriculteur-mis-en-examen-pour-le-meurtre-de-son-frere-jumeau-a-erce-en-lamee.jpg\",\"contentUrl\":\"https:\\\/\\\/jumeaux91.fr\\\/blog\\\/wp-content\\\/uploads\\\/2025\\\/06\\\/ille-et-vilaine-un-agriculteur-mis-en-examen-pour-le-meurtre-de-son-frere-jumeau-a-erce-en-lamee.jpg\",\"width\":696,\"height\":464,\"caption\":\"Ille et Vilaine : un agriculteur mis en examen pour le meurtre de son fr\u00e8re jumeau \u00e0 Erc\u00e9 en Lam\u00e9e\"},{\"@type\":\"BreadcrumbList\",\"@id\":\"https:\\\/\\\/jumeaux91.fr\\\/blog\\\/ille-et-vilaine-un-agriculteur-mis-en-examen-pour-le-meurtre-de-son-frere-jumeau-a-erce-en-lamee\\\/#breadcrumb\",\"itemListElement\":[{\"@type\":\"ListItem\",\"position\":1,\"name\":\"Accueil\",\"item\":\"https:\\\/\\\/jumeaux91.fr\\\/blog\\\/\"},{\"@type\":\"ListItem\",\"position\":2,\"name\":\"Ille-et-Vilaine : un agriculteur mis en examen pour le meurtre de son fr\u00e8re jumeau \u00e0 Erc\u00e9-en-Lam\u00e9e\"}]},{\"@type\":\"WebSite\",\"@id\":\"https:\\\/\\\/jumeaux91.fr\\\/blog\\\/#website\",\"url\":\"https:\\\/\\\/jumeaux91.fr\\\/blog\\\/\",\"name\":\"JUMEAUX91\",\"description\":\"Fr\u00e8res jumeaux de l&#039;Essonnes; informations et archives, \u00e0 savoir et retenir.\",\"publisher\":{\"@id\":\"https:\\\/\\\/jumeaux91.fr\\\/blog\\\/#organization\"},\"potentialAction\":[{\"@type\":\"SearchAction\",\"target\":{\"@type\":\"EntryPoint\",\"urlTemplate\":\"https:\\\/\\\/jumeaux91.fr\\\/blog\\\/?s={search_term_string}\"},\"query-input\":{\"@type\":\"PropertyValueSpecification\",\"valueRequired\":true,\"valueName\":\"search_term_string\"}}],\"inLanguage\":\"fr-FR\"},{\"@type\":\"Organization\",\"@id\":\"https:\\\/\\\/jumeaux91.fr\\\/blog\\\/#organization\",\"name\":\"jumeaux91\",\"url\":\"https:\\\/\\\/jumeaux91.fr\\\/blog\\\/\",\"logo\":{\"@type\":\"ImageObject\",\"inLanguage\":\"fr-FR\",\"@id\":\"https:\\\/\\\/jumeaux91.fr\\\/blog\\\/#\\\/schema\\\/logo\\\/image\\\/\",\"url\":\"https:\\\/\\\/jumeaux91.fr\\\/blog\\\/wp-content\\\/uploads\\\/2023\\\/05\\\/cropped-cropped-logoJ_91.png\",\"contentUrl\":\"https:\\\/\\\/jumeaux91.fr\\\/blog\\\/wp-content\\\/uploads\\\/2023\\\/05\\\/cropped-cropped-logoJ_91.png\",\"width\":512,\"height\":512,\"caption\":\"jumeaux91\"},\"image\":{\"@id\":\"https:\\\/\\\/jumeaux91.fr\\\/blog\\\/#\\\/schema\\\/logo\\\/image\\\/\"}},{\"@type\":\"Person\",\"@id\":\"https:\\\/\\\/jumeaux91.fr\\\/blog\\\/#\\\/schema\\\/person\\\/21da06e9f119b9f64e5d45dbbd32d3fb\",\"name\":\"Claude DAYRES\",\"image\":{\"@type\":\"ImageObject\",\"inLanguage\":\"fr-FR\",\"@id\":\"https:\\\/\\\/secure.gravatar.com\\\/avatar\\\/82eb951df6110a2c48d1bfa7a67d1ee6f0cd5df3cbf9c3586dd61e82db7172a5?s=96&d=mm&r=g\",\"url\":\"https:\\\/\\\/secure.gravatar.com\\\/avatar\\\/82eb951df6110a2c48d1bfa7a67d1ee6f0cd5df3cbf9c3586dd61e82db7172a5?s=96&d=mm&r=g\",\"contentUrl\":\"https:\\\/\\\/secure.gravatar.com\\\/avatar\\\/82eb951df6110a2c48d1bfa7a67d1ee6f0cd5df3cbf9c3586dd61e82db7172a5?s=96&d=mm&r=g\",\"caption\":\"Claude DAYRES\"},\"url\":\"https:\\\/\\\/jumeaux91.fr\\\/blog\\\/author\\\/x91claude\\\/\"}]}<\/script>\n<!-- \/ Yoast SEO plugin. -->","yoast_head_json":{"title":"Ille-et-Vilaine : un agriculteur mis en examen pour le meurtre de son fr\u00e8re jumeau \u00e0 Erc\u00e9-en-Lam\u00e9e - JUMEAUX91","robots":{"index":"index","follow":"follow","max-snippet":"max-snippet:-1","max-image-preview":"max-image-preview:large","max-video-preview":"max-video-preview:-1"},"canonical":"https:\/\/jumeaux91.fr\/blog\/ille-et-vilaine-un-agriculteur-mis-en-examen-pour-le-meurtre-de-son-frere-jumeau-a-erce-en-lamee\/","og_locale":"fr_FR","og_type":"article","og_title":"Ille-et-Vilaine : un agriculteur mis en examen pour le meurtre de son fr\u00e8re jumeau \u00e0 Erc\u00e9-en-Lam\u00e9e - JUMEAUX91","og_description":"Une trag\u00e9die familiale a secou\u00e9 le sud de l\u2019Ille-et-Vilaine.&nbsp;Mercredi 11 juin 2025, le corps sans vie d\u2019un homme de 36 ans a \u00e9t\u00e9 d\u00e9couvert dans la ferme familiale d\u2019Erc\u00e9-en-Lam\u00e9e, commune rurale situ\u00e9e au sud de Rennes. Tr\u00e8s rapidement, les soup\u00e7ons se sont port\u00e9s sur son fr\u00e8re jumeau, \u00e9galement agriculteur. Ce dernier a \u00e9t\u00e9 interpell\u00e9 sur&hellip; Poursuivre la lecture Ille-et-Vilaine : un agriculteur mis en examen pour le meurtre de son fr\u00e8re jumeau \u00e0 Erc\u00e9-en-Lam\u00e9e","og_url":"https:\/\/jumeaux91.fr\/blog\/ille-et-vilaine-un-agriculteur-mis-en-examen-pour-le-meurtre-de-son-frere-jumeau-a-erce-en-lamee\/","og_site_name":"JUMEAUX91","article_published_time":"2025-06-15T10:42:00+00:00","og_image":[{"url":"https:\/\/jumeaux91.fr\/blog\/wp-content\/uploads\/2025\/06\/ille-et-vilaine-un-agriculteur-mis-en-examen-pour-le-meurtre-de-son-frere-jumeau-a-erce-en-lamee.jpg","type":"","width":"","height":""}],"author":"Claude DAYRES","twitter_card":"summary_large_image","twitter_misc":{"\u00c9crit par":"Claude DAYRES","Dur\u00e9e de lecture estim\u00e9e":"3 minutes"},"schema":{"@context":"https:\/\/schema.org","@graph":[{"@type":"Article","@id":"https:\/\/jumeaux91.fr\/blog\/ille-et-vilaine-un-agriculteur-mis-en-examen-pour-le-meurtre-de-son-frere-jumeau-a-erce-en-lamee\/#article","isPartOf":{"@id":"https:\/\/jumeaux91.fr\/blog\/ille-et-vilaine-un-agriculteur-mis-en-examen-pour-le-meurtre-de-son-frere-jumeau-a-erce-en-lamee\/"},"author":{"name":"Claude DAYRES","@id":"https:\/\/jumeaux91.fr\/blog\/#\/schema\/person\/21da06e9f119b9f64e5d45dbbd32d3fb"},"headline":"Ille-et-Vilaine : un agriculteur mis en examen pour le meurtre de son fr\u00e8re jumeau \u00e0 Erc\u00e9-en-Lam\u00e9e","datePublished":"2025-06-15T10:42:00+00:00","mainEntityOfPage":{"@id":"https:\/\/jumeaux91.fr\/blog\/ille-et-vilaine-un-agriculteur-mis-en-examen-pour-le-meurtre-de-son-frere-jumeau-a-erce-en-lamee\/"},"wordCount":680,"publisher":{"@id":"https:\/\/jumeaux91.fr\/blog\/#organization"},"image":{"@id":"https:\/\/jumeaux91.fr\/blog\/ille-et-vilaine-un-agriculteur-mis-en-examen-pour-le-meurtre-de-son-frere-jumeau-a-erce-en-lamee\/#primaryimage"},"thumbnailUrl":"https:\/\/jumeaux91.fr\/blog\/wp-content\/uploads\/2025\/06\/ille-et-vilaine-un-agriculteur-mis-en-examen-pour-le-meurtre-de-son-frere-jumeau-a-erce-en-lamee.jpg","articleSection":["Posts Fr\u00e8res Jumeaux De L'Essonnes:"],"inLanguage":"fr-FR"},{"@type":"WebPage","@id":"https:\/\/jumeaux91.fr\/blog\/ille-et-vilaine-un-agriculteur-mis-en-examen-pour-le-meurtre-de-son-frere-jumeau-a-erce-en-lamee\/","url":"https:\/\/jumeaux91.fr\/blog\/ille-et-vilaine-un-agriculteur-mis-en-examen-pour-le-meurtre-de-son-frere-jumeau-a-erce-en-lamee\/","name":"Ille-et-Vilaine : un agriculteur mis en examen pour le meurtre de son fr\u00e8re jumeau \u00e0 Erc\u00e9-en-Lam\u00e9e - JUMEAUX91","isPartOf":{"@id":"https:\/\/jumeaux91.fr\/blog\/#website"},"primaryImageOfPage":{"@id":"https:\/\/jumeaux91.fr\/blog\/ille-et-vilaine-un-agriculteur-mis-en-examen-pour-le-meurtre-de-son-frere-jumeau-a-erce-en-lamee\/#primaryimage"},"image":{"@id":"https:\/\/jumeaux91.fr\/blog\/ille-et-vilaine-un-agriculteur-mis-en-examen-pour-le-meurtre-de-son-frere-jumeau-a-erce-en-lamee\/#primaryimage"},"thumbnailUrl":"https:\/\/jumeaux91.fr\/blog\/wp-content\/uploads\/2025\/06\/ille-et-vilaine-un-agriculteur-mis-en-examen-pour-le-meurtre-de-son-frere-jumeau-a-erce-en-lamee.jpg","datePublished":"2025-06-15T10:42:00+00:00","breadcrumb":{"@id":"https:\/\/jumeaux91.fr\/blog\/ille-et-vilaine-un-agriculteur-mis-en-examen-pour-le-meurtre-de-son-frere-jumeau-a-erce-en-lamee\/#breadcrumb"},"inLanguage":"fr-FR","potentialAction":[{"@type":"ReadAction","target":["https:\/\/jumeaux91.fr\/blog\/ille-et-vilaine-un-agriculteur-mis-en-examen-pour-le-meurtre-de-son-frere-jumeau-a-erce-en-lamee\/"]}]},{"@type":"ImageObject","inLanguage":"fr-FR","@id":"https:\/\/jumeaux91.fr\/blog\/ille-et-vilaine-un-agriculteur-mis-en-examen-pour-le-meurtre-de-son-frere-jumeau-a-erce-en-lamee\/#primaryimage","url":"https:\/\/jumeaux91.fr\/blog\/wp-content\/uploads\/2025\/06\/ille-et-vilaine-un-agriculteur-mis-en-examen-pour-le-meurtre-de-son-frere-jumeau-a-erce-en-lamee.jpg","contentUrl":"https:\/\/jumeaux91.fr\/blog\/wp-content\/uploads\/2025\/06\/ille-et-vilaine-un-agriculteur-mis-en-examen-pour-le-meurtre-de-son-frere-jumeau-a-erce-en-lamee.jpg","width":696,"height":464,"caption":"Ille et Vilaine : un agriculteur mis en examen pour le meurtre de son fr\u00e8re jumeau \u00e0 Erc\u00e9 en Lam\u00e9e"},{"@type":"BreadcrumbList","@id":"https:\/\/jumeaux91.fr\/blog\/ille-et-vilaine-un-agriculteur-mis-en-examen-pour-le-meurtre-de-son-frere-jumeau-a-erce-en-lamee\/#breadcrumb","itemListElement":[{"@type":"ListItem","position":1,"name":"Accueil","item":"https:\/\/jumeaux91.fr\/blog\/"},{"@type":"ListItem","position":2,"name":"Ille-et-Vilaine : un agriculteur mis en examen pour le meurtre de son fr\u00e8re jumeau \u00e0 Erc\u00e9-en-Lam\u00e9e"}]},{"@type":"WebSite","@id":"https:\/\/jumeaux91.fr\/blog\/#website","url":"https:\/\/jumeaux91.fr\/blog\/","name":"JUMEAUX91","description":"Fr\u00e8res jumeaux de l&#039;Essonnes; informations et archives, \u00e0 savoir et retenir.","publisher":{"@id":"https:\/\/jumeaux91.fr\/blog\/#organization"},"potentialAction":[{"@type":"SearchAction","target":{"@type":"EntryPoint","urlTemplate":"https:\/\/jumeaux91.fr\/blog\/?s={search_term_string}"},"query-input":{"@type":"PropertyValueSpecification","valueRequired":true,"valueName":"search_term_string"}}],"inLanguage":"fr-FR"},{"@type":"Organization","@id":"https:\/\/jumeaux91.fr\/blog\/#organization","name":"jumeaux91","url":"https:\/\/jumeaux91.fr\/blog\/","logo":{"@type":"ImageObject","inLanguage":"fr-FR","@id":"https:\/\/jumeaux91.fr\/blog\/#\/schema\/logo\/image\/","url":"https:\/\/jumeaux91.fr\/blog\/wp-content\/uploads\/2023\/05\/cropped-cropped-logoJ_91.png","contentUrl":"https:\/\/jumeaux91.fr\/blog\/wp-content\/uploads\/2023\/05\/cropped-cropped-logoJ_91.png","width":512,"height":512,"caption":"jumeaux91"},"image":{"@id":"https:\/\/jumeaux91.fr\/blog\/#\/schema\/logo\/image\/"}},{"@type":"Person","@id":"https:\/\/jumeaux91.fr\/blog\/#\/schema\/person\/21da06e9f119b9f64e5d45dbbd32d3fb","name":"Claude DAYRES","image":{"@type":"ImageObject","inLanguage":"fr-FR","@id":"https:\/\/secure.gravatar.com\/avatar\/82eb951df6110a2c48d1bfa7a67d1ee6f0cd5df3cbf9c3586dd61e82db7172a5?s=96&d=mm&r=g","url":"https:\/\/secure.gravatar.com\/avatar\/82eb951df6110a2c48d1bfa7a67d1ee6f0cd5df3cbf9c3586dd61e82db7172a5?s=96&d=mm&r=g","contentUrl":"https:\/\/secure.gravatar.com\/avatar\/82eb951df6110a2c48d1bfa7a67d1ee6f0cd5df3cbf9c3586dd61e82db7172a5?s=96&d=mm&r=g","caption":"Claude DAYRES"},"url":"https:\/\/jumeaux91.fr\/blog\/author\/x91claude\/"}]}},"_links":{"self":[{"href":"https:\/\/jumeaux91.fr\/blog\/wp-json\/wp\/v2\/posts\/1386","targetHints":{"allow":["GET"]}}],"collection":[{"href":"https:\/\/jumeaux91.fr\/blog\/wp-json\/wp\/v2\/posts"}],"about":[{"href":"https:\/\/jumeaux91.fr\/blog\/wp-json\/wp\/v2\/types\/post"}],"author":[{"embeddable":true,"href":"https:\/\/jumeaux91.fr\/blog\/wp-json\/wp\/v2\/users\/2"}],"replies":[{"embeddable":true,"href":"https:\/\/jumeaux91.fr\/blog\/wp-json\/wp\/v2\/comments?post=1386"}],"version-history":[{"count":0,"href":"https:\/\/jumeaux91.fr\/blog\/wp-json\/wp\/v2\/posts\/1386\/revisions"}],"wp:featuredmedia":[{"embeddable":true,"href":"https:\/\/jumeaux91.fr\/blog\/wp-json\/wp\/v2\/media\/1387"}],"wp:attachment":[{"href":"https:\/\/jumeaux91.fr\/blog\/wp-json\/wp\/v2\/media?parent=1386"}],"wp:term":[{"taxonomy":"category","embeddable":true,"href":"https:\/\/jumeaux91.fr\/blog\/wp-json\/wp\/v2\/categories?post=1386"},{"taxonomy":"post_tag","embeddable":true,"href":"https:\/\/jumeaux91.fr\/blog\/wp-json\/wp\/v2\/tags?post=1386"}],"curies":[{"name":"wp","href":"https:\/\/api.w.org\/{rel}","templated":true}]}}