{"id":1397,"date":"2025-07-01T22:00:00","date_gmt":"2025-07-01T20:00:00","guid":{"rendered":"https:\/\/jumeaux91.fr\/blog\/les-jumeaux-berque-sea-sex-surf-et-transatlantique\/"},"modified":"2025-07-01T22:00:00","modified_gmt":"2025-07-01T20:00:00","slug":"les-jumeaux-berque-sea-sex-surf-et-transatlantique","status":"publish","type":"post","link":"https:\/\/jumeaux91.fr\/blog\/les-jumeaux-berque-sea-sex-surf-et-transatlantique\/","title":{"rendered":"Les jumeaux Berque, sea, sex, surf et&#8230; transatlantique"},"content":{"rendered":"<div><img decoding=\"async\" src=\"https:\/\/jumeaux91.fr\/blog\/wp-content\/uploads\/2025\/07\/les-jumeaux-berque-sea-sex-surf-et-transatlantique.jpg\" class=\"ff-og-image-inserted\"><\/div>\n<p>Le 1er avril 2003, les jumeaux Emmanuel et Maximilien Berque, pionniers du surf dans les Landes, entament la travers\u00e9e de l\u2019Atlantique, avec les \u00e9toiles pour seules guides, sur une pirogue \u00e0 balancier. Paul Ferrier, journaliste \u00e0 ICI Gascogne, raconte la vie de ces deux personnalit\u00e9s atypiques.<\/p>\n<div><!--[1--><!--[--><!--[2--><!--[--><!--[1--><!--&gt;\n\n<p>--><!--[1--><!--[--><!--[2--><!--[1--><!--[1--><!--&gt;--><!--&gt;Le parcours d\u2019Emmanuel et Maximilien Berque commence en 1950 au Maroc o\u00f9 ils voient le jour. \u202f Leur p\u00e8re, un intellectuel reconnu, sp\u00e9cialiste de la culture arabo-musulmane, installe la famille \u00e0 Paris quand il est nomm\u00e9 professeur au coll\u00e8ge de France. Les jumeaux vont suivre des \u00e9tudes brillantes, mais cette vie les ennuie. Ils ont soif d\u2019aventure.--><!--&gt;--><!--]--><!--]--><!--]--><!--&gt;]--><!--]--><!--&gt;--><\/p>\n<p><!--&gt;]--><!--]--><!--]--><!--&gt;[2--><!--[3--><!--&gt;[--><!--]--><!--&gt;]--><!--]--><!--&gt;[2--><!--[--><!--[1--><!--&gt;\n\n<p>--><!--[1--><!--[--><!--[2--><!--[1--><!--[1--><!--&gt;--><!--&gt;Heureusement, les vacances dans la maison familiale des Landes, \u00e0 Contis, leur redonne le sourire chaque \u00e9t\u00e9. Cette station baln\u00e9aire entre for\u00eat et dune face \u00e0 l\u2019oc\u00e9an et ses vagues puissantes devient leur refuge. Un lieu id\u00e9al pour le surf qu\u2019ils d\u00e9couvrent alors&nbsp;: c'est une r\u00e9v\u00e9lation.--><!--&gt;--><!--]--><!--]--><!--]--><!--&gt;]--><!--]--><!--&gt;--><\/p>\n<p><!--&gt;]--><!--]--><!--]--><!--&gt;[2--><!--[1--><!--[--><!--&gt;[1--><\/p>\n<h2><!--&gt;-->Une r\u00e9putation sulfureuse\u2026 et une nouvelle passion<!--&gt;--><\/h2>\n<p><!--]--><!--&gt;]--><!--]--><!--]--><!--&gt;[2--><!--[--><!--[1--><!--&gt;\n\n<p>--><!--[1--><!--[--><!--[2--><!--[1--><!--[1--><!--&gt;--><!--&gt;Au d\u00e9but des ann\u00e9es 1970, \u00e0 vingt ans pass\u00e9s, la vie d\u2019Emmanuel et Maximilien Berque tourne exclusivement autour du surf, de la plage, des copines et des copains&nbsp;! Une r\u00e9putation sulfureuse leur colle bient\u00f4t \u00e0 la peau dans ce village des Landes&nbsp;: sea, sex and surf.--><!--&gt;--><!--]--><!--]--><!--]--><!--&gt;]--><!--]--><!--&gt;--><\/p>\n<p><!--&gt;]--><!--]--><!--]--><!--&gt;[2--><!--[--><!--[1--><!--&gt;\n\n<p>--><!--[1--><!--[--><!--[2--><!--[1--><!--[1--><!--&gt;--><!--&gt;Les \u00ab&nbsp;jums&nbsp;\u00bb, comme on les appelle alors \u00e0 Contis, vivotent dans une pr\u00e9carit\u00e9 choisie. L\u2019\u00e9t\u00e9, ils vendent quelques planches de leur fabrication aux touristes. Ils gagnent peu et se contentent d'autant. Une dizaine d\u2019ann\u00e9es s\u2019\u00e9coule avant qu\u2019une nouvelle id\u00e9e ne germe en eux quand ils se d\u00e9couvrent une nouvelle passion&nbsp;: la voile.--><!--&gt;--><!--]--><!--]--><!--]--><!--&gt;]--><!--]--><!--&gt;--><\/p>\n<p><!--&gt;]--><!--]--><!--]--><!--&gt;[2--><!--[3--><!--&gt;[1--><!--[!--><!--]--> <!--[--><!--[--><!--[--><!--]--><!--]--><!--]--><!--]--><!--&gt;]--><!--]--><!--&gt;[2--><!--[--><!--[1--><!--&gt;\n\n<p>--><!--[1--><!--[--><!--[2--><!--[1--><!--[1--><!--&gt;--><!--&gt;Et en 1985, ils mettent \u00e0 profit leurs \u00e9tudes math\u00e9matiques pour dessiner les plans de leur premier bateau. Quelques mois plus tard, sur <em>Microm\u00e9gas 1<\/em>, un petit trimaran \u00e0 peine sorti du grenier de leur maison landaise, ils embarquent avec l\u2019objectif de traverser l\u2019Atlantique&nbsp;!--><!--&gt;--><!--]--><!--]--><!--]--><!--&gt;]--><!--]--><!--&gt;--><\/p>\n<p><!--&gt;]--><!--]--><!--]--><!--&gt;[2--><!--[--><!--[1--><!--&gt;\n\n<p>--><!--[1--><!--[--><!--[2--><!--[1--><!--[1--><!--&gt;--><!--&gt;Mais au niveau du golfe de Gascogne, le vent se l\u00e8ve et\u202fce qui devait \u00eatre un long p\u00e9riple tourne court. Trois ou quatre jours plus tard, au large de la Corogne sur la c\u00f4te hispanique, les conditions m\u00e9t\u00e9o les font renoncer. Ils abandonnent leur bateau dans un petit port espagnol. L\u2019ann\u00e9e suivante, \u00e0 bord de ce m\u00eame bateau qu\u2019ils ont repris, ils parviennent \u00e0 rejoindre les \u00eeles Canaries\u2026 mais finissent par mettre un terme \u00e0 l\u2019aventure.--><!--&gt;--><!--]--><!--]--><!--]--><!--&gt;]--><!--]--><!--&gt;--><\/p>\n<p><!--&gt;]--><!--]--><!--]--><!--&gt;[2--><!--[--><!--[1--><!--&gt;\n\n<p>--><!--[1--><!--[--><!--[2--><!--[1--><!--[1--><!--&gt;--><!--&gt;Ce premier \u00e9chec p\u00e8se sur les deux fr\u00e8res qui attendent six ans avant de planifier une deuxi\u00e8me tentative \u00e0 bord cette fois d\u2019un monocoque d\u2019environ 4 m\u00e8tres de long, <em>Microm\u00e9gas 2<\/em>, toujours en bois, avec... une voile, une cabine, un sextant, une boussole et une radio. Nous sommes en 1995.--><!--&gt;--><!--]--><!--]--><!--]--><!--&gt;]--><!--]--><!--&gt;--><\/p>\n<p><!--&gt;]--><!--]--><!--]--><!--&gt;[2--><!--[--><!--[1--><!--&gt;\n\n<p>--><!--[1--><!--[--><!--[2--><!--[1--><!--[1--><!--&gt;--><!--&gt;Apr\u00e8s trente-sept jours de navigation, le 28 mai 1995, ils atteignent l\u2019autre c\u00f4t\u00e9 de l\u2019Atlantique. Ils ont 45 ans.--><!--&gt;--><!--]--><!--]--><!--]--><!--&gt;]--><!--]--><!--&gt;--><\/p>\n<p><!--&gt;]--><!--]--><!--]--><!--&gt;[2--><!--[1--><!--[--><!--&gt;[1--><\/p>\n<h2><!--&gt;-->Le projet ultime&#8230;<!--&gt;--><\/h2>\n<p><!--]--><!--&gt;]--><!--]--><!--]--><!--&gt;[2--><!--[--><!--[1--><!--&gt;\n\n<p>--><!--[1--><!--[--><!--[2--><!--[1--><!--[1--><!--&gt;--><!--&gt;Il \u00e9crivent un livre qui leur rapporte un peu d'argent. Quelques \u00e9mission de radio et de t\u00e9l\u00e9vision leur donnent un d\u00e9but de notori\u00e9t\u00e9.&nbsp; Et ils pensent d\u00e9j\u00e0 \u00e0 un nouveau projet&nbsp;: recommencer cette travers\u00e9e mais cette fois\u2026 \u00e0 bord de <em>Microm\u00e9gas 3<\/em>, une pirogue \u00e0 balancier. L\u00e0, le d\u00e9fi est bien plus radical&nbsp;:&nbsp; ils partent sans aucun moyen de navigation. Plus de\u202fboussole, ni de sextant, ni de radio auxquels ils pr\u00e9f\u00e8rent\u2026 les \u00e9toiles. Ils prennent la mer le 1er avril 2003 et, apr\u00e8s vingt-huit jours, ils joignent la Guadeloupe.--><!--&gt;--><!--]--><!--]--><!--]--><!--&gt;]--><!--]--><!--&gt;--><\/p>\n<p><!--&gt;]--><!--]--><!--]--><!--&gt;[2--><!--[--><!--[1--><!--&gt;\n\n<p>--><!--[1--><!--[--><!--[2--><!--[1--><!--[1--><!--&gt;--><!--&gt;Pourtant, ce nouveau succ\u00e8s restera confidentiel. Cette ann\u00e9e-l\u00e0, la tension g\u00e9opolitique internationale a atteint son paroxysme et les \u00c9tats-Unis d\u2019Am\u00e9rique se sont empar\u00e9s de la capitale irakienne.--><!--&gt;--><!--]--><!--]--><!--]--><!--&gt;]--><!--]--><!--&gt;--><\/p>\n<p><!--&gt;]--><!--]--><!--]--><!--&gt;[2--><!--[--><!--[1--><!--&gt;\n\n<p>--><!--[1--><!--[--><!--[2--><!--[1--><!--[1--><!--&gt;--><!--&gt;Le 11 ao\u00fbt 2021, Emmanuel Berque annon\u00e7ait la mort de son fr\u00e8re&nbsp;: \u00ab&nbsp;Je ne suis plus jumeau depuis hier. Il est parti vers le Cosmos&nbsp;\u00bb. Et le 7 d\u00e9cembre 2024, Maximilien le rejoignait.--><!--&gt;--><!--]--><!--]--><!--]--><!--&gt;]--><!--]--><!--&gt;--><\/p>\n<p><!--&gt;]--><!--]--><!--]--><!--&gt;[2--><!--[--><!--[1--><!--&gt;\n\n<p>--><!--[1--><!--[--><!--[2--><!--[1--><!--[1--><!--&gt;--><!--&gt;Aujourd'hui, que reste-il de des exploits des jumeaux Berque&nbsp;?--><!--&gt;--><!--]--><!--]--><!--]--><!--&gt;]--><!--]--><!--&gt;--><\/p>\n<p><!--&gt;]--><!--]--><!--]--><!--&gt;[2--><!--[--><!--[1--><!--&gt;\n\n<p>--><!--[1--><!--[--><!--[2--><!--[1--><!--[1--><!--&gt;--><!--&gt;<strong>Cet \u00e9pisode du podcast<\/strong> --><!--&gt;--><!--]--><!--]--><!--]--><!--&gt;[2--><!--[1--><!--[2--><!--&gt;[--><a class=\"IciLink ici-link IciArticleLink g-ici-body-regular-1 underline brand svelte-lu7k6w\" href=\"https:\/\/www.francebleu.fr\/emissions\/histoires-salees\" target=\"_blank\" rel=\"nofollow\"><!--&gt;--><!--&gt;<em><strong>Histoires sal\u00e9es<\/strong><\/em>--><!--&gt;--><\/a><!--]--><!--&gt;]--><!--]--><!--]--><!--&gt;[2--><!--[1--><!--[1--><!--&gt;--><!--&gt;&nbsp;<strong>a \u00e9t\u00e9 imagin\u00e9 par les \u00e9quipes de ICI Gascogne<\/strong>--><!--&gt;--><!--]--><!--]--><!--]--><!--&gt;]--><!--]--><!--&gt;--><\/p>\n<p><!--&gt;]--><!--]--><!--]--><!--&gt;[2--><!--[--><!--[--><!--&gt;[!--><\/p>\n<ul><!--&gt;[--><!--&gt;\n\n<li>--><!--[1--><!--[--><!--[2--><!--[1--><!--[1--><!--&gt;--><!--&gt;Reportage, \u00e9criture et narration&nbsp;: Paul Ferrier--><!--&gt;--><!--]--><!--]--><!--]--><!--&gt;]--><!--]--><!--&gt;--><\/li>\n<p><!--&gt;--><\/p>\n<li><!--&gt;[1--><!--[--><!--[2--><!--[1--><!--[1--><!--&gt;--><!--&gt;Prise de son et mixage&nbsp;: S\u00e9verine Laumesfeld--><!--&gt;--><!--]--><!--]--><!--]--><!--&gt;]--><!--]--><!--&gt;--><\/li>\n<p><!--&gt;--><\/p>\n<li><!--&gt;[1--><!--[--><!--[2--><!--[1--><!--[1--><!--&gt;--><!--&gt;Production&nbsp;: Cl\u00e9mence Olivier \u2013 Studio de cr\u00e9ation ICI--><!--&gt;--><!--]--><!--]--><!--]--><!--&gt;]--><!--]--><!--&gt;--><\/li>\n<p><!--&gt;--><\/p>\n<li><!--&gt;[1--><!--[--><!--[2--><!--[1--><!--[1--><!--&gt;--><!--&gt;R\u00e9daction du texte web&nbsp;: Paule Paganon--><!--&gt;--><!--]--><!--]--><!--]--><!--&gt;]--><!--]--><!--&gt;--><\/li>\n<p><!--&gt;--><\/p>\n<li><!--&gt;[1--><!--[--><!--[2--><!--[1--><!--[1--><!--&gt;--><!--&gt;Remerciements&nbsp;:\u202fMarine Berque, Dan Herbert, Carolyn Tichy, et Hugo Verlomme--><!--&gt;--><!--]--><!--]--><!--]--><!--&gt;]--><!--]--><!--&gt;--><\/li>\n<p><!--&gt;]--><!--&gt;<\/ul>\n\n]--><!--&gt;]--><!--]--><!--]--><!--&gt;[2--><!--[--><!--[1--><!--&gt;\n\n<p>--><!--[1--><!--[--><!--[2--><!--[1--><!--[1--><!--&gt;--><!--&gt;<strong>Envie d'\u00e9couter d'autres \u00e9pisodes&nbsp;?<\/strong> C'est tr\u00e8s simple, il vous suffit de vous abonner \u00e0 --><!--&gt;--><!--]--><!--]--><!--]--><!--&gt;[2--><!--[1--><!--[2--><!--&gt;[--><a class=\"IciLink ici-link IciArticleLink g-ici-body-regular-1 underline brand svelte-lu7k6w\" href=\"https:\/\/www.francebleu.fr\/emissions\/histoires-salees\" target=\"_blank\" rel=\"nofollow\"><!--&gt;--><!--&gt;<em><strong>Histoires sal\u00e9es<\/strong><\/em>--><!--&gt;--><\/a><!--]--><!--&gt;]--><!--]--><!--]--><!--&gt;[2--><!--[1--><!--[1--><!--&gt;--><!--&gt;. Retrouvez-nous sur l'application ICI et sur la plateforme Radio France notamment.--><!--&gt;--><!--]--><!--]--><!--]--><!--&gt;]--><!--]--><!--&gt;--><\/p>\n<p><!--&gt;]--><!--]--><!--]--><!--&gt;]--><!--]--><!--&gt;<\/div>\n\nLa chronique se veut g\u00e9n\u00e9r\u00e9e de la fa\u00e7on la plus claire que possible. Dans le cas o\u00f9 vous souhaitez pr\u00e9senter des renseignements compl\u00e9mentaires \u00e0 cet article sur le sujet \"Fr\u00e8res jumeaux de l'Essonnes\" il vous est possible d\u2019\u00e9crire aux contacts indiqu\u00e9s sur notre website. La raison d\u2019\u00eatre de jumeaux91.fr \u00e9tant de rassembler sur le web des posts sur le sujet de Fr\u00e8res jumeaux de l'Essonnes puis les diffuser en r\u00e9pondant au mieux aux interrogations des gens. Vous pouvez tirer profit de cet article traitant le sujet \"Fr\u00e8res jumeaux de l'Essonnes\". Il est concoct\u00e9 par l\u2019\u00e9quipe jumeaux91.fr. Prochainement, nous rendrons accessibles au public d'autres informations pertinentes sur le sujet \"Fr\u00e8res jumeaux de l'Essonnes\". Alors, consultez syst\u00e9matiquement notre blog.--><\/p>\n","protected":false},"excerpt":{"rendered":"<p>Le 1er avril 2003, les jumeaux Emmanuel et Maximilien Berque, pionniers du surf dans les Landes, entament la travers\u00e9e de l\u2019Atlantique, avec les \u00e9toiles pour seules guides, sur une pirogue \u00e0 balancier. Paul Ferrier, journaliste \u00e0 ICI Gascogne, raconte la vie de ces deux personnalit\u00e9s atypiques. Une r\u00e9putation sulfureuse\u2026 et une nouvelle passion Le projet&hellip; <a class=\"more-link\" href=\"https:\/\/jumeaux91.fr\/blog\/les-jumeaux-berque-sea-sex-surf-et-transatlantique\/\">Poursuivre la lecture <span class=\"screen-reader-text\">Les jumeaux Berque, sea, sex, surf et&#8230; transatlantique<\/span><\/a><\/p>\n","protected":false},"author":2,"featured_media":1398,"comment_status":"closed","ping_status":"closed","sticky":false,"template":"","format":"standard","meta":{"footnotes":""},"categories":[4],"tags":[],"class_list":["post-1397","post","type-post","status-publish","format-standard","has-post-thumbnail","hentry","category-posts-freres-jumeaux-de-lessonnes","entry"],"yoast_head":"<!-- This site is optimized with the Yoast SEO plugin v27.5 - https:\/\/yoast.com\/product\/yoast-seo-wordpress\/ -->\n<title>Les jumeaux Berque, sea, sex, surf et... transatlantique - JUMEAUX91<\/title>\n<meta name=\"robots\" content=\"index, follow, max-snippet:-1, max-image-preview:large, max-video-preview:-1\" \/>\n<link rel=\"canonical\" href=\"https:\/\/jumeaux91.fr\/blog\/les-jumeaux-berque-sea-sex-surf-et-transatlantique\/\" \/>\n<meta property=\"og:locale\" content=\"fr_FR\" \/>\n<meta property=\"og:type\" content=\"article\" \/>\n<meta property=\"og:title\" content=\"Les jumeaux Berque, sea, sex, surf et... transatlantique - JUMEAUX91\" \/>\n<meta property=\"og:description\" content=\"Le 1er avril 2003, les jumeaux Emmanuel et Maximilien Berque, pionniers du surf dans les Landes, entament la travers\u00e9e de l\u2019Atlantique, avec les \u00e9toiles pour seules guides, sur une pirogue \u00e0 balancier. Paul Ferrier, journaliste \u00e0 ICI Gascogne, raconte la vie de ces deux personnalit\u00e9s atypiques. Une r\u00e9putation sulfureuse\u2026 et une nouvelle passion Le projet&hellip; Poursuivre la lecture Les jumeaux Berque, sea, sex, surf et&#8230; transatlantique\" \/>\n<meta property=\"og:url\" content=\"https:\/\/jumeaux91.fr\/blog\/les-jumeaux-berque-sea-sex-surf-et-transatlantique\/\" \/>\n<meta property=\"og:site_name\" content=\"JUMEAUX91\" \/>\n<meta property=\"article:published_time\" content=\"2025-07-01T20:00:00+00:00\" \/>\n<meta property=\"og:image\" content=\"https:\/\/jumeaux91.fr\/blog\/wp-content\/uploads\/2025\/07\/les-jumeaux-berque-sea-sex-surf-et-transatlantique.jpg\" \/>\n<meta name=\"author\" content=\"Claude DAYRES\" \/>\n<meta name=\"twitter:card\" content=\"summary_large_image\" \/>\n<meta name=\"twitter:label1\" content=\"\u00c9crit par\" \/>\n\t<meta name=\"twitter:data1\" content=\"Claude DAYRES\" \/>\n<script type=\"application\/ld+json\" class=\"yoast-schema-graph\">{\"@context\":\"https:\\\/\\\/schema.org\",\"@graph\":[{\"@type\":\"Article\",\"@id\":\"https:\\\/\\\/jumeaux91.fr\\\/blog\\\/les-jumeaux-berque-sea-sex-surf-et-transatlantique\\\/#article\",\"isPartOf\":{\"@id\":\"https:\\\/\\\/jumeaux91.fr\\\/blog\\\/les-jumeaux-berque-sea-sex-surf-et-transatlantique\\\/\"},\"author\":{\"name\":\"Claude DAYRES\",\"@id\":\"https:\\\/\\\/jumeaux91.fr\\\/blog\\\/#\\\/schema\\\/person\\\/21da06e9f119b9f64e5d45dbbd32d3fb\"},\"headline\":\"Les jumeaux Berque, sea, sex, surf et&#8230; transatlantique\",\"datePublished\":\"2025-07-01T20:00:00+00:00\",\"mainEntityOfPage\":{\"@id\":\"https:\\\/\\\/jumeaux91.fr\\\/blog\\\/les-jumeaux-berque-sea-sex-surf-et-transatlantique\\\/\"},\"wordCount\":65,\"publisher\":{\"@id\":\"https:\\\/\\\/jumeaux91.fr\\\/blog\\\/#organization\"},\"image\":{\"@id\":\"https:\\\/\\\/jumeaux91.fr\\\/blog\\\/les-jumeaux-berque-sea-sex-surf-et-transatlantique\\\/#primaryimage\"},\"thumbnailUrl\":\"https:\\\/\\\/jumeaux91.fr\\\/blog\\\/wp-content\\\/uploads\\\/2025\\\/07\\\/les-jumeaux-berque-sea-sex-surf-et-transatlantique.jpg\",\"articleSection\":[\"Posts Fr\u00e8res Jumeaux De L'Essonnes:\"],\"inLanguage\":\"fr-FR\"},{\"@type\":\"WebPage\",\"@id\":\"https:\\\/\\\/jumeaux91.fr\\\/blog\\\/les-jumeaux-berque-sea-sex-surf-et-transatlantique\\\/\",\"url\":\"https:\\\/\\\/jumeaux91.fr\\\/blog\\\/les-jumeaux-berque-sea-sex-surf-et-transatlantique\\\/\",\"name\":\"Les jumeaux Berque, sea, sex, surf et... transatlantique - JUMEAUX91\",\"isPartOf\":{\"@id\":\"https:\\\/\\\/jumeaux91.fr\\\/blog\\\/#website\"},\"primaryImageOfPage\":{\"@id\":\"https:\\\/\\\/jumeaux91.fr\\\/blog\\\/les-jumeaux-berque-sea-sex-surf-et-transatlantique\\\/#primaryimage\"},\"image\":{\"@id\":\"https:\\\/\\\/jumeaux91.fr\\\/blog\\\/les-jumeaux-berque-sea-sex-surf-et-transatlantique\\\/#primaryimage\"},\"thumbnailUrl\":\"https:\\\/\\\/jumeaux91.fr\\\/blog\\\/wp-content\\\/uploads\\\/2025\\\/07\\\/les-jumeaux-berque-sea-sex-surf-et-transatlantique.jpg\",\"datePublished\":\"2025-07-01T20:00:00+00:00\",\"breadcrumb\":{\"@id\":\"https:\\\/\\\/jumeaux91.fr\\\/blog\\\/les-jumeaux-berque-sea-sex-surf-et-transatlantique\\\/#breadcrumb\"},\"inLanguage\":\"fr-FR\",\"potentialAction\":[{\"@type\":\"ReadAction\",\"target\":[\"https:\\\/\\\/jumeaux91.fr\\\/blog\\\/les-jumeaux-berque-sea-sex-surf-et-transatlantique\\\/\"]}]},{\"@type\":\"ImageObject\",\"inLanguage\":\"fr-FR\",\"@id\":\"https:\\\/\\\/jumeaux91.fr\\\/blog\\\/les-jumeaux-berque-sea-sex-surf-et-transatlantique\\\/#primaryimage\",\"url\":\"https:\\\/\\\/jumeaux91.fr\\\/blog\\\/wp-content\\\/uploads\\\/2025\\\/07\\\/les-jumeaux-berque-sea-sex-surf-et-transatlantique.jpg\",\"contentUrl\":\"https:\\\/\\\/jumeaux91.fr\\\/blog\\\/wp-content\\\/uploads\\\/2025\\\/07\\\/les-jumeaux-berque-sea-sex-surf-et-transatlantique.jpg\",\"width\":1200,\"height\":680,\"caption\":\"Les jumeaux Berque, sea, sex, surf et..\"},{\"@type\":\"BreadcrumbList\",\"@id\":\"https:\\\/\\\/jumeaux91.fr\\\/blog\\\/les-jumeaux-berque-sea-sex-surf-et-transatlantique\\\/#breadcrumb\",\"itemListElement\":[{\"@type\":\"ListItem\",\"position\":1,\"name\":\"Accueil\",\"item\":\"https:\\\/\\\/jumeaux91.fr\\\/blog\\\/\"},{\"@type\":\"ListItem\",\"position\":2,\"name\":\"Les jumeaux Berque, sea, sex, surf et&#8230; transatlantique\"}]},{\"@type\":\"WebSite\",\"@id\":\"https:\\\/\\\/jumeaux91.fr\\\/blog\\\/#website\",\"url\":\"https:\\\/\\\/jumeaux91.fr\\\/blog\\\/\",\"name\":\"JUMEAUX91\",\"description\":\"Fr\u00e8res jumeaux de l&#039;Essonnes; informations et archives, \u00e0 savoir et retenir.\",\"publisher\":{\"@id\":\"https:\\\/\\\/jumeaux91.fr\\\/blog\\\/#organization\"},\"potentialAction\":[{\"@type\":\"SearchAction\",\"target\":{\"@type\":\"EntryPoint\",\"urlTemplate\":\"https:\\\/\\\/jumeaux91.fr\\\/blog\\\/?s={search_term_string}\"},\"query-input\":{\"@type\":\"PropertyValueSpecification\",\"valueRequired\":true,\"valueName\":\"search_term_string\"}}],\"inLanguage\":\"fr-FR\"},{\"@type\":\"Organization\",\"@id\":\"https:\\\/\\\/jumeaux91.fr\\\/blog\\\/#organization\",\"name\":\"jumeaux91\",\"url\":\"https:\\\/\\\/jumeaux91.fr\\\/blog\\\/\",\"logo\":{\"@type\":\"ImageObject\",\"inLanguage\":\"fr-FR\",\"@id\":\"https:\\\/\\\/jumeaux91.fr\\\/blog\\\/#\\\/schema\\\/logo\\\/image\\\/\",\"url\":\"https:\\\/\\\/jumeaux91.fr\\\/blog\\\/wp-content\\\/uploads\\\/2023\\\/05\\\/cropped-cropped-logoJ_91.png\",\"contentUrl\":\"https:\\\/\\\/jumeaux91.fr\\\/blog\\\/wp-content\\\/uploads\\\/2023\\\/05\\\/cropped-cropped-logoJ_91.png\",\"width\":512,\"height\":512,\"caption\":\"jumeaux91\"},\"image\":{\"@id\":\"https:\\\/\\\/jumeaux91.fr\\\/blog\\\/#\\\/schema\\\/logo\\\/image\\\/\"}},{\"@type\":\"Person\",\"@id\":\"https:\\\/\\\/jumeaux91.fr\\\/blog\\\/#\\\/schema\\\/person\\\/21da06e9f119b9f64e5d45dbbd32d3fb\",\"name\":\"Claude DAYRES\",\"image\":{\"@type\":\"ImageObject\",\"inLanguage\":\"fr-FR\",\"@id\":\"https:\\\/\\\/secure.gravatar.com\\\/avatar\\\/82eb951df6110a2c48d1bfa7a67d1ee6f0cd5df3cbf9c3586dd61e82db7172a5?s=96&d=mm&r=g\",\"url\":\"https:\\\/\\\/secure.gravatar.com\\\/avatar\\\/82eb951df6110a2c48d1bfa7a67d1ee6f0cd5df3cbf9c3586dd61e82db7172a5?s=96&d=mm&r=g\",\"contentUrl\":\"https:\\\/\\\/secure.gravatar.com\\\/avatar\\\/82eb951df6110a2c48d1bfa7a67d1ee6f0cd5df3cbf9c3586dd61e82db7172a5?s=96&d=mm&r=g\",\"caption\":\"Claude DAYRES\"},\"url\":\"https:\\\/\\\/jumeaux91.fr\\\/blog\\\/author\\\/x91claude\\\/\"}]}<\/script>\n<!-- \/ Yoast SEO plugin. -->","yoast_head_json":{"title":"Les jumeaux Berque, sea, sex, surf et... transatlantique - JUMEAUX91","robots":{"index":"index","follow":"follow","max-snippet":"max-snippet:-1","max-image-preview":"max-image-preview:large","max-video-preview":"max-video-preview:-1"},"canonical":"https:\/\/jumeaux91.fr\/blog\/les-jumeaux-berque-sea-sex-surf-et-transatlantique\/","og_locale":"fr_FR","og_type":"article","og_title":"Les jumeaux Berque, sea, sex, surf et... transatlantique - JUMEAUX91","og_description":"Le 1er avril 2003, les jumeaux Emmanuel et Maximilien Berque, pionniers du surf dans les Landes, entament la travers\u00e9e de l\u2019Atlantique, avec les \u00e9toiles pour seules guides, sur une pirogue \u00e0 balancier. Paul Ferrier, journaliste \u00e0 ICI Gascogne, raconte la vie de ces deux personnalit\u00e9s atypiques. Une r\u00e9putation sulfureuse\u2026 et une nouvelle passion Le projet&hellip; Poursuivre la lecture Les jumeaux Berque, sea, sex, surf et&#8230; transatlantique","og_url":"https:\/\/jumeaux91.fr\/blog\/les-jumeaux-berque-sea-sex-surf-et-transatlantique\/","og_site_name":"JUMEAUX91","article_published_time":"2025-07-01T20:00:00+00:00","og_image":[{"url":"https:\/\/jumeaux91.fr\/blog\/wp-content\/uploads\/2025\/07\/les-jumeaux-berque-sea-sex-surf-et-transatlantique.jpg","type":"","width":"","height":""}],"author":"Claude DAYRES","twitter_card":"summary_large_image","twitter_misc":{"\u00c9crit par":"Claude DAYRES"},"schema":{"@context":"https:\/\/schema.org","@graph":[{"@type":"Article","@id":"https:\/\/jumeaux91.fr\/blog\/les-jumeaux-berque-sea-sex-surf-et-transatlantique\/#article","isPartOf":{"@id":"https:\/\/jumeaux91.fr\/blog\/les-jumeaux-berque-sea-sex-surf-et-transatlantique\/"},"author":{"name":"Claude DAYRES","@id":"https:\/\/jumeaux91.fr\/blog\/#\/schema\/person\/21da06e9f119b9f64e5d45dbbd32d3fb"},"headline":"Les jumeaux Berque, sea, sex, surf et&#8230; transatlantique","datePublished":"2025-07-01T20:00:00+00:00","mainEntityOfPage":{"@id":"https:\/\/jumeaux91.fr\/blog\/les-jumeaux-berque-sea-sex-surf-et-transatlantique\/"},"wordCount":65,"publisher":{"@id":"https:\/\/jumeaux91.fr\/blog\/#organization"},"image":{"@id":"https:\/\/jumeaux91.fr\/blog\/les-jumeaux-berque-sea-sex-surf-et-transatlantique\/#primaryimage"},"thumbnailUrl":"https:\/\/jumeaux91.fr\/blog\/wp-content\/uploads\/2025\/07\/les-jumeaux-berque-sea-sex-surf-et-transatlantique.jpg","articleSection":["Posts Fr\u00e8res Jumeaux De L'Essonnes:"],"inLanguage":"fr-FR"},{"@type":"WebPage","@id":"https:\/\/jumeaux91.fr\/blog\/les-jumeaux-berque-sea-sex-surf-et-transatlantique\/","url":"https:\/\/jumeaux91.fr\/blog\/les-jumeaux-berque-sea-sex-surf-et-transatlantique\/","name":"Les jumeaux Berque, sea, sex, surf et... transatlantique - JUMEAUX91","isPartOf":{"@id":"https:\/\/jumeaux91.fr\/blog\/#website"},"primaryImageOfPage":{"@id":"https:\/\/jumeaux91.fr\/blog\/les-jumeaux-berque-sea-sex-surf-et-transatlantique\/#primaryimage"},"image":{"@id":"https:\/\/jumeaux91.fr\/blog\/les-jumeaux-berque-sea-sex-surf-et-transatlantique\/#primaryimage"},"thumbnailUrl":"https:\/\/jumeaux91.fr\/blog\/wp-content\/uploads\/2025\/07\/les-jumeaux-berque-sea-sex-surf-et-transatlantique.jpg","datePublished":"2025-07-01T20:00:00+00:00","breadcrumb":{"@id":"https:\/\/jumeaux91.fr\/blog\/les-jumeaux-berque-sea-sex-surf-et-transatlantique\/#breadcrumb"},"inLanguage":"fr-FR","potentialAction":[{"@type":"ReadAction","target":["https:\/\/jumeaux91.fr\/blog\/les-jumeaux-berque-sea-sex-surf-et-transatlantique\/"]}]},{"@type":"ImageObject","inLanguage":"fr-FR","@id":"https:\/\/jumeaux91.fr\/blog\/les-jumeaux-berque-sea-sex-surf-et-transatlantique\/#primaryimage","url":"https:\/\/jumeaux91.fr\/blog\/wp-content\/uploads\/2025\/07\/les-jumeaux-berque-sea-sex-surf-et-transatlantique.jpg","contentUrl":"https:\/\/jumeaux91.fr\/blog\/wp-content\/uploads\/2025\/07\/les-jumeaux-berque-sea-sex-surf-et-transatlantique.jpg","width":1200,"height":680,"caption":"Les jumeaux Berque, sea, sex, surf et.."},{"@type":"BreadcrumbList","@id":"https:\/\/jumeaux91.fr\/blog\/les-jumeaux-berque-sea-sex-surf-et-transatlantique\/#breadcrumb","itemListElement":[{"@type":"ListItem","position":1,"name":"Accueil","item":"https:\/\/jumeaux91.fr\/blog\/"},{"@type":"ListItem","position":2,"name":"Les jumeaux Berque, sea, sex, surf et&#8230; transatlantique"}]},{"@type":"WebSite","@id":"https:\/\/jumeaux91.fr\/blog\/#website","url":"https:\/\/jumeaux91.fr\/blog\/","name":"JUMEAUX91","description":"Fr\u00e8res jumeaux de l&#039;Essonnes; informations et archives, \u00e0 savoir et retenir.","publisher":{"@id":"https:\/\/jumeaux91.fr\/blog\/#organization"},"potentialAction":[{"@type":"SearchAction","target":{"@type":"EntryPoint","urlTemplate":"https:\/\/jumeaux91.fr\/blog\/?s={search_term_string}"},"query-input":{"@type":"PropertyValueSpecification","valueRequired":true,"valueName":"search_term_string"}}],"inLanguage":"fr-FR"},{"@type":"Organization","@id":"https:\/\/jumeaux91.fr\/blog\/#organization","name":"jumeaux91","url":"https:\/\/jumeaux91.fr\/blog\/","logo":{"@type":"ImageObject","inLanguage":"fr-FR","@id":"https:\/\/jumeaux91.fr\/blog\/#\/schema\/logo\/image\/","url":"https:\/\/jumeaux91.fr\/blog\/wp-content\/uploads\/2023\/05\/cropped-cropped-logoJ_91.png","contentUrl":"https:\/\/jumeaux91.fr\/blog\/wp-content\/uploads\/2023\/05\/cropped-cropped-logoJ_91.png","width":512,"height":512,"caption":"jumeaux91"},"image":{"@id":"https:\/\/jumeaux91.fr\/blog\/#\/schema\/logo\/image\/"}},{"@type":"Person","@id":"https:\/\/jumeaux91.fr\/blog\/#\/schema\/person\/21da06e9f119b9f64e5d45dbbd32d3fb","name":"Claude DAYRES","image":{"@type":"ImageObject","inLanguage":"fr-FR","@id":"https:\/\/secure.gravatar.com\/avatar\/82eb951df6110a2c48d1bfa7a67d1ee6f0cd5df3cbf9c3586dd61e82db7172a5?s=96&d=mm&r=g","url":"https:\/\/secure.gravatar.com\/avatar\/82eb951df6110a2c48d1bfa7a67d1ee6f0cd5df3cbf9c3586dd61e82db7172a5?s=96&d=mm&r=g","contentUrl":"https:\/\/secure.gravatar.com\/avatar\/82eb951df6110a2c48d1bfa7a67d1ee6f0cd5df3cbf9c3586dd61e82db7172a5?s=96&d=mm&r=g","caption":"Claude DAYRES"},"url":"https:\/\/jumeaux91.fr\/blog\/author\/x91claude\/"}]}},"_links":{"self":[{"href":"https:\/\/jumeaux91.fr\/blog\/wp-json\/wp\/v2\/posts\/1397","targetHints":{"allow":["GET"]}}],"collection":[{"href":"https:\/\/jumeaux91.fr\/blog\/wp-json\/wp\/v2\/posts"}],"about":[{"href":"https:\/\/jumeaux91.fr\/blog\/wp-json\/wp\/v2\/types\/post"}],"author":[{"embeddable":true,"href":"https:\/\/jumeaux91.fr\/blog\/wp-json\/wp\/v2\/users\/2"}],"replies":[{"embeddable":true,"href":"https:\/\/jumeaux91.fr\/blog\/wp-json\/wp\/v2\/comments?post=1397"}],"version-history":[{"count":0,"href":"https:\/\/jumeaux91.fr\/blog\/wp-json\/wp\/v2\/posts\/1397\/revisions"}],"wp:featuredmedia":[{"embeddable":true,"href":"https:\/\/jumeaux91.fr\/blog\/wp-json\/wp\/v2\/media\/1398"}],"wp:attachment":[{"href":"https:\/\/jumeaux91.fr\/blog\/wp-json\/wp\/v2\/media?parent=1397"}],"wp:term":[{"taxonomy":"category","embeddable":true,"href":"https:\/\/jumeaux91.fr\/blog\/wp-json\/wp\/v2\/categories?post=1397"},{"taxonomy":"post_tag","embeddable":true,"href":"https:\/\/jumeaux91.fr\/blog\/wp-json\/wp\/v2\/tags?post=1397"}],"curies":[{"name":"wp","href":"https:\/\/api.w.org\/{rel}","templated":true}]}}