{"id":1417,"date":"2025-07-04T23:01:00","date_gmt":"2025-07-04T21:01:00","guid":{"rendered":"https:\/\/jumeaux91.fr\/blog\/xv-de-france-tom-spring-a-un-pere-neo-zelandais-et-a-failli-ne-jamais-devenir-pro-5-choses-a-savoir-sur-lailier-bayonnais\/"},"modified":"2025-07-04T23:01:00","modified_gmt":"2025-07-04T21:01:00","slug":"xv-de-france-tom-spring-a-un-pere-neo-zelandais-et-a-failli-ne-jamais-devenir-pro-5-choses-a-savoir-sur-lailier-bayonnais","status":"publish","type":"post","link":"https:\/\/jumeaux91.fr\/blog\/xv-de-france-tom-spring-a-un-pere-neo-zelandais-et-a-failli-ne-jamais-devenir-pro-5-choses-a-savoir-sur-lailier-bayonnais\/","title":{"rendered":"XV de France \u2013 Tom Spring a un p\u00e8re n\u00e9o-z\u00e9landais et a failli ne jamais devenir pro\u2026 5 choses \u00e0 savoir sur l\u2019ailier bayonnais"},"content":{"rendered":"<div><img decoding=\"async\" src=\"https:\/\/jumeaux91.fr\/blog\/wp-content\/uploads\/2025\/07\/xv-de-france-tom-spring-a-un-pere-neo-zelandais-et-a-failli-ne-jamais-devenir-pro-5-choses-a-savoir-sur-lailier-bayonnais.jpg\" class=\"ff-og-image-inserted\"><\/div>\n<p> Vous le confondez peut-\u00eatre avec son frangin Max, mais vous n\u2019allez plus faire cette erreur longtemps puisque Tom Spring conna\u00eetra demain, face aux All Blacks, sa toute premi\u00e8re cap avec l\u2019\u00e9quipe de France. Voici cinq choses \u00e0 savoir sur l\u2019ailier bayonnais. <\/p>\n<div> <!-- Pub DFP Position [outstream] --> <\/p>\n<p>Tom Spring, le nouveau chouchou de Jean Dauger, d\u00e9marrera son histoire avec le XV de France, ce samedi, face \u00e0 la grosse \u00e9quipe des All Blacks. De quoi marquer les esprits et remplir le livre d\u2019or de la famille Spring. Mais si vous ne connaissez pas encore Tom Spring, voici cinq choses \u00e0 savoir sur la nouvelle p\u00e9pite basque.<\/p>\n<p><!-- Pub DFP Position [article] --> <\/p>\n<ul>\n<li><strong>Son p\u00e8re est n\u00e9o-z\u00e9landais<\/strong><\/li>\n<\/ul>\n<p>Le p\u00e8re de Tom, Sean Spring, n\u00e9 en Nouvelle-Z\u00e9lande, a quitt\u00e9 son pays natal au d\u00e9but des ann\u00e9es 1990. Attir\u00e9 par l\u2019ancien pr\u00e9sident de la FFR, Pierre Camou, au club de Garazi, \u00e0 Saint-Jean-Pied-de-Port, il est devenu un \u00ab\u00a0n\u00e9o-basque\u00a0\u00bb. Tomb\u00e9 amoureux du Pays basque, il y a rencontr\u00e9 sa femme, Maryl\u00e8ne&nbsp;et, depuis 1999, n\u2019a plus jamais quitt\u00e9 les terres basques. Cependant, Sean n\u2019a pas cach\u00e9 son soutien aux All Blacks malgr\u00e9 la pr\u00e9sence de son fils au sein du XV de France.<\/p>\n<ul>\n<li><strong>Son fr\u00e8re jumeau a sign\u00e9 au Biarritz olympique<\/strong><\/li>\n<\/ul>\n<p>Vous connaissez s\u00fbrement d\u00e9j\u00e0 son grand fr\u00e8re Max, joueur du Racing 92, mais connaissez-vous Sam Spring&nbsp;? C\u2019est tout simplement le fr\u00e8re jumeau de Tom Spring. Sam, 22 ans \u00e9galement, 1m83, 83&nbsp;kg, jouait, jusqu\u2019\u00e0 maintenant centre en F\u00e9d\u00e9rale 1 avec le club de toujours de la famille Spring&nbsp;: l\u2019US Nafarroa. Mais, \u00e0 l\u2019instar de la famille Barrett, les Spring auront bient\u00f4t trois fr\u00e8res dans le monde professionnel. Et tous form\u00e9s par l\u2019US Nafarroa. Sam Spring, le jumeau, vient effectivement de signer avec le Biarritz olympique, <strong><a href=\"https:\/\/www.rugbyrama.fr\/2025\/06\/20\/pro-d2-biarritz-obtient-gain-de-cause-en-appel-et-jouera-en-pro-d2-la-saison-prochaine-12774639.php\" target=\"_self\" rel=\"nofollow\">tout juste sauv\u00e9 en Pro D2<\/a><\/strong>, et d\u00e9marrera sa carri\u00e8re professionnelle d\u00e8s la saison 2025\/26.<\/p>\n<ul>\n<li>\n<p><strong>C\u2019est un vrai basque<\/strong><\/p>\n<\/li>\n<\/ul>\n<p>Vous l\u2019aurez compris, Tom Spring est basque. Il est n\u00e9 \u00e0 Saint-Palais, a jou\u00e9 \u00e0 l\u2019US Nafarroa (entente n\u00e9e de la fusion de&nbsp;l\u2019US Garazi&nbsp;et de l\u2019US Baigorri, dans les Pyr\u00e9n\u00e9es-Atlantiques) et a commenc\u00e9 sa carri\u00e8re pro \u00e0 Bayonne. D\u00e8s l\u2019\u00e2ge de six ans, il commence le rugby tout en jouant \u00e0 la pelote basque et ne perd jamais une occasion pour revenir sur ses terres voir les jeunes g\u00e9n\u00e9rations jouer.<\/p>\n<p>Dans la continuit\u00e9 de sa carri\u00e8re de jeune rugbyman avec Nafarroa, Tom Spring s\u2019est vu offert l\u2019opportunit\u00e9 d\u2019\u00e9voluer \u00e0 l\u2019Aviron bayonnais. Apr\u00e8s avoir sign\u00e9 avec les espoirs du club basque, il a sollicit\u00e9 son entra\u00eeneur de l\u2019\u00e9poque \u00e0 l\u2019US Nafarroa pour obtenir une double licence avec l\u2019\u00e9quipe premi\u00e8re de Nafarroa. <strong><a href=\"https:\/\/www.rugbyrama.fr\/2025\/06\/17\/top-14-le-spring-final-portrait-de-tom-spring-lailier-sur-un-nuage-qui-fait-gagner-bayonne-12767048.php\" target=\"_self\" rel=\"nofollow\">Tom Spring ne voulait pas quitter ses copains de Garazi et a&nbsp;longtemps h\u00e9sit\u00e9 avant de rejoindre pleinement le monde professionnel.<\/a><\/strong><\/p>\n<ul>\n<li><strong>Premi\u00e8re cape demain (5&nbsp;juillet)<\/strong><\/li>\n<\/ul>\n<p>Comme tout le monde le sait&nbsp;d\u00e9sormais, Tom Spring jouera donc son premier match avec les Bleus&nbsp;demain \u00e0 9h05 (heure fran\u00e7aise) et honorera sa premi\u00e8re cape, titulaire sur l\u2019aile droite du XV de France. Ironie de l\u2019histoire, il jouera face aux All Blacks de son p\u00e8re, Sean.<\/p>\n<\/p><\/div>\n<p>La chronique se veut g\u00e9n\u00e9r\u00e9e de la fa\u00e7on la plus claire que possible. Dans le cas o\u00f9 vous souhaitez pr\u00e9senter des renseignements compl\u00e9mentaires \u00e0 cet article sur le sujet \u00ab\u00a0Fr\u00e8res jumeaux de l&rsquo;Essonnes\u00a0\u00bb il vous est possible d\u2019\u00e9crire aux contacts indiqu\u00e9s sur notre website. La raison d\u2019\u00eatre de jumeaux91.fr \u00e9tant de rassembler sur le web des posts sur le sujet de Fr\u00e8res jumeaux de l&rsquo;Essonnes puis les diffuser en r\u00e9pondant au mieux aux interrogations des gens. Vous pouvez tirer profit de cet article traitant le sujet \u00ab\u00a0Fr\u00e8res jumeaux de l&rsquo;Essonnes\u00a0\u00bb. Il est concoct\u00e9 par l\u2019\u00e9quipe jumeaux91.fr. Prochainement, nous rendrons accessibles au public d&rsquo;autres informations pertinentes sur le sujet \u00ab\u00a0Fr\u00e8res jumeaux de l&rsquo;Essonnes\u00a0\u00bb. Alors, consultez syst\u00e9matiquement notre blog.<\/p>\n","protected":false},"excerpt":{"rendered":"<p>Vous le confondez peut-\u00eatre avec son frangin Max, mais vous n\u2019allez plus faire cette erreur longtemps puisque Tom Spring conna\u00eetra demain, face aux All Blacks, sa toute premi\u00e8re cap avec l\u2019\u00e9quipe de France. Voici cinq choses \u00e0 savoir sur l\u2019ailier bayonnais. Tom Spring, le nouveau chouchou de Jean Dauger, d\u00e9marrera son histoire avec le XV&hellip; <a class=\"more-link\" href=\"https:\/\/jumeaux91.fr\/blog\/xv-de-france-tom-spring-a-un-pere-neo-zelandais-et-a-failli-ne-jamais-devenir-pro-5-choses-a-savoir-sur-lailier-bayonnais\/\">Poursuivre la lecture <span class=\"screen-reader-text\">XV de France \u2013 Tom Spring a un p\u00e8re n\u00e9o-z\u00e9landais et a failli ne jamais devenir pro\u2026 5 choses \u00e0 savoir sur l\u2019ailier bayonnais<\/span><\/a><\/p>\n","protected":false},"author":2,"featured_media":1418,"comment_status":"closed","ping_status":"closed","sticky":false,"template":"","format":"standard","meta":{"footnotes":""},"categories":[4],"tags":[],"class_list":["post-1417","post","type-post","status-publish","format-standard","has-post-thumbnail","hentry","category-posts-freres-jumeaux-de-lessonnes","entry"],"yoast_head":"<!-- This site is optimized with the Yoast SEO plugin v27.5 - https:\/\/yoast.com\/product\/yoast-seo-wordpress\/ -->\n<title>XV de France \u2013 Tom Spring a un p\u00e8re n\u00e9o-z\u00e9landais et a failli ne jamais devenir pro\u2026 5 choses \u00e0 savoir sur l\u2019ailier bayonnais - JUMEAUX91<\/title>\n<meta name=\"robots\" content=\"index, follow, max-snippet:-1, max-image-preview:large, max-video-preview:-1\" \/>\n<link rel=\"canonical\" href=\"https:\/\/jumeaux91.fr\/blog\/xv-de-france-tom-spring-a-un-pere-neo-zelandais-et-a-failli-ne-jamais-devenir-pro-5-choses-a-savoir-sur-lailier-bayonnais\/\" \/>\n<meta property=\"og:locale\" content=\"fr_FR\" \/>\n<meta property=\"og:type\" content=\"article\" \/>\n<meta property=\"og:title\" content=\"XV de France \u2013 Tom Spring a un p\u00e8re n\u00e9o-z\u00e9landais et a failli ne jamais devenir pro\u2026 5 choses \u00e0 savoir sur l\u2019ailier bayonnais - JUMEAUX91\" \/>\n<meta property=\"og:description\" content=\"Vous le confondez peut-\u00eatre avec son frangin Max, mais vous n\u2019allez plus faire cette erreur longtemps puisque Tom Spring conna\u00eetra demain, face aux All Blacks, sa toute premi\u00e8re cap avec l\u2019\u00e9quipe de France. Voici cinq choses \u00e0 savoir sur l\u2019ailier bayonnais. Tom Spring, le nouveau chouchou de Jean Dauger, d\u00e9marrera son histoire avec le XV&hellip; Poursuivre la lecture XV de France \u2013 Tom Spring a un p\u00e8re n\u00e9o-z\u00e9landais et a failli ne jamais devenir pro\u2026 5 choses \u00e0 savoir sur l\u2019ailier bayonnais\" \/>\n<meta property=\"og:url\" content=\"https:\/\/jumeaux91.fr\/blog\/xv-de-france-tom-spring-a-un-pere-neo-zelandais-et-a-failli-ne-jamais-devenir-pro-5-choses-a-savoir-sur-lailier-bayonnais\/\" \/>\n<meta property=\"og:site_name\" content=\"JUMEAUX91\" \/>\n<meta property=\"article:published_time\" content=\"2025-07-04T21:01:00+00:00\" \/>\n<meta property=\"og:image\" content=\"https:\/\/jumeaux91.fr\/blog\/wp-content\/uploads\/2025\/07\/xv-de-france-tom-spring-a-un-pere-neo-zelandais-et-a-failli-ne-jamais-devenir-pro-5-choses-a-savoir-sur-lailier-bayonnais.jpg\" \/>\n<meta name=\"author\" content=\"Claude DAYRES\" \/>\n<meta name=\"twitter:card\" content=\"summary_large_image\" \/>\n<meta name=\"twitter:label1\" content=\"\u00c9crit par\" \/>\n\t<meta name=\"twitter:data1\" content=\"Claude DAYRES\" \/>\n\t<meta name=\"twitter:label2\" content=\"Dur\u00e9e de lecture estim\u00e9e\" \/>\n\t<meta name=\"twitter:data2\" content=\"3 minutes\" \/>\n<script type=\"application\/ld+json\" class=\"yoast-schema-graph\">{\"@context\":\"https:\\\/\\\/schema.org\",\"@graph\":[{\"@type\":\"Article\",\"@id\":\"https:\\\/\\\/jumeaux91.fr\\\/blog\\\/xv-de-france-tom-spring-a-un-pere-neo-zelandais-et-a-failli-ne-jamais-devenir-pro-5-choses-a-savoir-sur-lailier-bayonnais\\\/#article\",\"isPartOf\":{\"@id\":\"https:\\\/\\\/jumeaux91.fr\\\/blog\\\/xv-de-france-tom-spring-a-un-pere-neo-zelandais-et-a-failli-ne-jamais-devenir-pro-5-choses-a-savoir-sur-lailier-bayonnais\\\/\"},\"author\":{\"name\":\"Claude DAYRES\",\"@id\":\"https:\\\/\\\/jumeaux91.fr\\\/blog\\\/#\\\/schema\\\/person\\\/21da06e9f119b9f64e5d45dbbd32d3fb\"},\"headline\":\"XV de France \u2013 Tom Spring a un p\u00e8re n\u00e9o-z\u00e9landais et a failli ne jamais devenir pro\u2026 5 choses \u00e0 savoir sur l\u2019ailier bayonnais\",\"datePublished\":\"2025-07-04T21:01:00+00:00\",\"mainEntityOfPage\":{\"@id\":\"https:\\\/\\\/jumeaux91.fr\\\/blog\\\/xv-de-france-tom-spring-a-un-pere-neo-zelandais-et-a-failli-ne-jamais-devenir-pro-5-choses-a-savoir-sur-lailier-bayonnais\\\/\"},\"wordCount\":721,\"publisher\":{\"@id\":\"https:\\\/\\\/jumeaux91.fr\\\/blog\\\/#organization\"},\"image\":{\"@id\":\"https:\\\/\\\/jumeaux91.fr\\\/blog\\\/xv-de-france-tom-spring-a-un-pere-neo-zelandais-et-a-failli-ne-jamais-devenir-pro-5-choses-a-savoir-sur-lailier-bayonnais\\\/#primaryimage\"},\"thumbnailUrl\":\"https:\\\/\\\/jumeaux91.fr\\\/blog\\\/wp-content\\\/uploads\\\/2025\\\/07\\\/xv-de-france-tom-spring-a-un-pere-neo-zelandais-et-a-failli-ne-jamais-devenir-pro-5-choses-a-savoir-sur-lailier-bayonnais.jpg\",\"articleSection\":[\"Posts Fr\u00e8res Jumeaux De L'Essonnes:\"],\"inLanguage\":\"fr-FR\"},{\"@type\":\"WebPage\",\"@id\":\"https:\\\/\\\/jumeaux91.fr\\\/blog\\\/xv-de-france-tom-spring-a-un-pere-neo-zelandais-et-a-failli-ne-jamais-devenir-pro-5-choses-a-savoir-sur-lailier-bayonnais\\\/\",\"url\":\"https:\\\/\\\/jumeaux91.fr\\\/blog\\\/xv-de-france-tom-spring-a-un-pere-neo-zelandais-et-a-failli-ne-jamais-devenir-pro-5-choses-a-savoir-sur-lailier-bayonnais\\\/\",\"name\":\"XV de France \u2013 Tom Spring a un p\u00e8re n\u00e9o-z\u00e9landais et a failli ne jamais devenir pro\u2026 5 choses \u00e0 savoir sur l\u2019ailier bayonnais - JUMEAUX91\",\"isPartOf\":{\"@id\":\"https:\\\/\\\/jumeaux91.fr\\\/blog\\\/#website\"},\"primaryImageOfPage\":{\"@id\":\"https:\\\/\\\/jumeaux91.fr\\\/blog\\\/xv-de-france-tom-spring-a-un-pere-neo-zelandais-et-a-failli-ne-jamais-devenir-pro-5-choses-a-savoir-sur-lailier-bayonnais\\\/#primaryimage\"},\"image\":{\"@id\":\"https:\\\/\\\/jumeaux91.fr\\\/blog\\\/xv-de-france-tom-spring-a-un-pere-neo-zelandais-et-a-failli-ne-jamais-devenir-pro-5-choses-a-savoir-sur-lailier-bayonnais\\\/#primaryimage\"},\"thumbnailUrl\":\"https:\\\/\\\/jumeaux91.fr\\\/blog\\\/wp-content\\\/uploads\\\/2025\\\/07\\\/xv-de-france-tom-spring-a-un-pere-neo-zelandais-et-a-failli-ne-jamais-devenir-pro-5-choses-a-savoir-sur-lailier-bayonnais.jpg\",\"datePublished\":\"2025-07-04T21:01:00+00:00\",\"breadcrumb\":{\"@id\":\"https:\\\/\\\/jumeaux91.fr\\\/blog\\\/xv-de-france-tom-spring-a-un-pere-neo-zelandais-et-a-failli-ne-jamais-devenir-pro-5-choses-a-savoir-sur-lailier-bayonnais\\\/#breadcrumb\"},\"inLanguage\":\"fr-FR\",\"potentialAction\":[{\"@type\":\"ReadAction\",\"target\":[\"https:\\\/\\\/jumeaux91.fr\\\/blog\\\/xv-de-france-tom-spring-a-un-pere-neo-zelandais-et-a-failli-ne-jamais-devenir-pro-5-choses-a-savoir-sur-lailier-bayonnais\\\/\"]}]},{\"@type\":\"ImageObject\",\"inLanguage\":\"fr-FR\",\"@id\":\"https:\\\/\\\/jumeaux91.fr\\\/blog\\\/xv-de-france-tom-spring-a-un-pere-neo-zelandais-et-a-failli-ne-jamais-devenir-pro-5-choses-a-savoir-sur-lailier-bayonnais\\\/#primaryimage\",\"url\":\"https:\\\/\\\/jumeaux91.fr\\\/blog\\\/wp-content\\\/uploads\\\/2025\\\/07\\\/xv-de-france-tom-spring-a-un-pere-neo-zelandais-et-a-failli-ne-jamais-devenir-pro-5-choses-a-savoir-sur-lailier-bayonnais.jpg\",\"contentUrl\":\"https:\\\/\\\/jumeaux91.fr\\\/blog\\\/wp-content\\\/uploads\\\/2025\\\/07\\\/xv-de-france-tom-spring-a-un-pere-neo-zelandais-et-a-failli-ne-jamais-devenir-pro-5-choses-a-savoir-sur-lailier-bayonnais.jpg\",\"width\":885,\"height\":500,\"caption\":\"XV de France \u2013 Tom Spring a un p\u00e8re n\u00e9o z\u00e9landais et a failli ne jamais devenir pro\u2026 5 choses \u00e0 savoir sur l\u2019ailier bayonnais\"},{\"@type\":\"BreadcrumbList\",\"@id\":\"https:\\\/\\\/jumeaux91.fr\\\/blog\\\/xv-de-france-tom-spring-a-un-pere-neo-zelandais-et-a-failli-ne-jamais-devenir-pro-5-choses-a-savoir-sur-lailier-bayonnais\\\/#breadcrumb\",\"itemListElement\":[{\"@type\":\"ListItem\",\"position\":1,\"name\":\"Accueil\",\"item\":\"https:\\\/\\\/jumeaux91.fr\\\/blog\\\/\"},{\"@type\":\"ListItem\",\"position\":2,\"name\":\"XV de France \u2013 Tom Spring a un p\u00e8re n\u00e9o-z\u00e9landais et a failli ne jamais devenir pro\u2026 5 choses \u00e0 savoir sur l\u2019ailier bayonnais\"}]},{\"@type\":\"WebSite\",\"@id\":\"https:\\\/\\\/jumeaux91.fr\\\/blog\\\/#website\",\"url\":\"https:\\\/\\\/jumeaux91.fr\\\/blog\\\/\",\"name\":\"JUMEAUX91\",\"description\":\"Fr\u00e8res jumeaux de l&#039;Essonnes; informations et archives, \u00e0 savoir et retenir.\",\"publisher\":{\"@id\":\"https:\\\/\\\/jumeaux91.fr\\\/blog\\\/#organization\"},\"potentialAction\":[{\"@type\":\"SearchAction\",\"target\":{\"@type\":\"EntryPoint\",\"urlTemplate\":\"https:\\\/\\\/jumeaux91.fr\\\/blog\\\/?s={search_term_string}\"},\"query-input\":{\"@type\":\"PropertyValueSpecification\",\"valueRequired\":true,\"valueName\":\"search_term_string\"}}],\"inLanguage\":\"fr-FR\"},{\"@type\":\"Organization\",\"@id\":\"https:\\\/\\\/jumeaux91.fr\\\/blog\\\/#organization\",\"name\":\"jumeaux91\",\"url\":\"https:\\\/\\\/jumeaux91.fr\\\/blog\\\/\",\"logo\":{\"@type\":\"ImageObject\",\"inLanguage\":\"fr-FR\",\"@id\":\"https:\\\/\\\/jumeaux91.fr\\\/blog\\\/#\\\/schema\\\/logo\\\/image\\\/\",\"url\":\"https:\\\/\\\/jumeaux91.fr\\\/blog\\\/wp-content\\\/uploads\\\/2023\\\/05\\\/cropped-cropped-logoJ_91.png\",\"contentUrl\":\"https:\\\/\\\/jumeaux91.fr\\\/blog\\\/wp-content\\\/uploads\\\/2023\\\/05\\\/cropped-cropped-logoJ_91.png\",\"width\":512,\"height\":512,\"caption\":\"jumeaux91\"},\"image\":{\"@id\":\"https:\\\/\\\/jumeaux91.fr\\\/blog\\\/#\\\/schema\\\/logo\\\/image\\\/\"}},{\"@type\":\"Person\",\"@id\":\"https:\\\/\\\/jumeaux91.fr\\\/blog\\\/#\\\/schema\\\/person\\\/21da06e9f119b9f64e5d45dbbd32d3fb\",\"name\":\"Claude DAYRES\",\"image\":{\"@type\":\"ImageObject\",\"inLanguage\":\"fr-FR\",\"@id\":\"https:\\\/\\\/secure.gravatar.com\\\/avatar\\\/82eb951df6110a2c48d1bfa7a67d1ee6f0cd5df3cbf9c3586dd61e82db7172a5?s=96&d=mm&r=g\",\"url\":\"https:\\\/\\\/secure.gravatar.com\\\/avatar\\\/82eb951df6110a2c48d1bfa7a67d1ee6f0cd5df3cbf9c3586dd61e82db7172a5?s=96&d=mm&r=g\",\"contentUrl\":\"https:\\\/\\\/secure.gravatar.com\\\/avatar\\\/82eb951df6110a2c48d1bfa7a67d1ee6f0cd5df3cbf9c3586dd61e82db7172a5?s=96&d=mm&r=g\",\"caption\":\"Claude DAYRES\"},\"url\":\"https:\\\/\\\/jumeaux91.fr\\\/blog\\\/author\\\/x91claude\\\/\"}]}<\/script>\n<!-- \/ Yoast SEO plugin. -->","yoast_head_json":{"title":"XV de France \u2013 Tom Spring a un p\u00e8re n\u00e9o-z\u00e9landais et a failli ne jamais devenir pro\u2026 5 choses \u00e0 savoir sur l\u2019ailier bayonnais - JUMEAUX91","robots":{"index":"index","follow":"follow","max-snippet":"max-snippet:-1","max-image-preview":"max-image-preview:large","max-video-preview":"max-video-preview:-1"},"canonical":"https:\/\/jumeaux91.fr\/blog\/xv-de-france-tom-spring-a-un-pere-neo-zelandais-et-a-failli-ne-jamais-devenir-pro-5-choses-a-savoir-sur-lailier-bayonnais\/","og_locale":"fr_FR","og_type":"article","og_title":"XV de France \u2013 Tom Spring a un p\u00e8re n\u00e9o-z\u00e9landais et a failli ne jamais devenir pro\u2026 5 choses \u00e0 savoir sur l\u2019ailier bayonnais - JUMEAUX91","og_description":"Vous le confondez peut-\u00eatre avec son frangin Max, mais vous n\u2019allez plus faire cette erreur longtemps puisque Tom Spring conna\u00eetra demain, face aux All Blacks, sa toute premi\u00e8re cap avec l\u2019\u00e9quipe de France. Voici cinq choses \u00e0 savoir sur l\u2019ailier bayonnais. Tom Spring, le nouveau chouchou de Jean Dauger, d\u00e9marrera son histoire avec le XV&hellip; Poursuivre la lecture XV de France \u2013 Tom Spring a un p\u00e8re n\u00e9o-z\u00e9landais et a failli ne jamais devenir pro\u2026 5 choses \u00e0 savoir sur l\u2019ailier bayonnais","og_url":"https:\/\/jumeaux91.fr\/blog\/xv-de-france-tom-spring-a-un-pere-neo-zelandais-et-a-failli-ne-jamais-devenir-pro-5-choses-a-savoir-sur-lailier-bayonnais\/","og_site_name":"JUMEAUX91","article_published_time":"2025-07-04T21:01:00+00:00","og_image":[{"url":"https:\/\/jumeaux91.fr\/blog\/wp-content\/uploads\/2025\/07\/xv-de-france-tom-spring-a-un-pere-neo-zelandais-et-a-failli-ne-jamais-devenir-pro-5-choses-a-savoir-sur-lailier-bayonnais.jpg","type":"","width":"","height":""}],"author":"Claude DAYRES","twitter_card":"summary_large_image","twitter_misc":{"\u00c9crit par":"Claude DAYRES","Dur\u00e9e de lecture estim\u00e9e":"3 minutes"},"schema":{"@context":"https:\/\/schema.org","@graph":[{"@type":"Article","@id":"https:\/\/jumeaux91.fr\/blog\/xv-de-france-tom-spring-a-un-pere-neo-zelandais-et-a-failli-ne-jamais-devenir-pro-5-choses-a-savoir-sur-lailier-bayonnais\/#article","isPartOf":{"@id":"https:\/\/jumeaux91.fr\/blog\/xv-de-france-tom-spring-a-un-pere-neo-zelandais-et-a-failli-ne-jamais-devenir-pro-5-choses-a-savoir-sur-lailier-bayonnais\/"},"author":{"name":"Claude DAYRES","@id":"https:\/\/jumeaux91.fr\/blog\/#\/schema\/person\/21da06e9f119b9f64e5d45dbbd32d3fb"},"headline":"XV de France \u2013 Tom Spring a un p\u00e8re n\u00e9o-z\u00e9landais et a failli ne jamais devenir pro\u2026 5 choses \u00e0 savoir sur l\u2019ailier bayonnais","datePublished":"2025-07-04T21:01:00+00:00","mainEntityOfPage":{"@id":"https:\/\/jumeaux91.fr\/blog\/xv-de-france-tom-spring-a-un-pere-neo-zelandais-et-a-failli-ne-jamais-devenir-pro-5-choses-a-savoir-sur-lailier-bayonnais\/"},"wordCount":721,"publisher":{"@id":"https:\/\/jumeaux91.fr\/blog\/#organization"},"image":{"@id":"https:\/\/jumeaux91.fr\/blog\/xv-de-france-tom-spring-a-un-pere-neo-zelandais-et-a-failli-ne-jamais-devenir-pro-5-choses-a-savoir-sur-lailier-bayonnais\/#primaryimage"},"thumbnailUrl":"https:\/\/jumeaux91.fr\/blog\/wp-content\/uploads\/2025\/07\/xv-de-france-tom-spring-a-un-pere-neo-zelandais-et-a-failli-ne-jamais-devenir-pro-5-choses-a-savoir-sur-lailier-bayonnais.jpg","articleSection":["Posts Fr\u00e8res Jumeaux De L'Essonnes:"],"inLanguage":"fr-FR"},{"@type":"WebPage","@id":"https:\/\/jumeaux91.fr\/blog\/xv-de-france-tom-spring-a-un-pere-neo-zelandais-et-a-failli-ne-jamais-devenir-pro-5-choses-a-savoir-sur-lailier-bayonnais\/","url":"https:\/\/jumeaux91.fr\/blog\/xv-de-france-tom-spring-a-un-pere-neo-zelandais-et-a-failli-ne-jamais-devenir-pro-5-choses-a-savoir-sur-lailier-bayonnais\/","name":"XV de France \u2013 Tom Spring a un p\u00e8re n\u00e9o-z\u00e9landais et a failli ne jamais devenir pro\u2026 5 choses \u00e0 savoir sur l\u2019ailier bayonnais - JUMEAUX91","isPartOf":{"@id":"https:\/\/jumeaux91.fr\/blog\/#website"},"primaryImageOfPage":{"@id":"https:\/\/jumeaux91.fr\/blog\/xv-de-france-tom-spring-a-un-pere-neo-zelandais-et-a-failli-ne-jamais-devenir-pro-5-choses-a-savoir-sur-lailier-bayonnais\/#primaryimage"},"image":{"@id":"https:\/\/jumeaux91.fr\/blog\/xv-de-france-tom-spring-a-un-pere-neo-zelandais-et-a-failli-ne-jamais-devenir-pro-5-choses-a-savoir-sur-lailier-bayonnais\/#primaryimage"},"thumbnailUrl":"https:\/\/jumeaux91.fr\/blog\/wp-content\/uploads\/2025\/07\/xv-de-france-tom-spring-a-un-pere-neo-zelandais-et-a-failli-ne-jamais-devenir-pro-5-choses-a-savoir-sur-lailier-bayonnais.jpg","datePublished":"2025-07-04T21:01:00+00:00","breadcrumb":{"@id":"https:\/\/jumeaux91.fr\/blog\/xv-de-france-tom-spring-a-un-pere-neo-zelandais-et-a-failli-ne-jamais-devenir-pro-5-choses-a-savoir-sur-lailier-bayonnais\/#breadcrumb"},"inLanguage":"fr-FR","potentialAction":[{"@type":"ReadAction","target":["https:\/\/jumeaux91.fr\/blog\/xv-de-france-tom-spring-a-un-pere-neo-zelandais-et-a-failli-ne-jamais-devenir-pro-5-choses-a-savoir-sur-lailier-bayonnais\/"]}]},{"@type":"ImageObject","inLanguage":"fr-FR","@id":"https:\/\/jumeaux91.fr\/blog\/xv-de-france-tom-spring-a-un-pere-neo-zelandais-et-a-failli-ne-jamais-devenir-pro-5-choses-a-savoir-sur-lailier-bayonnais\/#primaryimage","url":"https:\/\/jumeaux91.fr\/blog\/wp-content\/uploads\/2025\/07\/xv-de-france-tom-spring-a-un-pere-neo-zelandais-et-a-failli-ne-jamais-devenir-pro-5-choses-a-savoir-sur-lailier-bayonnais.jpg","contentUrl":"https:\/\/jumeaux91.fr\/blog\/wp-content\/uploads\/2025\/07\/xv-de-france-tom-spring-a-un-pere-neo-zelandais-et-a-failli-ne-jamais-devenir-pro-5-choses-a-savoir-sur-lailier-bayonnais.jpg","width":885,"height":500,"caption":"XV de France \u2013 Tom Spring a un p\u00e8re n\u00e9o z\u00e9landais et a failli ne jamais devenir pro\u2026 5 choses \u00e0 savoir sur l\u2019ailier bayonnais"},{"@type":"BreadcrumbList","@id":"https:\/\/jumeaux91.fr\/blog\/xv-de-france-tom-spring-a-un-pere-neo-zelandais-et-a-failli-ne-jamais-devenir-pro-5-choses-a-savoir-sur-lailier-bayonnais\/#breadcrumb","itemListElement":[{"@type":"ListItem","position":1,"name":"Accueil","item":"https:\/\/jumeaux91.fr\/blog\/"},{"@type":"ListItem","position":2,"name":"XV de France \u2013 Tom Spring a un p\u00e8re n\u00e9o-z\u00e9landais et a failli ne jamais devenir pro\u2026 5 choses \u00e0 savoir sur l\u2019ailier bayonnais"}]},{"@type":"WebSite","@id":"https:\/\/jumeaux91.fr\/blog\/#website","url":"https:\/\/jumeaux91.fr\/blog\/","name":"JUMEAUX91","description":"Fr\u00e8res jumeaux de l&#039;Essonnes; informations et archives, \u00e0 savoir et retenir.","publisher":{"@id":"https:\/\/jumeaux91.fr\/blog\/#organization"},"potentialAction":[{"@type":"SearchAction","target":{"@type":"EntryPoint","urlTemplate":"https:\/\/jumeaux91.fr\/blog\/?s={search_term_string}"},"query-input":{"@type":"PropertyValueSpecification","valueRequired":true,"valueName":"search_term_string"}}],"inLanguage":"fr-FR"},{"@type":"Organization","@id":"https:\/\/jumeaux91.fr\/blog\/#organization","name":"jumeaux91","url":"https:\/\/jumeaux91.fr\/blog\/","logo":{"@type":"ImageObject","inLanguage":"fr-FR","@id":"https:\/\/jumeaux91.fr\/blog\/#\/schema\/logo\/image\/","url":"https:\/\/jumeaux91.fr\/blog\/wp-content\/uploads\/2023\/05\/cropped-cropped-logoJ_91.png","contentUrl":"https:\/\/jumeaux91.fr\/blog\/wp-content\/uploads\/2023\/05\/cropped-cropped-logoJ_91.png","width":512,"height":512,"caption":"jumeaux91"},"image":{"@id":"https:\/\/jumeaux91.fr\/blog\/#\/schema\/logo\/image\/"}},{"@type":"Person","@id":"https:\/\/jumeaux91.fr\/blog\/#\/schema\/person\/21da06e9f119b9f64e5d45dbbd32d3fb","name":"Claude DAYRES","image":{"@type":"ImageObject","inLanguage":"fr-FR","@id":"https:\/\/secure.gravatar.com\/avatar\/82eb951df6110a2c48d1bfa7a67d1ee6f0cd5df3cbf9c3586dd61e82db7172a5?s=96&d=mm&r=g","url":"https:\/\/secure.gravatar.com\/avatar\/82eb951df6110a2c48d1bfa7a67d1ee6f0cd5df3cbf9c3586dd61e82db7172a5?s=96&d=mm&r=g","contentUrl":"https:\/\/secure.gravatar.com\/avatar\/82eb951df6110a2c48d1bfa7a67d1ee6f0cd5df3cbf9c3586dd61e82db7172a5?s=96&d=mm&r=g","caption":"Claude DAYRES"},"url":"https:\/\/jumeaux91.fr\/blog\/author\/x91claude\/"}]}},"_links":{"self":[{"href":"https:\/\/jumeaux91.fr\/blog\/wp-json\/wp\/v2\/posts\/1417","targetHints":{"allow":["GET"]}}],"collection":[{"href":"https:\/\/jumeaux91.fr\/blog\/wp-json\/wp\/v2\/posts"}],"about":[{"href":"https:\/\/jumeaux91.fr\/blog\/wp-json\/wp\/v2\/types\/post"}],"author":[{"embeddable":true,"href":"https:\/\/jumeaux91.fr\/blog\/wp-json\/wp\/v2\/users\/2"}],"replies":[{"embeddable":true,"href":"https:\/\/jumeaux91.fr\/blog\/wp-json\/wp\/v2\/comments?post=1417"}],"version-history":[{"count":0,"href":"https:\/\/jumeaux91.fr\/blog\/wp-json\/wp\/v2\/posts\/1417\/revisions"}],"wp:featuredmedia":[{"embeddable":true,"href":"https:\/\/jumeaux91.fr\/blog\/wp-json\/wp\/v2\/media\/1418"}],"wp:attachment":[{"href":"https:\/\/jumeaux91.fr\/blog\/wp-json\/wp\/v2\/media?parent=1417"}],"wp:term":[{"taxonomy":"category","embeddable":true,"href":"https:\/\/jumeaux91.fr\/blog\/wp-json\/wp\/v2\/categories?post=1417"},{"taxonomy":"post_tag","embeddable":true,"href":"https:\/\/jumeaux91.fr\/blog\/wp-json\/wp\/v2\/tags?post=1417"}],"curies":[{"name":"wp","href":"https:\/\/api.w.org\/{rel}","templated":true}]}}