{"id":1424,"date":"2025-04-28T19:00:00","date_gmt":"2025-04-28T17:00:00","guid":{"rendered":"https:\/\/jumeaux91.fr\/blog\/originaires-du-puy-en-velay-ces-freres-jumeaux-se-font-un-nom-dans-le-monde-du-design-en-sinspirant-de-la-haute-loire-leveil\/"},"modified":"2025-04-28T19:00:00","modified_gmt":"2025-04-28T17:00:00","slug":"originaires-du-puy-en-velay-ces-freres-jumeaux-se-font-un-nom-dans-le-monde-du-design-en-sinspirant-de-la-haute-loire-leveil","status":"publish","type":"post","link":"https:\/\/jumeaux91.fr\/blog\/originaires-du-puy-en-velay-ces-freres-jumeaux-se-font-un-nom-dans-le-monde-du-design-en-sinspirant-de-la-haute-loire-leveil\/","title":{"rendered":"Originaires du Puy-en-Velay, ces fr\u00e8res jumeaux se font un nom dans le monde du design en s&rsquo;inspirant de la Haute-Loire &#8211; L&rsquo;Eveil"},"content":{"rendered":"<p class=\"typo-p1\">Originaires du Puy-en-Velay, Alexandre et Maxence Roche sont architectes d\u2019int\u00e9rieur, designers et sc\u00e9nographes. Fr\u00e8res jumeaux, ils sont \u00e9galement associ\u00e9s dans la vie au sein du studio Roche &amp; Fr\u00e8res, depuis 2022. Leur travail, c\u2019est imaginer et cr\u00e9er des objets et des meubles en prenant pour inspiration la nature.<\/p>\n<h3 class=\"typo-h3\">Des objets inspir\u00e9s par les neiges du Velay<\/h3>\n<p class=\"typo-p1\">Rep\u00e9r\u00e9s lors de la Paris Design Week en septembre&nbsp;2024, Alexandre et Maxence viennent de pr\u00e9senter leur premi\u00e8re collection M\u00e9moire de glace, totalement inspir\u00e9e des neiges du Velay, au salon international d\u2019art moderne Art Paris 2025.<\/p>\n<p class=\"typo-p1\">Alliant mati\u00e8re brute et sophistication esth\u00e9tique, le \u00ab&nbsp;French Design made in Haute-Loire&nbsp;\u00bb vient de remporter un grand succ\u00e8s \u00e0 Art Paris.<\/p>\n<figure class=\"relative flex flex-col sm:mx-0 undefined\"><img decoding=\"async\" alt loading=\"lazy\" data-nimg=\"fill\" class=\"!relative max-h-[438px] w-full bg-black object-contain\" src=\"https:\/\/jumeaux91.fr\/blog\/wp-content\/uploads\/2025\/07\/originaires-du-puy-en-velay-ces-freres-jumeaux-se-font-un-nom-dans-le-monde-du-design-en-sinspirant-de-la-haute-loire-leveil.jpg\"><figcaption class=\"text-dark typo-p3 w-full bg-white py-3 sm:px-3 px-0\">Brigitte Macron dans le fauteuil Ar\u00e8s cr\u00e9\u00e9 par Alexandre et Maxence Roche, lors de la Paris Design Week en septembre&nbsp;2024.?photo D.R<!-- --> <\/figcaption><\/figure>\n<p class=\"typo-p1\">Pour cette premi\u00e8re collection appel\u00e9e M\u00e9moire de glace, Alexandre et Maxence puisent leur inspiration dans leurs souvenirs d\u2019enfant. C\u2019est la glace et la neige des belles journ\u00e9es d\u2019hiver pass\u00e9es entre le M\u00e9zenc et Saint-Front qu\u2019ils ont voulu imaginer sous forme de canap\u00e9, de lampe ou de miroir. Pour la r\u00e9alisation, chaque pi\u00e8ce est fabriqu\u00e9e \u00e0 la main par des ma\u00eetres artisans en France et en Europe.<\/p>\n<figure class=\"relative flex flex-col sm:mx-0 undefined\"><img decoding=\"async\" alt loading=\"lazy\" data-nimg=\"fill\" class=\"!relative max-h-[438px] w-full bg-black object-contain\" src=\"https:\/\/jumeaux91.fr\/blog\/wp-content\/uploads\/2025\/07\/originaires-du-puy-en-velay-ces-freres-jumeaux-se-font-un-nom-dans-le-monde-du-design-en-sinspirant-de-la-haute-loire-leveil-1.jpg\"><figcaption class=\"text-dark typo-p3 w-full bg-white py-3 sm:px-3 px-0\">Une de leurs cr\u00e9ations. Photo D.R<!-- --> <\/figcaption><\/figure>\n<p class=\"typo-p1\">\u00ab&nbsp;M\u00e9moire de glace aborde le th\u00e8me de la m\u00e9moire du temps cristallis\u00e9e dans la glace, comme un bonbon glac\u00e9\u2009!&nbsp;\u00bb, d\u00e9clare Alexandre. \u00ab&nbsp;L\u2019acier sous diff\u00e9rentes formes, textures et couleurs nous permet de traduire dans un style minimaliste et \u00e9pur\u00e9 les diff\u00e9rents \u00e9tats de la neige et de la glace de notre enfance v\u00e9cue en Haute-Loire, compl\u00e8te Maxence. Nous avons voulu reproduire les lames, blocs, strates et fissures comme nous les avons encore dans nos souvenirs.&nbsp;\u00bb<\/p>\n<p>La chronique se veut g\u00e9n\u00e9r\u00e9e de la fa\u00e7on la plus claire que possible. Dans le cas o\u00f9 vous souhaitez pr\u00e9senter des renseignements compl\u00e9mentaires \u00e0 cet article sur le sujet \u00ab\u00a0Fr\u00e8res jumeaux de l&rsquo;Essonnes\u00a0\u00bb il vous est possible d\u2019\u00e9crire aux contacts indiqu\u00e9s sur notre website. La raison d\u2019\u00eatre de jumeaux91.fr \u00e9tant de rassembler sur le web des posts sur le sujet de Fr\u00e8res jumeaux de l&rsquo;Essonnes puis les diffuser en r\u00e9pondant au mieux aux interrogations des gens. Vous pouvez tirer profit de cet article traitant le sujet \u00ab\u00a0Fr\u00e8res jumeaux de l&rsquo;Essonnes\u00a0\u00bb. Il est concoct\u00e9 par l\u2019\u00e9quipe jumeaux91.fr. Prochainement, nous rendrons accessibles au public d&rsquo;autres informations pertinentes sur le sujet \u00ab\u00a0Fr\u00e8res jumeaux de l&rsquo;Essonnes\u00a0\u00bb. Alors, consultez syst\u00e9matiquement notre blog.<\/p>\n","protected":false},"excerpt":{"rendered":"<p>Originaires du Puy-en-Velay, Alexandre et Maxence Roche sont architectes d\u2019int\u00e9rieur, designers et sc\u00e9nographes. Fr\u00e8res jumeaux, ils sont \u00e9galement associ\u00e9s dans la vie au sein du studio Roche &amp; Fr\u00e8res, depuis 2022. Leur travail, c\u2019est imaginer et cr\u00e9er des objets et des meubles en prenant pour inspiration la nature. Des objets inspir\u00e9s par les neiges du&hellip; <a class=\"more-link\" href=\"https:\/\/jumeaux91.fr\/blog\/originaires-du-puy-en-velay-ces-freres-jumeaux-se-font-un-nom-dans-le-monde-du-design-en-sinspirant-de-la-haute-loire-leveil\/\">Poursuivre la lecture <span class=\"screen-reader-text\">Originaires du Puy-en-Velay, ces fr\u00e8res jumeaux se font un nom dans le monde du design en s&rsquo;inspirant de la Haute-Loire &#8211; L&rsquo;Eveil<\/span><\/a><\/p>\n","protected":false},"author":2,"featured_media":1425,"comment_status":"closed","ping_status":"closed","sticky":false,"template":"","format":"standard","meta":{"footnotes":""},"categories":[4],"tags":[],"class_list":["post-1424","post","type-post","status-publish","format-standard","has-post-thumbnail","hentry","category-posts-freres-jumeaux-de-lessonnes","entry"],"yoast_head":"<!-- This site is optimized with the Yoast SEO plugin v27.5 - https:\/\/yoast.com\/product\/yoast-seo-wordpress\/ -->\n<title>Originaires du Puy-en-Velay, ces fr\u00e8res jumeaux se font un nom dans le monde du design en s&#039;inspirant de la Haute-Loire - L&#039;Eveil - JUMEAUX91<\/title>\n<meta name=\"robots\" content=\"index, follow, max-snippet:-1, max-image-preview:large, max-video-preview:-1\" \/>\n<link rel=\"canonical\" href=\"https:\/\/jumeaux91.fr\/blog\/originaires-du-puy-en-velay-ces-freres-jumeaux-se-font-un-nom-dans-le-monde-du-design-en-sinspirant-de-la-haute-loire-leveil\/\" \/>\n<meta property=\"og:locale\" content=\"fr_FR\" \/>\n<meta property=\"og:type\" content=\"article\" \/>\n<meta property=\"og:title\" content=\"Originaires du Puy-en-Velay, ces fr\u00e8res jumeaux se font un nom dans le monde du design en s&#039;inspirant de la Haute-Loire - L&#039;Eveil - JUMEAUX91\" \/>\n<meta property=\"og:description\" content=\"Originaires du Puy-en-Velay, Alexandre et Maxence Roche sont architectes d\u2019int\u00e9rieur, designers et sc\u00e9nographes. Fr\u00e8res jumeaux, ils sont \u00e9galement associ\u00e9s dans la vie au sein du studio Roche &amp; Fr\u00e8res, depuis 2022. Leur travail, c\u2019est imaginer et cr\u00e9er des objets et des meubles en prenant pour inspiration la nature. Des objets inspir\u00e9s par les neiges du&hellip; Poursuivre la lecture Originaires du Puy-en-Velay, ces fr\u00e8res jumeaux se font un nom dans le monde du design en s&rsquo;inspirant de la Haute-Loire &#8211; L&rsquo;Eveil\" \/>\n<meta property=\"og:url\" content=\"https:\/\/jumeaux91.fr\/blog\/originaires-du-puy-en-velay-ces-freres-jumeaux-se-font-un-nom-dans-le-monde-du-design-en-sinspirant-de-la-haute-loire-leveil\/\" \/>\n<meta property=\"og:site_name\" content=\"JUMEAUX91\" \/>\n<meta property=\"article:published_time\" content=\"2025-04-28T17:00:00+00:00\" \/>\n<meta property=\"og:image\" content=\"https:\/\/jumeaux91.fr\/blog\/wp-content\/uploads\/2025\/07\/originaires-du-puy-en-velay-ces-freres-jumeaux-se-font-un-nom-dans-le-monde-du-design-en-sinspirant-de-la-haute-loire-leveil.jpg\" \/>\n<meta name=\"author\" content=\"Claude DAYRES\" \/>\n<meta name=\"twitter:card\" content=\"summary_large_image\" \/>\n<meta name=\"twitter:label1\" content=\"\u00c9crit par\" \/>\n\t<meta name=\"twitter:data1\" content=\"Claude DAYRES\" \/>\n\t<meta name=\"twitter:label2\" content=\"Dur\u00e9e de lecture estim\u00e9e\" \/>\n\t<meta name=\"twitter:data2\" content=\"2 minutes\" \/>\n<script type=\"application\/ld+json\" class=\"yoast-schema-graph\">{\"@context\":\"https:\\\/\\\/schema.org\",\"@graph\":[{\"@type\":\"Article\",\"@id\":\"https:\\\/\\\/jumeaux91.fr\\\/blog\\\/originaires-du-puy-en-velay-ces-freres-jumeaux-se-font-un-nom-dans-le-monde-du-design-en-sinspirant-de-la-haute-loire-leveil\\\/#article\",\"isPartOf\":{\"@id\":\"https:\\\/\\\/jumeaux91.fr\\\/blog\\\/originaires-du-puy-en-velay-ces-freres-jumeaux-se-font-un-nom-dans-le-monde-du-design-en-sinspirant-de-la-haute-loire-leveil\\\/\"},\"author\":{\"name\":\"Claude DAYRES\",\"@id\":\"https:\\\/\\\/jumeaux91.fr\\\/blog\\\/#\\\/schema\\\/person\\\/21da06e9f119b9f64e5d45dbbd32d3fb\"},\"headline\":\"Originaires du Puy-en-Velay, ces fr\u00e8res jumeaux se font un nom dans le monde du design en s&rsquo;inspirant de la Haute-Loire &#8211; L&rsquo;Eveil\",\"datePublished\":\"2025-04-28T17:00:00+00:00\",\"mainEntityOfPage\":{\"@id\":\"https:\\\/\\\/jumeaux91.fr\\\/blog\\\/originaires-du-puy-en-velay-ces-freres-jumeaux-se-font-un-nom-dans-le-monde-du-design-en-sinspirant-de-la-haute-loire-leveil\\\/\"},\"wordCount\":495,\"publisher\":{\"@id\":\"https:\\\/\\\/jumeaux91.fr\\\/blog\\\/#organization\"},\"image\":{\"@id\":\"https:\\\/\\\/jumeaux91.fr\\\/blog\\\/originaires-du-puy-en-velay-ces-freres-jumeaux-se-font-un-nom-dans-le-monde-du-design-en-sinspirant-de-la-haute-loire-leveil\\\/#primaryimage\"},\"thumbnailUrl\":\"https:\\\/\\\/jumeaux91.fr\\\/blog\\\/wp-content\\\/uploads\\\/2025\\\/07\\\/originaires-du-puy-en-velay-ces-freres-jumeaux-se-font-un-nom-dans-le-monde-du-design-en-sinspirant-de-la-haute-loire-leveil.jpg\",\"articleSection\":[\"Posts Fr\u00e8res Jumeaux De L'Essonnes:\"],\"inLanguage\":\"fr-FR\"},{\"@type\":\"WebPage\",\"@id\":\"https:\\\/\\\/jumeaux91.fr\\\/blog\\\/originaires-du-puy-en-velay-ces-freres-jumeaux-se-font-un-nom-dans-le-monde-du-design-en-sinspirant-de-la-haute-loire-leveil\\\/\",\"url\":\"https:\\\/\\\/jumeaux91.fr\\\/blog\\\/originaires-du-puy-en-velay-ces-freres-jumeaux-se-font-un-nom-dans-le-monde-du-design-en-sinspirant-de-la-haute-loire-leveil\\\/\",\"name\":\"Originaires du Puy-en-Velay, ces fr\u00e8res jumeaux se font un nom dans le monde du design en s'inspirant de la Haute-Loire - L'Eveil - JUMEAUX91\",\"isPartOf\":{\"@id\":\"https:\\\/\\\/jumeaux91.fr\\\/blog\\\/#website\"},\"primaryImageOfPage\":{\"@id\":\"https:\\\/\\\/jumeaux91.fr\\\/blog\\\/originaires-du-puy-en-velay-ces-freres-jumeaux-se-font-un-nom-dans-le-monde-du-design-en-sinspirant-de-la-haute-loire-leveil\\\/#primaryimage\"},\"image\":{\"@id\":\"https:\\\/\\\/jumeaux91.fr\\\/blog\\\/originaires-du-puy-en-velay-ces-freres-jumeaux-se-font-un-nom-dans-le-monde-du-design-en-sinspirant-de-la-haute-loire-leveil\\\/#primaryimage\"},\"thumbnailUrl\":\"https:\\\/\\\/jumeaux91.fr\\\/blog\\\/wp-content\\\/uploads\\\/2025\\\/07\\\/originaires-du-puy-en-velay-ces-freres-jumeaux-se-font-un-nom-dans-le-monde-du-design-en-sinspirant-de-la-haute-loire-leveil.jpg\",\"datePublished\":\"2025-04-28T17:00:00+00:00\",\"breadcrumb\":{\"@id\":\"https:\\\/\\\/jumeaux91.fr\\\/blog\\\/originaires-du-puy-en-velay-ces-freres-jumeaux-se-font-un-nom-dans-le-monde-du-design-en-sinspirant-de-la-haute-loire-leveil\\\/#breadcrumb\"},\"inLanguage\":\"fr-FR\",\"potentialAction\":[{\"@type\":\"ReadAction\",\"target\":[\"https:\\\/\\\/jumeaux91.fr\\\/blog\\\/originaires-du-puy-en-velay-ces-freres-jumeaux-se-font-un-nom-dans-le-monde-du-design-en-sinspirant-de-la-haute-loire-leveil\\\/\"]}]},{\"@type\":\"ImageObject\",\"inLanguage\":\"fr-FR\",\"@id\":\"https:\\\/\\\/jumeaux91.fr\\\/blog\\\/originaires-du-puy-en-velay-ces-freres-jumeaux-se-font-un-nom-dans-le-monde-du-design-en-sinspirant-de-la-haute-loire-leveil\\\/#primaryimage\",\"url\":\"https:\\\/\\\/jumeaux91.fr\\\/blog\\\/wp-content\\\/uploads\\\/2025\\\/07\\\/originaires-du-puy-en-velay-ces-freres-jumeaux-se-font-un-nom-dans-le-monde-du-design-en-sinspirant-de-la-haute-loire-leveil.jpg\",\"contentUrl\":\"https:\\\/\\\/jumeaux91.fr\\\/blog\\\/wp-content\\\/uploads\\\/2025\\\/07\\\/originaires-du-puy-en-velay-ces-freres-jumeaux-se-font-un-nom-dans-le-monde-du-design-en-sinspirant-de-la-haute-loire-leveil.jpg\",\"width\":1200,\"height\":1502,\"caption\":\"Originaires du Puy en Velay, ces fr\u00e8res jumeaux se font un nom dans le monde du design en s'inspirant de la Haute Loire L'Eveil\"},{\"@type\":\"BreadcrumbList\",\"@id\":\"https:\\\/\\\/jumeaux91.fr\\\/blog\\\/originaires-du-puy-en-velay-ces-freres-jumeaux-se-font-un-nom-dans-le-monde-du-design-en-sinspirant-de-la-haute-loire-leveil\\\/#breadcrumb\",\"itemListElement\":[{\"@type\":\"ListItem\",\"position\":1,\"name\":\"Accueil\",\"item\":\"https:\\\/\\\/jumeaux91.fr\\\/blog\\\/\"},{\"@type\":\"ListItem\",\"position\":2,\"name\":\"Originaires du Puy-en-Velay, ces fr\u00e8res jumeaux se font un nom dans le monde du design en s&rsquo;inspirant de la Haute-Loire &#8211; L&rsquo;Eveil\"}]},{\"@type\":\"WebSite\",\"@id\":\"https:\\\/\\\/jumeaux91.fr\\\/blog\\\/#website\",\"url\":\"https:\\\/\\\/jumeaux91.fr\\\/blog\\\/\",\"name\":\"JUMEAUX91\",\"description\":\"Fr\u00e8res jumeaux de l&#039;Essonnes; informations et archives, \u00e0 savoir et retenir.\",\"publisher\":{\"@id\":\"https:\\\/\\\/jumeaux91.fr\\\/blog\\\/#organization\"},\"potentialAction\":[{\"@type\":\"SearchAction\",\"target\":{\"@type\":\"EntryPoint\",\"urlTemplate\":\"https:\\\/\\\/jumeaux91.fr\\\/blog\\\/?s={search_term_string}\"},\"query-input\":{\"@type\":\"PropertyValueSpecification\",\"valueRequired\":true,\"valueName\":\"search_term_string\"}}],\"inLanguage\":\"fr-FR\"},{\"@type\":\"Organization\",\"@id\":\"https:\\\/\\\/jumeaux91.fr\\\/blog\\\/#organization\",\"name\":\"jumeaux91\",\"url\":\"https:\\\/\\\/jumeaux91.fr\\\/blog\\\/\",\"logo\":{\"@type\":\"ImageObject\",\"inLanguage\":\"fr-FR\",\"@id\":\"https:\\\/\\\/jumeaux91.fr\\\/blog\\\/#\\\/schema\\\/logo\\\/image\\\/\",\"url\":\"https:\\\/\\\/jumeaux91.fr\\\/blog\\\/wp-content\\\/uploads\\\/2023\\\/05\\\/cropped-cropped-logoJ_91.png\",\"contentUrl\":\"https:\\\/\\\/jumeaux91.fr\\\/blog\\\/wp-content\\\/uploads\\\/2023\\\/05\\\/cropped-cropped-logoJ_91.png\",\"width\":512,\"height\":512,\"caption\":\"jumeaux91\"},\"image\":{\"@id\":\"https:\\\/\\\/jumeaux91.fr\\\/blog\\\/#\\\/schema\\\/logo\\\/image\\\/\"}},{\"@type\":\"Person\",\"@id\":\"https:\\\/\\\/jumeaux91.fr\\\/blog\\\/#\\\/schema\\\/person\\\/21da06e9f119b9f64e5d45dbbd32d3fb\",\"name\":\"Claude DAYRES\",\"image\":{\"@type\":\"ImageObject\",\"inLanguage\":\"fr-FR\",\"@id\":\"https:\\\/\\\/secure.gravatar.com\\\/avatar\\\/82eb951df6110a2c48d1bfa7a67d1ee6f0cd5df3cbf9c3586dd61e82db7172a5?s=96&d=mm&r=g\",\"url\":\"https:\\\/\\\/secure.gravatar.com\\\/avatar\\\/82eb951df6110a2c48d1bfa7a67d1ee6f0cd5df3cbf9c3586dd61e82db7172a5?s=96&d=mm&r=g\",\"contentUrl\":\"https:\\\/\\\/secure.gravatar.com\\\/avatar\\\/82eb951df6110a2c48d1bfa7a67d1ee6f0cd5df3cbf9c3586dd61e82db7172a5?s=96&d=mm&r=g\",\"caption\":\"Claude DAYRES\"},\"url\":\"https:\\\/\\\/jumeaux91.fr\\\/blog\\\/author\\\/x91claude\\\/\"}]}<\/script>\n<!-- \/ Yoast SEO plugin. -->","yoast_head_json":{"title":"Originaires du Puy-en-Velay, ces fr\u00e8res jumeaux se font un nom dans le monde du design en s'inspirant de la Haute-Loire - L'Eveil - JUMEAUX91","robots":{"index":"index","follow":"follow","max-snippet":"max-snippet:-1","max-image-preview":"max-image-preview:large","max-video-preview":"max-video-preview:-1"},"canonical":"https:\/\/jumeaux91.fr\/blog\/originaires-du-puy-en-velay-ces-freres-jumeaux-se-font-un-nom-dans-le-monde-du-design-en-sinspirant-de-la-haute-loire-leveil\/","og_locale":"fr_FR","og_type":"article","og_title":"Originaires du Puy-en-Velay, ces fr\u00e8res jumeaux se font un nom dans le monde du design en s'inspirant de la Haute-Loire - L'Eveil - JUMEAUX91","og_description":"Originaires du Puy-en-Velay, Alexandre et Maxence Roche sont architectes d\u2019int\u00e9rieur, designers et sc\u00e9nographes. Fr\u00e8res jumeaux, ils sont \u00e9galement associ\u00e9s dans la vie au sein du studio Roche &amp; Fr\u00e8res, depuis 2022. Leur travail, c\u2019est imaginer et cr\u00e9er des objets et des meubles en prenant pour inspiration la nature. Des objets inspir\u00e9s par les neiges du&hellip; Poursuivre la lecture Originaires du Puy-en-Velay, ces fr\u00e8res jumeaux se font un nom dans le monde du design en s&rsquo;inspirant de la Haute-Loire &#8211; L&rsquo;Eveil","og_url":"https:\/\/jumeaux91.fr\/blog\/originaires-du-puy-en-velay-ces-freres-jumeaux-se-font-un-nom-dans-le-monde-du-design-en-sinspirant-de-la-haute-loire-leveil\/","og_site_name":"JUMEAUX91","article_published_time":"2025-04-28T17:00:00+00:00","og_image":[{"url":"https:\/\/jumeaux91.fr\/blog\/wp-content\/uploads\/2025\/07\/originaires-du-puy-en-velay-ces-freres-jumeaux-se-font-un-nom-dans-le-monde-du-design-en-sinspirant-de-la-haute-loire-leveil.jpg","type":"","width":"","height":""}],"author":"Claude DAYRES","twitter_card":"summary_large_image","twitter_misc":{"\u00c9crit par":"Claude DAYRES","Dur\u00e9e de lecture estim\u00e9e":"2 minutes"},"schema":{"@context":"https:\/\/schema.org","@graph":[{"@type":"Article","@id":"https:\/\/jumeaux91.fr\/blog\/originaires-du-puy-en-velay-ces-freres-jumeaux-se-font-un-nom-dans-le-monde-du-design-en-sinspirant-de-la-haute-loire-leveil\/#article","isPartOf":{"@id":"https:\/\/jumeaux91.fr\/blog\/originaires-du-puy-en-velay-ces-freres-jumeaux-se-font-un-nom-dans-le-monde-du-design-en-sinspirant-de-la-haute-loire-leveil\/"},"author":{"name":"Claude DAYRES","@id":"https:\/\/jumeaux91.fr\/blog\/#\/schema\/person\/21da06e9f119b9f64e5d45dbbd32d3fb"},"headline":"Originaires du Puy-en-Velay, ces fr\u00e8res jumeaux se font un nom dans le monde du design en s&rsquo;inspirant de la Haute-Loire &#8211; L&rsquo;Eveil","datePublished":"2025-04-28T17:00:00+00:00","mainEntityOfPage":{"@id":"https:\/\/jumeaux91.fr\/blog\/originaires-du-puy-en-velay-ces-freres-jumeaux-se-font-un-nom-dans-le-monde-du-design-en-sinspirant-de-la-haute-loire-leveil\/"},"wordCount":495,"publisher":{"@id":"https:\/\/jumeaux91.fr\/blog\/#organization"},"image":{"@id":"https:\/\/jumeaux91.fr\/blog\/originaires-du-puy-en-velay-ces-freres-jumeaux-se-font-un-nom-dans-le-monde-du-design-en-sinspirant-de-la-haute-loire-leveil\/#primaryimage"},"thumbnailUrl":"https:\/\/jumeaux91.fr\/blog\/wp-content\/uploads\/2025\/07\/originaires-du-puy-en-velay-ces-freres-jumeaux-se-font-un-nom-dans-le-monde-du-design-en-sinspirant-de-la-haute-loire-leveil.jpg","articleSection":["Posts Fr\u00e8res Jumeaux De L'Essonnes:"],"inLanguage":"fr-FR"},{"@type":"WebPage","@id":"https:\/\/jumeaux91.fr\/blog\/originaires-du-puy-en-velay-ces-freres-jumeaux-se-font-un-nom-dans-le-monde-du-design-en-sinspirant-de-la-haute-loire-leveil\/","url":"https:\/\/jumeaux91.fr\/blog\/originaires-du-puy-en-velay-ces-freres-jumeaux-se-font-un-nom-dans-le-monde-du-design-en-sinspirant-de-la-haute-loire-leveil\/","name":"Originaires du Puy-en-Velay, ces fr\u00e8res jumeaux se font un nom dans le monde du design en s'inspirant de la Haute-Loire - L'Eveil - JUMEAUX91","isPartOf":{"@id":"https:\/\/jumeaux91.fr\/blog\/#website"},"primaryImageOfPage":{"@id":"https:\/\/jumeaux91.fr\/blog\/originaires-du-puy-en-velay-ces-freres-jumeaux-se-font-un-nom-dans-le-monde-du-design-en-sinspirant-de-la-haute-loire-leveil\/#primaryimage"},"image":{"@id":"https:\/\/jumeaux91.fr\/blog\/originaires-du-puy-en-velay-ces-freres-jumeaux-se-font-un-nom-dans-le-monde-du-design-en-sinspirant-de-la-haute-loire-leveil\/#primaryimage"},"thumbnailUrl":"https:\/\/jumeaux91.fr\/blog\/wp-content\/uploads\/2025\/07\/originaires-du-puy-en-velay-ces-freres-jumeaux-se-font-un-nom-dans-le-monde-du-design-en-sinspirant-de-la-haute-loire-leveil.jpg","datePublished":"2025-04-28T17:00:00+00:00","breadcrumb":{"@id":"https:\/\/jumeaux91.fr\/blog\/originaires-du-puy-en-velay-ces-freres-jumeaux-se-font-un-nom-dans-le-monde-du-design-en-sinspirant-de-la-haute-loire-leveil\/#breadcrumb"},"inLanguage":"fr-FR","potentialAction":[{"@type":"ReadAction","target":["https:\/\/jumeaux91.fr\/blog\/originaires-du-puy-en-velay-ces-freres-jumeaux-se-font-un-nom-dans-le-monde-du-design-en-sinspirant-de-la-haute-loire-leveil\/"]}]},{"@type":"ImageObject","inLanguage":"fr-FR","@id":"https:\/\/jumeaux91.fr\/blog\/originaires-du-puy-en-velay-ces-freres-jumeaux-se-font-un-nom-dans-le-monde-du-design-en-sinspirant-de-la-haute-loire-leveil\/#primaryimage","url":"https:\/\/jumeaux91.fr\/blog\/wp-content\/uploads\/2025\/07\/originaires-du-puy-en-velay-ces-freres-jumeaux-se-font-un-nom-dans-le-monde-du-design-en-sinspirant-de-la-haute-loire-leveil.jpg","contentUrl":"https:\/\/jumeaux91.fr\/blog\/wp-content\/uploads\/2025\/07\/originaires-du-puy-en-velay-ces-freres-jumeaux-se-font-un-nom-dans-le-monde-du-design-en-sinspirant-de-la-haute-loire-leveil.jpg","width":1200,"height":1502,"caption":"Originaires du Puy en Velay, ces fr\u00e8res jumeaux se font un nom dans le monde du design en s'inspirant de la Haute Loire L'Eveil"},{"@type":"BreadcrumbList","@id":"https:\/\/jumeaux91.fr\/blog\/originaires-du-puy-en-velay-ces-freres-jumeaux-se-font-un-nom-dans-le-monde-du-design-en-sinspirant-de-la-haute-loire-leveil\/#breadcrumb","itemListElement":[{"@type":"ListItem","position":1,"name":"Accueil","item":"https:\/\/jumeaux91.fr\/blog\/"},{"@type":"ListItem","position":2,"name":"Originaires du Puy-en-Velay, ces fr\u00e8res jumeaux se font un nom dans le monde du design en s&rsquo;inspirant de la Haute-Loire &#8211; L&rsquo;Eveil"}]},{"@type":"WebSite","@id":"https:\/\/jumeaux91.fr\/blog\/#website","url":"https:\/\/jumeaux91.fr\/blog\/","name":"JUMEAUX91","description":"Fr\u00e8res jumeaux de l&#039;Essonnes; informations et archives, \u00e0 savoir et retenir.","publisher":{"@id":"https:\/\/jumeaux91.fr\/blog\/#organization"},"potentialAction":[{"@type":"SearchAction","target":{"@type":"EntryPoint","urlTemplate":"https:\/\/jumeaux91.fr\/blog\/?s={search_term_string}"},"query-input":{"@type":"PropertyValueSpecification","valueRequired":true,"valueName":"search_term_string"}}],"inLanguage":"fr-FR"},{"@type":"Organization","@id":"https:\/\/jumeaux91.fr\/blog\/#organization","name":"jumeaux91","url":"https:\/\/jumeaux91.fr\/blog\/","logo":{"@type":"ImageObject","inLanguage":"fr-FR","@id":"https:\/\/jumeaux91.fr\/blog\/#\/schema\/logo\/image\/","url":"https:\/\/jumeaux91.fr\/blog\/wp-content\/uploads\/2023\/05\/cropped-cropped-logoJ_91.png","contentUrl":"https:\/\/jumeaux91.fr\/blog\/wp-content\/uploads\/2023\/05\/cropped-cropped-logoJ_91.png","width":512,"height":512,"caption":"jumeaux91"},"image":{"@id":"https:\/\/jumeaux91.fr\/blog\/#\/schema\/logo\/image\/"}},{"@type":"Person","@id":"https:\/\/jumeaux91.fr\/blog\/#\/schema\/person\/21da06e9f119b9f64e5d45dbbd32d3fb","name":"Claude DAYRES","image":{"@type":"ImageObject","inLanguage":"fr-FR","@id":"https:\/\/secure.gravatar.com\/avatar\/82eb951df6110a2c48d1bfa7a67d1ee6f0cd5df3cbf9c3586dd61e82db7172a5?s=96&d=mm&r=g","url":"https:\/\/secure.gravatar.com\/avatar\/82eb951df6110a2c48d1bfa7a67d1ee6f0cd5df3cbf9c3586dd61e82db7172a5?s=96&d=mm&r=g","contentUrl":"https:\/\/secure.gravatar.com\/avatar\/82eb951df6110a2c48d1bfa7a67d1ee6f0cd5df3cbf9c3586dd61e82db7172a5?s=96&d=mm&r=g","caption":"Claude DAYRES"},"url":"https:\/\/jumeaux91.fr\/blog\/author\/x91claude\/"}]}},"_links":{"self":[{"href":"https:\/\/jumeaux91.fr\/blog\/wp-json\/wp\/v2\/posts\/1424","targetHints":{"allow":["GET"]}}],"collection":[{"href":"https:\/\/jumeaux91.fr\/blog\/wp-json\/wp\/v2\/posts"}],"about":[{"href":"https:\/\/jumeaux91.fr\/blog\/wp-json\/wp\/v2\/types\/post"}],"author":[{"embeddable":true,"href":"https:\/\/jumeaux91.fr\/blog\/wp-json\/wp\/v2\/users\/2"}],"replies":[{"embeddable":true,"href":"https:\/\/jumeaux91.fr\/blog\/wp-json\/wp\/v2\/comments?post=1424"}],"version-history":[{"count":0,"href":"https:\/\/jumeaux91.fr\/blog\/wp-json\/wp\/v2\/posts\/1424\/revisions"}],"wp:featuredmedia":[{"embeddable":true,"href":"https:\/\/jumeaux91.fr\/blog\/wp-json\/wp\/v2\/media\/1425"}],"wp:attachment":[{"href":"https:\/\/jumeaux91.fr\/blog\/wp-json\/wp\/v2\/media?parent=1424"}],"wp:term":[{"taxonomy":"category","embeddable":true,"href":"https:\/\/jumeaux91.fr\/blog\/wp-json\/wp\/v2\/categories?post=1424"},{"taxonomy":"post_tag","embeddable":true,"href":"https:\/\/jumeaux91.fr\/blog\/wp-json\/wp\/v2\/tags?post=1424"}],"curies":[{"name":"wp","href":"https:\/\/api.w.org\/{rel}","templated":true}]}}