{"id":1430,"date":"2025-07-07T03:12:00","date_gmt":"2025-07-07T01:12:00","guid":{"rendered":"https:\/\/jumeaux91.fr\/blog\/allemagne-des-freres-jumeaux-fauches-sur-une-piste-cyclable\/"},"modified":"2025-07-07T03:12:00","modified_gmt":"2025-07-07T01:12:00","slug":"allemagne-des-freres-jumeaux-fauches-sur-une-piste-cyclable","status":"publish","type":"post","link":"https:\/\/jumeaux91.fr\/blog\/allemagne-des-freres-jumeaux-fauches-sur-une-piste-cyclable\/","title":{"rendered":"Allemagne : des fr\u00e8res jumeaux fauch\u00e9s sur une piste cyclable"},"content":{"rendered":"<div><img decoding=\"async\" src=\"https:\/\/jumeaux91.fr\/blog\/wp-content\/uploads\/2025\/07\/allemagne-des-freres-jumeaux-fauches-sur-une-piste-cyclable.jpg\" class=\"ff-og-image-inserted\"><\/div>\n<div id>\n<p>Deux fr\u00e8res jumeaux circulant \u00e0 trottinette ont perdu la vie, percut\u00e9s par une voiture dans la nuit de samedi \u00e0 dimanche. Le drame s\u2019est produit \u00e0 Francfort-sur-le-Main, dans l\u2019ouest de l\u2019Allemagne.<\/p>\n<\/p><\/div>\n<div>\n<h3 class=\"spip\"><strong>Une sortie \u00e0 trottinette vire au drame<\/strong><\/h3>\n<p>Dans la nuit du samedi 5 au dimanche 6 juillet, une violente <strong>collision <\/strong>a co\u00fbt\u00e9 la vie \u00e0 des fr\u00e8res jumeaux \u00e0 Francfort-sur-le-Main (ouest de l\u2019<a href=\"https:\/\/www.linfo.re\/tags\/allemagne\" target=\"_blank\" rel=\"nofollow\"><strong>Allemagne<\/strong><\/a>). \u00c2g\u00e9s de 23 ans, les deux jeunes hommes circulaient ensemble sur une <strong>trottinette \u00e9lectrique<\/strong>.<\/p>\n<p>Une voiture aurait brusquement&nbsp;quitt\u00e9 la chauss\u00e9e et les a percut\u00e9s sur une piste cyclable. L\u2019un est d\u00e9c\u00e9d\u00e9 sur place, tandis que l\u2019autre est mort quelques heures plus tard \u00e0 l\u2019h\u00f4pital.<\/p>\n<h3 class=\"spip\"><strong>Un troisi\u00e8me usager bless\u00e9&nbsp;<\/strong><\/h3>\n<p>Une autre <strong>trottinette<\/strong> a \u00e9galement \u00e9t\u00e9 prise dans l\u2019<a href=\"https:\/\/www.linfo.re\/tags\/accidents\" target=\"_blank\" rel=\"nofollow\"><strong>accident<\/strong><\/a>. Elle \u00e9tait conduite par un homme de 27 ans, qui a \u00e9t\u00e9 projet\u00e9 et tra\u00een\u00e9 sur plusieurs m\u00e8tres. Ce dernier a \u00e9t\u00e9 transport\u00e9 dans un \u00e9tat grave \u00e0 l\u2019h\u00f4pital.<\/p>\n<p>L\u2019automobiliste, \u00e2g\u00e9 de 23 ans, a d\u2019abord pris la fuite, mais s\u2019est ensuite pr\u00e9sent\u00e9 de lui-m\u00eame \u00e0 la police. Les circonstances exactes de la perte de contr\u00f4le de son v\u00e9hicule sont pour l\u2019heure inconnues. Une enqu\u00eate a \u00e9t\u00e9 ouverte.<\/p>\n<p>Sources&nbsp;: <em>Le Figaro, Le Parisien, Ouest France&nbsp;<\/em><\/p>\n<\/p><\/div>\n<p>La chronique se veut g\u00e9n\u00e9r\u00e9e de la fa\u00e7on la plus claire que possible. Dans le cas o\u00f9 vous souhaitez pr\u00e9senter des renseignements compl\u00e9mentaires \u00e0 cet article sur le sujet \u00ab\u00a0Fr\u00e8res jumeaux de l&rsquo;Essonnes\u00a0\u00bb il vous est possible d\u2019\u00e9crire aux contacts indiqu\u00e9s sur notre website. La raison d\u2019\u00eatre de jumeaux91.fr \u00e9tant de rassembler sur le web des posts sur le sujet de Fr\u00e8res jumeaux de l&rsquo;Essonnes puis les diffuser en r\u00e9pondant au mieux aux interrogations des gens. Vous pouvez tirer profit de cet article traitant le sujet \u00ab\u00a0Fr\u00e8res jumeaux de l&rsquo;Essonnes\u00a0\u00bb. Il est concoct\u00e9 par l\u2019\u00e9quipe jumeaux91.fr. Prochainement, nous rendrons accessibles au public d&rsquo;autres informations pertinentes sur le sujet \u00ab\u00a0Fr\u00e8res jumeaux de l&rsquo;Essonnes\u00a0\u00bb. Alors, consultez syst\u00e9matiquement notre blog.<\/p>\n","protected":false},"excerpt":{"rendered":"<p>Deux fr\u00e8res jumeaux circulant \u00e0 trottinette ont perdu la vie, percut\u00e9s par une voiture dans la nuit de samedi \u00e0 dimanche. Le drame s\u2019est produit \u00e0 Francfort-sur-le-Main, dans l\u2019ouest de l\u2019Allemagne. Une sortie \u00e0 trottinette vire au drame Dans la nuit du samedi 5 au dimanche 6 juillet, une violente collision a co\u00fbt\u00e9 la vie&hellip; <a class=\"more-link\" href=\"https:\/\/jumeaux91.fr\/blog\/allemagne-des-freres-jumeaux-fauches-sur-une-piste-cyclable\/\">Poursuivre la lecture <span class=\"screen-reader-text\">Allemagne : des fr\u00e8res jumeaux fauch\u00e9s sur une piste cyclable<\/span><\/a><\/p>\n","protected":false},"author":2,"featured_media":1431,"comment_status":"closed","ping_status":"closed","sticky":false,"template":"","format":"standard","meta":{"footnotes":""},"categories":[4],"tags":[],"class_list":["post-1430","post","type-post","status-publish","format-standard","has-post-thumbnail","hentry","category-posts-freres-jumeaux-de-lessonnes","entry"],"yoast_head":"<!-- This site is optimized with the Yoast SEO plugin v27.5 - https:\/\/yoast.com\/product\/yoast-seo-wordpress\/ -->\n<title>Allemagne : des fr\u00e8res jumeaux fauch\u00e9s sur une piste cyclable - JUMEAUX91<\/title>\n<meta name=\"robots\" content=\"index, follow, max-snippet:-1, max-image-preview:large, max-video-preview:-1\" \/>\n<link rel=\"canonical\" href=\"https:\/\/jumeaux91.fr\/blog\/allemagne-des-freres-jumeaux-fauches-sur-une-piste-cyclable\/\" \/>\n<meta property=\"og:locale\" content=\"fr_FR\" \/>\n<meta property=\"og:type\" content=\"article\" \/>\n<meta property=\"og:title\" content=\"Allemagne : des fr\u00e8res jumeaux fauch\u00e9s sur une piste cyclable - JUMEAUX91\" \/>\n<meta property=\"og:description\" content=\"Deux fr\u00e8res jumeaux circulant \u00e0 trottinette ont perdu la vie, percut\u00e9s par une voiture dans la nuit de samedi \u00e0 dimanche. Le drame s\u2019est produit \u00e0 Francfort-sur-le-Main, dans l\u2019ouest de l\u2019Allemagne. Une sortie \u00e0 trottinette vire au drame Dans la nuit du samedi 5 au dimanche 6 juillet, une violente collision a co\u00fbt\u00e9 la vie&hellip; Poursuivre la lecture Allemagne : des fr\u00e8res jumeaux fauch\u00e9s sur une piste cyclable\" \/>\n<meta property=\"og:url\" content=\"https:\/\/jumeaux91.fr\/blog\/allemagne-des-freres-jumeaux-fauches-sur-une-piste-cyclable\/\" \/>\n<meta property=\"og:site_name\" content=\"JUMEAUX91\" \/>\n<meta property=\"article:published_time\" content=\"2025-07-07T01:12:00+00:00\" \/>\n<meta property=\"og:image\" content=\"https:\/\/jumeaux91.fr\/blog\/wp-content\/uploads\/2025\/07\/allemagne-des-freres-jumeaux-fauches-sur-une-piste-cyclable.jpg\" \/>\n<meta name=\"author\" content=\"Claude DAYRES\" \/>\n<meta name=\"twitter:card\" content=\"summary_large_image\" \/>\n<meta name=\"twitter:label1\" content=\"\u00c9crit par\" \/>\n\t<meta name=\"twitter:data1\" content=\"Claude DAYRES\" \/>\n\t<meta name=\"twitter:label2\" content=\"Dur\u00e9e de lecture estim\u00e9e\" \/>\n\t<meta name=\"twitter:data2\" content=\"2 minutes\" \/>\n<script type=\"application\/ld+json\" class=\"yoast-schema-graph\">{\"@context\":\"https:\\\/\\\/schema.org\",\"@graph\":[{\"@type\":\"Article\",\"@id\":\"https:\\\/\\\/jumeaux91.fr\\\/blog\\\/allemagne-des-freres-jumeaux-fauches-sur-une-piste-cyclable\\\/#article\",\"isPartOf\":{\"@id\":\"https:\\\/\\\/jumeaux91.fr\\\/blog\\\/allemagne-des-freres-jumeaux-fauches-sur-une-piste-cyclable\\\/\"},\"author\":{\"name\":\"Claude DAYRES\",\"@id\":\"https:\\\/\\\/jumeaux91.fr\\\/blog\\\/#\\\/schema\\\/person\\\/21da06e9f119b9f64e5d45dbbd32d3fb\"},\"headline\":\"Allemagne : des fr\u00e8res jumeaux fauch\u00e9s sur une piste cyclable\",\"datePublished\":\"2025-07-07T01:12:00+00:00\",\"mainEntityOfPage\":{\"@id\":\"https:\\\/\\\/jumeaux91.fr\\\/blog\\\/allemagne-des-freres-jumeaux-fauches-sur-une-piste-cyclable\\\/\"},\"wordCount\":369,\"publisher\":{\"@id\":\"https:\\\/\\\/jumeaux91.fr\\\/blog\\\/#organization\"},\"image\":{\"@id\":\"https:\\\/\\\/jumeaux91.fr\\\/blog\\\/allemagne-des-freres-jumeaux-fauches-sur-une-piste-cyclable\\\/#primaryimage\"},\"thumbnailUrl\":\"https:\\\/\\\/jumeaux91.fr\\\/blog\\\/wp-content\\\/uploads\\\/2025\\\/07\\\/allemagne-des-freres-jumeaux-fauches-sur-une-piste-cyclable.jpg\",\"articleSection\":[\"Posts Fr\u00e8res Jumeaux De L'Essonnes:\"],\"inLanguage\":\"fr-FR\"},{\"@type\":\"WebPage\",\"@id\":\"https:\\\/\\\/jumeaux91.fr\\\/blog\\\/allemagne-des-freres-jumeaux-fauches-sur-une-piste-cyclable\\\/\",\"url\":\"https:\\\/\\\/jumeaux91.fr\\\/blog\\\/allemagne-des-freres-jumeaux-fauches-sur-une-piste-cyclable\\\/\",\"name\":\"Allemagne : des fr\u00e8res jumeaux fauch\u00e9s sur une piste cyclable - JUMEAUX91\",\"isPartOf\":{\"@id\":\"https:\\\/\\\/jumeaux91.fr\\\/blog\\\/#website\"},\"primaryImageOfPage\":{\"@id\":\"https:\\\/\\\/jumeaux91.fr\\\/blog\\\/allemagne-des-freres-jumeaux-fauches-sur-une-piste-cyclable\\\/#primaryimage\"},\"image\":{\"@id\":\"https:\\\/\\\/jumeaux91.fr\\\/blog\\\/allemagne-des-freres-jumeaux-fauches-sur-une-piste-cyclable\\\/#primaryimage\"},\"thumbnailUrl\":\"https:\\\/\\\/jumeaux91.fr\\\/blog\\\/wp-content\\\/uploads\\\/2025\\\/07\\\/allemagne-des-freres-jumeaux-fauches-sur-une-piste-cyclable.jpg\",\"datePublished\":\"2025-07-07T01:12:00+00:00\",\"breadcrumb\":{\"@id\":\"https:\\\/\\\/jumeaux91.fr\\\/blog\\\/allemagne-des-freres-jumeaux-fauches-sur-une-piste-cyclable\\\/#breadcrumb\"},\"inLanguage\":\"fr-FR\",\"potentialAction\":[{\"@type\":\"ReadAction\",\"target\":[\"https:\\\/\\\/jumeaux91.fr\\\/blog\\\/allemagne-des-freres-jumeaux-fauches-sur-une-piste-cyclable\\\/\"]}]},{\"@type\":\"ImageObject\",\"inLanguage\":\"fr-FR\",\"@id\":\"https:\\\/\\\/jumeaux91.fr\\\/blog\\\/allemagne-des-freres-jumeaux-fauches-sur-une-piste-cyclable\\\/#primaryimage\",\"url\":\"https:\\\/\\\/jumeaux91.fr\\\/blog\\\/wp-content\\\/uploads\\\/2025\\\/07\\\/allemagne-des-freres-jumeaux-fauches-sur-une-piste-cyclable.jpg\",\"contentUrl\":\"https:\\\/\\\/jumeaux91.fr\\\/blog\\\/wp-content\\\/uploads\\\/2025\\\/07\\\/allemagne-des-freres-jumeaux-fauches-sur-une-piste-cyclable.jpg\",\"width\":620,\"height\":350,\"caption\":\"Allemagne : des fr\u00e8res jumeaux fauch\u00e9s sur une piste cyclable\"},{\"@type\":\"BreadcrumbList\",\"@id\":\"https:\\\/\\\/jumeaux91.fr\\\/blog\\\/allemagne-des-freres-jumeaux-fauches-sur-une-piste-cyclable\\\/#breadcrumb\",\"itemListElement\":[{\"@type\":\"ListItem\",\"position\":1,\"name\":\"Accueil\",\"item\":\"https:\\\/\\\/jumeaux91.fr\\\/blog\\\/\"},{\"@type\":\"ListItem\",\"position\":2,\"name\":\"Allemagne : des fr\u00e8res jumeaux fauch\u00e9s sur une piste cyclable\"}]},{\"@type\":\"WebSite\",\"@id\":\"https:\\\/\\\/jumeaux91.fr\\\/blog\\\/#website\",\"url\":\"https:\\\/\\\/jumeaux91.fr\\\/blog\\\/\",\"name\":\"JUMEAUX91\",\"description\":\"Fr\u00e8res jumeaux de l&#039;Essonnes; informations et archives, \u00e0 savoir et retenir.\",\"publisher\":{\"@id\":\"https:\\\/\\\/jumeaux91.fr\\\/blog\\\/#organization\"},\"potentialAction\":[{\"@type\":\"SearchAction\",\"target\":{\"@type\":\"EntryPoint\",\"urlTemplate\":\"https:\\\/\\\/jumeaux91.fr\\\/blog\\\/?s={search_term_string}\"},\"query-input\":{\"@type\":\"PropertyValueSpecification\",\"valueRequired\":true,\"valueName\":\"search_term_string\"}}],\"inLanguage\":\"fr-FR\"},{\"@type\":\"Organization\",\"@id\":\"https:\\\/\\\/jumeaux91.fr\\\/blog\\\/#organization\",\"name\":\"jumeaux91\",\"url\":\"https:\\\/\\\/jumeaux91.fr\\\/blog\\\/\",\"logo\":{\"@type\":\"ImageObject\",\"inLanguage\":\"fr-FR\",\"@id\":\"https:\\\/\\\/jumeaux91.fr\\\/blog\\\/#\\\/schema\\\/logo\\\/image\\\/\",\"url\":\"https:\\\/\\\/jumeaux91.fr\\\/blog\\\/wp-content\\\/uploads\\\/2023\\\/05\\\/cropped-cropped-logoJ_91.png\",\"contentUrl\":\"https:\\\/\\\/jumeaux91.fr\\\/blog\\\/wp-content\\\/uploads\\\/2023\\\/05\\\/cropped-cropped-logoJ_91.png\",\"width\":512,\"height\":512,\"caption\":\"jumeaux91\"},\"image\":{\"@id\":\"https:\\\/\\\/jumeaux91.fr\\\/blog\\\/#\\\/schema\\\/logo\\\/image\\\/\"}},{\"@type\":\"Person\",\"@id\":\"https:\\\/\\\/jumeaux91.fr\\\/blog\\\/#\\\/schema\\\/person\\\/21da06e9f119b9f64e5d45dbbd32d3fb\",\"name\":\"Claude DAYRES\",\"image\":{\"@type\":\"ImageObject\",\"inLanguage\":\"fr-FR\",\"@id\":\"https:\\\/\\\/secure.gravatar.com\\\/avatar\\\/82eb951df6110a2c48d1bfa7a67d1ee6f0cd5df3cbf9c3586dd61e82db7172a5?s=96&d=mm&r=g\",\"url\":\"https:\\\/\\\/secure.gravatar.com\\\/avatar\\\/82eb951df6110a2c48d1bfa7a67d1ee6f0cd5df3cbf9c3586dd61e82db7172a5?s=96&d=mm&r=g\",\"contentUrl\":\"https:\\\/\\\/secure.gravatar.com\\\/avatar\\\/82eb951df6110a2c48d1bfa7a67d1ee6f0cd5df3cbf9c3586dd61e82db7172a5?s=96&d=mm&r=g\",\"caption\":\"Claude DAYRES\"},\"url\":\"https:\\\/\\\/jumeaux91.fr\\\/blog\\\/author\\\/x91claude\\\/\"}]}<\/script>\n<!-- \/ Yoast SEO plugin. -->","yoast_head_json":{"title":"Allemagne : des fr\u00e8res jumeaux fauch\u00e9s sur une piste cyclable - JUMEAUX91","robots":{"index":"index","follow":"follow","max-snippet":"max-snippet:-1","max-image-preview":"max-image-preview:large","max-video-preview":"max-video-preview:-1"},"canonical":"https:\/\/jumeaux91.fr\/blog\/allemagne-des-freres-jumeaux-fauches-sur-une-piste-cyclable\/","og_locale":"fr_FR","og_type":"article","og_title":"Allemagne : des fr\u00e8res jumeaux fauch\u00e9s sur une piste cyclable - JUMEAUX91","og_description":"Deux fr\u00e8res jumeaux circulant \u00e0 trottinette ont perdu la vie, percut\u00e9s par une voiture dans la nuit de samedi \u00e0 dimanche. Le drame s\u2019est produit \u00e0 Francfort-sur-le-Main, dans l\u2019ouest de l\u2019Allemagne. Une sortie \u00e0 trottinette vire au drame Dans la nuit du samedi 5 au dimanche 6 juillet, une violente collision a co\u00fbt\u00e9 la vie&hellip; Poursuivre la lecture Allemagne : des fr\u00e8res jumeaux fauch\u00e9s sur une piste cyclable","og_url":"https:\/\/jumeaux91.fr\/blog\/allemagne-des-freres-jumeaux-fauches-sur-une-piste-cyclable\/","og_site_name":"JUMEAUX91","article_published_time":"2025-07-07T01:12:00+00:00","og_image":[{"url":"https:\/\/jumeaux91.fr\/blog\/wp-content\/uploads\/2025\/07\/allemagne-des-freres-jumeaux-fauches-sur-une-piste-cyclable.jpg","type":"","width":"","height":""}],"author":"Claude DAYRES","twitter_card":"summary_large_image","twitter_misc":{"\u00c9crit par":"Claude DAYRES","Dur\u00e9e de lecture estim\u00e9e":"2 minutes"},"schema":{"@context":"https:\/\/schema.org","@graph":[{"@type":"Article","@id":"https:\/\/jumeaux91.fr\/blog\/allemagne-des-freres-jumeaux-fauches-sur-une-piste-cyclable\/#article","isPartOf":{"@id":"https:\/\/jumeaux91.fr\/blog\/allemagne-des-freres-jumeaux-fauches-sur-une-piste-cyclable\/"},"author":{"name":"Claude DAYRES","@id":"https:\/\/jumeaux91.fr\/blog\/#\/schema\/person\/21da06e9f119b9f64e5d45dbbd32d3fb"},"headline":"Allemagne : des fr\u00e8res jumeaux fauch\u00e9s sur une piste cyclable","datePublished":"2025-07-07T01:12:00+00:00","mainEntityOfPage":{"@id":"https:\/\/jumeaux91.fr\/blog\/allemagne-des-freres-jumeaux-fauches-sur-une-piste-cyclable\/"},"wordCount":369,"publisher":{"@id":"https:\/\/jumeaux91.fr\/blog\/#organization"},"image":{"@id":"https:\/\/jumeaux91.fr\/blog\/allemagne-des-freres-jumeaux-fauches-sur-une-piste-cyclable\/#primaryimage"},"thumbnailUrl":"https:\/\/jumeaux91.fr\/blog\/wp-content\/uploads\/2025\/07\/allemagne-des-freres-jumeaux-fauches-sur-une-piste-cyclable.jpg","articleSection":["Posts Fr\u00e8res Jumeaux De L'Essonnes:"],"inLanguage":"fr-FR"},{"@type":"WebPage","@id":"https:\/\/jumeaux91.fr\/blog\/allemagne-des-freres-jumeaux-fauches-sur-une-piste-cyclable\/","url":"https:\/\/jumeaux91.fr\/blog\/allemagne-des-freres-jumeaux-fauches-sur-une-piste-cyclable\/","name":"Allemagne : des fr\u00e8res jumeaux fauch\u00e9s sur une piste cyclable - JUMEAUX91","isPartOf":{"@id":"https:\/\/jumeaux91.fr\/blog\/#website"},"primaryImageOfPage":{"@id":"https:\/\/jumeaux91.fr\/blog\/allemagne-des-freres-jumeaux-fauches-sur-une-piste-cyclable\/#primaryimage"},"image":{"@id":"https:\/\/jumeaux91.fr\/blog\/allemagne-des-freres-jumeaux-fauches-sur-une-piste-cyclable\/#primaryimage"},"thumbnailUrl":"https:\/\/jumeaux91.fr\/blog\/wp-content\/uploads\/2025\/07\/allemagne-des-freres-jumeaux-fauches-sur-une-piste-cyclable.jpg","datePublished":"2025-07-07T01:12:00+00:00","breadcrumb":{"@id":"https:\/\/jumeaux91.fr\/blog\/allemagne-des-freres-jumeaux-fauches-sur-une-piste-cyclable\/#breadcrumb"},"inLanguage":"fr-FR","potentialAction":[{"@type":"ReadAction","target":["https:\/\/jumeaux91.fr\/blog\/allemagne-des-freres-jumeaux-fauches-sur-une-piste-cyclable\/"]}]},{"@type":"ImageObject","inLanguage":"fr-FR","@id":"https:\/\/jumeaux91.fr\/blog\/allemagne-des-freres-jumeaux-fauches-sur-une-piste-cyclable\/#primaryimage","url":"https:\/\/jumeaux91.fr\/blog\/wp-content\/uploads\/2025\/07\/allemagne-des-freres-jumeaux-fauches-sur-une-piste-cyclable.jpg","contentUrl":"https:\/\/jumeaux91.fr\/blog\/wp-content\/uploads\/2025\/07\/allemagne-des-freres-jumeaux-fauches-sur-une-piste-cyclable.jpg","width":620,"height":350,"caption":"Allemagne : des fr\u00e8res jumeaux fauch\u00e9s sur une piste cyclable"},{"@type":"BreadcrumbList","@id":"https:\/\/jumeaux91.fr\/blog\/allemagne-des-freres-jumeaux-fauches-sur-une-piste-cyclable\/#breadcrumb","itemListElement":[{"@type":"ListItem","position":1,"name":"Accueil","item":"https:\/\/jumeaux91.fr\/blog\/"},{"@type":"ListItem","position":2,"name":"Allemagne : des fr\u00e8res jumeaux fauch\u00e9s sur une piste cyclable"}]},{"@type":"WebSite","@id":"https:\/\/jumeaux91.fr\/blog\/#website","url":"https:\/\/jumeaux91.fr\/blog\/","name":"JUMEAUX91","description":"Fr\u00e8res jumeaux de l&#039;Essonnes; informations et archives, \u00e0 savoir et retenir.","publisher":{"@id":"https:\/\/jumeaux91.fr\/blog\/#organization"},"potentialAction":[{"@type":"SearchAction","target":{"@type":"EntryPoint","urlTemplate":"https:\/\/jumeaux91.fr\/blog\/?s={search_term_string}"},"query-input":{"@type":"PropertyValueSpecification","valueRequired":true,"valueName":"search_term_string"}}],"inLanguage":"fr-FR"},{"@type":"Organization","@id":"https:\/\/jumeaux91.fr\/blog\/#organization","name":"jumeaux91","url":"https:\/\/jumeaux91.fr\/blog\/","logo":{"@type":"ImageObject","inLanguage":"fr-FR","@id":"https:\/\/jumeaux91.fr\/blog\/#\/schema\/logo\/image\/","url":"https:\/\/jumeaux91.fr\/blog\/wp-content\/uploads\/2023\/05\/cropped-cropped-logoJ_91.png","contentUrl":"https:\/\/jumeaux91.fr\/blog\/wp-content\/uploads\/2023\/05\/cropped-cropped-logoJ_91.png","width":512,"height":512,"caption":"jumeaux91"},"image":{"@id":"https:\/\/jumeaux91.fr\/blog\/#\/schema\/logo\/image\/"}},{"@type":"Person","@id":"https:\/\/jumeaux91.fr\/blog\/#\/schema\/person\/21da06e9f119b9f64e5d45dbbd32d3fb","name":"Claude DAYRES","image":{"@type":"ImageObject","inLanguage":"fr-FR","@id":"https:\/\/secure.gravatar.com\/avatar\/82eb951df6110a2c48d1bfa7a67d1ee6f0cd5df3cbf9c3586dd61e82db7172a5?s=96&d=mm&r=g","url":"https:\/\/secure.gravatar.com\/avatar\/82eb951df6110a2c48d1bfa7a67d1ee6f0cd5df3cbf9c3586dd61e82db7172a5?s=96&d=mm&r=g","contentUrl":"https:\/\/secure.gravatar.com\/avatar\/82eb951df6110a2c48d1bfa7a67d1ee6f0cd5df3cbf9c3586dd61e82db7172a5?s=96&d=mm&r=g","caption":"Claude DAYRES"},"url":"https:\/\/jumeaux91.fr\/blog\/author\/x91claude\/"}]}},"_links":{"self":[{"href":"https:\/\/jumeaux91.fr\/blog\/wp-json\/wp\/v2\/posts\/1430","targetHints":{"allow":["GET"]}}],"collection":[{"href":"https:\/\/jumeaux91.fr\/blog\/wp-json\/wp\/v2\/posts"}],"about":[{"href":"https:\/\/jumeaux91.fr\/blog\/wp-json\/wp\/v2\/types\/post"}],"author":[{"embeddable":true,"href":"https:\/\/jumeaux91.fr\/blog\/wp-json\/wp\/v2\/users\/2"}],"replies":[{"embeddable":true,"href":"https:\/\/jumeaux91.fr\/blog\/wp-json\/wp\/v2\/comments?post=1430"}],"version-history":[{"count":0,"href":"https:\/\/jumeaux91.fr\/blog\/wp-json\/wp\/v2\/posts\/1430\/revisions"}],"wp:featuredmedia":[{"embeddable":true,"href":"https:\/\/jumeaux91.fr\/blog\/wp-json\/wp\/v2\/media\/1431"}],"wp:attachment":[{"href":"https:\/\/jumeaux91.fr\/blog\/wp-json\/wp\/v2\/media?parent=1430"}],"wp:term":[{"taxonomy":"category","embeddable":true,"href":"https:\/\/jumeaux91.fr\/blog\/wp-json\/wp\/v2\/categories?post=1430"},{"taxonomy":"post_tag","embeddable":true,"href":"https:\/\/jumeaux91.fr\/blog\/wp-json\/wp\/v2\/tags?post=1430"}],"curies":[{"name":"wp","href":"https:\/\/api.w.org\/{rel}","templated":true}]}}