{"id":1432,"date":"2025-07-07T07:18:00","date_gmt":"2025-07-07T05:18:00","guid":{"rendered":"https:\/\/jumeaux91.fr\/blog\/fauches-par-une-voiture-deux-freres-jumeaux-meurent-a-trottinette-electrique\/"},"modified":"2025-07-07T07:18:00","modified_gmt":"2025-07-07T05:18:00","slug":"fauches-par-une-voiture-deux-freres-jumeaux-meurent-a-trottinette-electrique","status":"publish","type":"post","link":"https:\/\/jumeaux91.fr\/blog\/fauches-par-une-voiture-deux-freres-jumeaux-meurent-a-trottinette-electrique\/","title":{"rendered":"Fauch\u00e9s par une voiture, deux fr\u00e8res jumeaux meurent \u00e0 trottinette \u00e9lectrique"},"content":{"rendered":"<p class=\"typo-p1\">Tragique accident de la route&nbsp;dans l&rsquo;ouest de l&rsquo;Allemagne. Deux jumeaux de 23 ans sont d\u00e9c\u00e9d\u00e9s et un autre homme a \u00e9t\u00e9 gri\u00e8vement bless\u00e9 apr\u00e8s avoir \u00e9t\u00e9 fauch\u00e9s par une voiture \u00e0 Francfort-sur-le-Main, dans la nuit de samedi \u00e0 dimanche.<\/p>\n<p class=\"typo-p1\">Pour une raison encore ind\u00e9termin\u00e9e, un automobiliste de 23 ans a quitt\u00e9 la chauss\u00e9e, s&rsquo;est d\u00e9port\u00e9 sur la piste cyclable&nbsp;et a heurt\u00e9 une premi\u00e8re trottinette sur laquelle se trouvaient les deux jumeaux, selon la police allemande.&nbsp;L&rsquo;un est mort sur le coup tandis que son fr\u00e8re est d\u00e9c\u00e9d\u00e9 plus tard&nbsp;\u00e0 l&rsquo;h\u00f4pital.&nbsp;<\/p>\n<h3 class=\"typo-h3\">Il prend la fuite avant de se rendre<\/h3>\n<p class=\"typo-p1\">Le chauffard a \u00e9galement percut\u00e9 une deuxi\u00e8me trottinette qu&rsquo;il a train\u00e9e sur plusieurs m\u00e8tres, pr\u00e9cise l&rsquo;AFP. Son conducteur, \u00e2g\u00e9 de 27 ans, a \u00e9t\u00e9 hospitalis\u00e9 dans un \u00e9tat grave.&nbsp;<\/p>\n<p class=\"typo-p1\">L&rsquo;homme qui conduisait la voiture a d&rsquo;abord pris la fuite avant de se rendre de lui-m\u00eame \u00e0 la police peu de temps apr\u00e8s les faits.&nbsp;<\/p>\n<p class=\"typo-p1\">Selon les chiffres de l&rsquo;office statistique Destatis, 26 personnes ont \u00e9t\u00e9 tu\u00e9es en Allemagne dans un accident d&rsquo;engins de d\u00e9placement personnel motoris\u00e9s (trottinettes \u00e9lectrique, gyropodes&#8230;)<\/p>\n<p>La chronique se veut g\u00e9n\u00e9r\u00e9e de la fa\u00e7on la plus claire que possible. Dans le cas o\u00f9 vous souhaitez pr\u00e9senter des renseignements compl\u00e9mentaires \u00e0 cet article sur le sujet \u00ab\u00a0Fr\u00e8res jumeaux de l&rsquo;Essonnes\u00a0\u00bb il vous est possible d\u2019\u00e9crire aux contacts indiqu\u00e9s sur notre website. La raison d\u2019\u00eatre de jumeaux91.fr \u00e9tant de rassembler sur le web des posts sur le sujet de Fr\u00e8res jumeaux de l&rsquo;Essonnes puis les diffuser en r\u00e9pondant au mieux aux interrogations des gens. Vous pouvez tirer profit de cet article traitant le sujet \u00ab\u00a0Fr\u00e8res jumeaux de l&rsquo;Essonnes\u00a0\u00bb. Il est concoct\u00e9 par l\u2019\u00e9quipe jumeaux91.fr. Prochainement, nous rendrons accessibles au public d&rsquo;autres informations pertinentes sur le sujet \u00ab\u00a0Fr\u00e8res jumeaux de l&rsquo;Essonnes\u00a0\u00bb. Alors, consultez syst\u00e9matiquement notre blog.<\/p>\n","protected":false},"excerpt":{"rendered":"<p>Tragique accident de la route&nbsp;dans l&rsquo;ouest de l&rsquo;Allemagne. Deux jumeaux de 23 ans sont d\u00e9c\u00e9d\u00e9s et un autre homme a \u00e9t\u00e9 gri\u00e8vement bless\u00e9 apr\u00e8s avoir \u00e9t\u00e9 fauch\u00e9s par une voiture \u00e0 Francfort-sur-le-Main, dans la nuit de samedi \u00e0 dimanche. Pour une raison encore ind\u00e9termin\u00e9e, un automobiliste de 23 ans a quitt\u00e9 la chauss\u00e9e, s&rsquo;est d\u00e9port\u00e9&hellip; <a class=\"more-link\" href=\"https:\/\/jumeaux91.fr\/blog\/fauches-par-une-voiture-deux-freres-jumeaux-meurent-a-trottinette-electrique\/\">Poursuivre la lecture <span class=\"screen-reader-text\">Fauch\u00e9s par une voiture, deux fr\u00e8res jumeaux meurent \u00e0 trottinette \u00e9lectrique<\/span><\/a><\/p>\n","protected":false},"author":2,"featured_media":0,"comment_status":"closed","ping_status":"closed","sticky":false,"template":"","format":"standard","meta":{"footnotes":""},"categories":[4],"tags":[],"class_list":["post-1432","post","type-post","status-publish","format-standard","hentry","category-posts-freres-jumeaux-de-lessonnes","entry"],"yoast_head":"<!-- This site is optimized with the Yoast SEO plugin v27.5 - https:\/\/yoast.com\/product\/yoast-seo-wordpress\/ -->\n<title>Fauch\u00e9s par une voiture, deux fr\u00e8res jumeaux meurent \u00e0 trottinette \u00e9lectrique - JUMEAUX91<\/title>\n<meta name=\"robots\" content=\"index, follow, max-snippet:-1, max-image-preview:large, max-video-preview:-1\" \/>\n<link rel=\"canonical\" href=\"https:\/\/jumeaux91.fr\/blog\/fauches-par-une-voiture-deux-freres-jumeaux-meurent-a-trottinette-electrique\/\" \/>\n<meta property=\"og:locale\" content=\"fr_FR\" \/>\n<meta property=\"og:type\" content=\"article\" \/>\n<meta property=\"og:title\" content=\"Fauch\u00e9s par une voiture, deux fr\u00e8res jumeaux meurent \u00e0 trottinette \u00e9lectrique - JUMEAUX91\" \/>\n<meta property=\"og:description\" content=\"Tragique accident de la route&nbsp;dans l&rsquo;ouest de l&rsquo;Allemagne. Deux jumeaux de 23 ans sont d\u00e9c\u00e9d\u00e9s et un autre homme a \u00e9t\u00e9 gri\u00e8vement bless\u00e9 apr\u00e8s avoir \u00e9t\u00e9 fauch\u00e9s par une voiture \u00e0 Francfort-sur-le-Main, dans la nuit de samedi \u00e0 dimanche. Pour une raison encore ind\u00e9termin\u00e9e, un automobiliste de 23 ans a quitt\u00e9 la chauss\u00e9e, s&rsquo;est d\u00e9port\u00e9&hellip; Poursuivre la lecture Fauch\u00e9s par une voiture, deux fr\u00e8res jumeaux meurent \u00e0 trottinette \u00e9lectrique\" \/>\n<meta property=\"og:url\" content=\"https:\/\/jumeaux91.fr\/blog\/fauches-par-une-voiture-deux-freres-jumeaux-meurent-a-trottinette-electrique\/\" \/>\n<meta property=\"og:site_name\" content=\"JUMEAUX91\" \/>\n<meta property=\"article:published_time\" content=\"2025-07-07T05:18:00+00:00\" \/>\n<meta name=\"author\" content=\"Claude DAYRES\" \/>\n<meta name=\"twitter:card\" content=\"summary_large_image\" \/>\n<meta name=\"twitter:label1\" content=\"\u00c9crit par\" \/>\n\t<meta name=\"twitter:data1\" content=\"Claude DAYRES\" \/>\n\t<meta name=\"twitter:label2\" content=\"Dur\u00e9e de lecture estim\u00e9e\" \/>\n\t<meta name=\"twitter:data2\" content=\"2 minutes\" \/>\n<script type=\"application\/ld+json\" class=\"yoast-schema-graph\">{\"@context\":\"https:\\\/\\\/schema.org\",\"@graph\":[{\"@type\":\"Article\",\"@id\":\"https:\\\/\\\/jumeaux91.fr\\\/blog\\\/fauches-par-une-voiture-deux-freres-jumeaux-meurent-a-trottinette-electrique\\\/#article\",\"isPartOf\":{\"@id\":\"https:\\\/\\\/jumeaux91.fr\\\/blog\\\/fauches-par-une-voiture-deux-freres-jumeaux-meurent-a-trottinette-electrique\\\/\"},\"author\":{\"name\":\"Claude DAYRES\",\"@id\":\"https:\\\/\\\/jumeaux91.fr\\\/blog\\\/#\\\/schema\\\/person\\\/21da06e9f119b9f64e5d45dbbd32d3fb\"},\"headline\":\"Fauch\u00e9s par une voiture, deux fr\u00e8res jumeaux meurent \u00e0 trottinette \u00e9lectrique\",\"datePublished\":\"2025-07-07T05:18:00+00:00\",\"mainEntityOfPage\":{\"@id\":\"https:\\\/\\\/jumeaux91.fr\\\/blog\\\/fauches-par-une-voiture-deux-freres-jumeaux-meurent-a-trottinette-electrique\\\/\"},\"wordCount\":365,\"publisher\":{\"@id\":\"https:\\\/\\\/jumeaux91.fr\\\/blog\\\/#organization\"},\"articleSection\":[\"Posts Fr\u00e8res Jumeaux De L'Essonnes:\"],\"inLanguage\":\"fr-FR\"},{\"@type\":\"WebPage\",\"@id\":\"https:\\\/\\\/jumeaux91.fr\\\/blog\\\/fauches-par-une-voiture-deux-freres-jumeaux-meurent-a-trottinette-electrique\\\/\",\"url\":\"https:\\\/\\\/jumeaux91.fr\\\/blog\\\/fauches-par-une-voiture-deux-freres-jumeaux-meurent-a-trottinette-electrique\\\/\",\"name\":\"Fauch\u00e9s par une voiture, deux fr\u00e8res jumeaux meurent \u00e0 trottinette \u00e9lectrique - JUMEAUX91\",\"isPartOf\":{\"@id\":\"https:\\\/\\\/jumeaux91.fr\\\/blog\\\/#website\"},\"datePublished\":\"2025-07-07T05:18:00+00:00\",\"breadcrumb\":{\"@id\":\"https:\\\/\\\/jumeaux91.fr\\\/blog\\\/fauches-par-une-voiture-deux-freres-jumeaux-meurent-a-trottinette-electrique\\\/#breadcrumb\"},\"inLanguage\":\"fr-FR\",\"potentialAction\":[{\"@type\":\"ReadAction\",\"target\":[\"https:\\\/\\\/jumeaux91.fr\\\/blog\\\/fauches-par-une-voiture-deux-freres-jumeaux-meurent-a-trottinette-electrique\\\/\"]}]},{\"@type\":\"BreadcrumbList\",\"@id\":\"https:\\\/\\\/jumeaux91.fr\\\/blog\\\/fauches-par-une-voiture-deux-freres-jumeaux-meurent-a-trottinette-electrique\\\/#breadcrumb\",\"itemListElement\":[{\"@type\":\"ListItem\",\"position\":1,\"name\":\"Accueil\",\"item\":\"https:\\\/\\\/jumeaux91.fr\\\/blog\\\/\"},{\"@type\":\"ListItem\",\"position\":2,\"name\":\"Fauch\u00e9s par une voiture, deux fr\u00e8res jumeaux meurent \u00e0 trottinette \u00e9lectrique\"}]},{\"@type\":\"WebSite\",\"@id\":\"https:\\\/\\\/jumeaux91.fr\\\/blog\\\/#website\",\"url\":\"https:\\\/\\\/jumeaux91.fr\\\/blog\\\/\",\"name\":\"JUMEAUX91\",\"description\":\"Fr\u00e8res jumeaux de l&#039;Essonnes; informations et archives, \u00e0 savoir et retenir.\",\"publisher\":{\"@id\":\"https:\\\/\\\/jumeaux91.fr\\\/blog\\\/#organization\"},\"potentialAction\":[{\"@type\":\"SearchAction\",\"target\":{\"@type\":\"EntryPoint\",\"urlTemplate\":\"https:\\\/\\\/jumeaux91.fr\\\/blog\\\/?s={search_term_string}\"},\"query-input\":{\"@type\":\"PropertyValueSpecification\",\"valueRequired\":true,\"valueName\":\"search_term_string\"}}],\"inLanguage\":\"fr-FR\"},{\"@type\":\"Organization\",\"@id\":\"https:\\\/\\\/jumeaux91.fr\\\/blog\\\/#organization\",\"name\":\"jumeaux91\",\"url\":\"https:\\\/\\\/jumeaux91.fr\\\/blog\\\/\",\"logo\":{\"@type\":\"ImageObject\",\"inLanguage\":\"fr-FR\",\"@id\":\"https:\\\/\\\/jumeaux91.fr\\\/blog\\\/#\\\/schema\\\/logo\\\/image\\\/\",\"url\":\"https:\\\/\\\/jumeaux91.fr\\\/blog\\\/wp-content\\\/uploads\\\/2023\\\/05\\\/cropped-cropped-logoJ_91.png\",\"contentUrl\":\"https:\\\/\\\/jumeaux91.fr\\\/blog\\\/wp-content\\\/uploads\\\/2023\\\/05\\\/cropped-cropped-logoJ_91.png\",\"width\":512,\"height\":512,\"caption\":\"jumeaux91\"},\"image\":{\"@id\":\"https:\\\/\\\/jumeaux91.fr\\\/blog\\\/#\\\/schema\\\/logo\\\/image\\\/\"}},{\"@type\":\"Person\",\"@id\":\"https:\\\/\\\/jumeaux91.fr\\\/blog\\\/#\\\/schema\\\/person\\\/21da06e9f119b9f64e5d45dbbd32d3fb\",\"name\":\"Claude DAYRES\",\"image\":{\"@type\":\"ImageObject\",\"inLanguage\":\"fr-FR\",\"@id\":\"https:\\\/\\\/secure.gravatar.com\\\/avatar\\\/82eb951df6110a2c48d1bfa7a67d1ee6f0cd5df3cbf9c3586dd61e82db7172a5?s=96&d=mm&r=g\",\"url\":\"https:\\\/\\\/secure.gravatar.com\\\/avatar\\\/82eb951df6110a2c48d1bfa7a67d1ee6f0cd5df3cbf9c3586dd61e82db7172a5?s=96&d=mm&r=g\",\"contentUrl\":\"https:\\\/\\\/secure.gravatar.com\\\/avatar\\\/82eb951df6110a2c48d1bfa7a67d1ee6f0cd5df3cbf9c3586dd61e82db7172a5?s=96&d=mm&r=g\",\"caption\":\"Claude DAYRES\"},\"url\":\"https:\\\/\\\/jumeaux91.fr\\\/blog\\\/author\\\/x91claude\\\/\"}]}<\/script>\n<!-- \/ Yoast SEO plugin. -->","yoast_head_json":{"title":"Fauch\u00e9s par une voiture, deux fr\u00e8res jumeaux meurent \u00e0 trottinette \u00e9lectrique - JUMEAUX91","robots":{"index":"index","follow":"follow","max-snippet":"max-snippet:-1","max-image-preview":"max-image-preview:large","max-video-preview":"max-video-preview:-1"},"canonical":"https:\/\/jumeaux91.fr\/blog\/fauches-par-une-voiture-deux-freres-jumeaux-meurent-a-trottinette-electrique\/","og_locale":"fr_FR","og_type":"article","og_title":"Fauch\u00e9s par une voiture, deux fr\u00e8res jumeaux meurent \u00e0 trottinette \u00e9lectrique - JUMEAUX91","og_description":"Tragique accident de la route&nbsp;dans l&rsquo;ouest de l&rsquo;Allemagne. Deux jumeaux de 23 ans sont d\u00e9c\u00e9d\u00e9s et un autre homme a \u00e9t\u00e9 gri\u00e8vement bless\u00e9 apr\u00e8s avoir \u00e9t\u00e9 fauch\u00e9s par une voiture \u00e0 Francfort-sur-le-Main, dans la nuit de samedi \u00e0 dimanche. Pour une raison encore ind\u00e9termin\u00e9e, un automobiliste de 23 ans a quitt\u00e9 la chauss\u00e9e, s&rsquo;est d\u00e9port\u00e9&hellip; Poursuivre la lecture Fauch\u00e9s par une voiture, deux fr\u00e8res jumeaux meurent \u00e0 trottinette \u00e9lectrique","og_url":"https:\/\/jumeaux91.fr\/blog\/fauches-par-une-voiture-deux-freres-jumeaux-meurent-a-trottinette-electrique\/","og_site_name":"JUMEAUX91","article_published_time":"2025-07-07T05:18:00+00:00","author":"Claude DAYRES","twitter_card":"summary_large_image","twitter_misc":{"\u00c9crit par":"Claude DAYRES","Dur\u00e9e de lecture estim\u00e9e":"2 minutes"},"schema":{"@context":"https:\/\/schema.org","@graph":[{"@type":"Article","@id":"https:\/\/jumeaux91.fr\/blog\/fauches-par-une-voiture-deux-freres-jumeaux-meurent-a-trottinette-electrique\/#article","isPartOf":{"@id":"https:\/\/jumeaux91.fr\/blog\/fauches-par-une-voiture-deux-freres-jumeaux-meurent-a-trottinette-electrique\/"},"author":{"name":"Claude DAYRES","@id":"https:\/\/jumeaux91.fr\/blog\/#\/schema\/person\/21da06e9f119b9f64e5d45dbbd32d3fb"},"headline":"Fauch\u00e9s par une voiture, deux fr\u00e8res jumeaux meurent \u00e0 trottinette \u00e9lectrique","datePublished":"2025-07-07T05:18:00+00:00","mainEntityOfPage":{"@id":"https:\/\/jumeaux91.fr\/blog\/fauches-par-une-voiture-deux-freres-jumeaux-meurent-a-trottinette-electrique\/"},"wordCount":365,"publisher":{"@id":"https:\/\/jumeaux91.fr\/blog\/#organization"},"articleSection":["Posts Fr\u00e8res Jumeaux De L'Essonnes:"],"inLanguage":"fr-FR"},{"@type":"WebPage","@id":"https:\/\/jumeaux91.fr\/blog\/fauches-par-une-voiture-deux-freres-jumeaux-meurent-a-trottinette-electrique\/","url":"https:\/\/jumeaux91.fr\/blog\/fauches-par-une-voiture-deux-freres-jumeaux-meurent-a-trottinette-electrique\/","name":"Fauch\u00e9s par une voiture, deux fr\u00e8res jumeaux meurent \u00e0 trottinette \u00e9lectrique - JUMEAUX91","isPartOf":{"@id":"https:\/\/jumeaux91.fr\/blog\/#website"},"datePublished":"2025-07-07T05:18:00+00:00","breadcrumb":{"@id":"https:\/\/jumeaux91.fr\/blog\/fauches-par-une-voiture-deux-freres-jumeaux-meurent-a-trottinette-electrique\/#breadcrumb"},"inLanguage":"fr-FR","potentialAction":[{"@type":"ReadAction","target":["https:\/\/jumeaux91.fr\/blog\/fauches-par-une-voiture-deux-freres-jumeaux-meurent-a-trottinette-electrique\/"]}]},{"@type":"BreadcrumbList","@id":"https:\/\/jumeaux91.fr\/blog\/fauches-par-une-voiture-deux-freres-jumeaux-meurent-a-trottinette-electrique\/#breadcrumb","itemListElement":[{"@type":"ListItem","position":1,"name":"Accueil","item":"https:\/\/jumeaux91.fr\/blog\/"},{"@type":"ListItem","position":2,"name":"Fauch\u00e9s par une voiture, deux fr\u00e8res jumeaux meurent \u00e0 trottinette \u00e9lectrique"}]},{"@type":"WebSite","@id":"https:\/\/jumeaux91.fr\/blog\/#website","url":"https:\/\/jumeaux91.fr\/blog\/","name":"JUMEAUX91","description":"Fr\u00e8res jumeaux de l&#039;Essonnes; informations et archives, \u00e0 savoir et retenir.","publisher":{"@id":"https:\/\/jumeaux91.fr\/blog\/#organization"},"potentialAction":[{"@type":"SearchAction","target":{"@type":"EntryPoint","urlTemplate":"https:\/\/jumeaux91.fr\/blog\/?s={search_term_string}"},"query-input":{"@type":"PropertyValueSpecification","valueRequired":true,"valueName":"search_term_string"}}],"inLanguage":"fr-FR"},{"@type":"Organization","@id":"https:\/\/jumeaux91.fr\/blog\/#organization","name":"jumeaux91","url":"https:\/\/jumeaux91.fr\/blog\/","logo":{"@type":"ImageObject","inLanguage":"fr-FR","@id":"https:\/\/jumeaux91.fr\/blog\/#\/schema\/logo\/image\/","url":"https:\/\/jumeaux91.fr\/blog\/wp-content\/uploads\/2023\/05\/cropped-cropped-logoJ_91.png","contentUrl":"https:\/\/jumeaux91.fr\/blog\/wp-content\/uploads\/2023\/05\/cropped-cropped-logoJ_91.png","width":512,"height":512,"caption":"jumeaux91"},"image":{"@id":"https:\/\/jumeaux91.fr\/blog\/#\/schema\/logo\/image\/"}},{"@type":"Person","@id":"https:\/\/jumeaux91.fr\/blog\/#\/schema\/person\/21da06e9f119b9f64e5d45dbbd32d3fb","name":"Claude DAYRES","image":{"@type":"ImageObject","inLanguage":"fr-FR","@id":"https:\/\/secure.gravatar.com\/avatar\/82eb951df6110a2c48d1bfa7a67d1ee6f0cd5df3cbf9c3586dd61e82db7172a5?s=96&d=mm&r=g","url":"https:\/\/secure.gravatar.com\/avatar\/82eb951df6110a2c48d1bfa7a67d1ee6f0cd5df3cbf9c3586dd61e82db7172a5?s=96&d=mm&r=g","contentUrl":"https:\/\/secure.gravatar.com\/avatar\/82eb951df6110a2c48d1bfa7a67d1ee6f0cd5df3cbf9c3586dd61e82db7172a5?s=96&d=mm&r=g","caption":"Claude DAYRES"},"url":"https:\/\/jumeaux91.fr\/blog\/author\/x91claude\/"}]}},"_links":{"self":[{"href":"https:\/\/jumeaux91.fr\/blog\/wp-json\/wp\/v2\/posts\/1432","targetHints":{"allow":["GET"]}}],"collection":[{"href":"https:\/\/jumeaux91.fr\/blog\/wp-json\/wp\/v2\/posts"}],"about":[{"href":"https:\/\/jumeaux91.fr\/blog\/wp-json\/wp\/v2\/types\/post"}],"author":[{"embeddable":true,"href":"https:\/\/jumeaux91.fr\/blog\/wp-json\/wp\/v2\/users\/2"}],"replies":[{"embeddable":true,"href":"https:\/\/jumeaux91.fr\/blog\/wp-json\/wp\/v2\/comments?post=1432"}],"version-history":[{"count":0,"href":"https:\/\/jumeaux91.fr\/blog\/wp-json\/wp\/v2\/posts\/1432\/revisions"}],"wp:attachment":[{"href":"https:\/\/jumeaux91.fr\/blog\/wp-json\/wp\/v2\/media?parent=1432"}],"wp:term":[{"taxonomy":"category","embeddable":true,"href":"https:\/\/jumeaux91.fr\/blog\/wp-json\/wp\/v2\/categories?post=1432"},{"taxonomy":"post_tag","embeddable":true,"href":"https:\/\/jumeaux91.fr\/blog\/wp-json\/wp\/v2\/tags?post=1432"}],"curies":[{"name":"wp","href":"https:\/\/api.w.org\/{rel}","templated":true}]}}