{"id":1449,"date":"2025-07-10T09:00:00","date_gmt":"2025-07-10T07:00:00","guid":{"rendered":"https:\/\/jumeaux91.fr\/blog\/roman-pour-ados-francoeur-a-nous-la-vie-de-chateau-suite-dune-fresque-haletante-avec-un-deuxieme-tome-aussi-bon-que-le-premier\/"},"modified":"2025-07-10T09:00:00","modified_gmt":"2025-07-10T07:00:00","slug":"roman-pour-ados-francoeur-a-nous-la-vie-de-chateau-suite-dune-fresque-haletante-avec-un-deuxieme-tome-aussi-bon-que-le-premier","status":"publish","type":"post","link":"https:\/\/jumeaux91.fr\/blog\/roman-pour-ados-francoeur-a-nous-la-vie-de-chateau-suite-dune-fresque-haletante-avec-un-deuxieme-tome-aussi-bon-que-le-premier\/","title":{"rendered":"Roman pour ados : \u201cFranc\u0153ur. \u00c0 nous la vie de ch\u00e2teau\u201d, suite d\u2019une fresque haletante avec un deuxi\u00e8me tome aussi bon que le premier"},"content":{"rendered":"<div><img decoding=\"async\" src=\"https:\/\/jumeaux91.fr\/blog\/wp-content\/uploads\/2025\/07\/roman-pour-ados-francoeur-a-nous-la-vie-de-chateau-suite-dune-fresque-haletante-avec-un-deuxieme-tome-aussi-bon-que-le-premier.jpg\" class=\"ff-og-image-inserted\"><\/div>\n<p><span>Pour soutenir le travail de toute une r\u00e9daction, abonnez-vous<\/span> <\/p>\n<p>Pourquoi voyez-vous ce message ?<\/p>\n<p class=\"textDrop\"> Vous avez choisi de ne pas <a class=\"gdpr-cs-parameters-link cmp-refuse__link\" rel=\"noopener nofollow\" href=\"https:\/\/www.telerama.fr\/enfants\/roman-pour-ados-franc-ur-a-nous-la-vie-de-chateau-suite-d-une-fresque-haletante-avec-un-deuxieme-tome-aussi-bon-que-le-premier_cri-7039806.php#\" target=\"_blank\">accepter le d\u00e9p\u00f4t de \u00ab\u00a0cookies\u00a0\u00bb<\/a> sur votre navigateur, qui permettent notamment d&rsquo;afficher de la publicit\u00e9 personnalis\u00e9e. Nous respectons votre choix, et nous y veillerons.<\/p>\n<p>Chaque jour, la r\u00e9daction et l&rsquo;ensemble des m\u00e9tiers de T\u00e9l\u00e9rama se mobilisent pour vous proposer sur notre site une offre critique compl\u00e8te, un suivi de l&rsquo;actualit\u00e9 culturelle, des enqu\u00eates, des entretiens, des reportages, des vid\u00e9os, des services, des \u00e9v\u00e8nements&#8230; Qualit\u00e9, fiabilit\u00e9 et ind\u00e9pendance en sont les ma\u00eetres mots.<\/p>\n<p>Pour ce faire, le soutien et la fid\u00e9lit\u00e9 de nos abonn\u00e9s est essentiel. Nous vous invitons \u00e0 rejoindre \u00e0 votre tour cette communaut\u00e9 en vous abonnant \u00e0 T\u00e9l\u00e9rama.<\/p>\n<p>Merci, et \u00e0 bient\u00f4t.<\/p>\n<section class=\"cmp-refuse__custom-btn\"> <a href=\"https:\/\/abos.telerama.fr?xtor=AD-111\" class=\"cmp-refuse__custom-btn--abo\" data-gtm-event=\"abo bandeau cookies\" data-gtm-type=\"click\" target=\"_blank\" rel=\"nofollow\">S\u2019abonner<\/a> <\/section>\n<p> La chronique se veut g\u00e9n\u00e9r\u00e9e de la fa\u00e7on la plus claire que possible. Dans le cas o\u00f9 vous souhaitez pr\u00e9senter des renseignements compl\u00e9mentaires \u00e0 cet article sur le sujet \u00ab\u00a0Fr\u00e8res jumeaux de l&rsquo;Essonnes\u00a0\u00bb il vous est possible d\u2019\u00e9crire aux contacts indiqu\u00e9s sur notre website. La raison d\u2019\u00eatre de jumeaux91.fr \u00e9tant de rassembler sur le web des posts sur le sujet de Fr\u00e8res jumeaux de l&rsquo;Essonnes puis les diffuser en r\u00e9pondant au mieux aux interrogations des gens. Vous pouvez tirer profit de cet article traitant le sujet \u00ab\u00a0Fr\u00e8res jumeaux de l&rsquo;Essonnes\u00a0\u00bb. Il est concoct\u00e9 par l\u2019\u00e9quipe jumeaux91.fr. Prochainement, nous rendrons accessibles au public d&rsquo;autres informations pertinentes sur le sujet \u00ab\u00a0Fr\u00e8res jumeaux de l&rsquo;Essonnes\u00a0\u00bb. Alors, consultez syst\u00e9matiquement notre blog.<\/p>\n","protected":false},"excerpt":{"rendered":"<p>Pour soutenir le travail de toute une r\u00e9daction, abonnez-vous Pourquoi voyez-vous ce message ? Vous avez choisi de ne pas accepter le d\u00e9p\u00f4t de \u00ab\u00a0cookies\u00a0\u00bb sur votre navigateur, qui permettent notamment d&rsquo;afficher de la publicit\u00e9 personnalis\u00e9e. Nous respectons votre choix, et nous y veillerons. Chaque jour, la r\u00e9daction et l&rsquo;ensemble des m\u00e9tiers de T\u00e9l\u00e9rama se&hellip; <a class=\"more-link\" href=\"https:\/\/jumeaux91.fr\/blog\/roman-pour-ados-francoeur-a-nous-la-vie-de-chateau-suite-dune-fresque-haletante-avec-un-deuxieme-tome-aussi-bon-que-le-premier\/\">Poursuivre la lecture <span class=\"screen-reader-text\">Roman pour ados : \u201cFranc\u0153ur. \u00c0 nous la vie de ch\u00e2teau\u201d, suite d\u2019une fresque haletante avec un deuxi\u00e8me tome aussi bon que le premier<\/span><\/a><\/p>\n","protected":false},"author":2,"featured_media":1450,"comment_status":"closed","ping_status":"closed","sticky":false,"template":"","format":"standard","meta":{"footnotes":""},"categories":[4],"tags":[],"class_list":["post-1449","post","type-post","status-publish","format-standard","has-post-thumbnail","hentry","category-posts-freres-jumeaux-de-lessonnes","entry"],"yoast_head":"<!-- This site is optimized with the Yoast SEO plugin v27.5 - https:\/\/yoast.com\/product\/yoast-seo-wordpress\/ -->\n<title>Roman pour ados : \u201cFranc\u0153ur. \u00c0 nous la vie de ch\u00e2teau\u201d, suite d\u2019une fresque haletante avec un deuxi\u00e8me tome aussi bon que le premier - JUMEAUX91<\/title>\n<meta name=\"robots\" content=\"index, follow, max-snippet:-1, max-image-preview:large, max-video-preview:-1\" \/>\n<link rel=\"canonical\" href=\"https:\/\/jumeaux91.fr\/blog\/roman-pour-ados-francoeur-a-nous-la-vie-de-chateau-suite-dune-fresque-haletante-avec-un-deuxieme-tome-aussi-bon-que-le-premier\/\" \/>\n<meta property=\"og:locale\" content=\"fr_FR\" \/>\n<meta property=\"og:type\" content=\"article\" \/>\n<meta property=\"og:title\" content=\"Roman pour ados : \u201cFranc\u0153ur. \u00c0 nous la vie de ch\u00e2teau\u201d, suite d\u2019une fresque haletante avec un deuxi\u00e8me tome aussi bon que le premier - JUMEAUX91\" \/>\n<meta property=\"og:description\" content=\"Pour soutenir le travail de toute une r\u00e9daction, abonnez-vous Pourquoi voyez-vous ce message ? Vous avez choisi de ne pas accepter le d\u00e9p\u00f4t de \u00ab\u00a0cookies\u00a0\u00bb sur votre navigateur, qui permettent notamment d&rsquo;afficher de la publicit\u00e9 personnalis\u00e9e. Nous respectons votre choix, et nous y veillerons. Chaque jour, la r\u00e9daction et l&rsquo;ensemble des m\u00e9tiers de T\u00e9l\u00e9rama se&hellip; Poursuivre la lecture Roman pour ados : \u201cFranc\u0153ur. \u00c0 nous la vie de ch\u00e2teau\u201d, suite d\u2019une fresque haletante avec un deuxi\u00e8me tome aussi bon que le premier\" \/>\n<meta property=\"og:url\" content=\"https:\/\/jumeaux91.fr\/blog\/roman-pour-ados-francoeur-a-nous-la-vie-de-chateau-suite-dune-fresque-haletante-avec-un-deuxieme-tome-aussi-bon-que-le-premier\/\" \/>\n<meta property=\"og:site_name\" content=\"JUMEAUX91\" \/>\n<meta property=\"article:published_time\" content=\"2025-07-10T07:00:00+00:00\" \/>\n<meta property=\"og:image\" content=\"https:\/\/jumeaux91.fr\/blog\/wp-content\/uploads\/2025\/07\/roman-pour-ados-francoeur-a-nous-la-vie-de-chateau-suite-dune-fresque-haletante-avec-un-deuxieme-tome-aussi-bon-que-le-premier.jpg\" \/>\n<meta name=\"author\" content=\"Claude DAYRES\" \/>\n<meta name=\"twitter:card\" content=\"summary_large_image\" \/>\n<meta name=\"twitter:label1\" content=\"\u00c9crit par\" \/>\n\t<meta name=\"twitter:data1\" content=\"Claude DAYRES\" \/>\n\t<meta name=\"twitter:label2\" content=\"Dur\u00e9e de lecture estim\u00e9e\" \/>\n\t<meta name=\"twitter:data2\" content=\"1 minute\" \/>\n<script type=\"application\/ld+json\" class=\"yoast-schema-graph\">{\"@context\":\"https:\\\/\\\/schema.org\",\"@graph\":[{\"@type\":\"Article\",\"@id\":\"https:\\\/\\\/jumeaux91.fr\\\/blog\\\/roman-pour-ados-francoeur-a-nous-la-vie-de-chateau-suite-dune-fresque-haletante-avec-un-deuxieme-tome-aussi-bon-que-le-premier\\\/#article\",\"isPartOf\":{\"@id\":\"https:\\\/\\\/jumeaux91.fr\\\/blog\\\/roman-pour-ados-francoeur-a-nous-la-vie-de-chateau-suite-dune-fresque-haletante-avec-un-deuxieme-tome-aussi-bon-que-le-premier\\\/\"},\"author\":{\"name\":\"Claude DAYRES\",\"@id\":\"https:\\\/\\\/jumeaux91.fr\\\/blog\\\/#\\\/schema\\\/person\\\/21da06e9f119b9f64e5d45dbbd32d3fb\"},\"headline\":\"Roman pour ados : \u201cFranc\u0153ur. \u00c0 nous la vie de ch\u00e2teau\u201d, suite d\u2019une fresque haletante avec un deuxi\u00e8me tome aussi bon que le premier\",\"datePublished\":\"2025-07-10T07:00:00+00:00\",\"mainEntityOfPage\":{\"@id\":\"https:\\\/\\\/jumeaux91.fr\\\/blog\\\/roman-pour-ados-francoeur-a-nous-la-vie-de-chateau-suite-dune-fresque-haletante-avec-un-deuxieme-tome-aussi-bon-que-le-premier\\\/\"},\"wordCount\":308,\"publisher\":{\"@id\":\"https:\\\/\\\/jumeaux91.fr\\\/blog\\\/#organization\"},\"image\":{\"@id\":\"https:\\\/\\\/jumeaux91.fr\\\/blog\\\/roman-pour-ados-francoeur-a-nous-la-vie-de-chateau-suite-dune-fresque-haletante-avec-un-deuxieme-tome-aussi-bon-que-le-premier\\\/#primaryimage\"},\"thumbnailUrl\":\"https:\\\/\\\/jumeaux91.fr\\\/blog\\\/wp-content\\\/uploads\\\/2025\\\/07\\\/roman-pour-ados-francoeur-a-nous-la-vie-de-chateau-suite-dune-fresque-haletante-avec-un-deuxieme-tome-aussi-bon-que-le-premier.jpg\",\"articleSection\":[\"Posts Fr\u00e8res Jumeaux De L'Essonnes:\"],\"inLanguage\":\"fr-FR\"},{\"@type\":\"WebPage\",\"@id\":\"https:\\\/\\\/jumeaux91.fr\\\/blog\\\/roman-pour-ados-francoeur-a-nous-la-vie-de-chateau-suite-dune-fresque-haletante-avec-un-deuxieme-tome-aussi-bon-que-le-premier\\\/\",\"url\":\"https:\\\/\\\/jumeaux91.fr\\\/blog\\\/roman-pour-ados-francoeur-a-nous-la-vie-de-chateau-suite-dune-fresque-haletante-avec-un-deuxieme-tome-aussi-bon-que-le-premier\\\/\",\"name\":\"Roman pour ados : \u201cFranc\u0153ur. \u00c0 nous la vie de ch\u00e2teau\u201d, suite d\u2019une fresque haletante avec un deuxi\u00e8me tome aussi bon que le premier - JUMEAUX91\",\"isPartOf\":{\"@id\":\"https:\\\/\\\/jumeaux91.fr\\\/blog\\\/#website\"},\"primaryImageOfPage\":{\"@id\":\"https:\\\/\\\/jumeaux91.fr\\\/blog\\\/roman-pour-ados-francoeur-a-nous-la-vie-de-chateau-suite-dune-fresque-haletante-avec-un-deuxieme-tome-aussi-bon-que-le-premier\\\/#primaryimage\"},\"image\":{\"@id\":\"https:\\\/\\\/jumeaux91.fr\\\/blog\\\/roman-pour-ados-francoeur-a-nous-la-vie-de-chateau-suite-dune-fresque-haletante-avec-un-deuxieme-tome-aussi-bon-que-le-premier\\\/#primaryimage\"},\"thumbnailUrl\":\"https:\\\/\\\/jumeaux91.fr\\\/blog\\\/wp-content\\\/uploads\\\/2025\\\/07\\\/roman-pour-ados-francoeur-a-nous-la-vie-de-chateau-suite-dune-fresque-haletante-avec-un-deuxieme-tome-aussi-bon-que-le-premier.jpg\",\"datePublished\":\"2025-07-10T07:00:00+00:00\",\"breadcrumb\":{\"@id\":\"https:\\\/\\\/jumeaux91.fr\\\/blog\\\/roman-pour-ados-francoeur-a-nous-la-vie-de-chateau-suite-dune-fresque-haletante-avec-un-deuxieme-tome-aussi-bon-que-le-premier\\\/#breadcrumb\"},\"inLanguage\":\"fr-FR\",\"potentialAction\":[{\"@type\":\"ReadAction\",\"target\":[\"https:\\\/\\\/jumeaux91.fr\\\/blog\\\/roman-pour-ados-francoeur-a-nous-la-vie-de-chateau-suite-dune-fresque-haletante-avec-un-deuxieme-tome-aussi-bon-que-le-premier\\\/\"]}]},{\"@type\":\"ImageObject\",\"inLanguage\":\"fr-FR\",\"@id\":\"https:\\\/\\\/jumeaux91.fr\\\/blog\\\/roman-pour-ados-francoeur-a-nous-la-vie-de-chateau-suite-dune-fresque-haletante-avec-un-deuxieme-tome-aussi-bon-que-le-premier\\\/#primaryimage\",\"url\":\"https:\\\/\\\/jumeaux91.fr\\\/blog\\\/wp-content\\\/uploads\\\/2025\\\/07\\\/roman-pour-ados-francoeur-a-nous-la-vie-de-chateau-suite-dune-fresque-haletante-avec-un-deuxieme-tome-aussi-bon-que-le-premier.jpg\",\"contentUrl\":\"https:\\\/\\\/jumeaux91.fr\\\/blog\\\/wp-content\\\/uploads\\\/2025\\\/07\\\/roman-pour-ados-francoeur-a-nous-la-vie-de-chateau-suite-dune-fresque-haletante-avec-un-deuxieme-tome-aussi-bon-que-le-premier.jpg\",\"width\":1600,\"height\":1067,\"caption\":\"Roman pour ados : \u201cFranc\u0153ur\"},{\"@type\":\"BreadcrumbList\",\"@id\":\"https:\\\/\\\/jumeaux91.fr\\\/blog\\\/roman-pour-ados-francoeur-a-nous-la-vie-de-chateau-suite-dune-fresque-haletante-avec-un-deuxieme-tome-aussi-bon-que-le-premier\\\/#breadcrumb\",\"itemListElement\":[{\"@type\":\"ListItem\",\"position\":1,\"name\":\"Accueil\",\"item\":\"https:\\\/\\\/jumeaux91.fr\\\/blog\\\/\"},{\"@type\":\"ListItem\",\"position\":2,\"name\":\"Roman pour ados : \u201cFranc\u0153ur. \u00c0 nous la vie de ch\u00e2teau\u201d, suite d\u2019une fresque haletante avec un deuxi\u00e8me tome aussi bon que le premier\"}]},{\"@type\":\"WebSite\",\"@id\":\"https:\\\/\\\/jumeaux91.fr\\\/blog\\\/#website\",\"url\":\"https:\\\/\\\/jumeaux91.fr\\\/blog\\\/\",\"name\":\"JUMEAUX91\",\"description\":\"Fr\u00e8res jumeaux de l&#039;Essonnes; informations et archives, \u00e0 savoir et retenir.\",\"publisher\":{\"@id\":\"https:\\\/\\\/jumeaux91.fr\\\/blog\\\/#organization\"},\"potentialAction\":[{\"@type\":\"SearchAction\",\"target\":{\"@type\":\"EntryPoint\",\"urlTemplate\":\"https:\\\/\\\/jumeaux91.fr\\\/blog\\\/?s={search_term_string}\"},\"query-input\":{\"@type\":\"PropertyValueSpecification\",\"valueRequired\":true,\"valueName\":\"search_term_string\"}}],\"inLanguage\":\"fr-FR\"},{\"@type\":\"Organization\",\"@id\":\"https:\\\/\\\/jumeaux91.fr\\\/blog\\\/#organization\",\"name\":\"jumeaux91\",\"url\":\"https:\\\/\\\/jumeaux91.fr\\\/blog\\\/\",\"logo\":{\"@type\":\"ImageObject\",\"inLanguage\":\"fr-FR\",\"@id\":\"https:\\\/\\\/jumeaux91.fr\\\/blog\\\/#\\\/schema\\\/logo\\\/image\\\/\",\"url\":\"https:\\\/\\\/jumeaux91.fr\\\/blog\\\/wp-content\\\/uploads\\\/2023\\\/05\\\/cropped-cropped-logoJ_91.png\",\"contentUrl\":\"https:\\\/\\\/jumeaux91.fr\\\/blog\\\/wp-content\\\/uploads\\\/2023\\\/05\\\/cropped-cropped-logoJ_91.png\",\"width\":512,\"height\":512,\"caption\":\"jumeaux91\"},\"image\":{\"@id\":\"https:\\\/\\\/jumeaux91.fr\\\/blog\\\/#\\\/schema\\\/logo\\\/image\\\/\"}},{\"@type\":\"Person\",\"@id\":\"https:\\\/\\\/jumeaux91.fr\\\/blog\\\/#\\\/schema\\\/person\\\/21da06e9f119b9f64e5d45dbbd32d3fb\",\"name\":\"Claude DAYRES\",\"image\":{\"@type\":\"ImageObject\",\"inLanguage\":\"fr-FR\",\"@id\":\"https:\\\/\\\/secure.gravatar.com\\\/avatar\\\/82eb951df6110a2c48d1bfa7a67d1ee6f0cd5df3cbf9c3586dd61e82db7172a5?s=96&d=mm&r=g\",\"url\":\"https:\\\/\\\/secure.gravatar.com\\\/avatar\\\/82eb951df6110a2c48d1bfa7a67d1ee6f0cd5df3cbf9c3586dd61e82db7172a5?s=96&d=mm&r=g\",\"contentUrl\":\"https:\\\/\\\/secure.gravatar.com\\\/avatar\\\/82eb951df6110a2c48d1bfa7a67d1ee6f0cd5df3cbf9c3586dd61e82db7172a5?s=96&d=mm&r=g\",\"caption\":\"Claude DAYRES\"},\"url\":\"https:\\\/\\\/jumeaux91.fr\\\/blog\\\/author\\\/x91claude\\\/\"}]}<\/script>\n<!-- \/ Yoast SEO plugin. -->","yoast_head_json":{"title":"Roman pour ados : \u201cFranc\u0153ur. \u00c0 nous la vie de ch\u00e2teau\u201d, suite d\u2019une fresque haletante avec un deuxi\u00e8me tome aussi bon que le premier - JUMEAUX91","robots":{"index":"index","follow":"follow","max-snippet":"max-snippet:-1","max-image-preview":"max-image-preview:large","max-video-preview":"max-video-preview:-1"},"canonical":"https:\/\/jumeaux91.fr\/blog\/roman-pour-ados-francoeur-a-nous-la-vie-de-chateau-suite-dune-fresque-haletante-avec-un-deuxieme-tome-aussi-bon-que-le-premier\/","og_locale":"fr_FR","og_type":"article","og_title":"Roman pour ados : \u201cFranc\u0153ur. \u00c0 nous la vie de ch\u00e2teau\u201d, suite d\u2019une fresque haletante avec un deuxi\u00e8me tome aussi bon que le premier - JUMEAUX91","og_description":"Pour soutenir le travail de toute une r\u00e9daction, abonnez-vous Pourquoi voyez-vous ce message ? Vous avez choisi de ne pas accepter le d\u00e9p\u00f4t de \u00ab\u00a0cookies\u00a0\u00bb sur votre navigateur, qui permettent notamment d&rsquo;afficher de la publicit\u00e9 personnalis\u00e9e. Nous respectons votre choix, et nous y veillerons. Chaque jour, la r\u00e9daction et l&rsquo;ensemble des m\u00e9tiers de T\u00e9l\u00e9rama se&hellip; Poursuivre la lecture Roman pour ados : \u201cFranc\u0153ur. \u00c0 nous la vie de ch\u00e2teau\u201d, suite d\u2019une fresque haletante avec un deuxi\u00e8me tome aussi bon que le premier","og_url":"https:\/\/jumeaux91.fr\/blog\/roman-pour-ados-francoeur-a-nous-la-vie-de-chateau-suite-dune-fresque-haletante-avec-un-deuxieme-tome-aussi-bon-que-le-premier\/","og_site_name":"JUMEAUX91","article_published_time":"2025-07-10T07:00:00+00:00","og_image":[{"url":"https:\/\/jumeaux91.fr\/blog\/wp-content\/uploads\/2025\/07\/roman-pour-ados-francoeur-a-nous-la-vie-de-chateau-suite-dune-fresque-haletante-avec-un-deuxieme-tome-aussi-bon-que-le-premier.jpg","type":"","width":"","height":""}],"author":"Claude DAYRES","twitter_card":"summary_large_image","twitter_misc":{"\u00c9crit par":"Claude DAYRES","Dur\u00e9e de lecture estim\u00e9e":"1 minute"},"schema":{"@context":"https:\/\/schema.org","@graph":[{"@type":"Article","@id":"https:\/\/jumeaux91.fr\/blog\/roman-pour-ados-francoeur-a-nous-la-vie-de-chateau-suite-dune-fresque-haletante-avec-un-deuxieme-tome-aussi-bon-que-le-premier\/#article","isPartOf":{"@id":"https:\/\/jumeaux91.fr\/blog\/roman-pour-ados-francoeur-a-nous-la-vie-de-chateau-suite-dune-fresque-haletante-avec-un-deuxieme-tome-aussi-bon-que-le-premier\/"},"author":{"name":"Claude DAYRES","@id":"https:\/\/jumeaux91.fr\/blog\/#\/schema\/person\/21da06e9f119b9f64e5d45dbbd32d3fb"},"headline":"Roman pour ados : \u201cFranc\u0153ur. \u00c0 nous la vie de ch\u00e2teau\u201d, suite d\u2019une fresque haletante avec un deuxi\u00e8me tome aussi bon que le premier","datePublished":"2025-07-10T07:00:00+00:00","mainEntityOfPage":{"@id":"https:\/\/jumeaux91.fr\/blog\/roman-pour-ados-francoeur-a-nous-la-vie-de-chateau-suite-dune-fresque-haletante-avec-un-deuxieme-tome-aussi-bon-que-le-premier\/"},"wordCount":308,"publisher":{"@id":"https:\/\/jumeaux91.fr\/blog\/#organization"},"image":{"@id":"https:\/\/jumeaux91.fr\/blog\/roman-pour-ados-francoeur-a-nous-la-vie-de-chateau-suite-dune-fresque-haletante-avec-un-deuxieme-tome-aussi-bon-que-le-premier\/#primaryimage"},"thumbnailUrl":"https:\/\/jumeaux91.fr\/blog\/wp-content\/uploads\/2025\/07\/roman-pour-ados-francoeur-a-nous-la-vie-de-chateau-suite-dune-fresque-haletante-avec-un-deuxieme-tome-aussi-bon-que-le-premier.jpg","articleSection":["Posts Fr\u00e8res Jumeaux De L'Essonnes:"],"inLanguage":"fr-FR"},{"@type":"WebPage","@id":"https:\/\/jumeaux91.fr\/blog\/roman-pour-ados-francoeur-a-nous-la-vie-de-chateau-suite-dune-fresque-haletante-avec-un-deuxieme-tome-aussi-bon-que-le-premier\/","url":"https:\/\/jumeaux91.fr\/blog\/roman-pour-ados-francoeur-a-nous-la-vie-de-chateau-suite-dune-fresque-haletante-avec-un-deuxieme-tome-aussi-bon-que-le-premier\/","name":"Roman pour ados : \u201cFranc\u0153ur. \u00c0 nous la vie de ch\u00e2teau\u201d, suite d\u2019une fresque haletante avec un deuxi\u00e8me tome aussi bon que le premier - JUMEAUX91","isPartOf":{"@id":"https:\/\/jumeaux91.fr\/blog\/#website"},"primaryImageOfPage":{"@id":"https:\/\/jumeaux91.fr\/blog\/roman-pour-ados-francoeur-a-nous-la-vie-de-chateau-suite-dune-fresque-haletante-avec-un-deuxieme-tome-aussi-bon-que-le-premier\/#primaryimage"},"image":{"@id":"https:\/\/jumeaux91.fr\/blog\/roman-pour-ados-francoeur-a-nous-la-vie-de-chateau-suite-dune-fresque-haletante-avec-un-deuxieme-tome-aussi-bon-que-le-premier\/#primaryimage"},"thumbnailUrl":"https:\/\/jumeaux91.fr\/blog\/wp-content\/uploads\/2025\/07\/roman-pour-ados-francoeur-a-nous-la-vie-de-chateau-suite-dune-fresque-haletante-avec-un-deuxieme-tome-aussi-bon-que-le-premier.jpg","datePublished":"2025-07-10T07:00:00+00:00","breadcrumb":{"@id":"https:\/\/jumeaux91.fr\/blog\/roman-pour-ados-francoeur-a-nous-la-vie-de-chateau-suite-dune-fresque-haletante-avec-un-deuxieme-tome-aussi-bon-que-le-premier\/#breadcrumb"},"inLanguage":"fr-FR","potentialAction":[{"@type":"ReadAction","target":["https:\/\/jumeaux91.fr\/blog\/roman-pour-ados-francoeur-a-nous-la-vie-de-chateau-suite-dune-fresque-haletante-avec-un-deuxieme-tome-aussi-bon-que-le-premier\/"]}]},{"@type":"ImageObject","inLanguage":"fr-FR","@id":"https:\/\/jumeaux91.fr\/blog\/roman-pour-ados-francoeur-a-nous-la-vie-de-chateau-suite-dune-fresque-haletante-avec-un-deuxieme-tome-aussi-bon-que-le-premier\/#primaryimage","url":"https:\/\/jumeaux91.fr\/blog\/wp-content\/uploads\/2025\/07\/roman-pour-ados-francoeur-a-nous-la-vie-de-chateau-suite-dune-fresque-haletante-avec-un-deuxieme-tome-aussi-bon-que-le-premier.jpg","contentUrl":"https:\/\/jumeaux91.fr\/blog\/wp-content\/uploads\/2025\/07\/roman-pour-ados-francoeur-a-nous-la-vie-de-chateau-suite-dune-fresque-haletante-avec-un-deuxieme-tome-aussi-bon-que-le-premier.jpg","width":1600,"height":1067,"caption":"Roman pour ados : \u201cFranc\u0153ur"},{"@type":"BreadcrumbList","@id":"https:\/\/jumeaux91.fr\/blog\/roman-pour-ados-francoeur-a-nous-la-vie-de-chateau-suite-dune-fresque-haletante-avec-un-deuxieme-tome-aussi-bon-que-le-premier\/#breadcrumb","itemListElement":[{"@type":"ListItem","position":1,"name":"Accueil","item":"https:\/\/jumeaux91.fr\/blog\/"},{"@type":"ListItem","position":2,"name":"Roman pour ados : \u201cFranc\u0153ur. \u00c0 nous la vie de ch\u00e2teau\u201d, suite d\u2019une fresque haletante avec un deuxi\u00e8me tome aussi bon que le premier"}]},{"@type":"WebSite","@id":"https:\/\/jumeaux91.fr\/blog\/#website","url":"https:\/\/jumeaux91.fr\/blog\/","name":"JUMEAUX91","description":"Fr\u00e8res jumeaux de l&#039;Essonnes; informations et archives, \u00e0 savoir et retenir.","publisher":{"@id":"https:\/\/jumeaux91.fr\/blog\/#organization"},"potentialAction":[{"@type":"SearchAction","target":{"@type":"EntryPoint","urlTemplate":"https:\/\/jumeaux91.fr\/blog\/?s={search_term_string}"},"query-input":{"@type":"PropertyValueSpecification","valueRequired":true,"valueName":"search_term_string"}}],"inLanguage":"fr-FR"},{"@type":"Organization","@id":"https:\/\/jumeaux91.fr\/blog\/#organization","name":"jumeaux91","url":"https:\/\/jumeaux91.fr\/blog\/","logo":{"@type":"ImageObject","inLanguage":"fr-FR","@id":"https:\/\/jumeaux91.fr\/blog\/#\/schema\/logo\/image\/","url":"https:\/\/jumeaux91.fr\/blog\/wp-content\/uploads\/2023\/05\/cropped-cropped-logoJ_91.png","contentUrl":"https:\/\/jumeaux91.fr\/blog\/wp-content\/uploads\/2023\/05\/cropped-cropped-logoJ_91.png","width":512,"height":512,"caption":"jumeaux91"},"image":{"@id":"https:\/\/jumeaux91.fr\/blog\/#\/schema\/logo\/image\/"}},{"@type":"Person","@id":"https:\/\/jumeaux91.fr\/blog\/#\/schema\/person\/21da06e9f119b9f64e5d45dbbd32d3fb","name":"Claude DAYRES","image":{"@type":"ImageObject","inLanguage":"fr-FR","@id":"https:\/\/secure.gravatar.com\/avatar\/82eb951df6110a2c48d1bfa7a67d1ee6f0cd5df3cbf9c3586dd61e82db7172a5?s=96&d=mm&r=g","url":"https:\/\/secure.gravatar.com\/avatar\/82eb951df6110a2c48d1bfa7a67d1ee6f0cd5df3cbf9c3586dd61e82db7172a5?s=96&d=mm&r=g","contentUrl":"https:\/\/secure.gravatar.com\/avatar\/82eb951df6110a2c48d1bfa7a67d1ee6f0cd5df3cbf9c3586dd61e82db7172a5?s=96&d=mm&r=g","caption":"Claude DAYRES"},"url":"https:\/\/jumeaux91.fr\/blog\/author\/x91claude\/"}]}},"_links":{"self":[{"href":"https:\/\/jumeaux91.fr\/blog\/wp-json\/wp\/v2\/posts\/1449","targetHints":{"allow":["GET"]}}],"collection":[{"href":"https:\/\/jumeaux91.fr\/blog\/wp-json\/wp\/v2\/posts"}],"about":[{"href":"https:\/\/jumeaux91.fr\/blog\/wp-json\/wp\/v2\/types\/post"}],"author":[{"embeddable":true,"href":"https:\/\/jumeaux91.fr\/blog\/wp-json\/wp\/v2\/users\/2"}],"replies":[{"embeddable":true,"href":"https:\/\/jumeaux91.fr\/blog\/wp-json\/wp\/v2\/comments?post=1449"}],"version-history":[{"count":0,"href":"https:\/\/jumeaux91.fr\/blog\/wp-json\/wp\/v2\/posts\/1449\/revisions"}],"wp:featuredmedia":[{"embeddable":true,"href":"https:\/\/jumeaux91.fr\/blog\/wp-json\/wp\/v2\/media\/1450"}],"wp:attachment":[{"href":"https:\/\/jumeaux91.fr\/blog\/wp-json\/wp\/v2\/media?parent=1449"}],"wp:term":[{"taxonomy":"category","embeddable":true,"href":"https:\/\/jumeaux91.fr\/blog\/wp-json\/wp\/v2\/categories?post=1449"},{"taxonomy":"post_tag","embeddable":true,"href":"https:\/\/jumeaux91.fr\/blog\/wp-json\/wp\/v2\/tags?post=1449"}],"curies":[{"name":"wp","href":"https:\/\/api.w.org\/{rel}","templated":true}]}}