{"id":1461,"date":"2025-07-13T05:26:00","date_gmt":"2025-07-13T03:26:00","guid":{"rendered":"https:\/\/jumeaux91.fr\/blog\/cinema-festival-de-karlovy-vary-le-globe-de-cristal-decerne-a-un-documentaire-tcheque\/"},"modified":"2025-07-13T05:26:00","modified_gmt":"2025-07-13T03:26:00","slug":"cinema-festival-de-karlovy-vary-le-globe-de-cristal-decerne-a-un-documentaire-tcheque","status":"publish","type":"post","link":"https:\/\/jumeaux91.fr\/blog\/cinema-festival-de-karlovy-vary-le-globe-de-cristal-decerne-a-un-documentaire-tcheque\/","title":{"rendered":"Cin\u00e9ma &#8211; Festival de Karlovy Vary : le Globe de cristal d\u00e9cern\u00e9 \u00e0 un documentaire tch\u00e8que"},"content":{"rendered":"<div><img decoding=\"async\" src=\"https:\/\/jumeaux91.fr\/blog\/wp-content\/uploads\/2025\/07\/cinema-festival-de-karlovy-vary-le-globe-de-cristal-decerne-a-un-documentaire-tcheque.png\" class=\"ff-og-image-inserted\"><\/div>\n<p><!-- label is hidden --> <!-- Multi-value field --> <!-- Single-value field --> <\/p>\n<p>Inspir\u00e9 du <a href=\"https:\/\/francais.radio.cz\/face-a-face-avec-des-ermites-modernes-8112637\" target=\"_blank\" rel=\"nofollow\">livre \u00e9ponyme d\u2019Ale\u0161 Pal\u00e1n<\/a> qui avait connu un immense succ\u00e8s dans les librairies il y a quelques ann\u00e9es, le documentaire tch\u00e8que intitul\u00e9 \u00ab&nbsp;Rad\u011bji ze\u0161\u00edlet v divo\u010din\u011b&nbsp;\u00bb (\u00ab&nbsp;Better Go Mad in the Wild&nbsp;\u00bb &#8211; \u00ab&nbsp;Mieux vaut devenir fou dans la nature sauvage&nbsp;\u00bb), du r\u00e9alisateur Miro Remo, a remport\u00e9 le Globe de cristal du meilleur film en comp\u00e9tition de la 59e \u00e9dition du prestigieux Festival international du film de Karlovy Vary. La c\u00e9r\u00e9monie de cl\u00f4ture s\u2019est tenue, samedi soir, dans la ville thermale de Boh\u00eame de l\u2019Ouest.<\/p>\n<p>Le film traite de deux fr\u00e8res jumeaux qui se chamaillent constamment et vivent de mani\u00e8re \u00e9trange dans une ferme d\u00e9labr\u00e9e \u00e0 l\u2019\u00e9cart de la civilisation dans le sud de la Boh\u00eame. Douze films \u00e9taient en comp\u00e9tition.<\/p>\n<p><a href=\"https:\/\/francais.radio.cz\/entretien-croise-exclusif-avec-camille-cottin-et-nathan-ambrosioni-pour-les-8856137\" target=\"_blank\" rel=\"nofollow\">Le jeune cin\u00e9aste fran\u00e7ais Nathan Ambrosioni<\/a> a re\u00e7u deux prix pour \u00ab&nbsp;Les enfants vont bien&nbsp;\u00bb : le prix de la meilleure r\u00e9alisation &#8211; ex-aequo avec le r\u00e9alisateur lituanien Vytautas Katkus pour \u00ab&nbsp;The Visitor&nbsp;\u00bb &#8211; et \u00e9galement le prix de la F\u00e9d\u00e9ration Internationale de la Critique de Cin\u00e9ma, FIPRESCI.<\/p>\n<p>Le prix sp\u00e9cial du jury a, quant \u00e0 lui, \u00e9t\u00e9 remis au drame \u00ab&nbsp;Bidad&nbsp;\u00bb du r\u00e9alisateur et sc\u00e9nariste iranien Soheil Beiraghi.<\/p>\n<p>L\u2019ann\u00e9e prochaine, la 60e \u00e9dition du festival se tiendra du 3 au 11 juillet.<\/p>\n<p> La chronique se veut g\u00e9n\u00e9r\u00e9e de la fa\u00e7on la plus claire que possible. Dans le cas o\u00f9 vous souhaitez pr\u00e9senter des renseignements compl\u00e9mentaires \u00e0 cet article sur le sujet \u00ab\u00a0Fr\u00e8res jumeaux de l&rsquo;Essonnes\u00a0\u00bb il vous est possible d\u2019\u00e9crire aux contacts indiqu\u00e9s sur notre website. La raison d\u2019\u00eatre de jumeaux91.fr \u00e9tant de rassembler sur le web des posts sur le sujet de Fr\u00e8res jumeaux de l&rsquo;Essonnes puis les diffuser en r\u00e9pondant au mieux aux interrogations des gens. Vous pouvez tirer profit de cet article traitant le sujet \u00ab\u00a0Fr\u00e8res jumeaux de l&rsquo;Essonnes\u00a0\u00bb. Il est concoct\u00e9 par l\u2019\u00e9quipe jumeaux91.fr. Prochainement, nous rendrons accessibles au public d&rsquo;autres informations pertinentes sur le sujet \u00ab\u00a0Fr\u00e8res jumeaux de l&rsquo;Essonnes\u00a0\u00bb. Alors, consultez syst\u00e9matiquement notre blog.<\/p>\n","protected":false},"excerpt":{"rendered":"<p>Inspir\u00e9 du livre \u00e9ponyme d\u2019Ale\u0161 Pal\u00e1n qui avait connu un immense succ\u00e8s dans les librairies il y a quelques ann\u00e9es, le documentaire tch\u00e8que intitul\u00e9 \u00ab&nbsp;Rad\u011bji ze\u0161\u00edlet v divo\u010din\u011b&nbsp;\u00bb (\u00ab&nbsp;Better Go Mad in the Wild&nbsp;\u00bb &#8211; \u00ab&nbsp;Mieux vaut devenir fou dans la nature sauvage&nbsp;\u00bb), du r\u00e9alisateur Miro Remo, a remport\u00e9 le Globe de cristal du meilleur&hellip; <a class=\"more-link\" href=\"https:\/\/jumeaux91.fr\/blog\/cinema-festival-de-karlovy-vary-le-globe-de-cristal-decerne-a-un-documentaire-tcheque\/\">Poursuivre la lecture <span class=\"screen-reader-text\">Cin\u00e9ma &#8211; Festival de Karlovy Vary : le Globe de cristal d\u00e9cern\u00e9 \u00e0 un documentaire tch\u00e8que<\/span><\/a><\/p>\n","protected":false},"author":2,"featured_media":1462,"comment_status":"closed","ping_status":"closed","sticky":false,"template":"","format":"standard","meta":{"footnotes":""},"categories":[4],"tags":[],"class_list":["post-1461","post","type-post","status-publish","format-standard","has-post-thumbnail","hentry","category-posts-freres-jumeaux-de-lessonnes","entry"],"yoast_head":"<!-- This site is optimized with the Yoast SEO plugin v27.5 - https:\/\/yoast.com\/product\/yoast-seo-wordpress\/ -->\n<title>Cin\u00e9ma - Festival de Karlovy Vary : le Globe de cristal d\u00e9cern\u00e9 \u00e0 un documentaire tch\u00e8que - JUMEAUX91<\/title>\n<meta name=\"robots\" content=\"index, follow, max-snippet:-1, max-image-preview:large, max-video-preview:-1\" \/>\n<link rel=\"canonical\" href=\"https:\/\/jumeaux91.fr\/blog\/cinema-festival-de-karlovy-vary-le-globe-de-cristal-decerne-a-un-documentaire-tcheque\/\" \/>\n<meta property=\"og:locale\" content=\"fr_FR\" \/>\n<meta property=\"og:type\" content=\"article\" \/>\n<meta property=\"og:title\" content=\"Cin\u00e9ma - Festival de Karlovy Vary : le Globe de cristal d\u00e9cern\u00e9 \u00e0 un documentaire tch\u00e8que - JUMEAUX91\" \/>\n<meta property=\"og:description\" content=\"Inspir\u00e9 du livre \u00e9ponyme d\u2019Ale\u0161 Pal\u00e1n qui avait connu un immense succ\u00e8s dans les librairies il y a quelques ann\u00e9es, le documentaire tch\u00e8que intitul\u00e9 \u00ab&nbsp;Rad\u011bji ze\u0161\u00edlet v divo\u010din\u011b&nbsp;\u00bb (\u00ab&nbsp;Better Go Mad in the Wild&nbsp;\u00bb &#8211; \u00ab&nbsp;Mieux vaut devenir fou dans la nature sauvage&nbsp;\u00bb), du r\u00e9alisateur Miro Remo, a remport\u00e9 le Globe de cristal du meilleur&hellip; Poursuivre la lecture Cin\u00e9ma &#8211; Festival de Karlovy Vary : le Globe de cristal d\u00e9cern\u00e9 \u00e0 un documentaire tch\u00e8que\" \/>\n<meta property=\"og:url\" content=\"https:\/\/jumeaux91.fr\/blog\/cinema-festival-de-karlovy-vary-le-globe-de-cristal-decerne-a-un-documentaire-tcheque\/\" \/>\n<meta property=\"og:site_name\" content=\"JUMEAUX91\" \/>\n<meta property=\"article:published_time\" content=\"2025-07-13T03:26:00+00:00\" \/>\n<meta property=\"og:image\" content=\"https:\/\/jumeaux91.fr\/blog\/wp-content\/uploads\/2025\/07\/cinema-festival-de-karlovy-vary-le-globe-de-cristal-decerne-a-un-documentaire-tcheque.png\" \/>\n<meta name=\"author\" content=\"Claude DAYRES\" \/>\n<meta name=\"twitter:card\" content=\"summary_large_image\" \/>\n<meta name=\"twitter:label1\" content=\"\u00c9crit par\" \/>\n\t<meta name=\"twitter:data1\" content=\"Claude DAYRES\" \/>\n\t<meta name=\"twitter:label2\" content=\"Dur\u00e9e de lecture estim\u00e9e\" \/>\n\t<meta name=\"twitter:data2\" content=\"2 minutes\" \/>\n<script type=\"application\/ld+json\" class=\"yoast-schema-graph\">{\"@context\":\"https:\\\/\\\/schema.org\",\"@graph\":[{\"@type\":\"Article\",\"@id\":\"https:\\\/\\\/jumeaux91.fr\\\/blog\\\/cinema-festival-de-karlovy-vary-le-globe-de-cristal-decerne-a-un-documentaire-tcheque\\\/#article\",\"isPartOf\":{\"@id\":\"https:\\\/\\\/jumeaux91.fr\\\/blog\\\/cinema-festival-de-karlovy-vary-le-globe-de-cristal-decerne-a-un-documentaire-tcheque\\\/\"},\"author\":{\"name\":\"Claude DAYRES\",\"@id\":\"https:\\\/\\\/jumeaux91.fr\\\/blog\\\/#\\\/schema\\\/person\\\/21da06e9f119b9f64e5d45dbbd32d3fb\"},\"headline\":\"Cin\u00e9ma &#8211; Festival de Karlovy Vary : le Globe de cristal d\u00e9cern\u00e9 \u00e0 un documentaire tch\u00e8que\",\"datePublished\":\"2025-07-13T03:26:00+00:00\",\"mainEntityOfPage\":{\"@id\":\"https:\\\/\\\/jumeaux91.fr\\\/blog\\\/cinema-festival-de-karlovy-vary-le-globe-de-cristal-decerne-a-un-documentaire-tcheque\\\/\"},\"wordCount\":405,\"publisher\":{\"@id\":\"https:\\\/\\\/jumeaux91.fr\\\/blog\\\/#organization\"},\"image\":{\"@id\":\"https:\\\/\\\/jumeaux91.fr\\\/blog\\\/cinema-festival-de-karlovy-vary-le-globe-de-cristal-decerne-a-un-documentaire-tcheque\\\/#primaryimage\"},\"thumbnailUrl\":\"https:\\\/\\\/jumeaux91.fr\\\/blog\\\/wp-content\\\/uploads\\\/2025\\\/07\\\/cinema-festival-de-karlovy-vary-le-globe-de-cristal-decerne-a-un-documentaire-tcheque.png\",\"articleSection\":[\"Posts Fr\u00e8res Jumeaux De L'Essonnes:\"],\"inLanguage\":\"fr-FR\"},{\"@type\":\"WebPage\",\"@id\":\"https:\\\/\\\/jumeaux91.fr\\\/blog\\\/cinema-festival-de-karlovy-vary-le-globe-de-cristal-decerne-a-un-documentaire-tcheque\\\/\",\"url\":\"https:\\\/\\\/jumeaux91.fr\\\/blog\\\/cinema-festival-de-karlovy-vary-le-globe-de-cristal-decerne-a-un-documentaire-tcheque\\\/\",\"name\":\"Cin\u00e9ma - Festival de Karlovy Vary : le Globe de cristal d\u00e9cern\u00e9 \u00e0 un documentaire tch\u00e8que - JUMEAUX91\",\"isPartOf\":{\"@id\":\"https:\\\/\\\/jumeaux91.fr\\\/blog\\\/#website\"},\"primaryImageOfPage\":{\"@id\":\"https:\\\/\\\/jumeaux91.fr\\\/blog\\\/cinema-festival-de-karlovy-vary-le-globe-de-cristal-decerne-a-un-documentaire-tcheque\\\/#primaryimage\"},\"image\":{\"@id\":\"https:\\\/\\\/jumeaux91.fr\\\/blog\\\/cinema-festival-de-karlovy-vary-le-globe-de-cristal-decerne-a-un-documentaire-tcheque\\\/#primaryimage\"},\"thumbnailUrl\":\"https:\\\/\\\/jumeaux91.fr\\\/blog\\\/wp-content\\\/uploads\\\/2025\\\/07\\\/cinema-festival-de-karlovy-vary-le-globe-de-cristal-decerne-a-un-documentaire-tcheque.png\",\"datePublished\":\"2025-07-13T03:26:00+00:00\",\"breadcrumb\":{\"@id\":\"https:\\\/\\\/jumeaux91.fr\\\/blog\\\/cinema-festival-de-karlovy-vary-le-globe-de-cristal-decerne-a-un-documentaire-tcheque\\\/#breadcrumb\"},\"inLanguage\":\"fr-FR\",\"potentialAction\":[{\"@type\":\"ReadAction\",\"target\":[\"https:\\\/\\\/jumeaux91.fr\\\/blog\\\/cinema-festival-de-karlovy-vary-le-globe-de-cristal-decerne-a-un-documentaire-tcheque\\\/\"]}]},{\"@type\":\"ImageObject\",\"inLanguage\":\"fr-FR\",\"@id\":\"https:\\\/\\\/jumeaux91.fr\\\/blog\\\/cinema-festival-de-karlovy-vary-le-globe-de-cristal-decerne-a-un-documentaire-tcheque\\\/#primaryimage\",\"url\":\"https:\\\/\\\/jumeaux91.fr\\\/blog\\\/wp-content\\\/uploads\\\/2025\\\/07\\\/cinema-festival-de-karlovy-vary-le-globe-de-cristal-decerne-a-un-documentaire-tcheque.png\",\"contentUrl\":\"https:\\\/\\\/jumeaux91.fr\\\/blog\\\/wp-content\\\/uploads\\\/2025\\\/07\\\/cinema-festival-de-karlovy-vary-le-globe-de-cristal-decerne-a-un-documentaire-tcheque.png\",\"width\":2100,\"height\":1400,\"caption\":\"Cin\u00e9ma Festival de Karlovy Vary : le Globe de cristal d\u00e9cern\u00e9 \u00e0 un documentaire tch\u00e8que\"},{\"@type\":\"BreadcrumbList\",\"@id\":\"https:\\\/\\\/jumeaux91.fr\\\/blog\\\/cinema-festival-de-karlovy-vary-le-globe-de-cristal-decerne-a-un-documentaire-tcheque\\\/#breadcrumb\",\"itemListElement\":[{\"@type\":\"ListItem\",\"position\":1,\"name\":\"Accueil\",\"item\":\"https:\\\/\\\/jumeaux91.fr\\\/blog\\\/\"},{\"@type\":\"ListItem\",\"position\":2,\"name\":\"Cin\u00e9ma &#8211; Festival de Karlovy Vary : le Globe de cristal d\u00e9cern\u00e9 \u00e0 un documentaire tch\u00e8que\"}]},{\"@type\":\"WebSite\",\"@id\":\"https:\\\/\\\/jumeaux91.fr\\\/blog\\\/#website\",\"url\":\"https:\\\/\\\/jumeaux91.fr\\\/blog\\\/\",\"name\":\"JUMEAUX91\",\"description\":\"Fr\u00e8res jumeaux de l&#039;Essonnes; informations et archives, \u00e0 savoir et retenir.\",\"publisher\":{\"@id\":\"https:\\\/\\\/jumeaux91.fr\\\/blog\\\/#organization\"},\"potentialAction\":[{\"@type\":\"SearchAction\",\"target\":{\"@type\":\"EntryPoint\",\"urlTemplate\":\"https:\\\/\\\/jumeaux91.fr\\\/blog\\\/?s={search_term_string}\"},\"query-input\":{\"@type\":\"PropertyValueSpecification\",\"valueRequired\":true,\"valueName\":\"search_term_string\"}}],\"inLanguage\":\"fr-FR\"},{\"@type\":\"Organization\",\"@id\":\"https:\\\/\\\/jumeaux91.fr\\\/blog\\\/#organization\",\"name\":\"jumeaux91\",\"url\":\"https:\\\/\\\/jumeaux91.fr\\\/blog\\\/\",\"logo\":{\"@type\":\"ImageObject\",\"inLanguage\":\"fr-FR\",\"@id\":\"https:\\\/\\\/jumeaux91.fr\\\/blog\\\/#\\\/schema\\\/logo\\\/image\\\/\",\"url\":\"https:\\\/\\\/jumeaux91.fr\\\/blog\\\/wp-content\\\/uploads\\\/2023\\\/05\\\/cropped-cropped-logoJ_91.png\",\"contentUrl\":\"https:\\\/\\\/jumeaux91.fr\\\/blog\\\/wp-content\\\/uploads\\\/2023\\\/05\\\/cropped-cropped-logoJ_91.png\",\"width\":512,\"height\":512,\"caption\":\"jumeaux91\"},\"image\":{\"@id\":\"https:\\\/\\\/jumeaux91.fr\\\/blog\\\/#\\\/schema\\\/logo\\\/image\\\/\"}},{\"@type\":\"Person\",\"@id\":\"https:\\\/\\\/jumeaux91.fr\\\/blog\\\/#\\\/schema\\\/person\\\/21da06e9f119b9f64e5d45dbbd32d3fb\",\"name\":\"Claude DAYRES\",\"image\":{\"@type\":\"ImageObject\",\"inLanguage\":\"fr-FR\",\"@id\":\"https:\\\/\\\/secure.gravatar.com\\\/avatar\\\/82eb951df6110a2c48d1bfa7a67d1ee6f0cd5df3cbf9c3586dd61e82db7172a5?s=96&d=mm&r=g\",\"url\":\"https:\\\/\\\/secure.gravatar.com\\\/avatar\\\/82eb951df6110a2c48d1bfa7a67d1ee6f0cd5df3cbf9c3586dd61e82db7172a5?s=96&d=mm&r=g\",\"contentUrl\":\"https:\\\/\\\/secure.gravatar.com\\\/avatar\\\/82eb951df6110a2c48d1bfa7a67d1ee6f0cd5df3cbf9c3586dd61e82db7172a5?s=96&d=mm&r=g\",\"caption\":\"Claude DAYRES\"},\"url\":\"https:\\\/\\\/jumeaux91.fr\\\/blog\\\/author\\\/x91claude\\\/\"}]}<\/script>\n<!-- \/ Yoast SEO plugin. -->","yoast_head_json":{"title":"Cin\u00e9ma - Festival de Karlovy Vary : le Globe de cristal d\u00e9cern\u00e9 \u00e0 un documentaire tch\u00e8que - JUMEAUX91","robots":{"index":"index","follow":"follow","max-snippet":"max-snippet:-1","max-image-preview":"max-image-preview:large","max-video-preview":"max-video-preview:-1"},"canonical":"https:\/\/jumeaux91.fr\/blog\/cinema-festival-de-karlovy-vary-le-globe-de-cristal-decerne-a-un-documentaire-tcheque\/","og_locale":"fr_FR","og_type":"article","og_title":"Cin\u00e9ma - Festival de Karlovy Vary : le Globe de cristal d\u00e9cern\u00e9 \u00e0 un documentaire tch\u00e8que - JUMEAUX91","og_description":"Inspir\u00e9 du livre \u00e9ponyme d\u2019Ale\u0161 Pal\u00e1n qui avait connu un immense succ\u00e8s dans les librairies il y a quelques ann\u00e9es, le documentaire tch\u00e8que intitul\u00e9 \u00ab&nbsp;Rad\u011bji ze\u0161\u00edlet v divo\u010din\u011b&nbsp;\u00bb (\u00ab&nbsp;Better Go Mad in the Wild&nbsp;\u00bb &#8211; \u00ab&nbsp;Mieux vaut devenir fou dans la nature sauvage&nbsp;\u00bb), du r\u00e9alisateur Miro Remo, a remport\u00e9 le Globe de cristal du meilleur&hellip; Poursuivre la lecture Cin\u00e9ma &#8211; Festival de Karlovy Vary : le Globe de cristal d\u00e9cern\u00e9 \u00e0 un documentaire tch\u00e8que","og_url":"https:\/\/jumeaux91.fr\/blog\/cinema-festival-de-karlovy-vary-le-globe-de-cristal-decerne-a-un-documentaire-tcheque\/","og_site_name":"JUMEAUX91","article_published_time":"2025-07-13T03:26:00+00:00","og_image":[{"url":"https:\/\/jumeaux91.fr\/blog\/wp-content\/uploads\/2025\/07\/cinema-festival-de-karlovy-vary-le-globe-de-cristal-decerne-a-un-documentaire-tcheque.png","type":"","width":"","height":""}],"author":"Claude DAYRES","twitter_card":"summary_large_image","twitter_misc":{"\u00c9crit par":"Claude DAYRES","Dur\u00e9e de lecture estim\u00e9e":"2 minutes"},"schema":{"@context":"https:\/\/schema.org","@graph":[{"@type":"Article","@id":"https:\/\/jumeaux91.fr\/blog\/cinema-festival-de-karlovy-vary-le-globe-de-cristal-decerne-a-un-documentaire-tcheque\/#article","isPartOf":{"@id":"https:\/\/jumeaux91.fr\/blog\/cinema-festival-de-karlovy-vary-le-globe-de-cristal-decerne-a-un-documentaire-tcheque\/"},"author":{"name":"Claude DAYRES","@id":"https:\/\/jumeaux91.fr\/blog\/#\/schema\/person\/21da06e9f119b9f64e5d45dbbd32d3fb"},"headline":"Cin\u00e9ma &#8211; Festival de Karlovy Vary : le Globe de cristal d\u00e9cern\u00e9 \u00e0 un documentaire tch\u00e8que","datePublished":"2025-07-13T03:26:00+00:00","mainEntityOfPage":{"@id":"https:\/\/jumeaux91.fr\/blog\/cinema-festival-de-karlovy-vary-le-globe-de-cristal-decerne-a-un-documentaire-tcheque\/"},"wordCount":405,"publisher":{"@id":"https:\/\/jumeaux91.fr\/blog\/#organization"},"image":{"@id":"https:\/\/jumeaux91.fr\/blog\/cinema-festival-de-karlovy-vary-le-globe-de-cristal-decerne-a-un-documentaire-tcheque\/#primaryimage"},"thumbnailUrl":"https:\/\/jumeaux91.fr\/blog\/wp-content\/uploads\/2025\/07\/cinema-festival-de-karlovy-vary-le-globe-de-cristal-decerne-a-un-documentaire-tcheque.png","articleSection":["Posts Fr\u00e8res Jumeaux De L'Essonnes:"],"inLanguage":"fr-FR"},{"@type":"WebPage","@id":"https:\/\/jumeaux91.fr\/blog\/cinema-festival-de-karlovy-vary-le-globe-de-cristal-decerne-a-un-documentaire-tcheque\/","url":"https:\/\/jumeaux91.fr\/blog\/cinema-festival-de-karlovy-vary-le-globe-de-cristal-decerne-a-un-documentaire-tcheque\/","name":"Cin\u00e9ma - Festival de Karlovy Vary : le Globe de cristal d\u00e9cern\u00e9 \u00e0 un documentaire tch\u00e8que - JUMEAUX91","isPartOf":{"@id":"https:\/\/jumeaux91.fr\/blog\/#website"},"primaryImageOfPage":{"@id":"https:\/\/jumeaux91.fr\/blog\/cinema-festival-de-karlovy-vary-le-globe-de-cristal-decerne-a-un-documentaire-tcheque\/#primaryimage"},"image":{"@id":"https:\/\/jumeaux91.fr\/blog\/cinema-festival-de-karlovy-vary-le-globe-de-cristal-decerne-a-un-documentaire-tcheque\/#primaryimage"},"thumbnailUrl":"https:\/\/jumeaux91.fr\/blog\/wp-content\/uploads\/2025\/07\/cinema-festival-de-karlovy-vary-le-globe-de-cristal-decerne-a-un-documentaire-tcheque.png","datePublished":"2025-07-13T03:26:00+00:00","breadcrumb":{"@id":"https:\/\/jumeaux91.fr\/blog\/cinema-festival-de-karlovy-vary-le-globe-de-cristal-decerne-a-un-documentaire-tcheque\/#breadcrumb"},"inLanguage":"fr-FR","potentialAction":[{"@type":"ReadAction","target":["https:\/\/jumeaux91.fr\/blog\/cinema-festival-de-karlovy-vary-le-globe-de-cristal-decerne-a-un-documentaire-tcheque\/"]}]},{"@type":"ImageObject","inLanguage":"fr-FR","@id":"https:\/\/jumeaux91.fr\/blog\/cinema-festival-de-karlovy-vary-le-globe-de-cristal-decerne-a-un-documentaire-tcheque\/#primaryimage","url":"https:\/\/jumeaux91.fr\/blog\/wp-content\/uploads\/2025\/07\/cinema-festival-de-karlovy-vary-le-globe-de-cristal-decerne-a-un-documentaire-tcheque.png","contentUrl":"https:\/\/jumeaux91.fr\/blog\/wp-content\/uploads\/2025\/07\/cinema-festival-de-karlovy-vary-le-globe-de-cristal-decerne-a-un-documentaire-tcheque.png","width":2100,"height":1400,"caption":"Cin\u00e9ma Festival de Karlovy Vary : le Globe de cristal d\u00e9cern\u00e9 \u00e0 un documentaire tch\u00e8que"},{"@type":"BreadcrumbList","@id":"https:\/\/jumeaux91.fr\/blog\/cinema-festival-de-karlovy-vary-le-globe-de-cristal-decerne-a-un-documentaire-tcheque\/#breadcrumb","itemListElement":[{"@type":"ListItem","position":1,"name":"Accueil","item":"https:\/\/jumeaux91.fr\/blog\/"},{"@type":"ListItem","position":2,"name":"Cin\u00e9ma &#8211; Festival de Karlovy Vary : le Globe de cristal d\u00e9cern\u00e9 \u00e0 un documentaire tch\u00e8que"}]},{"@type":"WebSite","@id":"https:\/\/jumeaux91.fr\/blog\/#website","url":"https:\/\/jumeaux91.fr\/blog\/","name":"JUMEAUX91","description":"Fr\u00e8res jumeaux de l&#039;Essonnes; informations et archives, \u00e0 savoir et retenir.","publisher":{"@id":"https:\/\/jumeaux91.fr\/blog\/#organization"},"potentialAction":[{"@type":"SearchAction","target":{"@type":"EntryPoint","urlTemplate":"https:\/\/jumeaux91.fr\/blog\/?s={search_term_string}"},"query-input":{"@type":"PropertyValueSpecification","valueRequired":true,"valueName":"search_term_string"}}],"inLanguage":"fr-FR"},{"@type":"Organization","@id":"https:\/\/jumeaux91.fr\/blog\/#organization","name":"jumeaux91","url":"https:\/\/jumeaux91.fr\/blog\/","logo":{"@type":"ImageObject","inLanguage":"fr-FR","@id":"https:\/\/jumeaux91.fr\/blog\/#\/schema\/logo\/image\/","url":"https:\/\/jumeaux91.fr\/blog\/wp-content\/uploads\/2023\/05\/cropped-cropped-logoJ_91.png","contentUrl":"https:\/\/jumeaux91.fr\/blog\/wp-content\/uploads\/2023\/05\/cropped-cropped-logoJ_91.png","width":512,"height":512,"caption":"jumeaux91"},"image":{"@id":"https:\/\/jumeaux91.fr\/blog\/#\/schema\/logo\/image\/"}},{"@type":"Person","@id":"https:\/\/jumeaux91.fr\/blog\/#\/schema\/person\/21da06e9f119b9f64e5d45dbbd32d3fb","name":"Claude DAYRES","image":{"@type":"ImageObject","inLanguage":"fr-FR","@id":"https:\/\/secure.gravatar.com\/avatar\/82eb951df6110a2c48d1bfa7a67d1ee6f0cd5df3cbf9c3586dd61e82db7172a5?s=96&d=mm&r=g","url":"https:\/\/secure.gravatar.com\/avatar\/82eb951df6110a2c48d1bfa7a67d1ee6f0cd5df3cbf9c3586dd61e82db7172a5?s=96&d=mm&r=g","contentUrl":"https:\/\/secure.gravatar.com\/avatar\/82eb951df6110a2c48d1bfa7a67d1ee6f0cd5df3cbf9c3586dd61e82db7172a5?s=96&d=mm&r=g","caption":"Claude DAYRES"},"url":"https:\/\/jumeaux91.fr\/blog\/author\/x91claude\/"}]}},"_links":{"self":[{"href":"https:\/\/jumeaux91.fr\/blog\/wp-json\/wp\/v2\/posts\/1461","targetHints":{"allow":["GET"]}}],"collection":[{"href":"https:\/\/jumeaux91.fr\/blog\/wp-json\/wp\/v2\/posts"}],"about":[{"href":"https:\/\/jumeaux91.fr\/blog\/wp-json\/wp\/v2\/types\/post"}],"author":[{"embeddable":true,"href":"https:\/\/jumeaux91.fr\/blog\/wp-json\/wp\/v2\/users\/2"}],"replies":[{"embeddable":true,"href":"https:\/\/jumeaux91.fr\/blog\/wp-json\/wp\/v2\/comments?post=1461"}],"version-history":[{"count":0,"href":"https:\/\/jumeaux91.fr\/blog\/wp-json\/wp\/v2\/posts\/1461\/revisions"}],"wp:featuredmedia":[{"embeddable":true,"href":"https:\/\/jumeaux91.fr\/blog\/wp-json\/wp\/v2\/media\/1462"}],"wp:attachment":[{"href":"https:\/\/jumeaux91.fr\/blog\/wp-json\/wp\/v2\/media?parent=1461"}],"wp:term":[{"taxonomy":"category","embeddable":true,"href":"https:\/\/jumeaux91.fr\/blog\/wp-json\/wp\/v2\/categories?post=1461"},{"taxonomy":"post_tag","embeddable":true,"href":"https:\/\/jumeaux91.fr\/blog\/wp-json\/wp\/v2\/tags?post=1461"}],"curies":[{"name":"wp","href":"https:\/\/api.w.org\/{rel}","templated":true}]}}