{"id":1464,"date":"2025-07-06T19:01:00","date_gmt":"2025-07-06T17:01:00","guid":{"rendered":"https:\/\/jumeaux91.fr\/blog\/percutes-par-une-voiture-des-freres-jumeaux-de-23-ans-tues-a\/"},"modified":"2025-07-06T19:01:00","modified_gmt":"2025-07-06T17:01:00","slug":"percutes-par-une-voiture-des-freres-jumeaux-de-23-ans-tues-a","status":"publish","type":"post","link":"https:\/\/jumeaux91.fr\/blog\/percutes-par-une-voiture-des-freres-jumeaux-de-23-ans-tues-a\/","title":{"rendered":"Percut\u00e9s par une voiture, des fr\u00e8res jumeaux de 23 ans tu\u00e9s \u00e0 &#8230;"},"content":{"rendered":"<div><img decoding=\"async\" src=\"https:\/\/jumeaux91.fr\/blog\/wp-content\/uploads\/2025\/07\/percutes-par-une-voiture-des-freres-jumeaux-de-23-ans-tues-a.jpg\" class=\"ff-og-image-inserted\"><\/div>\n<p>Un drame s\u2019est produit dans la nuit de samedi \u00e0 dimanche \u00e0 Francfort-sur-le-Main. Deux jeunes hommes de 23 ans sont morts et un autre a \u00e9t\u00e9 gri\u00e8vement bless\u00e9 apr\u00e8s qu\u2019une voiture a <a href=\"https:\/\/www.20minutes.fr\/dossier\/accident_de_la_route\" target=\"_blank\" class=\"color-ultramarine c-link\" rel=\"nofollow\">percut\u00e9 deux trottinettes<\/a> \u00e9lectriques dans cette ville de l\u2019ouest de l\u2019<a href=\"https:\/\/www.20minutes.fr\/dossier\/allemagne\" target=\"_blank\" class=\"color-ultramarine c-link\" rel=\"nofollow\">Allemagne<\/a>.<\/p>\n<p>Selon les autorit\u00e9s, le conducteur, \u00e2g\u00e9 de 23 ans, a quitt\u00e9 pour une raison encore inconnue la chauss\u00e9e pour monter sur une piste cyclable, o\u00f9 il a d\u2019abord heurt\u00e9 une premi\u00e8re trottinette \u00e9lectrique transportant deux hommes du m\u00eame \u00e2ge.<\/p>\n<h2>Le conducteur en fuite avant de se rendre<\/h2>\n<p>L\u2019un est d\u00e9c\u00e9d\u00e9 sur place, son fr\u00e8re jumeau est mort plus tard \u00e0 l\u2019h\u00f4pital. Une deuxi\u00e8me trottinette \u00e9lectrique, conduite par un homme de 27 ans, a \u00e9galement \u00e9t\u00e9 percut\u00e9e et tra\u00een\u00e9e sur plusieurs m\u00e8tres. Le jeune homme a \u00e9t\u00e9 hospitalis\u00e9 dans un \u00e9tat grave.<\/p>\n<figure class=\"c-media\" role=\"group\"><\/figure>\n<p>Le conducteur de la voiture avait pris la fuite avant de se rendre \u00e0 la police peu apr\u00e8s les faits.<\/p>\n<p>La chronique se veut g\u00e9n\u00e9r\u00e9e de la fa\u00e7on la plus claire que possible. Dans le cas o\u00f9 vous souhaitez pr\u00e9senter des renseignements compl\u00e9mentaires \u00e0 cet article sur le sujet \u00ab\u00a0Fr\u00e8res jumeaux de l&rsquo;Essonnes\u00a0\u00bb il vous est possible d\u2019\u00e9crire aux contacts indiqu\u00e9s sur notre website. La raison d\u2019\u00eatre de jumeaux91.fr \u00e9tant de rassembler sur le web des posts sur le sujet de Fr\u00e8res jumeaux de l&rsquo;Essonnes puis les diffuser en r\u00e9pondant au mieux aux interrogations des gens. Vous pouvez tirer profit de cet article traitant le sujet \u00ab\u00a0Fr\u00e8res jumeaux de l&rsquo;Essonnes\u00a0\u00bb. Il est concoct\u00e9 par l\u2019\u00e9quipe jumeaux91.fr. Prochainement, nous rendrons accessibles au public d&rsquo;autres informations pertinentes sur le sujet \u00ab\u00a0Fr\u00e8res jumeaux de l&rsquo;Essonnes\u00a0\u00bb. Alors, consultez syst\u00e9matiquement notre blog.<\/p>\n","protected":false},"excerpt":{"rendered":"<p>Un drame s\u2019est produit dans la nuit de samedi \u00e0 dimanche \u00e0 Francfort-sur-le-Main. Deux jeunes hommes de 23 ans sont morts et un autre a \u00e9t\u00e9 gri\u00e8vement bless\u00e9 apr\u00e8s qu\u2019une voiture a percut\u00e9 deux trottinettes \u00e9lectriques dans cette ville de l\u2019ouest de l\u2019Allemagne. Selon les autorit\u00e9s, le conducteur, \u00e2g\u00e9 de 23 ans, a quitt\u00e9 pour&hellip; <a class=\"more-link\" href=\"https:\/\/jumeaux91.fr\/blog\/percutes-par-une-voiture-des-freres-jumeaux-de-23-ans-tues-a\/\">Poursuivre la lecture <span class=\"screen-reader-text\">Percut\u00e9s par une voiture, des fr\u00e8res jumeaux de 23 ans tu\u00e9s \u00e0 &#8230;<\/span><\/a><\/p>\n","protected":false},"author":2,"featured_media":1465,"comment_status":"closed","ping_status":"closed","sticky":false,"template":"","format":"standard","meta":{"footnotes":""},"categories":[4],"tags":[],"class_list":["post-1464","post","type-post","status-publish","format-standard","has-post-thumbnail","hentry","category-posts-freres-jumeaux-de-lessonnes","entry"],"yoast_head":"<!-- This site is optimized with the Yoast SEO plugin v27.5 - https:\/\/yoast.com\/product\/yoast-seo-wordpress\/ -->\n<title>Percut\u00e9s par une voiture, des fr\u00e8res jumeaux de 23 ans tu\u00e9s \u00e0 ... - JUMEAUX91<\/title>\n<meta name=\"robots\" content=\"index, follow, max-snippet:-1, max-image-preview:large, max-video-preview:-1\" \/>\n<link rel=\"canonical\" href=\"https:\/\/jumeaux91.fr\/blog\/percutes-par-une-voiture-des-freres-jumeaux-de-23-ans-tues-a\/\" \/>\n<meta property=\"og:locale\" content=\"fr_FR\" \/>\n<meta property=\"og:type\" content=\"article\" \/>\n<meta property=\"og:title\" content=\"Percut\u00e9s par une voiture, des fr\u00e8res jumeaux de 23 ans tu\u00e9s \u00e0 ... - JUMEAUX91\" \/>\n<meta property=\"og:description\" content=\"Un drame s\u2019est produit dans la nuit de samedi \u00e0 dimanche \u00e0 Francfort-sur-le-Main. Deux jeunes hommes de 23 ans sont morts et un autre a \u00e9t\u00e9 gri\u00e8vement bless\u00e9 apr\u00e8s qu\u2019une voiture a percut\u00e9 deux trottinettes \u00e9lectriques dans cette ville de l\u2019ouest de l\u2019Allemagne. Selon les autorit\u00e9s, le conducteur, \u00e2g\u00e9 de 23 ans, a quitt\u00e9 pour&hellip; Poursuivre la lecture Percut\u00e9s par une voiture, des fr\u00e8res jumeaux de 23 ans tu\u00e9s \u00e0 &#8230;\" \/>\n<meta property=\"og:url\" content=\"https:\/\/jumeaux91.fr\/blog\/percutes-par-une-voiture-des-freres-jumeaux-de-23-ans-tues-a\/\" \/>\n<meta property=\"og:site_name\" content=\"JUMEAUX91\" \/>\n<meta property=\"article:published_time\" content=\"2025-07-06T17:01:00+00:00\" \/>\n<meta property=\"og:image\" content=\"https:\/\/jumeaux91.fr\/blog\/wp-content\/uploads\/2025\/07\/percutes-par-une-voiture-des-freres-jumeaux-de-23-ans-tues-a.jpg\" \/>\n<meta name=\"author\" content=\"Claude DAYRES\" \/>\n<meta name=\"twitter:card\" content=\"summary_large_image\" \/>\n<meta name=\"twitter:label1\" content=\"\u00c9crit par\" \/>\n\t<meta name=\"twitter:data1\" content=\"Claude DAYRES\" \/>\n\t<meta name=\"twitter:label2\" content=\"Dur\u00e9e de lecture estim\u00e9e\" \/>\n\t<meta name=\"twitter:data2\" content=\"2 minutes\" \/>\n<script type=\"application\/ld+json\" class=\"yoast-schema-graph\">{\"@context\":\"https:\\\/\\\/schema.org\",\"@graph\":[{\"@type\":\"Article\",\"@id\":\"https:\\\/\\\/jumeaux91.fr\\\/blog\\\/percutes-par-une-voiture-des-freres-jumeaux-de-23-ans-tues-a\\\/#article\",\"isPartOf\":{\"@id\":\"https:\\\/\\\/jumeaux91.fr\\\/blog\\\/percutes-par-une-voiture-des-freres-jumeaux-de-23-ans-tues-a\\\/\"},\"author\":{\"name\":\"Claude DAYRES\",\"@id\":\"https:\\\/\\\/jumeaux91.fr\\\/blog\\\/#\\\/schema\\\/person\\\/21da06e9f119b9f64e5d45dbbd32d3fb\"},\"headline\":\"Percut\u00e9s par une voiture, des fr\u00e8res jumeaux de 23 ans tu\u00e9s \u00e0 &#8230;\",\"datePublished\":\"2025-07-06T17:01:00+00:00\",\"mainEntityOfPage\":{\"@id\":\"https:\\\/\\\/jumeaux91.fr\\\/blog\\\/percutes-par-une-voiture-des-freres-jumeaux-de-23-ans-tues-a\\\/\"},\"wordCount\":322,\"publisher\":{\"@id\":\"https:\\\/\\\/jumeaux91.fr\\\/blog\\\/#organization\"},\"image\":{\"@id\":\"https:\\\/\\\/jumeaux91.fr\\\/blog\\\/percutes-par-une-voiture-des-freres-jumeaux-de-23-ans-tues-a\\\/#primaryimage\"},\"thumbnailUrl\":\"https:\\\/\\\/jumeaux91.fr\\\/blog\\\/wp-content\\\/uploads\\\/2025\\\/07\\\/percutes-par-une-voiture-des-freres-jumeaux-de-23-ans-tues-a.jpg\",\"articleSection\":[\"Posts Fr\u00e8res Jumeaux De L'Essonnes:\"],\"inLanguage\":\"fr-FR\"},{\"@type\":\"WebPage\",\"@id\":\"https:\\\/\\\/jumeaux91.fr\\\/blog\\\/percutes-par-une-voiture-des-freres-jumeaux-de-23-ans-tues-a\\\/\",\"url\":\"https:\\\/\\\/jumeaux91.fr\\\/blog\\\/percutes-par-une-voiture-des-freres-jumeaux-de-23-ans-tues-a\\\/\",\"name\":\"Percut\u00e9s par une voiture, des fr\u00e8res jumeaux de 23 ans tu\u00e9s \u00e0 ... - JUMEAUX91\",\"isPartOf\":{\"@id\":\"https:\\\/\\\/jumeaux91.fr\\\/blog\\\/#website\"},\"primaryImageOfPage\":{\"@id\":\"https:\\\/\\\/jumeaux91.fr\\\/blog\\\/percutes-par-une-voiture-des-freres-jumeaux-de-23-ans-tues-a\\\/#primaryimage\"},\"image\":{\"@id\":\"https:\\\/\\\/jumeaux91.fr\\\/blog\\\/percutes-par-une-voiture-des-freres-jumeaux-de-23-ans-tues-a\\\/#primaryimage\"},\"thumbnailUrl\":\"https:\\\/\\\/jumeaux91.fr\\\/blog\\\/wp-content\\\/uploads\\\/2025\\\/07\\\/percutes-par-une-voiture-des-freres-jumeaux-de-23-ans-tues-a.jpg\",\"datePublished\":\"2025-07-06T17:01:00+00:00\",\"breadcrumb\":{\"@id\":\"https:\\\/\\\/jumeaux91.fr\\\/blog\\\/percutes-par-une-voiture-des-freres-jumeaux-de-23-ans-tues-a\\\/#breadcrumb\"},\"inLanguage\":\"fr-FR\",\"potentialAction\":[{\"@type\":\"ReadAction\",\"target\":[\"https:\\\/\\\/jumeaux91.fr\\\/blog\\\/percutes-par-une-voiture-des-freres-jumeaux-de-23-ans-tues-a\\\/\"]}]},{\"@type\":\"ImageObject\",\"inLanguage\":\"fr-FR\",\"@id\":\"https:\\\/\\\/jumeaux91.fr\\\/blog\\\/percutes-par-une-voiture-des-freres-jumeaux-de-23-ans-tues-a\\\/#primaryimage\",\"url\":\"https:\\\/\\\/jumeaux91.fr\\\/blog\\\/wp-content\\\/uploads\\\/2025\\\/07\\\/percutes-par-une-voiture-des-freres-jumeaux-de-23-ans-tues-a.jpg\",\"contentUrl\":\"https:\\\/\\\/jumeaux91.fr\\\/blog\\\/wp-content\\\/uploads\\\/2025\\\/07\\\/percutes-par-une-voiture-des-freres-jumeaux-de-23-ans-tues-a.jpg\",\"width\":1444,\"height\":920,\"caption\":\"Percut\u00e9s par une voiture, des fr\u00e8res jumeaux de 23 ans tu\u00e9s \u00e0 ...\"},{\"@type\":\"BreadcrumbList\",\"@id\":\"https:\\\/\\\/jumeaux91.fr\\\/blog\\\/percutes-par-une-voiture-des-freres-jumeaux-de-23-ans-tues-a\\\/#breadcrumb\",\"itemListElement\":[{\"@type\":\"ListItem\",\"position\":1,\"name\":\"Accueil\",\"item\":\"https:\\\/\\\/jumeaux91.fr\\\/blog\\\/\"},{\"@type\":\"ListItem\",\"position\":2,\"name\":\"Percut\u00e9s par une voiture, des fr\u00e8res jumeaux de 23 ans tu\u00e9s \u00e0 &#8230;\"}]},{\"@type\":\"WebSite\",\"@id\":\"https:\\\/\\\/jumeaux91.fr\\\/blog\\\/#website\",\"url\":\"https:\\\/\\\/jumeaux91.fr\\\/blog\\\/\",\"name\":\"JUMEAUX91\",\"description\":\"Fr\u00e8res jumeaux de l&#039;Essonnes; informations et archives, \u00e0 savoir et retenir.\",\"publisher\":{\"@id\":\"https:\\\/\\\/jumeaux91.fr\\\/blog\\\/#organization\"},\"potentialAction\":[{\"@type\":\"SearchAction\",\"target\":{\"@type\":\"EntryPoint\",\"urlTemplate\":\"https:\\\/\\\/jumeaux91.fr\\\/blog\\\/?s={search_term_string}\"},\"query-input\":{\"@type\":\"PropertyValueSpecification\",\"valueRequired\":true,\"valueName\":\"search_term_string\"}}],\"inLanguage\":\"fr-FR\"},{\"@type\":\"Organization\",\"@id\":\"https:\\\/\\\/jumeaux91.fr\\\/blog\\\/#organization\",\"name\":\"jumeaux91\",\"url\":\"https:\\\/\\\/jumeaux91.fr\\\/blog\\\/\",\"logo\":{\"@type\":\"ImageObject\",\"inLanguage\":\"fr-FR\",\"@id\":\"https:\\\/\\\/jumeaux91.fr\\\/blog\\\/#\\\/schema\\\/logo\\\/image\\\/\",\"url\":\"https:\\\/\\\/jumeaux91.fr\\\/blog\\\/wp-content\\\/uploads\\\/2023\\\/05\\\/cropped-cropped-logoJ_91.png\",\"contentUrl\":\"https:\\\/\\\/jumeaux91.fr\\\/blog\\\/wp-content\\\/uploads\\\/2023\\\/05\\\/cropped-cropped-logoJ_91.png\",\"width\":512,\"height\":512,\"caption\":\"jumeaux91\"},\"image\":{\"@id\":\"https:\\\/\\\/jumeaux91.fr\\\/blog\\\/#\\\/schema\\\/logo\\\/image\\\/\"}},{\"@type\":\"Person\",\"@id\":\"https:\\\/\\\/jumeaux91.fr\\\/blog\\\/#\\\/schema\\\/person\\\/21da06e9f119b9f64e5d45dbbd32d3fb\",\"name\":\"Claude DAYRES\",\"image\":{\"@type\":\"ImageObject\",\"inLanguage\":\"fr-FR\",\"@id\":\"https:\\\/\\\/secure.gravatar.com\\\/avatar\\\/82eb951df6110a2c48d1bfa7a67d1ee6f0cd5df3cbf9c3586dd61e82db7172a5?s=96&d=mm&r=g\",\"url\":\"https:\\\/\\\/secure.gravatar.com\\\/avatar\\\/82eb951df6110a2c48d1bfa7a67d1ee6f0cd5df3cbf9c3586dd61e82db7172a5?s=96&d=mm&r=g\",\"contentUrl\":\"https:\\\/\\\/secure.gravatar.com\\\/avatar\\\/82eb951df6110a2c48d1bfa7a67d1ee6f0cd5df3cbf9c3586dd61e82db7172a5?s=96&d=mm&r=g\",\"caption\":\"Claude DAYRES\"},\"url\":\"https:\\\/\\\/jumeaux91.fr\\\/blog\\\/author\\\/x91claude\\\/\"}]}<\/script>\n<!-- \/ Yoast SEO plugin. -->","yoast_head_json":{"title":"Percut\u00e9s par une voiture, des fr\u00e8res jumeaux de 23 ans tu\u00e9s \u00e0 ... - JUMEAUX91","robots":{"index":"index","follow":"follow","max-snippet":"max-snippet:-1","max-image-preview":"max-image-preview:large","max-video-preview":"max-video-preview:-1"},"canonical":"https:\/\/jumeaux91.fr\/blog\/percutes-par-une-voiture-des-freres-jumeaux-de-23-ans-tues-a\/","og_locale":"fr_FR","og_type":"article","og_title":"Percut\u00e9s par une voiture, des fr\u00e8res jumeaux de 23 ans tu\u00e9s \u00e0 ... - JUMEAUX91","og_description":"Un drame s\u2019est produit dans la nuit de samedi \u00e0 dimanche \u00e0 Francfort-sur-le-Main. Deux jeunes hommes de 23 ans sont morts et un autre a \u00e9t\u00e9 gri\u00e8vement bless\u00e9 apr\u00e8s qu\u2019une voiture a percut\u00e9 deux trottinettes \u00e9lectriques dans cette ville de l\u2019ouest de l\u2019Allemagne. Selon les autorit\u00e9s, le conducteur, \u00e2g\u00e9 de 23 ans, a quitt\u00e9 pour&hellip; Poursuivre la lecture Percut\u00e9s par une voiture, des fr\u00e8res jumeaux de 23 ans tu\u00e9s \u00e0 &#8230;","og_url":"https:\/\/jumeaux91.fr\/blog\/percutes-par-une-voiture-des-freres-jumeaux-de-23-ans-tues-a\/","og_site_name":"JUMEAUX91","article_published_time":"2025-07-06T17:01:00+00:00","og_image":[{"url":"https:\/\/jumeaux91.fr\/blog\/wp-content\/uploads\/2025\/07\/percutes-par-une-voiture-des-freres-jumeaux-de-23-ans-tues-a.jpg","type":"","width":"","height":""}],"author":"Claude DAYRES","twitter_card":"summary_large_image","twitter_misc":{"\u00c9crit par":"Claude DAYRES","Dur\u00e9e de lecture estim\u00e9e":"2 minutes"},"schema":{"@context":"https:\/\/schema.org","@graph":[{"@type":"Article","@id":"https:\/\/jumeaux91.fr\/blog\/percutes-par-une-voiture-des-freres-jumeaux-de-23-ans-tues-a\/#article","isPartOf":{"@id":"https:\/\/jumeaux91.fr\/blog\/percutes-par-une-voiture-des-freres-jumeaux-de-23-ans-tues-a\/"},"author":{"name":"Claude DAYRES","@id":"https:\/\/jumeaux91.fr\/blog\/#\/schema\/person\/21da06e9f119b9f64e5d45dbbd32d3fb"},"headline":"Percut\u00e9s par une voiture, des fr\u00e8res jumeaux de 23 ans tu\u00e9s \u00e0 &#8230;","datePublished":"2025-07-06T17:01:00+00:00","mainEntityOfPage":{"@id":"https:\/\/jumeaux91.fr\/blog\/percutes-par-une-voiture-des-freres-jumeaux-de-23-ans-tues-a\/"},"wordCount":322,"publisher":{"@id":"https:\/\/jumeaux91.fr\/blog\/#organization"},"image":{"@id":"https:\/\/jumeaux91.fr\/blog\/percutes-par-une-voiture-des-freres-jumeaux-de-23-ans-tues-a\/#primaryimage"},"thumbnailUrl":"https:\/\/jumeaux91.fr\/blog\/wp-content\/uploads\/2025\/07\/percutes-par-une-voiture-des-freres-jumeaux-de-23-ans-tues-a.jpg","articleSection":["Posts Fr\u00e8res Jumeaux De L'Essonnes:"],"inLanguage":"fr-FR"},{"@type":"WebPage","@id":"https:\/\/jumeaux91.fr\/blog\/percutes-par-une-voiture-des-freres-jumeaux-de-23-ans-tues-a\/","url":"https:\/\/jumeaux91.fr\/blog\/percutes-par-une-voiture-des-freres-jumeaux-de-23-ans-tues-a\/","name":"Percut\u00e9s par une voiture, des fr\u00e8res jumeaux de 23 ans tu\u00e9s \u00e0 ... - JUMEAUX91","isPartOf":{"@id":"https:\/\/jumeaux91.fr\/blog\/#website"},"primaryImageOfPage":{"@id":"https:\/\/jumeaux91.fr\/blog\/percutes-par-une-voiture-des-freres-jumeaux-de-23-ans-tues-a\/#primaryimage"},"image":{"@id":"https:\/\/jumeaux91.fr\/blog\/percutes-par-une-voiture-des-freres-jumeaux-de-23-ans-tues-a\/#primaryimage"},"thumbnailUrl":"https:\/\/jumeaux91.fr\/blog\/wp-content\/uploads\/2025\/07\/percutes-par-une-voiture-des-freres-jumeaux-de-23-ans-tues-a.jpg","datePublished":"2025-07-06T17:01:00+00:00","breadcrumb":{"@id":"https:\/\/jumeaux91.fr\/blog\/percutes-par-une-voiture-des-freres-jumeaux-de-23-ans-tues-a\/#breadcrumb"},"inLanguage":"fr-FR","potentialAction":[{"@type":"ReadAction","target":["https:\/\/jumeaux91.fr\/blog\/percutes-par-une-voiture-des-freres-jumeaux-de-23-ans-tues-a\/"]}]},{"@type":"ImageObject","inLanguage":"fr-FR","@id":"https:\/\/jumeaux91.fr\/blog\/percutes-par-une-voiture-des-freres-jumeaux-de-23-ans-tues-a\/#primaryimage","url":"https:\/\/jumeaux91.fr\/blog\/wp-content\/uploads\/2025\/07\/percutes-par-une-voiture-des-freres-jumeaux-de-23-ans-tues-a.jpg","contentUrl":"https:\/\/jumeaux91.fr\/blog\/wp-content\/uploads\/2025\/07\/percutes-par-une-voiture-des-freres-jumeaux-de-23-ans-tues-a.jpg","width":1444,"height":920,"caption":"Percut\u00e9s par une voiture, des fr\u00e8res jumeaux de 23 ans tu\u00e9s \u00e0 ..."},{"@type":"BreadcrumbList","@id":"https:\/\/jumeaux91.fr\/blog\/percutes-par-une-voiture-des-freres-jumeaux-de-23-ans-tues-a\/#breadcrumb","itemListElement":[{"@type":"ListItem","position":1,"name":"Accueil","item":"https:\/\/jumeaux91.fr\/blog\/"},{"@type":"ListItem","position":2,"name":"Percut\u00e9s par une voiture, des fr\u00e8res jumeaux de 23 ans tu\u00e9s \u00e0 &#8230;"}]},{"@type":"WebSite","@id":"https:\/\/jumeaux91.fr\/blog\/#website","url":"https:\/\/jumeaux91.fr\/blog\/","name":"JUMEAUX91","description":"Fr\u00e8res jumeaux de l&#039;Essonnes; informations et archives, \u00e0 savoir et retenir.","publisher":{"@id":"https:\/\/jumeaux91.fr\/blog\/#organization"},"potentialAction":[{"@type":"SearchAction","target":{"@type":"EntryPoint","urlTemplate":"https:\/\/jumeaux91.fr\/blog\/?s={search_term_string}"},"query-input":{"@type":"PropertyValueSpecification","valueRequired":true,"valueName":"search_term_string"}}],"inLanguage":"fr-FR"},{"@type":"Organization","@id":"https:\/\/jumeaux91.fr\/blog\/#organization","name":"jumeaux91","url":"https:\/\/jumeaux91.fr\/blog\/","logo":{"@type":"ImageObject","inLanguage":"fr-FR","@id":"https:\/\/jumeaux91.fr\/blog\/#\/schema\/logo\/image\/","url":"https:\/\/jumeaux91.fr\/blog\/wp-content\/uploads\/2023\/05\/cropped-cropped-logoJ_91.png","contentUrl":"https:\/\/jumeaux91.fr\/blog\/wp-content\/uploads\/2023\/05\/cropped-cropped-logoJ_91.png","width":512,"height":512,"caption":"jumeaux91"},"image":{"@id":"https:\/\/jumeaux91.fr\/blog\/#\/schema\/logo\/image\/"}},{"@type":"Person","@id":"https:\/\/jumeaux91.fr\/blog\/#\/schema\/person\/21da06e9f119b9f64e5d45dbbd32d3fb","name":"Claude DAYRES","image":{"@type":"ImageObject","inLanguage":"fr-FR","@id":"https:\/\/secure.gravatar.com\/avatar\/82eb951df6110a2c48d1bfa7a67d1ee6f0cd5df3cbf9c3586dd61e82db7172a5?s=96&d=mm&r=g","url":"https:\/\/secure.gravatar.com\/avatar\/82eb951df6110a2c48d1bfa7a67d1ee6f0cd5df3cbf9c3586dd61e82db7172a5?s=96&d=mm&r=g","contentUrl":"https:\/\/secure.gravatar.com\/avatar\/82eb951df6110a2c48d1bfa7a67d1ee6f0cd5df3cbf9c3586dd61e82db7172a5?s=96&d=mm&r=g","caption":"Claude DAYRES"},"url":"https:\/\/jumeaux91.fr\/blog\/author\/x91claude\/"}]}},"_links":{"self":[{"href":"https:\/\/jumeaux91.fr\/blog\/wp-json\/wp\/v2\/posts\/1464","targetHints":{"allow":["GET"]}}],"collection":[{"href":"https:\/\/jumeaux91.fr\/blog\/wp-json\/wp\/v2\/posts"}],"about":[{"href":"https:\/\/jumeaux91.fr\/blog\/wp-json\/wp\/v2\/types\/post"}],"author":[{"embeddable":true,"href":"https:\/\/jumeaux91.fr\/blog\/wp-json\/wp\/v2\/users\/2"}],"replies":[{"embeddable":true,"href":"https:\/\/jumeaux91.fr\/blog\/wp-json\/wp\/v2\/comments?post=1464"}],"version-history":[{"count":0,"href":"https:\/\/jumeaux91.fr\/blog\/wp-json\/wp\/v2\/posts\/1464\/revisions"}],"wp:featuredmedia":[{"embeddable":true,"href":"https:\/\/jumeaux91.fr\/blog\/wp-json\/wp\/v2\/media\/1465"}],"wp:attachment":[{"href":"https:\/\/jumeaux91.fr\/blog\/wp-json\/wp\/v2\/media?parent=1464"}],"wp:term":[{"taxonomy":"category","embeddable":true,"href":"https:\/\/jumeaux91.fr\/blog\/wp-json\/wp\/v2\/categories?post=1464"},{"taxonomy":"post_tag","embeddable":true,"href":"https:\/\/jumeaux91.fr\/blog\/wp-json\/wp\/v2\/tags?post=1464"}],"curies":[{"name":"wp","href":"https:\/\/api.w.org\/{rel}","templated":true}]}}