{"id":1474,"date":"2025-07-15T21:04:00","date_gmt":"2025-07-15T19:04:00","guid":{"rendered":"https:\/\/jumeaux91.fr\/blog\/beaufort-en-anjou-un-parcours-sans-faute-pour-les-jumeaux-lors-du-challenge-du-jardinier\/"},"modified":"2025-07-15T21:04:00","modified_gmt":"2025-07-15T19:04:00","slug":"beaufort-en-anjou-un-parcours-sans-faute-pour-les-jumeaux-lors-du-challenge-du-jardinier","status":"publish","type":"post","link":"https:\/\/jumeaux91.fr\/blog\/beaufort-en-anjou-un-parcours-sans-faute-pour-les-jumeaux-lors-du-challenge-du-jardinier\/","title":{"rendered":"Beaufort-en-Anjou. Un parcours sans faute pour les jumeaux lors du challenge du jardinier"},"content":{"rendered":"<header class=\"clearfix marg20B\">\n<table cellspacing=\"0\" cellpadding=\"0\" border=\"0\" width=\"100%\">\n<tr>\n<td valign=\"middle\" align=\"center\" class=\"col-logo\"> <img decoding=\"async\" src=\"https:\/\/jumeaux91.fr\/blog\/wp-content\/uploads\/2025\/07\/beaufort-en-anjou-un-parcours-sans-faute-pour-les-jumeaux-lors-du-challenge-du-jardinier.gif\" alt=\"logo Courrier de l'Ouest\" height=\"66\"> <\/td>\n<td class=\"col-titre\"> Mercredi 16 juillet 2025 05:04 <a class=\"icon-bulle sizeL count\" href=\"https:\/\/cholet.maville.com\/actu\/actudet_-beaufort-en-anjou.-un-parcours-sans-faute-pour-les-jumeaux-lors-du-challenge-du-jardinier-_dep-6901484_actu.Htm#ancreAvis\" target=\"_blank\" rel=\"nofollow\"> <span class=\"elmt-num\">&#8230;<\/span><br \/>\n<\/a><\/td>\n<\/tr>\n<\/table>\n<p><!--TAG-CHP rubrique00--><!--TAG-CHP separator00--> <!--TAG-CHP titre00--> <\/header>\n<figure class=\"bloc reseaux-top\"> &lt;a class=&quot;mavillebox2 elmt-photo&quot; href=&quot;https:\/\/maville.com\/photosmvi\/2025\/07\/16\/P35357938D6901484G.jpg&quot; title=&quot; Les jumeaux Fr\u00e9d\u00e9ric et Ludovic Desveaux de la Soci\u00e9t\u00e9 Beaufortaise l\u2019Union La Com\u00e8te ont gagn\u00e9 \u00e0 domicile le Challenge du Jardinier dimanche 29 juin. Avec plus de 500 \u00e9quipes participantes et six d\u00e9partements repr\u00e9sent\u00e9s, les deux fr\u00e8res sont qualifi\u00e9s pour le tournoi national des Forts de la Boule. En deuxi\u00e8me et troisi\u00e8me places l\u2019\u00e9quipe Pourre\/Berger de la soci\u00e9t\u00e9 l\u2019Agricole de Brain sur Allonnes et l\u2019\u00e9quipe Bodin\/ Fauveau de la soci\u00e9t\u00e9 Les Amis de Montreuil-Bellay. \u00a9 CO <!--TAG-BLC credit-->\u00a0\u00bb rel=\u00a0\u00bbgalerie_actu\u00a0\u00bb&gt; <img decoding=\"async\" src=\"https:\/\/jumeaux91.fr\/blog\/wp-content\/uploads\/2025\/07\/beaufort-en-anjou-un-parcours-sans-faute-pour-les-jumeaux-lors-du-challenge-du-jardinier.jpg\" alt=\"photo les jumeaux fr\u00e9d\u00e9ric et ludovic desveaux de la soci\u00e9t\u00e9 beaufortaise l\u2019union la com\u00e8te ont gagn\u00e9 \u00e0 domicile le challenge du jardinier dimanche 29 juin. avec plus de 500 \u00e9quipes participantes et six d\u00e9partements repr\u00e9sent\u00e9s, les deux fr\u00e8res sont qualifi\u00e9s pour le tournoi national des forts de la boule. en deuxi\u00e8me et troisi\u00e8me places l\u2019\u00e9quipe pourre\/berger de la soci\u00e9t\u00e9 l\u2019agricole de brain sur allonnes et l\u2019\u00e9quipe bodin\/ fauveau de la soci\u00e9t\u00e9 les amis de montreuil-bellay. \u00a9 co \"> <span class=\"zoom-photo\"><span class=\"mavillefont icon-loupe\"><\/span><small>1<\/small><\/span><br \/>\n<\/a><\/p>\n<p class=\"elmt-legende\"> Les jumeaux Fr\u00e9d\u00e9ric et Ludovic Desveaux de la Soci\u00e9t\u00e9 Beaufortaise l\u2019Union La Com\u00e8te ont gagn\u00e9 \u00e0 domicile le Challenge du Jardinier dimanche 29 juin. Avec plus de 500 \u00e9quipes participantes et six d\u00e9partements repr\u00e9sent\u00e9s, les deux fr\u00e8res sont qualifi\u00e9s pour le tournoi national des Forts de la Boule. En deuxi\u00e8me et troisi\u00e8me places l\u2019\u00e9quipe Pourre\/Berger de la soci\u00e9t\u00e9 l\u2019Agricole de Brain sur Allonnes et l\u2019\u00e9quipe Bodin\/ Fauveau de la soci\u00e9t\u00e9 Les Amis de Montreuil-Bellay. \u00a9 CO <span class=\"credit\"><!--TAG-BLC credit--><\/span><\/p>\n<\/figure>\n<section class=\"clearB bloc\">\n<h2 class=\"elmt-text\"><\/h2>\n<\/section>\n<p> <cite class=\"elmt-auteur bloc\"> Courrier de l&rsquo;Ouest&nbsp;&nbsp; <\/cite> <\/p>\n<div>\n<h3>Retrouvez d&rsquo;autres actus sur la commune de :<\/h3>\n<\/p><\/div>\n<footer class=\"bloc clearfix\"> <\/footer>\n<p> <!--MVITAG-BLC C2--> <a name=\"formulaireSA\" id=\"formulaireSA\"><\/a><\/p>\n<section id=\"bloc_saisie_assiste\" class=\"bloc clearfix clearB\">\n<header>\n<h2 id=\"titreSA\" class=\"titre-bloc-xl\"><\/h2>\n<\/header>\n<div id=\"lstChamp\" class=\"clearfix\">\n<ul>\n<li id=\"zoneBeforeAvisSA\">\n<div id=\"zoneBeforeAvisActuSA\" class=\"zoneBeforeNiveau2\"> <label for=\"AvisActuNom\" class=\"first\">Titre de l&rsquo;info <em>*<\/em><\/label> <\/p>\n<div id=\"AvisActuNomError\" class=\"errorMessage\">merci d&rsquo;indiquer un titre&rsquo;<\/div>\n<\/p><\/div>\n<p> &lt;!&#8211; <\/p>\n<div id=\"zoneBeforeAvisSportSA\" class=\"zoneBeforeNiveau2\"> <label for=\"AvisSportNom\" class=\"first\">Titre de l&rsquo;info sportive <em>*<\/em><\/label> <\/p>\n<div class=\"elmt-champ\"><\/div>\n<div id=\"AvisSportNomError\" class=\"errorMessage\">merci d&rsquo;indiquer un titre &lsquo;<\/div>\n<\/p><\/div>\n<p> &#8211;&gt; <\/p>\n<div id=\"zoneBeforeAvisRestoSA\" class=\"zoneBeforeNiveau2\"> <label for=\"AvisRestoNom\" class=\"first\">Nom du restaurant <em>*<\/em><\/label> <\/p>\n<ul id=\"zoneSuggestionNomResto\" class=\"resultRechercheAjax displayNone\">\n<li>Choisir un resto :<\/li>\n<li id=\"SARestoUnknownLink\" class=\"AjaxRechercheItem\">Cet \u00e9tablissement est nouveau sur maville.com<\/li>\n<p> <!-- Liste de proposition Ajax des etablissements --> <\/ul>\n<div id=\"AvisRestoNomError\" class=\"errorMessage\">merci d&rsquo;indiquer un nom de restaurant<\/div>\n<hr>\n<div id=\"zoneBeforeAvisRestoUnknownSA\" class=\"displayNone\"> <label for=\"AvisRestoAdresse\">Adresse du restaurant <em>*<\/em><\/label> <\/p>\n<div id=\"AvisRestoAdresseError\" class=\"errorMessage\">merci de saisir l&rsquo;adresse du restaurant<\/div>\n<p> <label for=\"AvisRestoVilleChampRech\">Ville du restaurant <em>*<\/em><\/label> <\/p>\n<div id=\"AvisRestoVilleCpError\" class=\"errorMessage\">merci de saisir la ville du restaurant<\/div>\n<p> <label>T\u00e9l\u00e9chargez votre photo (2 Mo max)<\/label> <\/p>\n<hr><\/div>\n<\/p><\/div>\n<div id=\"zoneBeforeAvisBarSA\" class=\"zoneBeforeNiveau2\"> <label for=\"AvisBarNom\" class=\"first\">Nom du bar <em>*<\/em><\/label> <\/p>\n<ul id=\"zoneSuggestionNomBar\" class=\"resultRechercheAjax displayNone\">\n<li>Choisir un bar :<\/li>\n<li id=\"SABarUnknownLink\" class=\"AjaxRechercheItem\">Cet \u00e9tablissement est nouveau sur maville.com<\/li>\n<p> <!-- Liste de proposition Ajax des etablissements --> <\/ul>\n<div id=\"AvisBarNomError\" class=\"errorMessage\">merci d&rsquo;indiquer un nom de bar<\/div>\n<hr>\n<div id=\"zoneBeforeAvisBarUnknownSA\" class=\"displayNone\"> <label for=\"AvisBarAdresse\">Adresse du bar <em>*<\/em><\/label> <\/p>\n<div id=\"AvisBarAdresseError\" class=\"errorMessage\">merci de saisir l&rsquo;adresse du bar<\/div>\n<p> <label for=\"AvisBarVilleChampRech\">Ville du bar <em>*<\/em><\/label> <\/p>\n<div id=\"AvisBarVilleCpError\" class=\"errorMessage\">merci de saisir la ville du bar<\/div>\n<hr><\/div>\n<\/p><\/div>\n<div id=\"AvisTitreError\" class=\"errorMessage\">merci d&rsquo;indiquer un titre \u00e0 votre avis<\/div>\n<\/li>\n<li id=\"zoneTexteSA\" class=\"element\"> <\/li>\n<li id=\"zoneAfterAvisSA\">\n<div id=\"zoneAfterAvisBASA\" class=\"zoneAfterNiveau2\"> <label>Donnez nous vos impressions : <em>*<\/em><\/label> <\/p>\n<hr>\n<hr><\/div>\n<\/li>\n<li id=\"zoneIdentificationSA\"> &lt;!&#8211;<label for=\"email\" id=\"titreEmail\">Pour publier votre info, merci de vous identifier<\/label>&#8211;&gt; <\/li>\n<li id=\"zoneCgupdpError\" class=\"element\"> <\/li>\n<li id=\"zoneBoutonSimpleSA\" class=\"floatR\">\n<div class=\"clearfix\"><em> Vos donn\u00e9es personnelles font l\u2019objet d\u2019un traitement informatique par la soci\u00e9t\u00e9 Additi Multimedia, sur le fondement de l&rsquo;ex\u00e9cution d&rsquo;un contrat et sont utilis\u00e9es notamment pour prendre en compte, mod\u00e9rer et r\u00e9pondre \u00e0 vos commentaires sur les contenus mis en ligne sur le site. Elles seront conserv\u00e9es conform\u00e9ment \u00e0 notre politique de donn\u00e9es personnelles, sauf dispositions l\u00e9gales particuli\u00e8res. Vous disposez d\u2019un droit d\u2019acc\u00e8s, de rectification, d\u2019opposition, de limitation et de portabilit\u00e9, en vous adressant directement \u00e0 <a href=\"mailto:pdp@sipa.ouest-france.fr\" target=\"_blank\" rel=\"nofollow\">pdp@sipa.ouest-france.fr<\/a> ou par courrier \u00e0 \u00ab\u00a0D\u00e9l\u00e9gu\u00e9 \u00e0 la Protection des Donn\u00e9es Personnelles SIPA Additi Multimedia &#8211; ZI Rennes Sud-Est,\u2013 10 rue du Breil \u2013 35051 Rennes cedex 9\u00a0\u00bb. Vous avez \u00e9galement le droit d\u2019introduire une r\u00e9clamation aupr\u00e8s de la CNIL. <a href=\"https:\/\/cholet.maville.com\/mentions_vieprive.php\" target=\"_blank\" rel=\"nofollow\">En savoir plus<\/a> <\/em><\/div>\n<\/li>\n<li id=\"zoneBoutonSA\"> <\/li>\n<\/ul><\/div>\n<\/section>\n<div id=\"saisieAssisteeLaunch\"> <\/div>\n<p> <!--MVITAG-BLC C4--> <a name=\"ancreAvis\"><\/a> <\/p>\n<section class=\"elmt-liste-avis avis-article clearfix clearB bloc\" id=\"AvisBloc\"> <!--TAG-CHP AvisAspFileDepot00--><br \/>\n<\/section>\n<div class=\"col2x\"> <!--MVITAG-BLC dossier01--> <\/p>\n<section class=\"elmt-news bloc\">\n<div class=\"titre-bloc-xl\">Newsletter maville<\/div>\n<h2 class=\"sous-titre-bloc marg10B\">Abonnez-vous \u00e0 la newsletter &#8211; Cholet<\/h2>\n<div class=\"clearfix disclaimerNL\"><em> Votre e-mail, avec votre consentement, est utilis\u00e9 par la soci\u00e9t\u00e9 Additi Multimedia pour recevoir les newsletters s\u00e9lectionn\u00e9es. <a href=\"https:\/\/cholet.maville.com\/mentions_vieprive.php\" target=\"_blank\" rel=\"nofollow\">En savoir plus<\/a><br \/>\n<\/em><\/div>\n<\/section>\n<p> <!--MVITAG-BLC PUBposition2--> <!--MVITAG-BLC dossier03--> <a href=\"https:\/\/cholet.maville.com\/actu\/actudet_-debat-favoriser-l-acces-aux-pesticides-pour-les-agriculteurs-etes-vous-pour-ou-contre-_54635-6826937_actu.Htm\" title=\"Exprimez-vous !\" target=\"_blank\" rel=\"nofollow\"> <\/p>\n<section class=\"bloc-debat\" id=\"mvi_actu_debat_semaine\">\n<h2 class=\"elmt-titre\">Exprimez-vous !<\/h2>\n<p> <span class=\"elmt-libelle\"><strong>D\u00e9bat : favoriser l acc\u00e8s aux pesticides pour les agriculteurs : \u00eates-vous pour ou contre ?<\/strong><span class=\"icon-bulle sizeS count\"> <span class=\"elmt-num\">68<\/span><br \/>\n<\/span><\/span> <span class=\"sprite-pictos icon-flech-go\"><\/span> <\/section>\n<p><\/a> <!--MVITAG-BLC PUBx50--> <!--MVITAG-BLC dossier05--> <\/p>\n<section class=\"elmt-liste-ligne date bloc-cadre\">\n<header class=\"floatL\">\n<h2 class=\"titre-bloc\">L&rsquo;info en continu<\/h2>\n<\/header>\n<p> <!--TAG-BLC bandeau00--> <\/p>\n<footer> <a href=\"https:\/\/cholet.maville.com\/info\/info-en-continu\/\" title=\"Toute l'info en continu\" class=\"elmt-plus padd10T\" target=\"_blank\" rel=\"nofollow\"> <span class=\"sprite-pictos icon-plus\">&nbsp;<\/span> Toute l&rsquo;info en continu <\/a><br \/>\n<\/footer>\n<\/section>\n<p> <!-- TABOOLA - actu_coldroite (deb) --> <!-- TABOOLA - actu_coldroite (fin) --> <!--MVITAG-BLC dossier10--> <!--MVITAG-BLC dossier11--> <!--MVITAG-BLC PUBposition3--> <\/p>\n<section class=\"block-onglets demi clearfix\" id=\"topConsultArt\">\n<nav class=\"info\"> <\/nav>\n<\/section>\n<p> <!--MVITAG-BLC dossier13--> <!--MVITAG-BLC dossier14--> <\/p>\n<section class=\"bloc-cadre liste2 fond-degrade\"><!-- id=\"mvi_actu_liste_filinfo_une\" --> <\/p>\n<header class=\"clearfix\">\n<h2 class=\"titre-bloc-xl\">Quiz et jeux<\/h2>\n<\/header>\n<section class=\"elmt-liste-bloc\"> <\/section>\n<section class=\"elmt-liste-bloc\"> <\/section>\n<footer> <a href=\"https:\/\/cholet.maville.com\/info\/mavillequiz.php\" title=\"Tous les quiz\" class=\"elmt-plus\" target=\"_blank\" rel=\"nofollow\"> <span class=\"sprite-pictos icon-plus\">&nbsp;<\/span> Tous les quiz <\/a> <\/footer>\n<\/section>\n<p> <!--MVITAG-BLC dossier16--> <!--MVITAG-BLC dossier17--> <!--MVITAG-BLC dossier18--> <!--MVITAG-BLC dossier19--> <!--MVITAG-BLC dossier20--> <!--MVITAG-BLC PUBx32--> <!--MVITAG-BLC g01--> <!--MVITAG-BLC g02--> <!--MVITAG-BLC g03--> <!--MVITAG-BLC g04--> <!--MVITAG-BLC g05--> <!--MVITAG-BLC g06--> <!--MVITAG-BLC g07--> <!--MVITAG-BLC g08--> <!--MVITAG-BLC g09--> <!--MVITAG-BLC g10--> <!--MVITAG-BLC g11--> <!--MVITAG-BLC g12--> <!--MVITAG-BLC g13--> <!--MVITAG-BLC g14--> <!--MVITAG-BLC g15--> <!--MVITAG-BLC g16--> <!--MVITAG-BLC g17--> <!--MVITAG-BLC g18--> <!--MVITAG-BLC g19--> <!-- TABOOLA - actu_bottom (deb) --> <!-- TABOOLA - actu_bottom (fin) --> <\/div>\n<p> <!--MVITAG-BLC PUBbottom1--> <a href=\"https:\/\/cholet.maville.com\/actu\/actudet_-beaufort-en-anjou.-un-parcours-sans-faute-pour-les-jumeaux-lors-du-challenge-du-jardinier-_dep-6901484_actu.Htm#top\" id=\"back-top\" class=\"sprite-pictos backTop\" target=\"_blank\" rel=\"nofollow\">Retour en haut<\/a> <\/p>\n<footer class=\"pied-page\" id=\"piedDePage\">\n<div class=\"pied-page__liens\">\n<nav class=\"pied-page__bloc\">\n<h3>Sites Ouest-France<\/h3>\n<\/nav>\n<nav class=\"pied-page__bloc\">\n<h3>Services<\/h3>\n<\/nav>\n<nav class=\"pied-page__bloc\">\n<h3>Rubriques site maville<\/h3>\n<\/nav><\/div>\n<p class=\"pied-page__applis marg40B\"><a href=\"https:\/\/www.ouest-france.fr\/services\/nos-applis-mobiles\/\" target=\"_blank\" rel=\"nofollow\"><i class=\"tetiere-icon icon-mobile-tablette\"><\/i>Les applications mobiles du groupe SIPA <strong>Ouest-France<\/strong> disponibles en t\u00e9l\u00e9chargement<\/a><\/p>\n<ul class=\"pied-page__footer\">\n<li class=\"copyright\"> <a class=\"ojd\" data-trk-footer-social-desktop=\"ACPM-OJD\" href=\"https:\/\/www.acpm.fr\/?utm_source=of&amp;utm_medium=lien&amp;utm_campaign=ojd&amp;utm_content=lien-footer\" rel=\"nofollow\" target=\"_blank\"> <img decoding=\"async\" alt=\"Logo ACPM OJD\" class=\"icon-ojd\" loading=\"lazy\" src=\"https:\/\/cholet.maville.com\/design\/images\/logo-acpm.svg\"> <\/a> <\/li>\n<\/ul>\n<\/footer>\n<p> <!-- comptabilisation de la presence de AddBlock --> <!--[if IE]&gt;-->   window.onload = function() { H5F.setup(jQuery(&lsquo;.elmt-liste-form&rsquo;)); H5F.setup(jQuery(&lsquo;#recherche&rsquo;)); H5F.setup(jQuery(&lsquo;.elmt-news form&rsquo;)); };<br \/>\n La chronique se veut g\u00e9n\u00e9r\u00e9e de la fa\u00e7on la plus claire que possible. Dans le cas o\u00f9 vous souhaitez pr\u00e9senter des renseignements compl\u00e9mentaires \u00e0 cet article sur le sujet \u00ab\u00a0Fr\u00e8res jumeaux de l&rsquo;Essonnes\u00a0\u00bb il vous est possible d\u2019\u00e9crire aux contacts indiqu\u00e9s sur notre website. La raison d\u2019\u00eatre de jumeaux91.fr \u00e9tant de rassembler sur le web des posts sur le sujet de Fr\u00e8res jumeaux de l&rsquo;Essonnes puis les diffuser en r\u00e9pondant au mieux aux interrogations des gens. Vous pouvez tirer profit de cet article traitant le sujet \u00ab\u00a0Fr\u00e8res jumeaux de l&rsquo;Essonnes\u00a0\u00bb. Il est concoct\u00e9 par l\u2019\u00e9quipe jumeaux91.fr. Prochainement, nous rendrons accessibles au public d&rsquo;autres informations pertinentes sur le sujet \u00ab\u00a0Fr\u00e8res jumeaux de l&rsquo;Essonnes\u00a0\u00bb. Alors, consultez syst\u00e9matiquement notre blog.<\/p>\n","protected":false},"excerpt":{"rendered":"<p>Mercredi 16 juillet 2025 05:04 &#8230; &lt;a class=&quot;mavillebox2 elmt-photo&quot; href=&quot;https:\/\/maville.com\/photosmvi\/2025\/07\/16\/P35357938D6901484G.jpg&quot; title=&quot; Les jumeaux Fr\u00e9d\u00e9ric et Ludovic Desveaux de la Soci\u00e9t\u00e9 Beaufortaise l\u2019Union La Com\u00e8te ont gagn\u00e9 \u00e0 domicile le Challenge du Jardinier dimanche 29 juin. Avec plus de 500 \u00e9quipes participantes et six d\u00e9partements repr\u00e9sent\u00e9s, les deux fr\u00e8res sont qualifi\u00e9s pour le tournoi national des&hellip; <a class=\"more-link\" href=\"https:\/\/jumeaux91.fr\/blog\/beaufort-en-anjou-un-parcours-sans-faute-pour-les-jumeaux-lors-du-challenge-du-jardinier\/\">Poursuivre la lecture <span class=\"screen-reader-text\">Beaufort-en-Anjou. Un parcours sans faute pour les jumeaux lors du challenge du jardinier<\/span><\/a><\/p>\n","protected":false},"author":2,"featured_media":1475,"comment_status":"closed","ping_status":"closed","sticky":false,"template":"","format":"standard","meta":{"footnotes":""},"categories":[4],"tags":[],"class_list":["post-1474","post","type-post","status-publish","format-standard","has-post-thumbnail","hentry","category-posts-freres-jumeaux-de-lessonnes","entry"],"yoast_head":"<!-- This site is optimized with the Yoast SEO plugin v27.5 - https:\/\/yoast.com\/product\/yoast-seo-wordpress\/ -->\n<title>Beaufort-en-Anjou. Un parcours sans faute pour les jumeaux lors du challenge du jardinier - JUMEAUX91<\/title>\n<meta name=\"robots\" content=\"index, follow, max-snippet:-1, max-image-preview:large, max-video-preview:-1\" \/>\n<link rel=\"canonical\" href=\"https:\/\/jumeaux91.fr\/blog\/beaufort-en-anjou-un-parcours-sans-faute-pour-les-jumeaux-lors-du-challenge-du-jardinier\/\" \/>\n<meta property=\"og:locale\" content=\"fr_FR\" \/>\n<meta property=\"og:type\" content=\"article\" \/>\n<meta property=\"og:title\" content=\"Beaufort-en-Anjou. Un parcours sans faute pour les jumeaux lors du challenge du jardinier - JUMEAUX91\" \/>\n<meta property=\"og:description\" content=\"Mercredi 16 juillet 2025 05:04 &#8230; &lt;a class=&quot;mavillebox2 elmt-photo&quot; href=&quot;https:\/\/maville.com\/photosmvi\/2025\/07\/16\/P35357938D6901484G.jpg&quot; title=&quot; Les jumeaux Fr\u00e9d\u00e9ric et Ludovic Desveaux de la Soci\u00e9t\u00e9 Beaufortaise l\u2019Union La Com\u00e8te ont gagn\u00e9 \u00e0 domicile le Challenge du Jardinier dimanche 29 juin. Avec plus de 500 \u00e9quipes participantes et six d\u00e9partements repr\u00e9sent\u00e9s, les deux fr\u00e8res sont qualifi\u00e9s pour le tournoi national des&hellip; Poursuivre la lecture Beaufort-en-Anjou. Un parcours sans faute pour les jumeaux lors du challenge du jardinier\" \/>\n<meta property=\"og:url\" content=\"https:\/\/jumeaux91.fr\/blog\/beaufort-en-anjou-un-parcours-sans-faute-pour-les-jumeaux-lors-du-challenge-du-jardinier\/\" \/>\n<meta property=\"og:site_name\" content=\"JUMEAUX91\" \/>\n<meta property=\"article:published_time\" content=\"2025-07-15T19:04:00+00:00\" \/>\n<meta property=\"og:image\" content=\"https:\/\/jumeaux91.fr\/blog\/wp-content\/uploads\/2025\/07\/beaufort-en-anjou-un-parcours-sans-faute-pour-les-jumeaux-lors-du-challenge-du-jardinier.gif\" \/>\n<meta name=\"author\" content=\"Claude DAYRES\" \/>\n<meta name=\"twitter:card\" content=\"summary_large_image\" \/>\n<meta name=\"twitter:label1\" content=\"\u00c9crit par\" \/>\n\t<meta name=\"twitter:data1\" content=\"Claude DAYRES\" \/>\n\t<meta name=\"twitter:label2\" content=\"Dur\u00e9e de lecture estim\u00e9e\" \/>\n\t<meta name=\"twitter:data2\" content=\"4 minutes\" \/>\n<script type=\"application\/ld+json\" class=\"yoast-schema-graph\">{\"@context\":\"https:\\\/\\\/schema.org\",\"@graph\":[{\"@type\":\"Article\",\"@id\":\"https:\\\/\\\/jumeaux91.fr\\\/blog\\\/beaufort-en-anjou-un-parcours-sans-faute-pour-les-jumeaux-lors-du-challenge-du-jardinier\\\/#article\",\"isPartOf\":{\"@id\":\"https:\\\/\\\/jumeaux91.fr\\\/blog\\\/beaufort-en-anjou-un-parcours-sans-faute-pour-les-jumeaux-lors-du-challenge-du-jardinier\\\/\"},\"author\":{\"name\":\"Claude DAYRES\",\"@id\":\"https:\\\/\\\/jumeaux91.fr\\\/blog\\\/#\\\/schema\\\/person\\\/21da06e9f119b9f64e5d45dbbd32d3fb\"},\"headline\":\"Beaufort-en-Anjou. Un parcours sans faute pour les jumeaux lors du challenge du jardinier\",\"datePublished\":\"2025-07-15T19:04:00+00:00\",\"mainEntityOfPage\":{\"@id\":\"https:\\\/\\\/jumeaux91.fr\\\/blog\\\/beaufort-en-anjou-un-parcours-sans-faute-pour-les-jumeaux-lors-du-challenge-du-jardinier\\\/\"},\"wordCount\":743,\"publisher\":{\"@id\":\"https:\\\/\\\/jumeaux91.fr\\\/blog\\\/#organization\"},\"image\":{\"@id\":\"https:\\\/\\\/jumeaux91.fr\\\/blog\\\/beaufort-en-anjou-un-parcours-sans-faute-pour-les-jumeaux-lors-du-challenge-du-jardinier\\\/#primaryimage\"},\"thumbnailUrl\":\"https:\\\/\\\/jumeaux91.fr\\\/blog\\\/wp-content\\\/uploads\\\/2025\\\/07\\\/beaufort-en-anjou-un-parcours-sans-faute-pour-les-jumeaux-lors-du-challenge-du-jardinier.gif\",\"articleSection\":[\"Posts Fr\u00e8res Jumeaux De L'Essonnes:\"],\"inLanguage\":\"fr-FR\"},{\"@type\":\"WebPage\",\"@id\":\"https:\\\/\\\/jumeaux91.fr\\\/blog\\\/beaufort-en-anjou-un-parcours-sans-faute-pour-les-jumeaux-lors-du-challenge-du-jardinier\\\/\",\"url\":\"https:\\\/\\\/jumeaux91.fr\\\/blog\\\/beaufort-en-anjou-un-parcours-sans-faute-pour-les-jumeaux-lors-du-challenge-du-jardinier\\\/\",\"name\":\"Beaufort-en-Anjou. Un parcours sans faute pour les jumeaux lors du challenge du jardinier - JUMEAUX91\",\"isPartOf\":{\"@id\":\"https:\\\/\\\/jumeaux91.fr\\\/blog\\\/#website\"},\"primaryImageOfPage\":{\"@id\":\"https:\\\/\\\/jumeaux91.fr\\\/blog\\\/beaufort-en-anjou-un-parcours-sans-faute-pour-les-jumeaux-lors-du-challenge-du-jardinier\\\/#primaryimage\"},\"image\":{\"@id\":\"https:\\\/\\\/jumeaux91.fr\\\/blog\\\/beaufort-en-anjou-un-parcours-sans-faute-pour-les-jumeaux-lors-du-challenge-du-jardinier\\\/#primaryimage\"},\"thumbnailUrl\":\"https:\\\/\\\/jumeaux91.fr\\\/blog\\\/wp-content\\\/uploads\\\/2025\\\/07\\\/beaufort-en-anjou-un-parcours-sans-faute-pour-les-jumeaux-lors-du-challenge-du-jardinier.gif\",\"datePublished\":\"2025-07-15T19:04:00+00:00\",\"breadcrumb\":{\"@id\":\"https:\\\/\\\/jumeaux91.fr\\\/blog\\\/beaufort-en-anjou-un-parcours-sans-faute-pour-les-jumeaux-lors-du-challenge-du-jardinier\\\/#breadcrumb\"},\"inLanguage\":\"fr-FR\",\"potentialAction\":[{\"@type\":\"ReadAction\",\"target\":[\"https:\\\/\\\/jumeaux91.fr\\\/blog\\\/beaufort-en-anjou-un-parcours-sans-faute-pour-les-jumeaux-lors-du-challenge-du-jardinier\\\/\"]}]},{\"@type\":\"ImageObject\",\"inLanguage\":\"fr-FR\",\"@id\":\"https:\\\/\\\/jumeaux91.fr\\\/blog\\\/beaufort-en-anjou-un-parcours-sans-faute-pour-les-jumeaux-lors-du-challenge-du-jardinier\\\/#primaryimage\",\"url\":\"https:\\\/\\\/jumeaux91.fr\\\/blog\\\/wp-content\\\/uploads\\\/2025\\\/07\\\/beaufort-en-anjou-un-parcours-sans-faute-pour-les-jumeaux-lors-du-challenge-du-jardinier.gif\",\"contentUrl\":\"https:\\\/\\\/jumeaux91.fr\\\/blog\\\/wp-content\\\/uploads\\\/2025\\\/07\\\/beaufort-en-anjou-un-parcours-sans-faute-pour-les-jumeaux-lors-du-challenge-du-jardinier.gif\",\"width\":200,\"height\":66,\"caption\":\"Beaufort en Anjou\"},{\"@type\":\"BreadcrumbList\",\"@id\":\"https:\\\/\\\/jumeaux91.fr\\\/blog\\\/beaufort-en-anjou-un-parcours-sans-faute-pour-les-jumeaux-lors-du-challenge-du-jardinier\\\/#breadcrumb\",\"itemListElement\":[{\"@type\":\"ListItem\",\"position\":1,\"name\":\"Accueil\",\"item\":\"https:\\\/\\\/jumeaux91.fr\\\/blog\\\/\"},{\"@type\":\"ListItem\",\"position\":2,\"name\":\"Beaufort-en-Anjou. Un parcours sans faute pour les jumeaux lors du challenge du jardinier\"}]},{\"@type\":\"WebSite\",\"@id\":\"https:\\\/\\\/jumeaux91.fr\\\/blog\\\/#website\",\"url\":\"https:\\\/\\\/jumeaux91.fr\\\/blog\\\/\",\"name\":\"JUMEAUX91\",\"description\":\"Fr\u00e8res jumeaux de l&#039;Essonnes; informations et archives, \u00e0 savoir et retenir.\",\"publisher\":{\"@id\":\"https:\\\/\\\/jumeaux91.fr\\\/blog\\\/#organization\"},\"potentialAction\":[{\"@type\":\"SearchAction\",\"target\":{\"@type\":\"EntryPoint\",\"urlTemplate\":\"https:\\\/\\\/jumeaux91.fr\\\/blog\\\/?s={search_term_string}\"},\"query-input\":{\"@type\":\"PropertyValueSpecification\",\"valueRequired\":true,\"valueName\":\"search_term_string\"}}],\"inLanguage\":\"fr-FR\"},{\"@type\":\"Organization\",\"@id\":\"https:\\\/\\\/jumeaux91.fr\\\/blog\\\/#organization\",\"name\":\"jumeaux91\",\"url\":\"https:\\\/\\\/jumeaux91.fr\\\/blog\\\/\",\"logo\":{\"@type\":\"ImageObject\",\"inLanguage\":\"fr-FR\",\"@id\":\"https:\\\/\\\/jumeaux91.fr\\\/blog\\\/#\\\/schema\\\/logo\\\/image\\\/\",\"url\":\"https:\\\/\\\/jumeaux91.fr\\\/blog\\\/wp-content\\\/uploads\\\/2023\\\/05\\\/cropped-cropped-logoJ_91.png\",\"contentUrl\":\"https:\\\/\\\/jumeaux91.fr\\\/blog\\\/wp-content\\\/uploads\\\/2023\\\/05\\\/cropped-cropped-logoJ_91.png\",\"width\":512,\"height\":512,\"caption\":\"jumeaux91\"},\"image\":{\"@id\":\"https:\\\/\\\/jumeaux91.fr\\\/blog\\\/#\\\/schema\\\/logo\\\/image\\\/\"}},{\"@type\":\"Person\",\"@id\":\"https:\\\/\\\/jumeaux91.fr\\\/blog\\\/#\\\/schema\\\/person\\\/21da06e9f119b9f64e5d45dbbd32d3fb\",\"name\":\"Claude DAYRES\",\"image\":{\"@type\":\"ImageObject\",\"inLanguage\":\"fr-FR\",\"@id\":\"https:\\\/\\\/secure.gravatar.com\\\/avatar\\\/82eb951df6110a2c48d1bfa7a67d1ee6f0cd5df3cbf9c3586dd61e82db7172a5?s=96&d=mm&r=g\",\"url\":\"https:\\\/\\\/secure.gravatar.com\\\/avatar\\\/82eb951df6110a2c48d1bfa7a67d1ee6f0cd5df3cbf9c3586dd61e82db7172a5?s=96&d=mm&r=g\",\"contentUrl\":\"https:\\\/\\\/secure.gravatar.com\\\/avatar\\\/82eb951df6110a2c48d1bfa7a67d1ee6f0cd5df3cbf9c3586dd61e82db7172a5?s=96&d=mm&r=g\",\"caption\":\"Claude DAYRES\"},\"url\":\"https:\\\/\\\/jumeaux91.fr\\\/blog\\\/author\\\/x91claude\\\/\"}]}<\/script>\n<!-- \/ Yoast SEO plugin. -->","yoast_head_json":{"title":"Beaufort-en-Anjou. Un parcours sans faute pour les jumeaux lors du challenge du jardinier - JUMEAUX91","robots":{"index":"index","follow":"follow","max-snippet":"max-snippet:-1","max-image-preview":"max-image-preview:large","max-video-preview":"max-video-preview:-1"},"canonical":"https:\/\/jumeaux91.fr\/blog\/beaufort-en-anjou-un-parcours-sans-faute-pour-les-jumeaux-lors-du-challenge-du-jardinier\/","og_locale":"fr_FR","og_type":"article","og_title":"Beaufort-en-Anjou. Un parcours sans faute pour les jumeaux lors du challenge du jardinier - JUMEAUX91","og_description":"Mercredi 16 juillet 2025 05:04 &#8230; &lt;a class=&quot;mavillebox2 elmt-photo&quot; href=&quot;https:\/\/maville.com\/photosmvi\/2025\/07\/16\/P35357938D6901484G.jpg&quot; title=&quot; Les jumeaux Fr\u00e9d\u00e9ric et Ludovic Desveaux de la Soci\u00e9t\u00e9 Beaufortaise l\u2019Union La Com\u00e8te ont gagn\u00e9 \u00e0 domicile le Challenge du Jardinier dimanche 29 juin. Avec plus de 500 \u00e9quipes participantes et six d\u00e9partements repr\u00e9sent\u00e9s, les deux fr\u00e8res sont qualifi\u00e9s pour le tournoi national des&hellip; Poursuivre la lecture Beaufort-en-Anjou. Un parcours sans faute pour les jumeaux lors du challenge du jardinier","og_url":"https:\/\/jumeaux91.fr\/blog\/beaufort-en-anjou-un-parcours-sans-faute-pour-les-jumeaux-lors-du-challenge-du-jardinier\/","og_site_name":"JUMEAUX91","article_published_time":"2025-07-15T19:04:00+00:00","og_image":[{"url":"https:\/\/jumeaux91.fr\/blog\/wp-content\/uploads\/2025\/07\/beaufort-en-anjou-un-parcours-sans-faute-pour-les-jumeaux-lors-du-challenge-du-jardinier.gif","type":"","width":"","height":""}],"author":"Claude DAYRES","twitter_card":"summary_large_image","twitter_misc":{"\u00c9crit par":"Claude DAYRES","Dur\u00e9e de lecture estim\u00e9e":"4 minutes"},"schema":{"@context":"https:\/\/schema.org","@graph":[{"@type":"Article","@id":"https:\/\/jumeaux91.fr\/blog\/beaufort-en-anjou-un-parcours-sans-faute-pour-les-jumeaux-lors-du-challenge-du-jardinier\/#article","isPartOf":{"@id":"https:\/\/jumeaux91.fr\/blog\/beaufort-en-anjou-un-parcours-sans-faute-pour-les-jumeaux-lors-du-challenge-du-jardinier\/"},"author":{"name":"Claude DAYRES","@id":"https:\/\/jumeaux91.fr\/blog\/#\/schema\/person\/21da06e9f119b9f64e5d45dbbd32d3fb"},"headline":"Beaufort-en-Anjou. Un parcours sans faute pour les jumeaux lors du challenge du jardinier","datePublished":"2025-07-15T19:04:00+00:00","mainEntityOfPage":{"@id":"https:\/\/jumeaux91.fr\/blog\/beaufort-en-anjou-un-parcours-sans-faute-pour-les-jumeaux-lors-du-challenge-du-jardinier\/"},"wordCount":743,"publisher":{"@id":"https:\/\/jumeaux91.fr\/blog\/#organization"},"image":{"@id":"https:\/\/jumeaux91.fr\/blog\/beaufort-en-anjou-un-parcours-sans-faute-pour-les-jumeaux-lors-du-challenge-du-jardinier\/#primaryimage"},"thumbnailUrl":"https:\/\/jumeaux91.fr\/blog\/wp-content\/uploads\/2025\/07\/beaufort-en-anjou-un-parcours-sans-faute-pour-les-jumeaux-lors-du-challenge-du-jardinier.gif","articleSection":["Posts Fr\u00e8res Jumeaux De L'Essonnes:"],"inLanguage":"fr-FR"},{"@type":"WebPage","@id":"https:\/\/jumeaux91.fr\/blog\/beaufort-en-anjou-un-parcours-sans-faute-pour-les-jumeaux-lors-du-challenge-du-jardinier\/","url":"https:\/\/jumeaux91.fr\/blog\/beaufort-en-anjou-un-parcours-sans-faute-pour-les-jumeaux-lors-du-challenge-du-jardinier\/","name":"Beaufort-en-Anjou. Un parcours sans faute pour les jumeaux lors du challenge du jardinier - JUMEAUX91","isPartOf":{"@id":"https:\/\/jumeaux91.fr\/blog\/#website"},"primaryImageOfPage":{"@id":"https:\/\/jumeaux91.fr\/blog\/beaufort-en-anjou-un-parcours-sans-faute-pour-les-jumeaux-lors-du-challenge-du-jardinier\/#primaryimage"},"image":{"@id":"https:\/\/jumeaux91.fr\/blog\/beaufort-en-anjou-un-parcours-sans-faute-pour-les-jumeaux-lors-du-challenge-du-jardinier\/#primaryimage"},"thumbnailUrl":"https:\/\/jumeaux91.fr\/blog\/wp-content\/uploads\/2025\/07\/beaufort-en-anjou-un-parcours-sans-faute-pour-les-jumeaux-lors-du-challenge-du-jardinier.gif","datePublished":"2025-07-15T19:04:00+00:00","breadcrumb":{"@id":"https:\/\/jumeaux91.fr\/blog\/beaufort-en-anjou-un-parcours-sans-faute-pour-les-jumeaux-lors-du-challenge-du-jardinier\/#breadcrumb"},"inLanguage":"fr-FR","potentialAction":[{"@type":"ReadAction","target":["https:\/\/jumeaux91.fr\/blog\/beaufort-en-anjou-un-parcours-sans-faute-pour-les-jumeaux-lors-du-challenge-du-jardinier\/"]}]},{"@type":"ImageObject","inLanguage":"fr-FR","@id":"https:\/\/jumeaux91.fr\/blog\/beaufort-en-anjou-un-parcours-sans-faute-pour-les-jumeaux-lors-du-challenge-du-jardinier\/#primaryimage","url":"https:\/\/jumeaux91.fr\/blog\/wp-content\/uploads\/2025\/07\/beaufort-en-anjou-un-parcours-sans-faute-pour-les-jumeaux-lors-du-challenge-du-jardinier.gif","contentUrl":"https:\/\/jumeaux91.fr\/blog\/wp-content\/uploads\/2025\/07\/beaufort-en-anjou-un-parcours-sans-faute-pour-les-jumeaux-lors-du-challenge-du-jardinier.gif","width":200,"height":66,"caption":"Beaufort en Anjou"},{"@type":"BreadcrumbList","@id":"https:\/\/jumeaux91.fr\/blog\/beaufort-en-anjou-un-parcours-sans-faute-pour-les-jumeaux-lors-du-challenge-du-jardinier\/#breadcrumb","itemListElement":[{"@type":"ListItem","position":1,"name":"Accueil","item":"https:\/\/jumeaux91.fr\/blog\/"},{"@type":"ListItem","position":2,"name":"Beaufort-en-Anjou. Un parcours sans faute pour les jumeaux lors du challenge du jardinier"}]},{"@type":"WebSite","@id":"https:\/\/jumeaux91.fr\/blog\/#website","url":"https:\/\/jumeaux91.fr\/blog\/","name":"JUMEAUX91","description":"Fr\u00e8res jumeaux de l&#039;Essonnes; informations et archives, \u00e0 savoir et retenir.","publisher":{"@id":"https:\/\/jumeaux91.fr\/blog\/#organization"},"potentialAction":[{"@type":"SearchAction","target":{"@type":"EntryPoint","urlTemplate":"https:\/\/jumeaux91.fr\/blog\/?s={search_term_string}"},"query-input":{"@type":"PropertyValueSpecification","valueRequired":true,"valueName":"search_term_string"}}],"inLanguage":"fr-FR"},{"@type":"Organization","@id":"https:\/\/jumeaux91.fr\/blog\/#organization","name":"jumeaux91","url":"https:\/\/jumeaux91.fr\/blog\/","logo":{"@type":"ImageObject","inLanguage":"fr-FR","@id":"https:\/\/jumeaux91.fr\/blog\/#\/schema\/logo\/image\/","url":"https:\/\/jumeaux91.fr\/blog\/wp-content\/uploads\/2023\/05\/cropped-cropped-logoJ_91.png","contentUrl":"https:\/\/jumeaux91.fr\/blog\/wp-content\/uploads\/2023\/05\/cropped-cropped-logoJ_91.png","width":512,"height":512,"caption":"jumeaux91"},"image":{"@id":"https:\/\/jumeaux91.fr\/blog\/#\/schema\/logo\/image\/"}},{"@type":"Person","@id":"https:\/\/jumeaux91.fr\/blog\/#\/schema\/person\/21da06e9f119b9f64e5d45dbbd32d3fb","name":"Claude DAYRES","image":{"@type":"ImageObject","inLanguage":"fr-FR","@id":"https:\/\/secure.gravatar.com\/avatar\/82eb951df6110a2c48d1bfa7a67d1ee6f0cd5df3cbf9c3586dd61e82db7172a5?s=96&d=mm&r=g","url":"https:\/\/secure.gravatar.com\/avatar\/82eb951df6110a2c48d1bfa7a67d1ee6f0cd5df3cbf9c3586dd61e82db7172a5?s=96&d=mm&r=g","contentUrl":"https:\/\/secure.gravatar.com\/avatar\/82eb951df6110a2c48d1bfa7a67d1ee6f0cd5df3cbf9c3586dd61e82db7172a5?s=96&d=mm&r=g","caption":"Claude DAYRES"},"url":"https:\/\/jumeaux91.fr\/blog\/author\/x91claude\/"}]}},"_links":{"self":[{"href":"https:\/\/jumeaux91.fr\/blog\/wp-json\/wp\/v2\/posts\/1474","targetHints":{"allow":["GET"]}}],"collection":[{"href":"https:\/\/jumeaux91.fr\/blog\/wp-json\/wp\/v2\/posts"}],"about":[{"href":"https:\/\/jumeaux91.fr\/blog\/wp-json\/wp\/v2\/types\/post"}],"author":[{"embeddable":true,"href":"https:\/\/jumeaux91.fr\/blog\/wp-json\/wp\/v2\/users\/2"}],"replies":[{"embeddable":true,"href":"https:\/\/jumeaux91.fr\/blog\/wp-json\/wp\/v2\/comments?post=1474"}],"version-history":[{"count":0,"href":"https:\/\/jumeaux91.fr\/blog\/wp-json\/wp\/v2\/posts\/1474\/revisions"}],"wp:featuredmedia":[{"embeddable":true,"href":"https:\/\/jumeaux91.fr\/blog\/wp-json\/wp\/v2\/media\/1475"}],"wp:attachment":[{"href":"https:\/\/jumeaux91.fr\/blog\/wp-json\/wp\/v2\/media?parent=1474"}],"wp:term":[{"taxonomy":"category","embeddable":true,"href":"https:\/\/jumeaux91.fr\/blog\/wp-json\/wp\/v2\/categories?post=1474"},{"taxonomy":"post_tag","embeddable":true,"href":"https:\/\/jumeaux91.fr\/blog\/wp-json\/wp\/v2\/tags?post=1474"}],"curies":[{"name":"wp","href":"https:\/\/api.w.org\/{rel}","templated":true}]}}